{"id":68331,"date":"2020-06-10T09:03:55","date_gmt":"2020-06-10T12:03:55","guid":{"rendered":"https:\/\/www.suno.com.br\/noticias\/?p=68331"},"modified":"2020-06-10T09:35:06","modified_gmt":"2020-06-10T12:35:06","slug":"coronavirus-segunda-onda-pib-brasil","status":"publish","type":"post","link":"https:\/\/www.suno.com.br\/noticias\/coronavirus-segunda-onda-pib-brasil\/","title":{"rendered":"Coronav\u00edrus: segunda onda pode tombar PIB brasileiro em 9%, diz OCDE"},"content":{"rendered":"<p>Caso uma segunda onda de infec\u00e7\u00f5es do <a href=\"https:\/\/www.suno.com.br\/noticias\/?s=coronavirus\">novo <strong>coronav\u00edrus<\/strong> (Covid-19)<\/a> atinja a Am\u00e9rica Latina, a economia da regi\u00e3o ser\u00e1 impactada em mais um ponto percentual, segundo a <a href=\"https:\/\/www.suno.com.br\/artigos\/ocde\/#:~:text=A%20OCDE%20%C3%A9%20a%20Organiza%C3%A7%C3%A3o,de%20342%20milh%C3%B5es%20de%20euros.\">Organiza\u00e7\u00e3o para a Coopera\u00e7\u00e3o e Desenvolvimento Econ\u00f4mico (OCDE)<\/a>. De acordo com o relat\u00f3rio divulgado nesta quarta-feira (10), o <a href=\"https:\/\/www.suno.com.br\/artigos\/pib-produto-interno-bruto\/\">Produto Interno Bruto (PIB)<\/a> do Brasil pode cair at\u00e9 9,1%.<\/p>\t<div class=\"wrapper-featured-image\">\n\t\t<figure class=\"spotlightImg\">\n\n\t\t\t<picture>\n\t\t\t\t<source media=\"(max-width: 768px)\" srcset=\"https:\/\/files.sunoresearch.com.br\/n\/uploads\/2020\/06\/c19882be-coronavirus-brasil-400x200.webp\">\n\t\t\t\t<img loading=\"lazy\" decoding=\"async\" class=\"newsContent__article__imgCapa lazyloadDisabled newsContent__article__imgCapa--noCaption\" src=\"https:\/\/files.sunoresearch.com.br\/n\/uploads\/2020\/06\/c19882be-coronavirus-brasil-800x450.webp\" width=\"800\" height=\"450\" alt=\"Coronav\u00edrus: segunda onda pode tombar PIB brasileiro em 9%, diz OCDE\" fetchpriority=high \/>\n\t\t\t<\/picture>\n\n\t\t\t<figcaption class=\"wp-caption-text wp-caption-text--hide\">Coronav\u00edrus: Am\u00e9rica Latina e Caribe chegam a 200 mil mortes<\/figcaption>\n\t\t<\/figure>\n\t<\/div>\n\n\n\n<p>Al\u00e9m disso, o PIB da <strong>Argentina<\/strong>, nesta perspectiva, cairia 10%. J\u00e1 o do M\u00e9xico, em fun\u00e7\u00e3o dos impactos do coronav\u00edrus, tombaria 8,6%. &#8220;A pandemia da <strong>Covid-19<\/strong> provocou a recess\u00e3o econ\u00f4mica mais grave em quase um s\u00e9culo e est\u00e1 a originar enormes preju\u00edzos para a sa\u00fade, o emprego e o bem-estar das pessoas&#8221;, salienta o relat\u00f3rio.<\/p>\n<p>Em seu documento, a OCDE elogiou as medidas estabelecidas pelos tr\u00eas maiores pa\u00edses latino-americanos no apoio \u00e0s popula\u00e7\u00f5es mais sens\u00edveis \u00e0 queda da atividade econ\u00f4mica e empresas mais impactadas pela crise. O coronavoucher, aux\u00edlio emergencial criado pelo governo brasileiro, <a href=\"https:\/\/www.suno.com.br\/noticias\/coronavoucher-guedes-confirma-extensao-auxilio\/\">teve seu custo total elevado para mais de R$ 152,6 bilh\u00f5es e foi prorrogado por mais dois meses<\/a>.<\/p>\n<p><a href=\"https:\/\/lp.suno.com.br\/suno-one\/\">No Suno One voc\u00ea aprende a fazer seu dinheiro trabalhar para voc\u00ea. Cadastre-se gratuitamente agora!<\/a><\/p>\n<p>Segundo a organiza\u00e7\u00e3o internacional, a resposta do governo brasileiro foi &#8220;oportuna e precisa&#8221;, mas pontua que a doen\u00e7a continua em crescimento no pa\u00eds. A OCDE salientou que \u00e9 necess\u00e1rio que o Pa\u00eds retome o caminho das reformas estruturais ap\u00f3s a pandemia, <a href=\"https:\/\/www.suno.com.br\/noticias\/reforma-tributaria-aumentar-pib-ponto-percentual\/\">como a tribut\u00e1ria<\/a>.<\/p>\n<p>\u201cO <strong>Brasil<\/strong> tem tudo o que precisa para crescer de maneira muito mais forte e melhor, e algumas poucas reformas cruciais poderiam fazer enorme diferen\u00e7a\u201d, afirmou Jens Arnold, economista s\u00eanior da OCDE para assuntos relacionados a Brasil e Argentina. Sem uma segunda onda, o PIB brasileiro cairia 7,4%.<\/p>\n<p>A OCDE lembrou que a Argentina teve uma pol\u00edtica sanit\u00e1ria bem-sucedida que permitiu que o pa\u00eds contesse o avan\u00e7o do coronav\u00edrus. At\u00e9 a manh\u00e3 desta quarta-feira, o pa\u00eds j\u00e1 havia confirmado 24.748 casos da doen\u00e7a, com 717 mortes. Enquanto a Argentina possui 16 mortes por milh\u00e3o de habitantes, o Brasil apresenta 183 mortes nessa mesma m\u00e9trica.<\/p>\n<p>Entretanto, os problemas estruturais argentinos, sobretudo quanto \u00e0 d\u00edvida externa de US$ 65 bilh\u00f5es, tornam o pa\u00eds mais sens\u00edvel a uma recess\u00e3o agressiva, segundo pontuou a OCDE. Caso uma segunda onda n\u00e3o impacte o pa\u00eds, o recuo do PIB ser\u00e1 de 8,25%.<\/p>\n<p><a href=\"https:\/\/www.suno.com.br\/noticias\/coronavirus-china-harvard-agosto-surgimento-wuhan\/\">Saiba mais: Segundo pesquisa, coronav\u00edrus pode ter come\u00e7ado a circular em agosto<\/a><\/p>\n<p>De acordo com a organiza\u00e7\u00e3o, o M\u00e9xico, por sua vez, poder\u00e1 ter uma queda de 7,5% no PIB caso n\u00e3o haja uma segunda onda de infec\u00e7\u00f5es. A segunda maior econ\u00f4mica da regi\u00e3o poderia ser beneficiada por pol\u00edticas de apoio aos trabalhadores formais e informais e de incentivo ao investimento privado, diz a OCDE.<\/p>\n<p>No in\u00edcio de mar\u00e7o, antes do <strong>coronav\u00edrus<\/strong> se tornar uma pandemia, a OCDE previa um crescimento de 2,4% na economia global em 2020. Agora, j\u00e1 em meio \u00e0 crise, a previs\u00e3o de um recuo de, no m\u00ednimo, 6%. A estimativa para 2021 \u00e9 de um avan\u00e7o de 5,2%.<\/p>\n\n","protected":false},"excerpt":{"rendered":"<p>Caso uma segunda onda de infec\u00e7\u00f5es do novo coronav\u00edrus (Covid-19) atinja a Am\u00e9rica Latina, a economia da regi\u00e3o ser\u00e1 impactada em mais um ponto percentual, segundo a Organiza\u00e7\u00e3o para a Coopera\u00e7\u00e3o e Desenvolvimento Econ\u00f4mico (OCDE). De acordo com o relat\u00f3rio divulgado nesta quarta-feira (10), o Produto Interno Bruto (PIB) do Brasil pode cair at\u00e9 9,1%. [&hellip;]<\/p>\n","protected":false},"author":24,"featured_media":68338,"comment_status":"closed","ping_status":"closed","sticky":false,"template":"","format":"standard","meta":[],"categories":[63],"tags":[986,2487,962,807],"suno_strategy":[],"class_list":["post-68331","post","type-post","status-publish","format-standard","has-post-thumbnail","hentry","category-internacional","tag-america-latina","tag-coronavirus","tag-ocde","tag-produto-interno-bruto-pib"],"yoast_head":"<!-- This site is optimized with the Yoast SEO plugin v24.4 - https:\/\/yoast.com\/wordpress\/plugins\/seo\/ -->\n<title>Coronav\u00edrus: segunda onda pode tombar PIB brasileiro em 9%, diz OCDE<\/title>\n<meta name=\"description\" content=\"Caso uma segunda onda do coronav\u00edrus atinja a Am\u00e9rica Latina, a economia da regi\u00e3o ser\u00e1 impactada em mais um ponto percentual. Saiba mais.\" \/>\n<meta name=\"robots\" content=\"index, follow, max-snippet:-1, max-image-preview:large, max-video-preview:-1\" \/>\n<link rel=\"canonical\" href=\"https:\/\/www.suno.com.br\/noticias\/coronavirus-segunda-onda-pib-brasil\/\" \/>\n<meta property=\"og:locale\" content=\"pt_BR\" \/>\n<meta property=\"og:type\" content=\"article\" \/>\n<meta property=\"og:title\" content=\"Coronav\u00edrus: segunda onda pode tombar PIB brasileiro em 9%, diz OCDE\" \/>\n<meta property=\"og:description\" content=\"Caso uma segunda onda do coronav\u00edrus atinja a Am\u00e9rica Latina, a economia da regi\u00e3o ser\u00e1 impactada em mais um ponto percentual. Saiba mais.\" \/>\n<meta property=\"og:url\" content=\"https:\/\/www.suno.com.br\/noticias\/coronavirus-segunda-onda-pib-brasil\/\" \/>\n<meta property=\"og:site_name\" content=\"Suno Not\u00edcias\" \/>\n<meta property=\"article:publisher\" content=\"https:\/\/facebook.com\/sunoresearch\" \/>\n<meta property=\"og:image\" content=\"https:\/\/files.sunoresearch.com.br\/n\/uploads\/2020\/06\/c19882be-coronavirus-brasil.jpg\" \/>\n\t<meta property=\"og:image:width\" content=\"1170\" \/>\n\t<meta property=\"og:image:height\" content=\"700\" \/>\n\t<meta property=\"og:image:type\" content=\"image\/jpeg\" \/>\n<meta name=\"author\" content=\"Jader Lazarini\" \/>\n<meta name=\"twitter:card\" content=\"summary_large_image\" \/>\n<meta name=\"twitter:creator\" content=\"@sunoresearch\" \/>\n<meta name=\"twitter:site\" content=\"@sunoresearch\" \/>\n<meta name=\"twitter:label1\" content=\"Escrito por\" \/>\n\t<meta name=\"twitter:data1\" content=\"Jader Lazarini\" \/>\n\t<meta name=\"twitter:label2\" content=\"Est. tempo de leitura\" \/>\n\t<meta name=\"twitter:data2\" content=\"3 minutos\" \/>\n<script type=\"application\/ld+json\" class=\"yoast-schema-graph\">{\"@context\":\"https:\/\/schema.org\",\"@graph\":[{\"@type\":\"NewsArticle\",\"@id\":\"https:\/\/www.suno.com.br\/noticias\/coronavirus-segunda-onda-pib-brasil\/#article\",\"isPartOf\":{\"@id\":\"https:\/\/www.suno.com.br\/noticias\/coronavirus-segunda-onda-pib-brasil\/\"},\"author\":{\"name\":\"Jader Lazarini\",\"@id\":\"https:\/\/www.suno.com.br\/noticias\/#\/schema\/person\/918d79de1f0281f01599b93f9ea6e23f\"},\"headline\":\"Coronav\u00edrus: segunda onda pode tombar PIB brasileiro em 9%, diz OCDE\",\"datePublished\":\"2020-06-10T12:03:55+00:00\",\"dateModified\":\"2020-06-10T12:35:06+00:00\",\"mainEntityOfPage\":{\"@id\":\"https:\/\/www.suno.com.br\/noticias\/coronavirus-segunda-onda-pib-brasil\/\"},\"wordCount\":546,\"publisher\":{\"@id\":\"https:\/\/www.suno.com.br\/noticias\/#organization\"},\"image\":{\"@id\":\"https:\/\/www.suno.com.br\/noticias\/coronavirus-segunda-onda-pib-brasil\/#primaryimage\"},\"thumbnailUrl\":\"https:\/\/files.sunoresearch.com.br\/n\/uploads\/2020\/06\/c19882be-coronavirus-brasil-jpg.webp\",\"keywords\":[\"Am\u00e9rica Latina\",\"coronav\u00edrus\",\"OCDE\",\"Produto Interno Bruto (PIB)\"],\"articleSection\":[\"Internacional\"],\"inLanguage\":\"pt-BR\"},{\"@type\":\"WebPage\",\"@id\":\"https:\/\/www.suno.com.br\/noticias\/coronavirus-segunda-onda-pib-brasil\/\",\"url\":\"https:\/\/www.suno.com.br\/noticias\/coronavirus-segunda-onda-pib-brasil\/\",\"name\":\"Coronav\u00edrus: segunda onda pode tombar PIB brasileiro em 9%, diz OCDE\",\"isPartOf\":{\"@id\":\"https:\/\/www.suno.com.br\/noticias\/#website\"},\"primaryImageOfPage\":{\"@id\":\"https:\/\/www.suno.com.br\/noticias\/coronavirus-segunda-onda-pib-brasil\/#primaryimage\"},\"image\":{\"@id\":\"https:\/\/www.suno.com.br\/noticias\/coronavirus-segunda-onda-pib-brasil\/#primaryimage\"},\"thumbnailUrl\":\"https:\/\/files.sunoresearch.com.br\/n\/uploads\/2020\/06\/c19882be-coronavirus-brasil-jpg.webp\",\"datePublished\":\"2020-06-10T12:03:55+00:00\",\"dateModified\":\"2020-06-10T12:35:06+00:00\",\"description\":\"Caso uma segunda onda do coronav\u00edrus atinja a Am\u00e9rica Latina, a economia da regi\u00e3o ser\u00e1 impactada em mais um ponto percentual. Saiba mais.\",\"breadcrumb\":{\"@id\":\"https:\/\/www.suno.com.br\/noticias\/coronavirus-segunda-onda-pib-brasil\/#breadcrumb\"},\"inLanguage\":\"pt-BR\",\"potentialAction\":[{\"@type\":\"ReadAction\",\"target\":[\"https:\/\/www.suno.com.br\/noticias\/coronavirus-segunda-onda-pib-brasil\/\"]}]},{\"@type\":\"ImageObject\",\"inLanguage\":\"pt-BR\",\"@id\":\"https:\/\/www.suno.com.br\/noticias\/coronavirus-segunda-onda-pib-brasil\/#primaryimage\",\"url\":\"https:\/\/files.sunoresearch.com.br\/n\/uploads\/2020\/06\/c19882be-coronavirus-brasil-jpg.webp\",\"contentUrl\":\"https:\/\/files.sunoresearch.com.br\/n\/uploads\/2020\/06\/c19882be-coronavirus-brasil-jpg.webp\",\"width\":1170,\"height\":700,\"caption\":\"Coronav\u00edrus: Am\u00e9rica Latina e Caribe chegam a 200 mil mortes\"},{\"@type\":\"BreadcrumbList\",\"@id\":\"https:\/\/www.suno.com.br\/noticias\/coronavirus-segunda-onda-pib-brasil\/#breadcrumb\",\"itemListElement\":[{\"@type\":\"ListItem\",\"position\":1,\"name\":\"Not\u00edcias\",\"item\":\"https:\/\/www.suno.com.br\/noticias\/\"},{\"@type\":\"ListItem\",\"position\":2,\"name\":\"Internacional\",\"item\":\"https:\/\/www.suno.com.br\/noticias\/internacional\/\"},{\"@type\":\"ListItem\",\"position\":3,\"name\":\"Coronav\u00edrus: segunda onda pode tombar PIB brasileiro em 9%, diz OCDE\"}]},{\"@type\":\"WebSite\",\"@id\":\"https:\/\/www.suno.com.br\/noticias\/#website\",\"url\":\"https:\/\/www.suno.com.br\/noticias\/\",\"name\":\"Suno Not\u00edcias\",\"description\":\"Seu portal de informa\u00e7\u00e3o sobre o mundo dos investimentos\",\"publisher\":{\"@id\":\"https:\/\/www.suno.com.br\/noticias\/#organization\"},\"potentialAction\":[{\"@type\":\"SearchAction\",\"target\":{\"@type\":\"EntryPoint\",\"urlTemplate\":\"https:\/\/www.suno.com.br\/noticias\/?s={search_term_string}\"},\"query-input\":{\"@type\":\"PropertyValueSpecification\",\"valueRequired\":true,\"valueName\":\"search_term_string\"}}],\"inLanguage\":\"pt-BR\"},{\"@type\":\"Organization\",\"@id\":\"https:\/\/www.suno.com.br\/noticias\/#organization\",\"name\":\"Suno Not\u00edcias\",\"url\":\"https:\/\/www.suno.com.br\/noticias\/\",\"logo\":{\"@type\":\"ImageObject\",\"inLanguage\":\"pt-BR\",\"@id\":\"https:\/\/www.suno.com.br\/noticias\/#\/schema\/logo\/image\/\",\"url\":\"https:\/\/files.sunoresearch.com.br\/n\/uploads\/2021\/09\/suno-logo.png\",\"contentUrl\":\"https:\/\/files.sunoresearch.com.br\/n\/uploads\/2021\/09\/suno-logo.png\",\"width\":180,\"height\":180,\"caption\":\"Suno Not\u00edcias\"},\"image\":{\"@id\":\"https:\/\/www.suno.com.br\/noticias\/#\/schema\/logo\/image\/\"},\"sameAs\":[\"https:\/\/facebook.com\/sunoresearch\",\"https:\/\/x.com\/sunoresearch\",\"https:\/\/www.instagram.com\/suno\",\"https:\/\/www.linkedin.com\/company\/suno-research\/\",\"https:\/\/www.youtube.com\/c\/sunoresearch\"]},{\"@type\":\"Person\",\"@id\":\"https:\/\/www.suno.com.br\/noticias\/#\/schema\/person\/918d79de1f0281f01599b93f9ea6e23f\",\"name\":\"Jader Lazarini\",\"image\":{\"@type\":\"ImageObject\",\"inLanguage\":\"pt-BR\",\"@id\":\"https:\/\/www.suno.com.br\/noticias\/#\/schema\/person\/image\/\",\"url\":\"https:\/\/secure.gravatar.com\/avatar\/3c1ad8caa51589841baeb923fcddea97?s=96&r=g\",\"contentUrl\":\"https:\/\/secure.gravatar.com\/avatar\/3c1ad8caa51589841baeb923fcddea97?s=96&r=g\",\"caption\":\"Jader Lazarini\"},\"description\":\"Jader Lazarini escreve sobre investimentos, finan\u00e7as, economia e neg\u00f3cios. \u00c9 bacharel em Rela\u00e7\u00f5es Internacionais e analista CNPI (2619).\",\"url\":\"https:\/\/www.suno.com.br\/noticias\/author\/jader-lazarini\/\"}]}<\/script>\n<!-- \/ Yoast SEO plugin. -->","yoast_head_json":{"title":"Coronav\u00edrus: segunda onda pode tombar PIB brasileiro em 9%, diz OCDE","description":"Caso uma segunda onda do coronav\u00edrus atinja a Am\u00e9rica Latina, a economia da regi\u00e3o ser\u00e1 impactada em mais um ponto percentual. Saiba mais.","robots":{"index":"index","follow":"follow","max-snippet":"max-snippet:-1","max-image-preview":"max-image-preview:large","max-video-preview":"max-video-preview:-1"},"canonical":"https:\/\/www.suno.com.br\/noticias\/coronavirus-segunda-onda-pib-brasil\/","og_locale":"pt_BR","og_type":"article","og_title":"Coronav\u00edrus: segunda onda pode tombar PIB brasileiro em 9%, diz OCDE","og_description":"Caso uma segunda onda do coronav\u00edrus atinja a Am\u00e9rica Latina, a economia da regi\u00e3o ser\u00e1 impactada em mais um ponto percentual. Saiba mais.","og_url":"https:\/\/www.suno.com.br\/noticias\/coronavirus-segunda-onda-pib-brasil\/","og_site_name":"Suno Not\u00edcias","article_publisher":"https:\/\/facebook.com\/sunoresearch","og_image":[{"width":1170,"height":700,"url":"https:\/\/files.sunoresearch.com.br\/n\/uploads\/2020\/06\/c19882be-coronavirus-brasil.jpg","type":"image\/jpeg"}],"author":"Jader Lazarini","twitter_card":"summary_large_image","twitter_creator":"@sunoresearch","twitter_site":"@sunoresearch","twitter_misc":{"Escrito por":"Jader Lazarini","Est. tempo de leitura":"3 minutos"},"schema":{"@context":"https:\/\/schema.org","@graph":[{"@type":"NewsArticle","@id":"https:\/\/www.suno.com.br\/noticias\/coronavirus-segunda-onda-pib-brasil\/#article","isPartOf":{"@id":"https:\/\/www.suno.com.br\/noticias\/coronavirus-segunda-onda-pib-brasil\/"},"author":{"name":"Jader Lazarini","@id":"https:\/\/www.suno.com.br\/noticias\/#\/schema\/person\/918d79de1f0281f01599b93f9ea6e23f"},"headline":"Coronav\u00edrus: segunda onda pode tombar PIB brasileiro em 9%, diz OCDE","datePublished":"2020-06-10T12:03:55+00:00","dateModified":"2020-06-10T12:35:06+00:00","mainEntityOfPage":{"@id":"https:\/\/www.suno.com.br\/noticias\/coronavirus-segunda-onda-pib-brasil\/"},"wordCount":546,"publisher":{"@id":"https:\/\/www.suno.com.br\/noticias\/#organization"},"image":{"@id":"https:\/\/www.suno.com.br\/noticias\/coronavirus-segunda-onda-pib-brasil\/#primaryimage"},"thumbnailUrl":"https:\/\/files.sunoresearch.com.br\/n\/uploads\/2020\/06\/c19882be-coronavirus-brasil-jpg.webp","keywords":["Am\u00e9rica Latina","coronav\u00edrus","OCDE","Produto Interno Bruto (PIB)"],"articleSection":["Internacional"],"inLanguage":"pt-BR"},{"@type":"WebPage","@id":"https:\/\/www.suno.com.br\/noticias\/coronavirus-segunda-onda-pib-brasil\/","url":"https:\/\/www.suno.com.br\/noticias\/coronavirus-segunda-onda-pib-brasil\/","name":"Coronav\u00edrus: segunda onda pode tombar PIB brasileiro em 9%, diz OCDE","isPartOf":{"@id":"https:\/\/www.suno.com.br\/noticias\/#website"},"primaryImageOfPage":{"@id":"https:\/\/www.suno.com.br\/noticias\/coronavirus-segunda-onda-pib-brasil\/#primaryimage"},"image":{"@id":"https:\/\/www.suno.com.br\/noticias\/coronavirus-segunda-onda-pib-brasil\/#primaryimage"},"thumbnailUrl":"https:\/\/files.sunoresearch.com.br\/n\/uploads\/2020\/06\/c19882be-coronavirus-brasil-jpg.webp","datePublished":"2020-06-10T12:03:55+00:00","dateModified":"2020-06-10T12:35:06+00:00","description":"Caso uma segunda onda do coronav\u00edrus atinja a Am\u00e9rica Latina, a economia da regi\u00e3o ser\u00e1 impactada em mais um ponto percentual. Saiba mais.","breadcrumb":{"@id":"https:\/\/www.suno.com.br\/noticias\/coronavirus-segunda-onda-pib-brasil\/#breadcrumb"},"inLanguage":"pt-BR","potentialAction":[{"@type":"ReadAction","target":["https:\/\/www.suno.com.br\/noticias\/coronavirus-segunda-onda-pib-brasil\/"]}]},{"@type":"ImageObject","inLanguage":"pt-BR","@id":"https:\/\/www.suno.com.br\/noticias\/coronavirus-segunda-onda-pib-brasil\/#primaryimage","url":"https:\/\/files.sunoresearch.com.br\/n\/uploads\/2020\/06\/c19882be-coronavirus-brasil-jpg.webp","contentUrl":"https:\/\/files.sunoresearch.com.br\/n\/uploads\/2020\/06\/c19882be-coronavirus-brasil-jpg.webp","width":1170,"height":700,"caption":"Coronav\u00edrus: Am\u00e9rica Latina e Caribe chegam a 200 mil mortes"},{"@type":"BreadcrumbList","@id":"https:\/\/www.suno.com.br\/noticias\/coronavirus-segunda-onda-pib-brasil\/#breadcrumb","itemListElement":[{"@type":"ListItem","position":1,"name":"Not\u00edcias","item":"https:\/\/www.suno.com.br\/noticias\/"},{"@type":"ListItem","position":2,"name":"Internacional","item":"https:\/\/www.suno.com.br\/noticias\/internacional\/"},{"@type":"ListItem","position":3,"name":"Coronav\u00edrus: segunda onda pode tombar PIB brasileiro em 9%, diz OCDE"}]},{"@type":"WebSite","@id":"https:\/\/www.suno.com.br\/noticias\/#website","url":"https:\/\/www.suno.com.br\/noticias\/","name":"Suno Not\u00edcias","description":"Seu portal de informa\u00e7\u00e3o sobre o mundo dos investimentos","publisher":{"@id":"https:\/\/www.suno.com.br\/noticias\/#organization"},"potentialAction":[{"@type":"SearchAction","target":{"@type":"EntryPoint","urlTemplate":"https:\/\/www.suno.com.br\/noticias\/?s={search_term_string}"},"query-input":{"@type":"PropertyValueSpecification","valueRequired":true,"valueName":"search_term_string"}}],"inLanguage":"pt-BR"},{"@type":"Organization","@id":"https:\/\/www.suno.com.br\/noticias\/#organization","name":"Suno Not\u00edcias","url":"https:\/\/www.suno.com.br\/noticias\/","logo":{"@type":"ImageObject","inLanguage":"pt-BR","@id":"https:\/\/www.suno.com.br\/noticias\/#\/schema\/logo\/image\/","url":"https:\/\/files.sunoresearch.com.br\/n\/uploads\/2021\/09\/suno-logo.png","contentUrl":"https:\/\/files.sunoresearch.com.br\/n\/uploads\/2021\/09\/suno-logo.png","width":180,"height":180,"caption":"Suno Not\u00edcias"},"image":{"@id":"https:\/\/www.suno.com.br\/noticias\/#\/schema\/logo\/image\/"},"sameAs":["https:\/\/facebook.com\/sunoresearch","https:\/\/x.com\/sunoresearch","https:\/\/www.instagram.com\/suno","https:\/\/www.linkedin.com\/company\/suno-research\/","https:\/\/www.youtube.com\/c\/sunoresearch"]},{"@type":"Person","@id":"https:\/\/www.suno.com.br\/noticias\/#\/schema\/person\/918d79de1f0281f01599b93f9ea6e23f","name":"Jader Lazarini","image":{"@type":"ImageObject","inLanguage":"pt-BR","@id":"https:\/\/www.suno.com.br\/noticias\/#\/schema\/person\/image\/","url":"https:\/\/secure.gravatar.com\/avatar\/3c1ad8caa51589841baeb923fcddea97?s=96&r=g","contentUrl":"https:\/\/secure.gravatar.com\/avatar\/3c1ad8caa51589841baeb923fcddea97?s=96&r=g","caption":"Jader Lazarini"},"description":"Jader Lazarini escreve sobre investimentos, finan\u00e7as, economia e neg\u00f3cios. \u00c9 bacharel em Rela\u00e7\u00f5es Internacionais e analista CNPI (2619).","url":"https:\/\/www.suno.com.br\/noticias\/author\/jader-lazarini\/"}]}},"default_loop_html":"<div class=\"cardsPage__listCard__boxs\"><div class=\"cardsPage__listCard__boxs__img\"><a href=\"https:\/\/www.suno.com.br\/noticias\/coronavirus-segunda-onda-pib-brasil\/\"><img class=\"mask\" src=\"https:\/\/www.suno.com.br\/noticias\/wp-content\/themes\/suno\/resources\/images\/spotlight\/spotlight1img\/bg-mask.png\" alt=\"Image Mask\"\/><img src=\"https:\/\/files.sunoresearch.com.br\/n\/uploads\/2020\/06\/c19882be-coronavirus-brasil-400x200.webp\" alt=\"Coronav\u00edrus: segunda onda pode tombar PIB brasileiro em 9%, diz OCDE\"\/><\/a><span class=\"spotlightCategory\"><a href=\"https:\/\/www.suno.com.br\/noticias\/internacional\/\">Internacional<\/a><\/span><\/div><div class=\"cardsPage__listCard__boxs__content\"><a href=\"https:\/\/www.suno.com.br\/noticias\/coronavirus-segunda-onda-pib-brasil\/\"><h2 class=\"content__title\">Coronav\u00edrus: segunda onda pode tombar PIB brasileiro em 9%, diz OCDE<\/h2><\/a><div class=\"newsContent__article__meta\"><div class=\"newsContent__article__meta__authorBox\"><a href=\"https:\/\/www.suno.com.br\/noticias\/author\/jader-lazarini\/\" class=\"authorBox__avatar noMobi\"><img src=\"https:\/\/files.sunoresearch.com.br\/n\/uploads\/2021\/01\/178e6598-foto-perfil-2-150x150.jpg\" alt=\"Jader Lazarini\"><\/a><div class=\"authorBox__name\"><span>por\n\t\t\t<a href=\"https:\/\/www.suno.com.br\/noticias\/author\/jader-lazarini\/\"><span itemprop=\"author\">Jader Lazarini<\/span><\/a><\/span><time datetime=\"2020-06-10T09:03:55-03:00\" itemprop=\"datePublished\">10\/06\/2020 09:03<\/time><\/div><\/div><\/div><\/div><\/div>","single_layout":"posts","amp_enabled":true,"_links":{"self":[{"href":"https:\/\/www.suno.com.br\/noticias\/wp-json\/wp\/v2\/posts\/68331"}],"collection":[{"href":"https:\/\/www.suno.com.br\/noticias\/wp-json\/wp\/v2\/posts"}],"about":[{"href":"https:\/\/www.suno.com.br\/noticias\/wp-json\/wp\/v2\/types\/post"}],"author":[{"embeddable":true,"href":"https:\/\/www.suno.com.br\/noticias\/wp-json\/wp\/v2\/users\/24"}],"replies":[{"embeddable":true,"href":"https:\/\/www.suno.com.br\/noticias\/wp-json\/wp\/v2\/comments?post=68331"}],"version-history":[{"count":0,"href":"https:\/\/www.suno.com.br\/noticias\/wp-json\/wp\/v2\/posts\/68331\/revisions"}],"wp:featuredmedia":[{"embeddable":true,"href":"https:\/\/www.suno.com.br\/noticias\/wp-json\/wp\/v2\/media\/68338"}],"wp:attachment":[{"href":"https:\/\/www.suno.com.br\/noticias\/wp-json\/wp\/v2\/media?parent=68331"}],"wp:term":[{"taxonomy":"category","embeddable":true,"href":"https:\/\/www.suno.com.br\/noticias\/wp-json\/wp\/v2\/categories?post=68331"},{"taxonomy":"post_tag","embeddable":true,"href":"https:\/\/www.suno.com.br\/noticias\/wp-json\/wp\/v2\/tags?post=68331"},{"taxonomy":"suno_strategy","embeddable":true,"href":"https:\/\/www.suno.com.br\/noticias\/wp-json\/wp\/v2\/suno_strategy?post=68331"}],"curies":[{"name":"wp","href":"https:\/\/api.w.org\/{rel}","templated":true}]}}