{"id":68310,"date":"2020-06-13T18:49:44","date_gmt":"2020-06-13T21:49:44","guid":{"rendered":"https:\/\/www.suno.com.br\/noticias\/?p=68310"},"modified":"2021-02-17T22:26:35","modified_gmt":"2021-02-18T01:26:35","slug":"coronavirus-redes-sociai-desinformacao","status":"publish","type":"post","link":"https:\/\/www.suno.com.br\/noticias\/coronavirus-redes-sociai-desinformacao\/","title":{"rendered":"Coronav\u00edrus: como as redes sociais est\u00e3o combatendo a desinforma\u00e7\u00e3o"},"content":{"rendered":"<p>Em mar\u00e7o desse ano, a <a href=\"https:\/\/www.suno.com.br\/noticias\/tags\/oms\/\">Organiza\u00e7\u00e3o Mundial da Sa\u00fade (OMS)<\/a> j\u00e1 havia definido como pandemia o surto da doen\u00e7a causada pelo v\u00edrus SARS-CoV2, que foi batizada como <strong>coronav\u00edrus<\/strong> (Covid-19).<\/p>\t<div class=\"wrapper-featured-image\">\n\t\t<figure class=\"spotlightImg\">\n\n\t\t\t<picture>\n\t\t\t\t<source media=\"(max-width: 768px)\" srcset=\"https:\/\/files.sunoresearch.com.br\/n\/uploads\/2018\/09\/4620c84d-redes-sociais-400x200.webp\">\n\t\t\t\t<img loading=\"lazy\" decoding=\"async\" class=\"newsContent__article__imgCapa lazyloadDisabled newsContent__article__imgCapa--noCaption\" src=\"https:\/\/files.sunoresearch.com.br\/n\/uploads\/2018\/09\/4620c84d-redes-sociais-800x450.webp\" width=\"800\" height=\"450\" alt=\"Coronav\u00edrus: como as redes sociais est\u00e3o combatendo a desinforma\u00e7\u00e3o\" fetchpriority=high \/>\n\t\t\t<\/picture>\n\n\t\t\t<figcaption class=\"wp-caption-text wp-caption-text--hide\">Por que um em cada cinco jovens cancelou seu perfil nas redes sociais<\/figcaption>\n\t\t<\/figure>\n\t<\/div>\n\n\n\n<p>O primeiro caso de coronav\u00edrus foi detectado em dezembro do ano passado em Wuhan, na <strong>China<\/strong>, e depois disso n\u00e3o demorou muito para a doen\u00e7a se tornar mundial. O primeiro caso da doen\u00e7a no <strong>Brasil<\/strong> foi confirmado entre os dias 25 e 26 de fevereiro pelo hospital Albert Einstein na capital paulista. O paciente foi um senhor de 61 anos de idade que havia estado na It\u00e1lia a trabalho em fevereiro de 2020, e voltou para S\u00e3o Paulo com fortes sintomas da doen\u00e7a.<\/p>\n<p>Vale destacar que j\u00e1 em meados de mar\u00e7o a It\u00e1lia era o pa\u00eds fora da \u00c1sia com mais casos de <strong>Covid-19<\/strong> confirmados at\u00e9 ent\u00e3o, sendo o terceiro pa\u00eds com mais ocorr\u00eancias da doen\u00e7a. Entretanto, hoje, o Brasil ocupa a posi\u00e7\u00e3o que antes era da It\u00e1lia e agora est\u00e1 no ranking dos tr\u00eas pa\u00edses com mais ocorr\u00eancias de coronav\u00edrus.<\/p>\n<p><a href=\"https:\/\/lp.suno.com.br\/suno-one\/\">Conhe\u00e7a o Suno One, a central gratuita de informa\u00e7\u00f5es da Suno para quem quer aprender a investir. Acesse clicando aqui.<\/a><\/p>\n<p>Como a doen\u00e7a se tornou mundial, as d\u00favidas sobre como se proteger contra o novo v\u00edrus e as &#8220;fake news&#8221; relacionadas ao assunto cresceram. Frente a isso, as redes sociais criaram ferramentas com o intuito de conter as not\u00edcias falsas sobre a doen\u00e7a.<\/p>\n<h2>Redes sociais combatem desinforma\u00e7\u00e3o sobre coronav\u00edrus<\/h2>\n<p>Confira algumas medidas adotadas pelas redes sociais para combater a desinforma\u00e7\u00e3o sobre o coronav\u00edrus e ajudar no combate a <a href=\"https:\/\/www.suno.com.br\/noticias\/tags\/pandemia\/\">pandemia<\/a>.<\/p>\n<h4>Facebook<\/h4>\n<p>O <strong>Facebook<\/strong> anunciou que criaria mapas de \u2018movimento da popula\u00e7\u00e3o\u2019 e \u2018mapas de localiza\u00e7\u00e3o conjunta\u2019, certamente protegendo a privacidade de seus usu\u00e1rios para ajudar especialistas a antecipar os movimentos da pandemia.<\/p>\n<p>De acordo com a rede social criada por <strong><a href=\"https:\/\/www.suno.com.br\/tudo-sobre\/mark-zuckerberg\/#:~:text=Quem%20%C3%A9%20Mark%20Zuckerberg,fundadores%20e%20CEO%20do%20Facebook.&amp;text=De%20acordo%20com%20a%20Forbes,Eduardo%20Saverin%20e%20Chris%20Hughes.\">Mark Zuckerberg<\/a>,<\/strong>\u00a0os mapas de localiza\u00e7\u00e3o conjunta serviriam para identificar o surgimento de poss\u00edveis novos casos da doen\u00e7a, quando pessoas em um local espec\u00edfico tinham contato com outras.<\/p>\n<p>Al\u00e9m disso, as ferramentas s\u00e3o \u00fateis para informar se as pessoas seguiriam as medias de isolamento social e ficaram pr\u00f3ximas de suas casas ou se promoveram o cont\u00e1gio para outras partes da cidade.<\/p>\n<p><a href=\"https:\/\/www.suno.com.br\/noticias\/coronavirus-facebook-doara-us-100-mi-pequenas-empresas\/\">Veja tamb\u00e9m: Coronav\u00edrus: Facebook doar\u00e1 at\u00e9 US$ 100 mi para empresas de pequeno porte<\/a><\/p>\n<p>Em parceria com a <strong>Carnegie Mellon University<\/strong>, o site tamb\u00e9m criou um mapa para exibir novos casos da doen\u00e7a. O projeto mostra em porcentagem, as pessoas que est\u00e3o com sintomas, mas ainda n\u00e3o obtiveram diagn\u00f3stico.<\/p>\n<p>O Facebook tamb\u00e9m informou que excluiria publica\u00e7\u00f5es que contenham informa\u00e7\u00f5es falsas sobre a doen\u00e7a.<\/p>\n<p>Al\u00e9m disso, est\u00e1 fornecendo cr\u00e9ditos de an\u00fancios para que o Governo de S\u00e3o Paulo possa promover suas campanhas publicit\u00e1rias informativas sobre coronav\u00edrus no Facebook e no Instagram.<\/p>\n<h4>Youtube<\/h4>\n<p>Com o surgimento de uma teoria de que o coronav\u00edrus seria causado por antenas 5G, cerca de 40 torres de transmiss\u00e3o do sinal sofreram ataques e foram queimadas na Europa.<\/p>\n<p>A teoria se baseva no fato que Wuhan foi uma das primeiras cidades no mundo a instalar as antenas 5G. Segundo a tese, a radia\u00e7\u00e3o emitida pelas antenas enfraqueceria o sistema imunol\u00f3gico, inibindo o fluxo de oxig\u00eanio pulm\u00f5es.<\/p>\n<p>Frente ao p\u00e2nico provocado por essa teoria o <strong>YouTube<\/strong> prometeu remover os v\u00eddeos que propagam essa falsa liga\u00e7\u00e3o da doen\u00e7a\u00a0 com o 5G.<\/p>\n<p><a href=\"https:\/\/www.suno.com.br\/noticias\/coronavirus-por-que-na-europa-tem-gente-destruindo-torres-do-5g\/\">Saiba mais: Coronav\u00edrus: por que na Europa tem gente destruindo torres do 5G<\/a><\/p>\n<p>Al\u00e9m disso, ap\u00f3s considerar o tema \u2018coronav\u00edrus\u2019 como um assunto delicado a plataforma passou a desmonetizar v\u00eddeos que falassem sobre o assunto. Entretanto, os v\u00eddeos n\u00e3o s\u00e3o exclu\u00eddos da plataforma, mas muitos criadores de conte\u00fado pararam de falar sobre o assunto.<\/p>\n<p>O diretor de produtos do YouTube, Tom Leung, afirmou que &#8220;como tal, todos os v\u00eddeos focados neste t\u00f3pico ser\u00e3o desmonetizados at\u00e9 novo aviso&#8221;<\/p>\n<p>Ademais, a plataforma de v\u00eddeos est\u00e1 usando os algoritmos para que os v\u00eddeos sobre a pandemia, que s\u00e3o publicados por fontes mais confi\u00e1veis tenham uma visibilidade maior nas buscas.<\/p>\n<h4>Tik Tok<\/h4>\n<p>Embora o <strong>Tik Tok<\/strong> n\u00e3o tenha anunciado nenhuma medida para combater a desinforma\u00e7\u00e3o sobre a pandemia, a <strong>OMS<\/strong> criou um canal na plataforma com esse intuito.<\/p>\n<p>Al\u00e9m disso, os usu\u00e1rios da rede social criaram um desafio sobre lavar as m\u00e3os de forma correta. Lavar as m\u00e3os corretamente \u00e9 uma das medidas indicada para combater o v\u00edrus.<\/p>\n<h4>Instagram<\/h4>\n<p>A rede social aderiu a v\u00e1rias hashtags para garantir que informa\u00e7\u00f5es verdadeiras chegassem ao seus usu\u00e1rios al\u00e9m de ter criado a \u2018#coronav\u00edrus\u2019 que direciona, de forma mais pr\u00e1tica, os usu\u00e1rios para entidades do governo, que disponibilizam informa\u00e7\u00f5es ver\u00eddicas.<\/p>\n<p>A rede tamb\u00e9m bloquear\u00e1 hashtags que levem \u00e0 publica\u00e7\u00f5es falsas e dar\u00e1 destaque as contas de organiza\u00e7\u00f5es de sa\u00fade quando pesquisado sobre a pandemia.<\/p>\n<p><a href=\"https:\/\/www.suno.com.br\/noticias\/rappi-usa-ferramenta-no-instagram-para-facilitar-pedidos\/\">Veja tamb\u00e9m: Rappi usa ferramenta no Instagram para facilitar pedidos<\/a><\/p>\n<p>Assim como o Facebook, a rede social informou que excluiria publica\u00e7\u00f5es com informa\u00e7\u00f5es falsas sobre a patologia. A plataforma tamb\u00e9m indicou que excluir\u00e1 os conte\u00fados que forem julgados prejudiciais no combate a pandemia, o que inclui filtros que \u2018diagnosticam\u2019 pessoas infectadas.<\/p>\n<p>Em um comunicado do Facebook, foi destacado que &#8220;n\u00f3s removemos todos os efeitos j\u00e1 publicados e vamos rejeitar os novos que afirmem predizer, diagnosticar, tratar ou curar o coronav\u00edrus&#8221;.<\/p>\n<h4>Snapchat<\/h4>\n<p>Embora a rede social tenha perdido um pouco de seu espa\u00e7o no Brasil, quando seu concorrente, o Instagram, adicionou a op\u00e7\u00e3o de &#8216;stories&#8217; na plataforma, o <strong>Snap<\/strong> anunciou medidas para conter a dissemina\u00e7\u00e3o de not\u00edcias falsas sobre a doen\u00e7a.<\/p>\n<p>A plataforma salientou que deixa em destaque informa\u00e7\u00f5es de sa\u00fade compartilhada por alguns de seus principais parceiros como<\/p>\n<ul>\n<li>NBC\u2019s Stay Tuned;<\/li>\n<li>Sky News;<\/li>\n<li>Wall Street Journal;<\/li>\n<li>The Washington Post;<\/li>\n<li>CNN;<\/li>\n<li>NowThis.<\/li>\n<\/ul>\n<h4>Twitter<\/h4>\n<p>A <strong>rede social<\/strong> afirmou que est\u00e1 incluindo alertas em alguns posts com informa\u00e7\u00f5es controversas ou enganosas sobre a patologia, al\u00e9m de disponibilizar links para que os usu\u00e1rios tenham acesso a mais informa\u00e7\u00f5es sobre o coronav\u00edrus.<\/p>\n<p>Al\u00e9m disso, algumas publica\u00e7\u00f5es em que as informa\u00e7\u00f5es sejam conflitantes com as orienta\u00e7\u00f5es de especialistas da sa\u00fade podem ganhar avisos. Esses avisos estar\u00e3o vinculados a uma fonte confi\u00e1vel externa, com informa\u00e7\u00f5es extras.<\/p>\n<p><a href=\"https:\/\/www.suno.com.br\/noticias\/twitter-permitira-home-office-para-sempre\/\">Veja tamb\u00e9m: Twitter permitir\u00e1 que funcion\u00e1rios fa\u00e7am home office para sempre<\/a><\/p>\n<p>Entretanto o <strong>Twitter<\/strong> salientou que as publica\u00e7\u00f5es que apresentem riscos de danos, ser\u00e3o exclu\u00eddas.<\/p>\n<p>Al\u00e9m disso, em maio, chefe de integridade do site do site, Yoel Roth declarou que estava priorizando a remo\u00e7\u00e3o de publica\u00e7\u00f5es que diziam para as pessoas a pararem com o distanciamento social.<\/p>\n<h4>WhatsApp<\/h4>\n<p>O aplicativo informou que visando evitar a dissemina\u00e7\u00e3o de <strong>fake news<\/strong>, o limite de encaminhamento de mensagens foi atualizado. Com a atualiza\u00e7\u00e3o as mensagens que n\u00e3o foram escritas pelo pr\u00f3prio usu\u00e1rio que pretende reenvia-las a mais pessoas, s\u00f3 podem ser encaminhadas para um contato por vez.<\/p>\n<p>Atrav\u00e9s de um comunicado, o aplicativo destacou que &#8220;geralmente, as mensagens encaminhadas muitas vezes podem conter informa\u00e7\u00f5es falsas e n\u00e3o s\u00e3o t\u00e3o pessoais quanto as mensagens t\u00edpicas enviadas pelos seus contatos no WhatsApp. Agora, atualizamos o limite de encaminhamento para que essas mensagens s\u00f3 possam ser encaminhadas para uma conversa por vez&#8221;.<\/p>\n<p><a href=\"https:\/\/www.suno.com.br\/noticias\/trump-assina-decreto-redes-sociais\/\">Saiba mais: Trump assina decreto que permite processar redes sociais<\/a><\/p>\n<p>&#8220;Temos visto um aumento significante na quantidade de mensagens encaminhadas que, de acordo com nossos usu\u00e1rios, podem contribuir para a dissemina\u00e7\u00e3o de boatos e informa\u00e7\u00f5es falsas&#8221;, completou.<\/p>\n<p>A comunicado ainda destacou que a plataforma est\u00e1 trabalhando &#8220;diretamente com governos e organiza\u00e7\u00f5es n\u00e3o governamentais, incluindo a Organiza\u00e7\u00e3o Mundial da Sa\u00fade (OMS) e Minist\u00e9rios da Sa\u00fade de mais de 20 pa\u00edses, para ajudar a levar informa\u00e7\u00f5es confi\u00e1veis \u00e0 popula\u00e7\u00e3o. Juntas, essas organiza\u00e7\u00f5es j\u00e1 enviaram centenas de milh\u00f5es de mensagens a pessoas no mundo todo que buscam informa\u00e7\u00f5es e dicas sobre como lidar com a pandemia&#8221;.<\/p>\n<p>Al\u00e9m disso, o governador de S\u00e3o Paulo, <strong><a href=\"https:\/\/www.suno.com.br\/tudo-sobre\/joao-doria\/\">Jo\u00e3o Doria<\/a><\/strong>(PSDB), se juntou ao WhatsApp e firmaram &#8220;uma nova parceria tecnol\u00f3gica, sem custos, com o WhatsApp, a quem agrade\u00e7o pela solidariedade&#8221;, informou Doria. &#8220;Passamos a contar com o SP Perguntas, um canal gratuito de informa\u00e7\u00f5es para que a popula\u00e7\u00e3o possa tirar d\u00favidas e aumentar a preven\u00e7\u00e3o contra o coronav\u00edrus. \u00c9 a tecnologia a favor de salvar vidas e integrar as pessoas na sua prote\u00e7\u00e3o e na prote\u00e7\u00e3o das suas comunidades&#8221;, completou.<\/p>\n<h2>Papel dos usu\u00e1rios<\/h2>\n<p>Al\u00e9m disso, os usu\u00e1rios das redes sociais tamb\u00e9m podem ajudar na dissemina\u00e7\u00e3o de informa\u00e7\u00f5es verdadeiras sobre a pandemia de <strong>coronav\u00edrus<\/strong>, adotando medidas simples como, escolher fontes de informa\u00e7\u00f5es confi\u00e1veis, evitar disseminar not\u00edcias falsas e n\u00e3o compartilhar mensagens que n\u00e3o se tem certeza da veracidade.<\/p>\n\n","protected":false},"excerpt":{"rendered":"<p>Em mar\u00e7o desse ano, a Organiza\u00e7\u00e3o Mundial da Sa\u00fade (OMS) j\u00e1 havia definido como pandemia o surto da doen\u00e7a causada pelo v\u00edrus SARS-CoV2, que foi batizada como coronav\u00edrus (Covid-19). Por que um em cada cinco jovens cancelou seu perfil nas redes sociais O primeiro caso de coronav\u00edrus foi detectado em dezembro do ano passado em [&hellip;]<\/p>\n","protected":false},"author":39,"featured_media":4233,"comment_status":"closed","ping_status":"closed","sticky":false,"template":"","format":"standard","meta":[],"categories":[64],"tags":[2487,5255,733,48323,34154,2748,45277,2070,1110,895],"suno_strategy":[],"class_list":["post-68310","post","type-post","status-publish","format-standard","has-post-thumbnail","hentry","category-negocios","tag-coronavirus","tag-covid-19","tag-facebook-fbok34","tag-fake-news","tag-instagram","tag-pandemia","tag-snapchat","tag-tiktok","tag-twitter-twtr34","tag-whatsapp"],"yoast_head":"<!-- This site is optimized with the Yoast SEO plugin v24.4 - https:\/\/yoast.com\/wordpress\/plugins\/seo\/ -->\n<title>Coronav\u00edrus: como as redes sociais est\u00e3o combatendo a desinforma\u00e7\u00e3o<\/title>\n<meta name=\"description\" content=\"Confira as medidas adotadas pelas redes sociais para combater as fake news e desinforma\u00e7\u00e3o sobre o coronav\u00edrus. Clique aqui para saber mais.\" \/>\n<meta name=\"robots\" content=\"index, follow, max-snippet:-1, max-image-preview:large, max-video-preview:-1\" \/>\n<link rel=\"canonical\" href=\"https:\/\/www.suno.com.br\/noticias\/coronavirus-redes-sociai-desinformacao\/\" \/>\n<meta property=\"og:locale\" content=\"pt_BR\" \/>\n<meta property=\"og:type\" content=\"article\" \/>\n<meta property=\"og:title\" content=\"Coronav\u00edrus: como as redes sociais est\u00e3o combatendo a desinforma\u00e7\u00e3o\" \/>\n<meta property=\"og:description\" content=\"Confira as medidas adotadas pelas redes sociais para combater as fake news e desinforma\u00e7\u00e3o sobre o coronav\u00edrus. Clique aqui para saber mais.\" \/>\n<meta property=\"og:url\" content=\"https:\/\/www.suno.com.br\/noticias\/coronavirus-redes-sociai-desinformacao\/\" \/>\n<meta property=\"og:site_name\" content=\"Suno Not\u00edcias\" \/>\n<meta property=\"article:publisher\" content=\"https:\/\/facebook.com\/sunoresearch\" \/>\n<meta property=\"og:image\" content=\"https:\/\/files.sunoresearch.com.br\/n\/uploads\/2018\/09\/4620c84d-redes-sociais.jpg\" \/>\n\t<meta property=\"og:image:width\" content=\"1920\" \/>\n\t<meta property=\"og:image:height\" content=\"1280\" \/>\n\t<meta property=\"og:image:type\" content=\"image\/jpeg\" \/>\n<meta name=\"author\" content=\"Laura Moutinho\" \/>\n<meta name=\"twitter:card\" content=\"summary_large_image\" \/>\n<meta name=\"twitter:creator\" content=\"@sunoresearch\" \/>\n<meta name=\"twitter:site\" content=\"@sunoresearch\" \/>\n<meta name=\"twitter:label1\" content=\"Escrito por\" \/>\n\t<meta name=\"twitter:data1\" content=\"Laura Moutinho\" \/>\n\t<meta name=\"twitter:label2\" content=\"Est. tempo de leitura\" \/>\n\t<meta name=\"twitter:data2\" content=\"8 minutos\" \/>\n<script type=\"application\/ld+json\" class=\"yoast-schema-graph\">{\"@context\":\"https:\/\/schema.org\",\"@graph\":[{\"@type\":\"NewsArticle\",\"@id\":\"https:\/\/www.suno.com.br\/noticias\/coronavirus-redes-sociai-desinformacao\/#article\",\"isPartOf\":{\"@id\":\"https:\/\/www.suno.com.br\/noticias\/coronavirus-redes-sociai-desinformacao\/\"},\"author\":{\"name\":\"Laura Moutinho\",\"@id\":\"https:\/\/www.suno.com.br\/noticias\/#\/schema\/person\/3df0d2808748b74496efe5dbeaef2c72\"},\"headline\":\"Coronav\u00edrus: como as redes sociais est\u00e3o combatendo a desinforma\u00e7\u00e3o\",\"datePublished\":\"2020-06-13T21:49:44+00:00\",\"dateModified\":\"2021-02-18T01:26:35+00:00\",\"mainEntityOfPage\":{\"@id\":\"https:\/\/www.suno.com.br\/noticias\/coronavirus-redes-sociai-desinformacao\/\"},\"wordCount\":1583,\"publisher\":{\"@id\":\"https:\/\/www.suno.com.br\/noticias\/#organization\"},\"image\":{\"@id\":\"https:\/\/www.suno.com.br\/noticias\/coronavirus-redes-sociai-desinformacao\/#primaryimage\"},\"thumbnailUrl\":\"https:\/\/files.sunoresearch.com.br\/n\/uploads\/2018\/09\/4620c84d-redes-sociais-jpg.webp\",\"keywords\":[\"coronav\u00edrus\",\"covid-19\",\"Facebook (FBOK34)\",\"fake news\",\"Instagram\",\"pandemia\",\"Snapchat\",\"TikTok\",\"Twitter (TWTR34)\",\"WhatsApp\"],\"articleSection\":[\"Neg\u00f3cios\"],\"inLanguage\":\"pt-BR\"},{\"@type\":\"WebPage\",\"@id\":\"https:\/\/www.suno.com.br\/noticias\/coronavirus-redes-sociai-desinformacao\/\",\"url\":\"https:\/\/www.suno.com.br\/noticias\/coronavirus-redes-sociai-desinformacao\/\",\"name\":\"Coronav\u00edrus: como as redes sociais est\u00e3o combatendo a desinforma\u00e7\u00e3o\",\"isPartOf\":{\"@id\":\"https:\/\/www.suno.com.br\/noticias\/#website\"},\"primaryImageOfPage\":{\"@id\":\"https:\/\/www.suno.com.br\/noticias\/coronavirus-redes-sociai-desinformacao\/#primaryimage\"},\"image\":{\"@id\":\"https:\/\/www.suno.com.br\/noticias\/coronavirus-redes-sociai-desinformacao\/#primaryimage\"},\"thumbnailUrl\":\"https:\/\/files.sunoresearch.com.br\/n\/uploads\/2018\/09\/4620c84d-redes-sociais-jpg.webp\",\"datePublished\":\"2020-06-13T21:49:44+00:00\",\"dateModified\":\"2021-02-18T01:26:35+00:00\",\"description\":\"Confira as medidas adotadas pelas redes sociais para combater as fake news e desinforma\u00e7\u00e3o sobre o coronav\u00edrus. Clique aqui para saber mais.\",\"breadcrumb\":{\"@id\":\"https:\/\/www.suno.com.br\/noticias\/coronavirus-redes-sociai-desinformacao\/#breadcrumb\"},\"inLanguage\":\"pt-BR\",\"potentialAction\":[{\"@type\":\"ReadAction\",\"target\":[\"https:\/\/www.suno.com.br\/noticias\/coronavirus-redes-sociai-desinformacao\/\"]}]},{\"@type\":\"ImageObject\",\"inLanguage\":\"pt-BR\",\"@id\":\"https:\/\/www.suno.com.br\/noticias\/coronavirus-redes-sociai-desinformacao\/#primaryimage\",\"url\":\"https:\/\/files.sunoresearch.com.br\/n\/uploads\/2018\/09\/4620c84d-redes-sociais-jpg.webp\",\"contentUrl\":\"https:\/\/files.sunoresearch.com.br\/n\/uploads\/2018\/09\/4620c84d-redes-sociais-jpg.webp\",\"width\":1920,\"height\":1280,\"caption\":\"Por que um em cada cinco jovens cancelou seu perfil nas redes sociais\"},{\"@type\":\"BreadcrumbList\",\"@id\":\"https:\/\/www.suno.com.br\/noticias\/coronavirus-redes-sociai-desinformacao\/#breadcrumb\",\"itemListElement\":[{\"@type\":\"ListItem\",\"position\":1,\"name\":\"Not\u00edcias\",\"item\":\"https:\/\/www.suno.com.br\/noticias\/\"},{\"@type\":\"ListItem\",\"position\":2,\"name\":\"Neg\u00f3cios\",\"item\":\"https:\/\/www.suno.com.br\/noticias\/negocios\/\"},{\"@type\":\"ListItem\",\"position\":3,\"name\":\"Coronav\u00edrus: como as redes sociais est\u00e3o combatendo a desinforma\u00e7\u00e3o\"}]},{\"@type\":\"WebSite\",\"@id\":\"https:\/\/www.suno.com.br\/noticias\/#website\",\"url\":\"https:\/\/www.suno.com.br\/noticias\/\",\"name\":\"Suno Not\u00edcias\",\"description\":\"Seu portal de informa\u00e7\u00e3o sobre o mundo dos investimentos\",\"publisher\":{\"@id\":\"https:\/\/www.suno.com.br\/noticias\/#organization\"},\"potentialAction\":[{\"@type\":\"SearchAction\",\"target\":{\"@type\":\"EntryPoint\",\"urlTemplate\":\"https:\/\/www.suno.com.br\/noticias\/?s={search_term_string}\"},\"query-input\":{\"@type\":\"PropertyValueSpecification\",\"valueRequired\":true,\"valueName\":\"search_term_string\"}}],\"inLanguage\":\"pt-BR\"},{\"@type\":\"Organization\",\"@id\":\"https:\/\/www.suno.com.br\/noticias\/#organization\",\"name\":\"Suno Not\u00edcias\",\"url\":\"https:\/\/www.suno.com.br\/noticias\/\",\"logo\":{\"@type\":\"ImageObject\",\"inLanguage\":\"pt-BR\",\"@id\":\"https:\/\/www.suno.com.br\/noticias\/#\/schema\/logo\/image\/\",\"url\":\"https:\/\/files.sunoresearch.com.br\/n\/uploads\/2021\/09\/suno-logo.png\",\"contentUrl\":\"https:\/\/files.sunoresearch.com.br\/n\/uploads\/2021\/09\/suno-logo.png\",\"width\":180,\"height\":180,\"caption\":\"Suno Not\u00edcias\"},\"image\":{\"@id\":\"https:\/\/www.suno.com.br\/noticias\/#\/schema\/logo\/image\/\"},\"sameAs\":[\"https:\/\/facebook.com\/sunoresearch\",\"https:\/\/x.com\/sunoresearch\",\"https:\/\/www.instagram.com\/suno\",\"https:\/\/www.linkedin.com\/company\/suno-research\/\",\"https:\/\/www.youtube.com\/c\/sunoresearch\"]},{\"@type\":\"Person\",\"@id\":\"https:\/\/www.suno.com.br\/noticias\/#\/schema\/person\/3df0d2808748b74496efe5dbeaef2c72\",\"name\":\"Laura Moutinho\",\"image\":{\"@type\":\"ImageObject\",\"inLanguage\":\"pt-BR\",\"@id\":\"https:\/\/www.suno.com.br\/noticias\/#\/schema\/person\/image\/\",\"url\":\"https:\/\/secure.gravatar.com\/avatar\/7571c7c8ca3a6fca5e41384ece5557ff?s=96&r=g\",\"contentUrl\":\"https:\/\/secure.gravatar.com\/avatar\/7571c7c8ca3a6fca5e41384ece5557ff?s=96&r=g\",\"caption\":\"Laura Moutinho\"},\"description\":\"Estagi\u00e1ria na Suno Not\u00edcias, escreve not\u00edcias que afetam o mercado financeiro. Estuda administra\u00e7\u00e3o na Universidade Presbiteriana Mackenzie.\",\"url\":\"https:\/\/www.suno.com.br\/noticias\/author\/laura-moutinho\/\"}]}<\/script>\n<!-- \/ Yoast SEO plugin. -->","yoast_head_json":{"title":"Coronav\u00edrus: como as redes sociais est\u00e3o combatendo a desinforma\u00e7\u00e3o","description":"Confira as medidas adotadas pelas redes sociais para combater as fake news e desinforma\u00e7\u00e3o sobre o coronav\u00edrus. Clique aqui para saber mais.","robots":{"index":"index","follow":"follow","max-snippet":"max-snippet:-1","max-image-preview":"max-image-preview:large","max-video-preview":"max-video-preview:-1"},"canonical":"https:\/\/www.suno.com.br\/noticias\/coronavirus-redes-sociai-desinformacao\/","og_locale":"pt_BR","og_type":"article","og_title":"Coronav\u00edrus: como as redes sociais est\u00e3o combatendo a desinforma\u00e7\u00e3o","og_description":"Confira as medidas adotadas pelas redes sociais para combater as fake news e desinforma\u00e7\u00e3o sobre o coronav\u00edrus. Clique aqui para saber mais.","og_url":"https:\/\/www.suno.com.br\/noticias\/coronavirus-redes-sociai-desinformacao\/","og_site_name":"Suno Not\u00edcias","article_publisher":"https:\/\/facebook.com\/sunoresearch","og_image":[{"width":1920,"height":1280,"url":"https:\/\/files.sunoresearch.com.br\/n\/uploads\/2018\/09\/4620c84d-redes-sociais.jpg","type":"image\/jpeg"}],"author":"Laura Moutinho","twitter_card":"summary_large_image","twitter_creator":"@sunoresearch","twitter_site":"@sunoresearch","twitter_misc":{"Escrito por":"Laura Moutinho","Est. tempo de leitura":"8 minutos"},"schema":{"@context":"https:\/\/schema.org","@graph":[{"@type":"NewsArticle","@id":"https:\/\/www.suno.com.br\/noticias\/coronavirus-redes-sociai-desinformacao\/#article","isPartOf":{"@id":"https:\/\/www.suno.com.br\/noticias\/coronavirus-redes-sociai-desinformacao\/"},"author":{"name":"Laura Moutinho","@id":"https:\/\/www.suno.com.br\/noticias\/#\/schema\/person\/3df0d2808748b74496efe5dbeaef2c72"},"headline":"Coronav\u00edrus: como as redes sociais est\u00e3o combatendo a desinforma\u00e7\u00e3o","datePublished":"2020-06-13T21:49:44+00:00","dateModified":"2021-02-18T01:26:35+00:00","mainEntityOfPage":{"@id":"https:\/\/www.suno.com.br\/noticias\/coronavirus-redes-sociai-desinformacao\/"},"wordCount":1583,"publisher":{"@id":"https:\/\/www.suno.com.br\/noticias\/#organization"},"image":{"@id":"https:\/\/www.suno.com.br\/noticias\/coronavirus-redes-sociai-desinformacao\/#primaryimage"},"thumbnailUrl":"https:\/\/files.sunoresearch.com.br\/n\/uploads\/2018\/09\/4620c84d-redes-sociais-jpg.webp","keywords":["coronav\u00edrus","covid-19","Facebook (FBOK34)","fake news","Instagram","pandemia","Snapchat","TikTok","Twitter (TWTR34)","WhatsApp"],"articleSection":["Neg\u00f3cios"],"inLanguage":"pt-BR"},{"@type":"WebPage","@id":"https:\/\/www.suno.com.br\/noticias\/coronavirus-redes-sociai-desinformacao\/","url":"https:\/\/www.suno.com.br\/noticias\/coronavirus-redes-sociai-desinformacao\/","name":"Coronav\u00edrus: como as redes sociais est\u00e3o combatendo a desinforma\u00e7\u00e3o","isPartOf":{"@id":"https:\/\/www.suno.com.br\/noticias\/#website"},"primaryImageOfPage":{"@id":"https:\/\/www.suno.com.br\/noticias\/coronavirus-redes-sociai-desinformacao\/#primaryimage"},"image":{"@id":"https:\/\/www.suno.com.br\/noticias\/coronavirus-redes-sociai-desinformacao\/#primaryimage"},"thumbnailUrl":"https:\/\/files.sunoresearch.com.br\/n\/uploads\/2018\/09\/4620c84d-redes-sociais-jpg.webp","datePublished":"2020-06-13T21:49:44+00:00","dateModified":"2021-02-18T01:26:35+00:00","description":"Confira as medidas adotadas pelas redes sociais para combater as fake news e desinforma\u00e7\u00e3o sobre o coronav\u00edrus. Clique aqui para saber mais.","breadcrumb":{"@id":"https:\/\/www.suno.com.br\/noticias\/coronavirus-redes-sociai-desinformacao\/#breadcrumb"},"inLanguage":"pt-BR","potentialAction":[{"@type":"ReadAction","target":["https:\/\/www.suno.com.br\/noticias\/coronavirus-redes-sociai-desinformacao\/"]}]},{"@type":"ImageObject","inLanguage":"pt-BR","@id":"https:\/\/www.suno.com.br\/noticias\/coronavirus-redes-sociai-desinformacao\/#primaryimage","url":"https:\/\/files.sunoresearch.com.br\/n\/uploads\/2018\/09\/4620c84d-redes-sociais-jpg.webp","contentUrl":"https:\/\/files.sunoresearch.com.br\/n\/uploads\/2018\/09\/4620c84d-redes-sociais-jpg.webp","width":1920,"height":1280,"caption":"Por que um em cada cinco jovens cancelou seu perfil nas redes sociais"},{"@type":"BreadcrumbList","@id":"https:\/\/www.suno.com.br\/noticias\/coronavirus-redes-sociai-desinformacao\/#breadcrumb","itemListElement":[{"@type":"ListItem","position":1,"name":"Not\u00edcias","item":"https:\/\/www.suno.com.br\/noticias\/"},{"@type":"ListItem","position":2,"name":"Neg\u00f3cios","item":"https:\/\/www.suno.com.br\/noticias\/negocios\/"},{"@type":"ListItem","position":3,"name":"Coronav\u00edrus: como as redes sociais est\u00e3o combatendo a desinforma\u00e7\u00e3o"}]},{"@type":"WebSite","@id":"https:\/\/www.suno.com.br\/noticias\/#website","url":"https:\/\/www.suno.com.br\/noticias\/","name":"Suno Not\u00edcias","description":"Seu portal de informa\u00e7\u00e3o sobre o mundo dos investimentos","publisher":{"@id":"https:\/\/www.suno.com.br\/noticias\/#organization"},"potentialAction":[{"@type":"SearchAction","target":{"@type":"EntryPoint","urlTemplate":"https:\/\/www.suno.com.br\/noticias\/?s={search_term_string}"},"query-input":{"@type":"PropertyValueSpecification","valueRequired":true,"valueName":"search_term_string"}}],"inLanguage":"pt-BR"},{"@type":"Organization","@id":"https:\/\/www.suno.com.br\/noticias\/#organization","name":"Suno Not\u00edcias","url":"https:\/\/www.suno.com.br\/noticias\/","logo":{"@type":"ImageObject","inLanguage":"pt-BR","@id":"https:\/\/www.suno.com.br\/noticias\/#\/schema\/logo\/image\/","url":"https:\/\/files.sunoresearch.com.br\/n\/uploads\/2021\/09\/suno-logo.png","contentUrl":"https:\/\/files.sunoresearch.com.br\/n\/uploads\/2021\/09\/suno-logo.png","width":180,"height":180,"caption":"Suno Not\u00edcias"},"image":{"@id":"https:\/\/www.suno.com.br\/noticias\/#\/schema\/logo\/image\/"},"sameAs":["https:\/\/facebook.com\/sunoresearch","https:\/\/x.com\/sunoresearch","https:\/\/www.instagram.com\/suno","https:\/\/www.linkedin.com\/company\/suno-research\/","https:\/\/www.youtube.com\/c\/sunoresearch"]},{"@type":"Person","@id":"https:\/\/www.suno.com.br\/noticias\/#\/schema\/person\/3df0d2808748b74496efe5dbeaef2c72","name":"Laura Moutinho","image":{"@type":"ImageObject","inLanguage":"pt-BR","@id":"https:\/\/www.suno.com.br\/noticias\/#\/schema\/person\/image\/","url":"https:\/\/secure.gravatar.com\/avatar\/7571c7c8ca3a6fca5e41384ece5557ff?s=96&r=g","contentUrl":"https:\/\/secure.gravatar.com\/avatar\/7571c7c8ca3a6fca5e41384ece5557ff?s=96&r=g","caption":"Laura Moutinho"},"description":"Estagi\u00e1ria na Suno Not\u00edcias, escreve not\u00edcias que afetam o mercado financeiro. Estuda administra\u00e7\u00e3o na Universidade Presbiteriana Mackenzie.","url":"https:\/\/www.suno.com.br\/noticias\/author\/laura-moutinho\/"}]}},"default_loop_html":"<div class=\"cardsPage__listCard__boxs\"><div class=\"cardsPage__listCard__boxs__img\"><a href=\"https:\/\/www.suno.com.br\/noticias\/coronavirus-redes-sociai-desinformacao\/\"><img class=\"mask\" src=\"https:\/\/www.suno.com.br\/noticias\/wp-content\/themes\/suno\/resources\/images\/spotlight\/spotlight1img\/bg-mask.png\" alt=\"Image Mask\"\/><img src=\"https:\/\/files.sunoresearch.com.br\/n\/uploads\/2018\/09\/4620c84d-redes-sociais-400x200.webp\" alt=\"Coronav\u00edrus: como as redes sociais est\u00e3o combatendo a desinforma\u00e7\u00e3o\"\/><\/a><span class=\"spotlightCategory\"><a href=\"https:\/\/www.suno.com.br\/noticias\/negocios\/\">Neg\u00f3cios<\/a><\/span><\/div><div class=\"cardsPage__listCard__boxs__content\"><a href=\"https:\/\/www.suno.com.br\/noticias\/coronavirus-redes-sociai-desinformacao\/\"><h2 class=\"content__title\">Coronav\u00edrus: como as redes sociais est\u00e3o combatendo a desinforma\u00e7\u00e3o<\/h2><\/a><div class=\"newsContent__article__meta\"><div class=\"newsContent__article__meta__authorBox\"><a href=\"https:\/\/www.suno.com.br\/noticias\/author\/laura-moutinho\/\" class=\"authorBox__avatar noMobi\"><img src=\"https:\/\/files.sunoresearch.com.br\/n\/uploads\/2020\/08\/531ff69d-whatsapp-image-2020-08-03-at-14.54.38-150x150.webp\" alt=\"Laura Moutinho\"><\/a><div class=\"authorBox__name\"><span>por\n\t\t\t<a href=\"https:\/\/www.suno.com.br\/noticias\/author\/laura-moutinho\/\"><span itemprop=\"author\">Laura Moutinho<\/span><\/a><\/span><time datetime=\"2020-06-13T18:49:44-03:00\" itemprop=\"datePublished\">13\/06\/2020 18:49<\/time><\/div><\/div><\/div><\/div><\/div>","single_layout":"posts","amp_enabled":true,"_links":{"self":[{"href":"https:\/\/www.suno.com.br\/noticias\/wp-json\/wp\/v2\/posts\/68310"}],"collection":[{"href":"https:\/\/www.suno.com.br\/noticias\/wp-json\/wp\/v2\/posts"}],"about":[{"href":"https:\/\/www.suno.com.br\/noticias\/wp-json\/wp\/v2\/types\/post"}],"author":[{"embeddable":true,"href":"https:\/\/www.suno.com.br\/noticias\/wp-json\/wp\/v2\/users\/39"}],"replies":[{"embeddable":true,"href":"https:\/\/www.suno.com.br\/noticias\/wp-json\/wp\/v2\/comments?post=68310"}],"version-history":[{"count":0,"href":"https:\/\/www.suno.com.br\/noticias\/wp-json\/wp\/v2\/posts\/68310\/revisions"}],"wp:featuredmedia":[{"embeddable":true,"href":"https:\/\/www.suno.com.br\/noticias\/wp-json\/wp\/v2\/media\/4233"}],"wp:attachment":[{"href":"https:\/\/www.suno.com.br\/noticias\/wp-json\/wp\/v2\/media?parent=68310"}],"wp:term":[{"taxonomy":"category","embeddable":true,"href":"https:\/\/www.suno.com.br\/noticias\/wp-json\/wp\/v2\/categories?post=68310"},{"taxonomy":"post_tag","embeddable":true,"href":"https:\/\/www.suno.com.br\/noticias\/wp-json\/wp\/v2\/tags?post=68310"},{"taxonomy":"suno_strategy","embeddable":true,"href":"https:\/\/www.suno.com.br\/noticias\/wp-json\/wp\/v2\/suno_strategy?post=68310"}],"curies":[{"name":"wp","href":"https:\/\/api.w.org\/{rel}","templated":true}]}}