{"id":68304,"date":"2020-06-09T21:14:47","date_gmt":"2020-06-10T00:14:47","guid":{"rendered":"https:\/\/www.suno.com.br\/noticias\/?p=68304"},"modified":"2021-06-13T23:41:33","modified_gmt":"2021-06-14T02:41:33","slug":"sp-abrainc-reabrir-estande-imoveis","status":"publish","type":"post","link":"https:\/\/www.suno.com.br\/noticias\/sp-abrainc-reabrir-estande-imoveis\/","title":{"rendered":"Prefeitura de SP e Abrainc regulamentam reabertura de stands de im\u00f3veis"},"content":{"rendered":"<p>A Prefeitura de S\u00e3o Paulo e a Associa\u00e7\u00e3o Brasileira de Incorporadoras Imobili\u00e1rias (Abrainc) assinaram nesta ter\u00e7a-feira (9) um protocolo para reabertura de estandes de vendas de <strong>im\u00f3veis<\/strong> a partir desta quarta-feira (10).<\/p>\t<div class=\"wrapper-featured-image\">\n\t\t<figure class=\"spotlightImg\">\n\n\t\t\t<picture>\n\t\t\t\t<source media=\"(max-width: 768px)\" srcset=\"https:\/\/files.sunoresearch.com.br\/n\/uploads\/2020\/06\/e54f55ff-im\u00f3veis-400x200.webp\">\n\t\t\t\t<img loading=\"lazy\" decoding=\"async\" class=\"newsContent__article__imgCapa lazyloadDisabled newsContent__article__imgCapa--noCaption\" src=\"https:\/\/files.sunoresearch.com.br\/n\/uploads\/2020\/06\/e54f55ff-im\u00f3veis-800x450.webp\" width=\"800\" height=\"450\" alt=\"Prefeitura de SP e Abrainc regulamentam reabertura de stands de im\u00f3veis\" fetchpriority=high \/>\n\t\t\t<\/picture>\n\n\t\t\t<figcaption class=\"wp-caption-text wp-caption-text--hide\">Capitais brasileiras registram queda nas vendas de im\u00f3veis<\/figcaption>\n\t\t<\/figure>\n\t<\/div>\n\n\n\n<p>De acordo com o presidente da Abrainc, Luiz Antonio Fran\u00e7a, a medida possibilitar\u00e1 a retomada das vendas no setor de im\u00f3veis no munic\u00edpio de <strong>S\u00e3o Paulo<\/strong>, principalmente em empreendimentos de m\u00e9dios e altos padr\u00f5es.<\/p>\n<p><iframe loading=\"lazy\" title=\"?Petrobras (PETR4) volta ao normal em junho, mais meses de coronavoucher, alerta pir\u00e2mide\" width=\"1080\" height=\"608\" src=\"https:\/\/www.youtube.com\/embed\/TIY9kVqPBMY?feature=oembed\" frameborder=\"0\" allow=\"accelerometer; autoplay; encrypted-media; gyroscope; picture-in-picture\" allowfullscreen><\/iframe><\/p>\n<p>\u201cJ\u00e1 seguimos protocolos r\u00edgidos de seguran\u00e7a nas obras em que nossas associados operam. Hoje, 97% dos empreendimentos no Brasil n\u00e3o pararam com a pandemia. Mas, as vendas praticamente pararam principalmente nas obras de m\u00e9dio e alto padr\u00e3o. Agora, poderemos recuperar um pouco as perdas desses meses\u201d, salientou o diretor da entidade.<\/p>\n<p><span data-sheets-value=\"{&quot;1&quot;:2,&quot;2&quot;:&quot;Suno One: o primeiro passo para alcan\u00e7ar a sua independ\u00eancia financeira. Acesse agora, \u00e9 gratuito!&quot;}\" data-sheets-userformat=\"{&quot;2&quot;:1313281,&quot;3&quot;:{&quot;1&quot;:0},&quot;12&quot;:0,&quot;14&quot;:{&quot;1&quot;:2,&quot;2&quot;:1136076},&quot;21&quot;:1,&quot;23&quot;:1}\" data-sheets-hyperlink=\"https:\/\/lp.suno.com.br\/suno-one\/\"><a class=\"in-cell-link\" href=\"https:\/\/lp.suno.com.br\/suno-one\/\" target=\"_blank\" rel=\"noopener noreferrer\">Suno One: o primeiro passo para alcan\u00e7ar a sua independ\u00eancia financeira. Acesse agora, \u00e9 gratuito!<\/a><\/span><\/p>\n<p>Conforme dados da Abrainc, no m\u00eas de mar\u00e7o foi registrado uma baixa de 17,5% nos lan\u00e7amentos e uma queda de 7,1% nas vendas. Ao mesmo tempo, os im\u00f3veis de m\u00e9dio e alto padr\u00e3o apresentaram uma retra\u00e7\u00e3o de 21,8% nos lan\u00e7amentos e 30,3% nas vendas durante o per\u00edodo.<\/p>\n<p>\u201cOs estandes s\u00e3o fundamentais para a melhora nas vendas. 2020 ia ser um ano fant\u00e1stico para o segmento de incorpora\u00e7\u00e3o e constru\u00e7\u00e3o e com a pandemia mudou todo o cen\u00e1rio. A reabertura melhora os neg\u00f3cios\u201d, afirmou Fran\u00e7a.<\/p>\n<p>Nesse sentido, entre as a\u00e7\u00f5es que dever\u00e3o ser adotadas pelas incorporadoras a partir desta quarta-feira est\u00e1 a determina\u00e7\u00e3o de um limite de visitas aos apartamentos decorados de uma fam\u00edlia por vez, e dever\u00e1 ser realizada apenas por agendamento pr\u00e9vio. As visitas devem ainda seguir todos os protocolos de seguran\u00e7a recomendados pelas autoridades locais.<\/p>\n<h2>Venda de im\u00f3veis recua 39% em abril<\/h2>\n<p>O n\u00famero de im\u00f3veis vendidos em abril ficou em 6.498, 38,8% menor em rela\u00e7\u00e3o ao mesmo per\u00edodo de 2019, segundo pesquisa feita pela C\u00e2mara Brasileira da Ind\u00fastria da Constru\u00e7\u00e3o (CBIC).<\/p>\n<p><a href=\"https:\/\/www.suno.com.br\/noticias\/venda-de-imoveis-recuam-39-em-abril-de-acordo-com-cbic\/\">Saiba mais: Venda de im\u00f3veis recua 39% em abril, de acordo com CBIC<\/a><\/p>\n<p>Ainda de acordo com o levantamento, houve uma queda de 63% no total de lan\u00e7amentos no m\u00eas passado, em compara\u00e7\u00e3o abril do ano anterior, para 3.172 <strong>im\u00f3veis<\/strong>.<\/p>\n\n","protected":false},"excerpt":{"rendered":"<p>A Prefeitura de S\u00e3o Paulo e a Associa\u00e7\u00e3o Brasileira de Incorporadoras Imobili\u00e1rias (Abrainc) assinaram nesta ter\u00e7a-feira (9) um protocolo para reabertura de estandes de vendas de im\u00f3veis a partir desta quarta-feira (10). Capitais brasileiras registram queda nas vendas de im\u00f3veis De acordo com o presidente da Abrainc, Luiz Antonio Fran\u00e7a, a medida possibilitar\u00e1 a retomada [&hellip;]<\/p>\n","protected":false},"author":35,"featured_media":68308,"comment_status":"closed","ping_status":"closed","sticky":false,"template":"","format":"standard","meta":[],"categories":[65],"tags":[1904],"suno_strategy":[],"class_list":["post-68304","post","type-post","status-publish","format-standard","has-post-thumbnail","hentry","category-financas-pessoais","tag-mercado-imobiliario"],"yoast_head":"<!-- This site is optimized with the Yoast SEO plugin v24.4 - https:\/\/yoast.com\/wordpress\/plugins\/seo\/ -->\n<title>Prefeitura de SP e Abrainc regulamentam reabertura de stands de im\u00f3veis<\/title>\n<meta name=\"description\" content=\"A Prefeitura de S\u00e3o Paulo e a Abrainc assinaram protocolo para reabrir estandes de im\u00f3veis nesta quarta-feira (10). Clique para saber mais\" \/>\n<meta name=\"robots\" content=\"index, follow, max-snippet:-1, max-image-preview:large, max-video-preview:-1\" \/>\n<link rel=\"canonical\" href=\"https:\/\/www.suno.com.br\/noticias\/sp-abrainc-reabrir-estande-imoveis\/\" \/>\n<meta property=\"og:locale\" content=\"pt_BR\" \/>\n<meta property=\"og:type\" content=\"article\" \/>\n<meta property=\"og:title\" content=\"Prefeitura de SP e Abrainc regulamentam reabertura de stands de im\u00f3veis\" \/>\n<meta property=\"og:description\" content=\"A Prefeitura de S\u00e3o Paulo e a Abrainc assinaram protocolo para reabrir estandes de im\u00f3veis nesta quarta-feira (10). Clique para saber mais\" \/>\n<meta property=\"og:url\" content=\"https:\/\/www.suno.com.br\/noticias\/sp-abrainc-reabrir-estande-imoveis\/\" \/>\n<meta property=\"og:site_name\" content=\"Suno Not\u00edcias\" \/>\n<meta property=\"article:publisher\" content=\"https:\/\/facebook.com\/sunoresearch\" \/>\n<meta property=\"og:image\" content=\"https:\/\/files.sunoresearch.com.br\/n\/uploads\/2020\/06\/e54f55ff-im\u00f3veis.jpg\" \/>\n\t<meta property=\"og:image:width\" content=\"910\" \/>\n\t<meta property=\"og:image:height\" content=\"683\" \/>\n\t<meta property=\"og:image:type\" content=\"image\/jpeg\" \/>\n<meta name=\"author\" content=\"Arthur Guimar\u00e3es\" \/>\n<meta name=\"twitter:card\" content=\"summary_large_image\" \/>\n<meta name=\"twitter:creator\" content=\"@sunoresearch\" \/>\n<meta name=\"twitter:site\" content=\"@sunoresearch\" \/>\n<meta name=\"twitter:label1\" content=\"Escrito por\" \/>\n\t<meta name=\"twitter:data1\" content=\"Arthur Guimar\u00e3es\" \/>\n\t<meta name=\"twitter:label2\" content=\"Est. tempo de leitura\" \/>\n\t<meta name=\"twitter:data2\" content=\"2 minutos\" \/>\n<script type=\"application\/ld+json\" class=\"yoast-schema-graph\">{\"@context\":\"https:\/\/schema.org\",\"@graph\":[{\"@type\":\"NewsArticle\",\"@id\":\"https:\/\/www.suno.com.br\/noticias\/sp-abrainc-reabrir-estande-imoveis\/#article\",\"isPartOf\":{\"@id\":\"https:\/\/www.suno.com.br\/noticias\/sp-abrainc-reabrir-estande-imoveis\/\"},\"author\":{\"name\":\"Arthur Guimar\u00e3es\",\"@id\":\"https:\/\/www.suno.com.br\/noticias\/#\/schema\/person\/053a750a709a263919a20f976caae91c\"},\"headline\":\"Prefeitura de SP e Abrainc regulamentam reabertura de stands de im\u00f3veis\",\"datePublished\":\"2020-06-10T00:14:47+00:00\",\"dateModified\":\"2021-06-14T02:41:33+00:00\",\"mainEntityOfPage\":{\"@id\":\"https:\/\/www.suno.com.br\/noticias\/sp-abrainc-reabrir-estande-imoveis\/\"},\"wordCount\":413,\"publisher\":{\"@id\":\"https:\/\/www.suno.com.br\/noticias\/#organization\"},\"image\":{\"@id\":\"https:\/\/www.suno.com.br\/noticias\/sp-abrainc-reabrir-estande-imoveis\/#primaryimage\"},\"thumbnailUrl\":\"https:\/\/files.sunoresearch.com.br\/n\/uploads\/2020\/06\/e54f55ff-im\u00f3veis-jpg.webp\",\"keywords\":[\"mercado imobili\u00e1rio\"],\"articleSection\":[\"Finan\u00e7as Pessoais\"],\"inLanguage\":\"pt-BR\"},{\"@type\":\"WebPage\",\"@id\":\"https:\/\/www.suno.com.br\/noticias\/sp-abrainc-reabrir-estande-imoveis\/\",\"url\":\"https:\/\/www.suno.com.br\/noticias\/sp-abrainc-reabrir-estande-imoveis\/\",\"name\":\"Prefeitura de SP e Abrainc regulamentam reabertura de stands de im\u00f3veis\",\"isPartOf\":{\"@id\":\"https:\/\/www.suno.com.br\/noticias\/#website\"},\"primaryImageOfPage\":{\"@id\":\"https:\/\/www.suno.com.br\/noticias\/sp-abrainc-reabrir-estande-imoveis\/#primaryimage\"},\"image\":{\"@id\":\"https:\/\/www.suno.com.br\/noticias\/sp-abrainc-reabrir-estande-imoveis\/#primaryimage\"},\"thumbnailUrl\":\"https:\/\/files.sunoresearch.com.br\/n\/uploads\/2020\/06\/e54f55ff-im\u00f3veis-jpg.webp\",\"datePublished\":\"2020-06-10T00:14:47+00:00\",\"dateModified\":\"2021-06-14T02:41:33+00:00\",\"description\":\"A Prefeitura de S\u00e3o Paulo e a Abrainc assinaram protocolo para reabrir estandes de im\u00f3veis nesta quarta-feira (10). Clique para saber mais\",\"breadcrumb\":{\"@id\":\"https:\/\/www.suno.com.br\/noticias\/sp-abrainc-reabrir-estande-imoveis\/#breadcrumb\"},\"inLanguage\":\"pt-BR\",\"potentialAction\":[{\"@type\":\"ReadAction\",\"target\":[\"https:\/\/www.suno.com.br\/noticias\/sp-abrainc-reabrir-estande-imoveis\/\"]}]},{\"@type\":\"ImageObject\",\"inLanguage\":\"pt-BR\",\"@id\":\"https:\/\/www.suno.com.br\/noticias\/sp-abrainc-reabrir-estande-imoveis\/#primaryimage\",\"url\":\"https:\/\/files.sunoresearch.com.br\/n\/uploads\/2020\/06\/e54f55ff-im\u00f3veis-jpg.webp\",\"contentUrl\":\"https:\/\/files.sunoresearch.com.br\/n\/uploads\/2020\/06\/e54f55ff-im\u00f3veis-jpg.webp\",\"width\":910,\"height\":683,\"caption\":\"Capitais brasileiras registram queda nas vendas de im\u00f3veis\"},{\"@type\":\"BreadcrumbList\",\"@id\":\"https:\/\/www.suno.com.br\/noticias\/sp-abrainc-reabrir-estande-imoveis\/#breadcrumb\",\"itemListElement\":[{\"@type\":\"ListItem\",\"position\":1,\"name\":\"Not\u00edcias\",\"item\":\"https:\/\/www.suno.com.br\/noticias\/\"},{\"@type\":\"ListItem\",\"position\":2,\"name\":\"Finan\u00e7as Pessoais\",\"item\":\"https:\/\/www.suno.com.br\/noticias\/financas-pessoais\/\"},{\"@type\":\"ListItem\",\"position\":3,\"name\":\"Prefeitura de SP e Abrainc regulamentam reabertura de stands de im\u00f3veis\"}]},{\"@type\":\"WebSite\",\"@id\":\"https:\/\/www.suno.com.br\/noticias\/#website\",\"url\":\"https:\/\/www.suno.com.br\/noticias\/\",\"name\":\"Suno Not\u00edcias\",\"description\":\"Seu portal de informa\u00e7\u00e3o sobre o mundo dos investimentos\",\"publisher\":{\"@id\":\"https:\/\/www.suno.com.br\/noticias\/#organization\"},\"potentialAction\":[{\"@type\":\"SearchAction\",\"target\":{\"@type\":\"EntryPoint\",\"urlTemplate\":\"https:\/\/www.suno.com.br\/noticias\/?s={search_term_string}\"},\"query-input\":{\"@type\":\"PropertyValueSpecification\",\"valueRequired\":true,\"valueName\":\"search_term_string\"}}],\"inLanguage\":\"pt-BR\"},{\"@type\":\"Organization\",\"@id\":\"https:\/\/www.suno.com.br\/noticias\/#organization\",\"name\":\"Suno Not\u00edcias\",\"url\":\"https:\/\/www.suno.com.br\/noticias\/\",\"logo\":{\"@type\":\"ImageObject\",\"inLanguage\":\"pt-BR\",\"@id\":\"https:\/\/www.suno.com.br\/noticias\/#\/schema\/logo\/image\/\",\"url\":\"https:\/\/files.sunoresearch.com.br\/n\/uploads\/2021\/09\/suno-logo.png\",\"contentUrl\":\"https:\/\/files.sunoresearch.com.br\/n\/uploads\/2021\/09\/suno-logo.png\",\"width\":180,\"height\":180,\"caption\":\"Suno Not\u00edcias\"},\"image\":{\"@id\":\"https:\/\/www.suno.com.br\/noticias\/#\/schema\/logo\/image\/\"},\"sameAs\":[\"https:\/\/facebook.com\/sunoresearch\",\"https:\/\/x.com\/sunoresearch\",\"https:\/\/www.instagram.com\/suno\",\"https:\/\/www.linkedin.com\/company\/suno-research\/\",\"https:\/\/www.youtube.com\/c\/sunoresearch\"]},{\"@type\":\"Person\",\"@id\":\"https:\/\/www.suno.com.br\/noticias\/#\/schema\/person\/053a750a709a263919a20f976caae91c\",\"name\":\"Arthur Guimar\u00e3es\",\"image\":{\"@type\":\"ImageObject\",\"inLanguage\":\"pt-BR\",\"@id\":\"https:\/\/www.suno.com.br\/noticias\/#\/schema\/person\/image\/\",\"url\":\"https:\/\/secure.gravatar.com\/avatar\/1affd86a11209ae09eb6dd3bcad3e96c?s=96&r=g\",\"contentUrl\":\"https:\/\/secure.gravatar.com\/avatar\/1affd86a11209ae09eb6dd3bcad3e96c?s=96&r=g\",\"caption\":\"Arthur Guimar\u00e3es\"},\"description\":\"Arthur Guimar\u00e3es escreve sobre pol\u00edtica, economia e neg\u00f3cios para o portal de not\u00edcias da Suno Research. Atualmente, \u00e9 estudante de jornalismo pela Faculdade C\u00e1sper L\u00edbero.\",\"url\":\"https:\/\/www.suno.com.br\/noticias\/author\/arthur-guimaraes\/\"}]}<\/script>\n<!-- \/ Yoast SEO plugin. -->","yoast_head_json":{"title":"Prefeitura de SP e Abrainc regulamentam reabertura de stands de im\u00f3veis","description":"A Prefeitura de S\u00e3o Paulo e a Abrainc assinaram protocolo para reabrir estandes de im\u00f3veis nesta quarta-feira (10). Clique para saber mais","robots":{"index":"index","follow":"follow","max-snippet":"max-snippet:-1","max-image-preview":"max-image-preview:large","max-video-preview":"max-video-preview:-1"},"canonical":"https:\/\/www.suno.com.br\/noticias\/sp-abrainc-reabrir-estande-imoveis\/","og_locale":"pt_BR","og_type":"article","og_title":"Prefeitura de SP e Abrainc regulamentam reabertura de stands de im\u00f3veis","og_description":"A Prefeitura de S\u00e3o Paulo e a Abrainc assinaram protocolo para reabrir estandes de im\u00f3veis nesta quarta-feira (10). Clique para saber mais","og_url":"https:\/\/www.suno.com.br\/noticias\/sp-abrainc-reabrir-estande-imoveis\/","og_site_name":"Suno Not\u00edcias","article_publisher":"https:\/\/facebook.com\/sunoresearch","og_image":[{"width":910,"height":683,"url":"https:\/\/files.sunoresearch.com.br\/n\/uploads\/2020\/06\/e54f55ff-im\u00f3veis.jpg","type":"image\/jpeg"}],"author":"Arthur Guimar\u00e3es","twitter_card":"summary_large_image","twitter_creator":"@sunoresearch","twitter_site":"@sunoresearch","twitter_misc":{"Escrito por":"Arthur Guimar\u00e3es","Est. tempo de leitura":"2 minutos"},"schema":{"@context":"https:\/\/schema.org","@graph":[{"@type":"NewsArticle","@id":"https:\/\/www.suno.com.br\/noticias\/sp-abrainc-reabrir-estande-imoveis\/#article","isPartOf":{"@id":"https:\/\/www.suno.com.br\/noticias\/sp-abrainc-reabrir-estande-imoveis\/"},"author":{"name":"Arthur Guimar\u00e3es","@id":"https:\/\/www.suno.com.br\/noticias\/#\/schema\/person\/053a750a709a263919a20f976caae91c"},"headline":"Prefeitura de SP e Abrainc regulamentam reabertura de stands de im\u00f3veis","datePublished":"2020-06-10T00:14:47+00:00","dateModified":"2021-06-14T02:41:33+00:00","mainEntityOfPage":{"@id":"https:\/\/www.suno.com.br\/noticias\/sp-abrainc-reabrir-estande-imoveis\/"},"wordCount":413,"publisher":{"@id":"https:\/\/www.suno.com.br\/noticias\/#organization"},"image":{"@id":"https:\/\/www.suno.com.br\/noticias\/sp-abrainc-reabrir-estande-imoveis\/#primaryimage"},"thumbnailUrl":"https:\/\/files.sunoresearch.com.br\/n\/uploads\/2020\/06\/e54f55ff-im\u00f3veis-jpg.webp","keywords":["mercado imobili\u00e1rio"],"articleSection":["Finan\u00e7as Pessoais"],"inLanguage":"pt-BR"},{"@type":"WebPage","@id":"https:\/\/www.suno.com.br\/noticias\/sp-abrainc-reabrir-estande-imoveis\/","url":"https:\/\/www.suno.com.br\/noticias\/sp-abrainc-reabrir-estande-imoveis\/","name":"Prefeitura de SP e Abrainc regulamentam reabertura de stands de im\u00f3veis","isPartOf":{"@id":"https:\/\/www.suno.com.br\/noticias\/#website"},"primaryImageOfPage":{"@id":"https:\/\/www.suno.com.br\/noticias\/sp-abrainc-reabrir-estande-imoveis\/#primaryimage"},"image":{"@id":"https:\/\/www.suno.com.br\/noticias\/sp-abrainc-reabrir-estande-imoveis\/#primaryimage"},"thumbnailUrl":"https:\/\/files.sunoresearch.com.br\/n\/uploads\/2020\/06\/e54f55ff-im\u00f3veis-jpg.webp","datePublished":"2020-06-10T00:14:47+00:00","dateModified":"2021-06-14T02:41:33+00:00","description":"A Prefeitura de S\u00e3o Paulo e a Abrainc assinaram protocolo para reabrir estandes de im\u00f3veis nesta quarta-feira (10). Clique para saber mais","breadcrumb":{"@id":"https:\/\/www.suno.com.br\/noticias\/sp-abrainc-reabrir-estande-imoveis\/#breadcrumb"},"inLanguage":"pt-BR","potentialAction":[{"@type":"ReadAction","target":["https:\/\/www.suno.com.br\/noticias\/sp-abrainc-reabrir-estande-imoveis\/"]}]},{"@type":"ImageObject","inLanguage":"pt-BR","@id":"https:\/\/www.suno.com.br\/noticias\/sp-abrainc-reabrir-estande-imoveis\/#primaryimage","url":"https:\/\/files.sunoresearch.com.br\/n\/uploads\/2020\/06\/e54f55ff-im\u00f3veis-jpg.webp","contentUrl":"https:\/\/files.sunoresearch.com.br\/n\/uploads\/2020\/06\/e54f55ff-im\u00f3veis-jpg.webp","width":910,"height":683,"caption":"Capitais brasileiras registram queda nas vendas de im\u00f3veis"},{"@type":"BreadcrumbList","@id":"https:\/\/www.suno.com.br\/noticias\/sp-abrainc-reabrir-estande-imoveis\/#breadcrumb","itemListElement":[{"@type":"ListItem","position":1,"name":"Not\u00edcias","item":"https:\/\/www.suno.com.br\/noticias\/"},{"@type":"ListItem","position":2,"name":"Finan\u00e7as Pessoais","item":"https:\/\/www.suno.com.br\/noticias\/financas-pessoais\/"},{"@type":"ListItem","position":3,"name":"Prefeitura de SP e Abrainc regulamentam reabertura de stands de im\u00f3veis"}]},{"@type":"WebSite","@id":"https:\/\/www.suno.com.br\/noticias\/#website","url":"https:\/\/www.suno.com.br\/noticias\/","name":"Suno Not\u00edcias","description":"Seu portal de informa\u00e7\u00e3o sobre o mundo dos investimentos","publisher":{"@id":"https:\/\/www.suno.com.br\/noticias\/#organization"},"potentialAction":[{"@type":"SearchAction","target":{"@type":"EntryPoint","urlTemplate":"https:\/\/www.suno.com.br\/noticias\/?s={search_term_string}"},"query-input":{"@type":"PropertyValueSpecification","valueRequired":true,"valueName":"search_term_string"}}],"inLanguage":"pt-BR"},{"@type":"Organization","@id":"https:\/\/www.suno.com.br\/noticias\/#organization","name":"Suno Not\u00edcias","url":"https:\/\/www.suno.com.br\/noticias\/","logo":{"@type":"ImageObject","inLanguage":"pt-BR","@id":"https:\/\/www.suno.com.br\/noticias\/#\/schema\/logo\/image\/","url":"https:\/\/files.sunoresearch.com.br\/n\/uploads\/2021\/09\/suno-logo.png","contentUrl":"https:\/\/files.sunoresearch.com.br\/n\/uploads\/2021\/09\/suno-logo.png","width":180,"height":180,"caption":"Suno Not\u00edcias"},"image":{"@id":"https:\/\/www.suno.com.br\/noticias\/#\/schema\/logo\/image\/"},"sameAs":["https:\/\/facebook.com\/sunoresearch","https:\/\/x.com\/sunoresearch","https:\/\/www.instagram.com\/suno","https:\/\/www.linkedin.com\/company\/suno-research\/","https:\/\/www.youtube.com\/c\/sunoresearch"]},{"@type":"Person","@id":"https:\/\/www.suno.com.br\/noticias\/#\/schema\/person\/053a750a709a263919a20f976caae91c","name":"Arthur Guimar\u00e3es","image":{"@type":"ImageObject","inLanguage":"pt-BR","@id":"https:\/\/www.suno.com.br\/noticias\/#\/schema\/person\/image\/","url":"https:\/\/secure.gravatar.com\/avatar\/1affd86a11209ae09eb6dd3bcad3e96c?s=96&r=g","contentUrl":"https:\/\/secure.gravatar.com\/avatar\/1affd86a11209ae09eb6dd3bcad3e96c?s=96&r=g","caption":"Arthur Guimar\u00e3es"},"description":"Arthur Guimar\u00e3es escreve sobre pol\u00edtica, economia e neg\u00f3cios para o portal de not\u00edcias da Suno Research. Atualmente, \u00e9 estudante de jornalismo pela Faculdade C\u00e1sper L\u00edbero.","url":"https:\/\/www.suno.com.br\/noticias\/author\/arthur-guimaraes\/"}]}},"default_loop_html":"<div class=\"cardsPage__listCard__boxs\"><div class=\"cardsPage__listCard__boxs__img\"><a href=\"https:\/\/www.suno.com.br\/noticias\/sp-abrainc-reabrir-estande-imoveis\/\"><img class=\"mask\" src=\"https:\/\/www.suno.com.br\/noticias\/wp-content\/themes\/suno\/resources\/images\/spotlight\/spotlight1img\/bg-mask.png\" alt=\"Image Mask\"\/><img src=\"https:\/\/files.sunoresearch.com.br\/n\/uploads\/2020\/06\/e54f55ff-im\u00f3veis-400x200.webp\" alt=\"Prefeitura de SP e Abrainc regulamentam reabertura de stands de im\u00f3veis\"\/><\/a><span class=\"spotlightCategory\"><a href=\"https:\/\/www.suno.com.br\/noticias\/financas-pessoais\/\">Finan\u00e7as Pessoais<\/a><\/span><\/div><div class=\"cardsPage__listCard__boxs__content\"><a href=\"https:\/\/www.suno.com.br\/noticias\/sp-abrainc-reabrir-estande-imoveis\/\"><h2 class=\"content__title\">Prefeitura de SP e Abrainc regulamentam reabertura de stands de im\u00f3veis<\/h2><\/a><div class=\"newsContent__article__meta\"><div class=\"newsContent__article__meta__authorBox\"><a href=\"https:\/\/www.suno.com.br\/noticias\/author\/arthur-guimaraes\/\" class=\"authorBox__avatar noMobi\"><img src=\"https:\/\/files.sunoresearch.com.br\/n\/uploads\/2020\/02\/dfb40897-eu-150x150.webp\" alt=\"Arthur Guimar\u00e3es\"><\/a><div class=\"authorBox__name\"><span>por\n\t\t\t<a href=\"https:\/\/www.suno.com.br\/noticias\/author\/arthur-guimaraes\/\"><span itemprop=\"author\">Arthur Guimar\u00e3es<\/span><\/a><\/span><time datetime=\"2020-06-09T21:14:47-03:00\" itemprop=\"datePublished\">09\/06\/2020 21:14<\/time><\/div><\/div><\/div><\/div><\/div>","single_layout":"posts","amp_enabled":true,"_links":{"self":[{"href":"https:\/\/www.suno.com.br\/noticias\/wp-json\/wp\/v2\/posts\/68304"}],"collection":[{"href":"https:\/\/www.suno.com.br\/noticias\/wp-json\/wp\/v2\/posts"}],"about":[{"href":"https:\/\/www.suno.com.br\/noticias\/wp-json\/wp\/v2\/types\/post"}],"author":[{"embeddable":true,"href":"https:\/\/www.suno.com.br\/noticias\/wp-json\/wp\/v2\/users\/35"}],"replies":[{"embeddable":true,"href":"https:\/\/www.suno.com.br\/noticias\/wp-json\/wp\/v2\/comments?post=68304"}],"version-history":[{"count":1,"href":"https:\/\/www.suno.com.br\/noticias\/wp-json\/wp\/v2\/posts\/68304\/revisions"}],"predecessor-version":[{"id":157113,"href":"https:\/\/www.suno.com.br\/noticias\/wp-json\/wp\/v2\/posts\/68304\/revisions\/157113"}],"wp:featuredmedia":[{"embeddable":true,"href":"https:\/\/www.suno.com.br\/noticias\/wp-json\/wp\/v2\/media\/68308"}],"wp:attachment":[{"href":"https:\/\/www.suno.com.br\/noticias\/wp-json\/wp\/v2\/media?parent=68304"}],"wp:term":[{"taxonomy":"category","embeddable":true,"href":"https:\/\/www.suno.com.br\/noticias\/wp-json\/wp\/v2\/categories?post=68304"},{"taxonomy":"post_tag","embeddable":true,"href":"https:\/\/www.suno.com.br\/noticias\/wp-json\/wp\/v2\/tags?post=68304"},{"taxonomy":"suno_strategy","embeddable":true,"href":"https:\/\/www.suno.com.br\/noticias\/wp-json\/wp\/v2\/suno_strategy?post=68304"}],"curies":[{"name":"wp","href":"https:\/\/api.w.org\/{rel}","templated":true}]}}