{"id":68274,"date":"2020-06-09T20:11:09","date_gmt":"2020-06-09T23:11:09","guid":{"rendered":"https:\/\/www.suno.com.br\/noticias\/?p=68274"},"modified":"2020-06-09T20:11:09","modified_gmt":"2020-06-09T23:11:09","slug":"azul-azul4-propoe-salario-reduzido-18-meses-garantir-empregos","status":"publish","type":"post","link":"https:\/\/www.suno.com.br\/noticias\/azul-azul4-propoe-salario-reduzido-18-meses-garantir-empregos\/","title":{"rendered":"Azul (AZUL4) prop\u00f5e pagar sal\u00e1rio reduzido para garantir empregos"},"content":{"rendered":"<p>Nesta ter\u00e7a-feira (9) a companhia a\u00e9rea <a href=\"https:\/\/www.suno.com.br\/acoes\/azul4\/\"><strong>Azul<\/strong> (AZUL4)<\/a> anunciou uma proposta de redu\u00e7\u00e3o da jornada e sal\u00e1rios dos seus funcion\u00e1rios por 18 meses. Em troca, a empresa garante a estabilidade dos empregos de pilotos e comiss\u00e1rios pelo per\u00edodo acordado.<\/p>\t<div class=\"wrapper-featured-image\">\n\t\t<figure class=\"spotlightImg\">\n\n\t\t\t<picture>\n\t\t\t\t<source media=\"(max-width: 768px)\" srcset=\"https:\/\/files.sunoresearch.com.br\/n\/uploads\/2020\/03\/ec8cf289-e22b3a1c-azul2-1024x615-400x200.webp\">\n\t\t\t\t<img loading=\"lazy\" decoding=\"async\" class=\"newsContent__article__imgCapa lazyloadDisabled newsContent__article__imgCapa--noCaption\" src=\"https:\/\/files.sunoresearch.com.br\/n\/uploads\/2020\/03\/ec8cf289-e22b3a1c-azul2-1024x615-800x450.webp\" width=\"800\" height=\"450\" alt=\"Azul (AZUL4) prop\u00f5e pagar sal\u00e1rio reduzido para garantir empregos\" fetchpriority=high \/>\n\t\t\t<\/picture>\n\n\t\t\t<figcaption class=\"wp-caption-text wp-caption-text--hide\">Avi\u00e3o da Azul em pista de decolagem. (Foto: divulga\u00e7\u00e3o)<\/figcaption>\n\t\t<\/figure>\n\t<\/div>\n\n\n\n<p>Na \u00faltima semana, a Azul j\u00e1 havia apresentado ao <strong>Sindicato Nacional de Aeronautas (SNA)<\/strong> uma proposta preliminar, por\u00e9m ela foi considerada muito dura. Isso levou a empresa a reavaliar o acordo e apresentar um novo plano que, segundo o presidente do SNA, Ondino Dutra, &#8220;trouxe uma melhora consider\u00e1vel a proposta&#8221;.<\/p>\n<p>O acordo proposto pela Azul causar\u00e1 uma redu\u00e7\u00e3o m\u00e9dia de 16% na remunera\u00e7\u00e3o, considerando o corte no sal\u00e1rio e na ajuda de custo. Entre o terceiro trimestre de 2020 e o primeiro trimestre de 2021 haver\u00e1 uma diminui\u00e7\u00e3o de 45% nos sal\u00e1rios. E no quarto trimestre de 2021, a redu\u00e7\u00e3o ser\u00e1 de 25%.<\/p>\n<p><a href=\"https:\/\/lp.suno.com.br\/suno-one\/\">Suno One: acesse gratuitamente eBooks, Minicursos, Artigos e Video Aulas sobre investimentos com um \u00fanico cadastro. Clique para saber mais!<\/a><\/p>\n<p>De acordo com a Azul, em julho, a a\u00e9rea ter\u00e1 uma demanda de apenas 585 pilotos contra um total de 1.909 que a empresa tem hoje. Em dezembro, essa demanda aumentar\u00e1 para 963. E em dezembro de 2021, a empresa prev\u00ea que ter\u00e1 246 pilotos a mais do que precisa.<\/p>\n<p>Dutra tamb\u00e9m explicou que depois de receberem a minuta do acordo, poder\u00e3o avan\u00e7ar com o processo. \u201cQuando finalizarmos esse texto, vamos levar ao Tribunal Superior do Trabalho, para avalia\u00e7\u00e3o. E depois vamos convocar uma live para cada fun\u00e7\u00e3o e uma delibera\u00e7\u00e3o para vota\u00e7\u00e3o online\u201d, disse o presidente do SNA.<\/p>\n<p><a href=\"https:\/\/www.suno.com.br\/noticias\/gol-jornada-flexivel-funcionarios-dezembro-2021\/\">Veja tamb\u00e9m: Gol (GOLL4) negocia jornada flex\u00edvel para funcion\u00e1rios at\u00e9 dezembro de 2021<\/a><\/p>\n<p>Outras companhias a\u00e9reas, como a <a href=\"https:\/\/www.suno.com.br\/acoes\/goll4\/\"><strong>Gol<\/strong> (GOLL4)<\/a> propuseram medidas similares desde o in\u00edcio da pandemia do <strong>coronav\u00edrus (covid-19)<\/strong>. Isso se deve ao efeito negativo que a paralisa\u00e7\u00e3o da economia trouxe principalmente ao setor a\u00e9reo.<\/p>\n<h2>Azul anuncia aumento de voos e destinos em junho<\/h2>\n<p>A empresa anunciou no m\u00eas passado que aumentar\u00e1 o n\u00famero de voos em junho para 168 decolagens di\u00e1rias. Em maio, a m\u00e9dia foi de 115 por dia.<\/p>\n<p><a href=\"https:\/\/www.suno.com.br\/noticias\/azul-azul4-blackrock-reduz-participacao-acionaria-para-495\/\">Saiba mais: Azul (AZUL4): BlackRock reduz participa\u00e7\u00e3o acion\u00e1ria para 4,95%<\/a><\/p>\n<p>A companhia a\u00e9rea comunicou que ir\u00e1 voar para 57 destinos dom\u00e9sticos em junho ante 38 cidades em maio, e 25 em abril. Apesar da capacidade ser 80% menor, quando comparado com o mesmo per\u00edodo no ano passado, \u201cestamos vendo uma retomada gradual da demanda desde o in\u00edcio da pandemia\u201d, informou a <strong>Azul<\/strong>.<\/p>\n\n","protected":false},"excerpt":{"rendered":"<p>Nesta ter\u00e7a-feira (9) a companhia a\u00e9rea Azul (AZUL4) anunciou uma proposta de redu\u00e7\u00e3o da jornada e sal\u00e1rios dos seus funcion\u00e1rios por 18 meses. Em troca, a empresa garante a estabilidade dos empregos de pilotos e comiss\u00e1rios pelo per\u00edodo acordado. Avi\u00e3o da Azul em pista de decolagem. (Foto: divulga\u00e7\u00e3o) Na \u00faltima semana, a Azul j\u00e1 havia [&hellip;]<\/p>\n","protected":false},"author":44,"featured_media":58467,"comment_status":"closed","ping_status":"closed","sticky":false,"template":"","format":"standard","meta":[],"categories":[64],"tags":[106932,5255,489],"suno_strategy":[],"class_list":["post-68274","post","type-post","status-publish","format-standard","has-post-thumbnail","hentry","category-negocios","tag-azul-azul4","tag-covid-19","tag-gol-linhas-aereas-goll11-goll4"],"yoast_head":"<!-- This site is optimized with the Yoast SEO plugin v24.4 - https:\/\/yoast.com\/wordpress\/plugins\/seo\/ -->\n<title>Azul prop\u00f5e pagar sal\u00e1rio reduzido para garantir empregos<\/title>\n<meta name=\"description\" content=\"Nesta ter\u00e7a-feira (9) a Azul anunciou uma proposta de redu\u00e7\u00e3o da jornada e sal\u00e1rios dos seus funcion\u00e1rios por 18 meses. Clique para ver mais.\" \/>\n<meta name=\"robots\" content=\"index, follow, max-snippet:-1, max-image-preview:large, max-video-preview:-1\" \/>\n<link rel=\"canonical\" href=\"https:\/\/www.suno.com.br\/noticias\/azul-azul4-propoe-salario-reduzido-18-meses-garantir-empregos\/\" \/>\n<meta property=\"og:locale\" content=\"pt_BR\" \/>\n<meta property=\"og:type\" content=\"article\" \/>\n<meta property=\"og:title\" content=\"Azul prop\u00f5e pagar sal\u00e1rio reduzido para garantir empregos\" \/>\n<meta property=\"og:description\" content=\"Nesta ter\u00e7a-feira (9) a Azul anunciou uma proposta de redu\u00e7\u00e3o da jornada e sal\u00e1rios dos seus funcion\u00e1rios por 18 meses. Clique para ver mais.\" \/>\n<meta property=\"og:url\" content=\"https:\/\/www.suno.com.br\/noticias\/azul-azul4-propoe-salario-reduzido-18-meses-garantir-empregos\/\" \/>\n<meta property=\"og:site_name\" content=\"Suno Not\u00edcias\" \/>\n<meta property=\"article:publisher\" content=\"https:\/\/facebook.com\/sunoresearch\" \/>\n<meta property=\"og:image\" content=\"https:\/\/files.sunoresearch.com.br\/n\/uploads\/2020\/03\/ec8cf289-e22b3a1c-azul2-1024x615.jpg\" \/>\n\t<meta property=\"og:image:width\" content=\"1024\" \/>\n\t<meta property=\"og:image:height\" content=\"615\" \/>\n\t<meta property=\"og:image:type\" content=\"image\/jpeg\" \/>\n<meta name=\"author\" content=\"Daniel Guimar\u00e3es\" \/>\n<meta name=\"twitter:card\" content=\"summary_large_image\" \/>\n<meta name=\"twitter:creator\" content=\"@sunoresearch\" \/>\n<meta name=\"twitter:site\" content=\"@sunoresearch\" \/>\n<meta name=\"twitter:label1\" content=\"Escrito por\" \/>\n\t<meta name=\"twitter:data1\" content=\"Daniel Guimar\u00e3es\" \/>\n\t<meta name=\"twitter:label2\" content=\"Est. tempo de leitura\" \/>\n\t<meta name=\"twitter:data2\" content=\"2 minutos\" \/>\n<script type=\"application\/ld+json\" class=\"yoast-schema-graph\">{\"@context\":\"https:\/\/schema.org\",\"@graph\":[{\"@type\":\"NewsArticle\",\"@id\":\"https:\/\/www.suno.com.br\/noticias\/azul-azul4-propoe-salario-reduzido-18-meses-garantir-empregos\/#article\",\"isPartOf\":{\"@id\":\"https:\/\/www.suno.com.br\/noticias\/azul-azul4-propoe-salario-reduzido-18-meses-garantir-empregos\/\"},\"author\":{\"name\":\"Daniel Guimar\u00e3es\",\"@id\":\"https:\/\/www.suno.com.br\/noticias\/#\/schema\/person\/a7796c19fcf6bafd03b9a2fa1fd9ae20\"},\"headline\":\"Azul (AZUL4) prop\u00f5e pagar sal\u00e1rio reduzido para garantir empregos\",\"datePublished\":\"2020-06-09T23:11:09+00:00\",\"mainEntityOfPage\":{\"@id\":\"https:\/\/www.suno.com.br\/noticias\/azul-azul4-propoe-salario-reduzido-18-meses-garantir-empregos\/\"},\"wordCount\":446,\"publisher\":{\"@id\":\"https:\/\/www.suno.com.br\/noticias\/#organization\"},\"image\":{\"@id\":\"https:\/\/www.suno.com.br\/noticias\/azul-azul4-propoe-salario-reduzido-18-meses-garantir-empregos\/#primaryimage\"},\"thumbnailUrl\":\"https:\/\/files.sunoresearch.com.br\/n\/uploads\/2020\/03\/ec8cf289-e22b3a1c-azul2-1024x615-jpg.webp\",\"keywords\":[\"Azul (AZUL4)\",\"covid-19\",\"Gol Linhas A\u00e9reas (GOLL11\/GOLL4)\"],\"articleSection\":[\"Neg\u00f3cios\"],\"inLanguage\":\"pt-BR\"},{\"@type\":\"WebPage\",\"@id\":\"https:\/\/www.suno.com.br\/noticias\/azul-azul4-propoe-salario-reduzido-18-meses-garantir-empregos\/\",\"url\":\"https:\/\/www.suno.com.br\/noticias\/azul-azul4-propoe-salario-reduzido-18-meses-garantir-empregos\/\",\"name\":\"Azul prop\u00f5e pagar sal\u00e1rio reduzido para garantir empregos\",\"isPartOf\":{\"@id\":\"https:\/\/www.suno.com.br\/noticias\/#website\"},\"primaryImageOfPage\":{\"@id\":\"https:\/\/www.suno.com.br\/noticias\/azul-azul4-propoe-salario-reduzido-18-meses-garantir-empregos\/#primaryimage\"},\"image\":{\"@id\":\"https:\/\/www.suno.com.br\/noticias\/azul-azul4-propoe-salario-reduzido-18-meses-garantir-empregos\/#primaryimage\"},\"thumbnailUrl\":\"https:\/\/files.sunoresearch.com.br\/n\/uploads\/2020\/03\/ec8cf289-e22b3a1c-azul2-1024x615-jpg.webp\",\"datePublished\":\"2020-06-09T23:11:09+00:00\",\"description\":\"Nesta ter\u00e7a-feira (9) a Azul anunciou uma proposta de redu\u00e7\u00e3o da jornada e sal\u00e1rios dos seus funcion\u00e1rios por 18 meses. Clique para ver mais.\",\"breadcrumb\":{\"@id\":\"https:\/\/www.suno.com.br\/noticias\/azul-azul4-propoe-salario-reduzido-18-meses-garantir-empregos\/#breadcrumb\"},\"inLanguage\":\"pt-BR\",\"potentialAction\":[{\"@type\":\"ReadAction\",\"target\":[\"https:\/\/www.suno.com.br\/noticias\/azul-azul4-propoe-salario-reduzido-18-meses-garantir-empregos\/\"]}]},{\"@type\":\"ImageObject\",\"inLanguage\":\"pt-BR\",\"@id\":\"https:\/\/www.suno.com.br\/noticias\/azul-azul4-propoe-salario-reduzido-18-meses-garantir-empregos\/#primaryimage\",\"url\":\"https:\/\/files.sunoresearch.com.br\/n\/uploads\/2020\/03\/ec8cf289-e22b3a1c-azul2-1024x615-jpg.webp\",\"contentUrl\":\"https:\/\/files.sunoresearch.com.br\/n\/uploads\/2020\/03\/ec8cf289-e22b3a1c-azul2-1024x615-jpg.webp\",\"width\":1024,\"height\":615,\"caption\":\"Avi\u00e3o da Azul em pista de decolagem. (Foto: divulga\u00e7\u00e3o)\"},{\"@type\":\"BreadcrumbList\",\"@id\":\"https:\/\/www.suno.com.br\/noticias\/azul-azul4-propoe-salario-reduzido-18-meses-garantir-empregos\/#breadcrumb\",\"itemListElement\":[{\"@type\":\"ListItem\",\"position\":1,\"name\":\"Not\u00edcias\",\"item\":\"https:\/\/www.suno.com.br\/noticias\/\"},{\"@type\":\"ListItem\",\"position\":2,\"name\":\"Neg\u00f3cios\",\"item\":\"https:\/\/www.suno.com.br\/noticias\/negocios\/\"},{\"@type\":\"ListItem\",\"position\":3,\"name\":\"Azul (AZUL4) prop\u00f5e pagar sal\u00e1rio reduzido para garantir empregos\"}]},{\"@type\":\"WebSite\",\"@id\":\"https:\/\/www.suno.com.br\/noticias\/#website\",\"url\":\"https:\/\/www.suno.com.br\/noticias\/\",\"name\":\"Suno Not\u00edcias\",\"description\":\"Seu portal de informa\u00e7\u00e3o sobre o mundo dos investimentos\",\"publisher\":{\"@id\":\"https:\/\/www.suno.com.br\/noticias\/#organization\"},\"potentialAction\":[{\"@type\":\"SearchAction\",\"target\":{\"@type\":\"EntryPoint\",\"urlTemplate\":\"https:\/\/www.suno.com.br\/noticias\/?s={search_term_string}\"},\"query-input\":{\"@type\":\"PropertyValueSpecification\",\"valueRequired\":true,\"valueName\":\"search_term_string\"}}],\"inLanguage\":\"pt-BR\"},{\"@type\":\"Organization\",\"@id\":\"https:\/\/www.suno.com.br\/noticias\/#organization\",\"name\":\"Suno Not\u00edcias\",\"url\":\"https:\/\/www.suno.com.br\/noticias\/\",\"logo\":{\"@type\":\"ImageObject\",\"inLanguage\":\"pt-BR\",\"@id\":\"https:\/\/www.suno.com.br\/noticias\/#\/schema\/logo\/image\/\",\"url\":\"https:\/\/files.sunoresearch.com.br\/n\/uploads\/2021\/09\/suno-logo.png\",\"contentUrl\":\"https:\/\/files.sunoresearch.com.br\/n\/uploads\/2021\/09\/suno-logo.png\",\"width\":180,\"height\":180,\"caption\":\"Suno Not\u00edcias\"},\"image\":{\"@id\":\"https:\/\/www.suno.com.br\/noticias\/#\/schema\/logo\/image\/\"},\"sameAs\":[\"https:\/\/facebook.com\/sunoresearch\",\"https:\/\/x.com\/sunoresearch\",\"https:\/\/www.instagram.com\/suno\",\"https:\/\/www.linkedin.com\/company\/suno-research\/\",\"https:\/\/www.youtube.com\/c\/sunoresearch\"]},{\"@type\":\"Person\",\"@id\":\"https:\/\/www.suno.com.br\/noticias\/#\/schema\/person\/a7796c19fcf6bafd03b9a2fa1fd9ae20\",\"name\":\"Daniel Guimar\u00e3es\",\"image\":{\"@type\":\"ImageObject\",\"inLanguage\":\"pt-BR\",\"@id\":\"https:\/\/www.suno.com.br\/noticias\/#\/schema\/person\/image\/\",\"url\":\"https:\/\/secure.gravatar.com\/avatar\/fb8260757609f58f0c0ac079d1b32eff?s=96&r=g\",\"contentUrl\":\"https:\/\/secure.gravatar.com\/avatar\/fb8260757609f58f0c0ac079d1b32eff?s=96&r=g\",\"caption\":\"Daniel Guimar\u00e3es\"},\"description\":\"Estagi\u00e1rio na Suno Not\u00edcias, Daniel escreve not\u00edcias que afetam o mercado financeiro brasileiro e internacional. Estuda economia na Rutgers University, em New Jersey.\",\"sameAs\":[\"suno.research\"],\"url\":\"https:\/\/www.suno.com.br\/noticias\/author\/daniel\/\"}]}<\/script>\n<!-- \/ Yoast SEO plugin. -->","yoast_head_json":{"title":"Azul prop\u00f5e pagar sal\u00e1rio reduzido para garantir empregos","description":"Nesta ter\u00e7a-feira (9) a Azul anunciou uma proposta de redu\u00e7\u00e3o da jornada e sal\u00e1rios dos seus funcion\u00e1rios por 18 meses. Clique para ver mais.","robots":{"index":"index","follow":"follow","max-snippet":"max-snippet:-1","max-image-preview":"max-image-preview:large","max-video-preview":"max-video-preview:-1"},"canonical":"https:\/\/www.suno.com.br\/noticias\/azul-azul4-propoe-salario-reduzido-18-meses-garantir-empregos\/","og_locale":"pt_BR","og_type":"article","og_title":"Azul prop\u00f5e pagar sal\u00e1rio reduzido para garantir empregos","og_description":"Nesta ter\u00e7a-feira (9) a Azul anunciou uma proposta de redu\u00e7\u00e3o da jornada e sal\u00e1rios dos seus funcion\u00e1rios por 18 meses. Clique para ver mais.","og_url":"https:\/\/www.suno.com.br\/noticias\/azul-azul4-propoe-salario-reduzido-18-meses-garantir-empregos\/","og_site_name":"Suno Not\u00edcias","article_publisher":"https:\/\/facebook.com\/sunoresearch","og_image":[{"width":1024,"height":615,"url":"https:\/\/files.sunoresearch.com.br\/n\/uploads\/2020\/03\/ec8cf289-e22b3a1c-azul2-1024x615.jpg","type":"image\/jpeg"}],"author":"Daniel Guimar\u00e3es","twitter_card":"summary_large_image","twitter_creator":"@sunoresearch","twitter_site":"@sunoresearch","twitter_misc":{"Escrito por":"Daniel Guimar\u00e3es","Est. tempo de leitura":"2 minutos"},"schema":{"@context":"https:\/\/schema.org","@graph":[{"@type":"NewsArticle","@id":"https:\/\/www.suno.com.br\/noticias\/azul-azul4-propoe-salario-reduzido-18-meses-garantir-empregos\/#article","isPartOf":{"@id":"https:\/\/www.suno.com.br\/noticias\/azul-azul4-propoe-salario-reduzido-18-meses-garantir-empregos\/"},"author":{"name":"Daniel Guimar\u00e3es","@id":"https:\/\/www.suno.com.br\/noticias\/#\/schema\/person\/a7796c19fcf6bafd03b9a2fa1fd9ae20"},"headline":"Azul (AZUL4) prop\u00f5e pagar sal\u00e1rio reduzido para garantir empregos","datePublished":"2020-06-09T23:11:09+00:00","mainEntityOfPage":{"@id":"https:\/\/www.suno.com.br\/noticias\/azul-azul4-propoe-salario-reduzido-18-meses-garantir-empregos\/"},"wordCount":446,"publisher":{"@id":"https:\/\/www.suno.com.br\/noticias\/#organization"},"image":{"@id":"https:\/\/www.suno.com.br\/noticias\/azul-azul4-propoe-salario-reduzido-18-meses-garantir-empregos\/#primaryimage"},"thumbnailUrl":"https:\/\/files.sunoresearch.com.br\/n\/uploads\/2020\/03\/ec8cf289-e22b3a1c-azul2-1024x615-jpg.webp","keywords":["Azul (AZUL4)","covid-19","Gol Linhas A\u00e9reas (GOLL11\/GOLL4)"],"articleSection":["Neg\u00f3cios"],"inLanguage":"pt-BR"},{"@type":"WebPage","@id":"https:\/\/www.suno.com.br\/noticias\/azul-azul4-propoe-salario-reduzido-18-meses-garantir-empregos\/","url":"https:\/\/www.suno.com.br\/noticias\/azul-azul4-propoe-salario-reduzido-18-meses-garantir-empregos\/","name":"Azul prop\u00f5e pagar sal\u00e1rio reduzido para garantir empregos","isPartOf":{"@id":"https:\/\/www.suno.com.br\/noticias\/#website"},"primaryImageOfPage":{"@id":"https:\/\/www.suno.com.br\/noticias\/azul-azul4-propoe-salario-reduzido-18-meses-garantir-empregos\/#primaryimage"},"image":{"@id":"https:\/\/www.suno.com.br\/noticias\/azul-azul4-propoe-salario-reduzido-18-meses-garantir-empregos\/#primaryimage"},"thumbnailUrl":"https:\/\/files.sunoresearch.com.br\/n\/uploads\/2020\/03\/ec8cf289-e22b3a1c-azul2-1024x615-jpg.webp","datePublished":"2020-06-09T23:11:09+00:00","description":"Nesta ter\u00e7a-feira (9) a Azul anunciou uma proposta de redu\u00e7\u00e3o da jornada e sal\u00e1rios dos seus funcion\u00e1rios por 18 meses. Clique para ver mais.","breadcrumb":{"@id":"https:\/\/www.suno.com.br\/noticias\/azul-azul4-propoe-salario-reduzido-18-meses-garantir-empregos\/#breadcrumb"},"inLanguage":"pt-BR","potentialAction":[{"@type":"ReadAction","target":["https:\/\/www.suno.com.br\/noticias\/azul-azul4-propoe-salario-reduzido-18-meses-garantir-empregos\/"]}]},{"@type":"ImageObject","inLanguage":"pt-BR","@id":"https:\/\/www.suno.com.br\/noticias\/azul-azul4-propoe-salario-reduzido-18-meses-garantir-empregos\/#primaryimage","url":"https:\/\/files.sunoresearch.com.br\/n\/uploads\/2020\/03\/ec8cf289-e22b3a1c-azul2-1024x615-jpg.webp","contentUrl":"https:\/\/files.sunoresearch.com.br\/n\/uploads\/2020\/03\/ec8cf289-e22b3a1c-azul2-1024x615-jpg.webp","width":1024,"height":615,"caption":"Avi\u00e3o da Azul em pista de decolagem. (Foto: divulga\u00e7\u00e3o)"},{"@type":"BreadcrumbList","@id":"https:\/\/www.suno.com.br\/noticias\/azul-azul4-propoe-salario-reduzido-18-meses-garantir-empregos\/#breadcrumb","itemListElement":[{"@type":"ListItem","position":1,"name":"Not\u00edcias","item":"https:\/\/www.suno.com.br\/noticias\/"},{"@type":"ListItem","position":2,"name":"Neg\u00f3cios","item":"https:\/\/www.suno.com.br\/noticias\/negocios\/"},{"@type":"ListItem","position":3,"name":"Azul (AZUL4) prop\u00f5e pagar sal\u00e1rio reduzido para garantir empregos"}]},{"@type":"WebSite","@id":"https:\/\/www.suno.com.br\/noticias\/#website","url":"https:\/\/www.suno.com.br\/noticias\/","name":"Suno Not\u00edcias","description":"Seu portal de informa\u00e7\u00e3o sobre o mundo dos investimentos","publisher":{"@id":"https:\/\/www.suno.com.br\/noticias\/#organization"},"potentialAction":[{"@type":"SearchAction","target":{"@type":"EntryPoint","urlTemplate":"https:\/\/www.suno.com.br\/noticias\/?s={search_term_string}"},"query-input":{"@type":"PropertyValueSpecification","valueRequired":true,"valueName":"search_term_string"}}],"inLanguage":"pt-BR"},{"@type":"Organization","@id":"https:\/\/www.suno.com.br\/noticias\/#organization","name":"Suno Not\u00edcias","url":"https:\/\/www.suno.com.br\/noticias\/","logo":{"@type":"ImageObject","inLanguage":"pt-BR","@id":"https:\/\/www.suno.com.br\/noticias\/#\/schema\/logo\/image\/","url":"https:\/\/files.sunoresearch.com.br\/n\/uploads\/2021\/09\/suno-logo.png","contentUrl":"https:\/\/files.sunoresearch.com.br\/n\/uploads\/2021\/09\/suno-logo.png","width":180,"height":180,"caption":"Suno Not\u00edcias"},"image":{"@id":"https:\/\/www.suno.com.br\/noticias\/#\/schema\/logo\/image\/"},"sameAs":["https:\/\/facebook.com\/sunoresearch","https:\/\/x.com\/sunoresearch","https:\/\/www.instagram.com\/suno","https:\/\/www.linkedin.com\/company\/suno-research\/","https:\/\/www.youtube.com\/c\/sunoresearch"]},{"@type":"Person","@id":"https:\/\/www.suno.com.br\/noticias\/#\/schema\/person\/a7796c19fcf6bafd03b9a2fa1fd9ae20","name":"Daniel Guimar\u00e3es","image":{"@type":"ImageObject","inLanguage":"pt-BR","@id":"https:\/\/www.suno.com.br\/noticias\/#\/schema\/person\/image\/","url":"https:\/\/secure.gravatar.com\/avatar\/fb8260757609f58f0c0ac079d1b32eff?s=96&r=g","contentUrl":"https:\/\/secure.gravatar.com\/avatar\/fb8260757609f58f0c0ac079d1b32eff?s=96&r=g","caption":"Daniel Guimar\u00e3es"},"description":"Estagi\u00e1rio na Suno Not\u00edcias, Daniel escreve not\u00edcias que afetam o mercado financeiro brasileiro e internacional. Estuda economia na Rutgers University, em New Jersey.","sameAs":["suno.research"],"url":"https:\/\/www.suno.com.br\/noticias\/author\/daniel\/"}]}},"default_loop_html":"<div class=\"cardsPage__listCard__boxs\"><div class=\"cardsPage__listCard__boxs__img\"><a href=\"https:\/\/www.suno.com.br\/noticias\/azul-azul4-propoe-salario-reduzido-18-meses-garantir-empregos\/\"><img class=\"mask\" src=\"https:\/\/www.suno.com.br\/noticias\/wp-content\/themes\/suno\/resources\/images\/spotlight\/spotlight1img\/bg-mask.png\" alt=\"Image Mask\"\/><img src=\"https:\/\/files.sunoresearch.com.br\/n\/uploads\/2020\/03\/ec8cf289-e22b3a1c-azul2-1024x615-400x200.webp\" alt=\"Azul (AZUL4) prop\u00f5e pagar sal\u00e1rio reduzido para garantir empregos\"\/><\/a><span class=\"spotlightCategory\"><a href=\"https:\/\/www.suno.com.br\/noticias\/negocios\/\">Neg\u00f3cios<\/a><\/span><\/div><div class=\"cardsPage__listCard__boxs__content\"><a href=\"https:\/\/www.suno.com.br\/noticias\/azul-azul4-propoe-salario-reduzido-18-meses-garantir-empregos\/\"><h2 class=\"content__title\">Azul (AZUL4) prop\u00f5e pagar sal\u00e1rio reduzido para garantir empregos<\/h2><\/a><div class=\"newsContent__article__meta\"><div class=\"newsContent__article__meta__authorBox\"><a href=\"https:\/\/www.suno.com.br\/noticias\/author\/daniel\/\" class=\"authorBox__avatar noMobi\"><img src=\"https:\/\/files.sunoresearch.com.br\/n\/uploads\/2020\/08\/e51aadd2-whatsapp-image-2020-08-03-at-14.03.48-150x150.webp\" alt=\"Daniel Guimar\u00e3es\"><\/a><div class=\"authorBox__name\"><span>por\n\t\t\t<a href=\"https:\/\/www.suno.com.br\/noticias\/author\/daniel\/\"><span itemprop=\"author\">Daniel Guimar\u00e3es<\/span><\/a><\/span><time datetime=\"2020-06-09T20:11:09-03:00\" itemprop=\"datePublished\">09\/06\/2020 20:11<\/time><\/div><\/div><\/div><\/div><\/div>","single_layout":"posts","amp_enabled":true,"_links":{"self":[{"href":"https:\/\/www.suno.com.br\/noticias\/wp-json\/wp\/v2\/posts\/68274"}],"collection":[{"href":"https:\/\/www.suno.com.br\/noticias\/wp-json\/wp\/v2\/posts"}],"about":[{"href":"https:\/\/www.suno.com.br\/noticias\/wp-json\/wp\/v2\/types\/post"}],"author":[{"embeddable":true,"href":"https:\/\/www.suno.com.br\/noticias\/wp-json\/wp\/v2\/users\/44"}],"replies":[{"embeddable":true,"href":"https:\/\/www.suno.com.br\/noticias\/wp-json\/wp\/v2\/comments?post=68274"}],"version-history":[{"count":0,"href":"https:\/\/www.suno.com.br\/noticias\/wp-json\/wp\/v2\/posts\/68274\/revisions"}],"wp:featuredmedia":[{"embeddable":true,"href":"https:\/\/www.suno.com.br\/noticias\/wp-json\/wp\/v2\/media\/58467"}],"wp:attachment":[{"href":"https:\/\/www.suno.com.br\/noticias\/wp-json\/wp\/v2\/media?parent=68274"}],"wp:term":[{"taxonomy":"category","embeddable":true,"href":"https:\/\/www.suno.com.br\/noticias\/wp-json\/wp\/v2\/categories?post=68274"},{"taxonomy":"post_tag","embeddable":true,"href":"https:\/\/www.suno.com.br\/noticias\/wp-json\/wp\/v2\/tags?post=68274"},{"taxonomy":"suno_strategy","embeddable":true,"href":"https:\/\/www.suno.com.br\/noticias\/wp-json\/wp\/v2\/suno_strategy?post=68274"}],"curies":[{"name":"wp","href":"https:\/\/api.w.org\/{rel}","templated":true}]}}