{"id":68234,"date":"2020-06-09T16:24:09","date_gmt":"2020-06-09T19:24:09","guid":{"rendered":"https:\/\/www.suno.com.br\/noticias\/?p=68234"},"modified":"2020-06-09T16:24:09","modified_gmt":"2020-06-09T19:24:09","slug":"coronavoucher-guedes-confirma-extensao-auxilio","status":"publish","type":"post","link":"https:\/\/www.suno.com.br\/noticias\/coronavoucher-guedes-confirma-extensao-auxilio\/","title":{"rendered":"Coronavoucher: Guedes confirma extens\u00e3o do aux\u00edlio emergencial"},"content":{"rendered":"<p>O ministro da Economia, <a href=\"https:\/\/www.suno.com.br\/tudo-sobre\/paulo-guedes\/\">Paulo Guedes<\/a>, confirmou, na manh\u00e3 desta ter\u00e7a-feira (9), que o <strong>coronavoucher<\/strong>, como ficou conhecido o aux\u00edlio emergencial em fun\u00e7\u00e3o da pandemia do <a href=\"https:\/\/www.suno.com.br\/noticias\/?s=coronavirus\">novo coronav\u00edrus (Covid-19)<\/a>, ser\u00e1 prorrogado. Embora os valores n\u00e3o tenham sido esclarecidos, o ministro adiantou que a extens\u00e3o ser\u00e1 de dois meses.<\/p>\t<div class=\"wrapper-featured-image\">\n\t\t<figure class=\"spotlightImg\">\n\n\t\t\t<picture>\n\t\t\t\t<source media=\"(max-width: 768px)\" srcset=\"https:\/\/files.sunoresearch.com.br\/n\/uploads\/2020\/06\/cde44238-bolsonaro-paulo-guedes-400x200.webp\">\n\t\t\t\t<img loading=\"lazy\" decoding=\"async\" class=\"newsContent__article__imgCapa lazyloadDisabled newsContent__article__imgCapa--noCaption\" src=\"https:\/\/files.sunoresearch.com.br\/n\/uploads\/2020\/06\/cde44238-bolsonaro-paulo-guedes-800x450.webp\" width=\"800\" height=\"450\" alt=\"Coronavoucher: Guedes confirma extens\u00e3o do aux\u00edlio emergencial\" fetchpriority=high \/>\n\t\t\t<\/picture>\n\n\t\t\t<figcaption class=\"wp-caption-text wp-caption-text--hide\">Governo decidiu repartir montante que iria Minist\u00e9rio de Ci\u00eancia e Tecnologia com outros seis minist\u00e9rios - Foto: Ag\u00eancia Brasil<\/figcaption>\n\t\t<\/figure>\n\t<\/div>\n\n\n\n<p>\u201cO presidente j\u00e1 lan\u00e7ou e comunicou isso: que, por dois meses, n\u00f3s vamos estender o aux\u00edlio emergencial&#8221;, afirmou Guedes durante reuni\u00e3o ministerial coordenada pelo presidente <strong>Jair Bolsonaro<\/strong>. Nesta manh\u00e3, o mandat\u00e1rio havia dito que a equipe econ\u00f4mica estava estudando o assunto, <a href=\"https:\/\/www.suno.com.br\/noticias\/coronavoucher-bolsonaro-auxilio-deve-ser-estendido\/\">mas que o coronavoucher &#8220;tem limite&#8221;<\/a>.<\/p>\n<p>&#8220;A ideia da equipe econ\u00f4mica e minha tamb\u00e9m s\u00e3o de duas parcelas de R$ 300. Tem parlamentar que quer R$ 600. Se tirar dos sal\u00e1rios dos parlamentares tudo bem, por mim eu pago at\u00e9 R$ 1.000&#8221;, disse Bolsonaro. A inten\u00e7\u00e3o do <strong>Minist\u00e9rio da Economia<\/strong> \u00e9, em menor medida, ampliar o <a href=\"https:\/\/www.suno.com.br\/noticias\/?s=coronavoucher\">coronavoucher<\/a> e contribuir com a retomada da economia.<\/p>\n<p><a href=\"https:\/\/lp.suno.com.br\/suno-one\/\">Suno One: o primeiro passo para alcan\u00e7ar a sua independ\u00eancia financeira. Acesse agora, \u00e9 gratuito!<\/a><\/p>\n<p>Segundo o presiente, o pagamento de cada parcela do aux\u00edlio custa cerca de R$ 40 bilh\u00f5es. \u201cN\u00e3o tem possibilidade da nossa d\u00edvida continuar crescendo dessa maneira\u201d, salientou.<\/p>\n<p>Na \u00faltima sexta-feira (5), o secret\u00e1rio especial do Minist\u00e9rio da Economia, Waldery Rodrigues, disse que o governo estuda pagar duas parcelas de R$ 300 cada. Segundo o jornal &#8220;O Globo&#8221;, <a href=\"https:\/\/www.suno.com.br\/noticias\/coronavoucher-duas-parcelas-extras-300-reais\/\">a dicuss\u00e3o ainda seria no formato do pagamento do aux\u00edlio<\/a>, se em duas parcelas de R$ 300, ou ent\u00e3o em tr\u00eas parcelas de R$ 200.<\/p>\n<p>Segundo informa\u00e7\u00f5es da <strong>Caixa Econ\u00f4mica Federal<\/strong>, mais de 100 milh\u00f5es de brasileiros j\u00e1 pediram o aux\u00edlio desde a abertura para solicita\u00e7\u00f5es, em 7 de abril. Esse total \u00e9 equivalente quase metade da popula\u00e7\u00e3o do Pa\u00eds. Desses, aproximadamente 59 milh\u00f5es foram considerados eleg\u00edveis, enquanto 42,2 milh\u00f5es foram negados.<\/p>\n<p>No final de maio, o Minist\u00e9rio da Economia atualizou o custo total projetado para o aux\u00edlio, para R$ 152,6 bilh\u00f5es. Originalmente, quando o governo previa um aux\u00edlio de R$ 200 mensais, o custo era estimado em R$ 15 bilh\u00f5es, mais de dez vezes menor.<\/p>\n<p><a href=\"https:\/\/www.suno.com.br\/noticias\/coronavoucher-bolsonaro-auxilio-deve-ser-estendido\/\">Saiba mais: Coronavoucher: Bolsonaro diz que aux\u00edlio \u2018tem limite\u2019<\/a><\/p>\n<p>Segundo o presidente da Caixa, <a href=\"https:\/\/www.suno.com.br\/tudo-sobre\/pedro-guimaraes\/\">Pedro Guimar\u00e3es<\/a>, o <strong>coronavoucher\u00a0<\/strong>\u00e9 <a href=\"https:\/\/www.suno.com.br\/noticias\/coronavoucher-maior-pagamento-historia-brasil\/\">o maior pagamento feito aos brasileiros na hist\u00f3ria<\/a> do Pa\u00eds. A fala foi proferida em entrevista a um programa da &#8220;TV Brasil&#8221;, que foi ao ar no \u00faltimo domingo (7).<\/p>\n\n","protected":false},"excerpt":{"rendered":"<p>O ministro da Economia, Paulo Guedes, confirmou, na manh\u00e3 desta ter\u00e7a-feira (9), que o coronavoucher, como ficou conhecido o aux\u00edlio emergencial em fun\u00e7\u00e3o da pandemia do novo coronav\u00edrus (Covid-19), ser\u00e1 prorrogado. Embora os valores n\u00e3o tenham sido esclarecidos, o ministro adiantou que a extens\u00e3o ser\u00e1 de dois meses. Governo decidiu repartir montante que iria Minist\u00e9rio [&hellip;]<\/p>\n","protected":false},"author":24,"featured_media":68237,"comment_status":"closed","ping_status":"closed","sticky":false,"template":"","format":"standard","meta":[],"categories":[62],"tags":[2487,12737,796],"suno_strategy":[],"class_list":["post-68234","post","type-post","status-publish","format-standard","has-post-thumbnail","hentry","category-economia","tag-coronavirus","tag-coronavoucher","tag-paulo-guedes"],"yoast_head":"<!-- This site is optimized with the Yoast SEO plugin v24.4 - https:\/\/yoast.com\/wordpress\/plugins\/seo\/ -->\n<title>Coronavoucher: Guedes confirma extens\u00e3o do aux\u00edlio emergencial<\/title>\n<meta name=\"description\" content=\"O ministro Paulo Guedes confirmou que o coronavoucher ser\u00e1 prorrogado por mais dois meses, mas n\u00e3o citou valores. Saiba mais.\" \/>\n<meta name=\"robots\" content=\"index, follow, max-snippet:-1, max-image-preview:large, max-video-preview:-1\" \/>\n<link rel=\"canonical\" href=\"https:\/\/www.suno.com.br\/noticias\/coronavoucher-guedes-confirma-extensao-auxilio\/\" \/>\n<meta property=\"og:locale\" content=\"pt_BR\" \/>\n<meta property=\"og:type\" content=\"article\" \/>\n<meta property=\"og:title\" content=\"Coronavoucher: Guedes confirma extens\u00e3o do aux\u00edlio emergencial\" \/>\n<meta property=\"og:description\" content=\"O ministro Paulo Guedes confirmou que o coronavoucher ser\u00e1 prorrogado por mais dois meses, mas n\u00e3o citou valores. Saiba mais.\" \/>\n<meta property=\"og:url\" content=\"https:\/\/www.suno.com.br\/noticias\/coronavoucher-guedes-confirma-extensao-auxilio\/\" \/>\n<meta property=\"og:site_name\" content=\"Suno Not\u00edcias\" \/>\n<meta property=\"article:publisher\" content=\"https:\/\/facebook.com\/sunoresearch\" \/>\n<meta property=\"og:image\" content=\"https:\/\/files.sunoresearch.com.br\/n\/uploads\/2020\/06\/cde44238-bolsonaro-paulo-guedes-1024x683.png\" \/>\n\t<meta property=\"og:image:width\" content=\"1024\" \/>\n\t<meta property=\"og:image:height\" content=\"683\" \/>\n\t<meta property=\"og:image:type\" content=\"image\/png\" \/>\n<meta name=\"author\" content=\"Jader Lazarini\" \/>\n<meta name=\"twitter:card\" content=\"summary_large_image\" \/>\n<meta name=\"twitter:creator\" content=\"@sunoresearch\" \/>\n<meta name=\"twitter:site\" content=\"@sunoresearch\" \/>\n<meta name=\"twitter:label1\" content=\"Escrito por\" \/>\n\t<meta name=\"twitter:data1\" content=\"Jader Lazarini\" \/>\n\t<meta name=\"twitter:label2\" content=\"Est. tempo de leitura\" \/>\n\t<meta name=\"twitter:data2\" content=\"2 minutos\" \/>\n<script type=\"application\/ld+json\" class=\"yoast-schema-graph\">{\"@context\":\"https:\/\/schema.org\",\"@graph\":[{\"@type\":\"NewsArticle\",\"@id\":\"https:\/\/www.suno.com.br\/noticias\/coronavoucher-guedes-confirma-extensao-auxilio\/#article\",\"isPartOf\":{\"@id\":\"https:\/\/www.suno.com.br\/noticias\/coronavoucher-guedes-confirma-extensao-auxilio\/\"},\"author\":{\"name\":\"Jader Lazarini\",\"@id\":\"https:\/\/www.suno.com.br\/noticias\/#\/schema\/person\/918d79de1f0281f01599b93f9ea6e23f\"},\"headline\":\"Coronavoucher: Guedes confirma extens\u00e3o do aux\u00edlio emergencial\",\"datePublished\":\"2020-06-09T19:24:09+00:00\",\"mainEntityOfPage\":{\"@id\":\"https:\/\/www.suno.com.br\/noticias\/coronavoucher-guedes-confirma-extensao-auxilio\/\"},\"wordCount\":435,\"publisher\":{\"@id\":\"https:\/\/www.suno.com.br\/noticias\/#organization\"},\"image\":{\"@id\":\"https:\/\/www.suno.com.br\/noticias\/coronavoucher-guedes-confirma-extensao-auxilio\/#primaryimage\"},\"thumbnailUrl\":\"https:\/\/files.sunoresearch.com.br\/n\/uploads\/2020\/06\/cde44238-bolsonaro-paulo-guedes-png.webp\",\"keywords\":[\"coronav\u00edrus\",\"coronavoucher\",\"Paulo Guedes\"],\"articleSection\":[\"Economia\"],\"inLanguage\":\"pt-BR\"},{\"@type\":\"WebPage\",\"@id\":\"https:\/\/www.suno.com.br\/noticias\/coronavoucher-guedes-confirma-extensao-auxilio\/\",\"url\":\"https:\/\/www.suno.com.br\/noticias\/coronavoucher-guedes-confirma-extensao-auxilio\/\",\"name\":\"Coronavoucher: Guedes confirma extens\u00e3o do aux\u00edlio emergencial\",\"isPartOf\":{\"@id\":\"https:\/\/www.suno.com.br\/noticias\/#website\"},\"primaryImageOfPage\":{\"@id\":\"https:\/\/www.suno.com.br\/noticias\/coronavoucher-guedes-confirma-extensao-auxilio\/#primaryimage\"},\"image\":{\"@id\":\"https:\/\/www.suno.com.br\/noticias\/coronavoucher-guedes-confirma-extensao-auxilio\/#primaryimage\"},\"thumbnailUrl\":\"https:\/\/files.sunoresearch.com.br\/n\/uploads\/2020\/06\/cde44238-bolsonaro-paulo-guedes-png.webp\",\"datePublished\":\"2020-06-09T19:24:09+00:00\",\"description\":\"O ministro Paulo Guedes confirmou que o coronavoucher ser\u00e1 prorrogado por mais dois meses, mas n\u00e3o citou valores. Saiba mais.\",\"breadcrumb\":{\"@id\":\"https:\/\/www.suno.com.br\/noticias\/coronavoucher-guedes-confirma-extensao-auxilio\/#breadcrumb\"},\"inLanguage\":\"pt-BR\",\"potentialAction\":[{\"@type\":\"ReadAction\",\"target\":[\"https:\/\/www.suno.com.br\/noticias\/coronavoucher-guedes-confirma-extensao-auxilio\/\"]}]},{\"@type\":\"ImageObject\",\"inLanguage\":\"pt-BR\",\"@id\":\"https:\/\/www.suno.com.br\/noticias\/coronavoucher-guedes-confirma-extensao-auxilio\/#primaryimage\",\"url\":\"https:\/\/files.sunoresearch.com.br\/n\/uploads\/2020\/06\/cde44238-bolsonaro-paulo-guedes-png.webp\",\"contentUrl\":\"https:\/\/files.sunoresearch.com.br\/n\/uploads\/2020\/06\/cde44238-bolsonaro-paulo-guedes-png.webp\",\"width\":1500,\"height\":1000,\"caption\":\"Governo decidiu repartir montante que iria Minist\u00e9rio de Ci\u00eancia e Tecnologia com outros seis minist\u00e9rios - Foto: Ag\u00eancia Brasil\"},{\"@type\":\"BreadcrumbList\",\"@id\":\"https:\/\/www.suno.com.br\/noticias\/coronavoucher-guedes-confirma-extensao-auxilio\/#breadcrumb\",\"itemListElement\":[{\"@type\":\"ListItem\",\"position\":1,\"name\":\"Not\u00edcias\",\"item\":\"https:\/\/www.suno.com.br\/noticias\/\"},{\"@type\":\"ListItem\",\"position\":2,\"name\":\"Economia\",\"item\":\"https:\/\/www.suno.com.br\/noticias\/economia\/\"},{\"@type\":\"ListItem\",\"position\":3,\"name\":\"Coronavoucher: Guedes confirma extens\u00e3o do aux\u00edlio emergencial\"}]},{\"@type\":\"WebSite\",\"@id\":\"https:\/\/www.suno.com.br\/noticias\/#website\",\"url\":\"https:\/\/www.suno.com.br\/noticias\/\",\"name\":\"Suno Not\u00edcias\",\"description\":\"Seu portal de informa\u00e7\u00e3o sobre o mundo dos investimentos\",\"publisher\":{\"@id\":\"https:\/\/www.suno.com.br\/noticias\/#organization\"},\"potentialAction\":[{\"@type\":\"SearchAction\",\"target\":{\"@type\":\"EntryPoint\",\"urlTemplate\":\"https:\/\/www.suno.com.br\/noticias\/?s={search_term_string}\"},\"query-input\":{\"@type\":\"PropertyValueSpecification\",\"valueRequired\":true,\"valueName\":\"search_term_string\"}}],\"inLanguage\":\"pt-BR\"},{\"@type\":\"Organization\",\"@id\":\"https:\/\/www.suno.com.br\/noticias\/#organization\",\"name\":\"Suno Not\u00edcias\",\"url\":\"https:\/\/www.suno.com.br\/noticias\/\",\"logo\":{\"@type\":\"ImageObject\",\"inLanguage\":\"pt-BR\",\"@id\":\"https:\/\/www.suno.com.br\/noticias\/#\/schema\/logo\/image\/\",\"url\":\"https:\/\/files.sunoresearch.com.br\/n\/uploads\/2021\/09\/suno-logo.png\",\"contentUrl\":\"https:\/\/files.sunoresearch.com.br\/n\/uploads\/2021\/09\/suno-logo.png\",\"width\":180,\"height\":180,\"caption\":\"Suno Not\u00edcias\"},\"image\":{\"@id\":\"https:\/\/www.suno.com.br\/noticias\/#\/schema\/logo\/image\/\"},\"sameAs\":[\"https:\/\/facebook.com\/sunoresearch\",\"https:\/\/x.com\/sunoresearch\",\"https:\/\/www.instagram.com\/suno\",\"https:\/\/www.linkedin.com\/company\/suno-research\/\",\"https:\/\/www.youtube.com\/c\/sunoresearch\"]},{\"@type\":\"Person\",\"@id\":\"https:\/\/www.suno.com.br\/noticias\/#\/schema\/person\/918d79de1f0281f01599b93f9ea6e23f\",\"name\":\"Jader Lazarini\",\"image\":{\"@type\":\"ImageObject\",\"inLanguage\":\"pt-BR\",\"@id\":\"https:\/\/www.suno.com.br\/noticias\/#\/schema\/person\/image\/\",\"url\":\"https:\/\/secure.gravatar.com\/avatar\/3c1ad8caa51589841baeb923fcddea97?s=96&r=g\",\"contentUrl\":\"https:\/\/secure.gravatar.com\/avatar\/3c1ad8caa51589841baeb923fcddea97?s=96&r=g\",\"caption\":\"Jader Lazarini\"},\"description\":\"Jader Lazarini escreve sobre investimentos, finan\u00e7as, economia e neg\u00f3cios. \u00c9 bacharel em Rela\u00e7\u00f5es Internacionais e analista CNPI (2619).\",\"url\":\"https:\/\/www.suno.com.br\/noticias\/author\/jader-lazarini\/\"}]}<\/script>\n<!-- \/ Yoast SEO plugin. -->","yoast_head_json":{"title":"Coronavoucher: Guedes confirma extens\u00e3o do aux\u00edlio emergencial","description":"O ministro Paulo Guedes confirmou que o coronavoucher ser\u00e1 prorrogado por mais dois meses, mas n\u00e3o citou valores. Saiba mais.","robots":{"index":"index","follow":"follow","max-snippet":"max-snippet:-1","max-image-preview":"max-image-preview:large","max-video-preview":"max-video-preview:-1"},"canonical":"https:\/\/www.suno.com.br\/noticias\/coronavoucher-guedes-confirma-extensao-auxilio\/","og_locale":"pt_BR","og_type":"article","og_title":"Coronavoucher: Guedes confirma extens\u00e3o do aux\u00edlio emergencial","og_description":"O ministro Paulo Guedes confirmou que o coronavoucher ser\u00e1 prorrogado por mais dois meses, mas n\u00e3o citou valores. Saiba mais.","og_url":"https:\/\/www.suno.com.br\/noticias\/coronavoucher-guedes-confirma-extensao-auxilio\/","og_site_name":"Suno Not\u00edcias","article_publisher":"https:\/\/facebook.com\/sunoresearch","og_image":[{"width":1024,"height":683,"url":"https:\/\/files.sunoresearch.com.br\/n\/uploads\/2020\/06\/cde44238-bolsonaro-paulo-guedes-1024x683.png","type":"image\/png"}],"author":"Jader Lazarini","twitter_card":"summary_large_image","twitter_creator":"@sunoresearch","twitter_site":"@sunoresearch","twitter_misc":{"Escrito por":"Jader Lazarini","Est. tempo de leitura":"2 minutos"},"schema":{"@context":"https:\/\/schema.org","@graph":[{"@type":"NewsArticle","@id":"https:\/\/www.suno.com.br\/noticias\/coronavoucher-guedes-confirma-extensao-auxilio\/#article","isPartOf":{"@id":"https:\/\/www.suno.com.br\/noticias\/coronavoucher-guedes-confirma-extensao-auxilio\/"},"author":{"name":"Jader Lazarini","@id":"https:\/\/www.suno.com.br\/noticias\/#\/schema\/person\/918d79de1f0281f01599b93f9ea6e23f"},"headline":"Coronavoucher: Guedes confirma extens\u00e3o do aux\u00edlio emergencial","datePublished":"2020-06-09T19:24:09+00:00","mainEntityOfPage":{"@id":"https:\/\/www.suno.com.br\/noticias\/coronavoucher-guedes-confirma-extensao-auxilio\/"},"wordCount":435,"publisher":{"@id":"https:\/\/www.suno.com.br\/noticias\/#organization"},"image":{"@id":"https:\/\/www.suno.com.br\/noticias\/coronavoucher-guedes-confirma-extensao-auxilio\/#primaryimage"},"thumbnailUrl":"https:\/\/files.sunoresearch.com.br\/n\/uploads\/2020\/06\/cde44238-bolsonaro-paulo-guedes-png.webp","keywords":["coronav\u00edrus","coronavoucher","Paulo Guedes"],"articleSection":["Economia"],"inLanguage":"pt-BR"},{"@type":"WebPage","@id":"https:\/\/www.suno.com.br\/noticias\/coronavoucher-guedes-confirma-extensao-auxilio\/","url":"https:\/\/www.suno.com.br\/noticias\/coronavoucher-guedes-confirma-extensao-auxilio\/","name":"Coronavoucher: Guedes confirma extens\u00e3o do aux\u00edlio emergencial","isPartOf":{"@id":"https:\/\/www.suno.com.br\/noticias\/#website"},"primaryImageOfPage":{"@id":"https:\/\/www.suno.com.br\/noticias\/coronavoucher-guedes-confirma-extensao-auxilio\/#primaryimage"},"image":{"@id":"https:\/\/www.suno.com.br\/noticias\/coronavoucher-guedes-confirma-extensao-auxilio\/#primaryimage"},"thumbnailUrl":"https:\/\/files.sunoresearch.com.br\/n\/uploads\/2020\/06\/cde44238-bolsonaro-paulo-guedes-png.webp","datePublished":"2020-06-09T19:24:09+00:00","description":"O ministro Paulo Guedes confirmou que o coronavoucher ser\u00e1 prorrogado por mais dois meses, mas n\u00e3o citou valores. Saiba mais.","breadcrumb":{"@id":"https:\/\/www.suno.com.br\/noticias\/coronavoucher-guedes-confirma-extensao-auxilio\/#breadcrumb"},"inLanguage":"pt-BR","potentialAction":[{"@type":"ReadAction","target":["https:\/\/www.suno.com.br\/noticias\/coronavoucher-guedes-confirma-extensao-auxilio\/"]}]},{"@type":"ImageObject","inLanguage":"pt-BR","@id":"https:\/\/www.suno.com.br\/noticias\/coronavoucher-guedes-confirma-extensao-auxilio\/#primaryimage","url":"https:\/\/files.sunoresearch.com.br\/n\/uploads\/2020\/06\/cde44238-bolsonaro-paulo-guedes-png.webp","contentUrl":"https:\/\/files.sunoresearch.com.br\/n\/uploads\/2020\/06\/cde44238-bolsonaro-paulo-guedes-png.webp","width":1500,"height":1000,"caption":"Governo decidiu repartir montante que iria Minist\u00e9rio de Ci\u00eancia e Tecnologia com outros seis minist\u00e9rios - Foto: Ag\u00eancia Brasil"},{"@type":"BreadcrumbList","@id":"https:\/\/www.suno.com.br\/noticias\/coronavoucher-guedes-confirma-extensao-auxilio\/#breadcrumb","itemListElement":[{"@type":"ListItem","position":1,"name":"Not\u00edcias","item":"https:\/\/www.suno.com.br\/noticias\/"},{"@type":"ListItem","position":2,"name":"Economia","item":"https:\/\/www.suno.com.br\/noticias\/economia\/"},{"@type":"ListItem","position":3,"name":"Coronavoucher: Guedes confirma extens\u00e3o do aux\u00edlio emergencial"}]},{"@type":"WebSite","@id":"https:\/\/www.suno.com.br\/noticias\/#website","url":"https:\/\/www.suno.com.br\/noticias\/","name":"Suno Not\u00edcias","description":"Seu portal de informa\u00e7\u00e3o sobre o mundo dos investimentos","publisher":{"@id":"https:\/\/www.suno.com.br\/noticias\/#organization"},"potentialAction":[{"@type":"SearchAction","target":{"@type":"EntryPoint","urlTemplate":"https:\/\/www.suno.com.br\/noticias\/?s={search_term_string}"},"query-input":{"@type":"PropertyValueSpecification","valueRequired":true,"valueName":"search_term_string"}}],"inLanguage":"pt-BR"},{"@type":"Organization","@id":"https:\/\/www.suno.com.br\/noticias\/#organization","name":"Suno Not\u00edcias","url":"https:\/\/www.suno.com.br\/noticias\/","logo":{"@type":"ImageObject","inLanguage":"pt-BR","@id":"https:\/\/www.suno.com.br\/noticias\/#\/schema\/logo\/image\/","url":"https:\/\/files.sunoresearch.com.br\/n\/uploads\/2021\/09\/suno-logo.png","contentUrl":"https:\/\/files.sunoresearch.com.br\/n\/uploads\/2021\/09\/suno-logo.png","width":180,"height":180,"caption":"Suno Not\u00edcias"},"image":{"@id":"https:\/\/www.suno.com.br\/noticias\/#\/schema\/logo\/image\/"},"sameAs":["https:\/\/facebook.com\/sunoresearch","https:\/\/x.com\/sunoresearch","https:\/\/www.instagram.com\/suno","https:\/\/www.linkedin.com\/company\/suno-research\/","https:\/\/www.youtube.com\/c\/sunoresearch"]},{"@type":"Person","@id":"https:\/\/www.suno.com.br\/noticias\/#\/schema\/person\/918d79de1f0281f01599b93f9ea6e23f","name":"Jader Lazarini","image":{"@type":"ImageObject","inLanguage":"pt-BR","@id":"https:\/\/www.suno.com.br\/noticias\/#\/schema\/person\/image\/","url":"https:\/\/secure.gravatar.com\/avatar\/3c1ad8caa51589841baeb923fcddea97?s=96&r=g","contentUrl":"https:\/\/secure.gravatar.com\/avatar\/3c1ad8caa51589841baeb923fcddea97?s=96&r=g","caption":"Jader Lazarini"},"description":"Jader Lazarini escreve sobre investimentos, finan\u00e7as, economia e neg\u00f3cios. \u00c9 bacharel em Rela\u00e7\u00f5es Internacionais e analista CNPI (2619).","url":"https:\/\/www.suno.com.br\/noticias\/author\/jader-lazarini\/"}]}},"default_loop_html":"<div class=\"cardsPage__listCard__boxs\"><div class=\"cardsPage__listCard__boxs__img\"><a href=\"https:\/\/www.suno.com.br\/noticias\/coronavoucher-guedes-confirma-extensao-auxilio\/\"><img class=\"mask\" src=\"https:\/\/www.suno.com.br\/noticias\/wp-content\/themes\/suno\/resources\/images\/spotlight\/spotlight1img\/bg-mask.png\" alt=\"Image Mask\"\/><img src=\"https:\/\/files.sunoresearch.com.br\/n\/uploads\/2020\/06\/cde44238-bolsonaro-paulo-guedes-400x200.webp\" alt=\"Coronavoucher: Guedes confirma extens\u00e3o do aux\u00edlio emergencial\"\/><\/a><span class=\"spotlightCategory\"><a href=\"https:\/\/www.suno.com.br\/noticias\/economia\/\">Economia<\/a><\/span><\/div><div class=\"cardsPage__listCard__boxs__content\"><a href=\"https:\/\/www.suno.com.br\/noticias\/coronavoucher-guedes-confirma-extensao-auxilio\/\"><h2 class=\"content__title\">Coronavoucher: Guedes confirma extens\u00e3o do aux\u00edlio emergencial<\/h2><\/a><div class=\"newsContent__article__meta\"><div class=\"newsContent__article__meta__authorBox\"><a href=\"https:\/\/www.suno.com.br\/noticias\/author\/jader-lazarini\/\" class=\"authorBox__avatar noMobi\"><img src=\"https:\/\/files.sunoresearch.com.br\/n\/uploads\/2021\/01\/178e6598-foto-perfil-2-150x150.jpg\" alt=\"Jader Lazarini\"><\/a><div class=\"authorBox__name\"><span>por\n\t\t\t<a href=\"https:\/\/www.suno.com.br\/noticias\/author\/jader-lazarini\/\"><span itemprop=\"author\">Jader Lazarini<\/span><\/a><\/span><time datetime=\"2020-06-09T16:24:09-03:00\" itemprop=\"datePublished\">09\/06\/2020 16:24<\/time><\/div><\/div><\/div><\/div><\/div>","single_layout":"posts","amp_enabled":true,"_links":{"self":[{"href":"https:\/\/www.suno.com.br\/noticias\/wp-json\/wp\/v2\/posts\/68234"}],"collection":[{"href":"https:\/\/www.suno.com.br\/noticias\/wp-json\/wp\/v2\/posts"}],"about":[{"href":"https:\/\/www.suno.com.br\/noticias\/wp-json\/wp\/v2\/types\/post"}],"author":[{"embeddable":true,"href":"https:\/\/www.suno.com.br\/noticias\/wp-json\/wp\/v2\/users\/24"}],"replies":[{"embeddable":true,"href":"https:\/\/www.suno.com.br\/noticias\/wp-json\/wp\/v2\/comments?post=68234"}],"version-history":[{"count":0,"href":"https:\/\/www.suno.com.br\/noticias\/wp-json\/wp\/v2\/posts\/68234\/revisions"}],"wp:featuredmedia":[{"embeddable":true,"href":"https:\/\/www.suno.com.br\/noticias\/wp-json\/wp\/v2\/media\/68237"}],"wp:attachment":[{"href":"https:\/\/www.suno.com.br\/noticias\/wp-json\/wp\/v2\/media?parent=68234"}],"wp:term":[{"taxonomy":"category","embeddable":true,"href":"https:\/\/www.suno.com.br\/noticias\/wp-json\/wp\/v2\/categories?post=68234"},{"taxonomy":"post_tag","embeddable":true,"href":"https:\/\/www.suno.com.br\/noticias\/wp-json\/wp\/v2\/tags?post=68234"},{"taxonomy":"suno_strategy","embeddable":true,"href":"https:\/\/www.suno.com.br\/noticias\/wp-json\/wp\/v2\/suno_strategy?post=68234"}],"curies":[{"name":"wp","href":"https:\/\/api.w.org\/{rel}","templated":true}]}}