{"id":68229,"date":"2020-06-09T16:58:15","date_gmt":"2020-06-09T19:58:15","guid":{"rendered":"https:\/\/www.suno.com.br\/noticias\/?p=68229"},"modified":"2021-05-31T00:09:05","modified_gmt":"2021-05-31T03:09:05","slug":"oferta-ativo-movel-oi-oib3-analise-vivo","status":"publish","type":"post","link":"https:\/\/www.suno.com.br\/noticias\/oferta-ativo-movel-oi-oib3-analise-vivo\/","title":{"rendered":"Oferta por rede m\u00f3vel da Oi (OIBR3) ainda est\u00e1 em an\u00e1lise, diz presidente da Vivo"},"content":{"rendered":"<p>O presidente da Vivo, Christian Gebara, informou nesta ter\u00e7a-feira (9) que continua analisando os dados da opera\u00e7\u00e3o m\u00f3vel da <strong>Oi<\/strong> (<a href=\"https:\/\/www.suno.com.br\/acoes\/oibr3\/\">OIBR3<\/a>;<a href=\"https:\/\/www.suno.com.br\/acoes\/oibr4\/\">OIBR4<\/a>). A <a href=\"https:\/\/www.suno.com.br\/acoes\/vivt3\/\">Telef\u00f4nica Brasil<\/a> (<a href=\"https:\/\/www.suno.com.br\/acoes\/vivt3\/\">VIVT3<\/a>;<a href=\"https:\/\/www.suno.com.br\/acoes\/vivt4\/\">VIVT4<\/a>), dona da Vivo, e a <a href=\"https:\/\/www.suno.com.br\/acoes\/timp3\/\">Tim (TIMP3<\/a>) ainda n\u00e3o decidiram se apresentar\u00e3o uma oferta \u00e0 operadora que entrou com pedido de <a href=\"https:\/\/www.suno.com.br\/artigos\/recuperacao-judicial\/\">recupera\u00e7\u00e3o judicial<\/a> em 2016.<\/p>\t<div class=\"wrapper-featured-image\">\n\t\t<figure class=\"spotlightImg\">\n\n\t\t\t<picture>\n\t\t\t\t<source media=\"(max-width: 768px)\" srcset=\"https:\/\/files.sunoresearch.com.br\/n\/uploads\/2020\/03\/ea9196ac-07.-oi-1280x720-400x200.webp\">\n\t\t\t\t<img loading=\"lazy\" decoding=\"async\" class=\"newsContent__article__imgCapa lazyloadDisabled newsContent__article__imgCapa--noCaption\" src=\"https:\/\/files.sunoresearch.com.br\/n\/uploads\/2020\/03\/ea9196ac-07.-oi-1280x720-800x450.webp\" width=\"800\" height=\"450\" alt=\"Oferta por rede m\u00f3vel da Oi (OIBR3) ainda est\u00e1 em an\u00e1lise, diz presidente da Vivo\" fetchpriority=high \/>\n\t\t\t<\/picture>\n\n\t\t\t<figcaption class=\"wp-caption-text wp-caption-text--hide\">Os destaques de empresas do Suno Not\u00edcias mostram os principais acontecimentos que prometem movimentar o mercado durante o dia.<\/figcaption>\n\t\t<\/figure>\n\t<\/div>\n\n\n\n<p>Em uma live promovida pelo jornal Valor, Gerbara explicou que o processo envolve v\u00e1rias etapas e atualmente se encontram na &#8220;<a href=\"https:\/\/www.suno.com.br\/artigos\/due-diligence\/\"><strong>due dilligence<\/strong><\/a>&#8220;. Segundo o executivo, &#8220;\u00e9 algo complexo, ainda mais no caso da Oi, que est\u00e1 em <strong>recupera\u00e7\u00e3o judicial<\/strong>\u201d.<\/p>\n<p>Por mais que a pandemia do <a href=\"https:\/\/www.suno.com.br\/noticias\/?s=coronavirus\">novo <strong>coronav\u00edrus<\/strong> (Covid-19)<\/a> tenha impactado economicamente o pa\u00eds, a venda da opera\u00e7\u00e3o da Oi n\u00e3o teve qualquer modifica\u00e7\u00e3o. Al\u00e9m disso, o processo de venda corre sem estabelecer exclusividade a nenhum dos poss\u00edveis compradores.<\/p>\n<p><a href=\"https:\/\/lp.suno.com.br\/suno-one\/\">Suno One: acesse gratuitamente eBooks, Minicursos, Artigos e Video Aulas sobre investimentos com um \u00fanico cadastro. Clique para saber mais!<\/a><\/p>\n<p>Desde junho de 2016 a Oi vem trabalhando para vender o m\u00e1ximo de ativos n\u00e3o estrat\u00e9gicos poss\u00edveis para refor\u00e7ar seu <a href=\"https:\/\/www.suno.com.br\/artigos\/fluxo-de-caixa\/\">caixa<\/a>.<\/p>\n<h2>Oi adia divulga\u00e7\u00e3o dos resultados financeiros do 1T20<\/h2>\n<p>A companhia comunicou ao mercado em maio o adiamento da data de divulga\u00e7\u00e3o do seu <a href=\"https:\/\/www.suno.com.br\/artigos\/principios-sobre-como-analisar-o-balanco-de-uma-empresa\/\">resultado<\/a> do primeiro trimestre de 2020. Anteriormente estava previsto para ser divulgado no dia 28 de maio, e agora ser\u00e1 no dia 15 de junho.<\/p>\n<p><a href=\"https:\/\/lp.suno.com.br\/lm\/relatorio\/suno-drops-oi-oibr4\/\">Clique aqui e baixe o relat\u00f3rio gratuito da OI (OIBR3)<\/a><\/p>\n<p>No entanto, a Oi antecipou alguns <a href=\"https:\/\/www.suno.com.br\/artigos\/indicadores-financeiros\/\">indicadores financeiros<\/a> preliminares de seu resultado do per\u00edodo, as informa\u00e7\u00f5es n\u00e3o foram revisadas pelos auditores:<\/p>\n<ul>\n<li>O <a href=\"https:\/\/www.suno.com.br\/artigos\/ebitda\/\">Ebitda (lucro antes de juros, impostos, deprecia\u00e7\u00e3o e amortiza\u00e7\u00e3o)<\/a> de rotina foi de R$ 1,481 bilh\u00e3o;<\/li>\n<li>O Caixa totalizou R$ 6,310 bilh\u00f5es;<\/li>\n<\/ul>\n<p><a href=\"https:\/\/www.suno.com.br\/noticias\/oi-oibr3-aguarda-propostas-operacao-movel\/\">Saiba mais: Oi (OIBR3) aguarda propostas por opera\u00e7\u00e3o m\u00f3vel at\u00e9 julho, diz jornal<\/a><\/p>\n<p>De acordo com a <strong>Oi<\/strong>, o adiamento \u00e9 para que as <a href=\"https:\/\/www.suno.com.br\/artigos\/informacoes-trimestrais\/\">informa\u00e7\u00f5es financeiras trimestrais<\/a> e relat\u00f3rio de revis\u00e3o dos <a href=\"https:\/\/www.suno.com.br\/artigos\/parecer-dos-auditores\/\">auditores<\/a> sejam divulgados de maneira coordenada com a proposta de aditamento do plano de recupera\u00e7\u00e3o judicial. \u201cPossibilitando assim melhor visibilidade e compreens\u00e3o pelo mercado, de forma mais contextualizada e abrangente\u201d, informou a empresa.<\/p>\n\n","protected":false},"excerpt":{"rendered":"<p>O presidente da Vivo, Christian Gebara, informou nesta ter\u00e7a-feira (9) que continua analisando os dados da opera\u00e7\u00e3o m\u00f3vel da Oi (OIBR3;OIBR4). A Telef\u00f4nica Brasil (VIVT3;VIVT4), dona da Vivo, e a Tim (TIMP3) ainda n\u00e3o decidiram se apresentar\u00e3o uma oferta \u00e0 operadora que entrou com pedido de recupera\u00e7\u00e3o judicial em 2016. Os destaques de empresas do [&hellip;]<\/p>\n","protected":false},"author":44,"featured_media":55921,"comment_status":"closed","ping_status":"closed","sticky":false,"template":"","format":"standard","meta":[],"categories":[64],"tags":[98053,584,314,659,663,1141],"suno_strategy":[],"class_list":["post-68229","post","type-post","status-publish","format-standard","has-post-thumbnail","hentry","category-negocios","tag-due-dilligence","tag-oi-oibr3-oibr4","tag-recuperacao-judicial","tag-telefonica-vivt3","tag-tim-tims3","tag-vivo"],"yoast_head":"<!-- This site is optimized with the Yoast SEO plugin v24.4 - https:\/\/yoast.com\/wordpress\/plugins\/seo\/ -->\n<title>Oferta por ativo m\u00f3vel da Oi ainda est\u00e1 em an\u00e1lise, diz presidente da Vivo<\/title>\n<meta name=\"description\" content=\"O presidente da Vivo, Christian Gebara, informou que continua analisando os dados da opera\u00e7\u00e3o m\u00f3vel da Oi. Clique para ver mais.\" \/>\n<meta name=\"robots\" content=\"index, follow, max-snippet:-1, max-image-preview:large, max-video-preview:-1\" \/>\n<link rel=\"canonical\" href=\"https:\/\/www.suno.com.br\/noticias\/oferta-ativo-movel-oi-oib3-analise-vivo\/\" \/>\n<meta property=\"og:locale\" content=\"pt_BR\" \/>\n<meta property=\"og:type\" content=\"article\" \/>\n<meta property=\"og:title\" content=\"Oferta por ativo m\u00f3vel da Oi ainda est\u00e1 em an\u00e1lise, diz presidente da Vivo\" \/>\n<meta property=\"og:description\" content=\"O presidente da Vivo, Christian Gebara, informou que continua analisando os dados da opera\u00e7\u00e3o m\u00f3vel da Oi. Clique para ver mais.\" \/>\n<meta property=\"og:url\" content=\"https:\/\/www.suno.com.br\/noticias\/oferta-ativo-movel-oi-oib3-analise-vivo\/\" \/>\n<meta property=\"og:site_name\" content=\"Suno Not\u00edcias\" \/>\n<meta property=\"article:publisher\" content=\"https:\/\/facebook.com\/sunoresearch\" \/>\n<meta property=\"og:image\" content=\"https:\/\/files.sunoresearch.com.br\/n\/uploads\/2020\/03\/ea9196ac-07.-oi-1280x720.jpg\" \/>\n\t<meta property=\"og:image:width\" content=\"1280\" \/>\n\t<meta property=\"og:image:height\" content=\"720\" \/>\n\t<meta property=\"og:image:type\" content=\"image\/jpeg\" \/>\n<meta name=\"author\" content=\"Daniel Guimar\u00e3es\" \/>\n<meta name=\"twitter:card\" content=\"summary_large_image\" \/>\n<meta name=\"twitter:creator\" content=\"@sunoresearch\" \/>\n<meta name=\"twitter:site\" content=\"@sunoresearch\" \/>\n<meta name=\"twitter:label1\" content=\"Escrito por\" \/>\n\t<meta name=\"twitter:data1\" content=\"Daniel Guimar\u00e3es\" \/>\n\t<meta name=\"twitter:label2\" content=\"Est. tempo de leitura\" \/>\n\t<meta name=\"twitter:data2\" content=\"2 minutos\" \/>\n<script type=\"application\/ld+json\" class=\"yoast-schema-graph\">{\"@context\":\"https:\/\/schema.org\",\"@graph\":[{\"@type\":\"NewsArticle\",\"@id\":\"https:\/\/www.suno.com.br\/noticias\/oferta-ativo-movel-oi-oib3-analise-vivo\/#article\",\"isPartOf\":{\"@id\":\"https:\/\/www.suno.com.br\/noticias\/oferta-ativo-movel-oi-oib3-analise-vivo\/\"},\"author\":{\"name\":\"Daniel Guimar\u00e3es\",\"@id\":\"https:\/\/www.suno.com.br\/noticias\/#\/schema\/person\/a7796c19fcf6bafd03b9a2fa1fd9ae20\"},\"headline\":\"Oferta por rede m\u00f3vel da Oi (OIBR3) ainda est\u00e1 em an\u00e1lise, diz presidente da Vivo\",\"datePublished\":\"2020-06-09T19:58:15+00:00\",\"dateModified\":\"2021-05-31T03:09:05+00:00\",\"mainEntityOfPage\":{\"@id\":\"https:\/\/www.suno.com.br\/noticias\/oferta-ativo-movel-oi-oib3-analise-vivo\/\"},\"wordCount\":390,\"publisher\":{\"@id\":\"https:\/\/www.suno.com.br\/noticias\/#organization\"},\"image\":{\"@id\":\"https:\/\/www.suno.com.br\/noticias\/oferta-ativo-movel-oi-oib3-analise-vivo\/#primaryimage\"},\"thumbnailUrl\":\"https:\/\/files.sunoresearch.com.br\/n\/uploads\/2020\/03\/ea9196ac-07.-oi-1280x720-jpg.webp\",\"keywords\":[\"due dilligence\",\"Oi (OIBR3\/OIBR4)\",\"recupera\u00e7\u00e3o judicial\",\"Telef\u00f4nica (VIVT3)\",\"TIM (TIMS3)\",\"Vivo\"],\"articleSection\":[\"Neg\u00f3cios\"],\"inLanguage\":\"pt-BR\"},{\"@type\":\"WebPage\",\"@id\":\"https:\/\/www.suno.com.br\/noticias\/oferta-ativo-movel-oi-oib3-analise-vivo\/\",\"url\":\"https:\/\/www.suno.com.br\/noticias\/oferta-ativo-movel-oi-oib3-analise-vivo\/\",\"name\":\"Oferta por ativo m\u00f3vel da Oi ainda est\u00e1 em an\u00e1lise, diz presidente da Vivo\",\"isPartOf\":{\"@id\":\"https:\/\/www.suno.com.br\/noticias\/#website\"},\"primaryImageOfPage\":{\"@id\":\"https:\/\/www.suno.com.br\/noticias\/oferta-ativo-movel-oi-oib3-analise-vivo\/#primaryimage\"},\"image\":{\"@id\":\"https:\/\/www.suno.com.br\/noticias\/oferta-ativo-movel-oi-oib3-analise-vivo\/#primaryimage\"},\"thumbnailUrl\":\"https:\/\/files.sunoresearch.com.br\/n\/uploads\/2020\/03\/ea9196ac-07.-oi-1280x720-jpg.webp\",\"datePublished\":\"2020-06-09T19:58:15+00:00\",\"dateModified\":\"2021-05-31T03:09:05+00:00\",\"description\":\"O presidente da Vivo, Christian Gebara, informou que continua analisando os dados da opera\u00e7\u00e3o m\u00f3vel da Oi. Clique para ver mais.\",\"breadcrumb\":{\"@id\":\"https:\/\/www.suno.com.br\/noticias\/oferta-ativo-movel-oi-oib3-analise-vivo\/#breadcrumb\"},\"inLanguage\":\"pt-BR\",\"potentialAction\":[{\"@type\":\"ReadAction\",\"target\":[\"https:\/\/www.suno.com.br\/noticias\/oferta-ativo-movel-oi-oib3-analise-vivo\/\"]}]},{\"@type\":\"ImageObject\",\"inLanguage\":\"pt-BR\",\"@id\":\"https:\/\/www.suno.com.br\/noticias\/oferta-ativo-movel-oi-oib3-analise-vivo\/#primaryimage\",\"url\":\"https:\/\/files.sunoresearch.com.br\/n\/uploads\/2020\/03\/ea9196ac-07.-oi-1280x720-jpg.webp\",\"contentUrl\":\"https:\/\/files.sunoresearch.com.br\/n\/uploads\/2020\/03\/ea9196ac-07.-oi-1280x720-jpg.webp\",\"width\":1280,\"height\":720,\"caption\":\"Os destaques de empresas do Suno Not\u00edcias mostram os principais acontecimentos que prometem movimentar o mercado durante o dia.\"},{\"@type\":\"BreadcrumbList\",\"@id\":\"https:\/\/www.suno.com.br\/noticias\/oferta-ativo-movel-oi-oib3-analise-vivo\/#breadcrumb\",\"itemListElement\":[{\"@type\":\"ListItem\",\"position\":1,\"name\":\"Not\u00edcias\",\"item\":\"https:\/\/www.suno.com.br\/noticias\/\"},{\"@type\":\"ListItem\",\"position\":2,\"name\":\"Neg\u00f3cios\",\"item\":\"https:\/\/www.suno.com.br\/noticias\/negocios\/\"},{\"@type\":\"ListItem\",\"position\":3,\"name\":\"Oferta por rede m\u00f3vel da Oi (OIBR3) ainda est\u00e1 em an\u00e1lise, diz presidente da Vivo\"}]},{\"@type\":\"WebSite\",\"@id\":\"https:\/\/www.suno.com.br\/noticias\/#website\",\"url\":\"https:\/\/www.suno.com.br\/noticias\/\",\"name\":\"Suno Not\u00edcias\",\"description\":\"Seu portal de informa\u00e7\u00e3o sobre o mundo dos investimentos\",\"publisher\":{\"@id\":\"https:\/\/www.suno.com.br\/noticias\/#organization\"},\"potentialAction\":[{\"@type\":\"SearchAction\",\"target\":{\"@type\":\"EntryPoint\",\"urlTemplate\":\"https:\/\/www.suno.com.br\/noticias\/?s={search_term_string}\"},\"query-input\":{\"@type\":\"PropertyValueSpecification\",\"valueRequired\":true,\"valueName\":\"search_term_string\"}}],\"inLanguage\":\"pt-BR\"},{\"@type\":\"Organization\",\"@id\":\"https:\/\/www.suno.com.br\/noticias\/#organization\",\"name\":\"Suno Not\u00edcias\",\"url\":\"https:\/\/www.suno.com.br\/noticias\/\",\"logo\":{\"@type\":\"ImageObject\",\"inLanguage\":\"pt-BR\",\"@id\":\"https:\/\/www.suno.com.br\/noticias\/#\/schema\/logo\/image\/\",\"url\":\"https:\/\/files.sunoresearch.com.br\/n\/uploads\/2021\/09\/suno-logo.png\",\"contentUrl\":\"https:\/\/files.sunoresearch.com.br\/n\/uploads\/2021\/09\/suno-logo.png\",\"width\":180,\"height\":180,\"caption\":\"Suno Not\u00edcias\"},\"image\":{\"@id\":\"https:\/\/www.suno.com.br\/noticias\/#\/schema\/logo\/image\/\"},\"sameAs\":[\"https:\/\/facebook.com\/sunoresearch\",\"https:\/\/x.com\/sunoresearch\",\"https:\/\/www.instagram.com\/suno\",\"https:\/\/www.linkedin.com\/company\/suno-research\/\",\"https:\/\/www.youtube.com\/c\/sunoresearch\"]},{\"@type\":\"Person\",\"@id\":\"https:\/\/www.suno.com.br\/noticias\/#\/schema\/person\/a7796c19fcf6bafd03b9a2fa1fd9ae20\",\"name\":\"Daniel Guimar\u00e3es\",\"image\":{\"@type\":\"ImageObject\",\"inLanguage\":\"pt-BR\",\"@id\":\"https:\/\/www.suno.com.br\/noticias\/#\/schema\/person\/image\/\",\"url\":\"https:\/\/secure.gravatar.com\/avatar\/fb8260757609f58f0c0ac079d1b32eff?s=96&r=g\",\"contentUrl\":\"https:\/\/secure.gravatar.com\/avatar\/fb8260757609f58f0c0ac079d1b32eff?s=96&r=g\",\"caption\":\"Daniel Guimar\u00e3es\"},\"description\":\"Estagi\u00e1rio na Suno Not\u00edcias, Daniel escreve not\u00edcias que afetam o mercado financeiro brasileiro e internacional. Estuda economia na Rutgers University, em New Jersey.\",\"sameAs\":[\"suno.research\"],\"url\":\"https:\/\/www.suno.com.br\/noticias\/author\/daniel\/\"}]}<\/script>\n<!-- \/ Yoast SEO plugin. -->","yoast_head_json":{"title":"Oferta por ativo m\u00f3vel da Oi ainda est\u00e1 em an\u00e1lise, diz presidente da Vivo","description":"O presidente da Vivo, Christian Gebara, informou que continua analisando os dados da opera\u00e7\u00e3o m\u00f3vel da Oi. Clique para ver mais.","robots":{"index":"index","follow":"follow","max-snippet":"max-snippet:-1","max-image-preview":"max-image-preview:large","max-video-preview":"max-video-preview:-1"},"canonical":"https:\/\/www.suno.com.br\/noticias\/oferta-ativo-movel-oi-oib3-analise-vivo\/","og_locale":"pt_BR","og_type":"article","og_title":"Oferta por ativo m\u00f3vel da Oi ainda est\u00e1 em an\u00e1lise, diz presidente da Vivo","og_description":"O presidente da Vivo, Christian Gebara, informou que continua analisando os dados da opera\u00e7\u00e3o m\u00f3vel da Oi. Clique para ver mais.","og_url":"https:\/\/www.suno.com.br\/noticias\/oferta-ativo-movel-oi-oib3-analise-vivo\/","og_site_name":"Suno Not\u00edcias","article_publisher":"https:\/\/facebook.com\/sunoresearch","og_image":[{"width":1280,"height":720,"url":"https:\/\/files.sunoresearch.com.br\/n\/uploads\/2020\/03\/ea9196ac-07.-oi-1280x720.jpg","type":"image\/jpeg"}],"author":"Daniel Guimar\u00e3es","twitter_card":"summary_large_image","twitter_creator":"@sunoresearch","twitter_site":"@sunoresearch","twitter_misc":{"Escrito por":"Daniel Guimar\u00e3es","Est. tempo de leitura":"2 minutos"},"schema":{"@context":"https:\/\/schema.org","@graph":[{"@type":"NewsArticle","@id":"https:\/\/www.suno.com.br\/noticias\/oferta-ativo-movel-oi-oib3-analise-vivo\/#article","isPartOf":{"@id":"https:\/\/www.suno.com.br\/noticias\/oferta-ativo-movel-oi-oib3-analise-vivo\/"},"author":{"name":"Daniel Guimar\u00e3es","@id":"https:\/\/www.suno.com.br\/noticias\/#\/schema\/person\/a7796c19fcf6bafd03b9a2fa1fd9ae20"},"headline":"Oferta por rede m\u00f3vel da Oi (OIBR3) ainda est\u00e1 em an\u00e1lise, diz presidente da Vivo","datePublished":"2020-06-09T19:58:15+00:00","dateModified":"2021-05-31T03:09:05+00:00","mainEntityOfPage":{"@id":"https:\/\/www.suno.com.br\/noticias\/oferta-ativo-movel-oi-oib3-analise-vivo\/"},"wordCount":390,"publisher":{"@id":"https:\/\/www.suno.com.br\/noticias\/#organization"},"image":{"@id":"https:\/\/www.suno.com.br\/noticias\/oferta-ativo-movel-oi-oib3-analise-vivo\/#primaryimage"},"thumbnailUrl":"https:\/\/files.sunoresearch.com.br\/n\/uploads\/2020\/03\/ea9196ac-07.-oi-1280x720-jpg.webp","keywords":["due dilligence","Oi (OIBR3\/OIBR4)","recupera\u00e7\u00e3o judicial","Telef\u00f4nica (VIVT3)","TIM (TIMS3)","Vivo"],"articleSection":["Neg\u00f3cios"],"inLanguage":"pt-BR"},{"@type":"WebPage","@id":"https:\/\/www.suno.com.br\/noticias\/oferta-ativo-movel-oi-oib3-analise-vivo\/","url":"https:\/\/www.suno.com.br\/noticias\/oferta-ativo-movel-oi-oib3-analise-vivo\/","name":"Oferta por ativo m\u00f3vel da Oi ainda est\u00e1 em an\u00e1lise, diz presidente da Vivo","isPartOf":{"@id":"https:\/\/www.suno.com.br\/noticias\/#website"},"primaryImageOfPage":{"@id":"https:\/\/www.suno.com.br\/noticias\/oferta-ativo-movel-oi-oib3-analise-vivo\/#primaryimage"},"image":{"@id":"https:\/\/www.suno.com.br\/noticias\/oferta-ativo-movel-oi-oib3-analise-vivo\/#primaryimage"},"thumbnailUrl":"https:\/\/files.sunoresearch.com.br\/n\/uploads\/2020\/03\/ea9196ac-07.-oi-1280x720-jpg.webp","datePublished":"2020-06-09T19:58:15+00:00","dateModified":"2021-05-31T03:09:05+00:00","description":"O presidente da Vivo, Christian Gebara, informou que continua analisando os dados da opera\u00e7\u00e3o m\u00f3vel da Oi. Clique para ver mais.","breadcrumb":{"@id":"https:\/\/www.suno.com.br\/noticias\/oferta-ativo-movel-oi-oib3-analise-vivo\/#breadcrumb"},"inLanguage":"pt-BR","potentialAction":[{"@type":"ReadAction","target":["https:\/\/www.suno.com.br\/noticias\/oferta-ativo-movel-oi-oib3-analise-vivo\/"]}]},{"@type":"ImageObject","inLanguage":"pt-BR","@id":"https:\/\/www.suno.com.br\/noticias\/oferta-ativo-movel-oi-oib3-analise-vivo\/#primaryimage","url":"https:\/\/files.sunoresearch.com.br\/n\/uploads\/2020\/03\/ea9196ac-07.-oi-1280x720-jpg.webp","contentUrl":"https:\/\/files.sunoresearch.com.br\/n\/uploads\/2020\/03\/ea9196ac-07.-oi-1280x720-jpg.webp","width":1280,"height":720,"caption":"Os destaques de empresas do Suno Not\u00edcias mostram os principais acontecimentos que prometem movimentar o mercado durante o dia."},{"@type":"BreadcrumbList","@id":"https:\/\/www.suno.com.br\/noticias\/oferta-ativo-movel-oi-oib3-analise-vivo\/#breadcrumb","itemListElement":[{"@type":"ListItem","position":1,"name":"Not\u00edcias","item":"https:\/\/www.suno.com.br\/noticias\/"},{"@type":"ListItem","position":2,"name":"Neg\u00f3cios","item":"https:\/\/www.suno.com.br\/noticias\/negocios\/"},{"@type":"ListItem","position":3,"name":"Oferta por rede m\u00f3vel da Oi (OIBR3) ainda est\u00e1 em an\u00e1lise, diz presidente da Vivo"}]},{"@type":"WebSite","@id":"https:\/\/www.suno.com.br\/noticias\/#website","url":"https:\/\/www.suno.com.br\/noticias\/","name":"Suno Not\u00edcias","description":"Seu portal de informa\u00e7\u00e3o sobre o mundo dos investimentos","publisher":{"@id":"https:\/\/www.suno.com.br\/noticias\/#organization"},"potentialAction":[{"@type":"SearchAction","target":{"@type":"EntryPoint","urlTemplate":"https:\/\/www.suno.com.br\/noticias\/?s={search_term_string}"},"query-input":{"@type":"PropertyValueSpecification","valueRequired":true,"valueName":"search_term_string"}}],"inLanguage":"pt-BR"},{"@type":"Organization","@id":"https:\/\/www.suno.com.br\/noticias\/#organization","name":"Suno Not\u00edcias","url":"https:\/\/www.suno.com.br\/noticias\/","logo":{"@type":"ImageObject","inLanguage":"pt-BR","@id":"https:\/\/www.suno.com.br\/noticias\/#\/schema\/logo\/image\/","url":"https:\/\/files.sunoresearch.com.br\/n\/uploads\/2021\/09\/suno-logo.png","contentUrl":"https:\/\/files.sunoresearch.com.br\/n\/uploads\/2021\/09\/suno-logo.png","width":180,"height":180,"caption":"Suno Not\u00edcias"},"image":{"@id":"https:\/\/www.suno.com.br\/noticias\/#\/schema\/logo\/image\/"},"sameAs":["https:\/\/facebook.com\/sunoresearch","https:\/\/x.com\/sunoresearch","https:\/\/www.instagram.com\/suno","https:\/\/www.linkedin.com\/company\/suno-research\/","https:\/\/www.youtube.com\/c\/sunoresearch"]},{"@type":"Person","@id":"https:\/\/www.suno.com.br\/noticias\/#\/schema\/person\/a7796c19fcf6bafd03b9a2fa1fd9ae20","name":"Daniel Guimar\u00e3es","image":{"@type":"ImageObject","inLanguage":"pt-BR","@id":"https:\/\/www.suno.com.br\/noticias\/#\/schema\/person\/image\/","url":"https:\/\/secure.gravatar.com\/avatar\/fb8260757609f58f0c0ac079d1b32eff?s=96&r=g","contentUrl":"https:\/\/secure.gravatar.com\/avatar\/fb8260757609f58f0c0ac079d1b32eff?s=96&r=g","caption":"Daniel Guimar\u00e3es"},"description":"Estagi\u00e1rio na Suno Not\u00edcias, Daniel escreve not\u00edcias que afetam o mercado financeiro brasileiro e internacional. Estuda economia na Rutgers University, em New Jersey.","sameAs":["suno.research"],"url":"https:\/\/www.suno.com.br\/noticias\/author\/daniel\/"}]}},"default_loop_html":"<div class=\"cardsPage__listCard__boxs\"><div class=\"cardsPage__listCard__boxs__img\"><a href=\"https:\/\/www.suno.com.br\/noticias\/oferta-ativo-movel-oi-oib3-analise-vivo\/\"><img class=\"mask\" src=\"https:\/\/www.suno.com.br\/noticias\/wp-content\/themes\/suno\/resources\/images\/spotlight\/spotlight1img\/bg-mask.png\" alt=\"Image Mask\"\/><img src=\"https:\/\/files.sunoresearch.com.br\/n\/uploads\/2020\/03\/ea9196ac-07.-oi-1280x720-400x200.webp\" alt=\"Oferta por rede m\u00f3vel da Oi (OIBR3) ainda est\u00e1 em an\u00e1lise, diz presidente da Vivo\"\/><\/a><span class=\"spotlightCategory\"><a href=\"https:\/\/www.suno.com.br\/noticias\/negocios\/\">Neg\u00f3cios<\/a><\/span><\/div><div class=\"cardsPage__listCard__boxs__content\"><a href=\"https:\/\/www.suno.com.br\/noticias\/oferta-ativo-movel-oi-oib3-analise-vivo\/\"><h2 class=\"content__title\">Oferta por rede m\u00f3vel da Oi (OIBR3) ainda est\u00e1 em an\u00e1lise, diz presidente da Vivo<\/h2><\/a><div class=\"newsContent__article__meta\"><div class=\"newsContent__article__meta__authorBox\"><a href=\"https:\/\/www.suno.com.br\/noticias\/author\/daniel\/\" class=\"authorBox__avatar noMobi\"><img src=\"https:\/\/files.sunoresearch.com.br\/n\/uploads\/2020\/08\/e51aadd2-whatsapp-image-2020-08-03-at-14.03.48-150x150.webp\" alt=\"Daniel Guimar\u00e3es\"><\/a><div class=\"authorBox__name\"><span>por\n\t\t\t<a href=\"https:\/\/www.suno.com.br\/noticias\/author\/daniel\/\"><span itemprop=\"author\">Daniel Guimar\u00e3es<\/span><\/a><\/span><time datetime=\"2020-06-09T16:58:15-03:00\" itemprop=\"datePublished\">09\/06\/2020 16:58<\/time><\/div><\/div><\/div><\/div><\/div>","single_layout":"posts","amp_enabled":true,"_links":{"self":[{"href":"https:\/\/www.suno.com.br\/noticias\/wp-json\/wp\/v2\/posts\/68229"}],"collection":[{"href":"https:\/\/www.suno.com.br\/noticias\/wp-json\/wp\/v2\/posts"}],"about":[{"href":"https:\/\/www.suno.com.br\/noticias\/wp-json\/wp\/v2\/types\/post"}],"author":[{"embeddable":true,"href":"https:\/\/www.suno.com.br\/noticias\/wp-json\/wp\/v2\/users\/44"}],"replies":[{"embeddable":true,"href":"https:\/\/www.suno.com.br\/noticias\/wp-json\/wp\/v2\/comments?post=68229"}],"version-history":[{"count":1,"href":"https:\/\/www.suno.com.br\/noticias\/wp-json\/wp\/v2\/posts\/68229\/revisions"}],"predecessor-version":[{"id":152697,"href":"https:\/\/www.suno.com.br\/noticias\/wp-json\/wp\/v2\/posts\/68229\/revisions\/152697"}],"wp:featuredmedia":[{"embeddable":true,"href":"https:\/\/www.suno.com.br\/noticias\/wp-json\/wp\/v2\/media\/55921"}],"wp:attachment":[{"href":"https:\/\/www.suno.com.br\/noticias\/wp-json\/wp\/v2\/media?parent=68229"}],"wp:term":[{"taxonomy":"category","embeddable":true,"href":"https:\/\/www.suno.com.br\/noticias\/wp-json\/wp\/v2\/categories?post=68229"},{"taxonomy":"post_tag","embeddable":true,"href":"https:\/\/www.suno.com.br\/noticias\/wp-json\/wp\/v2\/tags?post=68229"},{"taxonomy":"suno_strategy","embeddable":true,"href":"https:\/\/www.suno.com.br\/noticias\/wp-json\/wp\/v2\/suno_strategy?post=68229"}],"curies":[{"name":"wp","href":"https:\/\/api.w.org\/{rel}","templated":true}]}}