{"id":68220,"date":"2020-06-09T16:05:14","date_gmt":"2020-06-09T19:05:14","guid":{"rendered":"https:\/\/www.suno.com.br\/noticias\/?p=68220"},"modified":"2021-02-17T22:26:38","modified_gmt":"2021-02-18T01:26:38","slug":"coronavirus-china-harvard-agosto-surgimento-wuhan","status":"publish","type":"post","link":"https:\/\/www.suno.com.br\/noticias\/coronavirus-china-harvard-agosto-surgimento-wuhan\/","title":{"rendered":"Segundo pesquisa, coronav\u00edrus pode ter come\u00e7ado a circular em agosto"},"content":{"rendered":"<p>A Escola de Medicina de Harvard, nos EUA, divulgou nessa ter\u00e7a-feira (9) uma pesquisa que indica que h\u00e1 a possibilidade do novo <a href=\"https:\/\/www.suno.com.br\/noticias\/tags\/coronavirus\/\"><strong>coronav\u00edrus<\/strong> (Covid-19)<\/a> ter come\u00e7ado a circular na <a href=\"https:\/\/www.suno.com.br\/noticias\/tags\/china\/\">China<\/a> em agosto do ano passado. A pesquisa se baseou em dados de sites de busca e em imagens de sat\u00e9lites referentes a padr\u00f5es de visitas aos hospitais.<\/p>\t<div class=\"wrapper-featured-image\">\n\t\t<figure class=\"spotlightImg\">\n\n\t\t\t<picture>\n\t\t\t\t<source media=\"(max-width: 768px)\" srcset=\"https:\/\/files.sunoresearch.com.br\/n\/uploads\/2020\/03\/7be42bee-cdc-coronavirus-400x200.webp\">\n\t\t\t\t<img loading=\"lazy\" decoding=\"async\" class=\"newsContent__article__imgCapa lazyloadDisabled newsContent__article__imgCapa--noCaption\" src=\"https:\/\/files.sunoresearch.com.br\/n\/uploads\/2020\/03\/7be42bee-cdc-coronavirus-jpg.webp\" width=\"800\" height=\"450\" alt=\"Segundo pesquisa, coronav\u00edrus pode ter come\u00e7ado a circular em agosto\" fetchpriority=high \/>\n\t\t\t<\/picture>\n\n\t\t\t<figcaption class=\"wp-caption-text wp-caption-text--hide\">Coronav\u00edrus: Pequim fecha mercado ap\u00f3s novos casos da doen\u00e7a<\/figcaption>\n\t\t<\/figure>\n\t<\/div>\n\n\n\n<p>Entretanto, a porta-voz do Minist\u00e9rio das Rela\u00e7\u00f5es Exteriores da <strong>China<\/strong>, Hua Chunying, declarou durante uma coletiva de imprensa: &#8220;acho que \u00e9 rid\u00edculo, incrivelmente rid\u00edculo, chegar a esta conclus\u00e3o com base em observa\u00e7\u00f5es superficiais como volume de tr\u00e1fego&#8221;, se referindo ao estudo. Vale destacar que o novo coronav\u00edrus foi identificado apenas no final de 2019.<\/p>\n<p>O estudo utilizou imagens de sat\u00e9lites dos estacionamentos de hospitais localizados em <strong>Wuhan<\/strong> e de acordo com o levantamento &#8220;o tr\u00e1fego acentuado nos hospitais e os dados de pesquisas de sintomas em Wuhan antecederam o in\u00edcio documentado da <strong>pandemia<\/strong> de SARS-CoV-2 [v\u00edrus causador da doen\u00e7a] em dezembro de 2019&#8243;.<\/p>\n<p><a href=\"https:\/\/lp.suno.com.br\/suno-one\/\">No Suno One voc\u00ea aprende a fazer seu dinheiro para trabalhar para voc\u00ea. Cadastre-se gratuitamente agora!<\/a><\/p>\n<p>Apesar disso, a pesquisa indicou que n\u00e3o pode confirmar se o volume maior tem rela\u00e7\u00e3o direta com a nova doen\u00e7a. Entretanto, completou destacando que &#8220;nossos ind\u00edcios apoiam outros trabalhos recentes que mostram que a emerg\u00eancia aconteceu antes da identifica\u00e7\u00e3o no <strong>mercado de frutos do mar de Huanan<\/strong> [em Wuhan]&#8221;.<\/p>\n<p><a class=\"LinkSuggestion__Link-sc-1mdih4x-2 jZPuuT\" href=\"https:\/\/www.suno.com.br\/noticias\/coronavirus-lancet-retira-estudo-hidroxicloroquina\/\" target=\"_blank\" rel=\"noopener noreferrer\">Saiba mais: Coronav\u00edrus: The Lancet retira estudo sobre hidroxicloroquina<\/a><\/p>\n<p>J\u00e1 sobre os dados dos sites de busca, a pesquisa destaca que em agosto, foi identificado &#8220;um aumento peculiar nas buscas por diarreia que nem foi visto em temporadas de gripe anteriores nem se espelhou nos dados sobre pesquisas de tosse&#8221;.<\/p>\n<h2>Coronav\u00edrus pode ter surgido no sul da China<\/h2>\n<p>O estudo ainda salientou que os estacionamentos de hospitais no sul do pa\u00eds asi\u00e1tico apresentaram um aumento na ocupa\u00e7\u00e3o em agosto do ano passado, e destacou que &#8220;estas descobertas tamb\u00e9m corroboram a hip\u00f3tese de que o v\u00edrus emergiu naturalmente no sul da China e podia j\u00e1 estar circulando na \u00e9poca do foco de Wuhan&#8221;, se referindo ao <strong>coronav\u00edrus<\/strong>.<\/p>\n\n","protected":false},"excerpt":{"rendered":"<p>A Escola de Medicina de Harvard, nos EUA, divulgou nessa ter\u00e7a-feira (9) uma pesquisa que indica que h\u00e1 a possibilidade do novo coronav\u00edrus (Covid-19) ter come\u00e7ado a circular na China em agosto do ano passado. A pesquisa se baseou em dados de sites de busca e em imagens de sat\u00e9lites referentes a padr\u00f5es de visitas [&hellip;]<\/p>\n","protected":false},"author":39,"featured_media":55207,"comment_status":"closed","ping_status":"closed","sticky":false,"template":"","format":"standard","meta":[],"categories":[63],"tags":[711,2487,5255],"suno_strategy":[],"class_list":["post-68220","post","type-post","status-publish","format-standard","has-post-thumbnail","hentry","category-internacional","tag-china","tag-coronavirus","tag-covid-19"],"yoast_head":"<!-- This site is optimized with the Yoast SEO plugin v24.4 - https:\/\/yoast.com\/wordpress\/plugins\/seo\/ -->\n<title>Segundo pesquisa, coronav\u00edrus pode ter come\u00e7ado a circular em agosto<\/title>\n<meta name=\"description\" content=\"Segundo pesquisa de Harvard, h\u00e1 possibilidade do coronav\u00edrus ter come\u00e7ado a circular na China em agosto de 2019. Clique aqui para saber mais.\" \/>\n<meta name=\"robots\" content=\"index, follow, max-snippet:-1, max-image-preview:large, max-video-preview:-1\" \/>\n<link rel=\"canonical\" href=\"https:\/\/www.suno.com.br\/noticias\/coronavirus-china-harvard-agosto-surgimento-wuhan\/\" \/>\n<meta property=\"og:locale\" content=\"pt_BR\" \/>\n<meta property=\"og:type\" content=\"article\" \/>\n<meta property=\"og:title\" content=\"Segundo pesquisa, coronav\u00edrus pode ter come\u00e7ado a circular em agosto\" \/>\n<meta property=\"og:description\" content=\"Segundo pesquisa de Harvard, h\u00e1 possibilidade do coronav\u00edrus ter come\u00e7ado a circular na China em agosto de 2019. Clique aqui para saber mais.\" \/>\n<meta property=\"og:url\" content=\"https:\/\/www.suno.com.br\/noticias\/coronavirus-china-harvard-agosto-surgimento-wuhan\/\" \/>\n<meta property=\"og:site_name\" content=\"Suno Not\u00edcias\" \/>\n<meta property=\"article:publisher\" content=\"https:\/\/facebook.com\/sunoresearch\" \/>\n<meta property=\"og:image\" content=\"https:\/\/files.sunoresearch.com.br\/n\/uploads\/2020\/03\/7be42bee-cdc-coronavirus.jpg\" \/>\n\t<meta property=\"og:image:width\" content=\"720\" \/>\n\t<meta property=\"og:image:height\" content=\"407\" \/>\n\t<meta property=\"og:image:type\" content=\"image\/jpeg\" \/>\n<meta name=\"author\" content=\"Laura Moutinho\" \/>\n<meta name=\"twitter:card\" content=\"summary_large_image\" \/>\n<meta name=\"twitter:creator\" content=\"@sunoresearch\" \/>\n<meta name=\"twitter:site\" content=\"@sunoresearch\" \/>\n<meta name=\"twitter:label1\" content=\"Escrito por\" \/>\n\t<meta name=\"twitter:data1\" content=\"Laura Moutinho\" \/>\n\t<meta name=\"twitter:label2\" content=\"Est. tempo de leitura\" \/>\n\t<meta name=\"twitter:data2\" content=\"2 minutos\" \/>\n<script type=\"application\/ld+json\" class=\"yoast-schema-graph\">{\"@context\":\"https:\/\/schema.org\",\"@graph\":[{\"@type\":\"NewsArticle\",\"@id\":\"https:\/\/www.suno.com.br\/noticias\/coronavirus-china-harvard-agosto-surgimento-wuhan\/#article\",\"isPartOf\":{\"@id\":\"https:\/\/www.suno.com.br\/noticias\/coronavirus-china-harvard-agosto-surgimento-wuhan\/\"},\"author\":{\"name\":\"Laura Moutinho\",\"@id\":\"https:\/\/www.suno.com.br\/noticias\/#\/schema\/person\/3df0d2808748b74496efe5dbeaef2c72\"},\"headline\":\"Segundo pesquisa, coronav\u00edrus pode ter come\u00e7ado a circular em agosto\",\"datePublished\":\"2020-06-09T19:05:14+00:00\",\"dateModified\":\"2021-02-18T01:26:38+00:00\",\"mainEntityOfPage\":{\"@id\":\"https:\/\/www.suno.com.br\/noticias\/coronavirus-china-harvard-agosto-surgimento-wuhan\/\"},\"wordCount\":390,\"publisher\":{\"@id\":\"https:\/\/www.suno.com.br\/noticias\/#organization\"},\"image\":{\"@id\":\"https:\/\/www.suno.com.br\/noticias\/coronavirus-china-harvard-agosto-surgimento-wuhan\/#primaryimage\"},\"thumbnailUrl\":\"https:\/\/files.sunoresearch.com.br\/n\/uploads\/2020\/03\/7be42bee-cdc-coronavirus-jpg.webp\",\"keywords\":[\"China\",\"coronav\u00edrus\",\"covid-19\"],\"articleSection\":[\"Internacional\"],\"inLanguage\":\"pt-BR\"},{\"@type\":\"WebPage\",\"@id\":\"https:\/\/www.suno.com.br\/noticias\/coronavirus-china-harvard-agosto-surgimento-wuhan\/\",\"url\":\"https:\/\/www.suno.com.br\/noticias\/coronavirus-china-harvard-agosto-surgimento-wuhan\/\",\"name\":\"Segundo pesquisa, coronav\u00edrus pode ter come\u00e7ado a circular em agosto\",\"isPartOf\":{\"@id\":\"https:\/\/www.suno.com.br\/noticias\/#website\"},\"primaryImageOfPage\":{\"@id\":\"https:\/\/www.suno.com.br\/noticias\/coronavirus-china-harvard-agosto-surgimento-wuhan\/#primaryimage\"},\"image\":{\"@id\":\"https:\/\/www.suno.com.br\/noticias\/coronavirus-china-harvard-agosto-surgimento-wuhan\/#primaryimage\"},\"thumbnailUrl\":\"https:\/\/files.sunoresearch.com.br\/n\/uploads\/2020\/03\/7be42bee-cdc-coronavirus-jpg.webp\",\"datePublished\":\"2020-06-09T19:05:14+00:00\",\"dateModified\":\"2021-02-18T01:26:38+00:00\",\"description\":\"Segundo pesquisa de Harvard, h\u00e1 possibilidade do coronav\u00edrus ter come\u00e7ado a circular na China em agosto de 2019. Clique aqui para saber mais.\",\"breadcrumb\":{\"@id\":\"https:\/\/www.suno.com.br\/noticias\/coronavirus-china-harvard-agosto-surgimento-wuhan\/#breadcrumb\"},\"inLanguage\":\"pt-BR\",\"potentialAction\":[{\"@type\":\"ReadAction\",\"target\":[\"https:\/\/www.suno.com.br\/noticias\/coronavirus-china-harvard-agosto-surgimento-wuhan\/\"]}]},{\"@type\":\"ImageObject\",\"inLanguage\":\"pt-BR\",\"@id\":\"https:\/\/www.suno.com.br\/noticias\/coronavirus-china-harvard-agosto-surgimento-wuhan\/#primaryimage\",\"url\":\"https:\/\/files.sunoresearch.com.br\/n\/uploads\/2020\/03\/7be42bee-cdc-coronavirus-jpg.webp\",\"contentUrl\":\"https:\/\/files.sunoresearch.com.br\/n\/uploads\/2020\/03\/7be42bee-cdc-coronavirus-jpg.webp\",\"width\":720,\"height\":407,\"caption\":\"Coronav\u00edrus: Pequim fecha mercado ap\u00f3s novos casos da doen\u00e7a\"},{\"@type\":\"BreadcrumbList\",\"@id\":\"https:\/\/www.suno.com.br\/noticias\/coronavirus-china-harvard-agosto-surgimento-wuhan\/#breadcrumb\",\"itemListElement\":[{\"@type\":\"ListItem\",\"position\":1,\"name\":\"Not\u00edcias\",\"item\":\"https:\/\/www.suno.com.br\/noticias\/\"},{\"@type\":\"ListItem\",\"position\":2,\"name\":\"Internacional\",\"item\":\"https:\/\/www.suno.com.br\/noticias\/internacional\/\"},{\"@type\":\"ListItem\",\"position\":3,\"name\":\"Segundo pesquisa, coronav\u00edrus pode ter come\u00e7ado a circular em agosto\"}]},{\"@type\":\"WebSite\",\"@id\":\"https:\/\/www.suno.com.br\/noticias\/#website\",\"url\":\"https:\/\/www.suno.com.br\/noticias\/\",\"name\":\"Suno Not\u00edcias\",\"description\":\"Seu portal de informa\u00e7\u00e3o sobre o mundo dos investimentos\",\"publisher\":{\"@id\":\"https:\/\/www.suno.com.br\/noticias\/#organization\"},\"potentialAction\":[{\"@type\":\"SearchAction\",\"target\":{\"@type\":\"EntryPoint\",\"urlTemplate\":\"https:\/\/www.suno.com.br\/noticias\/?s={search_term_string}\"},\"query-input\":{\"@type\":\"PropertyValueSpecification\",\"valueRequired\":true,\"valueName\":\"search_term_string\"}}],\"inLanguage\":\"pt-BR\"},{\"@type\":\"Organization\",\"@id\":\"https:\/\/www.suno.com.br\/noticias\/#organization\",\"name\":\"Suno Not\u00edcias\",\"url\":\"https:\/\/www.suno.com.br\/noticias\/\",\"logo\":{\"@type\":\"ImageObject\",\"inLanguage\":\"pt-BR\",\"@id\":\"https:\/\/www.suno.com.br\/noticias\/#\/schema\/logo\/image\/\",\"url\":\"https:\/\/files.sunoresearch.com.br\/n\/uploads\/2021\/09\/suno-logo.png\",\"contentUrl\":\"https:\/\/files.sunoresearch.com.br\/n\/uploads\/2021\/09\/suno-logo.png\",\"width\":180,\"height\":180,\"caption\":\"Suno Not\u00edcias\"},\"image\":{\"@id\":\"https:\/\/www.suno.com.br\/noticias\/#\/schema\/logo\/image\/\"},\"sameAs\":[\"https:\/\/facebook.com\/sunoresearch\",\"https:\/\/x.com\/sunoresearch\",\"https:\/\/www.instagram.com\/suno\",\"https:\/\/www.linkedin.com\/company\/suno-research\/\",\"https:\/\/www.youtube.com\/c\/sunoresearch\"]},{\"@type\":\"Person\",\"@id\":\"https:\/\/www.suno.com.br\/noticias\/#\/schema\/person\/3df0d2808748b74496efe5dbeaef2c72\",\"name\":\"Laura Moutinho\",\"image\":{\"@type\":\"ImageObject\",\"inLanguage\":\"pt-BR\",\"@id\":\"https:\/\/www.suno.com.br\/noticias\/#\/schema\/person\/image\/\",\"url\":\"https:\/\/secure.gravatar.com\/avatar\/7571c7c8ca3a6fca5e41384ece5557ff?s=96&r=g\",\"contentUrl\":\"https:\/\/secure.gravatar.com\/avatar\/7571c7c8ca3a6fca5e41384ece5557ff?s=96&r=g\",\"caption\":\"Laura Moutinho\"},\"description\":\"Estagi\u00e1ria na Suno Not\u00edcias, escreve not\u00edcias que afetam o mercado financeiro. Estuda administra\u00e7\u00e3o na Universidade Presbiteriana Mackenzie.\",\"url\":\"https:\/\/www.suno.com.br\/noticias\/author\/laura-moutinho\/\"}]}<\/script>\n<!-- \/ Yoast SEO plugin. -->","yoast_head_json":{"title":"Segundo pesquisa, coronav\u00edrus pode ter come\u00e7ado a circular em agosto","description":"Segundo pesquisa de Harvard, h\u00e1 possibilidade do coronav\u00edrus ter come\u00e7ado a circular na China em agosto de 2019. Clique aqui para saber mais.","robots":{"index":"index","follow":"follow","max-snippet":"max-snippet:-1","max-image-preview":"max-image-preview:large","max-video-preview":"max-video-preview:-1"},"canonical":"https:\/\/www.suno.com.br\/noticias\/coronavirus-china-harvard-agosto-surgimento-wuhan\/","og_locale":"pt_BR","og_type":"article","og_title":"Segundo pesquisa, coronav\u00edrus pode ter come\u00e7ado a circular em agosto","og_description":"Segundo pesquisa de Harvard, h\u00e1 possibilidade do coronav\u00edrus ter come\u00e7ado a circular na China em agosto de 2019. Clique aqui para saber mais.","og_url":"https:\/\/www.suno.com.br\/noticias\/coronavirus-china-harvard-agosto-surgimento-wuhan\/","og_site_name":"Suno Not\u00edcias","article_publisher":"https:\/\/facebook.com\/sunoresearch","og_image":[{"width":720,"height":407,"url":"https:\/\/files.sunoresearch.com.br\/n\/uploads\/2020\/03\/7be42bee-cdc-coronavirus.jpg","type":"image\/jpeg"}],"author":"Laura Moutinho","twitter_card":"summary_large_image","twitter_creator":"@sunoresearch","twitter_site":"@sunoresearch","twitter_misc":{"Escrito por":"Laura Moutinho","Est. tempo de leitura":"2 minutos"},"schema":{"@context":"https:\/\/schema.org","@graph":[{"@type":"NewsArticle","@id":"https:\/\/www.suno.com.br\/noticias\/coronavirus-china-harvard-agosto-surgimento-wuhan\/#article","isPartOf":{"@id":"https:\/\/www.suno.com.br\/noticias\/coronavirus-china-harvard-agosto-surgimento-wuhan\/"},"author":{"name":"Laura Moutinho","@id":"https:\/\/www.suno.com.br\/noticias\/#\/schema\/person\/3df0d2808748b74496efe5dbeaef2c72"},"headline":"Segundo pesquisa, coronav\u00edrus pode ter come\u00e7ado a circular em agosto","datePublished":"2020-06-09T19:05:14+00:00","dateModified":"2021-02-18T01:26:38+00:00","mainEntityOfPage":{"@id":"https:\/\/www.suno.com.br\/noticias\/coronavirus-china-harvard-agosto-surgimento-wuhan\/"},"wordCount":390,"publisher":{"@id":"https:\/\/www.suno.com.br\/noticias\/#organization"},"image":{"@id":"https:\/\/www.suno.com.br\/noticias\/coronavirus-china-harvard-agosto-surgimento-wuhan\/#primaryimage"},"thumbnailUrl":"https:\/\/files.sunoresearch.com.br\/n\/uploads\/2020\/03\/7be42bee-cdc-coronavirus-jpg.webp","keywords":["China","coronav\u00edrus","covid-19"],"articleSection":["Internacional"],"inLanguage":"pt-BR"},{"@type":"WebPage","@id":"https:\/\/www.suno.com.br\/noticias\/coronavirus-china-harvard-agosto-surgimento-wuhan\/","url":"https:\/\/www.suno.com.br\/noticias\/coronavirus-china-harvard-agosto-surgimento-wuhan\/","name":"Segundo pesquisa, coronav\u00edrus pode ter come\u00e7ado a circular em agosto","isPartOf":{"@id":"https:\/\/www.suno.com.br\/noticias\/#website"},"primaryImageOfPage":{"@id":"https:\/\/www.suno.com.br\/noticias\/coronavirus-china-harvard-agosto-surgimento-wuhan\/#primaryimage"},"image":{"@id":"https:\/\/www.suno.com.br\/noticias\/coronavirus-china-harvard-agosto-surgimento-wuhan\/#primaryimage"},"thumbnailUrl":"https:\/\/files.sunoresearch.com.br\/n\/uploads\/2020\/03\/7be42bee-cdc-coronavirus-jpg.webp","datePublished":"2020-06-09T19:05:14+00:00","dateModified":"2021-02-18T01:26:38+00:00","description":"Segundo pesquisa de Harvard, h\u00e1 possibilidade do coronav\u00edrus ter come\u00e7ado a circular na China em agosto de 2019. Clique aqui para saber mais.","breadcrumb":{"@id":"https:\/\/www.suno.com.br\/noticias\/coronavirus-china-harvard-agosto-surgimento-wuhan\/#breadcrumb"},"inLanguage":"pt-BR","potentialAction":[{"@type":"ReadAction","target":["https:\/\/www.suno.com.br\/noticias\/coronavirus-china-harvard-agosto-surgimento-wuhan\/"]}]},{"@type":"ImageObject","inLanguage":"pt-BR","@id":"https:\/\/www.suno.com.br\/noticias\/coronavirus-china-harvard-agosto-surgimento-wuhan\/#primaryimage","url":"https:\/\/files.sunoresearch.com.br\/n\/uploads\/2020\/03\/7be42bee-cdc-coronavirus-jpg.webp","contentUrl":"https:\/\/files.sunoresearch.com.br\/n\/uploads\/2020\/03\/7be42bee-cdc-coronavirus-jpg.webp","width":720,"height":407,"caption":"Coronav\u00edrus: Pequim fecha mercado ap\u00f3s novos casos da doen\u00e7a"},{"@type":"BreadcrumbList","@id":"https:\/\/www.suno.com.br\/noticias\/coronavirus-china-harvard-agosto-surgimento-wuhan\/#breadcrumb","itemListElement":[{"@type":"ListItem","position":1,"name":"Not\u00edcias","item":"https:\/\/www.suno.com.br\/noticias\/"},{"@type":"ListItem","position":2,"name":"Internacional","item":"https:\/\/www.suno.com.br\/noticias\/internacional\/"},{"@type":"ListItem","position":3,"name":"Segundo pesquisa, coronav\u00edrus pode ter come\u00e7ado a circular em agosto"}]},{"@type":"WebSite","@id":"https:\/\/www.suno.com.br\/noticias\/#website","url":"https:\/\/www.suno.com.br\/noticias\/","name":"Suno Not\u00edcias","description":"Seu portal de informa\u00e7\u00e3o sobre o mundo dos investimentos","publisher":{"@id":"https:\/\/www.suno.com.br\/noticias\/#organization"},"potentialAction":[{"@type":"SearchAction","target":{"@type":"EntryPoint","urlTemplate":"https:\/\/www.suno.com.br\/noticias\/?s={search_term_string}"},"query-input":{"@type":"PropertyValueSpecification","valueRequired":true,"valueName":"search_term_string"}}],"inLanguage":"pt-BR"},{"@type":"Organization","@id":"https:\/\/www.suno.com.br\/noticias\/#organization","name":"Suno Not\u00edcias","url":"https:\/\/www.suno.com.br\/noticias\/","logo":{"@type":"ImageObject","inLanguage":"pt-BR","@id":"https:\/\/www.suno.com.br\/noticias\/#\/schema\/logo\/image\/","url":"https:\/\/files.sunoresearch.com.br\/n\/uploads\/2021\/09\/suno-logo.png","contentUrl":"https:\/\/files.sunoresearch.com.br\/n\/uploads\/2021\/09\/suno-logo.png","width":180,"height":180,"caption":"Suno Not\u00edcias"},"image":{"@id":"https:\/\/www.suno.com.br\/noticias\/#\/schema\/logo\/image\/"},"sameAs":["https:\/\/facebook.com\/sunoresearch","https:\/\/x.com\/sunoresearch","https:\/\/www.instagram.com\/suno","https:\/\/www.linkedin.com\/company\/suno-research\/","https:\/\/www.youtube.com\/c\/sunoresearch"]},{"@type":"Person","@id":"https:\/\/www.suno.com.br\/noticias\/#\/schema\/person\/3df0d2808748b74496efe5dbeaef2c72","name":"Laura Moutinho","image":{"@type":"ImageObject","inLanguage":"pt-BR","@id":"https:\/\/www.suno.com.br\/noticias\/#\/schema\/person\/image\/","url":"https:\/\/secure.gravatar.com\/avatar\/7571c7c8ca3a6fca5e41384ece5557ff?s=96&r=g","contentUrl":"https:\/\/secure.gravatar.com\/avatar\/7571c7c8ca3a6fca5e41384ece5557ff?s=96&r=g","caption":"Laura Moutinho"},"description":"Estagi\u00e1ria na Suno Not\u00edcias, escreve not\u00edcias que afetam o mercado financeiro. Estuda administra\u00e7\u00e3o na Universidade Presbiteriana Mackenzie.","url":"https:\/\/www.suno.com.br\/noticias\/author\/laura-moutinho\/"}]}},"default_loop_html":"<div class=\"cardsPage__listCard__boxs\"><div class=\"cardsPage__listCard__boxs__img\"><a href=\"https:\/\/www.suno.com.br\/noticias\/coronavirus-china-harvard-agosto-surgimento-wuhan\/\"><img class=\"mask\" src=\"https:\/\/www.suno.com.br\/noticias\/wp-content\/themes\/suno\/resources\/images\/spotlight\/spotlight1img\/bg-mask.png\" alt=\"Image Mask\"\/><img src=\"https:\/\/files.sunoresearch.com.br\/n\/uploads\/2020\/03\/7be42bee-cdc-coronavirus-400x200.webp\" alt=\"Segundo pesquisa, coronav\u00edrus pode ter come\u00e7ado a circular em agosto\"\/><\/a><span class=\"spotlightCategory\"><a href=\"https:\/\/www.suno.com.br\/noticias\/internacional\/\">Internacional<\/a><\/span><\/div><div class=\"cardsPage__listCard__boxs__content\"><a href=\"https:\/\/www.suno.com.br\/noticias\/coronavirus-china-harvard-agosto-surgimento-wuhan\/\"><h2 class=\"content__title\">Segundo pesquisa, coronav\u00edrus pode ter come\u00e7ado a circular em agosto<\/h2><\/a><div class=\"newsContent__article__meta\"><div class=\"newsContent__article__meta__authorBox\"><a href=\"https:\/\/www.suno.com.br\/noticias\/author\/laura-moutinho\/\" class=\"authorBox__avatar noMobi\"><img src=\"https:\/\/files.sunoresearch.com.br\/n\/uploads\/2020\/08\/531ff69d-whatsapp-image-2020-08-03-at-14.54.38-150x150.webp\" alt=\"Laura Moutinho\"><\/a><div class=\"authorBox__name\"><span>por\n\t\t\t<a href=\"https:\/\/www.suno.com.br\/noticias\/author\/laura-moutinho\/\"><span itemprop=\"author\">Laura Moutinho<\/span><\/a><\/span><time datetime=\"2020-06-09T16:05:14-03:00\" itemprop=\"datePublished\">09\/06\/2020 16:05<\/time><\/div><\/div><\/div><\/div><\/div>","single_layout":"posts","amp_enabled":true,"_links":{"self":[{"href":"https:\/\/www.suno.com.br\/noticias\/wp-json\/wp\/v2\/posts\/68220"}],"collection":[{"href":"https:\/\/www.suno.com.br\/noticias\/wp-json\/wp\/v2\/posts"}],"about":[{"href":"https:\/\/www.suno.com.br\/noticias\/wp-json\/wp\/v2\/types\/post"}],"author":[{"embeddable":true,"href":"https:\/\/www.suno.com.br\/noticias\/wp-json\/wp\/v2\/users\/39"}],"replies":[{"embeddable":true,"href":"https:\/\/www.suno.com.br\/noticias\/wp-json\/wp\/v2\/comments?post=68220"}],"version-history":[{"count":0,"href":"https:\/\/www.suno.com.br\/noticias\/wp-json\/wp\/v2\/posts\/68220\/revisions"}],"wp:featuredmedia":[{"embeddable":true,"href":"https:\/\/www.suno.com.br\/noticias\/wp-json\/wp\/v2\/media\/55207"}],"wp:attachment":[{"href":"https:\/\/www.suno.com.br\/noticias\/wp-json\/wp\/v2\/media?parent=68220"}],"wp:term":[{"taxonomy":"category","embeddable":true,"href":"https:\/\/www.suno.com.br\/noticias\/wp-json\/wp\/v2\/categories?post=68220"},{"taxonomy":"post_tag","embeddable":true,"href":"https:\/\/www.suno.com.br\/noticias\/wp-json\/wp\/v2\/tags?post=68220"},{"taxonomy":"suno_strategy","embeddable":true,"href":"https:\/\/www.suno.com.br\/noticias\/wp-json\/wp\/v2\/suno_strategy?post=68220"}],"curies":[{"name":"wp","href":"https:\/\/api.w.org\/{rel}","templated":true}]}}