{"id":68159,"date":"2020-06-09T09:39:24","date_gmt":"2020-06-09T12:39:24","guid":{"rendered":"https:\/\/www.suno.com.br\/noticias\/?p=68159"},"modified":"2020-06-09T11:44:49","modified_gmt":"2020-06-09T14:44:49","slug":"dolar-opera-em-alta-com-assuntos-internacionais-no-radar-09062020","status":"publish","type":"post","link":"https:\/\/www.suno.com.br\/noticias\/dolar-opera-em-alta-com-assuntos-internacionais-no-radar-09062020\/","title":{"rendered":"D\u00f3lar opera em alta com assuntos internacionais no radar"},"content":{"rendered":"<p>O <strong><a href=\"https:\/\/www.suno.com.br\/artigos\/dolar\/\">d\u00f3lar<\/a> <\/strong>abre em alta nesta ter\u00e7a-feira (9) monitorando o mercado internacional.<\/p>\t<div class=\"wrapper-featured-image\">\n\t\t<figure class=\"spotlightImg\">\n\n\t\t\t<picture>\n\t\t\t\t<source media=\"(max-width: 768px)\" srcset=\"https:\/\/files.sunoresearch.com.br\/n\/uploads\/2018\/11\/65112397-d\u00f3lar-400x200.webp\">\n\t\t\t\t<img loading=\"lazy\" decoding=\"async\" class=\"newsContent__article__imgCapa lazyloadDisabled newsContent__article__imgCapa--noCaption\" src=\"https:\/\/files.sunoresearch.com.br\/n\/uploads\/2018\/11\/65112397-d\u00f3lar-jpg.webp\" width=\"800\" height=\"450\" alt=\"D\u00f3lar opera em alta com assuntos internacionais no radar\" fetchpriority=high \/>\n\t\t\t<\/picture>\n\n\t\t\t<figcaption class=\"wp-caption-text wp-caption-text--hide\">Na \u00faltima sess\u00e3o, quarta-feira (2), o d\u00f3lar encerrou o preg\u00e3o em queda de 0,49%, cotado em R$ 5,3586.<\/figcaption>\n\t\t<\/figure>\n\t<\/div>\n\n\n\n<p>Por volta das 9h20, o d\u00f3lar registrava alta de 0,393%, sendo negociado a R$ 4,8731. A queda nos \u00edndices internacionais, PIB da Zona do Euro, lei de Hong Kong e dados econ\u00f4micos da Alemanha s\u00e3o assuntos que movimentam o mercado hoje.<\/p>\n<ul>\n<li>Ap\u00f3s o fechamento na v\u00e9spera em alta, os \u00edndices norte-americanos apresentam desvaloriza\u00e7\u00e3o em seus indicadores;<\/li>\n<li>O <a href=\"https:\/\/www.suno.com.br\/artigos\/pib-produto-interno-bruto\/\">Produto Interno Bruto (PIB)<\/a> da zona do euro teve um tombo menor do que o estimado na primeira leitura feita pela Eurostat para o primeiro trimestre deste ano;<\/li>\n<li>A principal economia do continente europeu, Alemanha, registrou tombos hist\u00f3ricos em exporta\u00e7\u00f5es, importa\u00e7\u00f5es e produ\u00e7\u00e3o industrial;<\/li>\n<li>A China classificou nova lei de Hong Kong como um &#8220;programa antiv\u00edrus&#8221;.<\/li>\n<\/ul>\n<p><a href=\"https:\/\/lp.suno.com.br\/suno-one\/\">Suno One: o primeiro passo para alcan\u00e7ar a sua independ\u00eancia financeira. Acesse agora, \u00e9 gratuito!<\/a><\/p>\n<h2>Mercado internacional<\/h2>\n<p>O mercado internacional opera em campo distinto nesta ter\u00e7a-feira (9). Os \u00edndices futuros de Nova York apresentam queda assim como as bolsas da Europa, e o mercado asi\u00e1tico encerra sem dire\u00e7\u00e3o \u00fanica.<\/p>\n<p>Ap\u00f3s o fechamento na v\u00e9spera em alta, os \u00edndices norte-americanos apresentam desvaloriza\u00e7\u00e3o em seus indicadores. Por volta das 7h35, o\u00a0futuro Dow Jones tinha queda de 1,09% e o <a href=\"https:\/\/www.suno.com.br\/artigos\/sp-500\/\">S&amp;P 500<\/a> futuro ca\u00eda a 0,95%. Por sua vez, a <a href=\"https:\/\/www.suno.com.br\/artigos\/nasdaq\/\">Nasdaq, <\/a>que bateu recorde de fechamento na v\u00e9spera com alta de 1,13%, operava a -0,50%.<\/p>\n<p>Na Europa, os \u00edndices das bolsas operam em queda. O Reino Unido ca\u00eda a 1,76%. A <a href=\"https:\/\/www.suno.com.br\/artigos\/dax-30\/\">Alemanha<\/a> apresenta uma desvaloriza\u00e7\u00e3o de 2,14% e a Fran\u00e7a ca\u00eda a 2,06%. A It\u00e1lia registrava queda de 2,82%.<\/p>\n<p>Por sua vez, o mercado asi\u00e1tico encerrou sem dire\u00e7\u00e3o. O principal \u00edndice da China, CSI 300, fechou est\u00e1vel a 0,00%. No Jap\u00e3o a bolsa desvalorizou 0,38% e Hong Kong encerrou o preg\u00e3o com 1,13%.<\/p>\n<h2>PIB da zona do euro<\/h2>\n<p>O PIB\u00a0da zona do euro teve um tombo menor do que o estimado na primeira leitura feita pela Eurostat para o primeiro trimestre deste ano. A economia do bloco encolheu 3,6% nos primeiros tr\u00eas meses de 2020, de acordo com a revis\u00e3o publicada nesta ter\u00e7a-feira (9).<\/p>\n<p><a href=\"https:\/\/www.suno.com.br\/noticias\/pib-zona-euro-3-6-1-t-20-revisao-eurostat\/\">Saiba Mais: PIB da zona do euro tomba 3,6% no 1T20, aponta revis\u00e3o da Eurostat<\/a><\/p>\n<p>Na primeira publica\u00e7\u00e3o feita pela ag\u00eancia de estat\u00edsticas da <a href=\"https:\/\/www.suno.com.br\/artigos\/uniao-europeia\/\">Uni\u00e3o Europeia<\/a>, o PIB teria sofrido uma retra\u00e7\u00e3o de 3,8% na compara\u00e7\u00e3o com o \u00faltimo trimestre de 2019. Ante o mesmo per\u00edodo do ano passado, a queda teria sido de 3,2%. Esta pesquisa foi divulgada em maio.<\/p>\n<h2>Fed<\/h2>\n<p>O <a href=\"https:\/\/www.suno.com.br\/artigos\/bacen\/\">Banco Central<\/a> dos Estados Unidos, <a href=\"https:\/\/www.suno.com.br\/artigos\/fed\/\">Federal Reserve (Fed)<\/a> informou na \u00faltima segunda-feira (8) que diminuiu o montante m\u00ednimo do seu programa de <a href=\"https:\/\/www.suno.com.br\/artigos\/emprestimo-bancario\/\">empr\u00e9stimos<\/a> &#8220;Main Street&#8221; para US$ 250 mil (cerca de\u00a0 R$ 1,2 milh\u00f5es), ante a US$ 500 mil (cerca de 2,5 milh\u00f5es) al\u00e9m de aumentar o prazo, que era de 4 anos, para 5 anos. Frente a isso, a institui\u00e7\u00e3o visa que mais empresas e bancos sejam motivados a participar do programa.<\/p>\n<p>O presidente do Fed, <a href=\"https:\/\/www.suno.com.br\/tudo-sobre\/jerome-powell\/\">Jerome Powell<\/a>, afirmou que est\u00e1 confiante de que as mudan\u00e7as que est\u00e3o fazendo &#8220;ir\u00e3o melhorar a capacidade do Programa de Empr\u00e9stimos &#8216;Main Street&#8217; de apoiar o emprego durante este per\u00edodo dif\u00edcil&#8221;.<\/p>\n<h2>Alemanha<\/h2>\n<p>A principal economia do continente europeu, Alemanha, registrou tombos hist\u00f3ricos em exporta\u00e7\u00f5es, importa\u00e7\u00f5es e produ\u00e7\u00e3o industrial provocados pela pandemia.<\/p>\n<p>As exporta\u00e7\u00f5es despencaram 24% em abril, ante mar\u00e7o. Trata-se da maior da maior queda numa s\u00e9rie hist\u00f3rica iniciada em agosto de 1990. As importa\u00e7\u00f5es ca\u00edram 16,5% na mesma compara\u00e7\u00e3o. Al\u00e9m disso, o pa\u00eds registrou queda de 17,9% na produ\u00e7\u00e3o industrial, maior queda na s\u00e9rie hist\u00f3rica iniciada em 1991.<\/p>\n<h2>Lei de Hong Kong<\/h2>\n<p>O vice-diretor do departamento de assuntos de Hong Kong, Zhang Xiaoming,\u00a0 informou, na segunda, que a nova lei da China vai &#8220;refor\u00e7ar&#8221; a pol\u00edtica de &#8220;um pa\u00eds, dois sistemas&#8221;. Xiaoming classificou a legisla\u00e7\u00e3o como &#8220;um programa antiv\u00edrus&#8221;.<\/p>\n<p><a href=\"https:\/\/www.suno.com.br\/noticias\/china-classifica-lei-imposta-a-hong-kong-como-programa-antivirus\/\">Saiba Mais:\u00a0 China classifica lei imposta a Hong Kong como \u2018programa antiv\u00edrus\u2019<\/a><\/p>\n<p>&#8220;Quando essa lei entrar em vigor, ser\u00e1 como se tiv\u00e9ssemos instalado um programa antiv\u00edrus em Hong Kong, para que o princ\u00edpio de &#8216;um pa\u00eds e dois sistemas&#8217; funcione de maneira mais segura, suave e duradora&#8221;, disse o vice-diretor. A nova lei \u00e9 marcada como uma das escaladas de tens\u00f5es entre a China e os Estados Unidos.<\/p>\n<p>Em meados de maio, os EUA advertiram o pa\u00eds asi\u00e1tico contra a ado\u00e7\u00e3o da legisla\u00e7\u00e3o em Hong Kong que, segundo Washington, seria desestabilizador para o territ\u00f3rio.<\/p>\n<h2>\u00daltima cota\u00e7\u00e3o do d\u00f3lar<\/h2>\n<p>Na \u00faltima sess\u00e3o, segunda-feira, o <strong>d\u00f3lar<\/strong> encerrou em queda de 2,66%, negociado a R$ 4,855.<\/p>\n\n","protected":false},"excerpt":{"rendered":"<p>O d\u00f3lar abre em alta nesta ter\u00e7a-feira (9) monitorando o mercado internacional. Na \u00faltima sess\u00e3o, quarta-feira (2), o d\u00f3lar encerrou o preg\u00e3o em queda de 0,49%, cotado em R$ 5,3586. Por volta das 9h20, o d\u00f3lar registrava alta de 0,393%, sendo negociado a R$ 4,8731. A queda nos \u00edndices internacionais, PIB da Zona do Euro, [&hellip;]<\/p>\n","protected":false},"author":15,"featured_media":7153,"comment_status":"closed","ping_status":"closed","sticky":false,"template":"","format":"standard","meta":[],"categories":[60],"tags":[856,711,326,793,776,1880,991],"suno_strategy":[],"class_list":["post-68159","post","type-post","status-publish","format-standard","has-post-thumbnail","hentry","category-mercado","tag-alemanha","tag-china","tag-dolar","tag-estados-unidos-eua","tag-federal-reseve-fed","tag-hong-kong","tag-zona-do-euro"],"yoast_head":"<!-- This site is optimized with the Yoast SEO plugin v24.4 - https:\/\/yoast.com\/wordpress\/plugins\/seo\/ -->\n<title>D\u00f3lar opera em alta com assuntos internacionais no radar<\/title>\n<meta name=\"description\" content=\"Por volta das 9h20, nesta ter\u00e7a-feira (9),o d\u00f3lar registrava alta de 0,393%, sendo negociado a R$ 4,8731. Clique aqui e saiba mais\" \/>\n<meta name=\"robots\" content=\"index, follow, max-snippet:-1, max-image-preview:large, max-video-preview:-1\" \/>\n<link rel=\"canonical\" href=\"https:\/\/www.suno.com.br\/noticias\/dolar-opera-em-alta-com-assuntos-internacionais-no-radar-09062020\/\" \/>\n<meta property=\"og:locale\" content=\"pt_BR\" \/>\n<meta property=\"og:type\" content=\"article\" \/>\n<meta property=\"og:title\" content=\"D\u00f3lar opera em alta com assuntos internacionais no radar\" \/>\n<meta property=\"og:description\" content=\"Por volta das 9h20, nesta ter\u00e7a-feira (9),o d\u00f3lar registrava alta de 0,393%, sendo negociado a R$ 4,8731. Clique aqui e saiba mais\" \/>\n<meta property=\"og:url\" content=\"https:\/\/www.suno.com.br\/noticias\/dolar-opera-em-alta-com-assuntos-internacionais-no-radar-09062020\/\" \/>\n<meta property=\"og:site_name\" content=\"Suno Not\u00edcias\" \/>\n<meta property=\"article:publisher\" content=\"https:\/\/facebook.com\/sunoresearch\" \/>\n<meta property=\"og:image\" content=\"https:\/\/files.sunoresearch.com.br\/n\/uploads\/2018\/11\/65112397-d\u00f3lar.jpg\" \/>\n\t<meta property=\"og:image:width\" content=\"615\" \/>\n\t<meta property=\"og:image:height\" content=\"410\" \/>\n\t<meta property=\"og:image:type\" content=\"image\/jpeg\" \/>\n<meta name=\"author\" content=\"Poliana Santos\" \/>\n<meta name=\"twitter:card\" content=\"summary_large_image\" \/>\n<meta name=\"twitter:creator\" content=\"@sunoresearch\" \/>\n<meta name=\"twitter:site\" content=\"@sunoresearch\" \/>\n<meta name=\"twitter:label1\" content=\"Escrito por\" \/>\n\t<meta name=\"twitter:data1\" content=\"Poliana Santos\" \/>\n\t<meta name=\"twitter:label2\" content=\"Est. tempo de leitura\" \/>\n\t<meta name=\"twitter:data2\" content=\"4 minutos\" \/>\n<script type=\"application\/ld+json\" class=\"yoast-schema-graph\">{\"@context\":\"https:\/\/schema.org\",\"@graph\":[{\"@type\":\"NewsArticle\",\"@id\":\"https:\/\/www.suno.com.br\/noticias\/dolar-opera-em-alta-com-assuntos-internacionais-no-radar-09062020\/#article\",\"isPartOf\":{\"@id\":\"https:\/\/www.suno.com.br\/noticias\/dolar-opera-em-alta-com-assuntos-internacionais-no-radar-09062020\/\"},\"author\":{\"name\":\"Poliana Santos\",\"@id\":\"https:\/\/www.suno.com.br\/noticias\/#\/schema\/person\/02ec1f752758247878a2bf4abee1aeda\"},\"headline\":\"D\u00f3lar opera em alta com assuntos internacionais no radar\",\"datePublished\":\"2020-06-09T12:39:24+00:00\",\"dateModified\":\"2020-06-09T14:44:49+00:00\",\"mainEntityOfPage\":{\"@id\":\"https:\/\/www.suno.com.br\/noticias\/dolar-opera-em-alta-com-assuntos-internacionais-no-radar-09062020\/\"},\"wordCount\":814,\"publisher\":{\"@id\":\"https:\/\/www.suno.com.br\/noticias\/#organization\"},\"image\":{\"@id\":\"https:\/\/www.suno.com.br\/noticias\/dolar-opera-em-alta-com-assuntos-internacionais-no-radar-09062020\/#primaryimage\"},\"thumbnailUrl\":\"https:\/\/files.sunoresearch.com.br\/n\/uploads\/2018\/11\/65112397-d\u00f3lar-jpg.webp\",\"keywords\":[\"Alemanha\",\"China\",\"d\u00f3lar\",\"Estados Unidos (EUA)\",\"Federal Reserve (FED)\",\"Hong Kong\",\"zona do euro\"],\"articleSection\":[\"Mercado\"],\"inLanguage\":\"pt-BR\"},{\"@type\":\"WebPage\",\"@id\":\"https:\/\/www.suno.com.br\/noticias\/dolar-opera-em-alta-com-assuntos-internacionais-no-radar-09062020\/\",\"url\":\"https:\/\/www.suno.com.br\/noticias\/dolar-opera-em-alta-com-assuntos-internacionais-no-radar-09062020\/\",\"name\":\"D\u00f3lar opera em alta com assuntos internacionais no radar\",\"isPartOf\":{\"@id\":\"https:\/\/www.suno.com.br\/noticias\/#website\"},\"primaryImageOfPage\":{\"@id\":\"https:\/\/www.suno.com.br\/noticias\/dolar-opera-em-alta-com-assuntos-internacionais-no-radar-09062020\/#primaryimage\"},\"image\":{\"@id\":\"https:\/\/www.suno.com.br\/noticias\/dolar-opera-em-alta-com-assuntos-internacionais-no-radar-09062020\/#primaryimage\"},\"thumbnailUrl\":\"https:\/\/files.sunoresearch.com.br\/n\/uploads\/2018\/11\/65112397-d\u00f3lar-jpg.webp\",\"datePublished\":\"2020-06-09T12:39:24+00:00\",\"dateModified\":\"2020-06-09T14:44:49+00:00\",\"description\":\"Por volta das 9h20, nesta ter\u00e7a-feira (9),o d\u00f3lar registrava alta de 0,393%, sendo negociado a R$ 4,8731. Clique aqui e saiba mais\",\"breadcrumb\":{\"@id\":\"https:\/\/www.suno.com.br\/noticias\/dolar-opera-em-alta-com-assuntos-internacionais-no-radar-09062020\/#breadcrumb\"},\"inLanguage\":\"pt-BR\",\"potentialAction\":[{\"@type\":\"ReadAction\",\"target\":[\"https:\/\/www.suno.com.br\/noticias\/dolar-opera-em-alta-com-assuntos-internacionais-no-radar-09062020\/\"]}]},{\"@type\":\"ImageObject\",\"inLanguage\":\"pt-BR\",\"@id\":\"https:\/\/www.suno.com.br\/noticias\/dolar-opera-em-alta-com-assuntos-internacionais-no-radar-09062020\/#primaryimage\",\"url\":\"https:\/\/files.sunoresearch.com.br\/n\/uploads\/2018\/11\/65112397-d\u00f3lar-jpg.webp\",\"contentUrl\":\"https:\/\/files.sunoresearch.com.br\/n\/uploads\/2018\/11\/65112397-d\u00f3lar-jpg.webp\",\"width\":615,\"height\":410,\"caption\":\"Na \u00faltima sess\u00e3o, quarta-feira (2), o d\u00f3lar encerrou o preg\u00e3o em queda de 0,49%, cotado em R$ 5,3586.\"},{\"@type\":\"BreadcrumbList\",\"@id\":\"https:\/\/www.suno.com.br\/noticias\/dolar-opera-em-alta-com-assuntos-internacionais-no-radar-09062020\/#breadcrumb\",\"itemListElement\":[{\"@type\":\"ListItem\",\"position\":1,\"name\":\"Not\u00edcias\",\"item\":\"https:\/\/www.suno.com.br\/noticias\/\"},{\"@type\":\"ListItem\",\"position\":2,\"name\":\"Mercado\",\"item\":\"https:\/\/www.suno.com.br\/noticias\/mercado\/\"},{\"@type\":\"ListItem\",\"position\":3,\"name\":\"D\u00f3lar opera em alta com assuntos internacionais no radar\"}]},{\"@type\":\"WebSite\",\"@id\":\"https:\/\/www.suno.com.br\/noticias\/#website\",\"url\":\"https:\/\/www.suno.com.br\/noticias\/\",\"name\":\"Suno Not\u00edcias\",\"description\":\"Seu portal de informa\u00e7\u00e3o sobre o mundo dos investimentos\",\"publisher\":{\"@id\":\"https:\/\/www.suno.com.br\/noticias\/#organization\"},\"potentialAction\":[{\"@type\":\"SearchAction\",\"target\":{\"@type\":\"EntryPoint\",\"urlTemplate\":\"https:\/\/www.suno.com.br\/noticias\/?s={search_term_string}\"},\"query-input\":{\"@type\":\"PropertyValueSpecification\",\"valueRequired\":true,\"valueName\":\"search_term_string\"}}],\"inLanguage\":\"pt-BR\"},{\"@type\":\"Organization\",\"@id\":\"https:\/\/www.suno.com.br\/noticias\/#organization\",\"name\":\"Suno Not\u00edcias\",\"url\":\"https:\/\/www.suno.com.br\/noticias\/\",\"logo\":{\"@type\":\"ImageObject\",\"inLanguage\":\"pt-BR\",\"@id\":\"https:\/\/www.suno.com.br\/noticias\/#\/schema\/logo\/image\/\",\"url\":\"https:\/\/files.sunoresearch.com.br\/n\/uploads\/2021\/09\/suno-logo.png\",\"contentUrl\":\"https:\/\/files.sunoresearch.com.br\/n\/uploads\/2021\/09\/suno-logo.png\",\"width\":180,\"height\":180,\"caption\":\"Suno Not\u00edcias\"},\"image\":{\"@id\":\"https:\/\/www.suno.com.br\/noticias\/#\/schema\/logo\/image\/\"},\"sameAs\":[\"https:\/\/facebook.com\/sunoresearch\",\"https:\/\/x.com\/sunoresearch\",\"https:\/\/www.instagram.com\/suno\",\"https:\/\/www.linkedin.com\/company\/suno-research\/\",\"https:\/\/www.youtube.com\/c\/sunoresearch\"]},{\"@type\":\"Person\",\"@id\":\"https:\/\/www.suno.com.br\/noticias\/#\/schema\/person\/02ec1f752758247878a2bf4abee1aeda\",\"name\":\"Poliana Santos\",\"image\":{\"@type\":\"ImageObject\",\"inLanguage\":\"pt-BR\",\"@id\":\"https:\/\/www.suno.com.br\/noticias\/#\/schema\/person\/image\/\",\"url\":\"https:\/\/secure.gravatar.com\/avatar\/0645bd32f23d87b2130f2b2dff1d3f8d?s=96&r=g\",\"contentUrl\":\"https:\/\/secure.gravatar.com\/avatar\/0645bd32f23d87b2130f2b2dff1d3f8d?s=96&r=g\",\"caption\":\"Poliana Santos\"},\"description\":\"Rep\u00f3rter no Suno Not\u00edcias, com cobertura em mercado financeiro, economia, finan\u00e7as pessoais, renda fixa e varejo. Jornalista formada pela Faculdade C\u00e1sper L\u00edbero e possui passagem na R\u00e1dio Gazeta AM com a produ\u00e7\u00e3o de conte\u00fado sobre economia, pol\u00edtica, sa\u00fade, moda e m\u00fasica. Possui certificado de conclus\u00e3o do curso de An\u00e1lise de Balan\u00e7os pela Funda\u00e7\u00e3o Bradesco, Agenda Brasil pela FAAP, Educa\u00e7\u00e3o Pol\u00edtica por Alexandre Garcia e do Tesouro Direto e Mercado de A\u00e7\u00f5es pela B3.\",\"url\":\"https:\/\/www.suno.com.br\/noticias\/author\/poliana-santos\/\"}]}<\/script>\n<!-- \/ Yoast SEO plugin. -->","yoast_head_json":{"title":"D\u00f3lar opera em alta com assuntos internacionais no radar","description":"Por volta das 9h20, nesta ter\u00e7a-feira (9),o d\u00f3lar registrava alta de 0,393%, sendo negociado a R$ 4,8731. Clique aqui e saiba mais","robots":{"index":"index","follow":"follow","max-snippet":"max-snippet:-1","max-image-preview":"max-image-preview:large","max-video-preview":"max-video-preview:-1"},"canonical":"https:\/\/www.suno.com.br\/noticias\/dolar-opera-em-alta-com-assuntos-internacionais-no-radar-09062020\/","og_locale":"pt_BR","og_type":"article","og_title":"D\u00f3lar opera em alta com assuntos internacionais no radar","og_description":"Por volta das 9h20, nesta ter\u00e7a-feira (9),o d\u00f3lar registrava alta de 0,393%, sendo negociado a R$ 4,8731. Clique aqui e saiba mais","og_url":"https:\/\/www.suno.com.br\/noticias\/dolar-opera-em-alta-com-assuntos-internacionais-no-radar-09062020\/","og_site_name":"Suno Not\u00edcias","article_publisher":"https:\/\/facebook.com\/sunoresearch","og_image":[{"width":615,"height":410,"url":"https:\/\/files.sunoresearch.com.br\/n\/uploads\/2018\/11\/65112397-d\u00f3lar.jpg","type":"image\/jpeg"}],"author":"Poliana Santos","twitter_card":"summary_large_image","twitter_creator":"@sunoresearch","twitter_site":"@sunoresearch","twitter_misc":{"Escrito por":"Poliana Santos","Est. tempo de leitura":"4 minutos"},"schema":{"@context":"https:\/\/schema.org","@graph":[{"@type":"NewsArticle","@id":"https:\/\/www.suno.com.br\/noticias\/dolar-opera-em-alta-com-assuntos-internacionais-no-radar-09062020\/#article","isPartOf":{"@id":"https:\/\/www.suno.com.br\/noticias\/dolar-opera-em-alta-com-assuntos-internacionais-no-radar-09062020\/"},"author":{"name":"Poliana Santos","@id":"https:\/\/www.suno.com.br\/noticias\/#\/schema\/person\/02ec1f752758247878a2bf4abee1aeda"},"headline":"D\u00f3lar opera em alta com assuntos internacionais no radar","datePublished":"2020-06-09T12:39:24+00:00","dateModified":"2020-06-09T14:44:49+00:00","mainEntityOfPage":{"@id":"https:\/\/www.suno.com.br\/noticias\/dolar-opera-em-alta-com-assuntos-internacionais-no-radar-09062020\/"},"wordCount":814,"publisher":{"@id":"https:\/\/www.suno.com.br\/noticias\/#organization"},"image":{"@id":"https:\/\/www.suno.com.br\/noticias\/dolar-opera-em-alta-com-assuntos-internacionais-no-radar-09062020\/#primaryimage"},"thumbnailUrl":"https:\/\/files.sunoresearch.com.br\/n\/uploads\/2018\/11\/65112397-d\u00f3lar-jpg.webp","keywords":["Alemanha","China","d\u00f3lar","Estados Unidos (EUA)","Federal Reserve (FED)","Hong Kong","zona do euro"],"articleSection":["Mercado"],"inLanguage":"pt-BR"},{"@type":"WebPage","@id":"https:\/\/www.suno.com.br\/noticias\/dolar-opera-em-alta-com-assuntos-internacionais-no-radar-09062020\/","url":"https:\/\/www.suno.com.br\/noticias\/dolar-opera-em-alta-com-assuntos-internacionais-no-radar-09062020\/","name":"D\u00f3lar opera em alta com assuntos internacionais no radar","isPartOf":{"@id":"https:\/\/www.suno.com.br\/noticias\/#website"},"primaryImageOfPage":{"@id":"https:\/\/www.suno.com.br\/noticias\/dolar-opera-em-alta-com-assuntos-internacionais-no-radar-09062020\/#primaryimage"},"image":{"@id":"https:\/\/www.suno.com.br\/noticias\/dolar-opera-em-alta-com-assuntos-internacionais-no-radar-09062020\/#primaryimage"},"thumbnailUrl":"https:\/\/files.sunoresearch.com.br\/n\/uploads\/2018\/11\/65112397-d\u00f3lar-jpg.webp","datePublished":"2020-06-09T12:39:24+00:00","dateModified":"2020-06-09T14:44:49+00:00","description":"Por volta das 9h20, nesta ter\u00e7a-feira (9),o d\u00f3lar registrava alta de 0,393%, sendo negociado a R$ 4,8731. Clique aqui e saiba mais","breadcrumb":{"@id":"https:\/\/www.suno.com.br\/noticias\/dolar-opera-em-alta-com-assuntos-internacionais-no-radar-09062020\/#breadcrumb"},"inLanguage":"pt-BR","potentialAction":[{"@type":"ReadAction","target":["https:\/\/www.suno.com.br\/noticias\/dolar-opera-em-alta-com-assuntos-internacionais-no-radar-09062020\/"]}]},{"@type":"ImageObject","inLanguage":"pt-BR","@id":"https:\/\/www.suno.com.br\/noticias\/dolar-opera-em-alta-com-assuntos-internacionais-no-radar-09062020\/#primaryimage","url":"https:\/\/files.sunoresearch.com.br\/n\/uploads\/2018\/11\/65112397-d\u00f3lar-jpg.webp","contentUrl":"https:\/\/files.sunoresearch.com.br\/n\/uploads\/2018\/11\/65112397-d\u00f3lar-jpg.webp","width":615,"height":410,"caption":"Na \u00faltima sess\u00e3o, quarta-feira (2), o d\u00f3lar encerrou o preg\u00e3o em queda de 0,49%, cotado em R$ 5,3586."},{"@type":"BreadcrumbList","@id":"https:\/\/www.suno.com.br\/noticias\/dolar-opera-em-alta-com-assuntos-internacionais-no-radar-09062020\/#breadcrumb","itemListElement":[{"@type":"ListItem","position":1,"name":"Not\u00edcias","item":"https:\/\/www.suno.com.br\/noticias\/"},{"@type":"ListItem","position":2,"name":"Mercado","item":"https:\/\/www.suno.com.br\/noticias\/mercado\/"},{"@type":"ListItem","position":3,"name":"D\u00f3lar opera em alta com assuntos internacionais no radar"}]},{"@type":"WebSite","@id":"https:\/\/www.suno.com.br\/noticias\/#website","url":"https:\/\/www.suno.com.br\/noticias\/","name":"Suno Not\u00edcias","description":"Seu portal de informa\u00e7\u00e3o sobre o mundo dos investimentos","publisher":{"@id":"https:\/\/www.suno.com.br\/noticias\/#organization"},"potentialAction":[{"@type":"SearchAction","target":{"@type":"EntryPoint","urlTemplate":"https:\/\/www.suno.com.br\/noticias\/?s={search_term_string}"},"query-input":{"@type":"PropertyValueSpecification","valueRequired":true,"valueName":"search_term_string"}}],"inLanguage":"pt-BR"},{"@type":"Organization","@id":"https:\/\/www.suno.com.br\/noticias\/#organization","name":"Suno Not\u00edcias","url":"https:\/\/www.suno.com.br\/noticias\/","logo":{"@type":"ImageObject","inLanguage":"pt-BR","@id":"https:\/\/www.suno.com.br\/noticias\/#\/schema\/logo\/image\/","url":"https:\/\/files.sunoresearch.com.br\/n\/uploads\/2021\/09\/suno-logo.png","contentUrl":"https:\/\/files.sunoresearch.com.br\/n\/uploads\/2021\/09\/suno-logo.png","width":180,"height":180,"caption":"Suno Not\u00edcias"},"image":{"@id":"https:\/\/www.suno.com.br\/noticias\/#\/schema\/logo\/image\/"},"sameAs":["https:\/\/facebook.com\/sunoresearch","https:\/\/x.com\/sunoresearch","https:\/\/www.instagram.com\/suno","https:\/\/www.linkedin.com\/company\/suno-research\/","https:\/\/www.youtube.com\/c\/sunoresearch"]},{"@type":"Person","@id":"https:\/\/www.suno.com.br\/noticias\/#\/schema\/person\/02ec1f752758247878a2bf4abee1aeda","name":"Poliana Santos","image":{"@type":"ImageObject","inLanguage":"pt-BR","@id":"https:\/\/www.suno.com.br\/noticias\/#\/schema\/person\/image\/","url":"https:\/\/secure.gravatar.com\/avatar\/0645bd32f23d87b2130f2b2dff1d3f8d?s=96&r=g","contentUrl":"https:\/\/secure.gravatar.com\/avatar\/0645bd32f23d87b2130f2b2dff1d3f8d?s=96&r=g","caption":"Poliana Santos"},"description":"Rep\u00f3rter no Suno Not\u00edcias, com cobertura em mercado financeiro, economia, finan\u00e7as pessoais, renda fixa e varejo. Jornalista formada pela Faculdade C\u00e1sper L\u00edbero e possui passagem na R\u00e1dio Gazeta AM com a produ\u00e7\u00e3o de conte\u00fado sobre economia, pol\u00edtica, sa\u00fade, moda e m\u00fasica. Possui certificado de conclus\u00e3o do curso de An\u00e1lise de Balan\u00e7os pela Funda\u00e7\u00e3o Bradesco, Agenda Brasil pela FAAP, Educa\u00e7\u00e3o Pol\u00edtica por Alexandre Garcia e do Tesouro Direto e Mercado de A\u00e7\u00f5es pela B3.","url":"https:\/\/www.suno.com.br\/noticias\/author\/poliana-santos\/"}]}},"default_loop_html":"<div class=\"cardsPage__listCard__boxs\"><div class=\"cardsPage__listCard__boxs__img\"><a href=\"https:\/\/www.suno.com.br\/noticias\/dolar-opera-em-alta-com-assuntos-internacionais-no-radar-09062020\/\"><img class=\"mask\" src=\"https:\/\/www.suno.com.br\/noticias\/wp-content\/themes\/suno\/resources\/images\/spotlight\/spotlight1img\/bg-mask.png\" alt=\"Image Mask\"\/><img src=\"https:\/\/files.sunoresearch.com.br\/n\/uploads\/2018\/11\/65112397-d\u00f3lar-400x200.webp\" alt=\"D\u00f3lar opera em alta com assuntos internacionais no radar\"\/><\/a><span class=\"spotlightCategory\"><a href=\"https:\/\/www.suno.com.br\/noticias\/mercado\/\">Mercado<\/a><\/span><\/div><div class=\"cardsPage__listCard__boxs__content\"><a href=\"https:\/\/www.suno.com.br\/noticias\/dolar-opera-em-alta-com-assuntos-internacionais-no-radar-09062020\/\"><h2 class=\"content__title\">D\u00f3lar opera em alta com assuntos internacionais no radar<\/h2><\/a><div class=\"newsContent__article__meta\"><div class=\"newsContent__article__meta__authorBox\"><a href=\"https:\/\/www.suno.com.br\/noticias\/author\/poliana-santos\/\" class=\"authorBox__avatar noMobi\"><img src=\"https:\/\/files.sunoresearch.com.br\/n\/uploads\/2020\/08\/7ef34026-whatsapp-image-2020-08-03-at-12.37.57-150x150.webp\" alt=\"Poliana Santos\"><\/a><div class=\"authorBox__name\"><span>por\n\t\t\t<a href=\"https:\/\/www.suno.com.br\/noticias\/author\/poliana-santos\/\"><span itemprop=\"author\">Poliana Santos<\/span><\/a><\/span><time datetime=\"2020-06-09T09:39:24-03:00\" itemprop=\"datePublished\">09\/06\/2020 09:39<\/time><\/div><\/div><\/div><\/div><\/div>","single_layout":"posts","amp_enabled":true,"_links":{"self":[{"href":"https:\/\/www.suno.com.br\/noticias\/wp-json\/wp\/v2\/posts\/68159"}],"collection":[{"href":"https:\/\/www.suno.com.br\/noticias\/wp-json\/wp\/v2\/posts"}],"about":[{"href":"https:\/\/www.suno.com.br\/noticias\/wp-json\/wp\/v2\/types\/post"}],"author":[{"embeddable":true,"href":"https:\/\/www.suno.com.br\/noticias\/wp-json\/wp\/v2\/users\/15"}],"replies":[{"embeddable":true,"href":"https:\/\/www.suno.com.br\/noticias\/wp-json\/wp\/v2\/comments?post=68159"}],"version-history":[{"count":0,"href":"https:\/\/www.suno.com.br\/noticias\/wp-json\/wp\/v2\/posts\/68159\/revisions"}],"wp:featuredmedia":[{"embeddable":true,"href":"https:\/\/www.suno.com.br\/noticias\/wp-json\/wp\/v2\/media\/7153"}],"wp:attachment":[{"href":"https:\/\/www.suno.com.br\/noticias\/wp-json\/wp\/v2\/media?parent=68159"}],"wp:term":[{"taxonomy":"category","embeddable":true,"href":"https:\/\/www.suno.com.br\/noticias\/wp-json\/wp\/v2\/categories?post=68159"},{"taxonomy":"post_tag","embeddable":true,"href":"https:\/\/www.suno.com.br\/noticias\/wp-json\/wp\/v2\/tags?post=68159"},{"taxonomy":"suno_strategy","embeddable":true,"href":"https:\/\/www.suno.com.br\/noticias\/wp-json\/wp\/v2\/suno_strategy?post=68159"}],"curies":[{"name":"wp","href":"https:\/\/api.w.org\/{rel}","templated":true}]}}