{"id":68150,"date":"2020-06-09T08:49:16","date_gmt":"2020-06-09T11:49:16","guid":{"rendered":"https:\/\/www.suno.com.br\/noticias\/?p=68150"},"modified":"2020-06-09T11:49:22","modified_gmt":"2020-06-09T14:49:22","slug":"pib-zona-euro-3-6-1-t-20-revisao-eurostat","status":"publish","type":"post","link":"https:\/\/www.suno.com.br\/noticias\/pib-zona-euro-3-6-1-t-20-revisao-eurostat\/","title":{"rendered":"PIB da zona do euro tomba 3,6% no 1T20, aponta revis\u00e3o da Eurostat"},"content":{"rendered":"<p>O <a href=\"https:\/\/www.suno.com.br\/artigos\/pib-produto-interno-bruto\/\">Produto Interno Bruto (<strong>PIB<\/strong>)<\/a> da zona do euro teve um tombo menor do que o estimado na primeira leitura feita pela Eurostat para o primeiro trimestre deste ano. A economia do bloco encolheu 3,6% nos primeiros tr\u00eas meses de 2020, de acordo com a revis\u00e3o publicada nesta ter\u00e7a-feira (9).<\/p>\t<div class=\"wrapper-featured-image\">\n\t\t<figure class=\"spotlightImg\">\n\n\t\t\t<picture>\n\t\t\t\t<source media=\"(max-width: 768px)\" srcset=\"https:\/\/files.sunoresearch.com.br\/n\/uploads\/2020\/03\/4d6634f3-uni\u00e3o-europeia-400x200.webp\">\n\t\t\t\t<img loading=\"lazy\" decoding=\"async\" class=\"newsContent__article__imgCapa lazyloadDisabled newsContent__article__imgCapa--noCaption\" src=\"https:\/\/files.sunoresearch.com.br\/n\/uploads\/2020\/03\/4d6634f3-uni\u00e3o-europeia-jpg.webp\" width=\"800\" height=\"450\" alt=\"PIB da zona do euro tomba 3,6% no 1T20, aponta revis\u00e3o da Eurostat\" fetchpriority=high \/>\n\t\t\t<\/picture>\n\n\t\t\t<figcaption class=\"wp-caption-text wp-caption-text--hide\">Zona do Euro<\/figcaption>\n\t\t<\/figure>\n\t<\/div>\n\n\n\n<p>Na primeira publica\u00e7\u00e3o feita pela ag\u00eancia de estat\u00edsticas da <a href=\"https:\/\/www.suno.com.br\/artigos\/uniao-europeia\/\">Uni\u00e3o Europeia<\/a>, o PIB teria sofrido uma retra\u00e7\u00e3o de 3,8% na compara\u00e7\u00e3o com o \u00faltimo trimestre de 2019. Ante o mesmo per\u00edodo do ano passado, a queda teria sido de 3,2%. Esta pesquisa foi divulgada em maio.<\/p>\n<p>Mesmo com uma revis\u00e3o menos pior do que o primeiro resultado para o per\u00edodo de janeiro a mar\u00e7o deste ano, as quedas do PIB na zona do euro no intervalo em quest\u00e3o foram as maiores j\u00e1 registradas na s\u00e9rie hist\u00f3ria iniciada em 1995. Um dos maiores motivos para essas quedas foi a pandemia de coronav\u00edrus (Covid-19), que fez com que os pa\u00edses tivessem que adotar medidas de restri\u00e7\u00e3o, fechando com\u00e9rcios, f\u00e1bricas, entre outros pontos essenciais para a economia, por um determinado per\u00edodo.<\/p>\n<p><a href=\"https:\/\/lp.suno.com.br\/suno-one\/\">Suno One: acesse gratuitamente eBooks, Minicursos, Artigos e Video Aulas sobre investimentos com um \u00fanico cadastro. Clique para saber mais!<\/a><\/p>\n<h2>PIB global, segundo perspectiva do Banco Mundial<\/h2>\n<p>Na \u00faltima segunda-feira (8), o <a href=\"https:\/\/www.suno.com.br\/artigos\/banco-mundial\/\">Banco Mundial<\/a> informou, em seu relat\u00f3rio de &#8220;Perspectivas Econ\u00f4micas Globais&#8221;, que a economia global deve recuar 5,2% neste ano, que, se acontecer, ser\u00e1 a maior em 8 d\u00e9cadas. Por\u00e9m, a institui\u00e7\u00e3o prev\u00ea tamb\u00e9m que o PIB ter\u00e1 uma alta no ano que vem, de 4,2%.<\/p>\n<p>Al\u00e9m da queda do <strong>PIB<\/strong>, o Banco Mundial falou, consequentemente, sobre o com\u00e9rcio. &#8220;A quebra de atividade acentuada na primeira metade do ano dever\u00e1 contribuir para uma contra\u00e7\u00e3o do com\u00e9rcio global de cerca de 13,4 por cento em 2020&#8221;, afirmou a institui\u00e7\u00e3o financeira em seu relat\u00f3rio.<\/p>\n\n","protected":false},"excerpt":{"rendered":"<p>O Produto Interno Bruto (PIB) da zona do euro teve um tombo menor do que o estimado na primeira leitura feita pela Eurostat para o primeiro trimestre deste ano. A economia do bloco encolheu 3,6% nos primeiros tr\u00eas meses de 2020, de acordo com a revis\u00e3o publicada nesta ter\u00e7a-feira (9). Zona do Euro Na primeira [&hellip;]<\/p>\n","protected":false},"author":19,"featured_media":55895,"comment_status":"closed","ping_status":"closed","sticky":false,"template":"","format":"standard","meta":[],"categories":[63],"tags":[740,807,991],"suno_strategy":[],"class_list":["post-68150","post","type-post","status-publish","format-standard","has-post-thumbnail","hentry","category-internacional","tag-economia","tag-produto-interno-bruto-pib","tag-zona-do-euro"],"yoast_head":"<!-- This site is optimized with the Yoast SEO plugin v24.4 - https:\/\/yoast.com\/wordpress\/plugins\/seo\/ -->\n<title>PIB da zona do euro tomba 3,6% no 1T20, aponta revis\u00e3o da Eurostat<\/title>\n<meta name=\"description\" content=\"O PIB da zona do euro teve um tombo menor do que o estimado na primeira leitura feita pela Eurostat para o primeiro trimestre deste ano.\" \/>\n<meta name=\"robots\" content=\"index, follow, max-snippet:-1, max-image-preview:large, max-video-preview:-1\" \/>\n<link rel=\"canonical\" href=\"https:\/\/www.suno.com.br\/noticias\/pib-zona-euro-3-6-1-t-20-revisao-eurostat\/\" \/>\n<meta property=\"og:locale\" content=\"pt_BR\" \/>\n<meta property=\"og:type\" content=\"article\" \/>\n<meta property=\"og:title\" content=\"PIB da zona do euro tomba 3,6% no 1T20, aponta revis\u00e3o da Eurostat\" \/>\n<meta property=\"og:description\" content=\"O PIB da zona do euro teve um tombo menor do que o estimado na primeira leitura feita pela Eurostat para o primeiro trimestre deste ano.\" \/>\n<meta property=\"og:url\" content=\"https:\/\/www.suno.com.br\/noticias\/pib-zona-euro-3-6-1-t-20-revisao-eurostat\/\" \/>\n<meta property=\"og:site_name\" content=\"Suno Not\u00edcias\" \/>\n<meta property=\"article:publisher\" content=\"https:\/\/facebook.com\/sunoresearch\" \/>\n<meta property=\"og:image\" content=\"https:\/\/files.sunoresearch.com.br\/n\/uploads\/2020\/03\/4d6634f3-uni\u00e3o-europeia.jpg\" \/>\n\t<meta property=\"og:image:width\" content=\"615\" \/>\n\t<meta property=\"og:image:height\" content=\"410\" \/>\n\t<meta property=\"og:image:type\" content=\"image\/jpeg\" \/>\n<meta name=\"author\" content=\"Juliano Passaro\" \/>\n<meta name=\"twitter:card\" content=\"summary_large_image\" \/>\n<meta name=\"twitter:creator\" content=\"@sunoresearch\" \/>\n<meta name=\"twitter:site\" content=\"@sunoresearch\" \/>\n<meta name=\"twitter:label1\" content=\"Escrito por\" \/>\n\t<meta name=\"twitter:data1\" content=\"Juliano Passaro\" \/>\n\t<meta name=\"twitter:label2\" content=\"Est. tempo de leitura\" \/>\n\t<meta name=\"twitter:data2\" content=\"2 minutos\" \/>\n<script type=\"application\/ld+json\" class=\"yoast-schema-graph\">{\"@context\":\"https:\/\/schema.org\",\"@graph\":[{\"@type\":\"NewsArticle\",\"@id\":\"https:\/\/www.suno.com.br\/noticias\/pib-zona-euro-3-6-1-t-20-revisao-eurostat\/#article\",\"isPartOf\":{\"@id\":\"https:\/\/www.suno.com.br\/noticias\/pib-zona-euro-3-6-1-t-20-revisao-eurostat\/\"},\"author\":{\"name\":\"Juliano Passaro\",\"@id\":\"https:\/\/www.suno.com.br\/noticias\/#\/schema\/person\/1db762f78ffd8919a648a63e425953e3\"},\"headline\":\"PIB da zona do euro tomba 3,6% no 1T20, aponta revis\u00e3o da Eurostat\",\"datePublished\":\"2020-06-09T11:49:16+00:00\",\"dateModified\":\"2020-06-09T14:49:22+00:00\",\"mainEntityOfPage\":{\"@id\":\"https:\/\/www.suno.com.br\/noticias\/pib-zona-euro-3-6-1-t-20-revisao-eurostat\/\"},\"wordCount\":343,\"publisher\":{\"@id\":\"https:\/\/www.suno.com.br\/noticias\/#organization\"},\"image\":{\"@id\":\"https:\/\/www.suno.com.br\/noticias\/pib-zona-euro-3-6-1-t-20-revisao-eurostat\/#primaryimage\"},\"thumbnailUrl\":\"https:\/\/files.sunoresearch.com.br\/n\/uploads\/2020\/03\/4d6634f3-uni\u00e3o-europeia-jpg.webp\",\"keywords\":[\"Economia\",\"Produto Interno Bruto (PIB)\",\"zona do euro\"],\"articleSection\":[\"Internacional\"],\"inLanguage\":\"pt-BR\"},{\"@type\":\"WebPage\",\"@id\":\"https:\/\/www.suno.com.br\/noticias\/pib-zona-euro-3-6-1-t-20-revisao-eurostat\/\",\"url\":\"https:\/\/www.suno.com.br\/noticias\/pib-zona-euro-3-6-1-t-20-revisao-eurostat\/\",\"name\":\"PIB da zona do euro tomba 3,6% no 1T20, aponta revis\u00e3o da Eurostat\",\"isPartOf\":{\"@id\":\"https:\/\/www.suno.com.br\/noticias\/#website\"},\"primaryImageOfPage\":{\"@id\":\"https:\/\/www.suno.com.br\/noticias\/pib-zona-euro-3-6-1-t-20-revisao-eurostat\/#primaryimage\"},\"image\":{\"@id\":\"https:\/\/www.suno.com.br\/noticias\/pib-zona-euro-3-6-1-t-20-revisao-eurostat\/#primaryimage\"},\"thumbnailUrl\":\"https:\/\/files.sunoresearch.com.br\/n\/uploads\/2020\/03\/4d6634f3-uni\u00e3o-europeia-jpg.webp\",\"datePublished\":\"2020-06-09T11:49:16+00:00\",\"dateModified\":\"2020-06-09T14:49:22+00:00\",\"description\":\"O PIB da zona do euro teve um tombo menor do que o estimado na primeira leitura feita pela Eurostat para o primeiro trimestre deste ano.\",\"breadcrumb\":{\"@id\":\"https:\/\/www.suno.com.br\/noticias\/pib-zona-euro-3-6-1-t-20-revisao-eurostat\/#breadcrumb\"},\"inLanguage\":\"pt-BR\",\"potentialAction\":[{\"@type\":\"ReadAction\",\"target\":[\"https:\/\/www.suno.com.br\/noticias\/pib-zona-euro-3-6-1-t-20-revisao-eurostat\/\"]}]},{\"@type\":\"ImageObject\",\"inLanguage\":\"pt-BR\",\"@id\":\"https:\/\/www.suno.com.br\/noticias\/pib-zona-euro-3-6-1-t-20-revisao-eurostat\/#primaryimage\",\"url\":\"https:\/\/files.sunoresearch.com.br\/n\/uploads\/2020\/03\/4d6634f3-uni\u00e3o-europeia-jpg.webp\",\"contentUrl\":\"https:\/\/files.sunoresearch.com.br\/n\/uploads\/2020\/03\/4d6634f3-uni\u00e3o-europeia-jpg.webp\",\"width\":615,\"height\":410,\"caption\":\"Zona do Euro\"},{\"@type\":\"BreadcrumbList\",\"@id\":\"https:\/\/www.suno.com.br\/noticias\/pib-zona-euro-3-6-1-t-20-revisao-eurostat\/#breadcrumb\",\"itemListElement\":[{\"@type\":\"ListItem\",\"position\":1,\"name\":\"Not\u00edcias\",\"item\":\"https:\/\/www.suno.com.br\/noticias\/\"},{\"@type\":\"ListItem\",\"position\":2,\"name\":\"Internacional\",\"item\":\"https:\/\/www.suno.com.br\/noticias\/internacional\/\"},{\"@type\":\"ListItem\",\"position\":3,\"name\":\"PIB da zona do euro tomba 3,6% no 1T20, aponta revis\u00e3o da Eurostat\"}]},{\"@type\":\"WebSite\",\"@id\":\"https:\/\/www.suno.com.br\/noticias\/#website\",\"url\":\"https:\/\/www.suno.com.br\/noticias\/\",\"name\":\"Suno Not\u00edcias\",\"description\":\"Seu portal de informa\u00e7\u00e3o sobre o mundo dos investimentos\",\"publisher\":{\"@id\":\"https:\/\/www.suno.com.br\/noticias\/#organization\"},\"potentialAction\":[{\"@type\":\"SearchAction\",\"target\":{\"@type\":\"EntryPoint\",\"urlTemplate\":\"https:\/\/www.suno.com.br\/noticias\/?s={search_term_string}\"},\"query-input\":{\"@type\":\"PropertyValueSpecification\",\"valueRequired\":true,\"valueName\":\"search_term_string\"}}],\"inLanguage\":\"pt-BR\"},{\"@type\":\"Organization\",\"@id\":\"https:\/\/www.suno.com.br\/noticias\/#organization\",\"name\":\"Suno Not\u00edcias\",\"url\":\"https:\/\/www.suno.com.br\/noticias\/\",\"logo\":{\"@type\":\"ImageObject\",\"inLanguage\":\"pt-BR\",\"@id\":\"https:\/\/www.suno.com.br\/noticias\/#\/schema\/logo\/image\/\",\"url\":\"https:\/\/files.sunoresearch.com.br\/n\/uploads\/2021\/09\/suno-logo.png\",\"contentUrl\":\"https:\/\/files.sunoresearch.com.br\/n\/uploads\/2021\/09\/suno-logo.png\",\"width\":180,\"height\":180,\"caption\":\"Suno Not\u00edcias\"},\"image\":{\"@id\":\"https:\/\/www.suno.com.br\/noticias\/#\/schema\/logo\/image\/\"},\"sameAs\":[\"https:\/\/facebook.com\/sunoresearch\",\"https:\/\/x.com\/sunoresearch\",\"https:\/\/www.instagram.com\/suno\",\"https:\/\/www.linkedin.com\/company\/suno-research\/\",\"https:\/\/www.youtube.com\/c\/sunoresearch\"]},{\"@type\":\"Person\",\"@id\":\"https:\/\/www.suno.com.br\/noticias\/#\/schema\/person\/1db762f78ffd8919a648a63e425953e3\",\"name\":\"Juliano Passaro\",\"image\":{\"@type\":\"ImageObject\",\"inLanguage\":\"pt-BR\",\"@id\":\"https:\/\/www.suno.com.br\/noticias\/#\/schema\/person\/image\/\",\"url\":\"https:\/\/secure.gravatar.com\/avatar\/743d4df28eebf6dcc46b4ad03c319e92?s=96&r=g\",\"contentUrl\":\"https:\/\/secure.gravatar.com\/avatar\/743d4df28eebf6dcc46b4ad03c319e92?s=96&r=g\",\"caption\":\"Juliano Passaro\"},\"description\":\"Juliano Passaro escreve sobre pol\u00edtica, economia e neg\u00f3cios para o portal da Suno Research. Antes da Suno, trabalhou no Portal da Band. \u00c9 formado em jornalismo pela Universidade Presbiteriana Mackenzie.\",\"url\":\"https:\/\/www.suno.com.br\/noticias\/author\/juliano\/\"}]}<\/script>\n<!-- \/ Yoast SEO plugin. -->","yoast_head_json":{"title":"PIB da zona do euro tomba 3,6% no 1T20, aponta revis\u00e3o da Eurostat","description":"O PIB da zona do euro teve um tombo menor do que o estimado na primeira leitura feita pela Eurostat para o primeiro trimestre deste ano.","robots":{"index":"index","follow":"follow","max-snippet":"max-snippet:-1","max-image-preview":"max-image-preview:large","max-video-preview":"max-video-preview:-1"},"canonical":"https:\/\/www.suno.com.br\/noticias\/pib-zona-euro-3-6-1-t-20-revisao-eurostat\/","og_locale":"pt_BR","og_type":"article","og_title":"PIB da zona do euro tomba 3,6% no 1T20, aponta revis\u00e3o da Eurostat","og_description":"O PIB da zona do euro teve um tombo menor do que o estimado na primeira leitura feita pela Eurostat para o primeiro trimestre deste ano.","og_url":"https:\/\/www.suno.com.br\/noticias\/pib-zona-euro-3-6-1-t-20-revisao-eurostat\/","og_site_name":"Suno Not\u00edcias","article_publisher":"https:\/\/facebook.com\/sunoresearch","og_image":[{"width":615,"height":410,"url":"https:\/\/files.sunoresearch.com.br\/n\/uploads\/2020\/03\/4d6634f3-uni\u00e3o-europeia.jpg","type":"image\/jpeg"}],"author":"Juliano Passaro","twitter_card":"summary_large_image","twitter_creator":"@sunoresearch","twitter_site":"@sunoresearch","twitter_misc":{"Escrito por":"Juliano Passaro","Est. tempo de leitura":"2 minutos"},"schema":{"@context":"https:\/\/schema.org","@graph":[{"@type":"NewsArticle","@id":"https:\/\/www.suno.com.br\/noticias\/pib-zona-euro-3-6-1-t-20-revisao-eurostat\/#article","isPartOf":{"@id":"https:\/\/www.suno.com.br\/noticias\/pib-zona-euro-3-6-1-t-20-revisao-eurostat\/"},"author":{"name":"Juliano Passaro","@id":"https:\/\/www.suno.com.br\/noticias\/#\/schema\/person\/1db762f78ffd8919a648a63e425953e3"},"headline":"PIB da zona do euro tomba 3,6% no 1T20, aponta revis\u00e3o da Eurostat","datePublished":"2020-06-09T11:49:16+00:00","dateModified":"2020-06-09T14:49:22+00:00","mainEntityOfPage":{"@id":"https:\/\/www.suno.com.br\/noticias\/pib-zona-euro-3-6-1-t-20-revisao-eurostat\/"},"wordCount":343,"publisher":{"@id":"https:\/\/www.suno.com.br\/noticias\/#organization"},"image":{"@id":"https:\/\/www.suno.com.br\/noticias\/pib-zona-euro-3-6-1-t-20-revisao-eurostat\/#primaryimage"},"thumbnailUrl":"https:\/\/files.sunoresearch.com.br\/n\/uploads\/2020\/03\/4d6634f3-uni\u00e3o-europeia-jpg.webp","keywords":["Economia","Produto Interno Bruto (PIB)","zona do euro"],"articleSection":["Internacional"],"inLanguage":"pt-BR"},{"@type":"WebPage","@id":"https:\/\/www.suno.com.br\/noticias\/pib-zona-euro-3-6-1-t-20-revisao-eurostat\/","url":"https:\/\/www.suno.com.br\/noticias\/pib-zona-euro-3-6-1-t-20-revisao-eurostat\/","name":"PIB da zona do euro tomba 3,6% no 1T20, aponta revis\u00e3o da Eurostat","isPartOf":{"@id":"https:\/\/www.suno.com.br\/noticias\/#website"},"primaryImageOfPage":{"@id":"https:\/\/www.suno.com.br\/noticias\/pib-zona-euro-3-6-1-t-20-revisao-eurostat\/#primaryimage"},"image":{"@id":"https:\/\/www.suno.com.br\/noticias\/pib-zona-euro-3-6-1-t-20-revisao-eurostat\/#primaryimage"},"thumbnailUrl":"https:\/\/files.sunoresearch.com.br\/n\/uploads\/2020\/03\/4d6634f3-uni\u00e3o-europeia-jpg.webp","datePublished":"2020-06-09T11:49:16+00:00","dateModified":"2020-06-09T14:49:22+00:00","description":"O PIB da zona do euro teve um tombo menor do que o estimado na primeira leitura feita pela Eurostat para o primeiro trimestre deste ano.","breadcrumb":{"@id":"https:\/\/www.suno.com.br\/noticias\/pib-zona-euro-3-6-1-t-20-revisao-eurostat\/#breadcrumb"},"inLanguage":"pt-BR","potentialAction":[{"@type":"ReadAction","target":["https:\/\/www.suno.com.br\/noticias\/pib-zona-euro-3-6-1-t-20-revisao-eurostat\/"]}]},{"@type":"ImageObject","inLanguage":"pt-BR","@id":"https:\/\/www.suno.com.br\/noticias\/pib-zona-euro-3-6-1-t-20-revisao-eurostat\/#primaryimage","url":"https:\/\/files.sunoresearch.com.br\/n\/uploads\/2020\/03\/4d6634f3-uni\u00e3o-europeia-jpg.webp","contentUrl":"https:\/\/files.sunoresearch.com.br\/n\/uploads\/2020\/03\/4d6634f3-uni\u00e3o-europeia-jpg.webp","width":615,"height":410,"caption":"Zona do Euro"},{"@type":"BreadcrumbList","@id":"https:\/\/www.suno.com.br\/noticias\/pib-zona-euro-3-6-1-t-20-revisao-eurostat\/#breadcrumb","itemListElement":[{"@type":"ListItem","position":1,"name":"Not\u00edcias","item":"https:\/\/www.suno.com.br\/noticias\/"},{"@type":"ListItem","position":2,"name":"Internacional","item":"https:\/\/www.suno.com.br\/noticias\/internacional\/"},{"@type":"ListItem","position":3,"name":"PIB da zona do euro tomba 3,6% no 1T20, aponta revis\u00e3o da Eurostat"}]},{"@type":"WebSite","@id":"https:\/\/www.suno.com.br\/noticias\/#website","url":"https:\/\/www.suno.com.br\/noticias\/","name":"Suno Not\u00edcias","description":"Seu portal de informa\u00e7\u00e3o sobre o mundo dos investimentos","publisher":{"@id":"https:\/\/www.suno.com.br\/noticias\/#organization"},"potentialAction":[{"@type":"SearchAction","target":{"@type":"EntryPoint","urlTemplate":"https:\/\/www.suno.com.br\/noticias\/?s={search_term_string}"},"query-input":{"@type":"PropertyValueSpecification","valueRequired":true,"valueName":"search_term_string"}}],"inLanguage":"pt-BR"},{"@type":"Organization","@id":"https:\/\/www.suno.com.br\/noticias\/#organization","name":"Suno Not\u00edcias","url":"https:\/\/www.suno.com.br\/noticias\/","logo":{"@type":"ImageObject","inLanguage":"pt-BR","@id":"https:\/\/www.suno.com.br\/noticias\/#\/schema\/logo\/image\/","url":"https:\/\/files.sunoresearch.com.br\/n\/uploads\/2021\/09\/suno-logo.png","contentUrl":"https:\/\/files.sunoresearch.com.br\/n\/uploads\/2021\/09\/suno-logo.png","width":180,"height":180,"caption":"Suno Not\u00edcias"},"image":{"@id":"https:\/\/www.suno.com.br\/noticias\/#\/schema\/logo\/image\/"},"sameAs":["https:\/\/facebook.com\/sunoresearch","https:\/\/x.com\/sunoresearch","https:\/\/www.instagram.com\/suno","https:\/\/www.linkedin.com\/company\/suno-research\/","https:\/\/www.youtube.com\/c\/sunoresearch"]},{"@type":"Person","@id":"https:\/\/www.suno.com.br\/noticias\/#\/schema\/person\/1db762f78ffd8919a648a63e425953e3","name":"Juliano Passaro","image":{"@type":"ImageObject","inLanguage":"pt-BR","@id":"https:\/\/www.suno.com.br\/noticias\/#\/schema\/person\/image\/","url":"https:\/\/secure.gravatar.com\/avatar\/743d4df28eebf6dcc46b4ad03c319e92?s=96&r=g","contentUrl":"https:\/\/secure.gravatar.com\/avatar\/743d4df28eebf6dcc46b4ad03c319e92?s=96&r=g","caption":"Juliano Passaro"},"description":"Juliano Passaro escreve sobre pol\u00edtica, economia e neg\u00f3cios para o portal da Suno Research. Antes da Suno, trabalhou no Portal da Band. \u00c9 formado em jornalismo pela Universidade Presbiteriana Mackenzie.","url":"https:\/\/www.suno.com.br\/noticias\/author\/juliano\/"}]}},"default_loop_html":"<div class=\"cardsPage__listCard__boxs\"><div class=\"cardsPage__listCard__boxs__img\"><a href=\"https:\/\/www.suno.com.br\/noticias\/pib-zona-euro-3-6-1-t-20-revisao-eurostat\/\"><img class=\"mask\" src=\"https:\/\/www.suno.com.br\/noticias\/wp-content\/themes\/suno\/resources\/images\/spotlight\/spotlight1img\/bg-mask.png\" alt=\"Image Mask\"\/><img src=\"https:\/\/files.sunoresearch.com.br\/n\/uploads\/2020\/03\/4d6634f3-uni\u00e3o-europeia-400x200.webp\" alt=\"PIB da zona do euro tomba 3,6% no 1T20, aponta revis\u00e3o da Eurostat\"\/><\/a><span class=\"spotlightCategory\"><a href=\"https:\/\/www.suno.com.br\/noticias\/internacional\/\">Internacional<\/a><\/span><\/div><div class=\"cardsPage__listCard__boxs__content\"><a href=\"https:\/\/www.suno.com.br\/noticias\/pib-zona-euro-3-6-1-t-20-revisao-eurostat\/\"><h2 class=\"content__title\">PIB da zona do euro tomba 3,6% no 1T20, aponta revis\u00e3o da Eurostat<\/h2><\/a><div class=\"newsContent__article__meta\"><div class=\"newsContent__article__meta__authorBox\"><a href=\"https:\/\/www.suno.com.br\/noticias\/author\/juliano\/\" class=\"authorBox__avatar noMobi\"><img src=\"https:\/\/files.sunoresearch.com.br\/n\/uploads\/2019\/06\/7cc3efea-whatsapp-image-2019-07-18-at-21.59.33-e1563499821209-150x150.webp\" alt=\"Juliano Passaro\"><\/a><div class=\"authorBox__name\"><span>por\n\t\t\t<a href=\"https:\/\/www.suno.com.br\/noticias\/author\/juliano\/\"><span itemprop=\"author\">Juliano Passaro<\/span><\/a><\/span><time datetime=\"2020-06-09T08:49:16-03:00\" itemprop=\"datePublished\">09\/06\/2020 08:49<\/time><\/div><\/div><\/div><\/div><\/div>","single_layout":"posts","amp_enabled":true,"_links":{"self":[{"href":"https:\/\/www.suno.com.br\/noticias\/wp-json\/wp\/v2\/posts\/68150"}],"collection":[{"href":"https:\/\/www.suno.com.br\/noticias\/wp-json\/wp\/v2\/posts"}],"about":[{"href":"https:\/\/www.suno.com.br\/noticias\/wp-json\/wp\/v2\/types\/post"}],"author":[{"embeddable":true,"href":"https:\/\/www.suno.com.br\/noticias\/wp-json\/wp\/v2\/users\/19"}],"replies":[{"embeddable":true,"href":"https:\/\/www.suno.com.br\/noticias\/wp-json\/wp\/v2\/comments?post=68150"}],"version-history":[{"count":0,"href":"https:\/\/www.suno.com.br\/noticias\/wp-json\/wp\/v2\/posts\/68150\/revisions"}],"wp:featuredmedia":[{"embeddable":true,"href":"https:\/\/www.suno.com.br\/noticias\/wp-json\/wp\/v2\/media\/55895"}],"wp:attachment":[{"href":"https:\/\/www.suno.com.br\/noticias\/wp-json\/wp\/v2\/media?parent=68150"}],"wp:term":[{"taxonomy":"category","embeddable":true,"href":"https:\/\/www.suno.com.br\/noticias\/wp-json\/wp\/v2\/categories?post=68150"},{"taxonomy":"post_tag","embeddable":true,"href":"https:\/\/www.suno.com.br\/noticias\/wp-json\/wp\/v2\/tags?post=68150"},{"taxonomy":"suno_strategy","embeddable":true,"href":"https:\/\/www.suno.com.br\/noticias\/wp-json\/wp\/v2\/suno_strategy?post=68150"}],"curies":[{"name":"wp","href":"https:\/\/api.w.org\/{rel}","templated":true}]}}