{"id":68077,"date":"2020-06-08T17:40:33","date_gmt":"2020-06-08T20:40:33","guid":{"rendered":"https:\/\/www.suno.com.br\/noticias\/?p=68077"},"modified":"2021-02-17T22:50:49","modified_gmt":"2021-02-18T01:50:49","slug":"banco-central-contas-externas-selic-coronavirus","status":"publish","type":"post","link":"https:\/\/www.suno.com.br\/noticias\/banco-central-contas-externas-selic-coronavirus\/","title":{"rendered":"Banco Central: contas externas ir\u00e3o melhorar, segundo Campos Neto"},"content":{"rendered":"<p>As<a href=\"https:\/\/www.suno.com.br\/artigos\/fuga-de-capitais\/\"> sa\u00eddas de capital<\/a> do Brasil ir\u00e3o se acomodar, enquanto as <a href=\"https:\/\/www.suno.com.br\/noticias\/tags\/contas-externas\/\">contas externas<\/a> ir\u00e3o melhorar, segundo afirmou nessa segunda-feira (8) o presidente do <a href=\"https:\/\/www.suno.com.br\/artigos\/bacen\/\"><strong>Banco Central<\/strong> (BC)<\/a>, <a href=\"https:\/\/www.suno.com.br\/tudo-sobre\/roberto-campos-neto\/\">Roberto Campos Neto, <\/a>\u00a0durante uma reuni\u00e3o virtual com investidores.<\/p>\t<div class=\"wrapper-featured-image\">\n\t\t<figure class=\"spotlightImg\">\n\n\t\t\t<picture>\n\t\t\t\t<source media=\"(max-width: 768px)\" srcset=\"https:\/\/files.sunoresearch.com.br\/n\/uploads\/2020\/03\/b9356a44-banco-central-400x200.webp\">\n\t\t\t\t<img loading=\"lazy\" decoding=\"async\" class=\"newsContent__article__imgCapa lazyloadDisabled newsContent__article__imgCapa--noCaption\" src=\"https:\/\/files.sunoresearch.com.br\/n\/uploads\/2020\/03\/b9356a44-banco-central-800x450.webp\" width=\"800\" height=\"450\" alt=\"Banco Central: contas externas ir\u00e3o melhorar, segundo Campos Neto\" fetchpriority=high \/>\n\t\t\t<\/picture>\n\n\t\t\t<figcaption class=\"wp-caption-text wp-caption-text--hide\">O sistema de pagamentos instant\u00e2neos Pix atingiu a marca de 21,09 milh\u00f5es de chaves cadastradas at\u00e9 as 18h de hoje. <\/figcaption>\n\t\t<\/figure>\n\t<\/div>\n\n\n\n<p>O presidente do Banco Central indicou que as turbul\u00eancias causadas pela <a href=\"https:\/\/www.suno.com.br\/noticias\/tags\/coronavirus\/\">pandemia de coronav\u00edrus (Covid-19)<\/a> impactaram fortemente os fluxos de capital e o c\u00e2mbio local, e que os efeitos da pandemia atingiram a economia do <strong>Brasil<\/strong>.<\/p>\n<p>Entretanto, vale destacar que o<strong> <a href=\"https:\/\/www.suno.com.br\/noticias\/tags\/fluxo-cambial\/\">fluxo cambial<\/a> <\/strong>brasileiro fechou o m\u00eas de maio com um saldo positivo de US$ 3,080 bilh\u00f5es, tendo seu primeiro m\u00eas positivo em 2020.<\/p>\n<p><a href=\"https:\/\/lp.suno.com.br\/suno-one\/\">Conhe\u00e7a o Suno One, a central gratuita de informa\u00e7\u00f5es da Suno para quem quer aprender a investir. Acesse clicando aqui.<\/a><\/p>\n<p>J\u00e1 sobre o desempenho do <a href=\"https:\/\/www.suno.com.br\/artigos\/mercado-de-credito\/\">mercado de cr\u00e9dito<\/a> do pa\u00eds, <strong>Campos Neto<\/strong> indicou que entre os dias 16 de mar\u00e7o a 29 de maio, as opera\u00e7\u00f5es alcan\u00e7aram R$ 554,3 bilh\u00f5es, ao mesmo tempo em que as renova\u00e7\u00f5es ficaram em R$ 156,9 bilh\u00f5es.<\/p>\n<p>J\u00e1 as <a href=\"https:\/\/www.suno.com.br\/artigos\/negociacao-de-dividas\/\">renegocia\u00e7\u00f5es de d\u00edvidas<\/a> com prazos ampliados chegaram a R$ 594,3 bilh\u00f5es entre os dias 16 de mar\u00e7o e 29 de maio desse ano, segundo o economista.<\/p>\n<p>O presidente do <strong>BC\u00a0<\/strong>ainda comentou sobre as mudan\u00e7as no Programa Emergencial de Suporte a Empregos, criado pela autarquia para diminuir o caos causado pelo coronav\u00edrus.<\/p>\n<p>Segundo ele, o governo deve realizar as seguintes mudan\u00e7as:<\/p>\n<ul>\n<li>Inclus\u00e3o de empresas com <strong><a href=\"https:\/\/www.suno.com.br\/artigos\/lucro-bruto\/\">lucro bruto<\/a><\/strong> anual do ano passado entre R$10 milh\u00f5es e R$50 milh\u00f5es;<\/li>\n<li>Extens\u00e3o do programa por mais dois meses;<\/li>\n<li>Concess\u00e3o de <strong>financiamento<\/strong> para empresas com um 50% dos postos de trabalho ainda ativos.<\/li>\n<\/ul>\n<h2>Presidente do Banco Central diz que Copom considera corte extra na Selic<\/h2>\n<p>Na mesma reuni\u00e3o organizada pelo <strong>Goldman Sachs<\/strong>, o economista tamb\u00e9m comentou sobre a <a href=\"https:\/\/www.suno.com.br\/artigos\/taxa-de-juros\/\">taxa b\u00e1sica de juros (Selic)<\/a>. Campos Neto disse que o <a href=\"https:\/\/www.suno.com.br\/artigos\/copom\/\">Comit\u00ea de Pol\u00edtica Monet\u00e1ria (<strong>Copom<\/strong>)<\/a> considera mais um corte na <strong>Selic<\/strong>, de at\u00e9 0,75 ponto percentual.<\/p>\n<p>O pr\u00f3ximo encontro do Copom deve ocorrer nos dias 16 e 17 desse m\u00eas, mas o corte depender\u00e1 do cen\u00e1rio fiscal e dos dados da economia.<\/p>\n<p><a href=\"https:\/\/www.suno.com.br\/noticias\/banco-central-selic-copom-06052020\/\">Saiba mais:\u00a0Banco Central corta Selic em 0,75 ponto para 3% ao ano<\/a><\/p>\n<p>Segundo o presidente do <strong>Banco Central<\/strong>, o cen\u00e1rio atual indica um est\u00edmulo monet\u00e1rio &#8220;extraordinariamente elevado&#8221;. Em contrapartida, o economista salientou que existem limita\u00e7\u00f5es para o grau de ajuste na taxa b\u00e1sica de juros.<\/p>\n\n","protected":false},"excerpt":{"rendered":"<p>As sa\u00eddas de capital do Brasil ir\u00e3o se acomodar, enquanto as contas externas ir\u00e3o melhorar, segundo afirmou nessa segunda-feira (8) o presidente do Banco Central (BC), Roberto Campos Neto, \u00a0durante uma reuni\u00e3o virtual com investidores. O sistema de pagamentos instant\u00e2neos Pix atingiu a marca de 21,09 milh\u00f5es de chaves cadastradas at\u00e9 as 18h de hoje. [&hellip;]<\/p>\n","protected":false},"author":39,"featured_media":55635,"comment_status":"closed","ping_status":"closed","sticky":false,"template":"","format":"standard","meta":[],"categories":[62],"tags":[1842,1113],"suno_strategy":[],"class_list":["post-68077","post","type-post","status-publish","format-standard","has-post-thumbnail","hentry","category-economia","tag-banco-central-bc","tag-roberto-campos-neto"],"yoast_head":"<!-- This site is optimized with the Yoast SEO plugin v24.4 - https:\/\/yoast.com\/wordpress\/plugins\/seo\/ -->\n<title>Banco Central: contas externas ir\u00e3o melhorar, segundo Campos Neto<\/title>\n<meta name=\"description\" content=\"O presidente do Banco Central, Roberto Campos Neto, afirmou nessa sexta que contas externas devem melhorar. Clique aqui para saber mais.\" \/>\n<meta name=\"robots\" content=\"index, follow, max-snippet:-1, max-image-preview:large, max-video-preview:-1\" \/>\n<link rel=\"canonical\" href=\"https:\/\/www.suno.com.br\/noticias\/banco-central-contas-externas-selic-coronavirus\/\" \/>\n<meta property=\"og:locale\" content=\"pt_BR\" \/>\n<meta property=\"og:type\" content=\"article\" \/>\n<meta property=\"og:title\" content=\"Banco Central: contas externas ir\u00e3o melhorar, segundo Campos Neto\" \/>\n<meta property=\"og:description\" content=\"O presidente do Banco Central, Roberto Campos Neto, afirmou nessa sexta que contas externas devem melhorar. Clique aqui para saber mais.\" \/>\n<meta property=\"og:url\" content=\"https:\/\/www.suno.com.br\/noticias\/banco-central-contas-externas-selic-coronavirus\/\" \/>\n<meta property=\"og:site_name\" content=\"Suno Not\u00edcias\" \/>\n<meta property=\"article:publisher\" content=\"https:\/\/facebook.com\/sunoresearch\" \/>\n<meta property=\"og:image\" content=\"https:\/\/files.sunoresearch.com.br\/n\/uploads\/2020\/03\/b9356a44-banco-central.jpg\" \/>\n\t<meta property=\"og:image:width\" content=\"2400\" \/>\n\t<meta property=\"og:image:height\" content=\"1600\" \/>\n\t<meta property=\"og:image:type\" content=\"image\/jpeg\" \/>\n<meta name=\"author\" content=\"Laura Moutinho\" \/>\n<meta name=\"twitter:card\" content=\"summary_large_image\" \/>\n<meta name=\"twitter:creator\" content=\"@sunoresearch\" \/>\n<meta name=\"twitter:site\" content=\"@sunoresearch\" \/>\n<meta name=\"twitter:label1\" content=\"Escrito por\" \/>\n\t<meta name=\"twitter:data1\" content=\"Laura Moutinho\" \/>\n\t<meta name=\"twitter:label2\" content=\"Est. tempo de leitura\" \/>\n\t<meta name=\"twitter:data2\" content=\"2 minutos\" \/>\n<script type=\"application\/ld+json\" class=\"yoast-schema-graph\">{\"@context\":\"https:\/\/schema.org\",\"@graph\":[{\"@type\":\"NewsArticle\",\"@id\":\"https:\/\/www.suno.com.br\/noticias\/banco-central-contas-externas-selic-coronavirus\/#article\",\"isPartOf\":{\"@id\":\"https:\/\/www.suno.com.br\/noticias\/banco-central-contas-externas-selic-coronavirus\/\"},\"author\":{\"name\":\"Laura Moutinho\",\"@id\":\"https:\/\/www.suno.com.br\/noticias\/#\/schema\/person\/3df0d2808748b74496efe5dbeaef2c72\"},\"headline\":\"Banco Central: contas externas ir\u00e3o melhorar, segundo Campos Neto\",\"datePublished\":\"2020-06-08T20:40:33+00:00\",\"dateModified\":\"2021-02-18T01:50:49+00:00\",\"mainEntityOfPage\":{\"@id\":\"https:\/\/www.suno.com.br\/noticias\/banco-central-contas-externas-selic-coronavirus\/\"},\"wordCount\":431,\"publisher\":{\"@id\":\"https:\/\/www.suno.com.br\/noticias\/#organization\"},\"image\":{\"@id\":\"https:\/\/www.suno.com.br\/noticias\/banco-central-contas-externas-selic-coronavirus\/#primaryimage\"},\"thumbnailUrl\":\"https:\/\/files.sunoresearch.com.br\/n\/uploads\/2020\/03\/b9356a44-banco-central-jpg.webp\",\"keywords\":[\"Banco Central (BC)\",\"Roberto Campos Neto\"],\"articleSection\":[\"Economia\"],\"inLanguage\":\"pt-BR\"},{\"@type\":\"WebPage\",\"@id\":\"https:\/\/www.suno.com.br\/noticias\/banco-central-contas-externas-selic-coronavirus\/\",\"url\":\"https:\/\/www.suno.com.br\/noticias\/banco-central-contas-externas-selic-coronavirus\/\",\"name\":\"Banco Central: contas externas ir\u00e3o melhorar, segundo Campos Neto\",\"isPartOf\":{\"@id\":\"https:\/\/www.suno.com.br\/noticias\/#website\"},\"primaryImageOfPage\":{\"@id\":\"https:\/\/www.suno.com.br\/noticias\/banco-central-contas-externas-selic-coronavirus\/#primaryimage\"},\"image\":{\"@id\":\"https:\/\/www.suno.com.br\/noticias\/banco-central-contas-externas-selic-coronavirus\/#primaryimage\"},\"thumbnailUrl\":\"https:\/\/files.sunoresearch.com.br\/n\/uploads\/2020\/03\/b9356a44-banco-central-jpg.webp\",\"datePublished\":\"2020-06-08T20:40:33+00:00\",\"dateModified\":\"2021-02-18T01:50:49+00:00\",\"description\":\"O presidente do Banco Central, Roberto Campos Neto, afirmou nessa sexta que contas externas devem melhorar. Clique aqui para saber mais.\",\"breadcrumb\":{\"@id\":\"https:\/\/www.suno.com.br\/noticias\/banco-central-contas-externas-selic-coronavirus\/#breadcrumb\"},\"inLanguage\":\"pt-BR\",\"potentialAction\":[{\"@type\":\"ReadAction\",\"target\":[\"https:\/\/www.suno.com.br\/noticias\/banco-central-contas-externas-selic-coronavirus\/\"]}]},{\"@type\":\"ImageObject\",\"inLanguage\":\"pt-BR\",\"@id\":\"https:\/\/www.suno.com.br\/noticias\/banco-central-contas-externas-selic-coronavirus\/#primaryimage\",\"url\":\"https:\/\/files.sunoresearch.com.br\/n\/uploads\/2020\/03\/b9356a44-banco-central-jpg.webp\",\"contentUrl\":\"https:\/\/files.sunoresearch.com.br\/n\/uploads\/2020\/03\/b9356a44-banco-central-jpg.webp\",\"width\":2400,\"height\":1600,\"caption\":\"O sistema de pagamentos instant\u00e2neos Pix atingiu a marca de 21,09 milh\u00f5es de chaves cadastradas at\u00e9 as 18h de hoje.\"},{\"@type\":\"BreadcrumbList\",\"@id\":\"https:\/\/www.suno.com.br\/noticias\/banco-central-contas-externas-selic-coronavirus\/#breadcrumb\",\"itemListElement\":[{\"@type\":\"ListItem\",\"position\":1,\"name\":\"Not\u00edcias\",\"item\":\"https:\/\/www.suno.com.br\/noticias\/\"},{\"@type\":\"ListItem\",\"position\":2,\"name\":\"Economia\",\"item\":\"https:\/\/www.suno.com.br\/noticias\/economia\/\"},{\"@type\":\"ListItem\",\"position\":3,\"name\":\"Banco Central: contas externas ir\u00e3o melhorar, segundo Campos Neto\"}]},{\"@type\":\"WebSite\",\"@id\":\"https:\/\/www.suno.com.br\/noticias\/#website\",\"url\":\"https:\/\/www.suno.com.br\/noticias\/\",\"name\":\"Suno Not\u00edcias\",\"description\":\"Seu portal de informa\u00e7\u00e3o sobre o mundo dos investimentos\",\"publisher\":{\"@id\":\"https:\/\/www.suno.com.br\/noticias\/#organization\"},\"potentialAction\":[{\"@type\":\"SearchAction\",\"target\":{\"@type\":\"EntryPoint\",\"urlTemplate\":\"https:\/\/www.suno.com.br\/noticias\/?s={search_term_string}\"},\"query-input\":{\"@type\":\"PropertyValueSpecification\",\"valueRequired\":true,\"valueName\":\"search_term_string\"}}],\"inLanguage\":\"pt-BR\"},{\"@type\":\"Organization\",\"@id\":\"https:\/\/www.suno.com.br\/noticias\/#organization\",\"name\":\"Suno Not\u00edcias\",\"url\":\"https:\/\/www.suno.com.br\/noticias\/\",\"logo\":{\"@type\":\"ImageObject\",\"inLanguage\":\"pt-BR\",\"@id\":\"https:\/\/www.suno.com.br\/noticias\/#\/schema\/logo\/image\/\",\"url\":\"https:\/\/files.sunoresearch.com.br\/n\/uploads\/2021\/09\/suno-logo.png\",\"contentUrl\":\"https:\/\/files.sunoresearch.com.br\/n\/uploads\/2021\/09\/suno-logo.png\",\"width\":180,\"height\":180,\"caption\":\"Suno Not\u00edcias\"},\"image\":{\"@id\":\"https:\/\/www.suno.com.br\/noticias\/#\/schema\/logo\/image\/\"},\"sameAs\":[\"https:\/\/facebook.com\/sunoresearch\",\"https:\/\/x.com\/sunoresearch\",\"https:\/\/www.instagram.com\/suno\",\"https:\/\/www.linkedin.com\/company\/suno-research\/\",\"https:\/\/www.youtube.com\/c\/sunoresearch\"]},{\"@type\":\"Person\",\"@id\":\"https:\/\/www.suno.com.br\/noticias\/#\/schema\/person\/3df0d2808748b74496efe5dbeaef2c72\",\"name\":\"Laura Moutinho\",\"image\":{\"@type\":\"ImageObject\",\"inLanguage\":\"pt-BR\",\"@id\":\"https:\/\/www.suno.com.br\/noticias\/#\/schema\/person\/image\/\",\"url\":\"https:\/\/secure.gravatar.com\/avatar\/7571c7c8ca3a6fca5e41384ece5557ff?s=96&r=g\",\"contentUrl\":\"https:\/\/secure.gravatar.com\/avatar\/7571c7c8ca3a6fca5e41384ece5557ff?s=96&r=g\",\"caption\":\"Laura Moutinho\"},\"description\":\"Estagi\u00e1ria na Suno Not\u00edcias, escreve not\u00edcias que afetam o mercado financeiro. Estuda administra\u00e7\u00e3o na Universidade Presbiteriana Mackenzie.\",\"url\":\"https:\/\/www.suno.com.br\/noticias\/author\/laura-moutinho\/\"}]}<\/script>\n<!-- \/ Yoast SEO plugin. -->","yoast_head_json":{"title":"Banco Central: contas externas ir\u00e3o melhorar, segundo Campos Neto","description":"O presidente do Banco Central, Roberto Campos Neto, afirmou nessa sexta que contas externas devem melhorar. Clique aqui para saber mais.","robots":{"index":"index","follow":"follow","max-snippet":"max-snippet:-1","max-image-preview":"max-image-preview:large","max-video-preview":"max-video-preview:-1"},"canonical":"https:\/\/www.suno.com.br\/noticias\/banco-central-contas-externas-selic-coronavirus\/","og_locale":"pt_BR","og_type":"article","og_title":"Banco Central: contas externas ir\u00e3o melhorar, segundo Campos Neto","og_description":"O presidente do Banco Central, Roberto Campos Neto, afirmou nessa sexta que contas externas devem melhorar. Clique aqui para saber mais.","og_url":"https:\/\/www.suno.com.br\/noticias\/banco-central-contas-externas-selic-coronavirus\/","og_site_name":"Suno Not\u00edcias","article_publisher":"https:\/\/facebook.com\/sunoresearch","og_image":[{"width":2400,"height":1600,"url":"https:\/\/files.sunoresearch.com.br\/n\/uploads\/2020\/03\/b9356a44-banco-central.jpg","type":"image\/jpeg"}],"author":"Laura Moutinho","twitter_card":"summary_large_image","twitter_creator":"@sunoresearch","twitter_site":"@sunoresearch","twitter_misc":{"Escrito por":"Laura Moutinho","Est. tempo de leitura":"2 minutos"},"schema":{"@context":"https:\/\/schema.org","@graph":[{"@type":"NewsArticle","@id":"https:\/\/www.suno.com.br\/noticias\/banco-central-contas-externas-selic-coronavirus\/#article","isPartOf":{"@id":"https:\/\/www.suno.com.br\/noticias\/banco-central-contas-externas-selic-coronavirus\/"},"author":{"name":"Laura Moutinho","@id":"https:\/\/www.suno.com.br\/noticias\/#\/schema\/person\/3df0d2808748b74496efe5dbeaef2c72"},"headline":"Banco Central: contas externas ir\u00e3o melhorar, segundo Campos Neto","datePublished":"2020-06-08T20:40:33+00:00","dateModified":"2021-02-18T01:50:49+00:00","mainEntityOfPage":{"@id":"https:\/\/www.suno.com.br\/noticias\/banco-central-contas-externas-selic-coronavirus\/"},"wordCount":431,"publisher":{"@id":"https:\/\/www.suno.com.br\/noticias\/#organization"},"image":{"@id":"https:\/\/www.suno.com.br\/noticias\/banco-central-contas-externas-selic-coronavirus\/#primaryimage"},"thumbnailUrl":"https:\/\/files.sunoresearch.com.br\/n\/uploads\/2020\/03\/b9356a44-banco-central-jpg.webp","keywords":["Banco Central (BC)","Roberto Campos Neto"],"articleSection":["Economia"],"inLanguage":"pt-BR"},{"@type":"WebPage","@id":"https:\/\/www.suno.com.br\/noticias\/banco-central-contas-externas-selic-coronavirus\/","url":"https:\/\/www.suno.com.br\/noticias\/banco-central-contas-externas-selic-coronavirus\/","name":"Banco Central: contas externas ir\u00e3o melhorar, segundo Campos Neto","isPartOf":{"@id":"https:\/\/www.suno.com.br\/noticias\/#website"},"primaryImageOfPage":{"@id":"https:\/\/www.suno.com.br\/noticias\/banco-central-contas-externas-selic-coronavirus\/#primaryimage"},"image":{"@id":"https:\/\/www.suno.com.br\/noticias\/banco-central-contas-externas-selic-coronavirus\/#primaryimage"},"thumbnailUrl":"https:\/\/files.sunoresearch.com.br\/n\/uploads\/2020\/03\/b9356a44-banco-central-jpg.webp","datePublished":"2020-06-08T20:40:33+00:00","dateModified":"2021-02-18T01:50:49+00:00","description":"O presidente do Banco Central, Roberto Campos Neto, afirmou nessa sexta que contas externas devem melhorar. Clique aqui para saber mais.","breadcrumb":{"@id":"https:\/\/www.suno.com.br\/noticias\/banco-central-contas-externas-selic-coronavirus\/#breadcrumb"},"inLanguage":"pt-BR","potentialAction":[{"@type":"ReadAction","target":["https:\/\/www.suno.com.br\/noticias\/banco-central-contas-externas-selic-coronavirus\/"]}]},{"@type":"ImageObject","inLanguage":"pt-BR","@id":"https:\/\/www.suno.com.br\/noticias\/banco-central-contas-externas-selic-coronavirus\/#primaryimage","url":"https:\/\/files.sunoresearch.com.br\/n\/uploads\/2020\/03\/b9356a44-banco-central-jpg.webp","contentUrl":"https:\/\/files.sunoresearch.com.br\/n\/uploads\/2020\/03\/b9356a44-banco-central-jpg.webp","width":2400,"height":1600,"caption":"O sistema de pagamentos instant\u00e2neos Pix atingiu a marca de 21,09 milh\u00f5es de chaves cadastradas at\u00e9 as 18h de hoje."},{"@type":"BreadcrumbList","@id":"https:\/\/www.suno.com.br\/noticias\/banco-central-contas-externas-selic-coronavirus\/#breadcrumb","itemListElement":[{"@type":"ListItem","position":1,"name":"Not\u00edcias","item":"https:\/\/www.suno.com.br\/noticias\/"},{"@type":"ListItem","position":2,"name":"Economia","item":"https:\/\/www.suno.com.br\/noticias\/economia\/"},{"@type":"ListItem","position":3,"name":"Banco Central: contas externas ir\u00e3o melhorar, segundo Campos Neto"}]},{"@type":"WebSite","@id":"https:\/\/www.suno.com.br\/noticias\/#website","url":"https:\/\/www.suno.com.br\/noticias\/","name":"Suno Not\u00edcias","description":"Seu portal de informa\u00e7\u00e3o sobre o mundo dos investimentos","publisher":{"@id":"https:\/\/www.suno.com.br\/noticias\/#organization"},"potentialAction":[{"@type":"SearchAction","target":{"@type":"EntryPoint","urlTemplate":"https:\/\/www.suno.com.br\/noticias\/?s={search_term_string}"},"query-input":{"@type":"PropertyValueSpecification","valueRequired":true,"valueName":"search_term_string"}}],"inLanguage":"pt-BR"},{"@type":"Organization","@id":"https:\/\/www.suno.com.br\/noticias\/#organization","name":"Suno Not\u00edcias","url":"https:\/\/www.suno.com.br\/noticias\/","logo":{"@type":"ImageObject","inLanguage":"pt-BR","@id":"https:\/\/www.suno.com.br\/noticias\/#\/schema\/logo\/image\/","url":"https:\/\/files.sunoresearch.com.br\/n\/uploads\/2021\/09\/suno-logo.png","contentUrl":"https:\/\/files.sunoresearch.com.br\/n\/uploads\/2021\/09\/suno-logo.png","width":180,"height":180,"caption":"Suno Not\u00edcias"},"image":{"@id":"https:\/\/www.suno.com.br\/noticias\/#\/schema\/logo\/image\/"},"sameAs":["https:\/\/facebook.com\/sunoresearch","https:\/\/x.com\/sunoresearch","https:\/\/www.instagram.com\/suno","https:\/\/www.linkedin.com\/company\/suno-research\/","https:\/\/www.youtube.com\/c\/sunoresearch"]},{"@type":"Person","@id":"https:\/\/www.suno.com.br\/noticias\/#\/schema\/person\/3df0d2808748b74496efe5dbeaef2c72","name":"Laura Moutinho","image":{"@type":"ImageObject","inLanguage":"pt-BR","@id":"https:\/\/www.suno.com.br\/noticias\/#\/schema\/person\/image\/","url":"https:\/\/secure.gravatar.com\/avatar\/7571c7c8ca3a6fca5e41384ece5557ff?s=96&r=g","contentUrl":"https:\/\/secure.gravatar.com\/avatar\/7571c7c8ca3a6fca5e41384ece5557ff?s=96&r=g","caption":"Laura Moutinho"},"description":"Estagi\u00e1ria na Suno Not\u00edcias, escreve not\u00edcias que afetam o mercado financeiro. Estuda administra\u00e7\u00e3o na Universidade Presbiteriana Mackenzie.","url":"https:\/\/www.suno.com.br\/noticias\/author\/laura-moutinho\/"}]}},"default_loop_html":"<div class=\"cardsPage__listCard__boxs\"><div class=\"cardsPage__listCard__boxs__img\"><a href=\"https:\/\/www.suno.com.br\/noticias\/banco-central-contas-externas-selic-coronavirus\/\"><img class=\"mask\" src=\"https:\/\/www.suno.com.br\/noticias\/wp-content\/themes\/suno\/resources\/images\/spotlight\/spotlight1img\/bg-mask.png\" alt=\"Image Mask\"\/><img src=\"https:\/\/files.sunoresearch.com.br\/n\/uploads\/2020\/03\/b9356a44-banco-central-400x200.webp\" alt=\"Banco Central: contas externas ir\u00e3o melhorar, segundo Campos Neto\"\/><\/a><span class=\"spotlightCategory\"><a href=\"https:\/\/www.suno.com.br\/noticias\/economia\/\">Economia<\/a><\/span><\/div><div class=\"cardsPage__listCard__boxs__content\"><a href=\"https:\/\/www.suno.com.br\/noticias\/banco-central-contas-externas-selic-coronavirus\/\"><h2 class=\"content__title\">Banco Central: contas externas ir\u00e3o melhorar, segundo Campos Neto<\/h2><\/a><div class=\"newsContent__article__meta\"><div class=\"newsContent__article__meta__authorBox\"><a href=\"https:\/\/www.suno.com.br\/noticias\/author\/laura-moutinho\/\" class=\"authorBox__avatar noMobi\"><img src=\"https:\/\/files.sunoresearch.com.br\/n\/uploads\/2020\/08\/531ff69d-whatsapp-image-2020-08-03-at-14.54.38-150x150.webp\" alt=\"Laura Moutinho\"><\/a><div class=\"authorBox__name\"><span>por\n\t\t\t<a href=\"https:\/\/www.suno.com.br\/noticias\/author\/laura-moutinho\/\"><span itemprop=\"author\">Laura Moutinho<\/span><\/a><\/span><time datetime=\"2020-06-08T17:40:33-03:00\" itemprop=\"datePublished\">08\/06\/2020 17:40<\/time><\/div><\/div><\/div><\/div><\/div>","single_layout":"posts","amp_enabled":true,"_links":{"self":[{"href":"https:\/\/www.suno.com.br\/noticias\/wp-json\/wp\/v2\/posts\/68077"}],"collection":[{"href":"https:\/\/www.suno.com.br\/noticias\/wp-json\/wp\/v2\/posts"}],"about":[{"href":"https:\/\/www.suno.com.br\/noticias\/wp-json\/wp\/v2\/types\/post"}],"author":[{"embeddable":true,"href":"https:\/\/www.suno.com.br\/noticias\/wp-json\/wp\/v2\/users\/39"}],"replies":[{"embeddable":true,"href":"https:\/\/www.suno.com.br\/noticias\/wp-json\/wp\/v2\/comments?post=68077"}],"version-history":[{"count":0,"href":"https:\/\/www.suno.com.br\/noticias\/wp-json\/wp\/v2\/posts\/68077\/revisions"}],"wp:featuredmedia":[{"embeddable":true,"href":"https:\/\/www.suno.com.br\/noticias\/wp-json\/wp\/v2\/media\/55635"}],"wp:attachment":[{"href":"https:\/\/www.suno.com.br\/noticias\/wp-json\/wp\/v2\/media?parent=68077"}],"wp:term":[{"taxonomy":"category","embeddable":true,"href":"https:\/\/www.suno.com.br\/noticias\/wp-json\/wp\/v2\/categories?post=68077"},{"taxonomy":"post_tag","embeddable":true,"href":"https:\/\/www.suno.com.br\/noticias\/wp-json\/wp\/v2\/tags?post=68077"},{"taxonomy":"suno_strategy","embeddable":true,"href":"https:\/\/www.suno.com.br\/noticias\/wp-json\/wp\/v2\/suno_strategy?post=68077"}],"curies":[{"name":"wp","href":"https:\/\/api.w.org\/{rel}","templated":true}]}}