{"id":6793,"date":"2018-11-23T15:02:48","date_gmt":"2018-11-23T17:02:48","guid":{"rendered":"https:\/\/www.suno.com.br\/noticias\/?p=6793"},"modified":"2018-11-23T15:02:48","modified_gmt":"2018-11-23T17:02:48","slug":"distribuidora-eletrobras-leilao-adiado","status":"publish","type":"post","link":"https:\/\/www.suno.com.br\/noticias\/distribuidora-eletrobras-leilao-adiado\/","title":{"rendered":"Leil\u00e3o de distribuidora da Eletrobras \u00e9 adiado para dezembro"},"content":{"rendered":"<p>O <a href=\"https:\/\/www.suno.com.br\/artigos\/bancos-de-desenvolvimento\/\">Banco Nacional do Desenvolvimento Econ\u00f4mico e Social<\/a> (BNDES), informou que o leil\u00e3o da Amazonas Distribuidora de Energia, que pertence Eletrobras, acontecer\u00e1 no dia 10 de dezembro. A informa\u00e7\u00e3o foi passada por meio de nota, na noite da \u00faltima quinta-feira (22).<\/p>\t<div class=\"wrapper-featured-image\">\n\t\t<figure class=\"spotlightImg\">\n\n\t\t\t<picture>\n\t\t\t\t<source media=\"(max-width: 768px)\" srcset=\"https:\/\/files.sunoresearch.com.br\/n\/uploads\/2018\/11\/376041e7-eletrobras-400x200.webp\">\n\t\t\t\t<img loading=\"lazy\" decoding=\"async\" class=\"newsContent__article__imgCapa lazyloadDisabled newsContent__article__imgCapa--noCaption\" src=\"https:\/\/files.sunoresearch.com.br\/n\/uploads\/2018\/11\/376041e7-eletrobras-800x450.webp\" width=\"800\" height=\"450\" alt=\"Leil\u00e3o de distribuidora da Eletrobras \u00e9 adiado para dezembro\" fetchpriority=high \/>\n\t\t\t<\/picture>\n\n\t\t\t<figcaption class=\"wp-caption-text wp-caption-text--hide\">Coronav\u00edrus: setor el\u00e9trico pode sofrer impacto de at\u00e9 R$ 25 bi<\/figcaption>\n\t\t<\/figure>\n\t<\/div>\n\n\n<p>A <strong>privatiza\u00e7\u00e3o<\/strong> da distribuidora da <strong>Eletrobras<\/strong> localizada no Amazonas estava marcada para o dia 27 deste m\u00eas.<\/p>\n<p>O adiamento acontece depois da senten\u00e7a da 49\u00aa Vara do Trabalho do Rio de Janeiro. Como resultado da decis\u00e3o,\u00a0a 170\u00aa Assembleia Geral Extraordin\u00e1ria da Eletrobras ficou sem efeito. Portanto, n\u00e3o poderia ser realizada a venda das distribuidoras de energia da estatal.<\/p>\n<div class=\"mc-column content-text active-extra-styles \" data-block-type=\"unstyled\" data-block-weight=\"16\" data-block-id=\"2\">\n<p><p data-track-category=\"Link no Texto\" data-track-links=\"\"><a href=\"https:\/\/www.suno.com.br\/noticias\/balanco-da-eletrobras-trimestre\/\">Saiba mais:\u00a0Balan\u00e7o da Eletrobras no 3\u00b0 trimestre apronta preju\u00edzo de R$ 1,62 bilh\u00e3o<\/a><\/p>\n<\/p>\n<p data-track-category=\"Link no Texto\" data-track-links=\"\">Segundo a decis\u00e3o tomada pela ju\u00edza do caso Raquel de Oliveira Maciel, n\u00e3o pode haver prosseguimento no processo de privatiza\u00e7\u00e3o das distribuidoras. Al\u00e9m disso, foi solicitado a apresenta\u00e7\u00e3o de um estudo sobre o impacto da privatiza\u00e7\u00e3o nos contratos de trabalho e nos direitos adquiridos por seu empregados, que pode chegar a multa de R$ 1 milh\u00e3o.<\/p>\n<p data-track-category=\"Link no Texto\" data-track-links=\"\">Desta forma, trabalhadores por meio dos sindicatos buscam evitar a <a href=\"https:\/\/www.suno.com.br\/artigos\/trilogia-eleicao-privatizacoes\/\">privatiza\u00e7\u00e3o das distribuidoras<\/a> da estatal. Por meio de recursos judiciais, a empresa est\u00e1 conseguindo avan\u00e7ar, e assim, avan\u00e7am os processos para venda de suas unidades.<\/p>\n<h2 data-track-category=\"Link no Texto\">Unidades vendidas<\/h2>\n<\/div>\n<div class=\"mc-column content-text active-extra-styles \" data-block-type=\"unstyled\" data-block-weight=\"51\" data-block-id=\"5\">\n<p class=\"content-text__container \" data-track-category=\"Link no Texto\" data-track-links=\"\">A\u00a0<strong>Eletrobras<\/strong> possui apenas duas unidades de distribui\u00e7\u00e3o que est\u00e3o ligadas \u00e0 estatal. As demais distribuidoras j\u00e1 foram <strong>privatizadas<\/strong>:<\/p>\n<ul>\n<li data-track-category=\"Link no Texto\">Distribuidora &#8211; Acre (adquirida pela Energisa)<\/li>\n<li data-track-category=\"Link no Texto\">Distribuidora &#8211; Rond\u00f4nia (adquirida pela Energisa)<\/li>\n<li data-track-category=\"Link no Texto\">Distribuidora &#8211; Roraima (adquirida pela Oliveira Energia)<\/li>\n<li data-track-category=\"Link no Texto\">Distribuidora &#8211; Piau\u00ed (adquirida pela Equatorial Energia)<\/li>\n<\/ul>\n<\/div>\n","protected":false},"excerpt":{"rendered":"<p>O Banco Nacional do Desenvolvimento Econ\u00f4mico e Social (BNDES), informou que o leil\u00e3o da Amazonas Distribuidora de Energia, que pertence Eletrobras, acontecer\u00e1 no dia 10 de dezembro. A informa\u00e7\u00e3o foi passada por meio de nota, na noite da \u00faltima quinta-feira (22). Coronav\u00edrus: setor el\u00e9trico pode sofrer impacto de at\u00e9 R$ 25 bi A privatiza\u00e7\u00e3o da [&hellip;]<\/p>\n","protected":false},"author":11,"featured_media":6799,"comment_status":"closed","ping_status":"closed","sticky":false,"template":"","format":"standard","meta":[],"categories":[64],"tags":[455],"suno_strategy":[],"class_list":["post-6793","post","type-post","status-publish","format-standard","has-post-thumbnail","hentry","category-negocios","tag-eletrobras-elet3-elet5-elet6"],"yoast_head":"<!-- This site is optimized with the Yoast SEO plugin v24.4 - https:\/\/yoast.com\/wordpress\/plugins\/seo\/ -->\n<title>Leil\u00e3o de distribuidora da Eletrobras \u00e9 adiado para dezembro<\/title>\n<meta name=\"description\" content=\"Distribuidora da Eletrobras tem leil\u00e3o adiado para dezembro; Quatro distribuidoras da estatal j\u00e1 foram leiloadas. Clique para saber mais.\" \/>\n<meta name=\"robots\" content=\"index, follow, max-snippet:-1, max-image-preview:large, max-video-preview:-1\" \/>\n<link rel=\"canonical\" href=\"https:\/\/www.suno.com.br\/noticias\/distribuidora-eletrobras-leilao-adiado\/\" \/>\n<meta property=\"og:locale\" content=\"pt_BR\" \/>\n<meta property=\"og:type\" content=\"article\" \/>\n<meta property=\"og:title\" content=\"Leil\u00e3o de distribuidora da Eletrobras \u00e9 adiado para dezembro\" \/>\n<meta property=\"og:description\" content=\"Distribuidora da Eletrobras tem leil\u00e3o adiado para dezembro; Quatro distribuidoras da estatal j\u00e1 foram leiloadas. Clique para saber mais.\" \/>\n<meta property=\"og:url\" content=\"https:\/\/www.suno.com.br\/noticias\/distribuidora-eletrobras-leilao-adiado\/\" \/>\n<meta property=\"og:site_name\" content=\"Suno Not\u00edcias\" \/>\n<meta property=\"article:publisher\" content=\"https:\/\/facebook.com\/sunoresearch\" \/>\n<meta property=\"og:image\" content=\"https:\/\/files.sunoresearch.com.br\/n\/uploads\/2018\/11\/376041e7-eletrobras.jpg\" \/>\n\t<meta property=\"og:image:width\" content=\"1140\" \/>\n\t<meta property=\"og:image:height\" content=\"760\" \/>\n\t<meta property=\"og:image:type\" content=\"image\/jpeg\" \/>\n<meta name=\"author\" content=\"Renan Bandeira\" \/>\n<meta name=\"twitter:card\" content=\"summary_large_image\" \/>\n<meta name=\"twitter:creator\" content=\"@sunoresearch\" \/>\n<meta name=\"twitter:site\" content=\"@sunoresearch\" \/>\n<meta name=\"twitter:label1\" content=\"Escrito por\" \/>\n\t<meta name=\"twitter:data1\" content=\"Renan Bandeira\" \/>\n\t<meta name=\"twitter:label2\" content=\"Est. tempo de leitura\" \/>\n\t<meta name=\"twitter:data2\" content=\"1 minuto\" \/>\n<script type=\"application\/ld+json\" class=\"yoast-schema-graph\">{\"@context\":\"https:\/\/schema.org\",\"@graph\":[{\"@type\":\"NewsArticle\",\"@id\":\"https:\/\/www.suno.com.br\/noticias\/distribuidora-eletrobras-leilao-adiado\/#article\",\"isPartOf\":{\"@id\":\"https:\/\/www.suno.com.br\/noticias\/distribuidora-eletrobras-leilao-adiado\/\"},\"author\":{\"name\":\"Renan Bandeira\",\"@id\":\"https:\/\/www.suno.com.br\/noticias\/#\/schema\/person\/fc144a1c6108bd1dcd43784e88a3c138\"},\"headline\":\"Leil\u00e3o de distribuidora da Eletrobras \u00e9 adiado para dezembro\",\"datePublished\":\"2018-11-23T17:02:48+00:00\",\"mainEntityOfPage\":{\"@id\":\"https:\/\/www.suno.com.br\/noticias\/distribuidora-eletrobras-leilao-adiado\/\"},\"wordCount\":278,\"publisher\":{\"@id\":\"https:\/\/www.suno.com.br\/noticias\/#organization\"},\"image\":{\"@id\":\"https:\/\/www.suno.com.br\/noticias\/distribuidora-eletrobras-leilao-adiado\/#primaryimage\"},\"thumbnailUrl\":\"https:\/\/files.sunoresearch.com.br\/n\/uploads\/2018\/11\/376041e7-eletrobras-jpg.webp\",\"keywords\":[\"Eletrobras (ELET3\/ELET5\/ELET6)\"],\"articleSection\":[\"Neg\u00f3cios\"],\"inLanguage\":\"pt-BR\"},{\"@type\":\"WebPage\",\"@id\":\"https:\/\/www.suno.com.br\/noticias\/distribuidora-eletrobras-leilao-adiado\/\",\"url\":\"https:\/\/www.suno.com.br\/noticias\/distribuidora-eletrobras-leilao-adiado\/\",\"name\":\"Leil\u00e3o de distribuidora da Eletrobras \u00e9 adiado para dezembro\",\"isPartOf\":{\"@id\":\"https:\/\/www.suno.com.br\/noticias\/#website\"},\"primaryImageOfPage\":{\"@id\":\"https:\/\/www.suno.com.br\/noticias\/distribuidora-eletrobras-leilao-adiado\/#primaryimage\"},\"image\":{\"@id\":\"https:\/\/www.suno.com.br\/noticias\/distribuidora-eletrobras-leilao-adiado\/#primaryimage\"},\"thumbnailUrl\":\"https:\/\/files.sunoresearch.com.br\/n\/uploads\/2018\/11\/376041e7-eletrobras-jpg.webp\",\"datePublished\":\"2018-11-23T17:02:48+00:00\",\"description\":\"Distribuidora da Eletrobras tem leil\u00e3o adiado para dezembro; Quatro distribuidoras da estatal j\u00e1 foram leiloadas. Clique para saber mais.\",\"breadcrumb\":{\"@id\":\"https:\/\/www.suno.com.br\/noticias\/distribuidora-eletrobras-leilao-adiado\/#breadcrumb\"},\"inLanguage\":\"pt-BR\",\"potentialAction\":[{\"@type\":\"ReadAction\",\"target\":[\"https:\/\/www.suno.com.br\/noticias\/distribuidora-eletrobras-leilao-adiado\/\"]}]},{\"@type\":\"ImageObject\",\"inLanguage\":\"pt-BR\",\"@id\":\"https:\/\/www.suno.com.br\/noticias\/distribuidora-eletrobras-leilao-adiado\/#primaryimage\",\"url\":\"https:\/\/files.sunoresearch.com.br\/n\/uploads\/2018\/11\/376041e7-eletrobras-jpg.webp\",\"contentUrl\":\"https:\/\/files.sunoresearch.com.br\/n\/uploads\/2018\/11\/376041e7-eletrobras-jpg.webp\",\"width\":1140,\"height\":760,\"caption\":\"Coronav\u00edrus: setor el\u00e9trico pode sofrer impacto de at\u00e9 R$ 25 bi\"},{\"@type\":\"BreadcrumbList\",\"@id\":\"https:\/\/www.suno.com.br\/noticias\/distribuidora-eletrobras-leilao-adiado\/#breadcrumb\",\"itemListElement\":[{\"@type\":\"ListItem\",\"position\":1,\"name\":\"Not\u00edcias\",\"item\":\"https:\/\/www.suno.com.br\/noticias\/\"},{\"@type\":\"ListItem\",\"position\":2,\"name\":\"Neg\u00f3cios\",\"item\":\"https:\/\/www.suno.com.br\/noticias\/negocios\/\"},{\"@type\":\"ListItem\",\"position\":3,\"name\":\"Leil\u00e3o de distribuidora da Eletrobras \u00e9 adiado para dezembro\"}]},{\"@type\":\"WebSite\",\"@id\":\"https:\/\/www.suno.com.br\/noticias\/#website\",\"url\":\"https:\/\/www.suno.com.br\/noticias\/\",\"name\":\"Suno Not\u00edcias\",\"description\":\"Seu portal de informa\u00e7\u00e3o sobre o mundo dos investimentos\",\"publisher\":{\"@id\":\"https:\/\/www.suno.com.br\/noticias\/#organization\"},\"potentialAction\":[{\"@type\":\"SearchAction\",\"target\":{\"@type\":\"EntryPoint\",\"urlTemplate\":\"https:\/\/www.suno.com.br\/noticias\/?s={search_term_string}\"},\"query-input\":{\"@type\":\"PropertyValueSpecification\",\"valueRequired\":true,\"valueName\":\"search_term_string\"}}],\"inLanguage\":\"pt-BR\"},{\"@type\":\"Organization\",\"@id\":\"https:\/\/www.suno.com.br\/noticias\/#organization\",\"name\":\"Suno Not\u00edcias\",\"url\":\"https:\/\/www.suno.com.br\/noticias\/\",\"logo\":{\"@type\":\"ImageObject\",\"inLanguage\":\"pt-BR\",\"@id\":\"https:\/\/www.suno.com.br\/noticias\/#\/schema\/logo\/image\/\",\"url\":\"https:\/\/files.sunoresearch.com.br\/n\/uploads\/2021\/09\/suno-logo.png\",\"contentUrl\":\"https:\/\/files.sunoresearch.com.br\/n\/uploads\/2021\/09\/suno-logo.png\",\"width\":180,\"height\":180,\"caption\":\"Suno Not\u00edcias\"},\"image\":{\"@id\":\"https:\/\/www.suno.com.br\/noticias\/#\/schema\/logo\/image\/\"},\"sameAs\":[\"https:\/\/facebook.com\/sunoresearch\",\"https:\/\/x.com\/sunoresearch\",\"https:\/\/www.instagram.com\/suno\",\"https:\/\/www.linkedin.com\/company\/suno-research\/\",\"https:\/\/www.youtube.com\/c\/sunoresearch\"]},{\"@type\":\"Person\",\"@id\":\"https:\/\/www.suno.com.br\/noticias\/#\/schema\/person\/fc144a1c6108bd1dcd43784e88a3c138\",\"name\":\"Renan Bandeira\",\"image\":{\"@type\":\"ImageObject\",\"inLanguage\":\"pt-BR\",\"@id\":\"https:\/\/www.suno.com.br\/noticias\/#\/schema\/person\/image\/\",\"url\":\"https:\/\/secure.gravatar.com\/avatar\/68359cdb608f14f11bbefcb78f3fc747?s=96&r=g\",\"contentUrl\":\"https:\/\/secure.gravatar.com\/avatar\/68359cdb608f14f11bbefcb78f3fc747?s=96&r=g\",\"caption\":\"Renan Bandeira\"},\"description\":\"Renan Bandeira escreve sobre pol\u00edtica e economia para o portal da Suno Research. Antes da Suno, trabalhou em uma rede de televis\u00e3o, onde fazia reportagens sobre os mesmos temas. Estuda na Universidade Metodista de S\u00e3o Paulo.\",\"url\":\"https:\/\/www.suno.com.br\/noticias\/author\/renan-bandeira\/\"}]}<\/script>\n<!-- \/ Yoast SEO plugin. -->","yoast_head_json":{"title":"Leil\u00e3o de distribuidora da Eletrobras \u00e9 adiado para dezembro","description":"Distribuidora da Eletrobras tem leil\u00e3o adiado para dezembro; Quatro distribuidoras da estatal j\u00e1 foram leiloadas. Clique para saber mais.","robots":{"index":"index","follow":"follow","max-snippet":"max-snippet:-1","max-image-preview":"max-image-preview:large","max-video-preview":"max-video-preview:-1"},"canonical":"https:\/\/www.suno.com.br\/noticias\/distribuidora-eletrobras-leilao-adiado\/","og_locale":"pt_BR","og_type":"article","og_title":"Leil\u00e3o de distribuidora da Eletrobras \u00e9 adiado para dezembro","og_description":"Distribuidora da Eletrobras tem leil\u00e3o adiado para dezembro; Quatro distribuidoras da estatal j\u00e1 foram leiloadas. Clique para saber mais.","og_url":"https:\/\/www.suno.com.br\/noticias\/distribuidora-eletrobras-leilao-adiado\/","og_site_name":"Suno Not\u00edcias","article_publisher":"https:\/\/facebook.com\/sunoresearch","og_image":[{"width":1140,"height":760,"url":"https:\/\/files.sunoresearch.com.br\/n\/uploads\/2018\/11\/376041e7-eletrobras.jpg","type":"image\/jpeg"}],"author":"Renan Bandeira","twitter_card":"summary_large_image","twitter_creator":"@sunoresearch","twitter_site":"@sunoresearch","twitter_misc":{"Escrito por":"Renan Bandeira","Est. tempo de leitura":"1 minuto"},"schema":{"@context":"https:\/\/schema.org","@graph":[{"@type":"NewsArticle","@id":"https:\/\/www.suno.com.br\/noticias\/distribuidora-eletrobras-leilao-adiado\/#article","isPartOf":{"@id":"https:\/\/www.suno.com.br\/noticias\/distribuidora-eletrobras-leilao-adiado\/"},"author":{"name":"Renan Bandeira","@id":"https:\/\/www.suno.com.br\/noticias\/#\/schema\/person\/fc144a1c6108bd1dcd43784e88a3c138"},"headline":"Leil\u00e3o de distribuidora da Eletrobras \u00e9 adiado para dezembro","datePublished":"2018-11-23T17:02:48+00:00","mainEntityOfPage":{"@id":"https:\/\/www.suno.com.br\/noticias\/distribuidora-eletrobras-leilao-adiado\/"},"wordCount":278,"publisher":{"@id":"https:\/\/www.suno.com.br\/noticias\/#organization"},"image":{"@id":"https:\/\/www.suno.com.br\/noticias\/distribuidora-eletrobras-leilao-adiado\/#primaryimage"},"thumbnailUrl":"https:\/\/files.sunoresearch.com.br\/n\/uploads\/2018\/11\/376041e7-eletrobras-jpg.webp","keywords":["Eletrobras (ELET3\/ELET5\/ELET6)"],"articleSection":["Neg\u00f3cios"],"inLanguage":"pt-BR"},{"@type":"WebPage","@id":"https:\/\/www.suno.com.br\/noticias\/distribuidora-eletrobras-leilao-adiado\/","url":"https:\/\/www.suno.com.br\/noticias\/distribuidora-eletrobras-leilao-adiado\/","name":"Leil\u00e3o de distribuidora da Eletrobras \u00e9 adiado para dezembro","isPartOf":{"@id":"https:\/\/www.suno.com.br\/noticias\/#website"},"primaryImageOfPage":{"@id":"https:\/\/www.suno.com.br\/noticias\/distribuidora-eletrobras-leilao-adiado\/#primaryimage"},"image":{"@id":"https:\/\/www.suno.com.br\/noticias\/distribuidora-eletrobras-leilao-adiado\/#primaryimage"},"thumbnailUrl":"https:\/\/files.sunoresearch.com.br\/n\/uploads\/2018\/11\/376041e7-eletrobras-jpg.webp","datePublished":"2018-11-23T17:02:48+00:00","description":"Distribuidora da Eletrobras tem leil\u00e3o adiado para dezembro; Quatro distribuidoras da estatal j\u00e1 foram leiloadas. Clique para saber mais.","breadcrumb":{"@id":"https:\/\/www.suno.com.br\/noticias\/distribuidora-eletrobras-leilao-adiado\/#breadcrumb"},"inLanguage":"pt-BR","potentialAction":[{"@type":"ReadAction","target":["https:\/\/www.suno.com.br\/noticias\/distribuidora-eletrobras-leilao-adiado\/"]}]},{"@type":"ImageObject","inLanguage":"pt-BR","@id":"https:\/\/www.suno.com.br\/noticias\/distribuidora-eletrobras-leilao-adiado\/#primaryimage","url":"https:\/\/files.sunoresearch.com.br\/n\/uploads\/2018\/11\/376041e7-eletrobras-jpg.webp","contentUrl":"https:\/\/files.sunoresearch.com.br\/n\/uploads\/2018\/11\/376041e7-eletrobras-jpg.webp","width":1140,"height":760,"caption":"Coronav\u00edrus: setor el\u00e9trico pode sofrer impacto de at\u00e9 R$ 25 bi"},{"@type":"BreadcrumbList","@id":"https:\/\/www.suno.com.br\/noticias\/distribuidora-eletrobras-leilao-adiado\/#breadcrumb","itemListElement":[{"@type":"ListItem","position":1,"name":"Not\u00edcias","item":"https:\/\/www.suno.com.br\/noticias\/"},{"@type":"ListItem","position":2,"name":"Neg\u00f3cios","item":"https:\/\/www.suno.com.br\/noticias\/negocios\/"},{"@type":"ListItem","position":3,"name":"Leil\u00e3o de distribuidora da Eletrobras \u00e9 adiado para dezembro"}]},{"@type":"WebSite","@id":"https:\/\/www.suno.com.br\/noticias\/#website","url":"https:\/\/www.suno.com.br\/noticias\/","name":"Suno Not\u00edcias","description":"Seu portal de informa\u00e7\u00e3o sobre o mundo dos investimentos","publisher":{"@id":"https:\/\/www.suno.com.br\/noticias\/#organization"},"potentialAction":[{"@type":"SearchAction","target":{"@type":"EntryPoint","urlTemplate":"https:\/\/www.suno.com.br\/noticias\/?s={search_term_string}"},"query-input":{"@type":"PropertyValueSpecification","valueRequired":true,"valueName":"search_term_string"}}],"inLanguage":"pt-BR"},{"@type":"Organization","@id":"https:\/\/www.suno.com.br\/noticias\/#organization","name":"Suno Not\u00edcias","url":"https:\/\/www.suno.com.br\/noticias\/","logo":{"@type":"ImageObject","inLanguage":"pt-BR","@id":"https:\/\/www.suno.com.br\/noticias\/#\/schema\/logo\/image\/","url":"https:\/\/files.sunoresearch.com.br\/n\/uploads\/2021\/09\/suno-logo.png","contentUrl":"https:\/\/files.sunoresearch.com.br\/n\/uploads\/2021\/09\/suno-logo.png","width":180,"height":180,"caption":"Suno Not\u00edcias"},"image":{"@id":"https:\/\/www.suno.com.br\/noticias\/#\/schema\/logo\/image\/"},"sameAs":["https:\/\/facebook.com\/sunoresearch","https:\/\/x.com\/sunoresearch","https:\/\/www.instagram.com\/suno","https:\/\/www.linkedin.com\/company\/suno-research\/","https:\/\/www.youtube.com\/c\/sunoresearch"]},{"@type":"Person","@id":"https:\/\/www.suno.com.br\/noticias\/#\/schema\/person\/fc144a1c6108bd1dcd43784e88a3c138","name":"Renan Bandeira","image":{"@type":"ImageObject","inLanguage":"pt-BR","@id":"https:\/\/www.suno.com.br\/noticias\/#\/schema\/person\/image\/","url":"https:\/\/secure.gravatar.com\/avatar\/68359cdb608f14f11bbefcb78f3fc747?s=96&r=g","contentUrl":"https:\/\/secure.gravatar.com\/avatar\/68359cdb608f14f11bbefcb78f3fc747?s=96&r=g","caption":"Renan Bandeira"},"description":"Renan Bandeira escreve sobre pol\u00edtica e economia para o portal da Suno Research. Antes da Suno, trabalhou em uma rede de televis\u00e3o, onde fazia reportagens sobre os mesmos temas. Estuda na Universidade Metodista de S\u00e3o Paulo.","url":"https:\/\/www.suno.com.br\/noticias\/author\/renan-bandeira\/"}]}},"default_loop_html":"<div class=\"cardsPage__listCard__boxs\"><div class=\"cardsPage__listCard__boxs__img\"><a href=\"https:\/\/www.suno.com.br\/noticias\/distribuidora-eletrobras-leilao-adiado\/\"><img class=\"mask\" src=\"https:\/\/www.suno.com.br\/noticias\/wp-content\/themes\/suno\/resources\/images\/spotlight\/spotlight1img\/bg-mask.png\" alt=\"Image Mask\"\/><img src=\"https:\/\/files.sunoresearch.com.br\/n\/uploads\/2018\/11\/376041e7-eletrobras-400x200.webp\" alt=\"Leil\u00e3o de distribuidora da Eletrobras \u00e9 adiado para dezembro\"\/><\/a><span class=\"spotlightCategory\"><a href=\"https:\/\/www.suno.com.br\/noticias\/negocios\/\">Neg\u00f3cios<\/a><\/span><\/div><div class=\"cardsPage__listCard__boxs__content\"><a href=\"https:\/\/www.suno.com.br\/noticias\/distribuidora-eletrobras-leilao-adiado\/\"><h2 class=\"content__title\">Leil\u00e3o de distribuidora da Eletrobras \u00e9 adiado para dezembro<\/h2><\/a><div class=\"newsContent__article__meta\"><div class=\"newsContent__article__meta__authorBox\"><a href=\"https:\/\/www.suno.com.br\/noticias\/author\/renan-bandeira\/\" class=\"authorBox__avatar noMobi\"><img src=\"https:\/\/secure.gravatar.com\/avatar\/68359cdb608f14f11bbefcb78f3fc747?s=96&#038;r=g\" alt=\"Renan Bandeira\"><\/a><div class=\"authorBox__name\"><span>por\n\t\t\t<a href=\"https:\/\/www.suno.com.br\/noticias\/author\/renan-bandeira\/\"><span itemprop=\"author\">Renan Bandeira<\/span><\/a><\/span><time datetime=\"2018-11-23T15:02:48-02:00\" itemprop=\"datePublished\">23\/11\/2018 15:02<\/time><\/div><\/div><\/div><\/div><\/div>","single_layout":"posts","amp_enabled":true,"_links":{"self":[{"href":"https:\/\/www.suno.com.br\/noticias\/wp-json\/wp\/v2\/posts\/6793"}],"collection":[{"href":"https:\/\/www.suno.com.br\/noticias\/wp-json\/wp\/v2\/posts"}],"about":[{"href":"https:\/\/www.suno.com.br\/noticias\/wp-json\/wp\/v2\/types\/post"}],"author":[{"embeddable":true,"href":"https:\/\/www.suno.com.br\/noticias\/wp-json\/wp\/v2\/users\/11"}],"replies":[{"embeddable":true,"href":"https:\/\/www.suno.com.br\/noticias\/wp-json\/wp\/v2\/comments?post=6793"}],"version-history":[{"count":0,"href":"https:\/\/www.suno.com.br\/noticias\/wp-json\/wp\/v2\/posts\/6793\/revisions"}],"wp:featuredmedia":[{"embeddable":true,"href":"https:\/\/www.suno.com.br\/noticias\/wp-json\/wp\/v2\/media\/6799"}],"wp:attachment":[{"href":"https:\/\/www.suno.com.br\/noticias\/wp-json\/wp\/v2\/media?parent=6793"}],"wp:term":[{"taxonomy":"category","embeddable":true,"href":"https:\/\/www.suno.com.br\/noticias\/wp-json\/wp\/v2\/categories?post=6793"},{"taxonomy":"post_tag","embeddable":true,"href":"https:\/\/www.suno.com.br\/noticias\/wp-json\/wp\/v2\/tags?post=6793"},{"taxonomy":"suno_strategy","embeddable":true,"href":"https:\/\/www.suno.com.br\/noticias\/wp-json\/wp\/v2\/suno_strategy?post=6793"}],"curies":[{"name":"wp","href":"https:\/\/api.w.org\/{rel}","templated":true}]}}