{"id":67872,"date":"2020-06-05T20:59:24","date_gmt":"2020-06-05T23:59:24","guid":{"rendered":"https:\/\/www.suno.com.br\/noticias\/?p=67872"},"modified":"2020-06-05T20:59:50","modified_gmt":"2020-06-05T23:59:50","slug":"sulamerica-sula11-parana-rede-dor","status":"publish","type":"post","link":"https:\/\/www.suno.com.br\/noticias\/sulamerica-sula11-parana-rede-dor\/","title":{"rendered":"SulAm\u00e9rica (SULA11) compra Paran\u00e1 Cl\u00ednicas da Rede D&#8217;Or S\u00e3o Luiz"},"content":{"rendered":"<p>A <a href=\"https:\/\/www.suno.com.br\/acoes\/sula11\/\"><strong>SulAm\u00e9rica<\/strong> (SULA11<\/a>; <a href=\"https:\/\/www.suno.com.br\/acoes\/sula3\/\">SULA3<\/a>; <a href=\"https:\/\/www.suno.com.br\/acoes\/sula4\/\">SULA4)<\/a>\u00a0informou nessa sexta-feira (5), atrav\u00e9s de fato relevante, que comprou, por R$ 385 milh\u00f5es, a operadora Paran\u00e1 Cl\u00ednicas Planos de Sa\u00fade que pertencia \u00e0 Rede D&#8217;Or S\u00e3o Luiz.<\/p>\t<div class=\"wrapper-featured-image\">\n\t\t<figure class=\"spotlightImg\">\n\n\t\t\t<picture>\n\t\t\t\t<source media=\"(max-width: 768px)\" srcset=\"https:\/\/files.sunoresearch.com.br\/n\/uploads\/2019\/09\/c78499c5-sulamerica-400x200.webp\">\n\t\t\t\t<img loading=\"lazy\" decoding=\"async\" class=\"newsContent__article__imgCapa lazyloadDisabled newsContent__article__imgCapa--noCaption\" src=\"https:\/\/files.sunoresearch.com.br\/n\/uploads\/2019\/09\/c78499c5-sulamerica-800x450.webp\" width=\"800\" height=\"450\" alt=\"SulAm\u00e9rica (SULA11) compra Paran\u00e1 Cl\u00ednicas da Rede D&#8217;Or S\u00e3o Luiz\" fetchpriority=high \/>\n\t\t\t<\/picture>\n\n\t\t\t<figcaption class=\"wp-caption-text wp-caption-text--hide\">SulAm\u00e9rica (SULA11) compra Paran\u00e1 Clinicas da Rede D&#039;Or S\u00e3o Luiz<\/figcaption>\n\t\t<\/figure>\n\t<\/div>\n\n\n\n<p>Segundo a companhia, &#8220;a transa\u00e7\u00e3o representa um importante movimento para refor\u00e7ar a posi\u00e7\u00e3o e relev\u00e2ncia da SulAm\u00e9rica no Sul do Brasil, com um novo padr\u00e3o de t\u00edquete m\u00e9dio, ampliando seu portf\u00f3lio de produtos e market share na regi\u00e3o&#8221;.<\/p>\n<p><a href=\"https:\/\/lp.suno.com.br\/suno-one\/\">Suno One: acesse gratuitamente eBooks, Minicursos, Artigos e Video Aulas sobre investimentos com um \u00fanico cadastro. Clique para saber mais!<\/a><\/p>\n<p>A operadora de planos de sa\u00fade havia sido adquirida pela Rede <strong>D&#8217;Or<\/strong> em 2019. Atualmente a <strong>Paran\u00e1 Cl\u00ednicas Planos de Sa\u00fade<\/strong> conta com mais de 90 mil benefici\u00e1rios e centros cl\u00ednicos e hoje \u00e9 a quinta maior do ramo no estado do Paran\u00e1.<\/p>\n<h2>Resultados da SulAm\u00e9rica no 1T20<\/h2>\n<p>A SulAm\u00e9rica informou no m\u00eas passado, que obteve um <a href=\"https:\/\/www.suno.com.br\/artigos\/lucro-liquido\/\">lucro l\u00edquido<\/a> de R$ 79,7 milh\u00f5es no primeiro trimestre de 2020. O resultado \u00e9 64,3% inferior ao apresentado no mesmo per\u00edodo do ano passado, quando o <strong>lucro<\/strong> ficou representado em R$ 223,3 milh\u00f5es.<\/p>\n<p>A <a href=\"https:\/\/www.suno.com.br\/artigos\/receita-operacional\/\"><strong>receita operacional<\/strong> <\/a>da seguradora e gestora de recursos, durante janeiro e mar\u00e7o desse ano, foi de R$ 5,6 bilh\u00f5es, ou seja, apresentou uma alta de 7,2% ante o primeiro trimestre de 2019, quando o resultado foi de R$ 5,2 bilh\u00f5es. De acordo com o comunicado, o aumento foi &#8220;impulsionado pelos segmentos de sa\u00fade e odonto, previd\u00eancia e gest\u00e3o e administra\u00e7\u00e3o de ativos&#8221;.<\/p>\n<p><a href=\"https:\/\/www.suno.com.br\/noticias\/sulamerica-melhor-resultado-de-sua-historia\/\">Veja tamb\u00e9m: SulAm\u00e9rica (SULA11) lucra R$ 1,18 bi em 2019, melhor resultado de sua hist\u00f3ria<\/a><\/p>\n<p>A <strong><a href=\"https:\/\/www.suno.com.br\/artigos\/margem-bruta\/\">margem bruta<\/a><\/strong> operacional da companhia ficou em 9% nos primeiros tr\u00eas meses do ano, o que significa um decr\u00e9scimo de 2,7 pontos percentuais em compara\u00e7\u00e3o com o primeiro trimestre de 2019, quando era de 11,7%.<\/p>\n<p>J\u00e1 a <a href=\"https:\/\/www.suno.com.br\/artigos\/margem-liquida\/\">margem l\u00edquida<\/a> apresentada pela <strong>SulAm\u00e9rica<\/strong> foi de 1,4% entre janeiro e mar\u00e7o de 2020, ao passo que no mesmo per\u00edodo de 2019 ficou em 4,3%. Frente a isso, o resultado desse ano representa uma queda de 2,8 pontos percentuais.<\/p>\n\n","protected":false},"excerpt":{"rendered":"<p>A SulAm\u00e9rica (SULA11; SULA3; SULA4)\u00a0informou nessa sexta-feira (5), atrav\u00e9s de fato relevante, que comprou, por R$ 385 milh\u00f5es, a operadora Paran\u00e1 Cl\u00ednicas Planos de Sa\u00fade que pertencia \u00e0 Rede D&#8217;Or S\u00e3o Luiz. SulAm\u00e9rica (SULA11) compra Paran\u00e1 Clinicas da Rede D&#039;Or S\u00e3o Luiz Segundo a companhia, &#8220;a transa\u00e7\u00e3o representa um importante movimento para refor\u00e7ar a posi\u00e7\u00e3o [&hellip;]<\/p>\n","protected":false},"author":39,"featured_media":36411,"comment_status":"closed","ping_status":"closed","sticky":false,"template":"","format":"standard","meta":[],"categories":[64],"tags":[647],"suno_strategy":[],"class_list":["post-67872","post","type-post","status-publish","format-standard","has-post-thumbnail","hentry","category-negocios","tag-sulamerica-sula11-sula3-sula4"],"yoast_head":"<!-- This site is optimized with the Yoast SEO plugin v24.4 - https:\/\/yoast.com\/wordpress\/plugins\/seo\/ -->\n<title>SulAm\u00e9rica (SULA11) compra Paran\u00e1 Cl\u00ednicas da Rede D&#039;Or S\u00e3o Luiz<\/title>\n<meta name=\"description\" content=\"A SulAm\u00e9rica (SULA11; SULA3; SULA4) comprou, por R$ 385 milh\u00f5es, a operadora Paran\u00e1 Cl\u00ednicas Planos de Sa\u00fade. Clique aqui para saber mais.\" \/>\n<meta name=\"robots\" content=\"index, follow, max-snippet:-1, max-image-preview:large, max-video-preview:-1\" \/>\n<link rel=\"canonical\" href=\"https:\/\/www.suno.com.br\/noticias\/sulamerica-sula11-parana-rede-dor\/\" \/>\n<meta property=\"og:locale\" content=\"pt_BR\" \/>\n<meta property=\"og:type\" content=\"article\" \/>\n<meta property=\"og:title\" content=\"SulAm\u00e9rica (SULA11) compra Paran\u00e1 Cl\u00ednicas da Rede D&#039;Or S\u00e3o Luiz\" \/>\n<meta property=\"og:description\" content=\"A SulAm\u00e9rica (SULA11; SULA3; SULA4) comprou, por R$ 385 milh\u00f5es, a operadora Paran\u00e1 Cl\u00ednicas Planos de Sa\u00fade. Clique aqui para saber mais.\" \/>\n<meta property=\"og:url\" content=\"https:\/\/www.suno.com.br\/noticias\/sulamerica-sula11-parana-rede-dor\/\" \/>\n<meta property=\"og:site_name\" content=\"Suno Not\u00edcias\" \/>\n<meta property=\"article:publisher\" content=\"https:\/\/facebook.com\/sunoresearch\" \/>\n<meta property=\"og:image\" content=\"https:\/\/files.sunoresearch.com.br\/n\/uploads\/2019\/09\/c78499c5-sulamerica.jpg\" \/>\n\t<meta property=\"og:image:width\" content=\"4252\" \/>\n\t<meta property=\"og:image:height\" content=\"1418\" \/>\n\t<meta property=\"og:image:type\" content=\"image\/jpeg\" \/>\n<meta name=\"author\" content=\"Laura Moutinho\" \/>\n<meta name=\"twitter:card\" content=\"summary_large_image\" \/>\n<meta name=\"twitter:creator\" content=\"@sunoresearch\" \/>\n<meta name=\"twitter:site\" content=\"@sunoresearch\" \/>\n<meta name=\"twitter:label1\" content=\"Escrito por\" \/>\n\t<meta name=\"twitter:data1\" content=\"Laura Moutinho\" \/>\n\t<meta name=\"twitter:label2\" content=\"Est. tempo de leitura\" \/>\n\t<meta name=\"twitter:data2\" content=\"2 minutos\" \/>\n<script type=\"application\/ld+json\" class=\"yoast-schema-graph\">{\"@context\":\"https:\/\/schema.org\",\"@graph\":[{\"@type\":\"NewsArticle\",\"@id\":\"https:\/\/www.suno.com.br\/noticias\/sulamerica-sula11-parana-rede-dor\/#article\",\"isPartOf\":{\"@id\":\"https:\/\/www.suno.com.br\/noticias\/sulamerica-sula11-parana-rede-dor\/\"},\"author\":{\"name\":\"Laura Moutinho\",\"@id\":\"https:\/\/www.suno.com.br\/noticias\/#\/schema\/person\/3df0d2808748b74496efe5dbeaef2c72\"},\"headline\":\"SulAm\u00e9rica (SULA11) compra Paran\u00e1 Cl\u00ednicas da Rede D&#8217;Or S\u00e3o Luiz\",\"datePublished\":\"2020-06-05T23:59:24+00:00\",\"dateModified\":\"2020-06-05T23:59:50+00:00\",\"mainEntityOfPage\":{\"@id\":\"https:\/\/www.suno.com.br\/noticias\/sulamerica-sula11-parana-rede-dor\/\"},\"wordCount\":379,\"publisher\":{\"@id\":\"https:\/\/www.suno.com.br\/noticias\/#organization\"},\"image\":{\"@id\":\"https:\/\/www.suno.com.br\/noticias\/sulamerica-sula11-parana-rede-dor\/#primaryimage\"},\"thumbnailUrl\":\"https:\/\/files.sunoresearch.com.br\/n\/uploads\/2019\/09\/c78499c5-sulamerica-scaled.webp\",\"keywords\":[\"SulAm\u00e9rica (SULA11\/SULA3\/SULA4)\"],\"articleSection\":[\"Neg\u00f3cios\"],\"inLanguage\":\"pt-BR\"},{\"@type\":\"WebPage\",\"@id\":\"https:\/\/www.suno.com.br\/noticias\/sulamerica-sula11-parana-rede-dor\/\",\"url\":\"https:\/\/www.suno.com.br\/noticias\/sulamerica-sula11-parana-rede-dor\/\",\"name\":\"SulAm\u00e9rica (SULA11) compra Paran\u00e1 Cl\u00ednicas da Rede D'Or S\u00e3o Luiz\",\"isPartOf\":{\"@id\":\"https:\/\/www.suno.com.br\/noticias\/#website\"},\"primaryImageOfPage\":{\"@id\":\"https:\/\/www.suno.com.br\/noticias\/sulamerica-sula11-parana-rede-dor\/#primaryimage\"},\"image\":{\"@id\":\"https:\/\/www.suno.com.br\/noticias\/sulamerica-sula11-parana-rede-dor\/#primaryimage\"},\"thumbnailUrl\":\"https:\/\/files.sunoresearch.com.br\/n\/uploads\/2019\/09\/c78499c5-sulamerica-scaled.webp\",\"datePublished\":\"2020-06-05T23:59:24+00:00\",\"dateModified\":\"2020-06-05T23:59:50+00:00\",\"description\":\"A SulAm\u00e9rica (SULA11; SULA3; SULA4) comprou, por R$ 385 milh\u00f5es, a operadora Paran\u00e1 Cl\u00ednicas Planos de Sa\u00fade. Clique aqui para saber mais.\",\"breadcrumb\":{\"@id\":\"https:\/\/www.suno.com.br\/noticias\/sulamerica-sula11-parana-rede-dor\/#breadcrumb\"},\"inLanguage\":\"pt-BR\",\"potentialAction\":[{\"@type\":\"ReadAction\",\"target\":[\"https:\/\/www.suno.com.br\/noticias\/sulamerica-sula11-parana-rede-dor\/\"]}]},{\"@type\":\"ImageObject\",\"inLanguage\":\"pt-BR\",\"@id\":\"https:\/\/www.suno.com.br\/noticias\/sulamerica-sula11-parana-rede-dor\/#primaryimage\",\"url\":\"https:\/\/files.sunoresearch.com.br\/n\/uploads\/2019\/09\/c78499c5-sulamerica-scaled.webp\",\"contentUrl\":\"https:\/\/files.sunoresearch.com.br\/n\/uploads\/2019\/09\/c78499c5-sulamerica-scaled.webp\",\"width\":2560,\"height\":854,\"caption\":\"SulAm\u00e9rica (SULA11) compra Paran\u00e1 Clinicas da Rede D'Or S\u00e3o Luiz\"},{\"@type\":\"BreadcrumbList\",\"@id\":\"https:\/\/www.suno.com.br\/noticias\/sulamerica-sula11-parana-rede-dor\/#breadcrumb\",\"itemListElement\":[{\"@type\":\"ListItem\",\"position\":1,\"name\":\"Not\u00edcias\",\"item\":\"https:\/\/www.suno.com.br\/noticias\/\"},{\"@type\":\"ListItem\",\"position\":2,\"name\":\"Neg\u00f3cios\",\"item\":\"https:\/\/www.suno.com.br\/noticias\/negocios\/\"},{\"@type\":\"ListItem\",\"position\":3,\"name\":\"SulAm\u00e9rica (SULA11) compra Paran\u00e1 Cl\u00ednicas da Rede D&#8217;Or S\u00e3o Luiz\"}]},{\"@type\":\"WebSite\",\"@id\":\"https:\/\/www.suno.com.br\/noticias\/#website\",\"url\":\"https:\/\/www.suno.com.br\/noticias\/\",\"name\":\"Suno Not\u00edcias\",\"description\":\"Seu portal de informa\u00e7\u00e3o sobre o mundo dos investimentos\",\"publisher\":{\"@id\":\"https:\/\/www.suno.com.br\/noticias\/#organization\"},\"potentialAction\":[{\"@type\":\"SearchAction\",\"target\":{\"@type\":\"EntryPoint\",\"urlTemplate\":\"https:\/\/www.suno.com.br\/noticias\/?s={search_term_string}\"},\"query-input\":{\"@type\":\"PropertyValueSpecification\",\"valueRequired\":true,\"valueName\":\"search_term_string\"}}],\"inLanguage\":\"pt-BR\"},{\"@type\":\"Organization\",\"@id\":\"https:\/\/www.suno.com.br\/noticias\/#organization\",\"name\":\"Suno Not\u00edcias\",\"url\":\"https:\/\/www.suno.com.br\/noticias\/\",\"logo\":{\"@type\":\"ImageObject\",\"inLanguage\":\"pt-BR\",\"@id\":\"https:\/\/www.suno.com.br\/noticias\/#\/schema\/logo\/image\/\",\"url\":\"https:\/\/files.sunoresearch.com.br\/n\/uploads\/2021\/09\/suno-logo.png\",\"contentUrl\":\"https:\/\/files.sunoresearch.com.br\/n\/uploads\/2021\/09\/suno-logo.png\",\"width\":180,\"height\":180,\"caption\":\"Suno Not\u00edcias\"},\"image\":{\"@id\":\"https:\/\/www.suno.com.br\/noticias\/#\/schema\/logo\/image\/\"},\"sameAs\":[\"https:\/\/facebook.com\/sunoresearch\",\"https:\/\/x.com\/sunoresearch\",\"https:\/\/www.instagram.com\/suno\",\"https:\/\/www.linkedin.com\/company\/suno-research\/\",\"https:\/\/www.youtube.com\/c\/sunoresearch\"]},{\"@type\":\"Person\",\"@id\":\"https:\/\/www.suno.com.br\/noticias\/#\/schema\/person\/3df0d2808748b74496efe5dbeaef2c72\",\"name\":\"Laura Moutinho\",\"image\":{\"@type\":\"ImageObject\",\"inLanguage\":\"pt-BR\",\"@id\":\"https:\/\/www.suno.com.br\/noticias\/#\/schema\/person\/image\/\",\"url\":\"https:\/\/secure.gravatar.com\/avatar\/7571c7c8ca3a6fca5e41384ece5557ff?s=96&r=g\",\"contentUrl\":\"https:\/\/secure.gravatar.com\/avatar\/7571c7c8ca3a6fca5e41384ece5557ff?s=96&r=g\",\"caption\":\"Laura Moutinho\"},\"description\":\"Estagi\u00e1ria na Suno Not\u00edcias, escreve not\u00edcias que afetam o mercado financeiro. Estuda administra\u00e7\u00e3o na Universidade Presbiteriana Mackenzie.\",\"url\":\"https:\/\/www.suno.com.br\/noticias\/author\/laura-moutinho\/\"}]}<\/script>\n<!-- \/ Yoast SEO plugin. -->","yoast_head_json":{"title":"SulAm\u00e9rica (SULA11) compra Paran\u00e1 Cl\u00ednicas da Rede D'Or S\u00e3o Luiz","description":"A SulAm\u00e9rica (SULA11; SULA3; SULA4) comprou, por R$ 385 milh\u00f5es, a operadora Paran\u00e1 Cl\u00ednicas Planos de Sa\u00fade. Clique aqui para saber mais.","robots":{"index":"index","follow":"follow","max-snippet":"max-snippet:-1","max-image-preview":"max-image-preview:large","max-video-preview":"max-video-preview:-1"},"canonical":"https:\/\/www.suno.com.br\/noticias\/sulamerica-sula11-parana-rede-dor\/","og_locale":"pt_BR","og_type":"article","og_title":"SulAm\u00e9rica (SULA11) compra Paran\u00e1 Cl\u00ednicas da Rede D'Or S\u00e3o Luiz","og_description":"A SulAm\u00e9rica (SULA11; SULA3; SULA4) comprou, por R$ 385 milh\u00f5es, a operadora Paran\u00e1 Cl\u00ednicas Planos de Sa\u00fade. Clique aqui para saber mais.","og_url":"https:\/\/www.suno.com.br\/noticias\/sulamerica-sula11-parana-rede-dor\/","og_site_name":"Suno Not\u00edcias","article_publisher":"https:\/\/facebook.com\/sunoresearch","og_image":[{"width":4252,"height":1418,"url":"https:\/\/files.sunoresearch.com.br\/n\/uploads\/2019\/09\/c78499c5-sulamerica.jpg","type":"image\/jpeg"}],"author":"Laura Moutinho","twitter_card":"summary_large_image","twitter_creator":"@sunoresearch","twitter_site":"@sunoresearch","twitter_misc":{"Escrito por":"Laura Moutinho","Est. tempo de leitura":"2 minutos"},"schema":{"@context":"https:\/\/schema.org","@graph":[{"@type":"NewsArticle","@id":"https:\/\/www.suno.com.br\/noticias\/sulamerica-sula11-parana-rede-dor\/#article","isPartOf":{"@id":"https:\/\/www.suno.com.br\/noticias\/sulamerica-sula11-parana-rede-dor\/"},"author":{"name":"Laura Moutinho","@id":"https:\/\/www.suno.com.br\/noticias\/#\/schema\/person\/3df0d2808748b74496efe5dbeaef2c72"},"headline":"SulAm\u00e9rica (SULA11) compra Paran\u00e1 Cl\u00ednicas da Rede D&#8217;Or S\u00e3o Luiz","datePublished":"2020-06-05T23:59:24+00:00","dateModified":"2020-06-05T23:59:50+00:00","mainEntityOfPage":{"@id":"https:\/\/www.suno.com.br\/noticias\/sulamerica-sula11-parana-rede-dor\/"},"wordCount":379,"publisher":{"@id":"https:\/\/www.suno.com.br\/noticias\/#organization"},"image":{"@id":"https:\/\/www.suno.com.br\/noticias\/sulamerica-sula11-parana-rede-dor\/#primaryimage"},"thumbnailUrl":"https:\/\/files.sunoresearch.com.br\/n\/uploads\/2019\/09\/c78499c5-sulamerica-scaled.webp","keywords":["SulAm\u00e9rica (SULA11\/SULA3\/SULA4)"],"articleSection":["Neg\u00f3cios"],"inLanguage":"pt-BR"},{"@type":"WebPage","@id":"https:\/\/www.suno.com.br\/noticias\/sulamerica-sula11-parana-rede-dor\/","url":"https:\/\/www.suno.com.br\/noticias\/sulamerica-sula11-parana-rede-dor\/","name":"SulAm\u00e9rica (SULA11) compra Paran\u00e1 Cl\u00ednicas da Rede D'Or S\u00e3o Luiz","isPartOf":{"@id":"https:\/\/www.suno.com.br\/noticias\/#website"},"primaryImageOfPage":{"@id":"https:\/\/www.suno.com.br\/noticias\/sulamerica-sula11-parana-rede-dor\/#primaryimage"},"image":{"@id":"https:\/\/www.suno.com.br\/noticias\/sulamerica-sula11-parana-rede-dor\/#primaryimage"},"thumbnailUrl":"https:\/\/files.sunoresearch.com.br\/n\/uploads\/2019\/09\/c78499c5-sulamerica-scaled.webp","datePublished":"2020-06-05T23:59:24+00:00","dateModified":"2020-06-05T23:59:50+00:00","description":"A SulAm\u00e9rica (SULA11; SULA3; SULA4) comprou, por R$ 385 milh\u00f5es, a operadora Paran\u00e1 Cl\u00ednicas Planos de Sa\u00fade. Clique aqui para saber mais.","breadcrumb":{"@id":"https:\/\/www.suno.com.br\/noticias\/sulamerica-sula11-parana-rede-dor\/#breadcrumb"},"inLanguage":"pt-BR","potentialAction":[{"@type":"ReadAction","target":["https:\/\/www.suno.com.br\/noticias\/sulamerica-sula11-parana-rede-dor\/"]}]},{"@type":"ImageObject","inLanguage":"pt-BR","@id":"https:\/\/www.suno.com.br\/noticias\/sulamerica-sula11-parana-rede-dor\/#primaryimage","url":"https:\/\/files.sunoresearch.com.br\/n\/uploads\/2019\/09\/c78499c5-sulamerica-scaled.webp","contentUrl":"https:\/\/files.sunoresearch.com.br\/n\/uploads\/2019\/09\/c78499c5-sulamerica-scaled.webp","width":2560,"height":854,"caption":"SulAm\u00e9rica (SULA11) compra Paran\u00e1 Clinicas da Rede D'Or S\u00e3o Luiz"},{"@type":"BreadcrumbList","@id":"https:\/\/www.suno.com.br\/noticias\/sulamerica-sula11-parana-rede-dor\/#breadcrumb","itemListElement":[{"@type":"ListItem","position":1,"name":"Not\u00edcias","item":"https:\/\/www.suno.com.br\/noticias\/"},{"@type":"ListItem","position":2,"name":"Neg\u00f3cios","item":"https:\/\/www.suno.com.br\/noticias\/negocios\/"},{"@type":"ListItem","position":3,"name":"SulAm\u00e9rica (SULA11) compra Paran\u00e1 Cl\u00ednicas da Rede D&#8217;Or S\u00e3o Luiz"}]},{"@type":"WebSite","@id":"https:\/\/www.suno.com.br\/noticias\/#website","url":"https:\/\/www.suno.com.br\/noticias\/","name":"Suno Not\u00edcias","description":"Seu portal de informa\u00e7\u00e3o sobre o mundo dos investimentos","publisher":{"@id":"https:\/\/www.suno.com.br\/noticias\/#organization"},"potentialAction":[{"@type":"SearchAction","target":{"@type":"EntryPoint","urlTemplate":"https:\/\/www.suno.com.br\/noticias\/?s={search_term_string}"},"query-input":{"@type":"PropertyValueSpecification","valueRequired":true,"valueName":"search_term_string"}}],"inLanguage":"pt-BR"},{"@type":"Organization","@id":"https:\/\/www.suno.com.br\/noticias\/#organization","name":"Suno Not\u00edcias","url":"https:\/\/www.suno.com.br\/noticias\/","logo":{"@type":"ImageObject","inLanguage":"pt-BR","@id":"https:\/\/www.suno.com.br\/noticias\/#\/schema\/logo\/image\/","url":"https:\/\/files.sunoresearch.com.br\/n\/uploads\/2021\/09\/suno-logo.png","contentUrl":"https:\/\/files.sunoresearch.com.br\/n\/uploads\/2021\/09\/suno-logo.png","width":180,"height":180,"caption":"Suno Not\u00edcias"},"image":{"@id":"https:\/\/www.suno.com.br\/noticias\/#\/schema\/logo\/image\/"},"sameAs":["https:\/\/facebook.com\/sunoresearch","https:\/\/x.com\/sunoresearch","https:\/\/www.instagram.com\/suno","https:\/\/www.linkedin.com\/company\/suno-research\/","https:\/\/www.youtube.com\/c\/sunoresearch"]},{"@type":"Person","@id":"https:\/\/www.suno.com.br\/noticias\/#\/schema\/person\/3df0d2808748b74496efe5dbeaef2c72","name":"Laura Moutinho","image":{"@type":"ImageObject","inLanguage":"pt-BR","@id":"https:\/\/www.suno.com.br\/noticias\/#\/schema\/person\/image\/","url":"https:\/\/secure.gravatar.com\/avatar\/7571c7c8ca3a6fca5e41384ece5557ff?s=96&r=g","contentUrl":"https:\/\/secure.gravatar.com\/avatar\/7571c7c8ca3a6fca5e41384ece5557ff?s=96&r=g","caption":"Laura Moutinho"},"description":"Estagi\u00e1ria na Suno Not\u00edcias, escreve not\u00edcias que afetam o mercado financeiro. Estuda administra\u00e7\u00e3o na Universidade Presbiteriana Mackenzie.","url":"https:\/\/www.suno.com.br\/noticias\/author\/laura-moutinho\/"}]}},"default_loop_html":"<div class=\"cardsPage__listCard__boxs\"><div class=\"cardsPage__listCard__boxs__img\"><a href=\"https:\/\/www.suno.com.br\/noticias\/sulamerica-sula11-parana-rede-dor\/\"><img class=\"mask\" src=\"https:\/\/www.suno.com.br\/noticias\/wp-content\/themes\/suno\/resources\/images\/spotlight\/spotlight1img\/bg-mask.png\" alt=\"Image Mask\"\/><img src=\"https:\/\/files.sunoresearch.com.br\/n\/uploads\/2019\/09\/c78499c5-sulamerica-400x200.webp\" alt=\"SulAm\u00e9rica (SULA11) compra Paran\u00e1 Cl\u00ednicas da Rede D&#8217;Or S\u00e3o Luiz\"\/><\/a><span class=\"spotlightCategory\"><a href=\"https:\/\/www.suno.com.br\/noticias\/negocios\/\">Neg\u00f3cios<\/a><\/span><\/div><div class=\"cardsPage__listCard__boxs__content\"><a href=\"https:\/\/www.suno.com.br\/noticias\/sulamerica-sula11-parana-rede-dor\/\"><h2 class=\"content__title\">SulAm\u00e9rica (SULA11) compra Paran\u00e1 Cl\u00ednicas da Rede D&#8217;Or S\u00e3o Luiz<\/h2><\/a><div class=\"newsContent__article__meta\"><div class=\"newsContent__article__meta__authorBox\"><a href=\"https:\/\/www.suno.com.br\/noticias\/author\/laura-moutinho\/\" class=\"authorBox__avatar noMobi\"><img src=\"https:\/\/files.sunoresearch.com.br\/n\/uploads\/2020\/08\/531ff69d-whatsapp-image-2020-08-03-at-14.54.38-150x150.webp\" alt=\"Laura Moutinho\"><\/a><div class=\"authorBox__name\"><span>por\n\t\t\t<a href=\"https:\/\/www.suno.com.br\/noticias\/author\/laura-moutinho\/\"><span itemprop=\"author\">Laura Moutinho<\/span><\/a><\/span><time datetime=\"2020-06-05T20:59:24-03:00\" itemprop=\"datePublished\">05\/06\/2020 20:59<\/time><\/div><\/div><\/div><\/div><\/div>","single_layout":"posts","amp_enabled":true,"_links":{"self":[{"href":"https:\/\/www.suno.com.br\/noticias\/wp-json\/wp\/v2\/posts\/67872"}],"collection":[{"href":"https:\/\/www.suno.com.br\/noticias\/wp-json\/wp\/v2\/posts"}],"about":[{"href":"https:\/\/www.suno.com.br\/noticias\/wp-json\/wp\/v2\/types\/post"}],"author":[{"embeddable":true,"href":"https:\/\/www.suno.com.br\/noticias\/wp-json\/wp\/v2\/users\/39"}],"replies":[{"embeddable":true,"href":"https:\/\/www.suno.com.br\/noticias\/wp-json\/wp\/v2\/comments?post=67872"}],"version-history":[{"count":0,"href":"https:\/\/www.suno.com.br\/noticias\/wp-json\/wp\/v2\/posts\/67872\/revisions"}],"wp:featuredmedia":[{"embeddable":true,"href":"https:\/\/www.suno.com.br\/noticias\/wp-json\/wp\/v2\/media\/36411"}],"wp:attachment":[{"href":"https:\/\/www.suno.com.br\/noticias\/wp-json\/wp\/v2\/media?parent=67872"}],"wp:term":[{"taxonomy":"category","embeddable":true,"href":"https:\/\/www.suno.com.br\/noticias\/wp-json\/wp\/v2\/categories?post=67872"},{"taxonomy":"post_tag","embeddable":true,"href":"https:\/\/www.suno.com.br\/noticias\/wp-json\/wp\/v2\/tags?post=67872"},{"taxonomy":"suno_strategy","embeddable":true,"href":"https:\/\/www.suno.com.br\/noticias\/wp-json\/wp\/v2\/suno_strategy?post=67872"}],"curies":[{"name":"wp","href":"https:\/\/api.w.org\/{rel}","templated":true}]}}