{"id":67847,"date":"2020-06-05T18:58:55","date_gmt":"2020-06-05T21:58:55","guid":{"rendered":"https:\/\/www.suno.com.br\/noticias\/?p=67847"},"modified":"2021-02-17T22:31:47","modified_gmt":"2021-02-18T01:31:47","slug":"coronavoucher-caixa-saques-2-parcela","status":"publish","type":"post","link":"https:\/\/www.suno.com.br\/noticias\/coronavoucher-caixa-saques-2-parcela\/","title":{"rendered":"Coronavoucher: Caixa libera saques da 2\u00b0 parcela para nascidos em junho"},"content":{"rendered":"<p>O presidente da Caixa Econ\u00f4mica, <a href=\"https:\/\/www.suno.com.br\/tudo-sobre\/pedro-guimaraes\/\">Pedro Guimar\u00e3es<\/a> informou, que de acordo com o calend\u00e1rio divulgado pelo <a href=\"https:\/\/www.suno.com.br\/noticias\/tags\/governo-federal\/\">Governo Federal<\/a>, o banco liberou nessa sexta-feira (5) as op\u00e7\u00f5es de transfer\u00eancia e saque do <a href=\"https:\/\/www.suno.com.br\/noticias\/tags\/auxilio-emergencial\/\">aux\u00edlio emergencial,<\/a> apelidado de <strong>coronavoucher<\/strong>, para os 2,6 milh\u00f5es benefici\u00e1rios que nasceram em junho.<\/p>\t<div class=\"wrapper-featured-image\">\n\t\t<figure class=\"spotlightImg\">\n\n\t\t\t<picture>\n\t\t\t\t<source media=\"(max-width: 768px)\" srcset=\"https:\/\/files.sunoresearch.com.br\/n\/uploads\/2019\/08\/e5ed63fd-bancos-400x200.webp\">\n\t\t\t\t<img loading=\"lazy\" decoding=\"async\" class=\"newsContent__article__imgCapa lazyloadDisabled newsContent__article__imgCapa--noCaption\" src=\"https:\/\/files.sunoresearch.com.br\/n\/uploads\/2019\/08\/e5ed63fd-bancos-800x450.webp\" width=\"800\" height=\"450\" alt=\"Coronavoucher: Caixa libera saques da 2\u00b0 parcela para nascidos em junho\" fetchpriority=high \/>\n\t\t\t<\/picture>\n\n\t\t\t<figcaption class=\"wp-caption-text wp-caption-text--hide\">Coronavoucher: Caixa libera saques da 2\u00b0 parcela para nascidos em junho<\/figcaption>\n\t\t<\/figure>\n\t<\/div>\n\n\n\n<p>Vale destacar que a segunda parcela do coronavoucher foi paga \u00e0 todos os benefici\u00e1rios atrav\u00e9s da Poupan\u00e7a Social Digital, criada gratuitamente pela <strong>Caixa<\/strong>. Assim os brasileiros dever\u00e3o seguir as datas previstas no calend\u00e1rio divulgado pelo Governo Federal para sacar o dinheiro.<\/p>\n<p>O calend\u00e1rio de saques \u00e9 de acordo com o m\u00eas de nascimento dos benefici\u00e1rios. Ademais, para os brasileiros que indicaram contas em outros bancos para receber o montante, o dinheiro ser\u00e1 transferido automaticamente, seguindo o calend\u00e1rio.<\/p>\n<p><a href=\"https:\/\/lp.suno.com.br\/suno-one\/\">No Suno One voc\u00ea aprende a fazer seu dinheiro para trabalhar para voc\u00ea. Cadastre-se gratuitamente agora!<\/a><\/p>\n<p>Confira o calend\u00e1rio de saques da segunda parcela v\u00e1lido para as pessoas que receberam a primeira parcela do <strong>aux\u00edlio<\/strong> at\u00e9 o dia 30 de abril:<\/p>\n<h4>2\u00aa parcela do aux\u00edlio emergencial de R$ 600 &#8211; Saques<\/h4>\n<ul>\n<li>30 de maio: nascidos em janeiro<\/li>\n<li>1 de junho: nascidos em fevereiro<\/li>\n<li>2 de junho: nascidos em mar\u00e7o<\/li>\n<li>3 de junho: nascidos em abril<\/li>\n<li>4 de junho: nascidos em maio<\/li>\n<li>5 de junho: nascidos em junho<\/li>\n<li>6 de junho: nascidos em julho<\/li>\n<li>8 de junho: nascidos em agosto<\/li>\n<li>9 de junho: nascidos em setembro<\/li>\n<li>10 de junho: nascidos em outubro<\/li>\n<li>12 de junho: nascidos em novembro<\/li>\n<li>13 de junho: nascidos em dezembro<\/li>\n<\/ul>\n<h4>Aux\u00edlio para benefici\u00e1rios do Bolsa Fam\u00edlia<\/h4>\n<p>Para os benefici\u00e1rios do <strong>Bolsa Fam\u00edlia<\/strong>, o calend\u00e1rio de saques do coronavoucher ser\u00e1 realizado conforme o <strong>N\u00famero de Identifica\u00e7\u00e3o Social (NIS)<\/strong>.<\/p>\n<ul>\n<li>NIS 1: 18 de maio<\/li>\n<li>NIS 2: 19 de maio<\/li>\n<li>NIS 3: 20 de maio<\/li>\n<li>NIS 4: 21 de maio<\/li>\n<li>NIS 5: 22 de maio<\/li>\n<li>NIS 6: 25 de maio<\/li>\n<li>NIS 7: 26 de maio<\/li>\n<li>NIS 8: 27 de maio<\/li>\n<li>NIS 9: 28 de maio<\/li>\n<li>NIS 0: 29 de maio<\/li>\n<\/ul>\n<h2>PagBank permite saques antecipados da 2\u00b0 parcela do coronavoucher<\/h2>\n<p>Frente ao novo calend\u00e1rio de saques do aux\u00edlio, o <strong>PagBank<\/strong> desenvolveu uma maneira dos brasileiros poderem ter acesso ao dinheiro f\u00edsico antes da data prevista. Para isso, os benefici\u00e1rios devem acessar o aplicativo do banco e gerar um boleto com o valor que o deseja transferir da Caixa para a conta no PagBank. Depois de gerar o boleto, o usu\u00e1rio deve acessar o aplicativo &#8216;Caixa Tem&#8217; e pag\u00e1-lo.<\/p>\n<p><a class=\"LinkSuggestion__Link-sc-1mdih4x-2 jZPuuT\" href=\"https:\/\/www.suno.com.br\/noticias\/coronavoucher-bolsonaro-novas-parcelas-auxilio\/\" target=\"_blank\" rel=\"noopener noreferrer\">Veja tamb\u00e9m: Coronavoucher: Bolsonaro diz que definiu novas parcelas do aux\u00edlio<\/a><\/p>\n<p>Ap\u00f3s o pagamento, o dinheiro estar\u00e1 dispon\u00edvel na conta do PagBang do benefici\u00e1rio em at\u00e9 dois dias. Assim o cliente poder\u00e1 sacar o dinheiro do <strong>coronavoucher<\/strong> sem ter que esperar a data determinada no calend\u00e1rio.<\/p>\n\n","protected":false},"excerpt":{"rendered":"<p>O presidente da Caixa Econ\u00f4mica, Pedro Guimar\u00e3es informou, que de acordo com o calend\u00e1rio divulgado pelo Governo Federal, o banco liberou nessa sexta-feira (5) as op\u00e7\u00f5es de transfer\u00eancia e saque do aux\u00edlio emergencial, apelidado de coronavoucher, para os 2,6 milh\u00f5es benefici\u00e1rios que nasceram em junho. Coronavoucher: Caixa libera saques da 2\u00b0 parcela para nascidos em [&hellip;]<\/p>\n","protected":false},"author":39,"featured_media":34568,"comment_status":"closed","ping_status":"closed","sticky":false,"template":"","format":"standard","meta":[],"categories":[65],"tags":[1199,12737],"suno_strategy":[],"class_list":["post-67847","post","type-post","status-publish","format-standard","has-post-thumbnail","hentry","category-financas-pessoais","tag-caixa-economica-federal-cef","tag-coronavoucher"],"yoast_head":"<!-- This site is optimized with the Yoast SEO plugin v24.4 - https:\/\/yoast.com\/wordpress\/plugins\/seo\/ -->\n<title>Coronavoucher: Caixa libera saques da 2\u00b0 parcela para nascidos em junho<\/title>\n<meta name=\"description\" content=\"A Caixa liberou hoje a transfer\u00eancia e saque do coronavoucher, para os 2,6 mi de benefici\u00e1rios nascidos em junho. Clique aqui para saber mais\" \/>\n<meta name=\"robots\" content=\"index, follow, max-snippet:-1, max-image-preview:large, max-video-preview:-1\" \/>\n<link rel=\"canonical\" href=\"https:\/\/www.suno.com.br\/noticias\/coronavoucher-caixa-saques-2-parcela\/\" \/>\n<meta property=\"og:locale\" content=\"pt_BR\" \/>\n<meta property=\"og:type\" content=\"article\" \/>\n<meta property=\"og:title\" content=\"Coronavoucher: Caixa libera saques da 2\u00b0 parcela para nascidos em junho\" \/>\n<meta property=\"og:description\" content=\"A Caixa liberou hoje a transfer\u00eancia e saque do coronavoucher, para os 2,6 mi de benefici\u00e1rios nascidos em junho. Clique aqui para saber mais\" \/>\n<meta property=\"og:url\" content=\"https:\/\/www.suno.com.br\/noticias\/coronavoucher-caixa-saques-2-parcela\/\" \/>\n<meta property=\"og:site_name\" content=\"Suno Not\u00edcias\" \/>\n<meta property=\"article:publisher\" content=\"https:\/\/facebook.com\/sunoresearch\" \/>\n<meta property=\"og:image\" content=\"https:\/\/files.sunoresearch.com.br\/n\/uploads\/2019\/08\/e5ed63fd-bancos.jpg\" \/>\n\t<meta property=\"og:image:width\" content=\"1086\" \/>\n\t<meta property=\"og:image:height\" content=\"652\" \/>\n\t<meta property=\"og:image:type\" content=\"image\/jpeg\" \/>\n<meta name=\"author\" content=\"Laura Moutinho\" \/>\n<meta name=\"twitter:card\" content=\"summary_large_image\" \/>\n<meta name=\"twitter:creator\" content=\"@sunoresearch\" \/>\n<meta name=\"twitter:site\" content=\"@sunoresearch\" \/>\n<meta name=\"twitter:label1\" content=\"Escrito por\" \/>\n\t<meta name=\"twitter:data1\" content=\"Laura Moutinho\" \/>\n\t<meta name=\"twitter:label2\" content=\"Est. tempo de leitura\" \/>\n\t<meta name=\"twitter:data2\" content=\"2 minutos\" \/>\n<script type=\"application\/ld+json\" class=\"yoast-schema-graph\">{\"@context\":\"https:\/\/schema.org\",\"@graph\":[{\"@type\":\"NewsArticle\",\"@id\":\"https:\/\/www.suno.com.br\/noticias\/coronavoucher-caixa-saques-2-parcela\/#article\",\"isPartOf\":{\"@id\":\"https:\/\/www.suno.com.br\/noticias\/coronavoucher-caixa-saques-2-parcela\/\"},\"author\":{\"name\":\"Laura Moutinho\",\"@id\":\"https:\/\/www.suno.com.br\/noticias\/#\/schema\/person\/3df0d2808748b74496efe5dbeaef2c72\"},\"headline\":\"Coronavoucher: Caixa libera saques da 2\u00b0 parcela para nascidos em junho\",\"datePublished\":\"2020-06-05T21:58:55+00:00\",\"dateModified\":\"2021-02-18T01:31:47+00:00\",\"mainEntityOfPage\":{\"@id\":\"https:\/\/www.suno.com.br\/noticias\/coronavoucher-caixa-saques-2-parcela\/\"},\"wordCount\":465,\"publisher\":{\"@id\":\"https:\/\/www.suno.com.br\/noticias\/#organization\"},\"image\":{\"@id\":\"https:\/\/www.suno.com.br\/noticias\/coronavoucher-caixa-saques-2-parcela\/#primaryimage\"},\"thumbnailUrl\":\"https:\/\/files.sunoresearch.com.br\/n\/uploads\/2019\/08\/e5ed63fd-bancos-jpg.webp\",\"keywords\":[\"Caixa Econ\u00f4mica Federal (CEF)\",\"coronavoucher\"],\"articleSection\":[\"Finan\u00e7as Pessoais\"],\"inLanguage\":\"pt-BR\"},{\"@type\":\"WebPage\",\"@id\":\"https:\/\/www.suno.com.br\/noticias\/coronavoucher-caixa-saques-2-parcela\/\",\"url\":\"https:\/\/www.suno.com.br\/noticias\/coronavoucher-caixa-saques-2-parcela\/\",\"name\":\"Coronavoucher: Caixa libera saques da 2\u00b0 parcela para nascidos em junho\",\"isPartOf\":{\"@id\":\"https:\/\/www.suno.com.br\/noticias\/#website\"},\"primaryImageOfPage\":{\"@id\":\"https:\/\/www.suno.com.br\/noticias\/coronavoucher-caixa-saques-2-parcela\/#primaryimage\"},\"image\":{\"@id\":\"https:\/\/www.suno.com.br\/noticias\/coronavoucher-caixa-saques-2-parcela\/#primaryimage\"},\"thumbnailUrl\":\"https:\/\/files.sunoresearch.com.br\/n\/uploads\/2019\/08\/e5ed63fd-bancos-jpg.webp\",\"datePublished\":\"2020-06-05T21:58:55+00:00\",\"dateModified\":\"2021-02-18T01:31:47+00:00\",\"description\":\"A Caixa liberou hoje a transfer\u00eancia e saque do coronavoucher, para os 2,6 mi de benefici\u00e1rios nascidos em junho. Clique aqui para saber mais\",\"breadcrumb\":{\"@id\":\"https:\/\/www.suno.com.br\/noticias\/coronavoucher-caixa-saques-2-parcela\/#breadcrumb\"},\"inLanguage\":\"pt-BR\",\"potentialAction\":[{\"@type\":\"ReadAction\",\"target\":[\"https:\/\/www.suno.com.br\/noticias\/coronavoucher-caixa-saques-2-parcela\/\"]}]},{\"@type\":\"ImageObject\",\"inLanguage\":\"pt-BR\",\"@id\":\"https:\/\/www.suno.com.br\/noticias\/coronavoucher-caixa-saques-2-parcela\/#primaryimage\",\"url\":\"https:\/\/files.sunoresearch.com.br\/n\/uploads\/2019\/08\/e5ed63fd-bancos-jpg.webp\",\"contentUrl\":\"https:\/\/files.sunoresearch.com.br\/n\/uploads\/2019\/08\/e5ed63fd-bancos-jpg.webp\",\"width\":1086,\"height\":652,\"caption\":\"Coronavoucher: Caixa libera saques da 2\u00b0 parcela para nascidos em junho\"},{\"@type\":\"BreadcrumbList\",\"@id\":\"https:\/\/www.suno.com.br\/noticias\/coronavoucher-caixa-saques-2-parcela\/#breadcrumb\",\"itemListElement\":[{\"@type\":\"ListItem\",\"position\":1,\"name\":\"Not\u00edcias\",\"item\":\"https:\/\/www.suno.com.br\/noticias\/\"},{\"@type\":\"ListItem\",\"position\":2,\"name\":\"Finan\u00e7as Pessoais\",\"item\":\"https:\/\/www.suno.com.br\/noticias\/financas-pessoais\/\"},{\"@type\":\"ListItem\",\"position\":3,\"name\":\"Coronavoucher: Caixa libera saques da 2\u00b0 parcela para nascidos em junho\"}]},{\"@type\":\"WebSite\",\"@id\":\"https:\/\/www.suno.com.br\/noticias\/#website\",\"url\":\"https:\/\/www.suno.com.br\/noticias\/\",\"name\":\"Suno Not\u00edcias\",\"description\":\"Seu portal de informa\u00e7\u00e3o sobre o mundo dos investimentos\",\"publisher\":{\"@id\":\"https:\/\/www.suno.com.br\/noticias\/#organization\"},\"potentialAction\":[{\"@type\":\"SearchAction\",\"target\":{\"@type\":\"EntryPoint\",\"urlTemplate\":\"https:\/\/www.suno.com.br\/noticias\/?s={search_term_string}\"},\"query-input\":{\"@type\":\"PropertyValueSpecification\",\"valueRequired\":true,\"valueName\":\"search_term_string\"}}],\"inLanguage\":\"pt-BR\"},{\"@type\":\"Organization\",\"@id\":\"https:\/\/www.suno.com.br\/noticias\/#organization\",\"name\":\"Suno Not\u00edcias\",\"url\":\"https:\/\/www.suno.com.br\/noticias\/\",\"logo\":{\"@type\":\"ImageObject\",\"inLanguage\":\"pt-BR\",\"@id\":\"https:\/\/www.suno.com.br\/noticias\/#\/schema\/logo\/image\/\",\"url\":\"https:\/\/files.sunoresearch.com.br\/n\/uploads\/2021\/09\/suno-logo.png\",\"contentUrl\":\"https:\/\/files.sunoresearch.com.br\/n\/uploads\/2021\/09\/suno-logo.png\",\"width\":180,\"height\":180,\"caption\":\"Suno Not\u00edcias\"},\"image\":{\"@id\":\"https:\/\/www.suno.com.br\/noticias\/#\/schema\/logo\/image\/\"},\"sameAs\":[\"https:\/\/facebook.com\/sunoresearch\",\"https:\/\/x.com\/sunoresearch\",\"https:\/\/www.instagram.com\/suno\",\"https:\/\/www.linkedin.com\/company\/suno-research\/\",\"https:\/\/www.youtube.com\/c\/sunoresearch\"]},{\"@type\":\"Person\",\"@id\":\"https:\/\/www.suno.com.br\/noticias\/#\/schema\/person\/3df0d2808748b74496efe5dbeaef2c72\",\"name\":\"Laura Moutinho\",\"image\":{\"@type\":\"ImageObject\",\"inLanguage\":\"pt-BR\",\"@id\":\"https:\/\/www.suno.com.br\/noticias\/#\/schema\/person\/image\/\",\"url\":\"https:\/\/secure.gravatar.com\/avatar\/7571c7c8ca3a6fca5e41384ece5557ff?s=96&r=g\",\"contentUrl\":\"https:\/\/secure.gravatar.com\/avatar\/7571c7c8ca3a6fca5e41384ece5557ff?s=96&r=g\",\"caption\":\"Laura Moutinho\"},\"description\":\"Estagi\u00e1ria na Suno Not\u00edcias, escreve not\u00edcias que afetam o mercado financeiro. Estuda administra\u00e7\u00e3o na Universidade Presbiteriana Mackenzie.\",\"url\":\"https:\/\/www.suno.com.br\/noticias\/author\/laura-moutinho\/\"}]}<\/script>\n<!-- \/ Yoast SEO plugin. -->","yoast_head_json":{"title":"Coronavoucher: Caixa libera saques da 2\u00b0 parcela para nascidos em junho","description":"A Caixa liberou hoje a transfer\u00eancia e saque do coronavoucher, para os 2,6 mi de benefici\u00e1rios nascidos em junho. Clique aqui para saber mais","robots":{"index":"index","follow":"follow","max-snippet":"max-snippet:-1","max-image-preview":"max-image-preview:large","max-video-preview":"max-video-preview:-1"},"canonical":"https:\/\/www.suno.com.br\/noticias\/coronavoucher-caixa-saques-2-parcela\/","og_locale":"pt_BR","og_type":"article","og_title":"Coronavoucher: Caixa libera saques da 2\u00b0 parcela para nascidos em junho","og_description":"A Caixa liberou hoje a transfer\u00eancia e saque do coronavoucher, para os 2,6 mi de benefici\u00e1rios nascidos em junho. Clique aqui para saber mais","og_url":"https:\/\/www.suno.com.br\/noticias\/coronavoucher-caixa-saques-2-parcela\/","og_site_name":"Suno Not\u00edcias","article_publisher":"https:\/\/facebook.com\/sunoresearch","og_image":[{"width":1086,"height":652,"url":"https:\/\/files.sunoresearch.com.br\/n\/uploads\/2019\/08\/e5ed63fd-bancos.jpg","type":"image\/jpeg"}],"author":"Laura Moutinho","twitter_card":"summary_large_image","twitter_creator":"@sunoresearch","twitter_site":"@sunoresearch","twitter_misc":{"Escrito por":"Laura Moutinho","Est. tempo de leitura":"2 minutos"},"schema":{"@context":"https:\/\/schema.org","@graph":[{"@type":"NewsArticle","@id":"https:\/\/www.suno.com.br\/noticias\/coronavoucher-caixa-saques-2-parcela\/#article","isPartOf":{"@id":"https:\/\/www.suno.com.br\/noticias\/coronavoucher-caixa-saques-2-parcela\/"},"author":{"name":"Laura Moutinho","@id":"https:\/\/www.suno.com.br\/noticias\/#\/schema\/person\/3df0d2808748b74496efe5dbeaef2c72"},"headline":"Coronavoucher: Caixa libera saques da 2\u00b0 parcela para nascidos em junho","datePublished":"2020-06-05T21:58:55+00:00","dateModified":"2021-02-18T01:31:47+00:00","mainEntityOfPage":{"@id":"https:\/\/www.suno.com.br\/noticias\/coronavoucher-caixa-saques-2-parcela\/"},"wordCount":465,"publisher":{"@id":"https:\/\/www.suno.com.br\/noticias\/#organization"},"image":{"@id":"https:\/\/www.suno.com.br\/noticias\/coronavoucher-caixa-saques-2-parcela\/#primaryimage"},"thumbnailUrl":"https:\/\/files.sunoresearch.com.br\/n\/uploads\/2019\/08\/e5ed63fd-bancos-jpg.webp","keywords":["Caixa Econ\u00f4mica Federal (CEF)","coronavoucher"],"articleSection":["Finan\u00e7as Pessoais"],"inLanguage":"pt-BR"},{"@type":"WebPage","@id":"https:\/\/www.suno.com.br\/noticias\/coronavoucher-caixa-saques-2-parcela\/","url":"https:\/\/www.suno.com.br\/noticias\/coronavoucher-caixa-saques-2-parcela\/","name":"Coronavoucher: Caixa libera saques da 2\u00b0 parcela para nascidos em junho","isPartOf":{"@id":"https:\/\/www.suno.com.br\/noticias\/#website"},"primaryImageOfPage":{"@id":"https:\/\/www.suno.com.br\/noticias\/coronavoucher-caixa-saques-2-parcela\/#primaryimage"},"image":{"@id":"https:\/\/www.suno.com.br\/noticias\/coronavoucher-caixa-saques-2-parcela\/#primaryimage"},"thumbnailUrl":"https:\/\/files.sunoresearch.com.br\/n\/uploads\/2019\/08\/e5ed63fd-bancos-jpg.webp","datePublished":"2020-06-05T21:58:55+00:00","dateModified":"2021-02-18T01:31:47+00:00","description":"A Caixa liberou hoje a transfer\u00eancia e saque do coronavoucher, para os 2,6 mi de benefici\u00e1rios nascidos em junho. Clique aqui para saber mais","breadcrumb":{"@id":"https:\/\/www.suno.com.br\/noticias\/coronavoucher-caixa-saques-2-parcela\/#breadcrumb"},"inLanguage":"pt-BR","potentialAction":[{"@type":"ReadAction","target":["https:\/\/www.suno.com.br\/noticias\/coronavoucher-caixa-saques-2-parcela\/"]}]},{"@type":"ImageObject","inLanguage":"pt-BR","@id":"https:\/\/www.suno.com.br\/noticias\/coronavoucher-caixa-saques-2-parcela\/#primaryimage","url":"https:\/\/files.sunoresearch.com.br\/n\/uploads\/2019\/08\/e5ed63fd-bancos-jpg.webp","contentUrl":"https:\/\/files.sunoresearch.com.br\/n\/uploads\/2019\/08\/e5ed63fd-bancos-jpg.webp","width":1086,"height":652,"caption":"Coronavoucher: Caixa libera saques da 2\u00b0 parcela para nascidos em junho"},{"@type":"BreadcrumbList","@id":"https:\/\/www.suno.com.br\/noticias\/coronavoucher-caixa-saques-2-parcela\/#breadcrumb","itemListElement":[{"@type":"ListItem","position":1,"name":"Not\u00edcias","item":"https:\/\/www.suno.com.br\/noticias\/"},{"@type":"ListItem","position":2,"name":"Finan\u00e7as Pessoais","item":"https:\/\/www.suno.com.br\/noticias\/financas-pessoais\/"},{"@type":"ListItem","position":3,"name":"Coronavoucher: Caixa libera saques da 2\u00b0 parcela para nascidos em junho"}]},{"@type":"WebSite","@id":"https:\/\/www.suno.com.br\/noticias\/#website","url":"https:\/\/www.suno.com.br\/noticias\/","name":"Suno Not\u00edcias","description":"Seu portal de informa\u00e7\u00e3o sobre o mundo dos investimentos","publisher":{"@id":"https:\/\/www.suno.com.br\/noticias\/#organization"},"potentialAction":[{"@type":"SearchAction","target":{"@type":"EntryPoint","urlTemplate":"https:\/\/www.suno.com.br\/noticias\/?s={search_term_string}"},"query-input":{"@type":"PropertyValueSpecification","valueRequired":true,"valueName":"search_term_string"}}],"inLanguage":"pt-BR"},{"@type":"Organization","@id":"https:\/\/www.suno.com.br\/noticias\/#organization","name":"Suno Not\u00edcias","url":"https:\/\/www.suno.com.br\/noticias\/","logo":{"@type":"ImageObject","inLanguage":"pt-BR","@id":"https:\/\/www.suno.com.br\/noticias\/#\/schema\/logo\/image\/","url":"https:\/\/files.sunoresearch.com.br\/n\/uploads\/2021\/09\/suno-logo.png","contentUrl":"https:\/\/files.sunoresearch.com.br\/n\/uploads\/2021\/09\/suno-logo.png","width":180,"height":180,"caption":"Suno Not\u00edcias"},"image":{"@id":"https:\/\/www.suno.com.br\/noticias\/#\/schema\/logo\/image\/"},"sameAs":["https:\/\/facebook.com\/sunoresearch","https:\/\/x.com\/sunoresearch","https:\/\/www.instagram.com\/suno","https:\/\/www.linkedin.com\/company\/suno-research\/","https:\/\/www.youtube.com\/c\/sunoresearch"]},{"@type":"Person","@id":"https:\/\/www.suno.com.br\/noticias\/#\/schema\/person\/3df0d2808748b74496efe5dbeaef2c72","name":"Laura Moutinho","image":{"@type":"ImageObject","inLanguage":"pt-BR","@id":"https:\/\/www.suno.com.br\/noticias\/#\/schema\/person\/image\/","url":"https:\/\/secure.gravatar.com\/avatar\/7571c7c8ca3a6fca5e41384ece5557ff?s=96&r=g","contentUrl":"https:\/\/secure.gravatar.com\/avatar\/7571c7c8ca3a6fca5e41384ece5557ff?s=96&r=g","caption":"Laura Moutinho"},"description":"Estagi\u00e1ria na Suno Not\u00edcias, escreve not\u00edcias que afetam o mercado financeiro. Estuda administra\u00e7\u00e3o na Universidade Presbiteriana Mackenzie.","url":"https:\/\/www.suno.com.br\/noticias\/author\/laura-moutinho\/"}]}},"default_loop_html":"<div class=\"cardsPage__listCard__boxs\"><div class=\"cardsPage__listCard__boxs__img\"><a href=\"https:\/\/www.suno.com.br\/noticias\/coronavoucher-caixa-saques-2-parcela\/\"><img class=\"mask\" src=\"https:\/\/www.suno.com.br\/noticias\/wp-content\/themes\/suno\/resources\/images\/spotlight\/spotlight1img\/bg-mask.png\" alt=\"Image Mask\"\/><img src=\"https:\/\/files.sunoresearch.com.br\/n\/uploads\/2019\/08\/e5ed63fd-bancos-400x200.webp\" alt=\"Coronavoucher: Caixa libera saques da 2\u00b0 parcela para nascidos em junho\"\/><\/a><span class=\"spotlightCategory\"><a href=\"https:\/\/www.suno.com.br\/noticias\/financas-pessoais\/\">Finan\u00e7as Pessoais<\/a><\/span><\/div><div class=\"cardsPage__listCard__boxs__content\"><a href=\"https:\/\/www.suno.com.br\/noticias\/coronavoucher-caixa-saques-2-parcela\/\"><h2 class=\"content__title\">Coronavoucher: Caixa libera saques da 2\u00b0 parcela para nascidos em junho<\/h2><\/a><div class=\"newsContent__article__meta\"><div class=\"newsContent__article__meta__authorBox\"><a href=\"https:\/\/www.suno.com.br\/noticias\/author\/laura-moutinho\/\" class=\"authorBox__avatar noMobi\"><img src=\"https:\/\/files.sunoresearch.com.br\/n\/uploads\/2020\/08\/531ff69d-whatsapp-image-2020-08-03-at-14.54.38-150x150.webp\" alt=\"Laura Moutinho\"><\/a><div class=\"authorBox__name\"><span>por\n\t\t\t<a href=\"https:\/\/www.suno.com.br\/noticias\/author\/laura-moutinho\/\"><span itemprop=\"author\">Laura Moutinho<\/span><\/a><\/span><time datetime=\"2020-06-05T18:58:55-03:00\" itemprop=\"datePublished\">05\/06\/2020 18:58<\/time><\/div><\/div><\/div><\/div><\/div>","single_layout":"posts","amp_enabled":true,"_links":{"self":[{"href":"https:\/\/www.suno.com.br\/noticias\/wp-json\/wp\/v2\/posts\/67847"}],"collection":[{"href":"https:\/\/www.suno.com.br\/noticias\/wp-json\/wp\/v2\/posts"}],"about":[{"href":"https:\/\/www.suno.com.br\/noticias\/wp-json\/wp\/v2\/types\/post"}],"author":[{"embeddable":true,"href":"https:\/\/www.suno.com.br\/noticias\/wp-json\/wp\/v2\/users\/39"}],"replies":[{"embeddable":true,"href":"https:\/\/www.suno.com.br\/noticias\/wp-json\/wp\/v2\/comments?post=67847"}],"version-history":[{"count":0,"href":"https:\/\/www.suno.com.br\/noticias\/wp-json\/wp\/v2\/posts\/67847\/revisions"}],"wp:featuredmedia":[{"embeddable":true,"href":"https:\/\/www.suno.com.br\/noticias\/wp-json\/wp\/v2\/media\/34568"}],"wp:attachment":[{"href":"https:\/\/www.suno.com.br\/noticias\/wp-json\/wp\/v2\/media?parent=67847"}],"wp:term":[{"taxonomy":"category","embeddable":true,"href":"https:\/\/www.suno.com.br\/noticias\/wp-json\/wp\/v2\/categories?post=67847"},{"taxonomy":"post_tag","embeddable":true,"href":"https:\/\/www.suno.com.br\/noticias\/wp-json\/wp\/v2\/tags?post=67847"},{"taxonomy":"suno_strategy","embeddable":true,"href":"https:\/\/www.suno.com.br\/noticias\/wp-json\/wp\/v2\/suno_strategy?post=67847"}],"curies":[{"name":"wp","href":"https:\/\/api.w.org\/{rel}","templated":true}]}}