{"id":67837,"date":"2020-06-05T20:50:48","date_gmt":"2020-06-05T23:50:48","guid":{"rendered":"https:\/\/www.suno.com.br\/noticias\/?p=67837"},"modified":"2020-06-05T20:50:48","modified_gmt":"2020-06-05T23:50:48","slug":"gol-jornada-flexivel-funcionarios-dezembro-2021","status":"publish","type":"post","link":"https:\/\/www.suno.com.br\/noticias\/gol-jornada-flexivel-funcionarios-dezembro-2021\/","title":{"rendered":"Gol (GOLL4) negocia jornada flex\u00edvel para funcion\u00e1rios at\u00e9 dezembro de 2021"},"content":{"rendered":"<p>Nesta sexta-feira (5) a companhia a\u00e9rea <a href=\"https:\/\/www.suno.com.br\/acoes\/goll4\/\"><strong>Gol<\/strong> (GOLL4)<\/a> anunciou que continua negociando com os funcion\u00e1rios e sindicatos a flexibiliza\u00e7\u00e3o de jornada e sal\u00e1rio por 18 meses. A medida visa diminuir os efeitos negativos que o novo coronav\u00edrus (covid-19) trouxe para todas as empresas de avia\u00e7\u00e3o ao redor do mundo.<\/p>\t<div class=\"wrapper-featured-image\">\n\t\t<figure class=\"spotlightImg\">\n\n\t\t\t<picture>\n\t\t\t\t<source media=\"(max-width: 768px)\" srcset=\"https:\/\/files.sunoresearch.com.br\/n\/uploads\/2019\/03\/b18cf601-gol-400x200.webp\">\n\t\t\t\t<img loading=\"lazy\" decoding=\"async\" class=\"newsContent__article__imgCapa lazyloadDisabled newsContent__article__imgCapa--noCaption\" src=\"https:\/\/files.sunoresearch.com.br\/n\/uploads\/2019\/03\/b18cf601-gol-800x450.webp\" width=\"800\" height=\"450\" alt=\"Gol (GOLL4) negocia jornada flex\u00edvel para funcion\u00e1rios at\u00e9 dezembro de 2021\" fetchpriority=high \/>\n\t\t\t<\/picture>\n\n\t\t\t<figcaption class=\"wp-caption-text wp-caption-text--hide\">Avi\u00e3o da Gol (foto: divulga\u00e7\u00e3o)<\/figcaption>\n\t\t<\/figure>\n\t<\/div>\n\n\n\n<p>A proposta possibilitar\u00e1 que a Gol adote uma jornada flex\u00edvel, que v\u00e1 aumentando de acordo com o crescimento da demanda por transporte a\u00e9reo. Na quinta-feira (4), o acordo foi aprovado pelos pilotos e comiss\u00e1rios de bordo. At\u00e9 o momento, os aerovi\u00e1rios, que trabalham em terra, ainda est\u00e3o discutindo a proposta e n\u00e3o deram uma resposta definitiva.<\/p>\n<p><span style=\"font-size: 1.21429rem;\">Segundo o que foi reportado ao jornal Valor, Paulo Kakinoff, presidente da empresa, explicou que &#8220;a recupera\u00e7\u00e3o para o setor a\u00e9reo \u00e9 muito gradual. E todos os agentes da cadeia ter\u00e3o que colaborar e se sacrificar para que a retomada aconte\u00e7a. Provavelmente levar\u00e1 o ano de 2021&#8221;.<\/span><\/p>\n<p><a href=\"https:\/\/lp.suno.com.br\/suno-one\/\">No Suno One voc\u00ea aprende a fazer seu dinheiro trabalhar para voc\u00ea. Cadastre-se gratuitamente agora!<\/a><\/p>\n<p>Executivos da Gol tamb\u00e9m informaram que todos os funcion\u00e1rios que aceitarem o acordo, ter\u00e3o estabilidade pelos pr\u00f3ximos 18 meses. &#8220;Se n\u00e3o fizer isso a companhia dificilmente conseguir\u00e1 evitar demiss\u00f5es nos pr\u00f3ximos meses\u201d, disse Kakinoff.<\/p>\n<h2>Gol sofre com diminui\u00e7\u00e3o de voos<\/h2>\n<p>De acordo com os dados da companhia de avia\u00e7\u00e3o, a demanda total por voos, medida por passageiros-quil\u00f4metro transportados (RPK), apresentou queda de 93,7% em compara\u00e7\u00e3o com o mesmo per\u00edodo de 2019. Por sua vez, a oferta de assentos da empresa registrou no m\u00eas passado uma retra\u00e7\u00e3o de 93,1%, na compara\u00e7\u00e3o de base anual.<\/p>\n<p><a href=\"https:\/\/www.suno.com.br\/noticias\/gol-goll4-demanda-por-voos-despenca-937-em-maio\/\">Saiba mais: Gol (GOLL4): Demanda por voos despenca 93,7% em maio<\/a><\/p>\n<p>No entanto, o m\u00eas de maio trouxe uma recupera\u00e7\u00e3o para a <strong>Gol<\/strong>, que teve um aumento de 5% na demanda total de passagens. Isso possibilitou um avan\u00e7o de 12,1% na oferta de voos nacionais da empresa quando comparado com abril.<\/p>\n\n","protected":false},"excerpt":{"rendered":"<p>Nesta sexta-feira (5) a companhia a\u00e9rea Gol (GOLL4) anunciou que continua negociando com os funcion\u00e1rios e sindicatos a flexibiliza\u00e7\u00e3o de jornada e sal\u00e1rio por 18 meses. A medida visa diminuir os efeitos negativos que o novo coronav\u00edrus (covid-19) trouxe para todas as empresas de avia\u00e7\u00e3o ao redor do mundo. Avi\u00e3o da Gol (foto: divulga\u00e7\u00e3o) A [&hellip;]<\/p>\n","protected":false},"author":44,"featured_media":17608,"comment_status":"closed","ping_status":"closed","sticky":false,"template":"","format":"standard","meta":[],"categories":[64],"tags":[2487,489],"suno_strategy":[],"class_list":["post-67837","post","type-post","status-publish","format-standard","has-post-thumbnail","hentry","category-negocios","tag-coronavirus","tag-gol-linhas-aereas-goll11-goll4"],"yoast_head":"<!-- This site is optimized with the Yoast SEO plugin v24.4 - https:\/\/yoast.com\/wordpress\/plugins\/seo\/ -->\n<title>Gol negocia jornada flex\u00edvel para funcion\u00e1rios at\u00e9 dezembro de 2021<\/title>\n<meta name=\"description\" content=\"Nesta semana a Gol anunciou que negocia com funcion\u00e1rios e sindicatos a flexibiliza\u00e7\u00e3o de jornada e sal\u00e1rio. Clique para ver mais.\" \/>\n<meta name=\"robots\" content=\"index, follow, max-snippet:-1, max-image-preview:large, max-video-preview:-1\" \/>\n<link rel=\"canonical\" href=\"https:\/\/www.suno.com.br\/noticias\/gol-jornada-flexivel-funcionarios-dezembro-2021\/\" \/>\n<meta property=\"og:locale\" content=\"pt_BR\" \/>\n<meta property=\"og:type\" content=\"article\" \/>\n<meta property=\"og:title\" content=\"Gol negocia jornada flex\u00edvel para funcion\u00e1rios at\u00e9 dezembro de 2021\" \/>\n<meta property=\"og:description\" content=\"Nesta semana a Gol anunciou que negocia com funcion\u00e1rios e sindicatos a flexibiliza\u00e7\u00e3o de jornada e sal\u00e1rio. Clique para ver mais.\" \/>\n<meta property=\"og:url\" content=\"https:\/\/www.suno.com.br\/noticias\/gol-jornada-flexivel-funcionarios-dezembro-2021\/\" \/>\n<meta property=\"og:site_name\" content=\"Suno Not\u00edcias\" \/>\n<meta property=\"article:publisher\" content=\"https:\/\/facebook.com\/sunoresearch\" \/>\n<meta property=\"og:image\" content=\"https:\/\/files.sunoresearch.com.br\/n\/uploads\/2019\/03\/b18cf601-gol.jpg\" \/>\n\t<meta property=\"og:image:width\" content=\"1024\" \/>\n\t<meta property=\"og:image:height\" content=\"683\" \/>\n\t<meta property=\"og:image:type\" content=\"image\/jpeg\" \/>\n<meta name=\"author\" content=\"Daniel Guimar\u00e3es\" \/>\n<meta name=\"twitter:card\" content=\"summary_large_image\" \/>\n<meta name=\"twitter:creator\" content=\"@sunoresearch\" \/>\n<meta name=\"twitter:site\" content=\"@sunoresearch\" \/>\n<meta name=\"twitter:label1\" content=\"Escrito por\" \/>\n\t<meta name=\"twitter:data1\" content=\"Daniel Guimar\u00e3es\" \/>\n\t<meta name=\"twitter:label2\" content=\"Est. tempo de leitura\" \/>\n\t<meta name=\"twitter:data2\" content=\"2 minutos\" \/>\n<script type=\"application\/ld+json\" class=\"yoast-schema-graph\">{\"@context\":\"https:\/\/schema.org\",\"@graph\":[{\"@type\":\"NewsArticle\",\"@id\":\"https:\/\/www.suno.com.br\/noticias\/gol-jornada-flexivel-funcionarios-dezembro-2021\/#article\",\"isPartOf\":{\"@id\":\"https:\/\/www.suno.com.br\/noticias\/gol-jornada-flexivel-funcionarios-dezembro-2021\/\"},\"author\":{\"name\":\"Daniel Guimar\u00e3es\",\"@id\":\"https:\/\/www.suno.com.br\/noticias\/#\/schema\/person\/a7796c19fcf6bafd03b9a2fa1fd9ae20\"},\"headline\":\"Gol (GOLL4) negocia jornada flex\u00edvel para funcion\u00e1rios at\u00e9 dezembro de 2021\",\"datePublished\":\"2020-06-05T23:50:48+00:00\",\"mainEntityOfPage\":{\"@id\":\"https:\/\/www.suno.com.br\/noticias\/gol-jornada-flexivel-funcionarios-dezembro-2021\/\"},\"wordCount\":353,\"publisher\":{\"@id\":\"https:\/\/www.suno.com.br\/noticias\/#organization\"},\"image\":{\"@id\":\"https:\/\/www.suno.com.br\/noticias\/gol-jornada-flexivel-funcionarios-dezembro-2021\/#primaryimage\"},\"thumbnailUrl\":\"https:\/\/files.sunoresearch.com.br\/n\/uploads\/2019\/03\/b18cf601-gol-jpg.webp\",\"keywords\":[\"coronav\u00edrus\",\"Gol Linhas A\u00e9reas (GOLL11\/GOLL4)\"],\"articleSection\":[\"Neg\u00f3cios\"],\"inLanguage\":\"pt-BR\"},{\"@type\":\"WebPage\",\"@id\":\"https:\/\/www.suno.com.br\/noticias\/gol-jornada-flexivel-funcionarios-dezembro-2021\/\",\"url\":\"https:\/\/www.suno.com.br\/noticias\/gol-jornada-flexivel-funcionarios-dezembro-2021\/\",\"name\":\"Gol negocia jornada flex\u00edvel para funcion\u00e1rios at\u00e9 dezembro de 2021\",\"isPartOf\":{\"@id\":\"https:\/\/www.suno.com.br\/noticias\/#website\"},\"primaryImageOfPage\":{\"@id\":\"https:\/\/www.suno.com.br\/noticias\/gol-jornada-flexivel-funcionarios-dezembro-2021\/#primaryimage\"},\"image\":{\"@id\":\"https:\/\/www.suno.com.br\/noticias\/gol-jornada-flexivel-funcionarios-dezembro-2021\/#primaryimage\"},\"thumbnailUrl\":\"https:\/\/files.sunoresearch.com.br\/n\/uploads\/2019\/03\/b18cf601-gol-jpg.webp\",\"datePublished\":\"2020-06-05T23:50:48+00:00\",\"description\":\"Nesta semana a Gol anunciou que negocia com funcion\u00e1rios e sindicatos a flexibiliza\u00e7\u00e3o de jornada e sal\u00e1rio. Clique para ver mais.\",\"breadcrumb\":{\"@id\":\"https:\/\/www.suno.com.br\/noticias\/gol-jornada-flexivel-funcionarios-dezembro-2021\/#breadcrumb\"},\"inLanguage\":\"pt-BR\",\"potentialAction\":[{\"@type\":\"ReadAction\",\"target\":[\"https:\/\/www.suno.com.br\/noticias\/gol-jornada-flexivel-funcionarios-dezembro-2021\/\"]}]},{\"@type\":\"ImageObject\",\"inLanguage\":\"pt-BR\",\"@id\":\"https:\/\/www.suno.com.br\/noticias\/gol-jornada-flexivel-funcionarios-dezembro-2021\/#primaryimage\",\"url\":\"https:\/\/files.sunoresearch.com.br\/n\/uploads\/2019\/03\/b18cf601-gol-jpg.webp\",\"contentUrl\":\"https:\/\/files.sunoresearch.com.br\/n\/uploads\/2019\/03\/b18cf601-gol-jpg.webp\",\"width\":1024,\"height\":683,\"caption\":\"Avi\u00e3o da Gol (foto: divulga\u00e7\u00e3o)\"},{\"@type\":\"BreadcrumbList\",\"@id\":\"https:\/\/www.suno.com.br\/noticias\/gol-jornada-flexivel-funcionarios-dezembro-2021\/#breadcrumb\",\"itemListElement\":[{\"@type\":\"ListItem\",\"position\":1,\"name\":\"Not\u00edcias\",\"item\":\"https:\/\/www.suno.com.br\/noticias\/\"},{\"@type\":\"ListItem\",\"position\":2,\"name\":\"Neg\u00f3cios\",\"item\":\"https:\/\/www.suno.com.br\/noticias\/negocios\/\"},{\"@type\":\"ListItem\",\"position\":3,\"name\":\"Gol (GOLL4) negocia jornada flex\u00edvel para funcion\u00e1rios at\u00e9 dezembro de 2021\"}]},{\"@type\":\"WebSite\",\"@id\":\"https:\/\/www.suno.com.br\/noticias\/#website\",\"url\":\"https:\/\/www.suno.com.br\/noticias\/\",\"name\":\"Suno Not\u00edcias\",\"description\":\"Seu portal de informa\u00e7\u00e3o sobre o mundo dos investimentos\",\"publisher\":{\"@id\":\"https:\/\/www.suno.com.br\/noticias\/#organization\"},\"potentialAction\":[{\"@type\":\"SearchAction\",\"target\":{\"@type\":\"EntryPoint\",\"urlTemplate\":\"https:\/\/www.suno.com.br\/noticias\/?s={search_term_string}\"},\"query-input\":{\"@type\":\"PropertyValueSpecification\",\"valueRequired\":true,\"valueName\":\"search_term_string\"}}],\"inLanguage\":\"pt-BR\"},{\"@type\":\"Organization\",\"@id\":\"https:\/\/www.suno.com.br\/noticias\/#organization\",\"name\":\"Suno Not\u00edcias\",\"url\":\"https:\/\/www.suno.com.br\/noticias\/\",\"logo\":{\"@type\":\"ImageObject\",\"inLanguage\":\"pt-BR\",\"@id\":\"https:\/\/www.suno.com.br\/noticias\/#\/schema\/logo\/image\/\",\"url\":\"https:\/\/files.sunoresearch.com.br\/n\/uploads\/2021\/09\/suno-logo.png\",\"contentUrl\":\"https:\/\/files.sunoresearch.com.br\/n\/uploads\/2021\/09\/suno-logo.png\",\"width\":180,\"height\":180,\"caption\":\"Suno Not\u00edcias\"},\"image\":{\"@id\":\"https:\/\/www.suno.com.br\/noticias\/#\/schema\/logo\/image\/\"},\"sameAs\":[\"https:\/\/facebook.com\/sunoresearch\",\"https:\/\/x.com\/sunoresearch\",\"https:\/\/www.instagram.com\/suno\",\"https:\/\/www.linkedin.com\/company\/suno-research\/\",\"https:\/\/www.youtube.com\/c\/sunoresearch\"]},{\"@type\":\"Person\",\"@id\":\"https:\/\/www.suno.com.br\/noticias\/#\/schema\/person\/a7796c19fcf6bafd03b9a2fa1fd9ae20\",\"name\":\"Daniel Guimar\u00e3es\",\"image\":{\"@type\":\"ImageObject\",\"inLanguage\":\"pt-BR\",\"@id\":\"https:\/\/www.suno.com.br\/noticias\/#\/schema\/person\/image\/\",\"url\":\"https:\/\/secure.gravatar.com\/avatar\/fb8260757609f58f0c0ac079d1b32eff?s=96&r=g\",\"contentUrl\":\"https:\/\/secure.gravatar.com\/avatar\/fb8260757609f58f0c0ac079d1b32eff?s=96&r=g\",\"caption\":\"Daniel Guimar\u00e3es\"},\"description\":\"Estagi\u00e1rio na Suno Not\u00edcias, Daniel escreve not\u00edcias que afetam o mercado financeiro brasileiro e internacional. Estuda economia na Rutgers University, em New Jersey.\",\"sameAs\":[\"suno.research\"],\"url\":\"https:\/\/www.suno.com.br\/noticias\/author\/daniel\/\"}]}<\/script>\n<!-- \/ Yoast SEO plugin. -->","yoast_head_json":{"title":"Gol negocia jornada flex\u00edvel para funcion\u00e1rios at\u00e9 dezembro de 2021","description":"Nesta semana a Gol anunciou que negocia com funcion\u00e1rios e sindicatos a flexibiliza\u00e7\u00e3o de jornada e sal\u00e1rio. Clique para ver mais.","robots":{"index":"index","follow":"follow","max-snippet":"max-snippet:-1","max-image-preview":"max-image-preview:large","max-video-preview":"max-video-preview:-1"},"canonical":"https:\/\/www.suno.com.br\/noticias\/gol-jornada-flexivel-funcionarios-dezembro-2021\/","og_locale":"pt_BR","og_type":"article","og_title":"Gol negocia jornada flex\u00edvel para funcion\u00e1rios at\u00e9 dezembro de 2021","og_description":"Nesta semana a Gol anunciou que negocia com funcion\u00e1rios e sindicatos a flexibiliza\u00e7\u00e3o de jornada e sal\u00e1rio. Clique para ver mais.","og_url":"https:\/\/www.suno.com.br\/noticias\/gol-jornada-flexivel-funcionarios-dezembro-2021\/","og_site_name":"Suno Not\u00edcias","article_publisher":"https:\/\/facebook.com\/sunoresearch","og_image":[{"width":1024,"height":683,"url":"https:\/\/files.sunoresearch.com.br\/n\/uploads\/2019\/03\/b18cf601-gol.jpg","type":"image\/jpeg"}],"author":"Daniel Guimar\u00e3es","twitter_card":"summary_large_image","twitter_creator":"@sunoresearch","twitter_site":"@sunoresearch","twitter_misc":{"Escrito por":"Daniel Guimar\u00e3es","Est. tempo de leitura":"2 minutos"},"schema":{"@context":"https:\/\/schema.org","@graph":[{"@type":"NewsArticle","@id":"https:\/\/www.suno.com.br\/noticias\/gol-jornada-flexivel-funcionarios-dezembro-2021\/#article","isPartOf":{"@id":"https:\/\/www.suno.com.br\/noticias\/gol-jornada-flexivel-funcionarios-dezembro-2021\/"},"author":{"name":"Daniel Guimar\u00e3es","@id":"https:\/\/www.suno.com.br\/noticias\/#\/schema\/person\/a7796c19fcf6bafd03b9a2fa1fd9ae20"},"headline":"Gol (GOLL4) negocia jornada flex\u00edvel para funcion\u00e1rios at\u00e9 dezembro de 2021","datePublished":"2020-06-05T23:50:48+00:00","mainEntityOfPage":{"@id":"https:\/\/www.suno.com.br\/noticias\/gol-jornada-flexivel-funcionarios-dezembro-2021\/"},"wordCount":353,"publisher":{"@id":"https:\/\/www.suno.com.br\/noticias\/#organization"},"image":{"@id":"https:\/\/www.suno.com.br\/noticias\/gol-jornada-flexivel-funcionarios-dezembro-2021\/#primaryimage"},"thumbnailUrl":"https:\/\/files.sunoresearch.com.br\/n\/uploads\/2019\/03\/b18cf601-gol-jpg.webp","keywords":["coronav\u00edrus","Gol Linhas A\u00e9reas (GOLL11\/GOLL4)"],"articleSection":["Neg\u00f3cios"],"inLanguage":"pt-BR"},{"@type":"WebPage","@id":"https:\/\/www.suno.com.br\/noticias\/gol-jornada-flexivel-funcionarios-dezembro-2021\/","url":"https:\/\/www.suno.com.br\/noticias\/gol-jornada-flexivel-funcionarios-dezembro-2021\/","name":"Gol negocia jornada flex\u00edvel para funcion\u00e1rios at\u00e9 dezembro de 2021","isPartOf":{"@id":"https:\/\/www.suno.com.br\/noticias\/#website"},"primaryImageOfPage":{"@id":"https:\/\/www.suno.com.br\/noticias\/gol-jornada-flexivel-funcionarios-dezembro-2021\/#primaryimage"},"image":{"@id":"https:\/\/www.suno.com.br\/noticias\/gol-jornada-flexivel-funcionarios-dezembro-2021\/#primaryimage"},"thumbnailUrl":"https:\/\/files.sunoresearch.com.br\/n\/uploads\/2019\/03\/b18cf601-gol-jpg.webp","datePublished":"2020-06-05T23:50:48+00:00","description":"Nesta semana a Gol anunciou que negocia com funcion\u00e1rios e sindicatos a flexibiliza\u00e7\u00e3o de jornada e sal\u00e1rio. Clique para ver mais.","breadcrumb":{"@id":"https:\/\/www.suno.com.br\/noticias\/gol-jornada-flexivel-funcionarios-dezembro-2021\/#breadcrumb"},"inLanguage":"pt-BR","potentialAction":[{"@type":"ReadAction","target":["https:\/\/www.suno.com.br\/noticias\/gol-jornada-flexivel-funcionarios-dezembro-2021\/"]}]},{"@type":"ImageObject","inLanguage":"pt-BR","@id":"https:\/\/www.suno.com.br\/noticias\/gol-jornada-flexivel-funcionarios-dezembro-2021\/#primaryimage","url":"https:\/\/files.sunoresearch.com.br\/n\/uploads\/2019\/03\/b18cf601-gol-jpg.webp","contentUrl":"https:\/\/files.sunoresearch.com.br\/n\/uploads\/2019\/03\/b18cf601-gol-jpg.webp","width":1024,"height":683,"caption":"Avi\u00e3o da Gol (foto: divulga\u00e7\u00e3o)"},{"@type":"BreadcrumbList","@id":"https:\/\/www.suno.com.br\/noticias\/gol-jornada-flexivel-funcionarios-dezembro-2021\/#breadcrumb","itemListElement":[{"@type":"ListItem","position":1,"name":"Not\u00edcias","item":"https:\/\/www.suno.com.br\/noticias\/"},{"@type":"ListItem","position":2,"name":"Neg\u00f3cios","item":"https:\/\/www.suno.com.br\/noticias\/negocios\/"},{"@type":"ListItem","position":3,"name":"Gol (GOLL4) negocia jornada flex\u00edvel para funcion\u00e1rios at\u00e9 dezembro de 2021"}]},{"@type":"WebSite","@id":"https:\/\/www.suno.com.br\/noticias\/#website","url":"https:\/\/www.suno.com.br\/noticias\/","name":"Suno Not\u00edcias","description":"Seu portal de informa\u00e7\u00e3o sobre o mundo dos investimentos","publisher":{"@id":"https:\/\/www.suno.com.br\/noticias\/#organization"},"potentialAction":[{"@type":"SearchAction","target":{"@type":"EntryPoint","urlTemplate":"https:\/\/www.suno.com.br\/noticias\/?s={search_term_string}"},"query-input":{"@type":"PropertyValueSpecification","valueRequired":true,"valueName":"search_term_string"}}],"inLanguage":"pt-BR"},{"@type":"Organization","@id":"https:\/\/www.suno.com.br\/noticias\/#organization","name":"Suno Not\u00edcias","url":"https:\/\/www.suno.com.br\/noticias\/","logo":{"@type":"ImageObject","inLanguage":"pt-BR","@id":"https:\/\/www.suno.com.br\/noticias\/#\/schema\/logo\/image\/","url":"https:\/\/files.sunoresearch.com.br\/n\/uploads\/2021\/09\/suno-logo.png","contentUrl":"https:\/\/files.sunoresearch.com.br\/n\/uploads\/2021\/09\/suno-logo.png","width":180,"height":180,"caption":"Suno Not\u00edcias"},"image":{"@id":"https:\/\/www.suno.com.br\/noticias\/#\/schema\/logo\/image\/"},"sameAs":["https:\/\/facebook.com\/sunoresearch","https:\/\/x.com\/sunoresearch","https:\/\/www.instagram.com\/suno","https:\/\/www.linkedin.com\/company\/suno-research\/","https:\/\/www.youtube.com\/c\/sunoresearch"]},{"@type":"Person","@id":"https:\/\/www.suno.com.br\/noticias\/#\/schema\/person\/a7796c19fcf6bafd03b9a2fa1fd9ae20","name":"Daniel Guimar\u00e3es","image":{"@type":"ImageObject","inLanguage":"pt-BR","@id":"https:\/\/www.suno.com.br\/noticias\/#\/schema\/person\/image\/","url":"https:\/\/secure.gravatar.com\/avatar\/fb8260757609f58f0c0ac079d1b32eff?s=96&r=g","contentUrl":"https:\/\/secure.gravatar.com\/avatar\/fb8260757609f58f0c0ac079d1b32eff?s=96&r=g","caption":"Daniel Guimar\u00e3es"},"description":"Estagi\u00e1rio na Suno Not\u00edcias, Daniel escreve not\u00edcias que afetam o mercado financeiro brasileiro e internacional. Estuda economia na Rutgers University, em New Jersey.","sameAs":["suno.research"],"url":"https:\/\/www.suno.com.br\/noticias\/author\/daniel\/"}]}},"default_loop_html":"<div class=\"cardsPage__listCard__boxs\"><div class=\"cardsPage__listCard__boxs__img\"><a href=\"https:\/\/www.suno.com.br\/noticias\/gol-jornada-flexivel-funcionarios-dezembro-2021\/\"><img class=\"mask\" src=\"https:\/\/www.suno.com.br\/noticias\/wp-content\/themes\/suno\/resources\/images\/spotlight\/spotlight1img\/bg-mask.png\" alt=\"Image Mask\"\/><img src=\"https:\/\/files.sunoresearch.com.br\/n\/uploads\/2019\/03\/b18cf601-gol-400x200.webp\" alt=\"Gol (GOLL4) negocia jornada flex\u00edvel para funcion\u00e1rios at\u00e9 dezembro de 2021\"\/><\/a><span class=\"spotlightCategory\"><a href=\"https:\/\/www.suno.com.br\/noticias\/negocios\/\">Neg\u00f3cios<\/a><\/span><\/div><div class=\"cardsPage__listCard__boxs__content\"><a href=\"https:\/\/www.suno.com.br\/noticias\/gol-jornada-flexivel-funcionarios-dezembro-2021\/\"><h2 class=\"content__title\">Gol (GOLL4) negocia jornada flex\u00edvel para funcion\u00e1rios at\u00e9 dezembro de 2021<\/h2><\/a><div class=\"newsContent__article__meta\"><div class=\"newsContent__article__meta__authorBox\"><a href=\"https:\/\/www.suno.com.br\/noticias\/author\/daniel\/\" class=\"authorBox__avatar noMobi\"><img src=\"https:\/\/files.sunoresearch.com.br\/n\/uploads\/2020\/08\/e51aadd2-whatsapp-image-2020-08-03-at-14.03.48-150x150.webp\" alt=\"Daniel Guimar\u00e3es\"><\/a><div class=\"authorBox__name\"><span>por\n\t\t\t<a href=\"https:\/\/www.suno.com.br\/noticias\/author\/daniel\/\"><span itemprop=\"author\">Daniel Guimar\u00e3es<\/span><\/a><\/span><time datetime=\"2020-06-05T20:50:48-03:00\" itemprop=\"datePublished\">05\/06\/2020 20:50<\/time><\/div><\/div><\/div><\/div><\/div>","single_layout":"posts","amp_enabled":true,"_links":{"self":[{"href":"https:\/\/www.suno.com.br\/noticias\/wp-json\/wp\/v2\/posts\/67837"}],"collection":[{"href":"https:\/\/www.suno.com.br\/noticias\/wp-json\/wp\/v2\/posts"}],"about":[{"href":"https:\/\/www.suno.com.br\/noticias\/wp-json\/wp\/v2\/types\/post"}],"author":[{"embeddable":true,"href":"https:\/\/www.suno.com.br\/noticias\/wp-json\/wp\/v2\/users\/44"}],"replies":[{"embeddable":true,"href":"https:\/\/www.suno.com.br\/noticias\/wp-json\/wp\/v2\/comments?post=67837"}],"version-history":[{"count":0,"href":"https:\/\/www.suno.com.br\/noticias\/wp-json\/wp\/v2\/posts\/67837\/revisions"}],"wp:featuredmedia":[{"embeddable":true,"href":"https:\/\/www.suno.com.br\/noticias\/wp-json\/wp\/v2\/media\/17608"}],"wp:attachment":[{"href":"https:\/\/www.suno.com.br\/noticias\/wp-json\/wp\/v2\/media?parent=67837"}],"wp:term":[{"taxonomy":"category","embeddable":true,"href":"https:\/\/www.suno.com.br\/noticias\/wp-json\/wp\/v2\/categories?post=67837"},{"taxonomy":"post_tag","embeddable":true,"href":"https:\/\/www.suno.com.br\/noticias\/wp-json\/wp\/v2\/tags?post=67837"},{"taxonomy":"suno_strategy","embeddable":true,"href":"https:\/\/www.suno.com.br\/noticias\/wp-json\/wp\/v2\/suno_strategy?post=67837"}],"curies":[{"name":"wp","href":"https:\/\/api.w.org\/{rel}","templated":true}]}}