{"id":67770,"date":"2020-06-05T11:54:24","date_gmt":"2020-06-05T14:54:24","guid":{"rendered":"https:\/\/www.suno.com.br\/noticias\/?p=67770"},"modified":"2020-06-05T11:56:17","modified_gmt":"2020-06-05T14:56:17","slug":"gol-goll4-demanda-por-voos-despenca-937-em-maio","status":"publish","type":"post","link":"https:\/\/www.suno.com.br\/noticias\/gol-goll4-demanda-por-voos-despenca-937-em-maio\/","title":{"rendered":"Gol (GOLL4): Demanda por voos despenca 93,7% em maio"},"content":{"rendered":"<p>A <a href=\"https:\/\/www.suno.com.br\/acoes\/goll4\/\"><strong>GOL<\/strong> (GOLL4)<\/a> informou nesta sexta-feira (5) os dados pr\u00e9vios de tr\u00e1fego referente ao m\u00eas de maio. A demanda total por voos, medida por passageiros-quil\u00f4metro transportados (RPK), apresentou queda de 93,7% em compara\u00e7\u00e3o com o mesmo per\u00edodo no ano passado.<\/p>\t<div class=\"wrapper-featured-image\">\n\t\t<figure class=\"spotlightImg\">\n\n\t\t\t<picture>\n\t\t\t\t<source media=\"(max-width: 768px)\" srcset=\"https:\/\/files.sunoresearch.com.br\/n\/uploads\/2019\/07\/09623875-gol-400x200.webp\">\n\t\t\t\t<img loading=\"lazy\" decoding=\"async\" class=\"newsContent__article__imgCapa lazyloadDisabled newsContent__article__imgCapa--noCaption\" src=\"https:\/\/files.sunoresearch.com.br\/n\/uploads\/2019\/07\/09623875-gol-800x450.webp\" width=\"800\" height=\"450\" alt=\"Gol (GOLL4): Demanda por voos despenca 93,7% em maio\" fetchpriority=high \/>\n\t\t\t<\/picture>\n\n\t\t\t<figcaption class=\"wp-caption-text wp-caption-text--hide\">Gol ter\u00e1 mais voos em alta temporada no Brasil<\/figcaption>\n\t\t<\/figure>\n\t<\/div>\n\n\n\n<p>Por sua vez, a oferta de assentos da Gol (assentos-quil\u00f4metros oferecidos, ASK em ingl\u00eas) registrou no m\u00eas passado uma retra\u00e7\u00e3o de 93,1%, na compara\u00e7\u00e3o de base anual.<\/p>\n<p>No entanto, em rela\u00e7\u00e3o ao m\u00eas de abril a companhia a\u00e9rea apresentou recupera\u00e7\u00e3o. A empresa aumentou a malha a\u00e9rea para 70 voos por dia e reiniciou as opera\u00e7\u00f5es em alguns aeroportos como:<\/p>\n<p><a href=\"https:\/\/lp.suno.com.br\/suno-one\/\">Suno One: o primeiro passo para alcan\u00e7ar a sua independ\u00eancia financeira. Acesse agora, \u00e9 gratuito!<\/a><\/p>\n<ul>\n<li>Congonhas (SP)<\/li>\n<li>Santos Dumont (RJ)<\/li>\n<li>Navegantes (SC)<\/li>\n<li>Foz do Igua\u00e7u (PR)<\/li>\n<li>Gale\u00e3o (RJ)<\/li>\n<\/ul>\n<p>A demanda total de decolagens aumentou 5% em maio, comparado com abril. E, a oferta teve avan\u00e7o de 12,1%. Durante o m\u00eas n\u00e3o houve voos internacionais regulares.<\/p>\n<h2>Funcion\u00e1rios da Gol aprovam programas coletivos de trabalho<\/h2>\n<p>A Gol anunciou, na noite da \u00faltima quinta-feira (4), acordos coletivos de trabalho que englobam tr\u00eas pontos: diminui\u00e7\u00e3o de 50% no sal\u00e1rio dos colaboradores, redu\u00e7\u00e3o da jornada de trabalho e o programa de demiss\u00e3o volunt\u00e1ria (PDV).<\/p>\n<p>Os funcion\u00e1rios que n\u00e3o quiserem aderir aos programas volunt\u00e1rios, ter\u00e3o dois programas de redu\u00e7\u00e3o compuls\u00f3ria de jornada e sal\u00e1rio, que ir\u00e3o vigorar at\u00e9 o ano que vem.<\/p>\n<p><a href=\"https:\/\/www.suno.com.br\/noticias\/azul-azul4-gol-goll4-e-latam-tem-rating-rebaixado-pela-fitch\/\">Saiba Mais: Azul (AZUL4), Gol (GOLL4) e Latam t\u00eam rating rebaixado pela Fitch<\/a><\/p>\n<p>\u201cRessaltamos ainda que a contrapartida dos acordos \u00e9 a garantia de emprego, ficando vedada qualquer demiss\u00e3o sem justa causa durante o per\u00edodo de vig\u00eancia\u201d, diz o Sindicato Nacional dos Aeronautas (SNA).<\/p>\n<p>A Gol destacou que estas medidas podem servir de exemplo para outras empresas do setor a\u00e9reo. Os programas abrangem:<\/p>\n<ul>\n<li>926 comandantes;<\/li>\n<li>964 copilotos;<\/li>\n<li>3.262 comiss\u00e1rios de bordo da a\u00e9rea.<\/li>\n<\/ul>\n<p>Os programas de demiss\u00e3o volunt\u00e1ria e de aposentadoria poder\u00e3o ser aderidos at\u00e9 o dia 15 de junho. Os programas compuls\u00f3rios ser\u00e3o aplicados a todos funcion\u00e1rios que n\u00e3o aderirem aos volunt\u00e1rios.<\/p>\n<p>Em nota, o vice-presidente de Opera\u00e7\u00f5es da <strong>Gol<\/strong>, Celso Ferrer, agradeceu pela colabora\u00e7\u00e3o na decis\u00e3o sobre as medidas. \u201cAgradecemos aos nossos Colaboradores que participaram dessa vota\u00e7\u00e3o e por estarem junto com a Companhia neste momento t\u00e3o delicado e tamb\u00e9m ao Sindicato Nacional dos Aeronautas, que se mostrou totalmente empenhado na busca das melhores solu\u00e7\u00f5es\u201d, afirmou Ferrer.<\/p>\n\n","protected":false},"excerpt":{"rendered":"<p>A GOL (GOLL4) informou nesta sexta-feira (5) os dados pr\u00e9vios de tr\u00e1fego referente ao m\u00eas de maio. A demanda total por voos, medida por passageiros-quil\u00f4metro transportados (RPK), apresentou queda de 93,7% em compara\u00e7\u00e3o com o mesmo per\u00edodo no ano passado. Gol ter\u00e1 mais voos em alta temporada no Brasil Por sua vez, a oferta de [&hellip;]<\/p>\n","protected":false},"author":15,"featured_media":30107,"comment_status":"closed","ping_status":"closed","sticky":false,"template":"","format":"standard","meta":[],"categories":[64],"tags":[1594,489],"suno_strategy":[],"class_list":["post-67770","post","type-post","status-publish","format-standard","has-post-thumbnail","hentry","category-negocios","tag-companhias-aereas","tag-gol-linhas-aereas-goll11-goll4"],"yoast_head":"<!-- This site is optimized with the Yoast SEO plugin v24.4 - https:\/\/yoast.com\/wordpress\/plugins\/seo\/ -->\n<title>Gol (GOLL4): Demanda por voos despenca 93,7% em maio<\/title>\n<meta name=\"description\" content=\"A GOL (GOLL4) informou nesta sexta-feira (5) os dados pr\u00e9vios de tr\u00e1fego referente ao m\u00eas de maio. Clique aqui e saiba mais\" \/>\n<meta name=\"robots\" content=\"index, follow, max-snippet:-1, max-image-preview:large, max-video-preview:-1\" \/>\n<link rel=\"canonical\" href=\"https:\/\/www.suno.com.br\/noticias\/gol-goll4-demanda-por-voos-despenca-937-em-maio\/\" \/>\n<meta property=\"og:locale\" content=\"pt_BR\" \/>\n<meta property=\"og:type\" content=\"article\" \/>\n<meta property=\"og:title\" content=\"Gol (GOLL4): Demanda por voos despenca 93,7% em maio\" \/>\n<meta property=\"og:description\" content=\"A GOL (GOLL4) informou nesta sexta-feira (5) os dados pr\u00e9vios de tr\u00e1fego referente ao m\u00eas de maio. Clique aqui e saiba mais\" \/>\n<meta property=\"og:url\" content=\"https:\/\/www.suno.com.br\/noticias\/gol-goll4-demanda-por-voos-despenca-937-em-maio\/\" \/>\n<meta property=\"og:site_name\" content=\"Suno Not\u00edcias\" \/>\n<meta property=\"article:publisher\" content=\"https:\/\/facebook.com\/sunoresearch\" \/>\n<meta property=\"og:image\" content=\"https:\/\/files.sunoresearch.com.br\/n\/uploads\/2019\/07\/09623875-gol.jpg\" \/>\n\t<meta property=\"og:image:width\" content=\"1380\" \/>\n\t<meta property=\"og:image:height\" content=\"920\" \/>\n\t<meta property=\"og:image:type\" content=\"image\/jpeg\" \/>\n<meta name=\"author\" content=\"Poliana Santos\" \/>\n<meta name=\"twitter:card\" content=\"summary_large_image\" \/>\n<meta name=\"twitter:creator\" content=\"@sunoresearch\" \/>\n<meta name=\"twitter:site\" content=\"@sunoresearch\" \/>\n<meta name=\"twitter:label1\" content=\"Escrito por\" \/>\n\t<meta name=\"twitter:data1\" content=\"Poliana Santos\" \/>\n\t<meta name=\"twitter:label2\" content=\"Est. tempo de leitura\" \/>\n\t<meta name=\"twitter:data2\" content=\"2 minutos\" \/>\n<script type=\"application\/ld+json\" class=\"yoast-schema-graph\">{\"@context\":\"https:\/\/schema.org\",\"@graph\":[{\"@type\":\"NewsArticle\",\"@id\":\"https:\/\/www.suno.com.br\/noticias\/gol-goll4-demanda-por-voos-despenca-937-em-maio\/#article\",\"isPartOf\":{\"@id\":\"https:\/\/www.suno.com.br\/noticias\/gol-goll4-demanda-por-voos-despenca-937-em-maio\/\"},\"author\":{\"name\":\"Poliana Santos\",\"@id\":\"https:\/\/www.suno.com.br\/noticias\/#\/schema\/person\/02ec1f752758247878a2bf4abee1aeda\"},\"headline\":\"Gol (GOLL4): Demanda por voos despenca 93,7% em maio\",\"datePublished\":\"2020-06-05T14:54:24+00:00\",\"dateModified\":\"2020-06-05T14:56:17+00:00\",\"mainEntityOfPage\":{\"@id\":\"https:\/\/www.suno.com.br\/noticias\/gol-goll4-demanda-por-voos-despenca-937-em-maio\/\"},\"wordCount\":447,\"publisher\":{\"@id\":\"https:\/\/www.suno.com.br\/noticias\/#organization\"},\"image\":{\"@id\":\"https:\/\/www.suno.com.br\/noticias\/gol-goll4-demanda-por-voos-despenca-937-em-maio\/#primaryimage\"},\"thumbnailUrl\":\"https:\/\/files.sunoresearch.com.br\/n\/uploads\/2019\/07\/09623875-gol-jpg.webp\",\"keywords\":[\"companhias a\u00e9reas\",\"Gol Linhas A\u00e9reas (GOLL11\/GOLL4)\"],\"articleSection\":[\"Neg\u00f3cios\"],\"inLanguage\":\"pt-BR\"},{\"@type\":\"WebPage\",\"@id\":\"https:\/\/www.suno.com.br\/noticias\/gol-goll4-demanda-por-voos-despenca-937-em-maio\/\",\"url\":\"https:\/\/www.suno.com.br\/noticias\/gol-goll4-demanda-por-voos-despenca-937-em-maio\/\",\"name\":\"Gol (GOLL4): Demanda por voos despenca 93,7% em maio\",\"isPartOf\":{\"@id\":\"https:\/\/www.suno.com.br\/noticias\/#website\"},\"primaryImageOfPage\":{\"@id\":\"https:\/\/www.suno.com.br\/noticias\/gol-goll4-demanda-por-voos-despenca-937-em-maio\/#primaryimage\"},\"image\":{\"@id\":\"https:\/\/www.suno.com.br\/noticias\/gol-goll4-demanda-por-voos-despenca-937-em-maio\/#primaryimage\"},\"thumbnailUrl\":\"https:\/\/files.sunoresearch.com.br\/n\/uploads\/2019\/07\/09623875-gol-jpg.webp\",\"datePublished\":\"2020-06-05T14:54:24+00:00\",\"dateModified\":\"2020-06-05T14:56:17+00:00\",\"description\":\"A GOL (GOLL4) informou nesta sexta-feira (5) os dados pr\u00e9vios de tr\u00e1fego referente ao m\u00eas de maio. Clique aqui e saiba mais\",\"breadcrumb\":{\"@id\":\"https:\/\/www.suno.com.br\/noticias\/gol-goll4-demanda-por-voos-despenca-937-em-maio\/#breadcrumb\"},\"inLanguage\":\"pt-BR\",\"potentialAction\":[{\"@type\":\"ReadAction\",\"target\":[\"https:\/\/www.suno.com.br\/noticias\/gol-goll4-demanda-por-voos-despenca-937-em-maio\/\"]}]},{\"@type\":\"ImageObject\",\"inLanguage\":\"pt-BR\",\"@id\":\"https:\/\/www.suno.com.br\/noticias\/gol-goll4-demanda-por-voos-despenca-937-em-maio\/#primaryimage\",\"url\":\"https:\/\/files.sunoresearch.com.br\/n\/uploads\/2019\/07\/09623875-gol-jpg.webp\",\"contentUrl\":\"https:\/\/files.sunoresearch.com.br\/n\/uploads\/2019\/07\/09623875-gol-jpg.webp\",\"width\":1380,\"height\":920,\"caption\":\"Gol ter\u00e1 mais voos em alta temporada no Brasil\"},{\"@type\":\"BreadcrumbList\",\"@id\":\"https:\/\/www.suno.com.br\/noticias\/gol-goll4-demanda-por-voos-despenca-937-em-maio\/#breadcrumb\",\"itemListElement\":[{\"@type\":\"ListItem\",\"position\":1,\"name\":\"Not\u00edcias\",\"item\":\"https:\/\/www.suno.com.br\/noticias\/\"},{\"@type\":\"ListItem\",\"position\":2,\"name\":\"Neg\u00f3cios\",\"item\":\"https:\/\/www.suno.com.br\/noticias\/negocios\/\"},{\"@type\":\"ListItem\",\"position\":3,\"name\":\"Gol (GOLL4): Demanda por voos despenca 93,7% em maio\"}]},{\"@type\":\"WebSite\",\"@id\":\"https:\/\/www.suno.com.br\/noticias\/#website\",\"url\":\"https:\/\/www.suno.com.br\/noticias\/\",\"name\":\"Suno Not\u00edcias\",\"description\":\"Seu portal de informa\u00e7\u00e3o sobre o mundo dos investimentos\",\"publisher\":{\"@id\":\"https:\/\/www.suno.com.br\/noticias\/#organization\"},\"potentialAction\":[{\"@type\":\"SearchAction\",\"target\":{\"@type\":\"EntryPoint\",\"urlTemplate\":\"https:\/\/www.suno.com.br\/noticias\/?s={search_term_string}\"},\"query-input\":{\"@type\":\"PropertyValueSpecification\",\"valueRequired\":true,\"valueName\":\"search_term_string\"}}],\"inLanguage\":\"pt-BR\"},{\"@type\":\"Organization\",\"@id\":\"https:\/\/www.suno.com.br\/noticias\/#organization\",\"name\":\"Suno Not\u00edcias\",\"url\":\"https:\/\/www.suno.com.br\/noticias\/\",\"logo\":{\"@type\":\"ImageObject\",\"inLanguage\":\"pt-BR\",\"@id\":\"https:\/\/www.suno.com.br\/noticias\/#\/schema\/logo\/image\/\",\"url\":\"https:\/\/files.sunoresearch.com.br\/n\/uploads\/2021\/09\/suno-logo.png\",\"contentUrl\":\"https:\/\/files.sunoresearch.com.br\/n\/uploads\/2021\/09\/suno-logo.png\",\"width\":180,\"height\":180,\"caption\":\"Suno Not\u00edcias\"},\"image\":{\"@id\":\"https:\/\/www.suno.com.br\/noticias\/#\/schema\/logo\/image\/\"},\"sameAs\":[\"https:\/\/facebook.com\/sunoresearch\",\"https:\/\/x.com\/sunoresearch\",\"https:\/\/www.instagram.com\/suno\",\"https:\/\/www.linkedin.com\/company\/suno-research\/\",\"https:\/\/www.youtube.com\/c\/sunoresearch\"]},{\"@type\":\"Person\",\"@id\":\"https:\/\/www.suno.com.br\/noticias\/#\/schema\/person\/02ec1f752758247878a2bf4abee1aeda\",\"name\":\"Poliana Santos\",\"image\":{\"@type\":\"ImageObject\",\"inLanguage\":\"pt-BR\",\"@id\":\"https:\/\/www.suno.com.br\/noticias\/#\/schema\/person\/image\/\",\"url\":\"https:\/\/secure.gravatar.com\/avatar\/0645bd32f23d87b2130f2b2dff1d3f8d?s=96&r=g\",\"contentUrl\":\"https:\/\/secure.gravatar.com\/avatar\/0645bd32f23d87b2130f2b2dff1d3f8d?s=96&r=g\",\"caption\":\"Poliana Santos\"},\"description\":\"Rep\u00f3rter no Suno Not\u00edcias, com cobertura em mercado financeiro, economia, finan\u00e7as pessoais, renda fixa e varejo. Jornalista formada pela Faculdade C\u00e1sper L\u00edbero e possui passagem na R\u00e1dio Gazeta AM com a produ\u00e7\u00e3o de conte\u00fado sobre economia, pol\u00edtica, sa\u00fade, moda e m\u00fasica. Possui certificado de conclus\u00e3o do curso de An\u00e1lise de Balan\u00e7os pela Funda\u00e7\u00e3o Bradesco, Agenda Brasil pela FAAP, Educa\u00e7\u00e3o Pol\u00edtica por Alexandre Garcia e do Tesouro Direto e Mercado de A\u00e7\u00f5es pela B3.\",\"url\":\"https:\/\/www.suno.com.br\/noticias\/author\/poliana-santos\/\"}]}<\/script>\n<!-- \/ Yoast SEO plugin. -->","yoast_head_json":{"title":"Gol (GOLL4): Demanda por voos despenca 93,7% em maio","description":"A GOL (GOLL4) informou nesta sexta-feira (5) os dados pr\u00e9vios de tr\u00e1fego referente ao m\u00eas de maio. Clique aqui e saiba mais","robots":{"index":"index","follow":"follow","max-snippet":"max-snippet:-1","max-image-preview":"max-image-preview:large","max-video-preview":"max-video-preview:-1"},"canonical":"https:\/\/www.suno.com.br\/noticias\/gol-goll4-demanda-por-voos-despenca-937-em-maio\/","og_locale":"pt_BR","og_type":"article","og_title":"Gol (GOLL4): Demanda por voos despenca 93,7% em maio","og_description":"A GOL (GOLL4) informou nesta sexta-feira (5) os dados pr\u00e9vios de tr\u00e1fego referente ao m\u00eas de maio. Clique aqui e saiba mais","og_url":"https:\/\/www.suno.com.br\/noticias\/gol-goll4-demanda-por-voos-despenca-937-em-maio\/","og_site_name":"Suno Not\u00edcias","article_publisher":"https:\/\/facebook.com\/sunoresearch","og_image":[{"width":1380,"height":920,"url":"https:\/\/files.sunoresearch.com.br\/n\/uploads\/2019\/07\/09623875-gol.jpg","type":"image\/jpeg"}],"author":"Poliana Santos","twitter_card":"summary_large_image","twitter_creator":"@sunoresearch","twitter_site":"@sunoresearch","twitter_misc":{"Escrito por":"Poliana Santos","Est. tempo de leitura":"2 minutos"},"schema":{"@context":"https:\/\/schema.org","@graph":[{"@type":"NewsArticle","@id":"https:\/\/www.suno.com.br\/noticias\/gol-goll4-demanda-por-voos-despenca-937-em-maio\/#article","isPartOf":{"@id":"https:\/\/www.suno.com.br\/noticias\/gol-goll4-demanda-por-voos-despenca-937-em-maio\/"},"author":{"name":"Poliana Santos","@id":"https:\/\/www.suno.com.br\/noticias\/#\/schema\/person\/02ec1f752758247878a2bf4abee1aeda"},"headline":"Gol (GOLL4): Demanda por voos despenca 93,7% em maio","datePublished":"2020-06-05T14:54:24+00:00","dateModified":"2020-06-05T14:56:17+00:00","mainEntityOfPage":{"@id":"https:\/\/www.suno.com.br\/noticias\/gol-goll4-demanda-por-voos-despenca-937-em-maio\/"},"wordCount":447,"publisher":{"@id":"https:\/\/www.suno.com.br\/noticias\/#organization"},"image":{"@id":"https:\/\/www.suno.com.br\/noticias\/gol-goll4-demanda-por-voos-despenca-937-em-maio\/#primaryimage"},"thumbnailUrl":"https:\/\/files.sunoresearch.com.br\/n\/uploads\/2019\/07\/09623875-gol-jpg.webp","keywords":["companhias a\u00e9reas","Gol Linhas A\u00e9reas (GOLL11\/GOLL4)"],"articleSection":["Neg\u00f3cios"],"inLanguage":"pt-BR"},{"@type":"WebPage","@id":"https:\/\/www.suno.com.br\/noticias\/gol-goll4-demanda-por-voos-despenca-937-em-maio\/","url":"https:\/\/www.suno.com.br\/noticias\/gol-goll4-demanda-por-voos-despenca-937-em-maio\/","name":"Gol (GOLL4): Demanda por voos despenca 93,7% em maio","isPartOf":{"@id":"https:\/\/www.suno.com.br\/noticias\/#website"},"primaryImageOfPage":{"@id":"https:\/\/www.suno.com.br\/noticias\/gol-goll4-demanda-por-voos-despenca-937-em-maio\/#primaryimage"},"image":{"@id":"https:\/\/www.suno.com.br\/noticias\/gol-goll4-demanda-por-voos-despenca-937-em-maio\/#primaryimage"},"thumbnailUrl":"https:\/\/files.sunoresearch.com.br\/n\/uploads\/2019\/07\/09623875-gol-jpg.webp","datePublished":"2020-06-05T14:54:24+00:00","dateModified":"2020-06-05T14:56:17+00:00","description":"A GOL (GOLL4) informou nesta sexta-feira (5) os dados pr\u00e9vios de tr\u00e1fego referente ao m\u00eas de maio. Clique aqui e saiba mais","breadcrumb":{"@id":"https:\/\/www.suno.com.br\/noticias\/gol-goll4-demanda-por-voos-despenca-937-em-maio\/#breadcrumb"},"inLanguage":"pt-BR","potentialAction":[{"@type":"ReadAction","target":["https:\/\/www.suno.com.br\/noticias\/gol-goll4-demanda-por-voos-despenca-937-em-maio\/"]}]},{"@type":"ImageObject","inLanguage":"pt-BR","@id":"https:\/\/www.suno.com.br\/noticias\/gol-goll4-demanda-por-voos-despenca-937-em-maio\/#primaryimage","url":"https:\/\/files.sunoresearch.com.br\/n\/uploads\/2019\/07\/09623875-gol-jpg.webp","contentUrl":"https:\/\/files.sunoresearch.com.br\/n\/uploads\/2019\/07\/09623875-gol-jpg.webp","width":1380,"height":920,"caption":"Gol ter\u00e1 mais voos em alta temporada no Brasil"},{"@type":"BreadcrumbList","@id":"https:\/\/www.suno.com.br\/noticias\/gol-goll4-demanda-por-voos-despenca-937-em-maio\/#breadcrumb","itemListElement":[{"@type":"ListItem","position":1,"name":"Not\u00edcias","item":"https:\/\/www.suno.com.br\/noticias\/"},{"@type":"ListItem","position":2,"name":"Neg\u00f3cios","item":"https:\/\/www.suno.com.br\/noticias\/negocios\/"},{"@type":"ListItem","position":3,"name":"Gol (GOLL4): Demanda por voos despenca 93,7% em maio"}]},{"@type":"WebSite","@id":"https:\/\/www.suno.com.br\/noticias\/#website","url":"https:\/\/www.suno.com.br\/noticias\/","name":"Suno Not\u00edcias","description":"Seu portal de informa\u00e7\u00e3o sobre o mundo dos investimentos","publisher":{"@id":"https:\/\/www.suno.com.br\/noticias\/#organization"},"potentialAction":[{"@type":"SearchAction","target":{"@type":"EntryPoint","urlTemplate":"https:\/\/www.suno.com.br\/noticias\/?s={search_term_string}"},"query-input":{"@type":"PropertyValueSpecification","valueRequired":true,"valueName":"search_term_string"}}],"inLanguage":"pt-BR"},{"@type":"Organization","@id":"https:\/\/www.suno.com.br\/noticias\/#organization","name":"Suno Not\u00edcias","url":"https:\/\/www.suno.com.br\/noticias\/","logo":{"@type":"ImageObject","inLanguage":"pt-BR","@id":"https:\/\/www.suno.com.br\/noticias\/#\/schema\/logo\/image\/","url":"https:\/\/files.sunoresearch.com.br\/n\/uploads\/2021\/09\/suno-logo.png","contentUrl":"https:\/\/files.sunoresearch.com.br\/n\/uploads\/2021\/09\/suno-logo.png","width":180,"height":180,"caption":"Suno Not\u00edcias"},"image":{"@id":"https:\/\/www.suno.com.br\/noticias\/#\/schema\/logo\/image\/"},"sameAs":["https:\/\/facebook.com\/sunoresearch","https:\/\/x.com\/sunoresearch","https:\/\/www.instagram.com\/suno","https:\/\/www.linkedin.com\/company\/suno-research\/","https:\/\/www.youtube.com\/c\/sunoresearch"]},{"@type":"Person","@id":"https:\/\/www.suno.com.br\/noticias\/#\/schema\/person\/02ec1f752758247878a2bf4abee1aeda","name":"Poliana Santos","image":{"@type":"ImageObject","inLanguage":"pt-BR","@id":"https:\/\/www.suno.com.br\/noticias\/#\/schema\/person\/image\/","url":"https:\/\/secure.gravatar.com\/avatar\/0645bd32f23d87b2130f2b2dff1d3f8d?s=96&r=g","contentUrl":"https:\/\/secure.gravatar.com\/avatar\/0645bd32f23d87b2130f2b2dff1d3f8d?s=96&r=g","caption":"Poliana Santos"},"description":"Rep\u00f3rter no Suno Not\u00edcias, com cobertura em mercado financeiro, economia, finan\u00e7as pessoais, renda fixa e varejo. Jornalista formada pela Faculdade C\u00e1sper L\u00edbero e possui passagem na R\u00e1dio Gazeta AM com a produ\u00e7\u00e3o de conte\u00fado sobre economia, pol\u00edtica, sa\u00fade, moda e m\u00fasica. Possui certificado de conclus\u00e3o do curso de An\u00e1lise de Balan\u00e7os pela Funda\u00e7\u00e3o Bradesco, Agenda Brasil pela FAAP, Educa\u00e7\u00e3o Pol\u00edtica por Alexandre Garcia e do Tesouro Direto e Mercado de A\u00e7\u00f5es pela B3.","url":"https:\/\/www.suno.com.br\/noticias\/author\/poliana-santos\/"}]}},"default_loop_html":"<div class=\"cardsPage__listCard__boxs\"><div class=\"cardsPage__listCard__boxs__img\"><a href=\"https:\/\/www.suno.com.br\/noticias\/gol-goll4-demanda-por-voos-despenca-937-em-maio\/\"><img class=\"mask\" src=\"https:\/\/www.suno.com.br\/noticias\/wp-content\/themes\/suno\/resources\/images\/spotlight\/spotlight1img\/bg-mask.png\" alt=\"Image Mask\"\/><img src=\"https:\/\/files.sunoresearch.com.br\/n\/uploads\/2019\/07\/09623875-gol-400x200.webp\" alt=\"Gol (GOLL4): Demanda por voos despenca 93,7% em maio\"\/><\/a><span class=\"spotlightCategory\"><a href=\"https:\/\/www.suno.com.br\/noticias\/negocios\/\">Neg\u00f3cios<\/a><\/span><\/div><div class=\"cardsPage__listCard__boxs__content\"><a href=\"https:\/\/www.suno.com.br\/noticias\/gol-goll4-demanda-por-voos-despenca-937-em-maio\/\"><h2 class=\"content__title\">Gol (GOLL4): Demanda por voos despenca 93,7% em maio<\/h2><\/a><div class=\"newsContent__article__meta\"><div class=\"newsContent__article__meta__authorBox\"><a href=\"https:\/\/www.suno.com.br\/noticias\/author\/poliana-santos\/\" class=\"authorBox__avatar noMobi\"><img src=\"https:\/\/files.sunoresearch.com.br\/n\/uploads\/2020\/08\/7ef34026-whatsapp-image-2020-08-03-at-12.37.57-150x150.webp\" alt=\"Poliana Santos\"><\/a><div class=\"authorBox__name\"><span>por\n\t\t\t<a href=\"https:\/\/www.suno.com.br\/noticias\/author\/poliana-santos\/\"><span itemprop=\"author\">Poliana Santos<\/span><\/a><\/span><time datetime=\"2020-06-05T11:54:24-03:00\" itemprop=\"datePublished\">05\/06\/2020 11:54<\/time><\/div><\/div><\/div><\/div><\/div>","single_layout":"posts","amp_enabled":true,"_links":{"self":[{"href":"https:\/\/www.suno.com.br\/noticias\/wp-json\/wp\/v2\/posts\/67770"}],"collection":[{"href":"https:\/\/www.suno.com.br\/noticias\/wp-json\/wp\/v2\/posts"}],"about":[{"href":"https:\/\/www.suno.com.br\/noticias\/wp-json\/wp\/v2\/types\/post"}],"author":[{"embeddable":true,"href":"https:\/\/www.suno.com.br\/noticias\/wp-json\/wp\/v2\/users\/15"}],"replies":[{"embeddable":true,"href":"https:\/\/www.suno.com.br\/noticias\/wp-json\/wp\/v2\/comments?post=67770"}],"version-history":[{"count":0,"href":"https:\/\/www.suno.com.br\/noticias\/wp-json\/wp\/v2\/posts\/67770\/revisions"}],"wp:featuredmedia":[{"embeddable":true,"href":"https:\/\/www.suno.com.br\/noticias\/wp-json\/wp\/v2\/media\/30107"}],"wp:attachment":[{"href":"https:\/\/www.suno.com.br\/noticias\/wp-json\/wp\/v2\/media?parent=67770"}],"wp:term":[{"taxonomy":"category","embeddable":true,"href":"https:\/\/www.suno.com.br\/noticias\/wp-json\/wp\/v2\/categories?post=67770"},{"taxonomy":"post_tag","embeddable":true,"href":"https:\/\/www.suno.com.br\/noticias\/wp-json\/wp\/v2\/tags?post=67770"},{"taxonomy":"suno_strategy","embeddable":true,"href":"https:\/\/www.suno.com.br\/noticias\/wp-json\/wp\/v2\/suno_strategy?post=67770"}],"curies":[{"name":"wp","href":"https:\/\/api.w.org\/{rel}","templated":true}]}}