{"id":67710,"date":"2020-06-05T07:04:32","date_gmt":"2020-06-05T10:04:32","guid":{"rendered":"https:\/\/www.suno.com.br\/noticias\/?p=67710"},"modified":"2020-06-05T09:21:18","modified_gmt":"2020-06-05T12:21:18","slug":"coronavoucher-bolsonaro-novas-parcelas-auxilio","status":"publish","type":"post","link":"https:\/\/www.suno.com.br\/noticias\/coronavoucher-bolsonaro-novas-parcelas-auxilio\/","title":{"rendered":"Coronavoucher: Bolsonaro diz que definiu novas parcelas do aux\u00edlio"},"content":{"rendered":"<p>O presidente da Rep\u00fablica, Jair Bolsonaro, disse, na noite da \u00faltima quinta-feira (4), que o pagamento das pr\u00f3ximas parcelas do aux\u00edlio emergencial (<strong>coronavoucher<\/strong>) est\u00e1 acertado. O mandat\u00e1rio destacou, entretanto, que o valor pago ser\u00e1 menor do que os R$ 600 dos pagamentos anteriores.<\/p>\t<div class=\"wrapper-featured-image\">\n\t\t<figure class=\"spotlightImg\">\n\n\t\t\t<picture>\n\t\t\t\t<source media=\"(max-width: 768px)\" srcset=\"https:\/\/files.sunoresearch.com.br\/n\/uploads\/2020\/03\/7ffcbd75-coletiva_planalto_20200320_0263-400x200.webp\">\n\t\t\t\t<img loading=\"lazy\" decoding=\"async\" class=\"newsContent__article__imgCapa lazyloadDisabled newsContent__article__imgCapa--noCaption\" src=\"https:\/\/files.sunoresearch.com.br\/n\/uploads\/2020\/03\/7ffcbd75-coletiva_planalto_20200320_0263-800x450.webp\" width=\"800\" height=\"450\" alt=\"Coronavoucher: Bolsonaro diz que definiu novas parcelas do aux\u00edlio\" fetchpriority=high \/>\n\t\t\t<\/picture>\n\n\t\t\t<figcaption class=\"wp-caption-text wp-caption-text--hide\">oms<\/figcaption>\n\t\t<\/figure>\n\t<\/div>\n\n\n\n<p>&#8220;J\u00e1 anunciei que vai ter, j\u00e1 acertei com Paulo Guedes, a quarta e a quinta parcelas do auxilio emergencial, vai ser menor do que os 600 reais para ir exatamente partindo para o fim&#8221;, afirmou Bolsonaro durante uma transmiss\u00e3o em uma de suas redes sociais.<\/p>\n<p><a href=\"https:\/\/lp.suno.com.br\/suno-one\/\">Suno One: acesse gratuitamente eBooks, Minicursos, Artigos e Video Aulas sobre investimentos com um \u00fanico cadastro. Clique para saber mais!<\/a><\/p>\n<p>Bolsonaro destacou que os gastos do governo com cada parcela chegam a cerca de R$ 40 bilh\u00f5es. Este valor equivale a 13 parcelas do Bolsa Fam\u00edlia, que \u00e9 outro programa de aux\u00edlio do governo, para fam\u00edlias de baixa renda.<\/p>\n<p>O presidente, entretanto, afirmou que o coronavoucher vai acabar em breve e defendeu a volta do com\u00e9rcio no Pa\u00eds. Segundo ele, a perda de empregos no Brasil n\u00e3o foi ainda maior nos \u00faltimos meses por conta da equipe econ\u00f4mica de liderada por Paulo Guedes, que tomou medidas para mitigar efeitos que poderiam ser ainda maiores na economia.<\/p>\n<p>Vale ressaltar que o presidente da C\u00e2mara dos Deputados, Rodrigo Maia, cobrou ontem do governo um posicionamento sobre novas parcelas do coronavoucher.<\/p>\n<h2>Prorroga\u00e7\u00e3o do aux\u00edlio emergencial (coronavoucher)<\/h2>\n<p>De acordo com informa\u00e7\u00f5es publicadas pelo &#8220;G1&#8221; na \u00faltima quinta-feira (4), o governo ir\u00e1 propor ao Congresso a prorroga\u00e7\u00e3o do<a href=\"https:\/\/www.suno.com.br\/noticias\/coronavoucher-entenda-como-funciona-auxilio-emergencial\/\"> aux\u00edlio emergencial<\/a> para quem possui o direito ao benef\u00edcio. O valor adicional dever\u00e1 ser de R$ 600, pago em duas parcelas (R$ 300 cada).<\/p>\n<p>O coronavoucher come\u00e7ou a ser discutido em mar\u00e7o deste ano, quando a pandemia de coronav\u00edrus chegou ao Brasil, mas foi criado somente em abril. A ideia inicial era de que o aux\u00edlio fosse pago em tr\u00eas parcelas de R$ 600, de abril a junho. Vale destacar que possui direito ao benef\u00edcio os trabalhadores informais que perderam a renda durante este per\u00edodo de pandemia e algumas outras categorias.<\/p>\n<p>A equipe de <a href=\"https:\/\/www.suno.com.br\/tudo-sobre\/paulo-guedes\/\">Paulo Guedes<\/a>, ministro da Economia, estava discutindo a prorroga\u00e7\u00e3o do <strong>coronavoucher<\/strong> em mais tr\u00eas parcelas de R$ 200. Entretanto, segundo fontes ouvidas pelo jornal, o Bolsonaro teria achado o valor baixo. Dessa forma surgiu a ideia de diminuir as parcelas, por\u00e9m com o mesmo valor no total.<\/p>\n\n","protected":false},"excerpt":{"rendered":"<p>O presidente da Rep\u00fablica, Jair Bolsonaro, disse, na noite da \u00faltima quinta-feira (4), que o pagamento das pr\u00f3ximas parcelas do aux\u00edlio emergencial (coronavoucher) est\u00e1 acertado. O mandat\u00e1rio destacou, entretanto, que o valor pago ser\u00e1 menor do que os R$ 600 dos pagamentos anteriores. oms &#8220;J\u00e1 anunciei que vai ter, j\u00e1 acertei com Paulo Guedes, a [&hellip;]<\/p>\n","protected":false},"author":19,"featured_media":59156,"comment_status":"closed","ping_status":"closed","sticky":false,"template":"","format":"standard","meta":[],"categories":[62],"tags":[2487,12737],"suno_strategy":[],"class_list":["post-67710","post","type-post","status-publish","format-standard","has-post-thumbnail","hentry","category-economia","tag-coronavirus","tag-coronavoucher"],"yoast_head":"<!-- This site is optimized with the Yoast SEO plugin v24.4 - https:\/\/yoast.com\/wordpress\/plugins\/seo\/ -->\n<title>Coronavoucher: Bolsonaro diz que definiu novas parcelas do aux\u00edlio<\/title>\n<meta name=\"description\" content=\"O presidente da Rep\u00fablica, Jair Bolsonaro, disse que o pagamento das pr\u00f3ximas parcelas do aux\u00edlio (coronavoucher) de R$ 600 foi acertado.\" \/>\n<meta name=\"robots\" content=\"index, follow, max-snippet:-1, max-image-preview:large, max-video-preview:-1\" \/>\n<link rel=\"canonical\" href=\"https:\/\/www.suno.com.br\/noticias\/coronavoucher-bolsonaro-novas-parcelas-auxilio\/\" \/>\n<meta property=\"og:locale\" content=\"pt_BR\" \/>\n<meta property=\"og:type\" content=\"article\" \/>\n<meta property=\"og:title\" content=\"Coronavoucher: Bolsonaro diz que definiu novas parcelas do aux\u00edlio\" \/>\n<meta property=\"og:description\" content=\"O presidente da Rep\u00fablica, Jair Bolsonaro, disse que o pagamento das pr\u00f3ximas parcelas do aux\u00edlio (coronavoucher) de R$ 600 foi acertado.\" \/>\n<meta property=\"og:url\" content=\"https:\/\/www.suno.com.br\/noticias\/coronavoucher-bolsonaro-novas-parcelas-auxilio\/\" \/>\n<meta property=\"og:site_name\" content=\"Suno Not\u00edcias\" \/>\n<meta property=\"article:publisher\" content=\"https:\/\/facebook.com\/sunoresearch\" \/>\n<meta property=\"og:image\" content=\"https:\/\/files.sunoresearch.com.br\/n\/uploads\/2020\/03\/7ffcbd75-coletiva_planalto_20200320_0263.jpg\" \/>\n\t<meta property=\"og:image:width\" content=\"1024\" \/>\n\t<meta property=\"og:image:height\" content=\"768\" \/>\n\t<meta property=\"og:image:type\" content=\"image\/jpeg\" \/>\n<meta name=\"author\" content=\"Juliano Passaro\" \/>\n<meta name=\"twitter:card\" content=\"summary_large_image\" \/>\n<meta name=\"twitter:creator\" content=\"@sunoresearch\" \/>\n<meta name=\"twitter:site\" content=\"@sunoresearch\" \/>\n<meta name=\"twitter:label1\" content=\"Escrito por\" \/>\n\t<meta name=\"twitter:data1\" content=\"Juliano Passaro\" \/>\n\t<meta name=\"twitter:label2\" content=\"Est. tempo de leitura\" \/>\n\t<meta name=\"twitter:data2\" content=\"2 minutos\" \/>\n<script type=\"application\/ld+json\" class=\"yoast-schema-graph\">{\"@context\":\"https:\/\/schema.org\",\"@graph\":[{\"@type\":\"NewsArticle\",\"@id\":\"https:\/\/www.suno.com.br\/noticias\/coronavoucher-bolsonaro-novas-parcelas-auxilio\/#article\",\"isPartOf\":{\"@id\":\"https:\/\/www.suno.com.br\/noticias\/coronavoucher-bolsonaro-novas-parcelas-auxilio\/\"},\"author\":{\"name\":\"Juliano Passaro\",\"@id\":\"https:\/\/www.suno.com.br\/noticias\/#\/schema\/person\/1db762f78ffd8919a648a63e425953e3\"},\"headline\":\"Coronavoucher: Bolsonaro diz que definiu novas parcelas do aux\u00edlio\",\"datePublished\":\"2020-06-05T10:04:32+00:00\",\"dateModified\":\"2020-06-05T12:21:18+00:00\",\"mainEntityOfPage\":{\"@id\":\"https:\/\/www.suno.com.br\/noticias\/coronavoucher-bolsonaro-novas-parcelas-auxilio\/\"},\"wordCount\":429,\"publisher\":{\"@id\":\"https:\/\/www.suno.com.br\/noticias\/#organization\"},\"image\":{\"@id\":\"https:\/\/www.suno.com.br\/noticias\/coronavoucher-bolsonaro-novas-parcelas-auxilio\/#primaryimage\"},\"thumbnailUrl\":\"https:\/\/files.sunoresearch.com.br\/n\/uploads\/2020\/03\/7ffcbd75-coletiva_planalto_20200320_0263-jpg.webp\",\"keywords\":[\"coronav\u00edrus\",\"coronavoucher\"],\"articleSection\":[\"Economia\"],\"inLanguage\":\"pt-BR\"},{\"@type\":\"WebPage\",\"@id\":\"https:\/\/www.suno.com.br\/noticias\/coronavoucher-bolsonaro-novas-parcelas-auxilio\/\",\"url\":\"https:\/\/www.suno.com.br\/noticias\/coronavoucher-bolsonaro-novas-parcelas-auxilio\/\",\"name\":\"Coronavoucher: Bolsonaro diz que definiu novas parcelas do aux\u00edlio\",\"isPartOf\":{\"@id\":\"https:\/\/www.suno.com.br\/noticias\/#website\"},\"primaryImageOfPage\":{\"@id\":\"https:\/\/www.suno.com.br\/noticias\/coronavoucher-bolsonaro-novas-parcelas-auxilio\/#primaryimage\"},\"image\":{\"@id\":\"https:\/\/www.suno.com.br\/noticias\/coronavoucher-bolsonaro-novas-parcelas-auxilio\/#primaryimage\"},\"thumbnailUrl\":\"https:\/\/files.sunoresearch.com.br\/n\/uploads\/2020\/03\/7ffcbd75-coletiva_planalto_20200320_0263-jpg.webp\",\"datePublished\":\"2020-06-05T10:04:32+00:00\",\"dateModified\":\"2020-06-05T12:21:18+00:00\",\"description\":\"O presidente da Rep\u00fablica, Jair Bolsonaro, disse que o pagamento das pr\u00f3ximas parcelas do aux\u00edlio (coronavoucher) de R$ 600 foi acertado.\",\"breadcrumb\":{\"@id\":\"https:\/\/www.suno.com.br\/noticias\/coronavoucher-bolsonaro-novas-parcelas-auxilio\/#breadcrumb\"},\"inLanguage\":\"pt-BR\",\"potentialAction\":[{\"@type\":\"ReadAction\",\"target\":[\"https:\/\/www.suno.com.br\/noticias\/coronavoucher-bolsonaro-novas-parcelas-auxilio\/\"]}]},{\"@type\":\"ImageObject\",\"inLanguage\":\"pt-BR\",\"@id\":\"https:\/\/www.suno.com.br\/noticias\/coronavoucher-bolsonaro-novas-parcelas-auxilio\/#primaryimage\",\"url\":\"https:\/\/files.sunoresearch.com.br\/n\/uploads\/2020\/03\/7ffcbd75-coletiva_planalto_20200320_0263-jpg.webp\",\"contentUrl\":\"https:\/\/files.sunoresearch.com.br\/n\/uploads\/2020\/03\/7ffcbd75-coletiva_planalto_20200320_0263-jpg.webp\",\"width\":1024,\"height\":768,\"caption\":\"oms\"},{\"@type\":\"BreadcrumbList\",\"@id\":\"https:\/\/www.suno.com.br\/noticias\/coronavoucher-bolsonaro-novas-parcelas-auxilio\/#breadcrumb\",\"itemListElement\":[{\"@type\":\"ListItem\",\"position\":1,\"name\":\"Not\u00edcias\",\"item\":\"https:\/\/www.suno.com.br\/noticias\/\"},{\"@type\":\"ListItem\",\"position\":2,\"name\":\"Economia\",\"item\":\"https:\/\/www.suno.com.br\/noticias\/economia\/\"},{\"@type\":\"ListItem\",\"position\":3,\"name\":\"Coronavoucher: Bolsonaro diz que definiu novas parcelas do aux\u00edlio\"}]},{\"@type\":\"WebSite\",\"@id\":\"https:\/\/www.suno.com.br\/noticias\/#website\",\"url\":\"https:\/\/www.suno.com.br\/noticias\/\",\"name\":\"Suno Not\u00edcias\",\"description\":\"Seu portal de informa\u00e7\u00e3o sobre o mundo dos investimentos\",\"publisher\":{\"@id\":\"https:\/\/www.suno.com.br\/noticias\/#organization\"},\"potentialAction\":[{\"@type\":\"SearchAction\",\"target\":{\"@type\":\"EntryPoint\",\"urlTemplate\":\"https:\/\/www.suno.com.br\/noticias\/?s={search_term_string}\"},\"query-input\":{\"@type\":\"PropertyValueSpecification\",\"valueRequired\":true,\"valueName\":\"search_term_string\"}}],\"inLanguage\":\"pt-BR\"},{\"@type\":\"Organization\",\"@id\":\"https:\/\/www.suno.com.br\/noticias\/#organization\",\"name\":\"Suno Not\u00edcias\",\"url\":\"https:\/\/www.suno.com.br\/noticias\/\",\"logo\":{\"@type\":\"ImageObject\",\"inLanguage\":\"pt-BR\",\"@id\":\"https:\/\/www.suno.com.br\/noticias\/#\/schema\/logo\/image\/\",\"url\":\"https:\/\/files.sunoresearch.com.br\/n\/uploads\/2021\/09\/suno-logo.png\",\"contentUrl\":\"https:\/\/files.sunoresearch.com.br\/n\/uploads\/2021\/09\/suno-logo.png\",\"width\":180,\"height\":180,\"caption\":\"Suno Not\u00edcias\"},\"image\":{\"@id\":\"https:\/\/www.suno.com.br\/noticias\/#\/schema\/logo\/image\/\"},\"sameAs\":[\"https:\/\/facebook.com\/sunoresearch\",\"https:\/\/x.com\/sunoresearch\",\"https:\/\/www.instagram.com\/suno\",\"https:\/\/www.linkedin.com\/company\/suno-research\/\",\"https:\/\/www.youtube.com\/c\/sunoresearch\"]},{\"@type\":\"Person\",\"@id\":\"https:\/\/www.suno.com.br\/noticias\/#\/schema\/person\/1db762f78ffd8919a648a63e425953e3\",\"name\":\"Juliano Passaro\",\"image\":{\"@type\":\"ImageObject\",\"inLanguage\":\"pt-BR\",\"@id\":\"https:\/\/www.suno.com.br\/noticias\/#\/schema\/person\/image\/\",\"url\":\"https:\/\/secure.gravatar.com\/avatar\/743d4df28eebf6dcc46b4ad03c319e92?s=96&r=g\",\"contentUrl\":\"https:\/\/secure.gravatar.com\/avatar\/743d4df28eebf6dcc46b4ad03c319e92?s=96&r=g\",\"caption\":\"Juliano Passaro\"},\"description\":\"Juliano Passaro escreve sobre pol\u00edtica, economia e neg\u00f3cios para o portal da Suno Research. Antes da Suno, trabalhou no Portal da Band. \u00c9 formado em jornalismo pela Universidade Presbiteriana Mackenzie.\",\"url\":\"https:\/\/www.suno.com.br\/noticias\/author\/juliano\/\"}]}<\/script>\n<!-- \/ Yoast SEO plugin. -->","yoast_head_json":{"title":"Coronavoucher: Bolsonaro diz que definiu novas parcelas do aux\u00edlio","description":"O presidente da Rep\u00fablica, Jair Bolsonaro, disse que o pagamento das pr\u00f3ximas parcelas do aux\u00edlio (coronavoucher) de R$ 600 foi acertado.","robots":{"index":"index","follow":"follow","max-snippet":"max-snippet:-1","max-image-preview":"max-image-preview:large","max-video-preview":"max-video-preview:-1"},"canonical":"https:\/\/www.suno.com.br\/noticias\/coronavoucher-bolsonaro-novas-parcelas-auxilio\/","og_locale":"pt_BR","og_type":"article","og_title":"Coronavoucher: Bolsonaro diz que definiu novas parcelas do aux\u00edlio","og_description":"O presidente da Rep\u00fablica, Jair Bolsonaro, disse que o pagamento das pr\u00f3ximas parcelas do aux\u00edlio (coronavoucher) de R$ 600 foi acertado.","og_url":"https:\/\/www.suno.com.br\/noticias\/coronavoucher-bolsonaro-novas-parcelas-auxilio\/","og_site_name":"Suno Not\u00edcias","article_publisher":"https:\/\/facebook.com\/sunoresearch","og_image":[{"width":1024,"height":768,"url":"https:\/\/files.sunoresearch.com.br\/n\/uploads\/2020\/03\/7ffcbd75-coletiva_planalto_20200320_0263.jpg","type":"image\/jpeg"}],"author":"Juliano Passaro","twitter_card":"summary_large_image","twitter_creator":"@sunoresearch","twitter_site":"@sunoresearch","twitter_misc":{"Escrito por":"Juliano Passaro","Est. tempo de leitura":"2 minutos"},"schema":{"@context":"https:\/\/schema.org","@graph":[{"@type":"NewsArticle","@id":"https:\/\/www.suno.com.br\/noticias\/coronavoucher-bolsonaro-novas-parcelas-auxilio\/#article","isPartOf":{"@id":"https:\/\/www.suno.com.br\/noticias\/coronavoucher-bolsonaro-novas-parcelas-auxilio\/"},"author":{"name":"Juliano Passaro","@id":"https:\/\/www.suno.com.br\/noticias\/#\/schema\/person\/1db762f78ffd8919a648a63e425953e3"},"headline":"Coronavoucher: Bolsonaro diz que definiu novas parcelas do aux\u00edlio","datePublished":"2020-06-05T10:04:32+00:00","dateModified":"2020-06-05T12:21:18+00:00","mainEntityOfPage":{"@id":"https:\/\/www.suno.com.br\/noticias\/coronavoucher-bolsonaro-novas-parcelas-auxilio\/"},"wordCount":429,"publisher":{"@id":"https:\/\/www.suno.com.br\/noticias\/#organization"},"image":{"@id":"https:\/\/www.suno.com.br\/noticias\/coronavoucher-bolsonaro-novas-parcelas-auxilio\/#primaryimage"},"thumbnailUrl":"https:\/\/files.sunoresearch.com.br\/n\/uploads\/2020\/03\/7ffcbd75-coletiva_planalto_20200320_0263-jpg.webp","keywords":["coronav\u00edrus","coronavoucher"],"articleSection":["Economia"],"inLanguage":"pt-BR"},{"@type":"WebPage","@id":"https:\/\/www.suno.com.br\/noticias\/coronavoucher-bolsonaro-novas-parcelas-auxilio\/","url":"https:\/\/www.suno.com.br\/noticias\/coronavoucher-bolsonaro-novas-parcelas-auxilio\/","name":"Coronavoucher: Bolsonaro diz que definiu novas parcelas do aux\u00edlio","isPartOf":{"@id":"https:\/\/www.suno.com.br\/noticias\/#website"},"primaryImageOfPage":{"@id":"https:\/\/www.suno.com.br\/noticias\/coronavoucher-bolsonaro-novas-parcelas-auxilio\/#primaryimage"},"image":{"@id":"https:\/\/www.suno.com.br\/noticias\/coronavoucher-bolsonaro-novas-parcelas-auxilio\/#primaryimage"},"thumbnailUrl":"https:\/\/files.sunoresearch.com.br\/n\/uploads\/2020\/03\/7ffcbd75-coletiva_planalto_20200320_0263-jpg.webp","datePublished":"2020-06-05T10:04:32+00:00","dateModified":"2020-06-05T12:21:18+00:00","description":"O presidente da Rep\u00fablica, Jair Bolsonaro, disse que o pagamento das pr\u00f3ximas parcelas do aux\u00edlio (coronavoucher) de R$ 600 foi acertado.","breadcrumb":{"@id":"https:\/\/www.suno.com.br\/noticias\/coronavoucher-bolsonaro-novas-parcelas-auxilio\/#breadcrumb"},"inLanguage":"pt-BR","potentialAction":[{"@type":"ReadAction","target":["https:\/\/www.suno.com.br\/noticias\/coronavoucher-bolsonaro-novas-parcelas-auxilio\/"]}]},{"@type":"ImageObject","inLanguage":"pt-BR","@id":"https:\/\/www.suno.com.br\/noticias\/coronavoucher-bolsonaro-novas-parcelas-auxilio\/#primaryimage","url":"https:\/\/files.sunoresearch.com.br\/n\/uploads\/2020\/03\/7ffcbd75-coletiva_planalto_20200320_0263-jpg.webp","contentUrl":"https:\/\/files.sunoresearch.com.br\/n\/uploads\/2020\/03\/7ffcbd75-coletiva_planalto_20200320_0263-jpg.webp","width":1024,"height":768,"caption":"oms"},{"@type":"BreadcrumbList","@id":"https:\/\/www.suno.com.br\/noticias\/coronavoucher-bolsonaro-novas-parcelas-auxilio\/#breadcrumb","itemListElement":[{"@type":"ListItem","position":1,"name":"Not\u00edcias","item":"https:\/\/www.suno.com.br\/noticias\/"},{"@type":"ListItem","position":2,"name":"Economia","item":"https:\/\/www.suno.com.br\/noticias\/economia\/"},{"@type":"ListItem","position":3,"name":"Coronavoucher: Bolsonaro diz que definiu novas parcelas do aux\u00edlio"}]},{"@type":"WebSite","@id":"https:\/\/www.suno.com.br\/noticias\/#website","url":"https:\/\/www.suno.com.br\/noticias\/","name":"Suno Not\u00edcias","description":"Seu portal de informa\u00e7\u00e3o sobre o mundo dos investimentos","publisher":{"@id":"https:\/\/www.suno.com.br\/noticias\/#organization"},"potentialAction":[{"@type":"SearchAction","target":{"@type":"EntryPoint","urlTemplate":"https:\/\/www.suno.com.br\/noticias\/?s={search_term_string}"},"query-input":{"@type":"PropertyValueSpecification","valueRequired":true,"valueName":"search_term_string"}}],"inLanguage":"pt-BR"},{"@type":"Organization","@id":"https:\/\/www.suno.com.br\/noticias\/#organization","name":"Suno Not\u00edcias","url":"https:\/\/www.suno.com.br\/noticias\/","logo":{"@type":"ImageObject","inLanguage":"pt-BR","@id":"https:\/\/www.suno.com.br\/noticias\/#\/schema\/logo\/image\/","url":"https:\/\/files.sunoresearch.com.br\/n\/uploads\/2021\/09\/suno-logo.png","contentUrl":"https:\/\/files.sunoresearch.com.br\/n\/uploads\/2021\/09\/suno-logo.png","width":180,"height":180,"caption":"Suno Not\u00edcias"},"image":{"@id":"https:\/\/www.suno.com.br\/noticias\/#\/schema\/logo\/image\/"},"sameAs":["https:\/\/facebook.com\/sunoresearch","https:\/\/x.com\/sunoresearch","https:\/\/www.instagram.com\/suno","https:\/\/www.linkedin.com\/company\/suno-research\/","https:\/\/www.youtube.com\/c\/sunoresearch"]},{"@type":"Person","@id":"https:\/\/www.suno.com.br\/noticias\/#\/schema\/person\/1db762f78ffd8919a648a63e425953e3","name":"Juliano Passaro","image":{"@type":"ImageObject","inLanguage":"pt-BR","@id":"https:\/\/www.suno.com.br\/noticias\/#\/schema\/person\/image\/","url":"https:\/\/secure.gravatar.com\/avatar\/743d4df28eebf6dcc46b4ad03c319e92?s=96&r=g","contentUrl":"https:\/\/secure.gravatar.com\/avatar\/743d4df28eebf6dcc46b4ad03c319e92?s=96&r=g","caption":"Juliano Passaro"},"description":"Juliano Passaro escreve sobre pol\u00edtica, economia e neg\u00f3cios para o portal da Suno Research. Antes da Suno, trabalhou no Portal da Band. \u00c9 formado em jornalismo pela Universidade Presbiteriana Mackenzie.","url":"https:\/\/www.suno.com.br\/noticias\/author\/juliano\/"}]}},"default_loop_html":"<div class=\"cardsPage__listCard__boxs\"><div class=\"cardsPage__listCard__boxs__img\"><a href=\"https:\/\/www.suno.com.br\/noticias\/coronavoucher-bolsonaro-novas-parcelas-auxilio\/\"><img class=\"mask\" src=\"https:\/\/www.suno.com.br\/noticias\/wp-content\/themes\/suno\/resources\/images\/spotlight\/spotlight1img\/bg-mask.png\" alt=\"Image Mask\"\/><img src=\"https:\/\/files.sunoresearch.com.br\/n\/uploads\/2020\/03\/7ffcbd75-coletiva_planalto_20200320_0263-400x200.webp\" alt=\"Coronavoucher: Bolsonaro diz que definiu novas parcelas do aux\u00edlio\"\/><\/a><span class=\"spotlightCategory\"><a href=\"https:\/\/www.suno.com.br\/noticias\/economia\/\">Economia<\/a><\/span><\/div><div class=\"cardsPage__listCard__boxs__content\"><a href=\"https:\/\/www.suno.com.br\/noticias\/coronavoucher-bolsonaro-novas-parcelas-auxilio\/\"><h2 class=\"content__title\">Coronavoucher: Bolsonaro diz que definiu novas parcelas do aux\u00edlio<\/h2><\/a><div class=\"newsContent__article__meta\"><div class=\"newsContent__article__meta__authorBox\"><a href=\"https:\/\/www.suno.com.br\/noticias\/author\/juliano\/\" class=\"authorBox__avatar noMobi\"><img src=\"https:\/\/files.sunoresearch.com.br\/n\/uploads\/2019\/06\/7cc3efea-whatsapp-image-2019-07-18-at-21.59.33-e1563499821209-150x150.webp\" alt=\"Juliano Passaro\"><\/a><div class=\"authorBox__name\"><span>por\n\t\t\t<a href=\"https:\/\/www.suno.com.br\/noticias\/author\/juliano\/\"><span itemprop=\"author\">Juliano Passaro<\/span><\/a><\/span><time datetime=\"2020-06-05T07:04:32-03:00\" itemprop=\"datePublished\">05\/06\/2020 07:04<\/time><\/div><\/div><\/div><\/div><\/div>","single_layout":"posts","amp_enabled":true,"_links":{"self":[{"href":"https:\/\/www.suno.com.br\/noticias\/wp-json\/wp\/v2\/posts\/67710"}],"collection":[{"href":"https:\/\/www.suno.com.br\/noticias\/wp-json\/wp\/v2\/posts"}],"about":[{"href":"https:\/\/www.suno.com.br\/noticias\/wp-json\/wp\/v2\/types\/post"}],"author":[{"embeddable":true,"href":"https:\/\/www.suno.com.br\/noticias\/wp-json\/wp\/v2\/users\/19"}],"replies":[{"embeddable":true,"href":"https:\/\/www.suno.com.br\/noticias\/wp-json\/wp\/v2\/comments?post=67710"}],"version-history":[{"count":0,"href":"https:\/\/www.suno.com.br\/noticias\/wp-json\/wp\/v2\/posts\/67710\/revisions"}],"wp:featuredmedia":[{"embeddable":true,"href":"https:\/\/www.suno.com.br\/noticias\/wp-json\/wp\/v2\/media\/59156"}],"wp:attachment":[{"href":"https:\/\/www.suno.com.br\/noticias\/wp-json\/wp\/v2\/media?parent=67710"}],"wp:term":[{"taxonomy":"category","embeddable":true,"href":"https:\/\/www.suno.com.br\/noticias\/wp-json\/wp\/v2\/categories?post=67710"},{"taxonomy":"post_tag","embeddable":true,"href":"https:\/\/www.suno.com.br\/noticias\/wp-json\/wp\/v2\/tags?post=67710"},{"taxonomy":"suno_strategy","embeddable":true,"href":"https:\/\/www.suno.com.br\/noticias\/wp-json\/wp\/v2\/suno_strategy?post=67710"}],"curies":[{"name":"wp","href":"https:\/\/api.w.org\/{rel}","templated":true}]}}