{"id":67673,"date":"2020-06-04T19:43:12","date_gmt":"2020-06-04T22:43:12","guid":{"rendered":"https:\/\/www.suno.com.br\/noticias\/?p=67673"},"modified":"2020-06-04T19:43:12","modified_gmt":"2020-06-04T22:43:12","slug":"natura-fitch-rating-ntco3","status":"publish","type":"post","link":"https:\/\/www.suno.com.br\/noticias\/natura-fitch-rating-ntco3\/","title":{"rendered":"Fitch rebaixa rating da Natura (NTCO3) com perspectiva negativa"},"content":{"rendered":"<p>A <a href=\"https:\/\/www.suno.com.br\/acoes\/ntco3\/\"><strong>Natura<\/strong> (NTCO3)<\/a> teve seu <a href=\"https:\/\/www.suno.com.br\/artigos\/rating\/\">rating<\/a> rebaixado pela Fitch nessa quinta-feira (4) e passou de BB para BB-, com perspectiva negativa. Segundo a <a href=\"https:\/\/www.suno.com.br\/artigos\/agencias-de-rating\/\">ag\u00eancia de classifica\u00e7\u00e3o de riscos,<\/a> a revis\u00e3o \u00e9 resultado dos desafios enfrentados pela empresa brasileira, bem como o risco elevado de refinanciamento no m\u00e9dio prazo e risco de integra\u00e7\u00e3o envolvido na obten\u00e7\u00e3o de sinergias depois que comprou a Avon.<\/p>\t<div class=\"wrapper-featured-image\">\n\t\t<figure class=\"spotlightImg\">\n\n\t\t\t<picture>\n\t\t\t\t<source media=\"(max-width: 768px)\" srcset=\"https:\/\/files.sunoresearch.com.br\/n\/uploads\/2020\/03\/f94387a6-natura-400x200.webp\">\n\t\t\t\t<img loading=\"lazy\" decoding=\"async\" class=\"newsContent__article__imgCapa lazyloadDisabled newsContent__article__imgCapa--noCaption\" src=\"https:\/\/files.sunoresearch.com.br\/n\/uploads\/2020\/03\/f94387a6-natura-800x450.webp\" width=\"800\" height=\"450\" alt=\"Fitch rebaixa rating da Natura (NTCO3) com perspectiva negativa\" fetchpriority=high \/>\n\t\t\t<\/picture>\n\n\t\t\t<figcaption class=\"wp-caption-text wp-caption-text--hide\">Natura (NATU3). Foto: divulga\u00e7\u00e3o.<\/figcaption>\n\t\t<\/figure>\n\t<\/div>\n\n\n\n<p>Al\u00e9m disso, a <strong>Fitch<\/strong> revisou a perspectiva de rating da <strong>Avon<\/strong>, de positiva para est\u00e1vel, pelos mesmos motivos da altera\u00e7\u00e3o do rating da Natura. A ag\u00eancia ainda destacou que as atualiza\u00e7\u00f5es refletem a recess\u00e3o no Brasil, na Europa e nos Estados Unidos, por causa da <a href=\"https:\/\/www.suno.com.br\/noticias\/tags\/coronavirus\/\">pandemia de <strong>coronav\u00edrus<\/strong> (Covid-19).<\/a><\/p>\n<p>A ag\u00eancia salientou que esses desafios ocorrem &#8220;ao mesmo tempo em que cresce as receitas de primeira linha, a din\u00e2mica da ind\u00fastria em r\u00e1pida transforma\u00e7\u00e3o e os ventos contr\u00e1rios, apresentados por taxas de crescimento negativas no Brasil, Europa e EUA devido \u00e0 pandemia de coronav\u00edrus&#8221;.<\/p>\n<p><a href=\"https:\/\/lp.suno.com.br\/suno-one\/\">No Suno One voc\u00ea aprende a fazer seu dinheiro para trabalhar para voc\u00ea. Cadastre-se gratuitamente agora!<\/a><\/p>\n<p>J\u00e1 em rela\u00e7\u00e3o ao rating da Avon, a Fitch afirmou &#8220;o rating da Avon de &#8216;B +&#8217; com Perspectiva Est\u00e1vel reflete a expectativa da Fitch de que, nos pr\u00f3ximos 12 a 24 meses, a d\u00edvida da Avon provavelmente ser\u00e1 substitu\u00edda por d\u00edvida com garantias da holding Natura &amp; Co e que a qualidade de cr\u00e9dito consolidada do grupo de empresas n\u00e3o seria abaixo de &#8216;B +'&#8221;.<\/p>\n<h2>Resultados da Natura no 1T20<\/h2>\n<p>A <strong>Natura<\/strong>\u00a0registrou <a href=\"https:\/\/www.suno.com.br\/artigos\/prejuizos-acumulados\/\">preju\u00edzo l\u00edquido<\/a> consolidado de R$ 820,8 milh\u00f5es no per\u00edodo que compreende os tr\u00eas primeiros meses deste ano. O valor \u00e9 dez vezes maior do que o apresentado no mesmo intervalo do ano passado, que foi de R$ 82 milh\u00f5es. Os valores s\u00e3o referentes ao &#8220;atribu\u00edvel aos controladores&#8221; e est\u00e3o nas demonstra\u00e7\u00f5es financeiras que a companhia enviou \u00e0 <a href=\"https:\/\/www.suno.com.br\/artigos\/cvm\/\">Comiss\u00e3o de Valores Mobili\u00e1rios (CVM)<\/a> em maio.<\/p>\n<p><a href=\"https:\/\/www.suno.com.br\/noticias\/natura-ntco3-vazamento-dados-250mil-clientes\/\">Saiba mais: Natura (NTCO3) sofre vazamento e exp\u00f5e dados de 250 mil clientes<\/a><\/p>\n<p>A <a href=\"https:\/\/www.suno.com.br\/artigos\/o-que-receita-liquida\/\">receita l\u00edquida<\/a> da <strong>Natura<\/strong> foi de R$ 7,518 bilh\u00f5es no primeiro trimestre. O valor representa uma alta de 1,9% ante o mesmo intervalo de 2019.<\/p>\n\n","protected":false},"excerpt":{"rendered":"<p>A Natura (NTCO3) teve seu rating rebaixado pela Fitch nessa quinta-feira (4) e passou de BB para BB-, com perspectiva negativa. Segundo a ag\u00eancia de classifica\u00e7\u00e3o de riscos, a revis\u00e3o \u00e9 resultado dos desafios enfrentados pela empresa brasileira, bem como o risco elevado de refinanciamento no m\u00e9dio prazo e risco de integra\u00e7\u00e3o envolvido na obten\u00e7\u00e3o [&hellip;]<\/p>\n","protected":false},"author":39,"featured_media":55305,"comment_status":"closed","ping_status":"closed","sticky":false,"template":"","format":"standard","meta":[],"categories":[64],"tags":[975,1034,1277,574],"suno_strategy":[],"class_list":["post-67673","post","type-post","status-publish","format-standard","has-post-thumbnail","hentry","category-negocios","tag-avon","tag-classificacao-de-risco-rating","tag-fitch","tag-natura-ntco3"],"yoast_head":"<!-- This site is optimized with the Yoast SEO plugin v24.4 - https:\/\/yoast.com\/wordpress\/plugins\/seo\/ -->\n<title>Fitch rebaixa rating da Natura (NTCO3) com perspectiva negativa<\/title>\n<meta name=\"description\" content=\"A Natura (NTCO3) teve seu rating rebaixado pela Fitch e passou de BB para BB-, com perspectiva negativa. Clique aqui para saber mais.\" \/>\n<meta name=\"robots\" content=\"index, follow, max-snippet:-1, max-image-preview:large, max-video-preview:-1\" \/>\n<link rel=\"canonical\" href=\"https:\/\/www.suno.com.br\/noticias\/natura-fitch-rating-ntco3\/\" \/>\n<meta property=\"og:locale\" content=\"pt_BR\" \/>\n<meta property=\"og:type\" content=\"article\" \/>\n<meta property=\"og:title\" content=\"Fitch rebaixa rating da Natura (NTCO3) com perspectiva negativa\" \/>\n<meta property=\"og:description\" content=\"A Natura (NTCO3) teve seu rating rebaixado pela Fitch e passou de BB para BB-, com perspectiva negativa. Clique aqui para saber mais.\" \/>\n<meta property=\"og:url\" content=\"https:\/\/www.suno.com.br\/noticias\/natura-fitch-rating-ntco3\/\" \/>\n<meta property=\"og:site_name\" content=\"Suno Not\u00edcias\" \/>\n<meta property=\"article:publisher\" content=\"https:\/\/facebook.com\/sunoresearch\" \/>\n<meta property=\"og:image\" content=\"https:\/\/files.sunoresearch.com.br\/n\/uploads\/2020\/03\/f94387a6-natura.jpg\" \/>\n\t<meta property=\"og:image:width\" content=\"1200\" \/>\n\t<meta property=\"og:image:height\" content=\"800\" \/>\n\t<meta property=\"og:image:type\" content=\"image\/jpeg\" \/>\n<meta name=\"author\" content=\"Laura Moutinho\" \/>\n<meta name=\"twitter:card\" content=\"summary_large_image\" \/>\n<meta name=\"twitter:creator\" content=\"@sunoresearch\" \/>\n<meta name=\"twitter:site\" content=\"@sunoresearch\" \/>\n<meta name=\"twitter:label1\" content=\"Escrito por\" \/>\n\t<meta name=\"twitter:data1\" content=\"Laura Moutinho\" \/>\n\t<meta name=\"twitter:label2\" content=\"Est. tempo de leitura\" \/>\n\t<meta name=\"twitter:data2\" content=\"2 minutos\" \/>\n<script type=\"application\/ld+json\" class=\"yoast-schema-graph\">{\"@context\":\"https:\/\/schema.org\",\"@graph\":[{\"@type\":\"NewsArticle\",\"@id\":\"https:\/\/www.suno.com.br\/noticias\/natura-fitch-rating-ntco3\/#article\",\"isPartOf\":{\"@id\":\"https:\/\/www.suno.com.br\/noticias\/natura-fitch-rating-ntco3\/\"},\"author\":{\"name\":\"Laura Moutinho\",\"@id\":\"https:\/\/www.suno.com.br\/noticias\/#\/schema\/person\/3df0d2808748b74496efe5dbeaef2c72\"},\"headline\":\"Fitch rebaixa rating da Natura (NTCO3) com perspectiva negativa\",\"datePublished\":\"2020-06-04T22:43:12+00:00\",\"mainEntityOfPage\":{\"@id\":\"https:\/\/www.suno.com.br\/noticias\/natura-fitch-rating-ntco3\/\"},\"wordCount\":394,\"publisher\":{\"@id\":\"https:\/\/www.suno.com.br\/noticias\/#organization\"},\"image\":{\"@id\":\"https:\/\/www.suno.com.br\/noticias\/natura-fitch-rating-ntco3\/#primaryimage\"},\"thumbnailUrl\":\"https:\/\/files.sunoresearch.com.br\/n\/uploads\/2020\/03\/f94387a6-natura-jpg.webp\",\"keywords\":[\"Avon\",\"Classifica\u00e7\u00e3o de Risco (Rating)\",\"Fitch\",\"Natura (NTCO3)\"],\"articleSection\":[\"Neg\u00f3cios\"],\"inLanguage\":\"pt-BR\"},{\"@type\":\"WebPage\",\"@id\":\"https:\/\/www.suno.com.br\/noticias\/natura-fitch-rating-ntco3\/\",\"url\":\"https:\/\/www.suno.com.br\/noticias\/natura-fitch-rating-ntco3\/\",\"name\":\"Fitch rebaixa rating da Natura (NTCO3) com perspectiva negativa\",\"isPartOf\":{\"@id\":\"https:\/\/www.suno.com.br\/noticias\/#website\"},\"primaryImageOfPage\":{\"@id\":\"https:\/\/www.suno.com.br\/noticias\/natura-fitch-rating-ntco3\/#primaryimage\"},\"image\":{\"@id\":\"https:\/\/www.suno.com.br\/noticias\/natura-fitch-rating-ntco3\/#primaryimage\"},\"thumbnailUrl\":\"https:\/\/files.sunoresearch.com.br\/n\/uploads\/2020\/03\/f94387a6-natura-jpg.webp\",\"datePublished\":\"2020-06-04T22:43:12+00:00\",\"description\":\"A Natura (NTCO3) teve seu rating rebaixado pela Fitch e passou de BB para BB-, com perspectiva negativa. Clique aqui para saber mais.\",\"breadcrumb\":{\"@id\":\"https:\/\/www.suno.com.br\/noticias\/natura-fitch-rating-ntco3\/#breadcrumb\"},\"inLanguage\":\"pt-BR\",\"potentialAction\":[{\"@type\":\"ReadAction\",\"target\":[\"https:\/\/www.suno.com.br\/noticias\/natura-fitch-rating-ntco3\/\"]}]},{\"@type\":\"ImageObject\",\"inLanguage\":\"pt-BR\",\"@id\":\"https:\/\/www.suno.com.br\/noticias\/natura-fitch-rating-ntco3\/#primaryimage\",\"url\":\"https:\/\/files.sunoresearch.com.br\/n\/uploads\/2020\/03\/f94387a6-natura-jpg.webp\",\"contentUrl\":\"https:\/\/files.sunoresearch.com.br\/n\/uploads\/2020\/03\/f94387a6-natura-jpg.webp\",\"width\":1200,\"height\":800,\"caption\":\"Natura (NATU3). Foto: divulga\u00e7\u00e3o.\"},{\"@type\":\"BreadcrumbList\",\"@id\":\"https:\/\/www.suno.com.br\/noticias\/natura-fitch-rating-ntco3\/#breadcrumb\",\"itemListElement\":[{\"@type\":\"ListItem\",\"position\":1,\"name\":\"Not\u00edcias\",\"item\":\"https:\/\/www.suno.com.br\/noticias\/\"},{\"@type\":\"ListItem\",\"position\":2,\"name\":\"Neg\u00f3cios\",\"item\":\"https:\/\/www.suno.com.br\/noticias\/negocios\/\"},{\"@type\":\"ListItem\",\"position\":3,\"name\":\"Fitch rebaixa rating da Natura (NTCO3) com perspectiva negativa\"}]},{\"@type\":\"WebSite\",\"@id\":\"https:\/\/www.suno.com.br\/noticias\/#website\",\"url\":\"https:\/\/www.suno.com.br\/noticias\/\",\"name\":\"Suno Not\u00edcias\",\"description\":\"Seu portal de informa\u00e7\u00e3o sobre o mundo dos investimentos\",\"publisher\":{\"@id\":\"https:\/\/www.suno.com.br\/noticias\/#organization\"},\"potentialAction\":[{\"@type\":\"SearchAction\",\"target\":{\"@type\":\"EntryPoint\",\"urlTemplate\":\"https:\/\/www.suno.com.br\/noticias\/?s={search_term_string}\"},\"query-input\":{\"@type\":\"PropertyValueSpecification\",\"valueRequired\":true,\"valueName\":\"search_term_string\"}}],\"inLanguage\":\"pt-BR\"},{\"@type\":\"Organization\",\"@id\":\"https:\/\/www.suno.com.br\/noticias\/#organization\",\"name\":\"Suno Not\u00edcias\",\"url\":\"https:\/\/www.suno.com.br\/noticias\/\",\"logo\":{\"@type\":\"ImageObject\",\"inLanguage\":\"pt-BR\",\"@id\":\"https:\/\/www.suno.com.br\/noticias\/#\/schema\/logo\/image\/\",\"url\":\"https:\/\/files.sunoresearch.com.br\/n\/uploads\/2021\/09\/suno-logo.png\",\"contentUrl\":\"https:\/\/files.sunoresearch.com.br\/n\/uploads\/2021\/09\/suno-logo.png\",\"width\":180,\"height\":180,\"caption\":\"Suno Not\u00edcias\"},\"image\":{\"@id\":\"https:\/\/www.suno.com.br\/noticias\/#\/schema\/logo\/image\/\"},\"sameAs\":[\"https:\/\/facebook.com\/sunoresearch\",\"https:\/\/x.com\/sunoresearch\",\"https:\/\/www.instagram.com\/suno\",\"https:\/\/www.linkedin.com\/company\/suno-research\/\",\"https:\/\/www.youtube.com\/c\/sunoresearch\"]},{\"@type\":\"Person\",\"@id\":\"https:\/\/www.suno.com.br\/noticias\/#\/schema\/person\/3df0d2808748b74496efe5dbeaef2c72\",\"name\":\"Laura Moutinho\",\"image\":{\"@type\":\"ImageObject\",\"inLanguage\":\"pt-BR\",\"@id\":\"https:\/\/www.suno.com.br\/noticias\/#\/schema\/person\/image\/\",\"url\":\"https:\/\/secure.gravatar.com\/avatar\/7571c7c8ca3a6fca5e41384ece5557ff?s=96&r=g\",\"contentUrl\":\"https:\/\/secure.gravatar.com\/avatar\/7571c7c8ca3a6fca5e41384ece5557ff?s=96&r=g\",\"caption\":\"Laura Moutinho\"},\"description\":\"Estagi\u00e1ria na Suno Not\u00edcias, escreve not\u00edcias que afetam o mercado financeiro. Estuda administra\u00e7\u00e3o na Universidade Presbiteriana Mackenzie.\",\"url\":\"https:\/\/www.suno.com.br\/noticias\/author\/laura-moutinho\/\"}]}<\/script>\n<!-- \/ Yoast SEO plugin. -->","yoast_head_json":{"title":"Fitch rebaixa rating da Natura (NTCO3) com perspectiva negativa","description":"A Natura (NTCO3) teve seu rating rebaixado pela Fitch e passou de BB para BB-, com perspectiva negativa. Clique aqui para saber mais.","robots":{"index":"index","follow":"follow","max-snippet":"max-snippet:-1","max-image-preview":"max-image-preview:large","max-video-preview":"max-video-preview:-1"},"canonical":"https:\/\/www.suno.com.br\/noticias\/natura-fitch-rating-ntco3\/","og_locale":"pt_BR","og_type":"article","og_title":"Fitch rebaixa rating da Natura (NTCO3) com perspectiva negativa","og_description":"A Natura (NTCO3) teve seu rating rebaixado pela Fitch e passou de BB para BB-, com perspectiva negativa. Clique aqui para saber mais.","og_url":"https:\/\/www.suno.com.br\/noticias\/natura-fitch-rating-ntco3\/","og_site_name":"Suno Not\u00edcias","article_publisher":"https:\/\/facebook.com\/sunoresearch","og_image":[{"width":1200,"height":800,"url":"https:\/\/files.sunoresearch.com.br\/n\/uploads\/2020\/03\/f94387a6-natura.jpg","type":"image\/jpeg"}],"author":"Laura Moutinho","twitter_card":"summary_large_image","twitter_creator":"@sunoresearch","twitter_site":"@sunoresearch","twitter_misc":{"Escrito por":"Laura Moutinho","Est. tempo de leitura":"2 minutos"},"schema":{"@context":"https:\/\/schema.org","@graph":[{"@type":"NewsArticle","@id":"https:\/\/www.suno.com.br\/noticias\/natura-fitch-rating-ntco3\/#article","isPartOf":{"@id":"https:\/\/www.suno.com.br\/noticias\/natura-fitch-rating-ntco3\/"},"author":{"name":"Laura Moutinho","@id":"https:\/\/www.suno.com.br\/noticias\/#\/schema\/person\/3df0d2808748b74496efe5dbeaef2c72"},"headline":"Fitch rebaixa rating da Natura (NTCO3) com perspectiva negativa","datePublished":"2020-06-04T22:43:12+00:00","mainEntityOfPage":{"@id":"https:\/\/www.suno.com.br\/noticias\/natura-fitch-rating-ntco3\/"},"wordCount":394,"publisher":{"@id":"https:\/\/www.suno.com.br\/noticias\/#organization"},"image":{"@id":"https:\/\/www.suno.com.br\/noticias\/natura-fitch-rating-ntco3\/#primaryimage"},"thumbnailUrl":"https:\/\/files.sunoresearch.com.br\/n\/uploads\/2020\/03\/f94387a6-natura-jpg.webp","keywords":["Avon","Classifica\u00e7\u00e3o de Risco (Rating)","Fitch","Natura (NTCO3)"],"articleSection":["Neg\u00f3cios"],"inLanguage":"pt-BR"},{"@type":"WebPage","@id":"https:\/\/www.suno.com.br\/noticias\/natura-fitch-rating-ntco3\/","url":"https:\/\/www.suno.com.br\/noticias\/natura-fitch-rating-ntco3\/","name":"Fitch rebaixa rating da Natura (NTCO3) com perspectiva negativa","isPartOf":{"@id":"https:\/\/www.suno.com.br\/noticias\/#website"},"primaryImageOfPage":{"@id":"https:\/\/www.suno.com.br\/noticias\/natura-fitch-rating-ntco3\/#primaryimage"},"image":{"@id":"https:\/\/www.suno.com.br\/noticias\/natura-fitch-rating-ntco3\/#primaryimage"},"thumbnailUrl":"https:\/\/files.sunoresearch.com.br\/n\/uploads\/2020\/03\/f94387a6-natura-jpg.webp","datePublished":"2020-06-04T22:43:12+00:00","description":"A Natura (NTCO3) teve seu rating rebaixado pela Fitch e passou de BB para BB-, com perspectiva negativa. Clique aqui para saber mais.","breadcrumb":{"@id":"https:\/\/www.suno.com.br\/noticias\/natura-fitch-rating-ntco3\/#breadcrumb"},"inLanguage":"pt-BR","potentialAction":[{"@type":"ReadAction","target":["https:\/\/www.suno.com.br\/noticias\/natura-fitch-rating-ntco3\/"]}]},{"@type":"ImageObject","inLanguage":"pt-BR","@id":"https:\/\/www.suno.com.br\/noticias\/natura-fitch-rating-ntco3\/#primaryimage","url":"https:\/\/files.sunoresearch.com.br\/n\/uploads\/2020\/03\/f94387a6-natura-jpg.webp","contentUrl":"https:\/\/files.sunoresearch.com.br\/n\/uploads\/2020\/03\/f94387a6-natura-jpg.webp","width":1200,"height":800,"caption":"Natura (NATU3). Foto: divulga\u00e7\u00e3o."},{"@type":"BreadcrumbList","@id":"https:\/\/www.suno.com.br\/noticias\/natura-fitch-rating-ntco3\/#breadcrumb","itemListElement":[{"@type":"ListItem","position":1,"name":"Not\u00edcias","item":"https:\/\/www.suno.com.br\/noticias\/"},{"@type":"ListItem","position":2,"name":"Neg\u00f3cios","item":"https:\/\/www.suno.com.br\/noticias\/negocios\/"},{"@type":"ListItem","position":3,"name":"Fitch rebaixa rating da Natura (NTCO3) com perspectiva negativa"}]},{"@type":"WebSite","@id":"https:\/\/www.suno.com.br\/noticias\/#website","url":"https:\/\/www.suno.com.br\/noticias\/","name":"Suno Not\u00edcias","description":"Seu portal de informa\u00e7\u00e3o sobre o mundo dos investimentos","publisher":{"@id":"https:\/\/www.suno.com.br\/noticias\/#organization"},"potentialAction":[{"@type":"SearchAction","target":{"@type":"EntryPoint","urlTemplate":"https:\/\/www.suno.com.br\/noticias\/?s={search_term_string}"},"query-input":{"@type":"PropertyValueSpecification","valueRequired":true,"valueName":"search_term_string"}}],"inLanguage":"pt-BR"},{"@type":"Organization","@id":"https:\/\/www.suno.com.br\/noticias\/#organization","name":"Suno Not\u00edcias","url":"https:\/\/www.suno.com.br\/noticias\/","logo":{"@type":"ImageObject","inLanguage":"pt-BR","@id":"https:\/\/www.suno.com.br\/noticias\/#\/schema\/logo\/image\/","url":"https:\/\/files.sunoresearch.com.br\/n\/uploads\/2021\/09\/suno-logo.png","contentUrl":"https:\/\/files.sunoresearch.com.br\/n\/uploads\/2021\/09\/suno-logo.png","width":180,"height":180,"caption":"Suno Not\u00edcias"},"image":{"@id":"https:\/\/www.suno.com.br\/noticias\/#\/schema\/logo\/image\/"},"sameAs":["https:\/\/facebook.com\/sunoresearch","https:\/\/x.com\/sunoresearch","https:\/\/www.instagram.com\/suno","https:\/\/www.linkedin.com\/company\/suno-research\/","https:\/\/www.youtube.com\/c\/sunoresearch"]},{"@type":"Person","@id":"https:\/\/www.suno.com.br\/noticias\/#\/schema\/person\/3df0d2808748b74496efe5dbeaef2c72","name":"Laura Moutinho","image":{"@type":"ImageObject","inLanguage":"pt-BR","@id":"https:\/\/www.suno.com.br\/noticias\/#\/schema\/person\/image\/","url":"https:\/\/secure.gravatar.com\/avatar\/7571c7c8ca3a6fca5e41384ece5557ff?s=96&r=g","contentUrl":"https:\/\/secure.gravatar.com\/avatar\/7571c7c8ca3a6fca5e41384ece5557ff?s=96&r=g","caption":"Laura Moutinho"},"description":"Estagi\u00e1ria na Suno Not\u00edcias, escreve not\u00edcias que afetam o mercado financeiro. Estuda administra\u00e7\u00e3o na Universidade Presbiteriana Mackenzie.","url":"https:\/\/www.suno.com.br\/noticias\/author\/laura-moutinho\/"}]}},"default_loop_html":"<div class=\"cardsPage__listCard__boxs\"><div class=\"cardsPage__listCard__boxs__img\"><a href=\"https:\/\/www.suno.com.br\/noticias\/natura-fitch-rating-ntco3\/\"><img class=\"mask\" src=\"https:\/\/www.suno.com.br\/noticias\/wp-content\/themes\/suno\/resources\/images\/spotlight\/spotlight1img\/bg-mask.png\" alt=\"Image Mask\"\/><img src=\"https:\/\/files.sunoresearch.com.br\/n\/uploads\/2020\/03\/f94387a6-natura-400x200.webp\" alt=\"Fitch rebaixa rating da Natura (NTCO3) com perspectiva negativa\"\/><\/a><span class=\"spotlightCategory\"><a href=\"https:\/\/www.suno.com.br\/noticias\/negocios\/\">Neg\u00f3cios<\/a><\/span><\/div><div class=\"cardsPage__listCard__boxs__content\"><a href=\"https:\/\/www.suno.com.br\/noticias\/natura-fitch-rating-ntco3\/\"><h2 class=\"content__title\">Fitch rebaixa rating da Natura (NTCO3) com perspectiva negativa<\/h2><\/a><div class=\"newsContent__article__meta\"><div class=\"newsContent__article__meta__authorBox\"><a href=\"https:\/\/www.suno.com.br\/noticias\/author\/laura-moutinho\/\" class=\"authorBox__avatar noMobi\"><img src=\"https:\/\/files.sunoresearch.com.br\/n\/uploads\/2020\/08\/531ff69d-whatsapp-image-2020-08-03-at-14.54.38-150x150.webp\" alt=\"Laura Moutinho\"><\/a><div class=\"authorBox__name\"><span>por\n\t\t\t<a href=\"https:\/\/www.suno.com.br\/noticias\/author\/laura-moutinho\/\"><span itemprop=\"author\">Laura Moutinho<\/span><\/a><\/span><time datetime=\"2020-06-04T19:43:12-03:00\" itemprop=\"datePublished\">04\/06\/2020 19:43<\/time><\/div><\/div><\/div><\/div><\/div>","single_layout":"posts","amp_enabled":true,"_links":{"self":[{"href":"https:\/\/www.suno.com.br\/noticias\/wp-json\/wp\/v2\/posts\/67673"}],"collection":[{"href":"https:\/\/www.suno.com.br\/noticias\/wp-json\/wp\/v2\/posts"}],"about":[{"href":"https:\/\/www.suno.com.br\/noticias\/wp-json\/wp\/v2\/types\/post"}],"author":[{"embeddable":true,"href":"https:\/\/www.suno.com.br\/noticias\/wp-json\/wp\/v2\/users\/39"}],"replies":[{"embeddable":true,"href":"https:\/\/www.suno.com.br\/noticias\/wp-json\/wp\/v2\/comments?post=67673"}],"version-history":[{"count":0,"href":"https:\/\/www.suno.com.br\/noticias\/wp-json\/wp\/v2\/posts\/67673\/revisions"}],"wp:featuredmedia":[{"embeddable":true,"href":"https:\/\/www.suno.com.br\/noticias\/wp-json\/wp\/v2\/media\/55305"}],"wp:attachment":[{"href":"https:\/\/www.suno.com.br\/noticias\/wp-json\/wp\/v2\/media?parent=67673"}],"wp:term":[{"taxonomy":"category","embeddable":true,"href":"https:\/\/www.suno.com.br\/noticias\/wp-json\/wp\/v2\/categories?post=67673"},{"taxonomy":"post_tag","embeddable":true,"href":"https:\/\/www.suno.com.br\/noticias\/wp-json\/wp\/v2\/tags?post=67673"},{"taxonomy":"suno_strategy","embeddable":true,"href":"https:\/\/www.suno.com.br\/noticias\/wp-json\/wp\/v2\/suno_strategy?post=67673"}],"curies":[{"name":"wp","href":"https:\/\/api.w.org\/{rel}","templated":true}]}}