{"id":67558,"date":"2020-06-04T09:57:55","date_gmt":"2020-06-04T12:57:55","guid":{"rendered":"https:\/\/www.suno.com.br\/noticias\/?p=67558"},"modified":"2021-02-17T22:43:28","modified_gmt":"2021-02-18T01:43:28","slug":"dolar-abre-em-alta-com-estimulos-do-bce-no-radar-04062020","status":"publish","type":"post","link":"https:\/\/www.suno.com.br\/noticias\/dolar-abre-em-alta-com-estimulos-do-bce-no-radar-04062020\/","title":{"rendered":"D\u00f3lar abre em alta com est\u00edmulos do BCE no radar"},"content":{"rendered":"<p>O <a href=\"https:\/\/www.suno.com.br\/artigos\/dolar\/\"><strong>d\u00f3lar<\/strong> <\/a>abre em alta nesta quinta-feira (4) com est\u00edmulos da Europa no radar.<\/p>\t<div class=\"wrapper-featured-image\">\n\t\t<figure class=\"spotlightImg\">\n\n\t\t\t<picture>\n\t\t\t\t<source media=\"(max-width: 768px)\" srcset=\"https:\/\/files.sunoresearch.com.br\/n\/uploads\/2019\/01\/c27f20d7-d\u00f3lar-400x200.webp\">\n\t\t\t\t<img loading=\"lazy\" decoding=\"async\" class=\"newsContent__article__imgCapa lazyloadDisabled newsContent__article__imgCapa--noCaption\" src=\"https:\/\/files.sunoresearch.com.br\/n\/uploads\/2019\/01\/c27f20d7-d\u00f3lar-800x450.webp\" width=\"800\" height=\"450\" alt=\"D\u00f3lar abre em alta com est\u00edmulos do BCE no radar\" fetchpriority=high \/>\n\t\t\t<\/picture>\n\n\t\t\t<figcaption class=\"wp-caption-text wp-caption-text--hide\">D\u00f3lar<\/figcaption>\n\t\t<\/figure>\n\t<\/div>\n\n\n\n<p>Por volta das 9h40, o d\u00f3lar operava em alta de 0,574%, sendo negociado a R$ 5,1137. O mercado est\u00e1 atento ao an\u00fancio do Banco Central Europeu (BCE) sobre a expans\u00e3o de seu programa de est\u00edmulos \u00e0 economia para 1,35 trilh\u00e3o de euros.<\/p>\n<p>Al\u00e9m disso, segue no radar dos investidores os dados de pedidos de seguro-desemprego dos Estados Unidos e as vendas no varejo na zona do euro.<\/p>\n<p><a href=\"https:\/\/lp.suno.com.br\/suno-one\/\">Suno One: O primeiro passo para alcan\u00e7ar a sua independ\u00eancia financeira<\/a><\/p>\n<h2>Est\u00edmulos da Europa<\/h2>\n<p>O Banco Central Europeu (BCE) informou, na manh\u00e3 desta quinta, que ir\u00e1 expandir seu programa de est\u00edmulos \u00e0 economia para 1,35 trilh\u00e3o de euros (cerca de R$ 7,68 trilh\u00f5es) no combate \u00e0 pandemia do novo coronav\u00edrus (Covid-19).<\/p>\n<p>A decis\u00e3o do BCE vai de encontro com os esfor\u00e7os do Federal Reserve (Fed), Banco Central dos Estados Unidos, em sustentar a economia no momento de crise. A expans\u00e3o do programa, segundo analistas, foi mais agressiva do que o esperado, o que deve absorver grande parte das d\u00edvidas que est\u00e3o sendo levantadas por governos da zona do euro em meio \u00e0 pandemia.<\/p>\n<p>Em comunicado, o BCE informou que compraria 1,35 trilh\u00e3o de euros em d\u00edvidas governamentais e corporativas at\u00e9 junho do ano que vem. Os pagamentos dos t\u00edtulos vencidos ser\u00e3o reinvestidos at\u00e9 o final de 2022. Al\u00e9m disso, a principal taxa de juros da zona do euro foi inalterada, permanecendo em 0,5%.<\/p>\n<h2>Dados desemprego dos EUA<\/h2>\n<p>O mercado est\u00e1 atento a divulga\u00e7\u00e3o dos pedidos de seguro-desemprego nos Estados Unidos que acontece nesta quinta. Na semana passada, o n\u00famero de solicita\u00e7\u00f5es foi de 2,12 milh\u00f5es.<\/p>\n<p>Os pedidos feitos durante a crise do novo coronav\u00edrus (covid-19) j\u00e1 superaram todos os ganho de emprego desde a crise financeira de 2008.<\/p>\n<h2>Vendas no varejo zona do euro<\/h2>\n<p>As vendas no varejo na <a href=\"https:\/\/www.suno.com.br\/artigos\/zona-do-euro\/\">zona do euro<\/a> sofreram uma queda hist\u00f3rica em abril de 11,7% ante mar\u00e7o. De acordo com a ag\u00eancia oficial de estat\u00edsticas da Uni\u00e3o Europeia, <em>Eurostat<\/em>, essa queda \u00e9 reflexo da pandemia do novo coronav\u00edrus (covid-19).<\/p>\n<p>Os analistas consultados pelo ve\u00edculo jornal\u00edstico norte-americano &#8220;The Wall Street Journal&#8221; previam retra\u00e7\u00e3o de 19% nas vendas. Na compara\u00e7\u00e3o de base anual, as vendas no varejo na zona do euro despencaram 19,6% em abril.<\/p>\n<p>A ag\u00eancia revisou os n\u00fameros de vendas de mar\u00e7o, para recuo mensal de 11,1% e decl\u00ednio anual de 8,8%.<\/p>\n<h2>\u00daltima cota\u00e7\u00e3o do d\u00f3lar<\/h2>\n<p>Na \u00faltima sess\u00e3o, quarta-feira, o <strong>d\u00f3lar<\/strong> encerrou em queda de 2,384% cotado em R$ 5,0862.<\/p>\n\n","protected":false},"excerpt":{"rendered":"<p>O d\u00f3lar abre em alta nesta quinta-feira (4) com est\u00edmulos da Europa no radar. D\u00f3lar Por volta das 9h40, o d\u00f3lar operava em alta de 0,574%, sendo negociado a R$ 5,1137. O mercado est\u00e1 atento ao an\u00fancio do Banco Central Europeu (BCE) sobre a expans\u00e3o de seu programa de est\u00edmulos \u00e0 economia para 1,35 trilh\u00e3o [&hellip;]<\/p>\n","protected":false},"author":15,"featured_media":12372,"comment_status":"closed","ping_status":"closed","sticky":false,"template":"","format":"standard","meta":[],"categories":[60],"tags":[863,326,793],"suno_strategy":[],"class_list":["post-67558","post","type-post","status-publish","format-standard","has-post-thumbnail","hentry","category-mercado","tag-banco-central-europeu-bce","tag-dolar","tag-estados-unidos-eua"],"yoast_head":"<!-- This site is optimized with the Yoast SEO plugin v24.4 - https:\/\/yoast.com\/wordpress\/plugins\/seo\/ -->\n<title>D\u00f3lar abre em alta com est\u00edmulos do BCE no radar<\/title>\n<meta name=\"description\" content=\"Por volta das 9h40, nesta quinta-feira (4), o d\u00f3lar operava em alta de 0,574%, sendo negociado a R$ 5,1137. Clique aqui e saiba mais\" \/>\n<meta name=\"robots\" content=\"index, follow, max-snippet:-1, max-image-preview:large, max-video-preview:-1\" \/>\n<link rel=\"canonical\" href=\"https:\/\/www.suno.com.br\/noticias\/dolar-abre-em-alta-com-estimulos-do-bce-no-radar-04062020\/\" \/>\n<meta property=\"og:locale\" content=\"pt_BR\" \/>\n<meta property=\"og:type\" content=\"article\" \/>\n<meta property=\"og:title\" content=\"D\u00f3lar abre em alta com est\u00edmulos do BCE no radar\" \/>\n<meta property=\"og:description\" content=\"Por volta das 9h40, nesta quinta-feira (4), o d\u00f3lar operava em alta de 0,574%, sendo negociado a R$ 5,1137. Clique aqui e saiba mais\" \/>\n<meta property=\"og:url\" content=\"https:\/\/www.suno.com.br\/noticias\/dolar-abre-em-alta-com-estimulos-do-bce-no-radar-04062020\/\" \/>\n<meta property=\"og:site_name\" content=\"Suno Not\u00edcias\" \/>\n<meta property=\"article:publisher\" content=\"https:\/\/facebook.com\/sunoresearch\" \/>\n<meta property=\"og:image\" content=\"https:\/\/files.sunoresearch.com.br\/n\/uploads\/2019\/01\/c27f20d7-d\u00f3lar-1024x681.jpg\" \/>\n\t<meta property=\"og:image:width\" content=\"1024\" \/>\n\t<meta property=\"og:image:height\" content=\"681\" \/>\n\t<meta property=\"og:image:type\" content=\"image\/jpeg\" \/>\n<meta name=\"author\" content=\"Poliana Santos\" \/>\n<meta name=\"twitter:card\" content=\"summary_large_image\" \/>\n<meta name=\"twitter:creator\" content=\"@sunoresearch\" \/>\n<meta name=\"twitter:site\" content=\"@sunoresearch\" \/>\n<meta name=\"twitter:label1\" content=\"Escrito por\" \/>\n\t<meta name=\"twitter:data1\" content=\"Poliana Santos\" \/>\n\t<meta name=\"twitter:label2\" content=\"Est. tempo de leitura\" \/>\n\t<meta name=\"twitter:data2\" content=\"2 minutos\" \/>\n<script type=\"application\/ld+json\" class=\"yoast-schema-graph\">{\"@context\":\"https:\/\/schema.org\",\"@graph\":[{\"@type\":\"NewsArticle\",\"@id\":\"https:\/\/www.suno.com.br\/noticias\/dolar-abre-em-alta-com-estimulos-do-bce-no-radar-04062020\/#article\",\"isPartOf\":{\"@id\":\"https:\/\/www.suno.com.br\/noticias\/dolar-abre-em-alta-com-estimulos-do-bce-no-radar-04062020\/\"},\"author\":{\"name\":\"Poliana Santos\",\"@id\":\"https:\/\/www.suno.com.br\/noticias\/#\/schema\/person\/02ec1f752758247878a2bf4abee1aeda\"},\"headline\":\"D\u00f3lar abre em alta com est\u00edmulos do BCE no radar\",\"datePublished\":\"2020-06-04T12:57:55+00:00\",\"dateModified\":\"2021-02-18T01:43:28+00:00\",\"mainEntityOfPage\":{\"@id\":\"https:\/\/www.suno.com.br\/noticias\/dolar-abre-em-alta-com-estimulos-do-bce-no-radar-04062020\/\"},\"wordCount\":462,\"publisher\":{\"@id\":\"https:\/\/www.suno.com.br\/noticias\/#organization\"},\"image\":{\"@id\":\"https:\/\/www.suno.com.br\/noticias\/dolar-abre-em-alta-com-estimulos-do-bce-no-radar-04062020\/#primaryimage\"},\"thumbnailUrl\":\"https:\/\/files.sunoresearch.com.br\/n\/uploads\/2019\/01\/c27f20d7-d\u00f3lar-scaled.webp\",\"keywords\":[\"Banco Central Europeu (BCE)\",\"d\u00f3lar\",\"Estados Unidos (EUA)\"],\"articleSection\":[\"Mercado\"],\"inLanguage\":\"pt-BR\"},{\"@type\":\"WebPage\",\"@id\":\"https:\/\/www.suno.com.br\/noticias\/dolar-abre-em-alta-com-estimulos-do-bce-no-radar-04062020\/\",\"url\":\"https:\/\/www.suno.com.br\/noticias\/dolar-abre-em-alta-com-estimulos-do-bce-no-radar-04062020\/\",\"name\":\"D\u00f3lar abre em alta com est\u00edmulos do BCE no radar\",\"isPartOf\":{\"@id\":\"https:\/\/www.suno.com.br\/noticias\/#website\"},\"primaryImageOfPage\":{\"@id\":\"https:\/\/www.suno.com.br\/noticias\/dolar-abre-em-alta-com-estimulos-do-bce-no-radar-04062020\/#primaryimage\"},\"image\":{\"@id\":\"https:\/\/www.suno.com.br\/noticias\/dolar-abre-em-alta-com-estimulos-do-bce-no-radar-04062020\/#primaryimage\"},\"thumbnailUrl\":\"https:\/\/files.sunoresearch.com.br\/n\/uploads\/2019\/01\/c27f20d7-d\u00f3lar-scaled.webp\",\"datePublished\":\"2020-06-04T12:57:55+00:00\",\"dateModified\":\"2021-02-18T01:43:28+00:00\",\"description\":\"Por volta das 9h40, nesta quinta-feira (4), o d\u00f3lar operava em alta de 0,574%, sendo negociado a R$ 5,1137. Clique aqui e saiba mais\",\"breadcrumb\":{\"@id\":\"https:\/\/www.suno.com.br\/noticias\/dolar-abre-em-alta-com-estimulos-do-bce-no-radar-04062020\/#breadcrumb\"},\"inLanguage\":\"pt-BR\",\"potentialAction\":[{\"@type\":\"ReadAction\",\"target\":[\"https:\/\/www.suno.com.br\/noticias\/dolar-abre-em-alta-com-estimulos-do-bce-no-radar-04062020\/\"]}]},{\"@type\":\"ImageObject\",\"inLanguage\":\"pt-BR\",\"@id\":\"https:\/\/www.suno.com.br\/noticias\/dolar-abre-em-alta-com-estimulos-do-bce-no-radar-04062020\/#primaryimage\",\"url\":\"https:\/\/files.sunoresearch.com.br\/n\/uploads\/2019\/01\/c27f20d7-d\u00f3lar-scaled.webp\",\"contentUrl\":\"https:\/\/files.sunoresearch.com.br\/n\/uploads\/2019\/01\/c27f20d7-d\u00f3lar-scaled.webp\",\"width\":2560,\"height\":1702,\"caption\":\"D\u00f3lar\"},{\"@type\":\"BreadcrumbList\",\"@id\":\"https:\/\/www.suno.com.br\/noticias\/dolar-abre-em-alta-com-estimulos-do-bce-no-radar-04062020\/#breadcrumb\",\"itemListElement\":[{\"@type\":\"ListItem\",\"position\":1,\"name\":\"Not\u00edcias\",\"item\":\"https:\/\/www.suno.com.br\/noticias\/\"},{\"@type\":\"ListItem\",\"position\":2,\"name\":\"Mercado\",\"item\":\"https:\/\/www.suno.com.br\/noticias\/mercado\/\"},{\"@type\":\"ListItem\",\"position\":3,\"name\":\"D\u00f3lar abre em alta com est\u00edmulos do BCE no radar\"}]},{\"@type\":\"WebSite\",\"@id\":\"https:\/\/www.suno.com.br\/noticias\/#website\",\"url\":\"https:\/\/www.suno.com.br\/noticias\/\",\"name\":\"Suno Not\u00edcias\",\"description\":\"Seu portal de informa\u00e7\u00e3o sobre o mundo dos investimentos\",\"publisher\":{\"@id\":\"https:\/\/www.suno.com.br\/noticias\/#organization\"},\"potentialAction\":[{\"@type\":\"SearchAction\",\"target\":{\"@type\":\"EntryPoint\",\"urlTemplate\":\"https:\/\/www.suno.com.br\/noticias\/?s={search_term_string}\"},\"query-input\":{\"@type\":\"PropertyValueSpecification\",\"valueRequired\":true,\"valueName\":\"search_term_string\"}}],\"inLanguage\":\"pt-BR\"},{\"@type\":\"Organization\",\"@id\":\"https:\/\/www.suno.com.br\/noticias\/#organization\",\"name\":\"Suno Not\u00edcias\",\"url\":\"https:\/\/www.suno.com.br\/noticias\/\",\"logo\":{\"@type\":\"ImageObject\",\"inLanguage\":\"pt-BR\",\"@id\":\"https:\/\/www.suno.com.br\/noticias\/#\/schema\/logo\/image\/\",\"url\":\"https:\/\/files.sunoresearch.com.br\/n\/uploads\/2021\/09\/suno-logo.png\",\"contentUrl\":\"https:\/\/files.sunoresearch.com.br\/n\/uploads\/2021\/09\/suno-logo.png\",\"width\":180,\"height\":180,\"caption\":\"Suno Not\u00edcias\"},\"image\":{\"@id\":\"https:\/\/www.suno.com.br\/noticias\/#\/schema\/logo\/image\/\"},\"sameAs\":[\"https:\/\/facebook.com\/sunoresearch\",\"https:\/\/x.com\/sunoresearch\",\"https:\/\/www.instagram.com\/suno\",\"https:\/\/www.linkedin.com\/company\/suno-research\/\",\"https:\/\/www.youtube.com\/c\/sunoresearch\"]},{\"@type\":\"Person\",\"@id\":\"https:\/\/www.suno.com.br\/noticias\/#\/schema\/person\/02ec1f752758247878a2bf4abee1aeda\",\"name\":\"Poliana Santos\",\"image\":{\"@type\":\"ImageObject\",\"inLanguage\":\"pt-BR\",\"@id\":\"https:\/\/www.suno.com.br\/noticias\/#\/schema\/person\/image\/\",\"url\":\"https:\/\/secure.gravatar.com\/avatar\/0645bd32f23d87b2130f2b2dff1d3f8d?s=96&r=g\",\"contentUrl\":\"https:\/\/secure.gravatar.com\/avatar\/0645bd32f23d87b2130f2b2dff1d3f8d?s=96&r=g\",\"caption\":\"Poliana Santos\"},\"description\":\"Rep\u00f3rter no Suno Not\u00edcias, com cobertura em mercado financeiro, economia, finan\u00e7as pessoais, renda fixa e varejo. Jornalista formada pela Faculdade C\u00e1sper L\u00edbero e possui passagem na R\u00e1dio Gazeta AM com a produ\u00e7\u00e3o de conte\u00fado sobre economia, pol\u00edtica, sa\u00fade, moda e m\u00fasica. Possui certificado de conclus\u00e3o do curso de An\u00e1lise de Balan\u00e7os pela Funda\u00e7\u00e3o Bradesco, Agenda Brasil pela FAAP, Educa\u00e7\u00e3o Pol\u00edtica por Alexandre Garcia e do Tesouro Direto e Mercado de A\u00e7\u00f5es pela B3.\",\"url\":\"https:\/\/www.suno.com.br\/noticias\/author\/poliana-santos\/\"}]}<\/script>\n<!-- \/ Yoast SEO plugin. -->","yoast_head_json":{"title":"D\u00f3lar abre em alta com est\u00edmulos do BCE no radar","description":"Por volta das 9h40, nesta quinta-feira (4), o d\u00f3lar operava em alta de 0,574%, sendo negociado a R$ 5,1137. Clique aqui e saiba mais","robots":{"index":"index","follow":"follow","max-snippet":"max-snippet:-1","max-image-preview":"max-image-preview:large","max-video-preview":"max-video-preview:-1"},"canonical":"https:\/\/www.suno.com.br\/noticias\/dolar-abre-em-alta-com-estimulos-do-bce-no-radar-04062020\/","og_locale":"pt_BR","og_type":"article","og_title":"D\u00f3lar abre em alta com est\u00edmulos do BCE no radar","og_description":"Por volta das 9h40, nesta quinta-feira (4), o d\u00f3lar operava em alta de 0,574%, sendo negociado a R$ 5,1137. Clique aqui e saiba mais","og_url":"https:\/\/www.suno.com.br\/noticias\/dolar-abre-em-alta-com-estimulos-do-bce-no-radar-04062020\/","og_site_name":"Suno Not\u00edcias","article_publisher":"https:\/\/facebook.com\/sunoresearch","og_image":[{"width":1024,"height":681,"url":"https:\/\/files.sunoresearch.com.br\/n\/uploads\/2019\/01\/c27f20d7-d\u00f3lar-1024x681.jpg","type":"image\/jpeg"}],"author":"Poliana Santos","twitter_card":"summary_large_image","twitter_creator":"@sunoresearch","twitter_site":"@sunoresearch","twitter_misc":{"Escrito por":"Poliana Santos","Est. tempo de leitura":"2 minutos"},"schema":{"@context":"https:\/\/schema.org","@graph":[{"@type":"NewsArticle","@id":"https:\/\/www.suno.com.br\/noticias\/dolar-abre-em-alta-com-estimulos-do-bce-no-radar-04062020\/#article","isPartOf":{"@id":"https:\/\/www.suno.com.br\/noticias\/dolar-abre-em-alta-com-estimulos-do-bce-no-radar-04062020\/"},"author":{"name":"Poliana Santos","@id":"https:\/\/www.suno.com.br\/noticias\/#\/schema\/person\/02ec1f752758247878a2bf4abee1aeda"},"headline":"D\u00f3lar abre em alta com est\u00edmulos do BCE no radar","datePublished":"2020-06-04T12:57:55+00:00","dateModified":"2021-02-18T01:43:28+00:00","mainEntityOfPage":{"@id":"https:\/\/www.suno.com.br\/noticias\/dolar-abre-em-alta-com-estimulos-do-bce-no-radar-04062020\/"},"wordCount":462,"publisher":{"@id":"https:\/\/www.suno.com.br\/noticias\/#organization"},"image":{"@id":"https:\/\/www.suno.com.br\/noticias\/dolar-abre-em-alta-com-estimulos-do-bce-no-radar-04062020\/#primaryimage"},"thumbnailUrl":"https:\/\/files.sunoresearch.com.br\/n\/uploads\/2019\/01\/c27f20d7-d\u00f3lar-scaled.webp","keywords":["Banco Central Europeu (BCE)","d\u00f3lar","Estados Unidos (EUA)"],"articleSection":["Mercado"],"inLanguage":"pt-BR"},{"@type":"WebPage","@id":"https:\/\/www.suno.com.br\/noticias\/dolar-abre-em-alta-com-estimulos-do-bce-no-radar-04062020\/","url":"https:\/\/www.suno.com.br\/noticias\/dolar-abre-em-alta-com-estimulos-do-bce-no-radar-04062020\/","name":"D\u00f3lar abre em alta com est\u00edmulos do BCE no radar","isPartOf":{"@id":"https:\/\/www.suno.com.br\/noticias\/#website"},"primaryImageOfPage":{"@id":"https:\/\/www.suno.com.br\/noticias\/dolar-abre-em-alta-com-estimulos-do-bce-no-radar-04062020\/#primaryimage"},"image":{"@id":"https:\/\/www.suno.com.br\/noticias\/dolar-abre-em-alta-com-estimulos-do-bce-no-radar-04062020\/#primaryimage"},"thumbnailUrl":"https:\/\/files.sunoresearch.com.br\/n\/uploads\/2019\/01\/c27f20d7-d\u00f3lar-scaled.webp","datePublished":"2020-06-04T12:57:55+00:00","dateModified":"2021-02-18T01:43:28+00:00","description":"Por volta das 9h40, nesta quinta-feira (4), o d\u00f3lar operava em alta de 0,574%, sendo negociado a R$ 5,1137. Clique aqui e saiba mais","breadcrumb":{"@id":"https:\/\/www.suno.com.br\/noticias\/dolar-abre-em-alta-com-estimulos-do-bce-no-radar-04062020\/#breadcrumb"},"inLanguage":"pt-BR","potentialAction":[{"@type":"ReadAction","target":["https:\/\/www.suno.com.br\/noticias\/dolar-abre-em-alta-com-estimulos-do-bce-no-radar-04062020\/"]}]},{"@type":"ImageObject","inLanguage":"pt-BR","@id":"https:\/\/www.suno.com.br\/noticias\/dolar-abre-em-alta-com-estimulos-do-bce-no-radar-04062020\/#primaryimage","url":"https:\/\/files.sunoresearch.com.br\/n\/uploads\/2019\/01\/c27f20d7-d\u00f3lar-scaled.webp","contentUrl":"https:\/\/files.sunoresearch.com.br\/n\/uploads\/2019\/01\/c27f20d7-d\u00f3lar-scaled.webp","width":2560,"height":1702,"caption":"D\u00f3lar"},{"@type":"BreadcrumbList","@id":"https:\/\/www.suno.com.br\/noticias\/dolar-abre-em-alta-com-estimulos-do-bce-no-radar-04062020\/#breadcrumb","itemListElement":[{"@type":"ListItem","position":1,"name":"Not\u00edcias","item":"https:\/\/www.suno.com.br\/noticias\/"},{"@type":"ListItem","position":2,"name":"Mercado","item":"https:\/\/www.suno.com.br\/noticias\/mercado\/"},{"@type":"ListItem","position":3,"name":"D\u00f3lar abre em alta com est\u00edmulos do BCE no radar"}]},{"@type":"WebSite","@id":"https:\/\/www.suno.com.br\/noticias\/#website","url":"https:\/\/www.suno.com.br\/noticias\/","name":"Suno Not\u00edcias","description":"Seu portal de informa\u00e7\u00e3o sobre o mundo dos investimentos","publisher":{"@id":"https:\/\/www.suno.com.br\/noticias\/#organization"},"potentialAction":[{"@type":"SearchAction","target":{"@type":"EntryPoint","urlTemplate":"https:\/\/www.suno.com.br\/noticias\/?s={search_term_string}"},"query-input":{"@type":"PropertyValueSpecification","valueRequired":true,"valueName":"search_term_string"}}],"inLanguage":"pt-BR"},{"@type":"Organization","@id":"https:\/\/www.suno.com.br\/noticias\/#organization","name":"Suno Not\u00edcias","url":"https:\/\/www.suno.com.br\/noticias\/","logo":{"@type":"ImageObject","inLanguage":"pt-BR","@id":"https:\/\/www.suno.com.br\/noticias\/#\/schema\/logo\/image\/","url":"https:\/\/files.sunoresearch.com.br\/n\/uploads\/2021\/09\/suno-logo.png","contentUrl":"https:\/\/files.sunoresearch.com.br\/n\/uploads\/2021\/09\/suno-logo.png","width":180,"height":180,"caption":"Suno Not\u00edcias"},"image":{"@id":"https:\/\/www.suno.com.br\/noticias\/#\/schema\/logo\/image\/"},"sameAs":["https:\/\/facebook.com\/sunoresearch","https:\/\/x.com\/sunoresearch","https:\/\/www.instagram.com\/suno","https:\/\/www.linkedin.com\/company\/suno-research\/","https:\/\/www.youtube.com\/c\/sunoresearch"]},{"@type":"Person","@id":"https:\/\/www.suno.com.br\/noticias\/#\/schema\/person\/02ec1f752758247878a2bf4abee1aeda","name":"Poliana Santos","image":{"@type":"ImageObject","inLanguage":"pt-BR","@id":"https:\/\/www.suno.com.br\/noticias\/#\/schema\/person\/image\/","url":"https:\/\/secure.gravatar.com\/avatar\/0645bd32f23d87b2130f2b2dff1d3f8d?s=96&r=g","contentUrl":"https:\/\/secure.gravatar.com\/avatar\/0645bd32f23d87b2130f2b2dff1d3f8d?s=96&r=g","caption":"Poliana Santos"},"description":"Rep\u00f3rter no Suno Not\u00edcias, com cobertura em mercado financeiro, economia, finan\u00e7as pessoais, renda fixa e varejo. Jornalista formada pela Faculdade C\u00e1sper L\u00edbero e possui passagem na R\u00e1dio Gazeta AM com a produ\u00e7\u00e3o de conte\u00fado sobre economia, pol\u00edtica, sa\u00fade, moda e m\u00fasica. Possui certificado de conclus\u00e3o do curso de An\u00e1lise de Balan\u00e7os pela Funda\u00e7\u00e3o Bradesco, Agenda Brasil pela FAAP, Educa\u00e7\u00e3o Pol\u00edtica por Alexandre Garcia e do Tesouro Direto e Mercado de A\u00e7\u00f5es pela B3.","url":"https:\/\/www.suno.com.br\/noticias\/author\/poliana-santos\/"}]}},"default_loop_html":"<div class=\"cardsPage__listCard__boxs\"><div class=\"cardsPage__listCard__boxs__img\"><a href=\"https:\/\/www.suno.com.br\/noticias\/dolar-abre-em-alta-com-estimulos-do-bce-no-radar-04062020\/\"><img class=\"mask\" src=\"https:\/\/www.suno.com.br\/noticias\/wp-content\/themes\/suno\/resources\/images\/spotlight\/spotlight1img\/bg-mask.png\" alt=\"Image Mask\"\/><img src=\"https:\/\/files.sunoresearch.com.br\/n\/uploads\/2019\/01\/c27f20d7-d\u00f3lar-400x200.webp\" alt=\"D\u00f3lar abre em alta com est\u00edmulos do BCE no radar\"\/><\/a><span class=\"spotlightCategory\"><a href=\"https:\/\/www.suno.com.br\/noticias\/mercado\/\">Mercado<\/a><\/span><\/div><div class=\"cardsPage__listCard__boxs__content\"><a href=\"https:\/\/www.suno.com.br\/noticias\/dolar-abre-em-alta-com-estimulos-do-bce-no-radar-04062020\/\"><h2 class=\"content__title\">D\u00f3lar abre em alta com est\u00edmulos do BCE no radar<\/h2><\/a><div class=\"newsContent__article__meta\"><div class=\"newsContent__article__meta__authorBox\"><a href=\"https:\/\/www.suno.com.br\/noticias\/author\/poliana-santos\/\" class=\"authorBox__avatar noMobi\"><img src=\"https:\/\/files.sunoresearch.com.br\/n\/uploads\/2020\/08\/7ef34026-whatsapp-image-2020-08-03-at-12.37.57-150x150.webp\" alt=\"Poliana Santos\"><\/a><div class=\"authorBox__name\"><span>por\n\t\t\t<a href=\"https:\/\/www.suno.com.br\/noticias\/author\/poliana-santos\/\"><span itemprop=\"author\">Poliana Santos<\/span><\/a><\/span><time datetime=\"2020-06-04T09:57:55-03:00\" itemprop=\"datePublished\">04\/06\/2020 09:57<\/time><\/div><\/div><\/div><\/div><\/div>","single_layout":"posts","amp_enabled":true,"_links":{"self":[{"href":"https:\/\/www.suno.com.br\/noticias\/wp-json\/wp\/v2\/posts\/67558"}],"collection":[{"href":"https:\/\/www.suno.com.br\/noticias\/wp-json\/wp\/v2\/posts"}],"about":[{"href":"https:\/\/www.suno.com.br\/noticias\/wp-json\/wp\/v2\/types\/post"}],"author":[{"embeddable":true,"href":"https:\/\/www.suno.com.br\/noticias\/wp-json\/wp\/v2\/users\/15"}],"replies":[{"embeddable":true,"href":"https:\/\/www.suno.com.br\/noticias\/wp-json\/wp\/v2\/comments?post=67558"}],"version-history":[{"count":0,"href":"https:\/\/www.suno.com.br\/noticias\/wp-json\/wp\/v2\/posts\/67558\/revisions"}],"wp:featuredmedia":[{"embeddable":true,"href":"https:\/\/www.suno.com.br\/noticias\/wp-json\/wp\/v2\/media\/12372"}],"wp:attachment":[{"href":"https:\/\/www.suno.com.br\/noticias\/wp-json\/wp\/v2\/media?parent=67558"}],"wp:term":[{"taxonomy":"category","embeddable":true,"href":"https:\/\/www.suno.com.br\/noticias\/wp-json\/wp\/v2\/categories?post=67558"},{"taxonomy":"post_tag","embeddable":true,"href":"https:\/\/www.suno.com.br\/noticias\/wp-json\/wp\/v2\/tags?post=67558"},{"taxonomy":"suno_strategy","embeddable":true,"href":"https:\/\/www.suno.com.br\/noticias\/wp-json\/wp\/v2\/suno_strategy?post=67558"}],"curies":[{"name":"wp","href":"https:\/\/api.w.org\/{rel}","templated":true}]}}