{"id":67444,"date":"2020-06-03T18:05:03","date_gmt":"2020-06-03T21:05:03","guid":{"rendered":"https:\/\/www.suno.com.br\/noticias\/?p=67444"},"modified":"2021-06-01T22:03:20","modified_gmt":"2021-06-02T01:03:20","slug":"airbus-producao-empregos-coronavirus","status":"publish","type":"post","link":"https:\/\/www.suno.com.br\/noticias\/airbus-producao-empregos-coronavirus\/","title":{"rendered":"Airbus projeta queda de 40% na produ\u00e7\u00e3o, segundo ag\u00eancia"},"content":{"rendered":"<p>A <strong>Airbus<\/strong> projeta uma redu\u00e7\u00e3o de 40% na produ\u00e7\u00e3o de jatos pelo per\u00edodo de dois anos devido aos impactos da <a href=\"https:\/\/www.suno.com.br\/artigos\/crise-economica-oportunidade-ou-ameaca\/\">crise<\/a> causada pela <a href=\"https:\/\/www.suno.com.br\/noticias\/tags\/pandemia\/\">pandemia de coronav\u00edrus (Covid-19)<\/a>. O corte na produ\u00e7\u00e3o deve levar a fabricante de avi\u00f5es a cortar empregos tamb\u00e9m, segundo fontes disseram a &#8216;Reuters&#8217; nessa quarta-feira (3).<\/p>\t<div class=\"wrapper-featured-image\">\n\t\t<figure class=\"spotlightImg\">\n\n\t\t\t<picture>\n\t\t\t\t<source media=\"(max-width: 768px)\" srcset=\"https:\/\/files.sunoresearch.com.br\/n\/uploads\/2020\/01\/be7c16e3-airbus-400x200.webp\">\n\t\t\t\t<img loading=\"lazy\" decoding=\"async\" class=\"newsContent__article__imgCapa lazyloadDisabled newsContent__article__imgCapa--noCaption\" src=\"https:\/\/files.sunoresearch.com.br\/n\/uploads\/2020\/01\/be7c16e3-airbus-jpg.webp\" width=\"800\" height=\"450\" alt=\"Airbus projeta queda de 40% na produ\u00e7\u00e3o, segundo ag\u00eancia\" fetchpriority=high \/>\n\t\t\t<\/picture>\n\n\t\t\t<figcaption class=\"wp-caption-text wp-caption-text--hide\">Airbus (Foto: Divulga\u00e7\u00e3o)<\/figcaption>\n\t\t<\/figure>\n\t<\/div>\n\n\n\n<p>Contudo, a Airbus j\u00e1 comunicou ao mercado que cortaria cerca de um ter\u00e7o de sua produ\u00e7\u00e3o, em compara\u00e7\u00e3o com as proje\u00e7\u00f5es anteriores a pandemia. Entretanto, para alguns analistas, essa vis\u00e3o \u00e9 otimista.<\/p>\n<p>Vale ressaltar que a produ\u00e7\u00e3o da fabricante de avi\u00f5es \u00e9, em grande parte, referente ao modelo A320. Frente a isso, s\u00e3o as altera\u00e7\u00f5es nesse setor que influenciar\u00e3o as decis\u00f5es de cortes da companhia.<\/p>\n<p><a href=\"https:\/\/lp.suno.com.br\/suno-one\/\">No Suno One voc\u00ea aprende a fazer seu dinheiro para trabalhar para voc\u00ea. Cadastre-se gratuitamente agora!<\/a><\/p>\n<p>De acordo com declara\u00e7\u00f5es de fontes \u00e0 &#8216;Reuters&#8217;, a companhia conta com 35 mil empregados trabalhando na produ\u00e7\u00e3o e desse total, 14 mil vagas devem ser cortadas, junto com a redu\u00e7\u00e3o de 40% da produ\u00e7\u00e3o.<\/p>\n<p>Entretanto, outra fonte indicou que os cortes de empregos devem variar entre 15 mil e 20 mil. Segundo a declara\u00e7\u00e3o, a quantidade depender\u00e1 do andamento da recupera\u00e7\u00e3o da companhia, bem como seu plano de preserva\u00e7\u00e3o.<\/p>\n<h2>Resultados da Airbus em 2019<\/h2>\n<p>A Airbus anunciou, no in\u00edcio deste ano, que produziu 863 aeronaves em 2019, com alta de 8% em compara\u00e7\u00e3o a 2018.<\/p>\n<p><a href=\"https:\/\/www.suno.com.br\/noticias\/airbus-alta-producao-avioes-superar-boeing\/\">Saiba mais: Airbus tem alta na produ\u00e7\u00e3o e pode superar Boeing como maior fabricante de avi\u00f5es<\/a><\/p>\n<p>O resultado positivo ocorreu em meio a crise em uma de suas principais concorrentes, a <strong>Boeing<\/strong>, que foi prejudicada pela suspens\u00e3o dos voos do modelo 737 Max ap\u00f3s dois acidentes. Com isso, a estimativa \u00e9 que a fabricante europeia ultrapasse a concorrente e se torne a maior fabricante de aeronaves do mundo.<\/p>\n<p>Mesmo com o bom resultado apresentado, a <strong>Airbus<\/strong> esperava um n\u00famero ainda maior de vendas. No in\u00edcio do ano de 2019, a companhia previa entregar entre 880 a 890 aeronaves. Entretanto, em outubro a estimativa foi revisada para baixo. A redu\u00e7\u00e3o ocorreu por conta de problemas com a produ\u00e7\u00e3o do modelo A321 ACF.<\/p>\n\n","protected":false},"excerpt":{"rendered":"<p>A Airbus projeta uma redu\u00e7\u00e3o de 40% na produ\u00e7\u00e3o de jatos pelo per\u00edodo de dois anos devido aos impactos da crise causada pela pandemia de coronav\u00edrus (Covid-19). O corte na produ\u00e7\u00e3o deve levar a fabricante de avi\u00f5es a cortar empregos tamb\u00e9m, segundo fontes disseram a &#8216;Reuters&#8217; nessa quarta-feira (3). Airbus (Foto: Divulga\u00e7\u00e3o) Contudo, a Airbus [&hellip;]<\/p>\n","protected":false},"author":39,"featured_media":49364,"comment_status":"closed","ping_status":"closed","sticky":false,"template":"","format":"standard","meta":[],"categories":[64],"tags":[947,2487,1796],"suno_strategy":[],"class_list":["post-67444","post","type-post","status-publish","format-standard","has-post-thumbnail","hentry","category-negocios","tag-airbus","tag-coronavirus","tag-emprego"],"yoast_head":"<!-- This site is optimized with the Yoast SEO plugin v24.4 - https:\/\/yoast.com\/wordpress\/plugins\/seo\/ -->\n<title>Airbus projeta queda de 40% na produ\u00e7\u00e3o, segundo ag\u00eancia<\/title>\n<meta name=\"description\" content=\"A Airbus projeta uma redu\u00e7\u00e3o de 40% na produ\u00e7\u00e3o por dois anos, o que deve levar a cortes de empregos. Clique aqui para saber mais.\" \/>\n<meta name=\"robots\" content=\"index, follow, max-snippet:-1, max-image-preview:large, max-video-preview:-1\" \/>\n<link rel=\"canonical\" href=\"https:\/\/www.suno.com.br\/noticias\/airbus-producao-empregos-coronavirus\/\" \/>\n<meta property=\"og:locale\" content=\"pt_BR\" \/>\n<meta property=\"og:type\" content=\"article\" \/>\n<meta property=\"og:title\" content=\"Airbus projeta queda de 40% na produ\u00e7\u00e3o, segundo ag\u00eancia\" \/>\n<meta property=\"og:description\" content=\"A Airbus projeta uma redu\u00e7\u00e3o de 40% na produ\u00e7\u00e3o por dois anos, o que deve levar a cortes de empregos. Clique aqui para saber mais.\" \/>\n<meta property=\"og:url\" content=\"https:\/\/www.suno.com.br\/noticias\/airbus-producao-empregos-coronavirus\/\" \/>\n<meta property=\"og:site_name\" content=\"Suno Not\u00edcias\" \/>\n<meta property=\"article:publisher\" content=\"https:\/\/facebook.com\/sunoresearch\" \/>\n<meta property=\"og:image\" content=\"https:\/\/files.sunoresearch.com.br\/n\/uploads\/2020\/01\/be7c16e3-airbus.jpg\" \/>\n\t<meta property=\"og:image:width\" content=\"678\" \/>\n\t<meta property=\"og:image:height\" content=\"452\" \/>\n\t<meta property=\"og:image:type\" content=\"image\/jpeg\" \/>\n<meta name=\"author\" content=\"Laura Moutinho\" \/>\n<meta name=\"twitter:card\" content=\"summary_large_image\" \/>\n<meta name=\"twitter:creator\" content=\"@sunoresearch\" \/>\n<meta name=\"twitter:site\" content=\"@sunoresearch\" \/>\n<meta name=\"twitter:label1\" content=\"Escrito por\" \/>\n\t<meta name=\"twitter:data1\" content=\"Laura Moutinho\" \/>\n\t<meta name=\"twitter:label2\" content=\"Est. tempo de leitura\" \/>\n\t<meta name=\"twitter:data2\" content=\"2 minutos\" \/>\n<script type=\"application\/ld+json\" class=\"yoast-schema-graph\">{\"@context\":\"https:\/\/schema.org\",\"@graph\":[{\"@type\":\"NewsArticle\",\"@id\":\"https:\/\/www.suno.com.br\/noticias\/airbus-producao-empregos-coronavirus\/#article\",\"isPartOf\":{\"@id\":\"https:\/\/www.suno.com.br\/noticias\/airbus-producao-empregos-coronavirus\/\"},\"author\":{\"name\":\"Laura Moutinho\",\"@id\":\"https:\/\/www.suno.com.br\/noticias\/#\/schema\/person\/3df0d2808748b74496efe5dbeaef2c72\"},\"headline\":\"Airbus projeta queda de 40% na produ\u00e7\u00e3o, segundo ag\u00eancia\",\"datePublished\":\"2020-06-03T21:05:03+00:00\",\"dateModified\":\"2021-06-02T01:03:20+00:00\",\"mainEntityOfPage\":{\"@id\":\"https:\/\/www.suno.com.br\/noticias\/airbus-producao-empregos-coronavirus\/\"},\"wordCount\":380,\"publisher\":{\"@id\":\"https:\/\/www.suno.com.br\/noticias\/#organization\"},\"image\":{\"@id\":\"https:\/\/www.suno.com.br\/noticias\/airbus-producao-empregos-coronavirus\/#primaryimage\"},\"thumbnailUrl\":\"https:\/\/files.sunoresearch.com.br\/n\/uploads\/2020\/01\/be7c16e3-airbus-jpg.webp\",\"keywords\":[\"Airbus\",\"coronav\u00edrus\",\"Emprego\"],\"articleSection\":[\"Neg\u00f3cios\"],\"inLanguage\":\"pt-BR\"},{\"@type\":\"WebPage\",\"@id\":\"https:\/\/www.suno.com.br\/noticias\/airbus-producao-empregos-coronavirus\/\",\"url\":\"https:\/\/www.suno.com.br\/noticias\/airbus-producao-empregos-coronavirus\/\",\"name\":\"Airbus projeta queda de 40% na produ\u00e7\u00e3o, segundo ag\u00eancia\",\"isPartOf\":{\"@id\":\"https:\/\/www.suno.com.br\/noticias\/#website\"},\"primaryImageOfPage\":{\"@id\":\"https:\/\/www.suno.com.br\/noticias\/airbus-producao-empregos-coronavirus\/#primaryimage\"},\"image\":{\"@id\":\"https:\/\/www.suno.com.br\/noticias\/airbus-producao-empregos-coronavirus\/#primaryimage\"},\"thumbnailUrl\":\"https:\/\/files.sunoresearch.com.br\/n\/uploads\/2020\/01\/be7c16e3-airbus-jpg.webp\",\"datePublished\":\"2020-06-03T21:05:03+00:00\",\"dateModified\":\"2021-06-02T01:03:20+00:00\",\"description\":\"A Airbus projeta uma redu\u00e7\u00e3o de 40% na produ\u00e7\u00e3o por dois anos, o que deve levar a cortes de empregos. Clique aqui para saber mais.\",\"breadcrumb\":{\"@id\":\"https:\/\/www.suno.com.br\/noticias\/airbus-producao-empregos-coronavirus\/#breadcrumb\"},\"inLanguage\":\"pt-BR\",\"potentialAction\":[{\"@type\":\"ReadAction\",\"target\":[\"https:\/\/www.suno.com.br\/noticias\/airbus-producao-empregos-coronavirus\/\"]}]},{\"@type\":\"ImageObject\",\"inLanguage\":\"pt-BR\",\"@id\":\"https:\/\/www.suno.com.br\/noticias\/airbus-producao-empregos-coronavirus\/#primaryimage\",\"url\":\"https:\/\/files.sunoresearch.com.br\/n\/uploads\/2020\/01\/be7c16e3-airbus-jpg.webp\",\"contentUrl\":\"https:\/\/files.sunoresearch.com.br\/n\/uploads\/2020\/01\/be7c16e3-airbus-jpg.webp\",\"width\":678,\"height\":452,\"caption\":\"Airbus (Foto: Divulga\u00e7\u00e3o)\"},{\"@type\":\"BreadcrumbList\",\"@id\":\"https:\/\/www.suno.com.br\/noticias\/airbus-producao-empregos-coronavirus\/#breadcrumb\",\"itemListElement\":[{\"@type\":\"ListItem\",\"position\":1,\"name\":\"Not\u00edcias\",\"item\":\"https:\/\/www.suno.com.br\/noticias\/\"},{\"@type\":\"ListItem\",\"position\":2,\"name\":\"Neg\u00f3cios\",\"item\":\"https:\/\/www.suno.com.br\/noticias\/negocios\/\"},{\"@type\":\"ListItem\",\"position\":3,\"name\":\"Airbus projeta queda de 40% na produ\u00e7\u00e3o, segundo ag\u00eancia\"}]},{\"@type\":\"WebSite\",\"@id\":\"https:\/\/www.suno.com.br\/noticias\/#website\",\"url\":\"https:\/\/www.suno.com.br\/noticias\/\",\"name\":\"Suno Not\u00edcias\",\"description\":\"Seu portal de informa\u00e7\u00e3o sobre o mundo dos investimentos\",\"publisher\":{\"@id\":\"https:\/\/www.suno.com.br\/noticias\/#organization\"},\"potentialAction\":[{\"@type\":\"SearchAction\",\"target\":{\"@type\":\"EntryPoint\",\"urlTemplate\":\"https:\/\/www.suno.com.br\/noticias\/?s={search_term_string}\"},\"query-input\":{\"@type\":\"PropertyValueSpecification\",\"valueRequired\":true,\"valueName\":\"search_term_string\"}}],\"inLanguage\":\"pt-BR\"},{\"@type\":\"Organization\",\"@id\":\"https:\/\/www.suno.com.br\/noticias\/#organization\",\"name\":\"Suno Not\u00edcias\",\"url\":\"https:\/\/www.suno.com.br\/noticias\/\",\"logo\":{\"@type\":\"ImageObject\",\"inLanguage\":\"pt-BR\",\"@id\":\"https:\/\/www.suno.com.br\/noticias\/#\/schema\/logo\/image\/\",\"url\":\"https:\/\/files.sunoresearch.com.br\/n\/uploads\/2021\/09\/suno-logo.png\",\"contentUrl\":\"https:\/\/files.sunoresearch.com.br\/n\/uploads\/2021\/09\/suno-logo.png\",\"width\":180,\"height\":180,\"caption\":\"Suno Not\u00edcias\"},\"image\":{\"@id\":\"https:\/\/www.suno.com.br\/noticias\/#\/schema\/logo\/image\/\"},\"sameAs\":[\"https:\/\/facebook.com\/sunoresearch\",\"https:\/\/x.com\/sunoresearch\",\"https:\/\/www.instagram.com\/suno\",\"https:\/\/www.linkedin.com\/company\/suno-research\/\",\"https:\/\/www.youtube.com\/c\/sunoresearch\"]},{\"@type\":\"Person\",\"@id\":\"https:\/\/www.suno.com.br\/noticias\/#\/schema\/person\/3df0d2808748b74496efe5dbeaef2c72\",\"name\":\"Laura Moutinho\",\"image\":{\"@type\":\"ImageObject\",\"inLanguage\":\"pt-BR\",\"@id\":\"https:\/\/www.suno.com.br\/noticias\/#\/schema\/person\/image\/\",\"url\":\"https:\/\/secure.gravatar.com\/avatar\/7571c7c8ca3a6fca5e41384ece5557ff?s=96&r=g\",\"contentUrl\":\"https:\/\/secure.gravatar.com\/avatar\/7571c7c8ca3a6fca5e41384ece5557ff?s=96&r=g\",\"caption\":\"Laura Moutinho\"},\"description\":\"Estagi\u00e1ria na Suno Not\u00edcias, escreve not\u00edcias que afetam o mercado financeiro. Estuda administra\u00e7\u00e3o na Universidade Presbiteriana Mackenzie.\",\"url\":\"https:\/\/www.suno.com.br\/noticias\/author\/laura-moutinho\/\"}]}<\/script>\n<!-- \/ Yoast SEO plugin. -->","yoast_head_json":{"title":"Airbus projeta queda de 40% na produ\u00e7\u00e3o, segundo ag\u00eancia","description":"A Airbus projeta uma redu\u00e7\u00e3o de 40% na produ\u00e7\u00e3o por dois anos, o que deve levar a cortes de empregos. Clique aqui para saber mais.","robots":{"index":"index","follow":"follow","max-snippet":"max-snippet:-1","max-image-preview":"max-image-preview:large","max-video-preview":"max-video-preview:-1"},"canonical":"https:\/\/www.suno.com.br\/noticias\/airbus-producao-empregos-coronavirus\/","og_locale":"pt_BR","og_type":"article","og_title":"Airbus projeta queda de 40% na produ\u00e7\u00e3o, segundo ag\u00eancia","og_description":"A Airbus projeta uma redu\u00e7\u00e3o de 40% na produ\u00e7\u00e3o por dois anos, o que deve levar a cortes de empregos. Clique aqui para saber mais.","og_url":"https:\/\/www.suno.com.br\/noticias\/airbus-producao-empregos-coronavirus\/","og_site_name":"Suno Not\u00edcias","article_publisher":"https:\/\/facebook.com\/sunoresearch","og_image":[{"width":678,"height":452,"url":"https:\/\/files.sunoresearch.com.br\/n\/uploads\/2020\/01\/be7c16e3-airbus.jpg","type":"image\/jpeg"}],"author":"Laura Moutinho","twitter_card":"summary_large_image","twitter_creator":"@sunoresearch","twitter_site":"@sunoresearch","twitter_misc":{"Escrito por":"Laura Moutinho","Est. tempo de leitura":"2 minutos"},"schema":{"@context":"https:\/\/schema.org","@graph":[{"@type":"NewsArticle","@id":"https:\/\/www.suno.com.br\/noticias\/airbus-producao-empregos-coronavirus\/#article","isPartOf":{"@id":"https:\/\/www.suno.com.br\/noticias\/airbus-producao-empregos-coronavirus\/"},"author":{"name":"Laura Moutinho","@id":"https:\/\/www.suno.com.br\/noticias\/#\/schema\/person\/3df0d2808748b74496efe5dbeaef2c72"},"headline":"Airbus projeta queda de 40% na produ\u00e7\u00e3o, segundo ag\u00eancia","datePublished":"2020-06-03T21:05:03+00:00","dateModified":"2021-06-02T01:03:20+00:00","mainEntityOfPage":{"@id":"https:\/\/www.suno.com.br\/noticias\/airbus-producao-empregos-coronavirus\/"},"wordCount":380,"publisher":{"@id":"https:\/\/www.suno.com.br\/noticias\/#organization"},"image":{"@id":"https:\/\/www.suno.com.br\/noticias\/airbus-producao-empregos-coronavirus\/#primaryimage"},"thumbnailUrl":"https:\/\/files.sunoresearch.com.br\/n\/uploads\/2020\/01\/be7c16e3-airbus-jpg.webp","keywords":["Airbus","coronav\u00edrus","Emprego"],"articleSection":["Neg\u00f3cios"],"inLanguage":"pt-BR"},{"@type":"WebPage","@id":"https:\/\/www.suno.com.br\/noticias\/airbus-producao-empregos-coronavirus\/","url":"https:\/\/www.suno.com.br\/noticias\/airbus-producao-empregos-coronavirus\/","name":"Airbus projeta queda de 40% na produ\u00e7\u00e3o, segundo ag\u00eancia","isPartOf":{"@id":"https:\/\/www.suno.com.br\/noticias\/#website"},"primaryImageOfPage":{"@id":"https:\/\/www.suno.com.br\/noticias\/airbus-producao-empregos-coronavirus\/#primaryimage"},"image":{"@id":"https:\/\/www.suno.com.br\/noticias\/airbus-producao-empregos-coronavirus\/#primaryimage"},"thumbnailUrl":"https:\/\/files.sunoresearch.com.br\/n\/uploads\/2020\/01\/be7c16e3-airbus-jpg.webp","datePublished":"2020-06-03T21:05:03+00:00","dateModified":"2021-06-02T01:03:20+00:00","description":"A Airbus projeta uma redu\u00e7\u00e3o de 40% na produ\u00e7\u00e3o por dois anos, o que deve levar a cortes de empregos. Clique aqui para saber mais.","breadcrumb":{"@id":"https:\/\/www.suno.com.br\/noticias\/airbus-producao-empregos-coronavirus\/#breadcrumb"},"inLanguage":"pt-BR","potentialAction":[{"@type":"ReadAction","target":["https:\/\/www.suno.com.br\/noticias\/airbus-producao-empregos-coronavirus\/"]}]},{"@type":"ImageObject","inLanguage":"pt-BR","@id":"https:\/\/www.suno.com.br\/noticias\/airbus-producao-empregos-coronavirus\/#primaryimage","url":"https:\/\/files.sunoresearch.com.br\/n\/uploads\/2020\/01\/be7c16e3-airbus-jpg.webp","contentUrl":"https:\/\/files.sunoresearch.com.br\/n\/uploads\/2020\/01\/be7c16e3-airbus-jpg.webp","width":678,"height":452,"caption":"Airbus (Foto: Divulga\u00e7\u00e3o)"},{"@type":"BreadcrumbList","@id":"https:\/\/www.suno.com.br\/noticias\/airbus-producao-empregos-coronavirus\/#breadcrumb","itemListElement":[{"@type":"ListItem","position":1,"name":"Not\u00edcias","item":"https:\/\/www.suno.com.br\/noticias\/"},{"@type":"ListItem","position":2,"name":"Neg\u00f3cios","item":"https:\/\/www.suno.com.br\/noticias\/negocios\/"},{"@type":"ListItem","position":3,"name":"Airbus projeta queda de 40% na produ\u00e7\u00e3o, segundo ag\u00eancia"}]},{"@type":"WebSite","@id":"https:\/\/www.suno.com.br\/noticias\/#website","url":"https:\/\/www.suno.com.br\/noticias\/","name":"Suno Not\u00edcias","description":"Seu portal de informa\u00e7\u00e3o sobre o mundo dos investimentos","publisher":{"@id":"https:\/\/www.suno.com.br\/noticias\/#organization"},"potentialAction":[{"@type":"SearchAction","target":{"@type":"EntryPoint","urlTemplate":"https:\/\/www.suno.com.br\/noticias\/?s={search_term_string}"},"query-input":{"@type":"PropertyValueSpecification","valueRequired":true,"valueName":"search_term_string"}}],"inLanguage":"pt-BR"},{"@type":"Organization","@id":"https:\/\/www.suno.com.br\/noticias\/#organization","name":"Suno Not\u00edcias","url":"https:\/\/www.suno.com.br\/noticias\/","logo":{"@type":"ImageObject","inLanguage":"pt-BR","@id":"https:\/\/www.suno.com.br\/noticias\/#\/schema\/logo\/image\/","url":"https:\/\/files.sunoresearch.com.br\/n\/uploads\/2021\/09\/suno-logo.png","contentUrl":"https:\/\/files.sunoresearch.com.br\/n\/uploads\/2021\/09\/suno-logo.png","width":180,"height":180,"caption":"Suno Not\u00edcias"},"image":{"@id":"https:\/\/www.suno.com.br\/noticias\/#\/schema\/logo\/image\/"},"sameAs":["https:\/\/facebook.com\/sunoresearch","https:\/\/x.com\/sunoresearch","https:\/\/www.instagram.com\/suno","https:\/\/www.linkedin.com\/company\/suno-research\/","https:\/\/www.youtube.com\/c\/sunoresearch"]},{"@type":"Person","@id":"https:\/\/www.suno.com.br\/noticias\/#\/schema\/person\/3df0d2808748b74496efe5dbeaef2c72","name":"Laura Moutinho","image":{"@type":"ImageObject","inLanguage":"pt-BR","@id":"https:\/\/www.suno.com.br\/noticias\/#\/schema\/person\/image\/","url":"https:\/\/secure.gravatar.com\/avatar\/7571c7c8ca3a6fca5e41384ece5557ff?s=96&r=g","contentUrl":"https:\/\/secure.gravatar.com\/avatar\/7571c7c8ca3a6fca5e41384ece5557ff?s=96&r=g","caption":"Laura Moutinho"},"description":"Estagi\u00e1ria na Suno Not\u00edcias, escreve not\u00edcias que afetam o mercado financeiro. Estuda administra\u00e7\u00e3o na Universidade Presbiteriana Mackenzie.","url":"https:\/\/www.suno.com.br\/noticias\/author\/laura-moutinho\/"}]}},"default_loop_html":"<div class=\"cardsPage__listCard__boxs\"><div class=\"cardsPage__listCard__boxs__img\"><a href=\"https:\/\/www.suno.com.br\/noticias\/airbus-producao-empregos-coronavirus\/\"><img class=\"mask\" src=\"https:\/\/www.suno.com.br\/noticias\/wp-content\/themes\/suno\/resources\/images\/spotlight\/spotlight1img\/bg-mask.png\" alt=\"Image Mask\"\/><img src=\"https:\/\/files.sunoresearch.com.br\/n\/uploads\/2020\/01\/be7c16e3-airbus-400x200.webp\" alt=\"Airbus projeta queda de 40% na produ\u00e7\u00e3o, segundo ag\u00eancia\"\/><\/a><span class=\"spotlightCategory\"><a href=\"https:\/\/www.suno.com.br\/noticias\/negocios\/\">Neg\u00f3cios<\/a><\/span><\/div><div class=\"cardsPage__listCard__boxs__content\"><a href=\"https:\/\/www.suno.com.br\/noticias\/airbus-producao-empregos-coronavirus\/\"><h2 class=\"content__title\">Airbus projeta queda de 40% na produ\u00e7\u00e3o, segundo ag\u00eancia<\/h2><\/a><div class=\"newsContent__article__meta\"><div class=\"newsContent__article__meta__authorBox\"><a href=\"https:\/\/www.suno.com.br\/noticias\/author\/laura-moutinho\/\" class=\"authorBox__avatar noMobi\"><img src=\"https:\/\/files.sunoresearch.com.br\/n\/uploads\/2020\/08\/531ff69d-whatsapp-image-2020-08-03-at-14.54.38-150x150.webp\" alt=\"Laura Moutinho\"><\/a><div class=\"authorBox__name\"><span>por\n\t\t\t<a href=\"https:\/\/www.suno.com.br\/noticias\/author\/laura-moutinho\/\"><span itemprop=\"author\">Laura Moutinho<\/span><\/a><\/span><time datetime=\"2020-06-03T18:05:03-03:00\" itemprop=\"datePublished\">03\/06\/2020 18:05<\/time><\/div><\/div><\/div><\/div><\/div>","single_layout":"posts","amp_enabled":true,"_links":{"self":[{"href":"https:\/\/www.suno.com.br\/noticias\/wp-json\/wp\/v2\/posts\/67444"}],"collection":[{"href":"https:\/\/www.suno.com.br\/noticias\/wp-json\/wp\/v2\/posts"}],"about":[{"href":"https:\/\/www.suno.com.br\/noticias\/wp-json\/wp\/v2\/types\/post"}],"author":[{"embeddable":true,"href":"https:\/\/www.suno.com.br\/noticias\/wp-json\/wp\/v2\/users\/39"}],"replies":[{"embeddable":true,"href":"https:\/\/www.suno.com.br\/noticias\/wp-json\/wp\/v2\/comments?post=67444"}],"version-history":[{"count":1,"href":"https:\/\/www.suno.com.br\/noticias\/wp-json\/wp\/v2\/posts\/67444\/revisions"}],"predecessor-version":[{"id":153879,"href":"https:\/\/www.suno.com.br\/noticias\/wp-json\/wp\/v2\/posts\/67444\/revisions\/153879"}],"wp:featuredmedia":[{"embeddable":true,"href":"https:\/\/www.suno.com.br\/noticias\/wp-json\/wp\/v2\/media\/49364"}],"wp:attachment":[{"href":"https:\/\/www.suno.com.br\/noticias\/wp-json\/wp\/v2\/media?parent=67444"}],"wp:term":[{"taxonomy":"category","embeddable":true,"href":"https:\/\/www.suno.com.br\/noticias\/wp-json\/wp\/v2\/categories?post=67444"},{"taxonomy":"post_tag","embeddable":true,"href":"https:\/\/www.suno.com.br\/noticias\/wp-json\/wp\/v2\/tags?post=67444"},{"taxonomy":"suno_strategy","embeddable":true,"href":"https:\/\/www.suno.com.br\/noticias\/wp-json\/wp\/v2\/suno_strategy?post=67444"}],"curies":[{"name":"wp","href":"https:\/\/api.w.org\/{rel}","templated":true}]}}