{"id":67440,"date":"2020-06-03T16:39:22","date_gmt":"2020-06-03T19:39:22","guid":{"rendered":"https:\/\/www.suno.com.br\/noticias\/?p=67440"},"modified":"2020-06-03T16:39:22","modified_gmt":"2020-06-03T19:39:22","slug":"forum-economico-mundial-acontece-2021","status":"publish","type":"post","link":"https:\/\/www.suno.com.br\/noticias\/forum-economico-mundial-acontece-2021\/","title":{"rendered":"F\u00f3rum Econ\u00f4mico Mundial de Davos acontecer\u00e1 normalmente em 2021"},"content":{"rendered":"<p class=\"canvas-atom canvas-text Mb(1.0em) Mb(0)--sm Mt(0.8em)--sm\" data-reactid=\"23\">O <a href=\"https:\/\/www.suno.com.br\/artigos\/direto-de-davos\/\"><strong>F\u00f3rum Econ\u00f4mico Mundial<\/strong><\/a> (WEF, no acr\u00f4nimo em ingl\u00eas) anunciou nesta quarta-feira (3) que realizar\u00e1 seu tradicional evento anual em Davos, na Su\u00ed\u00e7a, em janeiro de 2021. A reuni\u00e3o de chefes de Estado e de governo, l\u00edderes empresariais, diplomatas e personalidades de todo o mundo acontecer\u00e1 normalmente apesar da pandemia de coronav\u00edrus (covid-19), seja presencial que virtual.<\/p>\t<div class=\"wrapper-featured-image\">\n\t\t<figure class=\"spotlightImg\">\n\n\t\t\t<picture>\n\t\t\t\t<source media=\"(max-width: 768px)\" srcset=\"https:\/\/files.sunoresearch.com.br\/n\/uploads\/2019\/01\/e6bd7dc4-world-economic-forum-davos-400x200.webp\">\n\t\t\t\t<img loading=\"lazy\" decoding=\"async\" class=\"newsContent__article__imgCapa lazyloadDisabled newsContent__article__imgCapa--noCaption\" src=\"https:\/\/files.sunoresearch.com.br\/n\/uploads\/2019\/01\/e6bd7dc4-world-economic-forum-davos-jpg.webp\" width=\"800\" height=\"450\" alt=\"F\u00f3rum Econ\u00f4mico Mundial de Davos acontecer\u00e1 normalmente em 2021\" fetchpriority=high \/>\n\t\t\t<\/picture>\n\n\t\t\t<figcaption class=\"wp-caption-text wp-caption-text--hide\">F\u00f3rum Econ\u00f4mico Mundial est\u00e1 previsto para acontecer entre os dias 18 a 21 de maio de 2021.<\/figcaption>\n\t\t<\/figure>\n\t<\/div>\n\n<p class=\"canvas-atom canvas-text Mb(1.0em) Mb(0)--sm Mt(0.8em)--sm\" data-reactid=\"23\">O <a href=\"https:\/\/www.suno.com.br\/artigos\/direto-de-davos\/\"><strong>F\u00f3rum Econ\u00f4mico Mundial<\/strong><\/a> (WEF, no acr\u00f4nimo em ingl\u00eas) anunciou nesta quarta-feira (3) que realizar\u00e1 seu tradicional evento anual em Davos, na Su\u00ed\u00e7a, em janeiro de 2021. A reuni\u00e3o de chefes de Estado e de governo, l\u00edderes empresariais, diplomatas e personalidades de todo o mundo acontecer\u00e1 normalmente apesar da pandemia de coronav\u00edrus (covid-19), seja presencial que virtual.<\/p>\n<p data-reactid=\"23\"><\/p>\n<p class=\"canvas-atom canvas-text Mb(1.0em) Mb(0)--sm Mt(0.8em)--sm\" data-reactid=\"24\">Durante a 51\u00aa reuni\u00e3o do <a href=\"https:\/\/www.suno.com.br\/noticias\/tags\/davos\/\"><strong>WEF<\/strong><\/a>, cujo tema ser\u00e1 \u201cO Grande Rein\u00edcio\u201d (\u201cGreat Reset\u201d, em ingl\u00eas), vai ser inaugurada uma &#8220;configura\u00e7\u00e3o sem precedentes que incluir\u00e1 di\u00e1logos em pessoa e videoconfer\u00eancia&#8221;. A informa\u00e7\u00e3o foi divulgada em comunicado pelos organizadores do F\u00f3rum Econ\u00f4mico Mundial.<\/p>\n<p data-reactid=\"24\">Em 2021, o WEF criar\u00e1 uma rede mundial de participantes em 400 cidades no mundo inteiro para o chamado &#8220;di\u00e1logo sobre o futuro&#8221;, animado pela nova gera\u00e7\u00e3o.<\/p>\n\n<\/p>\n<p class=\"canvas-atom canvas-text Mb(1.0em) Mb(0)--sm Mt(0.8em)--sm\" data-reactid=\"25\">O fundador do <strong>WEF, Klaus<\/strong>\u00a0<strong>Schwab,<\/strong> anunciou a mudan\u00e7a durante uma reuni\u00e3o virtual conjunta com o pr\u00edncipe Charles do Reino Unido, do secret\u00e1rio-geral das Na\u00e7\u00f5es Unidas, <strong>Antonio Guterres,<\/strong> e da diretora-geral do <strong><a href=\"https:\/\/www.suno.com.br\/artigos\/fmi\/\">Fundo Monet\u00e1rio Internacional (FMI)<\/a><\/strong>, Kristalina Georgieva.<\/p>\n<p data-reactid=\"25\">Para Schwab, &#8220;sabemos que a mudan\u00e7a clim\u00e1tica pode ser a pr\u00f3xima cat\u00e1strofe global que trar\u00e1 consequ\u00eancias ainda mais dram\u00e1ticas para a humanidade&#8221;.<\/p>\n<p data-reactid=\"25\">Por isso, segundo o fundador do F\u00f3rum, \u00e9 necess\u00e1rio &#8220;um novo contrato social que honre a dignidade de cada ser humano&#8221;. Schwab salientou como a crise sanit\u00e1ria mundial revelou que &#8220;nosso sistema anterior em termos de coes\u00e3o social, aus\u00eancia de oportunidades iguais e inclus\u00e3o n\u00e3o \u00e9 sustent\u00e1vel&#8221;.<\/p>\n<p data-reactid=\"25\">Para o economista su\u00ed\u00e7o, a pandemia gerou rupturas de longo prazo nas economias e nas sociedades, provocando uma crise social que necessita urgentemente ser superada atrav\u00e9s da cria\u00e7\u00e3o de empregos com sal\u00e1rios decentes.<\/p>\n<p><p data-reactid=\"25\"><a href=\"https:\/\/www.suno.com.br\/noticias\/dez-principais-ideias-apresentadas-davos-2020\/\">Saiba mais: Davos: conhe\u00e7a as dez principais ideias apresentadas no F\u00f3rum 2020<\/a><\/p>\n<\/p>\n<p data-reactid=\"26\">Segundo Gueterres, a pandemia de covid-19 \u00e9 mais uma confirma\u00e7\u00e3o que &#8220;devemos considerar essa trag\u00e9dia humana como um sinal de alerta&#8221;. O chefe da ONU salientou a necessidade de construir &#8220;economias e sociedades mais igualit\u00e1rias, inclusivas e dur\u00e1veis, mais resistentes a pandemias, mudan\u00e7as clim\u00e1ticas e muitos outros desafios que estamos enfrentando globalmente&#8221;.<\/p>\n<h2 data-reactid=\"26\">F\u00f3rum Econ\u00f4mico Mundial alerta sobre medidas de relaxamento<\/h2>\n<p data-reactid=\"26\">Em nota, o <strong>F\u00f3rum Econ\u00f4mico Mundial<\/strong> salientou como as medidas de confinamento decretadas contra o coronav\u00edrus come\u00e7am a ser relaxadas em v\u00e1rios pa\u00edses. Entretanto, a ansiedade sobre as perspectivas mundiais nas \u00e1reas econ\u00f4mica e social n\u00e3o deixam de crescer.<\/p>\n<p data-reactid=\"26\"><\/p>\n","protected":false},"excerpt":{"rendered":"<p>O F\u00f3rum Econ\u00f4mico Mundial (WEF, no acr\u00f4nimo em ingl\u00eas) anunciou nesta quarta-feira (3) que realizar\u00e1 seu tradicional evento anual em Davos, na Su\u00ed\u00e7a, em janeiro de 2021. A reuni\u00e3o de chefes de Estado e de governo, l\u00edderes empresariais, diplomatas e personalidades de todo o mundo acontecer\u00e1 normalmente apesar da pandemia de coronav\u00edrus (covid-19), seja presencial [&hellip;]<\/p>\n","protected":false},"author":9,"featured_media":11997,"comment_status":"closed","ping_status":"closed","sticky":false,"template":"","format":"standard","meta":[],"categories":[63],"tags":[2487,961,806],"suno_strategy":[],"class_list":["post-67440","post","type-post","status-publish","format-standard","has-post-thumbnail","hentry","category-internacional","tag-coronavirus","tag-forum-economico-mundial","tag-fundo-monetario-internacional-fmi"],"yoast_head":"<!-- This site is optimized with the Yoast SEO plugin v24.4 - https:\/\/yoast.com\/wordpress\/plugins\/seo\/ -->\n<title>F\u00f3rum Econ\u00f4mico Mundial de Davos acontecer\u00e1 normalmente em 2021<\/title>\n<meta name=\"description\" content=\"O F\u00f3rum Econ\u00f4mico Mundial anunciou que realizar\u00e1 normalente seu tradicional evento anual em Davos, na Su\u00ed\u00e7a. Clique aqui para saber mais.\" \/>\n<meta name=\"robots\" content=\"index, follow, max-snippet:-1, max-image-preview:large, max-video-preview:-1\" \/>\n<link rel=\"canonical\" href=\"https:\/\/www.suno.com.br\/noticias\/forum-economico-mundial-acontece-2021\/\" \/>\n<meta property=\"og:locale\" content=\"pt_BR\" \/>\n<meta property=\"og:type\" content=\"article\" \/>\n<meta property=\"og:title\" content=\"F\u00f3rum Econ\u00f4mico Mundial de Davos acontecer\u00e1 normalmente em 2021\" \/>\n<meta property=\"og:description\" content=\"O F\u00f3rum Econ\u00f4mico Mundial anunciou que realizar\u00e1 normalente seu tradicional evento anual em Davos, na Su\u00ed\u00e7a. Clique aqui para saber mais.\" \/>\n<meta property=\"og:url\" content=\"https:\/\/www.suno.com.br\/noticias\/forum-economico-mundial-acontece-2021\/\" \/>\n<meta property=\"og:site_name\" content=\"Suno Not\u00edcias\" \/>\n<meta property=\"article:publisher\" content=\"https:\/\/facebook.com\/sunoresearch\" \/>\n<meta property=\"og:image\" content=\"https:\/\/files.sunoresearch.com.br\/n\/uploads\/2019\/01\/e6bd7dc4-world-economic-forum-davos.jpg\" \/>\n\t<meta property=\"og:image:width\" content=\"1008\" \/>\n\t<meta property=\"og:image:height\" content=\"435\" \/>\n\t<meta property=\"og:image:type\" content=\"image\/jpeg\" \/>\n<meta name=\"author\" content=\"Carlo Cauti\" \/>\n<meta name=\"twitter:card\" content=\"summary_large_image\" \/>\n<meta name=\"twitter:creator\" content=\"@sunoresearch\" \/>\n<meta name=\"twitter:site\" content=\"@sunoresearch\" \/>\n<meta name=\"twitter:label1\" content=\"Escrito por\" \/>\n\t<meta name=\"twitter:data1\" content=\"Carlo Cauti\" \/>\n\t<meta name=\"twitter:label2\" content=\"Est. tempo de leitura\" \/>\n\t<meta name=\"twitter:data2\" content=\"2 minutos\" \/>\n<script type=\"application\/ld+json\" class=\"yoast-schema-graph\">{\"@context\":\"https:\/\/schema.org\",\"@graph\":[{\"@type\":\"NewsArticle\",\"@id\":\"https:\/\/www.suno.com.br\/noticias\/forum-economico-mundial-acontece-2021\/#article\",\"isPartOf\":{\"@id\":\"https:\/\/www.suno.com.br\/noticias\/forum-economico-mundial-acontece-2021\/\"},\"author\":{\"name\":\"Carlo Cauti\",\"@id\":\"https:\/\/www.suno.com.br\/noticias\/#\/schema\/person\/e6e0f723cc177805027f4566c1d5e0c8\"},\"headline\":\"F\u00f3rum Econ\u00f4mico Mundial de Davos acontecer\u00e1 normalmente em 2021\",\"datePublished\":\"2020-06-03T19:39:22+00:00\",\"mainEntityOfPage\":{\"@id\":\"https:\/\/www.suno.com.br\/noticias\/forum-economico-mundial-acontece-2021\/\"},\"wordCount\":462,\"publisher\":{\"@id\":\"https:\/\/www.suno.com.br\/noticias\/#organization\"},\"image\":{\"@id\":\"https:\/\/www.suno.com.br\/noticias\/forum-economico-mundial-acontece-2021\/#primaryimage\"},\"thumbnailUrl\":\"https:\/\/files.sunoresearch.com.br\/n\/uploads\/2019\/01\/e6bd7dc4-world-economic-forum-davos-jpg.webp\",\"keywords\":[\"coronav\u00edrus\",\"F\u00f3rum Econ\u00f4mico Mundial\",\"Fundo Monet\u00e1rio Internacional (FMI)\"],\"articleSection\":[\"Internacional\"],\"inLanguage\":\"pt-BR\"},{\"@type\":\"WebPage\",\"@id\":\"https:\/\/www.suno.com.br\/noticias\/forum-economico-mundial-acontece-2021\/\",\"url\":\"https:\/\/www.suno.com.br\/noticias\/forum-economico-mundial-acontece-2021\/\",\"name\":\"F\u00f3rum Econ\u00f4mico Mundial de Davos acontecer\u00e1 normalmente em 2021\",\"isPartOf\":{\"@id\":\"https:\/\/www.suno.com.br\/noticias\/#website\"},\"primaryImageOfPage\":{\"@id\":\"https:\/\/www.suno.com.br\/noticias\/forum-economico-mundial-acontece-2021\/#primaryimage\"},\"image\":{\"@id\":\"https:\/\/www.suno.com.br\/noticias\/forum-economico-mundial-acontece-2021\/#primaryimage\"},\"thumbnailUrl\":\"https:\/\/files.sunoresearch.com.br\/n\/uploads\/2019\/01\/e6bd7dc4-world-economic-forum-davos-jpg.webp\",\"datePublished\":\"2020-06-03T19:39:22+00:00\",\"description\":\"O F\u00f3rum Econ\u00f4mico Mundial anunciou que realizar\u00e1 normalente seu tradicional evento anual em Davos, na Su\u00ed\u00e7a. Clique aqui para saber mais.\",\"breadcrumb\":{\"@id\":\"https:\/\/www.suno.com.br\/noticias\/forum-economico-mundial-acontece-2021\/#breadcrumb\"},\"inLanguage\":\"pt-BR\",\"potentialAction\":[{\"@type\":\"ReadAction\",\"target\":[\"https:\/\/www.suno.com.br\/noticias\/forum-economico-mundial-acontece-2021\/\"]}]},{\"@type\":\"ImageObject\",\"inLanguage\":\"pt-BR\",\"@id\":\"https:\/\/www.suno.com.br\/noticias\/forum-economico-mundial-acontece-2021\/#primaryimage\",\"url\":\"https:\/\/files.sunoresearch.com.br\/n\/uploads\/2019\/01\/e6bd7dc4-world-economic-forum-davos-jpg.webp\",\"contentUrl\":\"https:\/\/files.sunoresearch.com.br\/n\/uploads\/2019\/01\/e6bd7dc4-world-economic-forum-davos-jpg.webp\",\"width\":1008,\"height\":435,\"caption\":\"F\u00f3rum Econ\u00f4mico Mundial est\u00e1 previsto para acontecer entre os dias 18 a 21 de maio de 2021.\"},{\"@type\":\"BreadcrumbList\",\"@id\":\"https:\/\/www.suno.com.br\/noticias\/forum-economico-mundial-acontece-2021\/#breadcrumb\",\"itemListElement\":[{\"@type\":\"ListItem\",\"position\":1,\"name\":\"Not\u00edcias\",\"item\":\"https:\/\/www.suno.com.br\/noticias\/\"},{\"@type\":\"ListItem\",\"position\":2,\"name\":\"Internacional\",\"item\":\"https:\/\/www.suno.com.br\/noticias\/internacional\/\"},{\"@type\":\"ListItem\",\"position\":3,\"name\":\"F\u00f3rum Econ\u00f4mico Mundial de Davos acontecer\u00e1 normalmente em 2021\"}]},{\"@type\":\"WebSite\",\"@id\":\"https:\/\/www.suno.com.br\/noticias\/#website\",\"url\":\"https:\/\/www.suno.com.br\/noticias\/\",\"name\":\"Suno Not\u00edcias\",\"description\":\"Seu portal de informa\u00e7\u00e3o sobre o mundo dos investimentos\",\"publisher\":{\"@id\":\"https:\/\/www.suno.com.br\/noticias\/#organization\"},\"potentialAction\":[{\"@type\":\"SearchAction\",\"target\":{\"@type\":\"EntryPoint\",\"urlTemplate\":\"https:\/\/www.suno.com.br\/noticias\/?s={search_term_string}\"},\"query-input\":{\"@type\":\"PropertyValueSpecification\",\"valueRequired\":true,\"valueName\":\"search_term_string\"}}],\"inLanguage\":\"pt-BR\"},{\"@type\":\"Organization\",\"@id\":\"https:\/\/www.suno.com.br\/noticias\/#organization\",\"name\":\"Suno Not\u00edcias\",\"url\":\"https:\/\/www.suno.com.br\/noticias\/\",\"logo\":{\"@type\":\"ImageObject\",\"inLanguage\":\"pt-BR\",\"@id\":\"https:\/\/www.suno.com.br\/noticias\/#\/schema\/logo\/image\/\",\"url\":\"https:\/\/files.sunoresearch.com.br\/n\/uploads\/2021\/09\/suno-logo.png\",\"contentUrl\":\"https:\/\/files.sunoresearch.com.br\/n\/uploads\/2021\/09\/suno-logo.png\",\"width\":180,\"height\":180,\"caption\":\"Suno Not\u00edcias\"},\"image\":{\"@id\":\"https:\/\/www.suno.com.br\/noticias\/#\/schema\/logo\/image\/\"},\"sameAs\":[\"https:\/\/facebook.com\/sunoresearch\",\"https:\/\/x.com\/sunoresearch\",\"https:\/\/www.instagram.com\/suno\",\"https:\/\/www.linkedin.com\/company\/suno-research\/\",\"https:\/\/www.youtube.com\/c\/sunoresearch\"]},{\"@type\":\"Person\",\"@id\":\"https:\/\/www.suno.com.br\/noticias\/#\/schema\/person\/e6e0f723cc177805027f4566c1d5e0c8\",\"name\":\"Carlo Cauti\",\"image\":{\"@type\":\"ImageObject\",\"inLanguage\":\"pt-BR\",\"@id\":\"https:\/\/www.suno.com.br\/noticias\/#\/schema\/person\/image\/\",\"url\":\"https:\/\/secure.gravatar.com\/avatar\/3ada9e0bd164c23abd4792a9606d583c?s=96&r=g\",\"contentUrl\":\"https:\/\/secure.gravatar.com\/avatar\/3ada9e0bd164c23abd4792a9606d583c?s=96&r=g\",\"caption\":\"Carlo Cauti\"},\"description\":\"Editor multim\u00eddia do SUNO Not\u00edcias. Italiano, formado em Ci\u00eancias Pol\u00edticas pela universidade LUISS G. Carli de Roma e mestre cum laude em Rela\u00e7\u00f5es Internacionais, Jornalismo Internacional e de Guerra e em Economia Internacional. Concluiu tamb\u00e9m um MBA em Finan\u00e7as na B3. No Brasil, teve passagem por ve\u00edculos como Estad\u00e3o, Globo, Veja e EXAME. e nas ag\u00eancias de not\u00edcias italianas ANSA e NOVA.\",\"url\":\"https:\/\/www.suno.com.br\/noticias\/author\/carlo-cauti\/\"}]}<\/script>\n<!-- \/ Yoast SEO plugin. -->","yoast_head_json":{"title":"F\u00f3rum Econ\u00f4mico Mundial de Davos acontecer\u00e1 normalmente em 2021","description":"O F\u00f3rum Econ\u00f4mico Mundial anunciou que realizar\u00e1 normalente seu tradicional evento anual em Davos, na Su\u00ed\u00e7a. Clique aqui para saber mais.","robots":{"index":"index","follow":"follow","max-snippet":"max-snippet:-1","max-image-preview":"max-image-preview:large","max-video-preview":"max-video-preview:-1"},"canonical":"https:\/\/www.suno.com.br\/noticias\/forum-economico-mundial-acontece-2021\/","og_locale":"pt_BR","og_type":"article","og_title":"F\u00f3rum Econ\u00f4mico Mundial de Davos acontecer\u00e1 normalmente em 2021","og_description":"O F\u00f3rum Econ\u00f4mico Mundial anunciou que realizar\u00e1 normalente seu tradicional evento anual em Davos, na Su\u00ed\u00e7a. Clique aqui para saber mais.","og_url":"https:\/\/www.suno.com.br\/noticias\/forum-economico-mundial-acontece-2021\/","og_site_name":"Suno Not\u00edcias","article_publisher":"https:\/\/facebook.com\/sunoresearch","og_image":[{"width":1008,"height":435,"url":"https:\/\/files.sunoresearch.com.br\/n\/uploads\/2019\/01\/e6bd7dc4-world-economic-forum-davos.jpg","type":"image\/jpeg"}],"author":"Carlo Cauti","twitter_card":"summary_large_image","twitter_creator":"@sunoresearch","twitter_site":"@sunoresearch","twitter_misc":{"Escrito por":"Carlo Cauti","Est. tempo de leitura":"2 minutos"},"schema":{"@context":"https:\/\/schema.org","@graph":[{"@type":"NewsArticle","@id":"https:\/\/www.suno.com.br\/noticias\/forum-economico-mundial-acontece-2021\/#article","isPartOf":{"@id":"https:\/\/www.suno.com.br\/noticias\/forum-economico-mundial-acontece-2021\/"},"author":{"name":"Carlo Cauti","@id":"https:\/\/www.suno.com.br\/noticias\/#\/schema\/person\/e6e0f723cc177805027f4566c1d5e0c8"},"headline":"F\u00f3rum Econ\u00f4mico Mundial de Davos acontecer\u00e1 normalmente em 2021","datePublished":"2020-06-03T19:39:22+00:00","mainEntityOfPage":{"@id":"https:\/\/www.suno.com.br\/noticias\/forum-economico-mundial-acontece-2021\/"},"wordCount":462,"publisher":{"@id":"https:\/\/www.suno.com.br\/noticias\/#organization"},"image":{"@id":"https:\/\/www.suno.com.br\/noticias\/forum-economico-mundial-acontece-2021\/#primaryimage"},"thumbnailUrl":"https:\/\/files.sunoresearch.com.br\/n\/uploads\/2019\/01\/e6bd7dc4-world-economic-forum-davos-jpg.webp","keywords":["coronav\u00edrus","F\u00f3rum Econ\u00f4mico Mundial","Fundo Monet\u00e1rio Internacional (FMI)"],"articleSection":["Internacional"],"inLanguage":"pt-BR"},{"@type":"WebPage","@id":"https:\/\/www.suno.com.br\/noticias\/forum-economico-mundial-acontece-2021\/","url":"https:\/\/www.suno.com.br\/noticias\/forum-economico-mundial-acontece-2021\/","name":"F\u00f3rum Econ\u00f4mico Mundial de Davos acontecer\u00e1 normalmente em 2021","isPartOf":{"@id":"https:\/\/www.suno.com.br\/noticias\/#website"},"primaryImageOfPage":{"@id":"https:\/\/www.suno.com.br\/noticias\/forum-economico-mundial-acontece-2021\/#primaryimage"},"image":{"@id":"https:\/\/www.suno.com.br\/noticias\/forum-economico-mundial-acontece-2021\/#primaryimage"},"thumbnailUrl":"https:\/\/files.sunoresearch.com.br\/n\/uploads\/2019\/01\/e6bd7dc4-world-economic-forum-davos-jpg.webp","datePublished":"2020-06-03T19:39:22+00:00","description":"O F\u00f3rum Econ\u00f4mico Mundial anunciou que realizar\u00e1 normalente seu tradicional evento anual em Davos, na Su\u00ed\u00e7a. Clique aqui para saber mais.","breadcrumb":{"@id":"https:\/\/www.suno.com.br\/noticias\/forum-economico-mundial-acontece-2021\/#breadcrumb"},"inLanguage":"pt-BR","potentialAction":[{"@type":"ReadAction","target":["https:\/\/www.suno.com.br\/noticias\/forum-economico-mundial-acontece-2021\/"]}]},{"@type":"ImageObject","inLanguage":"pt-BR","@id":"https:\/\/www.suno.com.br\/noticias\/forum-economico-mundial-acontece-2021\/#primaryimage","url":"https:\/\/files.sunoresearch.com.br\/n\/uploads\/2019\/01\/e6bd7dc4-world-economic-forum-davos-jpg.webp","contentUrl":"https:\/\/files.sunoresearch.com.br\/n\/uploads\/2019\/01\/e6bd7dc4-world-economic-forum-davos-jpg.webp","width":1008,"height":435,"caption":"F\u00f3rum Econ\u00f4mico Mundial est\u00e1 previsto para acontecer entre os dias 18 a 21 de maio de 2021."},{"@type":"BreadcrumbList","@id":"https:\/\/www.suno.com.br\/noticias\/forum-economico-mundial-acontece-2021\/#breadcrumb","itemListElement":[{"@type":"ListItem","position":1,"name":"Not\u00edcias","item":"https:\/\/www.suno.com.br\/noticias\/"},{"@type":"ListItem","position":2,"name":"Internacional","item":"https:\/\/www.suno.com.br\/noticias\/internacional\/"},{"@type":"ListItem","position":3,"name":"F\u00f3rum Econ\u00f4mico Mundial de Davos acontecer\u00e1 normalmente em 2021"}]},{"@type":"WebSite","@id":"https:\/\/www.suno.com.br\/noticias\/#website","url":"https:\/\/www.suno.com.br\/noticias\/","name":"Suno Not\u00edcias","description":"Seu portal de informa\u00e7\u00e3o sobre o mundo dos investimentos","publisher":{"@id":"https:\/\/www.suno.com.br\/noticias\/#organization"},"potentialAction":[{"@type":"SearchAction","target":{"@type":"EntryPoint","urlTemplate":"https:\/\/www.suno.com.br\/noticias\/?s={search_term_string}"},"query-input":{"@type":"PropertyValueSpecification","valueRequired":true,"valueName":"search_term_string"}}],"inLanguage":"pt-BR"},{"@type":"Organization","@id":"https:\/\/www.suno.com.br\/noticias\/#organization","name":"Suno Not\u00edcias","url":"https:\/\/www.suno.com.br\/noticias\/","logo":{"@type":"ImageObject","inLanguage":"pt-BR","@id":"https:\/\/www.suno.com.br\/noticias\/#\/schema\/logo\/image\/","url":"https:\/\/files.sunoresearch.com.br\/n\/uploads\/2021\/09\/suno-logo.png","contentUrl":"https:\/\/files.sunoresearch.com.br\/n\/uploads\/2021\/09\/suno-logo.png","width":180,"height":180,"caption":"Suno Not\u00edcias"},"image":{"@id":"https:\/\/www.suno.com.br\/noticias\/#\/schema\/logo\/image\/"},"sameAs":["https:\/\/facebook.com\/sunoresearch","https:\/\/x.com\/sunoresearch","https:\/\/www.instagram.com\/suno","https:\/\/www.linkedin.com\/company\/suno-research\/","https:\/\/www.youtube.com\/c\/sunoresearch"]},{"@type":"Person","@id":"https:\/\/www.suno.com.br\/noticias\/#\/schema\/person\/e6e0f723cc177805027f4566c1d5e0c8","name":"Carlo Cauti","image":{"@type":"ImageObject","inLanguage":"pt-BR","@id":"https:\/\/www.suno.com.br\/noticias\/#\/schema\/person\/image\/","url":"https:\/\/secure.gravatar.com\/avatar\/3ada9e0bd164c23abd4792a9606d583c?s=96&r=g","contentUrl":"https:\/\/secure.gravatar.com\/avatar\/3ada9e0bd164c23abd4792a9606d583c?s=96&r=g","caption":"Carlo Cauti"},"description":"Editor multim\u00eddia do SUNO Not\u00edcias. Italiano, formado em Ci\u00eancias Pol\u00edticas pela universidade LUISS G. Carli de Roma e mestre cum laude em Rela\u00e7\u00f5es Internacionais, Jornalismo Internacional e de Guerra e em Economia Internacional. Concluiu tamb\u00e9m um MBA em Finan\u00e7as na B3. No Brasil, teve passagem por ve\u00edculos como Estad\u00e3o, Globo, Veja e EXAME. e nas ag\u00eancias de not\u00edcias italianas ANSA e NOVA.","url":"https:\/\/www.suno.com.br\/noticias\/author\/carlo-cauti\/"}]}},"default_loop_html":"<div class=\"cardsPage__listCard__boxs\"><div class=\"cardsPage__listCard__boxs__img\"><a href=\"https:\/\/www.suno.com.br\/noticias\/forum-economico-mundial-acontece-2021\/\"><img class=\"mask\" src=\"https:\/\/www.suno.com.br\/noticias\/wp-content\/themes\/suno\/resources\/images\/spotlight\/spotlight1img\/bg-mask.png\" alt=\"Image Mask\"\/><img src=\"https:\/\/files.sunoresearch.com.br\/n\/uploads\/2019\/01\/e6bd7dc4-world-economic-forum-davos-400x200.webp\" alt=\"F\u00f3rum Econ\u00f4mico Mundial de Davos acontecer\u00e1 normalmente em 2021\"\/><\/a><span class=\"spotlightCategory\"><a href=\"https:\/\/www.suno.com.br\/noticias\/internacional\/\">Internacional<\/a><\/span><\/div><div class=\"cardsPage__listCard__boxs__content\"><a href=\"https:\/\/www.suno.com.br\/noticias\/forum-economico-mundial-acontece-2021\/\"><h2 class=\"content__title\">F\u00f3rum Econ\u00f4mico Mundial de Davos acontecer\u00e1 normalmente em 2021<\/h2><\/a><div class=\"newsContent__article__meta\"><div class=\"newsContent__article__meta__authorBox\"><a href=\"https:\/\/www.suno.com.br\/noticias\/author\/carlo-cauti\/\" class=\"authorBox__avatar noMobi\"><img src=\"https:\/\/files.sunoresearch.com.br\/n\/uploads\/2020\/08\/e3745f9a-perfil-carlo-cauti-150x150.webp\" alt=\"Carlo Cauti\"><\/a><div class=\"authorBox__name\"><span>por\n\t\t\t<a href=\"https:\/\/www.suno.com.br\/noticias\/author\/carlo-cauti\/\"><span itemprop=\"author\">Carlo Cauti<\/span><\/a><\/span><time datetime=\"2020-06-03T16:39:22-03:00\" itemprop=\"datePublished\">03\/06\/2020 16:39<\/time><\/div><\/div><\/div><\/div><\/div>","single_layout":"posts","amp_enabled":true,"_links":{"self":[{"href":"https:\/\/www.suno.com.br\/noticias\/wp-json\/wp\/v2\/posts\/67440"}],"collection":[{"href":"https:\/\/www.suno.com.br\/noticias\/wp-json\/wp\/v2\/posts"}],"about":[{"href":"https:\/\/www.suno.com.br\/noticias\/wp-json\/wp\/v2\/types\/post"}],"author":[{"embeddable":true,"href":"https:\/\/www.suno.com.br\/noticias\/wp-json\/wp\/v2\/users\/9"}],"replies":[{"embeddable":true,"href":"https:\/\/www.suno.com.br\/noticias\/wp-json\/wp\/v2\/comments?post=67440"}],"version-history":[{"count":0,"href":"https:\/\/www.suno.com.br\/noticias\/wp-json\/wp\/v2\/posts\/67440\/revisions"}],"wp:featuredmedia":[{"embeddable":true,"href":"https:\/\/www.suno.com.br\/noticias\/wp-json\/wp\/v2\/media\/11997"}],"wp:attachment":[{"href":"https:\/\/www.suno.com.br\/noticias\/wp-json\/wp\/v2\/media?parent=67440"}],"wp:term":[{"taxonomy":"category","embeddable":true,"href":"https:\/\/www.suno.com.br\/noticias\/wp-json\/wp\/v2\/categories?post=67440"},{"taxonomy":"post_tag","embeddable":true,"href":"https:\/\/www.suno.com.br\/noticias\/wp-json\/wp\/v2\/tags?post=67440"},{"taxonomy":"suno_strategy","embeddable":true,"href":"https:\/\/www.suno.com.br\/noticias\/wp-json\/wp\/v2\/suno_strategy?post=67440"}],"curies":[{"name":"wp","href":"https:\/\/api.w.org\/{rel}","templated":true}]}}