{"id":67159,"date":"2020-06-02T13:30:32","date_gmt":"2020-06-02T16:30:32","guid":{"rendered":"https:\/\/www.suno.com.br\/noticias\/?p=67159"},"modified":"2020-06-02T16:10:59","modified_gmt":"2020-06-02T19:10:59","slug":"jbs-jbss3-viola-direitos-indigenas-diz-agencia","status":"publish","type":"post","link":"https:\/\/www.suno.com.br\/noticias\/jbs-jbss3-viola-direitos-indigenas-diz-agencia\/","title":{"rendered":"JBS (JBSS3) \u00e9 acusada de violar direitos ind\u00edgenas, diz ag\u00eancia"},"content":{"rendered":"<p>A <a href=\"https:\/\/www.suno.com.br\/acoes\/jbss3\/\"><strong>JBS<\/strong> (JBSS3)<\/a> est\u00e1 sendo acusada por procuradores do trabalho de Santa Catarina por uma suposta viola\u00e7\u00e3o de direitos de trabalhadores ind\u00edgenas. As informa\u00e7\u00f5es s\u00e3o da ag\u00eancia de not\u00edcias &#8220;Reuters&#8221;.<\/p>\t<div class=\"wrapper-featured-image\">\n\t\t<figure class=\"spotlightImg\">\n\n\t\t\t<picture>\n\t\t\t\t<source media=\"(max-width: 768px)\" srcset=\"https:\/\/files.sunoresearch.com.br\/n\/uploads\/2019\/08\/31692225-jbs-400x200.webp\">\n\t\t\t\t<img loading=\"lazy\" decoding=\"async\" class=\"newsContent__article__imgCapa lazyloadDisabled newsContent__article__imgCapa--noCaption\" src=\"https:\/\/files.sunoresearch.com.br\/n\/uploads\/2019\/08\/31692225-jbs-800x450.webp\" width=\"800\" height=\"450\" alt=\"JBS (JBSS3) \u00e9 acusada de violar direitos ind\u00edgenas, diz ag\u00eancia\" fetchpriority=high \/>\n\t\t\t<\/picture>\n\n\t\t\t<figcaption class=\"wp-caption-text wp-caption-text--hide\">JBS (JBSS32). Foto: Divulga\u00e7\u00e3o<\/figcaption>\n\t\t<\/figure>\n\t<\/div>\n\n\n\n<p>Os procuradores alegam, na a\u00e7\u00e3o civil p\u00fablica aberta nesta segunda-feira (2), que a JBS discriminou e demitiu um grupo de 40 trabalhadores, oriundos da Terra Ind\u00edgena Serrinha, pr\u00f3ximo do Rio Grande do Sul. Segundo a &#8220;Reuters&#8221;, o fato teria ocorrido durante a pandemia do <a href=\"https:\/\/www.suno.com.br\/noticias\/?s=coronavirus\">novo <strong>coronav\u00edrus<\/strong> (Covid-19)<\/a>, o que seria ilegal.<\/p>\n<p>\u201cA dispensa dos trabalhadores ind\u00edgenas realizada pela demandada constitui ato il\u00edcito, porquanto afronta o princ\u00edpio da igualdade e n\u00e3o discrimina\u00e7\u00e3o\u201d, diz a a\u00e7\u00e3o contra a empresa.<\/p>\n<p><a href=\"https:\/\/lp.suno.com.br\/suno-one\/\">No Suno One voc\u00ea aprende a fazer seu dinheiro trabalhar para voc\u00ea. Cadastre-se gratuitamente agora!<\/a><\/p>\n<p>Contatada pelo <strong>SUNO Not\u00edcias<\/strong>, a JBS disse que &#8220;o desligamento de 40 colaboradores da Terra Ind\u00edgena Serrinha no dia 6 de maio ocorreu em raz\u00e3o da descontinuidade da linha de \u00f4nibus que fazia o transporte dos colaboradores em um percurso de cerca de 600 km di\u00e1rios, ida e volta, at\u00e9 a unidade. Os desligamentos foram feitos sem justa causa, com o pagamento integral de todas as verbas indenizat\u00f3rias previstas&#8221;.<\/p>\n<p>A companhia esclareceu que &#8220;que emprega 3.700 colaboradores em sua unidade em Seara (SC), provenientes de v\u00e1rias regi\u00f5es pr\u00f3ximas a sua unidade. Desse total, 200 deles s\u00e3o membros de comunidades ind\u00edgenas e est\u00e3o afastados preventivamente conforme orienta\u00e7\u00e3o de preven\u00e7\u00e3o para a unidade de Seara durante a pandemia de Covid-19&#8221;.<\/p>\n<h2>Justi\u00e7a autoriza reabertura de frigor\u00edfico da JBS em SC<\/h2>\n<p>A JBS recebeu a autoriza\u00e7\u00e3o da Justi\u00e7a de Santa Catarina para reabrir seu abatedouro de aves no oeste do estado. A liminar foi concedida no \u00faltimo s\u00e1bado (30).<\/p>\n<p>Por determina\u00e7\u00e3o da Justi\u00e7a, a planta da JBS estava fechada h\u00e1 quase duas semanas. Auditores fiscais haviam identificado falhas na execu\u00e7\u00e3o de medidas adotadas pela empresa na conten\u00e7\u00e3o da pandemia\u00a0entre seus funcion\u00e1rios na opera\u00e7\u00e3o.<\/p>\n<p><a href=\"https:\/\/www.suno.com.br\/noticias\/jbs-jbss3-deve-garantir-distanciamento-fisico-entre-funcionarios\/\">Confira: Justi\u00e7a obriga JBS a garantir distanciamento f\u00edsico entre funcion\u00e1rios<\/a><\/p>\n<p>A <strong>JBS<\/strong> \u00e0 \u00e9poca, no entanto, rebateu dizendo que estabeleceu uma s\u00e9rie de medidas de prote\u00e7\u00e3o atendendo \u00e0s recomenda\u00e7\u00f5es dos minist\u00e9rios da Sa\u00fade, Agricultura e Economia.<\/p>\n\n","protected":false},"excerpt":{"rendered":"<p>A JBS (JBSS3) est\u00e1 sendo acusada por procuradores do trabalho de Santa Catarina por uma suposta viola\u00e7\u00e3o de direitos de trabalhadores ind\u00edgenas. As informa\u00e7\u00f5es s\u00e3o da ag\u00eancia de not\u00edcias &#8220;Reuters&#8221;. JBS (JBSS32). Foto: Divulga\u00e7\u00e3o Os procuradores alegam, na a\u00e7\u00e3o civil p\u00fablica aberta nesta segunda-feira (2), que a JBS discriminou e demitiu um grupo de 40 [&hellip;]<\/p>\n","protected":false},"author":24,"featured_media":34192,"comment_status":"closed","ping_status":"closed","sticky":false,"template":"","format":"standard","meta":[],"categories":[64],"tags":[521],"suno_strategy":[],"class_list":["post-67159","post","type-post","status-publish","format-standard","has-post-thumbnail","hentry","category-negocios","tag-jbs-jbss3"],"yoast_head":"<!-- This site is optimized with the Yoast SEO plugin v24.4 - https:\/\/yoast.com\/wordpress\/plugins\/seo\/ -->\n<title>JBS (JBSS3) \u00e9 acusada de violar direitos ind\u00edgenas, diz ag\u00eancia<\/title>\n<meta name=\"description\" content=\"A JBS (JBSS3) est\u00e1 sendo acusada por procuradores do trabalho de Santa Catarina por uma suposta viola\u00e7\u00e3o de direitos ind\u00edgenas. Saiba mais.\" \/>\n<meta name=\"robots\" content=\"index, follow, max-snippet:-1, max-image-preview:large, max-video-preview:-1\" \/>\n<link rel=\"canonical\" href=\"https:\/\/www.suno.com.br\/noticias\/jbs-jbss3-viola-direitos-indigenas-diz-agencia\/\" \/>\n<meta property=\"og:locale\" content=\"pt_BR\" \/>\n<meta property=\"og:type\" content=\"article\" \/>\n<meta property=\"og:title\" content=\"JBS (JBSS3) \u00e9 acusada de violar direitos ind\u00edgenas, diz ag\u00eancia\" \/>\n<meta property=\"og:description\" content=\"A JBS (JBSS3) est\u00e1 sendo acusada por procuradores do trabalho de Santa Catarina por uma suposta viola\u00e7\u00e3o de direitos ind\u00edgenas. Saiba mais.\" \/>\n<meta property=\"og:url\" content=\"https:\/\/www.suno.com.br\/noticias\/jbs-jbss3-viola-direitos-indigenas-diz-agencia\/\" \/>\n<meta property=\"og:site_name\" content=\"Suno Not\u00edcias\" \/>\n<meta property=\"article:publisher\" content=\"https:\/\/facebook.com\/sunoresearch\" \/>\n<meta property=\"og:image\" content=\"https:\/\/files.sunoresearch.com.br\/n\/uploads\/2019\/08\/31692225-jbs.jpeg\" \/>\n\t<meta property=\"og:image:width\" content=\"1920\" \/>\n\t<meta property=\"og:image:height\" content=\"1000\" \/>\n\t<meta property=\"og:image:type\" content=\"image\/jpeg\" \/>\n<meta name=\"author\" content=\"Jader Lazarini\" \/>\n<meta name=\"twitter:card\" content=\"summary_large_image\" \/>\n<meta name=\"twitter:creator\" content=\"@sunoresearch\" \/>\n<meta name=\"twitter:site\" content=\"@sunoresearch\" \/>\n<meta name=\"twitter:label1\" content=\"Escrito por\" \/>\n\t<meta name=\"twitter:data1\" content=\"Jader Lazarini\" \/>\n\t<meta name=\"twitter:label2\" content=\"Est. tempo de leitura\" \/>\n\t<meta name=\"twitter:data2\" content=\"2 minutos\" \/>\n<script type=\"application\/ld+json\" class=\"yoast-schema-graph\">{\"@context\":\"https:\/\/schema.org\",\"@graph\":[{\"@type\":\"NewsArticle\",\"@id\":\"https:\/\/www.suno.com.br\/noticias\/jbs-jbss3-viola-direitos-indigenas-diz-agencia\/#article\",\"isPartOf\":{\"@id\":\"https:\/\/www.suno.com.br\/noticias\/jbs-jbss3-viola-direitos-indigenas-diz-agencia\/\"},\"author\":{\"name\":\"Jader Lazarini\",\"@id\":\"https:\/\/www.suno.com.br\/noticias\/#\/schema\/person\/918d79de1f0281f01599b93f9ea6e23f\"},\"headline\":\"JBS (JBSS3) \u00e9 acusada de violar direitos ind\u00edgenas, diz ag\u00eancia\",\"datePublished\":\"2020-06-02T16:30:32+00:00\",\"dateModified\":\"2020-06-02T19:10:59+00:00\",\"mainEntityOfPage\":{\"@id\":\"https:\/\/www.suno.com.br\/noticias\/jbs-jbss3-viola-direitos-indigenas-diz-agencia\/\"},\"wordCount\":407,\"publisher\":{\"@id\":\"https:\/\/www.suno.com.br\/noticias\/#organization\"},\"image\":{\"@id\":\"https:\/\/www.suno.com.br\/noticias\/jbs-jbss3-viola-direitos-indigenas-diz-agencia\/#primaryimage\"},\"thumbnailUrl\":\"https:\/\/files.sunoresearch.com.br\/n\/uploads\/2019\/08\/31692225-jbs-jpeg.webp\",\"keywords\":[\"JBS (JBSS3)\"],\"articleSection\":[\"Neg\u00f3cios\"],\"inLanguage\":\"pt-BR\"},{\"@type\":\"WebPage\",\"@id\":\"https:\/\/www.suno.com.br\/noticias\/jbs-jbss3-viola-direitos-indigenas-diz-agencia\/\",\"url\":\"https:\/\/www.suno.com.br\/noticias\/jbs-jbss3-viola-direitos-indigenas-diz-agencia\/\",\"name\":\"JBS (JBSS3) \u00e9 acusada de violar direitos ind\u00edgenas, diz ag\u00eancia\",\"isPartOf\":{\"@id\":\"https:\/\/www.suno.com.br\/noticias\/#website\"},\"primaryImageOfPage\":{\"@id\":\"https:\/\/www.suno.com.br\/noticias\/jbs-jbss3-viola-direitos-indigenas-diz-agencia\/#primaryimage\"},\"image\":{\"@id\":\"https:\/\/www.suno.com.br\/noticias\/jbs-jbss3-viola-direitos-indigenas-diz-agencia\/#primaryimage\"},\"thumbnailUrl\":\"https:\/\/files.sunoresearch.com.br\/n\/uploads\/2019\/08\/31692225-jbs-jpeg.webp\",\"datePublished\":\"2020-06-02T16:30:32+00:00\",\"dateModified\":\"2020-06-02T19:10:59+00:00\",\"description\":\"A JBS (JBSS3) est\u00e1 sendo acusada por procuradores do trabalho de Santa Catarina por uma suposta viola\u00e7\u00e3o de direitos ind\u00edgenas. Saiba mais.\",\"breadcrumb\":{\"@id\":\"https:\/\/www.suno.com.br\/noticias\/jbs-jbss3-viola-direitos-indigenas-diz-agencia\/#breadcrumb\"},\"inLanguage\":\"pt-BR\",\"potentialAction\":[{\"@type\":\"ReadAction\",\"target\":[\"https:\/\/www.suno.com.br\/noticias\/jbs-jbss3-viola-direitos-indigenas-diz-agencia\/\"]}]},{\"@type\":\"ImageObject\",\"inLanguage\":\"pt-BR\",\"@id\":\"https:\/\/www.suno.com.br\/noticias\/jbs-jbss3-viola-direitos-indigenas-diz-agencia\/#primaryimage\",\"url\":\"https:\/\/files.sunoresearch.com.br\/n\/uploads\/2019\/08\/31692225-jbs-jpeg.webp\",\"contentUrl\":\"https:\/\/files.sunoresearch.com.br\/n\/uploads\/2019\/08\/31692225-jbs-jpeg.webp\",\"width\":1920,\"height\":1000,\"caption\":\"JBS (JBSS32). Foto: Divulga\u00e7\u00e3o\"},{\"@type\":\"BreadcrumbList\",\"@id\":\"https:\/\/www.suno.com.br\/noticias\/jbs-jbss3-viola-direitos-indigenas-diz-agencia\/#breadcrumb\",\"itemListElement\":[{\"@type\":\"ListItem\",\"position\":1,\"name\":\"Not\u00edcias\",\"item\":\"https:\/\/www.suno.com.br\/noticias\/\"},{\"@type\":\"ListItem\",\"position\":2,\"name\":\"Neg\u00f3cios\",\"item\":\"https:\/\/www.suno.com.br\/noticias\/negocios\/\"},{\"@type\":\"ListItem\",\"position\":3,\"name\":\"JBS (JBSS3) \u00e9 acusada de violar direitos ind\u00edgenas, diz ag\u00eancia\"}]},{\"@type\":\"WebSite\",\"@id\":\"https:\/\/www.suno.com.br\/noticias\/#website\",\"url\":\"https:\/\/www.suno.com.br\/noticias\/\",\"name\":\"Suno Not\u00edcias\",\"description\":\"Seu portal de informa\u00e7\u00e3o sobre o mundo dos investimentos\",\"publisher\":{\"@id\":\"https:\/\/www.suno.com.br\/noticias\/#organization\"},\"potentialAction\":[{\"@type\":\"SearchAction\",\"target\":{\"@type\":\"EntryPoint\",\"urlTemplate\":\"https:\/\/www.suno.com.br\/noticias\/?s={search_term_string}\"},\"query-input\":{\"@type\":\"PropertyValueSpecification\",\"valueRequired\":true,\"valueName\":\"search_term_string\"}}],\"inLanguage\":\"pt-BR\"},{\"@type\":\"Organization\",\"@id\":\"https:\/\/www.suno.com.br\/noticias\/#organization\",\"name\":\"Suno Not\u00edcias\",\"url\":\"https:\/\/www.suno.com.br\/noticias\/\",\"logo\":{\"@type\":\"ImageObject\",\"inLanguage\":\"pt-BR\",\"@id\":\"https:\/\/www.suno.com.br\/noticias\/#\/schema\/logo\/image\/\",\"url\":\"https:\/\/files.sunoresearch.com.br\/n\/uploads\/2021\/09\/suno-logo.png\",\"contentUrl\":\"https:\/\/files.sunoresearch.com.br\/n\/uploads\/2021\/09\/suno-logo.png\",\"width\":180,\"height\":180,\"caption\":\"Suno Not\u00edcias\"},\"image\":{\"@id\":\"https:\/\/www.suno.com.br\/noticias\/#\/schema\/logo\/image\/\"},\"sameAs\":[\"https:\/\/facebook.com\/sunoresearch\",\"https:\/\/x.com\/sunoresearch\",\"https:\/\/www.instagram.com\/suno\",\"https:\/\/www.linkedin.com\/company\/suno-research\/\",\"https:\/\/www.youtube.com\/c\/sunoresearch\"]},{\"@type\":\"Person\",\"@id\":\"https:\/\/www.suno.com.br\/noticias\/#\/schema\/person\/918d79de1f0281f01599b93f9ea6e23f\",\"name\":\"Jader Lazarini\",\"image\":{\"@type\":\"ImageObject\",\"inLanguage\":\"pt-BR\",\"@id\":\"https:\/\/www.suno.com.br\/noticias\/#\/schema\/person\/image\/\",\"url\":\"https:\/\/secure.gravatar.com\/avatar\/3c1ad8caa51589841baeb923fcddea97?s=96&r=g\",\"contentUrl\":\"https:\/\/secure.gravatar.com\/avatar\/3c1ad8caa51589841baeb923fcddea97?s=96&r=g\",\"caption\":\"Jader Lazarini\"},\"description\":\"Jader Lazarini escreve sobre investimentos, finan\u00e7as, economia e neg\u00f3cios. \u00c9 bacharel em Rela\u00e7\u00f5es Internacionais e analista CNPI (2619).\",\"url\":\"https:\/\/www.suno.com.br\/noticias\/author\/jader-lazarini\/\"}]}<\/script>\n<!-- \/ Yoast SEO plugin. -->","yoast_head_json":{"title":"JBS (JBSS3) \u00e9 acusada de violar direitos ind\u00edgenas, diz ag\u00eancia","description":"A JBS (JBSS3) est\u00e1 sendo acusada por procuradores do trabalho de Santa Catarina por uma suposta viola\u00e7\u00e3o de direitos ind\u00edgenas. Saiba mais.","robots":{"index":"index","follow":"follow","max-snippet":"max-snippet:-1","max-image-preview":"max-image-preview:large","max-video-preview":"max-video-preview:-1"},"canonical":"https:\/\/www.suno.com.br\/noticias\/jbs-jbss3-viola-direitos-indigenas-diz-agencia\/","og_locale":"pt_BR","og_type":"article","og_title":"JBS (JBSS3) \u00e9 acusada de violar direitos ind\u00edgenas, diz ag\u00eancia","og_description":"A JBS (JBSS3) est\u00e1 sendo acusada por procuradores do trabalho de Santa Catarina por uma suposta viola\u00e7\u00e3o de direitos ind\u00edgenas. Saiba mais.","og_url":"https:\/\/www.suno.com.br\/noticias\/jbs-jbss3-viola-direitos-indigenas-diz-agencia\/","og_site_name":"Suno Not\u00edcias","article_publisher":"https:\/\/facebook.com\/sunoresearch","og_image":[{"width":1920,"height":1000,"url":"https:\/\/files.sunoresearch.com.br\/n\/uploads\/2019\/08\/31692225-jbs.jpeg","type":"image\/jpeg"}],"author":"Jader Lazarini","twitter_card":"summary_large_image","twitter_creator":"@sunoresearch","twitter_site":"@sunoresearch","twitter_misc":{"Escrito por":"Jader Lazarini","Est. tempo de leitura":"2 minutos"},"schema":{"@context":"https:\/\/schema.org","@graph":[{"@type":"NewsArticle","@id":"https:\/\/www.suno.com.br\/noticias\/jbs-jbss3-viola-direitos-indigenas-diz-agencia\/#article","isPartOf":{"@id":"https:\/\/www.suno.com.br\/noticias\/jbs-jbss3-viola-direitos-indigenas-diz-agencia\/"},"author":{"name":"Jader Lazarini","@id":"https:\/\/www.suno.com.br\/noticias\/#\/schema\/person\/918d79de1f0281f01599b93f9ea6e23f"},"headline":"JBS (JBSS3) \u00e9 acusada de violar direitos ind\u00edgenas, diz ag\u00eancia","datePublished":"2020-06-02T16:30:32+00:00","dateModified":"2020-06-02T19:10:59+00:00","mainEntityOfPage":{"@id":"https:\/\/www.suno.com.br\/noticias\/jbs-jbss3-viola-direitos-indigenas-diz-agencia\/"},"wordCount":407,"publisher":{"@id":"https:\/\/www.suno.com.br\/noticias\/#organization"},"image":{"@id":"https:\/\/www.suno.com.br\/noticias\/jbs-jbss3-viola-direitos-indigenas-diz-agencia\/#primaryimage"},"thumbnailUrl":"https:\/\/files.sunoresearch.com.br\/n\/uploads\/2019\/08\/31692225-jbs-jpeg.webp","keywords":["JBS (JBSS3)"],"articleSection":["Neg\u00f3cios"],"inLanguage":"pt-BR"},{"@type":"WebPage","@id":"https:\/\/www.suno.com.br\/noticias\/jbs-jbss3-viola-direitos-indigenas-diz-agencia\/","url":"https:\/\/www.suno.com.br\/noticias\/jbs-jbss3-viola-direitos-indigenas-diz-agencia\/","name":"JBS (JBSS3) \u00e9 acusada de violar direitos ind\u00edgenas, diz ag\u00eancia","isPartOf":{"@id":"https:\/\/www.suno.com.br\/noticias\/#website"},"primaryImageOfPage":{"@id":"https:\/\/www.suno.com.br\/noticias\/jbs-jbss3-viola-direitos-indigenas-diz-agencia\/#primaryimage"},"image":{"@id":"https:\/\/www.suno.com.br\/noticias\/jbs-jbss3-viola-direitos-indigenas-diz-agencia\/#primaryimage"},"thumbnailUrl":"https:\/\/files.sunoresearch.com.br\/n\/uploads\/2019\/08\/31692225-jbs-jpeg.webp","datePublished":"2020-06-02T16:30:32+00:00","dateModified":"2020-06-02T19:10:59+00:00","description":"A JBS (JBSS3) est\u00e1 sendo acusada por procuradores do trabalho de Santa Catarina por uma suposta viola\u00e7\u00e3o de direitos ind\u00edgenas. Saiba mais.","breadcrumb":{"@id":"https:\/\/www.suno.com.br\/noticias\/jbs-jbss3-viola-direitos-indigenas-diz-agencia\/#breadcrumb"},"inLanguage":"pt-BR","potentialAction":[{"@type":"ReadAction","target":["https:\/\/www.suno.com.br\/noticias\/jbs-jbss3-viola-direitos-indigenas-diz-agencia\/"]}]},{"@type":"ImageObject","inLanguage":"pt-BR","@id":"https:\/\/www.suno.com.br\/noticias\/jbs-jbss3-viola-direitos-indigenas-diz-agencia\/#primaryimage","url":"https:\/\/files.sunoresearch.com.br\/n\/uploads\/2019\/08\/31692225-jbs-jpeg.webp","contentUrl":"https:\/\/files.sunoresearch.com.br\/n\/uploads\/2019\/08\/31692225-jbs-jpeg.webp","width":1920,"height":1000,"caption":"JBS (JBSS32). Foto: Divulga\u00e7\u00e3o"},{"@type":"BreadcrumbList","@id":"https:\/\/www.suno.com.br\/noticias\/jbs-jbss3-viola-direitos-indigenas-diz-agencia\/#breadcrumb","itemListElement":[{"@type":"ListItem","position":1,"name":"Not\u00edcias","item":"https:\/\/www.suno.com.br\/noticias\/"},{"@type":"ListItem","position":2,"name":"Neg\u00f3cios","item":"https:\/\/www.suno.com.br\/noticias\/negocios\/"},{"@type":"ListItem","position":3,"name":"JBS (JBSS3) \u00e9 acusada de violar direitos ind\u00edgenas, diz ag\u00eancia"}]},{"@type":"WebSite","@id":"https:\/\/www.suno.com.br\/noticias\/#website","url":"https:\/\/www.suno.com.br\/noticias\/","name":"Suno Not\u00edcias","description":"Seu portal de informa\u00e7\u00e3o sobre o mundo dos investimentos","publisher":{"@id":"https:\/\/www.suno.com.br\/noticias\/#organization"},"potentialAction":[{"@type":"SearchAction","target":{"@type":"EntryPoint","urlTemplate":"https:\/\/www.suno.com.br\/noticias\/?s={search_term_string}"},"query-input":{"@type":"PropertyValueSpecification","valueRequired":true,"valueName":"search_term_string"}}],"inLanguage":"pt-BR"},{"@type":"Organization","@id":"https:\/\/www.suno.com.br\/noticias\/#organization","name":"Suno Not\u00edcias","url":"https:\/\/www.suno.com.br\/noticias\/","logo":{"@type":"ImageObject","inLanguage":"pt-BR","@id":"https:\/\/www.suno.com.br\/noticias\/#\/schema\/logo\/image\/","url":"https:\/\/files.sunoresearch.com.br\/n\/uploads\/2021\/09\/suno-logo.png","contentUrl":"https:\/\/files.sunoresearch.com.br\/n\/uploads\/2021\/09\/suno-logo.png","width":180,"height":180,"caption":"Suno Not\u00edcias"},"image":{"@id":"https:\/\/www.suno.com.br\/noticias\/#\/schema\/logo\/image\/"},"sameAs":["https:\/\/facebook.com\/sunoresearch","https:\/\/x.com\/sunoresearch","https:\/\/www.instagram.com\/suno","https:\/\/www.linkedin.com\/company\/suno-research\/","https:\/\/www.youtube.com\/c\/sunoresearch"]},{"@type":"Person","@id":"https:\/\/www.suno.com.br\/noticias\/#\/schema\/person\/918d79de1f0281f01599b93f9ea6e23f","name":"Jader Lazarini","image":{"@type":"ImageObject","inLanguage":"pt-BR","@id":"https:\/\/www.suno.com.br\/noticias\/#\/schema\/person\/image\/","url":"https:\/\/secure.gravatar.com\/avatar\/3c1ad8caa51589841baeb923fcddea97?s=96&r=g","contentUrl":"https:\/\/secure.gravatar.com\/avatar\/3c1ad8caa51589841baeb923fcddea97?s=96&r=g","caption":"Jader Lazarini"},"description":"Jader Lazarini escreve sobre investimentos, finan\u00e7as, economia e neg\u00f3cios. \u00c9 bacharel em Rela\u00e7\u00f5es Internacionais e analista CNPI (2619).","url":"https:\/\/www.suno.com.br\/noticias\/author\/jader-lazarini\/"}]}},"default_loop_html":"<div class=\"cardsPage__listCard__boxs\"><div class=\"cardsPage__listCard__boxs__img\"><a href=\"https:\/\/www.suno.com.br\/noticias\/jbs-jbss3-viola-direitos-indigenas-diz-agencia\/\"><img class=\"mask\" src=\"https:\/\/www.suno.com.br\/noticias\/wp-content\/themes\/suno\/resources\/images\/spotlight\/spotlight1img\/bg-mask.png\" alt=\"Image Mask\"\/><img src=\"https:\/\/files.sunoresearch.com.br\/n\/uploads\/2019\/08\/31692225-jbs-400x200.webp\" alt=\"JBS (JBSS3) \u00e9 acusada de violar direitos ind\u00edgenas, diz ag\u00eancia\"\/><\/a><span class=\"spotlightCategory\"><a href=\"https:\/\/www.suno.com.br\/noticias\/negocios\/\">Neg\u00f3cios<\/a><\/span><\/div><div class=\"cardsPage__listCard__boxs__content\"><a href=\"https:\/\/www.suno.com.br\/noticias\/jbs-jbss3-viola-direitos-indigenas-diz-agencia\/\"><h2 class=\"content__title\">JBS (JBSS3) \u00e9 acusada de violar direitos ind\u00edgenas, diz ag\u00eancia<\/h2><\/a><div class=\"newsContent__article__meta\"><div class=\"newsContent__article__meta__authorBox\"><a href=\"https:\/\/www.suno.com.br\/noticias\/author\/jader-lazarini\/\" class=\"authorBox__avatar noMobi\"><img src=\"https:\/\/files.sunoresearch.com.br\/n\/uploads\/2021\/01\/178e6598-foto-perfil-2-150x150.jpg\" alt=\"Jader Lazarini\"><\/a><div class=\"authorBox__name\"><span>por\n\t\t\t<a href=\"https:\/\/www.suno.com.br\/noticias\/author\/jader-lazarini\/\"><span itemprop=\"author\">Jader Lazarini<\/span><\/a><\/span><time datetime=\"2020-06-02T13:30:32-03:00\" itemprop=\"datePublished\">02\/06\/2020 13:30<\/time><\/div><\/div><\/div><\/div><\/div>","single_layout":"posts","amp_enabled":true,"_links":{"self":[{"href":"https:\/\/www.suno.com.br\/noticias\/wp-json\/wp\/v2\/posts\/67159"}],"collection":[{"href":"https:\/\/www.suno.com.br\/noticias\/wp-json\/wp\/v2\/posts"}],"about":[{"href":"https:\/\/www.suno.com.br\/noticias\/wp-json\/wp\/v2\/types\/post"}],"author":[{"embeddable":true,"href":"https:\/\/www.suno.com.br\/noticias\/wp-json\/wp\/v2\/users\/24"}],"replies":[{"embeddable":true,"href":"https:\/\/www.suno.com.br\/noticias\/wp-json\/wp\/v2\/comments?post=67159"}],"version-history":[{"count":0,"href":"https:\/\/www.suno.com.br\/noticias\/wp-json\/wp\/v2\/posts\/67159\/revisions"}],"wp:featuredmedia":[{"embeddable":true,"href":"https:\/\/www.suno.com.br\/noticias\/wp-json\/wp\/v2\/media\/34192"}],"wp:attachment":[{"href":"https:\/\/www.suno.com.br\/noticias\/wp-json\/wp\/v2\/media?parent=67159"}],"wp:term":[{"taxonomy":"category","embeddable":true,"href":"https:\/\/www.suno.com.br\/noticias\/wp-json\/wp\/v2\/categories?post=67159"},{"taxonomy":"post_tag","embeddable":true,"href":"https:\/\/www.suno.com.br\/noticias\/wp-json\/wp\/v2\/tags?post=67159"},{"taxonomy":"suno_strategy","embeddable":true,"href":"https:\/\/www.suno.com.br\/noticias\/wp-json\/wp\/v2\/suno_strategy?post=67159"}],"curies":[{"name":"wp","href":"https:\/\/api.w.org\/{rel}","templated":true}]}}