{"id":67050,"date":"2020-06-01T18:45:33","date_gmt":"2020-06-01T21:45:33","guid":{"rendered":"https:\/\/www.suno.com.br\/noticias\/?p=67050"},"modified":"2021-02-17T22:50:50","modified_gmt":"2021-02-18T01:50:50","slug":"bc-banco-central-desvalorizacao-cambial","status":"publish","type":"post","link":"https:\/\/www.suno.com.br\/noticias\/bc-banco-central-desvalorizacao-cambial\/","title":{"rendered":"BC: Brasil foi o pa\u00eds que &#8216;mais sofreu&#8217; com a desvaloriza\u00e7\u00e3o cambial"},"content":{"rendered":"<p>O presidente do<a href=\"https:\/\/www.suno.com.br\/artigos\/bacen\/\"> Banco Central (<strong>BC<\/strong>)<\/a>, <a href=\"https:\/\/www.suno.com.br\/tudo-sobre\/roberto-campos-neto\/\">Roberto Campos Neto<\/a> informou que o Brasil foi o pa\u00eds que &#8216;mais sofreu&#8217; com a desvaloriza\u00e7\u00e3o cambial por causa da crise causada pelo novo <a href=\"https:\/\/www.suno.com.br\/noticias\/tags\/coronavirus\/\">coronav\u00edrus (Covid-19)<\/a>. A informa\u00e7\u00e3o foi divulgada nessa segunda-feira (1) durante uma audi\u00eancia p\u00fablica virtual da comiss\u00e3o mista do Congresso, voltada para o acompanhamento das medidas econ\u00f4micas do governo durante a pandemia.<\/p>\t<div class=\"wrapper-featured-image\">\n\t\t<figure class=\"spotlightImg\">\n\n\t\t\t<picture>\n\t\t\t\t<source media=\"(max-width: 768px)\" srcset=\"https:\/\/files.sunoresearch.com.br\/n\/uploads\/2019\/09\/21f10e33-banco-central-400x200.webp\">\n\t\t\t\t<img loading=\"lazy\" decoding=\"async\" class=\"newsContent__article__imgCapa lazyloadDisabled newsContent__article__imgCapa--noCaption\" src=\"https:\/\/files.sunoresearch.com.br\/n\/uploads\/2019\/09\/21f10e33-banco-central-jpg.webp\" width=\"800\" height=\"450\" alt=\"BC: Brasil foi o pa\u00eds que &#8216;mais sofreu&#8217; com a desvaloriza\u00e7\u00e3o cambial\" fetchpriority=high \/>\n\t\t\t<\/picture>\n\n\t\t\t<figcaption class=\"wp-caption-text wp-caption-text--hide\">BC: crise pode levar a &#039;aumento de concentra\u00e7\u00e3o no setor banc\u00e1rio&#039;<\/figcaption>\n\t\t<\/figure>\n\t<\/div>\n\n\n\n<p>Embora o d\u00f3lar j\u00e1 tenha avan\u00e7ado cerca de 32,5% ante ao real no acumulado do ano, o presidente do BC ainda indicou que &#8220;tivemos uma melhora na \u00faltima semana&#8221;. Campos Neto ainda salientou que os <a href=\"https:\/\/www.suno.com.br\/artigos\/mercado-financeiro\/\">mercados financeiros<\/a> est\u00e3o &#8220;seguindo a curva&#8221; de contamina\u00e7\u00e3o da nova doen\u00e7a.<\/p>\n<p><strong>Campos Neto<\/strong> tamb\u00e9m declarou que o &#8220;mundo desenvolvido&#8221; possui mais ferramentas para lutar contra a crise do <strong>coronav\u00edrus<\/strong>, que os emergentes.<\/p>\n<p><a href=\"https:\/\/lp.suno.com.br\/suno-one\/\">Conhe\u00e7a o Suno One, a central gratuita de informa\u00e7\u00f5es da Suno para quem quer aprender a investir. Acesse clicando aqui.<\/a><\/p>\n<p>Durante a audi\u00eancia, o deputado Fel\u00edcio Later\u00e7a (PSL-RJ) questionou sobre o a meta da <a href=\"https:\/\/www.suno.com.br\/artigos\/inflacao\/\"><strong>infla\u00e7\u00e3o<\/strong><\/a>. O presidente da autoridade monet\u00e1ria declarou: &#8220;se eu acho que n\u00f3s dever\u00edamos mudar a meta? N\u00e3o. Eu acho que, quando h\u00e1 um desvio tempor\u00e1rio da meta por uma raz\u00e3o extraordin\u00e1ria, n\u00e3o deveria mudar a meta. A meta deveria ser mais est\u00e1vel do que isso&#8221;.<\/p>\n<p>De acordo com Campos Neto, a <a href=\"https:\/\/www.suno.com.br\/artigos\/politica-monetaria\/\">pol\u00edtica monet\u00e1ria<\/a> brasileira n\u00e3o est\u00e1 &#8220;exaurida&#8221;, e indicou que os economista do Banco discutem sobre o quanto a <a href=\"https:\/\/www.suno.com.br\/artigos\/taxa-selic\/\"><strong>taxa b\u00e1sica de juros<\/strong> (Selic)<\/a> ainda pode cair durante a atual crise. Vale ressaltar que, atualmente, a <strong>Selic<\/strong> est\u00e1 em 3% ao ano, o que representa o menor n\u00edvel da hist\u00f3ria.<\/p>\n<p>Al\u00e9m disso, o economista declarou que usar outras ferramentas para lutar contra a <a href=\"https:\/\/www.suno.com.br\/artigos\/crise-economica-oportunidade-ou-ameaca\/\"><strong>crise<\/strong> econ\u00f4mica<\/a> pode criar uma &#8220;distor\u00e7\u00e3o em nosso princ\u00edpio de pol\u00edtica monet\u00e1ria&#8221;. Segundo ele o sistema poderia &#8220;perder a credibilidade&#8221;.<\/p>\n<p>Ademais, Campos Neto afirmou que a libera\u00e7\u00e3o do <a href=\"https:\/\/www.suno.com.br\/noticias\/tags\/coronavoucher\/\">aux\u00edlio emergencial, conhecido como <strong>coronavoucher<\/strong><\/a> foi &#8220;r\u00e1pida quando comparada com outros pa\u00edses&#8221;.<\/p>\n<h2>BC indica necessidade de cautela em cortes da Selic<\/h2>\n<p>O diretor de Pol\u00edtica Econ\u00f4mica do <a href=\"https:\/\/www.suno.com.br\/artigos\/bacen\/\">Banco Central (<strong>BC<\/strong>)<\/a> , F\u00e1bio Kanczuk, afirmou durante uma live do <a href=\"https:\/\/www.suno.com.br\/noticias\/tags\/ubs\/\">UBS<\/a>, no \u00faltimo dia 22 que &#8220;no \u00faltimo <a href=\"https:\/\/www.suno.com.br\/artigos\/copom\/\">Copom (Comit\u00ea de Pol\u00edtica Monet\u00e1ria)<\/a>, fazia sentido est\u00edmulo maior do que o corte (da Selic) de 0,75 p.p, mas temos que botar a estabilidade financeira na conta. A principal mensagem do <strong>Copom<\/strong> \u00e9 que, a partir de um ponto, tenho que testar limites de forma mais suave&#8221;.<\/p>\n<p><a href=\"https:\/\/www.suno.com.br\/noticias\/bc-a-partir-de-determinado-ponto-e-necessario-cautela-em-cortes-da-selic\/\">Saiba mais: BC: &#8216;a partir de determinado ponto&#8217; \u00e9 necess\u00e1rio cautela em cortes da Selic<\/a><\/p>\n<p>O diretor de Pol\u00edtica Econ\u00f4mica do <strong>BC<\/strong> ainda salientou que existem riscos em questionar se os juros, a partir de certo ponto, geram malef\u00edcios para a economia. &#8220;No caso do Brasil, pensamos que, se for baixando juros, continua tendo efeito de <a href=\"https:\/\/www.suno.com.br\/artigos\/inflacao\/\">elevar infla\u00e7\u00e3o<\/a> via c\u00e2mbio&#8221;.<\/p>\n\n","protected":false},"excerpt":{"rendered":"<p>O presidente do Banco Central (BC), Roberto Campos Neto informou que o Brasil foi o pa\u00eds que &#8216;mais sofreu&#8217; com a desvaloriza\u00e7\u00e3o cambial por causa da crise causada pelo novo coronav\u00edrus (Covid-19). A informa\u00e7\u00e3o foi divulgada nessa segunda-feira (1) durante uma audi\u00eancia p\u00fablica virtual da comiss\u00e3o mista do Congresso, voltada para o acompanhamento das medidas [&hellip;]<\/p>\n","protected":false},"author":39,"featured_media":38603,"comment_status":"closed","ping_status":"closed","sticky":false,"template":"","format":"standard","meta":[],"categories":[62],"tags":[1842,2487,5255,1113],"suno_strategy":[],"class_list":["post-67050","post","type-post","status-publish","format-standard","has-post-thumbnail","hentry","category-economia","tag-banco-central-bc","tag-coronavirus","tag-covid-19","tag-roberto-campos-neto"],"yoast_head":"<!-- This site is optimized with the Yoast SEO plugin v24.4 - https:\/\/yoast.com\/wordpress\/plugins\/seo\/ -->\n<title>BC: Brasil foi o pa\u00eds que &#039;mais sofreu&#039; com a desvaloriza\u00e7\u00e3o cambial<\/title>\n<meta name=\"description\" content=\"O presidente do BC, informou que o Brasil foi o pa\u00eds que mais sofreu com a desvaloriza\u00e7\u00e3o cambial devido a crise. Clique aqui para saber mais.\" \/>\n<meta name=\"robots\" content=\"index, follow, max-snippet:-1, max-image-preview:large, max-video-preview:-1\" \/>\n<link rel=\"canonical\" href=\"https:\/\/www.suno.com.br\/noticias\/bc-banco-central-desvalorizacao-cambial\/\" \/>\n<meta property=\"og:locale\" content=\"pt_BR\" \/>\n<meta property=\"og:type\" content=\"article\" \/>\n<meta property=\"og:title\" content=\"BC: Brasil foi o pa\u00eds que &#039;mais sofreu&#039; com a desvaloriza\u00e7\u00e3o cambial\" \/>\n<meta property=\"og:description\" content=\"O presidente do BC, informou que o Brasil foi o pa\u00eds que mais sofreu com a desvaloriza\u00e7\u00e3o cambial devido a crise. Clique aqui para saber mais.\" \/>\n<meta property=\"og:url\" content=\"https:\/\/www.suno.com.br\/noticias\/bc-banco-central-desvalorizacao-cambial\/\" \/>\n<meta property=\"og:site_name\" content=\"Suno Not\u00edcias\" \/>\n<meta property=\"article:publisher\" content=\"https:\/\/facebook.com\/sunoresearch\" \/>\n<meta property=\"og:image\" content=\"https:\/\/files.sunoresearch.com.br\/n\/uploads\/2019\/09\/21f10e33-banco-central.jpg\" \/>\n\t<meta property=\"og:image:width\" content=\"750\" \/>\n\t<meta property=\"og:image:height\" content=\"498\" \/>\n\t<meta property=\"og:image:type\" content=\"image\/jpeg\" \/>\n<meta name=\"author\" content=\"Laura Moutinho\" \/>\n<meta name=\"twitter:card\" content=\"summary_large_image\" \/>\n<meta name=\"twitter:creator\" content=\"@sunoresearch\" \/>\n<meta name=\"twitter:site\" content=\"@sunoresearch\" \/>\n<meta name=\"twitter:label1\" content=\"Escrito por\" \/>\n\t<meta name=\"twitter:data1\" content=\"Laura Moutinho\" \/>\n\t<meta name=\"twitter:label2\" content=\"Est. tempo de leitura\" \/>\n\t<meta name=\"twitter:data2\" content=\"3 minutos\" \/>\n<script type=\"application\/ld+json\" class=\"yoast-schema-graph\">{\"@context\":\"https:\/\/schema.org\",\"@graph\":[{\"@type\":\"NewsArticle\",\"@id\":\"https:\/\/www.suno.com.br\/noticias\/bc-banco-central-desvalorizacao-cambial\/#article\",\"isPartOf\":{\"@id\":\"https:\/\/www.suno.com.br\/noticias\/bc-banco-central-desvalorizacao-cambial\/\"},\"author\":{\"name\":\"Laura Moutinho\",\"@id\":\"https:\/\/www.suno.com.br\/noticias\/#\/schema\/person\/3df0d2808748b74496efe5dbeaef2c72\"},\"headline\":\"BC: Brasil foi o pa\u00eds que &#8216;mais sofreu&#8217; com a desvaloriza\u00e7\u00e3o cambial\",\"datePublished\":\"2020-06-01T21:45:33+00:00\",\"dateModified\":\"2021-02-18T01:50:50+00:00\",\"mainEntityOfPage\":{\"@id\":\"https:\/\/www.suno.com.br\/noticias\/bc-banco-central-desvalorizacao-cambial\/\"},\"wordCount\":529,\"publisher\":{\"@id\":\"https:\/\/www.suno.com.br\/noticias\/#organization\"},\"image\":{\"@id\":\"https:\/\/www.suno.com.br\/noticias\/bc-banco-central-desvalorizacao-cambial\/#primaryimage\"},\"thumbnailUrl\":\"https:\/\/files.sunoresearch.com.br\/n\/uploads\/2019\/09\/21f10e33-banco-central-jpg.webp\",\"keywords\":[\"Banco Central (BC)\",\"coronav\u00edrus\",\"covid-19\",\"Roberto Campos Neto\"],\"articleSection\":[\"Economia\"],\"inLanguage\":\"pt-BR\"},{\"@type\":\"WebPage\",\"@id\":\"https:\/\/www.suno.com.br\/noticias\/bc-banco-central-desvalorizacao-cambial\/\",\"url\":\"https:\/\/www.suno.com.br\/noticias\/bc-banco-central-desvalorizacao-cambial\/\",\"name\":\"BC: Brasil foi o pa\u00eds que 'mais sofreu' com a desvaloriza\u00e7\u00e3o cambial\",\"isPartOf\":{\"@id\":\"https:\/\/www.suno.com.br\/noticias\/#website\"},\"primaryImageOfPage\":{\"@id\":\"https:\/\/www.suno.com.br\/noticias\/bc-banco-central-desvalorizacao-cambial\/#primaryimage\"},\"image\":{\"@id\":\"https:\/\/www.suno.com.br\/noticias\/bc-banco-central-desvalorizacao-cambial\/#primaryimage\"},\"thumbnailUrl\":\"https:\/\/files.sunoresearch.com.br\/n\/uploads\/2019\/09\/21f10e33-banco-central-jpg.webp\",\"datePublished\":\"2020-06-01T21:45:33+00:00\",\"dateModified\":\"2021-02-18T01:50:50+00:00\",\"description\":\"O presidente do BC, informou que o Brasil foi o pa\u00eds que mais sofreu com a desvaloriza\u00e7\u00e3o cambial devido a crise. Clique aqui para saber mais.\",\"breadcrumb\":{\"@id\":\"https:\/\/www.suno.com.br\/noticias\/bc-banco-central-desvalorizacao-cambial\/#breadcrumb\"},\"inLanguage\":\"pt-BR\",\"potentialAction\":[{\"@type\":\"ReadAction\",\"target\":[\"https:\/\/www.suno.com.br\/noticias\/bc-banco-central-desvalorizacao-cambial\/\"]}]},{\"@type\":\"ImageObject\",\"inLanguage\":\"pt-BR\",\"@id\":\"https:\/\/www.suno.com.br\/noticias\/bc-banco-central-desvalorizacao-cambial\/#primaryimage\",\"url\":\"https:\/\/files.sunoresearch.com.br\/n\/uploads\/2019\/09\/21f10e33-banco-central-jpg.webp\",\"contentUrl\":\"https:\/\/files.sunoresearch.com.br\/n\/uploads\/2019\/09\/21f10e33-banco-central-jpg.webp\",\"width\":750,\"height\":498,\"caption\":\"BC: crise pode levar a 'aumento de concentra\u00e7\u00e3o no setor banc\u00e1rio'\"},{\"@type\":\"BreadcrumbList\",\"@id\":\"https:\/\/www.suno.com.br\/noticias\/bc-banco-central-desvalorizacao-cambial\/#breadcrumb\",\"itemListElement\":[{\"@type\":\"ListItem\",\"position\":1,\"name\":\"Not\u00edcias\",\"item\":\"https:\/\/www.suno.com.br\/noticias\/\"},{\"@type\":\"ListItem\",\"position\":2,\"name\":\"Economia\",\"item\":\"https:\/\/www.suno.com.br\/noticias\/economia\/\"},{\"@type\":\"ListItem\",\"position\":3,\"name\":\"BC: Brasil foi o pa\u00eds que &#8216;mais sofreu&#8217; com a desvaloriza\u00e7\u00e3o cambial\"}]},{\"@type\":\"WebSite\",\"@id\":\"https:\/\/www.suno.com.br\/noticias\/#website\",\"url\":\"https:\/\/www.suno.com.br\/noticias\/\",\"name\":\"Suno Not\u00edcias\",\"description\":\"Seu portal de informa\u00e7\u00e3o sobre o mundo dos investimentos\",\"publisher\":{\"@id\":\"https:\/\/www.suno.com.br\/noticias\/#organization\"},\"potentialAction\":[{\"@type\":\"SearchAction\",\"target\":{\"@type\":\"EntryPoint\",\"urlTemplate\":\"https:\/\/www.suno.com.br\/noticias\/?s={search_term_string}\"},\"query-input\":{\"@type\":\"PropertyValueSpecification\",\"valueRequired\":true,\"valueName\":\"search_term_string\"}}],\"inLanguage\":\"pt-BR\"},{\"@type\":\"Organization\",\"@id\":\"https:\/\/www.suno.com.br\/noticias\/#organization\",\"name\":\"Suno Not\u00edcias\",\"url\":\"https:\/\/www.suno.com.br\/noticias\/\",\"logo\":{\"@type\":\"ImageObject\",\"inLanguage\":\"pt-BR\",\"@id\":\"https:\/\/www.suno.com.br\/noticias\/#\/schema\/logo\/image\/\",\"url\":\"https:\/\/files.sunoresearch.com.br\/n\/uploads\/2021\/09\/suno-logo.png\",\"contentUrl\":\"https:\/\/files.sunoresearch.com.br\/n\/uploads\/2021\/09\/suno-logo.png\",\"width\":180,\"height\":180,\"caption\":\"Suno Not\u00edcias\"},\"image\":{\"@id\":\"https:\/\/www.suno.com.br\/noticias\/#\/schema\/logo\/image\/\"},\"sameAs\":[\"https:\/\/facebook.com\/sunoresearch\",\"https:\/\/x.com\/sunoresearch\",\"https:\/\/www.instagram.com\/suno\",\"https:\/\/www.linkedin.com\/company\/suno-research\/\",\"https:\/\/www.youtube.com\/c\/sunoresearch\"]},{\"@type\":\"Person\",\"@id\":\"https:\/\/www.suno.com.br\/noticias\/#\/schema\/person\/3df0d2808748b74496efe5dbeaef2c72\",\"name\":\"Laura Moutinho\",\"image\":{\"@type\":\"ImageObject\",\"inLanguage\":\"pt-BR\",\"@id\":\"https:\/\/www.suno.com.br\/noticias\/#\/schema\/person\/image\/\",\"url\":\"https:\/\/secure.gravatar.com\/avatar\/7571c7c8ca3a6fca5e41384ece5557ff?s=96&r=g\",\"contentUrl\":\"https:\/\/secure.gravatar.com\/avatar\/7571c7c8ca3a6fca5e41384ece5557ff?s=96&r=g\",\"caption\":\"Laura Moutinho\"},\"description\":\"Estagi\u00e1ria na Suno Not\u00edcias, escreve not\u00edcias que afetam o mercado financeiro. Estuda administra\u00e7\u00e3o na Universidade Presbiteriana Mackenzie.\",\"url\":\"https:\/\/www.suno.com.br\/noticias\/author\/laura-moutinho\/\"}]}<\/script>\n<!-- \/ Yoast SEO plugin. -->","yoast_head_json":{"title":"BC: Brasil foi o pa\u00eds que 'mais sofreu' com a desvaloriza\u00e7\u00e3o cambial","description":"O presidente do BC, informou que o Brasil foi o pa\u00eds que mais sofreu com a desvaloriza\u00e7\u00e3o cambial devido a crise. Clique aqui para saber mais.","robots":{"index":"index","follow":"follow","max-snippet":"max-snippet:-1","max-image-preview":"max-image-preview:large","max-video-preview":"max-video-preview:-1"},"canonical":"https:\/\/www.suno.com.br\/noticias\/bc-banco-central-desvalorizacao-cambial\/","og_locale":"pt_BR","og_type":"article","og_title":"BC: Brasil foi o pa\u00eds que 'mais sofreu' com a desvaloriza\u00e7\u00e3o cambial","og_description":"O presidente do BC, informou que o Brasil foi o pa\u00eds que mais sofreu com a desvaloriza\u00e7\u00e3o cambial devido a crise. Clique aqui para saber mais.","og_url":"https:\/\/www.suno.com.br\/noticias\/bc-banco-central-desvalorizacao-cambial\/","og_site_name":"Suno Not\u00edcias","article_publisher":"https:\/\/facebook.com\/sunoresearch","og_image":[{"width":750,"height":498,"url":"https:\/\/files.sunoresearch.com.br\/n\/uploads\/2019\/09\/21f10e33-banco-central.jpg","type":"image\/jpeg"}],"author":"Laura Moutinho","twitter_card":"summary_large_image","twitter_creator":"@sunoresearch","twitter_site":"@sunoresearch","twitter_misc":{"Escrito por":"Laura Moutinho","Est. tempo de leitura":"3 minutos"},"schema":{"@context":"https:\/\/schema.org","@graph":[{"@type":"NewsArticle","@id":"https:\/\/www.suno.com.br\/noticias\/bc-banco-central-desvalorizacao-cambial\/#article","isPartOf":{"@id":"https:\/\/www.suno.com.br\/noticias\/bc-banco-central-desvalorizacao-cambial\/"},"author":{"name":"Laura Moutinho","@id":"https:\/\/www.suno.com.br\/noticias\/#\/schema\/person\/3df0d2808748b74496efe5dbeaef2c72"},"headline":"BC: Brasil foi o pa\u00eds que &#8216;mais sofreu&#8217; com a desvaloriza\u00e7\u00e3o cambial","datePublished":"2020-06-01T21:45:33+00:00","dateModified":"2021-02-18T01:50:50+00:00","mainEntityOfPage":{"@id":"https:\/\/www.suno.com.br\/noticias\/bc-banco-central-desvalorizacao-cambial\/"},"wordCount":529,"publisher":{"@id":"https:\/\/www.suno.com.br\/noticias\/#organization"},"image":{"@id":"https:\/\/www.suno.com.br\/noticias\/bc-banco-central-desvalorizacao-cambial\/#primaryimage"},"thumbnailUrl":"https:\/\/files.sunoresearch.com.br\/n\/uploads\/2019\/09\/21f10e33-banco-central-jpg.webp","keywords":["Banco Central (BC)","coronav\u00edrus","covid-19","Roberto Campos Neto"],"articleSection":["Economia"],"inLanguage":"pt-BR"},{"@type":"WebPage","@id":"https:\/\/www.suno.com.br\/noticias\/bc-banco-central-desvalorizacao-cambial\/","url":"https:\/\/www.suno.com.br\/noticias\/bc-banco-central-desvalorizacao-cambial\/","name":"BC: Brasil foi o pa\u00eds que 'mais sofreu' com a desvaloriza\u00e7\u00e3o cambial","isPartOf":{"@id":"https:\/\/www.suno.com.br\/noticias\/#website"},"primaryImageOfPage":{"@id":"https:\/\/www.suno.com.br\/noticias\/bc-banco-central-desvalorizacao-cambial\/#primaryimage"},"image":{"@id":"https:\/\/www.suno.com.br\/noticias\/bc-banco-central-desvalorizacao-cambial\/#primaryimage"},"thumbnailUrl":"https:\/\/files.sunoresearch.com.br\/n\/uploads\/2019\/09\/21f10e33-banco-central-jpg.webp","datePublished":"2020-06-01T21:45:33+00:00","dateModified":"2021-02-18T01:50:50+00:00","description":"O presidente do BC, informou que o Brasil foi o pa\u00eds que mais sofreu com a desvaloriza\u00e7\u00e3o cambial devido a crise. Clique aqui para saber mais.","breadcrumb":{"@id":"https:\/\/www.suno.com.br\/noticias\/bc-banco-central-desvalorizacao-cambial\/#breadcrumb"},"inLanguage":"pt-BR","potentialAction":[{"@type":"ReadAction","target":["https:\/\/www.suno.com.br\/noticias\/bc-banco-central-desvalorizacao-cambial\/"]}]},{"@type":"ImageObject","inLanguage":"pt-BR","@id":"https:\/\/www.suno.com.br\/noticias\/bc-banco-central-desvalorizacao-cambial\/#primaryimage","url":"https:\/\/files.sunoresearch.com.br\/n\/uploads\/2019\/09\/21f10e33-banco-central-jpg.webp","contentUrl":"https:\/\/files.sunoresearch.com.br\/n\/uploads\/2019\/09\/21f10e33-banco-central-jpg.webp","width":750,"height":498,"caption":"BC: crise pode levar a 'aumento de concentra\u00e7\u00e3o no setor banc\u00e1rio'"},{"@type":"BreadcrumbList","@id":"https:\/\/www.suno.com.br\/noticias\/bc-banco-central-desvalorizacao-cambial\/#breadcrumb","itemListElement":[{"@type":"ListItem","position":1,"name":"Not\u00edcias","item":"https:\/\/www.suno.com.br\/noticias\/"},{"@type":"ListItem","position":2,"name":"Economia","item":"https:\/\/www.suno.com.br\/noticias\/economia\/"},{"@type":"ListItem","position":3,"name":"BC: Brasil foi o pa\u00eds que &#8216;mais sofreu&#8217; com a desvaloriza\u00e7\u00e3o cambial"}]},{"@type":"WebSite","@id":"https:\/\/www.suno.com.br\/noticias\/#website","url":"https:\/\/www.suno.com.br\/noticias\/","name":"Suno Not\u00edcias","description":"Seu portal de informa\u00e7\u00e3o sobre o mundo dos investimentos","publisher":{"@id":"https:\/\/www.suno.com.br\/noticias\/#organization"},"potentialAction":[{"@type":"SearchAction","target":{"@type":"EntryPoint","urlTemplate":"https:\/\/www.suno.com.br\/noticias\/?s={search_term_string}"},"query-input":{"@type":"PropertyValueSpecification","valueRequired":true,"valueName":"search_term_string"}}],"inLanguage":"pt-BR"},{"@type":"Organization","@id":"https:\/\/www.suno.com.br\/noticias\/#organization","name":"Suno Not\u00edcias","url":"https:\/\/www.suno.com.br\/noticias\/","logo":{"@type":"ImageObject","inLanguage":"pt-BR","@id":"https:\/\/www.suno.com.br\/noticias\/#\/schema\/logo\/image\/","url":"https:\/\/files.sunoresearch.com.br\/n\/uploads\/2021\/09\/suno-logo.png","contentUrl":"https:\/\/files.sunoresearch.com.br\/n\/uploads\/2021\/09\/suno-logo.png","width":180,"height":180,"caption":"Suno Not\u00edcias"},"image":{"@id":"https:\/\/www.suno.com.br\/noticias\/#\/schema\/logo\/image\/"},"sameAs":["https:\/\/facebook.com\/sunoresearch","https:\/\/x.com\/sunoresearch","https:\/\/www.instagram.com\/suno","https:\/\/www.linkedin.com\/company\/suno-research\/","https:\/\/www.youtube.com\/c\/sunoresearch"]},{"@type":"Person","@id":"https:\/\/www.suno.com.br\/noticias\/#\/schema\/person\/3df0d2808748b74496efe5dbeaef2c72","name":"Laura Moutinho","image":{"@type":"ImageObject","inLanguage":"pt-BR","@id":"https:\/\/www.suno.com.br\/noticias\/#\/schema\/person\/image\/","url":"https:\/\/secure.gravatar.com\/avatar\/7571c7c8ca3a6fca5e41384ece5557ff?s=96&r=g","contentUrl":"https:\/\/secure.gravatar.com\/avatar\/7571c7c8ca3a6fca5e41384ece5557ff?s=96&r=g","caption":"Laura Moutinho"},"description":"Estagi\u00e1ria na Suno Not\u00edcias, escreve not\u00edcias que afetam o mercado financeiro. Estuda administra\u00e7\u00e3o na Universidade Presbiteriana Mackenzie.","url":"https:\/\/www.suno.com.br\/noticias\/author\/laura-moutinho\/"}]}},"default_loop_html":"<div class=\"cardsPage__listCard__boxs\"><div class=\"cardsPage__listCard__boxs__img\"><a href=\"https:\/\/www.suno.com.br\/noticias\/bc-banco-central-desvalorizacao-cambial\/\"><img class=\"mask\" src=\"https:\/\/www.suno.com.br\/noticias\/wp-content\/themes\/suno\/resources\/images\/spotlight\/spotlight1img\/bg-mask.png\" alt=\"Image Mask\"\/><img src=\"https:\/\/files.sunoresearch.com.br\/n\/uploads\/2019\/09\/21f10e33-banco-central-400x200.webp\" alt=\"BC: Brasil foi o pa\u00eds que &#8216;mais sofreu&#8217; com a desvaloriza\u00e7\u00e3o cambial\"\/><\/a><span class=\"spotlightCategory\"><a href=\"https:\/\/www.suno.com.br\/noticias\/economia\/\">Economia<\/a><\/span><\/div><div class=\"cardsPage__listCard__boxs__content\"><a href=\"https:\/\/www.suno.com.br\/noticias\/bc-banco-central-desvalorizacao-cambial\/\"><h2 class=\"content__title\">BC: Brasil foi o pa\u00eds que &#8216;mais sofreu&#8217; com a desvaloriza\u00e7\u00e3o cambial<\/h2><\/a><div class=\"newsContent__article__meta\"><div class=\"newsContent__article__meta__authorBox\"><a href=\"https:\/\/www.suno.com.br\/noticias\/author\/laura-moutinho\/\" class=\"authorBox__avatar noMobi\"><img src=\"https:\/\/files.sunoresearch.com.br\/n\/uploads\/2020\/08\/531ff69d-whatsapp-image-2020-08-03-at-14.54.38-150x150.webp\" alt=\"Laura Moutinho\"><\/a><div class=\"authorBox__name\"><span>por\n\t\t\t<a href=\"https:\/\/www.suno.com.br\/noticias\/author\/laura-moutinho\/\"><span itemprop=\"author\">Laura Moutinho<\/span><\/a><\/span><time datetime=\"2020-06-01T18:45:33-03:00\" itemprop=\"datePublished\">01\/06\/2020 18:45<\/time><\/div><\/div><\/div><\/div><\/div>","single_layout":"posts","amp_enabled":true,"_links":{"self":[{"href":"https:\/\/www.suno.com.br\/noticias\/wp-json\/wp\/v2\/posts\/67050"}],"collection":[{"href":"https:\/\/www.suno.com.br\/noticias\/wp-json\/wp\/v2\/posts"}],"about":[{"href":"https:\/\/www.suno.com.br\/noticias\/wp-json\/wp\/v2\/types\/post"}],"author":[{"embeddable":true,"href":"https:\/\/www.suno.com.br\/noticias\/wp-json\/wp\/v2\/users\/39"}],"replies":[{"embeddable":true,"href":"https:\/\/www.suno.com.br\/noticias\/wp-json\/wp\/v2\/comments?post=67050"}],"version-history":[{"count":0,"href":"https:\/\/www.suno.com.br\/noticias\/wp-json\/wp\/v2\/posts\/67050\/revisions"}],"wp:featuredmedia":[{"embeddable":true,"href":"https:\/\/www.suno.com.br\/noticias\/wp-json\/wp\/v2\/media\/38603"}],"wp:attachment":[{"href":"https:\/\/www.suno.com.br\/noticias\/wp-json\/wp\/v2\/media?parent=67050"}],"wp:term":[{"taxonomy":"category","embeddable":true,"href":"https:\/\/www.suno.com.br\/noticias\/wp-json\/wp\/v2\/categories?post=67050"},{"taxonomy":"post_tag","embeddable":true,"href":"https:\/\/www.suno.com.br\/noticias\/wp-json\/wp\/v2\/tags?post=67050"},{"taxonomy":"suno_strategy","embeddable":true,"href":"https:\/\/www.suno.com.br\/noticias\/wp-json\/wp\/v2\/suno_strategy?post=67050"}],"curies":[{"name":"wp","href":"https:\/\/api.w.org\/{rel}","templated":true}]}}