{"id":67019,"date":"2020-06-01T16:02:39","date_gmt":"2020-06-01T19:02:39","guid":{"rendered":"https:\/\/www.suno.com.br\/noticias\/?p=67019"},"modified":"2021-06-24T16:22:33","modified_gmt":"2021-06-24T19:22:33","slug":"volkswagen-reabertura-fabrica-sao-bernardo","status":"publish","type":"post","link":"https:\/\/www.suno.com.br\/noticias\/volkswagen-reabertura-fabrica-sao-bernardo\/","title":{"rendered":"Volkswagen retoma produ\u00e7\u00e3o em f\u00e1brica em S\u00e3o Bernardo do Campo"},"content":{"rendered":"<p>A <strong>Volkswagen<\/strong> informou que a produ\u00e7\u00e3o em sua f\u00e1brica em S\u00e3o Bernardo do Campo (SP) foi retomada nessa segunda-feira (1) com apenas um turno, ante a tr\u00eas turnos de 24 h antes da paralisa\u00e7\u00e3o. A produ\u00e7\u00e3o ficou paralisada por dois meses devido a <a href=\"https:\/\/www.suno.com.br\/noticias\/tags\/coronavirus\/\">pandemia de coronav\u00edrus (Covid-19)<\/a>. Os\u00a0 funcion\u00e1rios da \u00e1rea administrativa devem continuar trabalhando remotamente, ao passo que devem voltar de forma gradual em uma data ainda indefinida.<\/p>\t<div class=\"wrapper-featured-image\">\n\t\t<figure class=\"spotlightImg\">\n\n\t\t\t<picture>\n\t\t\t\t<source media=\"(max-width: 768px)\" srcset=\"https:\/\/files.sunoresearch.com.br\/n\/uploads\/2019\/08\/c6acae5c-volkswagen-400x200.webp\">\n\t\t\t\t<img loading=\"lazy\" decoding=\"async\" class=\"newsContent__article__imgCapa lazyloadDisabled newsContent__article__imgCapa--noCaption\" src=\"https:\/\/files.sunoresearch.com.br\/n\/uploads\/2019\/08\/c6acae5c-volkswagen-800x450.webp\" width=\"800\" height=\"450\" alt=\"Volkswagen retoma produ\u00e7\u00e3o em f\u00e1brica em S\u00e3o Bernardo do Campo\" fetchpriority=high \/>\n\t\t\t<\/picture>\n\n\t\t\t<figcaption class=\"wp-caption-text wp-caption-text--hide\">Volkswagen volta a ter lucro na Am\u00e9rica Latina. Foto: divulga\u00e7\u00e3o<\/figcaption>\n\t\t<\/figure>\n\t<\/div>\n\n\n\n<p>De acordo com a Volkswagen, h\u00e1 cerca de 80 regras que fazem parte do protocolo de seguran\u00e7a contra o <strong>coronav\u00edrus,<\/strong> que os funcion\u00e1rios devem seguir. Al\u00e9m disso, o n\u00famero de \u00f4nibus fretados para os funcion\u00e1rios dobrou para que os empregados possam sentar distantes um do outro e n\u00e3o precisem viajar com algu\u00e9m sentado ao lado.<\/p>\n<p>Ademais, durante o embarque no \u00f4nibus, o motorista deve medir a temperatura de cada empregado e todos devem usar m\u00e1scaras. J\u00e1 na linha de produ\u00e7\u00e3o, os trabalhadores ainda devem usar uma m\u00e1scara transparente que cobre o rosto todo.<\/p>\n<p><a href=\"https:\/\/lp.suno.com.br\/suno-one\/\">Suno One: acesse gratuitamente eBooks, Minicursos, Artigos e Video Aulas sobre investimentos com um \u00fanico cadastro. Clique para saber mais!<\/a><\/p>\n<p>Contudo, os hor\u00e1rios de chegada dos \u00f4nibus, assim como o hor\u00e1rio de almo\u00e7o dos colaboradores, foram organizados a modo de evitar aglomera\u00e7\u00f5es. Durante o intervalo para almo\u00e7o, os trabalhadores podem usar o refeit\u00f3rio, mas com uma quantidade menor de pessoas em cada mesa, assim, se uma mesa acomoda 4 pessoas, s\u00f3 duas pessoas podem us\u00e1-la ao mesmo tempo.<\/p>\n<p>Na abertura da unidade, o presidente da montadora na Am\u00e9rica Latina, <strong>Pablo Di Si<\/strong>, ficou no port\u00e3o da f\u00e1brica para estar presente durante a chegada dos trabalhadores. Ele ainda salientou que as as novas normas de higiene e seguran\u00e7a nas unidades da companhia no Brasil seguem os padr\u00f5es de pa\u00edses como <strong>China<\/strong> e a <strong>Alemanha<\/strong>.<\/p>\n<p>J\u00e1 em rela\u00e7\u00e3o a produ\u00e7\u00e3o, o executivo afirmou que &#8220;o ritmo de produ\u00e7\u00e3o pode acelerar ou desacelerar; tudo depende da rea\u00e7\u00e3o do mercado&#8221;.<\/p>\n<h2>Volkswagen retoma produ\u00e7\u00e3o em f\u00e1brica na Alemanha<\/h2>\n<p>A Volkswagen retomou a produ\u00e7\u00e3o em sua f\u00e1brica em Wolfsburg, na Alemanha, no final de abril. As atividades foram paralisadas em meados de mar\u00e7o, por causa da pandemia.<\/p>\n<p><a href=\"https:\/\/www.suno.com.br\/noticias\/coronavirus-gm-volkswagen-retomam-producao\/\">Veja tamb\u00e9m: Coronav\u00edrus: GM e Volkswagen retomam produ\u00e7\u00e3o em f\u00e1bricas<\/a><\/p>\n<p>Garantindo que seus funcion\u00e1rios tomem os devidos cuidados para evitar a contamina\u00e7\u00e3o, a <strong>Volkswagen<\/strong> informou que, s\u00f3 na semana da reabertura, previa a produ\u00e7\u00e3o de 1400 carros na f\u00e1brica de Wolfsburg. J\u00e1 em rela\u00e7\u00e3o aos 15 dias posteriores, a estimativa era que 6 mil carros seriam produzidos.<\/p>\n\n","protected":false},"excerpt":{"rendered":"<p>A Volkswagen informou que a produ\u00e7\u00e3o em sua f\u00e1brica em S\u00e3o Bernardo do Campo (SP) foi retomada nessa segunda-feira (1) com apenas um turno, ante a tr\u00eas turnos de 24 h antes da paralisa\u00e7\u00e3o. A produ\u00e7\u00e3o ficou paralisada por dois meses devido a pandemia de coronav\u00edrus (Covid-19). Os\u00a0 funcion\u00e1rios da \u00e1rea administrativa devem continuar trabalhando [&hellip;]<\/p>\n","protected":false},"author":39,"featured_media":35827,"comment_status":"closed","ping_status":"closed","sticky":false,"template":"","format":"standard","meta":[],"categories":[64],"tags":[2487,5255,2748,941,854],"suno_strategy":[],"class_list":["post-67019","post","type-post","status-publish","format-standard","has-post-thumbnail","hentry","category-negocios","tag-coronavirus","tag-covid-19","tag-pandemia","tag-setor-automotivo","tag-volkswagen"],"yoast_head":"<!-- This site is optimized with the Yoast SEO plugin v24.4 - https:\/\/yoast.com\/wordpress\/plugins\/seo\/ -->\n<title>Volkswagen retoma produ\u00e7\u00e3o em f\u00e1brica em S\u00e3o Bernardo do Campo<\/title>\n<meta name=\"description\" content=\"A Volkswagen informou que a produ\u00e7\u00e3o em sua f\u00e1brica em S\u00e3o Bernardo do Campo (SP) foi retomada nessa segunda. Clique aqui para saber mais.\" \/>\n<meta name=\"robots\" content=\"index, follow, max-snippet:-1, max-image-preview:large, max-video-preview:-1\" \/>\n<link rel=\"canonical\" href=\"https:\/\/www.suno.com.br\/noticias\/volkswagen-reabertura-fabrica-sao-bernardo\/\" \/>\n<meta property=\"og:locale\" content=\"pt_BR\" \/>\n<meta property=\"og:type\" content=\"article\" \/>\n<meta property=\"og:title\" content=\"Volkswagen retoma produ\u00e7\u00e3o em f\u00e1brica em S\u00e3o Bernardo do Campo\" \/>\n<meta property=\"og:description\" content=\"A Volkswagen informou que a produ\u00e7\u00e3o em sua f\u00e1brica em S\u00e3o Bernardo do Campo (SP) foi retomada nessa segunda. Clique aqui para saber mais.\" \/>\n<meta property=\"og:url\" content=\"https:\/\/www.suno.com.br\/noticias\/volkswagen-reabertura-fabrica-sao-bernardo\/\" \/>\n<meta property=\"og:site_name\" content=\"Suno Not\u00edcias\" \/>\n<meta property=\"article:publisher\" content=\"https:\/\/facebook.com\/sunoresearch\" \/>\n<meta property=\"og:image\" content=\"https:\/\/files.sunoresearch.com.br\/n\/uploads\/2019\/08\/c6acae5c-volkswagen.jpg\" \/>\n\t<meta property=\"og:image:width\" content=\"1200\" \/>\n\t<meta property=\"og:image:height\" content=\"800\" \/>\n\t<meta property=\"og:image:type\" content=\"image\/jpeg\" \/>\n<meta name=\"author\" content=\"Laura Moutinho\" \/>\n<meta name=\"twitter:card\" content=\"summary_large_image\" \/>\n<meta name=\"twitter:creator\" content=\"@sunoresearch\" \/>\n<meta name=\"twitter:site\" content=\"@sunoresearch\" \/>\n<meta name=\"twitter:label1\" content=\"Escrito por\" \/>\n\t<meta name=\"twitter:data1\" content=\"Laura Moutinho\" \/>\n\t<meta name=\"twitter:label2\" content=\"Est. tempo de leitura\" \/>\n\t<meta name=\"twitter:data2\" content=\"2 minutos\" \/>\n<script type=\"application\/ld+json\" class=\"yoast-schema-graph\">{\"@context\":\"https:\/\/schema.org\",\"@graph\":[{\"@type\":\"NewsArticle\",\"@id\":\"https:\/\/www.suno.com.br\/noticias\/volkswagen-reabertura-fabrica-sao-bernardo\/#article\",\"isPartOf\":{\"@id\":\"https:\/\/www.suno.com.br\/noticias\/volkswagen-reabertura-fabrica-sao-bernardo\/\"},\"author\":{\"name\":\"Laura Moutinho\",\"@id\":\"https:\/\/www.suno.com.br\/noticias\/#\/schema\/person\/3df0d2808748b74496efe5dbeaef2c72\"},\"headline\":\"Volkswagen retoma produ\u00e7\u00e3o em f\u00e1brica em S\u00e3o Bernardo do Campo\",\"datePublished\":\"2020-06-01T19:02:39+00:00\",\"dateModified\":\"2021-06-24T19:22:33+00:00\",\"mainEntityOfPage\":{\"@id\":\"https:\/\/www.suno.com.br\/noticias\/volkswagen-reabertura-fabrica-sao-bernardo\/\"},\"wordCount\":474,\"publisher\":{\"@id\":\"https:\/\/www.suno.com.br\/noticias\/#organization\"},\"image\":{\"@id\":\"https:\/\/www.suno.com.br\/noticias\/volkswagen-reabertura-fabrica-sao-bernardo\/#primaryimage\"},\"thumbnailUrl\":\"https:\/\/files.sunoresearch.com.br\/n\/uploads\/2019\/08\/c6acae5c-volkswagen-jpg.webp\",\"keywords\":[\"coronav\u00edrus\",\"covid-19\",\"pandemia\",\"setor automotivo\",\"Volkswagen\"],\"articleSection\":[\"Neg\u00f3cios\"],\"inLanguage\":\"pt-BR\"},{\"@type\":\"WebPage\",\"@id\":\"https:\/\/www.suno.com.br\/noticias\/volkswagen-reabertura-fabrica-sao-bernardo\/\",\"url\":\"https:\/\/www.suno.com.br\/noticias\/volkswagen-reabertura-fabrica-sao-bernardo\/\",\"name\":\"Volkswagen retoma produ\u00e7\u00e3o em f\u00e1brica em S\u00e3o Bernardo do Campo\",\"isPartOf\":{\"@id\":\"https:\/\/www.suno.com.br\/noticias\/#website\"},\"primaryImageOfPage\":{\"@id\":\"https:\/\/www.suno.com.br\/noticias\/volkswagen-reabertura-fabrica-sao-bernardo\/#primaryimage\"},\"image\":{\"@id\":\"https:\/\/www.suno.com.br\/noticias\/volkswagen-reabertura-fabrica-sao-bernardo\/#primaryimage\"},\"thumbnailUrl\":\"https:\/\/files.sunoresearch.com.br\/n\/uploads\/2019\/08\/c6acae5c-volkswagen-jpg.webp\",\"datePublished\":\"2020-06-01T19:02:39+00:00\",\"dateModified\":\"2021-06-24T19:22:33+00:00\",\"description\":\"A Volkswagen informou que a produ\u00e7\u00e3o em sua f\u00e1brica em S\u00e3o Bernardo do Campo (SP) foi retomada nessa segunda. Clique aqui para saber mais.\",\"breadcrumb\":{\"@id\":\"https:\/\/www.suno.com.br\/noticias\/volkswagen-reabertura-fabrica-sao-bernardo\/#breadcrumb\"},\"inLanguage\":\"pt-BR\",\"potentialAction\":[{\"@type\":\"ReadAction\",\"target\":[\"https:\/\/www.suno.com.br\/noticias\/volkswagen-reabertura-fabrica-sao-bernardo\/\"]}]},{\"@type\":\"ImageObject\",\"inLanguage\":\"pt-BR\",\"@id\":\"https:\/\/www.suno.com.br\/noticias\/volkswagen-reabertura-fabrica-sao-bernardo\/#primaryimage\",\"url\":\"https:\/\/files.sunoresearch.com.br\/n\/uploads\/2019\/08\/c6acae5c-volkswagen-jpg.webp\",\"contentUrl\":\"https:\/\/files.sunoresearch.com.br\/n\/uploads\/2019\/08\/c6acae5c-volkswagen-jpg.webp\",\"width\":1200,\"height\":800,\"caption\":\"Volkswagen volta a ter lucro na Am\u00e9rica Latina. Foto: divulga\u00e7\u00e3o\"},{\"@type\":\"BreadcrumbList\",\"@id\":\"https:\/\/www.suno.com.br\/noticias\/volkswagen-reabertura-fabrica-sao-bernardo\/#breadcrumb\",\"itemListElement\":[{\"@type\":\"ListItem\",\"position\":1,\"name\":\"Not\u00edcias\",\"item\":\"https:\/\/www.suno.com.br\/noticias\/\"},{\"@type\":\"ListItem\",\"position\":2,\"name\":\"Neg\u00f3cios\",\"item\":\"https:\/\/www.suno.com.br\/noticias\/negocios\/\"},{\"@type\":\"ListItem\",\"position\":3,\"name\":\"Volkswagen retoma produ\u00e7\u00e3o em f\u00e1brica em S\u00e3o Bernardo do Campo\"}]},{\"@type\":\"WebSite\",\"@id\":\"https:\/\/www.suno.com.br\/noticias\/#website\",\"url\":\"https:\/\/www.suno.com.br\/noticias\/\",\"name\":\"Suno Not\u00edcias\",\"description\":\"Seu portal de informa\u00e7\u00e3o sobre o mundo dos investimentos\",\"publisher\":{\"@id\":\"https:\/\/www.suno.com.br\/noticias\/#organization\"},\"potentialAction\":[{\"@type\":\"SearchAction\",\"target\":{\"@type\":\"EntryPoint\",\"urlTemplate\":\"https:\/\/www.suno.com.br\/noticias\/?s={search_term_string}\"},\"query-input\":{\"@type\":\"PropertyValueSpecification\",\"valueRequired\":true,\"valueName\":\"search_term_string\"}}],\"inLanguage\":\"pt-BR\"},{\"@type\":\"Organization\",\"@id\":\"https:\/\/www.suno.com.br\/noticias\/#organization\",\"name\":\"Suno Not\u00edcias\",\"url\":\"https:\/\/www.suno.com.br\/noticias\/\",\"logo\":{\"@type\":\"ImageObject\",\"inLanguage\":\"pt-BR\",\"@id\":\"https:\/\/www.suno.com.br\/noticias\/#\/schema\/logo\/image\/\",\"url\":\"https:\/\/files.sunoresearch.com.br\/n\/uploads\/2021\/09\/suno-logo.png\",\"contentUrl\":\"https:\/\/files.sunoresearch.com.br\/n\/uploads\/2021\/09\/suno-logo.png\",\"width\":180,\"height\":180,\"caption\":\"Suno Not\u00edcias\"},\"image\":{\"@id\":\"https:\/\/www.suno.com.br\/noticias\/#\/schema\/logo\/image\/\"},\"sameAs\":[\"https:\/\/facebook.com\/sunoresearch\",\"https:\/\/x.com\/sunoresearch\",\"https:\/\/www.instagram.com\/suno\",\"https:\/\/www.linkedin.com\/company\/suno-research\/\",\"https:\/\/www.youtube.com\/c\/sunoresearch\"]},{\"@type\":\"Person\",\"@id\":\"https:\/\/www.suno.com.br\/noticias\/#\/schema\/person\/3df0d2808748b74496efe5dbeaef2c72\",\"name\":\"Laura Moutinho\",\"image\":{\"@type\":\"ImageObject\",\"inLanguage\":\"pt-BR\",\"@id\":\"https:\/\/www.suno.com.br\/noticias\/#\/schema\/person\/image\/\",\"url\":\"https:\/\/secure.gravatar.com\/avatar\/7571c7c8ca3a6fca5e41384ece5557ff?s=96&r=g\",\"contentUrl\":\"https:\/\/secure.gravatar.com\/avatar\/7571c7c8ca3a6fca5e41384ece5557ff?s=96&r=g\",\"caption\":\"Laura Moutinho\"},\"description\":\"Estagi\u00e1ria na Suno Not\u00edcias, escreve not\u00edcias que afetam o mercado financeiro. Estuda administra\u00e7\u00e3o na Universidade Presbiteriana Mackenzie.\",\"url\":\"https:\/\/www.suno.com.br\/noticias\/author\/laura-moutinho\/\"}]}<\/script>\n<!-- \/ Yoast SEO plugin. -->","yoast_head_json":{"title":"Volkswagen retoma produ\u00e7\u00e3o em f\u00e1brica em S\u00e3o Bernardo do Campo","description":"A Volkswagen informou que a produ\u00e7\u00e3o em sua f\u00e1brica em S\u00e3o Bernardo do Campo (SP) foi retomada nessa segunda. Clique aqui para saber mais.","robots":{"index":"index","follow":"follow","max-snippet":"max-snippet:-1","max-image-preview":"max-image-preview:large","max-video-preview":"max-video-preview:-1"},"canonical":"https:\/\/www.suno.com.br\/noticias\/volkswagen-reabertura-fabrica-sao-bernardo\/","og_locale":"pt_BR","og_type":"article","og_title":"Volkswagen retoma produ\u00e7\u00e3o em f\u00e1brica em S\u00e3o Bernardo do Campo","og_description":"A Volkswagen informou que a produ\u00e7\u00e3o em sua f\u00e1brica em S\u00e3o Bernardo do Campo (SP) foi retomada nessa segunda. Clique aqui para saber mais.","og_url":"https:\/\/www.suno.com.br\/noticias\/volkswagen-reabertura-fabrica-sao-bernardo\/","og_site_name":"Suno Not\u00edcias","article_publisher":"https:\/\/facebook.com\/sunoresearch","og_image":[{"width":1200,"height":800,"url":"https:\/\/files.sunoresearch.com.br\/n\/uploads\/2019\/08\/c6acae5c-volkswagen.jpg","type":"image\/jpeg"}],"author":"Laura Moutinho","twitter_card":"summary_large_image","twitter_creator":"@sunoresearch","twitter_site":"@sunoresearch","twitter_misc":{"Escrito por":"Laura Moutinho","Est. tempo de leitura":"2 minutos"},"schema":{"@context":"https:\/\/schema.org","@graph":[{"@type":"NewsArticle","@id":"https:\/\/www.suno.com.br\/noticias\/volkswagen-reabertura-fabrica-sao-bernardo\/#article","isPartOf":{"@id":"https:\/\/www.suno.com.br\/noticias\/volkswagen-reabertura-fabrica-sao-bernardo\/"},"author":{"name":"Laura Moutinho","@id":"https:\/\/www.suno.com.br\/noticias\/#\/schema\/person\/3df0d2808748b74496efe5dbeaef2c72"},"headline":"Volkswagen retoma produ\u00e7\u00e3o em f\u00e1brica em S\u00e3o Bernardo do Campo","datePublished":"2020-06-01T19:02:39+00:00","dateModified":"2021-06-24T19:22:33+00:00","mainEntityOfPage":{"@id":"https:\/\/www.suno.com.br\/noticias\/volkswagen-reabertura-fabrica-sao-bernardo\/"},"wordCount":474,"publisher":{"@id":"https:\/\/www.suno.com.br\/noticias\/#organization"},"image":{"@id":"https:\/\/www.suno.com.br\/noticias\/volkswagen-reabertura-fabrica-sao-bernardo\/#primaryimage"},"thumbnailUrl":"https:\/\/files.sunoresearch.com.br\/n\/uploads\/2019\/08\/c6acae5c-volkswagen-jpg.webp","keywords":["coronav\u00edrus","covid-19","pandemia","setor automotivo","Volkswagen"],"articleSection":["Neg\u00f3cios"],"inLanguage":"pt-BR"},{"@type":"WebPage","@id":"https:\/\/www.suno.com.br\/noticias\/volkswagen-reabertura-fabrica-sao-bernardo\/","url":"https:\/\/www.suno.com.br\/noticias\/volkswagen-reabertura-fabrica-sao-bernardo\/","name":"Volkswagen retoma produ\u00e7\u00e3o em f\u00e1brica em S\u00e3o Bernardo do Campo","isPartOf":{"@id":"https:\/\/www.suno.com.br\/noticias\/#website"},"primaryImageOfPage":{"@id":"https:\/\/www.suno.com.br\/noticias\/volkswagen-reabertura-fabrica-sao-bernardo\/#primaryimage"},"image":{"@id":"https:\/\/www.suno.com.br\/noticias\/volkswagen-reabertura-fabrica-sao-bernardo\/#primaryimage"},"thumbnailUrl":"https:\/\/files.sunoresearch.com.br\/n\/uploads\/2019\/08\/c6acae5c-volkswagen-jpg.webp","datePublished":"2020-06-01T19:02:39+00:00","dateModified":"2021-06-24T19:22:33+00:00","description":"A Volkswagen informou que a produ\u00e7\u00e3o em sua f\u00e1brica em S\u00e3o Bernardo do Campo (SP) foi retomada nessa segunda. Clique aqui para saber mais.","breadcrumb":{"@id":"https:\/\/www.suno.com.br\/noticias\/volkswagen-reabertura-fabrica-sao-bernardo\/#breadcrumb"},"inLanguage":"pt-BR","potentialAction":[{"@type":"ReadAction","target":["https:\/\/www.suno.com.br\/noticias\/volkswagen-reabertura-fabrica-sao-bernardo\/"]}]},{"@type":"ImageObject","inLanguage":"pt-BR","@id":"https:\/\/www.suno.com.br\/noticias\/volkswagen-reabertura-fabrica-sao-bernardo\/#primaryimage","url":"https:\/\/files.sunoresearch.com.br\/n\/uploads\/2019\/08\/c6acae5c-volkswagen-jpg.webp","contentUrl":"https:\/\/files.sunoresearch.com.br\/n\/uploads\/2019\/08\/c6acae5c-volkswagen-jpg.webp","width":1200,"height":800,"caption":"Volkswagen volta a ter lucro na Am\u00e9rica Latina. Foto: divulga\u00e7\u00e3o"},{"@type":"BreadcrumbList","@id":"https:\/\/www.suno.com.br\/noticias\/volkswagen-reabertura-fabrica-sao-bernardo\/#breadcrumb","itemListElement":[{"@type":"ListItem","position":1,"name":"Not\u00edcias","item":"https:\/\/www.suno.com.br\/noticias\/"},{"@type":"ListItem","position":2,"name":"Neg\u00f3cios","item":"https:\/\/www.suno.com.br\/noticias\/negocios\/"},{"@type":"ListItem","position":3,"name":"Volkswagen retoma produ\u00e7\u00e3o em f\u00e1brica em S\u00e3o Bernardo do Campo"}]},{"@type":"WebSite","@id":"https:\/\/www.suno.com.br\/noticias\/#website","url":"https:\/\/www.suno.com.br\/noticias\/","name":"Suno Not\u00edcias","description":"Seu portal de informa\u00e7\u00e3o sobre o mundo dos investimentos","publisher":{"@id":"https:\/\/www.suno.com.br\/noticias\/#organization"},"potentialAction":[{"@type":"SearchAction","target":{"@type":"EntryPoint","urlTemplate":"https:\/\/www.suno.com.br\/noticias\/?s={search_term_string}"},"query-input":{"@type":"PropertyValueSpecification","valueRequired":true,"valueName":"search_term_string"}}],"inLanguage":"pt-BR"},{"@type":"Organization","@id":"https:\/\/www.suno.com.br\/noticias\/#organization","name":"Suno Not\u00edcias","url":"https:\/\/www.suno.com.br\/noticias\/","logo":{"@type":"ImageObject","inLanguage":"pt-BR","@id":"https:\/\/www.suno.com.br\/noticias\/#\/schema\/logo\/image\/","url":"https:\/\/files.sunoresearch.com.br\/n\/uploads\/2021\/09\/suno-logo.png","contentUrl":"https:\/\/files.sunoresearch.com.br\/n\/uploads\/2021\/09\/suno-logo.png","width":180,"height":180,"caption":"Suno Not\u00edcias"},"image":{"@id":"https:\/\/www.suno.com.br\/noticias\/#\/schema\/logo\/image\/"},"sameAs":["https:\/\/facebook.com\/sunoresearch","https:\/\/x.com\/sunoresearch","https:\/\/www.instagram.com\/suno","https:\/\/www.linkedin.com\/company\/suno-research\/","https:\/\/www.youtube.com\/c\/sunoresearch"]},{"@type":"Person","@id":"https:\/\/www.suno.com.br\/noticias\/#\/schema\/person\/3df0d2808748b74496efe5dbeaef2c72","name":"Laura Moutinho","image":{"@type":"ImageObject","inLanguage":"pt-BR","@id":"https:\/\/www.suno.com.br\/noticias\/#\/schema\/person\/image\/","url":"https:\/\/secure.gravatar.com\/avatar\/7571c7c8ca3a6fca5e41384ece5557ff?s=96&r=g","contentUrl":"https:\/\/secure.gravatar.com\/avatar\/7571c7c8ca3a6fca5e41384ece5557ff?s=96&r=g","caption":"Laura Moutinho"},"description":"Estagi\u00e1ria na Suno Not\u00edcias, escreve not\u00edcias que afetam o mercado financeiro. Estuda administra\u00e7\u00e3o na Universidade Presbiteriana Mackenzie.","url":"https:\/\/www.suno.com.br\/noticias\/author\/laura-moutinho\/"}]}},"default_loop_html":"<div class=\"cardsPage__listCard__boxs\"><div class=\"cardsPage__listCard__boxs__img\"><a href=\"https:\/\/www.suno.com.br\/noticias\/volkswagen-reabertura-fabrica-sao-bernardo\/\"><img class=\"mask\" src=\"https:\/\/www.suno.com.br\/noticias\/wp-content\/themes\/suno\/resources\/images\/spotlight\/spotlight1img\/bg-mask.png\" alt=\"Image Mask\"\/><img src=\"https:\/\/files.sunoresearch.com.br\/n\/uploads\/2019\/08\/c6acae5c-volkswagen-400x200.webp\" alt=\"Volkswagen retoma produ\u00e7\u00e3o em f\u00e1brica em S\u00e3o Bernardo do Campo\"\/><\/a><span class=\"spotlightCategory\"><a href=\"https:\/\/www.suno.com.br\/noticias\/negocios\/\">Neg\u00f3cios<\/a><\/span><\/div><div class=\"cardsPage__listCard__boxs__content\"><a href=\"https:\/\/www.suno.com.br\/noticias\/volkswagen-reabertura-fabrica-sao-bernardo\/\"><h2 class=\"content__title\">Volkswagen retoma produ\u00e7\u00e3o em f\u00e1brica em S\u00e3o Bernardo do Campo<\/h2><\/a><div class=\"newsContent__article__meta\"><div class=\"newsContent__article__meta__authorBox\"><a href=\"https:\/\/www.suno.com.br\/noticias\/author\/laura-moutinho\/\" class=\"authorBox__avatar noMobi\"><img src=\"https:\/\/files.sunoresearch.com.br\/n\/uploads\/2020\/08\/531ff69d-whatsapp-image-2020-08-03-at-14.54.38-150x150.webp\" alt=\"Laura Moutinho\"><\/a><div class=\"authorBox__name\"><span>por\n\t\t\t<a href=\"https:\/\/www.suno.com.br\/noticias\/author\/laura-moutinho\/\"><span itemprop=\"author\">Laura Moutinho<\/span><\/a><\/span><time datetime=\"2020-06-01T16:02:39-03:00\" itemprop=\"datePublished\">01\/06\/2020 16:02<\/time><\/div><\/div><\/div><\/div><\/div>","single_layout":"posts","amp_enabled":true,"_links":{"self":[{"href":"https:\/\/www.suno.com.br\/noticias\/wp-json\/wp\/v2\/posts\/67019"}],"collection":[{"href":"https:\/\/www.suno.com.br\/noticias\/wp-json\/wp\/v2\/posts"}],"about":[{"href":"https:\/\/www.suno.com.br\/noticias\/wp-json\/wp\/v2\/types\/post"}],"author":[{"embeddable":true,"href":"https:\/\/www.suno.com.br\/noticias\/wp-json\/wp\/v2\/users\/39"}],"replies":[{"embeddable":true,"href":"https:\/\/www.suno.com.br\/noticias\/wp-json\/wp\/v2\/comments?post=67019"}],"version-history":[{"count":1,"href":"https:\/\/www.suno.com.br\/noticias\/wp-json\/wp\/v2\/posts\/67019\/revisions"}],"predecessor-version":[{"id":161044,"href":"https:\/\/www.suno.com.br\/noticias\/wp-json\/wp\/v2\/posts\/67019\/revisions\/161044"}],"wp:featuredmedia":[{"embeddable":true,"href":"https:\/\/www.suno.com.br\/noticias\/wp-json\/wp\/v2\/media\/35827"}],"wp:attachment":[{"href":"https:\/\/www.suno.com.br\/noticias\/wp-json\/wp\/v2\/media?parent=67019"}],"wp:term":[{"taxonomy":"category","embeddable":true,"href":"https:\/\/www.suno.com.br\/noticias\/wp-json\/wp\/v2\/categories?post=67019"},{"taxonomy":"post_tag","embeddable":true,"href":"https:\/\/www.suno.com.br\/noticias\/wp-json\/wp\/v2\/tags?post=67019"},{"taxonomy":"suno_strategy","embeddable":true,"href":"https:\/\/www.suno.com.br\/noticias\/wp-json\/wp\/v2\/suno_strategy?post=67019"}],"curies":[{"name":"wp","href":"https:\/\/api.w.org\/{rel}","templated":true}]}}