{"id":66849,"date":"2020-05-30T18:50:34","date_gmt":"2020-05-30T21:50:34","guid":{"rendered":"https:\/\/www.suno.com.br\/noticias\/?p=66849"},"modified":"2020-05-30T18:50:34","modified_gmt":"2020-05-30T21:50:34","slug":"justica-italia-uber-administracao-exploracao","status":"publish","type":"post","link":"https:\/\/www.suno.com.br\/noticias\/justica-italia-uber-administracao-exploracao\/","title":{"rendered":"Justi\u00e7a da It\u00e1lia coloca Uber em administra\u00e7\u00e3o judicial por explora\u00e7\u00e3o"},"content":{"rendered":"<p>O Tribunal de Mil\u00e3o ordenou na \u00faltima sexta-feira (29) a administra\u00e7\u00e3o judicial, ou seja, o controle p\u00fablico, do <strong>Uber<\/strong> Italy srl, a divis\u00e3o italiana da gigante norte-americana. A acusa\u00e7\u00e3o \u00e9 de explora\u00e7\u00e3o dos entregadores de comida do servi\u00e7o Uber Eats.<\/p>\t<div class=\"wrapper-featured-image\">\n\t\t<figure class=\"spotlightImg\">\n\n\t\t\t<picture>\n\t\t\t\t<source media=\"(max-width: 768px)\" srcset=\"https:\/\/files.sunoresearch.com.br\/n\/uploads\/2018\/09\/97125ca2-uber-em-portugal-400x200.webp\">\n\t\t\t\t<img loading=\"lazy\" decoding=\"async\" class=\"newsContent__article__imgCapa lazyloadDisabled newsContent__article__imgCapa--noCaption\" src=\"https:\/\/files.sunoresearch.com.br\/n\/uploads\/2018\/09\/97125ca2-uber-em-portugal-jpg.webp\" width=\"800\" height=\"450\" alt=\"Justi\u00e7a da It\u00e1lia coloca Uber em administra\u00e7\u00e3o judicial por explora\u00e7\u00e3o\" fetchpriority=high \/>\n\t\t\t<\/picture>\n\n\t\t\t<figcaption class=\"wp-caption-text wp-caption-text--hide\">Justi\u00e7a da It\u00e1lia coloca Uber em administra\u00e7\u00e3o judicial por explora\u00e7\u00e3o<\/figcaption>\n\t\t<\/figure>\n\t<\/div>\n\n\n\n<p>Segundo os <strong>ju\u00edzes,<\/strong> o Uber, por meio de empresas de terceiriza\u00e7\u00e3o de trabalho, teria explorado migrantes que chegaram na It\u00e1lia fugindo de pa\u00edses em guerra, assim como requerentes asilo pol\u00edtico e pessoas que viviam em &#8220;centros de acolhimento tempor\u00e1rio&#8221; e &#8220;em estado de necessidade&#8221;.<\/p>\n<p>Uma investiga\u00e7\u00e3o contra o Uber It\u00e1lia, conduzida pela Unidade de Pol\u00edcia Econ\u00f4mica e Financeira italiana (Guardia di Finanza), est\u00e1 atualmente em andamento. Foram ordenadas uma s\u00e9rie de buscas e apreens\u00f5es sob a acusa\u00e7\u00e3o da viola\u00e7\u00e3o do artigo 603 bis do c\u00f3digo penal italiano, ou seja, a &#8220;explora\u00e7\u00e3o il\u00edcita de trabalho&#8221;.<\/p>\n<p><a href=\"https:\/\/lp.suno.com.br\/suno-one\/\">Suno One: o primeiro passo para alcan\u00e7ar a sua independ\u00eancia financeira. Acesse agora, \u00e9 gratuito!<\/a><\/p>\n<p>Junto com o Uber, tamb\u00e9m est\u00e3o sendo investigadas as empresas de terceiriza\u00e7\u00e3o da m\u00e3o de obra que operavam para a gigante das entregas.<\/p>\n<p>&#8220;Meu pagamento sempre foi de 3 euros (cerca R$ 18) por entrega, independentemente do dia e da hora&#8221;, declarou para os ju\u00edzes um entregador que trabalhou para o servi\u00e7o Uber Eats.<\/p>\n<p>No documento que ordena a interven\u00e7\u00e3o na empresa, os ju\u00edzes salientaram como o &#8220;regime de abuso salarial&#8221; contra os entregadores do servi\u00e7o Uber Eats, &#8220;recrutados em uma situa\u00e7\u00e3o de exclus\u00e3o social&#8221;, foi agravado com &#8220;a emerg\u00eancia sanit\u00e1ria&#8221; provocada pelo coronav\u00edrus, que aumentou progressivamente a demanda de entregadores por causa das restri\u00e7\u00f5es \u00e0 liberdade de circula\u00e7\u00e3o. Algo que &#8220;tamb\u00e9m teria provocado uma avalanche de recrutamentos descontrolados&#8221;.<\/p>\n<p>Al\u00e9m disso, os ju\u00edzes italianos registraram amea\u00e7as contra os entregadores realizadas pelos recrutadores. &#8220;Vou at\u00e9 a\u00ed par quebrar tua cabe\u00e7a&#8221;, seria uma das frases pronunciadas por um dos suspeitos, que trabalhava por uma ag\u00eancia de terceiriza\u00e7\u00e3o de m\u00e3o de obra, e reportadas nos autos do processo.<\/p>\n<p><a href=\"https:\/\/www.suno.com.br\/noticias\/uber-demitira-3000-colaboradores-fechara-45-escritorios\/\">Saiba mais: Uber demitir\u00e1 mais 3000 colaboradores e fechar\u00e1 45 escrit\u00f3rios<\/a><\/p>\n<p>Ele tamb\u00e9m chamou um entregador de &#8220;escravo&#8221;. &#8220;Voc\u00ea n\u00e3o vai trabalhar conosco, porque eu bloqueei sua conta&#8221;, disse o homem. Os ju\u00edzes tamb\u00e9m falam de subtra\u00e7\u00e3o &#8220;legalizada&#8221; de gorjetas e &#8220;puni\u00e7\u00f5es econ\u00f4micas para os entregadores&#8221;.<\/p>\n<h2>Uber se defende das acusa\u00e7\u00f5es<\/h2>\n<p>Em sua defesa, o Uber emitiu uma nota na qual especifica que &#8220;o Uber Eats disponibilizou sua plataforma para usu\u00e1rios, restaurantes e correios nos \u00faltimos 4 anos na It\u00e1lia, em total conformidade com todas as leis locais. Condenamos qualquer forma de explora\u00e7\u00e3o atrav\u00e9s de nossos servi\u00e7os na It\u00e1lia&#8221;.<\/p>\n<p><a href=\"https:\/\/www.suno.com.br\/noticias\/uber-assistencia-motoristas-entregadores-coronavirus\/\">Saiba mais: Uber desembolsa US$ 19 milh\u00f5es em assist\u00eancia a motoristas<\/a><\/p>\n<p>&#8220;Al\u00e9m disso participamos ativamente do debate sobre as regras que acreditamos poder\u00e3o garantir ao setor de entrega de alimentos a seguran\u00e7a legal necess\u00e1ria para prosperar na It\u00e1lia. Continuaremos trabalhando para se tornar um verdadeiro parceiro de longo prazo na It\u00e1lia&#8221;, escreveu o <strong>Uber<\/strong> no documento.<\/p>\n\n","protected":false},"excerpt":{"rendered":"<p>O Tribunal de Mil\u00e3o ordenou na \u00faltima sexta-feira (29) a administra\u00e7\u00e3o judicial, ou seja, o controle p\u00fablico, do Uber Italy srl, a divis\u00e3o italiana da gigante norte-americana. A acusa\u00e7\u00e3o \u00e9 de explora\u00e7\u00e3o dos entregadores de comida do servi\u00e7o Uber Eats. Justi\u00e7a da It\u00e1lia coloca Uber em administra\u00e7\u00e3o judicial por explora\u00e7\u00e3o Segundo os ju\u00edzes, o Uber, [&hellip;]<\/p>\n","protected":false},"author":9,"featured_media":4409,"comment_status":"closed","ping_status":"closed","sticky":false,"template":"","format":"standard","meta":[],"categories":[63],"tags":[954,2210],"suno_strategy":[],"class_list":["post-66849","post","type-post","status-publish","format-standard","has-post-thumbnail","hentry","category-internacional","tag-uber-u1be34","tag-uber-eats"],"yoast_head":"<!-- This site is optimized with the Yoast SEO plugin v24.4 - https:\/\/yoast.com\/wordpress\/plugins\/seo\/ -->\n<title>Justi\u00e7a da It\u00e1lia coloca Uber em administra\u00e7\u00e3o judicial<\/title>\n<meta name=\"description\" content=\"Segundo os ju\u00edzes, o Uber, por meio de empresas de terceiriza\u00e7\u00e3o de trabalho, teria explorado migrantes, Clique aqui para saber mais.\" \/>\n<meta name=\"robots\" content=\"index, follow, max-snippet:-1, max-image-preview:large, max-video-preview:-1\" \/>\n<link rel=\"canonical\" href=\"https:\/\/www.suno.com.br\/noticias\/justica-italia-uber-administracao-exploracao\/\" \/>\n<meta property=\"og:locale\" content=\"pt_BR\" \/>\n<meta property=\"og:type\" content=\"article\" \/>\n<meta property=\"og:title\" content=\"Justi\u00e7a da It\u00e1lia coloca Uber em administra\u00e7\u00e3o judicial\" \/>\n<meta property=\"og:description\" content=\"Segundo os ju\u00edzes, o Uber, por meio de empresas de terceiriza\u00e7\u00e3o de trabalho, teria explorado migrantes, Clique aqui para saber mais.\" \/>\n<meta property=\"og:url\" content=\"https:\/\/www.suno.com.br\/noticias\/justica-italia-uber-administracao-exploracao\/\" \/>\n<meta property=\"og:site_name\" content=\"Suno Not\u00edcias\" \/>\n<meta property=\"article:publisher\" content=\"https:\/\/facebook.com\/sunoresearch\" \/>\n<meta property=\"og:image\" content=\"https:\/\/files.sunoresearch.com.br\/n\/uploads\/2018\/09\/97125ca2-uber-em-portugal.jpg\" \/>\n\t<meta property=\"og:image:width\" content=\"740\" \/>\n\t<meta property=\"og:image:height\" content=\"480\" \/>\n\t<meta property=\"og:image:type\" content=\"image\/jpeg\" \/>\n<meta name=\"author\" content=\"Carlo Cauti\" \/>\n<meta name=\"twitter:card\" content=\"summary_large_image\" \/>\n<meta name=\"twitter:creator\" content=\"@sunoresearch\" \/>\n<meta name=\"twitter:site\" content=\"@sunoresearch\" \/>\n<meta name=\"twitter:label1\" content=\"Escrito por\" \/>\n\t<meta name=\"twitter:data1\" content=\"Carlo Cauti\" \/>\n\t<meta name=\"twitter:label2\" content=\"Est. tempo de leitura\" \/>\n\t<meta name=\"twitter:data2\" content=\"3 minutos\" \/>\n<script type=\"application\/ld+json\" class=\"yoast-schema-graph\">{\"@context\":\"https:\/\/schema.org\",\"@graph\":[{\"@type\":\"NewsArticle\",\"@id\":\"https:\/\/www.suno.com.br\/noticias\/justica-italia-uber-administracao-exploracao\/#article\",\"isPartOf\":{\"@id\":\"https:\/\/www.suno.com.br\/noticias\/justica-italia-uber-administracao-exploracao\/\"},\"author\":{\"name\":\"Carlo Cauti\",\"@id\":\"https:\/\/www.suno.com.br\/noticias\/#\/schema\/person\/e6e0f723cc177805027f4566c1d5e0c8\"},\"headline\":\"Justi\u00e7a da It\u00e1lia coloca Uber em administra\u00e7\u00e3o judicial por explora\u00e7\u00e3o\",\"datePublished\":\"2020-05-30T21:50:34+00:00\",\"mainEntityOfPage\":{\"@id\":\"https:\/\/www.suno.com.br\/noticias\/justica-italia-uber-administracao-exploracao\/\"},\"wordCount\":553,\"publisher\":{\"@id\":\"https:\/\/www.suno.com.br\/noticias\/#organization\"},\"image\":{\"@id\":\"https:\/\/www.suno.com.br\/noticias\/justica-italia-uber-administracao-exploracao\/#primaryimage\"},\"thumbnailUrl\":\"https:\/\/files.sunoresearch.com.br\/n\/uploads\/2018\/09\/97125ca2-uber-em-portugal-jpg.webp\",\"keywords\":[\"Uber (U1BE34)\",\"Uber Eats\"],\"articleSection\":[\"Internacional\"],\"inLanguage\":\"pt-BR\"},{\"@type\":\"WebPage\",\"@id\":\"https:\/\/www.suno.com.br\/noticias\/justica-italia-uber-administracao-exploracao\/\",\"url\":\"https:\/\/www.suno.com.br\/noticias\/justica-italia-uber-administracao-exploracao\/\",\"name\":\"Justi\u00e7a da It\u00e1lia coloca Uber em administra\u00e7\u00e3o judicial\",\"isPartOf\":{\"@id\":\"https:\/\/www.suno.com.br\/noticias\/#website\"},\"primaryImageOfPage\":{\"@id\":\"https:\/\/www.suno.com.br\/noticias\/justica-italia-uber-administracao-exploracao\/#primaryimage\"},\"image\":{\"@id\":\"https:\/\/www.suno.com.br\/noticias\/justica-italia-uber-administracao-exploracao\/#primaryimage\"},\"thumbnailUrl\":\"https:\/\/files.sunoresearch.com.br\/n\/uploads\/2018\/09\/97125ca2-uber-em-portugal-jpg.webp\",\"datePublished\":\"2020-05-30T21:50:34+00:00\",\"description\":\"Segundo os ju\u00edzes, o Uber, por meio de empresas de terceiriza\u00e7\u00e3o de trabalho, teria explorado migrantes, Clique aqui para saber mais.\",\"breadcrumb\":{\"@id\":\"https:\/\/www.suno.com.br\/noticias\/justica-italia-uber-administracao-exploracao\/#breadcrumb\"},\"inLanguage\":\"pt-BR\",\"potentialAction\":[{\"@type\":\"ReadAction\",\"target\":[\"https:\/\/www.suno.com.br\/noticias\/justica-italia-uber-administracao-exploracao\/\"]}]},{\"@type\":\"ImageObject\",\"inLanguage\":\"pt-BR\",\"@id\":\"https:\/\/www.suno.com.br\/noticias\/justica-italia-uber-administracao-exploracao\/#primaryimage\",\"url\":\"https:\/\/files.sunoresearch.com.br\/n\/uploads\/2018\/09\/97125ca2-uber-em-portugal-jpg.webp\",\"contentUrl\":\"https:\/\/files.sunoresearch.com.br\/n\/uploads\/2018\/09\/97125ca2-uber-em-portugal-jpg.webp\",\"width\":740,\"height\":480,\"caption\":\"Justi\u00e7a da It\u00e1lia coloca Uber em administra\u00e7\u00e3o judicial por explora\u00e7\u00e3o\"},{\"@type\":\"BreadcrumbList\",\"@id\":\"https:\/\/www.suno.com.br\/noticias\/justica-italia-uber-administracao-exploracao\/#breadcrumb\",\"itemListElement\":[{\"@type\":\"ListItem\",\"position\":1,\"name\":\"Not\u00edcias\",\"item\":\"https:\/\/www.suno.com.br\/noticias\/\"},{\"@type\":\"ListItem\",\"position\":2,\"name\":\"Internacional\",\"item\":\"https:\/\/www.suno.com.br\/noticias\/internacional\/\"},{\"@type\":\"ListItem\",\"position\":3,\"name\":\"Justi\u00e7a da It\u00e1lia coloca Uber em administra\u00e7\u00e3o judicial por explora\u00e7\u00e3o\"}]},{\"@type\":\"WebSite\",\"@id\":\"https:\/\/www.suno.com.br\/noticias\/#website\",\"url\":\"https:\/\/www.suno.com.br\/noticias\/\",\"name\":\"Suno Not\u00edcias\",\"description\":\"Seu portal de informa\u00e7\u00e3o sobre o mundo dos investimentos\",\"publisher\":{\"@id\":\"https:\/\/www.suno.com.br\/noticias\/#organization\"},\"potentialAction\":[{\"@type\":\"SearchAction\",\"target\":{\"@type\":\"EntryPoint\",\"urlTemplate\":\"https:\/\/www.suno.com.br\/noticias\/?s={search_term_string}\"},\"query-input\":{\"@type\":\"PropertyValueSpecification\",\"valueRequired\":true,\"valueName\":\"search_term_string\"}}],\"inLanguage\":\"pt-BR\"},{\"@type\":\"Organization\",\"@id\":\"https:\/\/www.suno.com.br\/noticias\/#organization\",\"name\":\"Suno Not\u00edcias\",\"url\":\"https:\/\/www.suno.com.br\/noticias\/\",\"logo\":{\"@type\":\"ImageObject\",\"inLanguage\":\"pt-BR\",\"@id\":\"https:\/\/www.suno.com.br\/noticias\/#\/schema\/logo\/image\/\",\"url\":\"https:\/\/files.sunoresearch.com.br\/n\/uploads\/2021\/09\/suno-logo.png\",\"contentUrl\":\"https:\/\/files.sunoresearch.com.br\/n\/uploads\/2021\/09\/suno-logo.png\",\"width\":180,\"height\":180,\"caption\":\"Suno Not\u00edcias\"},\"image\":{\"@id\":\"https:\/\/www.suno.com.br\/noticias\/#\/schema\/logo\/image\/\"},\"sameAs\":[\"https:\/\/facebook.com\/sunoresearch\",\"https:\/\/x.com\/sunoresearch\",\"https:\/\/www.instagram.com\/suno\",\"https:\/\/www.linkedin.com\/company\/suno-research\/\",\"https:\/\/www.youtube.com\/c\/sunoresearch\"]},{\"@type\":\"Person\",\"@id\":\"https:\/\/www.suno.com.br\/noticias\/#\/schema\/person\/e6e0f723cc177805027f4566c1d5e0c8\",\"name\":\"Carlo Cauti\",\"image\":{\"@type\":\"ImageObject\",\"inLanguage\":\"pt-BR\",\"@id\":\"https:\/\/www.suno.com.br\/noticias\/#\/schema\/person\/image\/\",\"url\":\"https:\/\/secure.gravatar.com\/avatar\/3ada9e0bd164c23abd4792a9606d583c?s=96&r=g\",\"contentUrl\":\"https:\/\/secure.gravatar.com\/avatar\/3ada9e0bd164c23abd4792a9606d583c?s=96&r=g\",\"caption\":\"Carlo Cauti\"},\"description\":\"Editor multim\u00eddia do SUNO Not\u00edcias. Italiano, formado em Ci\u00eancias Pol\u00edticas pela universidade LUISS G. Carli de Roma e mestre cum laude em Rela\u00e7\u00f5es Internacionais, Jornalismo Internacional e de Guerra e em Economia Internacional. Concluiu tamb\u00e9m um MBA em Finan\u00e7as na B3. No Brasil, teve passagem por ve\u00edculos como Estad\u00e3o, Globo, Veja e EXAME. e nas ag\u00eancias de not\u00edcias italianas ANSA e NOVA.\",\"url\":\"https:\/\/www.suno.com.br\/noticias\/author\/carlo-cauti\/\"}]}<\/script>\n<!-- \/ Yoast SEO plugin. -->","yoast_head_json":{"title":"Justi\u00e7a da It\u00e1lia coloca Uber em administra\u00e7\u00e3o judicial","description":"Segundo os ju\u00edzes, o Uber, por meio de empresas de terceiriza\u00e7\u00e3o de trabalho, teria explorado migrantes, Clique aqui para saber mais.","robots":{"index":"index","follow":"follow","max-snippet":"max-snippet:-1","max-image-preview":"max-image-preview:large","max-video-preview":"max-video-preview:-1"},"canonical":"https:\/\/www.suno.com.br\/noticias\/justica-italia-uber-administracao-exploracao\/","og_locale":"pt_BR","og_type":"article","og_title":"Justi\u00e7a da It\u00e1lia coloca Uber em administra\u00e7\u00e3o judicial","og_description":"Segundo os ju\u00edzes, o Uber, por meio de empresas de terceiriza\u00e7\u00e3o de trabalho, teria explorado migrantes, Clique aqui para saber mais.","og_url":"https:\/\/www.suno.com.br\/noticias\/justica-italia-uber-administracao-exploracao\/","og_site_name":"Suno Not\u00edcias","article_publisher":"https:\/\/facebook.com\/sunoresearch","og_image":[{"width":740,"height":480,"url":"https:\/\/files.sunoresearch.com.br\/n\/uploads\/2018\/09\/97125ca2-uber-em-portugal.jpg","type":"image\/jpeg"}],"author":"Carlo Cauti","twitter_card":"summary_large_image","twitter_creator":"@sunoresearch","twitter_site":"@sunoresearch","twitter_misc":{"Escrito por":"Carlo Cauti","Est. tempo de leitura":"3 minutos"},"schema":{"@context":"https:\/\/schema.org","@graph":[{"@type":"NewsArticle","@id":"https:\/\/www.suno.com.br\/noticias\/justica-italia-uber-administracao-exploracao\/#article","isPartOf":{"@id":"https:\/\/www.suno.com.br\/noticias\/justica-italia-uber-administracao-exploracao\/"},"author":{"name":"Carlo Cauti","@id":"https:\/\/www.suno.com.br\/noticias\/#\/schema\/person\/e6e0f723cc177805027f4566c1d5e0c8"},"headline":"Justi\u00e7a da It\u00e1lia coloca Uber em administra\u00e7\u00e3o judicial por explora\u00e7\u00e3o","datePublished":"2020-05-30T21:50:34+00:00","mainEntityOfPage":{"@id":"https:\/\/www.suno.com.br\/noticias\/justica-italia-uber-administracao-exploracao\/"},"wordCount":553,"publisher":{"@id":"https:\/\/www.suno.com.br\/noticias\/#organization"},"image":{"@id":"https:\/\/www.suno.com.br\/noticias\/justica-italia-uber-administracao-exploracao\/#primaryimage"},"thumbnailUrl":"https:\/\/files.sunoresearch.com.br\/n\/uploads\/2018\/09\/97125ca2-uber-em-portugal-jpg.webp","keywords":["Uber (U1BE34)","Uber Eats"],"articleSection":["Internacional"],"inLanguage":"pt-BR"},{"@type":"WebPage","@id":"https:\/\/www.suno.com.br\/noticias\/justica-italia-uber-administracao-exploracao\/","url":"https:\/\/www.suno.com.br\/noticias\/justica-italia-uber-administracao-exploracao\/","name":"Justi\u00e7a da It\u00e1lia coloca Uber em administra\u00e7\u00e3o judicial","isPartOf":{"@id":"https:\/\/www.suno.com.br\/noticias\/#website"},"primaryImageOfPage":{"@id":"https:\/\/www.suno.com.br\/noticias\/justica-italia-uber-administracao-exploracao\/#primaryimage"},"image":{"@id":"https:\/\/www.suno.com.br\/noticias\/justica-italia-uber-administracao-exploracao\/#primaryimage"},"thumbnailUrl":"https:\/\/files.sunoresearch.com.br\/n\/uploads\/2018\/09\/97125ca2-uber-em-portugal-jpg.webp","datePublished":"2020-05-30T21:50:34+00:00","description":"Segundo os ju\u00edzes, o Uber, por meio de empresas de terceiriza\u00e7\u00e3o de trabalho, teria explorado migrantes, Clique aqui para saber mais.","breadcrumb":{"@id":"https:\/\/www.suno.com.br\/noticias\/justica-italia-uber-administracao-exploracao\/#breadcrumb"},"inLanguage":"pt-BR","potentialAction":[{"@type":"ReadAction","target":["https:\/\/www.suno.com.br\/noticias\/justica-italia-uber-administracao-exploracao\/"]}]},{"@type":"ImageObject","inLanguage":"pt-BR","@id":"https:\/\/www.suno.com.br\/noticias\/justica-italia-uber-administracao-exploracao\/#primaryimage","url":"https:\/\/files.sunoresearch.com.br\/n\/uploads\/2018\/09\/97125ca2-uber-em-portugal-jpg.webp","contentUrl":"https:\/\/files.sunoresearch.com.br\/n\/uploads\/2018\/09\/97125ca2-uber-em-portugal-jpg.webp","width":740,"height":480,"caption":"Justi\u00e7a da It\u00e1lia coloca Uber em administra\u00e7\u00e3o judicial por explora\u00e7\u00e3o"},{"@type":"BreadcrumbList","@id":"https:\/\/www.suno.com.br\/noticias\/justica-italia-uber-administracao-exploracao\/#breadcrumb","itemListElement":[{"@type":"ListItem","position":1,"name":"Not\u00edcias","item":"https:\/\/www.suno.com.br\/noticias\/"},{"@type":"ListItem","position":2,"name":"Internacional","item":"https:\/\/www.suno.com.br\/noticias\/internacional\/"},{"@type":"ListItem","position":3,"name":"Justi\u00e7a da It\u00e1lia coloca Uber em administra\u00e7\u00e3o judicial por explora\u00e7\u00e3o"}]},{"@type":"WebSite","@id":"https:\/\/www.suno.com.br\/noticias\/#website","url":"https:\/\/www.suno.com.br\/noticias\/","name":"Suno Not\u00edcias","description":"Seu portal de informa\u00e7\u00e3o sobre o mundo dos investimentos","publisher":{"@id":"https:\/\/www.suno.com.br\/noticias\/#organization"},"potentialAction":[{"@type":"SearchAction","target":{"@type":"EntryPoint","urlTemplate":"https:\/\/www.suno.com.br\/noticias\/?s={search_term_string}"},"query-input":{"@type":"PropertyValueSpecification","valueRequired":true,"valueName":"search_term_string"}}],"inLanguage":"pt-BR"},{"@type":"Organization","@id":"https:\/\/www.suno.com.br\/noticias\/#organization","name":"Suno Not\u00edcias","url":"https:\/\/www.suno.com.br\/noticias\/","logo":{"@type":"ImageObject","inLanguage":"pt-BR","@id":"https:\/\/www.suno.com.br\/noticias\/#\/schema\/logo\/image\/","url":"https:\/\/files.sunoresearch.com.br\/n\/uploads\/2021\/09\/suno-logo.png","contentUrl":"https:\/\/files.sunoresearch.com.br\/n\/uploads\/2021\/09\/suno-logo.png","width":180,"height":180,"caption":"Suno Not\u00edcias"},"image":{"@id":"https:\/\/www.suno.com.br\/noticias\/#\/schema\/logo\/image\/"},"sameAs":["https:\/\/facebook.com\/sunoresearch","https:\/\/x.com\/sunoresearch","https:\/\/www.instagram.com\/suno","https:\/\/www.linkedin.com\/company\/suno-research\/","https:\/\/www.youtube.com\/c\/sunoresearch"]},{"@type":"Person","@id":"https:\/\/www.suno.com.br\/noticias\/#\/schema\/person\/e6e0f723cc177805027f4566c1d5e0c8","name":"Carlo Cauti","image":{"@type":"ImageObject","inLanguage":"pt-BR","@id":"https:\/\/www.suno.com.br\/noticias\/#\/schema\/person\/image\/","url":"https:\/\/secure.gravatar.com\/avatar\/3ada9e0bd164c23abd4792a9606d583c?s=96&r=g","contentUrl":"https:\/\/secure.gravatar.com\/avatar\/3ada9e0bd164c23abd4792a9606d583c?s=96&r=g","caption":"Carlo Cauti"},"description":"Editor multim\u00eddia do SUNO Not\u00edcias. Italiano, formado em Ci\u00eancias Pol\u00edticas pela universidade LUISS G. Carli de Roma e mestre cum laude em Rela\u00e7\u00f5es Internacionais, Jornalismo Internacional e de Guerra e em Economia Internacional. Concluiu tamb\u00e9m um MBA em Finan\u00e7as na B3. No Brasil, teve passagem por ve\u00edculos como Estad\u00e3o, Globo, Veja e EXAME. e nas ag\u00eancias de not\u00edcias italianas ANSA e NOVA.","url":"https:\/\/www.suno.com.br\/noticias\/author\/carlo-cauti\/"}]}},"default_loop_html":"<div class=\"cardsPage__listCard__boxs\"><div class=\"cardsPage__listCard__boxs__img\"><a href=\"https:\/\/www.suno.com.br\/noticias\/justica-italia-uber-administracao-exploracao\/\"><img class=\"mask\" src=\"https:\/\/www.suno.com.br\/noticias\/wp-content\/themes\/suno\/resources\/images\/spotlight\/spotlight1img\/bg-mask.png\" alt=\"Image Mask\"\/><img src=\"https:\/\/files.sunoresearch.com.br\/n\/uploads\/2018\/09\/97125ca2-uber-em-portugal-400x200.webp\" alt=\"Justi\u00e7a da It\u00e1lia coloca Uber em administra\u00e7\u00e3o judicial por explora\u00e7\u00e3o\"\/><\/a><span class=\"spotlightCategory\"><a href=\"https:\/\/www.suno.com.br\/noticias\/internacional\/\">Internacional<\/a><\/span><\/div><div class=\"cardsPage__listCard__boxs__content\"><a href=\"https:\/\/www.suno.com.br\/noticias\/justica-italia-uber-administracao-exploracao\/\"><h2 class=\"content__title\">Justi\u00e7a da It\u00e1lia coloca Uber em administra\u00e7\u00e3o judicial por explora\u00e7\u00e3o<\/h2><\/a><div class=\"newsContent__article__meta\"><div class=\"newsContent__article__meta__authorBox\"><a href=\"https:\/\/www.suno.com.br\/noticias\/author\/carlo-cauti\/\" class=\"authorBox__avatar noMobi\"><img src=\"https:\/\/files.sunoresearch.com.br\/n\/uploads\/2020\/08\/e3745f9a-perfil-carlo-cauti-150x150.webp\" alt=\"Carlo Cauti\"><\/a><div class=\"authorBox__name\"><span>por\n\t\t\t<a href=\"https:\/\/www.suno.com.br\/noticias\/author\/carlo-cauti\/\"><span itemprop=\"author\">Carlo Cauti<\/span><\/a><\/span><time datetime=\"2020-05-30T18:50:34-03:00\" itemprop=\"datePublished\">30\/05\/2020 18:50<\/time><\/div><\/div><\/div><\/div><\/div>","single_layout":"posts","amp_enabled":true,"_links":{"self":[{"href":"https:\/\/www.suno.com.br\/noticias\/wp-json\/wp\/v2\/posts\/66849"}],"collection":[{"href":"https:\/\/www.suno.com.br\/noticias\/wp-json\/wp\/v2\/posts"}],"about":[{"href":"https:\/\/www.suno.com.br\/noticias\/wp-json\/wp\/v2\/types\/post"}],"author":[{"embeddable":true,"href":"https:\/\/www.suno.com.br\/noticias\/wp-json\/wp\/v2\/users\/9"}],"replies":[{"embeddable":true,"href":"https:\/\/www.suno.com.br\/noticias\/wp-json\/wp\/v2\/comments?post=66849"}],"version-history":[{"count":0,"href":"https:\/\/www.suno.com.br\/noticias\/wp-json\/wp\/v2\/posts\/66849\/revisions"}],"wp:featuredmedia":[{"embeddable":true,"href":"https:\/\/www.suno.com.br\/noticias\/wp-json\/wp\/v2\/media\/4409"}],"wp:attachment":[{"href":"https:\/\/www.suno.com.br\/noticias\/wp-json\/wp\/v2\/media?parent=66849"}],"wp:term":[{"taxonomy":"category","embeddable":true,"href":"https:\/\/www.suno.com.br\/noticias\/wp-json\/wp\/v2\/categories?post=66849"},{"taxonomy":"post_tag","embeddable":true,"href":"https:\/\/www.suno.com.br\/noticias\/wp-json\/wp\/v2\/tags?post=66849"},{"taxonomy":"suno_strategy","embeddable":true,"href":"https:\/\/www.suno.com.br\/noticias\/wp-json\/wp\/v2\/suno_strategy?post=66849"}],"curies":[{"name":"wp","href":"https:\/\/api.w.org\/{rel}","templated":true}]}}