{"id":66766,"date":"2020-05-29T18:39:33","date_gmt":"2020-05-29T21:39:33","guid":{"rendered":"https:\/\/www.suno.com.br\/noticias\/?p=66766"},"modified":"2020-05-30T18:26:58","modified_gmt":"2020-05-30T21:26:58","slug":"kylie-jenner-nao-e-mais-bilionaria-segundo-revista","status":"publish","type":"post","link":"https:\/\/www.suno.com.br\/noticias\/kylie-jenner-nao-e-mais-bilionaria-segundo-revista\/","title":{"rendered":"Kylie Jenner n\u00e3o \u00e9 mais bilion\u00e1ria, segundo revista"},"content":{"rendered":"<p>A revista americana &#8216;Forbes&#8217;, acusou nessa sexta-feira (29) a irm\u00e3 de Kim Kardashian, <strong><a href=\"https:\/\/www.suno.com.br\/tudo-sobre\/kylie-jenner\/\">Kylie Jenner<\/a>, <\/strong>de mentir sobre valores da sua empresa &#8216;Kylie Cosmetics&#8217; para poder alcan\u00e7ar o posto de mais jovem bilion\u00e1ria. A ca\u00e7ula da fam\u00edlia Kardashian-Jenner havia recebido o t\u00edtulo pela pr\u00f3pria Forbes em mar\u00e7o de 2019.<\/p>\t<div class=\"wrapper-featured-image\">\n\t\t<figure class=\"spotlightImg\">\n\n\t\t\t<picture>\n\t\t\t\t<source media=\"(max-width: 768px)\" srcset=\"https:\/\/files.sunoresearch.com.br\/n\/uploads\/2020\/05\/11744d0d-kylie_jenner_-400x200.webp\">\n\t\t\t\t<img loading=\"lazy\" decoding=\"async\" class=\"newsContent__article__imgCapa lazyloadDisabled newsContent__article__imgCapa--noCaption\" src=\"https:\/\/files.sunoresearch.com.br\/n\/uploads\/2020\/05\/11744d0d-kylie_jenner_-800x450.webp\" width=\"800\" height=\"450\" alt=\"Kylie Jenner n\u00e3o \u00e9 mais bilion\u00e1ria, segundo revista\" fetchpriority=high \/>\n\t\t\t<\/picture>\n\n\t\t\t<figcaption class=\"wp-caption-text wp-caption-text--hide\">Kylie Jenner n\u00e3o \u00e9 mais bilion\u00e1ria, segundo revista<\/figcaption>\n\t\t<\/figure>\n\t<\/div>\n\n\n\n<p>A revista havia apurado que o patrim\u00f4nio da Kylie Jenner, em 2019 chegava a US$ 1 bilh\u00e3o (cerca de R$ 5 bilh\u00f5es). A maior parte do valor seria oriundo da &#8220;Kylie Cosmetics&#8221;.<\/p>\n<p>A companhia foi fundada em 2015 e ap\u00f3s a Coty comprar 51% da empresa no in\u00edcio do ano, num acordo bilion\u00e1rio, a irm\u00e3 de Kim Kardashian embolsou cerca de US$ 1,2 bilh\u00e3o (aproximadamente R$ 6 bilh\u00f5es).<\/p>\n<p><a href=\"https:\/\/lp.suno.com.br\/suno-one\/\">Suno One: acesse gratuitamente eBooks, Minicursos, Artigos e Video Aulas sobre investimentos com um \u00fanico cadastro. Clique para saber mais!<\/a><\/p>\n<p>Entretanto, a revista informou nessa semana que os neg\u00f3cios da jovem n\u00e3o s\u00e3o t\u00e3o lucrativos quanto ela faz parecer, de acordo com alguns documentos da compra.<\/p>\n<p>Segundo apurou a revista americana, os lucros da companhia em 2019\u00a0 foram de US$ 125 milh\u00f5es, e n\u00e3o de US$ 360 milh\u00f5es como a celebridade havia informado na \u00e9poca.<\/p>\n<p>Agora a Forbes n\u00e3o considera mais a\u00a0 jovem como bilion\u00e1ria, visto que sua fortuna fica em torno de US$ 900 milh\u00f5es (cerca de R$ 4,5 bilh\u00f5es).<\/p>\n<h2>Kylie Jenner se defende da acusa\u00e7\u00e3o<\/h2>\n<p>Entretanto, a jovem usou suas redes sociais para rebater as acusa\u00e7\u00f5es e declarou &#8220;Para o que \u00e9 que estou acordando? Eu pensei que esse fosse um site de reputa\u00e7\u00e3o&#8230; Tudo que vejo \u00e9 uma quantidade de declara\u00e7\u00f5es imprecisas e presun\u00e7\u00f5es sem provas. Eu nunca pedi por t\u00edtulo algum e nunca tentei mentir para chegar l\u00e1&#8221;.<\/p>\n<p><a href=\"https:\/\/www.suno.com.br\/noticias\/hollywood-confira-cinco-bilionarios-fortunas\/\">Saiba mais: Hollywood: Confira como cinco bilion\u00e1rios conquistaram suas fortunas<\/a><\/p>\n<p>A empres\u00e1ria ainda usou um trecho da mat\u00e9ria da Forbes para questionar &#8220;essa \u00e9 a sua prova? ent\u00e3o voc\u00eas PENSARAM que eles foram forjados?&#8221;, se referindo aos documentos.<\/p>\n<p><strong>Kylie Jenner <\/strong>ainda publicou &#8221; Eu posso fazer uma lista de 1000 coisas mais importantes no momento do que se fixar em quanto dinheiro eu ganho&#8221;.<\/p>\n\n","protected":false},"excerpt":{"rendered":"<p>A revista americana &#8216;Forbes&#8217;, acusou nessa sexta-feira (29) a irm\u00e3 de Kim Kardashian, Kylie Jenner, de mentir sobre valores da sua empresa &#8216;Kylie Cosmetics&#8217; para poder alcan\u00e7ar o posto de mais jovem bilion\u00e1ria. A ca\u00e7ula da fam\u00edlia Kardashian-Jenner havia recebido o t\u00edtulo pela pr\u00f3pria Forbes em mar\u00e7o de 2019. Kylie Jenner n\u00e3o \u00e9 mais bilion\u00e1ria, [&hellip;]<\/p>\n","protected":false},"author":39,"featured_media":66797,"comment_status":"closed","ping_status":"closed","sticky":false,"template":"","format":"standard","meta":[],"categories":[64],"tags":[2388,1219],"suno_strategy":[],"class_list":["post-66766","post","type-post","status-publish","format-standard","has-post-thumbnail","hentry","category-negocios","tag-bilionarios","tag-forbes"],"yoast_head":"<!-- This site is optimized with the Yoast SEO plugin v24.4 - https:\/\/yoast.com\/wordpress\/plugins\/seo\/ -->\n<title>Kylie Jenner n\u00e3o \u00e9 mais bilion\u00e1ria, segundo revista<\/title>\n<meta name=\"description\" content=\"A &#039;Forbes&#039; acusou Kylie Jenner de mentir sobre valores da sua empresa para poder alcan\u00e7ar o posto de bilion\u00e1ria. Clique aqui para saber mais\" \/>\n<meta name=\"robots\" content=\"index, follow, max-snippet:-1, max-image-preview:large, max-video-preview:-1\" \/>\n<link rel=\"canonical\" href=\"https:\/\/www.suno.com.br\/noticias\/kylie-jenner-nao-e-mais-bilionaria-segundo-revista\/\" \/>\n<meta property=\"og:locale\" content=\"pt_BR\" \/>\n<meta property=\"og:type\" content=\"article\" \/>\n<meta property=\"og:title\" content=\"Kylie Jenner n\u00e3o \u00e9 mais bilion\u00e1ria, segundo revista\" \/>\n<meta property=\"og:description\" content=\"A &#039;Forbes&#039; acusou Kylie Jenner de mentir sobre valores da sua empresa para poder alcan\u00e7ar o posto de bilion\u00e1ria. Clique aqui para saber mais\" \/>\n<meta property=\"og:url\" content=\"https:\/\/www.suno.com.br\/noticias\/kylie-jenner-nao-e-mais-bilionaria-segundo-revista\/\" \/>\n<meta property=\"og:site_name\" content=\"Suno Not\u00edcias\" \/>\n<meta property=\"article:publisher\" content=\"https:\/\/facebook.com\/sunoresearch\" \/>\n<meta property=\"og:image\" content=\"https:\/\/files.sunoresearch.com.br\/n\/uploads\/2020\/05\/11744d0d-kylie_jenner_.png\" \/>\n\t<meta property=\"og:image:width\" content=\"1600\" \/>\n\t<meta property=\"og:image:height\" content=\"900\" \/>\n\t<meta property=\"og:image:type\" content=\"image\/png\" \/>\n<meta name=\"author\" content=\"Laura Moutinho\" \/>\n<meta name=\"twitter:card\" content=\"summary_large_image\" \/>\n<meta name=\"twitter:creator\" content=\"@sunoresearch\" \/>\n<meta name=\"twitter:site\" content=\"@sunoresearch\" \/>\n<meta name=\"twitter:label1\" content=\"Escrito por\" \/>\n\t<meta name=\"twitter:data1\" content=\"Laura Moutinho\" \/>\n\t<meta name=\"twitter:label2\" content=\"Est. tempo de leitura\" \/>\n\t<meta name=\"twitter:data2\" content=\"2 minutos\" \/>\n<script type=\"application\/ld+json\" class=\"yoast-schema-graph\">{\"@context\":\"https:\/\/schema.org\",\"@graph\":[{\"@type\":\"NewsArticle\",\"@id\":\"https:\/\/www.suno.com.br\/noticias\/kylie-jenner-nao-e-mais-bilionaria-segundo-revista\/#article\",\"isPartOf\":{\"@id\":\"https:\/\/www.suno.com.br\/noticias\/kylie-jenner-nao-e-mais-bilionaria-segundo-revista\/\"},\"author\":{\"name\":\"Laura Moutinho\",\"@id\":\"https:\/\/www.suno.com.br\/noticias\/#\/schema\/person\/3df0d2808748b74496efe5dbeaef2c72\"},\"headline\":\"Kylie Jenner n\u00e3o \u00e9 mais bilion\u00e1ria, segundo revista\",\"datePublished\":\"2020-05-29T21:39:33+00:00\",\"dateModified\":\"2020-05-30T21:26:58+00:00\",\"mainEntityOfPage\":{\"@id\":\"https:\/\/www.suno.com.br\/noticias\/kylie-jenner-nao-e-mais-bilionaria-segundo-revista\/\"},\"wordCount\":378,\"publisher\":{\"@id\":\"https:\/\/www.suno.com.br\/noticias\/#organization\"},\"image\":{\"@id\":\"https:\/\/www.suno.com.br\/noticias\/kylie-jenner-nao-e-mais-bilionaria-segundo-revista\/#primaryimage\"},\"thumbnailUrl\":\"https:\/\/files.sunoresearch.com.br\/n\/uploads\/2020\/05\/11744d0d-kylie_jenner_-png.webp\",\"keywords\":[\"bilion\u00e1rios\",\"Forbes\"],\"articleSection\":[\"Neg\u00f3cios\"],\"inLanguage\":\"pt-BR\"},{\"@type\":\"WebPage\",\"@id\":\"https:\/\/www.suno.com.br\/noticias\/kylie-jenner-nao-e-mais-bilionaria-segundo-revista\/\",\"url\":\"https:\/\/www.suno.com.br\/noticias\/kylie-jenner-nao-e-mais-bilionaria-segundo-revista\/\",\"name\":\"Kylie Jenner n\u00e3o \u00e9 mais bilion\u00e1ria, segundo revista\",\"isPartOf\":{\"@id\":\"https:\/\/www.suno.com.br\/noticias\/#website\"},\"primaryImageOfPage\":{\"@id\":\"https:\/\/www.suno.com.br\/noticias\/kylie-jenner-nao-e-mais-bilionaria-segundo-revista\/#primaryimage\"},\"image\":{\"@id\":\"https:\/\/www.suno.com.br\/noticias\/kylie-jenner-nao-e-mais-bilionaria-segundo-revista\/#primaryimage\"},\"thumbnailUrl\":\"https:\/\/files.sunoresearch.com.br\/n\/uploads\/2020\/05\/11744d0d-kylie_jenner_-png.webp\",\"datePublished\":\"2020-05-29T21:39:33+00:00\",\"dateModified\":\"2020-05-30T21:26:58+00:00\",\"description\":\"A 'Forbes' acusou Kylie Jenner de mentir sobre valores da sua empresa para poder alcan\u00e7ar o posto de bilion\u00e1ria. Clique aqui para saber mais\",\"breadcrumb\":{\"@id\":\"https:\/\/www.suno.com.br\/noticias\/kylie-jenner-nao-e-mais-bilionaria-segundo-revista\/#breadcrumb\"},\"inLanguage\":\"pt-BR\",\"potentialAction\":[{\"@type\":\"ReadAction\",\"target\":[\"https:\/\/www.suno.com.br\/noticias\/kylie-jenner-nao-e-mais-bilionaria-segundo-revista\/\"]}]},{\"@type\":\"ImageObject\",\"inLanguage\":\"pt-BR\",\"@id\":\"https:\/\/www.suno.com.br\/noticias\/kylie-jenner-nao-e-mais-bilionaria-segundo-revista\/#primaryimage\",\"url\":\"https:\/\/files.sunoresearch.com.br\/n\/uploads\/2020\/05\/11744d0d-kylie_jenner_-png.webp\",\"contentUrl\":\"https:\/\/files.sunoresearch.com.br\/n\/uploads\/2020\/05\/11744d0d-kylie_jenner_-png.webp\",\"width\":1600,\"height\":900,\"caption\":\"Kylie Jenner n\u00e3o \u00e9 mais bilion\u00e1ria, segundo revista\"},{\"@type\":\"BreadcrumbList\",\"@id\":\"https:\/\/www.suno.com.br\/noticias\/kylie-jenner-nao-e-mais-bilionaria-segundo-revista\/#breadcrumb\",\"itemListElement\":[{\"@type\":\"ListItem\",\"position\":1,\"name\":\"Not\u00edcias\",\"item\":\"https:\/\/www.suno.com.br\/noticias\/\"},{\"@type\":\"ListItem\",\"position\":2,\"name\":\"Neg\u00f3cios\",\"item\":\"https:\/\/www.suno.com.br\/noticias\/negocios\/\"},{\"@type\":\"ListItem\",\"position\":3,\"name\":\"Kylie Jenner n\u00e3o \u00e9 mais bilion\u00e1ria, segundo revista\"}]},{\"@type\":\"WebSite\",\"@id\":\"https:\/\/www.suno.com.br\/noticias\/#website\",\"url\":\"https:\/\/www.suno.com.br\/noticias\/\",\"name\":\"Suno Not\u00edcias\",\"description\":\"Seu portal de informa\u00e7\u00e3o sobre o mundo dos investimentos\",\"publisher\":{\"@id\":\"https:\/\/www.suno.com.br\/noticias\/#organization\"},\"potentialAction\":[{\"@type\":\"SearchAction\",\"target\":{\"@type\":\"EntryPoint\",\"urlTemplate\":\"https:\/\/www.suno.com.br\/noticias\/?s={search_term_string}\"},\"query-input\":{\"@type\":\"PropertyValueSpecification\",\"valueRequired\":true,\"valueName\":\"search_term_string\"}}],\"inLanguage\":\"pt-BR\"},{\"@type\":\"Organization\",\"@id\":\"https:\/\/www.suno.com.br\/noticias\/#organization\",\"name\":\"Suno Not\u00edcias\",\"url\":\"https:\/\/www.suno.com.br\/noticias\/\",\"logo\":{\"@type\":\"ImageObject\",\"inLanguage\":\"pt-BR\",\"@id\":\"https:\/\/www.suno.com.br\/noticias\/#\/schema\/logo\/image\/\",\"url\":\"https:\/\/files.sunoresearch.com.br\/n\/uploads\/2021\/09\/suno-logo.png\",\"contentUrl\":\"https:\/\/files.sunoresearch.com.br\/n\/uploads\/2021\/09\/suno-logo.png\",\"width\":180,\"height\":180,\"caption\":\"Suno Not\u00edcias\"},\"image\":{\"@id\":\"https:\/\/www.suno.com.br\/noticias\/#\/schema\/logo\/image\/\"},\"sameAs\":[\"https:\/\/facebook.com\/sunoresearch\",\"https:\/\/x.com\/sunoresearch\",\"https:\/\/www.instagram.com\/suno\",\"https:\/\/www.linkedin.com\/company\/suno-research\/\",\"https:\/\/www.youtube.com\/c\/sunoresearch\"]},{\"@type\":\"Person\",\"@id\":\"https:\/\/www.suno.com.br\/noticias\/#\/schema\/person\/3df0d2808748b74496efe5dbeaef2c72\",\"name\":\"Laura Moutinho\",\"image\":{\"@type\":\"ImageObject\",\"inLanguage\":\"pt-BR\",\"@id\":\"https:\/\/www.suno.com.br\/noticias\/#\/schema\/person\/image\/\",\"url\":\"https:\/\/secure.gravatar.com\/avatar\/7571c7c8ca3a6fca5e41384ece5557ff?s=96&r=g\",\"contentUrl\":\"https:\/\/secure.gravatar.com\/avatar\/7571c7c8ca3a6fca5e41384ece5557ff?s=96&r=g\",\"caption\":\"Laura Moutinho\"},\"description\":\"Estagi\u00e1ria na Suno Not\u00edcias, escreve not\u00edcias que afetam o mercado financeiro. Estuda administra\u00e7\u00e3o na Universidade Presbiteriana Mackenzie.\",\"url\":\"https:\/\/www.suno.com.br\/noticias\/author\/laura-moutinho\/\"}]}<\/script>\n<!-- \/ Yoast SEO plugin. -->","yoast_head_json":{"title":"Kylie Jenner n\u00e3o \u00e9 mais bilion\u00e1ria, segundo revista","description":"A 'Forbes' acusou Kylie Jenner de mentir sobre valores da sua empresa para poder alcan\u00e7ar o posto de bilion\u00e1ria. Clique aqui para saber mais","robots":{"index":"index","follow":"follow","max-snippet":"max-snippet:-1","max-image-preview":"max-image-preview:large","max-video-preview":"max-video-preview:-1"},"canonical":"https:\/\/www.suno.com.br\/noticias\/kylie-jenner-nao-e-mais-bilionaria-segundo-revista\/","og_locale":"pt_BR","og_type":"article","og_title":"Kylie Jenner n\u00e3o \u00e9 mais bilion\u00e1ria, segundo revista","og_description":"A 'Forbes' acusou Kylie Jenner de mentir sobre valores da sua empresa para poder alcan\u00e7ar o posto de bilion\u00e1ria. Clique aqui para saber mais","og_url":"https:\/\/www.suno.com.br\/noticias\/kylie-jenner-nao-e-mais-bilionaria-segundo-revista\/","og_site_name":"Suno Not\u00edcias","article_publisher":"https:\/\/facebook.com\/sunoresearch","og_image":[{"width":1600,"height":900,"url":"https:\/\/files.sunoresearch.com.br\/n\/uploads\/2020\/05\/11744d0d-kylie_jenner_.png","type":"image\/png"}],"author":"Laura Moutinho","twitter_card":"summary_large_image","twitter_creator":"@sunoresearch","twitter_site":"@sunoresearch","twitter_misc":{"Escrito por":"Laura Moutinho","Est. tempo de leitura":"2 minutos"},"schema":{"@context":"https:\/\/schema.org","@graph":[{"@type":"NewsArticle","@id":"https:\/\/www.suno.com.br\/noticias\/kylie-jenner-nao-e-mais-bilionaria-segundo-revista\/#article","isPartOf":{"@id":"https:\/\/www.suno.com.br\/noticias\/kylie-jenner-nao-e-mais-bilionaria-segundo-revista\/"},"author":{"name":"Laura Moutinho","@id":"https:\/\/www.suno.com.br\/noticias\/#\/schema\/person\/3df0d2808748b74496efe5dbeaef2c72"},"headline":"Kylie Jenner n\u00e3o \u00e9 mais bilion\u00e1ria, segundo revista","datePublished":"2020-05-29T21:39:33+00:00","dateModified":"2020-05-30T21:26:58+00:00","mainEntityOfPage":{"@id":"https:\/\/www.suno.com.br\/noticias\/kylie-jenner-nao-e-mais-bilionaria-segundo-revista\/"},"wordCount":378,"publisher":{"@id":"https:\/\/www.suno.com.br\/noticias\/#organization"},"image":{"@id":"https:\/\/www.suno.com.br\/noticias\/kylie-jenner-nao-e-mais-bilionaria-segundo-revista\/#primaryimage"},"thumbnailUrl":"https:\/\/files.sunoresearch.com.br\/n\/uploads\/2020\/05\/11744d0d-kylie_jenner_-png.webp","keywords":["bilion\u00e1rios","Forbes"],"articleSection":["Neg\u00f3cios"],"inLanguage":"pt-BR"},{"@type":"WebPage","@id":"https:\/\/www.suno.com.br\/noticias\/kylie-jenner-nao-e-mais-bilionaria-segundo-revista\/","url":"https:\/\/www.suno.com.br\/noticias\/kylie-jenner-nao-e-mais-bilionaria-segundo-revista\/","name":"Kylie Jenner n\u00e3o \u00e9 mais bilion\u00e1ria, segundo revista","isPartOf":{"@id":"https:\/\/www.suno.com.br\/noticias\/#website"},"primaryImageOfPage":{"@id":"https:\/\/www.suno.com.br\/noticias\/kylie-jenner-nao-e-mais-bilionaria-segundo-revista\/#primaryimage"},"image":{"@id":"https:\/\/www.suno.com.br\/noticias\/kylie-jenner-nao-e-mais-bilionaria-segundo-revista\/#primaryimage"},"thumbnailUrl":"https:\/\/files.sunoresearch.com.br\/n\/uploads\/2020\/05\/11744d0d-kylie_jenner_-png.webp","datePublished":"2020-05-29T21:39:33+00:00","dateModified":"2020-05-30T21:26:58+00:00","description":"A 'Forbes' acusou Kylie Jenner de mentir sobre valores da sua empresa para poder alcan\u00e7ar o posto de bilion\u00e1ria. Clique aqui para saber mais","breadcrumb":{"@id":"https:\/\/www.suno.com.br\/noticias\/kylie-jenner-nao-e-mais-bilionaria-segundo-revista\/#breadcrumb"},"inLanguage":"pt-BR","potentialAction":[{"@type":"ReadAction","target":["https:\/\/www.suno.com.br\/noticias\/kylie-jenner-nao-e-mais-bilionaria-segundo-revista\/"]}]},{"@type":"ImageObject","inLanguage":"pt-BR","@id":"https:\/\/www.suno.com.br\/noticias\/kylie-jenner-nao-e-mais-bilionaria-segundo-revista\/#primaryimage","url":"https:\/\/files.sunoresearch.com.br\/n\/uploads\/2020\/05\/11744d0d-kylie_jenner_-png.webp","contentUrl":"https:\/\/files.sunoresearch.com.br\/n\/uploads\/2020\/05\/11744d0d-kylie_jenner_-png.webp","width":1600,"height":900,"caption":"Kylie Jenner n\u00e3o \u00e9 mais bilion\u00e1ria, segundo revista"},{"@type":"BreadcrumbList","@id":"https:\/\/www.suno.com.br\/noticias\/kylie-jenner-nao-e-mais-bilionaria-segundo-revista\/#breadcrumb","itemListElement":[{"@type":"ListItem","position":1,"name":"Not\u00edcias","item":"https:\/\/www.suno.com.br\/noticias\/"},{"@type":"ListItem","position":2,"name":"Neg\u00f3cios","item":"https:\/\/www.suno.com.br\/noticias\/negocios\/"},{"@type":"ListItem","position":3,"name":"Kylie Jenner n\u00e3o \u00e9 mais bilion\u00e1ria, segundo revista"}]},{"@type":"WebSite","@id":"https:\/\/www.suno.com.br\/noticias\/#website","url":"https:\/\/www.suno.com.br\/noticias\/","name":"Suno Not\u00edcias","description":"Seu portal de informa\u00e7\u00e3o sobre o mundo dos investimentos","publisher":{"@id":"https:\/\/www.suno.com.br\/noticias\/#organization"},"potentialAction":[{"@type":"SearchAction","target":{"@type":"EntryPoint","urlTemplate":"https:\/\/www.suno.com.br\/noticias\/?s={search_term_string}"},"query-input":{"@type":"PropertyValueSpecification","valueRequired":true,"valueName":"search_term_string"}}],"inLanguage":"pt-BR"},{"@type":"Organization","@id":"https:\/\/www.suno.com.br\/noticias\/#organization","name":"Suno Not\u00edcias","url":"https:\/\/www.suno.com.br\/noticias\/","logo":{"@type":"ImageObject","inLanguage":"pt-BR","@id":"https:\/\/www.suno.com.br\/noticias\/#\/schema\/logo\/image\/","url":"https:\/\/files.sunoresearch.com.br\/n\/uploads\/2021\/09\/suno-logo.png","contentUrl":"https:\/\/files.sunoresearch.com.br\/n\/uploads\/2021\/09\/suno-logo.png","width":180,"height":180,"caption":"Suno Not\u00edcias"},"image":{"@id":"https:\/\/www.suno.com.br\/noticias\/#\/schema\/logo\/image\/"},"sameAs":["https:\/\/facebook.com\/sunoresearch","https:\/\/x.com\/sunoresearch","https:\/\/www.instagram.com\/suno","https:\/\/www.linkedin.com\/company\/suno-research\/","https:\/\/www.youtube.com\/c\/sunoresearch"]},{"@type":"Person","@id":"https:\/\/www.suno.com.br\/noticias\/#\/schema\/person\/3df0d2808748b74496efe5dbeaef2c72","name":"Laura Moutinho","image":{"@type":"ImageObject","inLanguage":"pt-BR","@id":"https:\/\/www.suno.com.br\/noticias\/#\/schema\/person\/image\/","url":"https:\/\/secure.gravatar.com\/avatar\/7571c7c8ca3a6fca5e41384ece5557ff?s=96&r=g","contentUrl":"https:\/\/secure.gravatar.com\/avatar\/7571c7c8ca3a6fca5e41384ece5557ff?s=96&r=g","caption":"Laura Moutinho"},"description":"Estagi\u00e1ria na Suno Not\u00edcias, escreve not\u00edcias que afetam o mercado financeiro. Estuda administra\u00e7\u00e3o na Universidade Presbiteriana Mackenzie.","url":"https:\/\/www.suno.com.br\/noticias\/author\/laura-moutinho\/"}]}},"default_loop_html":"<div class=\"cardsPage__listCard__boxs\"><div class=\"cardsPage__listCard__boxs__img\"><a href=\"https:\/\/www.suno.com.br\/noticias\/kylie-jenner-nao-e-mais-bilionaria-segundo-revista\/\"><img class=\"mask\" src=\"https:\/\/www.suno.com.br\/noticias\/wp-content\/themes\/suno\/resources\/images\/spotlight\/spotlight1img\/bg-mask.png\" alt=\"Image Mask\"\/><img src=\"https:\/\/files.sunoresearch.com.br\/n\/uploads\/2020\/05\/11744d0d-kylie_jenner_-400x200.webp\" alt=\"Kylie Jenner n\u00e3o \u00e9 mais bilion\u00e1ria, segundo revista\"\/><\/a><span class=\"spotlightCategory\"><a href=\"https:\/\/www.suno.com.br\/noticias\/negocios\/\">Neg\u00f3cios<\/a><\/span><\/div><div class=\"cardsPage__listCard__boxs__content\"><a href=\"https:\/\/www.suno.com.br\/noticias\/kylie-jenner-nao-e-mais-bilionaria-segundo-revista\/\"><h2 class=\"content__title\">Kylie Jenner n\u00e3o \u00e9 mais bilion\u00e1ria, segundo revista<\/h2><\/a><div class=\"newsContent__article__meta\"><div class=\"newsContent__article__meta__authorBox\"><a href=\"https:\/\/www.suno.com.br\/noticias\/author\/laura-moutinho\/\" class=\"authorBox__avatar noMobi\"><img src=\"https:\/\/files.sunoresearch.com.br\/n\/uploads\/2020\/08\/531ff69d-whatsapp-image-2020-08-03-at-14.54.38-150x150.webp\" alt=\"Laura Moutinho\"><\/a><div class=\"authorBox__name\"><span>por\n\t\t\t<a href=\"https:\/\/www.suno.com.br\/noticias\/author\/laura-moutinho\/\"><span itemprop=\"author\">Laura Moutinho<\/span><\/a><\/span><time datetime=\"2020-05-29T18:39:33-03:00\" itemprop=\"datePublished\">29\/05\/2020 18:39<\/time><\/div><\/div><\/div><\/div><\/div>","single_layout":"posts","amp_enabled":true,"_links":{"self":[{"href":"https:\/\/www.suno.com.br\/noticias\/wp-json\/wp\/v2\/posts\/66766"}],"collection":[{"href":"https:\/\/www.suno.com.br\/noticias\/wp-json\/wp\/v2\/posts"}],"about":[{"href":"https:\/\/www.suno.com.br\/noticias\/wp-json\/wp\/v2\/types\/post"}],"author":[{"embeddable":true,"href":"https:\/\/www.suno.com.br\/noticias\/wp-json\/wp\/v2\/users\/39"}],"replies":[{"embeddable":true,"href":"https:\/\/www.suno.com.br\/noticias\/wp-json\/wp\/v2\/comments?post=66766"}],"version-history":[{"count":1,"href":"https:\/\/www.suno.com.br\/noticias\/wp-json\/wp\/v2\/posts\/66766\/revisions"}],"predecessor-version":[{"id":140355,"href":"https:\/\/www.suno.com.br\/noticias\/wp-json\/wp\/v2\/posts\/66766\/revisions\/140355"}],"wp:featuredmedia":[{"embeddable":true,"href":"https:\/\/www.suno.com.br\/noticias\/wp-json\/wp\/v2\/media\/66797"}],"wp:attachment":[{"href":"https:\/\/www.suno.com.br\/noticias\/wp-json\/wp\/v2\/media?parent=66766"}],"wp:term":[{"taxonomy":"category","embeddable":true,"href":"https:\/\/www.suno.com.br\/noticias\/wp-json\/wp\/v2\/categories?post=66766"},{"taxonomy":"post_tag","embeddable":true,"href":"https:\/\/www.suno.com.br\/noticias\/wp-json\/wp\/v2\/tags?post=66766"},{"taxonomy":"suno_strategy","embeddable":true,"href":"https:\/\/www.suno.com.br\/noticias\/wp-json\/wp\/v2\/suno_strategy?post=66766"}],"curies":[{"name":"wp","href":"https:\/\/api.w.org\/{rel}","templated":true}]}}