{"id":66577,"date":"2020-05-28T15:15:37","date_gmt":"2020-05-28T18:15:37","guid":{"rendered":"https:\/\/www.suno.com.br\/noticias\/?p=66577"},"modified":"2020-05-28T15:15:37","modified_gmt":"2020-05-28T18:15:37","slug":"ca-reabriu-43-lojas-prejuizo-r-55-4-mi-1t20","status":"publish","type":"post","link":"https:\/\/www.suno.com.br\/noticias\/ca-reabriu-43-lojas-prejuizo-r-55-4-mi-1t20\/","title":{"rendered":"C&#038;A j\u00e1 reabriu 43 lojas no Pa\u00eds; companhia teve preju\u00edzo de R$ 55,4 mi no 1T20"},"content":{"rendered":"<p>De suas 286 lojas no Brasil, a <a href=\"https:\/\/www.suno.com.br\/acoes\/ceab3\/\"><strong>C&amp;A<\/strong> (CEAB3)<\/a>\u00a0j\u00e1 reabriu 43. O presidente da varejista de moda, Paulo Correa Junior, afirmou, nesta quinta-feira (28), em teleconfer\u00eancia com analistas, que a maioria dessas unidades est\u00e3o localizadas no Sul do Pa\u00eds. As lojas estavam fechadas em raz\u00e3o da pandemia do novo coronav\u00edrus (Covid-19). A empresa tamb\u00e9m divulgou seus resultados e teve preju\u00edzo de R$ 55,4 milh\u00f5es no trimestre encerrado em mar\u00e7o.<\/p>\t<div class=\"wrapper-featured-image\">\n\t\t<figure class=\"spotlightImg\">\n\n\t\t\t<picture>\n\t\t\t\t<source media=\"(max-width: 768px)\" srcset=\"https:\/\/files.sunoresearch.com.br\/n\/uploads\/2019\/08\/756de4a3-ipo-ca-400x200.webp\">\n\t\t\t\t<img loading=\"lazy\" decoding=\"async\" class=\"newsContent__article__imgCapa lazyloadDisabled newsContent__article__imgCapa--noCaption\" src=\"https:\/\/files.sunoresearch.com.br\/n\/uploads\/2019\/08\/756de4a3-ipo-ca-jpg.webp\" width=\"800\" height=\"450\" alt=\"C&#038;A j\u00e1 reabriu 43 lojas no Pa\u00eds; companhia teve preju\u00edzo de R$ 55,4 mi no 1T20\" fetchpriority=high \/>\n\t\t\t<\/picture>\n\n\t\t\t<figcaption class=\"wp-caption-text wp-caption-text--hide\">C&amp;A <\/figcaption>\n\t\t<\/figure>\n\t<\/div>\n\n\n\n<p>Segundo o executivo da C&amp;A, a flexibiliza\u00e7\u00e3o da quarentena, adotada por conta da pandemia de coronav\u00edrus, est\u00e1 sendo mais r\u00e1pida no Sul. Correa disse que as vendas de smartphones, tablets, kindles e rel\u00f3gios tem aumentado consideravelmente em compara\u00e7\u00e3o a 2019. J\u00e1 no setor de vestu\u00e1rio, o executivo afirmou que os itens mais procurados s\u00e3o de conforto e inverno.<\/p>\n<p>Sobre as medidas de precau\u00e7\u00e3o em rela\u00e7\u00e3o a reabertura das lojas, ainda por conta da dissemina\u00e7\u00e3o do coronav\u00edrus, o presidente da C&amp;A disse que tomou uma s\u00e9rie de provid\u00eancias. &#8220;Estamos medindo a temperatura dos funcion\u00e1rios na chegada, sinalizamos as lojas para ter distanciamento entre as pessoas, disponibilizamos \u00e1lcool em gel e m\u00e1scaras para todos. Os provadores n\u00e3o est\u00e3o abertos e controlamos o n\u00famero de clientes na loja&#8221;, disse. Vale destacar que por conta dos provadores fechados, a rede aumentou o prazo de trocas de produtos de 30 para 90 dias.<\/p>\n<p><a href=\"https:\/\/lp.suno.com.br\/suno-one\/\"><span data-sheets-value=\"{&quot;1&quot;:2,&quot;2&quot;:&quot;Garanta acesso ao Suno One, a central de informa\u00e7\u00f5es para quem quer aprender a investir. Acesse gratuitamente clicando aqui.&quot;}\" data-sheets-userformat=\"{&quot;2&quot;:513,&quot;3&quot;:{&quot;1&quot;:0},&quot;12&quot;:0}\">Garanta acesso ao Suno One, a central de informa\u00e7\u00f5es para quem quer aprender a investir. Acesse gratuitamente clicando aqui.<\/span><\/a><\/p>\n<p>A <a href=\"https:\/\/www.suno.com.br\/artigos\/same-store-sales\/\">Same Stores Sales (Vendas Mesmas Lojas)<\/a> da C&amp;A at\u00e9 o dia 13 de mar\u00e7o, antes das medidas de quarentena aumentaram 7,3% em compara\u00e7\u00e3o ao mesmo per\u00edodo do ano passado.<\/p>\n<h2>Resultados da C&amp;A no 1T20<\/h2>\n<div>A varejista de moda divulgou seus resultados referentes ao primeiro trimestre deste ano, na noite da \u00faltima quarta-feira (27). A varejista de moda registrou preju\u00edzo de R$ 55,4 milh\u00f5es. Vale destacar que, no mesmo per\u00edodo do ano passado, a companhia teve um lucro l\u00edquido de R$ 751,4 milh\u00f5es.<\/div>\n<div><\/div>\n<div><span style=\"font-size: 1.21429rem;\">O <a href=\"https:\/\/www.suno.com.br\/artigos\/ebitda\/\">lucro antes de juros, impostos, amortiza\u00e7\u00e3o e deprecia\u00e7\u00e3o (Ebtida)<\/a> ajustado teve queda de 87,9%, ficando em R$ 91,1 milh\u00f5es.<\/span><\/div>\n<div>\n<p>A <a href=\"https:\/\/www.suno.com.br\/artigos\/o-que-receita-liquida\/\">receita l\u00edquida<\/a> da C&amp;A ficou em R$ 976,9 milh\u00f5es; queda de 6,1% ante o mesmo per\u00edodo de 2019. A companhia destacou que a queda na receita est\u00e1 ligada diretamente a crise provocada pela pandemia de coronav\u00edrus.<\/p>\n<p>As <a href=\"https:\/\/www.suno.com.br\/artigos\/despesas-operacionais\/\">despesas operacionais<\/a> pro forma da companhia totalizaram R$ 544,7 milh\u00f5es no trimestre, uma alta de 2,4%.<\/p>\n<p>O resultado financeiro da <strong>C&amp;A<\/strong> ficou negativo em R$ 39 milh\u00f5es. No mesmo intervalo do ano passado, este resultado foi positivo de R$ 528,2 milh\u00f5es.<\/p>\n<p><span style=\"font-size: 1.21429rem;\"><\/span><\/p>\n<\/div>\n","protected":false},"excerpt":{"rendered":"<p>De suas 286 lojas no Brasil, a C&amp;A (CEAB3)\u00a0j\u00e1 reabriu 43. O presidente da varejista de moda, Paulo Correa Junior, afirmou, nesta quinta-feira (28), em teleconfer\u00eancia com analistas, que a maioria dessas unidades est\u00e3o localizadas no Sul do Pa\u00eds. As lojas estavam fechadas em raz\u00e3o da pandemia do novo coronav\u00edrus (Covid-19). A empresa tamb\u00e9m divulgou [&hellip;]<\/p>\n","protected":false},"author":19,"featured_media":35020,"comment_status":"closed","ping_status":"closed","sticky":false,"template":"","format":"standard","meta":[],"categories":[64],"tags":[1898],"suno_strategy":[],"class_list":["post-66577","post","type-post","status-publish","format-standard","has-post-thumbnail","hentry","category-negocios","tag-ca-ceab3"],"yoast_head":"<!-- This site is optimized with the Yoast SEO plugin v24.4 - https:\/\/yoast.com\/wordpress\/plugins\/seo\/ -->\n<title>C&amp;A j\u00e1 reabriu 43 lojas no Pa\u00eds; companhia teve preju\u00edzo de R$ 55,4 mi<\/title>\n<meta name=\"description\" content=\"De suas 286 lojas no Brasil, a C&amp;A j\u00e1 reabriu 43. A empresa divulgou na \u00faltima quarta que teve preju\u00edzo de R$ 55,4 mi no 1T20. Saiba mais.\" \/>\n<meta name=\"robots\" content=\"index, follow, max-snippet:-1, max-image-preview:large, max-video-preview:-1\" \/>\n<link rel=\"canonical\" href=\"https:\/\/www.suno.com.br\/noticias\/ca-reabriu-43-lojas-prejuizo-r-55-4-mi-1t20\/\" \/>\n<meta property=\"og:locale\" content=\"pt_BR\" \/>\n<meta property=\"og:type\" content=\"article\" \/>\n<meta property=\"og:title\" content=\"C&amp;A j\u00e1 reabriu 43 lojas no Pa\u00eds; companhia teve preju\u00edzo de R$ 55,4 mi\" \/>\n<meta property=\"og:description\" content=\"De suas 286 lojas no Brasil, a C&amp;A j\u00e1 reabriu 43. A empresa divulgou na \u00faltima quarta que teve preju\u00edzo de R$ 55,4 mi no 1T20. Saiba mais.\" \/>\n<meta property=\"og:url\" content=\"https:\/\/www.suno.com.br\/noticias\/ca-reabriu-43-lojas-prejuizo-r-55-4-mi-1t20\/\" \/>\n<meta property=\"og:site_name\" content=\"Suno Not\u00edcias\" \/>\n<meta property=\"article:publisher\" content=\"https:\/\/facebook.com\/sunoresearch\" \/>\n<meta property=\"og:image\" content=\"https:\/\/files.sunoresearch.com.br\/n\/uploads\/2019\/08\/756de4a3-ipo-ca.jpg\" \/>\n\t<meta property=\"og:image:width\" content=\"480\" \/>\n\t<meta property=\"og:image:height\" content=\"320\" \/>\n\t<meta property=\"og:image:type\" content=\"image\/jpeg\" \/>\n<meta name=\"author\" content=\"Juliano Passaro\" \/>\n<meta name=\"twitter:card\" content=\"summary_large_image\" \/>\n<meta name=\"twitter:creator\" content=\"@sunoresearch\" \/>\n<meta name=\"twitter:site\" content=\"@sunoresearch\" \/>\n<meta name=\"twitter:label1\" content=\"Escrito por\" \/>\n\t<meta name=\"twitter:data1\" content=\"Juliano Passaro\" \/>\n\t<meta name=\"twitter:label2\" content=\"Est. tempo de leitura\" \/>\n\t<meta name=\"twitter:data2\" content=\"2 minutos\" \/>\n<script type=\"application\/ld+json\" class=\"yoast-schema-graph\">{\"@context\":\"https:\/\/schema.org\",\"@graph\":[{\"@type\":\"NewsArticle\",\"@id\":\"https:\/\/www.suno.com.br\/noticias\/ca-reabriu-43-lojas-prejuizo-r-55-4-mi-1t20\/#article\",\"isPartOf\":{\"@id\":\"https:\/\/www.suno.com.br\/noticias\/ca-reabriu-43-lojas-prejuizo-r-55-4-mi-1t20\/\"},\"author\":{\"name\":\"Juliano Passaro\",\"@id\":\"https:\/\/www.suno.com.br\/noticias\/#\/schema\/person\/1db762f78ffd8919a648a63e425953e3\"},\"headline\":\"C&#038;A j\u00e1 reabriu 43 lojas no Pa\u00eds; companhia teve preju\u00edzo de R$ 55,4 mi no 1T20\",\"datePublished\":\"2020-05-28T18:15:37+00:00\",\"mainEntityOfPage\":{\"@id\":\"https:\/\/www.suno.com.br\/noticias\/ca-reabriu-43-lojas-prejuizo-r-55-4-mi-1t20\/\"},\"wordCount\":483,\"publisher\":{\"@id\":\"https:\/\/www.suno.com.br\/noticias\/#organization\"},\"image\":{\"@id\":\"https:\/\/www.suno.com.br\/noticias\/ca-reabriu-43-lojas-prejuizo-r-55-4-mi-1t20\/#primaryimage\"},\"thumbnailUrl\":\"https:\/\/files.sunoresearch.com.br\/n\/uploads\/2019\/08\/756de4a3-ipo-ca-jpg.webp\",\"keywords\":[\"C&amp;A (CEAB3)\"],\"articleSection\":[\"Neg\u00f3cios\"],\"inLanguage\":\"pt-BR\"},{\"@type\":\"WebPage\",\"@id\":\"https:\/\/www.suno.com.br\/noticias\/ca-reabriu-43-lojas-prejuizo-r-55-4-mi-1t20\/\",\"url\":\"https:\/\/www.suno.com.br\/noticias\/ca-reabriu-43-lojas-prejuizo-r-55-4-mi-1t20\/\",\"name\":\"C&A j\u00e1 reabriu 43 lojas no Pa\u00eds; companhia teve preju\u00edzo de R$ 55,4 mi\",\"isPartOf\":{\"@id\":\"https:\/\/www.suno.com.br\/noticias\/#website\"},\"primaryImageOfPage\":{\"@id\":\"https:\/\/www.suno.com.br\/noticias\/ca-reabriu-43-lojas-prejuizo-r-55-4-mi-1t20\/#primaryimage\"},\"image\":{\"@id\":\"https:\/\/www.suno.com.br\/noticias\/ca-reabriu-43-lojas-prejuizo-r-55-4-mi-1t20\/#primaryimage\"},\"thumbnailUrl\":\"https:\/\/files.sunoresearch.com.br\/n\/uploads\/2019\/08\/756de4a3-ipo-ca-jpg.webp\",\"datePublished\":\"2020-05-28T18:15:37+00:00\",\"description\":\"De suas 286 lojas no Brasil, a C&A j\u00e1 reabriu 43. A empresa divulgou na \u00faltima quarta que teve preju\u00edzo de R$ 55,4 mi no 1T20. Saiba mais.\",\"breadcrumb\":{\"@id\":\"https:\/\/www.suno.com.br\/noticias\/ca-reabriu-43-lojas-prejuizo-r-55-4-mi-1t20\/#breadcrumb\"},\"inLanguage\":\"pt-BR\",\"potentialAction\":[{\"@type\":\"ReadAction\",\"target\":[\"https:\/\/www.suno.com.br\/noticias\/ca-reabriu-43-lojas-prejuizo-r-55-4-mi-1t20\/\"]}]},{\"@type\":\"ImageObject\",\"inLanguage\":\"pt-BR\",\"@id\":\"https:\/\/www.suno.com.br\/noticias\/ca-reabriu-43-lojas-prejuizo-r-55-4-mi-1t20\/#primaryimage\",\"url\":\"https:\/\/files.sunoresearch.com.br\/n\/uploads\/2019\/08\/756de4a3-ipo-ca-jpg.webp\",\"contentUrl\":\"https:\/\/files.sunoresearch.com.br\/n\/uploads\/2019\/08\/756de4a3-ipo-ca-jpg.webp\",\"width\":480,\"height\":320,\"caption\":\"C&A\"},{\"@type\":\"BreadcrumbList\",\"@id\":\"https:\/\/www.suno.com.br\/noticias\/ca-reabriu-43-lojas-prejuizo-r-55-4-mi-1t20\/#breadcrumb\",\"itemListElement\":[{\"@type\":\"ListItem\",\"position\":1,\"name\":\"Not\u00edcias\",\"item\":\"https:\/\/www.suno.com.br\/noticias\/\"},{\"@type\":\"ListItem\",\"position\":2,\"name\":\"Neg\u00f3cios\",\"item\":\"https:\/\/www.suno.com.br\/noticias\/negocios\/\"},{\"@type\":\"ListItem\",\"position\":3,\"name\":\"C&#038;A j\u00e1 reabriu 43 lojas no Pa\u00eds; companhia teve preju\u00edzo de R$ 55,4 mi no 1T20\"}]},{\"@type\":\"WebSite\",\"@id\":\"https:\/\/www.suno.com.br\/noticias\/#website\",\"url\":\"https:\/\/www.suno.com.br\/noticias\/\",\"name\":\"Suno Not\u00edcias\",\"description\":\"Seu portal de informa\u00e7\u00e3o sobre o mundo dos investimentos\",\"publisher\":{\"@id\":\"https:\/\/www.suno.com.br\/noticias\/#organization\"},\"potentialAction\":[{\"@type\":\"SearchAction\",\"target\":{\"@type\":\"EntryPoint\",\"urlTemplate\":\"https:\/\/www.suno.com.br\/noticias\/?s={search_term_string}\"},\"query-input\":{\"@type\":\"PropertyValueSpecification\",\"valueRequired\":true,\"valueName\":\"search_term_string\"}}],\"inLanguage\":\"pt-BR\"},{\"@type\":\"Organization\",\"@id\":\"https:\/\/www.suno.com.br\/noticias\/#organization\",\"name\":\"Suno Not\u00edcias\",\"url\":\"https:\/\/www.suno.com.br\/noticias\/\",\"logo\":{\"@type\":\"ImageObject\",\"inLanguage\":\"pt-BR\",\"@id\":\"https:\/\/www.suno.com.br\/noticias\/#\/schema\/logo\/image\/\",\"url\":\"https:\/\/files.sunoresearch.com.br\/n\/uploads\/2021\/09\/suno-logo.png\",\"contentUrl\":\"https:\/\/files.sunoresearch.com.br\/n\/uploads\/2021\/09\/suno-logo.png\",\"width\":180,\"height\":180,\"caption\":\"Suno Not\u00edcias\"},\"image\":{\"@id\":\"https:\/\/www.suno.com.br\/noticias\/#\/schema\/logo\/image\/\"},\"sameAs\":[\"https:\/\/facebook.com\/sunoresearch\",\"https:\/\/x.com\/sunoresearch\",\"https:\/\/www.instagram.com\/suno\",\"https:\/\/www.linkedin.com\/company\/suno-research\/\",\"https:\/\/www.youtube.com\/c\/sunoresearch\"]},{\"@type\":\"Person\",\"@id\":\"https:\/\/www.suno.com.br\/noticias\/#\/schema\/person\/1db762f78ffd8919a648a63e425953e3\",\"name\":\"Juliano Passaro\",\"image\":{\"@type\":\"ImageObject\",\"inLanguage\":\"pt-BR\",\"@id\":\"https:\/\/www.suno.com.br\/noticias\/#\/schema\/person\/image\/\",\"url\":\"https:\/\/secure.gravatar.com\/avatar\/743d4df28eebf6dcc46b4ad03c319e92?s=96&r=g\",\"contentUrl\":\"https:\/\/secure.gravatar.com\/avatar\/743d4df28eebf6dcc46b4ad03c319e92?s=96&r=g\",\"caption\":\"Juliano Passaro\"},\"description\":\"Juliano Passaro escreve sobre pol\u00edtica, economia e neg\u00f3cios para o portal da Suno Research. Antes da Suno, trabalhou no Portal da Band. \u00c9 formado em jornalismo pela Universidade Presbiteriana Mackenzie.\",\"url\":\"https:\/\/www.suno.com.br\/noticias\/author\/juliano\/\"}]}<\/script>\n<!-- \/ Yoast SEO plugin. -->","yoast_head_json":{"title":"C&A j\u00e1 reabriu 43 lojas no Pa\u00eds; companhia teve preju\u00edzo de R$ 55,4 mi","description":"De suas 286 lojas no Brasil, a C&A j\u00e1 reabriu 43. A empresa divulgou na \u00faltima quarta que teve preju\u00edzo de R$ 55,4 mi no 1T20. Saiba mais.","robots":{"index":"index","follow":"follow","max-snippet":"max-snippet:-1","max-image-preview":"max-image-preview:large","max-video-preview":"max-video-preview:-1"},"canonical":"https:\/\/www.suno.com.br\/noticias\/ca-reabriu-43-lojas-prejuizo-r-55-4-mi-1t20\/","og_locale":"pt_BR","og_type":"article","og_title":"C&A j\u00e1 reabriu 43 lojas no Pa\u00eds; companhia teve preju\u00edzo de R$ 55,4 mi","og_description":"De suas 286 lojas no Brasil, a C&A j\u00e1 reabriu 43. A empresa divulgou na \u00faltima quarta que teve preju\u00edzo de R$ 55,4 mi no 1T20. Saiba mais.","og_url":"https:\/\/www.suno.com.br\/noticias\/ca-reabriu-43-lojas-prejuizo-r-55-4-mi-1t20\/","og_site_name":"Suno Not\u00edcias","article_publisher":"https:\/\/facebook.com\/sunoresearch","og_image":[{"width":480,"height":320,"url":"https:\/\/files.sunoresearch.com.br\/n\/uploads\/2019\/08\/756de4a3-ipo-ca.jpg","type":"image\/jpeg"}],"author":"Juliano Passaro","twitter_card":"summary_large_image","twitter_creator":"@sunoresearch","twitter_site":"@sunoresearch","twitter_misc":{"Escrito por":"Juliano Passaro","Est. tempo de leitura":"2 minutos"},"schema":{"@context":"https:\/\/schema.org","@graph":[{"@type":"NewsArticle","@id":"https:\/\/www.suno.com.br\/noticias\/ca-reabriu-43-lojas-prejuizo-r-55-4-mi-1t20\/#article","isPartOf":{"@id":"https:\/\/www.suno.com.br\/noticias\/ca-reabriu-43-lojas-prejuizo-r-55-4-mi-1t20\/"},"author":{"name":"Juliano Passaro","@id":"https:\/\/www.suno.com.br\/noticias\/#\/schema\/person\/1db762f78ffd8919a648a63e425953e3"},"headline":"C&#038;A j\u00e1 reabriu 43 lojas no Pa\u00eds; companhia teve preju\u00edzo de R$ 55,4 mi no 1T20","datePublished":"2020-05-28T18:15:37+00:00","mainEntityOfPage":{"@id":"https:\/\/www.suno.com.br\/noticias\/ca-reabriu-43-lojas-prejuizo-r-55-4-mi-1t20\/"},"wordCount":483,"publisher":{"@id":"https:\/\/www.suno.com.br\/noticias\/#organization"},"image":{"@id":"https:\/\/www.suno.com.br\/noticias\/ca-reabriu-43-lojas-prejuizo-r-55-4-mi-1t20\/#primaryimage"},"thumbnailUrl":"https:\/\/files.sunoresearch.com.br\/n\/uploads\/2019\/08\/756de4a3-ipo-ca-jpg.webp","keywords":["C&amp;A (CEAB3)"],"articleSection":["Neg\u00f3cios"],"inLanguage":"pt-BR"},{"@type":"WebPage","@id":"https:\/\/www.suno.com.br\/noticias\/ca-reabriu-43-lojas-prejuizo-r-55-4-mi-1t20\/","url":"https:\/\/www.suno.com.br\/noticias\/ca-reabriu-43-lojas-prejuizo-r-55-4-mi-1t20\/","name":"C&A j\u00e1 reabriu 43 lojas no Pa\u00eds; companhia teve preju\u00edzo de R$ 55,4 mi","isPartOf":{"@id":"https:\/\/www.suno.com.br\/noticias\/#website"},"primaryImageOfPage":{"@id":"https:\/\/www.suno.com.br\/noticias\/ca-reabriu-43-lojas-prejuizo-r-55-4-mi-1t20\/#primaryimage"},"image":{"@id":"https:\/\/www.suno.com.br\/noticias\/ca-reabriu-43-lojas-prejuizo-r-55-4-mi-1t20\/#primaryimage"},"thumbnailUrl":"https:\/\/files.sunoresearch.com.br\/n\/uploads\/2019\/08\/756de4a3-ipo-ca-jpg.webp","datePublished":"2020-05-28T18:15:37+00:00","description":"De suas 286 lojas no Brasil, a C&A j\u00e1 reabriu 43. A empresa divulgou na \u00faltima quarta que teve preju\u00edzo de R$ 55,4 mi no 1T20. Saiba mais.","breadcrumb":{"@id":"https:\/\/www.suno.com.br\/noticias\/ca-reabriu-43-lojas-prejuizo-r-55-4-mi-1t20\/#breadcrumb"},"inLanguage":"pt-BR","potentialAction":[{"@type":"ReadAction","target":["https:\/\/www.suno.com.br\/noticias\/ca-reabriu-43-lojas-prejuizo-r-55-4-mi-1t20\/"]}]},{"@type":"ImageObject","inLanguage":"pt-BR","@id":"https:\/\/www.suno.com.br\/noticias\/ca-reabriu-43-lojas-prejuizo-r-55-4-mi-1t20\/#primaryimage","url":"https:\/\/files.sunoresearch.com.br\/n\/uploads\/2019\/08\/756de4a3-ipo-ca-jpg.webp","contentUrl":"https:\/\/files.sunoresearch.com.br\/n\/uploads\/2019\/08\/756de4a3-ipo-ca-jpg.webp","width":480,"height":320,"caption":"C&A"},{"@type":"BreadcrumbList","@id":"https:\/\/www.suno.com.br\/noticias\/ca-reabriu-43-lojas-prejuizo-r-55-4-mi-1t20\/#breadcrumb","itemListElement":[{"@type":"ListItem","position":1,"name":"Not\u00edcias","item":"https:\/\/www.suno.com.br\/noticias\/"},{"@type":"ListItem","position":2,"name":"Neg\u00f3cios","item":"https:\/\/www.suno.com.br\/noticias\/negocios\/"},{"@type":"ListItem","position":3,"name":"C&#038;A j\u00e1 reabriu 43 lojas no Pa\u00eds; companhia teve preju\u00edzo de R$ 55,4 mi no 1T20"}]},{"@type":"WebSite","@id":"https:\/\/www.suno.com.br\/noticias\/#website","url":"https:\/\/www.suno.com.br\/noticias\/","name":"Suno Not\u00edcias","description":"Seu portal de informa\u00e7\u00e3o sobre o mundo dos investimentos","publisher":{"@id":"https:\/\/www.suno.com.br\/noticias\/#organization"},"potentialAction":[{"@type":"SearchAction","target":{"@type":"EntryPoint","urlTemplate":"https:\/\/www.suno.com.br\/noticias\/?s={search_term_string}"},"query-input":{"@type":"PropertyValueSpecification","valueRequired":true,"valueName":"search_term_string"}}],"inLanguage":"pt-BR"},{"@type":"Organization","@id":"https:\/\/www.suno.com.br\/noticias\/#organization","name":"Suno Not\u00edcias","url":"https:\/\/www.suno.com.br\/noticias\/","logo":{"@type":"ImageObject","inLanguage":"pt-BR","@id":"https:\/\/www.suno.com.br\/noticias\/#\/schema\/logo\/image\/","url":"https:\/\/files.sunoresearch.com.br\/n\/uploads\/2021\/09\/suno-logo.png","contentUrl":"https:\/\/files.sunoresearch.com.br\/n\/uploads\/2021\/09\/suno-logo.png","width":180,"height":180,"caption":"Suno Not\u00edcias"},"image":{"@id":"https:\/\/www.suno.com.br\/noticias\/#\/schema\/logo\/image\/"},"sameAs":["https:\/\/facebook.com\/sunoresearch","https:\/\/x.com\/sunoresearch","https:\/\/www.instagram.com\/suno","https:\/\/www.linkedin.com\/company\/suno-research\/","https:\/\/www.youtube.com\/c\/sunoresearch"]},{"@type":"Person","@id":"https:\/\/www.suno.com.br\/noticias\/#\/schema\/person\/1db762f78ffd8919a648a63e425953e3","name":"Juliano Passaro","image":{"@type":"ImageObject","inLanguage":"pt-BR","@id":"https:\/\/www.suno.com.br\/noticias\/#\/schema\/person\/image\/","url":"https:\/\/secure.gravatar.com\/avatar\/743d4df28eebf6dcc46b4ad03c319e92?s=96&r=g","contentUrl":"https:\/\/secure.gravatar.com\/avatar\/743d4df28eebf6dcc46b4ad03c319e92?s=96&r=g","caption":"Juliano Passaro"},"description":"Juliano Passaro escreve sobre pol\u00edtica, economia e neg\u00f3cios para o portal da Suno Research. Antes da Suno, trabalhou no Portal da Band. \u00c9 formado em jornalismo pela Universidade Presbiteriana Mackenzie.","url":"https:\/\/www.suno.com.br\/noticias\/author\/juliano\/"}]}},"default_loop_html":"<div class=\"cardsPage__listCard__boxs\"><div class=\"cardsPage__listCard__boxs__img\"><a href=\"https:\/\/www.suno.com.br\/noticias\/ca-reabriu-43-lojas-prejuizo-r-55-4-mi-1t20\/\"><img class=\"mask\" src=\"https:\/\/www.suno.com.br\/noticias\/wp-content\/themes\/suno\/resources\/images\/spotlight\/spotlight1img\/bg-mask.png\" alt=\"Image Mask\"\/><img src=\"https:\/\/files.sunoresearch.com.br\/n\/uploads\/2019\/08\/756de4a3-ipo-ca-400x200.webp\" alt=\"C&#038;A j\u00e1 reabriu 43 lojas no Pa\u00eds; companhia teve preju\u00edzo de R$ 55,4 mi no 1T20\"\/><\/a><span class=\"spotlightCategory\"><a href=\"https:\/\/www.suno.com.br\/noticias\/negocios\/\">Neg\u00f3cios<\/a><\/span><\/div><div class=\"cardsPage__listCard__boxs__content\"><a href=\"https:\/\/www.suno.com.br\/noticias\/ca-reabriu-43-lojas-prejuizo-r-55-4-mi-1t20\/\"><h2 class=\"content__title\">C&#038;A j\u00e1 reabriu 43 lojas no Pa\u00eds; companhia teve preju\u00edzo de R$ 55,4 mi no 1T20<\/h2><\/a><div class=\"newsContent__article__meta\"><div class=\"newsContent__article__meta__authorBox\"><a href=\"https:\/\/www.suno.com.br\/noticias\/author\/juliano\/\" class=\"authorBox__avatar noMobi\"><img src=\"https:\/\/files.sunoresearch.com.br\/n\/uploads\/2019\/06\/7cc3efea-whatsapp-image-2019-07-18-at-21.59.33-e1563499821209-150x150.webp\" alt=\"Juliano Passaro\"><\/a><div class=\"authorBox__name\"><span>por\n\t\t\t<a href=\"https:\/\/www.suno.com.br\/noticias\/author\/juliano\/\"><span itemprop=\"author\">Juliano Passaro<\/span><\/a><\/span><time datetime=\"2020-05-28T15:15:37-03:00\" itemprop=\"datePublished\">28\/05\/2020 15:15<\/time><\/div><\/div><\/div><\/div><\/div>","single_layout":"posts","amp_enabled":true,"_links":{"self":[{"href":"https:\/\/www.suno.com.br\/noticias\/wp-json\/wp\/v2\/posts\/66577"}],"collection":[{"href":"https:\/\/www.suno.com.br\/noticias\/wp-json\/wp\/v2\/posts"}],"about":[{"href":"https:\/\/www.suno.com.br\/noticias\/wp-json\/wp\/v2\/types\/post"}],"author":[{"embeddable":true,"href":"https:\/\/www.suno.com.br\/noticias\/wp-json\/wp\/v2\/users\/19"}],"replies":[{"embeddable":true,"href":"https:\/\/www.suno.com.br\/noticias\/wp-json\/wp\/v2\/comments?post=66577"}],"version-history":[{"count":0,"href":"https:\/\/www.suno.com.br\/noticias\/wp-json\/wp\/v2\/posts\/66577\/revisions"}],"wp:featuredmedia":[{"embeddable":true,"href":"https:\/\/www.suno.com.br\/noticias\/wp-json\/wp\/v2\/media\/35020"}],"wp:attachment":[{"href":"https:\/\/www.suno.com.br\/noticias\/wp-json\/wp\/v2\/media?parent=66577"}],"wp:term":[{"taxonomy":"category","embeddable":true,"href":"https:\/\/www.suno.com.br\/noticias\/wp-json\/wp\/v2\/categories?post=66577"},{"taxonomy":"post_tag","embeddable":true,"href":"https:\/\/www.suno.com.br\/noticias\/wp-json\/wp\/v2\/tags?post=66577"},{"taxonomy":"suno_strategy","embeddable":true,"href":"https:\/\/www.suno.com.br\/noticias\/wp-json\/wp\/v2\/suno_strategy?post=66577"}],"curies":[{"name":"wp","href":"https:\/\/api.w.org\/{rel}","templated":true}]}}