{"id":66553,"date":"2020-05-28T12:38:03","date_gmt":"2020-05-28T15:38:03","guid":{"rendered":"https:\/\/www.suno.com.br\/noticias\/?p=66553"},"modified":"2020-05-28T12:39:42","modified_gmt":"2020-05-28T15:39:42","slug":"governo-federal-registra-deficit-de-r-929-bi-nas-contas-publicas","status":"publish","type":"post","link":"https:\/\/www.suno.com.br\/noticias\/governo-federal-registra-deficit-de-r-929-bi-nas-contas-publicas\/","title":{"rendered":"Governo federal registra d\u00e9ficit de R$ 92,9 bi nas contas p\u00fablicas"},"content":{"rendered":"<p>O <strong><a href=\"https:\/\/www.suno.com.br\/noticias\/tags\/governo-federal\/\">governo federal<\/a> <\/strong>registrou um <a href=\"https:\/\/www.suno.com.br\/artigos\/deficit-publico\/\">d\u00e9ficit<\/a> de R$ 92,2 bilh\u00f5es nas contas p\u00fablicas em abril. Trata-se do pior resultado da s\u00e9rie hist\u00f3rica do <a href=\"https:\/\/www.suno.com.br\/artigos\/tesouro-nacional\/\">Tesouro Nacional<\/a>, iniciada em 1997. Os dados foram divulgados nesta quinta-feira (28) pelo \u00f3rg\u00e3o.<\/p>\t<div class=\"wrapper-featured-image\">\n\t\t<figure class=\"spotlightImg\">\n\n\t\t\t<picture>\n\t\t\t\t<source media=\"(max-width: 768px)\" srcset=\"https:\/\/files.sunoresearch.com.br\/n\/uploads\/2018\/11\/36076a43-contas-externas-400x200.webp\">\n\t\t\t\t<img loading=\"lazy\" decoding=\"async\" class=\"newsContent__article__imgCapa lazyloadDisabled newsContent__article__imgCapa--noCaption\" src=\"https:\/\/files.sunoresearch.com.br\/n\/uploads\/2018\/11\/36076a43-contas-externas-800x450.webp\" width=\"800\" height=\"450\" alt=\"Governo federal registra d\u00e9ficit de R$ 92,9 bi nas contas p\u00fablicas\" fetchpriority=high \/>\n\t\t\t<\/picture>\n\n\t\t\t<figcaption class=\"wp-caption-text wp-caption-text--hide\">governo federal<\/figcaption>\n\t\t<\/figure>\n\t<\/div>\n\n\n\n<p>No acumulado do ano, o governo federal registrou um d\u00e9ficit de R$ 95,7 bilh\u00f5es. Em 12 meses, o d\u00e9ficit prim\u00e1rio ficou em R$ 189,5 bilh\u00f5es, queda de 2,58% do <a href=\"https:\/\/www.suno.com.br\/artigos\/pib-produto-interno-bruto\/\">Produto Interno Bruto (PIB)<\/a>. Desde o in\u00edcio da pandemia do novo coronav\u00edrus (covid-19) as contas nacionais sofrem um processo de deteriora\u00e7\u00e3o.<\/p>\n<p>Em abril de 2019, as contas haviam ficado positivas, em R$ 6,526 bilh\u00f5es. O pior resultado j\u00e1 registrado no m\u00eas at\u00e9 o momento foi em 1997 quando houve super\u00e1vit de R$ 5,8 bilh\u00f5es, valor atualizado pela infla\u00e7\u00e3o.<\/p>\n<p><a href=\"https:\/\/lp.suno.com.br\/suno-one\/\"><span data-sheets-value=\"{&quot;1&quot;:2,&quot;2&quot;:&quot;Garanta acesso ao Suno One, a central de informa\u00e7\u00f5es para quem quer aprender a investir. Acesse gratuitamente clicando aqui.&quot;}\" data-sheets-userformat=\"{&quot;2&quot;:513,&quot;3&quot;:{&quot;1&quot;:0},&quot;12&quot;:0}\">Garanta acesso ao Suno One, a central de informa\u00e7\u00f5es para quem quer aprender a investir. Acesse gratuitamente clicando aqui.<\/span><\/a><\/p>\n<p>O governo central re\u00fane as contas do Tesouro Nacional, <a href=\"https:\/\/www.suno.com.br\/artigos\/previdencia-privada\/\">Previd\u00eancia Social<\/a> e <a href=\"https:\/\/www.suno.com.br\/artigos\/bacen\/\">Banco Central (BC)<\/a>. De acordo com os dados divulgados, o resultado do m\u00eas \u00e9 reflexo de rombo de R$ 59,2 bilh\u00f5es do Tesouro, d\u00e9ficit de R$ 33,3 na Previd\u00eancia e resultado negativo de R$ 243 milh\u00f5es do BC.<\/p>\n<p>A <a href=\"https:\/\/www.suno.com.br\/artigos\/o-que-receita-liquida\/\">receita l\u00edquida total<\/a> do governo central registrou R$ 82,1 bilh\u00f5es. Em compara\u00e7\u00e3o com o mesmo per\u00edodo no ano passado, esse valor representa queda de 35,6%. Por sua vez, as <a href=\"https:\/\/www.suno.com.br\/artigos\/custos-e-gastos\/\">despesas totais<\/a> cresceram 44,7% e totalizaram R$ 175 bilh\u00f5es.<\/p>\n<p>No m\u00eas, o governo investiu R$ 2,874, correspondente a uma queda de 53,3%, em compara\u00e7\u00e3o de base anual. No acumulado do ano, o montante somou R$ 9,65 bilh\u00f5es.\u00a0Em <a href=\"https:\/\/www.suno.com.br\/dividendos\/\">dividendos<\/a> de empresas estatais, o governo federal teve uma receita de R$ 379,4 milh\u00f5es.<\/p>\n<h2>Coronavoucher: Governo Federal pedir\u00e1 empr\u00e9stimo de US$ 4 bi<\/h2>\n<p>O Governo Federal pedir\u00e1 um <a href=\"https:\/\/www.suno.com.br\/artigos\/emprestimo-bancario\/\">empr\u00e9stimo<\/a> de US$ 4 bilh\u00f5es (cerca de R$21 bilh\u00f5es) para organismos internacionais, a fim de custear os gastos, entre outros programas, do aux\u00edlio emergencial de R$ 600, conhecido como coronavoucher. A informa\u00e7\u00e3o foi divulgada na \u00faltima quarta-feira (27) pela Secretaria do Tesouro Nacional.<\/p>\n<p><a href=\"https:\/\/www.suno.com.br\/noticias\/coronavoucher-governo-federal-pedira-emprestimo-de-us-4-bi\/\">Saiba Mais: Coronavoucher: Governo Federal pedir\u00e1 empr\u00e9stimo de US$ 4 bi<\/a><\/p>\n<p>No total, o empr\u00e9stimo contar\u00e1 com US$ 3,35 bilh\u00f5es e 550 milh\u00f5es de euros e j\u00e1 foi aprovado pela Comiss\u00e3o de Financiamentos Externos (Cofiex). Al\u00e9m de auxiliar no pagamento do coronavoucher, ser\u00e1 usado para pagar outros programas, como:<\/p>\n<ul>\n<li>Bolsa Fam\u00edlia;<\/li>\n<li>Programa de manuten\u00e7\u00e3o de emprego e renda;<\/li>\n<li>Seguro-desemprego<\/li>\n<\/ul>\n<p>Segundo o<strong> governo federal,<\/strong> esses programas acumulam uma despesa de, aproximadamente, R$ 222,8 bilh\u00f5es. Geralmente, esses projetos s\u00e3o pagos com o dinheiro que adv\u00eam da <a href=\"https:\/\/www.suno.com.br\/artigos\/carga-tributaria\/\">arrecada\u00e7\u00e3o de impostos<\/a> ou da emiss\u00e3o de <a href=\"https:\/\/www.suno.com.br\/artigos\/divida-publica\/\">d\u00edvida p\u00fablica.<\/a><\/p>\n\n","protected":false},"excerpt":{"rendered":"<p>O governo federal registrou um d\u00e9ficit de R$ 92,2 bilh\u00f5es nas contas p\u00fablicas em abril. Trata-se do pior resultado da s\u00e9rie hist\u00f3rica do Tesouro Nacional, iniciada em 1997. Os dados foram divulgados nesta quinta-feira (28) pelo \u00f3rg\u00e3o. governo federal No acumulado do ano, o governo federal registrou um d\u00e9ficit de R$ 95,7 bilh\u00f5es. Em 12 [&hellip;]<\/p>\n","protected":false},"author":15,"featured_media":7182,"comment_status":"closed","ping_status":"closed","sticky":false,"template":"","format":"standard","meta":[],"categories":[62],"tags":[1842,1769,1556,1044],"suno_strategy":[],"class_list":["post-66553","post","type-post","status-publish","format-standard","has-post-thumbnail","hentry","category-economia","tag-banco-central-bc","tag-contas-publicas","tag-governo-federal","tag-tesouro-nacional"],"yoast_head":"<!-- This site is optimized with the Yoast SEO plugin v24.4 - https:\/\/yoast.com\/wordpress\/plugins\/seo\/ -->\n<title>Governo federal registra d\u00e9ficit de R$ 92,9 bi nas contas p\u00fablicas<\/title>\n<meta name=\"description\" content=\"O governo federal registrou um d\u00e9ficit de R$ 92,2 bilh\u00f5es nas contas p\u00fablicas em abril. Para saber mais clique aqui e confira\" \/>\n<meta name=\"robots\" content=\"index, follow, max-snippet:-1, max-image-preview:large, max-video-preview:-1\" \/>\n<link rel=\"canonical\" href=\"https:\/\/www.suno.com.br\/noticias\/governo-federal-registra-deficit-de-r-929-bi-nas-contas-publicas\/\" \/>\n<meta property=\"og:locale\" content=\"pt_BR\" \/>\n<meta property=\"og:type\" content=\"article\" \/>\n<meta property=\"og:title\" content=\"Governo federal registra d\u00e9ficit de R$ 92,9 bi nas contas p\u00fablicas\" \/>\n<meta property=\"og:description\" content=\"O governo federal registrou um d\u00e9ficit de R$ 92,2 bilh\u00f5es nas contas p\u00fablicas em abril. Para saber mais clique aqui e confira\" \/>\n<meta property=\"og:url\" content=\"https:\/\/www.suno.com.br\/noticias\/governo-federal-registra-deficit-de-r-929-bi-nas-contas-publicas\/\" \/>\n<meta property=\"og:site_name\" content=\"Suno Not\u00edcias\" \/>\n<meta property=\"article:publisher\" content=\"https:\/\/facebook.com\/sunoresearch\" \/>\n<meta property=\"og:image\" content=\"https:\/\/files.sunoresearch.com.br\/n\/uploads\/2018\/11\/36076a43-contas-externas.jpg\" \/>\n\t<meta property=\"og:image:width\" content=\"1920\" \/>\n\t<meta property=\"og:image:height\" content=\"1280\" \/>\n\t<meta property=\"og:image:type\" content=\"image\/jpeg\" \/>\n<meta name=\"author\" content=\"Poliana Santos\" \/>\n<meta name=\"twitter:card\" content=\"summary_large_image\" \/>\n<meta name=\"twitter:creator\" content=\"@sunoresearch\" \/>\n<meta name=\"twitter:site\" content=\"@sunoresearch\" \/>\n<meta name=\"twitter:label1\" content=\"Escrito por\" \/>\n\t<meta name=\"twitter:data1\" content=\"Poliana Santos\" \/>\n\t<meta name=\"twitter:label2\" content=\"Est. tempo de leitura\" \/>\n\t<meta name=\"twitter:data2\" content=\"2 minutos\" \/>\n<script type=\"application\/ld+json\" class=\"yoast-schema-graph\">{\"@context\":\"https:\/\/schema.org\",\"@graph\":[{\"@type\":\"NewsArticle\",\"@id\":\"https:\/\/www.suno.com.br\/noticias\/governo-federal-registra-deficit-de-r-929-bi-nas-contas-publicas\/#article\",\"isPartOf\":{\"@id\":\"https:\/\/www.suno.com.br\/noticias\/governo-federal-registra-deficit-de-r-929-bi-nas-contas-publicas\/\"},\"author\":{\"name\":\"Poliana Santos\",\"@id\":\"https:\/\/www.suno.com.br\/noticias\/#\/schema\/person\/02ec1f752758247878a2bf4abee1aeda\"},\"headline\":\"Governo federal registra d\u00e9ficit de R$ 92,9 bi nas contas p\u00fablicas\",\"datePublished\":\"2020-05-28T15:38:03+00:00\",\"dateModified\":\"2020-05-28T15:39:42+00:00\",\"mainEntityOfPage\":{\"@id\":\"https:\/\/www.suno.com.br\/noticias\/governo-federal-registra-deficit-de-r-929-bi-nas-contas-publicas\/\"},\"wordCount\":471,\"publisher\":{\"@id\":\"https:\/\/www.suno.com.br\/noticias\/#organization\"},\"image\":{\"@id\":\"https:\/\/www.suno.com.br\/noticias\/governo-federal-registra-deficit-de-r-929-bi-nas-contas-publicas\/#primaryimage\"},\"thumbnailUrl\":\"https:\/\/files.sunoresearch.com.br\/n\/uploads\/2018\/11\/36076a43-contas-externas-jpg.webp\",\"keywords\":[\"Banco Central (BC)\",\"contas p\u00fablicas\",\"governo federal\",\"Tesouro Nacional\"],\"articleSection\":[\"Economia\"],\"inLanguage\":\"pt-BR\"},{\"@type\":\"WebPage\",\"@id\":\"https:\/\/www.suno.com.br\/noticias\/governo-federal-registra-deficit-de-r-929-bi-nas-contas-publicas\/\",\"url\":\"https:\/\/www.suno.com.br\/noticias\/governo-federal-registra-deficit-de-r-929-bi-nas-contas-publicas\/\",\"name\":\"Governo federal registra d\u00e9ficit de R$ 92,9 bi nas contas p\u00fablicas\",\"isPartOf\":{\"@id\":\"https:\/\/www.suno.com.br\/noticias\/#website\"},\"primaryImageOfPage\":{\"@id\":\"https:\/\/www.suno.com.br\/noticias\/governo-federal-registra-deficit-de-r-929-bi-nas-contas-publicas\/#primaryimage\"},\"image\":{\"@id\":\"https:\/\/www.suno.com.br\/noticias\/governo-federal-registra-deficit-de-r-929-bi-nas-contas-publicas\/#primaryimage\"},\"thumbnailUrl\":\"https:\/\/files.sunoresearch.com.br\/n\/uploads\/2018\/11\/36076a43-contas-externas-jpg.webp\",\"datePublished\":\"2020-05-28T15:38:03+00:00\",\"dateModified\":\"2020-05-28T15:39:42+00:00\",\"description\":\"O governo federal registrou um d\u00e9ficit de R$ 92,2 bilh\u00f5es nas contas p\u00fablicas em abril. Para saber mais clique aqui e confira\",\"breadcrumb\":{\"@id\":\"https:\/\/www.suno.com.br\/noticias\/governo-federal-registra-deficit-de-r-929-bi-nas-contas-publicas\/#breadcrumb\"},\"inLanguage\":\"pt-BR\",\"potentialAction\":[{\"@type\":\"ReadAction\",\"target\":[\"https:\/\/www.suno.com.br\/noticias\/governo-federal-registra-deficit-de-r-929-bi-nas-contas-publicas\/\"]}]},{\"@type\":\"ImageObject\",\"inLanguage\":\"pt-BR\",\"@id\":\"https:\/\/www.suno.com.br\/noticias\/governo-federal-registra-deficit-de-r-929-bi-nas-contas-publicas\/#primaryimage\",\"url\":\"https:\/\/files.sunoresearch.com.br\/n\/uploads\/2018\/11\/36076a43-contas-externas-jpg.webp\",\"contentUrl\":\"https:\/\/files.sunoresearch.com.br\/n\/uploads\/2018\/11\/36076a43-contas-externas-jpg.webp\",\"width\":1920,\"height\":1280,\"caption\":\"governo federal\"},{\"@type\":\"BreadcrumbList\",\"@id\":\"https:\/\/www.suno.com.br\/noticias\/governo-federal-registra-deficit-de-r-929-bi-nas-contas-publicas\/#breadcrumb\",\"itemListElement\":[{\"@type\":\"ListItem\",\"position\":1,\"name\":\"Not\u00edcias\",\"item\":\"https:\/\/www.suno.com.br\/noticias\/\"},{\"@type\":\"ListItem\",\"position\":2,\"name\":\"Economia\",\"item\":\"https:\/\/www.suno.com.br\/noticias\/economia\/\"},{\"@type\":\"ListItem\",\"position\":3,\"name\":\"Governo federal registra d\u00e9ficit de R$ 92,9 bi nas contas p\u00fablicas\"}]},{\"@type\":\"WebSite\",\"@id\":\"https:\/\/www.suno.com.br\/noticias\/#website\",\"url\":\"https:\/\/www.suno.com.br\/noticias\/\",\"name\":\"Suno Not\u00edcias\",\"description\":\"Seu portal de informa\u00e7\u00e3o sobre o mundo dos investimentos\",\"publisher\":{\"@id\":\"https:\/\/www.suno.com.br\/noticias\/#organization\"},\"potentialAction\":[{\"@type\":\"SearchAction\",\"target\":{\"@type\":\"EntryPoint\",\"urlTemplate\":\"https:\/\/www.suno.com.br\/noticias\/?s={search_term_string}\"},\"query-input\":{\"@type\":\"PropertyValueSpecification\",\"valueRequired\":true,\"valueName\":\"search_term_string\"}}],\"inLanguage\":\"pt-BR\"},{\"@type\":\"Organization\",\"@id\":\"https:\/\/www.suno.com.br\/noticias\/#organization\",\"name\":\"Suno Not\u00edcias\",\"url\":\"https:\/\/www.suno.com.br\/noticias\/\",\"logo\":{\"@type\":\"ImageObject\",\"inLanguage\":\"pt-BR\",\"@id\":\"https:\/\/www.suno.com.br\/noticias\/#\/schema\/logo\/image\/\",\"url\":\"https:\/\/files.sunoresearch.com.br\/n\/uploads\/2021\/09\/suno-logo.png\",\"contentUrl\":\"https:\/\/files.sunoresearch.com.br\/n\/uploads\/2021\/09\/suno-logo.png\",\"width\":180,\"height\":180,\"caption\":\"Suno Not\u00edcias\"},\"image\":{\"@id\":\"https:\/\/www.suno.com.br\/noticias\/#\/schema\/logo\/image\/\"},\"sameAs\":[\"https:\/\/facebook.com\/sunoresearch\",\"https:\/\/x.com\/sunoresearch\",\"https:\/\/www.instagram.com\/suno\",\"https:\/\/www.linkedin.com\/company\/suno-research\/\",\"https:\/\/www.youtube.com\/c\/sunoresearch\"]},{\"@type\":\"Person\",\"@id\":\"https:\/\/www.suno.com.br\/noticias\/#\/schema\/person\/02ec1f752758247878a2bf4abee1aeda\",\"name\":\"Poliana Santos\",\"image\":{\"@type\":\"ImageObject\",\"inLanguage\":\"pt-BR\",\"@id\":\"https:\/\/www.suno.com.br\/noticias\/#\/schema\/person\/image\/\",\"url\":\"https:\/\/secure.gravatar.com\/avatar\/0645bd32f23d87b2130f2b2dff1d3f8d?s=96&r=g\",\"contentUrl\":\"https:\/\/secure.gravatar.com\/avatar\/0645bd32f23d87b2130f2b2dff1d3f8d?s=96&r=g\",\"caption\":\"Poliana Santos\"},\"description\":\"Rep\u00f3rter no Suno Not\u00edcias, com cobertura em mercado financeiro, economia, finan\u00e7as pessoais, renda fixa e varejo. Jornalista formada pela Faculdade C\u00e1sper L\u00edbero e possui passagem na R\u00e1dio Gazeta AM com a produ\u00e7\u00e3o de conte\u00fado sobre economia, pol\u00edtica, sa\u00fade, moda e m\u00fasica. Possui certificado de conclus\u00e3o do curso de An\u00e1lise de Balan\u00e7os pela Funda\u00e7\u00e3o Bradesco, Agenda Brasil pela FAAP, Educa\u00e7\u00e3o Pol\u00edtica por Alexandre Garcia e do Tesouro Direto e Mercado de A\u00e7\u00f5es pela B3.\",\"url\":\"https:\/\/www.suno.com.br\/noticias\/author\/poliana-santos\/\"}]}<\/script>\n<!-- \/ Yoast SEO plugin. -->","yoast_head_json":{"title":"Governo federal registra d\u00e9ficit de R$ 92,9 bi nas contas p\u00fablicas","description":"O governo federal registrou um d\u00e9ficit de R$ 92,2 bilh\u00f5es nas contas p\u00fablicas em abril. Para saber mais clique aqui e confira","robots":{"index":"index","follow":"follow","max-snippet":"max-snippet:-1","max-image-preview":"max-image-preview:large","max-video-preview":"max-video-preview:-1"},"canonical":"https:\/\/www.suno.com.br\/noticias\/governo-federal-registra-deficit-de-r-929-bi-nas-contas-publicas\/","og_locale":"pt_BR","og_type":"article","og_title":"Governo federal registra d\u00e9ficit de R$ 92,9 bi nas contas p\u00fablicas","og_description":"O governo federal registrou um d\u00e9ficit de R$ 92,2 bilh\u00f5es nas contas p\u00fablicas em abril. Para saber mais clique aqui e confira","og_url":"https:\/\/www.suno.com.br\/noticias\/governo-federal-registra-deficit-de-r-929-bi-nas-contas-publicas\/","og_site_name":"Suno Not\u00edcias","article_publisher":"https:\/\/facebook.com\/sunoresearch","og_image":[{"width":1920,"height":1280,"url":"https:\/\/files.sunoresearch.com.br\/n\/uploads\/2018\/11\/36076a43-contas-externas.jpg","type":"image\/jpeg"}],"author":"Poliana Santos","twitter_card":"summary_large_image","twitter_creator":"@sunoresearch","twitter_site":"@sunoresearch","twitter_misc":{"Escrito por":"Poliana Santos","Est. tempo de leitura":"2 minutos"},"schema":{"@context":"https:\/\/schema.org","@graph":[{"@type":"NewsArticle","@id":"https:\/\/www.suno.com.br\/noticias\/governo-federal-registra-deficit-de-r-929-bi-nas-contas-publicas\/#article","isPartOf":{"@id":"https:\/\/www.suno.com.br\/noticias\/governo-federal-registra-deficit-de-r-929-bi-nas-contas-publicas\/"},"author":{"name":"Poliana Santos","@id":"https:\/\/www.suno.com.br\/noticias\/#\/schema\/person\/02ec1f752758247878a2bf4abee1aeda"},"headline":"Governo federal registra d\u00e9ficit de R$ 92,9 bi nas contas p\u00fablicas","datePublished":"2020-05-28T15:38:03+00:00","dateModified":"2020-05-28T15:39:42+00:00","mainEntityOfPage":{"@id":"https:\/\/www.suno.com.br\/noticias\/governo-federal-registra-deficit-de-r-929-bi-nas-contas-publicas\/"},"wordCount":471,"publisher":{"@id":"https:\/\/www.suno.com.br\/noticias\/#organization"},"image":{"@id":"https:\/\/www.suno.com.br\/noticias\/governo-federal-registra-deficit-de-r-929-bi-nas-contas-publicas\/#primaryimage"},"thumbnailUrl":"https:\/\/files.sunoresearch.com.br\/n\/uploads\/2018\/11\/36076a43-contas-externas-jpg.webp","keywords":["Banco Central (BC)","contas p\u00fablicas","governo federal","Tesouro Nacional"],"articleSection":["Economia"],"inLanguage":"pt-BR"},{"@type":"WebPage","@id":"https:\/\/www.suno.com.br\/noticias\/governo-federal-registra-deficit-de-r-929-bi-nas-contas-publicas\/","url":"https:\/\/www.suno.com.br\/noticias\/governo-federal-registra-deficit-de-r-929-bi-nas-contas-publicas\/","name":"Governo federal registra d\u00e9ficit de R$ 92,9 bi nas contas p\u00fablicas","isPartOf":{"@id":"https:\/\/www.suno.com.br\/noticias\/#website"},"primaryImageOfPage":{"@id":"https:\/\/www.suno.com.br\/noticias\/governo-federal-registra-deficit-de-r-929-bi-nas-contas-publicas\/#primaryimage"},"image":{"@id":"https:\/\/www.suno.com.br\/noticias\/governo-federal-registra-deficit-de-r-929-bi-nas-contas-publicas\/#primaryimage"},"thumbnailUrl":"https:\/\/files.sunoresearch.com.br\/n\/uploads\/2018\/11\/36076a43-contas-externas-jpg.webp","datePublished":"2020-05-28T15:38:03+00:00","dateModified":"2020-05-28T15:39:42+00:00","description":"O governo federal registrou um d\u00e9ficit de R$ 92,2 bilh\u00f5es nas contas p\u00fablicas em abril. Para saber mais clique aqui e confira","breadcrumb":{"@id":"https:\/\/www.suno.com.br\/noticias\/governo-federal-registra-deficit-de-r-929-bi-nas-contas-publicas\/#breadcrumb"},"inLanguage":"pt-BR","potentialAction":[{"@type":"ReadAction","target":["https:\/\/www.suno.com.br\/noticias\/governo-federal-registra-deficit-de-r-929-bi-nas-contas-publicas\/"]}]},{"@type":"ImageObject","inLanguage":"pt-BR","@id":"https:\/\/www.suno.com.br\/noticias\/governo-federal-registra-deficit-de-r-929-bi-nas-contas-publicas\/#primaryimage","url":"https:\/\/files.sunoresearch.com.br\/n\/uploads\/2018\/11\/36076a43-contas-externas-jpg.webp","contentUrl":"https:\/\/files.sunoresearch.com.br\/n\/uploads\/2018\/11\/36076a43-contas-externas-jpg.webp","width":1920,"height":1280,"caption":"governo federal"},{"@type":"BreadcrumbList","@id":"https:\/\/www.suno.com.br\/noticias\/governo-federal-registra-deficit-de-r-929-bi-nas-contas-publicas\/#breadcrumb","itemListElement":[{"@type":"ListItem","position":1,"name":"Not\u00edcias","item":"https:\/\/www.suno.com.br\/noticias\/"},{"@type":"ListItem","position":2,"name":"Economia","item":"https:\/\/www.suno.com.br\/noticias\/economia\/"},{"@type":"ListItem","position":3,"name":"Governo federal registra d\u00e9ficit de R$ 92,9 bi nas contas p\u00fablicas"}]},{"@type":"WebSite","@id":"https:\/\/www.suno.com.br\/noticias\/#website","url":"https:\/\/www.suno.com.br\/noticias\/","name":"Suno Not\u00edcias","description":"Seu portal de informa\u00e7\u00e3o sobre o mundo dos investimentos","publisher":{"@id":"https:\/\/www.suno.com.br\/noticias\/#organization"},"potentialAction":[{"@type":"SearchAction","target":{"@type":"EntryPoint","urlTemplate":"https:\/\/www.suno.com.br\/noticias\/?s={search_term_string}"},"query-input":{"@type":"PropertyValueSpecification","valueRequired":true,"valueName":"search_term_string"}}],"inLanguage":"pt-BR"},{"@type":"Organization","@id":"https:\/\/www.suno.com.br\/noticias\/#organization","name":"Suno Not\u00edcias","url":"https:\/\/www.suno.com.br\/noticias\/","logo":{"@type":"ImageObject","inLanguage":"pt-BR","@id":"https:\/\/www.suno.com.br\/noticias\/#\/schema\/logo\/image\/","url":"https:\/\/files.sunoresearch.com.br\/n\/uploads\/2021\/09\/suno-logo.png","contentUrl":"https:\/\/files.sunoresearch.com.br\/n\/uploads\/2021\/09\/suno-logo.png","width":180,"height":180,"caption":"Suno Not\u00edcias"},"image":{"@id":"https:\/\/www.suno.com.br\/noticias\/#\/schema\/logo\/image\/"},"sameAs":["https:\/\/facebook.com\/sunoresearch","https:\/\/x.com\/sunoresearch","https:\/\/www.instagram.com\/suno","https:\/\/www.linkedin.com\/company\/suno-research\/","https:\/\/www.youtube.com\/c\/sunoresearch"]},{"@type":"Person","@id":"https:\/\/www.suno.com.br\/noticias\/#\/schema\/person\/02ec1f752758247878a2bf4abee1aeda","name":"Poliana Santos","image":{"@type":"ImageObject","inLanguage":"pt-BR","@id":"https:\/\/www.suno.com.br\/noticias\/#\/schema\/person\/image\/","url":"https:\/\/secure.gravatar.com\/avatar\/0645bd32f23d87b2130f2b2dff1d3f8d?s=96&r=g","contentUrl":"https:\/\/secure.gravatar.com\/avatar\/0645bd32f23d87b2130f2b2dff1d3f8d?s=96&r=g","caption":"Poliana Santos"},"description":"Rep\u00f3rter no Suno Not\u00edcias, com cobertura em mercado financeiro, economia, finan\u00e7as pessoais, renda fixa e varejo. Jornalista formada pela Faculdade C\u00e1sper L\u00edbero e possui passagem na R\u00e1dio Gazeta AM com a produ\u00e7\u00e3o de conte\u00fado sobre economia, pol\u00edtica, sa\u00fade, moda e m\u00fasica. Possui certificado de conclus\u00e3o do curso de An\u00e1lise de Balan\u00e7os pela Funda\u00e7\u00e3o Bradesco, Agenda Brasil pela FAAP, Educa\u00e7\u00e3o Pol\u00edtica por Alexandre Garcia e do Tesouro Direto e Mercado de A\u00e7\u00f5es pela B3.","url":"https:\/\/www.suno.com.br\/noticias\/author\/poliana-santos\/"}]}},"default_loop_html":"<div class=\"cardsPage__listCard__boxs\"><div class=\"cardsPage__listCard__boxs__img\"><a href=\"https:\/\/www.suno.com.br\/noticias\/governo-federal-registra-deficit-de-r-929-bi-nas-contas-publicas\/\"><img class=\"mask\" src=\"https:\/\/www.suno.com.br\/noticias\/wp-content\/themes\/suno\/resources\/images\/spotlight\/spotlight1img\/bg-mask.png\" alt=\"Image Mask\"\/><img src=\"https:\/\/files.sunoresearch.com.br\/n\/uploads\/2018\/11\/36076a43-contas-externas-400x200.webp\" alt=\"Governo federal registra d\u00e9ficit de R$ 92,9 bi nas contas p\u00fablicas\"\/><\/a><span class=\"spotlightCategory\"><a href=\"https:\/\/www.suno.com.br\/noticias\/economia\/\">Economia<\/a><\/span><\/div><div class=\"cardsPage__listCard__boxs__content\"><a href=\"https:\/\/www.suno.com.br\/noticias\/governo-federal-registra-deficit-de-r-929-bi-nas-contas-publicas\/\"><h2 class=\"content__title\">Governo federal registra d\u00e9ficit de R$ 92,9 bi nas contas p\u00fablicas<\/h2><\/a><div class=\"newsContent__article__meta\"><div class=\"newsContent__article__meta__authorBox\"><a href=\"https:\/\/www.suno.com.br\/noticias\/author\/poliana-santos\/\" class=\"authorBox__avatar noMobi\"><img src=\"https:\/\/files.sunoresearch.com.br\/n\/uploads\/2020\/08\/7ef34026-whatsapp-image-2020-08-03-at-12.37.57-150x150.webp\" alt=\"Poliana Santos\"><\/a><div class=\"authorBox__name\"><span>por\n\t\t\t<a href=\"https:\/\/www.suno.com.br\/noticias\/author\/poliana-santos\/\"><span itemprop=\"author\">Poliana Santos<\/span><\/a><\/span><time datetime=\"2020-05-28T12:38:03-03:00\" itemprop=\"datePublished\">28\/05\/2020 12:38<\/time><\/div><\/div><\/div><\/div><\/div>","single_layout":"posts","amp_enabled":true,"_links":{"self":[{"href":"https:\/\/www.suno.com.br\/noticias\/wp-json\/wp\/v2\/posts\/66553"}],"collection":[{"href":"https:\/\/www.suno.com.br\/noticias\/wp-json\/wp\/v2\/posts"}],"about":[{"href":"https:\/\/www.suno.com.br\/noticias\/wp-json\/wp\/v2\/types\/post"}],"author":[{"embeddable":true,"href":"https:\/\/www.suno.com.br\/noticias\/wp-json\/wp\/v2\/users\/15"}],"replies":[{"embeddable":true,"href":"https:\/\/www.suno.com.br\/noticias\/wp-json\/wp\/v2\/comments?post=66553"}],"version-history":[{"count":0,"href":"https:\/\/www.suno.com.br\/noticias\/wp-json\/wp\/v2\/posts\/66553\/revisions"}],"wp:featuredmedia":[{"embeddable":true,"href":"https:\/\/www.suno.com.br\/noticias\/wp-json\/wp\/v2\/media\/7182"}],"wp:attachment":[{"href":"https:\/\/www.suno.com.br\/noticias\/wp-json\/wp\/v2\/media?parent=66553"}],"wp:term":[{"taxonomy":"category","embeddable":true,"href":"https:\/\/www.suno.com.br\/noticias\/wp-json\/wp\/v2\/categories?post=66553"},{"taxonomy":"post_tag","embeddable":true,"href":"https:\/\/www.suno.com.br\/noticias\/wp-json\/wp\/v2\/tags?post=66553"},{"taxonomy":"suno_strategy","embeddable":true,"href":"https:\/\/www.suno.com.br\/noticias\/wp-json\/wp\/v2\/suno_strategy?post=66553"}],"curies":[{"name":"wp","href":"https:\/\/api.w.org\/{rel}","templated":true}]}}