{"id":66467,"date":"2020-05-28T08:42:16","date_gmt":"2020-05-28T11:42:16","guid":{"rendered":"https:\/\/www.suno.com.br\/noticias\/?p=66467"},"modified":"2021-06-14T00:27:20","modified_gmt":"2021-06-14T03:27:20","slug":"agenda-do-dia-petrobras-oi-irb-arezzo-iguatemi","status":"publish","type":"post","link":"https:\/\/www.suno.com.br\/noticias\/agenda-do-dia-petrobras-oi-irb-arezzo-iguatemi\/","title":{"rendered":"Agenda do Dia: Petrobras; Oi; IRB Brasil; Arezzo; Iguatemi; C&#038;A"},"content":{"rendered":"<p>Os assuntos da <strong>Agenda<\/strong> <strong>do<\/strong> <strong>Dia<\/strong> desta quinta-feira (28) prometem mexer com o mercado interno e o externo.<\/p>\t<div class=\"wrapper-featured-image\">\n\t\t<figure class=\"spotlightImg\">\n\n\t\t\t<picture>\n\t\t\t\t<source media=\"(max-width: 768px)\" srcset=\"https:\/\/files.sunoresearch.com.br\/n\/uploads\/2020\/03\/763e4ad5-petrobras-400x200.webp\">\n\t\t\t\t<img loading=\"lazy\" decoding=\"async\" class=\"newsContent__article__imgCapa lazyloadDisabled newsContent__article__imgCapa--noCaption\" src=\"https:\/\/files.sunoresearch.com.br\/n\/uploads\/2020\/03\/763e4ad5-petrobras-800x450.webp\" width=\"800\" height=\"450\" alt=\"Agenda do Dia: Petrobras; Oi; IRB Brasil; Arezzo; Iguatemi; C&#038;A\" fetchpriority=high \/>\n\t\t\t<\/picture>\n\n\t\t\t<figcaption class=\"wp-caption-text wp-caption-text--hide\">Petrobras divulga plano estrat\u00e9gico<\/figcaption>\n\t\t<\/figure>\n\t<\/div>\n\n\n\n<p>A <strong>Petrobras<\/strong> confirmou a capta\u00e7\u00e3o de mais de US$ 3 bilh\u00f5es no mercado internacional. A <strong>Oi<\/strong> comunicou o adiamento dos resultados do primeiro trimestre deste ano.<\/p>\n<p>Al\u00e9m disso, a Agenda do Dia conta com as not\u00edcias sobre a <strong>C&amp;A<\/strong> e a <strong>Arezzo, <\/strong>que reportaram seus resultados referentes ao primeiro trimestre de 2020.<\/p>\n<p>Confira os principais pontos da Agenda do Dia:<\/p>\n<h2>Petrobras<\/h2>\n<p>A <strong>Petrobras<\/strong> (<a href=\"https:\/\/www.suno.com.br\/acoes\/petr3\/\">PETR3<\/a>;<a href=\"https:\/\/www.suno.com.br\/acoes\/petr4\/\">PETR4<\/a>) captou mais de US$ 3 bilh\u00f5es no mercado internacional. A precifica\u00e7\u00e3o da emiss\u00e3o de t\u00edtulos da empresa no exterior, por meio de sua subsidi\u00e1ria Petrobras Global Finance B.V (PGF), foi confirmada h\u00e1 pouco pela petroleira.<\/p>\n<p>De acordo com a companhia, os recursos captados ser\u00e3o utilizados para &#8220;fins corporativos gerais&#8221;. Um cons\u00f3rcio de seis institui\u00e7\u00f5es financeiras, nacionais e estrangeiras, coordenou a emiss\u00e3o que levantou US$ 3,25 bilh\u00f5es no mercado de d\u00edvida internacional.<\/p>\n<p>Vale destacar que esta foi a primeira emiss\u00e3o de uma empresa latino-americana no mercado internacional, desde fevereiro deste ano.<\/p>\n<h2>Oi<\/h2>\n<p>A <a href=\"https:\/\/www.suno.com.br\/acoes\/oibr3\/\"><strong>Oi<\/strong> (OIBR3)<\/a> comunicou ao mercado, na noite da \u00faltima quarta-feira (27), o adiamento da data de divulga\u00e7\u00e3o do seu <a href=\"https:\/\/www.suno.com.br\/artigos\/principios-sobre-como-analisar-o-balanco-de-uma-empresa\/\">resultado<\/a> do primeiro trimestre de 2020 para o dia 15 de junho. O dados financeiros referentes aos tr\u00eas primeiros meses do anos estavam previstos para divulga\u00e7\u00e3o nesta quinta-feira (28).<\/p>\n<p><a href=\"https:\/\/www.suno.com.br\/noticias\/oi-oibr3-adia-divulgacao-dos-resultados-financeiros-do-1t20\/\">Saiba mais: Oi (OIBR3) adia divulga\u00e7\u00e3o dos resultados financeiros do 1T20<\/a><\/p>\n<p>A companhia de telecomunica\u00e7\u00f5es est\u00e1 em fase de prepara\u00e7\u00e3o da documenta\u00e7\u00e3o necess\u00e1ria para o protocolo, junto \u00e0 7\u00aa Vara Empresarial da Comarca da Capital do Estado do Rio de Janeiro, de proposta de adiantamento do seu <a href=\"https:\/\/www.suno.com.br\/artigos\/recuperacao-judicial\/\">Plano de Recupera\u00e7\u00e3o Judicial<\/a>. &#8220;Envidando todos os esfor\u00e7os para viabilizar sua aprova\u00e7\u00e3o o mais brevemente poss\u00edvel&#8221;, informou a Oi.<\/p>\n<h2>IRB Brasil Re<\/h2>\n<p>O <a href=\"https:\/\/www.suno.com.br\/artigos\/conselho-administracao\/\">Conselho de Administra\u00e7\u00e3o (CDA)<\/a> da <a href=\"https:\/\/www.suno.com.br\/acoes\/irbr3\/\"><strong>IRB Brasil<\/strong> RE (IRBR3)<\/a> indicou \u00e0 Assembleia Geral da empresa, que ser\u00e1 realizada no dia 12 de junho, a elei\u00e7\u00e3o da ex-ministra do Supremo Tribunal Federal (STF), Ellen Gracie Northfleet, para ser membro titular do CDA. Ela estar\u00e1 condicionada tamb\u00e9m \u00e0 aprova\u00e7\u00e3o da <a href=\"https:\/\/www.suno.com.br\/artigos\/susep\/\">Superintend\u00eancia de Seguros Privados (SUSEP)<\/a>. O comunicado ao mercado foi realizado na \u00faltima quarta-feira (27).<\/p>\n<p><a href=\"https:\/\/www.suno.com.br\/noticias\/irb-brasil-conselho-eleicao-ex-ministra-stf\/\">Saiba mais: IRB Brasil: Conselho prop\u00f5e elei\u00e7\u00e3o de ex-ministra do STF, Ellen Gracie<\/a><\/p>\n<p>Caso Gracie seja eleita, o Conselho de Administra\u00e7\u00e3o da IRB Brasil ficar\u00e1 da seguinte forma:<\/p>\n<ul>\n<li>Ant\u00f4nio C\u00e1ssio dos Santos (Presidente)<\/li>\n<li>Regina Helena Jorge Nunes &#8211; Titular (Independente)<\/li>\n<li>Ivan Gon\u00e7alves Passos &#8211; Titular (Independente)<\/li>\n<li>Henrique Jos\u00e9 Fernandes Luz &#8211; Titular (Independente)<\/li>\n<li>Marcos Pessoa de Queiroz Falc\u00e3o &#8211; Titular (Independente)<\/li>\n<li>Marcos Bastos Rocha &#8211; Titular (Independente)<\/li>\n<li>Roberto Dagnoni &#8211; Titular (Independente)<\/li>\n<li><strong>Ellen Gracie Northfleet &#8211;<\/strong> Titular (Independente)<\/li>\n<li>Jos\u00e9 Oct\u00e1vio Vianello de Mello &#8211; Suplente (Independente)<\/li>\n<\/ul>\n<h2>Arezzo<\/h2>\n<p>A <a href=\"https:\/\/www.suno.com.br\/acoes\/arzz3\/\"><strong>Arezzo<\/strong> (ARZZ3) <\/a>apresentou lucro l\u00edquido de R$ 26 milh\u00f5es no primeiro trimestre deste ano. O valor representa uma alta de 12% em compara\u00e7\u00e3o ao mesmo intervalo do ano passado. A empresa informou que foi beneficiada pela recupera\u00e7\u00e3o de cr\u00e9ditos fiscais, que tiveram efeito l\u00edquido de impostos de R$ 20 milh\u00f5es.<\/p>\n<p>A <a href=\"https:\/\/www.suno.com.br\/artigos\/o-que-receita-liquida\/\">receita l\u00edquida<\/a> da Arezzo apresentou queda de 0,4% na compara\u00e7\u00e3o ano a ano, para R$ 37,5 milh\u00f5es. Caso seja exclu\u00edda a marca Vans, que foi adquirida pela empresa em outubro de 2019, a receita apresentou receita de R$ 336,4 milh\u00f5es; recuo de 11%.<\/p>\n<p>O <a href=\"https:\/\/www.suno.com.br\/artigos\/ebitda\/\">lucro antes de juros, impostos, deprecia\u00e7\u00e3o e amortiza\u00e7\u00e3o (Ebitda)<\/a> apresentou alta de 18% e ficou em R$ 64,3 milh\u00f5es, considerando a incorpora\u00e7\u00e3o da Vans.<\/p>\n<h2>Iguatemi<\/h2>\n<div>A <a href=\"https:\/\/www.suno.com.br\/acoes\/igta3\/\"><strong>Iguatemi (IGTA3)<\/strong><\/a> informou que o fluxo de consumidores em seus empreendimentos reabertos recentemente est\u00e1 oscilando entre 40% e 50%. A empresa reabriu 5 de seus 16 shoppings centers.<\/div>\n<div><\/div>\n<div>A Iguatemi estima que a queda nas vendas ser\u00e1 menor do que a baixa na circula\u00e7\u00e3o de pessoas. O \u00faltimo shopping reaberto pela empresa foi o Iguatemi Bras\u00edlia, na tarde da \u00faltima quarta-feira (27).<\/div>\n<h2>C&amp;A<\/h2>\n<div>\n<div>A <a href=\"https:\/\/www.suno.com.br\/acoes\/ceab3\/\"><strong>C&amp;A<\/strong> (CEAB3)<\/a> divulgou seus resultados referentes ao primeiro trimestre deste ano, na noite da \u00faltima quarta-feira (27). A varejista de moda registrou preju\u00edzo de R$ 55,4 milh\u00f5es. Vale destacar que, no mesmo per\u00edodo do ano passado, a companhia teve um lucro l\u00edquido de R$ 751,4 milh\u00f5es.<\/div>\n<div><\/div>\n<div><span style=\"font-size: 1.21429rem;\">O lucro antes de juros, impostos, amortiza\u00e7\u00e3o e deprecia\u00e7\u00e3o (Ebtida, na sigla em ingl\u00eas) ajustado teve queda de 87,9%, ficando em R$ 91,1 milh\u00f5es.<\/span><\/div>\n<div>\n<p>A receita l\u00edquida da C&amp;A ficou em R$ 976,9 milh\u00f5es; queda de 6,1% ante o mesmo per\u00edodo de 2019. A companhia destacou que a queda na receita est\u00e1 ligada diretamente a crise provocada pela pandemia de coronav\u00edrus.<\/p>\n<p>A <strong>Agenda<\/strong> <strong style=\"font-size: 1.21429rem;\">do<\/strong> <strong style=\"font-size: 1.21429rem;\">Dia<\/strong><span style=\"font-size: 1.21429rem;\"> do <a href=\"https:\/\/www.youtube.com\/channel\/UCWDeEIDAIi_oYKDiqwfGyRg\">Suno Not\u00edcias<\/a> mostra os principais acontecimentos que prometem movimentar o mercado durante o dia.<\/span><\/p>\n<p><span style=\"font-size: 1.21429rem;\"><\/span><\/p>\n<\/div>\n<\/div>\n","protected":false},"excerpt":{"rendered":"<p>Os assuntos da Agenda do Dia desta quinta-feira (28) prometem mexer com o mercado interno e o externo. Petrobras divulga plano estrat\u00e9gico A Petrobras confirmou a capta\u00e7\u00e3o de mais de US$ 3 bilh\u00f5es no mercado internacional. A Oi comunicou o adiamento dos resultados do primeiro trimestre deste ano. Al\u00e9m disso, a Agenda do Dia conta [&hellip;]<\/p>\n","protected":false},"author":19,"featured_media":56715,"comment_status":"closed","ping_status":"closed","sticky":false,"template":"","format":"standard","meta":[],"categories":[64],"tags":[1980,362,1813,584,2426,595],"suno_strategy":[],"class_list":["post-66467","post","type-post","status-publish","format-standard","has-post-thumbnail","hentry","category-negocios","tag-agenda-do-dia","tag-arezzo-arzz3","tag-irb-brasil-irbr3","tag-oi-oibr3-oibr4","tag-petr3","tag-petrobras-petr4"],"yoast_head":"<!-- This site is optimized with the Yoast SEO plugin v24.4 - https:\/\/yoast.com\/wordpress\/plugins\/seo\/ -->\n<title>Agenda do Dia: Petrobras; Oi; IRB Brasil; Arezzo; Iguatemi; C&amp;A<\/title>\n<meta name=\"description\" content=\"Agenda do Dia: capta\u00e7\u00e3o da Petrobras; adiamento de resultados da Oi; indica\u00e7\u00e3o do conselho da IRB Brasil; Arezzo; Iguatemi; C&amp;A. Saiba mais.\" \/>\n<meta name=\"robots\" content=\"index, follow, max-snippet:-1, max-image-preview:large, max-video-preview:-1\" \/>\n<link rel=\"canonical\" href=\"https:\/\/www.suno.com.br\/noticias\/agenda-do-dia-petrobras-oi-irb-arezzo-iguatemi\/\" \/>\n<meta property=\"og:locale\" content=\"pt_BR\" \/>\n<meta property=\"og:type\" content=\"article\" \/>\n<meta property=\"og:title\" content=\"Agenda do Dia: Petrobras; Oi; IRB Brasil; Arezzo; Iguatemi; C&amp;A\" \/>\n<meta property=\"og:description\" content=\"Agenda do Dia: capta\u00e7\u00e3o da Petrobras; adiamento de resultados da Oi; indica\u00e7\u00e3o do conselho da IRB Brasil; Arezzo; Iguatemi; C&amp;A. Saiba mais.\" \/>\n<meta property=\"og:url\" content=\"https:\/\/www.suno.com.br\/noticias\/agenda-do-dia-petrobras-oi-irb-arezzo-iguatemi\/\" \/>\n<meta property=\"og:site_name\" content=\"Suno Not\u00edcias\" \/>\n<meta property=\"article:publisher\" content=\"https:\/\/facebook.com\/sunoresearch\" \/>\n<meta property=\"og:image\" content=\"https:\/\/files.sunoresearch.com.br\/n\/uploads\/2020\/03\/763e4ad5-petrobras.jpg\" \/>\n\t<meta property=\"og:image:width\" content=\"1424\" \/>\n\t<meta property=\"og:image:height\" content=\"920\" \/>\n\t<meta property=\"og:image:type\" content=\"image\/jpeg\" \/>\n<meta name=\"author\" content=\"Juliano Passaro\" \/>\n<meta name=\"twitter:card\" content=\"summary_large_image\" \/>\n<meta name=\"twitter:creator\" content=\"@sunoresearch\" \/>\n<meta name=\"twitter:site\" content=\"@sunoresearch\" \/>\n<meta name=\"twitter:label1\" content=\"Escrito por\" \/>\n\t<meta name=\"twitter:data1\" content=\"Juliano Passaro\" \/>\n\t<meta name=\"twitter:label2\" content=\"Est. tempo de leitura\" \/>\n\t<meta name=\"twitter:data2\" content=\"4 minutos\" \/>\n<script type=\"application\/ld+json\" class=\"yoast-schema-graph\">{\"@context\":\"https:\/\/schema.org\",\"@graph\":[{\"@type\":\"NewsArticle\",\"@id\":\"https:\/\/www.suno.com.br\/noticias\/agenda-do-dia-petrobras-oi-irb-arezzo-iguatemi\/#article\",\"isPartOf\":{\"@id\":\"https:\/\/www.suno.com.br\/noticias\/agenda-do-dia-petrobras-oi-irb-arezzo-iguatemi\/\"},\"author\":{\"name\":\"Juliano Passaro\",\"@id\":\"https:\/\/www.suno.com.br\/noticias\/#\/schema\/person\/1db762f78ffd8919a648a63e425953e3\"},\"headline\":\"Agenda do Dia: Petrobras; Oi; IRB Brasil; Arezzo; Iguatemi; C&#038;A\",\"datePublished\":\"2020-05-28T11:42:16+00:00\",\"dateModified\":\"2021-06-14T03:27:20+00:00\",\"mainEntityOfPage\":{\"@id\":\"https:\/\/www.suno.com.br\/noticias\/agenda-do-dia-petrobras-oi-irb-arezzo-iguatemi\/\"},\"wordCount\":818,\"publisher\":{\"@id\":\"https:\/\/www.suno.com.br\/noticias\/#organization\"},\"image\":{\"@id\":\"https:\/\/www.suno.com.br\/noticias\/agenda-do-dia-petrobras-oi-irb-arezzo-iguatemi\/#primaryimage\"},\"thumbnailUrl\":\"https:\/\/files.sunoresearch.com.br\/n\/uploads\/2020\/03\/763e4ad5-petrobras-jpg.webp\",\"keywords\":[\"agenda do dia\",\"Arezzo (ARZZ3)\",\"IRB Brasil (IRBR3)\",\"Oi (OIBR3\/OIBR4)\",\"PETR3\",\"Petrobras (PETR4)\"],\"articleSection\":[\"Neg\u00f3cios\"],\"inLanguage\":\"pt-BR\"},{\"@type\":\"WebPage\",\"@id\":\"https:\/\/www.suno.com.br\/noticias\/agenda-do-dia-petrobras-oi-irb-arezzo-iguatemi\/\",\"url\":\"https:\/\/www.suno.com.br\/noticias\/agenda-do-dia-petrobras-oi-irb-arezzo-iguatemi\/\",\"name\":\"Agenda do Dia: Petrobras; Oi; IRB Brasil; Arezzo; Iguatemi; C&A\",\"isPartOf\":{\"@id\":\"https:\/\/www.suno.com.br\/noticias\/#website\"},\"primaryImageOfPage\":{\"@id\":\"https:\/\/www.suno.com.br\/noticias\/agenda-do-dia-petrobras-oi-irb-arezzo-iguatemi\/#primaryimage\"},\"image\":{\"@id\":\"https:\/\/www.suno.com.br\/noticias\/agenda-do-dia-petrobras-oi-irb-arezzo-iguatemi\/#primaryimage\"},\"thumbnailUrl\":\"https:\/\/files.sunoresearch.com.br\/n\/uploads\/2020\/03\/763e4ad5-petrobras-jpg.webp\",\"datePublished\":\"2020-05-28T11:42:16+00:00\",\"dateModified\":\"2021-06-14T03:27:20+00:00\",\"description\":\"Agenda do Dia: capta\u00e7\u00e3o da Petrobras; adiamento de resultados da Oi; indica\u00e7\u00e3o do conselho da IRB Brasil; Arezzo; Iguatemi; C&A. Saiba mais.\",\"breadcrumb\":{\"@id\":\"https:\/\/www.suno.com.br\/noticias\/agenda-do-dia-petrobras-oi-irb-arezzo-iguatemi\/#breadcrumb\"},\"inLanguage\":\"pt-BR\",\"potentialAction\":[{\"@type\":\"ReadAction\",\"target\":[\"https:\/\/www.suno.com.br\/noticias\/agenda-do-dia-petrobras-oi-irb-arezzo-iguatemi\/\"]}]},{\"@type\":\"ImageObject\",\"inLanguage\":\"pt-BR\",\"@id\":\"https:\/\/www.suno.com.br\/noticias\/agenda-do-dia-petrobras-oi-irb-arezzo-iguatemi\/#primaryimage\",\"url\":\"https:\/\/files.sunoresearch.com.br\/n\/uploads\/2020\/03\/763e4ad5-petrobras-jpg.webp\",\"contentUrl\":\"https:\/\/files.sunoresearch.com.br\/n\/uploads\/2020\/03\/763e4ad5-petrobras-jpg.webp\",\"width\":1424,\"height\":920,\"caption\":\"Petrobras divulga plano estrat\u00e9gico\"},{\"@type\":\"BreadcrumbList\",\"@id\":\"https:\/\/www.suno.com.br\/noticias\/agenda-do-dia-petrobras-oi-irb-arezzo-iguatemi\/#breadcrumb\",\"itemListElement\":[{\"@type\":\"ListItem\",\"position\":1,\"name\":\"Not\u00edcias\",\"item\":\"https:\/\/www.suno.com.br\/noticias\/\"},{\"@type\":\"ListItem\",\"position\":2,\"name\":\"Neg\u00f3cios\",\"item\":\"https:\/\/www.suno.com.br\/noticias\/negocios\/\"},{\"@type\":\"ListItem\",\"position\":3,\"name\":\"Agenda do Dia: Petrobras; Oi; IRB Brasil; Arezzo; Iguatemi; C&#038;A\"}]},{\"@type\":\"WebSite\",\"@id\":\"https:\/\/www.suno.com.br\/noticias\/#website\",\"url\":\"https:\/\/www.suno.com.br\/noticias\/\",\"name\":\"Suno Not\u00edcias\",\"description\":\"Seu portal de informa\u00e7\u00e3o sobre o mundo dos investimentos\",\"publisher\":{\"@id\":\"https:\/\/www.suno.com.br\/noticias\/#organization\"},\"potentialAction\":[{\"@type\":\"SearchAction\",\"target\":{\"@type\":\"EntryPoint\",\"urlTemplate\":\"https:\/\/www.suno.com.br\/noticias\/?s={search_term_string}\"},\"query-input\":{\"@type\":\"PropertyValueSpecification\",\"valueRequired\":true,\"valueName\":\"search_term_string\"}}],\"inLanguage\":\"pt-BR\"},{\"@type\":\"Organization\",\"@id\":\"https:\/\/www.suno.com.br\/noticias\/#organization\",\"name\":\"Suno Not\u00edcias\",\"url\":\"https:\/\/www.suno.com.br\/noticias\/\",\"logo\":{\"@type\":\"ImageObject\",\"inLanguage\":\"pt-BR\",\"@id\":\"https:\/\/www.suno.com.br\/noticias\/#\/schema\/logo\/image\/\",\"url\":\"https:\/\/files.sunoresearch.com.br\/n\/uploads\/2021\/09\/suno-logo.png\",\"contentUrl\":\"https:\/\/files.sunoresearch.com.br\/n\/uploads\/2021\/09\/suno-logo.png\",\"width\":180,\"height\":180,\"caption\":\"Suno Not\u00edcias\"},\"image\":{\"@id\":\"https:\/\/www.suno.com.br\/noticias\/#\/schema\/logo\/image\/\"},\"sameAs\":[\"https:\/\/facebook.com\/sunoresearch\",\"https:\/\/x.com\/sunoresearch\",\"https:\/\/www.instagram.com\/suno\",\"https:\/\/www.linkedin.com\/company\/suno-research\/\",\"https:\/\/www.youtube.com\/c\/sunoresearch\"]},{\"@type\":\"Person\",\"@id\":\"https:\/\/www.suno.com.br\/noticias\/#\/schema\/person\/1db762f78ffd8919a648a63e425953e3\",\"name\":\"Juliano Passaro\",\"image\":{\"@type\":\"ImageObject\",\"inLanguage\":\"pt-BR\",\"@id\":\"https:\/\/www.suno.com.br\/noticias\/#\/schema\/person\/image\/\",\"url\":\"https:\/\/secure.gravatar.com\/avatar\/743d4df28eebf6dcc46b4ad03c319e92?s=96&r=g\",\"contentUrl\":\"https:\/\/secure.gravatar.com\/avatar\/743d4df28eebf6dcc46b4ad03c319e92?s=96&r=g\",\"caption\":\"Juliano Passaro\"},\"description\":\"Juliano Passaro escreve sobre pol\u00edtica, economia e neg\u00f3cios para o portal da Suno Research. Antes da Suno, trabalhou no Portal da Band. \u00c9 formado em jornalismo pela Universidade Presbiteriana Mackenzie.\",\"url\":\"https:\/\/www.suno.com.br\/noticias\/author\/juliano\/\"}]}<\/script>\n<!-- \/ Yoast SEO plugin. -->","yoast_head_json":{"title":"Agenda do Dia: Petrobras; Oi; IRB Brasil; Arezzo; Iguatemi; C&A","description":"Agenda do Dia: capta\u00e7\u00e3o da Petrobras; adiamento de resultados da Oi; indica\u00e7\u00e3o do conselho da IRB Brasil; Arezzo; Iguatemi; C&A. Saiba mais.","robots":{"index":"index","follow":"follow","max-snippet":"max-snippet:-1","max-image-preview":"max-image-preview:large","max-video-preview":"max-video-preview:-1"},"canonical":"https:\/\/www.suno.com.br\/noticias\/agenda-do-dia-petrobras-oi-irb-arezzo-iguatemi\/","og_locale":"pt_BR","og_type":"article","og_title":"Agenda do Dia: Petrobras; Oi; IRB Brasil; Arezzo; Iguatemi; C&A","og_description":"Agenda do Dia: capta\u00e7\u00e3o da Petrobras; adiamento de resultados da Oi; indica\u00e7\u00e3o do conselho da IRB Brasil; Arezzo; Iguatemi; C&A. Saiba mais.","og_url":"https:\/\/www.suno.com.br\/noticias\/agenda-do-dia-petrobras-oi-irb-arezzo-iguatemi\/","og_site_name":"Suno Not\u00edcias","article_publisher":"https:\/\/facebook.com\/sunoresearch","og_image":[{"width":1424,"height":920,"url":"https:\/\/files.sunoresearch.com.br\/n\/uploads\/2020\/03\/763e4ad5-petrobras.jpg","type":"image\/jpeg"}],"author":"Juliano Passaro","twitter_card":"summary_large_image","twitter_creator":"@sunoresearch","twitter_site":"@sunoresearch","twitter_misc":{"Escrito por":"Juliano Passaro","Est. tempo de leitura":"4 minutos"},"schema":{"@context":"https:\/\/schema.org","@graph":[{"@type":"NewsArticle","@id":"https:\/\/www.suno.com.br\/noticias\/agenda-do-dia-petrobras-oi-irb-arezzo-iguatemi\/#article","isPartOf":{"@id":"https:\/\/www.suno.com.br\/noticias\/agenda-do-dia-petrobras-oi-irb-arezzo-iguatemi\/"},"author":{"name":"Juliano Passaro","@id":"https:\/\/www.suno.com.br\/noticias\/#\/schema\/person\/1db762f78ffd8919a648a63e425953e3"},"headline":"Agenda do Dia: Petrobras; Oi; IRB Brasil; Arezzo; Iguatemi; C&#038;A","datePublished":"2020-05-28T11:42:16+00:00","dateModified":"2021-06-14T03:27:20+00:00","mainEntityOfPage":{"@id":"https:\/\/www.suno.com.br\/noticias\/agenda-do-dia-petrobras-oi-irb-arezzo-iguatemi\/"},"wordCount":818,"publisher":{"@id":"https:\/\/www.suno.com.br\/noticias\/#organization"},"image":{"@id":"https:\/\/www.suno.com.br\/noticias\/agenda-do-dia-petrobras-oi-irb-arezzo-iguatemi\/#primaryimage"},"thumbnailUrl":"https:\/\/files.sunoresearch.com.br\/n\/uploads\/2020\/03\/763e4ad5-petrobras-jpg.webp","keywords":["agenda do dia","Arezzo (ARZZ3)","IRB Brasil (IRBR3)","Oi (OIBR3\/OIBR4)","PETR3","Petrobras (PETR4)"],"articleSection":["Neg\u00f3cios"],"inLanguage":"pt-BR"},{"@type":"WebPage","@id":"https:\/\/www.suno.com.br\/noticias\/agenda-do-dia-petrobras-oi-irb-arezzo-iguatemi\/","url":"https:\/\/www.suno.com.br\/noticias\/agenda-do-dia-petrobras-oi-irb-arezzo-iguatemi\/","name":"Agenda do Dia: Petrobras; Oi; IRB Brasil; Arezzo; Iguatemi; C&A","isPartOf":{"@id":"https:\/\/www.suno.com.br\/noticias\/#website"},"primaryImageOfPage":{"@id":"https:\/\/www.suno.com.br\/noticias\/agenda-do-dia-petrobras-oi-irb-arezzo-iguatemi\/#primaryimage"},"image":{"@id":"https:\/\/www.suno.com.br\/noticias\/agenda-do-dia-petrobras-oi-irb-arezzo-iguatemi\/#primaryimage"},"thumbnailUrl":"https:\/\/files.sunoresearch.com.br\/n\/uploads\/2020\/03\/763e4ad5-petrobras-jpg.webp","datePublished":"2020-05-28T11:42:16+00:00","dateModified":"2021-06-14T03:27:20+00:00","description":"Agenda do Dia: capta\u00e7\u00e3o da Petrobras; adiamento de resultados da Oi; indica\u00e7\u00e3o do conselho da IRB Brasil; Arezzo; Iguatemi; C&A. Saiba mais.","breadcrumb":{"@id":"https:\/\/www.suno.com.br\/noticias\/agenda-do-dia-petrobras-oi-irb-arezzo-iguatemi\/#breadcrumb"},"inLanguage":"pt-BR","potentialAction":[{"@type":"ReadAction","target":["https:\/\/www.suno.com.br\/noticias\/agenda-do-dia-petrobras-oi-irb-arezzo-iguatemi\/"]}]},{"@type":"ImageObject","inLanguage":"pt-BR","@id":"https:\/\/www.suno.com.br\/noticias\/agenda-do-dia-petrobras-oi-irb-arezzo-iguatemi\/#primaryimage","url":"https:\/\/files.sunoresearch.com.br\/n\/uploads\/2020\/03\/763e4ad5-petrobras-jpg.webp","contentUrl":"https:\/\/files.sunoresearch.com.br\/n\/uploads\/2020\/03\/763e4ad5-petrobras-jpg.webp","width":1424,"height":920,"caption":"Petrobras divulga plano estrat\u00e9gico"},{"@type":"BreadcrumbList","@id":"https:\/\/www.suno.com.br\/noticias\/agenda-do-dia-petrobras-oi-irb-arezzo-iguatemi\/#breadcrumb","itemListElement":[{"@type":"ListItem","position":1,"name":"Not\u00edcias","item":"https:\/\/www.suno.com.br\/noticias\/"},{"@type":"ListItem","position":2,"name":"Neg\u00f3cios","item":"https:\/\/www.suno.com.br\/noticias\/negocios\/"},{"@type":"ListItem","position":3,"name":"Agenda do Dia: Petrobras; Oi; IRB Brasil; Arezzo; Iguatemi; C&#038;A"}]},{"@type":"WebSite","@id":"https:\/\/www.suno.com.br\/noticias\/#website","url":"https:\/\/www.suno.com.br\/noticias\/","name":"Suno Not\u00edcias","description":"Seu portal de informa\u00e7\u00e3o sobre o mundo dos investimentos","publisher":{"@id":"https:\/\/www.suno.com.br\/noticias\/#organization"},"potentialAction":[{"@type":"SearchAction","target":{"@type":"EntryPoint","urlTemplate":"https:\/\/www.suno.com.br\/noticias\/?s={search_term_string}"},"query-input":{"@type":"PropertyValueSpecification","valueRequired":true,"valueName":"search_term_string"}}],"inLanguage":"pt-BR"},{"@type":"Organization","@id":"https:\/\/www.suno.com.br\/noticias\/#organization","name":"Suno Not\u00edcias","url":"https:\/\/www.suno.com.br\/noticias\/","logo":{"@type":"ImageObject","inLanguage":"pt-BR","@id":"https:\/\/www.suno.com.br\/noticias\/#\/schema\/logo\/image\/","url":"https:\/\/files.sunoresearch.com.br\/n\/uploads\/2021\/09\/suno-logo.png","contentUrl":"https:\/\/files.sunoresearch.com.br\/n\/uploads\/2021\/09\/suno-logo.png","width":180,"height":180,"caption":"Suno Not\u00edcias"},"image":{"@id":"https:\/\/www.suno.com.br\/noticias\/#\/schema\/logo\/image\/"},"sameAs":["https:\/\/facebook.com\/sunoresearch","https:\/\/x.com\/sunoresearch","https:\/\/www.instagram.com\/suno","https:\/\/www.linkedin.com\/company\/suno-research\/","https:\/\/www.youtube.com\/c\/sunoresearch"]},{"@type":"Person","@id":"https:\/\/www.suno.com.br\/noticias\/#\/schema\/person\/1db762f78ffd8919a648a63e425953e3","name":"Juliano Passaro","image":{"@type":"ImageObject","inLanguage":"pt-BR","@id":"https:\/\/www.suno.com.br\/noticias\/#\/schema\/person\/image\/","url":"https:\/\/secure.gravatar.com\/avatar\/743d4df28eebf6dcc46b4ad03c319e92?s=96&r=g","contentUrl":"https:\/\/secure.gravatar.com\/avatar\/743d4df28eebf6dcc46b4ad03c319e92?s=96&r=g","caption":"Juliano Passaro"},"description":"Juliano Passaro escreve sobre pol\u00edtica, economia e neg\u00f3cios para o portal da Suno Research. Antes da Suno, trabalhou no Portal da Band. \u00c9 formado em jornalismo pela Universidade Presbiteriana Mackenzie.","url":"https:\/\/www.suno.com.br\/noticias\/author\/juliano\/"}]}},"default_loop_html":"<div class=\"cardsPage__listCard__boxs\"><div class=\"cardsPage__listCard__boxs__img\"><a href=\"https:\/\/www.suno.com.br\/noticias\/agenda-do-dia-petrobras-oi-irb-arezzo-iguatemi\/\"><img class=\"mask\" src=\"https:\/\/www.suno.com.br\/noticias\/wp-content\/themes\/suno\/resources\/images\/spotlight\/spotlight1img\/bg-mask.png\" alt=\"Image Mask\"\/><img src=\"https:\/\/files.sunoresearch.com.br\/n\/uploads\/2020\/03\/763e4ad5-petrobras-400x200.webp\" alt=\"Agenda do Dia: Petrobras; Oi; IRB Brasil; Arezzo; Iguatemi; C&#038;A\"\/><\/a><span class=\"spotlightCategory\"><a href=\"https:\/\/www.suno.com.br\/noticias\/negocios\/\">Neg\u00f3cios<\/a><\/span><\/div><div class=\"cardsPage__listCard__boxs__content\"><a href=\"https:\/\/www.suno.com.br\/noticias\/agenda-do-dia-petrobras-oi-irb-arezzo-iguatemi\/\"><h2 class=\"content__title\">Agenda do Dia: Petrobras; Oi; IRB Brasil; Arezzo; Iguatemi; C&#038;A<\/h2><\/a><div class=\"newsContent__article__meta\"><div class=\"newsContent__article__meta__authorBox\"><a href=\"https:\/\/www.suno.com.br\/noticias\/author\/juliano\/\" class=\"authorBox__avatar noMobi\"><img src=\"https:\/\/files.sunoresearch.com.br\/n\/uploads\/2019\/06\/7cc3efea-whatsapp-image-2019-07-18-at-21.59.33-e1563499821209-150x150.webp\" alt=\"Juliano Passaro\"><\/a><div class=\"authorBox__name\"><span>por\n\t\t\t<a href=\"https:\/\/www.suno.com.br\/noticias\/author\/juliano\/\"><span itemprop=\"author\">Juliano Passaro<\/span><\/a><\/span><time datetime=\"2020-05-28T08:42:16-03:00\" itemprop=\"datePublished\">28\/05\/2020 08:42<\/time><\/div><\/div><\/div><\/div><\/div>","single_layout":"posts","amp_enabled":true,"_links":{"self":[{"href":"https:\/\/www.suno.com.br\/noticias\/wp-json\/wp\/v2\/posts\/66467"}],"collection":[{"href":"https:\/\/www.suno.com.br\/noticias\/wp-json\/wp\/v2\/posts"}],"about":[{"href":"https:\/\/www.suno.com.br\/noticias\/wp-json\/wp\/v2\/types\/post"}],"author":[{"embeddable":true,"href":"https:\/\/www.suno.com.br\/noticias\/wp-json\/wp\/v2\/users\/19"}],"replies":[{"embeddable":true,"href":"https:\/\/www.suno.com.br\/noticias\/wp-json\/wp\/v2\/comments?post=66467"}],"version-history":[{"count":1,"href":"https:\/\/www.suno.com.br\/noticias\/wp-json\/wp\/v2\/posts\/66467\/revisions"}],"predecessor-version":[{"id":157588,"href":"https:\/\/www.suno.com.br\/noticias\/wp-json\/wp\/v2\/posts\/66467\/revisions\/157588"}],"wp:featuredmedia":[{"embeddable":true,"href":"https:\/\/www.suno.com.br\/noticias\/wp-json\/wp\/v2\/media\/56715"}],"wp:attachment":[{"href":"https:\/\/www.suno.com.br\/noticias\/wp-json\/wp\/v2\/media?parent=66467"}],"wp:term":[{"taxonomy":"category","embeddable":true,"href":"https:\/\/www.suno.com.br\/noticias\/wp-json\/wp\/v2\/categories?post=66467"},{"taxonomy":"post_tag","embeddable":true,"href":"https:\/\/www.suno.com.br\/noticias\/wp-json\/wp\/v2\/tags?post=66467"},{"taxonomy":"suno_strategy","embeddable":true,"href":"https:\/\/www.suno.com.br\/noticias\/wp-json\/wp\/v2\/suno_strategy?post=66467"}],"curies":[{"name":"wp","href":"https:\/\/api.w.org\/{rel}","templated":true}]}}