{"id":66448,"date":"2020-05-27T21:44:16","date_gmt":"2020-05-28T00:44:16","guid":{"rendered":"https:\/\/www.suno.com.br\/noticias\/?p=66448"},"modified":"2020-05-27T21:44:16","modified_gmt":"2020-05-28T00:44:16","slug":"senado-aprova-mp-salario-minimo","status":"publish","type":"post","link":"https:\/\/www.suno.com.br\/noticias\/senado-aprova-mp-salario-minimo\/","title":{"rendered":"Senado aprova MP que estabelece sal\u00e1rio m\u00ednimo em R$ 1.045"},"content":{"rendered":"<p>O Senado Federal aprovou nesta quarta-feira a Medida Provis\u00f3ria (MP) 919\/2020 que estabelece o <strong><a href=\"https:\/\/www.suno.com.br\/artigos\/salario-minimo\/\">sal\u00e1rio m\u00ednimo<\/a><\/strong> na casa dos R$ 1.045.<\/p>\t<div class=\"wrapper-featured-image\">\n\t\t<figure class=\"spotlightImg\">\n\n\t\t\t<picture>\n\t\t\t\t<source media=\"(max-width: 768px)\" srcset=\"https:\/\/files.sunoresearch.com.br\/n\/uploads\/2020\/05\/8453fd87-senado-400x200.webp\">\n\t\t\t\t<img loading=\"lazy\" decoding=\"async\" class=\"newsContent__article__imgCapa lazyloadDisabled newsContent__article__imgCapa--noCaption\" src=\"https:\/\/files.sunoresearch.com.br\/n\/uploads\/2020\/05\/8453fd87-senado-800x450.webp\" width=\"800\" height=\"450\" alt=\"Senado aprova MP que estabelece sal\u00e1rio m\u00ednimo em R$ 1.045\" fetchpriority=high \/>\n\t\t\t<\/picture>\n\n\t\t\t<figcaption class=\"wp-caption-text wp-caption-text--hide\">Senado aprova MP que permite corte de jornada e suspens\u00e3o de contrato<\/figcaption>\n\t\t<\/figure>\n\t<\/div>\n\n\n\n<p>A medida foi editada no m\u00eas de fevereiro e foi votada na \u00faltima ter\u00e7a-feira (26) pela C\u00e2mara dos Deputados. O MP para o aumento do sal\u00e1rio m\u00ednimo perderia a validade na pr\u00f3xima segunda-feira (1), se n\u00e3o fosse votado pelo Senado. O texto segue agora para a san\u00e7\u00e3o do presidente da Rep\u00fablica, Jair Bolsonaro.<\/p>\n<p><iframe loading=\"lazy\" title=\"?Resultados do Caged, demiss\u00f5es na Boeing, Vale (VALE4) apresenta garantias por Brumadinho\" width=\"1080\" height=\"608\" src=\"https:\/\/www.youtube.com\/embed\/cfvEhFBT9F8?feature=oembed\" frameborder=\"0\" allow=\"accelerometer; autoplay; encrypted-media; gyroscope; picture-in-picture\" allowfullscreen><\/iframe><\/p>\n<p>O valor definido para a medida foi um reajuste dos R$ 1.039 fixados no final do ano anterior. A mudan\u00e7a seguiu a varia\u00e7\u00e3o do <a href=\"https:\/\/www.suno.com.br\/artigos\/inpc\/\">\u00cdndice Nacional de Pre\u00e7os ao Consumidor <strong>(INPC)<\/strong><\/a><strong>.<\/strong><\/p>\n<p><a href=\"https:\/\/lp.suno.com.br\/suno-one\/\">Suno One: o primeiro passo para alcan\u00e7ar a sua independ\u00eancia financeira. Acesse agora, \u00e9 gratuito!<\/a><\/p>\n<p>A vota\u00e7\u00e3o, que apresentou 72 votos favor\u00e1veis, foi definida no in\u00edcio da sess\u00e3o e recebeu cr\u00edticas de alguns senadores. Os parlamentares, entre eles o l\u00edder da Rede, Randolfe Rodrigues (AP), afirmaram que houve tempo suficiente para estudar a medida.<\/p>\n<p>O relator da medida, senador Paulo Paim (PT-RS), recusou as emendas apresentadas para alterar o texto. Foram encaminhadas ao todo 44 emendas ao projeto, todas foram rejeitadas. O parlamentar ainda salientou que a necessidade de retomar uma pol\u00edtica de valoriza\u00e7\u00e3o do sal\u00e1rio m\u00ednimo <a href=\"https:\/\/www.suno.com.br\/artigos\/inflacao\/\">acima da infla\u00e7\u00e3o<\/a>.<\/p>\n<p>&#8220;Presentes as limita\u00e7\u00f5es or\u00e7ament\u00e1rias e fiscais, e o impedimento a este relator de propor emendas que aumentem a despesa prevista, cumpre-nos destacar a necessidade de que o chefe do Poder Executivo, t\u00e3o logo o permita as condi\u00e7\u00f5es econ\u00f4micas e fiscais do pa\u00eds, retome o processo, ora interrompido, no sentido de que o sal\u00e1rio m\u00ednimo possa ser valorizado&#8221;, pediu o relator em seu texto, destacou o senador.<\/p>\n<h2>Bolsonaro anuncia novo sal\u00e1rio m\u00ednimo<\/h2>\n<p>O presidente anunciou em janeiro deste ano o novo valor do sal\u00e1rio m\u00ednimo, com o intuito de recuperar as perdas da infla\u00e7\u00e3o obtidas no ano anterior. Dessa maneira, Bolsonaro revogou a medida de dezembro de 2019, que revisava o m\u00ednimo de R$ 998 para R$ 1.039.<\/p>\n<p><a href=\"https:\/\/www.suno.com.br\/noticias\/salario-minimo-sobe-1045-a-partir-fevereiro\/\">Saiba mais: Sal\u00e1rio m\u00ednimo sobe para R$ 1.045 a partir de fevereiro, diz Bolsonaro<\/a><\/p>\n<p>O montante de R$ 1.039 estabelecido ao final do ano passado correspondia um reajuste de 3,86%. O n\u00famero fica abaixo da infla\u00e7\u00e3o oficial, de 4,48%, medida pelo INPC.<\/p>\n<p>Al\u00e9m disso, estima-se que o impacto fiscal do aumento do valor ser\u00e1 de R$ 2,13 bilh\u00f5es, em fun\u00e7\u00e3o do pagamento de benef\u00edcios previdenci\u00e1rios e assist\u00eancias vinculados ao <strong>sal\u00e1rio m\u00ednimo<\/strong>.<\/p>\n\n","protected":false},"excerpt":{"rendered":"<p>O Senado Federal aprovou nesta quarta-feira a Medida Provis\u00f3ria (MP) 919\/2020 que estabelece o sal\u00e1rio m\u00ednimo na casa dos R$ 1.045. Senado aprova MP que permite corte de jornada e suspens\u00e3o de contrato A medida foi editada no m\u00eas de fevereiro e foi votada na \u00faltima ter\u00e7a-feira (26) pela C\u00e2mara dos Deputados. O MP para [&hellip;]<\/p>\n","protected":false},"author":35,"featured_media":66454,"comment_status":"closed","ping_status":"closed","sticky":false,"template":"","format":"standard","meta":[],"categories":[62],"tags":[850,1836,1824],"suno_strategy":[],"class_list":["post-66448","post","type-post","status-publish","format-standard","has-post-thumbnail","hentry","category-economia","tag-inflacao","tag-medida-provisoria","tag-salario-minimo"],"yoast_head":"<!-- This site is optimized with the Yoast SEO plugin v24.4 - https:\/\/yoast.com\/wordpress\/plugins\/seo\/ -->\n<title>Senado aprova MP que estabelece sal\u00e1rio m\u00ednimo em R$ 1.045<\/title>\n<meta name=\"description\" content=\"O Senado aprovou nesta quarta-feira a MP 919\/2020 que estabelece o sal\u00e1rio m\u00ednimo na casa dos R$ 1.045. Clique para saber mais\" \/>\n<meta name=\"robots\" content=\"index, follow, max-snippet:-1, max-image-preview:large, max-video-preview:-1\" \/>\n<link rel=\"canonical\" href=\"https:\/\/www.suno.com.br\/noticias\/senado-aprova-mp-salario-minimo\/\" \/>\n<meta property=\"og:locale\" content=\"pt_BR\" \/>\n<meta property=\"og:type\" content=\"article\" \/>\n<meta property=\"og:title\" content=\"Senado aprova MP que estabelece sal\u00e1rio m\u00ednimo em R$ 1.045\" \/>\n<meta property=\"og:description\" content=\"O Senado aprovou nesta quarta-feira a MP 919\/2020 que estabelece o sal\u00e1rio m\u00ednimo na casa dos R$ 1.045. Clique para saber mais\" \/>\n<meta property=\"og:url\" content=\"https:\/\/www.suno.com.br\/noticias\/senado-aprova-mp-salario-minimo\/\" \/>\n<meta property=\"og:site_name\" content=\"Suno Not\u00edcias\" \/>\n<meta property=\"article:publisher\" content=\"https:\/\/facebook.com\/sunoresearch\" \/>\n<meta property=\"og:image\" content=\"https:\/\/files.sunoresearch.com.br\/n\/uploads\/2020\/05\/8453fd87-senado.jpg\" \/>\n\t<meta property=\"og:image:width\" content=\"1024\" \/>\n\t<meta property=\"og:image:height\" content=\"683\" \/>\n\t<meta property=\"og:image:type\" content=\"image\/jpeg\" \/>\n<meta name=\"author\" content=\"Arthur Guimar\u00e3es\" \/>\n<meta name=\"twitter:card\" content=\"summary_large_image\" \/>\n<meta name=\"twitter:creator\" content=\"@sunoresearch\" \/>\n<meta name=\"twitter:site\" content=\"@sunoresearch\" \/>\n<meta name=\"twitter:label1\" content=\"Escrito por\" \/>\n\t<meta name=\"twitter:data1\" content=\"Arthur Guimar\u00e3es\" \/>\n\t<meta name=\"twitter:label2\" content=\"Est. tempo de leitura\" \/>\n\t<meta name=\"twitter:data2\" content=\"2 minutos\" \/>\n<script type=\"application\/ld+json\" class=\"yoast-schema-graph\">{\"@context\":\"https:\/\/schema.org\",\"@graph\":[{\"@type\":\"NewsArticle\",\"@id\":\"https:\/\/www.suno.com.br\/noticias\/senado-aprova-mp-salario-minimo\/#article\",\"isPartOf\":{\"@id\":\"https:\/\/www.suno.com.br\/noticias\/senado-aprova-mp-salario-minimo\/\"},\"author\":{\"name\":\"Arthur Guimar\u00e3es\",\"@id\":\"https:\/\/www.suno.com.br\/noticias\/#\/schema\/person\/053a750a709a263919a20f976caae91c\"},\"headline\":\"Senado aprova MP que estabelece sal\u00e1rio m\u00ednimo em R$ 1.045\",\"datePublished\":\"2020-05-28T00:44:16+00:00\",\"mainEntityOfPage\":{\"@id\":\"https:\/\/www.suno.com.br\/noticias\/senado-aprova-mp-salario-minimo\/\"},\"wordCount\":461,\"publisher\":{\"@id\":\"https:\/\/www.suno.com.br\/noticias\/#organization\"},\"image\":{\"@id\":\"https:\/\/www.suno.com.br\/noticias\/senado-aprova-mp-salario-minimo\/#primaryimage\"},\"thumbnailUrl\":\"https:\/\/files.sunoresearch.com.br\/n\/uploads\/2020\/05\/8453fd87-senado-jpg.webp\",\"keywords\":[\"infla\u00e7\u00e3o\",\"medida provis\u00f3ria\",\"sal\u00e1rio m\u00ednimo\"],\"articleSection\":[\"Economia\"],\"inLanguage\":\"pt-BR\"},{\"@type\":\"WebPage\",\"@id\":\"https:\/\/www.suno.com.br\/noticias\/senado-aprova-mp-salario-minimo\/\",\"url\":\"https:\/\/www.suno.com.br\/noticias\/senado-aprova-mp-salario-minimo\/\",\"name\":\"Senado aprova MP que estabelece sal\u00e1rio m\u00ednimo em R$ 1.045\",\"isPartOf\":{\"@id\":\"https:\/\/www.suno.com.br\/noticias\/#website\"},\"primaryImageOfPage\":{\"@id\":\"https:\/\/www.suno.com.br\/noticias\/senado-aprova-mp-salario-minimo\/#primaryimage\"},\"image\":{\"@id\":\"https:\/\/www.suno.com.br\/noticias\/senado-aprova-mp-salario-minimo\/#primaryimage\"},\"thumbnailUrl\":\"https:\/\/files.sunoresearch.com.br\/n\/uploads\/2020\/05\/8453fd87-senado-jpg.webp\",\"datePublished\":\"2020-05-28T00:44:16+00:00\",\"description\":\"O Senado aprovou nesta quarta-feira a MP 919\/2020 que estabelece o sal\u00e1rio m\u00ednimo na casa dos R$ 1.045. Clique para saber mais\",\"breadcrumb\":{\"@id\":\"https:\/\/www.suno.com.br\/noticias\/senado-aprova-mp-salario-minimo\/#breadcrumb\"},\"inLanguage\":\"pt-BR\",\"potentialAction\":[{\"@type\":\"ReadAction\",\"target\":[\"https:\/\/www.suno.com.br\/noticias\/senado-aprova-mp-salario-minimo\/\"]}]},{\"@type\":\"ImageObject\",\"inLanguage\":\"pt-BR\",\"@id\":\"https:\/\/www.suno.com.br\/noticias\/senado-aprova-mp-salario-minimo\/#primaryimage\",\"url\":\"https:\/\/files.sunoresearch.com.br\/n\/uploads\/2020\/05\/8453fd87-senado-jpg.webp\",\"contentUrl\":\"https:\/\/files.sunoresearch.com.br\/n\/uploads\/2020\/05\/8453fd87-senado-jpg.webp\",\"width\":1024,\"height\":683,\"caption\":\"Senado aprova MP que permite corte de jornada e suspens\u00e3o de contrato\"},{\"@type\":\"BreadcrumbList\",\"@id\":\"https:\/\/www.suno.com.br\/noticias\/senado-aprova-mp-salario-minimo\/#breadcrumb\",\"itemListElement\":[{\"@type\":\"ListItem\",\"position\":1,\"name\":\"Not\u00edcias\",\"item\":\"https:\/\/www.suno.com.br\/noticias\/\"},{\"@type\":\"ListItem\",\"position\":2,\"name\":\"Economia\",\"item\":\"https:\/\/www.suno.com.br\/noticias\/economia\/\"},{\"@type\":\"ListItem\",\"position\":3,\"name\":\"Senado aprova MP que estabelece sal\u00e1rio m\u00ednimo em R$ 1.045\"}]},{\"@type\":\"WebSite\",\"@id\":\"https:\/\/www.suno.com.br\/noticias\/#website\",\"url\":\"https:\/\/www.suno.com.br\/noticias\/\",\"name\":\"Suno Not\u00edcias\",\"description\":\"Seu portal de informa\u00e7\u00e3o sobre o mundo dos investimentos\",\"publisher\":{\"@id\":\"https:\/\/www.suno.com.br\/noticias\/#organization\"},\"potentialAction\":[{\"@type\":\"SearchAction\",\"target\":{\"@type\":\"EntryPoint\",\"urlTemplate\":\"https:\/\/www.suno.com.br\/noticias\/?s={search_term_string}\"},\"query-input\":{\"@type\":\"PropertyValueSpecification\",\"valueRequired\":true,\"valueName\":\"search_term_string\"}}],\"inLanguage\":\"pt-BR\"},{\"@type\":\"Organization\",\"@id\":\"https:\/\/www.suno.com.br\/noticias\/#organization\",\"name\":\"Suno Not\u00edcias\",\"url\":\"https:\/\/www.suno.com.br\/noticias\/\",\"logo\":{\"@type\":\"ImageObject\",\"inLanguage\":\"pt-BR\",\"@id\":\"https:\/\/www.suno.com.br\/noticias\/#\/schema\/logo\/image\/\",\"url\":\"https:\/\/files.sunoresearch.com.br\/n\/uploads\/2021\/09\/suno-logo.png\",\"contentUrl\":\"https:\/\/files.sunoresearch.com.br\/n\/uploads\/2021\/09\/suno-logo.png\",\"width\":180,\"height\":180,\"caption\":\"Suno Not\u00edcias\"},\"image\":{\"@id\":\"https:\/\/www.suno.com.br\/noticias\/#\/schema\/logo\/image\/\"},\"sameAs\":[\"https:\/\/facebook.com\/sunoresearch\",\"https:\/\/x.com\/sunoresearch\",\"https:\/\/www.instagram.com\/suno\",\"https:\/\/www.linkedin.com\/company\/suno-research\/\",\"https:\/\/www.youtube.com\/c\/sunoresearch\"]},{\"@type\":\"Person\",\"@id\":\"https:\/\/www.suno.com.br\/noticias\/#\/schema\/person\/053a750a709a263919a20f976caae91c\",\"name\":\"Arthur Guimar\u00e3es\",\"image\":{\"@type\":\"ImageObject\",\"inLanguage\":\"pt-BR\",\"@id\":\"https:\/\/www.suno.com.br\/noticias\/#\/schema\/person\/image\/\",\"url\":\"https:\/\/secure.gravatar.com\/avatar\/1affd86a11209ae09eb6dd3bcad3e96c?s=96&r=g\",\"contentUrl\":\"https:\/\/secure.gravatar.com\/avatar\/1affd86a11209ae09eb6dd3bcad3e96c?s=96&r=g\",\"caption\":\"Arthur Guimar\u00e3es\"},\"description\":\"Arthur Guimar\u00e3es escreve sobre pol\u00edtica, economia e neg\u00f3cios para o portal de not\u00edcias da Suno Research. Atualmente, \u00e9 estudante de jornalismo pela Faculdade C\u00e1sper L\u00edbero.\",\"url\":\"https:\/\/www.suno.com.br\/noticias\/author\/arthur-guimaraes\/\"}]}<\/script>\n<!-- \/ Yoast SEO plugin. -->","yoast_head_json":{"title":"Senado aprova MP que estabelece sal\u00e1rio m\u00ednimo em R$ 1.045","description":"O Senado aprovou nesta quarta-feira a MP 919\/2020 que estabelece o sal\u00e1rio m\u00ednimo na casa dos R$ 1.045. Clique para saber mais","robots":{"index":"index","follow":"follow","max-snippet":"max-snippet:-1","max-image-preview":"max-image-preview:large","max-video-preview":"max-video-preview:-1"},"canonical":"https:\/\/www.suno.com.br\/noticias\/senado-aprova-mp-salario-minimo\/","og_locale":"pt_BR","og_type":"article","og_title":"Senado aprova MP que estabelece sal\u00e1rio m\u00ednimo em R$ 1.045","og_description":"O Senado aprovou nesta quarta-feira a MP 919\/2020 que estabelece o sal\u00e1rio m\u00ednimo na casa dos R$ 1.045. Clique para saber mais","og_url":"https:\/\/www.suno.com.br\/noticias\/senado-aprova-mp-salario-minimo\/","og_site_name":"Suno Not\u00edcias","article_publisher":"https:\/\/facebook.com\/sunoresearch","og_image":[{"width":1024,"height":683,"url":"https:\/\/files.sunoresearch.com.br\/n\/uploads\/2020\/05\/8453fd87-senado.jpg","type":"image\/jpeg"}],"author":"Arthur Guimar\u00e3es","twitter_card":"summary_large_image","twitter_creator":"@sunoresearch","twitter_site":"@sunoresearch","twitter_misc":{"Escrito por":"Arthur Guimar\u00e3es","Est. tempo de leitura":"2 minutos"},"schema":{"@context":"https:\/\/schema.org","@graph":[{"@type":"NewsArticle","@id":"https:\/\/www.suno.com.br\/noticias\/senado-aprova-mp-salario-minimo\/#article","isPartOf":{"@id":"https:\/\/www.suno.com.br\/noticias\/senado-aprova-mp-salario-minimo\/"},"author":{"name":"Arthur Guimar\u00e3es","@id":"https:\/\/www.suno.com.br\/noticias\/#\/schema\/person\/053a750a709a263919a20f976caae91c"},"headline":"Senado aprova MP que estabelece sal\u00e1rio m\u00ednimo em R$ 1.045","datePublished":"2020-05-28T00:44:16+00:00","mainEntityOfPage":{"@id":"https:\/\/www.suno.com.br\/noticias\/senado-aprova-mp-salario-minimo\/"},"wordCount":461,"publisher":{"@id":"https:\/\/www.suno.com.br\/noticias\/#organization"},"image":{"@id":"https:\/\/www.suno.com.br\/noticias\/senado-aprova-mp-salario-minimo\/#primaryimage"},"thumbnailUrl":"https:\/\/files.sunoresearch.com.br\/n\/uploads\/2020\/05\/8453fd87-senado-jpg.webp","keywords":["infla\u00e7\u00e3o","medida provis\u00f3ria","sal\u00e1rio m\u00ednimo"],"articleSection":["Economia"],"inLanguage":"pt-BR"},{"@type":"WebPage","@id":"https:\/\/www.suno.com.br\/noticias\/senado-aprova-mp-salario-minimo\/","url":"https:\/\/www.suno.com.br\/noticias\/senado-aprova-mp-salario-minimo\/","name":"Senado aprova MP que estabelece sal\u00e1rio m\u00ednimo em R$ 1.045","isPartOf":{"@id":"https:\/\/www.suno.com.br\/noticias\/#website"},"primaryImageOfPage":{"@id":"https:\/\/www.suno.com.br\/noticias\/senado-aprova-mp-salario-minimo\/#primaryimage"},"image":{"@id":"https:\/\/www.suno.com.br\/noticias\/senado-aprova-mp-salario-minimo\/#primaryimage"},"thumbnailUrl":"https:\/\/files.sunoresearch.com.br\/n\/uploads\/2020\/05\/8453fd87-senado-jpg.webp","datePublished":"2020-05-28T00:44:16+00:00","description":"O Senado aprovou nesta quarta-feira a MP 919\/2020 que estabelece o sal\u00e1rio m\u00ednimo na casa dos R$ 1.045. Clique para saber mais","breadcrumb":{"@id":"https:\/\/www.suno.com.br\/noticias\/senado-aprova-mp-salario-minimo\/#breadcrumb"},"inLanguage":"pt-BR","potentialAction":[{"@type":"ReadAction","target":["https:\/\/www.suno.com.br\/noticias\/senado-aprova-mp-salario-minimo\/"]}]},{"@type":"ImageObject","inLanguage":"pt-BR","@id":"https:\/\/www.suno.com.br\/noticias\/senado-aprova-mp-salario-minimo\/#primaryimage","url":"https:\/\/files.sunoresearch.com.br\/n\/uploads\/2020\/05\/8453fd87-senado-jpg.webp","contentUrl":"https:\/\/files.sunoresearch.com.br\/n\/uploads\/2020\/05\/8453fd87-senado-jpg.webp","width":1024,"height":683,"caption":"Senado aprova MP que permite corte de jornada e suspens\u00e3o de contrato"},{"@type":"BreadcrumbList","@id":"https:\/\/www.suno.com.br\/noticias\/senado-aprova-mp-salario-minimo\/#breadcrumb","itemListElement":[{"@type":"ListItem","position":1,"name":"Not\u00edcias","item":"https:\/\/www.suno.com.br\/noticias\/"},{"@type":"ListItem","position":2,"name":"Economia","item":"https:\/\/www.suno.com.br\/noticias\/economia\/"},{"@type":"ListItem","position":3,"name":"Senado aprova MP que estabelece sal\u00e1rio m\u00ednimo em R$ 1.045"}]},{"@type":"WebSite","@id":"https:\/\/www.suno.com.br\/noticias\/#website","url":"https:\/\/www.suno.com.br\/noticias\/","name":"Suno Not\u00edcias","description":"Seu portal de informa\u00e7\u00e3o sobre o mundo dos investimentos","publisher":{"@id":"https:\/\/www.suno.com.br\/noticias\/#organization"},"potentialAction":[{"@type":"SearchAction","target":{"@type":"EntryPoint","urlTemplate":"https:\/\/www.suno.com.br\/noticias\/?s={search_term_string}"},"query-input":{"@type":"PropertyValueSpecification","valueRequired":true,"valueName":"search_term_string"}}],"inLanguage":"pt-BR"},{"@type":"Organization","@id":"https:\/\/www.suno.com.br\/noticias\/#organization","name":"Suno Not\u00edcias","url":"https:\/\/www.suno.com.br\/noticias\/","logo":{"@type":"ImageObject","inLanguage":"pt-BR","@id":"https:\/\/www.suno.com.br\/noticias\/#\/schema\/logo\/image\/","url":"https:\/\/files.sunoresearch.com.br\/n\/uploads\/2021\/09\/suno-logo.png","contentUrl":"https:\/\/files.sunoresearch.com.br\/n\/uploads\/2021\/09\/suno-logo.png","width":180,"height":180,"caption":"Suno Not\u00edcias"},"image":{"@id":"https:\/\/www.suno.com.br\/noticias\/#\/schema\/logo\/image\/"},"sameAs":["https:\/\/facebook.com\/sunoresearch","https:\/\/x.com\/sunoresearch","https:\/\/www.instagram.com\/suno","https:\/\/www.linkedin.com\/company\/suno-research\/","https:\/\/www.youtube.com\/c\/sunoresearch"]},{"@type":"Person","@id":"https:\/\/www.suno.com.br\/noticias\/#\/schema\/person\/053a750a709a263919a20f976caae91c","name":"Arthur Guimar\u00e3es","image":{"@type":"ImageObject","inLanguage":"pt-BR","@id":"https:\/\/www.suno.com.br\/noticias\/#\/schema\/person\/image\/","url":"https:\/\/secure.gravatar.com\/avatar\/1affd86a11209ae09eb6dd3bcad3e96c?s=96&r=g","contentUrl":"https:\/\/secure.gravatar.com\/avatar\/1affd86a11209ae09eb6dd3bcad3e96c?s=96&r=g","caption":"Arthur Guimar\u00e3es"},"description":"Arthur Guimar\u00e3es escreve sobre pol\u00edtica, economia e neg\u00f3cios para o portal de not\u00edcias da Suno Research. Atualmente, \u00e9 estudante de jornalismo pela Faculdade C\u00e1sper L\u00edbero.","url":"https:\/\/www.suno.com.br\/noticias\/author\/arthur-guimaraes\/"}]}},"default_loop_html":"<div class=\"cardsPage__listCard__boxs\"><div class=\"cardsPage__listCard__boxs__img\"><a href=\"https:\/\/www.suno.com.br\/noticias\/senado-aprova-mp-salario-minimo\/\"><img class=\"mask\" src=\"https:\/\/www.suno.com.br\/noticias\/wp-content\/themes\/suno\/resources\/images\/spotlight\/spotlight1img\/bg-mask.png\" alt=\"Image Mask\"\/><img src=\"https:\/\/files.sunoresearch.com.br\/n\/uploads\/2020\/05\/8453fd87-senado-400x200.webp\" alt=\"Senado aprova MP que estabelece sal\u00e1rio m\u00ednimo em R$ 1.045\"\/><\/a><span class=\"spotlightCategory\"><a href=\"https:\/\/www.suno.com.br\/noticias\/economia\/\">Economia<\/a><\/span><\/div><div class=\"cardsPage__listCard__boxs__content\"><a href=\"https:\/\/www.suno.com.br\/noticias\/senado-aprova-mp-salario-minimo\/\"><h2 class=\"content__title\">Senado aprova MP que estabelece sal\u00e1rio m\u00ednimo em R$ 1.045<\/h2><\/a><div class=\"newsContent__article__meta\"><div class=\"newsContent__article__meta__authorBox\"><a href=\"https:\/\/www.suno.com.br\/noticias\/author\/arthur-guimaraes\/\" class=\"authorBox__avatar noMobi\"><img src=\"https:\/\/files.sunoresearch.com.br\/n\/uploads\/2020\/02\/dfb40897-eu-150x150.webp\" alt=\"Arthur Guimar\u00e3es\"><\/a><div class=\"authorBox__name\"><span>por\n\t\t\t<a href=\"https:\/\/www.suno.com.br\/noticias\/author\/arthur-guimaraes\/\"><span itemprop=\"author\">Arthur Guimar\u00e3es<\/span><\/a><\/span><time datetime=\"2020-05-27T21:44:16-03:00\" itemprop=\"datePublished\">27\/05\/2020 21:44<\/time><\/div><\/div><\/div><\/div><\/div>","single_layout":"posts","amp_enabled":true,"_links":{"self":[{"href":"https:\/\/www.suno.com.br\/noticias\/wp-json\/wp\/v2\/posts\/66448"}],"collection":[{"href":"https:\/\/www.suno.com.br\/noticias\/wp-json\/wp\/v2\/posts"}],"about":[{"href":"https:\/\/www.suno.com.br\/noticias\/wp-json\/wp\/v2\/types\/post"}],"author":[{"embeddable":true,"href":"https:\/\/www.suno.com.br\/noticias\/wp-json\/wp\/v2\/users\/35"}],"replies":[{"embeddable":true,"href":"https:\/\/www.suno.com.br\/noticias\/wp-json\/wp\/v2\/comments?post=66448"}],"version-history":[{"count":0,"href":"https:\/\/www.suno.com.br\/noticias\/wp-json\/wp\/v2\/posts\/66448\/revisions"}],"wp:featuredmedia":[{"embeddable":true,"href":"https:\/\/www.suno.com.br\/noticias\/wp-json\/wp\/v2\/media\/66454"}],"wp:attachment":[{"href":"https:\/\/www.suno.com.br\/noticias\/wp-json\/wp\/v2\/media?parent=66448"}],"wp:term":[{"taxonomy":"category","embeddable":true,"href":"https:\/\/www.suno.com.br\/noticias\/wp-json\/wp\/v2\/categories?post=66448"},{"taxonomy":"post_tag","embeddable":true,"href":"https:\/\/www.suno.com.br\/noticias\/wp-json\/wp\/v2\/tags?post=66448"},{"taxonomy":"suno_strategy","embeddable":true,"href":"https:\/\/www.suno.com.br\/noticias\/wp-json\/wp\/v2\/suno_strategy?post=66448"}],"curies":[{"name":"wp","href":"https:\/\/api.w.org\/{rel}","templated":true}]}}