{"id":663600,"date":"2026-09-04T17:35:10","date_gmt":"2026-09-04T20:35:10","guid":{"rendered":"https:\/\/www.suno.com.br\/noticias\/jbss32-mbrf3-beef3-embargo-uniao-europeia-frigorificos-mt\/"},"modified":"2026-09-04T17:35:10","modified_gmt":"2026-09-04T20:35:10","slug":"jbss32-mbrf3-beef3-embargo-uniao-europeia-frigorificos-mt","status":"publish","type":"post","link":"https:\/\/www.suno.com.br\/noticias\/jbss32-mbrf3-beef3-embargo-uniao-europeia-frigorificos-mt\/","title":{"rendered":"Europa fecha as portas para carne brasileira e pressiona JBS (JBSS32) e MBRF (MBRF3)"},"content":{"rendered":"<p>As a\u00e7\u00f5es de frigor\u00edficos tiveram desempenho misto em setembro ap\u00f3s a <a class=\"suno-keyword\" target=\"_blank\" data-force=\"no\" data-priority=\"2\" href=\"https:\/\/www.suno.com.br\/artigos\/uniao-europeia\/\" rel=\"noopener\">Uni\u00e3o Europeia<\/a> suspender a entrada de produtos de origem animal brasileiros. Na consulta realizada em 4 de setembro, JBS (<strong>JBSS32<\/strong>) recuava 3,12% no m\u00eas, a R$ 67,35, enquanto MBRF (MBRF3) ca\u00eda 3,22%, a R$ 17,75, segundo o Status Invest. J\u00e1 a <a class=\"suno-keyword\" target=\"_blank\" data-force=\"no\" data-priority=\"2\" href=\"https:\/\/www.suno.com.br\/analitica\/acoes\/BEEF3\/\" rel=\"noopener\">Minerva (BEEF3)<\/a> subia 3,92%, para R$ 4,00..<\/p>\t<div class=\"wrapper-featured-image\">\n\t\t<figure class=\"spotlightImg\">\n\n\t\t\t<picture>\n\t\t\t\t<source media=\"(max-width: 768px)\" srcset=\"https:\/\/files.sunoresearch.com.br\/n\/uploads\/2026\/09\/fachadajbs-400x200.webp\">\n\t\t\t\t<img loading=\"lazy\" decoding=\"async\" class=\"newsContent__article__imgCapa lazyloadDisabled \" src=\"https:\/\/files.sunoresearch.com.br\/n\/uploads\/2026\/09\/fachadajbs-800x450.webp\" width=\"800\" height=\"450\" alt=\"Europa fecha as portas para carne brasileira e pressiona JBS (JBSS32) e MBRF (MBRF3)\" fetchpriority=high \/>\n\t\t\t<\/picture>\n\n\t\t\t<figcaption class=\"wp-caption-text wp-caption-text--show\">JBS (JBSS32). Foto: JBS\/Divulga\u00e7\u00e3o<\/figcaption>\n\t\t<\/figure>\n\t<\/div>\n\n\n\n\n\n\n<p>O movimento ocorre depois de a Uni\u00e3o Europeia fechar temporariamente seu mercado para carne bovina, frango, pescado, ovos, mel e outros produtos de origem animal do Brasil. A medida entrou em vigor em 3 de setembro e pode afetar cerca de US$ 1,84 bilh\u00e3o em exporta\u00e7\u00f5es anuais, segundo a Reuters.<\/p>\n\n\n\n<h2 class=\"wp-block-heading\">O que a Uni\u00e3o Europeia proibiu?<\/h2>\n\n\n\n<p>Embora o mercado use a palavra \u201cembargo\u201d, trata-se de uma suspens\u00e3o das autoriza\u00e7\u00f5es de entrada. Na pr\u00e1tica, os produtos brasileiros ficam impedidos de acessar o mercado europeu enquanto a restri\u00e7\u00e3o estiver em vigor.<\/p>\n\n\n\t<p>\n\t\t<a href=\"https:\/\/lp2.suno.com.br\/onde-investir-2026\/?utm_campaign=_SNC390A0FD0_ao&#038;utm_source=suno-not\u00edcias&#038;utm_medium=banner.noticias\" target=\"_blank\" data-element=\"shortcode-suno-banner\" title=\"Banner SUNO, clique e saiba mais\">\n\t\t\t<picture>\n\t\t\t\t<source media=\"(max-width: 500px)\" srcset=\"https:\/\/files.sunoresearch.com.br\/gaia\/uploads\/2026\/01\/Banner-Materias-01-Mbl_-400x300-1.png\">\n\t\t\t\t<img class=\"newsContent__article__imgCapa newsContent__article__imgCapa--banner\"\n\t\t\t\t\tsrc=\"https:\/\/files.sunoresearch.com.br\/gaia\/uploads\/2026\/01\/Banner-Materias-01-Dkp_-1420x240-1.png\"\n\t\t\t\t\tdata-promo-id=\"651623\"\t\t\t\t\t\t\t\t\t\twidth='1420' height='240'\t\t\t\t\talt=\"https:\/\/files.sunoresearch.com.br\/gaia\/uploads\/2026\/01\/Banner-Materias-01-Dkp_-1420x240-1.png\"\n\t\t\t\t>\n\t\t\t<\/picture>\n\t\t<\/a>\n\t<\/p>\n\n\n\n\n\n\n\n<p>A Uni\u00e3o Europeia afirma que o Brasil n\u00e3o apresentou garantias suficientes sobre o controle do uso de antimicrobianos na produ\u00e7\u00e3o animal. Essas subst\u00e2ncias incluem medicamentos e antibi\u00f3ticos que, quando utilizados de forma inadequada, podem contribuir para o surgimento de bact\u00e9rias resistentes.<\/p>\n\n\n\n<p>O governo brasileiro contesta a decis\u00e3o e afirma cumprir as exig\u00eancias sanit\u00e1rias europeias. Tamb\u00e9m avalia recorrer a mecanismos internacionais e adotar medidas de reciprocidade caso as negocia\u00e7\u00f5es n\u00e3o avancem.<\/p>\n\n\n\n<p>A restri\u00e7\u00e3o atinge um mercado menor em volume, mas relevante em valor. A Uni\u00e3o Europeia representa cerca de 4,6% das exporta\u00e7\u00f5es brasileiras de carne bovina, por\u00e9m compra cortes e produtos de maior valor agregado. Al\u00e9m disso, entre janeiro e julho de 2026, o Brasil exportou aproximadamente US$ 560 milh\u00f5es em carne bovina e US$ 680 milh\u00f5es em carne de frango para o bloco.<\/p>\n\n\n\n<h2 class=\"wp-block-heading\">Como o embargo pode afetar pre\u00e7os e margens?<\/h2>\n\n\n\n<p>Com o <a class=\"suno-keyword\" target=\"_blank\" data-force=\"no\" data-priority=\"1\" href=\"https:\/\/www.suno.com.br\/artigos\/fechamento-do-mercado\/\" rel=\"noopener\">fechamento do mercado<\/a> europeu, os frigor\u00edficos precisam redirecionar os produtos para outros pa\u00edses ou para o mercado dom\u00e9stico. Se mais carne for oferecida nos mesmos destinos, os pre\u00e7os podem cair.<\/p>\n\n\n\t<p>\n\t\t<a href=\"https:\/\/lp2.suno.com.br\/lm\/minicurso-construindo-um-portfolio-milionario\/?utm_campaign=_SNC35CF3834_ao&#038;utm_source=suno-not\u00edcias&#038;utm_medium=banner.noticias\" target=\"_blank\" data-element=\"shortcode-suno-banner\" title=\"Banner SUNO, clique e saiba mais\">\n\t\t\t<picture>\n\t\t\t\t<source media=\"(max-width: 500px)\" srcset=\"https:\/\/files.sunoresearch.com.br\/gaia\/uploads\/2026\/01\/MB-PS-HOME-DE-ARTIGOS-400x300-ID_01_x1.jpg\">\n\t\t\t\t<img class=\"newsContent__article__imgCapa newsContent__article__imgCapa--banner\"\n\t\t\t\t\tsrc=\"https:\/\/files.sunoresearch.com.br\/gaia\/uploads\/2026\/01\/DT-PS-HOME-DE-ARTIGOS-1420x240-ID_01_x1.jpg\"\n\t\t\t\t\tdata-promo-id=\"651626\"\t\t\t\t\t\t\t\t\t\twidth='1420' height='240'\t\t\t\t\talt=\"https:\/\/files.sunoresearch.com.br\/gaia\/uploads\/2026\/01\/DT-PS-HOME-DE-ARTIGOS-1420x240-ID_01_x1.jpg\"\n\t\t\t\t>\n\t\t\t<\/picture>\n\t\t<\/a>\n\t<\/p>\n\n\n\n\n\n\n\n<p>Esse efeito \u00e9 especialmente importante para os cortes que eram vendidos \u00e0 Europa por valores mais altos. Caso sejam destinados a mercados menos rent\u00e1veis, o pre\u00e7o m\u00e9dio recebido pelas empresas tende a diminuir.<\/p>\n\n\n\n<p>A margem de lucro tamb\u00e9m pode ser pressionada por custos adicionais de log\u00edstica, armazenamento e renegocia\u00e7\u00e3o de contratos. Quanto mais tempo durar a suspens\u00e3o, maior ser\u00e1 o risco de estoques elevados e descontos para acelerar as vendas.<\/p>\n\n\n\n<p>O impacto, por\u00e9m, n\u00e3o \u00e9 igual para todas as companhias. A queda ou alta das a\u00e7\u00f5es tamb\u00e9m depende do c\u00e2mbio, do pre\u00e7o do boi, dos <a class=\"suno-keyword\" target=\"_blank\" data-force=\"no\" data-priority=\"1\" href=\"https:\/\/www.suno.com.br\/artigos\/resultados-trimestrais\/\" rel=\"noopener\">resultados trimestrais<\/a>, do endividamento e das expectativas para a demanda global.<\/p>\n\n\n\n<h2 class=\"wp-block-heading\">JBSS32, MBRF3 e BEEF3: quem est\u00e1 mais exposto?<\/h2>\n\n\n\n<p>A JBS (JBSS32) possui opera\u00e7\u00f5es diversificadas em carne bovina, aves, su\u00ednos e alimentos processados, al\u00e9m de presen\u00e7a em v\u00e1rios pa\u00edses. Segundo a companhia, essa diversifica\u00e7\u00e3o pode ajudar a compensar parte do impacto do veto europeu.<\/p>\n\n\n\t<p>\n\t\t<a href=\"https:\/\/lp.suno.com.br\/ebook-como-analisar-uma-acao\/?utm_campaign=_SNC390A0FD0_ao&#038;utm_source=suno-not\u00edcias&#038;utm_medium=banner.noticias\" target=\"_blank\" data-element=\"shortcode-suno-banner\" title=\"Banner SUNO, clique e saiba mais\">\n\t\t\t<picture>\n\t\t\t\t<source media=\"(max-width: 500px)\" srcset=\"https:\/\/files.sunoresearch.com.br\/gaia\/uploads\/2026\/01\/Ebook-Acoes-Mobile.webp\">\n\t\t\t\t<img class=\"newsContent__article__imgCapa newsContent__article__imgCapa--banner\"\n\t\t\t\t\tsrc=\"https:\/\/files.sunoresearch.com.br\/gaia\/uploads\/2026\/01\/Ebook-Acoes-Desktop.webp\"\n\t\t\t\t\tdata-promo-id=\"651105\"\t\t\t\t\t\t\t\t\t\twidth='1420' height='286'\t\t\t\t\talt=\"https:\/\/files.sunoresearch.com.br\/gaia\/uploads\/2026\/01\/Ebook-Acoes-Desktop.webp\"\n\t\t\t\t>\n\t\t\t<\/picture>\n\t\t<\/a>\n\t<\/p>\n\n\n\n\n\n\n\n<p>A MBRF (MBRF3) tamb\u00e9m trabalha com diferentes prote\u00ednas, incluindo carne bovina, aves e alimentos processados. A empresa opera em 117 pa\u00edses e possui um portf\u00f3lio formado por marcas como Sadia, Perdig\u00e3o e National Beef. Por atuar nas duas principais frentes atingidas, bovinos e aves, a companhia fica exposta a mais de um efeito da restri\u00e7\u00e3o.<\/p>\n\n\n\n<p>J\u00e1 a Minerva (BEEF3) tem concentra\u00e7\u00e3o maior na produ\u00e7\u00e3o e exporta\u00e7\u00e3o de carne bovina. A companhia se apresenta como uma das principais exportadoras de carne bovina da Am\u00e9rica do Sul, com vendas para mais de cem pa\u00edses, segundo seu site institucional. Isso torna o neg\u00f3cio mais sens\u00edvel \u00e0s mudan\u00e7as no <a class=\"suno-keyword\" target=\"_blank\" data-force=\"no\" data-priority=\"1\" href=\"https:\/\/www.suno.com.br\/artigos\/comercio-internacional\/\" rel=\"noopener\">com\u00e9rcio internacional<\/a> de carne bovina, embora a a\u00e7\u00e3o tenha subido em setembro at\u00e9 a consulta.<\/p>\n\n\n\n<p>No acumulado de 12 meses, os pap\u00e9is tamb\u00e9m apresentavam desempenho negativo: JBSS32 ca\u00eda 22,80%, MBRF3 recuava 24,70% e BEEF3 acumulava baixa de 32,54%. O dado mostra que o embargo europeu \u00e9 apenas um dos fatores acompanhados pelo mercado.<\/p>\n\n\n\n<p>Para o investidor, o principal ponto de aten\u00e7\u00e3o \u00e9 acompanhar a dura\u00e7\u00e3o da suspens\u00e3o, as negocia\u00e7\u00f5es entre Brasil e Uni\u00e3o Europeia e a capacidade de cada empresa de redirecionar seus produtos. As <strong>a\u00e7\u00f5es de frigor\u00edficos<\/strong>, especialmente o <strong>JBSS32<\/strong>, podem reagir de formas diferentes porque possuem mercados, prote\u00ednas e n\u00edveis de exposi\u00e7\u00e3o distintos.<\/p>\n","protected":false},"excerpt":{"rendered":"<p>As a\u00e7\u00f5es de frigor\u00edficos tiveram desempenho misto em setembro ap\u00f3s a Uni\u00e3o Europeia suspender a entrada de produtos de origem animal brasileiros. Na consulta realizada em 4 de setembro, JBS (JBSS32) recuava 3,12% no m\u00eas, a R$ 67,35, enquanto MBRF (MBRF3) ca\u00eda 3,22%, a R$ 17,75, segundo o Status Invest. J\u00e1 a Minerva (BEEF3) subia &hellip; Continued<\/p>\n","protected":false},"author":402,"featured_media":663601,"comment_status":"closed","ping_status":"closed","sticky":false,"template":"","format":"standard","meta":[],"categories":[107088],"tags":[],"suno_strategy":[],"class_list":["post-663600","post","type-post","status-publish","format-standard","has-post-thumbnail","hentry","category-agro"],"yoast_head":"<!-- This site is optimized with the Yoast SEO plugin v24.4 - https:\/\/yoast.com\/wordpress\/plugins\/seo\/ -->\n<title>JBS (JBSS32) e MBRF (MBRF3) sofrem com veto da UE<\/title>\n<meta name=\"description\" content=\"JBS (JBSS32) e MBRF (MBRF3) recuam ap\u00f3s veto europeu a produtos animais brasileiros; entenda os impactos nos frigor\u00edficos\" \/>\n<meta name=\"robots\" content=\"index, follow, max-snippet:-1, max-image-preview:large, max-video-preview:-1\" \/>\n<link rel=\"canonical\" href=\"https:\/\/www.suno.com.br\/noticias\/jbss32-mbrf3-beef3-embargo-uniao-europeia-frigorificos-mt\/\" \/>\n<meta property=\"og:locale\" content=\"pt_BR\" \/>\n<meta property=\"og:type\" content=\"article\" \/>\n<meta property=\"og:title\" content=\"JBS (JBSS32) e MBRF (MBRF3) sofrem com veto da UE\" \/>\n<meta property=\"og:description\" content=\"JBS (JBSS32) e MBRF (MBRF3) recuam ap\u00f3s veto europeu a produtos animais brasileiros; entenda os impactos nos frigor\u00edficos\" \/>\n<meta property=\"og:url\" content=\"https:\/\/www.suno.com.br\/noticias\/jbss32-mbrf3-beef3-embargo-uniao-europeia-frigorificos-mt\/\" \/>\n<meta property=\"og:site_name\" content=\"Suno Not\u00edcias\" \/>\n<meta property=\"article:publisher\" content=\"https:\/\/facebook.com\/sunoresearch\" \/>\n<meta property=\"og:image\" content=\"http:\/\/files.sunoresearch.com.br\/n\/uploads\/2026\/09\/fachadajbs.webp\" \/>\n\t<meta property=\"og:image:width\" content=\"1080\" \/>\n\t<meta property=\"og:image:height\" content=\"720\" \/>\n\t<meta property=\"og:image:type\" content=\"image\/webp\" \/>\n<meta name=\"author\" content=\"Ma\u00edra Telles\" \/>\n<meta name=\"twitter:card\" content=\"summary_large_image\" \/>\n<meta name=\"twitter:creator\" content=\"@sunoresearch\" \/>\n<meta name=\"twitter:site\" content=\"@sunoresearch\" \/>\n<meta name=\"twitter:label1\" content=\"Escrito por\" \/>\n\t<meta name=\"twitter:data1\" content=\"Ma\u00edra Telles\" \/>\n\t<meta name=\"twitter:label2\" content=\"Est. tempo de leitura\" \/>\n\t<meta name=\"twitter:data2\" content=\"4 minutos\" \/>\n<script type=\"application\/ld+json\" class=\"yoast-schema-graph\">{\"@context\":\"https:\/\/schema.org\",\"@graph\":[{\"@type\":\"NewsArticle\",\"@id\":\"https:\/\/www.suno.com.br\/noticias\/jbss32-mbrf3-beef3-embargo-uniao-europeia-frigorificos-mt\/#article\",\"isPartOf\":{\"@id\":\"https:\/\/www.suno.com.br\/noticias\/jbss32-mbrf3-beef3-embargo-uniao-europeia-frigorificos-mt\/\"},\"author\":{\"name\":\"Ma\u00edra Telles\",\"@id\":\"https:\/\/www.suno.com.br\/noticias\/#\/schema\/person\/0a8b51292bb96ee5f104094c0907eaef\"},\"headline\":\"Europa fecha as portas para carne brasileira e pressiona JBS (JBSS32) e MBRF (MBRF3)\",\"datePublished\":\"2026-09-04T20:35:10+00:00\",\"mainEntityOfPage\":{\"@id\":\"https:\/\/www.suno.com.br\/noticias\/jbss32-mbrf3-beef3-embargo-uniao-europeia-frigorificos-mt\/\"},\"wordCount\":773,\"publisher\":{\"@id\":\"https:\/\/www.suno.com.br\/noticias\/#organization\"},\"image\":{\"@id\":\"https:\/\/www.suno.com.br\/noticias\/jbss32-mbrf3-beef3-embargo-uniao-europeia-frigorificos-mt\/#primaryimage\"},\"thumbnailUrl\":\"https:\/\/files.sunoresearch.com.br\/n\/uploads\/2026\/09\/fachadajbs.webp\",\"articleSection\":[\"Agro\"],\"inLanguage\":\"pt-BR\"},{\"@type\":\"WebPage\",\"@id\":\"https:\/\/www.suno.com.br\/noticias\/jbss32-mbrf3-beef3-embargo-uniao-europeia-frigorificos-mt\/\",\"url\":\"https:\/\/www.suno.com.br\/noticias\/jbss32-mbrf3-beef3-embargo-uniao-europeia-frigorificos-mt\/\",\"name\":\"JBS (JBSS32) e MBRF (MBRF3) sofrem com veto da UE\",\"isPartOf\":{\"@id\":\"https:\/\/www.suno.com.br\/noticias\/#website\"},\"primaryImageOfPage\":{\"@id\":\"https:\/\/www.suno.com.br\/noticias\/jbss32-mbrf3-beef3-embargo-uniao-europeia-frigorificos-mt\/#primaryimage\"},\"image\":{\"@id\":\"https:\/\/www.suno.com.br\/noticias\/jbss32-mbrf3-beef3-embargo-uniao-europeia-frigorificos-mt\/#primaryimage\"},\"thumbnailUrl\":\"https:\/\/files.sunoresearch.com.br\/n\/uploads\/2026\/09\/fachadajbs.webp\",\"datePublished\":\"2026-09-04T20:35:10+00:00\",\"description\":\"JBS (JBSS32) e MBRF (MBRF3) recuam ap\u00f3s veto europeu a produtos animais brasileiros; entenda os impactos nos frigor\u00edficos\",\"breadcrumb\":{\"@id\":\"https:\/\/www.suno.com.br\/noticias\/jbss32-mbrf3-beef3-embargo-uniao-europeia-frigorificos-mt\/#breadcrumb\"},\"inLanguage\":\"pt-BR\",\"potentialAction\":[{\"@type\":\"ReadAction\",\"target\":[\"https:\/\/www.suno.com.br\/noticias\/jbss32-mbrf3-beef3-embargo-uniao-europeia-frigorificos-mt\/\"]}]},{\"@type\":\"ImageObject\",\"inLanguage\":\"pt-BR\",\"@id\":\"https:\/\/www.suno.com.br\/noticias\/jbss32-mbrf3-beef3-embargo-uniao-europeia-frigorificos-mt\/#primaryimage\",\"url\":\"https:\/\/files.sunoresearch.com.br\/n\/uploads\/2026\/09\/fachadajbs.webp\",\"contentUrl\":\"https:\/\/files.sunoresearch.com.br\/n\/uploads\/2026\/09\/fachadajbs.webp\",\"width\":1080,\"height\":720,\"caption\":\"JBS (JBSS32). Foto: JBS\/Divulga\u00e7\u00e3o\"},{\"@type\":\"BreadcrumbList\",\"@id\":\"https:\/\/www.suno.com.br\/noticias\/jbss32-mbrf3-beef3-embargo-uniao-europeia-frigorificos-mt\/#breadcrumb\",\"itemListElement\":[{\"@type\":\"ListItem\",\"position\":1,\"name\":\"Not\u00edcias\",\"item\":\"https:\/\/www.suno.com.br\/noticias\/\"},{\"@type\":\"ListItem\",\"position\":2,\"name\":\"Neg\u00f3cios\",\"item\":\"https:\/\/www.suno.com.br\/noticias\/negocios\/\"},{\"@type\":\"ListItem\",\"position\":3,\"name\":\"Europa fecha as portas para carne brasileira e pressiona JBS (JBSS32) e MBRF (MBRF3)\"}]},{\"@type\":\"WebSite\",\"@id\":\"https:\/\/www.suno.com.br\/noticias\/#website\",\"url\":\"https:\/\/www.suno.com.br\/noticias\/\",\"name\":\"Suno Not\u00edcias\",\"description\":\"Seu portal de informa\u00e7\u00e3o sobre o mundo dos investimentos\",\"publisher\":{\"@id\":\"https:\/\/www.suno.com.br\/noticias\/#organization\"},\"potentialAction\":[{\"@type\":\"SearchAction\",\"target\":{\"@type\":\"EntryPoint\",\"urlTemplate\":\"https:\/\/www.suno.com.br\/noticias\/?s={search_term_string}\"},\"query-input\":{\"@type\":\"PropertyValueSpecification\",\"valueRequired\":true,\"valueName\":\"search_term_string\"}}],\"inLanguage\":\"pt-BR\"},{\"@type\":\"Organization\",\"@id\":\"https:\/\/www.suno.com.br\/noticias\/#organization\",\"name\":\"Suno Not\u00edcias\",\"url\":\"https:\/\/www.suno.com.br\/noticias\/\",\"logo\":{\"@type\":\"ImageObject\",\"inLanguage\":\"pt-BR\",\"@id\":\"https:\/\/www.suno.com.br\/noticias\/#\/schema\/logo\/image\/\",\"url\":\"https:\/\/files.sunoresearch.com.br\/n\/uploads\/2021\/09\/suno-logo.png\",\"contentUrl\":\"https:\/\/files.sunoresearch.com.br\/n\/uploads\/2021\/09\/suno-logo.png\",\"width\":180,\"height\":180,\"caption\":\"Suno Not\u00edcias\"},\"image\":{\"@id\":\"https:\/\/www.suno.com.br\/noticias\/#\/schema\/logo\/image\/\"},\"sameAs\":[\"https:\/\/facebook.com\/sunoresearch\",\"https:\/\/x.com\/sunoresearch\",\"https:\/\/www.instagram.com\/suno\",\"https:\/\/www.linkedin.com\/company\/suno-research\/\",\"https:\/\/www.youtube.com\/c\/sunoresearch\"]},{\"@type\":\"Person\",\"@id\":\"https:\/\/www.suno.com.br\/noticias\/#\/schema\/person\/0a8b51292bb96ee5f104094c0907eaef\",\"name\":\"Ma\u00edra Telles\",\"image\":{\"@type\":\"ImageObject\",\"inLanguage\":\"pt-BR\",\"@id\":\"https:\/\/www.suno.com.br\/noticias\/#\/schema\/person\/image\/\",\"url\":\"https:\/\/secure.gravatar.com\/avatar\/8d13691eab6abc1d1050b62a4c2a6116?s=96&r=g\",\"contentUrl\":\"https:\/\/secure.gravatar.com\/avatar\/8d13691eab6abc1d1050b62a4c2a6116?s=96&r=g\",\"caption\":\"Ma\u00edra Telles\"},\"description\":\"Jornalista especializada em mercado financeiro, economia, neg\u00f3cios e agroneg\u00f3cio, com experi\u00eancia em reda\u00e7\u00e3o, comunica\u00e7\u00e3o estrat\u00e9gica e produ\u00e7\u00e3o de conte\u00fado para m\u00faltiplas plataformas. Com atua\u00e7\u00e3o tamb\u00e9m em marketing digital e gest\u00e3o de crise, une an\u00e1lise, apura\u00e7\u00e3o e linguagem acess\u00edvel para traduzir temas complexos em informa\u00e7\u00e3o relevante para investidores e leitores interessados no funcionamento da economia.\",\"url\":\"https:\/\/www.suno.com.br\/noticias\/author\/mairaftellesgmail-com\/\"}]}<\/script>\n<!-- \/ Yoast SEO plugin. -->","yoast_head_json":{"title":"JBS (JBSS32) e MBRF (MBRF3) sofrem com veto da UE","description":"JBS (JBSS32) e MBRF (MBRF3) recuam ap\u00f3s veto europeu a produtos animais brasileiros; entenda os impactos nos frigor\u00edficos","robots":{"index":"index","follow":"follow","max-snippet":"max-snippet:-1","max-image-preview":"max-image-preview:large","max-video-preview":"max-video-preview:-1"},"canonical":"https:\/\/www.suno.com.br\/noticias\/jbss32-mbrf3-beef3-embargo-uniao-europeia-frigorificos-mt\/","og_locale":"pt_BR","og_type":"article","og_title":"JBS (JBSS32) e MBRF (MBRF3) sofrem com veto da UE","og_description":"JBS (JBSS32) e MBRF (MBRF3) recuam ap\u00f3s veto europeu a produtos animais brasileiros; entenda os impactos nos frigor\u00edficos","og_url":"https:\/\/www.suno.com.br\/noticias\/jbss32-mbrf3-beef3-embargo-uniao-europeia-frigorificos-mt\/","og_site_name":"Suno Not\u00edcias","article_publisher":"https:\/\/facebook.com\/sunoresearch","og_image":[{"width":1080,"height":720,"url":"http:\/\/files.sunoresearch.com.br\/n\/uploads\/2026\/09\/fachadajbs.webp","type":"image\/webp"}],"author":"Ma\u00edra Telles","twitter_card":"summary_large_image","twitter_creator":"@sunoresearch","twitter_site":"@sunoresearch","twitter_misc":{"Escrito por":"Ma\u00edra Telles","Est. tempo de leitura":"4 minutos"},"schema":{"@context":"https:\/\/schema.org","@graph":[{"@type":"NewsArticle","@id":"https:\/\/www.suno.com.br\/noticias\/jbss32-mbrf3-beef3-embargo-uniao-europeia-frigorificos-mt\/#article","isPartOf":{"@id":"https:\/\/www.suno.com.br\/noticias\/jbss32-mbrf3-beef3-embargo-uniao-europeia-frigorificos-mt\/"},"author":{"name":"Ma\u00edra Telles","@id":"https:\/\/www.suno.com.br\/noticias\/#\/schema\/person\/0a8b51292bb96ee5f104094c0907eaef"},"headline":"Europa fecha as portas para carne brasileira e pressiona JBS (JBSS32) e MBRF (MBRF3)","datePublished":"2026-09-04T20:35:10+00:00","mainEntityOfPage":{"@id":"https:\/\/www.suno.com.br\/noticias\/jbss32-mbrf3-beef3-embargo-uniao-europeia-frigorificos-mt\/"},"wordCount":773,"publisher":{"@id":"https:\/\/www.suno.com.br\/noticias\/#organization"},"image":{"@id":"https:\/\/www.suno.com.br\/noticias\/jbss32-mbrf3-beef3-embargo-uniao-europeia-frigorificos-mt\/#primaryimage"},"thumbnailUrl":"https:\/\/files.sunoresearch.com.br\/n\/uploads\/2026\/09\/fachadajbs.webp","articleSection":["Agro"],"inLanguage":"pt-BR"},{"@type":"WebPage","@id":"https:\/\/www.suno.com.br\/noticias\/jbss32-mbrf3-beef3-embargo-uniao-europeia-frigorificos-mt\/","url":"https:\/\/www.suno.com.br\/noticias\/jbss32-mbrf3-beef3-embargo-uniao-europeia-frigorificos-mt\/","name":"JBS (JBSS32) e MBRF (MBRF3) sofrem com veto da UE","isPartOf":{"@id":"https:\/\/www.suno.com.br\/noticias\/#website"},"primaryImageOfPage":{"@id":"https:\/\/www.suno.com.br\/noticias\/jbss32-mbrf3-beef3-embargo-uniao-europeia-frigorificos-mt\/#primaryimage"},"image":{"@id":"https:\/\/www.suno.com.br\/noticias\/jbss32-mbrf3-beef3-embargo-uniao-europeia-frigorificos-mt\/#primaryimage"},"thumbnailUrl":"https:\/\/files.sunoresearch.com.br\/n\/uploads\/2026\/09\/fachadajbs.webp","datePublished":"2026-09-04T20:35:10+00:00","description":"JBS (JBSS32) e MBRF (MBRF3) recuam ap\u00f3s veto europeu a produtos animais brasileiros; entenda os impactos nos frigor\u00edficos","breadcrumb":{"@id":"https:\/\/www.suno.com.br\/noticias\/jbss32-mbrf3-beef3-embargo-uniao-europeia-frigorificos-mt\/#breadcrumb"},"inLanguage":"pt-BR","potentialAction":[{"@type":"ReadAction","target":["https:\/\/www.suno.com.br\/noticias\/jbss32-mbrf3-beef3-embargo-uniao-europeia-frigorificos-mt\/"]}]},{"@type":"ImageObject","inLanguage":"pt-BR","@id":"https:\/\/www.suno.com.br\/noticias\/jbss32-mbrf3-beef3-embargo-uniao-europeia-frigorificos-mt\/#primaryimage","url":"https:\/\/files.sunoresearch.com.br\/n\/uploads\/2026\/09\/fachadajbs.webp","contentUrl":"https:\/\/files.sunoresearch.com.br\/n\/uploads\/2026\/09\/fachadajbs.webp","width":1080,"height":720,"caption":"JBS (JBSS32). Foto: JBS\/Divulga\u00e7\u00e3o"},{"@type":"BreadcrumbList","@id":"https:\/\/www.suno.com.br\/noticias\/jbss32-mbrf3-beef3-embargo-uniao-europeia-frigorificos-mt\/#breadcrumb","itemListElement":[{"@type":"ListItem","position":1,"name":"Not\u00edcias","item":"https:\/\/www.suno.com.br\/noticias\/"},{"@type":"ListItem","position":2,"name":"Neg\u00f3cios","item":"https:\/\/www.suno.com.br\/noticias\/negocios\/"},{"@type":"ListItem","position":3,"name":"Europa fecha as portas para carne brasileira e pressiona JBS (JBSS32) e MBRF (MBRF3)"}]},{"@type":"WebSite","@id":"https:\/\/www.suno.com.br\/noticias\/#website","url":"https:\/\/www.suno.com.br\/noticias\/","name":"Suno Not\u00edcias","description":"Seu portal de informa\u00e7\u00e3o sobre o mundo dos investimentos","publisher":{"@id":"https:\/\/www.suno.com.br\/noticias\/#organization"},"potentialAction":[{"@type":"SearchAction","target":{"@type":"EntryPoint","urlTemplate":"https:\/\/www.suno.com.br\/noticias\/?s={search_term_string}"},"query-input":{"@type":"PropertyValueSpecification","valueRequired":true,"valueName":"search_term_string"}}],"inLanguage":"pt-BR"},{"@type":"Organization","@id":"https:\/\/www.suno.com.br\/noticias\/#organization","name":"Suno Not\u00edcias","url":"https:\/\/www.suno.com.br\/noticias\/","logo":{"@type":"ImageObject","inLanguage":"pt-BR","@id":"https:\/\/www.suno.com.br\/noticias\/#\/schema\/logo\/image\/","url":"https:\/\/files.sunoresearch.com.br\/n\/uploads\/2021\/09\/suno-logo.png","contentUrl":"https:\/\/files.sunoresearch.com.br\/n\/uploads\/2021\/09\/suno-logo.png","width":180,"height":180,"caption":"Suno Not\u00edcias"},"image":{"@id":"https:\/\/www.suno.com.br\/noticias\/#\/schema\/logo\/image\/"},"sameAs":["https:\/\/facebook.com\/sunoresearch","https:\/\/x.com\/sunoresearch","https:\/\/www.instagram.com\/suno","https:\/\/www.linkedin.com\/company\/suno-research\/","https:\/\/www.youtube.com\/c\/sunoresearch"]},{"@type":"Person","@id":"https:\/\/www.suno.com.br\/noticias\/#\/schema\/person\/0a8b51292bb96ee5f104094c0907eaef","name":"Ma\u00edra Telles","image":{"@type":"ImageObject","inLanguage":"pt-BR","@id":"https:\/\/www.suno.com.br\/noticias\/#\/schema\/person\/image\/","url":"https:\/\/secure.gravatar.com\/avatar\/8d13691eab6abc1d1050b62a4c2a6116?s=96&r=g","contentUrl":"https:\/\/secure.gravatar.com\/avatar\/8d13691eab6abc1d1050b62a4c2a6116?s=96&r=g","caption":"Ma\u00edra Telles"},"description":"Jornalista especializada em mercado financeiro, economia, neg\u00f3cios e agroneg\u00f3cio, com experi\u00eancia em reda\u00e7\u00e3o, comunica\u00e7\u00e3o estrat\u00e9gica e produ\u00e7\u00e3o de conte\u00fado para m\u00faltiplas plataformas. Com atua\u00e7\u00e3o tamb\u00e9m em marketing digital e gest\u00e3o de crise, une an\u00e1lise, apura\u00e7\u00e3o e linguagem acess\u00edvel para traduzir temas complexos em informa\u00e7\u00e3o relevante para investidores e leitores interessados no funcionamento da economia.","url":"https:\/\/www.suno.com.br\/noticias\/author\/mairaftellesgmail-com\/"}]}},"default_loop_html":"<div class=\"cardsPage__listCard__boxs\"><div class=\"cardsPage__listCard__boxs__img\"><a href=\"https:\/\/www.suno.com.br\/noticias\/jbss32-mbrf3-beef3-embargo-uniao-europeia-frigorificos-mt\/\"><img class=\"mask\" src=\"https:\/\/www.suno.com.br\/noticias\/wp-content\/themes\/suno\/resources\/images\/spotlight\/spotlight1img\/bg-mask.png\" alt=\"Image Mask\"\/><img src=\"https:\/\/files.sunoresearch.com.br\/n\/uploads\/2026\/09\/fachadajbs-400x200.webp\" alt=\"Europa fecha as portas para carne brasileira e pressiona JBS (JBSS32) e MBRF (MBRF3)\"\/><\/a><span class=\"spotlightCategory\"><a href=\"https:\/\/www.suno.com.br\/noticias\/agro\/\">Agro<\/a><\/span><\/div><div class=\"cardsPage__listCard__boxs__content\"><a href=\"https:\/\/www.suno.com.br\/noticias\/jbss32-mbrf3-beef3-embargo-uniao-europeia-frigorificos-mt\/\"><h2 class=\"content__title\">Europa fecha as portas para carne brasileira e pressiona JBS (JBSS32) e MBRF (MBRF3)<\/h2><\/a><div class=\"newsContent__article__meta\"><div class=\"newsContent__article__meta__authorBox\"><a href=\"https:\/\/www.suno.com.br\/noticias\/author\/mairaftellesgmail-com\/\" class=\"authorBox__avatar noMobi\"><img src=\"https:\/\/secure.gravatar.com\/avatar\/8d13691eab6abc1d1050b62a4c2a6116?s=96&#038;r=g\" alt=\"Ma\u00edra Telles\"><\/a><div class=\"authorBox__name\"><span>por\n\t\t\t<a href=\"https:\/\/www.suno.com.br\/noticias\/author\/mairaftellesgmail-com\/\"><span itemprop=\"author\">Ma\u00edra Telles<\/span><\/a><\/span><time datetime=\"2026-09-04T17:35:10-03:00\" itemprop=\"datePublished\">04\/09\/2026 17:35<\/time><\/div><\/div><\/div><\/div><\/div>","single_layout":"posts","amp_enabled":true,"_links":{"self":[{"href":"https:\/\/www.suno.com.br\/noticias\/wp-json\/wp\/v2\/posts\/663600"}],"collection":[{"href":"https:\/\/www.suno.com.br\/noticias\/wp-json\/wp\/v2\/posts"}],"about":[{"href":"https:\/\/www.suno.com.br\/noticias\/wp-json\/wp\/v2\/types\/post"}],"author":[{"embeddable":true,"href":"https:\/\/www.suno.com.br\/noticias\/wp-json\/wp\/v2\/users\/402"}],"replies":[{"embeddable":true,"href":"https:\/\/www.suno.com.br\/noticias\/wp-json\/wp\/v2\/comments?post=663600"}],"version-history":[{"count":0,"href":"https:\/\/www.suno.com.br\/noticias\/wp-json\/wp\/v2\/posts\/663600\/revisions"}],"wp:featuredmedia":[{"embeddable":true,"href":"https:\/\/www.suno.com.br\/noticias\/wp-json\/wp\/v2\/media\/663601"}],"wp:attachment":[{"href":"https:\/\/www.suno.com.br\/noticias\/wp-json\/wp\/v2\/media?parent=663600"}],"wp:term":[{"taxonomy":"category","embeddable":true,"href":"https:\/\/www.suno.com.br\/noticias\/wp-json\/wp\/v2\/categories?post=663600"},{"taxonomy":"post_tag","embeddable":true,"href":"https:\/\/www.suno.com.br\/noticias\/wp-json\/wp\/v2\/tags?post=663600"},{"taxonomy":"suno_strategy","embeddable":true,"href":"https:\/\/www.suno.com.br\/noticias\/wp-json\/wp\/v2\/suno_strategy?post=663600"}],"curies":[{"name":"wp","href":"https:\/\/api.w.org\/{rel}","templated":true}]}}