{"id":663584,"date":"2026-09-04T15:55:06","date_gmt":"2026-09-04T18:55:06","guid":{"rendered":"https:\/\/www.suno.com.br\/noticias\/fed-bolsas-globais-juros-eua-setembro-mt\/"},"modified":"2026-09-04T15:55:06","modified_gmt":"2026-09-04T18:55:06","slug":"fed-bolsas-globais-juros-eua-setembro-mt","status":"publish","type":"post","link":"https:\/\/www.suno.com.br\/noticias\/fed-bolsas-globais-juros-eua-setembro-mt\/","title":{"rendered":"Fed entra no radar e pode mexer com bolsas globais em setembro"},"content":{"rendered":"<p>O <strong>Fed<\/strong>, banco central dos Estados Unidos, deve continuar no centro das aten\u00e7\u00f5es dos investidores em setembro. As expectativas sobre os pr\u00f3ximos passos da institui\u00e7\u00e3o est\u00e3o divididas entre a manuten\u00e7\u00e3o ou uma poss\u00edvel alta dos juros, enquanto aumentam as preocupa\u00e7\u00f5es com a situa\u00e7\u00e3o fiscal americana e a volatilidade das taxas de <a class=\"suno-keyword\" target=\"_blank\" data-force=\"no\" data-priority=\"1\" href=\"https:\/\/www.suno.com.br\/artigos\/longo-prazo\/\" rel=\"noopener\">longo prazo<\/a>.<\/p>\t<div class=\"wrapper-featured-image\">\n\t\t<figure class=\"spotlightImg\">\n\n\t\t\t<picture>\n\t\t\t\t<source media=\"(max-width: 768px)\" srcset=\"https:\/\/files.sunoresearch.com.br\/n\/uploads\/2026\/09\/cfd1b479-federal_reserve-400x200.webp\">\n\t\t\t\t<img loading=\"lazy\" decoding=\"async\" class=\"newsContent__article__imgCapa lazyloadDisabled \" src=\"https:\/\/files.sunoresearch.com.br\/n\/uploads\/2026\/09\/cfd1b479-federal_reserve-800x450.webp\" width=\"800\" height=\"450\" alt=\"Fed entra no radar e pode mexer com bolsas globais em setembro\" fetchpriority=high \/>\n\t\t\t<\/picture>\n\n\t\t\t<figcaption class=\"wp-caption-text wp-caption-text--show\">Federal Reserve (Fed) Foto: Reprodu\u00e7\u00e3o)<\/figcaption>\n\t\t<\/figure>\n\t<\/div>\n\n\n\n\n\n\n<p>As informa\u00e7\u00f5es est\u00e3o no relat\u00f3rio <em>O M\u00eas dos Mercados Globais \u2013 Setembro de 2026<\/em>, produzido pela XP Research. Apesar das incertezas, agosto terminou positivo para os mercados globais. O MSCI ACWI, \u00edndice que re\u00fane a\u00e7\u00f5es de pa\u00edses desenvolvidos e emergentes, subiu 2,7%. O S&amp;P 500, principal \u00edndice da Bolsa de Nova York, tamb\u00e9m avan\u00e7ou 2,7% e renovou sua m\u00e1xima hist\u00f3rica.<\/p>\n\n\n\n<h2 class=\"wp-block-heading\">Intelig\u00eancia artificial sustenta as bolsas<\/h2>\n\n\n\n<p>A alta dos mercados americanos foi apoiada pelo crescimento dos lucros das empresas e pela continuidade dos investimentos em intelig\u00eancia artificial.<\/p>\n\n\n\n<p>As a\u00e7\u00f5es de semicondutores, fabricantes de componentes usados em computadores, celulares e servidores, se recuperaram depois da queda de julho. O movimento beneficiou principalmente as bolsas da Coreia do Sul e de Taiwan, que subiram 15,1% e 11,9%, respectivamente, em agosto.<\/p>\n\n\n\t<p>\n\t\t<a href=\"https:\/\/lp2.suno.com.br\/onde-investir-2026\/?utm_campaign=_SNC390A0FD0_ao&#038;utm_source=suno-not\u00edcias&#038;utm_medium=banner.noticias\" target=\"_blank\" data-element=\"shortcode-suno-banner\" title=\"Banner SUNO, clique e saiba mais\">\n\t\t\t<picture>\n\t\t\t\t<source media=\"(max-width: 500px)\" srcset=\"https:\/\/files.sunoresearch.com.br\/gaia\/uploads\/2026\/01\/Banner-Materias-01-Mbl_-400x300-1.png\">\n\t\t\t\t<img class=\"newsContent__article__imgCapa newsContent__article__imgCapa--banner\"\n\t\t\t\t\tsrc=\"https:\/\/files.sunoresearch.com.br\/gaia\/uploads\/2026\/01\/Banner-Materias-01-Dkp_-1420x240-1.png\"\n\t\t\t\t\tdata-promo-id=\"651623\"\t\t\t\t\t\t\t\t\t\twidth='1420' height='240'\t\t\t\t\talt=\"https:\/\/files.sunoresearch.com.br\/gaia\/uploads\/2026\/01\/Banner-Materias-01-Dkp_-1420x240-1.png\"\n\t\t\t\t>\n\t\t\t<\/picture>\n\t\t<\/a>\n\t<\/p>\n\n\n\n\n\n\n\n<p>A Nvidia, uma das principais empresas da cadeia de intelig\u00eancia artificial, apresentou proje\u00e7\u00f5es consideradas fortes pelo mercado. O resultado refor\u00e7ou a expectativa de que os investimentos em tecnologia ainda podem sustentar o crescimento de diversas companhias.<\/p>\n\n\n\n<p>Na temporada de balan\u00e7os, o lucro das empresas americanas cresceu 33,4% na compara\u00e7\u00e3o anual, desconsiderando efeitos n\u00e3o recorrentes. Foi o maior avan\u00e7o desde 2021, segundo o relat\u00f3rio.<\/p>\n\n\n\n<p>O desempenho, por\u00e9m, n\u00e3o foi uniforme. O fundo que acompanha empresas de tecnologia chinesas caiu 9,4% em agosto, enquanto o indicador mais amplo da China recuou 3,1%. O Brasil tamb\u00e9m ficou entre os mercados negativos, com queda de 1,7%.<\/p>\n\n\n\n<h2 class=\"wp-block-heading\">Juros longos e situa\u00e7\u00e3o fiscal preocupam<\/h2>\n\n\n\n<p>A <a class=\"suno-keyword\" target=\"_blank\" data-force=\"no\" data-priority=\"1\" href=\"https:\/\/www.suno.com.br\/artigos\/politica-monetaria\/\" rel=\"noopener\">pol\u00edtica monet\u00e1ria<\/a> americana ser\u00e1 um dos principais pontos de aten\u00e7\u00e3o do m\u00eas. O mercado estava dividido entre a manuten\u00e7\u00e3o ou uma alta dos juros na reuni\u00e3o de setembro. Para o fim de 2026, a expectativa de pelo menos uma eleva\u00e7\u00e3o era considerada praticamente certa.<\/p>\n\n\n\t<p>\n\t\t<a href=\"https:\/\/lp2.suno.com.br\/lm\/minicurso-construindo-um-portfolio-milionario\/?utm_campaign=_SNC35CF3834_ao&#038;utm_source=suno-not\u00edcias&#038;utm_medium=banner.noticias\" target=\"_blank\" data-element=\"shortcode-suno-banner\" title=\"Banner SUNO, clique e saiba mais\">\n\t\t\t<picture>\n\t\t\t\t<source media=\"(max-width: 500px)\" srcset=\"https:\/\/files.sunoresearch.com.br\/gaia\/uploads\/2026\/01\/MB-PS-HOME-DE-ARTIGOS-400x300-ID_01_x1.jpg\">\n\t\t\t\t<img class=\"newsContent__article__imgCapa newsContent__article__imgCapa--banner\"\n\t\t\t\t\tsrc=\"https:\/\/files.sunoresearch.com.br\/gaia\/uploads\/2026\/01\/DT-PS-HOME-DE-ARTIGOS-1420x240-ID_01_x1.jpg\"\n\t\t\t\t\tdata-promo-id=\"651626\"\t\t\t\t\t\t\t\t\t\twidth='1420' height='240'\t\t\t\t\talt=\"https:\/\/files.sunoresearch.com.br\/gaia\/uploads\/2026\/01\/DT-PS-HOME-DE-ARTIGOS-1420x240-ID_01_x1.jpg\"\n\t\t\t\t>\n\t\t\t<\/picture>\n\t\t<\/a>\n\t<\/p>\n\n\n\n\n\n\n\n<p>Os chamados juros longos, que influenciam financiamentos, empr\u00e9stimos e o valor de empresas mais dependentes de cr\u00e9dito, tamb\u00e9m passaram por forte oscila\u00e7\u00e3o.<\/p>\n\n\n\n<p>Parte da press\u00e3o vem da preocupa\u00e7\u00e3o com o aumento dos gastos e da d\u00edvida dos Estados Unidos. Outro fator \u00e9 a emiss\u00e3o de t\u00edtulos por grandes empresas de tecnologia, conhecidas como hyperscalers, para financiar a infraestrutura necess\u00e1ria \u00e0 expans\u00e3o da intelig\u00eancia artificial.<\/p>\n\n\n\n<p>Quando aumenta a oferta de t\u00edtulos no mercado, os investidores podem exigir uma remunera\u00e7\u00e3o maior para compr\u00e1-los. Isso eleva os juros e pode reduzir a atratividade de setores como im\u00f3veis e servi\u00e7os p\u00fablicos.<\/p>\n\n\n\n<h2 class=\"wp-block-heading\">China e emergentes ganham espa\u00e7o<\/h2>\n\n\n\n<p>A leitura do relat\u00f3rio \u00e9 neutra para Estados Unidos, Europa e Reino Unido. Na pr\u00e1tica, isso significa que os riscos e as oportunidades dessas regi\u00f5es s\u00e3o vistos como relativamente equilibrados.<\/p>\n\n\n\t<p>\n\t\t<a href=\"https:\/\/lp.suno.com.br\/5-amostras-suno-research\/?utm_campaign=_SNC390A0FD0_ao&#038;utm_source=suno-not\u00edcias&#038;utm_medium=banner.noticias\" target=\"_blank\" data-element=\"shortcode-suno-banner\" title=\"Banner SUNO, clique e saiba mais\">\n\t\t\t<picture>\n\t\t\t\t<source media=\"(max-width: 500px)\" srcset=\"https:\/\/files.sunoresearch.com.br\/gaia\/uploads\/2026\/01\/400x300-5-amostras-1.png\">\n\t\t\t\t<img class=\"newsContent__article__imgCapa newsContent__article__imgCapa--banner\"\n\t\t\t\t\tsrc=\"https:\/\/files.sunoresearch.com.br\/gaia\/uploads\/2026\/01\/1420x240-5-amostras-1.png\"\n\t\t\t\t\tdata-promo-id=\"651113\"\t\t\t\t\t\t\t\t\t\twidth='1420' height='240'\t\t\t\t\talt=\"https:\/\/files.sunoresearch.com.br\/gaia\/uploads\/2026\/01\/1420x240-5-amostras-1.png\"\n\t\t\t\t>\n\t\t\t<\/picture>\n\t\t<\/a>\n\t<\/p>\n\n\n\n\n\n\n\n<p>A avalia\u00e7\u00e3o \u00e9 mais positiva para a China e para os mercados emergentes. No caso chin\u00eas, o destaque est\u00e1 nas empresas ligadas \u00e0 intelig\u00eancia artificial, apoiadas por investimentos e incentivos do governo.<\/p>\n\n\n\n<p>Entre os emergentes, o cen\u00e1rio \u00e9 favorecido por um <a class=\"suno-keyword\" target=\"_blank\" data-force=\"no\" data-priority=\"2\" href=\"https:\/\/www.suno.com.br\/analitica\/moedas\/dolar-hoje\/\" rel=\"noopener\">d\u00f3lar<\/a> mais fraco, entrada de capital e queda relativa dos juros. As elei\u00e7\u00f5es na Am\u00e9rica Latina, especialmente no Brasil, tamb\u00e9m aparecem entre os fatores observados pelos investidores.<\/p>\n\n\n\n<p>O Jap\u00e3o recebeu uma avalia\u00e7\u00e3o abaixo da m\u00e9dia ap\u00f3s a forte valoriza\u00e7\u00e3o recente das a\u00e7\u00f5es locais, que reduziu o espa\u00e7o para novas altas.<\/p>\n\n\n\n<p>Al\u00e9m dos juros, os mercados devem acompanhar as tens\u00f5es entre Estados Unidos e China na \u00e1rea de tecnologia, a situa\u00e7\u00e3o fiscal dos pa\u00edses desenvolvidos e a guerra no Oriente M\u00e9dio, que pode manter o petr\u00f3leo em n\u00edveis elevados.<\/p>\n\n\n\n<p>O <strong>Fed<\/strong> come\u00e7a setembro diante de um dilema: controlar a infla\u00e7\u00e3o e preservar a credibilidade da pol\u00edtica monet\u00e1ria sem provocar uma desacelera\u00e7\u00e3o excessiva da economia e das bolsas.<\/p>\n","protected":false},"excerpt":{"rendered":"<p>O Fed, banco central dos Estados Unidos, deve continuar no centro das aten\u00e7\u00f5es dos investidores em setembro. As expectativas sobre os pr\u00f3ximos passos da institui\u00e7\u00e3o est\u00e3o divididas entre a manuten\u00e7\u00e3o ou uma poss\u00edvel alta dos juros, enquanto aumentam as preocupa\u00e7\u00f5es com a situa\u00e7\u00e3o fiscal americana e a volatilidade das taxas de longo prazo. As informa\u00e7\u00f5es &hellip; Continued<\/p>\n","protected":false},"author":402,"featured_media":663585,"comment_status":"closed","ping_status":"closed","sticky":false,"template":"","format":"standard","meta":[],"categories":[63],"tags":[776],"suno_strategy":[],"class_list":["post-663584","post","type-post","status-publish","format-standard","has-post-thumbnail","hentry","category-internacional","tag-federal-reseve-fed"],"yoast_head":"<!-- This site is optimized with the Yoast SEO plugin v24.4 - https:\/\/yoast.com\/wordpress\/plugins\/seo\/ -->\n<title>Fed entra no radar e pode mexer com bolsas globais em setembro<\/title>\n<meta name=\"description\" content=\"O Fed entra no radar dos mercados globais em setembro, com expectativas sobre juros, infla\u00e7\u00e3o, situa\u00e7\u00e3o fiscal dos EUA e IA\" \/>\n<meta name=\"robots\" content=\"index, follow, max-snippet:-1, max-image-preview:large, max-video-preview:-1\" \/>\n<link rel=\"canonical\" href=\"https:\/\/www.suno.com.br\/noticias\/fed-bolsas-globais-juros-eua-setembro-mt\/\" \/>\n<meta property=\"og:locale\" content=\"pt_BR\" \/>\n<meta property=\"og:type\" content=\"article\" \/>\n<meta property=\"og:title\" content=\"Fed entra no radar e pode mexer com bolsas globais em setembro\" \/>\n<meta property=\"og:description\" content=\"O Fed entra no radar dos mercados globais em setembro, com expectativas sobre juros, infla\u00e7\u00e3o, situa\u00e7\u00e3o fiscal dos EUA e IA\" \/>\n<meta property=\"og:url\" content=\"https:\/\/www.suno.com.br\/noticias\/fed-bolsas-globais-juros-eua-setembro-mt\/\" \/>\n<meta property=\"og:site_name\" content=\"Suno Not\u00edcias\" \/>\n<meta property=\"article:publisher\" content=\"https:\/\/facebook.com\/sunoresearch\" \/>\n<meta property=\"og:image\" content=\"http:\/\/files.sunoresearch.com.br\/n\/uploads\/2026\/09\/cfd1b479-federal_reserve-jpg.webp\" \/>\n\t<meta property=\"og:image:width\" content=\"969\" \/>\n\t<meta property=\"og:image:height\" content=\"753\" \/>\n\t<meta property=\"og:image:type\" content=\"image\/jpeg\" \/>\n<meta name=\"author\" content=\"Ma\u00edra Telles\" \/>\n<meta name=\"twitter:card\" content=\"summary_large_image\" \/>\n<meta name=\"twitter:creator\" content=\"@sunoresearch\" \/>\n<meta name=\"twitter:site\" content=\"@sunoresearch\" \/>\n<meta name=\"twitter:label1\" content=\"Escrito por\" \/>\n\t<meta name=\"twitter:data1\" content=\"Ma\u00edra Telles\" \/>\n\t<meta name=\"twitter:label2\" content=\"Est. tempo de leitura\" \/>\n\t<meta name=\"twitter:data2\" content=\"4 minutos\" \/>\n<script type=\"application\/ld+json\" class=\"yoast-schema-graph\">{\"@context\":\"https:\/\/schema.org\",\"@graph\":[{\"@type\":\"NewsArticle\",\"@id\":\"https:\/\/www.suno.com.br\/noticias\/fed-bolsas-globais-juros-eua-setembro-mt\/#article\",\"isPartOf\":{\"@id\":\"https:\/\/www.suno.com.br\/noticias\/fed-bolsas-globais-juros-eua-setembro-mt\/\"},\"author\":{\"name\":\"Ma\u00edra Telles\",\"@id\":\"https:\/\/www.suno.com.br\/noticias\/#\/schema\/person\/0a8b51292bb96ee5f104094c0907eaef\"},\"headline\":\"Fed entra no radar e pode mexer com bolsas globais em setembro\",\"datePublished\":\"2026-09-04T18:55:06+00:00\",\"mainEntityOfPage\":{\"@id\":\"https:\/\/www.suno.com.br\/noticias\/fed-bolsas-globais-juros-eua-setembro-mt\/\"},\"wordCount\":723,\"publisher\":{\"@id\":\"https:\/\/www.suno.com.br\/noticias\/#organization\"},\"image\":{\"@id\":\"https:\/\/www.suno.com.br\/noticias\/fed-bolsas-globais-juros-eua-setembro-mt\/#primaryimage\"},\"thumbnailUrl\":\"https:\/\/files.sunoresearch.com.br\/n\/uploads\/2026\/09\/cfd1b479-federal_reserve-jpg.webp\",\"keywords\":[\"Federal Reserve (FED)\"],\"articleSection\":[\"Internacional\"],\"inLanguage\":\"pt-BR\"},{\"@type\":\"WebPage\",\"@id\":\"https:\/\/www.suno.com.br\/noticias\/fed-bolsas-globais-juros-eua-setembro-mt\/\",\"url\":\"https:\/\/www.suno.com.br\/noticias\/fed-bolsas-globais-juros-eua-setembro-mt\/\",\"name\":\"Fed entra no radar e pode mexer com bolsas globais em setembro\",\"isPartOf\":{\"@id\":\"https:\/\/www.suno.com.br\/noticias\/#website\"},\"primaryImageOfPage\":{\"@id\":\"https:\/\/www.suno.com.br\/noticias\/fed-bolsas-globais-juros-eua-setembro-mt\/#primaryimage\"},\"image\":{\"@id\":\"https:\/\/www.suno.com.br\/noticias\/fed-bolsas-globais-juros-eua-setembro-mt\/#primaryimage\"},\"thumbnailUrl\":\"https:\/\/files.sunoresearch.com.br\/n\/uploads\/2026\/09\/cfd1b479-federal_reserve-jpg.webp\",\"datePublished\":\"2026-09-04T18:55:06+00:00\",\"description\":\"O Fed entra no radar dos mercados globais em setembro, com expectativas sobre juros, infla\u00e7\u00e3o, situa\u00e7\u00e3o fiscal dos EUA e IA\",\"breadcrumb\":{\"@id\":\"https:\/\/www.suno.com.br\/noticias\/fed-bolsas-globais-juros-eua-setembro-mt\/#breadcrumb\"},\"inLanguage\":\"pt-BR\",\"potentialAction\":[{\"@type\":\"ReadAction\",\"target\":[\"https:\/\/www.suno.com.br\/noticias\/fed-bolsas-globais-juros-eua-setembro-mt\/\"]}]},{\"@type\":\"ImageObject\",\"inLanguage\":\"pt-BR\",\"@id\":\"https:\/\/www.suno.com.br\/noticias\/fed-bolsas-globais-juros-eua-setembro-mt\/#primaryimage\",\"url\":\"https:\/\/files.sunoresearch.com.br\/n\/uploads\/2026\/09\/cfd1b479-federal_reserve-jpg.webp\",\"contentUrl\":\"https:\/\/files.sunoresearch.com.br\/n\/uploads\/2026\/09\/cfd1b479-federal_reserve-jpg.webp\",\"width\":969,\"height\":753,\"caption\":\"Federal Reserve (Fed) Foto: Reprodu\u00e7\u00e3o)\"},{\"@type\":\"BreadcrumbList\",\"@id\":\"https:\/\/www.suno.com.br\/noticias\/fed-bolsas-globais-juros-eua-setembro-mt\/#breadcrumb\",\"itemListElement\":[{\"@type\":\"ListItem\",\"position\":1,\"name\":\"Not\u00edcias\",\"item\":\"https:\/\/www.suno.com.br\/noticias\/\"},{\"@type\":\"ListItem\",\"position\":2,\"name\":\"Neg\u00f3cios\",\"item\":\"https:\/\/www.suno.com.br\/noticias\/negocios\/\"},{\"@type\":\"ListItem\",\"position\":3,\"name\":\"Fed entra no radar e pode mexer com bolsas globais em setembro\"}]},{\"@type\":\"WebSite\",\"@id\":\"https:\/\/www.suno.com.br\/noticias\/#website\",\"url\":\"https:\/\/www.suno.com.br\/noticias\/\",\"name\":\"Suno Not\u00edcias\",\"description\":\"Seu portal de informa\u00e7\u00e3o sobre o mundo dos investimentos\",\"publisher\":{\"@id\":\"https:\/\/www.suno.com.br\/noticias\/#organization\"},\"potentialAction\":[{\"@type\":\"SearchAction\",\"target\":{\"@type\":\"EntryPoint\",\"urlTemplate\":\"https:\/\/www.suno.com.br\/noticias\/?s={search_term_string}\"},\"query-input\":{\"@type\":\"PropertyValueSpecification\",\"valueRequired\":true,\"valueName\":\"search_term_string\"}}],\"inLanguage\":\"pt-BR\"},{\"@type\":\"Organization\",\"@id\":\"https:\/\/www.suno.com.br\/noticias\/#organization\",\"name\":\"Suno Not\u00edcias\",\"url\":\"https:\/\/www.suno.com.br\/noticias\/\",\"logo\":{\"@type\":\"ImageObject\",\"inLanguage\":\"pt-BR\",\"@id\":\"https:\/\/www.suno.com.br\/noticias\/#\/schema\/logo\/image\/\",\"url\":\"https:\/\/files.sunoresearch.com.br\/n\/uploads\/2021\/09\/suno-logo.png\",\"contentUrl\":\"https:\/\/files.sunoresearch.com.br\/n\/uploads\/2021\/09\/suno-logo.png\",\"width\":180,\"height\":180,\"caption\":\"Suno Not\u00edcias\"},\"image\":{\"@id\":\"https:\/\/www.suno.com.br\/noticias\/#\/schema\/logo\/image\/\"},\"sameAs\":[\"https:\/\/facebook.com\/sunoresearch\",\"https:\/\/x.com\/sunoresearch\",\"https:\/\/www.instagram.com\/suno\",\"https:\/\/www.linkedin.com\/company\/suno-research\/\",\"https:\/\/www.youtube.com\/c\/sunoresearch\"]},{\"@type\":\"Person\",\"@id\":\"https:\/\/www.suno.com.br\/noticias\/#\/schema\/person\/0a8b51292bb96ee5f104094c0907eaef\",\"name\":\"Ma\u00edra Telles\",\"image\":{\"@type\":\"ImageObject\",\"inLanguage\":\"pt-BR\",\"@id\":\"https:\/\/www.suno.com.br\/noticias\/#\/schema\/person\/image\/\",\"url\":\"https:\/\/secure.gravatar.com\/avatar\/8d13691eab6abc1d1050b62a4c2a6116?s=96&r=g\",\"contentUrl\":\"https:\/\/secure.gravatar.com\/avatar\/8d13691eab6abc1d1050b62a4c2a6116?s=96&r=g\",\"caption\":\"Ma\u00edra Telles\"},\"description\":\"Jornalista especializada em mercado financeiro, economia, neg\u00f3cios e agroneg\u00f3cio, com experi\u00eancia em reda\u00e7\u00e3o, comunica\u00e7\u00e3o estrat\u00e9gica e produ\u00e7\u00e3o de conte\u00fado para m\u00faltiplas plataformas. Com atua\u00e7\u00e3o tamb\u00e9m em marketing digital e gest\u00e3o de crise, une an\u00e1lise, apura\u00e7\u00e3o e linguagem acess\u00edvel para traduzir temas complexos em informa\u00e7\u00e3o relevante para investidores e leitores interessados no funcionamento da economia.\",\"url\":\"https:\/\/www.suno.com.br\/noticias\/author\/mairaftellesgmail-com\/\"}]}<\/script>\n<!-- \/ Yoast SEO plugin. -->","yoast_head_json":{"title":"Fed entra no radar e pode mexer com bolsas globais em setembro","description":"O Fed entra no radar dos mercados globais em setembro, com expectativas sobre juros, infla\u00e7\u00e3o, situa\u00e7\u00e3o fiscal dos EUA e IA","robots":{"index":"index","follow":"follow","max-snippet":"max-snippet:-1","max-image-preview":"max-image-preview:large","max-video-preview":"max-video-preview:-1"},"canonical":"https:\/\/www.suno.com.br\/noticias\/fed-bolsas-globais-juros-eua-setembro-mt\/","og_locale":"pt_BR","og_type":"article","og_title":"Fed entra no radar e pode mexer com bolsas globais em setembro","og_description":"O Fed entra no radar dos mercados globais em setembro, com expectativas sobre juros, infla\u00e7\u00e3o, situa\u00e7\u00e3o fiscal dos EUA e IA","og_url":"https:\/\/www.suno.com.br\/noticias\/fed-bolsas-globais-juros-eua-setembro-mt\/","og_site_name":"Suno Not\u00edcias","article_publisher":"https:\/\/facebook.com\/sunoresearch","og_image":[{"width":969,"height":753,"url":"http:\/\/files.sunoresearch.com.br\/n\/uploads\/2026\/09\/cfd1b479-federal_reserve-jpg.webp","type":"image\/jpeg"}],"author":"Ma\u00edra Telles","twitter_card":"summary_large_image","twitter_creator":"@sunoresearch","twitter_site":"@sunoresearch","twitter_misc":{"Escrito por":"Ma\u00edra Telles","Est. tempo de leitura":"4 minutos"},"schema":{"@context":"https:\/\/schema.org","@graph":[{"@type":"NewsArticle","@id":"https:\/\/www.suno.com.br\/noticias\/fed-bolsas-globais-juros-eua-setembro-mt\/#article","isPartOf":{"@id":"https:\/\/www.suno.com.br\/noticias\/fed-bolsas-globais-juros-eua-setembro-mt\/"},"author":{"name":"Ma\u00edra Telles","@id":"https:\/\/www.suno.com.br\/noticias\/#\/schema\/person\/0a8b51292bb96ee5f104094c0907eaef"},"headline":"Fed entra no radar e pode mexer com bolsas globais em setembro","datePublished":"2026-09-04T18:55:06+00:00","mainEntityOfPage":{"@id":"https:\/\/www.suno.com.br\/noticias\/fed-bolsas-globais-juros-eua-setembro-mt\/"},"wordCount":723,"publisher":{"@id":"https:\/\/www.suno.com.br\/noticias\/#organization"},"image":{"@id":"https:\/\/www.suno.com.br\/noticias\/fed-bolsas-globais-juros-eua-setembro-mt\/#primaryimage"},"thumbnailUrl":"https:\/\/files.sunoresearch.com.br\/n\/uploads\/2026\/09\/cfd1b479-federal_reserve-jpg.webp","keywords":["Federal Reserve (FED)"],"articleSection":["Internacional"],"inLanguage":"pt-BR"},{"@type":"WebPage","@id":"https:\/\/www.suno.com.br\/noticias\/fed-bolsas-globais-juros-eua-setembro-mt\/","url":"https:\/\/www.suno.com.br\/noticias\/fed-bolsas-globais-juros-eua-setembro-mt\/","name":"Fed entra no radar e pode mexer com bolsas globais em setembro","isPartOf":{"@id":"https:\/\/www.suno.com.br\/noticias\/#website"},"primaryImageOfPage":{"@id":"https:\/\/www.suno.com.br\/noticias\/fed-bolsas-globais-juros-eua-setembro-mt\/#primaryimage"},"image":{"@id":"https:\/\/www.suno.com.br\/noticias\/fed-bolsas-globais-juros-eua-setembro-mt\/#primaryimage"},"thumbnailUrl":"https:\/\/files.sunoresearch.com.br\/n\/uploads\/2026\/09\/cfd1b479-federal_reserve-jpg.webp","datePublished":"2026-09-04T18:55:06+00:00","description":"O Fed entra no radar dos mercados globais em setembro, com expectativas sobre juros, infla\u00e7\u00e3o, situa\u00e7\u00e3o fiscal dos EUA e IA","breadcrumb":{"@id":"https:\/\/www.suno.com.br\/noticias\/fed-bolsas-globais-juros-eua-setembro-mt\/#breadcrumb"},"inLanguage":"pt-BR","potentialAction":[{"@type":"ReadAction","target":["https:\/\/www.suno.com.br\/noticias\/fed-bolsas-globais-juros-eua-setembro-mt\/"]}]},{"@type":"ImageObject","inLanguage":"pt-BR","@id":"https:\/\/www.suno.com.br\/noticias\/fed-bolsas-globais-juros-eua-setembro-mt\/#primaryimage","url":"https:\/\/files.sunoresearch.com.br\/n\/uploads\/2026\/09\/cfd1b479-federal_reserve-jpg.webp","contentUrl":"https:\/\/files.sunoresearch.com.br\/n\/uploads\/2026\/09\/cfd1b479-federal_reserve-jpg.webp","width":969,"height":753,"caption":"Federal Reserve (Fed) Foto: Reprodu\u00e7\u00e3o)"},{"@type":"BreadcrumbList","@id":"https:\/\/www.suno.com.br\/noticias\/fed-bolsas-globais-juros-eua-setembro-mt\/#breadcrumb","itemListElement":[{"@type":"ListItem","position":1,"name":"Not\u00edcias","item":"https:\/\/www.suno.com.br\/noticias\/"},{"@type":"ListItem","position":2,"name":"Neg\u00f3cios","item":"https:\/\/www.suno.com.br\/noticias\/negocios\/"},{"@type":"ListItem","position":3,"name":"Fed entra no radar e pode mexer com bolsas globais em setembro"}]},{"@type":"WebSite","@id":"https:\/\/www.suno.com.br\/noticias\/#website","url":"https:\/\/www.suno.com.br\/noticias\/","name":"Suno Not\u00edcias","description":"Seu portal de informa\u00e7\u00e3o sobre o mundo dos investimentos","publisher":{"@id":"https:\/\/www.suno.com.br\/noticias\/#organization"},"potentialAction":[{"@type":"SearchAction","target":{"@type":"EntryPoint","urlTemplate":"https:\/\/www.suno.com.br\/noticias\/?s={search_term_string}"},"query-input":{"@type":"PropertyValueSpecification","valueRequired":true,"valueName":"search_term_string"}}],"inLanguage":"pt-BR"},{"@type":"Organization","@id":"https:\/\/www.suno.com.br\/noticias\/#organization","name":"Suno Not\u00edcias","url":"https:\/\/www.suno.com.br\/noticias\/","logo":{"@type":"ImageObject","inLanguage":"pt-BR","@id":"https:\/\/www.suno.com.br\/noticias\/#\/schema\/logo\/image\/","url":"https:\/\/files.sunoresearch.com.br\/n\/uploads\/2021\/09\/suno-logo.png","contentUrl":"https:\/\/files.sunoresearch.com.br\/n\/uploads\/2021\/09\/suno-logo.png","width":180,"height":180,"caption":"Suno Not\u00edcias"},"image":{"@id":"https:\/\/www.suno.com.br\/noticias\/#\/schema\/logo\/image\/"},"sameAs":["https:\/\/facebook.com\/sunoresearch","https:\/\/x.com\/sunoresearch","https:\/\/www.instagram.com\/suno","https:\/\/www.linkedin.com\/company\/suno-research\/","https:\/\/www.youtube.com\/c\/sunoresearch"]},{"@type":"Person","@id":"https:\/\/www.suno.com.br\/noticias\/#\/schema\/person\/0a8b51292bb96ee5f104094c0907eaef","name":"Ma\u00edra Telles","image":{"@type":"ImageObject","inLanguage":"pt-BR","@id":"https:\/\/www.suno.com.br\/noticias\/#\/schema\/person\/image\/","url":"https:\/\/secure.gravatar.com\/avatar\/8d13691eab6abc1d1050b62a4c2a6116?s=96&r=g","contentUrl":"https:\/\/secure.gravatar.com\/avatar\/8d13691eab6abc1d1050b62a4c2a6116?s=96&r=g","caption":"Ma\u00edra Telles"},"description":"Jornalista especializada em mercado financeiro, economia, neg\u00f3cios e agroneg\u00f3cio, com experi\u00eancia em reda\u00e7\u00e3o, comunica\u00e7\u00e3o estrat\u00e9gica e produ\u00e7\u00e3o de conte\u00fado para m\u00faltiplas plataformas. Com atua\u00e7\u00e3o tamb\u00e9m em marketing digital e gest\u00e3o de crise, une an\u00e1lise, apura\u00e7\u00e3o e linguagem acess\u00edvel para traduzir temas complexos em informa\u00e7\u00e3o relevante para investidores e leitores interessados no funcionamento da economia.","url":"https:\/\/www.suno.com.br\/noticias\/author\/mairaftellesgmail-com\/"}]}},"default_loop_html":"<div class=\"cardsPage__listCard__boxs\"><div class=\"cardsPage__listCard__boxs__img\"><a href=\"https:\/\/www.suno.com.br\/noticias\/fed-bolsas-globais-juros-eua-setembro-mt\/\"><img class=\"mask\" src=\"https:\/\/www.suno.com.br\/noticias\/wp-content\/themes\/suno\/resources\/images\/spotlight\/spotlight1img\/bg-mask.png\" alt=\"Image Mask\"\/><img src=\"https:\/\/files.sunoresearch.com.br\/n\/uploads\/2026\/09\/cfd1b479-federal_reserve-400x200.webp\" alt=\"Fed entra no radar e pode mexer com bolsas globais em setembro\"\/><\/a><span class=\"spotlightCategory\"><a href=\"https:\/\/www.suno.com.br\/noticias\/internacional\/\">Internacional<\/a><\/span><\/div><div class=\"cardsPage__listCard__boxs__content\"><a href=\"https:\/\/www.suno.com.br\/noticias\/fed-bolsas-globais-juros-eua-setembro-mt\/\"><h2 class=\"content__title\">Fed entra no radar e pode mexer com bolsas globais em setembro<\/h2><\/a><div class=\"newsContent__article__meta\"><div class=\"newsContent__article__meta__authorBox\"><a href=\"https:\/\/www.suno.com.br\/noticias\/author\/mairaftellesgmail-com\/\" class=\"authorBox__avatar noMobi\"><img src=\"https:\/\/secure.gravatar.com\/avatar\/8d13691eab6abc1d1050b62a4c2a6116?s=96&#038;r=g\" alt=\"Ma\u00edra Telles\"><\/a><div class=\"authorBox__name\"><span>por\n\t\t\t<a href=\"https:\/\/www.suno.com.br\/noticias\/author\/mairaftellesgmail-com\/\"><span itemprop=\"author\">Ma\u00edra Telles<\/span><\/a><\/span><time datetime=\"2026-09-04T15:55:06-03:00\" itemprop=\"datePublished\">04\/09\/2026 15:55<\/time><\/div><\/div><\/div><\/div><\/div>","single_layout":"posts","amp_enabled":true,"_links":{"self":[{"href":"https:\/\/www.suno.com.br\/noticias\/wp-json\/wp\/v2\/posts\/663584"}],"collection":[{"href":"https:\/\/www.suno.com.br\/noticias\/wp-json\/wp\/v2\/posts"}],"about":[{"href":"https:\/\/www.suno.com.br\/noticias\/wp-json\/wp\/v2\/types\/post"}],"author":[{"embeddable":true,"href":"https:\/\/www.suno.com.br\/noticias\/wp-json\/wp\/v2\/users\/402"}],"replies":[{"embeddable":true,"href":"https:\/\/www.suno.com.br\/noticias\/wp-json\/wp\/v2\/comments?post=663584"}],"version-history":[{"count":0,"href":"https:\/\/www.suno.com.br\/noticias\/wp-json\/wp\/v2\/posts\/663584\/revisions"}],"wp:featuredmedia":[{"embeddable":true,"href":"https:\/\/www.suno.com.br\/noticias\/wp-json\/wp\/v2\/media\/663585"}],"wp:attachment":[{"href":"https:\/\/www.suno.com.br\/noticias\/wp-json\/wp\/v2\/media?parent=663584"}],"wp:term":[{"taxonomy":"category","embeddable":true,"href":"https:\/\/www.suno.com.br\/noticias\/wp-json\/wp\/v2\/categories?post=663584"},{"taxonomy":"post_tag","embeddable":true,"href":"https:\/\/www.suno.com.br\/noticias\/wp-json\/wp\/v2\/tags?post=663584"},{"taxonomy":"suno_strategy","embeddable":true,"href":"https:\/\/www.suno.com.br\/noticias\/wp-json\/wp\/v2\/suno_strategy?post=663584"}],"curies":[{"name":"wp","href":"https:\/\/api.w.org\/{rel}","templated":true}]}}