{"id":663572,"date":"2026-09-04T12:31:36","date_gmt":"2026-09-04T15:31:36","guid":{"rendered":"https:\/\/www.suno.com.br\/noticias\/embraer-embr3-spx-tempest-vision-ciberseguranca-mt\/"},"modified":"2026-09-04T12:31:36","modified_gmt":"2026-09-04T15:31:36","slug":"embraer-embr3-spx-tempest-vision-ciberseguranca-mt","status":"publish","type":"post","link":"https:\/\/www.suno.com.br\/noticias\/embraer-embr3-spx-tempest-vision-ciberseguranca-mt\/","title":{"rendered":"Embraer (EMBJ3) troca controle da Tempest por participa\u00e7\u00e3o em gigante de ciberseguran\u00e7a"},"content":{"rendered":"<p>A <a class=\"suno-keyword\" target=\"_blank\" data-force=\"no\" data-priority=\"2\" href=\"https:\/\/www.suno.com.br\/analitica\/acoes\/embj3\/\" rel=\"noopener\"><strong>Embraer (EMBJ3)<\/strong><\/a> e a SPX Capital anunciaram a combina\u00e7\u00e3o da Tempest Security com a Vision Cybersecurity. A opera\u00e7\u00e3o dar\u00e1 origem a uma nova empresa de ciberseguran\u00e7a, ainda sem nome definido, com faturamento anual superior a R$ 700 milh\u00f5es, cerca de 900 profissionais e mais de 600 clientes.<\/p>\t<div class=\"wrapper-featured-image\">\n\t\t<figure class=\"spotlightImg\">\n\n\t\t\t<picture>\n\t\t\t\t<source media=\"(max-width: 768px)\" srcset=\"https:\/\/files.sunoresearch.com.br\/n\/uploads\/2026\/09\/3ea60ba8-embraer-divulgacao-868x500-1-1-400x200.webp\">\n\t\t\t\t<img loading=\"lazy\" decoding=\"async\" class=\"newsContent__article__imgCapa lazyloadDisabled \" src=\"https:\/\/files.sunoresearch.com.br\/n\/uploads\/2026\/09\/3ea60ba8-embraer-divulgacao-868x500-1-1-800x450.webp\" width=\"800\" height=\"450\" alt=\"Embraer (EMBJ3) troca controle da Tempest por participa\u00e7\u00e3o em gigante de ciberseguran\u00e7a\" fetchpriority=high \/>\n\t\t\t<\/picture>\n\n\t\t\t<figcaption class=\"wp-caption-text wp-caption-text--show\">Embraer (EMBJ3):  (Foto: Divulga\u00e7\u00e3o)<\/figcaption>\n\t\t<\/figure>\n\t<\/div>\n\n\n\n\n\n\n<p>Os R$ 700 milh\u00f5es n\u00e3o representam o pre\u00e7o da transa\u00e7\u00e3o, mas o faturamento anual da companhia combinada. O neg\u00f3cio ser\u00e1 realizado principalmente por meio de uma troca de a\u00e7\u00f5es, sem pagamento em dinheiro, e os percentuais exatos de participa\u00e7\u00e3o n\u00e3o foram informados. A conclus\u00e3o ainda depende de aprova\u00e7\u00f5es regulat\u00f3rias, incluindo o Cade. <\/p>\n\n\n\n<h2 class=\"wp-block-heading\">Tempest e Vision unem tecnologia e prote\u00e7\u00e3o contra ataques digitais<\/h2>\n\n\n\n<p>Ciberseguran\u00e7a \u00e9 o conjunto de tecnologias, processos e equipes usados para proteger sistemas, redes, aplicativos e dados contra invas\u00f5es, fraudes e outros ataques digitais.<\/p>\n\n\n\t<p>\n\t\t<a href=\"https:\/\/lp2.suno.com.br\/onde-investir-2026\/?utm_campaign=_SNC390A0FD0_ao&#038;utm_source=suno-not\u00edcias&#038;utm_medium=banner.noticias\" target=\"_blank\" data-element=\"shortcode-suno-banner\" title=\"Banner SUNO, clique e saiba mais\">\n\t\t\t<picture>\n\t\t\t\t<source media=\"(max-width: 500px)\" srcset=\"https:\/\/files.sunoresearch.com.br\/gaia\/uploads\/2026\/01\/Banner-Materias-01-Mbl_-400x300-1.png\">\n\t\t\t\t<img class=\"newsContent__article__imgCapa newsContent__article__imgCapa--banner\"\n\t\t\t\t\tsrc=\"https:\/\/files.sunoresearch.com.br\/gaia\/uploads\/2026\/01\/Banner-Materias-01-Dkp_-1420x240-1.png\"\n\t\t\t\t\tdata-promo-id=\"651623\"\t\t\t\t\t\t\t\t\t\twidth='1420' height='240'\t\t\t\t\talt=\"https:\/\/files.sunoresearch.com.br\/gaia\/uploads\/2026\/01\/Banner-Materias-01-Dkp_-1420x240-1.png\"\n\t\t\t\t>\n\t\t\t<\/picture>\n\t\t<\/a>\n\t<\/p>\n\n\n\n\n\n\n\n<p>A Tempest foi criada em 2000, a partir do centro de inova\u00e7\u00e3o CESAR, no Recife, e passou ao controle da Embraer em 2020. A empresa atende principalmente grandes companhias, incluindo grupos dos setores financeiro, de sa\u00fade, energia e varejo.<\/p>\n\n\n\n<p>J\u00e1 a Vision foi adquirida pela SPX em janeiro de 2026, em uma opera\u00e7\u00e3o com a ISH. Seu foco est\u00e1 em empresas de m\u00e9dio porte. A companhia utiliza plataformas de automa\u00e7\u00e3o e intelig\u00eancia para ampliar a escala dos servi\u00e7os de seguran\u00e7a.<\/p>\n\n\n\n<p>As duas empresas realizam an\u00e1lise de vulnerabilidades, que consiste em procurar falhas em sistemas, aplicativos, plataformas e equipamentos antes que elas sejam exploradas por criminosos. Tamb\u00e9m mant\u00eam centros de opera\u00e7\u00f5es de seguran\u00e7a, conhecidos como SOCs.<\/p>\n\n\n\n<p>Um SOC re\u00fane profissionais, sistemas e processos para monitorar redes continuamente, identificar comportamentos suspeitos e responder a incidentes. A nova empresa pretende combinar a base de dados e a experi\u00eancia da Tempest com as ferramentas de automa\u00e7\u00e3o da Vision, oferecendo servi\u00e7os que v\u00e3o da preven\u00e7\u00e3o ao monitoramento, conten\u00e7\u00e3o e recupera\u00e7\u00e3o de ataques.<\/p>\n\n\n\t<p>\n\t\t<a href=\"https:\/\/lp2.suno.com.br\/lm\/minicurso-construindo-um-portfolio-milionario\/?utm_campaign=_SNC35CF3834_ao&#038;utm_source=suno-not\u00edcias&#038;utm_medium=banner.noticias\" target=\"_blank\" data-element=\"shortcode-suno-banner\" title=\"Banner SUNO, clique e saiba mais\">\n\t\t\t<picture>\n\t\t\t\t<source media=\"(max-width: 500px)\" srcset=\"https:\/\/files.sunoresearch.com.br\/gaia\/uploads\/2026\/01\/MB-PS-HOME-DE-ARTIGOS-400x300-ID_01_x1.jpg\">\n\t\t\t\t<img class=\"newsContent__article__imgCapa newsContent__article__imgCapa--banner\"\n\t\t\t\t\tsrc=\"https:\/\/files.sunoresearch.com.br\/gaia\/uploads\/2026\/01\/DT-PS-HOME-DE-ARTIGOS-1420x240-ID_01_x1.jpg\"\n\t\t\t\t\tdata-promo-id=\"651626\"\t\t\t\t\t\t\t\t\t\twidth='1420' height='240'\t\t\t\t\talt=\"https:\/\/files.sunoresearch.com.br\/gaia\/uploads\/2026\/01\/DT-PS-HOME-DE-ARTIGOS-1420x240-ID_01_x1.jpg\"\n\t\t\t\t>\n\t\t\t<\/picture>\n\t\t<\/a>\n\t<\/p>\n\n\n\n\n\n\n\n<p>At\u00e9 a conclus\u00e3o da opera\u00e7\u00e3o, as marcas Tempest e Vision continuar\u00e3o sendo utilizadas, e as empresas manter\u00e3o opera\u00e7\u00f5es independentes. As companhias possuem escrit\u00f3rios em Vit\u00f3ria, Recife e S\u00e3o Paulo.<\/p>\n\n\n\n<p>Andr\u00e9 Fleury, atual presidente da Vision, ser\u00e1 o CEO da nova empresa, enquanto Jo\u00e3o Lins, presidente da Tempest, ocupar\u00e1 a vice-presid\u00eancia de Tecnologia e Inova\u00e7\u00e3o.<\/p>\n\n\n\n<h2 class=\"wp-block-heading\">SPX assume o controle, e EMBJ3 continua como acionista e cliente<\/h2>\n\n\n\n<p>A estrutura foi desenhada como uma permuta societ\u00e1ria. Em vez de uma empresa comprar a outra com dinheiro, os acionistas trocam participa\u00e7\u00f5es e passam a dividir o capital da companhia resultante.<\/p>\n\n\n\n<p>Ap\u00f3s o fechamento, a SPX ser\u00e1 a maior acionista e controladora da nova empresa. A Embraer deixar\u00e1 de controlar diretamente a Tempest, mas continuar\u00e1 como acionista relevante e cliente dos servi\u00e7os de ciberseguran\u00e7a. Os percentuais de participa\u00e7\u00e3o de cada grupo ainda n\u00e3o foram divulgados.<\/p>\n\n\n\t<p>\n\t\t<a href=\"https:\/\/lp.suno.com.br\/ebook-como-analisar-uma-acao\/?utm_campaign=_SNC390A0FD0_ao&#038;utm_source=suno-not\u00edcias&#038;utm_medium=banner.noticias\" target=\"_blank\" data-element=\"shortcode-suno-banner\" title=\"Banner SUNO, clique e saiba mais\">\n\t\t\t<picture>\n\t\t\t\t<source media=\"(max-width: 500px)\" srcset=\"https:\/\/files.sunoresearch.com.br\/gaia\/uploads\/2026\/01\/Ebook-Acoes-Mobile.webp\">\n\t\t\t\t<img class=\"newsContent__article__imgCapa newsContent__article__imgCapa--banner\"\n\t\t\t\t\tsrc=\"https:\/\/files.sunoresearch.com.br\/gaia\/uploads\/2026\/01\/Ebook-Acoes-Desktop.webp\"\n\t\t\t\t\tdata-promo-id=\"651105\"\t\t\t\t\t\t\t\t\t\twidth='1420' height='286'\t\t\t\t\talt=\"https:\/\/files.sunoresearch.com.br\/gaia\/uploads\/2026\/01\/Ebook-Acoes-Desktop.webp\"\n\t\t\t\t>\n\t\t\t<\/picture>\n\t\t<\/a>\n\t<\/p>\n\n\n\n\n\n\n\n<p>A SPX j\u00e1 havia anunciado um investimento de at\u00e9 R$ 400 milh\u00f5es na Vision em janeiro de 2026. Segundo informa\u00e7\u00f5es divulgadas na imprensa, esses recursos devem apoiar a integra\u00e7\u00e3o das empresas e os investimentos iniciais da nova companhia. Esse valor \u00e9 separado da opera\u00e7\u00e3o de troca de a\u00e7\u00f5es anunciada agora. <\/p>\n\n\n\n<p>A estrat\u00e9gia da companhia combinada \u00e9 consolidar a opera\u00e7\u00e3o no mercado brasileiro e, posteriormente, buscar expans\u00e3o na Am\u00e9rica Latina e na Am\u00e9rica do Norte. A combina\u00e7\u00e3o tamb\u00e9m pretende atender empresas de diferentes portes e ampliar a oferta de solu\u00e7\u00f5es de seguran\u00e7a digital.<\/p>\n\n\n\n<p>Para a <strong>Embraer (EMBJ3)<\/strong>, a mudan\u00e7a significa sair da posi\u00e7\u00e3o de controladora da Tempest e permanecer como acionista e usu\u00e1ria dos servi\u00e7os. Para a SPX, o acordo representa a assun\u00e7\u00e3o do controle de uma empresa maior, com atua\u00e7\u00e3o complementar e presen\u00e7a em diferentes segmentos do mercado de ciberseguran\u00e7a. A opera\u00e7\u00e3o ainda precisa ser aprovada pelo Cade e cumprir as demais condi\u00e7\u00f5es previstas no contrato.<\/p>\n\n\n\n<p><\/p>\n","protected":false},"excerpt":{"rendered":"<p>A Embraer (EMBJ3) e a SPX Capital anunciaram a combina\u00e7\u00e3o da Tempest Security com a Vision Cybersecurity. A opera\u00e7\u00e3o dar\u00e1 origem a uma nova empresa de ciberseguran\u00e7a, ainda sem nome definido, com faturamento anual superior a R$ 700 milh\u00f5es, cerca de 900 profissionais e mais de 600 clientes. Os R$ 700 milh\u00f5es n\u00e3o representam o &hellip; Continued<\/p>\n","protected":false},"author":402,"featured_media":663573,"comment_status":"closed","ping_status":"closed","sticky":false,"template":"","format":"standard","meta":[],"categories":[64],"tags":[],"suno_strategy":[],"class_list":["post-663572","post","type-post","status-publish","format-standard","has-post-thumbnail","hentry","category-negocios"],"yoast_head":"<!-- This site is optimized with the Yoast SEO plugin v24.4 - https:\/\/yoast.com\/wordpress\/plugins\/seo\/ -->\n<title>Embraer (EMBJ3) une Tempest e Vision<\/title>\n<meta name=\"description\" content=\"Embraer (EMBJ3) e SPX combinam Tempest e Vision em uma empresa de ciberseguran\u00e7a com faturamento anual superior a R$ 700 milh\u00f5es\" \/>\n<meta name=\"robots\" content=\"index, follow, max-snippet:-1, max-image-preview:large, max-video-preview:-1\" \/>\n<link rel=\"canonical\" href=\"https:\/\/www.suno.com.br\/noticias\/embraer-embr3-spx-tempest-vision-ciberseguranca-mt\/\" \/>\n<meta property=\"og:locale\" content=\"pt_BR\" \/>\n<meta property=\"og:type\" content=\"article\" \/>\n<meta property=\"og:title\" content=\"Embraer (EMBJ3) une Tempest e Vision\" \/>\n<meta property=\"og:description\" content=\"Embraer (EMBJ3) e SPX combinam Tempest e Vision em uma empresa de ciberseguran\u00e7a com faturamento anual superior a R$ 700 milh\u00f5es\" \/>\n<meta property=\"og:url\" content=\"https:\/\/www.suno.com.br\/noticias\/embraer-embr3-spx-tempest-vision-ciberseguranca-mt\/\" \/>\n<meta property=\"og:site_name\" content=\"Suno Not\u00edcias\" \/>\n<meta property=\"article:publisher\" content=\"https:\/\/facebook.com\/sunoresearch\" \/>\n<meta property=\"og:image\" content=\"http:\/\/files.sunoresearch.com.br\/n\/uploads\/2026\/09\/3ea60ba8-embraer-divulgacao-868x500-1-1-jpg.webp\" \/>\n\t<meta property=\"og:image:width\" content=\"868\" \/>\n\t<meta property=\"og:image:height\" content=\"500\" \/>\n\t<meta property=\"og:image:type\" content=\"image\/jpeg\" \/>\n<meta name=\"author\" content=\"Ma\u00edra Telles\" \/>\n<meta name=\"twitter:card\" content=\"summary_large_image\" \/>\n<meta name=\"twitter:creator\" content=\"@sunoresearch\" \/>\n<meta name=\"twitter:site\" content=\"@sunoresearch\" \/>\n<meta name=\"twitter:label1\" content=\"Escrito por\" \/>\n\t<meta name=\"twitter:data1\" content=\"Ma\u00edra Telles\" \/>\n\t<meta name=\"twitter:label2\" content=\"Est. tempo de leitura\" \/>\n\t<meta name=\"twitter:data2\" content=\"3 minutos\" \/>\n<script type=\"application\/ld+json\" class=\"yoast-schema-graph\">{\"@context\":\"https:\/\/schema.org\",\"@graph\":[{\"@type\":\"NewsArticle\",\"@id\":\"https:\/\/www.suno.com.br\/noticias\/embraer-embr3-spx-tempest-vision-ciberseguranca-mt\/#article\",\"isPartOf\":{\"@id\":\"https:\/\/www.suno.com.br\/noticias\/embraer-embr3-spx-tempest-vision-ciberseguranca-mt\/\"},\"author\":{\"name\":\"Ma\u00edra Telles\",\"@id\":\"https:\/\/www.suno.com.br\/noticias\/#\/schema\/person\/0a8b51292bb96ee5f104094c0907eaef\"},\"headline\":\"Embraer (EMBJ3) troca controle da Tempest por participa\u00e7\u00e3o em gigante de ciberseguran\u00e7a\",\"datePublished\":\"2026-09-04T15:31:36+00:00\",\"mainEntityOfPage\":{\"@id\":\"https:\/\/www.suno.com.br\/noticias\/embraer-embr3-spx-tempest-vision-ciberseguranca-mt\/\"},\"wordCount\":695,\"publisher\":{\"@id\":\"https:\/\/www.suno.com.br\/noticias\/#organization\"},\"image\":{\"@id\":\"https:\/\/www.suno.com.br\/noticias\/embraer-embr3-spx-tempest-vision-ciberseguranca-mt\/#primaryimage\"},\"thumbnailUrl\":\"https:\/\/files.sunoresearch.com.br\/n\/uploads\/2026\/09\/3ea60ba8-embraer-divulgacao-868x500-1-1-jpg.webp\",\"articleSection\":[\"Neg\u00f3cios\"],\"inLanguage\":\"pt-BR\"},{\"@type\":\"WebPage\",\"@id\":\"https:\/\/www.suno.com.br\/noticias\/embraer-embr3-spx-tempest-vision-ciberseguranca-mt\/\",\"url\":\"https:\/\/www.suno.com.br\/noticias\/embraer-embr3-spx-tempest-vision-ciberseguranca-mt\/\",\"name\":\"Embraer (EMBJ3) une Tempest e Vision\",\"isPartOf\":{\"@id\":\"https:\/\/www.suno.com.br\/noticias\/#website\"},\"primaryImageOfPage\":{\"@id\":\"https:\/\/www.suno.com.br\/noticias\/embraer-embr3-spx-tempest-vision-ciberseguranca-mt\/#primaryimage\"},\"image\":{\"@id\":\"https:\/\/www.suno.com.br\/noticias\/embraer-embr3-spx-tempest-vision-ciberseguranca-mt\/#primaryimage\"},\"thumbnailUrl\":\"https:\/\/files.sunoresearch.com.br\/n\/uploads\/2026\/09\/3ea60ba8-embraer-divulgacao-868x500-1-1-jpg.webp\",\"datePublished\":\"2026-09-04T15:31:36+00:00\",\"description\":\"Embraer (EMBJ3) e SPX combinam Tempest e Vision em uma empresa de ciberseguran\u00e7a com faturamento anual superior a R$ 700 milh\u00f5es\",\"breadcrumb\":{\"@id\":\"https:\/\/www.suno.com.br\/noticias\/embraer-embr3-spx-tempest-vision-ciberseguranca-mt\/#breadcrumb\"},\"inLanguage\":\"pt-BR\",\"potentialAction\":[{\"@type\":\"ReadAction\",\"target\":[\"https:\/\/www.suno.com.br\/noticias\/embraer-embr3-spx-tempest-vision-ciberseguranca-mt\/\"]}]},{\"@type\":\"ImageObject\",\"inLanguage\":\"pt-BR\",\"@id\":\"https:\/\/www.suno.com.br\/noticias\/embraer-embr3-spx-tempest-vision-ciberseguranca-mt\/#primaryimage\",\"url\":\"https:\/\/files.sunoresearch.com.br\/n\/uploads\/2026\/09\/3ea60ba8-embraer-divulgacao-868x500-1-1-jpg.webp\",\"contentUrl\":\"https:\/\/files.sunoresearch.com.br\/n\/uploads\/2026\/09\/3ea60ba8-embraer-divulgacao-868x500-1-1-jpg.webp\",\"width\":868,\"height\":500,\"caption\":\"Embraer (EMBJ3): (Foto: Divulga\u00e7\u00e3o)\"},{\"@type\":\"BreadcrumbList\",\"@id\":\"https:\/\/www.suno.com.br\/noticias\/embraer-embr3-spx-tempest-vision-ciberseguranca-mt\/#breadcrumb\",\"itemListElement\":[{\"@type\":\"ListItem\",\"position\":1,\"name\":\"Not\u00edcias\",\"item\":\"https:\/\/www.suno.com.br\/noticias\/\"},{\"@type\":\"ListItem\",\"position\":2,\"name\":\"Neg\u00f3cios\",\"item\":\"https:\/\/www.suno.com.br\/noticias\/negocios\/\"},{\"@type\":\"ListItem\",\"position\":3,\"name\":\"Embraer (EMBJ3) troca controle da Tempest por participa\u00e7\u00e3o em gigante de ciberseguran\u00e7a\"}]},{\"@type\":\"WebSite\",\"@id\":\"https:\/\/www.suno.com.br\/noticias\/#website\",\"url\":\"https:\/\/www.suno.com.br\/noticias\/\",\"name\":\"Suno Not\u00edcias\",\"description\":\"Seu portal de informa\u00e7\u00e3o sobre o mundo dos investimentos\",\"publisher\":{\"@id\":\"https:\/\/www.suno.com.br\/noticias\/#organization\"},\"potentialAction\":[{\"@type\":\"SearchAction\",\"target\":{\"@type\":\"EntryPoint\",\"urlTemplate\":\"https:\/\/www.suno.com.br\/noticias\/?s={search_term_string}\"},\"query-input\":{\"@type\":\"PropertyValueSpecification\",\"valueRequired\":true,\"valueName\":\"search_term_string\"}}],\"inLanguage\":\"pt-BR\"},{\"@type\":\"Organization\",\"@id\":\"https:\/\/www.suno.com.br\/noticias\/#organization\",\"name\":\"Suno Not\u00edcias\",\"url\":\"https:\/\/www.suno.com.br\/noticias\/\",\"logo\":{\"@type\":\"ImageObject\",\"inLanguage\":\"pt-BR\",\"@id\":\"https:\/\/www.suno.com.br\/noticias\/#\/schema\/logo\/image\/\",\"url\":\"https:\/\/files.sunoresearch.com.br\/n\/uploads\/2021\/09\/suno-logo.png\",\"contentUrl\":\"https:\/\/files.sunoresearch.com.br\/n\/uploads\/2021\/09\/suno-logo.png\",\"width\":180,\"height\":180,\"caption\":\"Suno Not\u00edcias\"},\"image\":{\"@id\":\"https:\/\/www.suno.com.br\/noticias\/#\/schema\/logo\/image\/\"},\"sameAs\":[\"https:\/\/facebook.com\/sunoresearch\",\"https:\/\/x.com\/sunoresearch\",\"https:\/\/www.instagram.com\/suno\",\"https:\/\/www.linkedin.com\/company\/suno-research\/\",\"https:\/\/www.youtube.com\/c\/sunoresearch\"]},{\"@type\":\"Person\",\"@id\":\"https:\/\/www.suno.com.br\/noticias\/#\/schema\/person\/0a8b51292bb96ee5f104094c0907eaef\",\"name\":\"Ma\u00edra Telles\",\"image\":{\"@type\":\"ImageObject\",\"inLanguage\":\"pt-BR\",\"@id\":\"https:\/\/www.suno.com.br\/noticias\/#\/schema\/person\/image\/\",\"url\":\"https:\/\/secure.gravatar.com\/avatar\/8d13691eab6abc1d1050b62a4c2a6116?s=96&r=g\",\"contentUrl\":\"https:\/\/secure.gravatar.com\/avatar\/8d13691eab6abc1d1050b62a4c2a6116?s=96&r=g\",\"caption\":\"Ma\u00edra Telles\"},\"description\":\"Jornalista especializada em mercado financeiro, economia, neg\u00f3cios e agroneg\u00f3cio, com experi\u00eancia em reda\u00e7\u00e3o, comunica\u00e7\u00e3o estrat\u00e9gica e produ\u00e7\u00e3o de conte\u00fado para m\u00faltiplas plataformas. Com atua\u00e7\u00e3o tamb\u00e9m em marketing digital e gest\u00e3o de crise, une an\u00e1lise, apura\u00e7\u00e3o e linguagem acess\u00edvel para traduzir temas complexos em informa\u00e7\u00e3o relevante para investidores e leitores interessados no funcionamento da economia.\",\"url\":\"https:\/\/www.suno.com.br\/noticias\/author\/mairaftellesgmail-com\/\"}]}<\/script>\n<!-- \/ Yoast SEO plugin. -->","yoast_head_json":{"title":"Embraer (EMBJ3) une Tempest e Vision","description":"Embraer (EMBJ3) e SPX combinam Tempest e Vision em uma empresa de ciberseguran\u00e7a com faturamento anual superior a R$ 700 milh\u00f5es","robots":{"index":"index","follow":"follow","max-snippet":"max-snippet:-1","max-image-preview":"max-image-preview:large","max-video-preview":"max-video-preview:-1"},"canonical":"https:\/\/www.suno.com.br\/noticias\/embraer-embr3-spx-tempest-vision-ciberseguranca-mt\/","og_locale":"pt_BR","og_type":"article","og_title":"Embraer (EMBJ3) une Tempest e Vision","og_description":"Embraer (EMBJ3) e SPX combinam Tempest e Vision em uma empresa de ciberseguran\u00e7a com faturamento anual superior a R$ 700 milh\u00f5es","og_url":"https:\/\/www.suno.com.br\/noticias\/embraer-embr3-spx-tempest-vision-ciberseguranca-mt\/","og_site_name":"Suno Not\u00edcias","article_publisher":"https:\/\/facebook.com\/sunoresearch","og_image":[{"width":868,"height":500,"url":"http:\/\/files.sunoresearch.com.br\/n\/uploads\/2026\/09\/3ea60ba8-embraer-divulgacao-868x500-1-1-jpg.webp","type":"image\/jpeg"}],"author":"Ma\u00edra Telles","twitter_card":"summary_large_image","twitter_creator":"@sunoresearch","twitter_site":"@sunoresearch","twitter_misc":{"Escrito por":"Ma\u00edra Telles","Est. tempo de leitura":"3 minutos"},"schema":{"@context":"https:\/\/schema.org","@graph":[{"@type":"NewsArticle","@id":"https:\/\/www.suno.com.br\/noticias\/embraer-embr3-spx-tempest-vision-ciberseguranca-mt\/#article","isPartOf":{"@id":"https:\/\/www.suno.com.br\/noticias\/embraer-embr3-spx-tempest-vision-ciberseguranca-mt\/"},"author":{"name":"Ma\u00edra Telles","@id":"https:\/\/www.suno.com.br\/noticias\/#\/schema\/person\/0a8b51292bb96ee5f104094c0907eaef"},"headline":"Embraer (EMBJ3) troca controle da Tempest por participa\u00e7\u00e3o em gigante de ciberseguran\u00e7a","datePublished":"2026-09-04T15:31:36+00:00","mainEntityOfPage":{"@id":"https:\/\/www.suno.com.br\/noticias\/embraer-embr3-spx-tempest-vision-ciberseguranca-mt\/"},"wordCount":695,"publisher":{"@id":"https:\/\/www.suno.com.br\/noticias\/#organization"},"image":{"@id":"https:\/\/www.suno.com.br\/noticias\/embraer-embr3-spx-tempest-vision-ciberseguranca-mt\/#primaryimage"},"thumbnailUrl":"https:\/\/files.sunoresearch.com.br\/n\/uploads\/2026\/09\/3ea60ba8-embraer-divulgacao-868x500-1-1-jpg.webp","articleSection":["Neg\u00f3cios"],"inLanguage":"pt-BR"},{"@type":"WebPage","@id":"https:\/\/www.suno.com.br\/noticias\/embraer-embr3-spx-tempest-vision-ciberseguranca-mt\/","url":"https:\/\/www.suno.com.br\/noticias\/embraer-embr3-spx-tempest-vision-ciberseguranca-mt\/","name":"Embraer (EMBJ3) une Tempest e Vision","isPartOf":{"@id":"https:\/\/www.suno.com.br\/noticias\/#website"},"primaryImageOfPage":{"@id":"https:\/\/www.suno.com.br\/noticias\/embraer-embr3-spx-tempest-vision-ciberseguranca-mt\/#primaryimage"},"image":{"@id":"https:\/\/www.suno.com.br\/noticias\/embraer-embr3-spx-tempest-vision-ciberseguranca-mt\/#primaryimage"},"thumbnailUrl":"https:\/\/files.sunoresearch.com.br\/n\/uploads\/2026\/09\/3ea60ba8-embraer-divulgacao-868x500-1-1-jpg.webp","datePublished":"2026-09-04T15:31:36+00:00","description":"Embraer (EMBJ3) e SPX combinam Tempest e Vision em uma empresa de ciberseguran\u00e7a com faturamento anual superior a R$ 700 milh\u00f5es","breadcrumb":{"@id":"https:\/\/www.suno.com.br\/noticias\/embraer-embr3-spx-tempest-vision-ciberseguranca-mt\/#breadcrumb"},"inLanguage":"pt-BR","potentialAction":[{"@type":"ReadAction","target":["https:\/\/www.suno.com.br\/noticias\/embraer-embr3-spx-tempest-vision-ciberseguranca-mt\/"]}]},{"@type":"ImageObject","inLanguage":"pt-BR","@id":"https:\/\/www.suno.com.br\/noticias\/embraer-embr3-spx-tempest-vision-ciberseguranca-mt\/#primaryimage","url":"https:\/\/files.sunoresearch.com.br\/n\/uploads\/2026\/09\/3ea60ba8-embraer-divulgacao-868x500-1-1-jpg.webp","contentUrl":"https:\/\/files.sunoresearch.com.br\/n\/uploads\/2026\/09\/3ea60ba8-embraer-divulgacao-868x500-1-1-jpg.webp","width":868,"height":500,"caption":"Embraer (EMBJ3): (Foto: Divulga\u00e7\u00e3o)"},{"@type":"BreadcrumbList","@id":"https:\/\/www.suno.com.br\/noticias\/embraer-embr3-spx-tempest-vision-ciberseguranca-mt\/#breadcrumb","itemListElement":[{"@type":"ListItem","position":1,"name":"Not\u00edcias","item":"https:\/\/www.suno.com.br\/noticias\/"},{"@type":"ListItem","position":2,"name":"Neg\u00f3cios","item":"https:\/\/www.suno.com.br\/noticias\/negocios\/"},{"@type":"ListItem","position":3,"name":"Embraer (EMBJ3) troca controle da Tempest por participa\u00e7\u00e3o em gigante de ciberseguran\u00e7a"}]},{"@type":"WebSite","@id":"https:\/\/www.suno.com.br\/noticias\/#website","url":"https:\/\/www.suno.com.br\/noticias\/","name":"Suno Not\u00edcias","description":"Seu portal de informa\u00e7\u00e3o sobre o mundo dos investimentos","publisher":{"@id":"https:\/\/www.suno.com.br\/noticias\/#organization"},"potentialAction":[{"@type":"SearchAction","target":{"@type":"EntryPoint","urlTemplate":"https:\/\/www.suno.com.br\/noticias\/?s={search_term_string}"},"query-input":{"@type":"PropertyValueSpecification","valueRequired":true,"valueName":"search_term_string"}}],"inLanguage":"pt-BR"},{"@type":"Organization","@id":"https:\/\/www.suno.com.br\/noticias\/#organization","name":"Suno Not\u00edcias","url":"https:\/\/www.suno.com.br\/noticias\/","logo":{"@type":"ImageObject","inLanguage":"pt-BR","@id":"https:\/\/www.suno.com.br\/noticias\/#\/schema\/logo\/image\/","url":"https:\/\/files.sunoresearch.com.br\/n\/uploads\/2021\/09\/suno-logo.png","contentUrl":"https:\/\/files.sunoresearch.com.br\/n\/uploads\/2021\/09\/suno-logo.png","width":180,"height":180,"caption":"Suno Not\u00edcias"},"image":{"@id":"https:\/\/www.suno.com.br\/noticias\/#\/schema\/logo\/image\/"},"sameAs":["https:\/\/facebook.com\/sunoresearch","https:\/\/x.com\/sunoresearch","https:\/\/www.instagram.com\/suno","https:\/\/www.linkedin.com\/company\/suno-research\/","https:\/\/www.youtube.com\/c\/sunoresearch"]},{"@type":"Person","@id":"https:\/\/www.suno.com.br\/noticias\/#\/schema\/person\/0a8b51292bb96ee5f104094c0907eaef","name":"Ma\u00edra Telles","image":{"@type":"ImageObject","inLanguage":"pt-BR","@id":"https:\/\/www.suno.com.br\/noticias\/#\/schema\/person\/image\/","url":"https:\/\/secure.gravatar.com\/avatar\/8d13691eab6abc1d1050b62a4c2a6116?s=96&r=g","contentUrl":"https:\/\/secure.gravatar.com\/avatar\/8d13691eab6abc1d1050b62a4c2a6116?s=96&r=g","caption":"Ma\u00edra Telles"},"description":"Jornalista especializada em mercado financeiro, economia, neg\u00f3cios e agroneg\u00f3cio, com experi\u00eancia em reda\u00e7\u00e3o, comunica\u00e7\u00e3o estrat\u00e9gica e produ\u00e7\u00e3o de conte\u00fado para m\u00faltiplas plataformas. Com atua\u00e7\u00e3o tamb\u00e9m em marketing digital e gest\u00e3o de crise, une an\u00e1lise, apura\u00e7\u00e3o e linguagem acess\u00edvel para traduzir temas complexos em informa\u00e7\u00e3o relevante para investidores e leitores interessados no funcionamento da economia.","url":"https:\/\/www.suno.com.br\/noticias\/author\/mairaftellesgmail-com\/"}]}},"default_loop_html":"<div class=\"cardsPage__listCard__boxs\"><div class=\"cardsPage__listCard__boxs__img\"><a href=\"https:\/\/www.suno.com.br\/noticias\/embraer-embr3-spx-tempest-vision-ciberseguranca-mt\/\"><img class=\"mask\" src=\"https:\/\/www.suno.com.br\/noticias\/wp-content\/themes\/suno\/resources\/images\/spotlight\/spotlight1img\/bg-mask.png\" alt=\"Image Mask\"\/><img src=\"https:\/\/files.sunoresearch.com.br\/n\/uploads\/2026\/09\/3ea60ba8-embraer-divulgacao-868x500-1-1-400x200.webp\" alt=\"Embraer (EMBJ3) troca controle da Tempest por participa\u00e7\u00e3o em gigante de ciberseguran\u00e7a\"\/><\/a><span class=\"spotlightCategory\"><a href=\"https:\/\/www.suno.com.br\/noticias\/negocios\/\">Neg\u00f3cios<\/a><\/span><\/div><div class=\"cardsPage__listCard__boxs__content\"><a href=\"https:\/\/www.suno.com.br\/noticias\/embraer-embr3-spx-tempest-vision-ciberseguranca-mt\/\"><h2 class=\"content__title\">Embraer (EMBJ3) troca controle da Tempest por participa\u00e7\u00e3o em gigante de ciberseguran\u00e7a<\/h2><\/a><div class=\"newsContent__article__meta\"><div class=\"newsContent__article__meta__authorBox\"><a href=\"https:\/\/www.suno.com.br\/noticias\/author\/mairaftellesgmail-com\/\" class=\"authorBox__avatar noMobi\"><img src=\"https:\/\/secure.gravatar.com\/avatar\/8d13691eab6abc1d1050b62a4c2a6116?s=96&#038;r=g\" alt=\"Ma\u00edra Telles\"><\/a><div class=\"authorBox__name\"><span>por\n\t\t\t<a href=\"https:\/\/www.suno.com.br\/noticias\/author\/mairaftellesgmail-com\/\"><span itemprop=\"author\">Ma\u00edra Telles<\/span><\/a><\/span><time datetime=\"2026-09-04T12:31:36-03:00\" itemprop=\"datePublished\">04\/09\/2026 12:31<\/time><\/div><\/div><\/div><\/div><\/div>","single_layout":"posts","amp_enabled":true,"_links":{"self":[{"href":"https:\/\/www.suno.com.br\/noticias\/wp-json\/wp\/v2\/posts\/663572"}],"collection":[{"href":"https:\/\/www.suno.com.br\/noticias\/wp-json\/wp\/v2\/posts"}],"about":[{"href":"https:\/\/www.suno.com.br\/noticias\/wp-json\/wp\/v2\/types\/post"}],"author":[{"embeddable":true,"href":"https:\/\/www.suno.com.br\/noticias\/wp-json\/wp\/v2\/users\/402"}],"replies":[{"embeddable":true,"href":"https:\/\/www.suno.com.br\/noticias\/wp-json\/wp\/v2\/comments?post=663572"}],"version-history":[{"count":0,"href":"https:\/\/www.suno.com.br\/noticias\/wp-json\/wp\/v2\/posts\/663572\/revisions"}],"wp:featuredmedia":[{"embeddable":true,"href":"https:\/\/www.suno.com.br\/noticias\/wp-json\/wp\/v2\/media\/663573"}],"wp:attachment":[{"href":"https:\/\/www.suno.com.br\/noticias\/wp-json\/wp\/v2\/media?parent=663572"}],"wp:term":[{"taxonomy":"category","embeddable":true,"href":"https:\/\/www.suno.com.br\/noticias\/wp-json\/wp\/v2\/categories?post=663572"},{"taxonomy":"post_tag","embeddable":true,"href":"https:\/\/www.suno.com.br\/noticias\/wp-json\/wp\/v2\/tags?post=663572"},{"taxonomy":"suno_strategy","embeddable":true,"href":"https:\/\/www.suno.com.br\/noticias\/wp-json\/wp\/v2\/suno_strategy?post=663572"}],"curies":[{"name":"wp","href":"https:\/\/api.w.org\/{rel}","templated":true}]}}