{"id":663463,"date":"2026-09-03T14:45:07","date_gmt":"2026-09-03T17:45:07","guid":{"rendered":"https:\/\/www.suno.com.br\/noticias\/feriado-7-setembro-b3-o-que-muda-investidor-mt\/"},"modified":"2026-09-03T14:45:07","modified_gmt":"2026-09-03T17:45:07","slug":"feriado-7-setembro-b3-o-que-muda-investidor-mt","status":"publish","type":"post","link":"https:\/\/www.suno.com.br\/noticias\/feriado-7-setembro-b3-o-que-muda-investidor-mt\/","title":{"rendered":"B3 para no feriado de 7 de setembro: veja o que muda para o investidor"},"content":{"rendered":"<p>O feriado da Independ\u00eancia do Brasil, na pr\u00f3xima segunda-feira (7), vai interromper as negocia\u00e7\u00f5es na <strong>B3<\/strong>, a bolsa brasileira. Isso significa que n\u00e3o ser\u00e1 poss\u00edvel comprar ou vender a\u00e7\u00f5es e outros ativos negociados no mercado durante o dia.<\/p>\t<div class=\"wrapper-featured-image\">\n\t\t<figure class=\"spotlightImg\">\n\n\t\t\t<picture>\n\t\t\t\t<source media=\"(max-width: 768px)\" srcset=\"https:\/\/files.sunoresearch.com.br\/n\/uploads\/2026\/09\/EspacoB3_05-1-400x200.webp\">\n\t\t\t\t<img loading=\"lazy\" decoding=\"async\" class=\"newsContent__article__imgCapa lazyloadDisabled \" src=\"https:\/\/files.sunoresearch.com.br\/n\/uploads\/2026\/09\/EspacoB3_05-1-800x450.webp\" width=\"800\" height=\"450\" alt=\"B3 para no feriado de 7 de setembro: veja o que muda para o investidor\" fetchpriority=high \/>\n\t\t\t<\/picture>\n\n\t\t\t<figcaption class=\"wp-caption-text wp-caption-text--show\">B3 n\u00e3o ter\u00e1 negocia\u00e7\u00f5es no feriado de 7 de setembro; mercado retorna na ter\u00e7a-feira.<\/figcaption>\n\t\t<\/figure>\n\t<\/div>\n\n\n\n\n\n\n<p>A paralisa\u00e7\u00e3o segue o calend\u00e1rio oficial da bolsa e afeta tanto as negocia\u00e7\u00f5es quanto etapas posteriores, como o registro, a compensa\u00e7\u00e3o e a liquida\u00e7\u00e3o das opera\u00e7\u00f5es.<\/p>\n\n\n\n<h2 class=\"wp-block-heading\">A\u00e7\u00f5es, fundos e outros investimentos n\u00e3o ser\u00e3o negociados<\/h2>\n\n\n\n<p>Na segunda-feira, n\u00e3o haver\u00e1 negocia\u00e7\u00e3o de a\u00e7\u00f5es, <a class=\"suno-keyword\" target=\"_blank\" data-force=\"no\" data-priority=\"2\" href=\"https:\/\/www.suno.com.br\/fundos-imobiliarios\/\" rel=\"noopener\">fundos imobili\u00e1rios<\/a>, ETFs, BDRs, derivativos, t\u00edtulos de renda fixa privada e ETFs de renda fixa.<\/p>\n\n\n\t<p>\n\t\t<a href=\"https:\/\/lp2.suno.com.br\/onde-investir-2026\/?utm_campaign=_SNC390A0FD0_ao&#038;utm_source=suno-not\u00edcias&#038;utm_medium=banner.noticias\" target=\"_blank\" data-element=\"shortcode-suno-banner\" title=\"Banner SUNO, clique e saiba mais\">\n\t\t\t<picture>\n\t\t\t\t<source media=\"(max-width: 500px)\" srcset=\"https:\/\/files.sunoresearch.com.br\/gaia\/uploads\/2026\/01\/Banner-Materias-01-Mbl_-400x300-1.png\">\n\t\t\t\t<img class=\"newsContent__article__imgCapa newsContent__article__imgCapa--banner\"\n\t\t\t\t\tsrc=\"https:\/\/files.sunoresearch.com.br\/gaia\/uploads\/2026\/01\/Banner-Materias-01-Dkp_-1420x240-1.png\"\n\t\t\t\t\tdata-promo-id=\"651623\"\t\t\t\t\t\t\t\t\t\twidth='1420' height='240'\t\t\t\t\talt=\"https:\/\/files.sunoresearch.com.br\/gaia\/uploads\/2026\/01\/Banner-Materias-01-Dkp_-1420x240-1.png\"\n\t\t\t\t>\n\t\t\t<\/picture>\n\t\t<\/a>\n\t<\/p>\n\n\n\n\n\n\n\n<p>Tamb\u00e9m ficar\u00e3o suspensas atividades como a movimenta\u00e7\u00e3o de garantias e os servi\u00e7os da Central Deposit\u00e1ria, respons\u00e1vel pelo registro e pela cust\u00f3dia dos ativos dos investidores. Os segmentos de bolsa e de balc\u00e3o organizado igualmente n\u00e3o ter\u00e3o opera\u00e7\u00f5es.<\/p>\n\n\n\n<p>Em termos pr\u00e1ticos, as transa\u00e7\u00f5es realizadas nesses mercados s\u00f3 poder\u00e3o ser retomadas quando a B3 reabrir.<\/p>\n\n\n\n<h2 class=\"wp-block-heading\">Tesouro Direto tamb\u00e9m ficar\u00e1 suspenso<\/h2>\n\n\n\n<p>O Tesouro Direto, plataforma de compra e venda de <a class=\"suno-keyword\" target=\"_blank\" data-force=\"no\" data-priority=\"1\" href=\"https:\/\/www.suno.com.br\/artigos\/titulos-publicos\/\" rel=\"noopener\">t\u00edtulos p\u00fablicos<\/a> federais, tamb\u00e9m n\u00e3o funcionar\u00e1 no feriado. N\u00e3o haver\u00e1 negocia\u00e7\u00e3o nem confirma\u00e7\u00e3o de investimentos na segunda-feira.<\/p>\n\n\n\n<p>A suspens\u00e3o vale apenas para o feriado. O funcionamento volta ao calend\u00e1rio normal no dia \u00fatil seguinte.<\/p>\n\n\n\n<h2 class=\"wp-block-heading\">Opera\u00e7\u00f5es ser\u00e3o retomadas na ter\u00e7a-feira<\/h2>\n\n\n\n<p>As atividades da <strong>B3<\/strong> ser\u00e3o retomadas normalmente na ter\u00e7a-feira (8 de setembro). A partir da\u00ed, voltam as negocia\u00e7\u00f5es e os servi\u00e7os de registro, compensa\u00e7\u00e3o, liquida\u00e7\u00e3o e cust\u00f3dia.<\/p>\n\n\n\n<p>Investidores que planejam movimentar a carteira devem considerar a interrup\u00e7\u00e3o ao organizar suas opera\u00e7\u00f5es. O calend\u00e1rio completo, com os feriados e os hor\u00e1rios de funcionamento dos diferentes mercados, pode ser consultado no <a href=\"https:\/\/www.b3.com.br\/pt_br\/solucoes\/plataformas\/puma-trading-system\/para-participantes-e-traders\/calendario-de-negociacao\/feriados\/\">site oficial da B3<\/a>.<\/p>\n\n\n\n<p><\/p>\n\n\n\n<p><\/p>\n","protected":false},"excerpt":{"rendered":"<p>O feriado da Independ\u00eancia do Brasil, na pr\u00f3xima segunda-feira (7), vai interromper as negocia\u00e7\u00f5es na B3, a bolsa brasileira. Isso significa que n\u00e3o ser\u00e1 poss\u00edvel comprar ou vender a\u00e7\u00f5es e outros ativos negociados no mercado durante o dia. A paralisa\u00e7\u00e3o segue o calend\u00e1rio oficial da bolsa e afeta tanto as negocia\u00e7\u00f5es quanto etapas posteriores, como &hellip; Continued<\/p>\n","protected":false},"author":402,"featured_media":663464,"comment_status":"closed","ping_status":"closed","sticky":false,"template":"","format":"standard","meta":[],"categories":[60],"tags":[107130],"suno_strategy":[],"class_list":["post-663463","post","type-post","status-publish","format-standard","has-post-thumbnail","hentry","category-mercado","tag-b3"],"yoast_head":"<!-- This site is optimized with the Yoast SEO plugin v24.4 - https:\/\/yoast.com\/wordpress\/plugins\/seo\/ -->\n<title>Feriado de 7 de setembro: veja o que muda na B3<\/title>\n<meta name=\"description\" content=\"Feriado de 7 de setembro suspende negocia\u00e7\u00f5es na B3 e no Tesouro Direto. Veja quais opera\u00e7\u00f5es param e quando o mercado volta a funcionar\" \/>\n<meta name=\"robots\" content=\"index, follow, max-snippet:-1, max-image-preview:large, max-video-preview:-1\" \/>\n<link rel=\"canonical\" href=\"https:\/\/www.suno.com.br\/noticias\/feriado-7-setembro-b3-o-que-muda-investidor-mt\/\" \/>\n<meta property=\"og:locale\" content=\"pt_BR\" \/>\n<meta property=\"og:type\" content=\"article\" \/>\n<meta property=\"og:title\" content=\"Feriado de 7 de setembro: veja o que muda na B3\" \/>\n<meta property=\"og:description\" content=\"Feriado de 7 de setembro suspende negocia\u00e7\u00f5es na B3 e no Tesouro Direto. Veja quais opera\u00e7\u00f5es param e quando o mercado volta a funcionar\" \/>\n<meta property=\"og:url\" content=\"https:\/\/www.suno.com.br\/noticias\/feriado-7-setembro-b3-o-que-muda-investidor-mt\/\" \/>\n<meta property=\"og:site_name\" content=\"Suno Not\u00edcias\" \/>\n<meta property=\"article:publisher\" content=\"https:\/\/facebook.com\/sunoresearch\" \/>\n<meta property=\"og:image\" content=\"http:\/\/files.sunoresearch.com.br\/n\/uploads\/2026\/09\/EspacoB3_05-1-jpg.webp\" \/>\n\t<meta property=\"og:image:width\" content=\"1472\" \/>\n\t<meta property=\"og:image:height\" content=\"981\" \/>\n\t<meta property=\"og:image:type\" content=\"image\/jpeg\" \/>\n<meta name=\"author\" content=\"Ma\u00edra Telles\" \/>\n<meta name=\"twitter:card\" content=\"summary_large_image\" \/>\n<meta name=\"twitter:creator\" content=\"@sunoresearch\" \/>\n<meta name=\"twitter:site\" content=\"@sunoresearch\" \/>\n<meta name=\"twitter:label1\" content=\"Escrito por\" \/>\n\t<meta name=\"twitter:data1\" content=\"Ma\u00edra Telles\" \/>\n\t<meta name=\"twitter:label2\" content=\"Est. tempo de leitura\" \/>\n\t<meta name=\"twitter:data2\" content=\"2 minutos\" \/>\n<script type=\"application\/ld+json\" class=\"yoast-schema-graph\">{\"@context\":\"https:\/\/schema.org\",\"@graph\":[{\"@type\":\"NewsArticle\",\"@id\":\"https:\/\/www.suno.com.br\/noticias\/feriado-7-setembro-b3-o-que-muda-investidor-mt\/#article\",\"isPartOf\":{\"@id\":\"https:\/\/www.suno.com.br\/noticias\/feriado-7-setembro-b3-o-que-muda-investidor-mt\/\"},\"author\":{\"name\":\"Ma\u00edra Telles\",\"@id\":\"https:\/\/www.suno.com.br\/noticias\/#\/schema\/person\/0a8b51292bb96ee5f104094c0907eaef\"},\"headline\":\"B3 para no feriado de 7 de setembro: veja o que muda para o investidor\",\"datePublished\":\"2026-09-03T17:45:07+00:00\",\"mainEntityOfPage\":{\"@id\":\"https:\/\/www.suno.com.br\/noticias\/feriado-7-setembro-b3-o-que-muda-investidor-mt\/\"},\"wordCount\":338,\"publisher\":{\"@id\":\"https:\/\/www.suno.com.br\/noticias\/#organization\"},\"image\":{\"@id\":\"https:\/\/www.suno.com.br\/noticias\/feriado-7-setembro-b3-o-que-muda-investidor-mt\/#primaryimage\"},\"thumbnailUrl\":\"https:\/\/files.sunoresearch.com.br\/n\/uploads\/2026\/09\/EspacoB3_05-1-jpg.webp\",\"keywords\":[\"b3\"],\"articleSection\":[\"Mercado\"],\"inLanguage\":\"pt-BR\"},{\"@type\":\"WebPage\",\"@id\":\"https:\/\/www.suno.com.br\/noticias\/feriado-7-setembro-b3-o-que-muda-investidor-mt\/\",\"url\":\"https:\/\/www.suno.com.br\/noticias\/feriado-7-setembro-b3-o-que-muda-investidor-mt\/\",\"name\":\"Feriado de 7 de setembro: veja o que muda na B3\",\"isPartOf\":{\"@id\":\"https:\/\/www.suno.com.br\/noticias\/#website\"},\"primaryImageOfPage\":{\"@id\":\"https:\/\/www.suno.com.br\/noticias\/feriado-7-setembro-b3-o-que-muda-investidor-mt\/#primaryimage\"},\"image\":{\"@id\":\"https:\/\/www.suno.com.br\/noticias\/feriado-7-setembro-b3-o-que-muda-investidor-mt\/#primaryimage\"},\"thumbnailUrl\":\"https:\/\/files.sunoresearch.com.br\/n\/uploads\/2026\/09\/EspacoB3_05-1-jpg.webp\",\"datePublished\":\"2026-09-03T17:45:07+00:00\",\"description\":\"Feriado de 7 de setembro suspende negocia\u00e7\u00f5es na B3 e no Tesouro Direto. Veja quais opera\u00e7\u00f5es param e quando o mercado volta a funcionar\",\"breadcrumb\":{\"@id\":\"https:\/\/www.suno.com.br\/noticias\/feriado-7-setembro-b3-o-que-muda-investidor-mt\/#breadcrumb\"},\"inLanguage\":\"pt-BR\",\"potentialAction\":[{\"@type\":\"ReadAction\",\"target\":[\"https:\/\/www.suno.com.br\/noticias\/feriado-7-setembro-b3-o-que-muda-investidor-mt\/\"]}]},{\"@type\":\"ImageObject\",\"inLanguage\":\"pt-BR\",\"@id\":\"https:\/\/www.suno.com.br\/noticias\/feriado-7-setembro-b3-o-que-muda-investidor-mt\/#primaryimage\",\"url\":\"https:\/\/files.sunoresearch.com.br\/n\/uploads\/2026\/09\/EspacoB3_05-1-jpg.webp\",\"contentUrl\":\"https:\/\/files.sunoresearch.com.br\/n\/uploads\/2026\/09\/EspacoB3_05-1-jpg.webp\",\"width\":1472,\"height\":981,\"caption\":\"B3 n\u00e3o ter\u00e1 negocia\u00e7\u00f5es no feriado de 7 de setembro; mercado retorna na ter\u00e7a-feira.\"},{\"@type\":\"BreadcrumbList\",\"@id\":\"https:\/\/www.suno.com.br\/noticias\/feriado-7-setembro-b3-o-que-muda-investidor-mt\/#breadcrumb\",\"itemListElement\":[{\"@type\":\"ListItem\",\"position\":1,\"name\":\"Not\u00edcias\",\"item\":\"https:\/\/www.suno.com.br\/noticias\/\"},{\"@type\":\"ListItem\",\"position\":2,\"name\":\"Neg\u00f3cios\",\"item\":\"https:\/\/www.suno.com.br\/noticias\/negocios\/\"},{\"@type\":\"ListItem\",\"position\":3,\"name\":\"B3 para no feriado de 7 de setembro: veja o que muda para o investidor\"}]},{\"@type\":\"WebSite\",\"@id\":\"https:\/\/www.suno.com.br\/noticias\/#website\",\"url\":\"https:\/\/www.suno.com.br\/noticias\/\",\"name\":\"Suno Not\u00edcias\",\"description\":\"Seu portal de informa\u00e7\u00e3o sobre o mundo dos investimentos\",\"publisher\":{\"@id\":\"https:\/\/www.suno.com.br\/noticias\/#organization\"},\"potentialAction\":[{\"@type\":\"SearchAction\",\"target\":{\"@type\":\"EntryPoint\",\"urlTemplate\":\"https:\/\/www.suno.com.br\/noticias\/?s={search_term_string}\"},\"query-input\":{\"@type\":\"PropertyValueSpecification\",\"valueRequired\":true,\"valueName\":\"search_term_string\"}}],\"inLanguage\":\"pt-BR\"},{\"@type\":\"Organization\",\"@id\":\"https:\/\/www.suno.com.br\/noticias\/#organization\",\"name\":\"Suno Not\u00edcias\",\"url\":\"https:\/\/www.suno.com.br\/noticias\/\",\"logo\":{\"@type\":\"ImageObject\",\"inLanguage\":\"pt-BR\",\"@id\":\"https:\/\/www.suno.com.br\/noticias\/#\/schema\/logo\/image\/\",\"url\":\"https:\/\/files.sunoresearch.com.br\/n\/uploads\/2021\/09\/suno-logo.png\",\"contentUrl\":\"https:\/\/files.sunoresearch.com.br\/n\/uploads\/2021\/09\/suno-logo.png\",\"width\":180,\"height\":180,\"caption\":\"Suno Not\u00edcias\"},\"image\":{\"@id\":\"https:\/\/www.suno.com.br\/noticias\/#\/schema\/logo\/image\/\"},\"sameAs\":[\"https:\/\/facebook.com\/sunoresearch\",\"https:\/\/x.com\/sunoresearch\",\"https:\/\/www.instagram.com\/suno\",\"https:\/\/www.linkedin.com\/company\/suno-research\/\",\"https:\/\/www.youtube.com\/c\/sunoresearch\"]},{\"@type\":\"Person\",\"@id\":\"https:\/\/www.suno.com.br\/noticias\/#\/schema\/person\/0a8b51292bb96ee5f104094c0907eaef\",\"name\":\"Ma\u00edra Telles\",\"image\":{\"@type\":\"ImageObject\",\"inLanguage\":\"pt-BR\",\"@id\":\"https:\/\/www.suno.com.br\/noticias\/#\/schema\/person\/image\/\",\"url\":\"https:\/\/secure.gravatar.com\/avatar\/8d13691eab6abc1d1050b62a4c2a6116?s=96&r=g\",\"contentUrl\":\"https:\/\/secure.gravatar.com\/avatar\/8d13691eab6abc1d1050b62a4c2a6116?s=96&r=g\",\"caption\":\"Ma\u00edra Telles\"},\"description\":\"Jornalista especializada em mercado financeiro, economia, neg\u00f3cios e agroneg\u00f3cio, com experi\u00eancia em reda\u00e7\u00e3o, comunica\u00e7\u00e3o estrat\u00e9gica e produ\u00e7\u00e3o de conte\u00fado para m\u00faltiplas plataformas. Com atua\u00e7\u00e3o tamb\u00e9m em marketing digital e gest\u00e3o de crise, une an\u00e1lise, apura\u00e7\u00e3o e linguagem acess\u00edvel para traduzir temas complexos em informa\u00e7\u00e3o relevante para investidores e leitores interessados no funcionamento da economia.\",\"url\":\"https:\/\/www.suno.com.br\/noticias\/author\/mairaftellesgmail-com\/\"}]}<\/script>\n<!-- \/ Yoast SEO plugin. -->","yoast_head_json":{"title":"Feriado de 7 de setembro: veja o que muda na B3","description":"Feriado de 7 de setembro suspende negocia\u00e7\u00f5es na B3 e no Tesouro Direto. Veja quais opera\u00e7\u00f5es param e quando o mercado volta a funcionar","robots":{"index":"index","follow":"follow","max-snippet":"max-snippet:-1","max-image-preview":"max-image-preview:large","max-video-preview":"max-video-preview:-1"},"canonical":"https:\/\/www.suno.com.br\/noticias\/feriado-7-setembro-b3-o-que-muda-investidor-mt\/","og_locale":"pt_BR","og_type":"article","og_title":"Feriado de 7 de setembro: veja o que muda na B3","og_description":"Feriado de 7 de setembro suspende negocia\u00e7\u00f5es na B3 e no Tesouro Direto. Veja quais opera\u00e7\u00f5es param e quando o mercado volta a funcionar","og_url":"https:\/\/www.suno.com.br\/noticias\/feriado-7-setembro-b3-o-que-muda-investidor-mt\/","og_site_name":"Suno Not\u00edcias","article_publisher":"https:\/\/facebook.com\/sunoresearch","og_image":[{"width":1472,"height":981,"url":"http:\/\/files.sunoresearch.com.br\/n\/uploads\/2026\/09\/EspacoB3_05-1-jpg.webp","type":"image\/jpeg"}],"author":"Ma\u00edra Telles","twitter_card":"summary_large_image","twitter_creator":"@sunoresearch","twitter_site":"@sunoresearch","twitter_misc":{"Escrito por":"Ma\u00edra Telles","Est. tempo de leitura":"2 minutos"},"schema":{"@context":"https:\/\/schema.org","@graph":[{"@type":"NewsArticle","@id":"https:\/\/www.suno.com.br\/noticias\/feriado-7-setembro-b3-o-que-muda-investidor-mt\/#article","isPartOf":{"@id":"https:\/\/www.suno.com.br\/noticias\/feriado-7-setembro-b3-o-que-muda-investidor-mt\/"},"author":{"name":"Ma\u00edra Telles","@id":"https:\/\/www.suno.com.br\/noticias\/#\/schema\/person\/0a8b51292bb96ee5f104094c0907eaef"},"headline":"B3 para no feriado de 7 de setembro: veja o que muda para o investidor","datePublished":"2026-09-03T17:45:07+00:00","mainEntityOfPage":{"@id":"https:\/\/www.suno.com.br\/noticias\/feriado-7-setembro-b3-o-que-muda-investidor-mt\/"},"wordCount":338,"publisher":{"@id":"https:\/\/www.suno.com.br\/noticias\/#organization"},"image":{"@id":"https:\/\/www.suno.com.br\/noticias\/feriado-7-setembro-b3-o-que-muda-investidor-mt\/#primaryimage"},"thumbnailUrl":"https:\/\/files.sunoresearch.com.br\/n\/uploads\/2026\/09\/EspacoB3_05-1-jpg.webp","keywords":["b3"],"articleSection":["Mercado"],"inLanguage":"pt-BR"},{"@type":"WebPage","@id":"https:\/\/www.suno.com.br\/noticias\/feriado-7-setembro-b3-o-que-muda-investidor-mt\/","url":"https:\/\/www.suno.com.br\/noticias\/feriado-7-setembro-b3-o-que-muda-investidor-mt\/","name":"Feriado de 7 de setembro: veja o que muda na B3","isPartOf":{"@id":"https:\/\/www.suno.com.br\/noticias\/#website"},"primaryImageOfPage":{"@id":"https:\/\/www.suno.com.br\/noticias\/feriado-7-setembro-b3-o-que-muda-investidor-mt\/#primaryimage"},"image":{"@id":"https:\/\/www.suno.com.br\/noticias\/feriado-7-setembro-b3-o-que-muda-investidor-mt\/#primaryimage"},"thumbnailUrl":"https:\/\/files.sunoresearch.com.br\/n\/uploads\/2026\/09\/EspacoB3_05-1-jpg.webp","datePublished":"2026-09-03T17:45:07+00:00","description":"Feriado de 7 de setembro suspende negocia\u00e7\u00f5es na B3 e no Tesouro Direto. Veja quais opera\u00e7\u00f5es param e quando o mercado volta a funcionar","breadcrumb":{"@id":"https:\/\/www.suno.com.br\/noticias\/feriado-7-setembro-b3-o-que-muda-investidor-mt\/#breadcrumb"},"inLanguage":"pt-BR","potentialAction":[{"@type":"ReadAction","target":["https:\/\/www.suno.com.br\/noticias\/feriado-7-setembro-b3-o-que-muda-investidor-mt\/"]}]},{"@type":"ImageObject","inLanguage":"pt-BR","@id":"https:\/\/www.suno.com.br\/noticias\/feriado-7-setembro-b3-o-que-muda-investidor-mt\/#primaryimage","url":"https:\/\/files.sunoresearch.com.br\/n\/uploads\/2026\/09\/EspacoB3_05-1-jpg.webp","contentUrl":"https:\/\/files.sunoresearch.com.br\/n\/uploads\/2026\/09\/EspacoB3_05-1-jpg.webp","width":1472,"height":981,"caption":"B3 n\u00e3o ter\u00e1 negocia\u00e7\u00f5es no feriado de 7 de setembro; mercado retorna na ter\u00e7a-feira."},{"@type":"BreadcrumbList","@id":"https:\/\/www.suno.com.br\/noticias\/feriado-7-setembro-b3-o-que-muda-investidor-mt\/#breadcrumb","itemListElement":[{"@type":"ListItem","position":1,"name":"Not\u00edcias","item":"https:\/\/www.suno.com.br\/noticias\/"},{"@type":"ListItem","position":2,"name":"Neg\u00f3cios","item":"https:\/\/www.suno.com.br\/noticias\/negocios\/"},{"@type":"ListItem","position":3,"name":"B3 para no feriado de 7 de setembro: veja o que muda para o investidor"}]},{"@type":"WebSite","@id":"https:\/\/www.suno.com.br\/noticias\/#website","url":"https:\/\/www.suno.com.br\/noticias\/","name":"Suno Not\u00edcias","description":"Seu portal de informa\u00e7\u00e3o sobre o mundo dos investimentos","publisher":{"@id":"https:\/\/www.suno.com.br\/noticias\/#organization"},"potentialAction":[{"@type":"SearchAction","target":{"@type":"EntryPoint","urlTemplate":"https:\/\/www.suno.com.br\/noticias\/?s={search_term_string}"},"query-input":{"@type":"PropertyValueSpecification","valueRequired":true,"valueName":"search_term_string"}}],"inLanguage":"pt-BR"},{"@type":"Organization","@id":"https:\/\/www.suno.com.br\/noticias\/#organization","name":"Suno Not\u00edcias","url":"https:\/\/www.suno.com.br\/noticias\/","logo":{"@type":"ImageObject","inLanguage":"pt-BR","@id":"https:\/\/www.suno.com.br\/noticias\/#\/schema\/logo\/image\/","url":"https:\/\/files.sunoresearch.com.br\/n\/uploads\/2021\/09\/suno-logo.png","contentUrl":"https:\/\/files.sunoresearch.com.br\/n\/uploads\/2021\/09\/suno-logo.png","width":180,"height":180,"caption":"Suno Not\u00edcias"},"image":{"@id":"https:\/\/www.suno.com.br\/noticias\/#\/schema\/logo\/image\/"},"sameAs":["https:\/\/facebook.com\/sunoresearch","https:\/\/x.com\/sunoresearch","https:\/\/www.instagram.com\/suno","https:\/\/www.linkedin.com\/company\/suno-research\/","https:\/\/www.youtube.com\/c\/sunoresearch"]},{"@type":"Person","@id":"https:\/\/www.suno.com.br\/noticias\/#\/schema\/person\/0a8b51292bb96ee5f104094c0907eaef","name":"Ma\u00edra Telles","image":{"@type":"ImageObject","inLanguage":"pt-BR","@id":"https:\/\/www.suno.com.br\/noticias\/#\/schema\/person\/image\/","url":"https:\/\/secure.gravatar.com\/avatar\/8d13691eab6abc1d1050b62a4c2a6116?s=96&r=g","contentUrl":"https:\/\/secure.gravatar.com\/avatar\/8d13691eab6abc1d1050b62a4c2a6116?s=96&r=g","caption":"Ma\u00edra Telles"},"description":"Jornalista especializada em mercado financeiro, economia, neg\u00f3cios e agroneg\u00f3cio, com experi\u00eancia em reda\u00e7\u00e3o, comunica\u00e7\u00e3o estrat\u00e9gica e produ\u00e7\u00e3o de conte\u00fado para m\u00faltiplas plataformas. Com atua\u00e7\u00e3o tamb\u00e9m em marketing digital e gest\u00e3o de crise, une an\u00e1lise, apura\u00e7\u00e3o e linguagem acess\u00edvel para traduzir temas complexos em informa\u00e7\u00e3o relevante para investidores e leitores interessados no funcionamento da economia.","url":"https:\/\/www.suno.com.br\/noticias\/author\/mairaftellesgmail-com\/"}]}},"default_loop_html":"<div class=\"cardsPage__listCard__boxs\"><div class=\"cardsPage__listCard__boxs__img\"><a href=\"https:\/\/www.suno.com.br\/noticias\/feriado-7-setembro-b3-o-que-muda-investidor-mt\/\"><img class=\"mask\" src=\"https:\/\/www.suno.com.br\/noticias\/wp-content\/themes\/suno\/resources\/images\/spotlight\/spotlight1img\/bg-mask.png\" alt=\"Image Mask\"\/><img src=\"https:\/\/files.sunoresearch.com.br\/n\/uploads\/2026\/09\/EspacoB3_05-1-400x200.webp\" alt=\"B3 para no feriado de 7 de setembro: veja o que muda para o investidor\"\/><\/a><span class=\"spotlightCategory\"><a href=\"https:\/\/www.suno.com.br\/noticias\/mercado\/\">Mercado<\/a><\/span><\/div><div class=\"cardsPage__listCard__boxs__content\"><a href=\"https:\/\/www.suno.com.br\/noticias\/feriado-7-setembro-b3-o-que-muda-investidor-mt\/\"><h2 class=\"content__title\">B3 para no feriado de 7 de setembro: veja o que muda para o investidor<\/h2><\/a><div class=\"newsContent__article__meta\"><div class=\"newsContent__article__meta__authorBox\"><a href=\"https:\/\/www.suno.com.br\/noticias\/author\/mairaftellesgmail-com\/\" class=\"authorBox__avatar noMobi\"><img src=\"https:\/\/secure.gravatar.com\/avatar\/8d13691eab6abc1d1050b62a4c2a6116?s=96&#038;r=g\" alt=\"Ma\u00edra Telles\"><\/a><div class=\"authorBox__name\"><span>por\n\t\t\t<a href=\"https:\/\/www.suno.com.br\/noticias\/author\/mairaftellesgmail-com\/\"><span itemprop=\"author\">Ma\u00edra Telles<\/span><\/a><\/span><time datetime=\"2026-09-03T14:45:07-03:00\" itemprop=\"datePublished\">03\/09\/2026 14:45<\/time><\/div><\/div><\/div><\/div><\/div>","single_layout":"posts","amp_enabled":true,"_links":{"self":[{"href":"https:\/\/www.suno.com.br\/noticias\/wp-json\/wp\/v2\/posts\/663463"}],"collection":[{"href":"https:\/\/www.suno.com.br\/noticias\/wp-json\/wp\/v2\/posts"}],"about":[{"href":"https:\/\/www.suno.com.br\/noticias\/wp-json\/wp\/v2\/types\/post"}],"author":[{"embeddable":true,"href":"https:\/\/www.suno.com.br\/noticias\/wp-json\/wp\/v2\/users\/402"}],"replies":[{"embeddable":true,"href":"https:\/\/www.suno.com.br\/noticias\/wp-json\/wp\/v2\/comments?post=663463"}],"version-history":[{"count":0,"href":"https:\/\/www.suno.com.br\/noticias\/wp-json\/wp\/v2\/posts\/663463\/revisions"}],"wp:featuredmedia":[{"embeddable":true,"href":"https:\/\/www.suno.com.br\/noticias\/wp-json\/wp\/v2\/media\/663464"}],"wp:attachment":[{"href":"https:\/\/www.suno.com.br\/noticias\/wp-json\/wp\/v2\/media?parent=663463"}],"wp:term":[{"taxonomy":"category","embeddable":true,"href":"https:\/\/www.suno.com.br\/noticias\/wp-json\/wp\/v2\/categories?post=663463"},{"taxonomy":"post_tag","embeddable":true,"href":"https:\/\/www.suno.com.br\/noticias\/wp-json\/wp\/v2\/tags?post=663463"},{"taxonomy":"suno_strategy","embeddable":true,"href":"https:\/\/www.suno.com.br\/noticias\/wp-json\/wp\/v2\/suno_strategy?post=663463"}],"curies":[{"name":"wp","href":"https:\/\/api.w.org\/{rel}","templated":true}]}}