{"id":663434,"date":"2026-09-03T10:59:18","date_gmt":"2026-09-03T13:59:18","guid":{"rendered":"https:\/\/www.suno.com.br\/noticias\/eneva-enev3-troca-carvao-operacao-pecem-diamante-mt\/"},"modified":"2026-09-03T10:59:18","modified_gmt":"2026-09-03T13:59:18","slug":"eneva-enev3-troca-carvao-operacao-pecem-diamante-mt","status":"publish","type":"post","link":"https:\/\/www.suno.com.br\/noticias\/eneva-enev3-troca-carvao-operacao-pecem-diamante-mt\/","title":{"rendered":"Eneva (ENEV3) troca usina a carv\u00e3o por opera\u00e7\u00e3o em Pec\u00e9m; entenda o acordo com a Diamante"},"content":{"rendered":"<p>A <a class=\"suno-keyword\" target=\"_blank\" data-force=\"no\" data-priority=\"2\" href=\"https:\/\/www.suno.com.br\/analitica\/acoes\/ENEV3\/\" rel=\"noopener\"><strong>Eneva (ENEV3)<\/strong><\/a> anunciou um acordo com a Diamante Gera\u00e7\u00e3o de Energia para trocar o controle de uma usina termel\u00e9trica a carv\u00e3o por uma participa\u00e7\u00e3o integral em uma empresa ligada \u00e0 infraestrutura de g\u00e1s natural no Complexo Industrial e Portu\u00e1rio do Pec\u00e9m, no Cear\u00e1. A opera\u00e7\u00e3o ainda depende da aprova\u00e7\u00e3o do Cade e de outras condi\u00e7\u00f5es previstas no contrato.<\/p>\t<div class=\"wrapper-featured-image\">\n\t\t<figure class=\"spotlightImg\">\n\n\t\t\t<picture>\n\t\t\t\t<source media=\"(max-width: 768px)\" srcset=\"https:\/\/files.sunoresearch.com.br\/n\/uploads\/2026\/09\/840b243e-eneva-400x200.webp\">\n\t\t\t\t<img loading=\"lazy\" decoding=\"async\" class=\"newsContent__article__imgCapa lazyloadDisabled \" src=\"https:\/\/files.sunoresearch.com.br\/n\/uploads\/2026\/09\/840b243e-eneva-png.webp\" width=\"800\" height=\"450\" alt=\"Eneva (ENEV3) troca usina a carv\u00e3o por opera\u00e7\u00e3o em Pec\u00e9m; entenda o acordo com a Diamante\" fetchpriority=high \/>\n\t\t\t<\/picture>\n\n\t\t\t<figcaption class=\"wp-caption-text wp-caption-text--show\">Eneva (ENEV3) Eneva troca usina a carv\u00e3o por participa\u00e7\u00e3o integral em opera\u00e7\u00e3o ligada ao g\u00e1s no Pec\u00e9m.<\/figcaption>\n\t\t<\/figure>\n\t<\/div>\n\n\n\n\n\n\n<p>O neg\u00f3cio prev\u00ea tamb\u00e9m o pagamento de R$ 400 milh\u00f5es \u00e0 Eneva, corrigidos desde 30 de junho de 2026, al\u00e9m de uma parcela adicional de at\u00e9 R$ 467 milh\u00f5es caso haja antecipa\u00e7\u00e3o do in\u00edcio do fornecimento de energia previsto no contrato de reserva de capacidade de 2026.<\/p>\n\n\n\n<h2 class=\"wp-block-heading\">O que a Eneva entrega e recebe?<\/h2>\n\n\n\n<p>A opera\u00e7\u00e3o \u00e9 uma permuta societ\u00e1ria. Na pr\u00e1tica, as empresas trocam participa\u00e7\u00f5es em neg\u00f3cios, e a diferen\u00e7a de valor \u00e9 complementada por um pagamento em dinheiro, chamado de torna.<\/p>\n\n\n\n<p>No fechamento, a Eneva entregar\u00e1 \u00e0 Diamante 100% das a\u00e7\u00f5es da Itaqui Gera\u00e7\u00e3o de Energia, empresa que tem como principal ativo a Usina Termel\u00e9trica Porto do Itaqui, no Maranh\u00e3o.<\/p>\n\n\n\t<p>\n\t\t<a href=\"https:\/\/lp2.suno.com.br\/onde-investir-2026\/?utm_campaign=_SNC390A0FD0_ao&#038;utm_source=suno-not\u00edcias&#038;utm_medium=banner.noticias\" target=\"_blank\" data-element=\"shortcode-suno-banner\" title=\"Banner SUNO, clique e saiba mais\">\n\t\t\t<picture>\n\t\t\t\t<source media=\"(max-width: 500px)\" srcset=\"https:\/\/files.sunoresearch.com.br\/gaia\/uploads\/2026\/01\/Banner-Materias-01-Mbl_-400x300-1.png\">\n\t\t\t\t<img class=\"newsContent__article__imgCapa newsContent__article__imgCapa--banner\"\n\t\t\t\t\tsrc=\"https:\/\/files.sunoresearch.com.br\/gaia\/uploads\/2026\/01\/Banner-Materias-01-Dkp_-1420x240-1.png\"\n\t\t\t\t\tdata-promo-id=\"651623\"\t\t\t\t\t\t\t\t\t\twidth='1420' height='240'\t\t\t\t\talt=\"https:\/\/files.sunoresearch.com.br\/gaia\/uploads\/2026\/01\/Banner-Materias-01-Dkp_-1420x240-1.png\"\n\t\t\t\t>\n\t\t\t<\/picture>\n\t\t<\/a>\n\t<\/p>\n\n\n\n\n\n\n\n<p>Em contrapartida, a Eneva receber\u00e1 os 50% restantes da Porto do Pec\u00e9m Transportadora de Min\u00e9rios (PPTM), passando a deter 100% da companhia. A PPTM participa da estrutura log\u00edstica do Complexo Industrial e Portu\u00e1rio do Pec\u00e9m.<\/p>\n\n\n\n<p>Al\u00e9m dos R$ 400 milh\u00f5es, o contrato prev\u00ea uma parcela contingente de at\u00e9 R$ 467 milh\u00f5es. O pagamento depender\u00e1 de uma eventual antecipa\u00e7\u00e3o do in\u00edcio do per\u00edodo de suprimento de energia contratado pela usina de Itaqui no Leil\u00e3o de Reserva de Capacidade de 2026.<\/p>\n\n\n\n<h2 class=\"wp-block-heading\">Como \u00e9 a usina de Itaqui?<\/h2>\n\n\n\n<p>A UTE Porto do Itaqui \u00e9 uma termel\u00e9trica movida a carv\u00e3o, com <a class=\"suno-keyword\" target=\"_blank\" data-force=\"no\" data-priority=\"1\" href=\"https:\/\/www.suno.com.br\/artigos\/capacidade-instalada\/\" rel=\"noopener\">capacidade instalada<\/a> de 360 megawatts (MW). A usina possui contratos de comercializa\u00e7\u00e3o de energia no mercado regulado at\u00e9 21 de dezembro de 2027.<\/p>\n\n\n\n<p>Em 2026, o ativo tamb\u00e9m venceu um leil\u00e3o de reserva de capacidade no produto com in\u00edcio previsto para 2031. O contrato ter\u00e1 dura\u00e7\u00e3o de dez anos, a partir de 1\u00ba de agosto daquele ano.<\/p>\n\n\n\n<p>Com a transfer\u00eancia para a Diamante, a Eneva deixar\u00e1 de deter diretamente a usina e reduzir\u00e1 sua exposi\u00e7\u00e3o \u00e0 gera\u00e7\u00e3o el\u00e9trica a carv\u00e3o. O movimento ocorre poucos dias depois da conclus\u00e3o da venda da UTE Pec\u00e9m II, tamb\u00e9m movida a carv\u00e3o, para a pr\u00f3pria Diamante.<\/p>\n\n\n\t<p>\n\t\t<a href=\"https:\/\/lp2.suno.com.br\/lm\/minicurso-construindo-um-portfolio-milionario\/?utm_campaign=_SNC35CF3834_ao&#038;utm_source=suno-not\u00edcias&#038;utm_medium=banner.noticias\" target=\"_blank\" data-element=\"shortcode-suno-banner\" title=\"Banner SUNO, clique e saiba mais\">\n\t\t\t<picture>\n\t\t\t\t<source media=\"(max-width: 500px)\" srcset=\"https:\/\/files.sunoresearch.com.br\/gaia\/uploads\/2026\/01\/MB-PS-HOME-DE-ARTIGOS-400x300-ID_01_x1.jpg\">\n\t\t\t\t<img class=\"newsContent__article__imgCapa newsContent__article__imgCapa--banner\"\n\t\t\t\t\tsrc=\"https:\/\/files.sunoresearch.com.br\/gaia\/uploads\/2026\/01\/DT-PS-HOME-DE-ARTIGOS-1420x240-ID_01_x1.jpg\"\n\t\t\t\t\tdata-promo-id=\"651626\"\t\t\t\t\t\t\t\t\t\twidth='1420' height='240'\t\t\t\t\talt=\"https:\/\/files.sunoresearch.com.br\/gaia\/uploads\/2026\/01\/DT-PS-HOME-DE-ARTIGOS-1420x240-ID_01_x1.jpg\"\n\t\t\t\t>\n\t\t\t<\/picture>\n\t\t<\/a>\n\t<\/p>\n\n\n\n\n\n\n\n<p>A opera\u00e7\u00e3o envolvendo Pec\u00e9m II foi conclu\u00edda em 31 de agosto por um <a class=\"suno-keyword\" target=\"_blank\" data-force=\"no\" data-priority=\"1\" href=\"https:\/\/www.suno.com.br\/artigos\/enterprise-value-valor-da-firma\/\" rel=\"noopener\">enterprise value<\/a> de R$ 839,2 milh\u00f5es. Desse total, R$ 748,4 milh\u00f5es foram pagos no fechamento, com possibilidade de uma parcela adicional de at\u00e9 R$ 149 milh\u00f5es vinculada \u00e0 antecipa\u00e7\u00e3o de contratos.<\/p>\n\n\n\n<h2 class=\"wp-block-heading\">O que a Eneva pretende fazer no Pec\u00e9m?<\/h2>\n\n\n\n<p>A PPTM ser\u00e1 utilizada na implementa\u00e7\u00e3o de um terminal de importa\u00e7\u00e3o, armazenamento e regaseifica\u00e7\u00e3o de g\u00e1s natural liquefeito (GNL) no Pec\u00e9m.<\/p>\n\n\n\n<p>O GNL \u00e9 o g\u00e1s natural resfriado a temperaturas muito baixas para ser transportado em estado l\u00edquido. No terminal, ele volta \u00e0 forma gasosa por meio da regaseifica\u00e7\u00e3o e pode ser encaminhado \u00e0s usinas ou \u00e0 rede de distribui\u00e7\u00e3o.<\/p>\n\n\n\n<p>A estrutura planejada ter\u00e1 capacidade de escoamento de at\u00e9 14 milh\u00f5es de metros c\u00fabicos de g\u00e1s por dia. O terminal dever\u00e1 atender projetos de gera\u00e7\u00e3o a g\u00e1s da Eneva no Cear\u00e1 e tamb\u00e9m poder\u00e1 fornecer combust\u00edvel a outros consumidores e empreendimentos.<\/p>\n\n\n\t<p>\n\t\t<a href=\"https:\/\/lp.suno.com.br\/ebook-como-analisar-uma-acao\/?utm_campaign=_SNC390A0FD0_ao&#038;utm_source=suno-not\u00edcias&#038;utm_medium=banner.noticias\" target=\"_blank\" data-element=\"shortcode-suno-banner\" title=\"Banner SUNO, clique e saiba mais\">\n\t\t\t<picture>\n\t\t\t\t<source media=\"(max-width: 500px)\" srcset=\"https:\/\/files.sunoresearch.com.br\/gaia\/uploads\/2026\/01\/Ebook-Acoes-Mobile.webp\">\n\t\t\t\t<img class=\"newsContent__article__imgCapa newsContent__article__imgCapa--banner\"\n\t\t\t\t\tsrc=\"https:\/\/files.sunoresearch.com.br\/gaia\/uploads\/2026\/01\/Ebook-Acoes-Desktop.webp\"\n\t\t\t\t\tdata-promo-id=\"651105\"\t\t\t\t\t\t\t\t\t\twidth='1420' height='286'\t\t\t\t\talt=\"https:\/\/files.sunoresearch.com.br\/gaia\/uploads\/2026\/01\/Ebook-Acoes-Desktop.webp\"\n\t\t\t\t>\n\t\t\t<\/picture>\n\t\t<\/a>\n\t<\/p>\n\n\n\n\n\n\n\n<p>A estrat\u00e9gia amplia a integra\u00e7\u00e3o entre log\u00edstica, suprimento de g\u00e1s e gera\u00e7\u00e3o de energia. Em vez de depender apenas da compra do combust\u00edvel no mercado, a companhia busca controlar uma etapa relevante da cadeia necess\u00e1ria para abastecer suas futuras termel\u00e9tricas.<\/p>\n\n\n\n<h2 class=\"wp-block-heading\">Diamante desiste de op\u00e7\u00e3o no Hub Cear\u00e1<\/h2>\n\n\n\n<p>A Eneva informou ainda que foi notificada de que a Diamante n\u00e3o pretende exercer a op\u00e7\u00e3o de compra de uma participa\u00e7\u00e3o equivalente a 30% nas sociedades respons\u00e1veis pelos projetos de gera\u00e7\u00e3o do Hub Cear\u00e1.<\/p>\n\n\n\n<p>Com a decis\u00e3o, a op\u00e7\u00e3o foi cancelada sem exerc\u00edcio. Assim, n\u00e3o haver\u00e1 a entrada da Diamante no capital dessas sociedades por meio desse mecanismo.<\/p>\n\n\n\n<p>O acordo envolvendo a Itaqui Gera\u00e7\u00e3o e a PPTM ainda n\u00e3o tem data definida para ser conclu\u00eddo. Al\u00e9m da aprova\u00e7\u00e3o do Cade, a opera\u00e7\u00e3o depende do cumprimento de outras condi\u00e7\u00f5es precedentes previstas no contrato.<\/p>\n\n\n\n<p>Para os acionistas, o neg\u00f3cio representa uma mudan\u00e7a no perfil da <strong>Eneva<\/strong>, que passa a concentrar sua estrat\u00e9gia no g\u00e1s natural e na infraestrutura do Pec\u00e9m, ao mesmo tempo em que pode receber at\u00e9 R$ 867 milh\u00f5es em pagamentos. Os principais pontos de aten\u00e7\u00e3o s\u00e3o a aprova\u00e7\u00e3o regulat\u00f3ria, a execu\u00e7\u00e3o do terminal de GNL e a capacidade de os novos projetos transformarem a infraestrutura em gera\u00e7\u00e3o de receita.<\/p>\n","protected":false},"excerpt":{"rendered":"<p>A Eneva (ENEV3) anunciou um acordo com a Diamante Gera\u00e7\u00e3o de Energia para trocar o controle de uma usina termel\u00e9trica a carv\u00e3o por uma participa\u00e7\u00e3o integral em uma empresa ligada \u00e0 infraestrutura de g\u00e1s natural no Complexo Industrial e Portu\u00e1rio do Pec\u00e9m, no Cear\u00e1. A opera\u00e7\u00e3o ainda depende da aprova\u00e7\u00e3o do Cade e de outras &hellip; Continued<\/p>\n","protected":false},"author":402,"featured_media":663435,"comment_status":"closed","ping_status":"closed","sticky":false,"template":"","format":"standard","meta":[],"categories":[64],"tags":[],"suno_strategy":[],"class_list":["post-663434","post","type-post","status-publish","format-standard","has-post-thumbnail","hentry","category-negocios"],"yoast_head":"<!-- This site is optimized with the Yoast SEO plugin v24.4 - https:\/\/yoast.com\/wordpress\/plugins\/seo\/ -->\n<title>Eneva (ENEV3) troca carv\u00e3o por opera\u00e7\u00e3o no Pec\u00e9m<\/title>\n<meta name=\"description\" content=\"Eneva troca usina a carv\u00e3o por controle da PPTM e pode receber at\u00e9 R$ 867 milh\u00f5es da Diamante; entenda o acordo no Pec\u00e9m\" \/>\n<meta name=\"robots\" content=\"index, follow, max-snippet:-1, max-image-preview:large, max-video-preview:-1\" \/>\n<link rel=\"canonical\" href=\"https:\/\/www.suno.com.br\/noticias\/eneva-enev3-troca-carvao-operacao-pecem-diamante-mt\/\" \/>\n<meta property=\"og:locale\" content=\"pt_BR\" \/>\n<meta property=\"og:type\" content=\"article\" \/>\n<meta property=\"og:title\" content=\"Eneva (ENEV3) troca carv\u00e3o por opera\u00e7\u00e3o no Pec\u00e9m\" \/>\n<meta property=\"og:description\" content=\"Eneva troca usina a carv\u00e3o por controle da PPTM e pode receber at\u00e9 R$ 867 milh\u00f5es da Diamante; entenda o acordo no Pec\u00e9m\" \/>\n<meta property=\"og:url\" content=\"https:\/\/www.suno.com.br\/noticias\/eneva-enev3-troca-carvao-operacao-pecem-diamante-mt\/\" \/>\n<meta property=\"og:site_name\" content=\"Suno Not\u00edcias\" \/>\n<meta property=\"article:publisher\" content=\"https:\/\/facebook.com\/sunoresearch\" \/>\n<meta property=\"og:image\" content=\"http:\/\/files.sunoresearch.com.br\/n\/uploads\/2026\/09\/840b243e-eneva-png.webp\" \/>\n\t<meta property=\"og:image:width\" content=\"438\" \/>\n\t<meta property=\"og:image:height\" content=\"212\" \/>\n\t<meta property=\"og:image:type\" content=\"image\/png\" \/>\n<meta name=\"author\" content=\"Ma\u00edra Telles\" \/>\n<meta name=\"twitter:card\" content=\"summary_large_image\" \/>\n<meta name=\"twitter:creator\" content=\"@sunoresearch\" \/>\n<meta name=\"twitter:site\" content=\"@sunoresearch\" \/>\n<meta name=\"twitter:label1\" content=\"Escrito por\" \/>\n\t<meta name=\"twitter:data1\" content=\"Ma\u00edra Telles\" \/>\n\t<meta name=\"twitter:label2\" content=\"Est. tempo de leitura\" \/>\n\t<meta name=\"twitter:data2\" content=\"4 minutos\" \/>\n<script type=\"application\/ld+json\" class=\"yoast-schema-graph\">{\"@context\":\"https:\/\/schema.org\",\"@graph\":[{\"@type\":\"NewsArticle\",\"@id\":\"https:\/\/www.suno.com.br\/noticias\/eneva-enev3-troca-carvao-operacao-pecem-diamante-mt\/#article\",\"isPartOf\":{\"@id\":\"https:\/\/www.suno.com.br\/noticias\/eneva-enev3-troca-carvao-operacao-pecem-diamante-mt\/\"},\"author\":{\"name\":\"Ma\u00edra Telles\",\"@id\":\"https:\/\/www.suno.com.br\/noticias\/#\/schema\/person\/0a8b51292bb96ee5f104094c0907eaef\"},\"headline\":\"Eneva (ENEV3) troca usina a carv\u00e3o por opera\u00e7\u00e3o em Pec\u00e9m; entenda o acordo com a Diamante\",\"datePublished\":\"2026-09-03T13:59:18+00:00\",\"mainEntityOfPage\":{\"@id\":\"https:\/\/www.suno.com.br\/noticias\/eneva-enev3-troca-carvao-operacao-pecem-diamante-mt\/\"},\"wordCount\":845,\"publisher\":{\"@id\":\"https:\/\/www.suno.com.br\/noticias\/#organization\"},\"image\":{\"@id\":\"https:\/\/www.suno.com.br\/noticias\/eneva-enev3-troca-carvao-operacao-pecem-diamante-mt\/#primaryimage\"},\"thumbnailUrl\":\"https:\/\/files.sunoresearch.com.br\/n\/uploads\/2026\/09\/840b243e-eneva-png.webp\",\"articleSection\":[\"Neg\u00f3cios\"],\"inLanguage\":\"pt-BR\"},{\"@type\":\"WebPage\",\"@id\":\"https:\/\/www.suno.com.br\/noticias\/eneva-enev3-troca-carvao-operacao-pecem-diamante-mt\/\",\"url\":\"https:\/\/www.suno.com.br\/noticias\/eneva-enev3-troca-carvao-operacao-pecem-diamante-mt\/\",\"name\":\"Eneva (ENEV3) troca carv\u00e3o por opera\u00e7\u00e3o no Pec\u00e9m\",\"isPartOf\":{\"@id\":\"https:\/\/www.suno.com.br\/noticias\/#website\"},\"primaryImageOfPage\":{\"@id\":\"https:\/\/www.suno.com.br\/noticias\/eneva-enev3-troca-carvao-operacao-pecem-diamante-mt\/#primaryimage\"},\"image\":{\"@id\":\"https:\/\/www.suno.com.br\/noticias\/eneva-enev3-troca-carvao-operacao-pecem-diamante-mt\/#primaryimage\"},\"thumbnailUrl\":\"https:\/\/files.sunoresearch.com.br\/n\/uploads\/2026\/09\/840b243e-eneva-png.webp\",\"datePublished\":\"2026-09-03T13:59:18+00:00\",\"description\":\"Eneva troca usina a carv\u00e3o por controle da PPTM e pode receber at\u00e9 R$ 867 milh\u00f5es da Diamante; entenda o acordo no Pec\u00e9m\",\"breadcrumb\":{\"@id\":\"https:\/\/www.suno.com.br\/noticias\/eneva-enev3-troca-carvao-operacao-pecem-diamante-mt\/#breadcrumb\"},\"inLanguage\":\"pt-BR\",\"potentialAction\":[{\"@type\":\"ReadAction\",\"target\":[\"https:\/\/www.suno.com.br\/noticias\/eneva-enev3-troca-carvao-operacao-pecem-diamante-mt\/\"]}]},{\"@type\":\"ImageObject\",\"inLanguage\":\"pt-BR\",\"@id\":\"https:\/\/www.suno.com.br\/noticias\/eneva-enev3-troca-carvao-operacao-pecem-diamante-mt\/#primaryimage\",\"url\":\"https:\/\/files.sunoresearch.com.br\/n\/uploads\/2026\/09\/840b243e-eneva-png.webp\",\"contentUrl\":\"https:\/\/files.sunoresearch.com.br\/n\/uploads\/2026\/09\/840b243e-eneva-png.webp\",\"width\":438,\"height\":212,\"caption\":\"Eneva (ENEV3) Eneva troca usina a carv\u00e3o por participa\u00e7\u00e3o integral em opera\u00e7\u00e3o ligada ao g\u00e1s no Pec\u00e9m.\"},{\"@type\":\"BreadcrumbList\",\"@id\":\"https:\/\/www.suno.com.br\/noticias\/eneva-enev3-troca-carvao-operacao-pecem-diamante-mt\/#breadcrumb\",\"itemListElement\":[{\"@type\":\"ListItem\",\"position\":1,\"name\":\"Not\u00edcias\",\"item\":\"https:\/\/www.suno.com.br\/noticias\/\"},{\"@type\":\"ListItem\",\"position\":2,\"name\":\"Neg\u00f3cios\",\"item\":\"https:\/\/www.suno.com.br\/noticias\/negocios\/\"},{\"@type\":\"ListItem\",\"position\":3,\"name\":\"Eneva (ENEV3) troca usina a carv\u00e3o por opera\u00e7\u00e3o em Pec\u00e9m; entenda o acordo com a Diamante\"}]},{\"@type\":\"WebSite\",\"@id\":\"https:\/\/www.suno.com.br\/noticias\/#website\",\"url\":\"https:\/\/www.suno.com.br\/noticias\/\",\"name\":\"Suno Not\u00edcias\",\"description\":\"Seu portal de informa\u00e7\u00e3o sobre o mundo dos investimentos\",\"publisher\":{\"@id\":\"https:\/\/www.suno.com.br\/noticias\/#organization\"},\"potentialAction\":[{\"@type\":\"SearchAction\",\"target\":{\"@type\":\"EntryPoint\",\"urlTemplate\":\"https:\/\/www.suno.com.br\/noticias\/?s={search_term_string}\"},\"query-input\":{\"@type\":\"PropertyValueSpecification\",\"valueRequired\":true,\"valueName\":\"search_term_string\"}}],\"inLanguage\":\"pt-BR\"},{\"@type\":\"Organization\",\"@id\":\"https:\/\/www.suno.com.br\/noticias\/#organization\",\"name\":\"Suno Not\u00edcias\",\"url\":\"https:\/\/www.suno.com.br\/noticias\/\",\"logo\":{\"@type\":\"ImageObject\",\"inLanguage\":\"pt-BR\",\"@id\":\"https:\/\/www.suno.com.br\/noticias\/#\/schema\/logo\/image\/\",\"url\":\"https:\/\/files.sunoresearch.com.br\/n\/uploads\/2021\/09\/suno-logo.png\",\"contentUrl\":\"https:\/\/files.sunoresearch.com.br\/n\/uploads\/2021\/09\/suno-logo.png\",\"width\":180,\"height\":180,\"caption\":\"Suno Not\u00edcias\"},\"image\":{\"@id\":\"https:\/\/www.suno.com.br\/noticias\/#\/schema\/logo\/image\/\"},\"sameAs\":[\"https:\/\/facebook.com\/sunoresearch\",\"https:\/\/x.com\/sunoresearch\",\"https:\/\/www.instagram.com\/suno\",\"https:\/\/www.linkedin.com\/company\/suno-research\/\",\"https:\/\/www.youtube.com\/c\/sunoresearch\"]},{\"@type\":\"Person\",\"@id\":\"https:\/\/www.suno.com.br\/noticias\/#\/schema\/person\/0a8b51292bb96ee5f104094c0907eaef\",\"name\":\"Ma\u00edra Telles\",\"image\":{\"@type\":\"ImageObject\",\"inLanguage\":\"pt-BR\",\"@id\":\"https:\/\/www.suno.com.br\/noticias\/#\/schema\/person\/image\/\",\"url\":\"https:\/\/secure.gravatar.com\/avatar\/8d13691eab6abc1d1050b62a4c2a6116?s=96&r=g\",\"contentUrl\":\"https:\/\/secure.gravatar.com\/avatar\/8d13691eab6abc1d1050b62a4c2a6116?s=96&r=g\",\"caption\":\"Ma\u00edra Telles\"},\"description\":\"Jornalista especializada em mercado financeiro, economia, neg\u00f3cios e agroneg\u00f3cio, com experi\u00eancia em reda\u00e7\u00e3o, comunica\u00e7\u00e3o estrat\u00e9gica e produ\u00e7\u00e3o de conte\u00fado para m\u00faltiplas plataformas. Com atua\u00e7\u00e3o tamb\u00e9m em marketing digital e gest\u00e3o de crise, une an\u00e1lise, apura\u00e7\u00e3o e linguagem acess\u00edvel para traduzir temas complexos em informa\u00e7\u00e3o relevante para investidores e leitores interessados no funcionamento da economia.\",\"url\":\"https:\/\/www.suno.com.br\/noticias\/author\/mairaftellesgmail-com\/\"}]}<\/script>\n<!-- \/ Yoast SEO plugin. -->","yoast_head_json":{"title":"Eneva (ENEV3) troca carv\u00e3o por opera\u00e7\u00e3o no Pec\u00e9m","description":"Eneva troca usina a carv\u00e3o por controle da PPTM e pode receber at\u00e9 R$ 867 milh\u00f5es da Diamante; entenda o acordo no Pec\u00e9m","robots":{"index":"index","follow":"follow","max-snippet":"max-snippet:-1","max-image-preview":"max-image-preview:large","max-video-preview":"max-video-preview:-1"},"canonical":"https:\/\/www.suno.com.br\/noticias\/eneva-enev3-troca-carvao-operacao-pecem-diamante-mt\/","og_locale":"pt_BR","og_type":"article","og_title":"Eneva (ENEV3) troca carv\u00e3o por opera\u00e7\u00e3o no Pec\u00e9m","og_description":"Eneva troca usina a carv\u00e3o por controle da PPTM e pode receber at\u00e9 R$ 867 milh\u00f5es da Diamante; entenda o acordo no Pec\u00e9m","og_url":"https:\/\/www.suno.com.br\/noticias\/eneva-enev3-troca-carvao-operacao-pecem-diamante-mt\/","og_site_name":"Suno Not\u00edcias","article_publisher":"https:\/\/facebook.com\/sunoresearch","og_image":[{"width":438,"height":212,"url":"http:\/\/files.sunoresearch.com.br\/n\/uploads\/2026\/09\/840b243e-eneva-png.webp","type":"image\/png"}],"author":"Ma\u00edra Telles","twitter_card":"summary_large_image","twitter_creator":"@sunoresearch","twitter_site":"@sunoresearch","twitter_misc":{"Escrito por":"Ma\u00edra Telles","Est. tempo de leitura":"4 minutos"},"schema":{"@context":"https:\/\/schema.org","@graph":[{"@type":"NewsArticle","@id":"https:\/\/www.suno.com.br\/noticias\/eneva-enev3-troca-carvao-operacao-pecem-diamante-mt\/#article","isPartOf":{"@id":"https:\/\/www.suno.com.br\/noticias\/eneva-enev3-troca-carvao-operacao-pecem-diamante-mt\/"},"author":{"name":"Ma\u00edra Telles","@id":"https:\/\/www.suno.com.br\/noticias\/#\/schema\/person\/0a8b51292bb96ee5f104094c0907eaef"},"headline":"Eneva (ENEV3) troca usina a carv\u00e3o por opera\u00e7\u00e3o em Pec\u00e9m; entenda o acordo com a Diamante","datePublished":"2026-09-03T13:59:18+00:00","mainEntityOfPage":{"@id":"https:\/\/www.suno.com.br\/noticias\/eneva-enev3-troca-carvao-operacao-pecem-diamante-mt\/"},"wordCount":845,"publisher":{"@id":"https:\/\/www.suno.com.br\/noticias\/#organization"},"image":{"@id":"https:\/\/www.suno.com.br\/noticias\/eneva-enev3-troca-carvao-operacao-pecem-diamante-mt\/#primaryimage"},"thumbnailUrl":"https:\/\/files.sunoresearch.com.br\/n\/uploads\/2026\/09\/840b243e-eneva-png.webp","articleSection":["Neg\u00f3cios"],"inLanguage":"pt-BR"},{"@type":"WebPage","@id":"https:\/\/www.suno.com.br\/noticias\/eneva-enev3-troca-carvao-operacao-pecem-diamante-mt\/","url":"https:\/\/www.suno.com.br\/noticias\/eneva-enev3-troca-carvao-operacao-pecem-diamante-mt\/","name":"Eneva (ENEV3) troca carv\u00e3o por opera\u00e7\u00e3o no Pec\u00e9m","isPartOf":{"@id":"https:\/\/www.suno.com.br\/noticias\/#website"},"primaryImageOfPage":{"@id":"https:\/\/www.suno.com.br\/noticias\/eneva-enev3-troca-carvao-operacao-pecem-diamante-mt\/#primaryimage"},"image":{"@id":"https:\/\/www.suno.com.br\/noticias\/eneva-enev3-troca-carvao-operacao-pecem-diamante-mt\/#primaryimage"},"thumbnailUrl":"https:\/\/files.sunoresearch.com.br\/n\/uploads\/2026\/09\/840b243e-eneva-png.webp","datePublished":"2026-09-03T13:59:18+00:00","description":"Eneva troca usina a carv\u00e3o por controle da PPTM e pode receber at\u00e9 R$ 867 milh\u00f5es da Diamante; entenda o acordo no Pec\u00e9m","breadcrumb":{"@id":"https:\/\/www.suno.com.br\/noticias\/eneva-enev3-troca-carvao-operacao-pecem-diamante-mt\/#breadcrumb"},"inLanguage":"pt-BR","potentialAction":[{"@type":"ReadAction","target":["https:\/\/www.suno.com.br\/noticias\/eneva-enev3-troca-carvao-operacao-pecem-diamante-mt\/"]}]},{"@type":"ImageObject","inLanguage":"pt-BR","@id":"https:\/\/www.suno.com.br\/noticias\/eneva-enev3-troca-carvao-operacao-pecem-diamante-mt\/#primaryimage","url":"https:\/\/files.sunoresearch.com.br\/n\/uploads\/2026\/09\/840b243e-eneva-png.webp","contentUrl":"https:\/\/files.sunoresearch.com.br\/n\/uploads\/2026\/09\/840b243e-eneva-png.webp","width":438,"height":212,"caption":"Eneva (ENEV3) Eneva troca usina a carv\u00e3o por participa\u00e7\u00e3o integral em opera\u00e7\u00e3o ligada ao g\u00e1s no Pec\u00e9m."},{"@type":"BreadcrumbList","@id":"https:\/\/www.suno.com.br\/noticias\/eneva-enev3-troca-carvao-operacao-pecem-diamante-mt\/#breadcrumb","itemListElement":[{"@type":"ListItem","position":1,"name":"Not\u00edcias","item":"https:\/\/www.suno.com.br\/noticias\/"},{"@type":"ListItem","position":2,"name":"Neg\u00f3cios","item":"https:\/\/www.suno.com.br\/noticias\/negocios\/"},{"@type":"ListItem","position":3,"name":"Eneva (ENEV3) troca usina a carv\u00e3o por opera\u00e7\u00e3o em Pec\u00e9m; entenda o acordo com a Diamante"}]},{"@type":"WebSite","@id":"https:\/\/www.suno.com.br\/noticias\/#website","url":"https:\/\/www.suno.com.br\/noticias\/","name":"Suno Not\u00edcias","description":"Seu portal de informa\u00e7\u00e3o sobre o mundo dos investimentos","publisher":{"@id":"https:\/\/www.suno.com.br\/noticias\/#organization"},"potentialAction":[{"@type":"SearchAction","target":{"@type":"EntryPoint","urlTemplate":"https:\/\/www.suno.com.br\/noticias\/?s={search_term_string}"},"query-input":{"@type":"PropertyValueSpecification","valueRequired":true,"valueName":"search_term_string"}}],"inLanguage":"pt-BR"},{"@type":"Organization","@id":"https:\/\/www.suno.com.br\/noticias\/#organization","name":"Suno Not\u00edcias","url":"https:\/\/www.suno.com.br\/noticias\/","logo":{"@type":"ImageObject","inLanguage":"pt-BR","@id":"https:\/\/www.suno.com.br\/noticias\/#\/schema\/logo\/image\/","url":"https:\/\/files.sunoresearch.com.br\/n\/uploads\/2021\/09\/suno-logo.png","contentUrl":"https:\/\/files.sunoresearch.com.br\/n\/uploads\/2021\/09\/suno-logo.png","width":180,"height":180,"caption":"Suno Not\u00edcias"},"image":{"@id":"https:\/\/www.suno.com.br\/noticias\/#\/schema\/logo\/image\/"},"sameAs":["https:\/\/facebook.com\/sunoresearch","https:\/\/x.com\/sunoresearch","https:\/\/www.instagram.com\/suno","https:\/\/www.linkedin.com\/company\/suno-research\/","https:\/\/www.youtube.com\/c\/sunoresearch"]},{"@type":"Person","@id":"https:\/\/www.suno.com.br\/noticias\/#\/schema\/person\/0a8b51292bb96ee5f104094c0907eaef","name":"Ma\u00edra Telles","image":{"@type":"ImageObject","inLanguage":"pt-BR","@id":"https:\/\/www.suno.com.br\/noticias\/#\/schema\/person\/image\/","url":"https:\/\/secure.gravatar.com\/avatar\/8d13691eab6abc1d1050b62a4c2a6116?s=96&r=g","contentUrl":"https:\/\/secure.gravatar.com\/avatar\/8d13691eab6abc1d1050b62a4c2a6116?s=96&r=g","caption":"Ma\u00edra Telles"},"description":"Jornalista especializada em mercado financeiro, economia, neg\u00f3cios e agroneg\u00f3cio, com experi\u00eancia em reda\u00e7\u00e3o, comunica\u00e7\u00e3o estrat\u00e9gica e produ\u00e7\u00e3o de conte\u00fado para m\u00faltiplas plataformas. Com atua\u00e7\u00e3o tamb\u00e9m em marketing digital e gest\u00e3o de crise, une an\u00e1lise, apura\u00e7\u00e3o e linguagem acess\u00edvel para traduzir temas complexos em informa\u00e7\u00e3o relevante para investidores e leitores interessados no funcionamento da economia.","url":"https:\/\/www.suno.com.br\/noticias\/author\/mairaftellesgmail-com\/"}]}},"default_loop_html":"<div class=\"cardsPage__listCard__boxs\"><div class=\"cardsPage__listCard__boxs__img\"><a href=\"https:\/\/www.suno.com.br\/noticias\/eneva-enev3-troca-carvao-operacao-pecem-diamante-mt\/\"><img class=\"mask\" src=\"https:\/\/www.suno.com.br\/noticias\/wp-content\/themes\/suno\/resources\/images\/spotlight\/spotlight1img\/bg-mask.png\" alt=\"Image Mask\"\/><img src=\"https:\/\/files.sunoresearch.com.br\/n\/uploads\/2026\/09\/840b243e-eneva-400x200.webp\" alt=\"Eneva (ENEV3) troca usina a carv\u00e3o por opera\u00e7\u00e3o em Pec\u00e9m; entenda o acordo com a Diamante\"\/><\/a><span class=\"spotlightCategory\"><a href=\"https:\/\/www.suno.com.br\/noticias\/negocios\/\">Neg\u00f3cios<\/a><\/span><\/div><div class=\"cardsPage__listCard__boxs__content\"><a href=\"https:\/\/www.suno.com.br\/noticias\/eneva-enev3-troca-carvao-operacao-pecem-diamante-mt\/\"><h2 class=\"content__title\">Eneva (ENEV3) troca usina a carv\u00e3o por opera\u00e7\u00e3o em Pec\u00e9m; entenda o acordo com a Diamante<\/h2><\/a><div class=\"newsContent__article__meta\"><div class=\"newsContent__article__meta__authorBox\"><a href=\"https:\/\/www.suno.com.br\/noticias\/author\/mairaftellesgmail-com\/\" class=\"authorBox__avatar noMobi\"><img src=\"https:\/\/secure.gravatar.com\/avatar\/8d13691eab6abc1d1050b62a4c2a6116?s=96&#038;r=g\" alt=\"Ma\u00edra Telles\"><\/a><div class=\"authorBox__name\"><span>por\n\t\t\t<a href=\"https:\/\/www.suno.com.br\/noticias\/author\/mairaftellesgmail-com\/\"><span itemprop=\"author\">Ma\u00edra Telles<\/span><\/a><\/span><time datetime=\"2026-09-03T10:59:18-03:00\" itemprop=\"datePublished\">03\/09\/2026 10:59<\/time><\/div><\/div><\/div><\/div><\/div>","single_layout":"posts","amp_enabled":true,"_links":{"self":[{"href":"https:\/\/www.suno.com.br\/noticias\/wp-json\/wp\/v2\/posts\/663434"}],"collection":[{"href":"https:\/\/www.suno.com.br\/noticias\/wp-json\/wp\/v2\/posts"}],"about":[{"href":"https:\/\/www.suno.com.br\/noticias\/wp-json\/wp\/v2\/types\/post"}],"author":[{"embeddable":true,"href":"https:\/\/www.suno.com.br\/noticias\/wp-json\/wp\/v2\/users\/402"}],"replies":[{"embeddable":true,"href":"https:\/\/www.suno.com.br\/noticias\/wp-json\/wp\/v2\/comments?post=663434"}],"version-history":[{"count":0,"href":"https:\/\/www.suno.com.br\/noticias\/wp-json\/wp\/v2\/posts\/663434\/revisions"}],"wp:featuredmedia":[{"embeddable":true,"href":"https:\/\/www.suno.com.br\/noticias\/wp-json\/wp\/v2\/media\/663435"}],"wp:attachment":[{"href":"https:\/\/www.suno.com.br\/noticias\/wp-json\/wp\/v2\/media?parent=663434"}],"wp:term":[{"taxonomy":"category","embeddable":true,"href":"https:\/\/www.suno.com.br\/noticias\/wp-json\/wp\/v2\/categories?post=663434"},{"taxonomy":"post_tag","embeddable":true,"href":"https:\/\/www.suno.com.br\/noticias\/wp-json\/wp\/v2\/tags?post=663434"},{"taxonomy":"suno_strategy","embeddable":true,"href":"https:\/\/www.suno.com.br\/noticias\/wp-json\/wp\/v2\/suno_strategy?post=663434"}],"curies":[{"name":"wp","href":"https:\/\/api.w.org\/{rel}","templated":true}]}}