{"id":663399,"date":"2026-09-03T11:30:00","date_gmt":"2026-09-03T14:30:00","guid":{"rendered":"https:\/\/www.suno.com.br\/noticias\/?p=663399"},"modified":"2026-09-03T12:36:31","modified_gmt":"2026-09-03T15:36:31","slug":"uniao-europeia-suspende-carnes-brasil-jbs-brf-marfrig-minerva-go","status":"publish","type":"post","link":"https:\/\/www.suno.com.br\/noticias\/uniao-europeia-suspende-carnes-brasil-jbs-brf-marfrig-minerva-go\/","title":{"rendered":"Uni\u00e3o Europeia suspende entrada de carne brasileira; entenda impactos"},"content":{"rendered":"<p>A <strong>Uni\u00e3o Europeia<\/strong> interrompeu nesta quinta-feira (3) a entrada de novas cargas de prote\u00ednas animais brasileiras no bloco, em um embargo que coloca em risco at\u00e9 US$ 2 bilh\u00f5es por ano em exporta\u00e7\u00f5es do pa\u00eds. Carne bovina, frango, su\u00edna, mel, pescados e ovos est\u00e3o entre os produtos impedidos de chegar \u00e0s 27 na\u00e7\u00f5es do bloco a partir de hoje.<\/p>\t<div class=\"wrapper-featured-image\">\n\t\t<figure class=\"spotlightImg\">\n\n\t\t\t<picture>\n\t\t\t\t<source media=\"(max-width: 768px)\" srcset=\"https:\/\/files.sunoresearch.com.br\/n\/uploads\/2021\/04\/ce303ba4-steak-1081819_1280-400x200.webp\">\n\t\t\t\t<img loading=\"lazy\" decoding=\"async\" class=\"newsContent__article__imgCapa lazyloadDisabled \" src=\"https:\/\/files.sunoresearch.com.br\/n\/uploads\/2021\/04\/ce303ba4-steak-1081819_1280-800x450.webp\" width=\"800\" height=\"450\" alt=\"Uni\u00e3o Europeia suspende entrada de carne brasileira; entenda impactos\" fetchpriority=high \/>\n\t\t\t<\/picture>\n\n\t\t\t<figcaption class=\"wp-caption-text wp-caption-text--show\">Carne. Foto: Pixabay<\/figcaption>\n\t\t<\/figure>\n\t<\/div>\n\n\n\n\n\n\n\n\t<p>\n\t\t<a href=\"https:\/\/lp.suno.com.br\/planilha-da-vida-financeira\/\" target=\"_blank\" data-element=\"shortcode-suno-banner\" title=\"Banner SUNO, clique e saiba mais\">\n\t\t\t<picture>\n\t\t\t\t<source media=\"(max-width: 500px)\" srcset=\"https:\/\/files.sunoresearch.com.br\/n\/uploads\/2023\/04\/400x300-Planilha-vida-financeira-true.png\">\n\t\t\t\t<img class=\"newsContent__article__imgCapa newsContent__article__imgCapa--banner\"\n\t\t\t\t\tsrc=\"https:\/\/files.sunoresearch.com.br\/n\/uploads\/2023\/04\/1420x240-Planilha-vida-financeira-true.png\"\n\t\t\t\t\tdata-promo-id=\"106682\"\t\t\t\t\t\t\t\t\t\twidth='1420' height='240'\t\t\t\t\talt=\"https:\/\/files.sunoresearch.com.br\/n\/uploads\/2023\/04\/1420x240-Planilha-vida-financeira-true.png\"\n\t\t\t\t>\n\t\t\t<\/picture>\n\t\t<\/a>\n\t<\/p>\n\n\n\n\n\n<p>O bloqueio tem origem regulat\u00f3ria, n\u00e3o sanit\u00e1ria. A <strong>UE<\/strong> n\u00e3o apontou irregularidades em lotes de <strong>carne<\/strong> <strong>brasileira<\/strong>. O que motivou a exclus\u00e3o do Brasil das listas de pa\u00edses habilitados foi a avalia\u00e7\u00e3o europeia de que o controle nacional sobre o uso de antimicrobianos na pecu\u00e1ria \u00e9 insuficiente. <\/p>\n\n\n\n<p>O bloco pro\u00edbe o emprego dessas subst\u00e2ncias para estimular o crescimento animal e veda tamb\u00e9m o uso, em animais, de antimicrobianos reservados ao tratamento de infec\u00e7\u00f5es humanas.<\/p>\n\n\n\n<p>O instrumento legal que formaliza o veto \u00e9 o Regulamento de Execu\u00e7\u00e3o (UE) 2026\/1189, assinado pela presidente da Comiss\u00e3o Europeia, Ursula von der Leyen, em 4 de junho de 2026 e publicado no Jornal Oficial da UE no dia seguinte. <\/p>\n\n\n\n<h2 class=\"wp-block-heading\">O peso econ\u00f4mico da decis\u00e3o da <a class=\"suno-keyword\" target=\"_blank\" data-force=\"no\" data-priority=\"2\" href=\"https:\/\/www.suno.com.br\/artigos\/uniao-europeia\/\" rel=\"noopener\">Uni\u00e3o Europeia<\/a> <\/h2>\n\n\n\n<p>S\u00f3 a carne bovina respondeu por cerca de US$ 1,7 bilh\u00e3o em exporta\u00e7\u00f5es brasileiras \u00e0 UE em 2025, o equivalente a aproximadamente 15% de tudo que o Brasil vendeu ao exterior nesse segmento. Somados os demais itens bloqueados, o impacto potencial chega a US$ 2 bilh\u00f5es anuais, segundo estimativa do InvestNews.<\/p>\n\n\n\n<p>Entre as empresas com maior exposi\u00e7\u00e3o ao mercado europeu est\u00e3o <strong>JBS<\/strong> (<a class=\"suno-keyword\" data-force=\"yes\" data-priority=\"2\" href=\"https:\/\/www.suno.com.br\/analitica\/acoes\/jbss3\/\" target=\"_blank\" rel=\"noopener\">JBSS32<\/a>), <strong>BRF<\/strong> (<a class=\"suno-keyword\" data-force=\"yes\" data-priority=\"2\" href=\"https:\/\/www.suno.com.br\/analitica\/acoes\/brfs3\/\" target=\"_blank\" rel=\"noopener\">BRFS3<\/a>), <strong>Marfrig<\/strong> (<a class=\"suno-keyword\" data-force=\"yes\" data-priority=\"2\" href=\"https:\/\/www.suno.com.br\/analitica\/acoes\/mrfg3\/\" target=\"_blank\" rel=\"noopener\">MRFG3<\/a>) e <strong>Minerva<\/strong> (BEEF4).<\/p>\n\n\n\n<p>O Minist\u00e9rio da Agricultura e Pecu\u00e1ria (Mapa) contestou o embasamento da restri\u00e7\u00e3o e afirmou que a legisla\u00e7\u00e3o brasileira j\u00e1 limita o uso de antimicrobianos como promotores de crescimento, em linha com as diretrizes da Organiza\u00e7\u00e3o Mundial de Sa\u00fade Animal (OMSA) e do Codex Alimentarius. A documenta\u00e7\u00e3o t\u00e9cnica enviada \u00e0 Comiss\u00e3o Europeia para comprovar essa equival\u00eancia, por\u00e9m, n\u00e3o foi aceita a tempo de suspender o regulamento.<\/p>\n\n\n\n<h2 class=\"wp-block-heading\">Auditoria em curso e poss\u00edvel revers\u00e3o<\/h2>\n\n\n\n<p>A decis\u00e3o pode ser revertida dependendo do andamento das negocia\u00e7\u00f5es entre o Brasil e a <strong>UE<\/strong>. Nesta semana, o bloco realiza no pa\u00eds uma auditoria nas cadeias de produ\u00e7\u00e3o de frango e mel, com conclus\u00e3o prevista para esta sexta-feira (4). <\/p>\n\n\n\n<p>O resultado ainda passar\u00e1 por an\u00e1lise interna europeia, processo estimado em cerca de dois meses. Uma porta-voz da Comiss\u00e3o Europeia disse \u00e0 AFP, na segunda-feira (31), que o bloco trabalha de forma pr\u00f3xima com as autoridades brasileiras para garantir o cumprimento das exig\u00eancias e que, assim que essa conformidade for comprovada, as exporta\u00e7\u00f5es poder\u00e3o ser retomadas.<\/p>\n\n\n\n<p>A retirada da lista n\u00e3o \u00e9 permanente por defini\u00e7\u00e3o. Outros pa\u00edses j\u00e1 foram reinclu\u00eddos ap\u00f3s apresentar as garantias exigidas pela <strong>Uni\u00e3o Europeia<\/strong>. O prazo para eventual reabilita\u00e7\u00e3o do Brasil depende da velocidade com que o pa\u00eds formalizar e entregar as comprova\u00e7\u00f5es t\u00e9cnicas aceitas pela Uni\u00e3o Europeia.<\/p>\n\n\n\t<p>\n\t\t<a href=\"https:\/\/lp.suno.com.br\/planilha-da-vida-financeira\/\" target=\"_blank\" data-element=\"shortcode-suno-banner\" title=\"Banner SUNO, clique e saiba mais\">\n\t\t\t<picture>\n\t\t\t\t<source media=\"(max-width: 500px)\" srcset=\"https:\/\/files.sunoresearch.com.br\/n\/uploads\/2023\/04\/400x300-Planilha-vida-financeira-true.png\">\n\t\t\t\t<img class=\"newsContent__article__imgCapa newsContent__article__imgCapa--banner\"\n\t\t\t\t\tsrc=\"https:\/\/files.sunoresearch.com.br\/n\/uploads\/2023\/04\/1420x240-Planilha-vida-financeira-true.png\"\n\t\t\t\t\tdata-promo-id=\"383123\"\t\t\t\t\t\t\t\t\t\twidth='1420' height='240'\t\t\t\t\talt=\"https:\/\/files.sunoresearch.com.br\/n\/uploads\/2023\/04\/1420x240-Planilha-vida-financeira-true.png\"\n\t\t\t\t>\n\t\t\t<\/picture>\n\t\t<\/a>\n\t<\/p>\n\n\n","protected":false},"excerpt":{"rendered":"<p>A Uni\u00e3o Europeia interrompeu nesta quinta-feira (3) a entrada de novas cargas de prote\u00ednas animais brasileiras no bloco, em um embargo que coloca em risco at\u00e9 US$ 2 bilh\u00f5es por ano em exporta\u00e7\u00f5es do pa\u00eds. Carne bovina, frango, su\u00edna, mel, pescados e ovos est\u00e3o entre os produtos impedidos de chegar \u00e0s 27 na\u00e7\u00f5es do bloco [&hellip;]<\/p>\n","protected":false},"author":404,"featured_media":142031,"comment_status":"closed","ping_status":"closed","sticky":false,"template":"","format":"standard","meta":[],"categories":[64],"tags":[1811,731],"suno_strategy":[],"class_list":["post-663399","post","type-post","status-publish","format-standard","has-post-thumbnail","hentry","category-negocios","tag-carne-bovina","tag-uniao-europeia"],"yoast_head":"<!-- This site is optimized with the Yoast SEO plugin v24.4 - https:\/\/yoast.com\/wordpress\/plugins\/seo\/ -->\n<title>Uni\u00e3o Europeia bloqueia carnes do Brasil; US$ 2 bi em risco<\/title>\n<meta name=\"description\" content=\"A Uni\u00e3o Europeia suspendeu a entrada de prote\u00ednas animais do Brasil, afetando JBS, BRF, Marfrig e Minerva Foods. Entenda o que est\u00e1 em jogo.\" \/>\n<meta name=\"robots\" content=\"index, follow, max-snippet:-1, max-image-preview:large, max-video-preview:-1\" \/>\n<link rel=\"canonical\" href=\"https:\/\/www.suno.com.br\/noticias\/uniao-europeia-suspende-carnes-brasil-jbs-brf-marfrig-minerva-go\/\" \/>\n<meta property=\"og:locale\" content=\"pt_BR\" \/>\n<meta property=\"og:type\" content=\"article\" \/>\n<meta property=\"og:title\" content=\"Uni\u00e3o Europeia bloqueia carnes do Brasil; US$ 2 bi em risco\" \/>\n<meta property=\"og:description\" content=\"A Uni\u00e3o Europeia suspendeu a entrada de prote\u00ednas animais do Brasil, afetando JBS, BRF, Marfrig e Minerva Foods. Entenda o que est\u00e1 em jogo.\" \/>\n<meta property=\"og:url\" content=\"https:\/\/www.suno.com.br\/noticias\/uniao-europeia-suspende-carnes-brasil-jbs-brf-marfrig-minerva-go\/\" \/>\n<meta property=\"og:site_name\" content=\"Suno Not\u00edcias\" \/>\n<meta property=\"article:publisher\" content=\"https:\/\/facebook.com\/sunoresearch\" \/>\n<meta property=\"og:image\" content=\"https:\/\/files.sunoresearch.com.br\/n\/uploads\/2021\/04\/ce303ba4-steak-1081819_1280-jpg.webp\" \/>\n\t<meta property=\"og:image:width\" content=\"1280\" \/>\n\t<meta property=\"og:image:height\" content=\"854\" \/>\n\t<meta property=\"og:image:type\" content=\"image\/jpeg\" \/>\n<meta name=\"author\" content=\"Giovanna Oliveira\" \/>\n<meta name=\"twitter:card\" content=\"summary_large_image\" \/>\n<meta name=\"twitter:creator\" content=\"@sunoresearch\" \/>\n<meta name=\"twitter:site\" content=\"@sunoresearch\" \/>\n<meta name=\"twitter:label1\" content=\"Escrito por\" \/>\n\t<meta name=\"twitter:data1\" content=\"Giovanna Oliveira\" \/>\n\t<meta name=\"twitter:label2\" content=\"Est. tempo de leitura\" \/>\n\t<meta name=\"twitter:data2\" content=\"3 minutos\" \/>\n<script type=\"application\/ld+json\" class=\"yoast-schema-graph\">{\"@context\":\"https:\/\/schema.org\",\"@graph\":[{\"@type\":\"NewsArticle\",\"@id\":\"https:\/\/www.suno.com.br\/noticias\/uniao-europeia-suspende-carnes-brasil-jbs-brf-marfrig-minerva-go\/#article\",\"isPartOf\":{\"@id\":\"https:\/\/www.suno.com.br\/noticias\/uniao-europeia-suspende-carnes-brasil-jbs-brf-marfrig-minerva-go\/\"},\"author\":{\"name\":\"Giovanna Oliveira\",\"@id\":\"https:\/\/www.suno.com.br\/noticias\/#\/schema\/person\/506bb13f624e6983050ae5bf648c7a54\"},\"headline\":\"Uni\u00e3o Europeia suspende entrada de carne brasileira; entenda impactos\",\"datePublished\":\"2026-09-03T14:30:00+00:00\",\"dateModified\":\"2026-09-03T15:36:31+00:00\",\"mainEntityOfPage\":{\"@id\":\"https:\/\/www.suno.com.br\/noticias\/uniao-europeia-suspende-carnes-brasil-jbs-brf-marfrig-minerva-go\/\"},\"wordCount\":528,\"publisher\":{\"@id\":\"https:\/\/www.suno.com.br\/noticias\/#organization\"},\"image\":{\"@id\":\"https:\/\/www.suno.com.br\/noticias\/uniao-europeia-suspende-carnes-brasil-jbs-brf-marfrig-minerva-go\/#primaryimage\"},\"thumbnailUrl\":\"https:\/\/files.sunoresearch.com.br\/n\/uploads\/2021\/04\/ce303ba4-steak-1081819_1280-jpg.webp\",\"keywords\":[\"carne bovina\",\"Uni\u00e3o Europeia\"],\"articleSection\":[\"Neg\u00f3cios\"],\"inLanguage\":\"pt-BR\"},{\"@type\":\"WebPage\",\"@id\":\"https:\/\/www.suno.com.br\/noticias\/uniao-europeia-suspende-carnes-brasil-jbs-brf-marfrig-minerva-go\/\",\"url\":\"https:\/\/www.suno.com.br\/noticias\/uniao-europeia-suspende-carnes-brasil-jbs-brf-marfrig-minerva-go\/\",\"name\":\"Uni\u00e3o Europeia bloqueia carnes do Brasil; US$ 2 bi em risco\",\"isPartOf\":{\"@id\":\"https:\/\/www.suno.com.br\/noticias\/#website\"},\"primaryImageOfPage\":{\"@id\":\"https:\/\/www.suno.com.br\/noticias\/uniao-europeia-suspende-carnes-brasil-jbs-brf-marfrig-minerva-go\/#primaryimage\"},\"image\":{\"@id\":\"https:\/\/www.suno.com.br\/noticias\/uniao-europeia-suspende-carnes-brasil-jbs-brf-marfrig-minerva-go\/#primaryimage\"},\"thumbnailUrl\":\"https:\/\/files.sunoresearch.com.br\/n\/uploads\/2021\/04\/ce303ba4-steak-1081819_1280-jpg.webp\",\"datePublished\":\"2026-09-03T14:30:00+00:00\",\"dateModified\":\"2026-09-03T15:36:31+00:00\",\"description\":\"A Uni\u00e3o Europeia suspendeu a entrada de prote\u00ednas animais do Brasil, afetando JBS, BRF, Marfrig e Minerva Foods. Entenda o que est\u00e1 em jogo.\",\"breadcrumb\":{\"@id\":\"https:\/\/www.suno.com.br\/noticias\/uniao-europeia-suspende-carnes-brasil-jbs-brf-marfrig-minerva-go\/#breadcrumb\"},\"inLanguage\":\"pt-BR\",\"potentialAction\":[{\"@type\":\"ReadAction\",\"target\":[\"https:\/\/www.suno.com.br\/noticias\/uniao-europeia-suspende-carnes-brasil-jbs-brf-marfrig-minerva-go\/\"]}]},{\"@type\":\"ImageObject\",\"inLanguage\":\"pt-BR\",\"@id\":\"https:\/\/www.suno.com.br\/noticias\/uniao-europeia-suspende-carnes-brasil-jbs-brf-marfrig-minerva-go\/#primaryimage\",\"url\":\"https:\/\/files.sunoresearch.com.br\/n\/uploads\/2021\/04\/ce303ba4-steak-1081819_1280-jpg.webp\",\"contentUrl\":\"https:\/\/files.sunoresearch.com.br\/n\/uploads\/2021\/04\/ce303ba4-steak-1081819_1280-jpg.webp\",\"width\":1280,\"height\":854,\"caption\":\"Carne. Foto: Pixabay\"},{\"@type\":\"BreadcrumbList\",\"@id\":\"https:\/\/www.suno.com.br\/noticias\/uniao-europeia-suspende-carnes-brasil-jbs-brf-marfrig-minerva-go\/#breadcrumb\",\"itemListElement\":[{\"@type\":\"ListItem\",\"position\":1,\"name\":\"Not\u00edcias\",\"item\":\"https:\/\/www.suno.com.br\/noticias\/\"},{\"@type\":\"ListItem\",\"position\":2,\"name\":\"Neg\u00f3cios\",\"item\":\"https:\/\/www.suno.com.br\/noticias\/negocios\/\"},{\"@type\":\"ListItem\",\"position\":3,\"name\":\"Uni\u00e3o Europeia suspende entrada de carne brasileira; entenda impactos\"}]},{\"@type\":\"WebSite\",\"@id\":\"https:\/\/www.suno.com.br\/noticias\/#website\",\"url\":\"https:\/\/www.suno.com.br\/noticias\/\",\"name\":\"Suno Not\u00edcias\",\"description\":\"Seu portal de informa\u00e7\u00e3o sobre o mundo dos investimentos\",\"publisher\":{\"@id\":\"https:\/\/www.suno.com.br\/noticias\/#organization\"},\"potentialAction\":[{\"@type\":\"SearchAction\",\"target\":{\"@type\":\"EntryPoint\",\"urlTemplate\":\"https:\/\/www.suno.com.br\/noticias\/?s={search_term_string}\"},\"query-input\":{\"@type\":\"PropertyValueSpecification\",\"valueRequired\":true,\"valueName\":\"search_term_string\"}}],\"inLanguage\":\"pt-BR\"},{\"@type\":\"Organization\",\"@id\":\"https:\/\/www.suno.com.br\/noticias\/#organization\",\"name\":\"Suno Not\u00edcias\",\"url\":\"https:\/\/www.suno.com.br\/noticias\/\",\"logo\":{\"@type\":\"ImageObject\",\"inLanguage\":\"pt-BR\",\"@id\":\"https:\/\/www.suno.com.br\/noticias\/#\/schema\/logo\/image\/\",\"url\":\"https:\/\/files.sunoresearch.com.br\/n\/uploads\/2021\/09\/suno-logo.png\",\"contentUrl\":\"https:\/\/files.sunoresearch.com.br\/n\/uploads\/2021\/09\/suno-logo.png\",\"width\":180,\"height\":180,\"caption\":\"Suno Not\u00edcias\"},\"image\":{\"@id\":\"https:\/\/www.suno.com.br\/noticias\/#\/schema\/logo\/image\/\"},\"sameAs\":[\"https:\/\/facebook.com\/sunoresearch\",\"https:\/\/x.com\/sunoresearch\",\"https:\/\/www.instagram.com\/suno\",\"https:\/\/www.linkedin.com\/company\/suno-research\/\",\"https:\/\/www.youtube.com\/c\/sunoresearch\"]},{\"@type\":\"Person\",\"@id\":\"https:\/\/www.suno.com.br\/noticias\/#\/schema\/person\/506bb13f624e6983050ae5bf648c7a54\",\"name\":\"Giovanna Oliveira\",\"image\":{\"@type\":\"ImageObject\",\"inLanguage\":\"pt-BR\",\"@id\":\"https:\/\/www.suno.com.br\/noticias\/#\/schema\/person\/image\/\",\"url\":\"https:\/\/secure.gravatar.com\/avatar\/8d180e5cea232a9bb3af521589b133fa?s=96&r=g\",\"contentUrl\":\"https:\/\/secure.gravatar.com\/avatar\/8d180e5cea232a9bb3af521589b133fa?s=96&r=g\",\"caption\":\"Giovanna Oliveira\"},\"description\":\"Jornalista com mais de sete anos de experi\u00eancia na cobertura de finan\u00e7as e economia. P\u00f3s-graduada em Neg\u00f3cios e Inova\u00e7\u00e3o (ESPM-SP) e mestranda em Finan\u00e7as (UADE Business School\u2013Buenos Aires).\",\"url\":\"https:\/\/www.suno.com.br\/noticias\/author\/giovannalmd-oliveiragmail-com\/\"}]}<\/script>\n<!-- \/ Yoast SEO plugin. -->","yoast_head_json":{"title":"Uni\u00e3o Europeia bloqueia carnes do Brasil; US$ 2 bi em risco","description":"A Uni\u00e3o Europeia suspendeu a entrada de prote\u00ednas animais do Brasil, afetando JBS, BRF, Marfrig e Minerva Foods. Entenda o que est\u00e1 em jogo.","robots":{"index":"index","follow":"follow","max-snippet":"max-snippet:-1","max-image-preview":"max-image-preview:large","max-video-preview":"max-video-preview:-1"},"canonical":"https:\/\/www.suno.com.br\/noticias\/uniao-europeia-suspende-carnes-brasil-jbs-brf-marfrig-minerva-go\/","og_locale":"pt_BR","og_type":"article","og_title":"Uni\u00e3o Europeia bloqueia carnes do Brasil; US$ 2 bi em risco","og_description":"A Uni\u00e3o Europeia suspendeu a entrada de prote\u00ednas animais do Brasil, afetando JBS, BRF, Marfrig e Minerva Foods. Entenda o que est\u00e1 em jogo.","og_url":"https:\/\/www.suno.com.br\/noticias\/uniao-europeia-suspende-carnes-brasil-jbs-brf-marfrig-minerva-go\/","og_site_name":"Suno Not\u00edcias","article_publisher":"https:\/\/facebook.com\/sunoresearch","og_image":[{"width":1280,"height":854,"url":"https:\/\/files.sunoresearch.com.br\/n\/uploads\/2021\/04\/ce303ba4-steak-1081819_1280-jpg.webp","type":"image\/jpeg"}],"author":"Giovanna Oliveira","twitter_card":"summary_large_image","twitter_creator":"@sunoresearch","twitter_site":"@sunoresearch","twitter_misc":{"Escrito por":"Giovanna Oliveira","Est. tempo de leitura":"3 minutos"},"schema":{"@context":"https:\/\/schema.org","@graph":[{"@type":"NewsArticle","@id":"https:\/\/www.suno.com.br\/noticias\/uniao-europeia-suspende-carnes-brasil-jbs-brf-marfrig-minerva-go\/#article","isPartOf":{"@id":"https:\/\/www.suno.com.br\/noticias\/uniao-europeia-suspende-carnes-brasil-jbs-brf-marfrig-minerva-go\/"},"author":{"name":"Giovanna Oliveira","@id":"https:\/\/www.suno.com.br\/noticias\/#\/schema\/person\/506bb13f624e6983050ae5bf648c7a54"},"headline":"Uni\u00e3o Europeia suspende entrada de carne brasileira; entenda impactos","datePublished":"2026-09-03T14:30:00+00:00","dateModified":"2026-09-03T15:36:31+00:00","mainEntityOfPage":{"@id":"https:\/\/www.suno.com.br\/noticias\/uniao-europeia-suspende-carnes-brasil-jbs-brf-marfrig-minerva-go\/"},"wordCount":528,"publisher":{"@id":"https:\/\/www.suno.com.br\/noticias\/#organization"},"image":{"@id":"https:\/\/www.suno.com.br\/noticias\/uniao-europeia-suspende-carnes-brasil-jbs-brf-marfrig-minerva-go\/#primaryimage"},"thumbnailUrl":"https:\/\/files.sunoresearch.com.br\/n\/uploads\/2021\/04\/ce303ba4-steak-1081819_1280-jpg.webp","keywords":["carne bovina","Uni\u00e3o Europeia"],"articleSection":["Neg\u00f3cios"],"inLanguage":"pt-BR"},{"@type":"WebPage","@id":"https:\/\/www.suno.com.br\/noticias\/uniao-europeia-suspende-carnes-brasil-jbs-brf-marfrig-minerva-go\/","url":"https:\/\/www.suno.com.br\/noticias\/uniao-europeia-suspende-carnes-brasil-jbs-brf-marfrig-minerva-go\/","name":"Uni\u00e3o Europeia bloqueia carnes do Brasil; US$ 2 bi em risco","isPartOf":{"@id":"https:\/\/www.suno.com.br\/noticias\/#website"},"primaryImageOfPage":{"@id":"https:\/\/www.suno.com.br\/noticias\/uniao-europeia-suspende-carnes-brasil-jbs-brf-marfrig-minerva-go\/#primaryimage"},"image":{"@id":"https:\/\/www.suno.com.br\/noticias\/uniao-europeia-suspende-carnes-brasil-jbs-brf-marfrig-minerva-go\/#primaryimage"},"thumbnailUrl":"https:\/\/files.sunoresearch.com.br\/n\/uploads\/2021\/04\/ce303ba4-steak-1081819_1280-jpg.webp","datePublished":"2026-09-03T14:30:00+00:00","dateModified":"2026-09-03T15:36:31+00:00","description":"A Uni\u00e3o Europeia suspendeu a entrada de prote\u00ednas animais do Brasil, afetando JBS, BRF, Marfrig e Minerva Foods. Entenda o que est\u00e1 em jogo.","breadcrumb":{"@id":"https:\/\/www.suno.com.br\/noticias\/uniao-europeia-suspende-carnes-brasil-jbs-brf-marfrig-minerva-go\/#breadcrumb"},"inLanguage":"pt-BR","potentialAction":[{"@type":"ReadAction","target":["https:\/\/www.suno.com.br\/noticias\/uniao-europeia-suspende-carnes-brasil-jbs-brf-marfrig-minerva-go\/"]}]},{"@type":"ImageObject","inLanguage":"pt-BR","@id":"https:\/\/www.suno.com.br\/noticias\/uniao-europeia-suspende-carnes-brasil-jbs-brf-marfrig-minerva-go\/#primaryimage","url":"https:\/\/files.sunoresearch.com.br\/n\/uploads\/2021\/04\/ce303ba4-steak-1081819_1280-jpg.webp","contentUrl":"https:\/\/files.sunoresearch.com.br\/n\/uploads\/2021\/04\/ce303ba4-steak-1081819_1280-jpg.webp","width":1280,"height":854,"caption":"Carne. Foto: Pixabay"},{"@type":"BreadcrumbList","@id":"https:\/\/www.suno.com.br\/noticias\/uniao-europeia-suspende-carnes-brasil-jbs-brf-marfrig-minerva-go\/#breadcrumb","itemListElement":[{"@type":"ListItem","position":1,"name":"Not\u00edcias","item":"https:\/\/www.suno.com.br\/noticias\/"},{"@type":"ListItem","position":2,"name":"Neg\u00f3cios","item":"https:\/\/www.suno.com.br\/noticias\/negocios\/"},{"@type":"ListItem","position":3,"name":"Uni\u00e3o Europeia suspende entrada de carne brasileira; entenda impactos"}]},{"@type":"WebSite","@id":"https:\/\/www.suno.com.br\/noticias\/#website","url":"https:\/\/www.suno.com.br\/noticias\/","name":"Suno Not\u00edcias","description":"Seu portal de informa\u00e7\u00e3o sobre o mundo dos investimentos","publisher":{"@id":"https:\/\/www.suno.com.br\/noticias\/#organization"},"potentialAction":[{"@type":"SearchAction","target":{"@type":"EntryPoint","urlTemplate":"https:\/\/www.suno.com.br\/noticias\/?s={search_term_string}"},"query-input":{"@type":"PropertyValueSpecification","valueRequired":true,"valueName":"search_term_string"}}],"inLanguage":"pt-BR"},{"@type":"Organization","@id":"https:\/\/www.suno.com.br\/noticias\/#organization","name":"Suno Not\u00edcias","url":"https:\/\/www.suno.com.br\/noticias\/","logo":{"@type":"ImageObject","inLanguage":"pt-BR","@id":"https:\/\/www.suno.com.br\/noticias\/#\/schema\/logo\/image\/","url":"https:\/\/files.sunoresearch.com.br\/n\/uploads\/2021\/09\/suno-logo.png","contentUrl":"https:\/\/files.sunoresearch.com.br\/n\/uploads\/2021\/09\/suno-logo.png","width":180,"height":180,"caption":"Suno Not\u00edcias"},"image":{"@id":"https:\/\/www.suno.com.br\/noticias\/#\/schema\/logo\/image\/"},"sameAs":["https:\/\/facebook.com\/sunoresearch","https:\/\/x.com\/sunoresearch","https:\/\/www.instagram.com\/suno","https:\/\/www.linkedin.com\/company\/suno-research\/","https:\/\/www.youtube.com\/c\/sunoresearch"]},{"@type":"Person","@id":"https:\/\/www.suno.com.br\/noticias\/#\/schema\/person\/506bb13f624e6983050ae5bf648c7a54","name":"Giovanna Oliveira","image":{"@type":"ImageObject","inLanguage":"pt-BR","@id":"https:\/\/www.suno.com.br\/noticias\/#\/schema\/person\/image\/","url":"https:\/\/secure.gravatar.com\/avatar\/8d180e5cea232a9bb3af521589b133fa?s=96&r=g","contentUrl":"https:\/\/secure.gravatar.com\/avatar\/8d180e5cea232a9bb3af521589b133fa?s=96&r=g","caption":"Giovanna Oliveira"},"description":"Jornalista com mais de sete anos de experi\u00eancia na cobertura de finan\u00e7as e economia. P\u00f3s-graduada em Neg\u00f3cios e Inova\u00e7\u00e3o (ESPM-SP) e mestranda em Finan\u00e7as (UADE Business School\u2013Buenos Aires).","url":"https:\/\/www.suno.com.br\/noticias\/author\/giovannalmd-oliveiragmail-com\/"}]}},"default_loop_html":"<div class=\"cardsPage__listCard__boxs\"><div class=\"cardsPage__listCard__boxs__img\"><a href=\"https:\/\/www.suno.com.br\/noticias\/uniao-europeia-suspende-carnes-brasil-jbs-brf-marfrig-minerva-go\/\"><img class=\"mask\" src=\"https:\/\/www.suno.com.br\/noticias\/wp-content\/themes\/suno\/resources\/images\/spotlight\/spotlight1img\/bg-mask.png\" alt=\"Image Mask\"\/><img src=\"https:\/\/files.sunoresearch.com.br\/n\/uploads\/2021\/04\/ce303ba4-steak-1081819_1280-400x200.webp\" alt=\"Uni\u00e3o Europeia suspende entrada de carne brasileira; entenda impactos\"\/><\/a><span class=\"spotlightCategory\"><a href=\"https:\/\/www.suno.com.br\/noticias\/negocios\/\">Neg\u00f3cios<\/a><\/span><\/div><div class=\"cardsPage__listCard__boxs__content\"><a href=\"https:\/\/www.suno.com.br\/noticias\/uniao-europeia-suspende-carnes-brasil-jbs-brf-marfrig-minerva-go\/\"><h2 class=\"content__title\">Uni\u00e3o Europeia suspende entrada de carne brasileira; entenda impactos<\/h2><\/a><div class=\"newsContent__article__meta\"><div class=\"newsContent__article__meta__authorBox\"><a href=\"https:\/\/www.suno.com.br\/noticias\/author\/giovannalmd-oliveiragmail-com\/\" class=\"authorBox__avatar noMobi\"><img src=\"https:\/\/secure.gravatar.com\/avatar\/8d180e5cea232a9bb3af521589b133fa?s=96&#038;r=g\" alt=\"Giovanna Oliveira\"><\/a><div class=\"authorBox__name\"><span>por\n\t\t\t<a href=\"https:\/\/www.suno.com.br\/noticias\/author\/giovannalmd-oliveiragmail-com\/\"><span itemprop=\"author\">Giovanna Oliveira<\/span><\/a><\/span><time datetime=\"2026-09-03T11:30:00-03:00\" itemprop=\"datePublished\">03\/09\/2026 11:30<\/time><\/div><\/div><\/div><\/div><\/div>","single_layout":"posts","amp_enabled":true,"_links":{"self":[{"href":"https:\/\/www.suno.com.br\/noticias\/wp-json\/wp\/v2\/posts\/663399"}],"collection":[{"href":"https:\/\/www.suno.com.br\/noticias\/wp-json\/wp\/v2\/posts"}],"about":[{"href":"https:\/\/www.suno.com.br\/noticias\/wp-json\/wp\/v2\/types\/post"}],"author":[{"embeddable":true,"href":"https:\/\/www.suno.com.br\/noticias\/wp-json\/wp\/v2\/users\/404"}],"replies":[{"embeddable":true,"href":"https:\/\/www.suno.com.br\/noticias\/wp-json\/wp\/v2\/comments?post=663399"}],"version-history":[{"count":2,"href":"https:\/\/www.suno.com.br\/noticias\/wp-json\/wp\/v2\/posts\/663399\/revisions"}],"predecessor-version":[{"id":663448,"href":"https:\/\/www.suno.com.br\/noticias\/wp-json\/wp\/v2\/posts\/663399\/revisions\/663448"}],"wp:featuredmedia":[{"embeddable":true,"href":"https:\/\/www.suno.com.br\/noticias\/wp-json\/wp\/v2\/media\/142031"}],"wp:attachment":[{"href":"https:\/\/www.suno.com.br\/noticias\/wp-json\/wp\/v2\/media?parent=663399"}],"wp:term":[{"taxonomy":"category","embeddable":true,"href":"https:\/\/www.suno.com.br\/noticias\/wp-json\/wp\/v2\/categories?post=663399"},{"taxonomy":"post_tag","embeddable":true,"href":"https:\/\/www.suno.com.br\/noticias\/wp-json\/wp\/v2\/tags?post=663399"},{"taxonomy":"suno_strategy","embeddable":true,"href":"https:\/\/www.suno.com.br\/noticias\/wp-json\/wp\/v2\/suno_strategy?post=663399"}],"curies":[{"name":"wp","href":"https:\/\/api.w.org\/{rel}","templated":true}]}}