{"id":663394,"date":"2026-09-03T10:24:48","date_gmt":"2026-09-03T13:24:48","guid":{"rendered":"https:\/\/www.suno.com.br\/noticias\/?p=663394"},"modified":"2026-09-03T10:24:53","modified_gmt":"2026-09-03T13:24:53","slug":"rztr11-dividendos-podem-cair-inadimplencia","status":"publish","type":"post","link":"https:\/\/www.suno.com.br\/noticias\/rztr11-dividendos-podem-cair-inadimplencia\/","title":{"rendered":"RZTR11: FII pode reduzir dividendos depois de impacto de calote?"},"content":{"rendered":"<p>O <a class=\"suno-keyword\" href=\"https:\/\/www.suno.com.br\/fundos-imobiliarios\/rztr11\/\" target=\"_blank\" rel=\"noopener\" data-force=\"no\" data-priority=\"2\"><strong>RZTR11<\/strong><\/a> (Riza Terrax FII) antecipa uma poss\u00edvel queda nas distribui\u00e7\u00f5es nos pr\u00f3ximos meses ap\u00f3s a inadimpl\u00eancia do arrendat\u00e1rio da Fazenda Bom Jardim, em Montividiu (GO). A rescis\u00e3o do contrato projeta perda de R$ 5,6 milh\u00f5es em receitas entre 30 de abril e 31 de dezembro de 2026, com impacto aproximado de R$ 0,30 por cota.<\/p>\t<div class=\"wrapper-featured-image\">\n\t\t<figure class=\"spotlightImg\">\n\n\t\t\t<picture>\n\t\t\t\t<source media=\"(max-width: 768px)\" srcset=\"https:\/\/files.sunoresearch.com.br\/n\/uploads\/2026\/09\/analista-de-mercado-1_02-400x200.webp\">\n\t\t\t\t<img loading=\"lazy\" decoding=\"async\" class=\"newsContent__article__imgCapa lazyloadDisabled \" src=\"https:\/\/files.sunoresearch.com.br\/n\/uploads\/2026\/09\/analista-de-mercado-1_02-800x450.webp\" width=\"800\" height=\"450\" alt=\"RZTR11: FII pode reduzir dividendos depois de impacto de calote?\" fetchpriority=high \/>\n\t\t\t<\/picture>\n\n\t\t\t<figcaption class=\"wp-caption-text wp-caption-text--show\">RZTR11: FII pode reduzir dividendos depois de impacto de calote?Imagem gerada por IA<\/figcaption>\n\t\t<\/figure>\n\t<\/div>\n\n\n\n\n\n\n<p>De acordo com o relat\u00f3rio gerencial de julho, a parcela do arrendamento com vencimento em 30 de abril n\u00e3o foi quitada. O fundo enviou notifica\u00e7\u00e3o extrajudicial e concedeu o prazo contratual para a regulariza\u00e7\u00e3o, mas os valores permaneceram pendentes.<\/p>\n\n\n\n<p><strong><em>Quer conferir not\u00edcias de finan\u00e7as em tempo real, direto do seu WhatsApp, de maneira gratuita? <\/em><\/strong><a href=\"https:\/\/bit.ly\/status-invest-noticias\"><strong><em>Clique e confira a nova comunidade de not\u00edcias da Status Invest<\/em><\/strong><\/a><strong><em>.&nbsp;&nbsp;<\/em><\/strong><\/p>\n\n\n\n<p>Diante do descumprimento, o contrato foi rescindido e a op\u00e7\u00e3o de compra outorgada aos arrendat\u00e1rios foi automaticamente extinta. O prazo para devolu\u00e7\u00e3o da posse do im\u00f3vel ao fundo se encerrou em 22 de junho, e a gest\u00e3o, com assessoria jur\u00eddica, adota medidas para a retomada da posse e a cobran\u00e7a dos montantes devidos.<\/p>\n\n\n\n<p>A estimativa de perda de R$ 5,6 milh\u00f5es considera o per\u00edodo de 30 de abril a 31 de dezembro de 2026. O c\u00e1lculo tem como base a receita anual de R$ 8,4 milh\u00f5es prevista no contrato da Fazenda Bom Jardim.<\/p>\n\n\n\n<p>A interrup\u00e7\u00e3o dos pagamentos relativos ao arrendamento da Fazenda Bom Jardim reduz a receita recorrente esperada para o semestre. Esse efeito sustenta a revis\u00e3o das proje\u00e7\u00f5es de distribui\u00e7\u00e3o comunicada pela gest\u00e3o no documento.<\/p>\n\n\n\t<p>\n\t\t<a href=\"https:\/\/lp2.suno.com.br\/onde-investir-2026\/?utm_campaign=_SNC390A0FD0_ao&#038;utm_source=suno-not\u00edcias&#038;utm_medium=banner.noticias\" target=\"_blank\" data-element=\"shortcode-suno-banner\" title=\"Banner SUNO, clique e saiba mais\">\n\t\t\t<picture>\n\t\t\t\t<source media=\"(max-width: 500px)\" srcset=\"https:\/\/files.sunoresearch.com.br\/gaia\/uploads\/2026\/01\/Banner-Materias-01-Mbl_-400x300-1.png\">\n\t\t\t\t<img class=\"newsContent__article__imgCapa newsContent__article__imgCapa--banner\"\n\t\t\t\t\tsrc=\"https:\/\/files.sunoresearch.com.br\/gaia\/uploads\/2026\/01\/Banner-Materias-01-Dkp_-1420x240-1.png\"\n\t\t\t\t\tdata-promo-id=\"651623\"\t\t\t\t\t\t\t\t\t\twidth='1420' height='240'\t\t\t\t\talt=\"https:\/\/files.sunoresearch.com.br\/gaia\/uploads\/2026\/01\/Banner-Materias-01-Dkp_-1420x240-1.png\"\n\t\t\t\t>\n\t\t\t<\/picture>\n\t\t<\/a>\n\t<\/p>\n\n\n\n\n\n<h2 class=\"wp-block-heading\">Dividendos do RZTR11 podem cair<\/h2>\n\n\n\n<p>Com menor fluxo de recebimentos esperado no segundo semestre, a administra\u00e7\u00e3o revisou para baixo a proje\u00e7\u00e3o de dividendos. O fundo pagou R$ 0,90 por cota em julho, repetindo junho, ap\u00f3s ter distribu\u00eddo R$ 1,00 por cota em maio.<\/p>\n\n\n\n<p>\u201cA gest\u00e3o esclarece que poder\u00e1 haver uma redu\u00e7\u00e3o no valor das distribui\u00e7\u00f5es ao longo do pr\u00f3ximo semestre, em fun\u00e7\u00e3o da menor expectativa de fluxo de recebimentos recorrentes do fundo nesse per\u00edodo\u201d, diz o relat\u00f3rio.<\/p>\n\n\n\n<p>O gr\u00e1fico de proje\u00e7\u00f5es indica faixa entre R$ 0,80 e R$ 1,00 por cota para agosto e setembro. N\u00e3o h\u00e1 valores projetados no documento para os meses subsequentes.<\/p>\n\n\n\n<p>Paralelamente, h\u00e1 tratativas com potenciais compradores tanto dos im\u00f3veis enquadrados na estrat\u00e9gia de Land Equity quanto da pr\u00f3pria Fazenda Bom Jardim. Segundo a gest\u00e3o, aliena\u00e7\u00f5es eventuais podem gerar ganhos de capital realizados, refor\u00e7ar o caixa e abrir espa\u00e7o para distribui\u00e7\u00f5es maiores adiante.<\/p>\n\n\n\t<p>\n\t\t<a href=\"https:\/\/lp2.suno.com.br\/lm\/minicurso-construindo-um-portfolio-milionario\/?utm_campaign=_SNC35CF3834_ao&#038;utm_source=suno-not\u00edcias&#038;utm_medium=banner.noticias\" target=\"_blank\" data-element=\"shortcode-suno-banner\" title=\"Banner SUNO, clique e saiba mais\">\n\t\t\t<picture>\n\t\t\t\t<source media=\"(max-width: 500px)\" srcset=\"https:\/\/files.sunoresearch.com.br\/gaia\/uploads\/2026\/01\/MB-PS-HOME-DE-ARTIGOS-400x300-ID_01_x1.jpg\">\n\t\t\t\t<img class=\"newsContent__article__imgCapa newsContent__article__imgCapa--banner\"\n\t\t\t\t\tsrc=\"https:\/\/files.sunoresearch.com.br\/gaia\/uploads\/2026\/01\/DT-PS-HOME-DE-ARTIGOS-1420x240-ID_01_x1.jpg\"\n\t\t\t\t\tdata-promo-id=\"651626\"\t\t\t\t\t\t\t\t\t\twidth='1420' height='240'\t\t\t\t\talt=\"https:\/\/files.sunoresearch.com.br\/gaia\/uploads\/2026\/01\/DT-PS-HOME-DE-ARTIGOS-1420x240-ID_01_x1.jpg\"\n\t\t\t\t>\n\t\t\t<\/picture>\n\t\t<\/a>\n\t<\/p>\n\n\n\n\n\n<h2 class=\"wp-block-heading\">Patrim\u00f4nio do RZTR11 pode aumentar<\/h2>\n\n\n\n<p>No campo patrimonial, a Fazenda Bom Jardim passa por processo de remarca\u00e7\u00e3o de valor. O ativo est\u00e1 registrado por R$ 60 milh\u00f5es, enquanto laudo independente da S&amp;P Global, de junho de 2025, apurou valor de liquida\u00e7\u00e3o de R$ 82,127 milh\u00f5es.<\/p>\n\n\n\n<p>Caso a remarca\u00e7\u00e3o ocorra para esse patamar, o efeito estimado \u00e9 positivo em cerca de R$ 22,1 milh\u00f5es, ou R$ 1,17 por cota, de acordo com a gest\u00e3o. Esse ganho n\u00e3o havia sido reconhecido no <a class=\"suno-keyword\" href=\"https:\/\/www.suno.com.br\/artigos\/patrimonio-liquido\/\" target=\"_blank\" rel=\"noopener\" data-force=\"no\" data-priority=\"2\">patrim\u00f4nio l\u00edquido<\/a> at\u00e9 o encerramento de julho.<\/p>\n\n\n\n<p>O administrador tem at\u00e9 30 de setembro de 2026 para concluir a remarca\u00e7\u00e3o dos valores patrimoniais das fazendas da carteira. O processo abrange todos os im\u00f3veis rurais que comp\u00f5em o portf\u00f3lio do fundo.<\/p>\n\n\n\n<p>No fim de julho, o patrim\u00f4nio l\u00edquido somava R$ 1,84 bilh\u00e3o e a cota patrimonial era de R$ 97,61. Na Bolsa, a cota encerrou o m\u00eas a R$ 88,04, refletindo P\/VP de 0,90. O fundo contava com 145.325 cotistas e 25 ativos, totalizando 84.141 hectares de \u00e1rea.<\/p>\n\n\n\t<p>\n\t\t<a href=\"https:\/\/lp.suno.com.br\/ebook-como-analisar-uma-acao\/?utm_campaign=_SNC390A0FD0_ao&#038;utm_source=suno-not\u00edcias&#038;utm_medium=banner.noticias\" target=\"_blank\" data-element=\"shortcode-suno-banner\" title=\"Banner SUNO, clique e saiba mais\">\n\t\t\t<picture>\n\t\t\t\t<source media=\"(max-width: 500px)\" srcset=\"https:\/\/files.sunoresearch.com.br\/gaia\/uploads\/2026\/01\/Ebook-Acoes-Mobile.webp\">\n\t\t\t\t<img class=\"newsContent__article__imgCapa newsContent__article__imgCapa--banner\"\n\t\t\t\t\tsrc=\"https:\/\/files.sunoresearch.com.br\/gaia\/uploads\/2026\/01\/Ebook-Acoes-Desktop.webp\"\n\t\t\t\t\tdata-promo-id=\"651105\"\t\t\t\t\t\t\t\t\t\twidth='1420' height='286'\t\t\t\t\talt=\"https:\/\/files.sunoresearch.com.br\/gaia\/uploads\/2026\/01\/Ebook-Acoes-Desktop.webp\"\n\t\t\t\t>\n\t\t\t<\/picture>\n\t\t<\/a>\n\t<\/p>\n\n\n","protected":false},"excerpt":{"rendered":"<p>O RZTR11 (Riza Terrax FII) antecipa uma poss\u00edvel queda nas distribui\u00e7\u00f5es nos pr\u00f3ximos meses ap\u00f3s a inadimpl\u00eancia do arrendat\u00e1rio da Fazenda Bom Jardim, em Montividiu (GO). A rescis\u00e3o do contrato projeta perda de R$ 5,6 milh\u00f5es em receitas entre 30 de abril e 31 de dezembro de 2026, com impacto aproximado de R$ 0,30 por [&hellip;]<\/p>\n","protected":false},"author":43,"featured_media":663337,"comment_status":"closed","ping_status":"closed","sticky":false,"template":"","format":"standard","meta":[],"categories":[64],"tags":[],"suno_strategy":[],"class_list":["post-663394","post","type-post","status-publish","format-standard","has-post-thumbnail","hentry","category-negocios"],"yoast_head":"<!-- This site is optimized with the Yoast SEO plugin v24.4 - https:\/\/yoast.com\/wordpress\/plugins\/seo\/ -->\n<title>FII pode reduzir dividendos depois de impacto de calote?<\/title>\n<meta name=\"description\" content=\"RZTR11 prev\u00ea redu\u00e7\u00e3o nos dividendos ap\u00f3s inadimpl\u00eancia na Fazenda Bom Jardim; perda estimada de R$ 5,6 mi e poss\u00edvel remarca\u00e7\u00e3o patrimonial.\" \/>\n<meta name=\"robots\" content=\"index, follow, max-snippet:-1, max-image-preview:large, max-video-preview:-1\" \/>\n<link rel=\"canonical\" href=\"https:\/\/www.suno.com.br\/noticias\/rztr11-dividendos-podem-cair-inadimplencia\/\" \/>\n<meta property=\"og:locale\" content=\"pt_BR\" \/>\n<meta property=\"og:type\" content=\"article\" \/>\n<meta property=\"og:title\" content=\"FII pode reduzir dividendos depois de impacto de calote?\" \/>\n<meta property=\"og:description\" content=\"RZTR11 prev\u00ea redu\u00e7\u00e3o nos dividendos ap\u00f3s inadimpl\u00eancia na Fazenda Bom Jardim; perda estimada de R$ 5,6 mi e poss\u00edvel remarca\u00e7\u00e3o patrimonial.\" \/>\n<meta property=\"og:url\" content=\"https:\/\/www.suno.com.br\/noticias\/rztr11-dividendos-podem-cair-inadimplencia\/\" \/>\n<meta property=\"og:site_name\" content=\"Suno Not\u00edcias\" \/>\n<meta property=\"article:publisher\" content=\"https:\/\/facebook.com\/sunoresearch\" \/>\n<meta property=\"article:author\" content=\"https:\/\/www.facebook.com\/sunonoticias\/\" \/>\n<meta property=\"og:image\" content=\"https:\/\/files.sunoresearch.com.br\/n\/uploads\/2026\/09\/analista-de-mercado-1_02.webp\" \/>\n\t<meta property=\"og:image:width\" content=\"1365\" \/>\n\t<meta property=\"og:image:height\" content=\"768\" \/>\n\t<meta property=\"og:image:type\" content=\"image\/webp\" \/>\n<meta name=\"author\" content=\"Reda\u00e7\u00e3o Suno Not\u00edcias\" \/>\n<meta name=\"twitter:card\" content=\"summary_large_image\" \/>\n<meta name=\"twitter:creator\" content=\"@https:\/\/twitter.com\/sunoresearch\" \/>\n<meta name=\"twitter:site\" content=\"@sunoresearch\" \/>\n<meta name=\"twitter:label1\" content=\"Escrito por\" \/>\n\t<meta name=\"twitter:data1\" content=\"Reda\u00e7\u00e3o Suno Not\u00edcias\" \/>\n\t<meta name=\"twitter:label2\" content=\"Est. tempo de leitura\" \/>\n\t<meta name=\"twitter:data2\" content=\"4 minutos\" \/>\n<script type=\"application\/ld+json\" class=\"yoast-schema-graph\">{\"@context\":\"https:\/\/schema.org\",\"@graph\":[{\"@type\":\"NewsArticle\",\"@id\":\"https:\/\/www.suno.com.br\/noticias\/rztr11-dividendos-podem-cair-inadimplencia\/#article\",\"isPartOf\":{\"@id\":\"https:\/\/www.suno.com.br\/noticias\/rztr11-dividendos-podem-cair-inadimplencia\/\"},\"author\":{\"name\":\"Reda\u00e7\u00e3o Suno Not\u00edcias\",\"@id\":\"https:\/\/www.suno.com.br\/noticias\/#\/schema\/person\/c1b1bd3727fa852bd045e9dbff3673ea\"},\"headline\":\"RZTR11: FII pode reduzir dividendos depois de impacto de calote?\",\"datePublished\":\"2026-09-03T13:24:48+00:00\",\"dateModified\":\"2026-09-03T13:24:53+00:00\",\"mainEntityOfPage\":{\"@id\":\"https:\/\/www.suno.com.br\/noticias\/rztr11-dividendos-podem-cair-inadimplencia\/\"},\"wordCount\":632,\"publisher\":{\"@id\":\"https:\/\/www.suno.com.br\/noticias\/#organization\"},\"image\":{\"@id\":\"https:\/\/www.suno.com.br\/noticias\/rztr11-dividendos-podem-cair-inadimplencia\/#primaryimage\"},\"thumbnailUrl\":\"https:\/\/files.sunoresearch.com.br\/n\/uploads\/2026\/09\/analista-de-mercado-1_02.webp\",\"articleSection\":[\"Neg\u00f3cios\"],\"inLanguage\":\"pt-BR\"},{\"@type\":\"WebPage\",\"@id\":\"https:\/\/www.suno.com.br\/noticias\/rztr11-dividendos-podem-cair-inadimplencia\/\",\"url\":\"https:\/\/www.suno.com.br\/noticias\/rztr11-dividendos-podem-cair-inadimplencia\/\",\"name\":\"FII pode reduzir dividendos depois de impacto de calote?\",\"isPartOf\":{\"@id\":\"https:\/\/www.suno.com.br\/noticias\/#website\"},\"primaryImageOfPage\":{\"@id\":\"https:\/\/www.suno.com.br\/noticias\/rztr11-dividendos-podem-cair-inadimplencia\/#primaryimage\"},\"image\":{\"@id\":\"https:\/\/www.suno.com.br\/noticias\/rztr11-dividendos-podem-cair-inadimplencia\/#primaryimage\"},\"thumbnailUrl\":\"https:\/\/files.sunoresearch.com.br\/n\/uploads\/2026\/09\/analista-de-mercado-1_02.webp\",\"datePublished\":\"2026-09-03T13:24:48+00:00\",\"dateModified\":\"2026-09-03T13:24:53+00:00\",\"description\":\"RZTR11 prev\u00ea redu\u00e7\u00e3o nos dividendos ap\u00f3s inadimpl\u00eancia na Fazenda Bom Jardim; perda estimada de R$ 5,6 mi e poss\u00edvel remarca\u00e7\u00e3o patrimonial.\",\"breadcrumb\":{\"@id\":\"https:\/\/www.suno.com.br\/noticias\/rztr11-dividendos-podem-cair-inadimplencia\/#breadcrumb\"},\"inLanguage\":\"pt-BR\",\"potentialAction\":[{\"@type\":\"ReadAction\",\"target\":[\"https:\/\/www.suno.com.br\/noticias\/rztr11-dividendos-podem-cair-inadimplencia\/\"]}]},{\"@type\":\"ImageObject\",\"inLanguage\":\"pt-BR\",\"@id\":\"https:\/\/www.suno.com.br\/noticias\/rztr11-dividendos-podem-cair-inadimplencia\/#primaryimage\",\"url\":\"https:\/\/files.sunoresearch.com.br\/n\/uploads\/2026\/09\/analista-de-mercado-1_02.webp\",\"contentUrl\":\"https:\/\/files.sunoresearch.com.br\/n\/uploads\/2026\/09\/analista-de-mercado-1_02.webp\",\"width\":1365,\"height\":768,\"caption\":\"RZTR11: FII pode reduzir dividendos depois de impacto de calote?Imagem gerada por IA\"},{\"@type\":\"BreadcrumbList\",\"@id\":\"https:\/\/www.suno.com.br\/noticias\/rztr11-dividendos-podem-cair-inadimplencia\/#breadcrumb\",\"itemListElement\":[{\"@type\":\"ListItem\",\"position\":1,\"name\":\"Not\u00edcias\",\"item\":\"https:\/\/www.suno.com.br\/noticias\/\"},{\"@type\":\"ListItem\",\"position\":2,\"name\":\"Neg\u00f3cios\",\"item\":\"https:\/\/www.suno.com.br\/noticias\/negocios\/\"},{\"@type\":\"ListItem\",\"position\":3,\"name\":\"RZTR11: FII pode reduzir dividendos depois de impacto de calote?\"}]},{\"@type\":\"WebSite\",\"@id\":\"https:\/\/www.suno.com.br\/noticias\/#website\",\"url\":\"https:\/\/www.suno.com.br\/noticias\/\",\"name\":\"Suno Not\u00edcias\",\"description\":\"Seu portal de informa\u00e7\u00e3o sobre o mundo dos investimentos\",\"publisher\":{\"@id\":\"https:\/\/www.suno.com.br\/noticias\/#organization\"},\"potentialAction\":[{\"@type\":\"SearchAction\",\"target\":{\"@type\":\"EntryPoint\",\"urlTemplate\":\"https:\/\/www.suno.com.br\/noticias\/?s={search_term_string}\"},\"query-input\":{\"@type\":\"PropertyValueSpecification\",\"valueRequired\":true,\"valueName\":\"search_term_string\"}}],\"inLanguage\":\"pt-BR\"},{\"@type\":\"Organization\",\"@id\":\"https:\/\/www.suno.com.br\/noticias\/#organization\",\"name\":\"Suno Not\u00edcias\",\"url\":\"https:\/\/www.suno.com.br\/noticias\/\",\"logo\":{\"@type\":\"ImageObject\",\"inLanguage\":\"pt-BR\",\"@id\":\"https:\/\/www.suno.com.br\/noticias\/#\/schema\/logo\/image\/\",\"url\":\"https:\/\/files.sunoresearch.com.br\/n\/uploads\/2021\/09\/suno-logo.png\",\"contentUrl\":\"https:\/\/files.sunoresearch.com.br\/n\/uploads\/2021\/09\/suno-logo.png\",\"width\":180,\"height\":180,\"caption\":\"Suno Not\u00edcias\"},\"image\":{\"@id\":\"https:\/\/www.suno.com.br\/noticias\/#\/schema\/logo\/image\/\"},\"sameAs\":[\"https:\/\/facebook.com\/sunoresearch\",\"https:\/\/x.com\/sunoresearch\",\"https:\/\/www.instagram.com\/suno\",\"https:\/\/www.linkedin.com\/company\/suno-research\/\",\"https:\/\/www.youtube.com\/c\/sunoresearch\"]},{\"@type\":\"Person\",\"@id\":\"https:\/\/www.suno.com.br\/noticias\/#\/schema\/person\/c1b1bd3727fa852bd045e9dbff3673ea\",\"name\":\"Reda\u00e7\u00e3o Suno Not\u00edcias\",\"image\":{\"@type\":\"ImageObject\",\"inLanguage\":\"pt-BR\",\"@id\":\"https:\/\/www.suno.com.br\/noticias\/#\/schema\/person\/image\/\",\"url\":\"https:\/\/secure.gravatar.com\/avatar\/b8104b9b5a71985d5238ee59fbe418af?s=96&r=g\",\"contentUrl\":\"https:\/\/secure.gravatar.com\/avatar\/b8104b9b5a71985d5238ee59fbe418af?s=96&r=g\",\"caption\":\"Reda\u00e7\u00e3o Suno Not\u00edcias\"},\"description\":\"O Suno Not\u00edcias \u00e9 um portal de informa\u00e7\u00f5es sobre Mercado Financeiro, Pol\u00edtica, Neg\u00f3cios, Economia e Finan\u00e7as Pessoais.\",\"sameAs\":[\"https:\/\/www.suno.com.br\/noticias\",\"https:\/\/www.facebook.com\/sunonoticias\/\",\"https:\/\/www.instagram.com\/sunonoticias\/\",\"https:\/\/x.com\/https:\/\/twitter.com\/sunoresearch\",\"https:\/\/www.youtube.com\/sunonoticias\"],\"url\":\"https:\/\/www.suno.com.br\/noticias\/author\/redacao-suno\/\"}]}<\/script>\n<!-- \/ Yoast SEO plugin. -->","yoast_head_json":{"title":"FII pode reduzir dividendos depois de impacto de calote?","description":"RZTR11 prev\u00ea redu\u00e7\u00e3o nos dividendos ap\u00f3s inadimpl\u00eancia na Fazenda Bom Jardim; perda estimada de R$ 5,6 mi e poss\u00edvel remarca\u00e7\u00e3o patrimonial.","robots":{"index":"index","follow":"follow","max-snippet":"max-snippet:-1","max-image-preview":"max-image-preview:large","max-video-preview":"max-video-preview:-1"},"canonical":"https:\/\/www.suno.com.br\/noticias\/rztr11-dividendos-podem-cair-inadimplencia\/","og_locale":"pt_BR","og_type":"article","og_title":"FII pode reduzir dividendos depois de impacto de calote?","og_description":"RZTR11 prev\u00ea redu\u00e7\u00e3o nos dividendos ap\u00f3s inadimpl\u00eancia na Fazenda Bom Jardim; perda estimada de R$ 5,6 mi e poss\u00edvel remarca\u00e7\u00e3o patrimonial.","og_url":"https:\/\/www.suno.com.br\/noticias\/rztr11-dividendos-podem-cair-inadimplencia\/","og_site_name":"Suno Not\u00edcias","article_publisher":"https:\/\/facebook.com\/sunoresearch","article_author":"https:\/\/www.facebook.com\/sunonoticias\/","og_image":[{"width":1365,"height":768,"url":"https:\/\/files.sunoresearch.com.br\/n\/uploads\/2026\/09\/analista-de-mercado-1_02.webp","type":"image\/webp"}],"author":"Reda\u00e7\u00e3o Suno Not\u00edcias","twitter_card":"summary_large_image","twitter_creator":"@https:\/\/twitter.com\/sunoresearch","twitter_site":"@sunoresearch","twitter_misc":{"Escrito por":"Reda\u00e7\u00e3o Suno Not\u00edcias","Est. tempo de leitura":"4 minutos"},"schema":{"@context":"https:\/\/schema.org","@graph":[{"@type":"NewsArticle","@id":"https:\/\/www.suno.com.br\/noticias\/rztr11-dividendos-podem-cair-inadimplencia\/#article","isPartOf":{"@id":"https:\/\/www.suno.com.br\/noticias\/rztr11-dividendos-podem-cair-inadimplencia\/"},"author":{"name":"Reda\u00e7\u00e3o Suno Not\u00edcias","@id":"https:\/\/www.suno.com.br\/noticias\/#\/schema\/person\/c1b1bd3727fa852bd045e9dbff3673ea"},"headline":"RZTR11: FII pode reduzir dividendos depois de impacto de calote?","datePublished":"2026-09-03T13:24:48+00:00","dateModified":"2026-09-03T13:24:53+00:00","mainEntityOfPage":{"@id":"https:\/\/www.suno.com.br\/noticias\/rztr11-dividendos-podem-cair-inadimplencia\/"},"wordCount":632,"publisher":{"@id":"https:\/\/www.suno.com.br\/noticias\/#organization"},"image":{"@id":"https:\/\/www.suno.com.br\/noticias\/rztr11-dividendos-podem-cair-inadimplencia\/#primaryimage"},"thumbnailUrl":"https:\/\/files.sunoresearch.com.br\/n\/uploads\/2026\/09\/analista-de-mercado-1_02.webp","articleSection":["Neg\u00f3cios"],"inLanguage":"pt-BR"},{"@type":"WebPage","@id":"https:\/\/www.suno.com.br\/noticias\/rztr11-dividendos-podem-cair-inadimplencia\/","url":"https:\/\/www.suno.com.br\/noticias\/rztr11-dividendos-podem-cair-inadimplencia\/","name":"FII pode reduzir dividendos depois de impacto de calote?","isPartOf":{"@id":"https:\/\/www.suno.com.br\/noticias\/#website"},"primaryImageOfPage":{"@id":"https:\/\/www.suno.com.br\/noticias\/rztr11-dividendos-podem-cair-inadimplencia\/#primaryimage"},"image":{"@id":"https:\/\/www.suno.com.br\/noticias\/rztr11-dividendos-podem-cair-inadimplencia\/#primaryimage"},"thumbnailUrl":"https:\/\/files.sunoresearch.com.br\/n\/uploads\/2026\/09\/analista-de-mercado-1_02.webp","datePublished":"2026-09-03T13:24:48+00:00","dateModified":"2026-09-03T13:24:53+00:00","description":"RZTR11 prev\u00ea redu\u00e7\u00e3o nos dividendos ap\u00f3s inadimpl\u00eancia na Fazenda Bom Jardim; perda estimada de R$ 5,6 mi e poss\u00edvel remarca\u00e7\u00e3o patrimonial.","breadcrumb":{"@id":"https:\/\/www.suno.com.br\/noticias\/rztr11-dividendos-podem-cair-inadimplencia\/#breadcrumb"},"inLanguage":"pt-BR","potentialAction":[{"@type":"ReadAction","target":["https:\/\/www.suno.com.br\/noticias\/rztr11-dividendos-podem-cair-inadimplencia\/"]}]},{"@type":"ImageObject","inLanguage":"pt-BR","@id":"https:\/\/www.suno.com.br\/noticias\/rztr11-dividendos-podem-cair-inadimplencia\/#primaryimage","url":"https:\/\/files.sunoresearch.com.br\/n\/uploads\/2026\/09\/analista-de-mercado-1_02.webp","contentUrl":"https:\/\/files.sunoresearch.com.br\/n\/uploads\/2026\/09\/analista-de-mercado-1_02.webp","width":1365,"height":768,"caption":"RZTR11: FII pode reduzir dividendos depois de impacto de calote?Imagem gerada por IA"},{"@type":"BreadcrumbList","@id":"https:\/\/www.suno.com.br\/noticias\/rztr11-dividendos-podem-cair-inadimplencia\/#breadcrumb","itemListElement":[{"@type":"ListItem","position":1,"name":"Not\u00edcias","item":"https:\/\/www.suno.com.br\/noticias\/"},{"@type":"ListItem","position":2,"name":"Neg\u00f3cios","item":"https:\/\/www.suno.com.br\/noticias\/negocios\/"},{"@type":"ListItem","position":3,"name":"RZTR11: FII pode reduzir dividendos depois de impacto de calote?"}]},{"@type":"WebSite","@id":"https:\/\/www.suno.com.br\/noticias\/#website","url":"https:\/\/www.suno.com.br\/noticias\/","name":"Suno Not\u00edcias","description":"Seu portal de informa\u00e7\u00e3o sobre o mundo dos investimentos","publisher":{"@id":"https:\/\/www.suno.com.br\/noticias\/#organization"},"potentialAction":[{"@type":"SearchAction","target":{"@type":"EntryPoint","urlTemplate":"https:\/\/www.suno.com.br\/noticias\/?s={search_term_string}"},"query-input":{"@type":"PropertyValueSpecification","valueRequired":true,"valueName":"search_term_string"}}],"inLanguage":"pt-BR"},{"@type":"Organization","@id":"https:\/\/www.suno.com.br\/noticias\/#organization","name":"Suno Not\u00edcias","url":"https:\/\/www.suno.com.br\/noticias\/","logo":{"@type":"ImageObject","inLanguage":"pt-BR","@id":"https:\/\/www.suno.com.br\/noticias\/#\/schema\/logo\/image\/","url":"https:\/\/files.sunoresearch.com.br\/n\/uploads\/2021\/09\/suno-logo.png","contentUrl":"https:\/\/files.sunoresearch.com.br\/n\/uploads\/2021\/09\/suno-logo.png","width":180,"height":180,"caption":"Suno Not\u00edcias"},"image":{"@id":"https:\/\/www.suno.com.br\/noticias\/#\/schema\/logo\/image\/"},"sameAs":["https:\/\/facebook.com\/sunoresearch","https:\/\/x.com\/sunoresearch","https:\/\/www.instagram.com\/suno","https:\/\/www.linkedin.com\/company\/suno-research\/","https:\/\/www.youtube.com\/c\/sunoresearch"]},{"@type":"Person","@id":"https:\/\/www.suno.com.br\/noticias\/#\/schema\/person\/c1b1bd3727fa852bd045e9dbff3673ea","name":"Reda\u00e7\u00e3o Suno Not\u00edcias","image":{"@type":"ImageObject","inLanguage":"pt-BR","@id":"https:\/\/www.suno.com.br\/noticias\/#\/schema\/person\/image\/","url":"https:\/\/secure.gravatar.com\/avatar\/b8104b9b5a71985d5238ee59fbe418af?s=96&r=g","contentUrl":"https:\/\/secure.gravatar.com\/avatar\/b8104b9b5a71985d5238ee59fbe418af?s=96&r=g","caption":"Reda\u00e7\u00e3o Suno Not\u00edcias"},"description":"O Suno Not\u00edcias \u00e9 um portal de informa\u00e7\u00f5es sobre Mercado Financeiro, Pol\u00edtica, Neg\u00f3cios, Economia e Finan\u00e7as Pessoais.","sameAs":["https:\/\/www.suno.com.br\/noticias","https:\/\/www.facebook.com\/sunonoticias\/","https:\/\/www.instagram.com\/sunonoticias\/","https:\/\/x.com\/https:\/\/twitter.com\/sunoresearch","https:\/\/www.youtube.com\/sunonoticias"],"url":"https:\/\/www.suno.com.br\/noticias\/author\/redacao-suno\/"}]}},"default_loop_html":"<div class=\"cardsPage__listCard__boxs\"><div class=\"cardsPage__listCard__boxs__img\"><a href=\"https:\/\/www.suno.com.br\/noticias\/rztr11-dividendos-podem-cair-inadimplencia\/\"><img class=\"mask\" src=\"https:\/\/www.suno.com.br\/noticias\/wp-content\/themes\/suno\/resources\/images\/spotlight\/spotlight1img\/bg-mask.png\" alt=\"Image Mask\"\/><img src=\"https:\/\/files.sunoresearch.com.br\/n\/uploads\/2026\/09\/analista-de-mercado-1_02-400x200.webp\" alt=\"RZTR11: FII pode reduzir dividendos depois de impacto de calote?\"\/><\/a><span class=\"spotlightCategory\"><a href=\"https:\/\/www.suno.com.br\/noticias\/negocios\/\">Neg\u00f3cios<\/a><\/span><\/div><div class=\"cardsPage__listCard__boxs__content\"><a href=\"https:\/\/www.suno.com.br\/noticias\/rztr11-dividendos-podem-cair-inadimplencia\/\"><h2 class=\"content__title\">RZTR11: FII pode reduzir dividendos depois de impacto de calote?<\/h2><\/a><div class=\"newsContent__article__meta\"><div class=\"newsContent__article__meta__authorBox\"><a href=\"https:\/\/www.suno.com.br\/noticias\/author\/redacao-suno\/\" class=\"authorBox__avatar noMobi\"><img src=\"https:\/\/files.sunoresearch.com.br\/n\/uploads\/2020\/08\/0ace682d-redacao-1-150x150.webp\" alt=\"Reda\u00e7\u00e3o Suno Not\u00edcias\"><\/a><div class=\"authorBox__name\"><span>por\n\t\t\t<a href=\"https:\/\/www.suno.com.br\/noticias\/author\/redacao-suno\/\"><span itemprop=\"author\">Reda\u00e7\u00e3o Suno Not\u00edcias<\/span><\/a><\/span><time datetime=\"2026-09-03T10:24:48-03:00\" itemprop=\"datePublished\">03\/09\/2026 10:24<\/time><\/div><\/div><\/div><\/div><\/div>","single_layout":"posts","amp_enabled":true,"_links":{"self":[{"href":"https:\/\/www.suno.com.br\/noticias\/wp-json\/wp\/v2\/posts\/663394"}],"collection":[{"href":"https:\/\/www.suno.com.br\/noticias\/wp-json\/wp\/v2\/posts"}],"about":[{"href":"https:\/\/www.suno.com.br\/noticias\/wp-json\/wp\/v2\/types\/post"}],"author":[{"embeddable":true,"href":"https:\/\/www.suno.com.br\/noticias\/wp-json\/wp\/v2\/users\/43"}],"replies":[{"embeddable":true,"href":"https:\/\/www.suno.com.br\/noticias\/wp-json\/wp\/v2\/comments?post=663394"}],"version-history":[{"count":1,"href":"https:\/\/www.suno.com.br\/noticias\/wp-json\/wp\/v2\/posts\/663394\/revisions"}],"predecessor-version":[{"id":663395,"href":"https:\/\/www.suno.com.br\/noticias\/wp-json\/wp\/v2\/posts\/663394\/revisions\/663395"}],"wp:featuredmedia":[{"embeddable":true,"href":"https:\/\/www.suno.com.br\/noticias\/wp-json\/wp\/v2\/media\/663337"}],"wp:attachment":[{"href":"https:\/\/www.suno.com.br\/noticias\/wp-json\/wp\/v2\/media?parent=663394"}],"wp:term":[{"taxonomy":"category","embeddable":true,"href":"https:\/\/www.suno.com.br\/noticias\/wp-json\/wp\/v2\/categories?post=663394"},{"taxonomy":"post_tag","embeddable":true,"href":"https:\/\/www.suno.com.br\/noticias\/wp-json\/wp\/v2\/tags?post=663394"},{"taxonomy":"suno_strategy","embeddable":true,"href":"https:\/\/www.suno.com.br\/noticias\/wp-json\/wp\/v2\/suno_strategy?post=663394"}],"curies":[{"name":"wp","href":"https:\/\/api.w.org\/{rel}","templated":true}]}}