{"id":663384,"date":"2026-09-02T16:45:04","date_gmt":"2026-09-02T19:45:04","guid":{"rendered":"https:\/\/www.suno.com.br\/noticias\/renda-fixa-b3-indices-inflacao-valorizacao-agosto-mt\/"},"modified":"2026-09-02T16:45:04","modified_gmt":"2026-09-02T19:45:04","slug":"renda-fixa-b3-indices-inflacao-valorizacao-agosto-mt","status":"publish","type":"post","link":"https:\/\/www.suno.com.br\/noticias\/renda-fixa-b3-indices-inflacao-valorizacao-agosto-mt\/","title":{"rendered":"Infla\u00e7\u00e3o puxa renda fixa da B3: \u00edndice ligado ao IPCA sobe 1,78% em agosto; veja ranking"},"content":{"rendered":"<p>Os investimentos ligados \u00e0 infla\u00e7\u00e3o lideraram o desempenho da <a class=\"suno-keyword\" target=\"_blank\" data-force=\"no\" data-priority=\"2\" href=\"https:\/\/www.suno.com.br\/guias\/investimento-renda-fixa\/\" rel=\"noopener\"><strong>renda fixa<\/strong><\/a> negociada na B3 em agosto. O \u00cdndice B3 <a class=\"suno-keyword\" target=\"_blank\" data-force=\"no\" data-priority=\"1\" href=\"https:\/\/www.suno.com.br\/artigos\/tesouro-ipca\/\" rel=\"noopener\">Tesouro IPCA<\/a> Prazo 10 anos (TP10) avan\u00e7ou 1,78% no m\u00eas e ficou no topo do ranking dos \u00edndices da bolsa brasileira que mais valorizaram no per\u00edodo.<\/p>\t<div class=\"wrapper-featured-image\">\n\t\t<figure class=\"spotlightImg\">\n\n\t\t\t<picture>\n\t\t\t\t<source media=\"(max-width: 768px)\" srcset=\"https:\/\/files.sunoresearch.com.br\/n\/uploads\/2026\/09\/piggy-bank-gcecd65ecf_1920-400x200.webp\">\n\t\t\t\t<img loading=\"lazy\" decoding=\"async\" class=\"newsContent__article__imgCapa lazyloadDisabled \" src=\"https:\/\/files.sunoresearch.com.br\/n\/uploads\/2026\/09\/piggy-bank-gcecd65ecf_1920-800x450.webp\" width=\"800\" height=\"450\" alt=\"Infla\u00e7\u00e3o puxa renda fixa da B3: \u00edndice ligado ao IPCA sobe 1,78% em agosto; veja ranking\" fetchpriority=high \/>\n\t\t\t<\/picture>\n\n\t\t\t<figcaption class=\"wp-caption-text wp-caption-text--show\">Renda Fixa. Foto: Pixabay<\/figcaption>\n\t\t<\/figure>\n\t<\/div>\n\n\n\n\n\n\n<p>O levantamento da B3 mostra que os cinco primeiros colocados est\u00e3o ligados a t\u00edtulos p\u00fablicos ou privados indexados \u00e0 infla\u00e7\u00e3o. O resultado ocorre em um ambiente no qual investidores acompanham de perto os juros, a trajet\u00f3ria dos pre\u00e7os e as perspectivas para a <a class=\"suno-keyword\" target=\"_blank\" data-force=\"no\" data-priority=\"1\" href=\"https:\/\/www.suno.com.br\/artigos\/politica-monetaria\/\" rel=\"noopener\">pol\u00edtica monet\u00e1ria<\/a>.<\/p>\n\n\n\n<h2 class=\"wp-block-heading\">Renda fixa atrelada \u00e0 infla\u00e7\u00e3o lidera ganhos<\/h2>\n\n\n\n<p>O TP10 acompanha uma carteira formada por t\u00edtulos p\u00fablicos federais corrigidos pelo IPCA e com prazo pr\u00f3ximo de dez anos. Como esses pap\u00e9is t\u00eam maior sensibilidade \u00e0s mudan\u00e7as nas expectativas de juros, seus pre\u00e7os podem subir quando o mercado passa a projetar uma melhora no cen\u00e1rio \u00e0 frente.<\/p>\n\n\n\n<p>Na segunda posi\u00e7\u00e3o, o \u00cdndice DAP5 B3 (IDAP5) avan\u00e7ou 1,48%. O indicador reflete o comportamento dos contratos futuros de Cupom IPCA, conhecidos como DAP.<\/p>\n\n\n\n<p>J\u00e1 o \u00cdndice de <a class=\"suno-keyword\" target=\"_blank\" data-force=\"no\" data-priority=\"1\" href=\"https:\/\/www.suno.com.br\/artigos\/debentures-incentivadas\/\" rel=\"noopener\">Deb\u00eantures Incentivadas<\/a> Ultra Qualidade IPCA B3 (IDIC) teve alta de 1,47%. O \u00edndice re\u00fane deb\u00eantures incentivadas ligadas \u00e0 infla\u00e7\u00e3o e serve como refer\u00eancia para o desempenho de t\u00edtulos privados considerados de maior qualidade.<\/p>\n\n\n\n<p>Tamb\u00e9m apareceram entre os destaques os \u00edndices de t\u00edtulos p\u00fablicos de prazo mais curto. O TP02, que acompanha pap\u00e9is com vencimento pr\u00f3ximo de dois anos, subiu 1,35%, enquanto o TP05, relacionado a t\u00edtulos com prazo de cinco anos, avan\u00e7ou 1,31%.<\/p>\n\n\n\t<p>\n\t\t<a href=\"https:\/\/lp2.suno.com.br\/onde-investir-2026\/?utm_campaign=_SNC390A0FD0_ao&#038;utm_source=suno-not\u00edcias&#038;utm_medium=banner.noticias\" target=\"_blank\" data-element=\"shortcode-suno-banner\" title=\"Banner SUNO, clique e saiba mais\">\n\t\t\t<picture>\n\t\t\t\t<source media=\"(max-width: 500px)\" srcset=\"https:\/\/files.sunoresearch.com.br\/gaia\/uploads\/2026\/01\/Banner-Materias-01-Mbl_-400x300-1.png\">\n\t\t\t\t<img class=\"newsContent__article__imgCapa newsContent__article__imgCapa--banner\"\n\t\t\t\t\tsrc=\"https:\/\/files.sunoresearch.com.br\/gaia\/uploads\/2026\/01\/Banner-Materias-01-Dkp_-1420x240-1.png\"\n\t\t\t\t\tdata-promo-id=\"651623\"\t\t\t\t\t\t\t\t\t\twidth='1420' height='240'\t\t\t\t\talt=\"https:\/\/files.sunoresearch.com.br\/gaia\/uploads\/2026\/01\/Banner-Materias-01-Dkp_-1420x240-1.png\"\n\t\t\t\t>\n\t\t\t<\/picture>\n\t\t<\/a>\n\t<\/p>\n\n\n\n\n\n\n\n<p>A valoriza\u00e7\u00e3o desses \u00edndices mostra que o movimento positivo n\u00e3o ficou restrito aos t\u00edtulos de prazo mais longo. Ainda assim, os pap\u00e9is mais longos tendem a oscilar mais diante de altera\u00e7\u00f5es nas expectativas para os juros.<\/p>\n\n\n\n<h2 class=\"wp-block-heading\">Veja os \u00edndices de renda fixa que mais subiram<\/h2>\n\n\n\n<p>O ranking da B3 considera o desempenho dos \u00edndices em agosto de 2026:<\/p>\n\n\n\n<ol class=\"wp-block-list\">\n<li><strong>TP10:<\/strong> alta de 1,78%; ETF relacionado: NB1011<\/li>\n\n\n\n<li><strong>IDAP5:<\/strong> alta de 1,48%; ETF relacionado: BDAP11<\/li>\n\n\n\n<li><strong>IDIC:<\/strong> alta de 1,47%; sem ETF relacionado informado<\/li>\n\n\n\n<li><strong>TP02:<\/strong> alta de 1,35%; ETF relacionado: NB0211<\/li>\n\n\n\t<p>\n\t\t<a href=\"https:\/\/lp2.suno.com.br\/lm\/minicurso-construindo-um-portfolio-milionario\/?utm_campaign=_SNC35CF3834_ao&#038;utm_source=suno-not\u00edcias&#038;utm_medium=banner.noticias\" target=\"_blank\" data-element=\"shortcode-suno-banner\" title=\"Banner SUNO, clique e saiba mais\">\n\t\t\t<picture>\n\t\t\t\t<source media=\"(max-width: 500px)\" srcset=\"https:\/\/files.sunoresearch.com.br\/gaia\/uploads\/2026\/01\/MB-PS-HOME-DE-ARTIGOS-400x300-ID_01_x1.jpg\">\n\t\t\t\t<img class=\"newsContent__article__imgCapa newsContent__article__imgCapa--banner\"\n\t\t\t\t\tsrc=\"https:\/\/files.sunoresearch.com.br\/gaia\/uploads\/2026\/01\/DT-PS-HOME-DE-ARTIGOS-1420x240-ID_01_x1.jpg\"\n\t\t\t\t\tdata-promo-id=\"651626\"\t\t\t\t\t\t\t\t\t\twidth='1420' height='240'\t\t\t\t\talt=\"https:\/\/files.sunoresearch.com.br\/gaia\/uploads\/2026\/01\/DT-PS-HOME-DE-ARTIGOS-1420x240-ID_01_x1.jpg\"\n\t\t\t\t>\n\t\t\t<\/picture>\n\t\t<\/a>\n\t<\/p>\n\n\n\n\n\n\n\n<li><strong>TP05:<\/strong> alta de 1,31%; ETF relacionado: NB0511<\/li>\n\n\n\n<li><strong>IDEU:<\/strong> alta de 1,28%; ETF relacionado: MARG11<\/li>\n\n\n\n<li><strong>IDEB:<\/strong> alta de 1,26%; sem ETF relacionado informado<\/li>\n\n\n\n<li><strong>TSLL:<\/strong> alta de 1,18%; ETF relacionado: LFTX11<\/li>\n\n\n\n<li><strong>TSLC:<\/strong> alta de 1,18%; ETF relacionado: NCDI11<\/li>\n\n\n\n<li><strong>ILFB:<\/strong> alta de 1,16%; ETF relacionado: LFIX11<\/li>\n\n\n\t<p>\n\t\t<a href=\"https:\/\/lp.suno.com.br\/ebook-como-analisar-uma-acao\/?utm_campaign=_SNC390A0FD0_ao&#038;utm_source=suno-not\u00edcias&#038;utm_medium=banner.noticias\" target=\"_blank\" data-element=\"shortcode-suno-banner\" title=\"Banner SUNO, clique e saiba mais\">\n\t\t\t<picture>\n\t\t\t\t<source media=\"(max-width: 500px)\" srcset=\"https:\/\/files.sunoresearch.com.br\/gaia\/uploads\/2026\/01\/Ebook-Acoes-Mobile.webp\">\n\t\t\t\t<img class=\"newsContent__article__imgCapa newsContent__article__imgCapa--banner\"\n\t\t\t\t\tsrc=\"https:\/\/files.sunoresearch.com.br\/gaia\/uploads\/2026\/01\/Ebook-Acoes-Desktop.webp\"\n\t\t\t\t\tdata-promo-id=\"651105\"\t\t\t\t\t\t\t\t\t\twidth='1420' height='286'\t\t\t\t\talt=\"https:\/\/files.sunoresearch.com.br\/gaia\/uploads\/2026\/01\/Ebook-Acoes-Desktop.webp\"\n\t\t\t\t>\n\t\t\t<\/picture>\n\t\t<\/a>\n\t<\/p>\n\n\n\n\n<\/ol>\n\n\n\n<p>Al\u00e9m dos \u00edndices associados \u00e0 infla\u00e7\u00e3o, o levantamento tamb\u00e9m destacou indicadores de cr\u00e9dito privado. O IDEU acompanha deb\u00eantures de ultra qualidade atreladas ao CDI, enquanto o IDEB re\u00fane deb\u00eantures com classifica\u00e7\u00e3o AAA vinculadas ao mesmo referencial.<\/p>\n\n\n\n<h2 class=\"wp-block-heading\">\u00cdndices servem de refer\u00eancia para ETFs<\/h2>\n\n\n\n<p>Os \u00edndices da B3 funcionam como refer\u00eancia para ETFs, fundos negociados em bolsa que buscam replicar o desempenho de uma carteira de ativos. Por meio desses produtos, o investidor consegue acessar uma cesta diversificada de t\u00edtupreclos com uma \u00fanica aplica\u00e7\u00e3o.<\/p>\n\n\n\n<p>Entre os ETFs relacionados aos \u00edndices de maior valoriza\u00e7\u00e3o em agosto est\u00e3o NB1011, BDAP11, NB0211, NB0511, MARG11, LFTX11, NCDI11 e LFIX11. A exist\u00eancia de um ETF associado, por\u00e9m, n\u00e3o significa que o fundo ter\u00e1 exatamente o mesmo retorno do \u00edndice, j\u00e1 que podem existir taxas, custos e diferen\u00e7as de acompanhamento.<\/p>\n\n\n\n<p>Para o investidor, o desempenho dos \u00edndices ajuda a identificar quais estrat\u00e9gias ganharam for\u00e7a no mercado, mas n\u00e3o elimina a necessidade de avaliar prazo, <a class=\"suno-keyword\" target=\"_blank\" data-force=\"no\" data-priority=\"1\" href=\"https:\/\/www.suno.com.br\/artigos\/risco-de-credito\/\" rel=\"noopener\">risco de cr\u00e9dito<\/a>, liquidez e sensibilidade \u00e0s mudan\u00e7as nos juros.<\/p>\n\n\n\n<p>A valoriza\u00e7\u00e3o dos indicadores ligados ao IPCA refor\u00e7a o espa\u00e7o que a prote\u00e7\u00e3o contra a infla\u00e7\u00e3o ocupa na <strong>renda fixa<\/strong>. Ao mesmo tempo, o resultado de agosto mostra que o desempenho dos t\u00edtulos depende n\u00e3o apenas da corre\u00e7\u00e3o monet\u00e1ria, mas tamb\u00e9m das expectativas para os juros e das condi\u00e7\u00f5es do mercado de cr\u00e9dito.<\/p>\n","protected":false},"excerpt":{"rendered":"<p>Os investimentos ligados \u00e0 infla\u00e7\u00e3o lideraram o desempenho da renda fixa negociada na B3 em agosto. O \u00cdndice B3 Tesouro IPCA Prazo 10 anos (TP10) avan\u00e7ou 1,78% no m\u00eas e ficou no topo do ranking dos \u00edndices da bolsa brasileira que mais valorizaram no per\u00edodo. O levantamento da B3 mostra que os cinco primeiros colocados &hellip; Continued<\/p>\n","protected":false},"author":402,"featured_media":663385,"comment_status":"closed","ping_status":"closed","sticky":false,"template":"","format":"standard","meta":[],"categories":[64],"tags":[],"suno_strategy":[],"class_list":["post-663384","post","type-post","status-publish","format-standard","has-post-thumbnail","hentry","category-negocios"],"yoast_head":"<!-- This site is optimized with the Yoast SEO plugin v24.4 - https:\/\/yoast.com\/wordpress\/plugins\/seo\/ -->\n<title>Renda fixa da B3 sobe com \u00edndices ligados \u00e0 infla\u00e7\u00e3o<\/title>\n<meta name=\"description\" content=\"\u00cdndice ligado ao Tesouro IPCA lidera a valoriza\u00e7\u00e3o da renda fixa da B3 em agosto, com alta de 1,78%; veja o ranking completo\" \/>\n<meta name=\"robots\" content=\"index, follow, max-snippet:-1, max-image-preview:large, max-video-preview:-1\" \/>\n<link rel=\"canonical\" href=\"https:\/\/www.suno.com.br\/noticias\/renda-fixa-b3-indices-inflacao-valorizacao-agosto-mt\/\" \/>\n<meta property=\"og:locale\" content=\"pt_BR\" \/>\n<meta property=\"og:type\" content=\"article\" \/>\n<meta property=\"og:title\" content=\"Renda fixa da B3 sobe com \u00edndices ligados \u00e0 infla\u00e7\u00e3o\" \/>\n<meta property=\"og:description\" content=\"\u00cdndice ligado ao Tesouro IPCA lidera a valoriza\u00e7\u00e3o da renda fixa da B3 em agosto, com alta de 1,78%; veja o ranking completo\" \/>\n<meta property=\"og:url\" content=\"https:\/\/www.suno.com.br\/noticias\/renda-fixa-b3-indices-inflacao-valorizacao-agosto-mt\/\" \/>\n<meta property=\"og:site_name\" content=\"Suno Not\u00edcias\" \/>\n<meta property=\"article:publisher\" content=\"https:\/\/facebook.com\/sunoresearch\" \/>\n<meta property=\"og:image\" content=\"http:\/\/files.sunoresearch.com.br\/n\/uploads\/2026\/09\/piggy-bank-gcecd65ecf_1920-jpg.webp\" \/>\n\t<meta property=\"og:image:width\" content=\"1920\" \/>\n\t<meta property=\"og:image:height\" content=\"1152\" \/>\n\t<meta property=\"og:image:type\" content=\"image\/jpeg\" \/>\n<meta name=\"author\" content=\"Ma\u00edra Telles\" \/>\n<meta name=\"twitter:card\" content=\"summary_large_image\" \/>\n<meta name=\"twitter:creator\" content=\"@sunoresearch\" \/>\n<meta name=\"twitter:site\" content=\"@sunoresearch\" \/>\n<meta name=\"twitter:label1\" content=\"Escrito por\" \/>\n\t<meta name=\"twitter:data1\" content=\"Ma\u00edra Telles\" \/>\n\t<meta name=\"twitter:label2\" content=\"Est. tempo de leitura\" \/>\n\t<meta name=\"twitter:data2\" content=\"3 minutos\" \/>\n<script type=\"application\/ld+json\" class=\"yoast-schema-graph\">{\"@context\":\"https:\/\/schema.org\",\"@graph\":[{\"@type\":\"NewsArticle\",\"@id\":\"https:\/\/www.suno.com.br\/noticias\/renda-fixa-b3-indices-inflacao-valorizacao-agosto-mt\/#article\",\"isPartOf\":{\"@id\":\"https:\/\/www.suno.com.br\/noticias\/renda-fixa-b3-indices-inflacao-valorizacao-agosto-mt\/\"},\"author\":{\"name\":\"Ma\u00edra Telles\",\"@id\":\"https:\/\/www.suno.com.br\/noticias\/#\/schema\/person\/0a8b51292bb96ee5f104094c0907eaef\"},\"headline\":\"Infla\u00e7\u00e3o puxa renda fixa da B3: \u00edndice ligado ao IPCA sobe 1,78% em agosto; veja ranking\",\"datePublished\":\"2026-09-02T19:45:04+00:00\",\"mainEntityOfPage\":{\"@id\":\"https:\/\/www.suno.com.br\/noticias\/renda-fixa-b3-indices-inflacao-valorizacao-agosto-mt\/\"},\"wordCount\":679,\"publisher\":{\"@id\":\"https:\/\/www.suno.com.br\/noticias\/#organization\"},\"image\":{\"@id\":\"https:\/\/www.suno.com.br\/noticias\/renda-fixa-b3-indices-inflacao-valorizacao-agosto-mt\/#primaryimage\"},\"thumbnailUrl\":\"https:\/\/files.sunoresearch.com.br\/n\/uploads\/2026\/09\/piggy-bank-gcecd65ecf_1920-jpg.webp\",\"articleSection\":[\"Neg\u00f3cios\"],\"inLanguage\":\"pt-BR\"},{\"@type\":\"WebPage\",\"@id\":\"https:\/\/www.suno.com.br\/noticias\/renda-fixa-b3-indices-inflacao-valorizacao-agosto-mt\/\",\"url\":\"https:\/\/www.suno.com.br\/noticias\/renda-fixa-b3-indices-inflacao-valorizacao-agosto-mt\/\",\"name\":\"Renda fixa da B3 sobe com \u00edndices ligados \u00e0 infla\u00e7\u00e3o\",\"isPartOf\":{\"@id\":\"https:\/\/www.suno.com.br\/noticias\/#website\"},\"primaryImageOfPage\":{\"@id\":\"https:\/\/www.suno.com.br\/noticias\/renda-fixa-b3-indices-inflacao-valorizacao-agosto-mt\/#primaryimage\"},\"image\":{\"@id\":\"https:\/\/www.suno.com.br\/noticias\/renda-fixa-b3-indices-inflacao-valorizacao-agosto-mt\/#primaryimage\"},\"thumbnailUrl\":\"https:\/\/files.sunoresearch.com.br\/n\/uploads\/2026\/09\/piggy-bank-gcecd65ecf_1920-jpg.webp\",\"datePublished\":\"2026-09-02T19:45:04+00:00\",\"description\":\"\u00cdndice ligado ao Tesouro IPCA lidera a valoriza\u00e7\u00e3o da renda fixa da B3 em agosto, com alta de 1,78%; veja o ranking completo\",\"breadcrumb\":{\"@id\":\"https:\/\/www.suno.com.br\/noticias\/renda-fixa-b3-indices-inflacao-valorizacao-agosto-mt\/#breadcrumb\"},\"inLanguage\":\"pt-BR\",\"potentialAction\":[{\"@type\":\"ReadAction\",\"target\":[\"https:\/\/www.suno.com.br\/noticias\/renda-fixa-b3-indices-inflacao-valorizacao-agosto-mt\/\"]}]},{\"@type\":\"ImageObject\",\"inLanguage\":\"pt-BR\",\"@id\":\"https:\/\/www.suno.com.br\/noticias\/renda-fixa-b3-indices-inflacao-valorizacao-agosto-mt\/#primaryimage\",\"url\":\"https:\/\/files.sunoresearch.com.br\/n\/uploads\/2026\/09\/piggy-bank-gcecd65ecf_1920-jpg.webp\",\"contentUrl\":\"https:\/\/files.sunoresearch.com.br\/n\/uploads\/2026\/09\/piggy-bank-gcecd65ecf_1920-jpg.webp\",\"width\":1920,\"height\":1152,\"caption\":\"Renda Fixa. Foto: Pixabay\"},{\"@type\":\"BreadcrumbList\",\"@id\":\"https:\/\/www.suno.com.br\/noticias\/renda-fixa-b3-indices-inflacao-valorizacao-agosto-mt\/#breadcrumb\",\"itemListElement\":[{\"@type\":\"ListItem\",\"position\":1,\"name\":\"Not\u00edcias\",\"item\":\"https:\/\/www.suno.com.br\/noticias\/\"},{\"@type\":\"ListItem\",\"position\":2,\"name\":\"Neg\u00f3cios\",\"item\":\"https:\/\/www.suno.com.br\/noticias\/negocios\/\"},{\"@type\":\"ListItem\",\"position\":3,\"name\":\"Infla\u00e7\u00e3o puxa renda fixa da B3: \u00edndice ligado ao IPCA sobe 1,78% em agosto; veja ranking\"}]},{\"@type\":\"WebSite\",\"@id\":\"https:\/\/www.suno.com.br\/noticias\/#website\",\"url\":\"https:\/\/www.suno.com.br\/noticias\/\",\"name\":\"Suno Not\u00edcias\",\"description\":\"Seu portal de informa\u00e7\u00e3o sobre o mundo dos investimentos\",\"publisher\":{\"@id\":\"https:\/\/www.suno.com.br\/noticias\/#organization\"},\"potentialAction\":[{\"@type\":\"SearchAction\",\"target\":{\"@type\":\"EntryPoint\",\"urlTemplate\":\"https:\/\/www.suno.com.br\/noticias\/?s={search_term_string}\"},\"query-input\":{\"@type\":\"PropertyValueSpecification\",\"valueRequired\":true,\"valueName\":\"search_term_string\"}}],\"inLanguage\":\"pt-BR\"},{\"@type\":\"Organization\",\"@id\":\"https:\/\/www.suno.com.br\/noticias\/#organization\",\"name\":\"Suno Not\u00edcias\",\"url\":\"https:\/\/www.suno.com.br\/noticias\/\",\"logo\":{\"@type\":\"ImageObject\",\"inLanguage\":\"pt-BR\",\"@id\":\"https:\/\/www.suno.com.br\/noticias\/#\/schema\/logo\/image\/\",\"url\":\"https:\/\/files.sunoresearch.com.br\/n\/uploads\/2021\/09\/suno-logo.png\",\"contentUrl\":\"https:\/\/files.sunoresearch.com.br\/n\/uploads\/2021\/09\/suno-logo.png\",\"width\":180,\"height\":180,\"caption\":\"Suno Not\u00edcias\"},\"image\":{\"@id\":\"https:\/\/www.suno.com.br\/noticias\/#\/schema\/logo\/image\/\"},\"sameAs\":[\"https:\/\/facebook.com\/sunoresearch\",\"https:\/\/x.com\/sunoresearch\",\"https:\/\/www.instagram.com\/suno\",\"https:\/\/www.linkedin.com\/company\/suno-research\/\",\"https:\/\/www.youtube.com\/c\/sunoresearch\"]},{\"@type\":\"Person\",\"@id\":\"https:\/\/www.suno.com.br\/noticias\/#\/schema\/person\/0a8b51292bb96ee5f104094c0907eaef\",\"name\":\"Ma\u00edra Telles\",\"image\":{\"@type\":\"ImageObject\",\"inLanguage\":\"pt-BR\",\"@id\":\"https:\/\/www.suno.com.br\/noticias\/#\/schema\/person\/image\/\",\"url\":\"https:\/\/secure.gravatar.com\/avatar\/8d13691eab6abc1d1050b62a4c2a6116?s=96&r=g\",\"contentUrl\":\"https:\/\/secure.gravatar.com\/avatar\/8d13691eab6abc1d1050b62a4c2a6116?s=96&r=g\",\"caption\":\"Ma\u00edra Telles\"},\"description\":\"Jornalista especializada em mercado financeiro, economia, neg\u00f3cios e agroneg\u00f3cio, com experi\u00eancia em reda\u00e7\u00e3o, comunica\u00e7\u00e3o estrat\u00e9gica e produ\u00e7\u00e3o de conte\u00fado para m\u00faltiplas plataformas. Com atua\u00e7\u00e3o tamb\u00e9m em marketing digital e gest\u00e3o de crise, une an\u00e1lise, apura\u00e7\u00e3o e linguagem acess\u00edvel para traduzir temas complexos em informa\u00e7\u00e3o relevante para investidores e leitores interessados no funcionamento da economia.\",\"url\":\"https:\/\/www.suno.com.br\/noticias\/author\/mairaftellesgmail-com\/\"}]}<\/script>\n<!-- \/ Yoast SEO plugin. -->","yoast_head_json":{"title":"Renda fixa da B3 sobe com \u00edndices ligados \u00e0 infla\u00e7\u00e3o","description":"\u00cdndice ligado ao Tesouro IPCA lidera a valoriza\u00e7\u00e3o da renda fixa da B3 em agosto, com alta de 1,78%; veja o ranking completo","robots":{"index":"index","follow":"follow","max-snippet":"max-snippet:-1","max-image-preview":"max-image-preview:large","max-video-preview":"max-video-preview:-1"},"canonical":"https:\/\/www.suno.com.br\/noticias\/renda-fixa-b3-indices-inflacao-valorizacao-agosto-mt\/","og_locale":"pt_BR","og_type":"article","og_title":"Renda fixa da B3 sobe com \u00edndices ligados \u00e0 infla\u00e7\u00e3o","og_description":"\u00cdndice ligado ao Tesouro IPCA lidera a valoriza\u00e7\u00e3o da renda fixa da B3 em agosto, com alta de 1,78%; veja o ranking completo","og_url":"https:\/\/www.suno.com.br\/noticias\/renda-fixa-b3-indices-inflacao-valorizacao-agosto-mt\/","og_site_name":"Suno Not\u00edcias","article_publisher":"https:\/\/facebook.com\/sunoresearch","og_image":[{"width":1920,"height":1152,"url":"http:\/\/files.sunoresearch.com.br\/n\/uploads\/2026\/09\/piggy-bank-gcecd65ecf_1920-jpg.webp","type":"image\/jpeg"}],"author":"Ma\u00edra Telles","twitter_card":"summary_large_image","twitter_creator":"@sunoresearch","twitter_site":"@sunoresearch","twitter_misc":{"Escrito por":"Ma\u00edra Telles","Est. tempo de leitura":"3 minutos"},"schema":{"@context":"https:\/\/schema.org","@graph":[{"@type":"NewsArticle","@id":"https:\/\/www.suno.com.br\/noticias\/renda-fixa-b3-indices-inflacao-valorizacao-agosto-mt\/#article","isPartOf":{"@id":"https:\/\/www.suno.com.br\/noticias\/renda-fixa-b3-indices-inflacao-valorizacao-agosto-mt\/"},"author":{"name":"Ma\u00edra Telles","@id":"https:\/\/www.suno.com.br\/noticias\/#\/schema\/person\/0a8b51292bb96ee5f104094c0907eaef"},"headline":"Infla\u00e7\u00e3o puxa renda fixa da B3: \u00edndice ligado ao IPCA sobe 1,78% em agosto; veja ranking","datePublished":"2026-09-02T19:45:04+00:00","mainEntityOfPage":{"@id":"https:\/\/www.suno.com.br\/noticias\/renda-fixa-b3-indices-inflacao-valorizacao-agosto-mt\/"},"wordCount":679,"publisher":{"@id":"https:\/\/www.suno.com.br\/noticias\/#organization"},"image":{"@id":"https:\/\/www.suno.com.br\/noticias\/renda-fixa-b3-indices-inflacao-valorizacao-agosto-mt\/#primaryimage"},"thumbnailUrl":"https:\/\/files.sunoresearch.com.br\/n\/uploads\/2026\/09\/piggy-bank-gcecd65ecf_1920-jpg.webp","articleSection":["Neg\u00f3cios"],"inLanguage":"pt-BR"},{"@type":"WebPage","@id":"https:\/\/www.suno.com.br\/noticias\/renda-fixa-b3-indices-inflacao-valorizacao-agosto-mt\/","url":"https:\/\/www.suno.com.br\/noticias\/renda-fixa-b3-indices-inflacao-valorizacao-agosto-mt\/","name":"Renda fixa da B3 sobe com \u00edndices ligados \u00e0 infla\u00e7\u00e3o","isPartOf":{"@id":"https:\/\/www.suno.com.br\/noticias\/#website"},"primaryImageOfPage":{"@id":"https:\/\/www.suno.com.br\/noticias\/renda-fixa-b3-indices-inflacao-valorizacao-agosto-mt\/#primaryimage"},"image":{"@id":"https:\/\/www.suno.com.br\/noticias\/renda-fixa-b3-indices-inflacao-valorizacao-agosto-mt\/#primaryimage"},"thumbnailUrl":"https:\/\/files.sunoresearch.com.br\/n\/uploads\/2026\/09\/piggy-bank-gcecd65ecf_1920-jpg.webp","datePublished":"2026-09-02T19:45:04+00:00","description":"\u00cdndice ligado ao Tesouro IPCA lidera a valoriza\u00e7\u00e3o da renda fixa da B3 em agosto, com alta de 1,78%; veja o ranking completo","breadcrumb":{"@id":"https:\/\/www.suno.com.br\/noticias\/renda-fixa-b3-indices-inflacao-valorizacao-agosto-mt\/#breadcrumb"},"inLanguage":"pt-BR","potentialAction":[{"@type":"ReadAction","target":["https:\/\/www.suno.com.br\/noticias\/renda-fixa-b3-indices-inflacao-valorizacao-agosto-mt\/"]}]},{"@type":"ImageObject","inLanguage":"pt-BR","@id":"https:\/\/www.suno.com.br\/noticias\/renda-fixa-b3-indices-inflacao-valorizacao-agosto-mt\/#primaryimage","url":"https:\/\/files.sunoresearch.com.br\/n\/uploads\/2026\/09\/piggy-bank-gcecd65ecf_1920-jpg.webp","contentUrl":"https:\/\/files.sunoresearch.com.br\/n\/uploads\/2026\/09\/piggy-bank-gcecd65ecf_1920-jpg.webp","width":1920,"height":1152,"caption":"Renda Fixa. Foto: Pixabay"},{"@type":"BreadcrumbList","@id":"https:\/\/www.suno.com.br\/noticias\/renda-fixa-b3-indices-inflacao-valorizacao-agosto-mt\/#breadcrumb","itemListElement":[{"@type":"ListItem","position":1,"name":"Not\u00edcias","item":"https:\/\/www.suno.com.br\/noticias\/"},{"@type":"ListItem","position":2,"name":"Neg\u00f3cios","item":"https:\/\/www.suno.com.br\/noticias\/negocios\/"},{"@type":"ListItem","position":3,"name":"Infla\u00e7\u00e3o puxa renda fixa da B3: \u00edndice ligado ao IPCA sobe 1,78% em agosto; veja ranking"}]},{"@type":"WebSite","@id":"https:\/\/www.suno.com.br\/noticias\/#website","url":"https:\/\/www.suno.com.br\/noticias\/","name":"Suno Not\u00edcias","description":"Seu portal de informa\u00e7\u00e3o sobre o mundo dos investimentos","publisher":{"@id":"https:\/\/www.suno.com.br\/noticias\/#organization"},"potentialAction":[{"@type":"SearchAction","target":{"@type":"EntryPoint","urlTemplate":"https:\/\/www.suno.com.br\/noticias\/?s={search_term_string}"},"query-input":{"@type":"PropertyValueSpecification","valueRequired":true,"valueName":"search_term_string"}}],"inLanguage":"pt-BR"},{"@type":"Organization","@id":"https:\/\/www.suno.com.br\/noticias\/#organization","name":"Suno Not\u00edcias","url":"https:\/\/www.suno.com.br\/noticias\/","logo":{"@type":"ImageObject","inLanguage":"pt-BR","@id":"https:\/\/www.suno.com.br\/noticias\/#\/schema\/logo\/image\/","url":"https:\/\/files.sunoresearch.com.br\/n\/uploads\/2021\/09\/suno-logo.png","contentUrl":"https:\/\/files.sunoresearch.com.br\/n\/uploads\/2021\/09\/suno-logo.png","width":180,"height":180,"caption":"Suno Not\u00edcias"},"image":{"@id":"https:\/\/www.suno.com.br\/noticias\/#\/schema\/logo\/image\/"},"sameAs":["https:\/\/facebook.com\/sunoresearch","https:\/\/x.com\/sunoresearch","https:\/\/www.instagram.com\/suno","https:\/\/www.linkedin.com\/company\/suno-research\/","https:\/\/www.youtube.com\/c\/sunoresearch"]},{"@type":"Person","@id":"https:\/\/www.suno.com.br\/noticias\/#\/schema\/person\/0a8b51292bb96ee5f104094c0907eaef","name":"Ma\u00edra Telles","image":{"@type":"ImageObject","inLanguage":"pt-BR","@id":"https:\/\/www.suno.com.br\/noticias\/#\/schema\/person\/image\/","url":"https:\/\/secure.gravatar.com\/avatar\/8d13691eab6abc1d1050b62a4c2a6116?s=96&r=g","contentUrl":"https:\/\/secure.gravatar.com\/avatar\/8d13691eab6abc1d1050b62a4c2a6116?s=96&r=g","caption":"Ma\u00edra Telles"},"description":"Jornalista especializada em mercado financeiro, economia, neg\u00f3cios e agroneg\u00f3cio, com experi\u00eancia em reda\u00e7\u00e3o, comunica\u00e7\u00e3o estrat\u00e9gica e produ\u00e7\u00e3o de conte\u00fado para m\u00faltiplas plataformas. Com atua\u00e7\u00e3o tamb\u00e9m em marketing digital e gest\u00e3o de crise, une an\u00e1lise, apura\u00e7\u00e3o e linguagem acess\u00edvel para traduzir temas complexos em informa\u00e7\u00e3o relevante para investidores e leitores interessados no funcionamento da economia.","url":"https:\/\/www.suno.com.br\/noticias\/author\/mairaftellesgmail-com\/"}]}},"default_loop_html":"<div class=\"cardsPage__listCard__boxs\"><div class=\"cardsPage__listCard__boxs__img\"><a href=\"https:\/\/www.suno.com.br\/noticias\/renda-fixa-b3-indices-inflacao-valorizacao-agosto-mt\/\"><img class=\"mask\" src=\"https:\/\/www.suno.com.br\/noticias\/wp-content\/themes\/suno\/resources\/images\/spotlight\/spotlight1img\/bg-mask.png\" alt=\"Image Mask\"\/><img src=\"https:\/\/files.sunoresearch.com.br\/n\/uploads\/2026\/09\/piggy-bank-gcecd65ecf_1920-400x200.webp\" alt=\"Infla\u00e7\u00e3o puxa renda fixa da B3: \u00edndice ligado ao IPCA sobe 1,78% em agosto; veja ranking\"\/><\/a><span class=\"spotlightCategory\"><a href=\"https:\/\/www.suno.com.br\/noticias\/negocios\/\">Neg\u00f3cios<\/a><\/span><\/div><div class=\"cardsPage__listCard__boxs__content\"><a href=\"https:\/\/www.suno.com.br\/noticias\/renda-fixa-b3-indices-inflacao-valorizacao-agosto-mt\/\"><h2 class=\"content__title\">Infla\u00e7\u00e3o puxa renda fixa da B3: \u00edndice ligado ao IPCA sobe 1,78% em agosto; veja ranking<\/h2><\/a><div class=\"newsContent__article__meta\"><div class=\"newsContent__article__meta__authorBox\"><a href=\"https:\/\/www.suno.com.br\/noticias\/author\/mairaftellesgmail-com\/\" class=\"authorBox__avatar noMobi\"><img src=\"https:\/\/secure.gravatar.com\/avatar\/8d13691eab6abc1d1050b62a4c2a6116?s=96&#038;r=g\" alt=\"Ma\u00edra Telles\"><\/a><div class=\"authorBox__name\"><span>por\n\t\t\t<a href=\"https:\/\/www.suno.com.br\/noticias\/author\/mairaftellesgmail-com\/\"><span itemprop=\"author\">Ma\u00edra Telles<\/span><\/a><\/span><time datetime=\"2026-09-02T16:45:04-03:00\" itemprop=\"datePublished\">02\/09\/2026 16:45<\/time><\/div><\/div><\/div><\/div><\/div>","single_layout":"posts","amp_enabled":true,"_links":{"self":[{"href":"https:\/\/www.suno.com.br\/noticias\/wp-json\/wp\/v2\/posts\/663384"}],"collection":[{"href":"https:\/\/www.suno.com.br\/noticias\/wp-json\/wp\/v2\/posts"}],"about":[{"href":"https:\/\/www.suno.com.br\/noticias\/wp-json\/wp\/v2\/types\/post"}],"author":[{"embeddable":true,"href":"https:\/\/www.suno.com.br\/noticias\/wp-json\/wp\/v2\/users\/402"}],"replies":[{"embeddable":true,"href":"https:\/\/www.suno.com.br\/noticias\/wp-json\/wp\/v2\/comments?post=663384"}],"version-history":[{"count":0,"href":"https:\/\/www.suno.com.br\/noticias\/wp-json\/wp\/v2\/posts\/663384\/revisions"}],"wp:featuredmedia":[{"embeddable":true,"href":"https:\/\/www.suno.com.br\/noticias\/wp-json\/wp\/v2\/media\/663385"}],"wp:attachment":[{"href":"https:\/\/www.suno.com.br\/noticias\/wp-json\/wp\/v2\/media?parent=663384"}],"wp:term":[{"taxonomy":"category","embeddable":true,"href":"https:\/\/www.suno.com.br\/noticias\/wp-json\/wp\/v2\/categories?post=663384"},{"taxonomy":"post_tag","embeddable":true,"href":"https:\/\/www.suno.com.br\/noticias\/wp-json\/wp\/v2\/tags?post=663384"},{"taxonomy":"suno_strategy","embeddable":true,"href":"https:\/\/www.suno.com.br\/noticias\/wp-json\/wp\/v2\/suno_strategy?post=663384"}],"curies":[{"name":"wp","href":"https:\/\/api.w.org\/{rel}","templated":true}]}}