{"id":663364,"date":"2026-09-02T14:45:05","date_gmt":"2026-09-02T17:45:05","guid":{"rendered":""},"modified":"2026-09-02T14:45:05","modified_gmt":"2026-09-02T17:45:05","slug":"comprar-ou-alugar-imovel-selic-14-por-cento-mt","status":"publish","type":"post","link":"https:\/\/www.suno.com.br\/noticias\/comprar-ou-alugar-imovel-selic-14-por-cento-mt\/","title":{"rendered":"Com a Selic a 14%, comprar ou alugar im\u00f3vel? Veja o que pesa na decis\u00e3o"},"content":{"rendered":"<p>A decis\u00e3o entre <strong>comprar ou alugar im\u00f3vel<\/strong> ficou mais complexa com a Selic em 14% ao ano e a <a class=\"suno-keyword\" target=\"_blank\" data-force=\"no\" data-priority=\"1\" href=\"https:\/\/www.suno.com.br\/artigos\/inflacao-acumulada\/\" rel=\"noopener\">infla\u00e7\u00e3o acumulada<\/a> em 12 meses em 4,44% at\u00e9 julho. De um lado, os juros encarecem o financiamento e aumentam o custo das parcelas. De outro, o aluguel tamb\u00e9m vem subindo acima da infla\u00e7\u00e3o em v\u00e1rias cidades. <\/p>\t<div class=\"wrapper-featured-image\">\n\t\t<figure class=\"spotlightImg\">\n\n\t\t\t<picture>\n\t\t\t\t<source media=\"(max-width: 768px)\" srcset=\"https:\/\/files.sunoresearch.com.br\/n\/uploads\/2026\/09\/iStock-1489161417-1-400x200.webp\">\n\t\t\t\t<img loading=\"lazy\" decoding=\"async\" class=\"newsContent__article__imgCapa lazyloadDisabled \" src=\"https:\/\/files.sunoresearch.com.br\/n\/uploads\/2026\/09\/iStock-1489161417-1-800x450.webp\" width=\"800\" height=\"450\" alt=\"Com a Selic a 14%, comprar ou alugar im\u00f3vel? Veja o que pesa na decis\u00e3o\" fetchpriority=high \/>\n\t\t\t<\/picture>\n\n\t\t\t<figcaption class=\"wp-caption-text wp-caption-text--show\">Comprar ou alugar im\u00f3vel exige comparar financiamento, aluguel e custos extras. Foto: iStock.<\/figcaption>\n\t\t<\/figure>\n\t<\/div>\n\n\n\n\n\n\n<p>Antes de tomar uma decis\u00e3o, <a href=\"https:\/\/lp.suno.com.br\/lm\/comprar-ou-alugar-imoveis\/?utm_campaign=_SNC400B5E5E_comprar-ou-alugar&amp;utm_source=suno-not%C3%ADcias&amp;utm_medium=cta.noticias\">baixe gratuitamente o e-book da Suno sobre comprar ou alugar um im\u00f3vel<\/a> e veja como comparar os custos de cada alternativa.<\/p>\n\n\n\t<p>\n\t\t<a href=\"https:\/\/lp2.suno.com.br\/onde-investir-2026\/?utm_campaign=_SNC390A0FD0_ao&#038;utm_source=suno-not\u00edcias&#038;utm_medium=banner.noticias\" target=\"_blank\" data-element=\"shortcode-suno-banner\" title=\"Banner SUNO, clique e saiba mais\">\n\t\t\t<picture>\n\t\t\t\t<source media=\"(max-width: 500px)\" srcset=\"https:\/\/files.sunoresearch.com.br\/gaia\/uploads\/2026\/01\/Banner-Materias-01-Mbl_-400x300-1.png\">\n\t\t\t\t<img class=\"newsContent__article__imgCapa newsContent__article__imgCapa--banner\"\n\t\t\t\t\tsrc=\"https:\/\/files.sunoresearch.com.br\/gaia\/uploads\/2026\/01\/Banner-Materias-01-Dkp_-1420x240-1.png\"\n\t\t\t\t\tdata-promo-id=\"651623\"\t\t\t\t\t\t\t\t\t\twidth='1420' height='240'\t\t\t\t\talt=\"https:\/\/files.sunoresearch.com.br\/gaia\/uploads\/2026\/01\/Banner-Materias-01-Dkp_-1420x240-1.png\"\n\t\t\t\t>\n\t\t\t<\/picture>\n\t\t<\/a>\n\t<\/p>\n\n\n\n\n\n\n\n<h2 class=\"wp-block-heading\">O que os juros mudam na compra?<\/h2>\n\n\n\n<p>A Selic influencia o custo de capta\u00e7\u00e3o dos bancos e, consequentemente, as condi\u00e7\u00f5es do cr\u00e9dito imobili\u00e1rio. A Caixa Econ\u00f4mica Federal j\u00e1 classificou como desafiador o limite de 12% ao ano para financiamentos habitacionais do Sistema Financeiro de Habita\u00e7\u00e3o, justamente porque a taxa b\u00e1sica permanece em patamar elevado.<\/p>\n\n\n\n<p>Na pr\u00e1tica, juros altos aumentam o valor total pago pelo im\u00f3vel e exigem uma renda maior para aprova\u00e7\u00e3o do financiamento. Por isso, a compra tende a fazer mais sentido para quem tem uma entrada relevante, renda est\u00e1vel e pretende permanecer no im\u00f3vel por muitos anos.<\/p>\n\n\n\n<p>Tamb\u00e9m \u00e9 preciso considerar que a parcela n\u00e3o representa todo o custo da propriedade. O comprador deve incluir condom\u00ednio, IPTU, seguros, manuten\u00e7\u00e3o, reformas e despesas cartoriais.<\/p>\n\n\n\t<p>\n\t\t<a href=\"https:\/\/lp2.suno.com.br\/lm\/minicurso-construindo-um-portfolio-milionario\/?utm_campaign=_SNC35CF3834_ao&#038;utm_source=suno-not\u00edcias&#038;utm_medium=banner.noticias\" target=\"_blank\" data-element=\"shortcode-suno-banner\" title=\"Banner SUNO, clique e saiba mais\">\n\t\t\t<picture>\n\t\t\t\t<source media=\"(max-width: 500px)\" srcset=\"https:\/\/files.sunoresearch.com.br\/gaia\/uploads\/2026\/01\/MB-PS-HOME-DE-ARTIGOS-400x300-ID_01_x1.jpg\">\n\t\t\t\t<img class=\"newsContent__article__imgCapa newsContent__article__imgCapa--banner\"\n\t\t\t\t\tsrc=\"https:\/\/files.sunoresearch.com.br\/gaia\/uploads\/2026\/01\/DT-PS-HOME-DE-ARTIGOS-1420x240-ID_01_x1.jpg\"\n\t\t\t\t\tdata-promo-id=\"651626\"\t\t\t\t\t\t\t\t\t\twidth='1420' height='240'\t\t\t\t\talt=\"https:\/\/files.sunoresearch.com.br\/gaia\/uploads\/2026\/01\/DT-PS-HOME-DE-ARTIGOS-1420x240-ID_01_x1.jpg\"\n\t\t\t\t>\n\t\t\t<\/picture>\n\t\t<\/a>\n\t<\/p>\n\n\n\n\n\n\n\n<h2 class=\"wp-block-heading\">Quando o aluguel pode ser mais vantajoso?<\/h2>\n\n\n\n<p>Alugar pode ser uma alternativa mais flex\u00edvel para quem ainda n\u00e3o definiu onde quer morar, pode mudar de cidade ou n\u00e3o deseja comprometer uma parcela elevada da renda com financiamento.<\/p>\n\n\n\n<p>Em um cen\u00e1rio de juros altos, o dinheiro que seria usado como entrada tamb\u00e9m tem um <a class=\"suno-keyword\" target=\"_blank\" data-force=\"no\" data-priority=\"1\" href=\"https:\/\/www.suno.com.br\/artigos\/custo-oportunidade\/\" rel=\"noopener\">custo de oportunidade<\/a>. Enquanto o im\u00f3vel n\u00e3o \u00e9 comprado, esse valor pode permanecer aplicado e render juros. A compara\u00e7\u00e3o, portanto, n\u00e3o deve ser feita apenas entre aluguel e parcela.<\/p>\n\n\n\n<p>O pre\u00e7o dos novos contratos tamb\u00e9m precisa entrar na conta. Segundo o \u00cdndice FipeZap, os alugu\u00e9is residenciais subiram 0,70% em julho e acumulam alta de 5,97% no ano e de 9,28% em 12 meses, acima da infla\u00e7\u00e3o oficial. O indicador acompanha os valores anunciados para novas loca\u00e7\u00f5es.<\/p>\n\n\n\t<p>\n\t\t<a href=\"https:\/\/lp.suno.com.br\/ebook-como-analisar-uma-acao\/?utm_campaign=_SNC390A0FD0_ao&#038;utm_source=suno-not\u00edcias&#038;utm_medium=banner.noticias\" target=\"_blank\" data-element=\"shortcode-suno-banner\" title=\"Banner SUNO, clique e saiba mais\">\n\t\t\t<picture>\n\t\t\t\t<source media=\"(max-width: 500px)\" srcset=\"https:\/\/files.sunoresearch.com.br\/gaia\/uploads\/2026\/01\/Ebook-Acoes-Mobile.webp\">\n\t\t\t\t<img class=\"newsContent__article__imgCapa newsContent__article__imgCapa--banner\"\n\t\t\t\t\tsrc=\"https:\/\/files.sunoresearch.com.br\/gaia\/uploads\/2026\/01\/Ebook-Acoes-Desktop.webp\"\n\t\t\t\t\tdata-promo-id=\"651105\"\t\t\t\t\t\t\t\t\t\twidth='1420' height='286'\t\t\t\t\talt=\"https:\/\/files.sunoresearch.com.br\/gaia\/uploads\/2026\/01\/Ebook-Acoes-Desktop.webp\"\n\t\t\t\t>\n\t\t\t<\/picture>\n\t\t<\/a>\n\t<\/p>\n\n\n\n\n\n\n\n<h2 class=\"wp-block-heading\">Como comparar as duas op\u00e7\u00f5es?<\/h2>\n\n\n\n<p>Para avaliar <strong>comprar ou alugar im\u00f3vel<\/strong>, o consumidor deve projetar o custo total de cada escolha em um horizonte de v\u00e1rios anos. Na compra, entram entrada, juros, seguros, impostos, manuten\u00e7\u00e3o e eventual custo de venda. No aluguel, devem ser considerados reajustes, condom\u00ednio, IPTU e o rendimento que o dinheiro n\u00e3o utilizado na compra poderia gerar.<\/p>\n\n\n\n<p>A compra tende a ser mais adequada quando h\u00e1 <a class=\"suno-keyword\" target=\"_blank\" data-force=\"no\" data-priority=\"1\" href=\"https:\/\/www.suno.com.br\/artigos\/estabilidade-financeira\/\" rel=\"noopener\">estabilidade financeira<\/a>, inten\u00e7\u00e3o de permanecer por longo prazo e uma parcela que n\u00e3o compromete o or\u00e7amento. O aluguel pode fazer mais sentido quando a prioridade \u00e9 preservar liquidez, manter mobilidade ou esperar condi\u00e7\u00f5es melhores de cr\u00e9dito.<\/p>\n\n\n\n<p>N\u00e3o existe uma resposta \u00fanica. Com a Selic elevada, financiar ficou mais caro, mas isso n\u00e3o transforma automaticamente o aluguel na melhor escolha. A decis\u00e3o depende dos n\u00fameros do im\u00f3vel, do prazo de perman\u00eancia e da capacidade de cada fam\u00edlia. Por isso, a an\u00e1lise de <strong>comprar ou alugar im\u00f3vel<\/strong> precisa considerar o custo completo das duas alternativas, e n\u00e3o apenas o valor da parcela ou do aluguel mensal.<\/p>\n","protected":false},"excerpt":{"rendered":"<p>A decis\u00e3o entre comprar ou alugar im\u00f3vel ficou mais complexa com a Selic em 14% ao ano e a infla\u00e7\u00e3o acumulada em 12 meses em 4,44% at\u00e9 julho. De um lado, os juros encarecem o financiamento e aumentam o custo das parcelas. De outro, o aluguel tamb\u00e9m vem subindo acima da infla\u00e7\u00e3o em v\u00e1rias cidades. &hellip; Continued<\/p>\n","protected":false},"author":402,"featured_media":663365,"comment_status":"closed","ping_status":"closed","sticky":false,"template":"","format":"standard","meta":[],"categories":[65,64],"tags":[290],"suno_strategy":[],"class_list":["post-663364","post","type-post","status-publish","format-standard","has-post-thumbnail","hentry","category-financas-pessoais","category-negocios","tag-taxa-selic"],"yoast_head":"<!-- This site is optimized with the Yoast SEO plugin v24.4 - https:\/\/yoast.com\/wordpress\/plugins\/seo\/ -->\n<title>Comprar ou alugar im\u00f3vel com Selic a 14%?<\/title>\n<meta name=\"description\" content=\"Comprar ou alugar im\u00f3vel com a Selic a 14%? Veja como juros, infla\u00e7\u00e3o, financiamento e aluguel afetam essa decis\u00e3o\" \/>\n<meta name=\"robots\" content=\"index, follow, max-snippet:-1, max-image-preview:large, max-video-preview:-1\" \/>\n<link rel=\"canonical\" href=\"https:\/\/www.suno.com.br\/noticias\/comprar-ou-alugar-imovel-selic-14-por-cento-mt\/\" \/>\n<meta property=\"og:locale\" content=\"pt_BR\" \/>\n<meta property=\"og:type\" content=\"article\" \/>\n<meta property=\"og:title\" content=\"Comprar ou alugar im\u00f3vel com Selic a 14%?\" \/>\n<meta property=\"og:description\" content=\"Comprar ou alugar im\u00f3vel com a Selic a 14%? Veja como juros, infla\u00e7\u00e3o, financiamento e aluguel afetam essa decis\u00e3o\" \/>\n<meta property=\"og:url\" content=\"https:\/\/www.suno.com.br\/noticias\/comprar-ou-alugar-imovel-selic-14-por-cento-mt\/\" \/>\n<meta property=\"og:site_name\" content=\"Suno Not\u00edcias\" \/>\n<meta property=\"article:publisher\" content=\"https:\/\/facebook.com\/sunoresearch\" \/>\n<meta property=\"og:image\" content=\"http:\/\/files.sunoresearch.com.br\/n\/uploads\/2026\/09\/iStock-1489161417-1-jpg.webp\" \/>\n\t<meta property=\"og:image:width\" content=\"2187\" \/>\n\t<meta property=\"og:image:height\" content=\"1370\" \/>\n\t<meta property=\"og:image:type\" content=\"image\/jpeg\" \/>\n<meta name=\"author\" content=\"Ma\u00edra Telles\" \/>\n<meta name=\"twitter:card\" content=\"summary_large_image\" \/>\n<meta name=\"twitter:creator\" content=\"@sunoresearch\" \/>\n<meta name=\"twitter:site\" content=\"@sunoresearch\" \/>\n<meta name=\"twitter:label1\" content=\"Escrito por\" \/>\n\t<meta name=\"twitter:data1\" content=\"Ma\u00edra Telles\" \/>\n\t<meta name=\"twitter:label2\" content=\"Est. tempo de leitura\" \/>\n\t<meta name=\"twitter:data2\" content=\"3 minutos\" \/>\n<script type=\"application\/ld+json\" class=\"yoast-schema-graph\">{\"@context\":\"https:\/\/schema.org\",\"@graph\":[{\"@type\":\"NewsArticle\",\"@id\":\"https:\/\/www.suno.com.br\/noticias\/comprar-ou-alugar-imovel-selic-14-por-cento-mt\/#article\",\"isPartOf\":{\"@id\":\"https:\/\/www.suno.com.br\/noticias\/comprar-ou-alugar-imovel-selic-14-por-cento-mt\/\"},\"author\":{\"name\":\"Ma\u00edra Telles\",\"@id\":\"https:\/\/www.suno.com.br\/noticias\/#\/schema\/person\/0a8b51292bb96ee5f104094c0907eaef\"},\"headline\":\"Com a Selic a 14%, comprar ou alugar im\u00f3vel? Veja o que pesa na decis\u00e3o\",\"datePublished\":\"2026-09-02T17:45:05+00:00\",\"mainEntityOfPage\":{\"@id\":\"https:\/\/www.suno.com.br\/noticias\/comprar-ou-alugar-imovel-selic-14-por-cento-mt\/\"},\"wordCount\":587,\"publisher\":{\"@id\":\"https:\/\/www.suno.com.br\/noticias\/#organization\"},\"image\":{\"@id\":\"https:\/\/www.suno.com.br\/noticias\/comprar-ou-alugar-imovel-selic-14-por-cento-mt\/#primaryimage\"},\"thumbnailUrl\":\"https:\/\/files.sunoresearch.com.br\/n\/uploads\/2026\/09\/iStock-1489161417-1-jpg.webp\",\"keywords\":[\"Taxa Selic\"],\"articleSection\":[\"Finan\u00e7as Pessoais\",\"Neg\u00f3cios\"],\"inLanguage\":\"pt-BR\"},{\"@type\":\"WebPage\",\"@id\":\"https:\/\/www.suno.com.br\/noticias\/comprar-ou-alugar-imovel-selic-14-por-cento-mt\/\",\"url\":\"https:\/\/www.suno.com.br\/noticias\/comprar-ou-alugar-imovel-selic-14-por-cento-mt\/\",\"name\":\"Comprar ou alugar im\u00f3vel com Selic a 14%?\",\"isPartOf\":{\"@id\":\"https:\/\/www.suno.com.br\/noticias\/#website\"},\"primaryImageOfPage\":{\"@id\":\"https:\/\/www.suno.com.br\/noticias\/comprar-ou-alugar-imovel-selic-14-por-cento-mt\/#primaryimage\"},\"image\":{\"@id\":\"https:\/\/www.suno.com.br\/noticias\/comprar-ou-alugar-imovel-selic-14-por-cento-mt\/#primaryimage\"},\"thumbnailUrl\":\"https:\/\/files.sunoresearch.com.br\/n\/uploads\/2026\/09\/iStock-1489161417-1-jpg.webp\",\"datePublished\":\"2026-09-02T17:45:05+00:00\",\"description\":\"Comprar ou alugar im\u00f3vel com a Selic a 14%? Veja como juros, infla\u00e7\u00e3o, financiamento e aluguel afetam essa decis\u00e3o\",\"breadcrumb\":{\"@id\":\"https:\/\/www.suno.com.br\/noticias\/comprar-ou-alugar-imovel-selic-14-por-cento-mt\/#breadcrumb\"},\"inLanguage\":\"pt-BR\",\"potentialAction\":[{\"@type\":\"ReadAction\",\"target\":[\"https:\/\/www.suno.com.br\/noticias\/comprar-ou-alugar-imovel-selic-14-por-cento-mt\/\"]}]},{\"@type\":\"ImageObject\",\"inLanguage\":\"pt-BR\",\"@id\":\"https:\/\/www.suno.com.br\/noticias\/comprar-ou-alugar-imovel-selic-14-por-cento-mt\/#primaryimage\",\"url\":\"https:\/\/files.sunoresearch.com.br\/n\/uploads\/2026\/09\/iStock-1489161417-1-jpg.webp\",\"contentUrl\":\"https:\/\/files.sunoresearch.com.br\/n\/uploads\/2026\/09\/iStock-1489161417-1-jpg.webp\",\"width\":2187,\"height\":1370,\"caption\":\"Comprar ou alugar im\u00f3vel exige comparar financiamento, aluguel e custos extras. Foto: iStock.\"},{\"@type\":\"BreadcrumbList\",\"@id\":\"https:\/\/www.suno.com.br\/noticias\/comprar-ou-alugar-imovel-selic-14-por-cento-mt\/#breadcrumb\",\"itemListElement\":[{\"@type\":\"ListItem\",\"position\":1,\"name\":\"Not\u00edcias\",\"item\":\"https:\/\/www.suno.com.br\/noticias\/\"},{\"@type\":\"ListItem\",\"position\":2,\"name\":\"Neg\u00f3cios\",\"item\":\"https:\/\/www.suno.com.br\/noticias\/negocios\/\"},{\"@type\":\"ListItem\",\"position\":3,\"name\":\"Com a Selic a 14%, comprar ou alugar im\u00f3vel? Veja o que pesa na decis\u00e3o\"}]},{\"@type\":\"WebSite\",\"@id\":\"https:\/\/www.suno.com.br\/noticias\/#website\",\"url\":\"https:\/\/www.suno.com.br\/noticias\/\",\"name\":\"Suno Not\u00edcias\",\"description\":\"Seu portal de informa\u00e7\u00e3o sobre o mundo dos investimentos\",\"publisher\":{\"@id\":\"https:\/\/www.suno.com.br\/noticias\/#organization\"},\"potentialAction\":[{\"@type\":\"SearchAction\",\"target\":{\"@type\":\"EntryPoint\",\"urlTemplate\":\"https:\/\/www.suno.com.br\/noticias\/?s={search_term_string}\"},\"query-input\":{\"@type\":\"PropertyValueSpecification\",\"valueRequired\":true,\"valueName\":\"search_term_string\"}}],\"inLanguage\":\"pt-BR\"},{\"@type\":\"Organization\",\"@id\":\"https:\/\/www.suno.com.br\/noticias\/#organization\",\"name\":\"Suno Not\u00edcias\",\"url\":\"https:\/\/www.suno.com.br\/noticias\/\",\"logo\":{\"@type\":\"ImageObject\",\"inLanguage\":\"pt-BR\",\"@id\":\"https:\/\/www.suno.com.br\/noticias\/#\/schema\/logo\/image\/\",\"url\":\"https:\/\/files.sunoresearch.com.br\/n\/uploads\/2021\/09\/suno-logo.png\",\"contentUrl\":\"https:\/\/files.sunoresearch.com.br\/n\/uploads\/2021\/09\/suno-logo.png\",\"width\":180,\"height\":180,\"caption\":\"Suno Not\u00edcias\"},\"image\":{\"@id\":\"https:\/\/www.suno.com.br\/noticias\/#\/schema\/logo\/image\/\"},\"sameAs\":[\"https:\/\/facebook.com\/sunoresearch\",\"https:\/\/x.com\/sunoresearch\",\"https:\/\/www.instagram.com\/suno\",\"https:\/\/www.linkedin.com\/company\/suno-research\/\",\"https:\/\/www.youtube.com\/c\/sunoresearch\"]},{\"@type\":\"Person\",\"@id\":\"https:\/\/www.suno.com.br\/noticias\/#\/schema\/person\/0a8b51292bb96ee5f104094c0907eaef\",\"name\":\"Ma\u00edra Telles\",\"image\":{\"@type\":\"ImageObject\",\"inLanguage\":\"pt-BR\",\"@id\":\"https:\/\/www.suno.com.br\/noticias\/#\/schema\/person\/image\/\",\"url\":\"https:\/\/secure.gravatar.com\/avatar\/8d13691eab6abc1d1050b62a4c2a6116?s=96&r=g\",\"contentUrl\":\"https:\/\/secure.gravatar.com\/avatar\/8d13691eab6abc1d1050b62a4c2a6116?s=96&r=g\",\"caption\":\"Ma\u00edra Telles\"},\"description\":\"Jornalista especializada em mercado financeiro, economia, neg\u00f3cios e agroneg\u00f3cio, com experi\u00eancia em reda\u00e7\u00e3o, comunica\u00e7\u00e3o estrat\u00e9gica e produ\u00e7\u00e3o de conte\u00fado para m\u00faltiplas plataformas. Com atua\u00e7\u00e3o tamb\u00e9m em marketing digital e gest\u00e3o de crise, une an\u00e1lise, apura\u00e7\u00e3o e linguagem acess\u00edvel para traduzir temas complexos em informa\u00e7\u00e3o relevante para investidores e leitores interessados no funcionamento da economia.\",\"url\":\"https:\/\/www.suno.com.br\/noticias\/author\/mairaftellesgmail-com\/\"}]}<\/script>\n<!-- \/ Yoast SEO plugin. -->","yoast_head_json":{"title":"Comprar ou alugar im\u00f3vel com Selic a 14%?","description":"Comprar ou alugar im\u00f3vel com a Selic a 14%? Veja como juros, infla\u00e7\u00e3o, financiamento e aluguel afetam essa decis\u00e3o","robots":{"index":"index","follow":"follow","max-snippet":"max-snippet:-1","max-image-preview":"max-image-preview:large","max-video-preview":"max-video-preview:-1"},"canonical":"https:\/\/www.suno.com.br\/noticias\/comprar-ou-alugar-imovel-selic-14-por-cento-mt\/","og_locale":"pt_BR","og_type":"article","og_title":"Comprar ou alugar im\u00f3vel com Selic a 14%?","og_description":"Comprar ou alugar im\u00f3vel com a Selic a 14%? Veja como juros, infla\u00e7\u00e3o, financiamento e aluguel afetam essa decis\u00e3o","og_url":"https:\/\/www.suno.com.br\/noticias\/comprar-ou-alugar-imovel-selic-14-por-cento-mt\/","og_site_name":"Suno Not\u00edcias","article_publisher":"https:\/\/facebook.com\/sunoresearch","og_image":[{"width":2187,"height":1370,"url":"http:\/\/files.sunoresearch.com.br\/n\/uploads\/2026\/09\/iStock-1489161417-1-jpg.webp","type":"image\/jpeg"}],"author":"Ma\u00edra Telles","twitter_card":"summary_large_image","twitter_creator":"@sunoresearch","twitter_site":"@sunoresearch","twitter_misc":{"Escrito por":"Ma\u00edra Telles","Est. tempo de leitura":"3 minutos"},"schema":{"@context":"https:\/\/schema.org","@graph":[{"@type":"NewsArticle","@id":"https:\/\/www.suno.com.br\/noticias\/comprar-ou-alugar-imovel-selic-14-por-cento-mt\/#article","isPartOf":{"@id":"https:\/\/www.suno.com.br\/noticias\/comprar-ou-alugar-imovel-selic-14-por-cento-mt\/"},"author":{"name":"Ma\u00edra Telles","@id":"https:\/\/www.suno.com.br\/noticias\/#\/schema\/person\/0a8b51292bb96ee5f104094c0907eaef"},"headline":"Com a Selic a 14%, comprar ou alugar im\u00f3vel? Veja o que pesa na decis\u00e3o","datePublished":"2026-09-02T17:45:05+00:00","mainEntityOfPage":{"@id":"https:\/\/www.suno.com.br\/noticias\/comprar-ou-alugar-imovel-selic-14-por-cento-mt\/"},"wordCount":587,"publisher":{"@id":"https:\/\/www.suno.com.br\/noticias\/#organization"},"image":{"@id":"https:\/\/www.suno.com.br\/noticias\/comprar-ou-alugar-imovel-selic-14-por-cento-mt\/#primaryimage"},"thumbnailUrl":"https:\/\/files.sunoresearch.com.br\/n\/uploads\/2026\/09\/iStock-1489161417-1-jpg.webp","keywords":["Taxa Selic"],"articleSection":["Finan\u00e7as Pessoais","Neg\u00f3cios"],"inLanguage":"pt-BR"},{"@type":"WebPage","@id":"https:\/\/www.suno.com.br\/noticias\/comprar-ou-alugar-imovel-selic-14-por-cento-mt\/","url":"https:\/\/www.suno.com.br\/noticias\/comprar-ou-alugar-imovel-selic-14-por-cento-mt\/","name":"Comprar ou alugar im\u00f3vel com Selic a 14%?","isPartOf":{"@id":"https:\/\/www.suno.com.br\/noticias\/#website"},"primaryImageOfPage":{"@id":"https:\/\/www.suno.com.br\/noticias\/comprar-ou-alugar-imovel-selic-14-por-cento-mt\/#primaryimage"},"image":{"@id":"https:\/\/www.suno.com.br\/noticias\/comprar-ou-alugar-imovel-selic-14-por-cento-mt\/#primaryimage"},"thumbnailUrl":"https:\/\/files.sunoresearch.com.br\/n\/uploads\/2026\/09\/iStock-1489161417-1-jpg.webp","datePublished":"2026-09-02T17:45:05+00:00","description":"Comprar ou alugar im\u00f3vel com a Selic a 14%? Veja como juros, infla\u00e7\u00e3o, financiamento e aluguel afetam essa decis\u00e3o","breadcrumb":{"@id":"https:\/\/www.suno.com.br\/noticias\/comprar-ou-alugar-imovel-selic-14-por-cento-mt\/#breadcrumb"},"inLanguage":"pt-BR","potentialAction":[{"@type":"ReadAction","target":["https:\/\/www.suno.com.br\/noticias\/comprar-ou-alugar-imovel-selic-14-por-cento-mt\/"]}]},{"@type":"ImageObject","inLanguage":"pt-BR","@id":"https:\/\/www.suno.com.br\/noticias\/comprar-ou-alugar-imovel-selic-14-por-cento-mt\/#primaryimage","url":"https:\/\/files.sunoresearch.com.br\/n\/uploads\/2026\/09\/iStock-1489161417-1-jpg.webp","contentUrl":"https:\/\/files.sunoresearch.com.br\/n\/uploads\/2026\/09\/iStock-1489161417-1-jpg.webp","width":2187,"height":1370,"caption":"Comprar ou alugar im\u00f3vel exige comparar financiamento, aluguel e custos extras. Foto: iStock."},{"@type":"BreadcrumbList","@id":"https:\/\/www.suno.com.br\/noticias\/comprar-ou-alugar-imovel-selic-14-por-cento-mt\/#breadcrumb","itemListElement":[{"@type":"ListItem","position":1,"name":"Not\u00edcias","item":"https:\/\/www.suno.com.br\/noticias\/"},{"@type":"ListItem","position":2,"name":"Neg\u00f3cios","item":"https:\/\/www.suno.com.br\/noticias\/negocios\/"},{"@type":"ListItem","position":3,"name":"Com a Selic a 14%, comprar ou alugar im\u00f3vel? Veja o que pesa na decis\u00e3o"}]},{"@type":"WebSite","@id":"https:\/\/www.suno.com.br\/noticias\/#website","url":"https:\/\/www.suno.com.br\/noticias\/","name":"Suno Not\u00edcias","description":"Seu portal de informa\u00e7\u00e3o sobre o mundo dos investimentos","publisher":{"@id":"https:\/\/www.suno.com.br\/noticias\/#organization"},"potentialAction":[{"@type":"SearchAction","target":{"@type":"EntryPoint","urlTemplate":"https:\/\/www.suno.com.br\/noticias\/?s={search_term_string}"},"query-input":{"@type":"PropertyValueSpecification","valueRequired":true,"valueName":"search_term_string"}}],"inLanguage":"pt-BR"},{"@type":"Organization","@id":"https:\/\/www.suno.com.br\/noticias\/#organization","name":"Suno Not\u00edcias","url":"https:\/\/www.suno.com.br\/noticias\/","logo":{"@type":"ImageObject","inLanguage":"pt-BR","@id":"https:\/\/www.suno.com.br\/noticias\/#\/schema\/logo\/image\/","url":"https:\/\/files.sunoresearch.com.br\/n\/uploads\/2021\/09\/suno-logo.png","contentUrl":"https:\/\/files.sunoresearch.com.br\/n\/uploads\/2021\/09\/suno-logo.png","width":180,"height":180,"caption":"Suno Not\u00edcias"},"image":{"@id":"https:\/\/www.suno.com.br\/noticias\/#\/schema\/logo\/image\/"},"sameAs":["https:\/\/facebook.com\/sunoresearch","https:\/\/x.com\/sunoresearch","https:\/\/www.instagram.com\/suno","https:\/\/www.linkedin.com\/company\/suno-research\/","https:\/\/www.youtube.com\/c\/sunoresearch"]},{"@type":"Person","@id":"https:\/\/www.suno.com.br\/noticias\/#\/schema\/person\/0a8b51292bb96ee5f104094c0907eaef","name":"Ma\u00edra Telles","image":{"@type":"ImageObject","inLanguage":"pt-BR","@id":"https:\/\/www.suno.com.br\/noticias\/#\/schema\/person\/image\/","url":"https:\/\/secure.gravatar.com\/avatar\/8d13691eab6abc1d1050b62a4c2a6116?s=96&r=g","contentUrl":"https:\/\/secure.gravatar.com\/avatar\/8d13691eab6abc1d1050b62a4c2a6116?s=96&r=g","caption":"Ma\u00edra Telles"},"description":"Jornalista especializada em mercado financeiro, economia, neg\u00f3cios e agroneg\u00f3cio, com experi\u00eancia em reda\u00e7\u00e3o, comunica\u00e7\u00e3o estrat\u00e9gica e produ\u00e7\u00e3o de conte\u00fado para m\u00faltiplas plataformas. Com atua\u00e7\u00e3o tamb\u00e9m em marketing digital e gest\u00e3o de crise, une an\u00e1lise, apura\u00e7\u00e3o e linguagem acess\u00edvel para traduzir temas complexos em informa\u00e7\u00e3o relevante para investidores e leitores interessados no funcionamento da economia.","url":"https:\/\/www.suno.com.br\/noticias\/author\/mairaftellesgmail-com\/"}]}},"default_loop_html":"<div class=\"cardsPage__listCard__boxs\"><div class=\"cardsPage__listCard__boxs__img\"><a href=\"https:\/\/www.suno.com.br\/noticias\/comprar-ou-alugar-imovel-selic-14-por-cento-mt\/\"><img class=\"mask\" src=\"https:\/\/www.suno.com.br\/noticias\/wp-content\/themes\/suno\/resources\/images\/spotlight\/spotlight1img\/bg-mask.png\" alt=\"Image Mask\"\/><img src=\"https:\/\/files.sunoresearch.com.br\/n\/uploads\/2026\/09\/iStock-1489161417-1-400x200.webp\" alt=\"Com a Selic a 14%, comprar ou alugar im\u00f3vel? Veja o que pesa na decis\u00e3o\"\/><\/a><span class=\"spotlightCategory\"><a href=\"https:\/\/www.suno.com.br\/noticias\/financas-pessoais\/\">Finan\u00e7as Pessoais<\/a><\/span><\/div><div class=\"cardsPage__listCard__boxs__content\"><a href=\"https:\/\/www.suno.com.br\/noticias\/comprar-ou-alugar-imovel-selic-14-por-cento-mt\/\"><h2 class=\"content__title\">Com a Selic a 14%, comprar ou alugar im\u00f3vel? Veja o que pesa na decis\u00e3o<\/h2><\/a><div class=\"newsContent__article__meta\"><div class=\"newsContent__article__meta__authorBox\"><a href=\"https:\/\/www.suno.com.br\/noticias\/author\/mairaftellesgmail-com\/\" class=\"authorBox__avatar noMobi\"><img src=\"https:\/\/secure.gravatar.com\/avatar\/8d13691eab6abc1d1050b62a4c2a6116?s=96&#038;r=g\" alt=\"Ma\u00edra Telles\"><\/a><div class=\"authorBox__name\"><span>por\n\t\t\t<a href=\"https:\/\/www.suno.com.br\/noticias\/author\/mairaftellesgmail-com\/\"><span itemprop=\"author\">Ma\u00edra Telles<\/span><\/a><\/span><time datetime=\"2026-09-02T14:45:05-03:00\" itemprop=\"datePublished\">02\/09\/2026 14:45<\/time><\/div><\/div><\/div><\/div><\/div>","single_layout":"posts","amp_enabled":true,"_links":{"self":[{"href":"https:\/\/www.suno.com.br\/noticias\/wp-json\/wp\/v2\/posts\/663364"}],"collection":[{"href":"https:\/\/www.suno.com.br\/noticias\/wp-json\/wp\/v2\/posts"}],"about":[{"href":"https:\/\/www.suno.com.br\/noticias\/wp-json\/wp\/v2\/types\/post"}],"author":[{"embeddable":true,"href":"https:\/\/www.suno.com.br\/noticias\/wp-json\/wp\/v2\/users\/402"}],"replies":[{"embeddable":true,"href":"https:\/\/www.suno.com.br\/noticias\/wp-json\/wp\/v2\/comments?post=663364"}],"version-history":[{"count":0,"href":"https:\/\/www.suno.com.br\/noticias\/wp-json\/wp\/v2\/posts\/663364\/revisions"}],"wp:featuredmedia":[{"embeddable":true,"href":"https:\/\/www.suno.com.br\/noticias\/wp-json\/wp\/v2\/media\/663365"}],"wp:attachment":[{"href":"https:\/\/www.suno.com.br\/noticias\/wp-json\/wp\/v2\/media?parent=663364"}],"wp:term":[{"taxonomy":"category","embeddable":true,"href":"https:\/\/www.suno.com.br\/noticias\/wp-json\/wp\/v2\/categories?post=663364"},{"taxonomy":"post_tag","embeddable":true,"href":"https:\/\/www.suno.com.br\/noticias\/wp-json\/wp\/v2\/tags?post=663364"},{"taxonomy":"suno_strategy","embeddable":true,"href":"https:\/\/www.suno.com.br\/noticias\/wp-json\/wp\/v2\/suno_strategy?post=663364"}],"curies":[{"name":"wp","href":"https:\/\/api.w.org\/{rel}","templated":true}]}}