{"id":663336,"date":"2026-09-02T11:15:08","date_gmt":"2026-09-02T14:15:08","guid":{"rendered":"https:\/\/www.suno.com.br\/noticias\/gare11-rende-0083-por-cota\/"},"modified":"2026-09-02T11:15:08","modified_gmt":"2026-09-02T14:15:08","slug":"gare11-rende-0083-por-cota","status":"publish","type":"post","link":"https:\/\/www.suno.com.br\/noticias\/gare11-rende-0083-por-cota\/","title":{"rendered":"GARE11 vai pagar dividendos pr\u00f3ximos de 1%; veja quanto"},"content":{"rendered":"<p>O fundo imobili\u00e1rio <strong>GARE11<\/strong> comunicou a distribui\u00e7\u00e3o de R$ 0,083 por cota em rendimentos referentes ao m\u00eas de agosto. O valor tem como compet\u00eancia agosto e ser\u00e1 pago aos cotistas com direito ao provento.<\/p>\t<div class=\"wrapper-featured-image\">\n\t\t<figure class=\"spotlightImg\">\n\n\t\t\t<picture>\n\t\t\t\t<source media=\"(max-width: 768px)\" srcset=\"https:\/\/files.sunoresearch.com.br\/n\/uploads\/2026\/09\/analista-de-mercado-1_02-400x200.webp\">\n\t\t\t\t<img loading=\"lazy\" decoding=\"async\" class=\"newsContent__article__imgCapa lazyloadDisabled \" src=\"https:\/\/files.sunoresearch.com.br\/n\/uploads\/2026\/09\/analista-de-mercado-1_02-800x450.webp\" width=\"800\" height=\"450\" alt=\"GARE11 vai pagar dividendos pr\u00f3ximos de 1%; veja quanto\" fetchpriority=high \/>\n\t\t\t<\/picture>\n\n\t\t\t<figcaption class=\"wp-caption-text wp-caption-text--show\">Imagem gerada por IA<\/figcaption>\n\t\t<\/figure>\n\t<\/div>\n\n\n\n\n\n\n<p>O pagamento ocorrer\u00e1 em 8 de setembro de 2026 aos investidores posicionados no fundo at\u00e9 o encerramento do preg\u00e3o de 31 de agosto. A <a class=\"suno-keyword\" href=\"https:\/\/www.suno.com.br\/artigos\/dividendos-datas-importantes\/\" target=\"_blank\" rel=\"noopener\" data-force=\"no\" data-priority=\"2\">data de corte<\/a> considera a posi\u00e7\u00e3o no fechamento do \u00faltimo dia \u00fatil do m\u00eas.<\/p>\n\n\n\n<p><strong><em>Quer saber como receber renda passiva por meio de fundos imobili\u00e1rios? <\/em><\/strong><a href=\"https:\/\/lp.suno.com.br\/redes\/?utm_campaign=_SNCCCC9679B_formulario---portais&amp;utm_source=portal_noticias&amp;utm_medium=direct\"><strong><em>Clique e entre em contato com nosso time de especialistas<\/em><\/strong><\/a><strong><em>.\u00a0<\/em><\/strong><\/p>\n\n\n\n<p>Pela cota\u00e7\u00e3o de fechamento de agosto, de R$ 8,44, o montante anunciado representa um dividend yield mensal aproximado de 0,98%. O c\u00e1lculo reflete o pre\u00e7o de mercado no fim do per\u00edodo de refer\u00eancia.<\/p>\n\n\n\n<p>O rendimento \u00e9 isento de Imposto de Renda para pessoas f\u00edsicas, desde que cumpridos os requisitos previstos na legisla\u00e7\u00e3o aplic\u00e1vel. A isen\u00e7\u00e3o segue as regras em vigor para esse tipo de ativo.<\/p>\n\n\n\n<h2 class=\"wp-block-heading\">Raio-x do GARE11<\/h2>\n\n\n\n<p>Classificado no segmento de renda urbana, o fundo encerrou junho de 2026 com 33 im\u00f3veis e cerca de 463,8 mil metros quadrados de \u00e1rea bruta loc\u00e1vel. O relat\u00f3rio mais recente apontou vac\u00e2ncia f\u00edsica e financeira zerada e prazo m\u00e9dio remanescente dos contratos (WAULT) de 9,89 anos.<\/p>\n\n\n\t<p>\n\t\t<a href=\"https:\/\/lp2.suno.com.br\/onde-investir-2026\/?utm_campaign=_SNC390A0FD0_ao&#038;utm_source=suno-not\u00edcias&#038;utm_medium=banner.noticias\" target=\"_blank\" data-element=\"shortcode-suno-banner\" title=\"Banner SUNO, clique e saiba mais\">\n\t\t\t<picture>\n\t\t\t\t<source media=\"(max-width: 500px)\" srcset=\"https:\/\/files.sunoresearch.com.br\/gaia\/uploads\/2026\/01\/Banner-Materias-01-Mbl_-400x300-1.png\">\n\t\t\t\t<img class=\"newsContent__article__imgCapa newsContent__article__imgCapa--banner\"\n\t\t\t\t\tsrc=\"https:\/\/files.sunoresearch.com.br\/gaia\/uploads\/2026\/01\/Banner-Materias-01-Dkp_-1420x240-1.png\"\n\t\t\t\t\tdata-promo-id=\"651623\"\t\t\t\t\t\t\t\t\t\twidth='1420' height='240'\t\t\t\t\talt=\"https:\/\/files.sunoresearch.com.br\/gaia\/uploads\/2026\/01\/Banner-Materias-01-Dkp_-1420x240-1.png\"\n\t\t\t\t>\n\t\t\t<\/picture>\n\t\t<\/a>\n\t<\/p>\n\n\n\n\n\n<p>Embora perten\u00e7a \u00e0 vertical de renda urbana, a receita do ve\u00edculo \u00e9 diversificada entre segmentos. Em junho, 61% da receita imobili\u00e1ria vieram de ativos de renda urbana, 31% de im\u00f3veis log\u00edsticos e 8% de escrit\u00f3rios. Os ativos est\u00e3o distribu\u00eddos por 15 estados e locados a 11 inquilinos.<\/p>\n\n\n\n<p>Entre os locat\u00e1rios est\u00e3o Grupo Carrefour, BAT, GPA, Grupo Mateus, MRV, Air Liquide, Desco, Mercado Livre, 3 Cora\u00e7\u00f5es, Vale e Almanara. O Carrefour lidera a participa\u00e7\u00e3o na receita, seguido por BAT e GPA, segundo o documento.<\/p>\n\n\n\n<p>Este levantamento re\u00fane informa\u00e7\u00f5es de carteira, contratos, ocupa\u00e7\u00e3o e <a class=\"suno-keyword\" href=\"https:\/\/www.suno.com.br\/guias\/dividendos\/\" target=\"_blank\" rel=\"noopener\" data-force=\"no\" data-priority=\"1\">dividendos<\/a> do fundo. N\u00e3o se trata de recomenda\u00e7\u00e3o de investimento, mas de conte\u00fado informativo para o investidor formar sua pr\u00f3pria avalia\u00e7\u00e3o.<\/p>\n\n\n\n<h2 class=\"wp-block-heading\">Como s\u00e3o os contratos do FII<\/h2>\n\n\n\n<p>A estrutura contratual do fundo \u00e9 majoritariamente composta por contratos at\u00edpicos, que representam 94% do portf\u00f3lio, enquanto os contratos t\u00edpicos somam 6%. O prazo m\u00e9dio ponderado dos contratos vigentes, medido pela receita contratada, era de 9,89 anos ao fim de junho.<\/p>\n\n\n\n<p>A carteira permanecia integralmente adimplente nas informa\u00e7\u00f5es mais recentes. Durante junho, dois contratos com o Grupo Mateus \u2014 nas unidades de Itabuna, na Bahia, e Tabuleiro, em Alagoas \u2014 passaram por reajuste anual de 4,39%, conforme a varia\u00e7\u00e3o do IPCA prevista em contrato.<\/p>\n\n\n\t<p>\n\t\t<a href=\"https:\/\/lp2.suno.com.br\/lm\/minicurso-construindo-um-portfolio-milionario\/?utm_campaign=_SNC35CF3834_ao&#038;utm_source=suno-not\u00edcias&#038;utm_medium=banner.noticias\" target=\"_blank\" data-element=\"shortcode-suno-banner\" title=\"Banner SUNO, clique e saiba mais\">\n\t\t\t<picture>\n\t\t\t\t<source media=\"(max-width: 500px)\" srcset=\"https:\/\/files.sunoresearch.com.br\/gaia\/uploads\/2026\/01\/MB-PS-HOME-DE-ARTIGOS-400x300-ID_01_x1.jpg\">\n\t\t\t\t<img class=\"newsContent__article__imgCapa newsContent__article__imgCapa--banner\"\n\t\t\t\t\tsrc=\"https:\/\/files.sunoresearch.com.br\/gaia\/uploads\/2026\/01\/DT-PS-HOME-DE-ARTIGOS-1420x240-ID_01_x1.jpg\"\n\t\t\t\t\tdata-promo-id=\"651626\"\t\t\t\t\t\t\t\t\t\twidth='1420' height='240'\t\t\t\t\talt=\"https:\/\/files.sunoresearch.com.br\/gaia\/uploads\/2026\/01\/DT-PS-HOME-DE-ARTIGOS-1420x240-ID_01_x1.jpg\"\n\t\t\t\t>\n\t\t\t<\/picture>\n\t\t<\/a>\n\t<\/p>\n\n\n\n\n\n<p>Essa composi\u00e7\u00e3o contratual tende a alongar a previsibilidade de receitas e reduzir a rotatividade, mantendo a ocupa\u00e7\u00e3o est\u00e1vel, conforme indicado pela vac\u00e2ncia f\u00edsica e financeira zerada no per\u00edodo analisado.<\/p>\n\n\n\n<h2 class=\"wp-block-heading\">Vac\u00e2ncia e reciclagem de ativos<\/h2>\n\n\n\n<p>No fechamento de junho, a vac\u00e2ncia f\u00edsica e a financeira estavam zeradas, com a totalidade dos im\u00f3veis ocupada. Al\u00e9m do desempenho operacional, a gest\u00e3o relatou avan\u00e7os na reciclagem de ativos para otimiza\u00e7\u00e3o do portf\u00f3lio.<\/p>\n\n\n\n<p>Um dos principais movimentos foi a assinatura de memorando de entendimentos para a venda de dez im\u00f3veis ao FII Riza Renda Imobili\u00e1ria Master. O pacote engloba cinco unidades do Atacad\u00e3o, tr\u00eas lojas do Grupo Mateus e dois im\u00f3veis log\u00edsticos vinculados a Almanara e BRF, em uma transa\u00e7\u00e3o de R$ 804,4 milh\u00f5es.<\/p>\n\n\n\n<p>A estrutura da opera\u00e7\u00e3o prev\u00ea R$ 382 milh\u00f5es em caixa, R$ 250 milh\u00f5es em cotas subordinadas do ve\u00edculo comprador e outros R$ 172 milh\u00f5es em seller&#8217;s finance, a serem recebidos conforme o desinvestimento dos im\u00f3veis. Os termos estabelecem etapas e instrumentos distintos para liquidez, retorno e alinhamento entre as partes.<\/p>\n\n\n\n<p>Segundo o fundo, a transa\u00e7\u00e3o integra a estrat\u00e9gia de reduzir a exposi\u00e7\u00e3o ao Grupo Carrefour, capturar ganhos na reciclagem, diminuir obriga\u00e7\u00f5es financeiras atreladas aos ativos vendidos e abrir espa\u00e7o para novas aquisi\u00e7\u00f5es. A gest\u00e3o tamb\u00e9m manifestou a inten\u00e7\u00e3o de reequilibrar as verticais nos pr\u00f3ximos ciclos, com tend\u00eancia de aumento do log\u00edstico, e indicou haver im\u00f3veis no pipeline de aloca\u00e7\u00e3o.<\/p>\n\n\n\t<p>\n\t\t<a href=\"https:\/\/lp.suno.com.br\/ebook-investindo-em-fiis\/?utm_campaign=_SNC390A0FD0_ao&#038;utm_source=suno-not\u00edcias&#038;utm_medium=banner.noticias\" target=\"_blank\" data-element=\"shortcode-suno-banner\" title=\"Banner SUNO, clique e saiba mais\">\n\t\t\t<picture>\n\t\t\t\t<source media=\"(max-width: 500px)\" srcset=\"https:\/\/files.sunoresearch.com.br\/gaia\/uploads\/2026\/01\/Ebook-Fundos-Imobiliarios-Mobile.webp\">\n\t\t\t\t<img class=\"newsContent__article__imgCapa newsContent__article__imgCapa--banner\"\n\t\t\t\t\tsrc=\"https:\/\/files.sunoresearch.com.br\/gaia\/uploads\/2026\/01\/Ebook-Fundos-Imobiliarios-Desktop.webp\"\n\t\t\t\t\tdata-promo-id=\"651106\"\t\t\t\t\t\t\t\t\t\twidth='1420' height='286'\t\t\t\t\talt=\"https:\/\/files.sunoresearch.com.br\/gaia\/uploads\/2026\/01\/Ebook-Fundos-Imobiliarios-Desktop.webp\"\n\t\t\t\t>\n\t\t\t<\/picture>\n\t\t<\/a>\n\t<\/p>\n\n\n","protected":false},"excerpt":{"rendered":"<p>O fundo imobili\u00e1rio GARE11 comunicou a distribui\u00e7\u00e3o de R$ 0,083 por cota em rendimentos referentes ao m\u00eas de agosto. O valor tem como compet\u00eancia agosto e ser\u00e1 pago aos cotistas com direito ao provento. O pagamento ocorrer\u00e1 em 8 de setembro de 2026 aos investidores posicionados no fundo at\u00e9 o encerramento do preg\u00e3o de 31 &hellip; Continued<\/p>\n","protected":false},"author":43,"featured_media":663337,"comment_status":"closed","ping_status":"closed","sticky":false,"template":"","format":"standard","meta":[],"categories":[66],"tags":[107234],"suno_strategy":[],"class_list":["post-663336","post","type-post","status-publish","format-standard","has-post-thumbnail","hentry","category-fiis","tag-gare11"],"yoast_head":"<!-- This site is optimized with the Yoast SEO plugin v24.4 - https:\/\/yoast.com\/wordpress\/plugins\/seo\/ -->\n<title>GARE11 vai pagar dividendos pr\u00f3ximos de 1%; veja quanto<\/title>\n<meta name=\"description\" content=\"GARE11 anuncia R$ 0,083 por cota em agosto; pagamento em 8 de setembro de 2026. Yield mensal de 0,98% e vac\u00e2ncia zerada.\" \/>\n<meta name=\"robots\" content=\"index, follow, max-snippet:-1, max-image-preview:large, max-video-preview:-1\" \/>\n<link rel=\"canonical\" href=\"https:\/\/www.suno.com.br\/noticias\/gare11-rende-0083-por-cota\/\" \/>\n<meta property=\"og:locale\" content=\"pt_BR\" \/>\n<meta property=\"og:type\" content=\"article\" \/>\n<meta property=\"og:title\" content=\"GARE11 vai pagar dividendos pr\u00f3ximos de 1%; veja quanto\" \/>\n<meta property=\"og:description\" content=\"GARE11 anuncia R$ 0,083 por cota em agosto; pagamento em 8 de setembro de 2026. Yield mensal de 0,98% e vac\u00e2ncia zerada.\" \/>\n<meta property=\"og:url\" content=\"https:\/\/www.suno.com.br\/noticias\/gare11-rende-0083-por-cota\/\" \/>\n<meta property=\"og:site_name\" content=\"Suno Not\u00edcias\" \/>\n<meta property=\"article:publisher\" content=\"https:\/\/facebook.com\/sunoresearch\" \/>\n<meta property=\"article:author\" content=\"https:\/\/www.facebook.com\/sunonoticias\/\" \/>\n<meta property=\"og:image\" content=\"http:\/\/files.sunoresearch.com.br\/n\/uploads\/2026\/09\/analista-de-mercado-1_02.webp\" \/>\n\t<meta property=\"og:image:width\" content=\"1365\" \/>\n\t<meta property=\"og:image:height\" content=\"768\" \/>\n\t<meta property=\"og:image:type\" content=\"image\/webp\" \/>\n<meta name=\"author\" content=\"Reda\u00e7\u00e3o Suno Not\u00edcias\" \/>\n<meta name=\"twitter:card\" content=\"summary_large_image\" \/>\n<meta name=\"twitter:creator\" content=\"@https:\/\/twitter.com\/sunoresearch\" \/>\n<meta name=\"twitter:site\" content=\"@sunoresearch\" \/>\n<meta name=\"twitter:label1\" content=\"Escrito por\" \/>\n\t<meta name=\"twitter:data1\" content=\"Reda\u00e7\u00e3o Suno Not\u00edcias\" \/>\n\t<meta name=\"twitter:label2\" content=\"Est. tempo de leitura\" \/>\n\t<meta name=\"twitter:data2\" content=\"4 minutos\" \/>\n<script type=\"application\/ld+json\" class=\"yoast-schema-graph\">{\"@context\":\"https:\/\/schema.org\",\"@graph\":[{\"@type\":\"NewsArticle\",\"@id\":\"https:\/\/www.suno.com.br\/noticias\/gare11-rende-0083-por-cota\/#article\",\"isPartOf\":{\"@id\":\"https:\/\/www.suno.com.br\/noticias\/gare11-rende-0083-por-cota\/\"},\"author\":{\"name\":\"Reda\u00e7\u00e3o Suno Not\u00edcias\",\"@id\":\"https:\/\/www.suno.com.br\/noticias\/#\/schema\/person\/c1b1bd3727fa852bd045e9dbff3673ea\"},\"headline\":\"GARE11 vai pagar dividendos pr\u00f3ximos de 1%; veja quanto\",\"datePublished\":\"2026-09-02T14:15:08+00:00\",\"mainEntityOfPage\":{\"@id\":\"https:\/\/www.suno.com.br\/noticias\/gare11-rende-0083-por-cota\/\"},\"wordCount\":726,\"publisher\":{\"@id\":\"https:\/\/www.suno.com.br\/noticias\/#organization\"},\"image\":{\"@id\":\"https:\/\/www.suno.com.br\/noticias\/gare11-rende-0083-por-cota\/#primaryimage\"},\"thumbnailUrl\":\"https:\/\/files.sunoresearch.com.br\/n\/uploads\/2026\/09\/analista-de-mercado-1_02.webp\",\"keywords\":[\"GARE11\"],\"articleSection\":[\"FIIs\"],\"inLanguage\":\"pt-BR\"},{\"@type\":\"WebPage\",\"@id\":\"https:\/\/www.suno.com.br\/noticias\/gare11-rende-0083-por-cota\/\",\"url\":\"https:\/\/www.suno.com.br\/noticias\/gare11-rende-0083-por-cota\/\",\"name\":\"GARE11 vai pagar dividendos pr\u00f3ximos de 1%; veja quanto\",\"isPartOf\":{\"@id\":\"https:\/\/www.suno.com.br\/noticias\/#website\"},\"primaryImageOfPage\":{\"@id\":\"https:\/\/www.suno.com.br\/noticias\/gare11-rende-0083-por-cota\/#primaryimage\"},\"image\":{\"@id\":\"https:\/\/www.suno.com.br\/noticias\/gare11-rende-0083-por-cota\/#primaryimage\"},\"thumbnailUrl\":\"https:\/\/files.sunoresearch.com.br\/n\/uploads\/2026\/09\/analista-de-mercado-1_02.webp\",\"datePublished\":\"2026-09-02T14:15:08+00:00\",\"description\":\"GARE11 anuncia R$ 0,083 por cota em agosto; pagamento em 8 de setembro de 2026. Yield mensal de 0,98% e vac\u00e2ncia zerada.\",\"breadcrumb\":{\"@id\":\"https:\/\/www.suno.com.br\/noticias\/gare11-rende-0083-por-cota\/#breadcrumb\"},\"inLanguage\":\"pt-BR\",\"potentialAction\":[{\"@type\":\"ReadAction\",\"target\":[\"https:\/\/www.suno.com.br\/noticias\/gare11-rende-0083-por-cota\/\"]}]},{\"@type\":\"ImageObject\",\"inLanguage\":\"pt-BR\",\"@id\":\"https:\/\/www.suno.com.br\/noticias\/gare11-rende-0083-por-cota\/#primaryimage\",\"url\":\"https:\/\/files.sunoresearch.com.br\/n\/uploads\/2026\/09\/analista-de-mercado-1_02.webp\",\"contentUrl\":\"https:\/\/files.sunoresearch.com.br\/n\/uploads\/2026\/09\/analista-de-mercado-1_02.webp\",\"width\":1365,\"height\":768,\"caption\":\"Imagem gerada por IA\"},{\"@type\":\"BreadcrumbList\",\"@id\":\"https:\/\/www.suno.com.br\/noticias\/gare11-rende-0083-por-cota\/#breadcrumb\",\"itemListElement\":[{\"@type\":\"ListItem\",\"position\":1,\"name\":\"Not\u00edcias\",\"item\":\"https:\/\/www.suno.com.br\/noticias\/\"},{\"@type\":\"ListItem\",\"position\":2,\"name\":\"Neg\u00f3cios\",\"item\":\"https:\/\/www.suno.com.br\/noticias\/negocios\/\"},{\"@type\":\"ListItem\",\"position\":3,\"name\":\"GARE11 vai pagar dividendos pr\u00f3ximos de 1%; veja quanto\"}]},{\"@type\":\"WebSite\",\"@id\":\"https:\/\/www.suno.com.br\/noticias\/#website\",\"url\":\"https:\/\/www.suno.com.br\/noticias\/\",\"name\":\"Suno Not\u00edcias\",\"description\":\"Seu portal de informa\u00e7\u00e3o sobre o mundo dos investimentos\",\"publisher\":{\"@id\":\"https:\/\/www.suno.com.br\/noticias\/#organization\"},\"potentialAction\":[{\"@type\":\"SearchAction\",\"target\":{\"@type\":\"EntryPoint\",\"urlTemplate\":\"https:\/\/www.suno.com.br\/noticias\/?s={search_term_string}\"},\"query-input\":{\"@type\":\"PropertyValueSpecification\",\"valueRequired\":true,\"valueName\":\"search_term_string\"}}],\"inLanguage\":\"pt-BR\"},{\"@type\":\"Organization\",\"@id\":\"https:\/\/www.suno.com.br\/noticias\/#organization\",\"name\":\"Suno Not\u00edcias\",\"url\":\"https:\/\/www.suno.com.br\/noticias\/\",\"logo\":{\"@type\":\"ImageObject\",\"inLanguage\":\"pt-BR\",\"@id\":\"https:\/\/www.suno.com.br\/noticias\/#\/schema\/logo\/image\/\",\"url\":\"https:\/\/files.sunoresearch.com.br\/n\/uploads\/2021\/09\/suno-logo.png\",\"contentUrl\":\"https:\/\/files.sunoresearch.com.br\/n\/uploads\/2021\/09\/suno-logo.png\",\"width\":180,\"height\":180,\"caption\":\"Suno Not\u00edcias\"},\"image\":{\"@id\":\"https:\/\/www.suno.com.br\/noticias\/#\/schema\/logo\/image\/\"},\"sameAs\":[\"https:\/\/facebook.com\/sunoresearch\",\"https:\/\/x.com\/sunoresearch\",\"https:\/\/www.instagram.com\/suno\",\"https:\/\/www.linkedin.com\/company\/suno-research\/\",\"https:\/\/www.youtube.com\/c\/sunoresearch\"]},{\"@type\":\"Person\",\"@id\":\"https:\/\/www.suno.com.br\/noticias\/#\/schema\/person\/c1b1bd3727fa852bd045e9dbff3673ea\",\"name\":\"Reda\u00e7\u00e3o Suno Not\u00edcias\",\"image\":{\"@type\":\"ImageObject\",\"inLanguage\":\"pt-BR\",\"@id\":\"https:\/\/www.suno.com.br\/noticias\/#\/schema\/person\/image\/\",\"url\":\"https:\/\/secure.gravatar.com\/avatar\/b8104b9b5a71985d5238ee59fbe418af?s=96&r=g\",\"contentUrl\":\"https:\/\/secure.gravatar.com\/avatar\/b8104b9b5a71985d5238ee59fbe418af?s=96&r=g\",\"caption\":\"Reda\u00e7\u00e3o Suno Not\u00edcias\"},\"description\":\"O Suno Not\u00edcias \u00e9 um portal de informa\u00e7\u00f5es sobre Mercado Financeiro, Pol\u00edtica, Neg\u00f3cios, Economia e Finan\u00e7as Pessoais.\",\"sameAs\":[\"https:\/\/www.suno.com.br\/noticias\",\"https:\/\/www.facebook.com\/sunonoticias\/\",\"https:\/\/www.instagram.com\/sunonoticias\/\",\"https:\/\/x.com\/https:\/\/twitter.com\/sunoresearch\",\"https:\/\/www.youtube.com\/sunonoticias\"],\"url\":\"https:\/\/www.suno.com.br\/noticias\/author\/redacao-suno\/\"}]}<\/script>\n<!-- \/ Yoast SEO plugin. -->","yoast_head_json":{"title":"GARE11 vai pagar dividendos pr\u00f3ximos de 1%; veja quanto","description":"GARE11 anuncia R$ 0,083 por cota em agosto; pagamento em 8 de setembro de 2026. Yield mensal de 0,98% e vac\u00e2ncia zerada.","robots":{"index":"index","follow":"follow","max-snippet":"max-snippet:-1","max-image-preview":"max-image-preview:large","max-video-preview":"max-video-preview:-1"},"canonical":"https:\/\/www.suno.com.br\/noticias\/gare11-rende-0083-por-cota\/","og_locale":"pt_BR","og_type":"article","og_title":"GARE11 vai pagar dividendos pr\u00f3ximos de 1%; veja quanto","og_description":"GARE11 anuncia R$ 0,083 por cota em agosto; pagamento em 8 de setembro de 2026. Yield mensal de 0,98% e vac\u00e2ncia zerada.","og_url":"https:\/\/www.suno.com.br\/noticias\/gare11-rende-0083-por-cota\/","og_site_name":"Suno Not\u00edcias","article_publisher":"https:\/\/facebook.com\/sunoresearch","article_author":"https:\/\/www.facebook.com\/sunonoticias\/","og_image":[{"width":1365,"height":768,"url":"http:\/\/files.sunoresearch.com.br\/n\/uploads\/2026\/09\/analista-de-mercado-1_02.webp","type":"image\/webp"}],"author":"Reda\u00e7\u00e3o Suno Not\u00edcias","twitter_card":"summary_large_image","twitter_creator":"@https:\/\/twitter.com\/sunoresearch","twitter_site":"@sunoresearch","twitter_misc":{"Escrito por":"Reda\u00e7\u00e3o Suno Not\u00edcias","Est. tempo de leitura":"4 minutos"},"schema":{"@context":"https:\/\/schema.org","@graph":[{"@type":"NewsArticle","@id":"https:\/\/www.suno.com.br\/noticias\/gare11-rende-0083-por-cota\/#article","isPartOf":{"@id":"https:\/\/www.suno.com.br\/noticias\/gare11-rende-0083-por-cota\/"},"author":{"name":"Reda\u00e7\u00e3o Suno Not\u00edcias","@id":"https:\/\/www.suno.com.br\/noticias\/#\/schema\/person\/c1b1bd3727fa852bd045e9dbff3673ea"},"headline":"GARE11 vai pagar dividendos pr\u00f3ximos de 1%; veja quanto","datePublished":"2026-09-02T14:15:08+00:00","mainEntityOfPage":{"@id":"https:\/\/www.suno.com.br\/noticias\/gare11-rende-0083-por-cota\/"},"wordCount":726,"publisher":{"@id":"https:\/\/www.suno.com.br\/noticias\/#organization"},"image":{"@id":"https:\/\/www.suno.com.br\/noticias\/gare11-rende-0083-por-cota\/#primaryimage"},"thumbnailUrl":"https:\/\/files.sunoresearch.com.br\/n\/uploads\/2026\/09\/analista-de-mercado-1_02.webp","keywords":["GARE11"],"articleSection":["FIIs"],"inLanguage":"pt-BR"},{"@type":"WebPage","@id":"https:\/\/www.suno.com.br\/noticias\/gare11-rende-0083-por-cota\/","url":"https:\/\/www.suno.com.br\/noticias\/gare11-rende-0083-por-cota\/","name":"GARE11 vai pagar dividendos pr\u00f3ximos de 1%; veja quanto","isPartOf":{"@id":"https:\/\/www.suno.com.br\/noticias\/#website"},"primaryImageOfPage":{"@id":"https:\/\/www.suno.com.br\/noticias\/gare11-rende-0083-por-cota\/#primaryimage"},"image":{"@id":"https:\/\/www.suno.com.br\/noticias\/gare11-rende-0083-por-cota\/#primaryimage"},"thumbnailUrl":"https:\/\/files.sunoresearch.com.br\/n\/uploads\/2026\/09\/analista-de-mercado-1_02.webp","datePublished":"2026-09-02T14:15:08+00:00","description":"GARE11 anuncia R$ 0,083 por cota em agosto; pagamento em 8 de setembro de 2026. Yield mensal de 0,98% e vac\u00e2ncia zerada.","breadcrumb":{"@id":"https:\/\/www.suno.com.br\/noticias\/gare11-rende-0083-por-cota\/#breadcrumb"},"inLanguage":"pt-BR","potentialAction":[{"@type":"ReadAction","target":["https:\/\/www.suno.com.br\/noticias\/gare11-rende-0083-por-cota\/"]}]},{"@type":"ImageObject","inLanguage":"pt-BR","@id":"https:\/\/www.suno.com.br\/noticias\/gare11-rende-0083-por-cota\/#primaryimage","url":"https:\/\/files.sunoresearch.com.br\/n\/uploads\/2026\/09\/analista-de-mercado-1_02.webp","contentUrl":"https:\/\/files.sunoresearch.com.br\/n\/uploads\/2026\/09\/analista-de-mercado-1_02.webp","width":1365,"height":768,"caption":"Imagem gerada por IA"},{"@type":"BreadcrumbList","@id":"https:\/\/www.suno.com.br\/noticias\/gare11-rende-0083-por-cota\/#breadcrumb","itemListElement":[{"@type":"ListItem","position":1,"name":"Not\u00edcias","item":"https:\/\/www.suno.com.br\/noticias\/"},{"@type":"ListItem","position":2,"name":"Neg\u00f3cios","item":"https:\/\/www.suno.com.br\/noticias\/negocios\/"},{"@type":"ListItem","position":3,"name":"GARE11 vai pagar dividendos pr\u00f3ximos de 1%; veja quanto"}]},{"@type":"WebSite","@id":"https:\/\/www.suno.com.br\/noticias\/#website","url":"https:\/\/www.suno.com.br\/noticias\/","name":"Suno Not\u00edcias","description":"Seu portal de informa\u00e7\u00e3o sobre o mundo dos investimentos","publisher":{"@id":"https:\/\/www.suno.com.br\/noticias\/#organization"},"potentialAction":[{"@type":"SearchAction","target":{"@type":"EntryPoint","urlTemplate":"https:\/\/www.suno.com.br\/noticias\/?s={search_term_string}"},"query-input":{"@type":"PropertyValueSpecification","valueRequired":true,"valueName":"search_term_string"}}],"inLanguage":"pt-BR"},{"@type":"Organization","@id":"https:\/\/www.suno.com.br\/noticias\/#organization","name":"Suno Not\u00edcias","url":"https:\/\/www.suno.com.br\/noticias\/","logo":{"@type":"ImageObject","inLanguage":"pt-BR","@id":"https:\/\/www.suno.com.br\/noticias\/#\/schema\/logo\/image\/","url":"https:\/\/files.sunoresearch.com.br\/n\/uploads\/2021\/09\/suno-logo.png","contentUrl":"https:\/\/files.sunoresearch.com.br\/n\/uploads\/2021\/09\/suno-logo.png","width":180,"height":180,"caption":"Suno Not\u00edcias"},"image":{"@id":"https:\/\/www.suno.com.br\/noticias\/#\/schema\/logo\/image\/"},"sameAs":["https:\/\/facebook.com\/sunoresearch","https:\/\/x.com\/sunoresearch","https:\/\/www.instagram.com\/suno","https:\/\/www.linkedin.com\/company\/suno-research\/","https:\/\/www.youtube.com\/c\/sunoresearch"]},{"@type":"Person","@id":"https:\/\/www.suno.com.br\/noticias\/#\/schema\/person\/c1b1bd3727fa852bd045e9dbff3673ea","name":"Reda\u00e7\u00e3o Suno Not\u00edcias","image":{"@type":"ImageObject","inLanguage":"pt-BR","@id":"https:\/\/www.suno.com.br\/noticias\/#\/schema\/person\/image\/","url":"https:\/\/secure.gravatar.com\/avatar\/b8104b9b5a71985d5238ee59fbe418af?s=96&r=g","contentUrl":"https:\/\/secure.gravatar.com\/avatar\/b8104b9b5a71985d5238ee59fbe418af?s=96&r=g","caption":"Reda\u00e7\u00e3o Suno Not\u00edcias"},"description":"O Suno Not\u00edcias \u00e9 um portal de informa\u00e7\u00f5es sobre Mercado Financeiro, Pol\u00edtica, Neg\u00f3cios, Economia e Finan\u00e7as Pessoais.","sameAs":["https:\/\/www.suno.com.br\/noticias","https:\/\/www.facebook.com\/sunonoticias\/","https:\/\/www.instagram.com\/sunonoticias\/","https:\/\/x.com\/https:\/\/twitter.com\/sunoresearch","https:\/\/www.youtube.com\/sunonoticias"],"url":"https:\/\/www.suno.com.br\/noticias\/author\/redacao-suno\/"}]}},"default_loop_html":"<div class=\"cardsPage__listCard__boxs\"><div class=\"cardsPage__listCard__boxs__img\"><a href=\"https:\/\/www.suno.com.br\/noticias\/gare11-rende-0083-por-cota\/\"><img class=\"mask\" src=\"https:\/\/www.suno.com.br\/noticias\/wp-content\/themes\/suno\/resources\/images\/spotlight\/spotlight1img\/bg-mask.png\" alt=\"Image Mask\"\/><img src=\"https:\/\/files.sunoresearch.com.br\/n\/uploads\/2026\/09\/analista-de-mercado-1_02-400x200.webp\" alt=\"GARE11 vai pagar dividendos pr\u00f3ximos de 1%; veja quanto\"\/><\/a><span class=\"spotlightCategory\"><a href=\"https:\/\/www.suno.com.br\/noticias\/fiis\/\">FIIs<\/a><\/span><\/div><div class=\"cardsPage__listCard__boxs__content\"><a href=\"https:\/\/www.suno.com.br\/noticias\/gare11-rende-0083-por-cota\/\"><h2 class=\"content__title\">GARE11 vai pagar dividendos pr\u00f3ximos de 1%; veja quanto<\/h2><\/a><div class=\"newsContent__article__meta\"><div class=\"newsContent__article__meta__authorBox\"><a href=\"https:\/\/www.suno.com.br\/noticias\/author\/redacao-suno\/\" class=\"authorBox__avatar noMobi\"><img src=\"https:\/\/files.sunoresearch.com.br\/n\/uploads\/2020\/08\/0ace682d-redacao-1-150x150.webp\" alt=\"Reda\u00e7\u00e3o Suno Not\u00edcias\"><\/a><div class=\"authorBox__name\"><span>por\n\t\t\t<a href=\"https:\/\/www.suno.com.br\/noticias\/author\/redacao-suno\/\"><span itemprop=\"author\">Reda\u00e7\u00e3o Suno Not\u00edcias<\/span><\/a><\/span><time datetime=\"2026-09-02T11:15:08-03:00\" itemprop=\"datePublished\">02\/09\/2026 11:15<\/time><\/div><\/div><\/div><\/div><\/div>","single_layout":"posts","amp_enabled":true,"_links":{"self":[{"href":"https:\/\/www.suno.com.br\/noticias\/wp-json\/wp\/v2\/posts\/663336"}],"collection":[{"href":"https:\/\/www.suno.com.br\/noticias\/wp-json\/wp\/v2\/posts"}],"about":[{"href":"https:\/\/www.suno.com.br\/noticias\/wp-json\/wp\/v2\/types\/post"}],"author":[{"embeddable":true,"href":"https:\/\/www.suno.com.br\/noticias\/wp-json\/wp\/v2\/users\/43"}],"replies":[{"embeddable":true,"href":"https:\/\/www.suno.com.br\/noticias\/wp-json\/wp\/v2\/comments?post=663336"}],"version-history":[{"count":0,"href":"https:\/\/www.suno.com.br\/noticias\/wp-json\/wp\/v2\/posts\/663336\/revisions"}],"wp:featuredmedia":[{"embeddable":true,"href":"https:\/\/www.suno.com.br\/noticias\/wp-json\/wp\/v2\/media\/663337"}],"wp:attachment":[{"href":"https:\/\/www.suno.com.br\/noticias\/wp-json\/wp\/v2\/media?parent=663336"}],"wp:term":[{"taxonomy":"category","embeddable":true,"href":"https:\/\/www.suno.com.br\/noticias\/wp-json\/wp\/v2\/categories?post=663336"},{"taxonomy":"post_tag","embeddable":true,"href":"https:\/\/www.suno.com.br\/noticias\/wp-json\/wp\/v2\/tags?post=663336"},{"taxonomy":"suno_strategy","embeddable":true,"href":"https:\/\/www.suno.com.br\/noticias\/wp-json\/wp\/v2\/suno_strategy?post=663336"}],"curies":[{"name":"wp","href":"https:\/\/api.w.org\/{rel}","templated":true}]}}