{"id":663328,"date":"2026-09-02T11:10:00","date_gmt":"2026-09-02T14:10:00","guid":{"rendered":"https:\/\/www.suno.com.br\/noticias\/?p=663328"},"modified":"2026-09-02T11:49:31","modified_gmt":"2026-09-02T14:49:31","slug":"t4f-show3-cvm-cancela-registro-fechamento-capital-setembro-2026-go","status":"publish","type":"post","link":"https:\/\/www.suno.com.br\/noticias\/t4f-show3-cvm-cancela-registro-fechamento-capital-setembro-2026-go\/","title":{"rendered":"T4F (SHOW3) fecha capital ap\u00f3s CVM aprovar cancelamento de registro; entenda"},"content":{"rendered":"<p>A <a class=\"suno-keyword\" data-force=\"no\" data-priority=\"2\" href=\"https:\/\/www.suno.com.br\/artigos\/cvm\/\" target=\"_blank\" rel=\"noopener\">Comiss\u00e3o de Valores Mobili\u00e1rios (CVM)<\/a> aprovou, nesta ter\u00e7a-feira (1), o cancelamento do registro de companhia aberta da T4F (<strong>SHOW3<\/strong>). Com a decis\u00e3o, as a\u00e7\u00f5es deixam de ser negociadas na B3, e a empresa encerra sua participa\u00e7\u00e3o no <a class=\"suno-keyword\" data-force=\"no\" data-priority=\"1\" href=\"https:\/\/www.suno.com.br\/artigos\/novo-mercado\/\" target=\"_blank\" rel=\"noopener\">Novo Mercado<\/a>, segmento de maior exig\u00eancia de governan\u00e7a corporativa da bolsa brasileira.<\/p>\t<div class=\"wrapper-featured-image\">\n\t\t<figure class=\"spotlightImg\">\n\n\t\t\t<picture>\n\t\t\t\t<source media=\"(max-width: 768px)\" srcset=\"https:\/\/files.sunoresearch.com.br\/n\/uploads\/2023\/03\/lollapalooza-t4f-show3-trabalho-escravo-400x200.jpg\">\n\t\t\t\t<img loading=\"lazy\" decoding=\"async\" class=\"newsContent__article__imgCapa lazyloadDisabled \" src=\"https:\/\/files.sunoresearch.com.br\/n\/uploads\/2023\/03\/lollapalooza-t4f-show3-trabalho-escravo-800x450.jpg\" width=\"800\" height=\"450\" alt=\"T4F (SHOW3) fecha capital ap\u00f3s CVM aprovar cancelamento de registro; entenda\" fetchpriority=high \/>\n\t\t\t<\/picture>\n\n\t\t\t<figcaption class=\"wp-caption-text wp-caption-text--show\">T4F (SHOW3) - Foto: Divulga\u00e7\u00e3o\/T4F<\/figcaption>\n\t\t<\/figure>\n\t<\/div>\n\n\n\n\n\n\n\n\t<p>\n\t\t<a href=\"https:\/\/lp.suno.com.br\/planilha-da-vida-financeira\/\" target=\"_blank\" data-element=\"shortcode-suno-banner\" title=\"Banner SUNO, clique e saiba mais\">\n\t\t\t<picture>\n\t\t\t\t<source media=\"(max-width: 500px)\" srcset=\"https:\/\/files.sunoresearch.com.br\/n\/uploads\/2023\/04\/400x300-Planilha-vida-financeira-true.png\">\n\t\t\t\t<img class=\"newsContent__article__imgCapa newsContent__article__imgCapa--banner\"\n\t\t\t\t\tsrc=\"https:\/\/files.sunoresearch.com.br\/n\/uploads\/2023\/04\/1420x240-Planilha-vida-financeira-true.png\"\n\t\t\t\t\tdata-promo-id=\"106682\"\t\t\t\t\t\t\t\t\t\twidth='1420' height='240'\t\t\t\t\talt=\"https:\/\/files.sunoresearch.com.br\/n\/uploads\/2023\/04\/1420x240-Planilha-vida-financeira-true.png\"\n\t\t\t\t>\n\t\t\t<\/picture>\n\t\t<\/a>\n\t<\/p>\n\n\n\n\n\n<p>Segundo comunicado da <strong>T4F<\/strong>, a CVM aprovou o cancelamento na categoria &#8220;A&#8221; de registro. A mudan\u00e7a para companhia fechada elimina as obriga\u00e7\u00f5es regulat\u00f3rias de presta\u00e7\u00e3o peri\u00f3dica de informa\u00e7\u00f5es ao mercado.<\/p>\n\n\n\n<h2 class=\"wp-block-heading\">O que acontece com quem ainda tem <a class=\"suno-keyword\" target=\"_blank\" data-force=\"yes\" data-priority=\"2\" href=\"https:\/\/www.suno.com.br\/analitica\/acoes\/show3\/\" rel=\"noopener\">SHOW3<\/a> na carteira<\/h2>\n\n\n\n<p>Quem n\u00e3o vendeu os pap\u00e9is durante a <a class=\"suno-keyword\" target=\"_blank\" data-force=\"no\" data-priority=\"1\" href=\"https:\/\/www.suno.com.br\/artigos\/oferta-publica-aquisicao\/\" rel=\"noopener\">Oferta P\u00fablica de Aquisi\u00e7\u00e3o<\/a> (OPA) e tamb\u00e9m n\u00e3o utilizou o per\u00edodo de put, mecanismo que permite a venda residual ap\u00f3s o leil\u00e3o, ter\u00e1 de negociar diretamente com o Banco Bradesco, escriturador das a\u00e7\u00f5es da T4F. O pagamento ocorre em at\u00e9 15 dias ap\u00f3s a formaliza\u00e7\u00e3o do pedido pelo acionista.<\/p>\n\n\n\n<p>Al\u00e9m disso, a T4F informou que possui atualmente menos de 5% das a\u00e7\u00f5es em circula\u00e7\u00e3o, o que abre caminho para o chamado resgate compuls\u00f3rio, conhecido tamb\u00e9m pelo termo em ingl\u00eas squeeze-out. Para isso, a empresa pretende convocar uma Assembleia Geral Extraordin\u00e1ria (AGE) para que os acionistas deliberem sobre a aquisi\u00e7\u00e3o obrigat\u00f3ria dos pap\u00e9is remanescentes.<\/p>\n\n\n\n<p>O mecanismo est\u00e1 previsto no artigo 4\u00ba, par\u00e1grafo 5\u00ba, da Lei das Sociedades por A\u00e7\u00f5es. Nessa hip\u00f3tese, as a\u00e7\u00f5es ser\u00e3o adquiridas pelo mesmo pre\u00e7o da OPA, corrigido pela <a class=\"suno-keyword\" target=\"_blank\" data-force=\"no\" data-priority=\"3\" href=\"https:\/\/www.suno.com.br\/artigos\/taxa-selic\/\" rel=\"noopener\">taxa Selic<\/a> at\u00e9 a data da opera\u00e7\u00e3o.<\/p>\n\n\n\n<h2 class=\"wp-block-heading\">O hist\u00f3rico da OPA que precedeu o fechamento<\/h2>\n\n\n\n<p>O leil\u00e3o da OPA ocorreu em 20 de julho de 2026 na B3 e foi intermediado pelo Banco BTG Pactual. O pre\u00e7o fixado foi de R$ 8,00 por a\u00e7\u00e3o, acrescido de juros equivalentes a 100% do CDI, calculados a partir de 28 de maio de 2025 at\u00e9 a data de liquida\u00e7\u00e3o.<\/p>\n\n\n\n<p>A ofertante foi a Rise Entertainment S.\u00e0 r.l., controladora da T4F com sede em Luxemburgo. O pre\u00e7o de R$ 8,00 representou pr\u00eamio de aproximadamente 25,8% sobre a cota\u00e7\u00e3o m\u00e9dia ponderada pelo volume das a\u00e7\u00f5es nos 12 meses anteriores ao an\u00fancio da inten\u00e7\u00e3o de fechar o capital.<\/p>\n\n\n\n<p>A opera\u00e7\u00e3o foi estruturada de forma unificada como OPA para cancelamento de registro e OPA por aumento de participa\u00e7\u00e3o, nos termos da Instru\u00e7\u00e3o CVM n\u00ba 361\/2002.<\/p>\n\n\n\n<p>Ap\u00f3s o leil\u00e3o, foi aberto um per\u00edodo de put com dura\u00e7\u00e3o de 30 dias a partir da liquida\u00e7\u00e3o, durante o qual acionistas que n\u00e3o participaram da oferta original puderam vender seus pap\u00e9is pelo mesmo pre\u00e7o da OPA, corrigido pela Selic.<\/p>\n\n\n\n<p>A <strong>T4F<\/strong> abriu capital na B3 em 2011, ano em que ingressou no Novo Mercado. A Rise Entertainment iniciou o processo de fechamento de capital ap\u00f3s avaliar que a estrutura de companhia aberta n\u00e3o trazia mais benef\u00edcios proporcionais aos custos e obriga\u00e7\u00f5es regulat\u00f3rias de manuten\u00e7\u00e3o do registro na CVM. Com a aprova\u00e7\u00e3o da autarquia, a sa\u00edda da <strong>SHOW3<\/strong> do mercado organizado se concretiza definitivamente.<\/p>\n\n\n\t<p>\n\t\t<a href=\"https:\/\/lp.suno.com.br\/planilha-da-vida-financeira\/\" target=\"_blank\" data-element=\"shortcode-suno-banner\" title=\"Banner SUNO, clique e saiba mais\">\n\t\t\t<picture>\n\t\t\t\t<source media=\"(max-width: 500px)\" srcset=\"https:\/\/files.sunoresearch.com.br\/n\/uploads\/2023\/04\/400x300-Planilha-vida-financeira-true.png\">\n\t\t\t\t<img class=\"newsContent__article__imgCapa newsContent__article__imgCapa--banner\"\n\t\t\t\t\tsrc=\"https:\/\/files.sunoresearch.com.br\/n\/uploads\/2023\/04\/1420x240-Planilha-vida-financeira-true.png\"\n\t\t\t\t\tdata-promo-id=\"383123\"\t\t\t\t\t\t\t\t\t\twidth='1420' height='240'\t\t\t\t\talt=\"https:\/\/files.sunoresearch.com.br\/n\/uploads\/2023\/04\/1420x240-Planilha-vida-financeira-true.png\"\n\t\t\t\t>\n\t\t\t<\/picture>\n\t\t<\/a>\n\t<\/p>\n\n\n","protected":false},"excerpt":{"rendered":"<p>A Comiss\u00e3o de Valores Mobili\u00e1rios (CVM) aprovou, nesta ter\u00e7a-feira (1), o cancelamento do registro de companhia aberta da T4F (SHOW3). Com a decis\u00e3o, as a\u00e7\u00f5es deixam de ser negociadas na B3, e a empresa encerra sua participa\u00e7\u00e3o no Novo Mercado, segmento de maior exig\u00eancia de governan\u00e7a corporativa da bolsa brasileira. T4F (SHOW3) &#8211; Foto: Divulga\u00e7\u00e3o\/T4F [&hellip;]<\/p>\n","protected":false},"author":404,"featured_media":380276,"comment_status":"closed","ping_status":"closed","sticky":false,"template":"","format":"standard","meta":[],"categories":[64],"tags":[664],"suno_strategy":[],"class_list":["post-663328","post","type-post","status-publish","format-standard","has-post-thumbnail","hentry","category-negocios","tag-time-for-fun-show3"],"yoast_head":"<!-- This site is optimized with the Yoast SEO plugin v24.4 - https:\/\/yoast.com\/wordpress\/plugins\/seo\/ -->\n<title>T4F (SHOW3) fecha capital ap\u00f3s CVM aprovar cancelamento<\/title>\n<meta name=\"description\" content=\"A CVM aprovou o cancelamento do registro da T4F (SHOW3), encerrando o capital aberto da empresa. Saiba o que muda para quem tem as a\u00e7\u00f5es.\" \/>\n<meta name=\"robots\" content=\"index, follow, max-snippet:-1, max-image-preview:large, max-video-preview:-1\" \/>\n<link rel=\"canonical\" href=\"https:\/\/www.suno.com.br\/noticias\/t4f-show3-cvm-cancela-registro-fechamento-capital-setembro-2026-go\/\" \/>\n<meta property=\"og:locale\" content=\"pt_BR\" \/>\n<meta property=\"og:type\" content=\"article\" \/>\n<meta property=\"og:title\" content=\"T4F (SHOW3) fecha capital ap\u00f3s CVM aprovar cancelamento\" \/>\n<meta property=\"og:description\" content=\"A CVM aprovou o cancelamento do registro da T4F (SHOW3), encerrando o capital aberto da empresa. Saiba o que muda para quem tem as a\u00e7\u00f5es.\" \/>\n<meta property=\"og:url\" content=\"https:\/\/www.suno.com.br\/noticias\/t4f-show3-cvm-cancela-registro-fechamento-capital-setembro-2026-go\/\" \/>\n<meta property=\"og:site_name\" content=\"Suno Not\u00edcias\" \/>\n<meta property=\"article:publisher\" content=\"https:\/\/facebook.com\/sunoresearch\" \/>\n<meta property=\"og:image\" content=\"https:\/\/files.sunoresearch.com.br\/n\/uploads\/2023\/03\/lollapalooza-t4f-show3-trabalho-escravo.jpg\" \/>\n\t<meta property=\"og:image:width\" content=\"1200\" \/>\n\t<meta property=\"og:image:height\" content=\"675\" \/>\n\t<meta property=\"og:image:type\" content=\"image\/jpeg\" \/>\n<meta name=\"author\" content=\"Giovanna Oliveira\" \/>\n<meta name=\"twitter:card\" content=\"summary_large_image\" \/>\n<meta name=\"twitter:creator\" content=\"@sunoresearch\" \/>\n<meta name=\"twitter:site\" content=\"@sunoresearch\" \/>\n<meta name=\"twitter:label1\" content=\"Escrito por\" \/>\n\t<meta name=\"twitter:data1\" content=\"Giovanna Oliveira\" \/>\n\t<meta name=\"twitter:label2\" content=\"Est. tempo de leitura\" \/>\n\t<meta name=\"twitter:data2\" content=\"3 minutos\" \/>\n<script type=\"application\/ld+json\" class=\"yoast-schema-graph\">{\"@context\":\"https:\/\/schema.org\",\"@graph\":[{\"@type\":\"NewsArticle\",\"@id\":\"https:\/\/www.suno.com.br\/noticias\/t4f-show3-cvm-cancela-registro-fechamento-capital-setembro-2026-go\/#article\",\"isPartOf\":{\"@id\":\"https:\/\/www.suno.com.br\/noticias\/t4f-show3-cvm-cancela-registro-fechamento-capital-setembro-2026-go\/\"},\"author\":{\"name\":\"Giovanna Oliveira\",\"@id\":\"https:\/\/www.suno.com.br\/noticias\/#\/schema\/person\/506bb13f624e6983050ae5bf648c7a54\"},\"headline\":\"T4F (SHOW3) fecha capital ap\u00f3s CVM aprovar cancelamento de registro; entenda\",\"datePublished\":\"2026-09-02T14:10:00+00:00\",\"dateModified\":\"2026-09-02T14:49:31+00:00\",\"mainEntityOfPage\":{\"@id\":\"https:\/\/www.suno.com.br\/noticias\/t4f-show3-cvm-cancela-registro-fechamento-capital-setembro-2026-go\/\"},\"wordCount\":553,\"publisher\":{\"@id\":\"https:\/\/www.suno.com.br\/noticias\/#organization\"},\"image\":{\"@id\":\"https:\/\/www.suno.com.br\/noticias\/t4f-show3-cvm-cancela-registro-fechamento-capital-setembro-2026-go\/#primaryimage\"},\"thumbnailUrl\":\"https:\/\/files.sunoresearch.com.br\/n\/uploads\/2023\/03\/lollapalooza-t4f-show3-trabalho-escravo.jpg\",\"keywords\":[\"Time For Fun (SHOW3)\"],\"articleSection\":[\"Neg\u00f3cios\"],\"inLanguage\":\"pt-BR\"},{\"@type\":\"WebPage\",\"@id\":\"https:\/\/www.suno.com.br\/noticias\/t4f-show3-cvm-cancela-registro-fechamento-capital-setembro-2026-go\/\",\"url\":\"https:\/\/www.suno.com.br\/noticias\/t4f-show3-cvm-cancela-registro-fechamento-capital-setembro-2026-go\/\",\"name\":\"T4F (SHOW3) fecha capital ap\u00f3s CVM aprovar cancelamento\",\"isPartOf\":{\"@id\":\"https:\/\/www.suno.com.br\/noticias\/#website\"},\"primaryImageOfPage\":{\"@id\":\"https:\/\/www.suno.com.br\/noticias\/t4f-show3-cvm-cancela-registro-fechamento-capital-setembro-2026-go\/#primaryimage\"},\"image\":{\"@id\":\"https:\/\/www.suno.com.br\/noticias\/t4f-show3-cvm-cancela-registro-fechamento-capital-setembro-2026-go\/#primaryimage\"},\"thumbnailUrl\":\"https:\/\/files.sunoresearch.com.br\/n\/uploads\/2023\/03\/lollapalooza-t4f-show3-trabalho-escravo.jpg\",\"datePublished\":\"2026-09-02T14:10:00+00:00\",\"dateModified\":\"2026-09-02T14:49:31+00:00\",\"description\":\"A CVM aprovou o cancelamento do registro da T4F (SHOW3), encerrando o capital aberto da empresa. Saiba o que muda para quem tem as a\u00e7\u00f5es.\",\"breadcrumb\":{\"@id\":\"https:\/\/www.suno.com.br\/noticias\/t4f-show3-cvm-cancela-registro-fechamento-capital-setembro-2026-go\/#breadcrumb\"},\"inLanguage\":\"pt-BR\",\"potentialAction\":[{\"@type\":\"ReadAction\",\"target\":[\"https:\/\/www.suno.com.br\/noticias\/t4f-show3-cvm-cancela-registro-fechamento-capital-setembro-2026-go\/\"]}]},{\"@type\":\"ImageObject\",\"inLanguage\":\"pt-BR\",\"@id\":\"https:\/\/www.suno.com.br\/noticias\/t4f-show3-cvm-cancela-registro-fechamento-capital-setembro-2026-go\/#primaryimage\",\"url\":\"https:\/\/files.sunoresearch.com.br\/n\/uploads\/2023\/03\/lollapalooza-t4f-show3-trabalho-escravo.jpg\",\"contentUrl\":\"https:\/\/files.sunoresearch.com.br\/n\/uploads\/2023\/03\/lollapalooza-t4f-show3-trabalho-escravo.jpg\",\"width\":1200,\"height\":675,\"caption\":\"T4F (SHOW3) - Foto: Divulga\u00e7\u00e3o\/T4F\"},{\"@type\":\"BreadcrumbList\",\"@id\":\"https:\/\/www.suno.com.br\/noticias\/t4f-show3-cvm-cancela-registro-fechamento-capital-setembro-2026-go\/#breadcrumb\",\"itemListElement\":[{\"@type\":\"ListItem\",\"position\":1,\"name\":\"Not\u00edcias\",\"item\":\"https:\/\/www.suno.com.br\/noticias\/\"},{\"@type\":\"ListItem\",\"position\":2,\"name\":\"Neg\u00f3cios\",\"item\":\"https:\/\/www.suno.com.br\/noticias\/negocios\/\"},{\"@type\":\"ListItem\",\"position\":3,\"name\":\"T4F (SHOW3) fecha capital ap\u00f3s CVM aprovar cancelamento de registro; entenda\"}]},{\"@type\":\"WebSite\",\"@id\":\"https:\/\/www.suno.com.br\/noticias\/#website\",\"url\":\"https:\/\/www.suno.com.br\/noticias\/\",\"name\":\"Suno Not\u00edcias\",\"description\":\"Seu portal de informa\u00e7\u00e3o sobre o mundo dos investimentos\",\"publisher\":{\"@id\":\"https:\/\/www.suno.com.br\/noticias\/#organization\"},\"potentialAction\":[{\"@type\":\"SearchAction\",\"target\":{\"@type\":\"EntryPoint\",\"urlTemplate\":\"https:\/\/www.suno.com.br\/noticias\/?s={search_term_string}\"},\"query-input\":{\"@type\":\"PropertyValueSpecification\",\"valueRequired\":true,\"valueName\":\"search_term_string\"}}],\"inLanguage\":\"pt-BR\"},{\"@type\":\"Organization\",\"@id\":\"https:\/\/www.suno.com.br\/noticias\/#organization\",\"name\":\"Suno Not\u00edcias\",\"url\":\"https:\/\/www.suno.com.br\/noticias\/\",\"logo\":{\"@type\":\"ImageObject\",\"inLanguage\":\"pt-BR\",\"@id\":\"https:\/\/www.suno.com.br\/noticias\/#\/schema\/logo\/image\/\",\"url\":\"https:\/\/files.sunoresearch.com.br\/n\/uploads\/2021\/09\/suno-logo.png\",\"contentUrl\":\"https:\/\/files.sunoresearch.com.br\/n\/uploads\/2021\/09\/suno-logo.png\",\"width\":180,\"height\":180,\"caption\":\"Suno Not\u00edcias\"},\"image\":{\"@id\":\"https:\/\/www.suno.com.br\/noticias\/#\/schema\/logo\/image\/\"},\"sameAs\":[\"https:\/\/facebook.com\/sunoresearch\",\"https:\/\/x.com\/sunoresearch\",\"https:\/\/www.instagram.com\/suno\",\"https:\/\/www.linkedin.com\/company\/suno-research\/\",\"https:\/\/www.youtube.com\/c\/sunoresearch\"]},{\"@type\":\"Person\",\"@id\":\"https:\/\/www.suno.com.br\/noticias\/#\/schema\/person\/506bb13f624e6983050ae5bf648c7a54\",\"name\":\"Giovanna Oliveira\",\"image\":{\"@type\":\"ImageObject\",\"inLanguage\":\"pt-BR\",\"@id\":\"https:\/\/www.suno.com.br\/noticias\/#\/schema\/person\/image\/\",\"url\":\"https:\/\/secure.gravatar.com\/avatar\/8d180e5cea232a9bb3af521589b133fa?s=96&r=g\",\"contentUrl\":\"https:\/\/secure.gravatar.com\/avatar\/8d180e5cea232a9bb3af521589b133fa?s=96&r=g\",\"caption\":\"Giovanna Oliveira\"},\"description\":\"Jornalista com mais de sete anos de experi\u00eancia na cobertura de finan\u00e7as e economia. P\u00f3s-graduada em Neg\u00f3cios e Inova\u00e7\u00e3o (ESPM-SP) e mestranda em Finan\u00e7as (UADE Business School\u2013Buenos Aires).\",\"url\":\"https:\/\/www.suno.com.br\/noticias\/author\/giovannalmd-oliveiragmail-com\/\"}]}<\/script>\n<!-- \/ Yoast SEO plugin. -->","yoast_head_json":{"title":"T4F (SHOW3) fecha capital ap\u00f3s CVM aprovar cancelamento","description":"A CVM aprovou o cancelamento do registro da T4F (SHOW3), encerrando o capital aberto da empresa. Saiba o que muda para quem tem as a\u00e7\u00f5es.","robots":{"index":"index","follow":"follow","max-snippet":"max-snippet:-1","max-image-preview":"max-image-preview:large","max-video-preview":"max-video-preview:-1"},"canonical":"https:\/\/www.suno.com.br\/noticias\/t4f-show3-cvm-cancela-registro-fechamento-capital-setembro-2026-go\/","og_locale":"pt_BR","og_type":"article","og_title":"T4F (SHOW3) fecha capital ap\u00f3s CVM aprovar cancelamento","og_description":"A CVM aprovou o cancelamento do registro da T4F (SHOW3), encerrando o capital aberto da empresa. Saiba o que muda para quem tem as a\u00e7\u00f5es.","og_url":"https:\/\/www.suno.com.br\/noticias\/t4f-show3-cvm-cancela-registro-fechamento-capital-setembro-2026-go\/","og_site_name":"Suno Not\u00edcias","article_publisher":"https:\/\/facebook.com\/sunoresearch","og_image":[{"width":1200,"height":675,"url":"https:\/\/files.sunoresearch.com.br\/n\/uploads\/2023\/03\/lollapalooza-t4f-show3-trabalho-escravo.jpg","type":"image\/jpeg"}],"author":"Giovanna Oliveira","twitter_card":"summary_large_image","twitter_creator":"@sunoresearch","twitter_site":"@sunoresearch","twitter_misc":{"Escrito por":"Giovanna Oliveira","Est. tempo de leitura":"3 minutos"},"schema":{"@context":"https:\/\/schema.org","@graph":[{"@type":"NewsArticle","@id":"https:\/\/www.suno.com.br\/noticias\/t4f-show3-cvm-cancela-registro-fechamento-capital-setembro-2026-go\/#article","isPartOf":{"@id":"https:\/\/www.suno.com.br\/noticias\/t4f-show3-cvm-cancela-registro-fechamento-capital-setembro-2026-go\/"},"author":{"name":"Giovanna Oliveira","@id":"https:\/\/www.suno.com.br\/noticias\/#\/schema\/person\/506bb13f624e6983050ae5bf648c7a54"},"headline":"T4F (SHOW3) fecha capital ap\u00f3s CVM aprovar cancelamento de registro; entenda","datePublished":"2026-09-02T14:10:00+00:00","dateModified":"2026-09-02T14:49:31+00:00","mainEntityOfPage":{"@id":"https:\/\/www.suno.com.br\/noticias\/t4f-show3-cvm-cancela-registro-fechamento-capital-setembro-2026-go\/"},"wordCount":553,"publisher":{"@id":"https:\/\/www.suno.com.br\/noticias\/#organization"},"image":{"@id":"https:\/\/www.suno.com.br\/noticias\/t4f-show3-cvm-cancela-registro-fechamento-capital-setembro-2026-go\/#primaryimage"},"thumbnailUrl":"https:\/\/files.sunoresearch.com.br\/n\/uploads\/2023\/03\/lollapalooza-t4f-show3-trabalho-escravo.jpg","keywords":["Time For Fun (SHOW3)"],"articleSection":["Neg\u00f3cios"],"inLanguage":"pt-BR"},{"@type":"WebPage","@id":"https:\/\/www.suno.com.br\/noticias\/t4f-show3-cvm-cancela-registro-fechamento-capital-setembro-2026-go\/","url":"https:\/\/www.suno.com.br\/noticias\/t4f-show3-cvm-cancela-registro-fechamento-capital-setembro-2026-go\/","name":"T4F (SHOW3) fecha capital ap\u00f3s CVM aprovar cancelamento","isPartOf":{"@id":"https:\/\/www.suno.com.br\/noticias\/#website"},"primaryImageOfPage":{"@id":"https:\/\/www.suno.com.br\/noticias\/t4f-show3-cvm-cancela-registro-fechamento-capital-setembro-2026-go\/#primaryimage"},"image":{"@id":"https:\/\/www.suno.com.br\/noticias\/t4f-show3-cvm-cancela-registro-fechamento-capital-setembro-2026-go\/#primaryimage"},"thumbnailUrl":"https:\/\/files.sunoresearch.com.br\/n\/uploads\/2023\/03\/lollapalooza-t4f-show3-trabalho-escravo.jpg","datePublished":"2026-09-02T14:10:00+00:00","dateModified":"2026-09-02T14:49:31+00:00","description":"A CVM aprovou o cancelamento do registro da T4F (SHOW3), encerrando o capital aberto da empresa. Saiba o que muda para quem tem as a\u00e7\u00f5es.","breadcrumb":{"@id":"https:\/\/www.suno.com.br\/noticias\/t4f-show3-cvm-cancela-registro-fechamento-capital-setembro-2026-go\/#breadcrumb"},"inLanguage":"pt-BR","potentialAction":[{"@type":"ReadAction","target":["https:\/\/www.suno.com.br\/noticias\/t4f-show3-cvm-cancela-registro-fechamento-capital-setembro-2026-go\/"]}]},{"@type":"ImageObject","inLanguage":"pt-BR","@id":"https:\/\/www.suno.com.br\/noticias\/t4f-show3-cvm-cancela-registro-fechamento-capital-setembro-2026-go\/#primaryimage","url":"https:\/\/files.sunoresearch.com.br\/n\/uploads\/2023\/03\/lollapalooza-t4f-show3-trabalho-escravo.jpg","contentUrl":"https:\/\/files.sunoresearch.com.br\/n\/uploads\/2023\/03\/lollapalooza-t4f-show3-trabalho-escravo.jpg","width":1200,"height":675,"caption":"T4F (SHOW3) - Foto: Divulga\u00e7\u00e3o\/T4F"},{"@type":"BreadcrumbList","@id":"https:\/\/www.suno.com.br\/noticias\/t4f-show3-cvm-cancela-registro-fechamento-capital-setembro-2026-go\/#breadcrumb","itemListElement":[{"@type":"ListItem","position":1,"name":"Not\u00edcias","item":"https:\/\/www.suno.com.br\/noticias\/"},{"@type":"ListItem","position":2,"name":"Neg\u00f3cios","item":"https:\/\/www.suno.com.br\/noticias\/negocios\/"},{"@type":"ListItem","position":3,"name":"T4F (SHOW3) fecha capital ap\u00f3s CVM aprovar cancelamento de registro; entenda"}]},{"@type":"WebSite","@id":"https:\/\/www.suno.com.br\/noticias\/#website","url":"https:\/\/www.suno.com.br\/noticias\/","name":"Suno Not\u00edcias","description":"Seu portal de informa\u00e7\u00e3o sobre o mundo dos investimentos","publisher":{"@id":"https:\/\/www.suno.com.br\/noticias\/#organization"},"potentialAction":[{"@type":"SearchAction","target":{"@type":"EntryPoint","urlTemplate":"https:\/\/www.suno.com.br\/noticias\/?s={search_term_string}"},"query-input":{"@type":"PropertyValueSpecification","valueRequired":true,"valueName":"search_term_string"}}],"inLanguage":"pt-BR"},{"@type":"Organization","@id":"https:\/\/www.suno.com.br\/noticias\/#organization","name":"Suno Not\u00edcias","url":"https:\/\/www.suno.com.br\/noticias\/","logo":{"@type":"ImageObject","inLanguage":"pt-BR","@id":"https:\/\/www.suno.com.br\/noticias\/#\/schema\/logo\/image\/","url":"https:\/\/files.sunoresearch.com.br\/n\/uploads\/2021\/09\/suno-logo.png","contentUrl":"https:\/\/files.sunoresearch.com.br\/n\/uploads\/2021\/09\/suno-logo.png","width":180,"height":180,"caption":"Suno Not\u00edcias"},"image":{"@id":"https:\/\/www.suno.com.br\/noticias\/#\/schema\/logo\/image\/"},"sameAs":["https:\/\/facebook.com\/sunoresearch","https:\/\/x.com\/sunoresearch","https:\/\/www.instagram.com\/suno","https:\/\/www.linkedin.com\/company\/suno-research\/","https:\/\/www.youtube.com\/c\/sunoresearch"]},{"@type":"Person","@id":"https:\/\/www.suno.com.br\/noticias\/#\/schema\/person\/506bb13f624e6983050ae5bf648c7a54","name":"Giovanna Oliveira","image":{"@type":"ImageObject","inLanguage":"pt-BR","@id":"https:\/\/www.suno.com.br\/noticias\/#\/schema\/person\/image\/","url":"https:\/\/secure.gravatar.com\/avatar\/8d180e5cea232a9bb3af521589b133fa?s=96&r=g","contentUrl":"https:\/\/secure.gravatar.com\/avatar\/8d180e5cea232a9bb3af521589b133fa?s=96&r=g","caption":"Giovanna Oliveira"},"description":"Jornalista com mais de sete anos de experi\u00eancia na cobertura de finan\u00e7as e economia. P\u00f3s-graduada em Neg\u00f3cios e Inova\u00e7\u00e3o (ESPM-SP) e mestranda em Finan\u00e7as (UADE Business School\u2013Buenos Aires).","url":"https:\/\/www.suno.com.br\/noticias\/author\/giovannalmd-oliveiragmail-com\/"}]}},"default_loop_html":"<div class=\"cardsPage__listCard__boxs\"><div class=\"cardsPage__listCard__boxs__img\"><a href=\"https:\/\/www.suno.com.br\/noticias\/t4f-show3-cvm-cancela-registro-fechamento-capital-setembro-2026-go\/\"><img class=\"mask\" src=\"https:\/\/www.suno.com.br\/noticias\/wp-content\/themes\/suno\/resources\/images\/spotlight\/spotlight1img\/bg-mask.png\" alt=\"Image Mask\"\/><img src=\"https:\/\/files.sunoresearch.com.br\/n\/uploads\/2023\/03\/lollapalooza-t4f-show3-trabalho-escravo-400x200.jpg\" alt=\"T4F (SHOW3) fecha capital ap\u00f3s CVM aprovar cancelamento de registro; entenda\"\/><\/a><span class=\"spotlightCategory\"><a href=\"https:\/\/www.suno.com.br\/noticias\/negocios\/\">Neg\u00f3cios<\/a><\/span><\/div><div class=\"cardsPage__listCard__boxs__content\"><a href=\"https:\/\/www.suno.com.br\/noticias\/t4f-show3-cvm-cancela-registro-fechamento-capital-setembro-2026-go\/\"><h2 class=\"content__title\">T4F (SHOW3) fecha capital ap\u00f3s CVM aprovar cancelamento de registro; entenda<\/h2><\/a><div class=\"newsContent__article__meta\"><div class=\"newsContent__article__meta__authorBox\"><a href=\"https:\/\/www.suno.com.br\/noticias\/author\/giovannalmd-oliveiragmail-com\/\" class=\"authorBox__avatar noMobi\"><img src=\"https:\/\/secure.gravatar.com\/avatar\/8d180e5cea232a9bb3af521589b133fa?s=96&#038;r=g\" alt=\"Giovanna Oliveira\"><\/a><div class=\"authorBox__name\"><span>por\n\t\t\t<a href=\"https:\/\/www.suno.com.br\/noticias\/author\/giovannalmd-oliveiragmail-com\/\"><span itemprop=\"author\">Giovanna Oliveira<\/span><\/a><\/span><time datetime=\"2026-09-02T11:10:00-03:00\" itemprop=\"datePublished\">02\/09\/2026 11:10<\/time><\/div><\/div><\/div><\/div><\/div>","single_layout":"posts","amp_enabled":true,"_links":{"self":[{"href":"https:\/\/www.suno.com.br\/noticias\/wp-json\/wp\/v2\/posts\/663328"}],"collection":[{"href":"https:\/\/www.suno.com.br\/noticias\/wp-json\/wp\/v2\/posts"}],"about":[{"href":"https:\/\/www.suno.com.br\/noticias\/wp-json\/wp\/v2\/types\/post"}],"author":[{"embeddable":true,"href":"https:\/\/www.suno.com.br\/noticias\/wp-json\/wp\/v2\/users\/404"}],"replies":[{"embeddable":true,"href":"https:\/\/www.suno.com.br\/noticias\/wp-json\/wp\/v2\/comments?post=663328"}],"version-history":[{"count":2,"href":"https:\/\/www.suno.com.br\/noticias\/wp-json\/wp\/v2\/posts\/663328\/revisions"}],"predecessor-version":[{"id":663347,"href":"https:\/\/www.suno.com.br\/noticias\/wp-json\/wp\/v2\/posts\/663328\/revisions\/663347"}],"wp:featuredmedia":[{"embeddable":true,"href":"https:\/\/www.suno.com.br\/noticias\/wp-json\/wp\/v2\/media\/380276"}],"wp:attachment":[{"href":"https:\/\/www.suno.com.br\/noticias\/wp-json\/wp\/v2\/media?parent=663328"}],"wp:term":[{"taxonomy":"category","embeddable":true,"href":"https:\/\/www.suno.com.br\/noticias\/wp-json\/wp\/v2\/categories?post=663328"},{"taxonomy":"post_tag","embeddable":true,"href":"https:\/\/www.suno.com.br\/noticias\/wp-json\/wp\/v2\/tags?post=663328"},{"taxonomy":"suno_strategy","embeddable":true,"href":"https:\/\/www.suno.com.br\/noticias\/wp-json\/wp\/v2\/suno_strategy?post=663328"}],"curies":[{"name":"wp","href":"https:\/\/api.w.org\/{rel}","templated":true}]}}