{"id":663235,"date":"2026-09-01T18:12:38","date_gmt":"2026-09-01T21:12:38","guid":{"rendered":"https:\/\/www.suno.com.br\/noticias\/john-ternus-novo-ceo-apple-aapl34-mt\/"},"modified":"2026-09-01T18:12:38","modified_gmt":"2026-09-01T21:12:38","slug":"john-ternus-novo-ceo-apple-aapl34-mt","status":"publish","type":"post","link":"https:\/\/www.suno.com.br\/noticias\/john-ternus-novo-ceo-apple-aapl34-mt\/","title":{"rendered":"Apple (AAPL34) troca Tim Cook por John Ternus; veja os desafios do novo CEO"},"content":{"rendered":"<p>A <strong>Apple<\/strong> abriu nesta ter\u00e7a-feira (1\u00ba) o primeiro cap\u00edtulo de sua sucess\u00e3o em 15 anos. John Ternus assumiu o cargo de CEO no lugar de <a class=\"suno-keyword\" target=\"_blank\" data-force=\"no\" data-priority=\"2\" href=\"https:\/\/www.suno.com.br\/tudo-sobre\/tim-cook\/\" rel=\"noopener\">Tim Cook<\/a>, que passa a ser presidente executivo do <a class=\"suno-keyword\" target=\"_blank\" data-force=\"no\" data-priority=\"1\" href=\"https:\/\/www.suno.com.br\/artigos\/conselho-administracao\/\" rel=\"noopener\">conselho de administra\u00e7\u00e3o<\/a>. No Brasil, os investidores acompanham a companhia pelo BDR <strong>AAPL34<\/strong>.<\/p>\t<div class=\"wrapper-featured-image\">\n\t\t<figure class=\"spotlightImg\">\n\n\t\t\t<picture>\n\t\t\t\t<source media=\"(max-width: 768px)\" srcset=\"https:\/\/files.sunoresearch.com.br\/n\/uploads\/2026\/09\/f03867fb-apple-1-400x200.webp\">\n\t\t\t\t<img loading=\"lazy\" decoding=\"async\" class=\"newsContent__article__imgCapa lazyloadDisabled \" src=\"https:\/\/files.sunoresearch.com.br\/n\/uploads\/2026\/09\/f03867fb-apple-1-jpg.webp\" width=\"800\" height=\"450\" alt=\"Apple (AAPL34) troca Tim Cook por John Ternus; veja os desafios do novo CEO\" fetchpriority=high \/>\n\t\t\t<\/picture>\n\n\t\t\t<figcaption class=\"wp-caption-text wp-caption-text--show\">John Ternus assume o comando da Apple ap\u00f3s 15 anos de Tim Cook.<\/figcaption>\n\t\t<\/figure>\n\t<\/div>\n\n\n\n\n\n\n<p>A mudan\u00e7a foi anunciada pela Apple em abril, ap\u00f3s um processo de sucess\u00e3o planejado e aprovado por unanimidade pelo conselho. Cook continuar\u00e1 pr\u00f3ximo da empresa<\/p>\n\n\n\n<p> como chairman, especialmente em assuntos institucionais e nas rela\u00e7\u00f5es com autoridades dos Estados Unidos e de outros pa\u00edses. <\/p>\n\n\n\n<h2 class=\"wp-block-heading\">Quem \u00e9 John Ternus?<\/h2>\n\n\n\n<figure class=\"wp-block-image size-large\"><img decoding=\"async\" src=\"https:\/\/files.sunoresearch.com.br\/gaia\/uploads\/2026\/09\/Apple-John-Ternus-Tim-Cook_Full-Bleed-Image.jpg.xlarge-1024x576.jpg\" alt=\"Tim Cook e John Ternus no Apple Park.\nFoto: Divulga\u00e7\u00e3o Apple\" class=\"wp-image-686648\" \/><figcaption class=\"wp-element-caption\">Tim Cook e John Ternus no Apple Park.\nFoto: Divulga\u00e7\u00e3o Apple<\/figcaption><\/figure>\n\n\n\t<p>\n\t\t<a href=\"https:\/\/lp2.suno.com.br\/onde-investir-2026\/?utm_campaign=_SNC390A0FD0_ao&#038;utm_source=suno-not\u00edcias&#038;utm_medium=banner.noticias\" target=\"_blank\" data-element=\"shortcode-suno-banner\" title=\"Banner SUNO, clique e saiba mais\">\n\t\t\t<picture>\n\t\t\t\t<source media=\"(max-width: 500px)\" srcset=\"https:\/\/files.sunoresearch.com.br\/gaia\/uploads\/2026\/01\/Banner-Materias-01-Mbl_-400x300-1.png\">\n\t\t\t\t<img class=\"newsContent__article__imgCapa newsContent__article__imgCapa--banner\"\n\t\t\t\t\tsrc=\"https:\/\/files.sunoresearch.com.br\/gaia\/uploads\/2026\/01\/Banner-Materias-01-Dkp_-1420x240-1.png\"\n\t\t\t\t\tdata-promo-id=\"651623\"\t\t\t\t\t\t\t\t\t\twidth='1420' height='240'\t\t\t\t\talt=\"https:\/\/files.sunoresearch.com.br\/gaia\/uploads\/2026\/01\/Banner-Materias-01-Dkp_-1420x240-1.png\"\n\t\t\t\t>\n\t\t\t<\/picture>\n\t\t<\/a>\n\t<\/p>\n\n\n\n\n\n\n\n<p>John Ternus entrou na Apple em 2001, na equipe de design de produtos. Em 2013, tornou-se vice-presidente de engenharia de hardware e, em 2021, assumiu o posto de vice-presidente s\u00eanior da \u00e1rea, passando a integrar a equipe executiva da companhia.<\/p>\n\n\n\n<p>Ao longo da carreira, Ternus acompanhou o desenvolvimento de diferentes gera\u00e7\u00f5es do iPhone, Mac, iPad e Apple Watch. Tamb\u00e9m esteve envolvido na cria\u00e7\u00e3o e na evolu\u00e7\u00e3o dos AirPods e do Apple Vision Pro.<\/p>\n\n\n\n<p>Formado em engenharia mec\u00e2nica pela Universidade da Pensilv\u00e2nia, o executivo construiu sua trajet\u00f3ria dentro da pr\u00f3pria Apple. Seu perfil \u00e9 associado \u00e0 engenharia, \u00e0 execu\u00e7\u00e3o e ao desenvolvimento de produtos, caracter\u00edsticas que ajudaram a coloc\u00e1-lo entre os principais nomes da sucess\u00e3o de Cook. <a href=\"https:\/\/www.apple.com\/leadership\/john-ternus\/\">Apple<\/a><\/p>\n\n\n\n<h2 class=\"wp-block-heading\">Tim Cook deixa uma Apple maior e mais rent\u00e1vel<\/h2>\n\n\n\n<p>Cook assumiu a Apple em agosto de 2011, ap\u00f3s a morte de Steve Jobs. Em vez de tentar repetir o estilo do cofundador, concentrou sua gest\u00e3o em efici\u00eancia operacional, escala e cadeia de suprimentos.<\/p>\n\n\n\t<p>\n\t\t<a href=\"https:\/\/lp2.suno.com.br\/lm\/minicurso-construindo-um-portfolio-milionario\/?utm_campaign=_SNC35CF3834_ao&#038;utm_source=suno-not\u00edcias&#038;utm_medium=banner.noticias\" target=\"_blank\" data-element=\"shortcode-suno-banner\" title=\"Banner SUNO, clique e saiba mais\">\n\t\t\t<picture>\n\t\t\t\t<source media=\"(max-width: 500px)\" srcset=\"https:\/\/files.sunoresearch.com.br\/gaia\/uploads\/2026\/01\/MB-PS-HOME-DE-ARTIGOS-400x300-ID_01_x1.jpg\">\n\t\t\t\t<img class=\"newsContent__article__imgCapa newsContent__article__imgCapa--banner\"\n\t\t\t\t\tsrc=\"https:\/\/files.sunoresearch.com.br\/gaia\/uploads\/2026\/01\/DT-PS-HOME-DE-ARTIGOS-1420x240-ID_01_x1.jpg\"\n\t\t\t\t\tdata-promo-id=\"651626\"\t\t\t\t\t\t\t\t\t\twidth='1420' height='240'\t\t\t\t\talt=\"https:\/\/files.sunoresearch.com.br\/gaia\/uploads\/2026\/01\/DT-PS-HOME-DE-ARTIGOS-1420x240-ID_01_x1.jpg\"\n\t\t\t\t>\n\t\t\t<\/picture>\n\t\t<\/a>\n\t<\/p>\n\n\n\n\n\n\n\n<p>Durante seu mandato, o valor de mercado da companhia passou de aproximadamente US$ 350 bilh\u00f5es para mais de US$ 4,5 trilh\u00f5es. As vendas anuais avan\u00e7aram de US$ 108 bilh\u00f5es para US$ 416 bilh\u00f5es, enquanto o lucro chegou a US$ 112 bilh\u00f5es no \u00faltimo ano fiscal.<\/p>\n\n\n\n<p>A Apple tamb\u00e9m ampliou suas fontes de receita. Al\u00e9m do iPhone, produtos como Apple Watch e AirPods ganharam espa\u00e7o, enquanto servi\u00e7os como Apple Music, Apple TV, Apple Pay e iCloud ajudaram a criar receitas recorrentes. <\/p>\n\n\n\n<p>Arthur Levinson, que ocupava a presid\u00eancia n\u00e3o executiva do conselho, passa a ser o principal conselheiro independente. Ternus tamb\u00e9m ingressa oficialmente no conselho de administra\u00e7\u00e3o.<\/p>\n\n\n\n<h2 class=\"wp-block-heading\">Intelig\u00eancia artificial ser\u00e1 o primeiro grande teste<\/h2>\n\n\n\n<p>A sucess\u00e3o acontece em um momento em que a Apple tenta recuperar espa\u00e7o na corrida da intelig\u00eancia artificial. A companhia demorou a entregar recursos mais avan\u00e7ados e adiou a reformula\u00e7\u00e3o da Siri, enquanto concorrentes como Google e Microsoft avan\u00e7aram rapidamente na \u00e1rea.<\/p>\n\n\n\t<p>\n\t\t<a href=\"https:\/\/lp.suno.com.br\/ebook-como-analisar-uma-acao\/?utm_campaign=_SNC390A0FD0_ao&#038;utm_source=suno-not\u00edcias&#038;utm_medium=banner.noticias\" target=\"_blank\" data-element=\"shortcode-suno-banner\" title=\"Banner SUNO, clique e saiba mais\">\n\t\t\t<picture>\n\t\t\t\t<source media=\"(max-width: 500px)\" srcset=\"https:\/\/files.sunoresearch.com.br\/gaia\/uploads\/2026\/01\/Ebook-Acoes-Mobile.webp\">\n\t\t\t\t<img class=\"newsContent__article__imgCapa newsContent__article__imgCapa--banner\"\n\t\t\t\t\tsrc=\"https:\/\/files.sunoresearch.com.br\/gaia\/uploads\/2026\/01\/Ebook-Acoes-Desktop.webp\"\n\t\t\t\t\tdata-promo-id=\"651105\"\t\t\t\t\t\t\t\t\t\twidth='1420' height='286'\t\t\t\t\talt=\"https:\/\/files.sunoresearch.com.br\/gaia\/uploads\/2026\/01\/Ebook-Acoes-Desktop.webp\"\n\t\t\t\t>\n\t\t\t<\/picture>\n\t\t<\/a>\n\t<\/p>\n\n\n\n\n\n\n\n<p>Na avalia\u00e7\u00e3o do estrategista Brian Mulberry, da Zacks Investment Management, \u201cAI is the single biggest challenge for Ternus\u201d. A frase resume a principal cobran\u00e7a sobre o novo CEO: transformar a intelig\u00eancia artificial em uma parte central da experi\u00eancia Apple, e n\u00e3o apenas em um recurso complementar do iPhone.<\/p>\n\n\n\n<p>A companhia apresentou, na WWDC26, uma nova gera\u00e7\u00e3o do Apple Intelligence e a Siri AI, com integra\u00e7\u00e3o entre iPhone, iPad, Mac, Apple Watch e Vision Pro. A estrat\u00e9gia combina respostas mais personalizadas, a\u00e7\u00f5es entre aplicativos e foco em privacidade. A disponibilidade dos recursos, por\u00e9m, ser\u00e1 gradual e poder\u00e1 variar de acordo com idioma e regi\u00e3o. <\/p>\n\n\n\n<h2 class=\"wp-block-heading\">Produtos, China e margens entram no radar<\/h2>\n\n\n\n<p>O primeiro grande teste p\u00fablico do novo CEO ser\u00e1 o evento de produtos marcado para 9 de setembro. A apresenta\u00e7\u00e3o deve mostrar a pr\u00f3xima gera\u00e7\u00e3o do iPhone e dar\u00e1 ao mercado uma indica\u00e7\u00e3o inicial sobre o ritmo de inova\u00e7\u00e3o sob Ternus. H\u00e1 rumores sobre um modelo dobr\u00e1vel, mas a Apple ainda n\u00e3o confirmou essa possibilidade. <a href=\"https:\/\/www.apple.com\/newsroom\/in-the-loop\/2026\/08\/surprise-and-shine\/\">Apple<\/a><\/p>\n\n\n\n<p>Al\u00e9m da estrat\u00e9gia de produtos, Ternus ter\u00e1 de administrar a cadeia de suprimentos em um ambiente mais dif\u00edcil. A depend\u00eancia da fabrica\u00e7\u00e3o na China continua sendo um risco diante das tens\u00f5es comerciais com os Estados Unidos, da possibilidade de novas tarifas e da escassez de componentes provocada pela demanda por intelig\u00eancia artificial.<\/p>\n\n\n\n<p>A <strong>Apple <\/strong>vem ampliando a produ\u00e7\u00e3o na \u00cdndia e no Vietn\u00e3, mas precisa fazer essa transi\u00e7\u00e3o sem pressionar custos e margens. Tamb\u00e9m permanecem no radar as disputas regulat\u00f3rias sobre a App Store e os meios de pagamento.<\/p>\n","protected":false},"excerpt":{"rendered":"<p>A Apple abriu nesta ter\u00e7a-feira (1\u00ba) o primeiro cap\u00edtulo de sua sucess\u00e3o em 15 anos. John Ternus assumiu o cargo de CEO no lugar de Tim Cook, que passa a ser presidente executivo do conselho de administra\u00e7\u00e3o. No Brasil, os investidores acompanham a companhia pelo BDR AAPL34. A mudan\u00e7a foi anunciada pela Apple em abril, &hellip; Continued<\/p>\n","protected":false},"author":402,"featured_media":663236,"comment_status":"closed","ping_status":"closed","sticky":false,"template":"","format":"standard","meta":[],"categories":[63],"tags":[],"suno_strategy":[],"class_list":["post-663235","post","type-post","status-publish","format-standard","has-post-thumbnail","hentry","category-internacional"],"yoast_head":"<!-- This site is optimized with the Yoast SEO plugin v24.4 - https:\/\/yoast.com\/wordpress\/plugins\/seo\/ -->\n<title>John Ternus assume Apple (AAPL34)<\/title>\n<meta name=\"description\" content=\"John Ternus assume o comando da Apple (AAPL34) no lugar de Tim Cook. Veja a trajet\u00f3ria do executivo e os desafios com IA e novos produtos.\" \/>\n<meta name=\"robots\" content=\"index, follow, max-snippet:-1, max-image-preview:large, max-video-preview:-1\" \/>\n<link rel=\"canonical\" href=\"https:\/\/www.suno.com.br\/noticias\/john-ternus-novo-ceo-apple-aapl34-mt\/\" \/>\n<meta property=\"og:locale\" content=\"pt_BR\" \/>\n<meta property=\"og:type\" content=\"article\" \/>\n<meta property=\"og:title\" content=\"John Ternus assume Apple (AAPL34)\" \/>\n<meta property=\"og:description\" content=\"John Ternus assume o comando da Apple (AAPL34) no lugar de Tim Cook. Veja a trajet\u00f3ria do executivo e os desafios com IA e novos produtos.\" \/>\n<meta property=\"og:url\" content=\"https:\/\/www.suno.com.br\/noticias\/john-ternus-novo-ceo-apple-aapl34-mt\/\" \/>\n<meta property=\"og:site_name\" content=\"Suno Not\u00edcias\" \/>\n<meta property=\"article:publisher\" content=\"https:\/\/facebook.com\/sunoresearch\" \/>\n<meta property=\"og:image\" content=\"http:\/\/files.sunoresearch.com.br\/n\/uploads\/2026\/09\/f03867fb-apple-1-jpg.webp\" \/>\n\t<meta property=\"og:image:width\" content=\"748\" \/>\n\t<meta property=\"og:image:height\" content=\"410\" \/>\n\t<meta property=\"og:image:type\" content=\"image\/jpeg\" \/>\n<meta name=\"author\" content=\"Ma\u00edra Telles\" \/>\n<meta name=\"twitter:card\" content=\"summary_large_image\" \/>\n<meta name=\"twitter:creator\" content=\"@sunoresearch\" \/>\n<meta name=\"twitter:site\" content=\"@sunoresearch\" \/>\n<meta name=\"twitter:label1\" content=\"Escrito por\" \/>\n\t<meta name=\"twitter:data1\" content=\"Ma\u00edra Telles\" \/>\n\t<meta name=\"twitter:label2\" content=\"Est. tempo de leitura\" \/>\n\t<meta name=\"twitter:data2\" content=\"4 minutos\" \/>\n<script type=\"application\/ld+json\" class=\"yoast-schema-graph\">{\"@context\":\"https:\/\/schema.org\",\"@graph\":[{\"@type\":\"NewsArticle\",\"@id\":\"https:\/\/www.suno.com.br\/noticias\/john-ternus-novo-ceo-apple-aapl34-mt\/#article\",\"isPartOf\":{\"@id\":\"https:\/\/www.suno.com.br\/noticias\/john-ternus-novo-ceo-apple-aapl34-mt\/\"},\"author\":{\"name\":\"Ma\u00edra Telles\",\"@id\":\"https:\/\/www.suno.com.br\/noticias\/#\/schema\/person\/0a8b51292bb96ee5f104094c0907eaef\"},\"headline\":\"Apple (AAPL34) troca Tim Cook por John Ternus; veja os desafios do novo CEO\",\"datePublished\":\"2026-09-01T21:12:38+00:00\",\"mainEntityOfPage\":{\"@id\":\"https:\/\/www.suno.com.br\/noticias\/john-ternus-novo-ceo-apple-aapl34-mt\/\"},\"wordCount\":766,\"publisher\":{\"@id\":\"https:\/\/www.suno.com.br\/noticias\/#organization\"},\"image\":{\"@id\":\"https:\/\/www.suno.com.br\/noticias\/john-ternus-novo-ceo-apple-aapl34-mt\/#primaryimage\"},\"thumbnailUrl\":\"https:\/\/files.sunoresearch.com.br\/n\/uploads\/2026\/09\/f03867fb-apple-1-jpg.webp\",\"articleSection\":[\"Internacional\"],\"inLanguage\":\"pt-BR\"},{\"@type\":\"WebPage\",\"@id\":\"https:\/\/www.suno.com.br\/noticias\/john-ternus-novo-ceo-apple-aapl34-mt\/\",\"url\":\"https:\/\/www.suno.com.br\/noticias\/john-ternus-novo-ceo-apple-aapl34-mt\/\",\"name\":\"John Ternus assume Apple (AAPL34)\",\"isPartOf\":{\"@id\":\"https:\/\/www.suno.com.br\/noticias\/#website\"},\"primaryImageOfPage\":{\"@id\":\"https:\/\/www.suno.com.br\/noticias\/john-ternus-novo-ceo-apple-aapl34-mt\/#primaryimage\"},\"image\":{\"@id\":\"https:\/\/www.suno.com.br\/noticias\/john-ternus-novo-ceo-apple-aapl34-mt\/#primaryimage\"},\"thumbnailUrl\":\"https:\/\/files.sunoresearch.com.br\/n\/uploads\/2026\/09\/f03867fb-apple-1-jpg.webp\",\"datePublished\":\"2026-09-01T21:12:38+00:00\",\"description\":\"John Ternus assume o comando da Apple (AAPL34) no lugar de Tim Cook. Veja a trajet\u00f3ria do executivo e os desafios com IA e novos produtos.\",\"breadcrumb\":{\"@id\":\"https:\/\/www.suno.com.br\/noticias\/john-ternus-novo-ceo-apple-aapl34-mt\/#breadcrumb\"},\"inLanguage\":\"pt-BR\",\"potentialAction\":[{\"@type\":\"ReadAction\",\"target\":[\"https:\/\/www.suno.com.br\/noticias\/john-ternus-novo-ceo-apple-aapl34-mt\/\"]}]},{\"@type\":\"ImageObject\",\"inLanguage\":\"pt-BR\",\"@id\":\"https:\/\/www.suno.com.br\/noticias\/john-ternus-novo-ceo-apple-aapl34-mt\/#primaryimage\",\"url\":\"https:\/\/files.sunoresearch.com.br\/n\/uploads\/2026\/09\/f03867fb-apple-1-jpg.webp\",\"contentUrl\":\"https:\/\/files.sunoresearch.com.br\/n\/uploads\/2026\/09\/f03867fb-apple-1-jpg.webp\",\"width\":748,\"height\":410,\"caption\":\"John Ternus assume o comando da Apple ap\u00f3s 15 anos de Tim Cook.\"},{\"@type\":\"BreadcrumbList\",\"@id\":\"https:\/\/www.suno.com.br\/noticias\/john-ternus-novo-ceo-apple-aapl34-mt\/#breadcrumb\",\"itemListElement\":[{\"@type\":\"ListItem\",\"position\":1,\"name\":\"Not\u00edcias\",\"item\":\"https:\/\/www.suno.com.br\/noticias\/\"},{\"@type\":\"ListItem\",\"position\":2,\"name\":\"Neg\u00f3cios\",\"item\":\"https:\/\/www.suno.com.br\/noticias\/negocios\/\"},{\"@type\":\"ListItem\",\"position\":3,\"name\":\"Apple (AAPL34) troca Tim Cook por John Ternus; veja os desafios do novo CEO\"}]},{\"@type\":\"WebSite\",\"@id\":\"https:\/\/www.suno.com.br\/noticias\/#website\",\"url\":\"https:\/\/www.suno.com.br\/noticias\/\",\"name\":\"Suno Not\u00edcias\",\"description\":\"Seu portal de informa\u00e7\u00e3o sobre o mundo dos investimentos\",\"publisher\":{\"@id\":\"https:\/\/www.suno.com.br\/noticias\/#organization\"},\"potentialAction\":[{\"@type\":\"SearchAction\",\"target\":{\"@type\":\"EntryPoint\",\"urlTemplate\":\"https:\/\/www.suno.com.br\/noticias\/?s={search_term_string}\"},\"query-input\":{\"@type\":\"PropertyValueSpecification\",\"valueRequired\":true,\"valueName\":\"search_term_string\"}}],\"inLanguage\":\"pt-BR\"},{\"@type\":\"Organization\",\"@id\":\"https:\/\/www.suno.com.br\/noticias\/#organization\",\"name\":\"Suno Not\u00edcias\",\"url\":\"https:\/\/www.suno.com.br\/noticias\/\",\"logo\":{\"@type\":\"ImageObject\",\"inLanguage\":\"pt-BR\",\"@id\":\"https:\/\/www.suno.com.br\/noticias\/#\/schema\/logo\/image\/\",\"url\":\"https:\/\/files.sunoresearch.com.br\/n\/uploads\/2021\/09\/suno-logo.png\",\"contentUrl\":\"https:\/\/files.sunoresearch.com.br\/n\/uploads\/2021\/09\/suno-logo.png\",\"width\":180,\"height\":180,\"caption\":\"Suno Not\u00edcias\"},\"image\":{\"@id\":\"https:\/\/www.suno.com.br\/noticias\/#\/schema\/logo\/image\/\"},\"sameAs\":[\"https:\/\/facebook.com\/sunoresearch\",\"https:\/\/x.com\/sunoresearch\",\"https:\/\/www.instagram.com\/suno\",\"https:\/\/www.linkedin.com\/company\/suno-research\/\",\"https:\/\/www.youtube.com\/c\/sunoresearch\"]},{\"@type\":\"Person\",\"@id\":\"https:\/\/www.suno.com.br\/noticias\/#\/schema\/person\/0a8b51292bb96ee5f104094c0907eaef\",\"name\":\"Ma\u00edra Telles\",\"image\":{\"@type\":\"ImageObject\",\"inLanguage\":\"pt-BR\",\"@id\":\"https:\/\/www.suno.com.br\/noticias\/#\/schema\/person\/image\/\",\"url\":\"https:\/\/secure.gravatar.com\/avatar\/8d13691eab6abc1d1050b62a4c2a6116?s=96&r=g\",\"contentUrl\":\"https:\/\/secure.gravatar.com\/avatar\/8d13691eab6abc1d1050b62a4c2a6116?s=96&r=g\",\"caption\":\"Ma\u00edra Telles\"},\"description\":\"Jornalista especializada em mercado financeiro, economia, neg\u00f3cios e agroneg\u00f3cio, com experi\u00eancia em reda\u00e7\u00e3o, comunica\u00e7\u00e3o estrat\u00e9gica e produ\u00e7\u00e3o de conte\u00fado para m\u00faltiplas plataformas. Com atua\u00e7\u00e3o tamb\u00e9m em marketing digital e gest\u00e3o de crise, une an\u00e1lise, apura\u00e7\u00e3o e linguagem acess\u00edvel para traduzir temas complexos em informa\u00e7\u00e3o relevante para investidores e leitores interessados no funcionamento da economia.\",\"url\":\"https:\/\/www.suno.com.br\/noticias\/author\/mairaftellesgmail-com\/\"}]}<\/script>\n<!-- \/ Yoast SEO plugin. -->","yoast_head_json":{"title":"John Ternus assume Apple (AAPL34)","description":"John Ternus assume o comando da Apple (AAPL34) no lugar de Tim Cook. Veja a trajet\u00f3ria do executivo e os desafios com IA e novos produtos.","robots":{"index":"index","follow":"follow","max-snippet":"max-snippet:-1","max-image-preview":"max-image-preview:large","max-video-preview":"max-video-preview:-1"},"canonical":"https:\/\/www.suno.com.br\/noticias\/john-ternus-novo-ceo-apple-aapl34-mt\/","og_locale":"pt_BR","og_type":"article","og_title":"John Ternus assume Apple (AAPL34)","og_description":"John Ternus assume o comando da Apple (AAPL34) no lugar de Tim Cook. Veja a trajet\u00f3ria do executivo e os desafios com IA e novos produtos.","og_url":"https:\/\/www.suno.com.br\/noticias\/john-ternus-novo-ceo-apple-aapl34-mt\/","og_site_name":"Suno Not\u00edcias","article_publisher":"https:\/\/facebook.com\/sunoresearch","og_image":[{"width":748,"height":410,"url":"http:\/\/files.sunoresearch.com.br\/n\/uploads\/2026\/09\/f03867fb-apple-1-jpg.webp","type":"image\/jpeg"}],"author":"Ma\u00edra Telles","twitter_card":"summary_large_image","twitter_creator":"@sunoresearch","twitter_site":"@sunoresearch","twitter_misc":{"Escrito por":"Ma\u00edra Telles","Est. tempo de leitura":"4 minutos"},"schema":{"@context":"https:\/\/schema.org","@graph":[{"@type":"NewsArticle","@id":"https:\/\/www.suno.com.br\/noticias\/john-ternus-novo-ceo-apple-aapl34-mt\/#article","isPartOf":{"@id":"https:\/\/www.suno.com.br\/noticias\/john-ternus-novo-ceo-apple-aapl34-mt\/"},"author":{"name":"Ma\u00edra Telles","@id":"https:\/\/www.suno.com.br\/noticias\/#\/schema\/person\/0a8b51292bb96ee5f104094c0907eaef"},"headline":"Apple (AAPL34) troca Tim Cook por John Ternus; veja os desafios do novo CEO","datePublished":"2026-09-01T21:12:38+00:00","mainEntityOfPage":{"@id":"https:\/\/www.suno.com.br\/noticias\/john-ternus-novo-ceo-apple-aapl34-mt\/"},"wordCount":766,"publisher":{"@id":"https:\/\/www.suno.com.br\/noticias\/#organization"},"image":{"@id":"https:\/\/www.suno.com.br\/noticias\/john-ternus-novo-ceo-apple-aapl34-mt\/#primaryimage"},"thumbnailUrl":"https:\/\/files.sunoresearch.com.br\/n\/uploads\/2026\/09\/f03867fb-apple-1-jpg.webp","articleSection":["Internacional"],"inLanguage":"pt-BR"},{"@type":"WebPage","@id":"https:\/\/www.suno.com.br\/noticias\/john-ternus-novo-ceo-apple-aapl34-mt\/","url":"https:\/\/www.suno.com.br\/noticias\/john-ternus-novo-ceo-apple-aapl34-mt\/","name":"John Ternus assume Apple (AAPL34)","isPartOf":{"@id":"https:\/\/www.suno.com.br\/noticias\/#website"},"primaryImageOfPage":{"@id":"https:\/\/www.suno.com.br\/noticias\/john-ternus-novo-ceo-apple-aapl34-mt\/#primaryimage"},"image":{"@id":"https:\/\/www.suno.com.br\/noticias\/john-ternus-novo-ceo-apple-aapl34-mt\/#primaryimage"},"thumbnailUrl":"https:\/\/files.sunoresearch.com.br\/n\/uploads\/2026\/09\/f03867fb-apple-1-jpg.webp","datePublished":"2026-09-01T21:12:38+00:00","description":"John Ternus assume o comando da Apple (AAPL34) no lugar de Tim Cook. Veja a trajet\u00f3ria do executivo e os desafios com IA e novos produtos.","breadcrumb":{"@id":"https:\/\/www.suno.com.br\/noticias\/john-ternus-novo-ceo-apple-aapl34-mt\/#breadcrumb"},"inLanguage":"pt-BR","potentialAction":[{"@type":"ReadAction","target":["https:\/\/www.suno.com.br\/noticias\/john-ternus-novo-ceo-apple-aapl34-mt\/"]}]},{"@type":"ImageObject","inLanguage":"pt-BR","@id":"https:\/\/www.suno.com.br\/noticias\/john-ternus-novo-ceo-apple-aapl34-mt\/#primaryimage","url":"https:\/\/files.sunoresearch.com.br\/n\/uploads\/2026\/09\/f03867fb-apple-1-jpg.webp","contentUrl":"https:\/\/files.sunoresearch.com.br\/n\/uploads\/2026\/09\/f03867fb-apple-1-jpg.webp","width":748,"height":410,"caption":"John Ternus assume o comando da Apple ap\u00f3s 15 anos de Tim Cook."},{"@type":"BreadcrumbList","@id":"https:\/\/www.suno.com.br\/noticias\/john-ternus-novo-ceo-apple-aapl34-mt\/#breadcrumb","itemListElement":[{"@type":"ListItem","position":1,"name":"Not\u00edcias","item":"https:\/\/www.suno.com.br\/noticias\/"},{"@type":"ListItem","position":2,"name":"Neg\u00f3cios","item":"https:\/\/www.suno.com.br\/noticias\/negocios\/"},{"@type":"ListItem","position":3,"name":"Apple (AAPL34) troca Tim Cook por John Ternus; veja os desafios do novo CEO"}]},{"@type":"WebSite","@id":"https:\/\/www.suno.com.br\/noticias\/#website","url":"https:\/\/www.suno.com.br\/noticias\/","name":"Suno Not\u00edcias","description":"Seu portal de informa\u00e7\u00e3o sobre o mundo dos investimentos","publisher":{"@id":"https:\/\/www.suno.com.br\/noticias\/#organization"},"potentialAction":[{"@type":"SearchAction","target":{"@type":"EntryPoint","urlTemplate":"https:\/\/www.suno.com.br\/noticias\/?s={search_term_string}"},"query-input":{"@type":"PropertyValueSpecification","valueRequired":true,"valueName":"search_term_string"}}],"inLanguage":"pt-BR"},{"@type":"Organization","@id":"https:\/\/www.suno.com.br\/noticias\/#organization","name":"Suno Not\u00edcias","url":"https:\/\/www.suno.com.br\/noticias\/","logo":{"@type":"ImageObject","inLanguage":"pt-BR","@id":"https:\/\/www.suno.com.br\/noticias\/#\/schema\/logo\/image\/","url":"https:\/\/files.sunoresearch.com.br\/n\/uploads\/2021\/09\/suno-logo.png","contentUrl":"https:\/\/files.sunoresearch.com.br\/n\/uploads\/2021\/09\/suno-logo.png","width":180,"height":180,"caption":"Suno Not\u00edcias"},"image":{"@id":"https:\/\/www.suno.com.br\/noticias\/#\/schema\/logo\/image\/"},"sameAs":["https:\/\/facebook.com\/sunoresearch","https:\/\/x.com\/sunoresearch","https:\/\/www.instagram.com\/suno","https:\/\/www.linkedin.com\/company\/suno-research\/","https:\/\/www.youtube.com\/c\/sunoresearch"]},{"@type":"Person","@id":"https:\/\/www.suno.com.br\/noticias\/#\/schema\/person\/0a8b51292bb96ee5f104094c0907eaef","name":"Ma\u00edra Telles","image":{"@type":"ImageObject","inLanguage":"pt-BR","@id":"https:\/\/www.suno.com.br\/noticias\/#\/schema\/person\/image\/","url":"https:\/\/secure.gravatar.com\/avatar\/8d13691eab6abc1d1050b62a4c2a6116?s=96&r=g","contentUrl":"https:\/\/secure.gravatar.com\/avatar\/8d13691eab6abc1d1050b62a4c2a6116?s=96&r=g","caption":"Ma\u00edra Telles"},"description":"Jornalista especializada em mercado financeiro, economia, neg\u00f3cios e agroneg\u00f3cio, com experi\u00eancia em reda\u00e7\u00e3o, comunica\u00e7\u00e3o estrat\u00e9gica e produ\u00e7\u00e3o de conte\u00fado para m\u00faltiplas plataformas. Com atua\u00e7\u00e3o tamb\u00e9m em marketing digital e gest\u00e3o de crise, une an\u00e1lise, apura\u00e7\u00e3o e linguagem acess\u00edvel para traduzir temas complexos em informa\u00e7\u00e3o relevante para investidores e leitores interessados no funcionamento da economia.","url":"https:\/\/www.suno.com.br\/noticias\/author\/mairaftellesgmail-com\/"}]}},"default_loop_html":"<div class=\"cardsPage__listCard__boxs\"><div class=\"cardsPage__listCard__boxs__img\"><a href=\"https:\/\/www.suno.com.br\/noticias\/john-ternus-novo-ceo-apple-aapl34-mt\/\"><img class=\"mask\" src=\"https:\/\/www.suno.com.br\/noticias\/wp-content\/themes\/suno\/resources\/images\/spotlight\/spotlight1img\/bg-mask.png\" alt=\"Image Mask\"\/><img src=\"https:\/\/files.sunoresearch.com.br\/n\/uploads\/2026\/09\/f03867fb-apple-1-400x200.webp\" alt=\"Apple (AAPL34) troca Tim Cook por John Ternus; veja os desafios do novo CEO\"\/><\/a><span class=\"spotlightCategory\"><a href=\"https:\/\/www.suno.com.br\/noticias\/internacional\/\">Internacional<\/a><\/span><\/div><div class=\"cardsPage__listCard__boxs__content\"><a href=\"https:\/\/www.suno.com.br\/noticias\/john-ternus-novo-ceo-apple-aapl34-mt\/\"><h2 class=\"content__title\">Apple (AAPL34) troca Tim Cook por John Ternus; veja os desafios do novo CEO<\/h2><\/a><div class=\"newsContent__article__meta\"><div class=\"newsContent__article__meta__authorBox\"><a href=\"https:\/\/www.suno.com.br\/noticias\/author\/mairaftellesgmail-com\/\" class=\"authorBox__avatar noMobi\"><img src=\"https:\/\/secure.gravatar.com\/avatar\/8d13691eab6abc1d1050b62a4c2a6116?s=96&#038;r=g\" alt=\"Ma\u00edra Telles\"><\/a><div class=\"authorBox__name\"><span>por\n\t\t\t<a href=\"https:\/\/www.suno.com.br\/noticias\/author\/mairaftellesgmail-com\/\"><span itemprop=\"author\">Ma\u00edra Telles<\/span><\/a><\/span><time datetime=\"2026-09-01T18:12:38-03:00\" itemprop=\"datePublished\">01\/09\/2026 18:12<\/time><\/div><\/div><\/div><\/div><\/div>","single_layout":"posts","amp_enabled":true,"_links":{"self":[{"href":"https:\/\/www.suno.com.br\/noticias\/wp-json\/wp\/v2\/posts\/663235"}],"collection":[{"href":"https:\/\/www.suno.com.br\/noticias\/wp-json\/wp\/v2\/posts"}],"about":[{"href":"https:\/\/www.suno.com.br\/noticias\/wp-json\/wp\/v2\/types\/post"}],"author":[{"embeddable":true,"href":"https:\/\/www.suno.com.br\/noticias\/wp-json\/wp\/v2\/users\/402"}],"replies":[{"embeddable":true,"href":"https:\/\/www.suno.com.br\/noticias\/wp-json\/wp\/v2\/comments?post=663235"}],"version-history":[{"count":0,"href":"https:\/\/www.suno.com.br\/noticias\/wp-json\/wp\/v2\/posts\/663235\/revisions"}],"wp:featuredmedia":[{"embeddable":true,"href":"https:\/\/www.suno.com.br\/noticias\/wp-json\/wp\/v2\/media\/663236"}],"wp:attachment":[{"href":"https:\/\/www.suno.com.br\/noticias\/wp-json\/wp\/v2\/media?parent=663235"}],"wp:term":[{"taxonomy":"category","embeddable":true,"href":"https:\/\/www.suno.com.br\/noticias\/wp-json\/wp\/v2\/categories?post=663235"},{"taxonomy":"post_tag","embeddable":true,"href":"https:\/\/www.suno.com.br\/noticias\/wp-json\/wp\/v2\/tags?post=663235"},{"taxonomy":"suno_strategy","embeddable":true,"href":"https:\/\/www.suno.com.br\/noticias\/wp-json\/wp\/v2\/suno_strategy?post=663235"}],"curies":[{"name":"wp","href":"https:\/\/api.w.org\/{rel}","templated":true}]}}