{"id":663193,"date":"2026-09-01T16:34:00","date_gmt":"2026-09-01T19:34:00","guid":{"rendered":"https:\/\/www.suno.com.br\/noticias\/?p=663193"},"modified":"2026-09-01T14:58:23","modified_gmt":"2026-09-01T17:58:23","slug":"suzano-suzb3-participacao-imetame-logistica-porto-mt","status":"publish","type":"post","link":"https:\/\/www.suno.com.br\/noticias\/suzano-suzb3-participacao-imetame-logistica-porto-mt\/","title":{"rendered":"Suzano (SUZB3) troca terrenos por fatia de 10% em porto estrat\u00e9gico no Esp\u00edrito Santo"},"content":{"rendered":"<p>A <strong>Suzano (SUZB3; SUZ)<\/strong> assinou um acordo para adquirir 10% da Imetame Log\u00edstica Porto, empreendimento em constru\u00e7\u00e3o em Aracruz, no Esp\u00edrito Santo. A opera\u00e7\u00e3o ser\u00e1 realizada por meio do aporte de terrenos da companhia, sem desembolso relevante de caixa ou impacto previsto no desempenho da Unidade Aracruz.<\/p>\t<div class=\"wrapper-featured-image\">\n\t\t<figure class=\"spotlightImg\">\n\n\t\t\t<picture>\n\t\t\t\t<source media=\"(max-width: 768px)\" srcset=\"https:\/\/files.sunoresearch.com.br\/n\/uploads\/2026\/09\/Imetame-Geral-Dragagem-400x200.webp\">\n\t\t\t\t<img loading=\"lazy\" decoding=\"async\" class=\"newsContent__article__imgCapa lazyloadDisabled \" src=\"https:\/\/files.sunoresearch.com.br\/n\/uploads\/2026\/09\/Imetame-Geral-Dragagem-800x450.webp\" width=\"800\" height=\"450\" alt=\"Suzano (SUZB3) troca terrenos por fatia de 10% em porto estrat\u00e9gico no Esp\u00edrito Santo\" fetchpriority=high \/>\n\t\t\t<\/picture>\n\n\t\t\t<figcaption class=\"wp-caption-text wp-caption-text--show\">Suzano (SUZB3) adquire participa\u00e7\u00e3o de 10% em complexo portu\u00e1rio em constru\u00e7\u00e3o no Esp\u00edrito Santo.<\/figcaption>\n\t\t<\/figure>\n\t<\/div>\n\n\n\n\n\n\t<p>\n\t\t<a href=\"https:\/\/lp.suno.com.br\/planilha-da-vida-financeira\/\" target=\"_blank\" data-element=\"shortcode-suno-banner\" title=\"Banner SUNO, clique e saiba mais\">\n\t\t\t<picture>\n\t\t\t\t<source media=\"(max-width: 500px)\" srcset=\"https:\/\/files.sunoresearch.com.br\/n\/uploads\/2023\/04\/400x300-Planilha-vida-financeira-true.png\">\n\t\t\t\t<img class=\"newsContent__article__imgCapa newsContent__article__imgCapa--banner\"\n\t\t\t\t\tsrc=\"https:\/\/files.sunoresearch.com.br\/n\/uploads\/2023\/04\/1420x240-Planilha-vida-financeira-true.png\"\n\t\t\t\t\tdata-promo-id=\"383123\"\t\t\t\t\t\t\t\t\t\twidth='1420' height='240'\t\t\t\t\talt=\"https:\/\/files.sunoresearch.com.br\/n\/uploads\/2023\/04\/1420x240-Planilha-vida-financeira-true.png\"\n\t\t\t\t>\n\t\t\t<\/picture>\n\t\t<\/a>\n\t<\/p>\n\n\n\n\n\n<p>O projeto prev\u00ea a constru\u00e7\u00e3o de um complexo portu\u00e1rio com cinco terminais: cont\u00eaineres, carga geral, gran\u00e9is s\u00f3lidos, gran\u00e9is l\u00edquidos e opera\u00e7\u00f5es <em>ship-to-ship<\/em>, quando a transfer\u00eancia de cargas ocorre diretamente entre embarca\u00e7\u00f5es.<\/p>\n\n\n\n<p>Segundo o comunicado ao mercado divulgado no <a href=\"https:\/\/s201.q4cdn.com\/761980458\/files\/content_files\/Suzano_CM_Deal-Imetame-Log%C3%ADstica_vFinal-versao.pdf\">RI da Suzano<\/a>, a transa\u00e7\u00e3o ainda depende do cumprimento de condi\u00e7\u00f5es precedentes, incluindo a aprova\u00e7\u00e3o da autoridade regulat\u00f3ria.<\/p>\n\n\n\n<h2 class=\"wp-block-heading\">Suzano transforma terrenos em participa\u00e7\u00e3o estrat\u00e9gica<\/h2>\n\n\n\n<p>A entrada no projeto aproveita \u00e1reas que j\u00e1 pertencem \u00e0 Suzano na regi\u00e3o de Aracruz. Em vez de vender os terrenos ou realizar um investimento tradicional em dinheiro, a companhia utilizar\u00e1 esses ativos para formar sua participa\u00e7\u00e3o no empreendimento.<\/p>\n\n\n\n<p>\u201cA Suzano acredita que a Opera\u00e7\u00e3o est\u00e1 alinhada \u00e0 sua estrat\u00e9gia de cria\u00e7\u00e3o de valor de <a class=\"suno-keyword\" target=\"_blank\" data-force=\"no\" data-priority=\"1\" href=\"https:\/\/www.suno.com.br\/artigos\/longo-prazo\/\" rel=\"noopener\">longo prazo<\/a>, combinando seu expertise de neg\u00f3cio em log\u00edstica portu\u00e1ria com o potencial de monetiza\u00e7\u00e3o de seus ativos fundi\u00e1rios\u201d, afirmou a empresa no documento enviado ao RI.<\/p>\n\n\n\n<p>A companhia tamb\u00e9m destacou que o empreendimento poder\u00e1 se consolidar como uma plataforma log\u00edstica relevante para o com\u00e9rcio exterior brasileiro, em parceria com grupos especializados no desenvolvimento e na opera\u00e7\u00e3o de infraestrutura.<\/p>\n\n\n\n<h2 class=\"wp-block-heading\">Porto ter\u00e1 terminal de cont\u00eaineres com Hapag-Lloyd<\/h2>\n\n\n\t<p>\n\t\t<a href=\"https:\/\/lp.suno.com.br\/ebook-como-analisar-uma-acao\/\" target=\"_blank\" data-element=\"shortcode-suno-banner\" title=\"Banner SUNO, clique e saiba mais\">\n\t\t\t<picture>\n\t\t\t\t<source media=\"(max-width: 500px)\" srcset=\"https:\/\/files.sunoresearch.com.br\/n\/uploads\/2023\/03\/Ebook-Acoes-Mobile.jpg\">\n\t\t\t\t<img class=\"newsContent__article__imgCapa newsContent__article__imgCapa--banner\"\n\t\t\t\t\tsrc=\"https:\/\/files.sunoresearch.com.br\/n\/uploads\/2023\/03\/Ebook-Acoes-Desktop.jpg\"\n\t\t\t\t\tdata-promo-id=\"378302\"\t\t\t\t\t\t\t\t\t\twidth='1420' height='286'\t\t\t\t\talt=\"https:\/\/files.sunoresearch.com.br\/n\/uploads\/2023\/03\/Ebook-Acoes-Desktop.jpg\"\n\t\t\t\t>\n\t\t\t<\/picture>\n\t\t<\/a>\n\t<\/p>\n\n\n\n\n\n<p>A primeira fase do complexo deve iniciar as opera\u00e7\u00f5es de carga geral no come\u00e7o de 2027. O terminal de cont\u00eaineres est\u00e1 previsto para entrar em funcionamento em meados de 2028.<\/p>\n\n\n\n<p>Essa unidade ser\u00e1 desenvolvida em uma <a class=\"suno-keyword\" target=\"_blank\" data-force=\"no\" data-priority=\"2\" href=\"https:\/\/www.suno.com.br\/artigos\/joint-venture\/\" rel=\"noopener\">joint venture<\/a> com participa\u00e7\u00e3o de 50% da Hanseatic Global Terminals (HGT), divis\u00e3o de terminais da Hapag-Lloyd, uma das maiores armadoras de cont\u00eaineres do mundo.<\/p>\n\n\n\n<p>A estrutura ter\u00e1 capacidade futura estimada em aproximadamente 1,2 milh\u00e3o de TEUs por ano, 750 metros de cais e equipamentos modernos para movimenta\u00e7\u00e3o de cargas. Com profundidade de 17 metros, o terminal poder\u00e1 receber embarca\u00e7\u00f5es de grande porte.<\/p>\n\n\n\n<p>Os demais terminais ser\u00e3o implantados em etapas posteriores, de acordo com o cronograma de desenvolvimento do porto.<\/p>\n\n\n\n<h2 class=\"wp-block-heading\">Opera\u00e7\u00e3o n\u00e3o prev\u00ea capex para 2026<\/h2>\n\n\n\n<p>A Suzano informou que a participa\u00e7\u00e3o na Imetame Log\u00edstica Porto n\u00e3o dever\u00e1 representar investimento relevante para sua <a class=\"suno-keyword\" target=\"_blank\" data-force=\"no\" data-priority=\"1\" href=\"https:\/\/www.suno.com.br\/artigos\/indicadores-estrutura-capital\/\" rel=\"noopener\">estrutura de capital<\/a> nem alterar o plano de investimentos dos pr\u00f3ximos anos.<\/p>\n\n\n\n<p>Tamb\u00e9m n\u00e3o h\u00e1 previs\u00e3o de investimentos de capital, o chamado <em>capex<\/em>, associados \u00e0 participa\u00e7\u00e3o no empreendimento durante 2026. A empresa afirmou ainda que o aporte dos terrenos n\u00e3o dever\u00e1 afetar o desempenho operacional ou econ\u00f4mico da Unidade Aracruz.<\/p>\n\n\n\n<p>A transa\u00e7\u00e3o amplia a presen\u00e7a da <strong>Suzano (SUZB3)<\/strong> em uma regi\u00e3o onde a companhia j\u00e1 possui ativos log\u00edsticos e opera\u00e7\u00e3o industrial. O fechamento do acordo, contudo, ainda depende das aprova\u00e7\u00f5es previstas e das demais condi\u00e7\u00f5es estabelecidas entre as partes.<\/p>\n\n\n\n\n\t<p>\n\t\t<a href=\"https:\/\/lp.suno.com.br\/planilha-da-vida-financeira\/\" target=\"_blank\" data-element=\"shortcode-suno-banner\" title=\"Banner SUNO, clique e saiba mais\">\n\t\t\t<picture>\n\t\t\t\t<source media=\"(max-width: 500px)\" srcset=\"https:\/\/files.sunoresearch.com.br\/n\/uploads\/2023\/04\/400x300-Planilha-vida-financeira-true.png\">\n\t\t\t\t<img class=\"newsContent__article__imgCapa newsContent__article__imgCapa--banner\"\n\t\t\t\t\tsrc=\"https:\/\/files.sunoresearch.com.br\/n\/uploads\/2023\/04\/1420x240-Planilha-vida-financeira-true.png\"\n\t\t\t\t\tdata-promo-id=\"106682\"\t\t\t\t\t\t\t\t\t\twidth='1420' height='240'\t\t\t\t\talt=\"https:\/\/files.sunoresearch.com.br\/n\/uploads\/2023\/04\/1420x240-Planilha-vida-financeira-true.png\"\n\t\t\t\t>\n\t\t\t<\/picture>\n\t\t<\/a>\n\t<\/p>\n\n\n","protected":false},"excerpt":{"rendered":"<p>A Suzano (SUZB3; SUZ) assinou um acordo para adquirir 10% da Imetame Log\u00edstica Porto, empreendimento em constru\u00e7\u00e3o em Aracruz, no Esp\u00edrito Santo. A opera\u00e7\u00e3o ser\u00e1 realizada por meio do aporte de terrenos da companhia, sem desembolso relevante de caixa ou impacto previsto no desempenho da Unidade Aracruz. Suzano (SUZB3) adquire participa\u00e7\u00e3o de 10% em complexo [&hellip;]<\/p>\n","protected":false},"author":43,"featured_media":663196,"comment_status":"closed","ping_status":"closed","sticky":false,"template":"","format":"standard","meta":[],"categories":[64],"tags":[648],"suno_strategy":[],"class_list":["post-663193","post","type-post","status-publish","format-standard","has-post-thumbnail","hentry","category-negocios","tag-suzano-suzb3"],"yoast_head":"<!-- This site is optimized with the Yoast SEO plugin v24.4 - https:\/\/yoast.com\/wordpress\/plugins\/seo\/ -->\n<title>Suzano (SUZB3) ter\u00e1 10% de porto no Esp\u00edrito Santo<\/title>\n<meta name=\"description\" content=\"Suzano (SUZB3) adquire 10% da Imetame Log\u00edstica Porto por meio de aporte de terrenos; complexo ter\u00e1 cinco terminais em Aracruz\" \/>\n<meta name=\"robots\" content=\"index, follow, max-snippet:-1, max-image-preview:large, max-video-preview:-1\" \/>\n<link rel=\"canonical\" href=\"https:\/\/www.suno.com.br\/noticias\/suzano-suzb3-participacao-imetame-logistica-porto-mt\/\" \/>\n<meta property=\"og:locale\" content=\"pt_BR\" \/>\n<meta property=\"og:type\" content=\"article\" \/>\n<meta property=\"og:title\" content=\"Suzano (SUZB3) ter\u00e1 10% de porto no Esp\u00edrito Santo\" \/>\n<meta property=\"og:description\" content=\"Suzano (SUZB3) adquire 10% da Imetame Log\u00edstica Porto por meio de aporte de terrenos; complexo ter\u00e1 cinco terminais em Aracruz\" \/>\n<meta property=\"og:url\" content=\"https:\/\/www.suno.com.br\/noticias\/suzano-suzb3-participacao-imetame-logistica-porto-mt\/\" \/>\n<meta property=\"og:site_name\" content=\"Suno Not\u00edcias\" \/>\n<meta property=\"article:publisher\" content=\"https:\/\/facebook.com\/sunoresearch\" \/>\n<meta property=\"article:author\" content=\"https:\/\/www.facebook.com\/sunonoticias\/\" \/>\n<meta property=\"og:image\" content=\"http:\/\/files.sunoresearch.com.br\/n\/uploads\/2026\/09\/Imetame-Geral-Dragagem-scaled.webp\" \/>\n\t<meta property=\"og:image:width\" content=\"2560\" \/>\n\t<meta property=\"og:image:height\" content=\"1920\" \/>\n\t<meta property=\"og:image:type\" content=\"image\/jpeg\" \/>\n<meta name=\"author\" content=\"Reda\u00e7\u00e3o Suno Not\u00edcias\" \/>\n<meta name=\"twitter:card\" content=\"summary_large_image\" \/>\n<meta name=\"twitter:creator\" content=\"@https:\/\/twitter.com\/sunoresearch\" \/>\n<meta name=\"twitter:site\" content=\"@sunoresearch\" \/>\n<meta name=\"twitter:label1\" content=\"Escrito por\" \/>\n\t<meta name=\"twitter:data1\" content=\"Reda\u00e7\u00e3o Suno Not\u00edcias\" \/>\n\t<meta name=\"twitter:label2\" content=\"Est. tempo de leitura\" \/>\n\t<meta name=\"twitter:data2\" content=\"3 minutos\" \/>\n<script type=\"application\/ld+json\" class=\"yoast-schema-graph\">{\"@context\":\"https:\/\/schema.org\",\"@graph\":[{\"@type\":\"NewsArticle\",\"@id\":\"https:\/\/www.suno.com.br\/noticias\/suzano-suzb3-participacao-imetame-logistica-porto-mt\/#article\",\"isPartOf\":{\"@id\":\"https:\/\/www.suno.com.br\/noticias\/suzano-suzb3-participacao-imetame-logistica-porto-mt\/\"},\"author\":{\"name\":\"Reda\u00e7\u00e3o Suno Not\u00edcias\",\"@id\":\"https:\/\/www.suno.com.br\/noticias\/#\/schema\/person\/c1b1bd3727fa852bd045e9dbff3673ea\"},\"headline\":\"Suzano (SUZB3) troca terrenos por fatia de 10% em porto estrat\u00e9gico no Esp\u00edrito Santo\",\"datePublished\":\"2026-09-01T19:34:00+00:00\",\"mainEntityOfPage\":{\"@id\":\"https:\/\/www.suno.com.br\/noticias\/suzano-suzb3-participacao-imetame-logistica-porto-mt\/\"},\"wordCount\":533,\"publisher\":{\"@id\":\"https:\/\/www.suno.com.br\/noticias\/#organization\"},\"image\":{\"@id\":\"https:\/\/www.suno.com.br\/noticias\/suzano-suzb3-participacao-imetame-logistica-porto-mt\/#primaryimage\"},\"thumbnailUrl\":\"https:\/\/files.sunoresearch.com.br\/n\/uploads\/2026\/09\/Imetame-Geral-Dragagem-scaled.webp\",\"keywords\":[\"Suzano (SUZB3)\"],\"articleSection\":[\"Neg\u00f3cios\"],\"inLanguage\":\"pt-BR\"},{\"@type\":\"WebPage\",\"@id\":\"https:\/\/www.suno.com.br\/noticias\/suzano-suzb3-participacao-imetame-logistica-porto-mt\/\",\"url\":\"https:\/\/www.suno.com.br\/noticias\/suzano-suzb3-participacao-imetame-logistica-porto-mt\/\",\"name\":\"Suzano (SUZB3) ter\u00e1 10% de porto no Esp\u00edrito Santo\",\"isPartOf\":{\"@id\":\"https:\/\/www.suno.com.br\/noticias\/#website\"},\"primaryImageOfPage\":{\"@id\":\"https:\/\/www.suno.com.br\/noticias\/suzano-suzb3-participacao-imetame-logistica-porto-mt\/#primaryimage\"},\"image\":{\"@id\":\"https:\/\/www.suno.com.br\/noticias\/suzano-suzb3-participacao-imetame-logistica-porto-mt\/#primaryimage\"},\"thumbnailUrl\":\"https:\/\/files.sunoresearch.com.br\/n\/uploads\/2026\/09\/Imetame-Geral-Dragagem-scaled.webp\",\"datePublished\":\"2026-09-01T19:34:00+00:00\",\"description\":\"Suzano (SUZB3) adquire 10% da Imetame Log\u00edstica Porto por meio de aporte de terrenos; complexo ter\u00e1 cinco terminais em Aracruz\",\"breadcrumb\":{\"@id\":\"https:\/\/www.suno.com.br\/noticias\/suzano-suzb3-participacao-imetame-logistica-porto-mt\/#breadcrumb\"},\"inLanguage\":\"pt-BR\",\"potentialAction\":[{\"@type\":\"ReadAction\",\"target\":[\"https:\/\/www.suno.com.br\/noticias\/suzano-suzb3-participacao-imetame-logistica-porto-mt\/\"]}]},{\"@type\":\"ImageObject\",\"inLanguage\":\"pt-BR\",\"@id\":\"https:\/\/www.suno.com.br\/noticias\/suzano-suzb3-participacao-imetame-logistica-porto-mt\/#primaryimage\",\"url\":\"https:\/\/files.sunoresearch.com.br\/n\/uploads\/2026\/09\/Imetame-Geral-Dragagem-scaled.webp\",\"contentUrl\":\"https:\/\/files.sunoresearch.com.br\/n\/uploads\/2026\/09\/Imetame-Geral-Dragagem-scaled.webp\",\"width\":2560,\"height\":1920,\"caption\":\"Suzano (SUZB3) adquire participa\u00e7\u00e3o de 10% em complexo portu\u00e1rio em constru\u00e7\u00e3o no Esp\u00edrito Santo.\"},{\"@type\":\"BreadcrumbList\",\"@id\":\"https:\/\/www.suno.com.br\/noticias\/suzano-suzb3-participacao-imetame-logistica-porto-mt\/#breadcrumb\",\"itemListElement\":[{\"@type\":\"ListItem\",\"position\":1,\"name\":\"Not\u00edcias\",\"item\":\"https:\/\/www.suno.com.br\/noticias\/\"},{\"@type\":\"ListItem\",\"position\":2,\"name\":\"Neg\u00f3cios\",\"item\":\"https:\/\/www.suno.com.br\/noticias\/negocios\/\"},{\"@type\":\"ListItem\",\"position\":3,\"name\":\"Suzano (SUZB3) troca terrenos por fatia de 10% em porto estrat\u00e9gico no Esp\u00edrito Santo\"}]},{\"@type\":\"WebSite\",\"@id\":\"https:\/\/www.suno.com.br\/noticias\/#website\",\"url\":\"https:\/\/www.suno.com.br\/noticias\/\",\"name\":\"Suno Not\u00edcias\",\"description\":\"Seu portal de informa\u00e7\u00e3o sobre o mundo dos investimentos\",\"publisher\":{\"@id\":\"https:\/\/www.suno.com.br\/noticias\/#organization\"},\"potentialAction\":[{\"@type\":\"SearchAction\",\"target\":{\"@type\":\"EntryPoint\",\"urlTemplate\":\"https:\/\/www.suno.com.br\/noticias\/?s={search_term_string}\"},\"query-input\":{\"@type\":\"PropertyValueSpecification\",\"valueRequired\":true,\"valueName\":\"search_term_string\"}}],\"inLanguage\":\"pt-BR\"},{\"@type\":\"Organization\",\"@id\":\"https:\/\/www.suno.com.br\/noticias\/#organization\",\"name\":\"Suno Not\u00edcias\",\"url\":\"https:\/\/www.suno.com.br\/noticias\/\",\"logo\":{\"@type\":\"ImageObject\",\"inLanguage\":\"pt-BR\",\"@id\":\"https:\/\/www.suno.com.br\/noticias\/#\/schema\/logo\/image\/\",\"url\":\"https:\/\/files.sunoresearch.com.br\/n\/uploads\/2021\/09\/suno-logo.png\",\"contentUrl\":\"https:\/\/files.sunoresearch.com.br\/n\/uploads\/2021\/09\/suno-logo.png\",\"width\":180,\"height\":180,\"caption\":\"Suno Not\u00edcias\"},\"image\":{\"@id\":\"https:\/\/www.suno.com.br\/noticias\/#\/schema\/logo\/image\/\"},\"sameAs\":[\"https:\/\/facebook.com\/sunoresearch\",\"https:\/\/x.com\/sunoresearch\",\"https:\/\/www.instagram.com\/suno\",\"https:\/\/www.linkedin.com\/company\/suno-research\/\",\"https:\/\/www.youtube.com\/c\/sunoresearch\"]},{\"@type\":\"Person\",\"@id\":\"https:\/\/www.suno.com.br\/noticias\/#\/schema\/person\/c1b1bd3727fa852bd045e9dbff3673ea\",\"name\":\"Reda\u00e7\u00e3o Suno Not\u00edcias\",\"image\":{\"@type\":\"ImageObject\",\"inLanguage\":\"pt-BR\",\"@id\":\"https:\/\/www.suno.com.br\/noticias\/#\/schema\/person\/image\/\",\"url\":\"https:\/\/secure.gravatar.com\/avatar\/b8104b9b5a71985d5238ee59fbe418af?s=96&r=g\",\"contentUrl\":\"https:\/\/secure.gravatar.com\/avatar\/b8104b9b5a71985d5238ee59fbe418af?s=96&r=g\",\"caption\":\"Reda\u00e7\u00e3o Suno Not\u00edcias\"},\"description\":\"O Suno Not\u00edcias \u00e9 um portal de informa\u00e7\u00f5es sobre Mercado Financeiro, Pol\u00edtica, Neg\u00f3cios, Economia e Finan\u00e7as Pessoais.\",\"sameAs\":[\"https:\/\/www.suno.com.br\/noticias\",\"https:\/\/www.facebook.com\/sunonoticias\/\",\"https:\/\/www.instagram.com\/sunonoticias\/\",\"https:\/\/x.com\/https:\/\/twitter.com\/sunoresearch\",\"https:\/\/www.youtube.com\/sunonoticias\"],\"url\":\"https:\/\/www.suno.com.br\/noticias\/author\/redacao-suno\/\"}]}<\/script>\n<!-- \/ Yoast SEO plugin. -->","yoast_head_json":{"title":"Suzano (SUZB3) ter\u00e1 10% de porto no Esp\u00edrito Santo","description":"Suzano (SUZB3) adquire 10% da Imetame Log\u00edstica Porto por meio de aporte de terrenos; complexo ter\u00e1 cinco terminais em Aracruz","robots":{"index":"index","follow":"follow","max-snippet":"max-snippet:-1","max-image-preview":"max-image-preview:large","max-video-preview":"max-video-preview:-1"},"canonical":"https:\/\/www.suno.com.br\/noticias\/suzano-suzb3-participacao-imetame-logistica-porto-mt\/","og_locale":"pt_BR","og_type":"article","og_title":"Suzano (SUZB3) ter\u00e1 10% de porto no Esp\u00edrito Santo","og_description":"Suzano (SUZB3) adquire 10% da Imetame Log\u00edstica Porto por meio de aporte de terrenos; complexo ter\u00e1 cinco terminais em Aracruz","og_url":"https:\/\/www.suno.com.br\/noticias\/suzano-suzb3-participacao-imetame-logistica-porto-mt\/","og_site_name":"Suno Not\u00edcias","article_publisher":"https:\/\/facebook.com\/sunoresearch","article_author":"https:\/\/www.facebook.com\/sunonoticias\/","og_image":[{"width":2560,"height":1920,"url":"http:\/\/files.sunoresearch.com.br\/n\/uploads\/2026\/09\/Imetame-Geral-Dragagem-scaled.webp","type":"image\/jpeg"}],"author":"Reda\u00e7\u00e3o Suno Not\u00edcias","twitter_card":"summary_large_image","twitter_creator":"@https:\/\/twitter.com\/sunoresearch","twitter_site":"@sunoresearch","twitter_misc":{"Escrito por":"Reda\u00e7\u00e3o Suno Not\u00edcias","Est. tempo de leitura":"3 minutos"},"schema":{"@context":"https:\/\/schema.org","@graph":[{"@type":"NewsArticle","@id":"https:\/\/www.suno.com.br\/noticias\/suzano-suzb3-participacao-imetame-logistica-porto-mt\/#article","isPartOf":{"@id":"https:\/\/www.suno.com.br\/noticias\/suzano-suzb3-participacao-imetame-logistica-porto-mt\/"},"author":{"name":"Reda\u00e7\u00e3o Suno Not\u00edcias","@id":"https:\/\/www.suno.com.br\/noticias\/#\/schema\/person\/c1b1bd3727fa852bd045e9dbff3673ea"},"headline":"Suzano (SUZB3) troca terrenos por fatia de 10% em porto estrat\u00e9gico no Esp\u00edrito Santo","datePublished":"2026-09-01T19:34:00+00:00","mainEntityOfPage":{"@id":"https:\/\/www.suno.com.br\/noticias\/suzano-suzb3-participacao-imetame-logistica-porto-mt\/"},"wordCount":533,"publisher":{"@id":"https:\/\/www.suno.com.br\/noticias\/#organization"},"image":{"@id":"https:\/\/www.suno.com.br\/noticias\/suzano-suzb3-participacao-imetame-logistica-porto-mt\/#primaryimage"},"thumbnailUrl":"https:\/\/files.sunoresearch.com.br\/n\/uploads\/2026\/09\/Imetame-Geral-Dragagem-scaled.webp","keywords":["Suzano (SUZB3)"],"articleSection":["Neg\u00f3cios"],"inLanguage":"pt-BR"},{"@type":"WebPage","@id":"https:\/\/www.suno.com.br\/noticias\/suzano-suzb3-participacao-imetame-logistica-porto-mt\/","url":"https:\/\/www.suno.com.br\/noticias\/suzano-suzb3-participacao-imetame-logistica-porto-mt\/","name":"Suzano (SUZB3) ter\u00e1 10% de porto no Esp\u00edrito Santo","isPartOf":{"@id":"https:\/\/www.suno.com.br\/noticias\/#website"},"primaryImageOfPage":{"@id":"https:\/\/www.suno.com.br\/noticias\/suzano-suzb3-participacao-imetame-logistica-porto-mt\/#primaryimage"},"image":{"@id":"https:\/\/www.suno.com.br\/noticias\/suzano-suzb3-participacao-imetame-logistica-porto-mt\/#primaryimage"},"thumbnailUrl":"https:\/\/files.sunoresearch.com.br\/n\/uploads\/2026\/09\/Imetame-Geral-Dragagem-scaled.webp","datePublished":"2026-09-01T19:34:00+00:00","description":"Suzano (SUZB3) adquire 10% da Imetame Log\u00edstica Porto por meio de aporte de terrenos; complexo ter\u00e1 cinco terminais em Aracruz","breadcrumb":{"@id":"https:\/\/www.suno.com.br\/noticias\/suzano-suzb3-participacao-imetame-logistica-porto-mt\/#breadcrumb"},"inLanguage":"pt-BR","potentialAction":[{"@type":"ReadAction","target":["https:\/\/www.suno.com.br\/noticias\/suzano-suzb3-participacao-imetame-logistica-porto-mt\/"]}]},{"@type":"ImageObject","inLanguage":"pt-BR","@id":"https:\/\/www.suno.com.br\/noticias\/suzano-suzb3-participacao-imetame-logistica-porto-mt\/#primaryimage","url":"https:\/\/files.sunoresearch.com.br\/n\/uploads\/2026\/09\/Imetame-Geral-Dragagem-scaled.webp","contentUrl":"https:\/\/files.sunoresearch.com.br\/n\/uploads\/2026\/09\/Imetame-Geral-Dragagem-scaled.webp","width":2560,"height":1920,"caption":"Suzano (SUZB3) adquire participa\u00e7\u00e3o de 10% em complexo portu\u00e1rio em constru\u00e7\u00e3o no Esp\u00edrito Santo."},{"@type":"BreadcrumbList","@id":"https:\/\/www.suno.com.br\/noticias\/suzano-suzb3-participacao-imetame-logistica-porto-mt\/#breadcrumb","itemListElement":[{"@type":"ListItem","position":1,"name":"Not\u00edcias","item":"https:\/\/www.suno.com.br\/noticias\/"},{"@type":"ListItem","position":2,"name":"Neg\u00f3cios","item":"https:\/\/www.suno.com.br\/noticias\/negocios\/"},{"@type":"ListItem","position":3,"name":"Suzano (SUZB3) troca terrenos por fatia de 10% em porto estrat\u00e9gico no Esp\u00edrito Santo"}]},{"@type":"WebSite","@id":"https:\/\/www.suno.com.br\/noticias\/#website","url":"https:\/\/www.suno.com.br\/noticias\/","name":"Suno Not\u00edcias","description":"Seu portal de informa\u00e7\u00e3o sobre o mundo dos investimentos","publisher":{"@id":"https:\/\/www.suno.com.br\/noticias\/#organization"},"potentialAction":[{"@type":"SearchAction","target":{"@type":"EntryPoint","urlTemplate":"https:\/\/www.suno.com.br\/noticias\/?s={search_term_string}"},"query-input":{"@type":"PropertyValueSpecification","valueRequired":true,"valueName":"search_term_string"}}],"inLanguage":"pt-BR"},{"@type":"Organization","@id":"https:\/\/www.suno.com.br\/noticias\/#organization","name":"Suno Not\u00edcias","url":"https:\/\/www.suno.com.br\/noticias\/","logo":{"@type":"ImageObject","inLanguage":"pt-BR","@id":"https:\/\/www.suno.com.br\/noticias\/#\/schema\/logo\/image\/","url":"https:\/\/files.sunoresearch.com.br\/n\/uploads\/2021\/09\/suno-logo.png","contentUrl":"https:\/\/files.sunoresearch.com.br\/n\/uploads\/2021\/09\/suno-logo.png","width":180,"height":180,"caption":"Suno Not\u00edcias"},"image":{"@id":"https:\/\/www.suno.com.br\/noticias\/#\/schema\/logo\/image\/"},"sameAs":["https:\/\/facebook.com\/sunoresearch","https:\/\/x.com\/sunoresearch","https:\/\/www.instagram.com\/suno","https:\/\/www.linkedin.com\/company\/suno-research\/","https:\/\/www.youtube.com\/c\/sunoresearch"]},{"@type":"Person","@id":"https:\/\/www.suno.com.br\/noticias\/#\/schema\/person\/c1b1bd3727fa852bd045e9dbff3673ea","name":"Reda\u00e7\u00e3o Suno Not\u00edcias","image":{"@type":"ImageObject","inLanguage":"pt-BR","@id":"https:\/\/www.suno.com.br\/noticias\/#\/schema\/person\/image\/","url":"https:\/\/secure.gravatar.com\/avatar\/b8104b9b5a71985d5238ee59fbe418af?s=96&r=g","contentUrl":"https:\/\/secure.gravatar.com\/avatar\/b8104b9b5a71985d5238ee59fbe418af?s=96&r=g","caption":"Reda\u00e7\u00e3o Suno Not\u00edcias"},"description":"O Suno Not\u00edcias \u00e9 um portal de informa\u00e7\u00f5es sobre Mercado Financeiro, Pol\u00edtica, Neg\u00f3cios, Economia e Finan\u00e7as Pessoais.","sameAs":["https:\/\/www.suno.com.br\/noticias","https:\/\/www.facebook.com\/sunonoticias\/","https:\/\/www.instagram.com\/sunonoticias\/","https:\/\/x.com\/https:\/\/twitter.com\/sunoresearch","https:\/\/www.youtube.com\/sunonoticias"],"url":"https:\/\/www.suno.com.br\/noticias\/author\/redacao-suno\/"}]}},"default_loop_html":"<div class=\"cardsPage__listCard__boxs\"><div class=\"cardsPage__listCard__boxs__img\"><a href=\"https:\/\/www.suno.com.br\/noticias\/suzano-suzb3-participacao-imetame-logistica-porto-mt\/\"><img class=\"mask\" src=\"https:\/\/www.suno.com.br\/noticias\/wp-content\/themes\/suno\/resources\/images\/spotlight\/spotlight1img\/bg-mask.png\" alt=\"Image Mask\"\/><img src=\"https:\/\/files.sunoresearch.com.br\/n\/uploads\/2026\/09\/Imetame-Geral-Dragagem-400x200.webp\" alt=\"Suzano (SUZB3) troca terrenos por fatia de 10% em porto estrat\u00e9gico no Esp\u00edrito Santo\"\/><\/a><span class=\"spotlightCategory\"><a href=\"https:\/\/www.suno.com.br\/noticias\/negocios\/\">Neg\u00f3cios<\/a><\/span><\/div><div class=\"cardsPage__listCard__boxs__content\"><a href=\"https:\/\/www.suno.com.br\/noticias\/suzano-suzb3-participacao-imetame-logistica-porto-mt\/\"><h2 class=\"content__title\">Suzano (SUZB3) troca terrenos por fatia de 10% em porto estrat\u00e9gico no Esp\u00edrito Santo<\/h2><\/a><div class=\"newsContent__article__meta\"><div class=\"newsContent__article__meta__authorBox\"><a href=\"https:\/\/www.suno.com.br\/noticias\/author\/redacao-suno\/\" class=\"authorBox__avatar noMobi\"><img src=\"https:\/\/files.sunoresearch.com.br\/n\/uploads\/2020\/08\/0ace682d-redacao-1-150x150.webp\" alt=\"Reda\u00e7\u00e3o Suno Not\u00edcias\"><\/a><div class=\"authorBox__name\"><span>por\n\t\t\t<a href=\"https:\/\/www.suno.com.br\/noticias\/author\/redacao-suno\/\"><span itemprop=\"author\">Reda\u00e7\u00e3o Suno Not\u00edcias<\/span><\/a><\/span><time datetime=\"2026-09-01T16:34:00-03:00\" itemprop=\"datePublished\">01\/09\/2026 16:34<\/time><\/div><\/div><\/div><\/div><\/div>","single_layout":"posts","amp_enabled":true,"_links":{"self":[{"href":"https:\/\/www.suno.com.br\/noticias\/wp-json\/wp\/v2\/posts\/663193"}],"collection":[{"href":"https:\/\/www.suno.com.br\/noticias\/wp-json\/wp\/v2\/posts"}],"about":[{"href":"https:\/\/www.suno.com.br\/noticias\/wp-json\/wp\/v2\/types\/post"}],"author":[{"embeddable":true,"href":"https:\/\/www.suno.com.br\/noticias\/wp-json\/wp\/v2\/users\/43"}],"replies":[{"embeddable":true,"href":"https:\/\/www.suno.com.br\/noticias\/wp-json\/wp\/v2\/comments?post=663193"}],"version-history":[{"count":1,"href":"https:\/\/www.suno.com.br\/noticias\/wp-json\/wp\/v2\/posts\/663193\/revisions"}],"predecessor-version":[{"id":663197,"href":"https:\/\/www.suno.com.br\/noticias\/wp-json\/wp\/v2\/posts\/663193\/revisions\/663197"}],"wp:featuredmedia":[{"embeddable":true,"href":"https:\/\/www.suno.com.br\/noticias\/wp-json\/wp\/v2\/media\/663196"}],"wp:attachment":[{"href":"https:\/\/www.suno.com.br\/noticias\/wp-json\/wp\/v2\/media?parent=663193"}],"wp:term":[{"taxonomy":"category","embeddable":true,"href":"https:\/\/www.suno.com.br\/noticias\/wp-json\/wp\/v2\/categories?post=663193"},{"taxonomy":"post_tag","embeddable":true,"href":"https:\/\/www.suno.com.br\/noticias\/wp-json\/wp\/v2\/tags?post=663193"},{"taxonomy":"suno_strategy","embeddable":true,"href":"https:\/\/www.suno.com.br\/noticias\/wp-json\/wp\/v2\/suno_strategy?post=663193"}],"curies":[{"name":"wp","href":"https:\/\/api.w.org\/{rel}","templated":true}]}}