{"id":663188,"date":"2026-09-01T15:36:00","date_gmt":"2026-09-01T18:36:00","guid":{"rendered":"https:\/\/www.suno.com.br\/noticias\/?p=663188"},"modified":"2026-09-01T14:54:24","modified_gmt":"2026-09-01T17:54:24","slug":"natura-natu3-alessandro-carlucci-novo-ceo-mt","status":"publish","type":"post","link":"https:\/\/www.suno.com.br\/noticias\/natura-natu3-alessandro-carlucci-novo-ceo-mt\/","title":{"rendered":"Natura (NATU3) traz ex-CEO de volta e a\u00e7\u00e3o chega a subir 9%; veja quem assume"},"content":{"rendered":"<p>A <strong>Natura (NATU3)<\/strong> decidiu resgatar um nome conhecido para tentar acelerar sua recupera\u00e7\u00e3o. A companhia anunciou o retorno de Alessandro Carlucci ao cargo de <a class=\"suno-keyword\" target=\"_blank\" data-force=\"no\" data-priority=\"2\" href=\"https:\/\/www.suno.com.br\/artigos\/ceo\/\" rel=\"noopener\">diretor-presidente<\/a>, 12 anos depois de o executivo deixar a fun\u00e7\u00e3o. Ap\u00f3s a not\u00edcia, as a\u00e7\u00f5es chegaram a subir 9,04% durante o preg\u00e3o de segunda-feira (31), embora tenham encerrado o dia est\u00e1veis, a R$ 8,74. <\/p>\t<div class=\"wrapper-featured-image\">\n\t\t<figure class=\"spotlightImg\">\n\n\t\t\t<picture>\n\t\t\t\t<source media=\"(max-width: 768px)\" srcset=\"https:\/\/files.sunoresearch.com.br\/n\/uploads\/2026\/03\/fb35d009-natura-400x200.webp\">\n\t\t\t\t<img loading=\"lazy\" decoding=\"async\" class=\"newsContent__article__imgCapa lazyloadDisabled \" src=\"https:\/\/files.sunoresearch.com.br\/n\/uploads\/2026\/03\/fb35d009-natura-800x450.webp\" width=\"800\" height=\"450\" alt=\"Natura (NATU3) traz ex-CEO de volta e a\u00e7\u00e3o chega a subir 9%; veja quem assume\" fetchpriority=high \/>\n\t\t\t<\/picture>\n\n\t\t\t<figcaption class=\"wp-caption-text wp-caption-text--show\">Natura (NATU3). Foto: Divulga\u00e7\u00e3o\/Natura<\/figcaption>\n\t\t<\/figure>\n\t<\/div>\n\n\n\n\n\n\t<p>\n\t\t<a href=\"https:\/\/lp.suno.com.br\/planilha-da-vida-financeira\/\" target=\"_blank\" data-element=\"shortcode-suno-banner\" title=\"Banner SUNO, clique e saiba mais\">\n\t\t\t<picture>\n\t\t\t\t<source media=\"(max-width: 500px)\" srcset=\"https:\/\/files.sunoresearch.com.br\/n\/uploads\/2023\/04\/400x300-Planilha-vida-financeira-true.png\">\n\t\t\t\t<img class=\"newsContent__article__imgCapa newsContent__article__imgCapa--banner\"\n\t\t\t\t\tsrc=\"https:\/\/files.sunoresearch.com.br\/n\/uploads\/2023\/04\/1420x240-Planilha-vida-financeira-true.png\"\n\t\t\t\t\tdata-promo-id=\"383123\"\t\t\t\t\t\t\t\t\t\twidth='1420' height='240'\t\t\t\t\talt=\"https:\/\/files.sunoresearch.com.br\/n\/uploads\/2023\/04\/1420x240-Planilha-vida-financeira-true.png\"\n\t\t\t\t>\n\t\t\t<\/picture>\n\t\t<\/a>\n\t<\/p>\n\n\n\n\n\n<p>Carlucci assumir\u00e1 oficialmente em 1\u00ba de outubro, substituindo Jo\u00e3o Paulo Ferreira, que deixar\u00e1 a empresa ap\u00f3s dez anos no comando. At\u00e9 o fim de setembro, os dois executivos conduzir\u00e3o uma transi\u00e7\u00e3o descrita pela Natura como \u201csem rupturas\u201d, conforme o <a href=\"https:\/\/api.mziq.com\/mzfilemanager\/v2\/d\/9e61d5ff-4641-4ec3-97a5-3595f938bb75\/3aff16ea-fcf1-7613-1f8c-882ce1813554?origin=2\">fato relevante<\/a>.<\/p>\n\n\n\n<h2 class=\"wp-block-heading\">Carlucci volta ao comando da Natura<\/h2>\n\n\n<div class=\"wp-block-image\">\n<figure class=\"aligncenter size-full\"><img loading=\"lazy\" decoding=\"async\" width=\"346\" height=\"346\" src=\"https:\/\/files.sunoresearch.com.br\/n\/uploads\/2026\/09\/Alessandro-Carlucci-1-edited.webp\" alt=\"\" class=\"wp-image-663191\" srcset=\"https:\/\/files.sunoresearch.com.br\/n\/uploads\/2026\/09\/Alessandro-Carlucci-1-edited.webp 346w, https:\/\/files.sunoresearch.com.br\/n\/uploads\/2026\/09\/Alessandro-Carlucci-1-edited-300x300.webp 300w, https:\/\/files.sunoresearch.com.br\/n\/uploads\/2026\/09\/Alessandro-Carlucci-1-edited-150x150.webp 150w, https:\/\/files.sunoresearch.com.br\/n\/uploads\/2026\/09\/Alessandro-Carlucci-1-edited-96x96.webp 96w\" sizes=\"(max-width: 346px) 100vw, 346px\" \/><\/figure><\/div>\n\n\n<p>Alessandro Carlucci liderou a Natura entre 2005 e 2014, per\u00edodo em que acumulou 25 anos de atua\u00e7\u00e3o na companhia. Ele tamb\u00e9m presidia o <a class=\"suno-keyword\" target=\"_blank\" data-force=\"no\" data-priority=\"1\" href=\"https:\/\/www.suno.com.br\/artigos\/conselho-administracao\/\" rel=\"noopener\">Conselho de Administra\u00e7\u00e3o<\/a> desde abril deste ano, depois de retornar \u00e0 empresa como conselheiro em 2025.<\/p>\n\n\n\n<p>Para assumir a presid\u00eancia executiva, Carlucci renunciou ao cargo de chairman e \u00e0 posi\u00e7\u00e3o de membro do Conselho, conforme determinam as regras do estatuto da Natura. O documento impede a acumula\u00e7\u00e3o das fun\u00e7\u00f5es de CEO e presidente do conselho.<\/p>\n\n\n\n<p>A companhia afirma que o executivo re\u00fane conhecimento do modelo de neg\u00f3cios da Natura e experi\u00eancia em empresas dos setores de consumo, varejo e com\u00e9rcio digital. Segundo o comunicado, a mudan\u00e7a combina \u201cprofundo conhecimento do legado e modelo empresarial da Natura com inova\u00e7\u00e3o\u201d.<\/p>\n\n\n\n<p>A trajet\u00f3ria de Carlucci inclui ainda participa\u00e7\u00e3o em conselhos de empresas como Arezzo &amp;Co., Lojas Renner e Avon International, al\u00e9m da presid\u00eancia da World Federation of Direct Selling Associations.<\/p>\n\n\n\n<h2 class=\"wp-block-heading\">Jo\u00e3o Paulo Ferreira encerra ciclo de dez anos<\/h2>\n\n\n\n<p>Jo\u00e3o Paulo Ferreira deixar\u00e1 o cargo de diretor-presidente ap\u00f3s uma d\u00e9cada \u00e0 frente da Natura. Sua sa\u00edda ocorrer\u00e1 depois de 30 de setembro, enquanto a ren\u00fancia ao Conselho de Administra\u00e7\u00e3o e aos comit\u00eas de assessoramento teve efeito imediato.<\/p>\n\n\n\n<p>Durante sua gest\u00e3o, a empresa integrou as opera\u00e7\u00f5es da Avon, ampliou a presen\u00e7a nos mercados de l\u00edngua espanhola, digitalizou a venda direta e transformou-se em uma companhia multicanal. A Natura tamb\u00e9m afirma que triplicou a receita e alcan\u00e7ou a lideran\u00e7a do mercado de beleza na Am\u00e9rica Latina no per\u00edodo.<\/p>\n\n\n\n<p>O executivo, por\u00e9m, deixa a companhia em um momento de press\u00e3o. No segundo trimestre de 2026, o <a class=\"suno-keyword\" target=\"_blank\" data-force=\"no\" data-priority=\"1\" href=\"https:\/\/www.suno.com.br\/artigos\/lucro-liquido\/\" rel=\"noopener\">lucro l\u00edquido<\/a> caiu 82%, para R$ 35 milh\u00f5es, enquanto a receita da opera\u00e7\u00e3o brasileira recuou cerca de 15% na compara\u00e7\u00e3o anual.<\/p>\n\n\n\n<p>A empresa tamb\u00e9m enfrentou problemas de abastecimento e planejamento ap\u00f3s a implementa\u00e7\u00e3o de um novo sistema integrado de gest\u00e3o. Para analistas do Ita\u00fa BBA, a recupera\u00e7\u00e3o dever\u00e1 ser gradual, e a execu\u00e7\u00e3o continuar\u00e1 sendo o principal desafio da tese de investimento. <\/p>\n\n\n\n<h2 class=\"wp-block-heading\">F\u00e1bio Barbosa retorna \u00e0 presid\u00eancia do conselho<\/h2>\n\n\n\n<p>Com a ida de Carlucci para a diretoria executiva, F\u00e1bio Barbosa foi eleito novamente presidente do Conselho de Administra\u00e7\u00e3o. A nomea\u00e7\u00e3o ocorreu em 29 de agosto, mas ainda precisa ser ratificada pelos acionistas na pr\u00f3xima Assembleia Geral.<\/p>\n\n\n\t<p>\n\t\t<a href=\"https:\/\/lp.suno.com.br\/planilha-da-vida-financeira\/\" target=\"_blank\" data-element=\"shortcode-suno-banner\" title=\"Banner SUNO, clique e saiba mais\">\n\t\t\t<picture>\n\t\t\t\t<source media=\"(max-width: 500px)\" srcset=\"https:\/\/files.sunoresearch.com.br\/n\/uploads\/2023\/04\/400x300-Planilha-vida-financeira-true.png\">\n\t\t\t\t<img class=\"newsContent__article__imgCapa newsContent__article__imgCapa--banner\"\n\t\t\t\t\tsrc=\"https:\/\/files.sunoresearch.com.br\/n\/uploads\/2023\/04\/1420x240-Planilha-vida-financeira-true.png\"\n\t\t\t\t\tdata-promo-id=\"106682\"\t\t\t\t\t\t\t\t\t\twidth='1420' height='240'\t\t\t\t\talt=\"https:\/\/files.sunoresearch.com.br\/n\/uploads\/2023\/04\/1420x240-Planilha-vida-financeira-true.png\"\n\t\t\t\t>\n\t\t\t<\/picture>\n\t\t<\/a>\n\t<\/p>\n\n\n\n\n\n<p>Barbosa comandou a reorganiza\u00e7\u00e3o da <a class=\"suno-keyword\" target=\"_blank\" data-force=\"no\" data-priority=\"1\" href=\"https:\/\/www.suno.com.br\/artigos\/indicadores-estrutura-capital\/\" rel=\"noopener\">estrutura de capital<\/a> da Natura e havia deixado a presid\u00eancia do conselho durante a reconfigura\u00e7\u00e3o da governan\u00e7a da companhia.<\/p>\n\n\n\n<p>As diretrizes estrat\u00e9gicas, segundo a Natura, permanecem inalteradas. A empresa afirma que continuar\u00e1 priorizando rentabilidade, <a class=\"suno-keyword\" target=\"_blank\" data-force=\"no\" data-priority=\"1\" href=\"https:\/\/www.suno.com.br\/artigos\/eficiencia-operacional\/\" rel=\"noopener\">efici\u00eancia operacional<\/a> e aloca\u00e7\u00e3o de capital.<\/p>\n\n\n\n<h2 class=\"wp-block-heading\">Por que o mercado reagiu positivamente?<\/h2>\n\n\n\n<p>A rea\u00e7\u00e3o inicial dos investidores indica que o retorno de Carlucci foi interpretado como uma tentativa de renovar a lideran\u00e7a sem promover uma ruptura na estrat\u00e9gia. O JPMorgan avaliou que a mudan\u00e7a pode fortalecer a execu\u00e7\u00e3o e destacou a experi\u00eancia do executivo em um ciclo anterior de expans\u00e3o da Natura. <\/p>\n\n\n\n<p>A escolha tamb\u00e9m reduz a incerteza sobre quem conduzir\u00e1 a pr\u00f3xima etapa da companhia. Carlucci conhece a opera\u00e7\u00e3o, o modelo de venda direta e a cultura corporativa, al\u00e9m de ter acompanhado a empresa de perto como presidente do conselho.<\/p>\n\n\n\n<p>Isso n\u00e3o significa, contudo, que os problemas estejam resolvidos. A Natura ainda precisa recuperar as vendas no Brasil, normalizar o abastecimento de produtos e provar que consegue transformar a reorganiza\u00e7\u00e3o operacional em crescimento e <a class=\"suno-keyword\" target=\"_blank\" data-force=\"no\" data-priority=\"1\" href=\"https:\/\/www.suno.com.br\/artigos\/geracao-de-caixa\/\" rel=\"noopener\">gera\u00e7\u00e3o de caixa<\/a>.<\/p>\n\n\n\n<p>Nos pr\u00f3ximos meses, os investidores devem acompanhar a transi\u00e7\u00e3o at\u00e9 outubro, a evolu\u00e7\u00e3o da receita brasileira e os efeitos das medidas de efici\u00eancia. A volta de um antigo comandante pode melhorar a confian\u00e7a, mas a recupera\u00e7\u00e3o da <strong>Natura (NATU3)<\/strong> depender\u00e1 da execu\u00e7\u00e3o \u2014 e n\u00e3o apenas da troca de nomes.<\/p>\n\n\n\n\n\t<p>\n\t\t<a href=\"https:\/\/lp.suno.com.br\/ebook-como-analisar-uma-acao\/\" target=\"_blank\" data-element=\"shortcode-suno-banner\" title=\"Banner SUNO, clique e saiba mais\">\n\t\t\t<picture>\n\t\t\t\t<source media=\"(max-width: 500px)\" srcset=\"https:\/\/files.sunoresearch.com.br\/n\/uploads\/2023\/03\/Ebook-Acoes-Mobile.jpg\">\n\t\t\t\t<img class=\"newsContent__article__imgCapa newsContent__article__imgCapa--banner\"\n\t\t\t\t\tsrc=\"https:\/\/files.sunoresearch.com.br\/n\/uploads\/2023\/03\/Ebook-Acoes-Desktop.jpg\"\n\t\t\t\t\tdata-promo-id=\"378302\"\t\t\t\t\t\t\t\t\t\twidth='1420' height='286'\t\t\t\t\talt=\"https:\/\/files.sunoresearch.com.br\/n\/uploads\/2023\/03\/Ebook-Acoes-Desktop.jpg\"\n\t\t\t\t>\n\t\t\t<\/picture>\n\t\t<\/a>\n\t<\/p>\n\n\n","protected":false},"excerpt":{"rendered":"<p>A Natura (NATU3) decidiu resgatar um nome conhecido para tentar acelerar sua recupera\u00e7\u00e3o. A companhia anunciou o retorno de Alessandro Carlucci ao cargo de diretor-presidente, 12 anos depois de o executivo deixar a fun\u00e7\u00e3o. Ap\u00f3s a not\u00edcia, as a\u00e7\u00f5es chegaram a subir 9,04% durante o preg\u00e3o de segunda-feira (31), embora tenham encerrado o dia est\u00e1veis, [&hellip;]<\/p>\n","protected":false},"author":402,"featured_media":645232,"comment_status":"closed","ping_status":"closed","sticky":false,"template":"","format":"standard","meta":[],"categories":[64],"tags":[574],"suno_strategy":[],"class_list":["post-663188","post","type-post","status-publish","format-standard","has-post-thumbnail","hentry","category-negocios","tag-natura-ntco3"],"yoast_head":"<!-- This site is optimized with the Yoast SEO plugin v24.4 - https:\/\/yoast.com\/wordpress\/plugins\/seo\/ -->\n<title>Natura (NATU3) traz Alessandro Carlucci de volta<\/title>\n<meta name=\"description\" content=\"Natura anuncia Alessandro Carlucci como novo CEO ap\u00f3s dez anos de Jo\u00e3o Paulo Ferreira. A\u00e7\u00f5es NATU3 chegaram a subir 9%\" \/>\n<meta name=\"robots\" content=\"index, follow, max-snippet:-1, max-image-preview:large, max-video-preview:-1\" \/>\n<link rel=\"canonical\" href=\"https:\/\/www.suno.com.br\/noticias\/natura-natu3-alessandro-carlucci-novo-ceo-mt\/\" \/>\n<meta property=\"og:locale\" content=\"pt_BR\" \/>\n<meta property=\"og:type\" content=\"article\" \/>\n<meta property=\"og:title\" content=\"Natura (NATU3) traz Alessandro Carlucci de volta\" \/>\n<meta property=\"og:description\" content=\"Natura anuncia Alessandro Carlucci como novo CEO ap\u00f3s dez anos de Jo\u00e3o Paulo Ferreira. A\u00e7\u00f5es NATU3 chegaram a subir 9%\" \/>\n<meta property=\"og:url\" content=\"https:\/\/www.suno.com.br\/noticias\/natura-natu3-alessandro-carlucci-novo-ceo-mt\/\" \/>\n<meta property=\"og:site_name\" content=\"Suno Not\u00edcias\" \/>\n<meta property=\"article:publisher\" content=\"https:\/\/facebook.com\/sunoresearch\" \/>\n<meta property=\"og:image\" content=\"http:\/\/files.sunoresearch.com.br\/n\/uploads\/2026\/03\/fb35d009-natura-jpg.webp\" \/>\n\t<meta property=\"og:image:width\" content=\"1200\" \/>\n\t<meta property=\"og:image:height\" content=\"800\" \/>\n\t<meta property=\"og:image:type\" content=\"image\/jpeg\" \/>\n<meta name=\"author\" content=\"Ma\u00edra Telles\" \/>\n<meta name=\"twitter:card\" content=\"summary_large_image\" \/>\n<meta name=\"twitter:creator\" content=\"@sunoresearch\" \/>\n<meta name=\"twitter:site\" content=\"@sunoresearch\" \/>\n<meta name=\"twitter:label1\" content=\"Escrito por\" \/>\n\t<meta name=\"twitter:data1\" content=\"Ma\u00edra Telles\" \/>\n\t<meta name=\"twitter:label2\" content=\"Est. tempo de leitura\" \/>\n\t<meta name=\"twitter:data2\" content=\"5 minutos\" \/>\n<script type=\"application\/ld+json\" class=\"yoast-schema-graph\">{\"@context\":\"https:\/\/schema.org\",\"@graph\":[{\"@type\":\"NewsArticle\",\"@id\":\"https:\/\/www.suno.com.br\/noticias\/natura-natu3-alessandro-carlucci-novo-ceo-mt\/#article\",\"isPartOf\":{\"@id\":\"https:\/\/www.suno.com.br\/noticias\/natura-natu3-alessandro-carlucci-novo-ceo-mt\/\"},\"author\":{\"name\":\"Ma\u00edra Telles\",\"@id\":\"https:\/\/www.suno.com.br\/noticias\/#\/schema\/person\/0a8b51292bb96ee5f104094c0907eaef\"},\"headline\":\"Natura (NATU3) traz ex-CEO de volta e a\u00e7\u00e3o chega a subir 9%; veja quem assume\",\"datePublished\":\"2026-09-01T18:36:00+00:00\",\"mainEntityOfPage\":{\"@id\":\"https:\/\/www.suno.com.br\/noticias\/natura-natu3-alessandro-carlucci-novo-ceo-mt\/\"},\"wordCount\":798,\"publisher\":{\"@id\":\"https:\/\/www.suno.com.br\/noticias\/#organization\"},\"image\":{\"@id\":\"https:\/\/www.suno.com.br\/noticias\/natura-natu3-alessandro-carlucci-novo-ceo-mt\/#primaryimage\"},\"thumbnailUrl\":\"https:\/\/files.sunoresearch.com.br\/n\/uploads\/2026\/03\/fb35d009-natura-jpg.webp\",\"keywords\":[\"Natura (NTCO3)\"],\"articleSection\":[\"Neg\u00f3cios\"],\"inLanguage\":\"pt-BR\"},{\"@type\":\"WebPage\",\"@id\":\"https:\/\/www.suno.com.br\/noticias\/natura-natu3-alessandro-carlucci-novo-ceo-mt\/\",\"url\":\"https:\/\/www.suno.com.br\/noticias\/natura-natu3-alessandro-carlucci-novo-ceo-mt\/\",\"name\":\"Natura (NATU3) traz Alessandro Carlucci de volta\",\"isPartOf\":{\"@id\":\"https:\/\/www.suno.com.br\/noticias\/#website\"},\"primaryImageOfPage\":{\"@id\":\"https:\/\/www.suno.com.br\/noticias\/natura-natu3-alessandro-carlucci-novo-ceo-mt\/#primaryimage\"},\"image\":{\"@id\":\"https:\/\/www.suno.com.br\/noticias\/natura-natu3-alessandro-carlucci-novo-ceo-mt\/#primaryimage\"},\"thumbnailUrl\":\"https:\/\/files.sunoresearch.com.br\/n\/uploads\/2026\/03\/fb35d009-natura-jpg.webp\",\"datePublished\":\"2026-09-01T18:36:00+00:00\",\"description\":\"Natura anuncia Alessandro Carlucci como novo CEO ap\u00f3s dez anos de Jo\u00e3o Paulo Ferreira. A\u00e7\u00f5es NATU3 chegaram a subir 9%\",\"breadcrumb\":{\"@id\":\"https:\/\/www.suno.com.br\/noticias\/natura-natu3-alessandro-carlucci-novo-ceo-mt\/#breadcrumb\"},\"inLanguage\":\"pt-BR\",\"potentialAction\":[{\"@type\":\"ReadAction\",\"target\":[\"https:\/\/www.suno.com.br\/noticias\/natura-natu3-alessandro-carlucci-novo-ceo-mt\/\"]}]},{\"@type\":\"ImageObject\",\"inLanguage\":\"pt-BR\",\"@id\":\"https:\/\/www.suno.com.br\/noticias\/natura-natu3-alessandro-carlucci-novo-ceo-mt\/#primaryimage\",\"url\":\"https:\/\/files.sunoresearch.com.br\/n\/uploads\/2026\/03\/fb35d009-natura-jpg.webp\",\"contentUrl\":\"https:\/\/files.sunoresearch.com.br\/n\/uploads\/2026\/03\/fb35d009-natura-jpg.webp\",\"width\":1200,\"height\":800,\"caption\":\"Natura (NATU3). Foto: Divulga\u00e7\u00e3o\/Natura\"},{\"@type\":\"BreadcrumbList\",\"@id\":\"https:\/\/www.suno.com.br\/noticias\/natura-natu3-alessandro-carlucci-novo-ceo-mt\/#breadcrumb\",\"itemListElement\":[{\"@type\":\"ListItem\",\"position\":1,\"name\":\"Not\u00edcias\",\"item\":\"https:\/\/www.suno.com.br\/noticias\/\"},{\"@type\":\"ListItem\",\"position\":2,\"name\":\"Neg\u00f3cios\",\"item\":\"https:\/\/www.suno.com.br\/noticias\/negocios\/\"},{\"@type\":\"ListItem\",\"position\":3,\"name\":\"Natura (NATU3) traz ex-CEO de volta e a\u00e7\u00e3o chega a subir 9%; veja quem assume\"}]},{\"@type\":\"WebSite\",\"@id\":\"https:\/\/www.suno.com.br\/noticias\/#website\",\"url\":\"https:\/\/www.suno.com.br\/noticias\/\",\"name\":\"Suno Not\u00edcias\",\"description\":\"Seu portal de informa\u00e7\u00e3o sobre o mundo dos investimentos\",\"publisher\":{\"@id\":\"https:\/\/www.suno.com.br\/noticias\/#organization\"},\"potentialAction\":[{\"@type\":\"SearchAction\",\"target\":{\"@type\":\"EntryPoint\",\"urlTemplate\":\"https:\/\/www.suno.com.br\/noticias\/?s={search_term_string}\"},\"query-input\":{\"@type\":\"PropertyValueSpecification\",\"valueRequired\":true,\"valueName\":\"search_term_string\"}}],\"inLanguage\":\"pt-BR\"},{\"@type\":\"Organization\",\"@id\":\"https:\/\/www.suno.com.br\/noticias\/#organization\",\"name\":\"Suno Not\u00edcias\",\"url\":\"https:\/\/www.suno.com.br\/noticias\/\",\"logo\":{\"@type\":\"ImageObject\",\"inLanguage\":\"pt-BR\",\"@id\":\"https:\/\/www.suno.com.br\/noticias\/#\/schema\/logo\/image\/\",\"url\":\"https:\/\/files.sunoresearch.com.br\/n\/uploads\/2021\/09\/suno-logo.png\",\"contentUrl\":\"https:\/\/files.sunoresearch.com.br\/n\/uploads\/2021\/09\/suno-logo.png\",\"width\":180,\"height\":180,\"caption\":\"Suno Not\u00edcias\"},\"image\":{\"@id\":\"https:\/\/www.suno.com.br\/noticias\/#\/schema\/logo\/image\/\"},\"sameAs\":[\"https:\/\/facebook.com\/sunoresearch\",\"https:\/\/x.com\/sunoresearch\",\"https:\/\/www.instagram.com\/suno\",\"https:\/\/www.linkedin.com\/company\/suno-research\/\",\"https:\/\/www.youtube.com\/c\/sunoresearch\"]},{\"@type\":\"Person\",\"@id\":\"https:\/\/www.suno.com.br\/noticias\/#\/schema\/person\/0a8b51292bb96ee5f104094c0907eaef\",\"name\":\"Ma\u00edra Telles\",\"image\":{\"@type\":\"ImageObject\",\"inLanguage\":\"pt-BR\",\"@id\":\"https:\/\/www.suno.com.br\/noticias\/#\/schema\/person\/image\/\",\"url\":\"https:\/\/secure.gravatar.com\/avatar\/8d13691eab6abc1d1050b62a4c2a6116?s=96&r=g\",\"contentUrl\":\"https:\/\/secure.gravatar.com\/avatar\/8d13691eab6abc1d1050b62a4c2a6116?s=96&r=g\",\"caption\":\"Ma\u00edra Telles\"},\"description\":\"Jornalista especializada em mercado financeiro, economia, neg\u00f3cios e agroneg\u00f3cio, com experi\u00eancia em reda\u00e7\u00e3o, comunica\u00e7\u00e3o estrat\u00e9gica e produ\u00e7\u00e3o de conte\u00fado para m\u00faltiplas plataformas. Com atua\u00e7\u00e3o tamb\u00e9m em marketing digital e gest\u00e3o de crise, une an\u00e1lise, apura\u00e7\u00e3o e linguagem acess\u00edvel para traduzir temas complexos em informa\u00e7\u00e3o relevante para investidores e leitores interessados no funcionamento da economia.\",\"url\":\"https:\/\/www.suno.com.br\/noticias\/author\/mairaftellesgmail-com\/\"}]}<\/script>\n<!-- \/ Yoast SEO plugin. -->","yoast_head_json":{"title":"Natura (NATU3) traz Alessandro Carlucci de volta","description":"Natura anuncia Alessandro Carlucci como novo CEO ap\u00f3s dez anos de Jo\u00e3o Paulo Ferreira. A\u00e7\u00f5es NATU3 chegaram a subir 9%","robots":{"index":"index","follow":"follow","max-snippet":"max-snippet:-1","max-image-preview":"max-image-preview:large","max-video-preview":"max-video-preview:-1"},"canonical":"https:\/\/www.suno.com.br\/noticias\/natura-natu3-alessandro-carlucci-novo-ceo-mt\/","og_locale":"pt_BR","og_type":"article","og_title":"Natura (NATU3) traz Alessandro Carlucci de volta","og_description":"Natura anuncia Alessandro Carlucci como novo CEO ap\u00f3s dez anos de Jo\u00e3o Paulo Ferreira. A\u00e7\u00f5es NATU3 chegaram a subir 9%","og_url":"https:\/\/www.suno.com.br\/noticias\/natura-natu3-alessandro-carlucci-novo-ceo-mt\/","og_site_name":"Suno Not\u00edcias","article_publisher":"https:\/\/facebook.com\/sunoresearch","og_image":[{"width":1200,"height":800,"url":"http:\/\/files.sunoresearch.com.br\/n\/uploads\/2026\/03\/fb35d009-natura-jpg.webp","type":"image\/jpeg"}],"author":"Ma\u00edra Telles","twitter_card":"summary_large_image","twitter_creator":"@sunoresearch","twitter_site":"@sunoresearch","twitter_misc":{"Escrito por":"Ma\u00edra Telles","Est. tempo de leitura":"5 minutos"},"schema":{"@context":"https:\/\/schema.org","@graph":[{"@type":"NewsArticle","@id":"https:\/\/www.suno.com.br\/noticias\/natura-natu3-alessandro-carlucci-novo-ceo-mt\/#article","isPartOf":{"@id":"https:\/\/www.suno.com.br\/noticias\/natura-natu3-alessandro-carlucci-novo-ceo-mt\/"},"author":{"name":"Ma\u00edra Telles","@id":"https:\/\/www.suno.com.br\/noticias\/#\/schema\/person\/0a8b51292bb96ee5f104094c0907eaef"},"headline":"Natura (NATU3) traz ex-CEO de volta e a\u00e7\u00e3o chega a subir 9%; veja quem assume","datePublished":"2026-09-01T18:36:00+00:00","mainEntityOfPage":{"@id":"https:\/\/www.suno.com.br\/noticias\/natura-natu3-alessandro-carlucci-novo-ceo-mt\/"},"wordCount":798,"publisher":{"@id":"https:\/\/www.suno.com.br\/noticias\/#organization"},"image":{"@id":"https:\/\/www.suno.com.br\/noticias\/natura-natu3-alessandro-carlucci-novo-ceo-mt\/#primaryimage"},"thumbnailUrl":"https:\/\/files.sunoresearch.com.br\/n\/uploads\/2026\/03\/fb35d009-natura-jpg.webp","keywords":["Natura (NTCO3)"],"articleSection":["Neg\u00f3cios"],"inLanguage":"pt-BR"},{"@type":"WebPage","@id":"https:\/\/www.suno.com.br\/noticias\/natura-natu3-alessandro-carlucci-novo-ceo-mt\/","url":"https:\/\/www.suno.com.br\/noticias\/natura-natu3-alessandro-carlucci-novo-ceo-mt\/","name":"Natura (NATU3) traz Alessandro Carlucci de volta","isPartOf":{"@id":"https:\/\/www.suno.com.br\/noticias\/#website"},"primaryImageOfPage":{"@id":"https:\/\/www.suno.com.br\/noticias\/natura-natu3-alessandro-carlucci-novo-ceo-mt\/#primaryimage"},"image":{"@id":"https:\/\/www.suno.com.br\/noticias\/natura-natu3-alessandro-carlucci-novo-ceo-mt\/#primaryimage"},"thumbnailUrl":"https:\/\/files.sunoresearch.com.br\/n\/uploads\/2026\/03\/fb35d009-natura-jpg.webp","datePublished":"2026-09-01T18:36:00+00:00","description":"Natura anuncia Alessandro Carlucci como novo CEO ap\u00f3s dez anos de Jo\u00e3o Paulo Ferreira. A\u00e7\u00f5es NATU3 chegaram a subir 9%","breadcrumb":{"@id":"https:\/\/www.suno.com.br\/noticias\/natura-natu3-alessandro-carlucci-novo-ceo-mt\/#breadcrumb"},"inLanguage":"pt-BR","potentialAction":[{"@type":"ReadAction","target":["https:\/\/www.suno.com.br\/noticias\/natura-natu3-alessandro-carlucci-novo-ceo-mt\/"]}]},{"@type":"ImageObject","inLanguage":"pt-BR","@id":"https:\/\/www.suno.com.br\/noticias\/natura-natu3-alessandro-carlucci-novo-ceo-mt\/#primaryimage","url":"https:\/\/files.sunoresearch.com.br\/n\/uploads\/2026\/03\/fb35d009-natura-jpg.webp","contentUrl":"https:\/\/files.sunoresearch.com.br\/n\/uploads\/2026\/03\/fb35d009-natura-jpg.webp","width":1200,"height":800,"caption":"Natura (NATU3). Foto: Divulga\u00e7\u00e3o\/Natura"},{"@type":"BreadcrumbList","@id":"https:\/\/www.suno.com.br\/noticias\/natura-natu3-alessandro-carlucci-novo-ceo-mt\/#breadcrumb","itemListElement":[{"@type":"ListItem","position":1,"name":"Not\u00edcias","item":"https:\/\/www.suno.com.br\/noticias\/"},{"@type":"ListItem","position":2,"name":"Neg\u00f3cios","item":"https:\/\/www.suno.com.br\/noticias\/negocios\/"},{"@type":"ListItem","position":3,"name":"Natura (NATU3) traz ex-CEO de volta e a\u00e7\u00e3o chega a subir 9%; veja quem assume"}]},{"@type":"WebSite","@id":"https:\/\/www.suno.com.br\/noticias\/#website","url":"https:\/\/www.suno.com.br\/noticias\/","name":"Suno Not\u00edcias","description":"Seu portal de informa\u00e7\u00e3o sobre o mundo dos investimentos","publisher":{"@id":"https:\/\/www.suno.com.br\/noticias\/#organization"},"potentialAction":[{"@type":"SearchAction","target":{"@type":"EntryPoint","urlTemplate":"https:\/\/www.suno.com.br\/noticias\/?s={search_term_string}"},"query-input":{"@type":"PropertyValueSpecification","valueRequired":true,"valueName":"search_term_string"}}],"inLanguage":"pt-BR"},{"@type":"Organization","@id":"https:\/\/www.suno.com.br\/noticias\/#organization","name":"Suno Not\u00edcias","url":"https:\/\/www.suno.com.br\/noticias\/","logo":{"@type":"ImageObject","inLanguage":"pt-BR","@id":"https:\/\/www.suno.com.br\/noticias\/#\/schema\/logo\/image\/","url":"https:\/\/files.sunoresearch.com.br\/n\/uploads\/2021\/09\/suno-logo.png","contentUrl":"https:\/\/files.sunoresearch.com.br\/n\/uploads\/2021\/09\/suno-logo.png","width":180,"height":180,"caption":"Suno Not\u00edcias"},"image":{"@id":"https:\/\/www.suno.com.br\/noticias\/#\/schema\/logo\/image\/"},"sameAs":["https:\/\/facebook.com\/sunoresearch","https:\/\/x.com\/sunoresearch","https:\/\/www.instagram.com\/suno","https:\/\/www.linkedin.com\/company\/suno-research\/","https:\/\/www.youtube.com\/c\/sunoresearch"]},{"@type":"Person","@id":"https:\/\/www.suno.com.br\/noticias\/#\/schema\/person\/0a8b51292bb96ee5f104094c0907eaef","name":"Ma\u00edra Telles","image":{"@type":"ImageObject","inLanguage":"pt-BR","@id":"https:\/\/www.suno.com.br\/noticias\/#\/schema\/person\/image\/","url":"https:\/\/secure.gravatar.com\/avatar\/8d13691eab6abc1d1050b62a4c2a6116?s=96&r=g","contentUrl":"https:\/\/secure.gravatar.com\/avatar\/8d13691eab6abc1d1050b62a4c2a6116?s=96&r=g","caption":"Ma\u00edra Telles"},"description":"Jornalista especializada em mercado financeiro, economia, neg\u00f3cios e agroneg\u00f3cio, com experi\u00eancia em reda\u00e7\u00e3o, comunica\u00e7\u00e3o estrat\u00e9gica e produ\u00e7\u00e3o de conte\u00fado para m\u00faltiplas plataformas. Com atua\u00e7\u00e3o tamb\u00e9m em marketing digital e gest\u00e3o de crise, une an\u00e1lise, apura\u00e7\u00e3o e linguagem acess\u00edvel para traduzir temas complexos em informa\u00e7\u00e3o relevante para investidores e leitores interessados no funcionamento da economia.","url":"https:\/\/www.suno.com.br\/noticias\/author\/mairaftellesgmail-com\/"}]}},"default_loop_html":"<div class=\"cardsPage__listCard__boxs\"><div class=\"cardsPage__listCard__boxs__img\"><a href=\"https:\/\/www.suno.com.br\/noticias\/natura-natu3-alessandro-carlucci-novo-ceo-mt\/\"><img class=\"mask\" src=\"https:\/\/www.suno.com.br\/noticias\/wp-content\/themes\/suno\/resources\/images\/spotlight\/spotlight1img\/bg-mask.png\" alt=\"Image Mask\"\/><img src=\"https:\/\/files.sunoresearch.com.br\/n\/uploads\/2026\/03\/fb35d009-natura-400x200.webp\" alt=\"Natura (NATU3) traz ex-CEO de volta e a\u00e7\u00e3o chega a subir 9%; veja quem assume\"\/><\/a><span class=\"spotlightCategory\"><a href=\"https:\/\/www.suno.com.br\/noticias\/negocios\/\">Neg\u00f3cios<\/a><\/span><\/div><div class=\"cardsPage__listCard__boxs__content\"><a href=\"https:\/\/www.suno.com.br\/noticias\/natura-natu3-alessandro-carlucci-novo-ceo-mt\/\"><h2 class=\"content__title\">Natura (NATU3) traz ex-CEO de volta e a\u00e7\u00e3o chega a subir 9%; veja quem assume<\/h2><\/a><div class=\"newsContent__article__meta\"><div class=\"newsContent__article__meta__authorBox\"><a href=\"https:\/\/www.suno.com.br\/noticias\/author\/mairaftellesgmail-com\/\" class=\"authorBox__avatar noMobi\"><img src=\"https:\/\/secure.gravatar.com\/avatar\/8d13691eab6abc1d1050b62a4c2a6116?s=96&#038;r=g\" alt=\"Ma\u00edra Telles\"><\/a><div class=\"authorBox__name\"><span>por\n\t\t\t<a href=\"https:\/\/www.suno.com.br\/noticias\/author\/mairaftellesgmail-com\/\"><span itemprop=\"author\">Ma\u00edra Telles<\/span><\/a><\/span><time datetime=\"2026-09-01T15:36:00-03:00\" itemprop=\"datePublished\">01\/09\/2026 15:36<\/time><\/div><\/div><\/div><\/div><\/div>","single_layout":"posts","amp_enabled":true,"_links":{"self":[{"href":"https:\/\/www.suno.com.br\/noticias\/wp-json\/wp\/v2\/posts\/663188"}],"collection":[{"href":"https:\/\/www.suno.com.br\/noticias\/wp-json\/wp\/v2\/posts"}],"about":[{"href":"https:\/\/www.suno.com.br\/noticias\/wp-json\/wp\/v2\/types\/post"}],"author":[{"embeddable":true,"href":"https:\/\/www.suno.com.br\/noticias\/wp-json\/wp\/v2\/users\/402"}],"replies":[{"embeddable":true,"href":"https:\/\/www.suno.com.br\/noticias\/wp-json\/wp\/v2\/comments?post=663188"}],"version-history":[{"count":1,"href":"https:\/\/www.suno.com.br\/noticias\/wp-json\/wp\/v2\/posts\/663188\/revisions"}],"predecessor-version":[{"id":663192,"href":"https:\/\/www.suno.com.br\/noticias\/wp-json\/wp\/v2\/posts\/663188\/revisions\/663192"}],"wp:featuredmedia":[{"embeddable":true,"href":"https:\/\/www.suno.com.br\/noticias\/wp-json\/wp\/v2\/media\/645232"}],"wp:attachment":[{"href":"https:\/\/www.suno.com.br\/noticias\/wp-json\/wp\/v2\/media?parent=663188"}],"wp:term":[{"taxonomy":"category","embeddable":true,"href":"https:\/\/www.suno.com.br\/noticias\/wp-json\/wp\/v2\/categories?post=663188"},{"taxonomy":"post_tag","embeddable":true,"href":"https:\/\/www.suno.com.br\/noticias\/wp-json\/wp\/v2\/tags?post=663188"},{"taxonomy":"suno_strategy","embeddable":true,"href":"https:\/\/www.suno.com.br\/noticias\/wp-json\/wp\/v2\/suno_strategy?post=663188"}],"curies":[{"name":"wp","href":"https:\/\/api.w.org\/{rel}","templated":true}]}}