{"id":663134,"date":"2026-09-01T11:20:00","date_gmt":"2026-09-01T14:20:00","guid":{"rendered":"https:\/\/www.suno.com.br\/noticias\/?p=663134"},"modified":"2026-09-01T12:52:53","modified_gmt":"2026-09-01T15:52:53","slug":"pib-2t26-cresce-05-acima-esperado-go","status":"publish","type":"post","link":"https:\/\/www.suno.com.br\/noticias\/pib-2t26-cresce-05-acima-esperado-go\/","title":{"rendered":"PIB do Brasil cresce 0,5% no segundo trimestre de 2026 e supera proje\u00e7\u00e3o do mercado"},"content":{"rendered":"<p>O <a class=\"suno-keyword\" data-force=\"no\" data-priority=\"3\" href=\"https:\/\/www.suno.com.br\/artigos\/ibge\/\" target=\"_blank\" rel=\"noopener\">Instituto Brasileiro de Geografia e Estat\u00edstica (IBGE)<\/a> divulgou nesta ter\u00e7a-feira (1\u00ba) o resultado do <strong>Produto Interno Bruto (PIB)<\/strong> brasileiro referente ao segundo trimestre de 2026. Na compara\u00e7\u00e3o com os tr\u00eas meses anteriores, a economia avan\u00e7ou 0,5%, n\u00famero acima da proje\u00e7\u00e3o de analistas ouvidos pela Reuters, que esperavam alta de 0,4% no per\u00edodo.<\/p>\t<div class=\"wrapper-featured-image\">\n\t\t<figure class=\"spotlightImg\">\n\n\t\t\t<picture>\n\t\t\t\t<source media=\"(max-width: 768px)\" srcset=\"https:\/\/files.sunoresearch.com.br\/n\/uploads\/2026\/09\/Gemini_Generated_Image_el63isel63isel63-400x200.webp\">\n\t\t\t\t<img loading=\"lazy\" decoding=\"async\" class=\"newsContent__article__imgCapa lazyloadDisabled \" src=\"https:\/\/files.sunoresearch.com.br\/n\/uploads\/2026\/09\/Gemini_Generated_Image_el63isel63isel63-800x450.webp\" width=\"800\" height=\"450\" alt=\"PIB do Brasil cresce 0,5% no segundo trimestre de 2026 e supera proje\u00e7\u00e3o do mercado\" fetchpriority=high \/>\n\t\t\t<\/picture>\n\n\t\t\t<figcaption class=\"wp-caption-text wp-caption-text--show\">Produto Interno Bruto (PIB). Foto: Intelig\u00eancia Artificial\/Gemini<\/figcaption>\n\t\t<\/figure>\n\t<\/div>\n\n\n\n\n\n\t<p>\n\t\t<a href=\"https:\/\/lp.suno.com.br\/planilha-da-vida-financeira\/\" target=\"_blank\" data-element=\"shortcode-suno-banner\" title=\"Banner SUNO, clique e saiba mais\">\n\t\t\t<picture>\n\t\t\t\t<source media=\"(max-width: 500px)\" srcset=\"https:\/\/files.sunoresearch.com.br\/n\/uploads\/2023\/04\/400x300-Planilha-vida-financeira-true.png\">\n\t\t\t\t<img class=\"newsContent__article__imgCapa newsContent__article__imgCapa--banner\"\n\t\t\t\t\tsrc=\"https:\/\/files.sunoresearch.com.br\/n\/uploads\/2023\/04\/1420x240-Planilha-vida-financeira-true.png\"\n\t\t\t\t\tdata-promo-id=\"106682\"\t\t\t\t\t\t\t\t\t\twidth='1420' height='240'\t\t\t\t\talt=\"https:\/\/files.sunoresearch.com.br\/n\/uploads\/2023\/04\/1420x240-Planilha-vida-financeira-true.png\"\n\t\t\t\t>\n\t\t\t<\/picture>\n\t\t<\/a>\n\t<\/p>\n\n\n\n\n\n\n\n<p>Frente ao segundo trimestre de 2025, o crescimento foi de 2%. J\u00e1 no acumulado dos \u00faltimos quatro trimestres, o avan\u00e7o chegou a 1,9%. Em valores correntes, o <strong>PIB<\/strong> <strong>do Brasil<\/strong> somou R$ 3,4 trilh\u00f5es entre abril e junho.<\/p>\n\n\n\n<p>O ritmo de expans\u00e3o perdeu for\u00e7a em rela\u00e7\u00e3o ao primeiro trimestre do ano, quando a atividade havia crescido 1,1%, sem revis\u00e3o posterior do dado pelo IBGE. O resultado do 2T26 \u00e9 o mais fraco desde o fim de 2025.<\/p>\n\n\n\n<h2 class=\"wp-block-heading\">Como se comportaram os setores da economia no PIB do 2T26<\/h2>\n\n\n\n<p>Do lado da produ\u00e7\u00e3o, a Agropecu\u00e1ria voltou a puxar o crescimento, com alta de 2,8% no trimestre, ritmo superior aos 2,3% registrados entre janeiro e mar\u00e7o. \u00c9 o melhor desempenho do setor desde o primeiro trimestre de 2025.<\/p>\n\n\n\n<p>Os Servi\u00e7os, respons\u00e1veis por cerca de 70% do <strong>PIB brasileiro<\/strong>, cresceram apenas 0,2%, desacelerando ante os 0,4% do trimestre anterior. Dentro do setor, os avan\u00e7os vieram de Informa\u00e7\u00e3o e comunica\u00e7\u00e3o (2,1%), Transporte, armazenagem e correio (1,1%) e Atividades imobili\u00e1rias (0,2%). Com\u00e9rcio e Outras atividades de servi\u00e7os n\u00e3o apresentaram varia\u00e7\u00e3o.<\/p>\n\n\n\n<p>J\u00e1 a Ind\u00fastria cresceu 0,1%, bem abaixo do 1,2% do trimestre anterior. As Ind\u00fastrias extrativas tiveram novo resultado positivo, de 3,4%, mas o desempenho foi puxado para baixo por quedas em Eletricidade e g\u00e1s, \u00e1gua, esgoto e gest\u00e3o de res\u00edduos (-1,1%), nas Ind\u00fastrias de transforma\u00e7\u00e3o (-0,4%) e na Constru\u00e7\u00e3o (-0,4%).<\/p>\n\n\n\n<p>Dois segmentos ligados ao setor p\u00fablico e financeiro tamb\u00e9m recuaram no per\u00edodo: Administra\u00e7\u00e3o, defesa, sa\u00fade e educa\u00e7\u00e3o p\u00fablicas e seguridade social caiu 0,4%, enquanto Atividades financeiras, de seguros e servi\u00e7os relacionados teve retra\u00e7\u00e3o de 0,3%.<\/p>\n\n\n\n<h2 class=\"wp-block-heading\">Consumo das fam\u00edlias recua e investimento desacelera<\/h2>\n\n\n\n<p>Pela \u00f3tica da demanda, o destaque negativo ficou por conta do Consumo das Fam\u00edlias, que caiu 0,4% no trimestre, interrompendo uma sequ\u00eancia de tr\u00eas altas consecutivas. No primeiro trimestre, esse indicador havia crescido 0,8%.<\/p>\n\n\n\n<p>O Consumo do Governo, por sua vez, subiu 0,4%, repetindo o ritmo j\u00e1 observado nos tr\u00eas primeiros meses do ano. A <a class=\"suno-keyword\" target=\"_blank\" data-force=\"no\" data-priority=\"1\" href=\"https:\/\/www.suno.com.br\/artigos\/formacao-bruta-capital-fixo-fbcf\/\" rel=\"noopener\">Forma\u00e7\u00e3o Bruta de Capital Fixo<\/a>, indicador que mede o investimento no pa\u00eds, cresceu 1,2%, avan\u00e7o menor que os 3,4% do trimestre anterior.<\/p>\n\n\n\n<p>No com\u00e9rcio exterior, as Exporta\u00e7\u00f5es de Bens e Servi\u00e7os recuaram 0,8% em rela\u00e7\u00e3o ao primeiro trimestre, enquanto as Importa\u00e7\u00f5es de Bens e Servi\u00e7os subiram 1,8% no mesmo intervalo.<\/p>\n\n\n\n<p>Para Rafael Perez, economista da Suno Research, n\u00famero veio dentro do esperado pela casa, mas j\u00e1 mostra sinais claros de perda de f\u00f4lego da economia. &#8220;Apesar do resultado positivo, os dados refor\u00e7am os sinais mais evidentes de desacelera\u00e7\u00e3o da atividade ap\u00f3s um primeiro trimestre de crescimento bastante forte&#8221;, afirma.<\/p>\n\n\n\n<p>Segundo o economista, o crescimento do trimestre foi sustentado principalmente pelo setor p\u00fablico e pelos investimentos. Sobre a queda no consumo das fam\u00edlias, o economista atribui o resultado a uma combina\u00e7\u00e3o de fatores. <\/p>\n\n\n\n<p>&#8220;O resultado foi influenciado pelo elevado endividamento das fam\u00edlias, pelo custo mais elevado do cr\u00e9dito e pelo menor ritmo de crescimento dos sal\u00e1rios, al\u00e9m das press\u00f5es inflacion\u00e1rias decorrentes da alta dos pre\u00e7os de combust\u00edveis e alimentos, que reduziram o <a class=\"suno-keyword\" target=\"_blank\" data-force=\"no\" data-priority=\"1\" href=\"https:\/\/www.suno.com.br\/artigos\/poder-de-compra\/\" rel=\"noopener\">poder de compra<\/a> e limitaram a expans\u00e3o do consumo&#8221;, diz ele. <\/p>\n\n\n\n<p>Para os pr\u00f3ximos trimestres, Perez espera que os efeitos dos est\u00edmulos recentes sobre renda e consumo no <strong>PIB <\/strong>brasileiro percam intensidade de forma gradual. Segundo ele, a incerteza eleitoral e o endividamento elevado de fam\u00edlias e empresas devem seguir pesando sobre as decis\u00f5es de consumo e investimento.<\/p>\n\n\n\t<p>\n\t\t<a href=\"https:\/\/lp.suno.com.br\/planilha-da-vida-financeira\/\" target=\"_blank\" data-element=\"shortcode-suno-banner\" title=\"Banner SUNO, clique e saiba mais\">\n\t\t\t<picture>\n\t\t\t\t<source media=\"(max-width: 500px)\" srcset=\"https:\/\/files.sunoresearch.com.br\/n\/uploads\/2023\/04\/400x300-Planilha-vida-financeira-true.png\">\n\t\t\t\t<img class=\"newsContent__article__imgCapa newsContent__article__imgCapa--banner\"\n\t\t\t\t\tsrc=\"https:\/\/files.sunoresearch.com.br\/n\/uploads\/2023\/04\/1420x240-Planilha-vida-financeira-true.png\"\n\t\t\t\t\tdata-promo-id=\"383123\"\t\t\t\t\t\t\t\t\t\twidth='1420' height='240'\t\t\t\t\talt=\"https:\/\/files.sunoresearch.com.br\/n\/uploads\/2023\/04\/1420x240-Planilha-vida-financeira-true.png\"\n\t\t\t\t>\n\t\t\t<\/picture>\n\t\t<\/a>\n\t<\/p>\n\n\n","protected":false},"excerpt":{"rendered":"<p>O Instituto Brasileiro de Geografia e Estat\u00edstica (IBGE) divulgou nesta ter\u00e7a-feira (1\u00ba) o resultado do Produto Interno Bruto (PIB) brasileiro referente ao segundo trimestre de 2026. Na compara\u00e7\u00e3o com os tr\u00eas meses anteriores, a economia avan\u00e7ou 0,5%, n\u00famero acima da proje\u00e7\u00e3o de analistas ouvidos pela Reuters, que esperavam alta de 0,4% no per\u00edodo. Produto Interno [&hellip;]<\/p>\n","protected":false},"author":404,"featured_media":663175,"comment_status":"closed","ping_status":"closed","sticky":false,"template":"","format":"standard","meta":[],"categories":[64],"tags":[807],"suno_strategy":[],"class_list":["post-663134","post","type-post","status-publish","format-standard","has-post-thumbnail","hentry","category-negocios","tag-produto-interno-bruto-pib"],"yoast_head":"<!-- This site is optimized with the Yoast SEO plugin v24.4 - https:\/\/yoast.com\/wordpress\/plugins\/seo\/ -->\n<title>PIB do Brasil cresce 0,5% no segundo trimestre de 2026<\/title>\n<meta name=\"description\" content=\"O PIB brasileiro cresceu 0,5% no segundo trimestre de 2026, segundo o IBGE, superando a expectativa do mercado. Leia mais.\" \/>\n<meta name=\"robots\" content=\"index, follow, max-snippet:-1, max-image-preview:large, max-video-preview:-1\" \/>\n<link rel=\"canonical\" href=\"https:\/\/www.suno.com.br\/noticias\/pib-2t26-cresce-05-acima-esperado-go\/\" \/>\n<meta property=\"og:locale\" content=\"pt_BR\" \/>\n<meta property=\"og:type\" content=\"article\" \/>\n<meta property=\"og:title\" content=\"PIB do Brasil cresce 0,5% no segundo trimestre de 2026\" \/>\n<meta property=\"og:description\" content=\"O PIB brasileiro cresceu 0,5% no segundo trimestre de 2026, segundo o IBGE, superando a expectativa do mercado. Leia mais.\" \/>\n<meta property=\"og:url\" content=\"https:\/\/www.suno.com.br\/noticias\/pib-2t26-cresce-05-acima-esperado-go\/\" \/>\n<meta property=\"og:site_name\" content=\"Suno Not\u00edcias\" \/>\n<meta property=\"article:publisher\" content=\"https:\/\/facebook.com\/sunoresearch\" \/>\n<meta property=\"og:image\" content=\"https:\/\/files.sunoresearch.com.br\/n\/uploads\/2026\/09\/Gemini_Generated_Image_el63isel63isel63-jpeg.webp\" \/>\n\t<meta property=\"og:image:width\" content=\"1408\" \/>\n\t<meta property=\"og:image:height\" content=\"768\" \/>\n\t<meta property=\"og:image:type\" content=\"image\/jpeg\" \/>\n<meta name=\"author\" content=\"Giovanna Oliveira\" \/>\n<meta name=\"twitter:card\" content=\"summary_large_image\" \/>\n<meta name=\"twitter:creator\" content=\"@sunoresearch\" \/>\n<meta name=\"twitter:site\" content=\"@sunoresearch\" \/>\n<meta name=\"twitter:label1\" content=\"Escrito por\" \/>\n\t<meta name=\"twitter:data1\" content=\"Giovanna Oliveira\" \/>\n\t<meta name=\"twitter:label2\" content=\"Est. tempo de leitura\" \/>\n\t<meta name=\"twitter:data2\" content=\"4 minutos\" \/>\n<script type=\"application\/ld+json\" class=\"yoast-schema-graph\">{\"@context\":\"https:\/\/schema.org\",\"@graph\":[{\"@type\":\"NewsArticle\",\"@id\":\"https:\/\/www.suno.com.br\/noticias\/pib-2t26-cresce-05-acima-esperado-go\/#article\",\"isPartOf\":{\"@id\":\"https:\/\/www.suno.com.br\/noticias\/pib-2t26-cresce-05-acima-esperado-go\/\"},\"author\":{\"name\":\"Giovanna Oliveira\",\"@id\":\"https:\/\/www.suno.com.br\/noticias\/#\/schema\/person\/506bb13f624e6983050ae5bf648c7a54\"},\"headline\":\"PIB do Brasil cresce 0,5% no segundo trimestre de 2026 e supera proje\u00e7\u00e3o do mercado\",\"datePublished\":\"2026-09-01T14:20:00+00:00\",\"dateModified\":\"2026-09-01T15:52:53+00:00\",\"mainEntityOfPage\":{\"@id\":\"https:\/\/www.suno.com.br\/noticias\/pib-2t26-cresce-05-acima-esperado-go\/\"},\"wordCount\":670,\"publisher\":{\"@id\":\"https:\/\/www.suno.com.br\/noticias\/#organization\"},\"image\":{\"@id\":\"https:\/\/www.suno.com.br\/noticias\/pib-2t26-cresce-05-acima-esperado-go\/#primaryimage\"},\"thumbnailUrl\":\"https:\/\/files.sunoresearch.com.br\/n\/uploads\/2026\/09\/Gemini_Generated_Image_el63isel63isel63-jpeg.webp\",\"keywords\":[\"Produto Interno Bruto (PIB)\"],\"articleSection\":[\"Neg\u00f3cios\"],\"inLanguage\":\"pt-BR\"},{\"@type\":\"WebPage\",\"@id\":\"https:\/\/www.suno.com.br\/noticias\/pib-2t26-cresce-05-acima-esperado-go\/\",\"url\":\"https:\/\/www.suno.com.br\/noticias\/pib-2t26-cresce-05-acima-esperado-go\/\",\"name\":\"PIB do Brasil cresce 0,5% no segundo trimestre de 2026\",\"isPartOf\":{\"@id\":\"https:\/\/www.suno.com.br\/noticias\/#website\"},\"primaryImageOfPage\":{\"@id\":\"https:\/\/www.suno.com.br\/noticias\/pib-2t26-cresce-05-acima-esperado-go\/#primaryimage\"},\"image\":{\"@id\":\"https:\/\/www.suno.com.br\/noticias\/pib-2t26-cresce-05-acima-esperado-go\/#primaryimage\"},\"thumbnailUrl\":\"https:\/\/files.sunoresearch.com.br\/n\/uploads\/2026\/09\/Gemini_Generated_Image_el63isel63isel63-jpeg.webp\",\"datePublished\":\"2026-09-01T14:20:00+00:00\",\"dateModified\":\"2026-09-01T15:52:53+00:00\",\"description\":\"O PIB brasileiro cresceu 0,5% no segundo trimestre de 2026, segundo o IBGE, superando a expectativa do mercado. Leia mais.\",\"breadcrumb\":{\"@id\":\"https:\/\/www.suno.com.br\/noticias\/pib-2t26-cresce-05-acima-esperado-go\/#breadcrumb\"},\"inLanguage\":\"pt-BR\",\"potentialAction\":[{\"@type\":\"ReadAction\",\"target\":[\"https:\/\/www.suno.com.br\/noticias\/pib-2t26-cresce-05-acima-esperado-go\/\"]}]},{\"@type\":\"ImageObject\",\"inLanguage\":\"pt-BR\",\"@id\":\"https:\/\/www.suno.com.br\/noticias\/pib-2t26-cresce-05-acima-esperado-go\/#primaryimage\",\"url\":\"https:\/\/files.sunoresearch.com.br\/n\/uploads\/2026\/09\/Gemini_Generated_Image_el63isel63isel63-jpeg.webp\",\"contentUrl\":\"https:\/\/files.sunoresearch.com.br\/n\/uploads\/2026\/09\/Gemini_Generated_Image_el63isel63isel63-jpeg.webp\",\"width\":1408,\"height\":768,\"caption\":\"Produto Interno Bruto (PIB). Foto: Intelig\u00eancia Artificial\/Gemini\"},{\"@type\":\"BreadcrumbList\",\"@id\":\"https:\/\/www.suno.com.br\/noticias\/pib-2t26-cresce-05-acima-esperado-go\/#breadcrumb\",\"itemListElement\":[{\"@type\":\"ListItem\",\"position\":1,\"name\":\"Not\u00edcias\",\"item\":\"https:\/\/www.suno.com.br\/noticias\/\"},{\"@type\":\"ListItem\",\"position\":2,\"name\":\"Neg\u00f3cios\",\"item\":\"https:\/\/www.suno.com.br\/noticias\/negocios\/\"},{\"@type\":\"ListItem\",\"position\":3,\"name\":\"PIB do Brasil cresce 0,5% no segundo trimestre de 2026 e supera proje\u00e7\u00e3o do mercado\"}]},{\"@type\":\"WebSite\",\"@id\":\"https:\/\/www.suno.com.br\/noticias\/#website\",\"url\":\"https:\/\/www.suno.com.br\/noticias\/\",\"name\":\"Suno Not\u00edcias\",\"description\":\"Seu portal de informa\u00e7\u00e3o sobre o mundo dos investimentos\",\"publisher\":{\"@id\":\"https:\/\/www.suno.com.br\/noticias\/#organization\"},\"potentialAction\":[{\"@type\":\"SearchAction\",\"target\":{\"@type\":\"EntryPoint\",\"urlTemplate\":\"https:\/\/www.suno.com.br\/noticias\/?s={search_term_string}\"},\"query-input\":{\"@type\":\"PropertyValueSpecification\",\"valueRequired\":true,\"valueName\":\"search_term_string\"}}],\"inLanguage\":\"pt-BR\"},{\"@type\":\"Organization\",\"@id\":\"https:\/\/www.suno.com.br\/noticias\/#organization\",\"name\":\"Suno Not\u00edcias\",\"url\":\"https:\/\/www.suno.com.br\/noticias\/\",\"logo\":{\"@type\":\"ImageObject\",\"inLanguage\":\"pt-BR\",\"@id\":\"https:\/\/www.suno.com.br\/noticias\/#\/schema\/logo\/image\/\",\"url\":\"https:\/\/files.sunoresearch.com.br\/n\/uploads\/2021\/09\/suno-logo.png\",\"contentUrl\":\"https:\/\/files.sunoresearch.com.br\/n\/uploads\/2021\/09\/suno-logo.png\",\"width\":180,\"height\":180,\"caption\":\"Suno Not\u00edcias\"},\"image\":{\"@id\":\"https:\/\/www.suno.com.br\/noticias\/#\/schema\/logo\/image\/\"},\"sameAs\":[\"https:\/\/facebook.com\/sunoresearch\",\"https:\/\/x.com\/sunoresearch\",\"https:\/\/www.instagram.com\/suno\",\"https:\/\/www.linkedin.com\/company\/suno-research\/\",\"https:\/\/www.youtube.com\/c\/sunoresearch\"]},{\"@type\":\"Person\",\"@id\":\"https:\/\/www.suno.com.br\/noticias\/#\/schema\/person\/506bb13f624e6983050ae5bf648c7a54\",\"name\":\"Giovanna Oliveira\",\"image\":{\"@type\":\"ImageObject\",\"inLanguage\":\"pt-BR\",\"@id\":\"https:\/\/www.suno.com.br\/noticias\/#\/schema\/person\/image\/\",\"url\":\"https:\/\/secure.gravatar.com\/avatar\/8d180e5cea232a9bb3af521589b133fa?s=96&r=g\",\"contentUrl\":\"https:\/\/secure.gravatar.com\/avatar\/8d180e5cea232a9bb3af521589b133fa?s=96&r=g\",\"caption\":\"Giovanna Oliveira\"},\"description\":\"Jornalista com mais de sete anos de experi\u00eancia na cobertura de finan\u00e7as e economia. P\u00f3s-graduada em Neg\u00f3cios e Inova\u00e7\u00e3o (ESPM-SP) e mestranda em Finan\u00e7as (UADE Business School\u2013Buenos Aires).\",\"url\":\"https:\/\/www.suno.com.br\/noticias\/author\/giovannalmd-oliveiragmail-com\/\"}]}<\/script>\n<!-- \/ Yoast SEO plugin. -->","yoast_head_json":{"title":"PIB do Brasil cresce 0,5% no segundo trimestre de 2026","description":"O PIB brasileiro cresceu 0,5% no segundo trimestre de 2026, segundo o IBGE, superando a expectativa do mercado. Leia mais.","robots":{"index":"index","follow":"follow","max-snippet":"max-snippet:-1","max-image-preview":"max-image-preview:large","max-video-preview":"max-video-preview:-1"},"canonical":"https:\/\/www.suno.com.br\/noticias\/pib-2t26-cresce-05-acima-esperado-go\/","og_locale":"pt_BR","og_type":"article","og_title":"PIB do Brasil cresce 0,5% no segundo trimestre de 2026","og_description":"O PIB brasileiro cresceu 0,5% no segundo trimestre de 2026, segundo o IBGE, superando a expectativa do mercado. Leia mais.","og_url":"https:\/\/www.suno.com.br\/noticias\/pib-2t26-cresce-05-acima-esperado-go\/","og_site_name":"Suno Not\u00edcias","article_publisher":"https:\/\/facebook.com\/sunoresearch","og_image":[{"width":1408,"height":768,"url":"https:\/\/files.sunoresearch.com.br\/n\/uploads\/2026\/09\/Gemini_Generated_Image_el63isel63isel63-jpeg.webp","type":"image\/jpeg"}],"author":"Giovanna Oliveira","twitter_card":"summary_large_image","twitter_creator":"@sunoresearch","twitter_site":"@sunoresearch","twitter_misc":{"Escrito por":"Giovanna Oliveira","Est. tempo de leitura":"4 minutos"},"schema":{"@context":"https:\/\/schema.org","@graph":[{"@type":"NewsArticle","@id":"https:\/\/www.suno.com.br\/noticias\/pib-2t26-cresce-05-acima-esperado-go\/#article","isPartOf":{"@id":"https:\/\/www.suno.com.br\/noticias\/pib-2t26-cresce-05-acima-esperado-go\/"},"author":{"name":"Giovanna Oliveira","@id":"https:\/\/www.suno.com.br\/noticias\/#\/schema\/person\/506bb13f624e6983050ae5bf648c7a54"},"headline":"PIB do Brasil cresce 0,5% no segundo trimestre de 2026 e supera proje\u00e7\u00e3o do mercado","datePublished":"2026-09-01T14:20:00+00:00","dateModified":"2026-09-01T15:52:53+00:00","mainEntityOfPage":{"@id":"https:\/\/www.suno.com.br\/noticias\/pib-2t26-cresce-05-acima-esperado-go\/"},"wordCount":670,"publisher":{"@id":"https:\/\/www.suno.com.br\/noticias\/#organization"},"image":{"@id":"https:\/\/www.suno.com.br\/noticias\/pib-2t26-cresce-05-acima-esperado-go\/#primaryimage"},"thumbnailUrl":"https:\/\/files.sunoresearch.com.br\/n\/uploads\/2026\/09\/Gemini_Generated_Image_el63isel63isel63-jpeg.webp","keywords":["Produto Interno Bruto (PIB)"],"articleSection":["Neg\u00f3cios"],"inLanguage":"pt-BR"},{"@type":"WebPage","@id":"https:\/\/www.suno.com.br\/noticias\/pib-2t26-cresce-05-acima-esperado-go\/","url":"https:\/\/www.suno.com.br\/noticias\/pib-2t26-cresce-05-acima-esperado-go\/","name":"PIB do Brasil cresce 0,5% no segundo trimestre de 2026","isPartOf":{"@id":"https:\/\/www.suno.com.br\/noticias\/#website"},"primaryImageOfPage":{"@id":"https:\/\/www.suno.com.br\/noticias\/pib-2t26-cresce-05-acima-esperado-go\/#primaryimage"},"image":{"@id":"https:\/\/www.suno.com.br\/noticias\/pib-2t26-cresce-05-acima-esperado-go\/#primaryimage"},"thumbnailUrl":"https:\/\/files.sunoresearch.com.br\/n\/uploads\/2026\/09\/Gemini_Generated_Image_el63isel63isel63-jpeg.webp","datePublished":"2026-09-01T14:20:00+00:00","dateModified":"2026-09-01T15:52:53+00:00","description":"O PIB brasileiro cresceu 0,5% no segundo trimestre de 2026, segundo o IBGE, superando a expectativa do mercado. Leia mais.","breadcrumb":{"@id":"https:\/\/www.suno.com.br\/noticias\/pib-2t26-cresce-05-acima-esperado-go\/#breadcrumb"},"inLanguage":"pt-BR","potentialAction":[{"@type":"ReadAction","target":["https:\/\/www.suno.com.br\/noticias\/pib-2t26-cresce-05-acima-esperado-go\/"]}]},{"@type":"ImageObject","inLanguage":"pt-BR","@id":"https:\/\/www.suno.com.br\/noticias\/pib-2t26-cresce-05-acima-esperado-go\/#primaryimage","url":"https:\/\/files.sunoresearch.com.br\/n\/uploads\/2026\/09\/Gemini_Generated_Image_el63isel63isel63-jpeg.webp","contentUrl":"https:\/\/files.sunoresearch.com.br\/n\/uploads\/2026\/09\/Gemini_Generated_Image_el63isel63isel63-jpeg.webp","width":1408,"height":768,"caption":"Produto Interno Bruto (PIB). Foto: Intelig\u00eancia Artificial\/Gemini"},{"@type":"BreadcrumbList","@id":"https:\/\/www.suno.com.br\/noticias\/pib-2t26-cresce-05-acima-esperado-go\/#breadcrumb","itemListElement":[{"@type":"ListItem","position":1,"name":"Not\u00edcias","item":"https:\/\/www.suno.com.br\/noticias\/"},{"@type":"ListItem","position":2,"name":"Neg\u00f3cios","item":"https:\/\/www.suno.com.br\/noticias\/negocios\/"},{"@type":"ListItem","position":3,"name":"PIB do Brasil cresce 0,5% no segundo trimestre de 2026 e supera proje\u00e7\u00e3o do mercado"}]},{"@type":"WebSite","@id":"https:\/\/www.suno.com.br\/noticias\/#website","url":"https:\/\/www.suno.com.br\/noticias\/","name":"Suno Not\u00edcias","description":"Seu portal de informa\u00e7\u00e3o sobre o mundo dos investimentos","publisher":{"@id":"https:\/\/www.suno.com.br\/noticias\/#organization"},"potentialAction":[{"@type":"SearchAction","target":{"@type":"EntryPoint","urlTemplate":"https:\/\/www.suno.com.br\/noticias\/?s={search_term_string}"},"query-input":{"@type":"PropertyValueSpecification","valueRequired":true,"valueName":"search_term_string"}}],"inLanguage":"pt-BR"},{"@type":"Organization","@id":"https:\/\/www.suno.com.br\/noticias\/#organization","name":"Suno Not\u00edcias","url":"https:\/\/www.suno.com.br\/noticias\/","logo":{"@type":"ImageObject","inLanguage":"pt-BR","@id":"https:\/\/www.suno.com.br\/noticias\/#\/schema\/logo\/image\/","url":"https:\/\/files.sunoresearch.com.br\/n\/uploads\/2021\/09\/suno-logo.png","contentUrl":"https:\/\/files.sunoresearch.com.br\/n\/uploads\/2021\/09\/suno-logo.png","width":180,"height":180,"caption":"Suno Not\u00edcias"},"image":{"@id":"https:\/\/www.suno.com.br\/noticias\/#\/schema\/logo\/image\/"},"sameAs":["https:\/\/facebook.com\/sunoresearch","https:\/\/x.com\/sunoresearch","https:\/\/www.instagram.com\/suno","https:\/\/www.linkedin.com\/company\/suno-research\/","https:\/\/www.youtube.com\/c\/sunoresearch"]},{"@type":"Person","@id":"https:\/\/www.suno.com.br\/noticias\/#\/schema\/person\/506bb13f624e6983050ae5bf648c7a54","name":"Giovanna Oliveira","image":{"@type":"ImageObject","inLanguage":"pt-BR","@id":"https:\/\/www.suno.com.br\/noticias\/#\/schema\/person\/image\/","url":"https:\/\/secure.gravatar.com\/avatar\/8d180e5cea232a9bb3af521589b133fa?s=96&r=g","contentUrl":"https:\/\/secure.gravatar.com\/avatar\/8d180e5cea232a9bb3af521589b133fa?s=96&r=g","caption":"Giovanna Oliveira"},"description":"Jornalista com mais de sete anos de experi\u00eancia na cobertura de finan\u00e7as e economia. P\u00f3s-graduada em Neg\u00f3cios e Inova\u00e7\u00e3o (ESPM-SP) e mestranda em Finan\u00e7as (UADE Business School\u2013Buenos Aires).","url":"https:\/\/www.suno.com.br\/noticias\/author\/giovannalmd-oliveiragmail-com\/"}]}},"default_loop_html":"<div class=\"cardsPage__listCard__boxs\"><div class=\"cardsPage__listCard__boxs__img\"><a href=\"https:\/\/www.suno.com.br\/noticias\/pib-2t26-cresce-05-acima-esperado-go\/\"><img class=\"mask\" src=\"https:\/\/www.suno.com.br\/noticias\/wp-content\/themes\/suno\/resources\/images\/spotlight\/spotlight1img\/bg-mask.png\" alt=\"Image Mask\"\/><img src=\"https:\/\/files.sunoresearch.com.br\/n\/uploads\/2026\/09\/Gemini_Generated_Image_el63isel63isel63-400x200.webp\" alt=\"PIB do Brasil cresce 0,5% no segundo trimestre de 2026 e supera proje\u00e7\u00e3o do mercado\"\/><\/a><span class=\"spotlightCategory\"><a href=\"https:\/\/www.suno.com.br\/noticias\/negocios\/\">Neg\u00f3cios<\/a><\/span><\/div><div class=\"cardsPage__listCard__boxs__content\"><a href=\"https:\/\/www.suno.com.br\/noticias\/pib-2t26-cresce-05-acima-esperado-go\/\"><h2 class=\"content__title\">PIB do Brasil cresce 0,5% no segundo trimestre de 2026 e supera proje\u00e7\u00e3o do mercado<\/h2><\/a><div class=\"newsContent__article__meta\"><div class=\"newsContent__article__meta__authorBox\"><a href=\"https:\/\/www.suno.com.br\/noticias\/author\/giovannalmd-oliveiragmail-com\/\" class=\"authorBox__avatar noMobi\"><img src=\"https:\/\/secure.gravatar.com\/avatar\/8d180e5cea232a9bb3af521589b133fa?s=96&#038;r=g\" alt=\"Giovanna Oliveira\"><\/a><div class=\"authorBox__name\"><span>por\n\t\t\t<a href=\"https:\/\/www.suno.com.br\/noticias\/author\/giovannalmd-oliveiragmail-com\/\"><span itemprop=\"author\">Giovanna Oliveira<\/span><\/a><\/span><time datetime=\"2026-09-01T11:20:00-03:00\" itemprop=\"datePublished\">01\/09\/2026 11:20<\/time><\/div><\/div><\/div><\/div><\/div>","single_layout":"posts","amp_enabled":true,"_links":{"self":[{"href":"https:\/\/www.suno.com.br\/noticias\/wp-json\/wp\/v2\/posts\/663134"}],"collection":[{"href":"https:\/\/www.suno.com.br\/noticias\/wp-json\/wp\/v2\/posts"}],"about":[{"href":"https:\/\/www.suno.com.br\/noticias\/wp-json\/wp\/v2\/types\/post"}],"author":[{"embeddable":true,"href":"https:\/\/www.suno.com.br\/noticias\/wp-json\/wp\/v2\/users\/404"}],"replies":[{"embeddable":true,"href":"https:\/\/www.suno.com.br\/noticias\/wp-json\/wp\/v2\/comments?post=663134"}],"version-history":[{"count":2,"href":"https:\/\/www.suno.com.br\/noticias\/wp-json\/wp\/v2\/posts\/663134\/revisions"}],"predecessor-version":[{"id":663177,"href":"https:\/\/www.suno.com.br\/noticias\/wp-json\/wp\/v2\/posts\/663134\/revisions\/663177"}],"wp:featuredmedia":[{"embeddable":true,"href":"https:\/\/www.suno.com.br\/noticias\/wp-json\/wp\/v2\/media\/663175"}],"wp:attachment":[{"href":"https:\/\/www.suno.com.br\/noticias\/wp-json\/wp\/v2\/media?parent=663134"}],"wp:term":[{"taxonomy":"category","embeddable":true,"href":"https:\/\/www.suno.com.br\/noticias\/wp-json\/wp\/v2\/categories?post=663134"},{"taxonomy":"post_tag","embeddable":true,"href":"https:\/\/www.suno.com.br\/noticias\/wp-json\/wp\/v2\/tags?post=663134"},{"taxonomy":"suno_strategy","embeddable":true,"href":"https:\/\/www.suno.com.br\/noticias\/wp-json\/wp\/v2\/suno_strategy?post=663134"}],"curies":[{"name":"wp","href":"https:\/\/api.w.org\/{rel}","templated":true}]}}