{"id":663085,"date":"2026-08-31T20:35:04","date_gmt":"2026-08-31T23:35:04","guid":{"rendered":"https:\/\/www.suno.com.br\/noticias\/fii-trxf11-desiste-de-potencial-compra-de-portfolio-imobiliario-da-cyrela\/"},"modified":"2026-08-31T20:35:04","modified_gmt":"2026-08-31T23:35:04","slug":"fii-trxf11-desiste-de-potencial-compra-de-portfolio-imobiliario-da-cyrela","status":"publish","type":"post","link":"https:\/\/www.suno.com.br\/noticias\/fii-trxf11-desiste-de-potencial-compra-de-portfolio-imobiliario-da-cyrela\/","title":{"rendered":"FII TRXF11 desiste de potencial compra de portf\u00f3lio imobili\u00e1rio da Cyrela"},"content":{"rendered":"<p>O fundo imobili\u00e1rio <a class=\"suno-keyword\" target=\"_blank\" data-force=\"no\" data-priority=\"2\" href=\"https:\/\/www.suno.com.br\/fundos-imobiliarios\/trxf11\/\" rel=\"noopener\"><strong>TRXF11<\/strong><\/a> (TRX Real Estate) comunicou nesta segunda-feira (31) que n\u00e3o seguir\u00e1 com a aquisi\u00e7\u00e3o de um portf\u00f3lio de ativos pertencentes \u00e0 Cyrela e a fundos ligados ao grupo. A decis\u00e3o foi atribu\u00edda a mudan\u00e7as nas condi\u00e7\u00f5es de mercado observadas recentemente, segundo <a class=\"suno-keyword\" target=\"_blank\" data-force=\"no\" data-priority=\"1\" href=\"https:\/\/www.suno.com.br\/artigos\/fato-relevante\/\" rel=\"noopener\">fato relevante<\/a>.<\/p>\t<div class=\"wrapper-featured-image\">\n\t\t<figure class=\"spotlightImg\">\n\n\t\t\t<picture>\n\t\t\t\t<source media=\"(max-width: 768px)\" srcset=\"https:\/\/files.sunoresearch.com.br\/n\/uploads\/2026\/08\/equipe-financeira-tr-1_01-4-400x200.webp\">\n\t\t\t\t<img loading=\"lazy\" decoding=\"async\" class=\"newsContent__article__imgCapa lazyloadDisabled \" src=\"https:\/\/files.sunoresearch.com.br\/n\/uploads\/2026\/08\/equipe-financeira-tr-1_01-4-800x450.webp\" width=\"800\" height=\"450\" alt=\"FII TRXF11 desiste de potencial compra de portf\u00f3lio imobili\u00e1rio da Cyrela\" fetchpriority=high \/>\n\t\t\t<\/picture>\n\n\t\t\t<figcaption class=\"wp-caption-text wp-caption-text--show\">Imagem gerada por IA<\/figcaption>\n\t\t<\/figure>\n\t<\/div>\n\n\n<p>Em aviso ao mercado, o fundo informou ter notificado formalmente a Cy.Capital e os demais vendedores sobre a interrup\u00e7\u00e3o das conversas. A transa\u00e7\u00e3o havia sido anunciada em 5 de agosto e estava estruturada por meio de um memorando de entendimentos (MOU) n\u00e3o vinculante, ainda em fase preliminar de negocia\u00e7\u00e3o.<\/p>\n<p>O arranjo proposto previa que o fundo atuasse como investidor-\u00e2ncora em uma potencial opera\u00e7\u00e3o que englobaria a aquisi\u00e7\u00e3o, direta e indiretamente, dos im\u00f3veis detidos pelos vendedores. N\u00e3o foram divulgados detalhes sobre o tamanho do portf\u00f3lio ou etapas subsequentes previstas antes da decis\u00e3o de recuo.<\/p>\n<p>Com o recuo, as partes concordaram em encerrar o MOU por meio de acordo m\u00fatuo. De acordo com o comunicado, o distrato ocorrer\u00e1 \u201csem qualquer \u00f4nus, penalidade ou obriga\u00e7\u00e3o adicional\u201d para os envolvidos, preservando integralmente a posi\u00e7\u00e3o de cada parte no t\u00e9rmino das tratativas.<\/p>\n\n\t<p>\n\t\t<a href=\"https:\/\/lp2.suno.com.br\/onde-investir-2026\/?utm_campaign=_SNC390A0FD0_ao&#038;utm_source=suno-not\u00edcias&#038;utm_medium=banner.noticias\" target=\"_blank\" data-element=\"shortcode-suno-banner\" title=\"Banner SUNO, clique e saiba mais\">\n\t\t\t<picture>\n\t\t\t\t<source media=\"(max-width: 500px)\" srcset=\"https:\/\/files.sunoresearch.com.br\/gaia\/uploads\/2026\/01\/Banner-Materias-01-Mbl_-400x300-1.png\">\n\t\t\t\t<img class=\"newsContent__article__imgCapa newsContent__article__imgCapa--banner\"\n\t\t\t\t\tsrc=\"https:\/\/files.sunoresearch.com.br\/gaia\/uploads\/2026\/01\/Banner-Materias-01-Dkp_-1420x240-1.png\"\n\t\t\t\t\tdata-promo-id=\"651623\"\t\t\t\t\t\t\t\t\t\twidth='1420' height='240'\t\t\t\t\talt=\"https:\/\/files.sunoresearch.com.br\/gaia\/uploads\/2026\/01\/Banner-Materias-01-Dkp_-1420x240-1.png\"\n\t\t\t\t>\n\t\t\t<\/picture>\n\t\t<\/a>\n\t<\/p>\n\n\n\n\n<p>A desist\u00eancia foi divulgada em um momento de elevada volatilidade nas cotas do fundo e ap\u00f3s a administra\u00e7\u00e3o anunciar, nas \u00faltimas semanas, diferentes movimentos voltados \u00e0 expans\u00e3o do portf\u00f3lio imobili\u00e1rio. O comunicado n\u00e3o relaciona esses eventos diretamente \u00e0 decis\u00e3o.<\/p>\n<h2>Mudan\u00e7as interrompem negocia\u00e7\u00e3o\u00a0<\/h2>\n<p>O fundo n\u00e3o detalhou quais altera\u00e7\u00f5es nas condi\u00e7\u00f5es de mercado motivaram a decis\u00e3o de n\u00e3o avan\u00e7ar com a potencial transa\u00e7\u00e3o. Tamb\u00e9m n\u00e3o foram apontados fatores espec\u00edficos setoriais ou macroecon\u00f4micos que tenham afetado a avalia\u00e7\u00e3o da opera\u00e7\u00e3o.<\/p>\n<p>O aviso n\u00e3o estabelece novas condi\u00e7\u00f5es ou prazos para uma eventual retomada das conversas. Assim, a possibilidade de reabrir a negocia\u00e7\u00e3o permanece em aberto, sem par\u00e2metros adicionais informados ao mercado no momento.<\/p>\n<p>A administra\u00e7\u00e3o reiterou que a opera\u00e7\u00e3o estava em fase de tratativas e condicionada ao cumprimento de termos estabelecidos no MOU, que n\u00e3o possu\u00eda car\u00e1ter vinculante. Esse enquadramento permitia \u00e0s partes revisar ou encerrar as negocia\u00e7\u00f5es sem obriga\u00e7\u00e3o de conclus\u00e3o da compra.<\/p>\n\n\t<p>\n\t\t<a href=\"https:\/\/lp2.suno.com.br\/lm\/minicurso-construindo-um-portfolio-milionario\/?utm_campaign=_SNC35CF3834_ao&#038;utm_source=suno-not\u00edcias&#038;utm_medium=banner.noticias\" target=\"_blank\" data-element=\"shortcode-suno-banner\" title=\"Banner SUNO, clique e saiba mais\">\n\t\t\t<picture>\n\t\t\t\t<source media=\"(max-width: 500px)\" srcset=\"https:\/\/files.sunoresearch.com.br\/gaia\/uploads\/2026\/01\/MB-PS-HOME-DE-ARTIGOS-400x300-ID_01_x1.jpg\">\n\t\t\t\t<img class=\"newsContent__article__imgCapa newsContent__article__imgCapa--banner\"\n\t\t\t\t\tsrc=\"https:\/\/files.sunoresearch.com.br\/gaia\/uploads\/2026\/01\/DT-PS-HOME-DE-ARTIGOS-1420x240-ID_01_x1.jpg\"\n\t\t\t\t\tdata-promo-id=\"651626\"\t\t\t\t\t\t\t\t\t\twidth='1420' height='240'\t\t\t\t\talt=\"https:\/\/files.sunoresearch.com.br\/gaia\/uploads\/2026\/01\/DT-PS-HOME-DE-ARTIGOS-1420x240-ID_01_x1.jpg\"\n\t\t\t\t>\n\t\t\t<\/picture>\n\t\t<\/a>\n\t<\/p>\n\n\n\n\n<p>Com o encerramento do MOU, os ativos que seriam objeto da transa\u00e7\u00e3o permanecem sob titularidade dos vendedores. O fundo prossegue com sua estrat\u00e9gia de gest\u00e3o do portf\u00f3lio existente e de avalia\u00e7\u00e3o de novas oportunidades de investimento, conforme diretrizes previamente divulgadas.<\/p>\n<h2>TRXF11 encerra MOU sem \u00f4nus \u00e0s partes<\/h2>\n<p>O fato relevante ressalta que a comunica\u00e7\u00e3o \u201cn\u00e3o constitui recomenda\u00e7\u00e3o de investimento\u201d nas cotas do fundo. A orienta\u00e7\u00e3o \u00e9 que potenciais investidores busquem informa\u00e7\u00f5es completas antes de qualquer decis\u00e3o financeira.<\/p>\n<p>A gest\u00e3o recomenda a leitura do regulamento e a an\u00e1lise dos riscos associados, incluindo aspectos de mercado, de cr\u00e9dito e de liquidez, entre outros pontos usualmente descritos nos documentos do fundo. O comunicado refor\u00e7a a pr\u00e1tica de transpar\u00eancia quanto a altera\u00e7\u00f5es relevantes no curso das negocia\u00e7\u00f5es.<\/p>\n<p>Em s\u00edntese, a administra\u00e7\u00e3o optou por interromper a transa\u00e7\u00e3o anunciada em 5 de agosto ap\u00f3s reavaliar o cen\u00e1rio de mercado. Os ativos permanecem com os vendedores, e o fundo mant\u00e9m a disciplina na execu\u00e7\u00e3o de sua estrat\u00e9gia, preservando a possibilidade de analisar novas opera\u00e7\u00f5es de acordo com as condi\u00e7\u00f5es vigentes.<\/p>\n\n\t<p>\n\t\t<a href=\"https:\/\/lp.suno.com.br\/ebook-investindo-em-fiis\/?utm_campaign=_SNC390A0FD0_ao&#038;utm_source=suno-not\u00edcias&#038;utm_medium=banner.noticias\" target=\"_blank\" data-element=\"shortcode-suno-banner\" title=\"Banner SUNO, clique e saiba mais\">\n\t\t\t<picture>\n\t\t\t\t<source media=\"(max-width: 500px)\" srcset=\"https:\/\/files.sunoresearch.com.br\/gaia\/uploads\/2026\/01\/Ebook-Fundos-Imobiliarios-Mobile.webp\">\n\t\t\t\t<img class=\"newsContent__article__imgCapa newsContent__article__imgCapa--banner\"\n\t\t\t\t\tsrc=\"https:\/\/files.sunoresearch.com.br\/gaia\/uploads\/2026\/01\/Ebook-Fundos-Imobiliarios-Desktop.webp\"\n\t\t\t\t\tdata-promo-id=\"651106\"\t\t\t\t\t\t\t\t\t\twidth='1420' height='286'\t\t\t\t\talt=\"https:\/\/files.sunoresearch.com.br\/gaia\/uploads\/2026\/01\/Ebook-Fundos-Imobiliarios-Desktop.webp\"\n\t\t\t\t>\n\t\t\t<\/picture>\n\t\t<\/a>\n\t<\/p>\n\n\n\n\n","protected":false},"excerpt":{"rendered":"<p>O fundo imobili\u00e1rio TRXF11 (TRX Real Estate) comunicou nesta segunda-feira (31) que n\u00e3o seguir\u00e1 com a aquisi\u00e7\u00e3o de um portf\u00f3lio de ativos pertencentes \u00e0 Cyrela e a fundos ligados ao grupo. A decis\u00e3o foi atribu\u00edda a mudan\u00e7as nas condi\u00e7\u00f5es de mercado observadas recentemente, segundo fato relevante. Em aviso ao mercado, o fundo informou ter notificado &hellip; Continued<\/p>\n","protected":false},"author":43,"featured_media":663086,"comment_status":"closed","ping_status":"closed","sticky":false,"template":"","format":"standard","meta":[],"categories":[66],"tags":[106608],"suno_strategy":[],"class_list":["post-663085","post","type-post","status-publish","format-standard","has-post-thumbnail","hentry","category-fiis","tag-trxf11"],"yoast_head":"<!-- This site is optimized with the Yoast SEO plugin v24.4 - https:\/\/yoast.com\/wordpress\/plugins\/seo\/ -->\n<title>FII TRXF11 desiste de potencial compra de portf\u00f3lio imobili\u00e1rio da Cyrela<\/title>\n<meta name=\"robots\" content=\"index, follow, max-snippet:-1, max-image-preview:large, max-video-preview:-1\" \/>\n<link rel=\"canonical\" href=\"https:\/\/www.suno.com.br\/noticias\/fii-trxf11-desiste-de-potencial-compra-de-portfolio-imobiliario-da-cyrela\/\" \/>\n<meta property=\"og:locale\" content=\"pt_BR\" \/>\n<meta property=\"og:type\" content=\"article\" \/>\n<meta property=\"og:title\" content=\"FII TRXF11 desiste de potencial compra de portf\u00f3lio imobili\u00e1rio da Cyrela\" \/>\n<meta property=\"og:description\" content=\"O fundo imobili\u00e1rio TRXF11 (TRX Real Estate) comunicou nesta segunda-feira (31) que n\u00e3o seguir\u00e1 com a aquisi\u00e7\u00e3o de um portf\u00f3lio de ativos pertencentes \u00e0 Cyrela e a fundos ligados ao grupo. A decis\u00e3o foi atribu\u00edda a mudan\u00e7as nas condi\u00e7\u00f5es de mercado observadas recentemente, segundo fato relevante. Em aviso ao mercado, o fundo informou ter notificado &hellip; Continued\" \/>\n<meta property=\"og:url\" content=\"https:\/\/www.suno.com.br\/noticias\/fii-trxf11-desiste-de-potencial-compra-de-portfolio-imobiliario-da-cyrela\/\" \/>\n<meta property=\"og:site_name\" content=\"Suno Not\u00edcias\" \/>\n<meta property=\"article:publisher\" content=\"https:\/\/facebook.com\/sunoresearch\" \/>\n<meta property=\"article:author\" content=\"https:\/\/www.facebook.com\/sunonoticias\/\" \/>\n<meta property=\"og:image\" content=\"http:\/\/files.sunoresearch.com.br\/n\/uploads\/2026\/08\/equipe-financeira-tr-1_01-4.webp\" \/>\n\t<meta property=\"og:image:width\" content=\"1365\" \/>\n\t<meta property=\"og:image:height\" content=\"768\" \/>\n\t<meta property=\"og:image:type\" content=\"image\/webp\" \/>\n<meta name=\"author\" content=\"Reda\u00e7\u00e3o Suno Not\u00edcias\" \/>\n<meta name=\"twitter:card\" content=\"summary_large_image\" \/>\n<meta name=\"twitter:creator\" content=\"@https:\/\/twitter.com\/sunoresearch\" \/>\n<meta name=\"twitter:site\" content=\"@sunoresearch\" \/>\n<meta name=\"twitter:label1\" content=\"Escrito por\" \/>\n\t<meta name=\"twitter:data1\" content=\"Reda\u00e7\u00e3o Suno Not\u00edcias\" \/>\n\t<meta name=\"twitter:label2\" content=\"Est. tempo de leitura\" \/>\n\t<meta name=\"twitter:data2\" content=\"3 minutos\" \/>\n<script type=\"application\/ld+json\" class=\"yoast-schema-graph\">{\"@context\":\"https:\/\/schema.org\",\"@graph\":[{\"@type\":\"NewsArticle\",\"@id\":\"https:\/\/www.suno.com.br\/noticias\/fii-trxf11-desiste-de-potencial-compra-de-portfolio-imobiliario-da-cyrela\/#article\",\"isPartOf\":{\"@id\":\"https:\/\/www.suno.com.br\/noticias\/fii-trxf11-desiste-de-potencial-compra-de-portfolio-imobiliario-da-cyrela\/\"},\"author\":{\"name\":\"Reda\u00e7\u00e3o Suno Not\u00edcias\",\"@id\":\"https:\/\/www.suno.com.br\/noticias\/#\/schema\/person\/c1b1bd3727fa852bd045e9dbff3673ea\"},\"headline\":\"FII TRXF11 desiste de potencial compra de portf\u00f3lio imobili\u00e1rio da Cyrela\",\"datePublished\":\"2026-08-31T23:35:04+00:00\",\"mainEntityOfPage\":{\"@id\":\"https:\/\/www.suno.com.br\/noticias\/fii-trxf11-desiste-de-potencial-compra-de-portfolio-imobiliario-da-cyrela\/\"},\"wordCount\":616,\"publisher\":{\"@id\":\"https:\/\/www.suno.com.br\/noticias\/#organization\"},\"image\":{\"@id\":\"https:\/\/www.suno.com.br\/noticias\/fii-trxf11-desiste-de-potencial-compra-de-portfolio-imobiliario-da-cyrela\/#primaryimage\"},\"thumbnailUrl\":\"https:\/\/files.sunoresearch.com.br\/n\/uploads\/2026\/08\/equipe-financeira-tr-1_01-4.webp\",\"keywords\":[\"TRXF11\"],\"articleSection\":[\"FIIs\"],\"inLanguage\":\"pt-BR\"},{\"@type\":\"WebPage\",\"@id\":\"https:\/\/www.suno.com.br\/noticias\/fii-trxf11-desiste-de-potencial-compra-de-portfolio-imobiliario-da-cyrela\/\",\"url\":\"https:\/\/www.suno.com.br\/noticias\/fii-trxf11-desiste-de-potencial-compra-de-portfolio-imobiliario-da-cyrela\/\",\"name\":\"FII TRXF11 desiste de potencial compra de portf\u00f3lio imobili\u00e1rio da Cyrela\",\"isPartOf\":{\"@id\":\"https:\/\/www.suno.com.br\/noticias\/#website\"},\"primaryImageOfPage\":{\"@id\":\"https:\/\/www.suno.com.br\/noticias\/fii-trxf11-desiste-de-potencial-compra-de-portfolio-imobiliario-da-cyrela\/#primaryimage\"},\"image\":{\"@id\":\"https:\/\/www.suno.com.br\/noticias\/fii-trxf11-desiste-de-potencial-compra-de-portfolio-imobiliario-da-cyrela\/#primaryimage\"},\"thumbnailUrl\":\"https:\/\/files.sunoresearch.com.br\/n\/uploads\/2026\/08\/equipe-financeira-tr-1_01-4.webp\",\"datePublished\":\"2026-08-31T23:35:04+00:00\",\"breadcrumb\":{\"@id\":\"https:\/\/www.suno.com.br\/noticias\/fii-trxf11-desiste-de-potencial-compra-de-portfolio-imobiliario-da-cyrela\/#breadcrumb\"},\"inLanguage\":\"pt-BR\",\"potentialAction\":[{\"@type\":\"ReadAction\",\"target\":[\"https:\/\/www.suno.com.br\/noticias\/fii-trxf11-desiste-de-potencial-compra-de-portfolio-imobiliario-da-cyrela\/\"]}]},{\"@type\":\"ImageObject\",\"inLanguage\":\"pt-BR\",\"@id\":\"https:\/\/www.suno.com.br\/noticias\/fii-trxf11-desiste-de-potencial-compra-de-portfolio-imobiliario-da-cyrela\/#primaryimage\",\"url\":\"https:\/\/files.sunoresearch.com.br\/n\/uploads\/2026\/08\/equipe-financeira-tr-1_01-4.webp\",\"contentUrl\":\"https:\/\/files.sunoresearch.com.br\/n\/uploads\/2026\/08\/equipe-financeira-tr-1_01-4.webp\",\"width\":1365,\"height\":768,\"caption\":\"Imagem gerada por IA\"},{\"@type\":\"BreadcrumbList\",\"@id\":\"https:\/\/www.suno.com.br\/noticias\/fii-trxf11-desiste-de-potencial-compra-de-portfolio-imobiliario-da-cyrela\/#breadcrumb\",\"itemListElement\":[{\"@type\":\"ListItem\",\"position\":1,\"name\":\"Not\u00edcias\",\"item\":\"https:\/\/www.suno.com.br\/noticias\/\"},{\"@type\":\"ListItem\",\"position\":2,\"name\":\"Neg\u00f3cios\",\"item\":\"https:\/\/www.suno.com.br\/noticias\/negocios\/\"},{\"@type\":\"ListItem\",\"position\":3,\"name\":\"FII TRXF11 desiste de potencial compra de portf\u00f3lio imobili\u00e1rio da Cyrela\"}]},{\"@type\":\"WebSite\",\"@id\":\"https:\/\/www.suno.com.br\/noticias\/#website\",\"url\":\"https:\/\/www.suno.com.br\/noticias\/\",\"name\":\"Suno Not\u00edcias\",\"description\":\"Seu portal de informa\u00e7\u00e3o sobre o mundo dos investimentos\",\"publisher\":{\"@id\":\"https:\/\/www.suno.com.br\/noticias\/#organization\"},\"potentialAction\":[{\"@type\":\"SearchAction\",\"target\":{\"@type\":\"EntryPoint\",\"urlTemplate\":\"https:\/\/www.suno.com.br\/noticias\/?s={search_term_string}\"},\"query-input\":{\"@type\":\"PropertyValueSpecification\",\"valueRequired\":true,\"valueName\":\"search_term_string\"}}],\"inLanguage\":\"pt-BR\"},{\"@type\":\"Organization\",\"@id\":\"https:\/\/www.suno.com.br\/noticias\/#organization\",\"name\":\"Suno Not\u00edcias\",\"url\":\"https:\/\/www.suno.com.br\/noticias\/\",\"logo\":{\"@type\":\"ImageObject\",\"inLanguage\":\"pt-BR\",\"@id\":\"https:\/\/www.suno.com.br\/noticias\/#\/schema\/logo\/image\/\",\"url\":\"https:\/\/files.sunoresearch.com.br\/n\/uploads\/2021\/09\/suno-logo.png\",\"contentUrl\":\"https:\/\/files.sunoresearch.com.br\/n\/uploads\/2021\/09\/suno-logo.png\",\"width\":180,\"height\":180,\"caption\":\"Suno Not\u00edcias\"},\"image\":{\"@id\":\"https:\/\/www.suno.com.br\/noticias\/#\/schema\/logo\/image\/\"},\"sameAs\":[\"https:\/\/facebook.com\/sunoresearch\",\"https:\/\/x.com\/sunoresearch\",\"https:\/\/www.instagram.com\/suno\",\"https:\/\/www.linkedin.com\/company\/suno-research\/\",\"https:\/\/www.youtube.com\/c\/sunoresearch\"]},{\"@type\":\"Person\",\"@id\":\"https:\/\/www.suno.com.br\/noticias\/#\/schema\/person\/c1b1bd3727fa852bd045e9dbff3673ea\",\"name\":\"Reda\u00e7\u00e3o Suno Not\u00edcias\",\"image\":{\"@type\":\"ImageObject\",\"inLanguage\":\"pt-BR\",\"@id\":\"https:\/\/www.suno.com.br\/noticias\/#\/schema\/person\/image\/\",\"url\":\"https:\/\/secure.gravatar.com\/avatar\/b8104b9b5a71985d5238ee59fbe418af?s=96&r=g\",\"contentUrl\":\"https:\/\/secure.gravatar.com\/avatar\/b8104b9b5a71985d5238ee59fbe418af?s=96&r=g\",\"caption\":\"Reda\u00e7\u00e3o Suno Not\u00edcias\"},\"description\":\"O Suno Not\u00edcias \u00e9 um portal de informa\u00e7\u00f5es sobre Mercado Financeiro, Pol\u00edtica, Neg\u00f3cios, Economia e Finan\u00e7as Pessoais.\",\"sameAs\":[\"https:\/\/www.suno.com.br\/noticias\",\"https:\/\/www.facebook.com\/sunonoticias\/\",\"https:\/\/www.instagram.com\/sunonoticias\/\",\"https:\/\/x.com\/https:\/\/twitter.com\/sunoresearch\",\"https:\/\/www.youtube.com\/sunonoticias\"],\"url\":\"https:\/\/www.suno.com.br\/noticias\/author\/redacao-suno\/\"}]}<\/script>\n<!-- \/ Yoast SEO plugin. -->","yoast_head_json":{"title":"FII TRXF11 desiste de potencial compra de portf\u00f3lio imobili\u00e1rio da Cyrela","robots":{"index":"index","follow":"follow","max-snippet":"max-snippet:-1","max-image-preview":"max-image-preview:large","max-video-preview":"max-video-preview:-1"},"canonical":"https:\/\/www.suno.com.br\/noticias\/fii-trxf11-desiste-de-potencial-compra-de-portfolio-imobiliario-da-cyrela\/","og_locale":"pt_BR","og_type":"article","og_title":"FII TRXF11 desiste de potencial compra de portf\u00f3lio imobili\u00e1rio da Cyrela","og_description":"O fundo imobili\u00e1rio TRXF11 (TRX Real Estate) comunicou nesta segunda-feira (31) que n\u00e3o seguir\u00e1 com a aquisi\u00e7\u00e3o de um portf\u00f3lio de ativos pertencentes \u00e0 Cyrela e a fundos ligados ao grupo. A decis\u00e3o foi atribu\u00edda a mudan\u00e7as nas condi\u00e7\u00f5es de mercado observadas recentemente, segundo fato relevante. Em aviso ao mercado, o fundo informou ter notificado &hellip; Continued","og_url":"https:\/\/www.suno.com.br\/noticias\/fii-trxf11-desiste-de-potencial-compra-de-portfolio-imobiliario-da-cyrela\/","og_site_name":"Suno Not\u00edcias","article_publisher":"https:\/\/facebook.com\/sunoresearch","article_author":"https:\/\/www.facebook.com\/sunonoticias\/","og_image":[{"width":1365,"height":768,"url":"http:\/\/files.sunoresearch.com.br\/n\/uploads\/2026\/08\/equipe-financeira-tr-1_01-4.webp","type":"image\/webp"}],"author":"Reda\u00e7\u00e3o Suno Not\u00edcias","twitter_card":"summary_large_image","twitter_creator":"@https:\/\/twitter.com\/sunoresearch","twitter_site":"@sunoresearch","twitter_misc":{"Escrito por":"Reda\u00e7\u00e3o Suno Not\u00edcias","Est. tempo de leitura":"3 minutos"},"schema":{"@context":"https:\/\/schema.org","@graph":[{"@type":"NewsArticle","@id":"https:\/\/www.suno.com.br\/noticias\/fii-trxf11-desiste-de-potencial-compra-de-portfolio-imobiliario-da-cyrela\/#article","isPartOf":{"@id":"https:\/\/www.suno.com.br\/noticias\/fii-trxf11-desiste-de-potencial-compra-de-portfolio-imobiliario-da-cyrela\/"},"author":{"name":"Reda\u00e7\u00e3o Suno Not\u00edcias","@id":"https:\/\/www.suno.com.br\/noticias\/#\/schema\/person\/c1b1bd3727fa852bd045e9dbff3673ea"},"headline":"FII TRXF11 desiste de potencial compra de portf\u00f3lio imobili\u00e1rio da Cyrela","datePublished":"2026-08-31T23:35:04+00:00","mainEntityOfPage":{"@id":"https:\/\/www.suno.com.br\/noticias\/fii-trxf11-desiste-de-potencial-compra-de-portfolio-imobiliario-da-cyrela\/"},"wordCount":616,"publisher":{"@id":"https:\/\/www.suno.com.br\/noticias\/#organization"},"image":{"@id":"https:\/\/www.suno.com.br\/noticias\/fii-trxf11-desiste-de-potencial-compra-de-portfolio-imobiliario-da-cyrela\/#primaryimage"},"thumbnailUrl":"https:\/\/files.sunoresearch.com.br\/n\/uploads\/2026\/08\/equipe-financeira-tr-1_01-4.webp","keywords":["TRXF11"],"articleSection":["FIIs"],"inLanguage":"pt-BR"},{"@type":"WebPage","@id":"https:\/\/www.suno.com.br\/noticias\/fii-trxf11-desiste-de-potencial-compra-de-portfolio-imobiliario-da-cyrela\/","url":"https:\/\/www.suno.com.br\/noticias\/fii-trxf11-desiste-de-potencial-compra-de-portfolio-imobiliario-da-cyrela\/","name":"FII TRXF11 desiste de potencial compra de portf\u00f3lio imobili\u00e1rio da Cyrela","isPartOf":{"@id":"https:\/\/www.suno.com.br\/noticias\/#website"},"primaryImageOfPage":{"@id":"https:\/\/www.suno.com.br\/noticias\/fii-trxf11-desiste-de-potencial-compra-de-portfolio-imobiliario-da-cyrela\/#primaryimage"},"image":{"@id":"https:\/\/www.suno.com.br\/noticias\/fii-trxf11-desiste-de-potencial-compra-de-portfolio-imobiliario-da-cyrela\/#primaryimage"},"thumbnailUrl":"https:\/\/files.sunoresearch.com.br\/n\/uploads\/2026\/08\/equipe-financeira-tr-1_01-4.webp","datePublished":"2026-08-31T23:35:04+00:00","breadcrumb":{"@id":"https:\/\/www.suno.com.br\/noticias\/fii-trxf11-desiste-de-potencial-compra-de-portfolio-imobiliario-da-cyrela\/#breadcrumb"},"inLanguage":"pt-BR","potentialAction":[{"@type":"ReadAction","target":["https:\/\/www.suno.com.br\/noticias\/fii-trxf11-desiste-de-potencial-compra-de-portfolio-imobiliario-da-cyrela\/"]}]},{"@type":"ImageObject","inLanguage":"pt-BR","@id":"https:\/\/www.suno.com.br\/noticias\/fii-trxf11-desiste-de-potencial-compra-de-portfolio-imobiliario-da-cyrela\/#primaryimage","url":"https:\/\/files.sunoresearch.com.br\/n\/uploads\/2026\/08\/equipe-financeira-tr-1_01-4.webp","contentUrl":"https:\/\/files.sunoresearch.com.br\/n\/uploads\/2026\/08\/equipe-financeira-tr-1_01-4.webp","width":1365,"height":768,"caption":"Imagem gerada por IA"},{"@type":"BreadcrumbList","@id":"https:\/\/www.suno.com.br\/noticias\/fii-trxf11-desiste-de-potencial-compra-de-portfolio-imobiliario-da-cyrela\/#breadcrumb","itemListElement":[{"@type":"ListItem","position":1,"name":"Not\u00edcias","item":"https:\/\/www.suno.com.br\/noticias\/"},{"@type":"ListItem","position":2,"name":"Neg\u00f3cios","item":"https:\/\/www.suno.com.br\/noticias\/negocios\/"},{"@type":"ListItem","position":3,"name":"FII TRXF11 desiste de potencial compra de portf\u00f3lio imobili\u00e1rio da Cyrela"}]},{"@type":"WebSite","@id":"https:\/\/www.suno.com.br\/noticias\/#website","url":"https:\/\/www.suno.com.br\/noticias\/","name":"Suno Not\u00edcias","description":"Seu portal de informa\u00e7\u00e3o sobre o mundo dos investimentos","publisher":{"@id":"https:\/\/www.suno.com.br\/noticias\/#organization"},"potentialAction":[{"@type":"SearchAction","target":{"@type":"EntryPoint","urlTemplate":"https:\/\/www.suno.com.br\/noticias\/?s={search_term_string}"},"query-input":{"@type":"PropertyValueSpecification","valueRequired":true,"valueName":"search_term_string"}}],"inLanguage":"pt-BR"},{"@type":"Organization","@id":"https:\/\/www.suno.com.br\/noticias\/#organization","name":"Suno Not\u00edcias","url":"https:\/\/www.suno.com.br\/noticias\/","logo":{"@type":"ImageObject","inLanguage":"pt-BR","@id":"https:\/\/www.suno.com.br\/noticias\/#\/schema\/logo\/image\/","url":"https:\/\/files.sunoresearch.com.br\/n\/uploads\/2021\/09\/suno-logo.png","contentUrl":"https:\/\/files.sunoresearch.com.br\/n\/uploads\/2021\/09\/suno-logo.png","width":180,"height":180,"caption":"Suno Not\u00edcias"},"image":{"@id":"https:\/\/www.suno.com.br\/noticias\/#\/schema\/logo\/image\/"},"sameAs":["https:\/\/facebook.com\/sunoresearch","https:\/\/x.com\/sunoresearch","https:\/\/www.instagram.com\/suno","https:\/\/www.linkedin.com\/company\/suno-research\/","https:\/\/www.youtube.com\/c\/sunoresearch"]},{"@type":"Person","@id":"https:\/\/www.suno.com.br\/noticias\/#\/schema\/person\/c1b1bd3727fa852bd045e9dbff3673ea","name":"Reda\u00e7\u00e3o Suno Not\u00edcias","image":{"@type":"ImageObject","inLanguage":"pt-BR","@id":"https:\/\/www.suno.com.br\/noticias\/#\/schema\/person\/image\/","url":"https:\/\/secure.gravatar.com\/avatar\/b8104b9b5a71985d5238ee59fbe418af?s=96&r=g","contentUrl":"https:\/\/secure.gravatar.com\/avatar\/b8104b9b5a71985d5238ee59fbe418af?s=96&r=g","caption":"Reda\u00e7\u00e3o Suno Not\u00edcias"},"description":"O Suno Not\u00edcias \u00e9 um portal de informa\u00e7\u00f5es sobre Mercado Financeiro, Pol\u00edtica, Neg\u00f3cios, Economia e Finan\u00e7as Pessoais.","sameAs":["https:\/\/www.suno.com.br\/noticias","https:\/\/www.facebook.com\/sunonoticias\/","https:\/\/www.instagram.com\/sunonoticias\/","https:\/\/x.com\/https:\/\/twitter.com\/sunoresearch","https:\/\/www.youtube.com\/sunonoticias"],"url":"https:\/\/www.suno.com.br\/noticias\/author\/redacao-suno\/"}]}},"default_loop_html":"<div class=\"cardsPage__listCard__boxs\"><div class=\"cardsPage__listCard__boxs__img\"><a href=\"https:\/\/www.suno.com.br\/noticias\/fii-trxf11-desiste-de-potencial-compra-de-portfolio-imobiliario-da-cyrela\/\"><img class=\"mask\" src=\"https:\/\/www.suno.com.br\/noticias\/wp-content\/themes\/suno\/resources\/images\/spotlight\/spotlight1img\/bg-mask.png\" alt=\"Image Mask\"\/><img src=\"https:\/\/files.sunoresearch.com.br\/n\/uploads\/2026\/08\/equipe-financeira-tr-1_01-4-400x200.webp\" alt=\"FII TRXF11 desiste de potencial compra de portf\u00f3lio imobili\u00e1rio da Cyrela\"\/><\/a><span class=\"spotlightCategory\"><a href=\"https:\/\/www.suno.com.br\/noticias\/fiis\/\">FIIs<\/a><\/span><\/div><div class=\"cardsPage__listCard__boxs__content\"><a href=\"https:\/\/www.suno.com.br\/noticias\/fii-trxf11-desiste-de-potencial-compra-de-portfolio-imobiliario-da-cyrela\/\"><h2 class=\"content__title\">FII TRXF11 desiste de potencial compra de portf\u00f3lio imobili\u00e1rio da Cyrela<\/h2><\/a><div class=\"newsContent__article__meta\"><div class=\"newsContent__article__meta__authorBox\"><a href=\"https:\/\/www.suno.com.br\/noticias\/author\/redacao-suno\/\" class=\"authorBox__avatar noMobi\"><img src=\"https:\/\/files.sunoresearch.com.br\/n\/uploads\/2020\/08\/0ace682d-redacao-1-150x150.webp\" alt=\"Reda\u00e7\u00e3o Suno Not\u00edcias\"><\/a><div class=\"authorBox__name\"><span>por\n\t\t\t<a href=\"https:\/\/www.suno.com.br\/noticias\/author\/redacao-suno\/\"><span itemprop=\"author\">Reda\u00e7\u00e3o Suno Not\u00edcias<\/span><\/a><\/span><time datetime=\"2026-08-31T20:35:04-03:00\" itemprop=\"datePublished\">31\/08\/2026 20:35<\/time><\/div><\/div><\/div><\/div><\/div>","single_layout":"posts","amp_enabled":true,"_links":{"self":[{"href":"https:\/\/www.suno.com.br\/noticias\/wp-json\/wp\/v2\/posts\/663085"}],"collection":[{"href":"https:\/\/www.suno.com.br\/noticias\/wp-json\/wp\/v2\/posts"}],"about":[{"href":"https:\/\/www.suno.com.br\/noticias\/wp-json\/wp\/v2\/types\/post"}],"author":[{"embeddable":true,"href":"https:\/\/www.suno.com.br\/noticias\/wp-json\/wp\/v2\/users\/43"}],"replies":[{"embeddable":true,"href":"https:\/\/www.suno.com.br\/noticias\/wp-json\/wp\/v2\/comments?post=663085"}],"version-history":[{"count":0,"href":"https:\/\/www.suno.com.br\/noticias\/wp-json\/wp\/v2\/posts\/663085\/revisions"}],"wp:featuredmedia":[{"embeddable":true,"href":"https:\/\/www.suno.com.br\/noticias\/wp-json\/wp\/v2\/media\/663086"}],"wp:attachment":[{"href":"https:\/\/www.suno.com.br\/noticias\/wp-json\/wp\/v2\/media?parent=663085"}],"wp:term":[{"taxonomy":"category","embeddable":true,"href":"https:\/\/www.suno.com.br\/noticias\/wp-json\/wp\/v2\/categories?post=663085"},{"taxonomy":"post_tag","embeddable":true,"href":"https:\/\/www.suno.com.br\/noticias\/wp-json\/wp\/v2\/tags?post=663085"},{"taxonomy":"suno_strategy","embeddable":true,"href":"https:\/\/www.suno.com.br\/noticias\/wp-json\/wp\/v2\/suno_strategy?post=663085"}],"curies":[{"name":"wp","href":"https:\/\/api.w.org\/{rel}","templated":true}]}}