{"id":663017,"date":"2026-08-31T15:55:05","date_gmt":"2026-08-31T18:55:05","guid":{"rendered":"https:\/\/www.suno.com.br\/noticias\/natu3-natura-alta-troca-ceo-carlucci-retorno-agosto-2026-go\/"},"modified":"2026-08-31T15:56:48","modified_gmt":"2026-08-31T18:56:48","slug":"natu3-natura-alta-troca-ceo-carlucci-retorno-agosto-2026-go","status":"publish","type":"post","link":"https:\/\/www.suno.com.br\/noticias\/natu3-natura-alta-troca-ceo-carlucci-retorno-agosto-2026-go\/","title":{"rendered":"Natura (NATU3) dispara ap\u00f3s anunciar troca de CEO e retorno de executivo"},"content":{"rendered":"<p>As a\u00e7\u00f5es da Natura (<strong>NATU3<\/strong>) est\u00e3o operando em forte alta nesta segunda-feira (31), chegando a subir 8% na primeira meia hora de negocia\u00e7\u00e3o, ap\u00f3s a companhia divulgar, pela manh\u00e3, um <a class=\"suno-keyword\" target=\"_blank\" data-force=\"no\" data-priority=\"1\" href=\"https:\/\/www.suno.com.br\/artigos\/fato-relevante\/\" rel=\"noopener\">fato relevante<\/a> comunicando a troca do diretor-presidente. Por volta das 15h, os pap\u00e9is operavam em alta de 2,52%, a R$ 8,96.<\/p>\t<div class=\"wrapper-featured-image\">\n\t\t<figure class=\"spotlightImg\">\n\n\t\t\t<picture>\n\t\t\t\t<source media=\"(max-width: 768px)\" srcset=\"https:\/\/files.sunoresearch.com.br\/n\/uploads\/2026\/08\/fb35d009-natura-400x200.webp\">\n\t\t\t\t<img loading=\"lazy\" decoding=\"async\" class=\"newsContent__article__imgCapa lazyloadDisabled \" src=\"https:\/\/files.sunoresearch.com.br\/n\/uploads\/2026\/08\/fb35d009-natura-800x450.webp\" width=\"800\" height=\"450\" alt=\"Natura (NATU3) dispara ap\u00f3s anunciar troca de CEO e retorno de executivo\" fetchpriority=high \/>\n\t\t\t<\/picture>\n\n\t\t\t<figcaption class=\"wp-caption-text wp-caption-text--show\">Natura (NATU3). Foto: Divulga\u00e7\u00e3o\/Natura<\/figcaption>\n\t\t<\/figure>\n\t<\/div>\n\n\n\n\n\n\n<p>Segundo o comunicado divulgado pela <strong>Natura<\/strong>, a decis\u00e3o foi tomada em reuni\u00e3o do <a class=\"suno-keyword\" target=\"_blank\" data-force=\"no\" data-priority=\"1\" href=\"https:\/\/www.suno.com.br\/artigos\/conselho-administracao\/\" rel=\"noopener\">Conselho de Administra\u00e7\u00e3o<\/a> no dia 28 de agosto de 2026. Alessandro Carlucci assume o cargo em 1\u00ba de outubro, no lugar de Jo\u00e3o Paulo Ferreira, que renunciou com efeito ap\u00f3s 30 de setembro e se afasta tamb\u00e9m do conselho e de todos os comit\u00eas em que participava.<\/p>\n\n\n\t<p>\n\t\t<a href=\"https:\/\/lp2.suno.com.br\/onde-investir-2026\/?utm_campaign=_SNC390A0FD0_ao&#038;utm_source=suno-not\u00edcias&#038;utm_medium=banner.noticias\" target=\"_blank\" data-element=\"shortcode-suno-banner\" title=\"Banner SUNO, clique e saiba mais\">\n\t\t\t<picture>\n\t\t\t\t<source media=\"(max-width: 500px)\" srcset=\"https:\/\/files.sunoresearch.com.br\/gaia\/uploads\/2026\/01\/Banner-Materias-01-Mbl_-400x300-1.png\">\n\t\t\t\t<img class=\"newsContent__article__imgCapa newsContent__article__imgCapa--banner\"\n\t\t\t\t\tsrc=\"https:\/\/files.sunoresearch.com.br\/gaia\/uploads\/2026\/01\/Banner-Materias-01-Dkp_-1420x240-1.png\"\n\t\t\t\t\tdata-promo-id=\"651623\"\t\t\t\t\t\t\t\t\t\twidth='1420' height='240'\t\t\t\t\talt=\"https:\/\/files.sunoresearch.com.br\/gaia\/uploads\/2026\/01\/Banner-Materias-01-Dkp_-1420x240-1.png\"\n\t\t\t\t>\n\t\t\t<\/picture>\n\t\t<\/a>\n\t<\/p>\n\n\n\n\n\n\n\n<p>A transi\u00e7\u00e3o ser\u00e1 conduzida em conjunto pelos dois executivos ao longo de setembro, o que o Conselho descreveu como uma passagem &#8220;sem rupturas&#8221;.<\/p>\n\n\n\n<h2 class=\"wp-block-heading\">Carlucci de volta \u00e0 Natura (NATU3) ap\u00f3s 12 anos<\/h2>\n\n\n\n<p>O novo CEO n\u00e3o \u00e9 um nome estranho \u00e0 companhia. Carlucci comandou a Natura entre 2005 e 2014, acumulando 25 anos de atua\u00e7\u00e3o na empresa, dez deles como presidente. Formado em Administra\u00e7\u00e3o de Empresas pela Funda\u00e7\u00e3o Get\u00falio Vargas (FGV) com Executive MBA pelo PDG, ele completou tamb\u00e9m programas executivos no Kellogg&#8217;s, no INSEAD e na Wharton.<\/p>\n\n\n\t<p>\n\t\t<a href=\"https:\/\/lp2.suno.com.br\/lm\/minicurso-construindo-um-portfolio-milionario\/?utm_campaign=_SNC35CF3834_ao&#038;utm_source=suno-not\u00edcias&#038;utm_medium=banner.noticias\" target=\"_blank\" data-element=\"shortcode-suno-banner\" title=\"Banner SUNO, clique e saiba mais\">\n\t\t\t<picture>\n\t\t\t\t<source media=\"(max-width: 500px)\" srcset=\"https:\/\/files.sunoresearch.com.br\/gaia\/uploads\/2026\/01\/MB-PS-HOME-DE-ARTIGOS-400x300-ID_01_x1.jpg\">\n\t\t\t\t<img class=\"newsContent__article__imgCapa newsContent__article__imgCapa--banner\"\n\t\t\t\t\tsrc=\"https:\/\/files.sunoresearch.com.br\/gaia\/uploads\/2026\/01\/DT-PS-HOME-DE-ARTIGOS-1420x240-ID_01_x1.jpg\"\n\t\t\t\t\tdata-promo-id=\"651626\"\t\t\t\t\t\t\t\t\t\twidth='1420' height='240'\t\t\t\t\talt=\"https:\/\/files.sunoresearch.com.br\/gaia\/uploads\/2026\/01\/DT-PS-HOME-DE-ARTIGOS-1420x240-ID_01_x1.jpg\"\n\t\t\t\t>\n\t\t\t<\/picture>\n\t\t<\/a>\n\t<\/p>\n\n\n\n\n\n\n\n<p>Ap\u00f3s deixar a Natura em 2014, Carlucci construiu trajet\u00f3ria em conselhos de grandes organiza\u00e7\u00f5es, entre elas Arezzo &amp; Co., Lojas Renner e Avon International, al\u00e9m de ter presidido a World Federation of Direct Selling Associations (WFDSA) entre 2011 e 2014. Mais recentemente, atuou como presidente do Conselho de Administra\u00e7\u00e3o da pr\u00f3pria Natura &amp;Co, cargo que deixar\u00e1 ao assumir a diretoria-executiva. <\/p>\n\n\n\n<h2 class=\"wp-block-heading\">Por que o mercado aprovou<\/h2>\n\n\n\n<p>A rea\u00e7\u00e3o otimista do mercado reflete a leitura de que Carlucci representa um retorno ao foco no neg\u00f3cio central da Natura, que \u00e9 a venda direta e expans\u00e3o no Brasil e na Am\u00e9rica Latina. Nos \u00faltimos anos, sob Jo\u00e3o Paulo Ferreira, o grupo concentrou esfor\u00e7os na integra\u00e7\u00e3o de ativos internacionais como The Body Shop e Avon, posteriormente desinvestidos. A venda da The Body Shop foi conclu\u00edda em 2024, e a Avon Internacional passou por separa\u00e7\u00e3o operacional no mesmo per\u00edodo.<\/p>\n\n\n\n<p>O JP Morgan avaliou a mudan\u00e7a como uma renova\u00e7\u00e3o de lideran\u00e7a voltada ao fortalecimento da execu\u00e7\u00e3o, sem indicar altera\u00e7\u00e3o na estrat\u00e9gia da <strong>Natura<\/strong> (NATU3). O banco esperava rea\u00e7\u00e3o positiva dos investidores diante da volatilidade dos resultados recentes e dos problemas operacionais enfrentados pelo grupo. Os analistas destacaram a experi\u00eancia de Carlucci em um ciclo anterior de expans\u00e3o e sua proximidade com as opera\u00e7\u00f5es da empresa.<\/p>\n","protected":false},"excerpt":{"rendered":"<p>As a\u00e7\u00f5es da Natura (NATU3) est\u00e3o operando em forte alta nesta segunda-feira (31), chegando a subir 8% na primeira meia hora de negocia\u00e7\u00e3o, ap\u00f3s a companhia divulgar, pela manh\u00e3, um fato relevante comunicando a troca do diretor-presidente. Por volta das 15h, os pap\u00e9is operavam em alta de 2,52%, a R$ 8,96. Segundo o comunicado divulgado &hellip; Continued<\/p>\n","protected":false},"author":404,"featured_media":663018,"comment_status":"closed","ping_status":"closed","sticky":false,"template":"","format":"standard","meta":[],"categories":[64],"tags":[],"suno_strategy":[],"class_list":["post-663017","post","type-post","status-publish","format-standard","has-post-thumbnail","hentry","category-negocios"],"yoast_head":"<!-- This site is optimized with the Yoast SEO plugin v24.4 - https:\/\/yoast.com\/wordpress\/plugins\/seo\/ -->\n<title>Natura (NATU3) dispara com retorno de executivo ao comando<\/title>\n<meta name=\"description\" content=\"A Natura (NATU3) disparou 7,7% com a troca de CEO: Carlucci retorna ap\u00f3s 12 anos no lugar de Jo\u00e3o Paulo Ferreira. Leia mais.\" \/>\n<meta name=\"robots\" content=\"index, follow, max-snippet:-1, max-image-preview:large, max-video-preview:-1\" \/>\n<link rel=\"canonical\" href=\"https:\/\/www.suno.com.br\/noticias\/natu3-natura-alta-troca-ceo-carlucci-retorno-agosto-2026-go\/\" \/>\n<meta property=\"og:locale\" content=\"pt_BR\" \/>\n<meta property=\"og:type\" content=\"article\" \/>\n<meta property=\"og:title\" content=\"Natura (NATU3) dispara com retorno de executivo ao comando\" \/>\n<meta property=\"og:description\" content=\"A Natura (NATU3) disparou 7,7% com a troca de CEO: Carlucci retorna ap\u00f3s 12 anos no lugar de Jo\u00e3o Paulo Ferreira. Leia mais.\" \/>\n<meta property=\"og:url\" content=\"https:\/\/www.suno.com.br\/noticias\/natu3-natura-alta-troca-ceo-carlucci-retorno-agosto-2026-go\/\" \/>\n<meta property=\"og:site_name\" content=\"Suno Not\u00edcias\" \/>\n<meta property=\"article:publisher\" content=\"https:\/\/facebook.com\/sunoresearch\" \/>\n<meta property=\"og:image\" content=\"https:\/\/files.sunoresearch.com.br\/n\/uploads\/2026\/08\/fb35d009-natura-jpg.webp\" \/>\n\t<meta property=\"og:image:width\" content=\"1200\" \/>\n\t<meta property=\"og:image:height\" content=\"800\" \/>\n\t<meta property=\"og:image:type\" content=\"image\/jpeg\" \/>\n<meta name=\"author\" content=\"Giovanna Oliveira\" \/>\n<meta name=\"twitter:card\" content=\"summary_large_image\" \/>\n<meta name=\"twitter:creator\" content=\"@sunoresearch\" \/>\n<meta name=\"twitter:site\" content=\"@sunoresearch\" \/>\n<meta name=\"twitter:label1\" content=\"Escrito por\" \/>\n\t<meta name=\"twitter:data1\" content=\"Giovanna Oliveira\" \/>\n\t<meta name=\"twitter:label2\" content=\"Est. tempo de leitura\" \/>\n\t<meta name=\"twitter:data2\" content=\"3 minutos\" \/>\n<script type=\"application\/ld+json\" class=\"yoast-schema-graph\">{\"@context\":\"https:\/\/schema.org\",\"@graph\":[{\"@type\":\"NewsArticle\",\"@id\":\"https:\/\/www.suno.com.br\/noticias\/natu3-natura-alta-troca-ceo-carlucci-retorno-agosto-2026-go\/#article\",\"isPartOf\":{\"@id\":\"https:\/\/www.suno.com.br\/noticias\/natu3-natura-alta-troca-ceo-carlucci-retorno-agosto-2026-go\/\"},\"author\":{\"name\":\"Giovanna Oliveira\",\"@id\":\"https:\/\/www.suno.com.br\/noticias\/#\/schema\/person\/506bb13f624e6983050ae5bf648c7a54\"},\"headline\":\"Natura (NATU3) dispara ap\u00f3s anunciar troca de CEO e retorno de executivo\",\"datePublished\":\"2026-08-31T18:55:05+00:00\",\"dateModified\":\"2026-08-31T18:56:48+00:00\",\"mainEntityOfPage\":{\"@id\":\"https:\/\/www.suno.com.br\/noticias\/natu3-natura-alta-troca-ceo-carlucci-retorno-agosto-2026-go\/\"},\"wordCount\":459,\"publisher\":{\"@id\":\"https:\/\/www.suno.com.br\/noticias\/#organization\"},\"image\":{\"@id\":\"https:\/\/www.suno.com.br\/noticias\/natu3-natura-alta-troca-ceo-carlucci-retorno-agosto-2026-go\/#primaryimage\"},\"thumbnailUrl\":\"https:\/\/files.sunoresearch.com.br\/n\/uploads\/2026\/08\/fb35d009-natura-jpg.webp\",\"articleSection\":[\"Neg\u00f3cios\"],\"inLanguage\":\"pt-BR\"},{\"@type\":\"WebPage\",\"@id\":\"https:\/\/www.suno.com.br\/noticias\/natu3-natura-alta-troca-ceo-carlucci-retorno-agosto-2026-go\/\",\"url\":\"https:\/\/www.suno.com.br\/noticias\/natu3-natura-alta-troca-ceo-carlucci-retorno-agosto-2026-go\/\",\"name\":\"Natura (NATU3) dispara com retorno de executivo ao comando\",\"isPartOf\":{\"@id\":\"https:\/\/www.suno.com.br\/noticias\/#website\"},\"primaryImageOfPage\":{\"@id\":\"https:\/\/www.suno.com.br\/noticias\/natu3-natura-alta-troca-ceo-carlucci-retorno-agosto-2026-go\/#primaryimage\"},\"image\":{\"@id\":\"https:\/\/www.suno.com.br\/noticias\/natu3-natura-alta-troca-ceo-carlucci-retorno-agosto-2026-go\/#primaryimage\"},\"thumbnailUrl\":\"https:\/\/files.sunoresearch.com.br\/n\/uploads\/2026\/08\/fb35d009-natura-jpg.webp\",\"datePublished\":\"2026-08-31T18:55:05+00:00\",\"dateModified\":\"2026-08-31T18:56:48+00:00\",\"description\":\"A Natura (NATU3) disparou 7,7% com a troca de CEO: Carlucci retorna ap\u00f3s 12 anos no lugar de Jo\u00e3o Paulo Ferreira. Leia mais.\",\"breadcrumb\":{\"@id\":\"https:\/\/www.suno.com.br\/noticias\/natu3-natura-alta-troca-ceo-carlucci-retorno-agosto-2026-go\/#breadcrumb\"},\"inLanguage\":\"pt-BR\",\"potentialAction\":[{\"@type\":\"ReadAction\",\"target\":[\"https:\/\/www.suno.com.br\/noticias\/natu3-natura-alta-troca-ceo-carlucci-retorno-agosto-2026-go\/\"]}]},{\"@type\":\"ImageObject\",\"inLanguage\":\"pt-BR\",\"@id\":\"https:\/\/www.suno.com.br\/noticias\/natu3-natura-alta-troca-ceo-carlucci-retorno-agosto-2026-go\/#primaryimage\",\"url\":\"https:\/\/files.sunoresearch.com.br\/n\/uploads\/2026\/08\/fb35d009-natura-jpg.webp\",\"contentUrl\":\"https:\/\/files.sunoresearch.com.br\/n\/uploads\/2026\/08\/fb35d009-natura-jpg.webp\",\"width\":1200,\"height\":800,\"caption\":\"Natura (NATU3). Foto: Divulga\u00e7\u00e3o\/Natura\"},{\"@type\":\"BreadcrumbList\",\"@id\":\"https:\/\/www.suno.com.br\/noticias\/natu3-natura-alta-troca-ceo-carlucci-retorno-agosto-2026-go\/#breadcrumb\",\"itemListElement\":[{\"@type\":\"ListItem\",\"position\":1,\"name\":\"Not\u00edcias\",\"item\":\"https:\/\/www.suno.com.br\/noticias\/\"},{\"@type\":\"ListItem\",\"position\":2,\"name\":\"Neg\u00f3cios\",\"item\":\"https:\/\/www.suno.com.br\/noticias\/negocios\/\"},{\"@type\":\"ListItem\",\"position\":3,\"name\":\"Natura (NATU3) dispara ap\u00f3s anunciar troca de CEO e retorno de executivo\"}]},{\"@type\":\"WebSite\",\"@id\":\"https:\/\/www.suno.com.br\/noticias\/#website\",\"url\":\"https:\/\/www.suno.com.br\/noticias\/\",\"name\":\"Suno Not\u00edcias\",\"description\":\"Seu portal de informa\u00e7\u00e3o sobre o mundo dos investimentos\",\"publisher\":{\"@id\":\"https:\/\/www.suno.com.br\/noticias\/#organization\"},\"potentialAction\":[{\"@type\":\"SearchAction\",\"target\":{\"@type\":\"EntryPoint\",\"urlTemplate\":\"https:\/\/www.suno.com.br\/noticias\/?s={search_term_string}\"},\"query-input\":{\"@type\":\"PropertyValueSpecification\",\"valueRequired\":true,\"valueName\":\"search_term_string\"}}],\"inLanguage\":\"pt-BR\"},{\"@type\":\"Organization\",\"@id\":\"https:\/\/www.suno.com.br\/noticias\/#organization\",\"name\":\"Suno Not\u00edcias\",\"url\":\"https:\/\/www.suno.com.br\/noticias\/\",\"logo\":{\"@type\":\"ImageObject\",\"inLanguage\":\"pt-BR\",\"@id\":\"https:\/\/www.suno.com.br\/noticias\/#\/schema\/logo\/image\/\",\"url\":\"https:\/\/files.sunoresearch.com.br\/n\/uploads\/2021\/09\/suno-logo.png\",\"contentUrl\":\"https:\/\/files.sunoresearch.com.br\/n\/uploads\/2021\/09\/suno-logo.png\",\"width\":180,\"height\":180,\"caption\":\"Suno Not\u00edcias\"},\"image\":{\"@id\":\"https:\/\/www.suno.com.br\/noticias\/#\/schema\/logo\/image\/\"},\"sameAs\":[\"https:\/\/facebook.com\/sunoresearch\",\"https:\/\/x.com\/sunoresearch\",\"https:\/\/www.instagram.com\/suno\",\"https:\/\/www.linkedin.com\/company\/suno-research\/\",\"https:\/\/www.youtube.com\/c\/sunoresearch\"]},{\"@type\":\"Person\",\"@id\":\"https:\/\/www.suno.com.br\/noticias\/#\/schema\/person\/506bb13f624e6983050ae5bf648c7a54\",\"name\":\"Giovanna Oliveira\",\"image\":{\"@type\":\"ImageObject\",\"inLanguage\":\"pt-BR\",\"@id\":\"https:\/\/www.suno.com.br\/noticias\/#\/schema\/person\/image\/\",\"url\":\"https:\/\/secure.gravatar.com\/avatar\/8d180e5cea232a9bb3af521589b133fa?s=96&r=g\",\"contentUrl\":\"https:\/\/secure.gravatar.com\/avatar\/8d180e5cea232a9bb3af521589b133fa?s=96&r=g\",\"caption\":\"Giovanna Oliveira\"},\"description\":\"Jornalista com mais de sete anos de experi\u00eancia na cobertura de finan\u00e7as e economia. P\u00f3s-graduada em Neg\u00f3cios e Inova\u00e7\u00e3o (ESPM-SP) e mestranda em Finan\u00e7as (UADE Business School\u2013Buenos Aires).\",\"url\":\"https:\/\/www.suno.com.br\/noticias\/author\/giovannalmd-oliveiragmail-com\/\"}]}<\/script>\n<!-- \/ Yoast SEO plugin. -->","yoast_head_json":{"title":"Natura (NATU3) dispara com retorno de executivo ao comando","description":"A Natura (NATU3) disparou 7,7% com a troca de CEO: Carlucci retorna ap\u00f3s 12 anos no lugar de Jo\u00e3o Paulo Ferreira. Leia mais.","robots":{"index":"index","follow":"follow","max-snippet":"max-snippet:-1","max-image-preview":"max-image-preview:large","max-video-preview":"max-video-preview:-1"},"canonical":"https:\/\/www.suno.com.br\/noticias\/natu3-natura-alta-troca-ceo-carlucci-retorno-agosto-2026-go\/","og_locale":"pt_BR","og_type":"article","og_title":"Natura (NATU3) dispara com retorno de executivo ao comando","og_description":"A Natura (NATU3) disparou 7,7% com a troca de CEO: Carlucci retorna ap\u00f3s 12 anos no lugar de Jo\u00e3o Paulo Ferreira. Leia mais.","og_url":"https:\/\/www.suno.com.br\/noticias\/natu3-natura-alta-troca-ceo-carlucci-retorno-agosto-2026-go\/","og_site_name":"Suno Not\u00edcias","article_publisher":"https:\/\/facebook.com\/sunoresearch","og_image":[{"width":1200,"height":800,"url":"https:\/\/files.sunoresearch.com.br\/n\/uploads\/2026\/08\/fb35d009-natura-jpg.webp","type":"image\/jpeg"}],"author":"Giovanna Oliveira","twitter_card":"summary_large_image","twitter_creator":"@sunoresearch","twitter_site":"@sunoresearch","twitter_misc":{"Escrito por":"Giovanna Oliveira","Est. tempo de leitura":"3 minutos"},"schema":{"@context":"https:\/\/schema.org","@graph":[{"@type":"NewsArticle","@id":"https:\/\/www.suno.com.br\/noticias\/natu3-natura-alta-troca-ceo-carlucci-retorno-agosto-2026-go\/#article","isPartOf":{"@id":"https:\/\/www.suno.com.br\/noticias\/natu3-natura-alta-troca-ceo-carlucci-retorno-agosto-2026-go\/"},"author":{"name":"Giovanna Oliveira","@id":"https:\/\/www.suno.com.br\/noticias\/#\/schema\/person\/506bb13f624e6983050ae5bf648c7a54"},"headline":"Natura (NATU3) dispara ap\u00f3s anunciar troca de CEO e retorno de executivo","datePublished":"2026-08-31T18:55:05+00:00","dateModified":"2026-08-31T18:56:48+00:00","mainEntityOfPage":{"@id":"https:\/\/www.suno.com.br\/noticias\/natu3-natura-alta-troca-ceo-carlucci-retorno-agosto-2026-go\/"},"wordCount":459,"publisher":{"@id":"https:\/\/www.suno.com.br\/noticias\/#organization"},"image":{"@id":"https:\/\/www.suno.com.br\/noticias\/natu3-natura-alta-troca-ceo-carlucci-retorno-agosto-2026-go\/#primaryimage"},"thumbnailUrl":"https:\/\/files.sunoresearch.com.br\/n\/uploads\/2026\/08\/fb35d009-natura-jpg.webp","articleSection":["Neg\u00f3cios"],"inLanguage":"pt-BR"},{"@type":"WebPage","@id":"https:\/\/www.suno.com.br\/noticias\/natu3-natura-alta-troca-ceo-carlucci-retorno-agosto-2026-go\/","url":"https:\/\/www.suno.com.br\/noticias\/natu3-natura-alta-troca-ceo-carlucci-retorno-agosto-2026-go\/","name":"Natura (NATU3) dispara com retorno de executivo ao comando","isPartOf":{"@id":"https:\/\/www.suno.com.br\/noticias\/#website"},"primaryImageOfPage":{"@id":"https:\/\/www.suno.com.br\/noticias\/natu3-natura-alta-troca-ceo-carlucci-retorno-agosto-2026-go\/#primaryimage"},"image":{"@id":"https:\/\/www.suno.com.br\/noticias\/natu3-natura-alta-troca-ceo-carlucci-retorno-agosto-2026-go\/#primaryimage"},"thumbnailUrl":"https:\/\/files.sunoresearch.com.br\/n\/uploads\/2026\/08\/fb35d009-natura-jpg.webp","datePublished":"2026-08-31T18:55:05+00:00","dateModified":"2026-08-31T18:56:48+00:00","description":"A Natura (NATU3) disparou 7,7% com a troca de CEO: Carlucci retorna ap\u00f3s 12 anos no lugar de Jo\u00e3o Paulo Ferreira. Leia mais.","breadcrumb":{"@id":"https:\/\/www.suno.com.br\/noticias\/natu3-natura-alta-troca-ceo-carlucci-retorno-agosto-2026-go\/#breadcrumb"},"inLanguage":"pt-BR","potentialAction":[{"@type":"ReadAction","target":["https:\/\/www.suno.com.br\/noticias\/natu3-natura-alta-troca-ceo-carlucci-retorno-agosto-2026-go\/"]}]},{"@type":"ImageObject","inLanguage":"pt-BR","@id":"https:\/\/www.suno.com.br\/noticias\/natu3-natura-alta-troca-ceo-carlucci-retorno-agosto-2026-go\/#primaryimage","url":"https:\/\/files.sunoresearch.com.br\/n\/uploads\/2026\/08\/fb35d009-natura-jpg.webp","contentUrl":"https:\/\/files.sunoresearch.com.br\/n\/uploads\/2026\/08\/fb35d009-natura-jpg.webp","width":1200,"height":800,"caption":"Natura (NATU3). Foto: Divulga\u00e7\u00e3o\/Natura"},{"@type":"BreadcrumbList","@id":"https:\/\/www.suno.com.br\/noticias\/natu3-natura-alta-troca-ceo-carlucci-retorno-agosto-2026-go\/#breadcrumb","itemListElement":[{"@type":"ListItem","position":1,"name":"Not\u00edcias","item":"https:\/\/www.suno.com.br\/noticias\/"},{"@type":"ListItem","position":2,"name":"Neg\u00f3cios","item":"https:\/\/www.suno.com.br\/noticias\/negocios\/"},{"@type":"ListItem","position":3,"name":"Natura (NATU3) dispara ap\u00f3s anunciar troca de CEO e retorno de executivo"}]},{"@type":"WebSite","@id":"https:\/\/www.suno.com.br\/noticias\/#website","url":"https:\/\/www.suno.com.br\/noticias\/","name":"Suno Not\u00edcias","description":"Seu portal de informa\u00e7\u00e3o sobre o mundo dos investimentos","publisher":{"@id":"https:\/\/www.suno.com.br\/noticias\/#organization"},"potentialAction":[{"@type":"SearchAction","target":{"@type":"EntryPoint","urlTemplate":"https:\/\/www.suno.com.br\/noticias\/?s={search_term_string}"},"query-input":{"@type":"PropertyValueSpecification","valueRequired":true,"valueName":"search_term_string"}}],"inLanguage":"pt-BR"},{"@type":"Organization","@id":"https:\/\/www.suno.com.br\/noticias\/#organization","name":"Suno Not\u00edcias","url":"https:\/\/www.suno.com.br\/noticias\/","logo":{"@type":"ImageObject","inLanguage":"pt-BR","@id":"https:\/\/www.suno.com.br\/noticias\/#\/schema\/logo\/image\/","url":"https:\/\/files.sunoresearch.com.br\/n\/uploads\/2021\/09\/suno-logo.png","contentUrl":"https:\/\/files.sunoresearch.com.br\/n\/uploads\/2021\/09\/suno-logo.png","width":180,"height":180,"caption":"Suno Not\u00edcias"},"image":{"@id":"https:\/\/www.suno.com.br\/noticias\/#\/schema\/logo\/image\/"},"sameAs":["https:\/\/facebook.com\/sunoresearch","https:\/\/x.com\/sunoresearch","https:\/\/www.instagram.com\/suno","https:\/\/www.linkedin.com\/company\/suno-research\/","https:\/\/www.youtube.com\/c\/sunoresearch"]},{"@type":"Person","@id":"https:\/\/www.suno.com.br\/noticias\/#\/schema\/person\/506bb13f624e6983050ae5bf648c7a54","name":"Giovanna Oliveira","image":{"@type":"ImageObject","inLanguage":"pt-BR","@id":"https:\/\/www.suno.com.br\/noticias\/#\/schema\/person\/image\/","url":"https:\/\/secure.gravatar.com\/avatar\/8d180e5cea232a9bb3af521589b133fa?s=96&r=g","contentUrl":"https:\/\/secure.gravatar.com\/avatar\/8d180e5cea232a9bb3af521589b133fa?s=96&r=g","caption":"Giovanna Oliveira"},"description":"Jornalista com mais de sete anos de experi\u00eancia na cobertura de finan\u00e7as e economia. P\u00f3s-graduada em Neg\u00f3cios e Inova\u00e7\u00e3o (ESPM-SP) e mestranda em Finan\u00e7as (UADE Business School\u2013Buenos Aires).","url":"https:\/\/www.suno.com.br\/noticias\/author\/giovannalmd-oliveiragmail-com\/"}]}},"default_loop_html":"<div class=\"cardsPage__listCard__boxs\"><div class=\"cardsPage__listCard__boxs__img\"><a href=\"https:\/\/www.suno.com.br\/noticias\/natu3-natura-alta-troca-ceo-carlucci-retorno-agosto-2026-go\/\"><img class=\"mask\" src=\"https:\/\/www.suno.com.br\/noticias\/wp-content\/themes\/suno\/resources\/images\/spotlight\/spotlight1img\/bg-mask.png\" alt=\"Image Mask\"\/><img src=\"https:\/\/files.sunoresearch.com.br\/n\/uploads\/2026\/08\/fb35d009-natura-400x200.webp\" alt=\"Natura (NATU3) dispara ap\u00f3s anunciar troca de CEO e retorno de executivo\"\/><\/a><span class=\"spotlightCategory\"><a href=\"https:\/\/www.suno.com.br\/noticias\/negocios\/\">Neg\u00f3cios<\/a><\/span><\/div><div class=\"cardsPage__listCard__boxs__content\"><a href=\"https:\/\/www.suno.com.br\/noticias\/natu3-natura-alta-troca-ceo-carlucci-retorno-agosto-2026-go\/\"><h2 class=\"content__title\">Natura (NATU3) dispara ap\u00f3s anunciar troca de CEO e retorno de executivo<\/h2><\/a><div class=\"newsContent__article__meta\"><div class=\"newsContent__article__meta__authorBox\"><a href=\"https:\/\/www.suno.com.br\/noticias\/author\/giovannalmd-oliveiragmail-com\/\" class=\"authorBox__avatar noMobi\"><img src=\"https:\/\/secure.gravatar.com\/avatar\/8d180e5cea232a9bb3af521589b133fa?s=96&#038;r=g\" alt=\"Giovanna Oliveira\"><\/a><div class=\"authorBox__name\"><span>por\n\t\t\t<a href=\"https:\/\/www.suno.com.br\/noticias\/author\/giovannalmd-oliveiragmail-com\/\"><span itemprop=\"author\">Giovanna Oliveira<\/span><\/a><\/span><time datetime=\"2026-08-31T15:55:05-03:00\" itemprop=\"datePublished\">31\/08\/2026 15:55<\/time><\/div><\/div><\/div><\/div><\/div>","single_layout":"posts","amp_enabled":true,"_links":{"self":[{"href":"https:\/\/www.suno.com.br\/noticias\/wp-json\/wp\/v2\/posts\/663017"}],"collection":[{"href":"https:\/\/www.suno.com.br\/noticias\/wp-json\/wp\/v2\/posts"}],"about":[{"href":"https:\/\/www.suno.com.br\/noticias\/wp-json\/wp\/v2\/types\/post"}],"author":[{"embeddable":true,"href":"https:\/\/www.suno.com.br\/noticias\/wp-json\/wp\/v2\/users\/404"}],"replies":[{"embeddable":true,"href":"https:\/\/www.suno.com.br\/noticias\/wp-json\/wp\/v2\/comments?post=663017"}],"version-history":[{"count":1,"href":"https:\/\/www.suno.com.br\/noticias\/wp-json\/wp\/v2\/posts\/663017\/revisions"}],"predecessor-version":[{"id":663019,"href":"https:\/\/www.suno.com.br\/noticias\/wp-json\/wp\/v2\/posts\/663017\/revisions\/663019"}],"wp:featuredmedia":[{"embeddable":true,"href":"https:\/\/www.suno.com.br\/noticias\/wp-json\/wp\/v2\/media\/663018"}],"wp:attachment":[{"href":"https:\/\/www.suno.com.br\/noticias\/wp-json\/wp\/v2\/media?parent=663017"}],"wp:term":[{"taxonomy":"category","embeddable":true,"href":"https:\/\/www.suno.com.br\/noticias\/wp-json\/wp\/v2\/categories?post=663017"},{"taxonomy":"post_tag","embeddable":true,"href":"https:\/\/www.suno.com.br\/noticias\/wp-json\/wp\/v2\/tags?post=663017"},{"taxonomy":"suno_strategy","embeddable":true,"href":"https:\/\/www.suno.com.br\/noticias\/wp-json\/wp\/v2\/suno_strategy?post=663017"}],"curies":[{"name":"wp","href":"https:\/\/api.w.org\/{rel}","templated":true}]}}