{"id":662999,"date":"2026-08-31T13:45:05","date_gmt":"2026-08-31T16:45:05","guid":{"rendered":"https:\/\/www.suno.com.br\/noticias\/vale-vale3-imposto-lucros-no-exterior-stf-mt\/"},"modified":"2026-08-31T13:45:05","modified_gmt":"2026-08-31T16:45:05","slug":"vale-vale3-imposto-lucros-no-exterior-stf-mt","status":"publish","type":"post","link":"https:\/\/www.suno.com.br\/noticias\/vale-vale3-imposto-lucros-no-exterior-stf-mt\/","title":{"rendered":"Vale (VALE3) pode pagar imposto sobre lucros no exterior? STF zera placar; entenda"},"content":{"rendered":"<p>Uma disputa tribut\u00e1ria bilion\u00e1ria voltou ao ponto de partida. O Supremo Tribunal Federal (STF) chegou a formar maioria favor\u00e1vel \u00e0 cobran\u00e7a de impostos sobre lucros no exterior de controladas da <a class=\"suno-keyword\" target=\"_blank\" data-force=\"no\" data-priority=\"2\" href=\"https:\/\/www.suno.com.br\/analitica\/acoes\/VALE3\/\" rel=\"noopener\">Vale (VALE3)<\/a>, mas o ministro Andr\u00e9 Mendon\u00e7a suspendeu o julgamento virtual e levou o caso ao plen\u00e1rio f\u00edsico.<\/p>\t<div class=\"wrapper-featured-image\">\n\t\t<figure class=\"spotlightImg\">\n\n\t\t\t<picture>\n\t\t\t\t<source media=\"(max-width: 768px)\" srcset=\"https:\/\/files.sunoresearch.com.br\/n\/uploads\/2026\/08\/3dc4f6b1-vale-400x200.webp\">\n\t\t\t\t<img loading=\"lazy\" decoding=\"async\" class=\"newsContent__article__imgCapa lazyloadDisabled \" src=\"https:\/\/files.sunoresearch.com.br\/n\/uploads\/2026\/08\/3dc4f6b1-vale-800x450.webp\" width=\"800\" height=\"450\" alt=\"Vale (VALE3) pode pagar imposto sobre lucros no exterior? STF zera placar; entenda\" fetchpriority=high \/>\n\t\t\t<\/picture>\n\n\t\t\t<figcaption class=\"wp-caption-text wp-caption-text--show\">Vale (VALE3)<\/figcaption>\n\t\t<\/figure>\n\t<\/div>\n\n\n\n\n\n\n<p>Antes da suspens\u00e3o, o placar estava em seis votos a quatro a favor da Uni\u00e3o. Com o pedido de destaque apresentado na sexta-feira (28), os votos ser\u00e3o reiniciados e ainda n\u00e3o existe decis\u00e3o definitiva que obrigue a mineradora a realizar um novo pagamento.<\/p>\n\n\n\n<p>Tamb\u00e9m n\u00e3o h\u00e1 data para a retomada do processo. Procurada pela Reuters durante o julgamento virtual, a Vale preferiu n\u00e3o comentar o assunto.<\/p>\n\n\n\n<h2 class=\"wp-block-heading\">O que o STF discute no caso da Vale?<\/h2>\n\n\n\n<p>O processo discute se a Receita Federal pode cobrar <a class=\"suno-keyword\" target=\"_blank\" data-force=\"no\" data-priority=\"2\" href=\"https:\/\/www.suno.com.br\/guias\/imposto-de-renda-guia\/\" rel=\"noopener\">Imposto de Renda<\/a> da Pessoa Jur\u00eddica (IRPJ) e Contribui\u00e7\u00e3o Social sobre o <a class=\"suno-keyword\" target=\"_blank\" data-force=\"no\" data-priority=\"1\" href=\"https:\/\/www.suno.com.br\/artigos\/lucro-liquido\/\" rel=\"noopener\">Lucro L\u00edquido<\/a> (CSLL) sobre resultados obtidos por empresas controladas pela Vale fora do Brasil.<\/p>\n\n\n\n<p>A controv\u00e9rsia envolve a chamada tributa\u00e7\u00e3o autom\u00e1tica. Pela regra estabelecida no artigo 74 da Medida Provis\u00f3ria n\u00ba 2.158-35, de 2001, os lucros apurados por uma controlada no exterior podem ser considerados disponibilizados \u00e0 controladora brasileira na data do balan\u00e7o, mesmo que o dinheiro n\u00e3o tenha sido efetivamente distribu\u00eddo.<\/p>\n\n\n\n<p>A Vale questiona a aplica\u00e7\u00e3o dessa regra em pa\u00edses que possuem tratados com o Brasil para evitar a dupla tributa\u00e7\u00e3o. Esses acordos estabelecem, em linhas gerais, que o lucro deve ser tributado no pa\u00eds onde est\u00e1 localizada a empresa estrangeira, salvo situa\u00e7\u00f5es espec\u00edficas, como a exist\u00eancia de estabelecimento permanente no Brasil.<\/p>\n\n\n\n<p>A Uni\u00e3o defende uma interpreta\u00e7\u00e3o diferente. Para a Fazenda Nacional, a cobran\u00e7a n\u00e3o recai diretamente sobre a renda da subsidi\u00e1ria estrangeira, mas sobre o acr\u00e9scimo patrimonial obtido pela controladora brasileira. Dessa forma, os tratados internacionais n\u00e3o impediriam a incid\u00eancia de IRPJ e CSLL.<\/p>\n\n\n\t<p>\n\t\t<a href=\"https:\/\/lp2.suno.com.br\/onde-investir-2026\/?utm_campaign=_SNC390A0FD0_ao&#038;utm_source=suno-not\u00edcias&#038;utm_medium=banner.noticias\" target=\"_blank\" data-element=\"shortcode-suno-banner\" title=\"Banner SUNO, clique e saiba mais\">\n\t\t\t<picture>\n\t\t\t\t<source media=\"(max-width: 500px)\" srcset=\"https:\/\/files.sunoresearch.com.br\/gaia\/uploads\/2026\/01\/Banner-Materias-01-Mbl_-400x300-1.png\">\n\t\t\t\t<img class=\"newsContent__article__imgCapa newsContent__article__imgCapa--banner\"\n\t\t\t\t\tsrc=\"https:\/\/files.sunoresearch.com.br\/gaia\/uploads\/2026\/01\/Banner-Materias-01-Dkp_-1420x240-1.png\"\n\t\t\t\t\tdata-promo-id=\"651623\"\t\t\t\t\t\t\t\t\t\twidth='1420' height='240'\t\t\t\t\talt=\"https:\/\/files.sunoresearch.com.br\/gaia\/uploads\/2026\/01\/Banner-Materias-01-Dkp_-1420x240-1.png\"\n\t\t\t\t>\n\t\t\t<\/picture>\n\t\t<\/a>\n\t<\/p>\n\n\n\n\n\n\n\n<h2 class=\"wp-block-heading\">Quais subsidi\u00e1rias da Vale est\u00e3o envolvidas?<\/h2>\n\n\n\n<p>O processo envolve cinco empresas controladas pela mineradora:<\/p>\n\n\n\n<ul class=\"wp-block-list\">\n<li>Rio Doce International, localizada na B\u00e9lgica;<\/li>\n\n\n\n<li>Rio Doce Com\u00e9rcio International, na Dinamarca;<\/li>\n\n\n\n<li>Brasilux, em Luxemburgo;<\/li>\n\n\n\n<li>Rio Doce Europa, tamb\u00e9m em Luxemburgo;<\/li>\n\n\n\n<li>Brasamerican Limited, nas Bermudas.<\/li>\n<\/ul>\n\n\n\t<p>\n\t\t<a href=\"https:\/\/lp2.suno.com.br\/lm\/minicurso-construindo-um-portfolio-milionario\/?utm_campaign=_SNC35CF3834_ao&#038;utm_source=suno-not\u00edcias&#038;utm_medium=banner.noticias\" target=\"_blank\" data-element=\"shortcode-suno-banner\" title=\"Banner SUNO, clique e saiba mais\">\n\t\t\t<picture>\n\t\t\t\t<source media=\"(max-width: 500px)\" srcset=\"https:\/\/files.sunoresearch.com.br\/gaia\/uploads\/2026\/01\/MB-PS-HOME-DE-ARTIGOS-400x300-ID_01_x1.jpg\">\n\t\t\t\t<img class=\"newsContent__article__imgCapa newsContent__article__imgCapa--banner\"\n\t\t\t\t\tsrc=\"https:\/\/files.sunoresearch.com.br\/gaia\/uploads\/2026\/01\/DT-PS-HOME-DE-ARTIGOS-1420x240-ID_01_x1.jpg\"\n\t\t\t\t\tdata-promo-id=\"651626\"\t\t\t\t\t\t\t\t\t\twidth='1420' height='240'\t\t\t\t\talt=\"https:\/\/files.sunoresearch.com.br\/gaia\/uploads\/2026\/01\/DT-PS-HOME-DE-ARTIGOS-1420x240-ID_01_x1.jpg\"\n\t\t\t\t>\n\t\t\t<\/picture>\n\t\t<\/a>\n\t<\/p>\n\n\n\n\n\n\n\n<p>B\u00e9lgica, Dinamarca e Luxemburgo possuem tratados contra a dupla tributa\u00e7\u00e3o com o Brasil. As Bermudas, consideradas uma jurisdi\u00e7\u00e3o de tributa\u00e7\u00e3o favorecida, n\u00e3o contam com um acordo equivalente.<\/p>\n\n\n\n<p>Em 2014, o Superior Tribunal de Justi\u00e7a (STJ) decidiu que os resultados das controladas localizadas nos tr\u00eas pa\u00edses com tratados n\u00e3o poderiam ser novamente tributados no Brasil. A Corte, entretanto, admitiu a cobran\u00e7a relativa \u00e0 subsidi\u00e1ria instalada nas Bermudas.<\/p>\n\n\n\n<p>A Uni\u00e3o recorreu ao STF por entender que a decis\u00e3o do STJ contrariou precedentes favor\u00e1veis \u00e0 tributa\u00e7\u00e3o dos lucros obtidos por empresas brasileiras por meio de controladas no exterior.<\/p>\n\n\n\n<h2 class=\"wp-block-heading\">Maioria favor\u00e1vel \u00e0 cobran\u00e7a foi desfeita<\/h2>\n\n\n\n<p>Durante o julgamento virtual, o ministro Gilmar Mendes abriu uma diverg\u00eancia favor\u00e1vel ao recurso da Uni\u00e3o. Ele defendeu a possibilidade de computar os lucros das controladas como acr\u00e9scimo patrimonial da Vale no Brasil.<\/p>\n\n\n\n<p>\u201cEntendo que o caso \u00e9 de reconhecer a possibilidade de incid\u00eancia do IRPJ e da CSLL sobre o lucro da controladora obtido por interm\u00e9dio de empresas controladas situadas no exterior\u201d, afirmou Mendes em seu voto, segundo a Reuters.<\/p>\n\n\n\n<p>A posi\u00e7\u00e3o recebeu seis votos, enquanto quatro ministros se manifestaram contra o recurso da Uni\u00e3o. Antes da conclus\u00e3o da sess\u00e3o, por\u00e9m, Andr\u00e9 Mendon\u00e7a pediu destaque.<\/p>\n\n\n\n<h2 class=\"wp-block-heading\">Qual pode ser o impacto financeiro para a Vale?<\/h2>\n\n\n\n<p>O caso concreto envolve aproximadamente R$ 22 bilh\u00f5es, segundo estimativa da Receita Federal divulgada pelo Estad\u00e3o Conte\u00fado. O valor considera um ano de tributos que n\u00e3o teriam sido recolhidos e a poss\u00edvel devolu\u00e7\u00e3o de pagamentos referentes aos cinco anos anteriores.<\/p>\n\n\n\t<p>\n\t\t<a href=\"https:\/\/lp.suno.com.br\/ebook-como-analisar-uma-acao\/?utm_campaign=_SNC390A0FD0_ao&#038;utm_source=suno-not\u00edcias&#038;utm_medium=banner.noticias\" target=\"_blank\" data-element=\"shortcode-suno-banner\" title=\"Banner SUNO, clique e saiba mais\">\n\t\t\t<picture>\n\t\t\t\t<source media=\"(max-width: 500px)\" srcset=\"https:\/\/files.sunoresearch.com.br\/gaia\/uploads\/2026\/01\/Ebook-Acoes-Mobile.webp\">\n\t\t\t\t<img class=\"newsContent__article__imgCapa newsContent__article__imgCapa--banner\"\n\t\t\t\t\tsrc=\"https:\/\/files.sunoresearch.com.br\/gaia\/uploads\/2026\/01\/Ebook-Acoes-Desktop.webp\"\n\t\t\t\t\tdata-promo-id=\"651105\"\t\t\t\t\t\t\t\t\t\twidth='1420' height='286'\t\t\t\t\talt=\"https:\/\/files.sunoresearch.com.br\/gaia\/uploads\/2026\/01\/Ebook-Acoes-Desktop.webp\"\n\t\t\t\t>\n\t\t\t<\/picture>\n\t\t<\/a>\n\t<\/p>\n\n\n\n\n\n\n\n<p>Esse montante n\u00e3o deve ser interpretado automaticamente como uma nova conta de R$ 22 bilh\u00f5es a ser paga pela Vale. O impacto efetivo depender\u00e1 do resultado definitivo, do alcance estabelecido pelo STF e do tratamento tribut\u00e1rio e cont\u00e1bil j\u00e1 adotado pela companhia.<\/p>\n\n\n\n<p>A Receita tamb\u00e9m calculou que a discuss\u00e3o, considerando todos os contribuintes e processos relacionados \u00e0 tese, poderia alcan\u00e7ar R$ 142,5 bilh\u00f5es entre 2017 e 2021, al\u00e9m de R$ 28,5 bilh\u00f5es anuais nos per\u00edodos seguintes. Portanto, os R$ 142,5 bilh\u00f5es representam uma estimativa para a controv\u00e9rsia tribut\u00e1ria de forma ampla, e n\u00e3o uma d\u00edvida atribu\u00edda individualmente \u00e0 Vale.<\/p>\n\n\n\n<p>O processo n\u00e3o possui repercuss\u00e3o geral. Isso significa que sua decis\u00e3o n\u00e3o ter\u00e1 <a class=\"suno-keyword\" target=\"_blank\" data-force=\"no\" data-priority=\"1\" href=\"https:\/\/www.suno.com.br\/artigos\/aplicacao-automatica\/\" rel=\"noopener\">aplica\u00e7\u00e3o autom\u00e1tica<\/a> em todas as a\u00e7\u00f5es semelhantes. Mesmo assim, o entendimento do Supremo poder\u00e1 influenciar julgamentos envolvendo outras multinacionais brasileiras.<\/p>\n\n\n\n<h2 class=\"wp-block-heading\">O que muda para os acionistas de VALE3?<\/h2>\n\n\n\n<p>Por enquanto, nada muda de maneira imediata para quem possui a\u00e7\u00f5es da Vale. O pedido de destaque impediu a conclus\u00e3o do julgamento, e a empresa n\u00e3o recebeu, a partir dessa vota\u00e7\u00e3o, uma ordem definitiva para pagar novos tributos.<\/p>\n\n\n\n<p>Uma eventual derrota no plen\u00e1rio f\u00edsico poder\u00e1 elevar o risco tribut\u00e1rio da companhia, exigir ajustes cont\u00e1beis ou afetar seu caixa, dependendo dos valores efetivamente reconhecidos e de como o STF delimitar a decis\u00e3o.<\/p>\n\n\n\n<p>Caso o impacto seja relevante, tamb\u00e9m poder\u00e1 influenciar o lucro l\u00edquido e a capacidade de distribui\u00e7\u00e3o de <a class=\"suno-keyword\" target=\"_blank\" data-force=\"no\" data-priority=\"1\" href=\"https:\/\/www.suno.com.br\/guias\/dividendos\/\" rel=\"noopener\">dividendos<\/a>. No entanto, ainda n\u00e3o \u00e9 poss\u00edvel quantificar esse efeito apenas com base no placar interrompido.<\/p>\n\n\n\n<p>O pr\u00f3ximo passo ser\u00e1 a inclus\u00e3o do Recurso Extraordin\u00e1rio n\u00ba 870.214 na pauta do plen\u00e1rio f\u00edsico do STF. At\u00e9 que um novo julgamento seja realizado, permanece aberta a discuss\u00e3o sobre a cobran\u00e7a de IRPJ e CSLL sobre os <strong>lucros no exterior<\/strong> das controladas da Vale (VALE3).<\/p>\n\n\n\n<p><\/p>\n","protected":false},"excerpt":{"rendered":"<p>Uma disputa tribut\u00e1ria bilion\u00e1ria voltou ao ponto de partida. O Supremo Tribunal Federal (STF) chegou a formar maioria favor\u00e1vel \u00e0 cobran\u00e7a de impostos sobre lucros no exterior de controladas da Vale (VALE3), mas o ministro Andr\u00e9 Mendon\u00e7a suspendeu o julgamento virtual e levou o caso ao plen\u00e1rio f\u00edsico. Antes da suspens\u00e3o, o placar estava em &hellip; Continued<\/p>\n","protected":false},"author":402,"featured_media":663000,"comment_status":"closed","ping_status":"closed","sticky":false,"template":"","format":"standard","meta":[],"categories":[62,64],"tags":[676],"suno_strategy":[],"class_list":["post-662999","post","type-post","status-publish","format-standard","has-post-thumbnail","hentry","category-economia","category-negocios","tag-vale-vale3"],"yoast_head":"<!-- This site is optimized with the Yoast SEO plugin v24.4 - https:\/\/yoast.com\/wordpress\/plugins\/seo\/ -->\n<title>Vale (VALE3): STF suspende julgamento tribut\u00e1rio<\/title>\n<meta name=\"description\" content=\"STF suspende julgamento sobre imposto nos lucros de controladas da Vale no exterior. Entenda a disputa e o poss\u00edvel impacto sobre VALE3.\" \/>\n<meta name=\"robots\" content=\"index, follow, max-snippet:-1, max-image-preview:large, max-video-preview:-1\" \/>\n<link rel=\"canonical\" href=\"https:\/\/www.suno.com.br\/noticias\/vale-vale3-imposto-lucros-no-exterior-stf-mt\/\" \/>\n<meta property=\"og:locale\" content=\"pt_BR\" \/>\n<meta property=\"og:type\" content=\"article\" \/>\n<meta property=\"og:title\" content=\"Vale (VALE3): STF suspende julgamento tribut\u00e1rio\" \/>\n<meta property=\"og:description\" content=\"STF suspende julgamento sobre imposto nos lucros de controladas da Vale no exterior. Entenda a disputa e o poss\u00edvel impacto sobre VALE3.\" \/>\n<meta property=\"og:url\" content=\"https:\/\/www.suno.com.br\/noticias\/vale-vale3-imposto-lucros-no-exterior-stf-mt\/\" \/>\n<meta property=\"og:site_name\" content=\"Suno Not\u00edcias\" \/>\n<meta property=\"article:publisher\" content=\"https:\/\/facebook.com\/sunoresearch\" \/>\n<meta property=\"og:image\" content=\"http:\/\/files.sunoresearch.com.br\/n\/uploads\/2026\/08\/3dc4f6b1-vale-jpg.webp\" \/>\n\t<meta property=\"og:image:width\" content=\"1086\" \/>\n\t<meta property=\"og:image:height\" content=\"652\" \/>\n\t<meta property=\"og:image:type\" content=\"image\/jpeg\" \/>\n<meta name=\"author\" content=\"Ma\u00edra Telles\" \/>\n<meta name=\"twitter:card\" content=\"summary_large_image\" \/>\n<meta name=\"twitter:creator\" content=\"@sunoresearch\" \/>\n<meta name=\"twitter:site\" content=\"@sunoresearch\" \/>\n<meta name=\"twitter:label1\" content=\"Escrito por\" \/>\n\t<meta name=\"twitter:data1\" content=\"Ma\u00edra Telles\" \/>\n\t<meta name=\"twitter:label2\" content=\"Est. tempo de leitura\" \/>\n\t<meta name=\"twitter:data2\" content=\"5 minutos\" \/>\n<script type=\"application\/ld+json\" class=\"yoast-schema-graph\">{\"@context\":\"https:\/\/schema.org\",\"@graph\":[{\"@type\":\"NewsArticle\",\"@id\":\"https:\/\/www.suno.com.br\/noticias\/vale-vale3-imposto-lucros-no-exterior-stf-mt\/#article\",\"isPartOf\":{\"@id\":\"https:\/\/www.suno.com.br\/noticias\/vale-vale3-imposto-lucros-no-exterior-stf-mt\/\"},\"author\":{\"name\":\"Ma\u00edra Telles\",\"@id\":\"https:\/\/www.suno.com.br\/noticias\/#\/schema\/person\/0a8b51292bb96ee5f104094c0907eaef\"},\"headline\":\"Vale (VALE3) pode pagar imposto sobre lucros no exterior? STF zera placar; entenda\",\"datePublished\":\"2026-08-31T16:45:05+00:00\",\"mainEntityOfPage\":{\"@id\":\"https:\/\/www.suno.com.br\/noticias\/vale-vale3-imposto-lucros-no-exterior-stf-mt\/\"},\"wordCount\":1007,\"publisher\":{\"@id\":\"https:\/\/www.suno.com.br\/noticias\/#organization\"},\"image\":{\"@id\":\"https:\/\/www.suno.com.br\/noticias\/vale-vale3-imposto-lucros-no-exterior-stf-mt\/#primaryimage\"},\"thumbnailUrl\":\"https:\/\/files.sunoresearch.com.br\/n\/uploads\/2026\/08\/3dc4f6b1-vale-jpg.webp\",\"keywords\":[\"Vale (VALE3)\"],\"articleSection\":[\"Economia\",\"Neg\u00f3cios\"],\"inLanguage\":\"pt-BR\"},{\"@type\":\"WebPage\",\"@id\":\"https:\/\/www.suno.com.br\/noticias\/vale-vale3-imposto-lucros-no-exterior-stf-mt\/\",\"url\":\"https:\/\/www.suno.com.br\/noticias\/vale-vale3-imposto-lucros-no-exterior-stf-mt\/\",\"name\":\"Vale (VALE3): STF suspende julgamento tribut\u00e1rio\",\"isPartOf\":{\"@id\":\"https:\/\/www.suno.com.br\/noticias\/#website\"},\"primaryImageOfPage\":{\"@id\":\"https:\/\/www.suno.com.br\/noticias\/vale-vale3-imposto-lucros-no-exterior-stf-mt\/#primaryimage\"},\"image\":{\"@id\":\"https:\/\/www.suno.com.br\/noticias\/vale-vale3-imposto-lucros-no-exterior-stf-mt\/#primaryimage\"},\"thumbnailUrl\":\"https:\/\/files.sunoresearch.com.br\/n\/uploads\/2026\/08\/3dc4f6b1-vale-jpg.webp\",\"datePublished\":\"2026-08-31T16:45:05+00:00\",\"description\":\"STF suspende julgamento sobre imposto nos lucros de controladas da Vale no exterior. Entenda a disputa e o poss\u00edvel impacto sobre VALE3.\",\"breadcrumb\":{\"@id\":\"https:\/\/www.suno.com.br\/noticias\/vale-vale3-imposto-lucros-no-exterior-stf-mt\/#breadcrumb\"},\"inLanguage\":\"pt-BR\",\"potentialAction\":[{\"@type\":\"ReadAction\",\"target\":[\"https:\/\/www.suno.com.br\/noticias\/vale-vale3-imposto-lucros-no-exterior-stf-mt\/\"]}]},{\"@type\":\"ImageObject\",\"inLanguage\":\"pt-BR\",\"@id\":\"https:\/\/www.suno.com.br\/noticias\/vale-vale3-imposto-lucros-no-exterior-stf-mt\/#primaryimage\",\"url\":\"https:\/\/files.sunoresearch.com.br\/n\/uploads\/2026\/08\/3dc4f6b1-vale-jpg.webp\",\"contentUrl\":\"https:\/\/files.sunoresearch.com.br\/n\/uploads\/2026\/08\/3dc4f6b1-vale-jpg.webp\",\"width\":1086,\"height\":652,\"caption\":\"Vale (VALE3)\"},{\"@type\":\"BreadcrumbList\",\"@id\":\"https:\/\/www.suno.com.br\/noticias\/vale-vale3-imposto-lucros-no-exterior-stf-mt\/#breadcrumb\",\"itemListElement\":[{\"@type\":\"ListItem\",\"position\":1,\"name\":\"Not\u00edcias\",\"item\":\"https:\/\/www.suno.com.br\/noticias\/\"},{\"@type\":\"ListItem\",\"position\":2,\"name\":\"Neg\u00f3cios\",\"item\":\"https:\/\/www.suno.com.br\/noticias\/negocios\/\"},{\"@type\":\"ListItem\",\"position\":3,\"name\":\"Vale (VALE3) pode pagar imposto sobre lucros no exterior? STF zera placar; entenda\"}]},{\"@type\":\"WebSite\",\"@id\":\"https:\/\/www.suno.com.br\/noticias\/#website\",\"url\":\"https:\/\/www.suno.com.br\/noticias\/\",\"name\":\"Suno Not\u00edcias\",\"description\":\"Seu portal de informa\u00e7\u00e3o sobre o mundo dos investimentos\",\"publisher\":{\"@id\":\"https:\/\/www.suno.com.br\/noticias\/#organization\"},\"potentialAction\":[{\"@type\":\"SearchAction\",\"target\":{\"@type\":\"EntryPoint\",\"urlTemplate\":\"https:\/\/www.suno.com.br\/noticias\/?s={search_term_string}\"},\"query-input\":{\"@type\":\"PropertyValueSpecification\",\"valueRequired\":true,\"valueName\":\"search_term_string\"}}],\"inLanguage\":\"pt-BR\"},{\"@type\":\"Organization\",\"@id\":\"https:\/\/www.suno.com.br\/noticias\/#organization\",\"name\":\"Suno Not\u00edcias\",\"url\":\"https:\/\/www.suno.com.br\/noticias\/\",\"logo\":{\"@type\":\"ImageObject\",\"inLanguage\":\"pt-BR\",\"@id\":\"https:\/\/www.suno.com.br\/noticias\/#\/schema\/logo\/image\/\",\"url\":\"https:\/\/files.sunoresearch.com.br\/n\/uploads\/2021\/09\/suno-logo.png\",\"contentUrl\":\"https:\/\/files.sunoresearch.com.br\/n\/uploads\/2021\/09\/suno-logo.png\",\"width\":180,\"height\":180,\"caption\":\"Suno Not\u00edcias\"},\"image\":{\"@id\":\"https:\/\/www.suno.com.br\/noticias\/#\/schema\/logo\/image\/\"},\"sameAs\":[\"https:\/\/facebook.com\/sunoresearch\",\"https:\/\/x.com\/sunoresearch\",\"https:\/\/www.instagram.com\/suno\",\"https:\/\/www.linkedin.com\/company\/suno-research\/\",\"https:\/\/www.youtube.com\/c\/sunoresearch\"]},{\"@type\":\"Person\",\"@id\":\"https:\/\/www.suno.com.br\/noticias\/#\/schema\/person\/0a8b51292bb96ee5f104094c0907eaef\",\"name\":\"Ma\u00edra Telles\",\"image\":{\"@type\":\"ImageObject\",\"inLanguage\":\"pt-BR\",\"@id\":\"https:\/\/www.suno.com.br\/noticias\/#\/schema\/person\/image\/\",\"url\":\"https:\/\/secure.gravatar.com\/avatar\/8d13691eab6abc1d1050b62a4c2a6116?s=96&r=g\",\"contentUrl\":\"https:\/\/secure.gravatar.com\/avatar\/8d13691eab6abc1d1050b62a4c2a6116?s=96&r=g\",\"caption\":\"Ma\u00edra Telles\"},\"description\":\"Jornalista especializada em mercado financeiro, economia, neg\u00f3cios e agroneg\u00f3cio, com experi\u00eancia em reda\u00e7\u00e3o, comunica\u00e7\u00e3o estrat\u00e9gica e produ\u00e7\u00e3o de conte\u00fado para m\u00faltiplas plataformas. Com atua\u00e7\u00e3o tamb\u00e9m em marketing digital e gest\u00e3o de crise, une an\u00e1lise, apura\u00e7\u00e3o e linguagem acess\u00edvel para traduzir temas complexos em informa\u00e7\u00e3o relevante para investidores e leitores interessados no funcionamento da economia.\",\"url\":\"https:\/\/www.suno.com.br\/noticias\/author\/mairaftellesgmail-com\/\"}]}<\/script>\n<!-- \/ Yoast SEO plugin. -->","yoast_head_json":{"title":"Vale (VALE3): STF suspende julgamento tribut\u00e1rio","description":"STF suspende julgamento sobre imposto nos lucros de controladas da Vale no exterior. Entenda a disputa e o poss\u00edvel impacto sobre VALE3.","robots":{"index":"index","follow":"follow","max-snippet":"max-snippet:-1","max-image-preview":"max-image-preview:large","max-video-preview":"max-video-preview:-1"},"canonical":"https:\/\/www.suno.com.br\/noticias\/vale-vale3-imposto-lucros-no-exterior-stf-mt\/","og_locale":"pt_BR","og_type":"article","og_title":"Vale (VALE3): STF suspende julgamento tribut\u00e1rio","og_description":"STF suspende julgamento sobre imposto nos lucros de controladas da Vale no exterior. Entenda a disputa e o poss\u00edvel impacto sobre VALE3.","og_url":"https:\/\/www.suno.com.br\/noticias\/vale-vale3-imposto-lucros-no-exterior-stf-mt\/","og_site_name":"Suno Not\u00edcias","article_publisher":"https:\/\/facebook.com\/sunoresearch","og_image":[{"width":1086,"height":652,"url":"http:\/\/files.sunoresearch.com.br\/n\/uploads\/2026\/08\/3dc4f6b1-vale-jpg.webp","type":"image\/jpeg"}],"author":"Ma\u00edra Telles","twitter_card":"summary_large_image","twitter_creator":"@sunoresearch","twitter_site":"@sunoresearch","twitter_misc":{"Escrito por":"Ma\u00edra Telles","Est. tempo de leitura":"5 minutos"},"schema":{"@context":"https:\/\/schema.org","@graph":[{"@type":"NewsArticle","@id":"https:\/\/www.suno.com.br\/noticias\/vale-vale3-imposto-lucros-no-exterior-stf-mt\/#article","isPartOf":{"@id":"https:\/\/www.suno.com.br\/noticias\/vale-vale3-imposto-lucros-no-exterior-stf-mt\/"},"author":{"name":"Ma\u00edra Telles","@id":"https:\/\/www.suno.com.br\/noticias\/#\/schema\/person\/0a8b51292bb96ee5f104094c0907eaef"},"headline":"Vale (VALE3) pode pagar imposto sobre lucros no exterior? STF zera placar; entenda","datePublished":"2026-08-31T16:45:05+00:00","mainEntityOfPage":{"@id":"https:\/\/www.suno.com.br\/noticias\/vale-vale3-imposto-lucros-no-exterior-stf-mt\/"},"wordCount":1007,"publisher":{"@id":"https:\/\/www.suno.com.br\/noticias\/#organization"},"image":{"@id":"https:\/\/www.suno.com.br\/noticias\/vale-vale3-imposto-lucros-no-exterior-stf-mt\/#primaryimage"},"thumbnailUrl":"https:\/\/files.sunoresearch.com.br\/n\/uploads\/2026\/08\/3dc4f6b1-vale-jpg.webp","keywords":["Vale (VALE3)"],"articleSection":["Economia","Neg\u00f3cios"],"inLanguage":"pt-BR"},{"@type":"WebPage","@id":"https:\/\/www.suno.com.br\/noticias\/vale-vale3-imposto-lucros-no-exterior-stf-mt\/","url":"https:\/\/www.suno.com.br\/noticias\/vale-vale3-imposto-lucros-no-exterior-stf-mt\/","name":"Vale (VALE3): STF suspende julgamento tribut\u00e1rio","isPartOf":{"@id":"https:\/\/www.suno.com.br\/noticias\/#website"},"primaryImageOfPage":{"@id":"https:\/\/www.suno.com.br\/noticias\/vale-vale3-imposto-lucros-no-exterior-stf-mt\/#primaryimage"},"image":{"@id":"https:\/\/www.suno.com.br\/noticias\/vale-vale3-imposto-lucros-no-exterior-stf-mt\/#primaryimage"},"thumbnailUrl":"https:\/\/files.sunoresearch.com.br\/n\/uploads\/2026\/08\/3dc4f6b1-vale-jpg.webp","datePublished":"2026-08-31T16:45:05+00:00","description":"STF suspende julgamento sobre imposto nos lucros de controladas da Vale no exterior. Entenda a disputa e o poss\u00edvel impacto sobre VALE3.","breadcrumb":{"@id":"https:\/\/www.suno.com.br\/noticias\/vale-vale3-imposto-lucros-no-exterior-stf-mt\/#breadcrumb"},"inLanguage":"pt-BR","potentialAction":[{"@type":"ReadAction","target":["https:\/\/www.suno.com.br\/noticias\/vale-vale3-imposto-lucros-no-exterior-stf-mt\/"]}]},{"@type":"ImageObject","inLanguage":"pt-BR","@id":"https:\/\/www.suno.com.br\/noticias\/vale-vale3-imposto-lucros-no-exterior-stf-mt\/#primaryimage","url":"https:\/\/files.sunoresearch.com.br\/n\/uploads\/2026\/08\/3dc4f6b1-vale-jpg.webp","contentUrl":"https:\/\/files.sunoresearch.com.br\/n\/uploads\/2026\/08\/3dc4f6b1-vale-jpg.webp","width":1086,"height":652,"caption":"Vale (VALE3)"},{"@type":"BreadcrumbList","@id":"https:\/\/www.suno.com.br\/noticias\/vale-vale3-imposto-lucros-no-exterior-stf-mt\/#breadcrumb","itemListElement":[{"@type":"ListItem","position":1,"name":"Not\u00edcias","item":"https:\/\/www.suno.com.br\/noticias\/"},{"@type":"ListItem","position":2,"name":"Neg\u00f3cios","item":"https:\/\/www.suno.com.br\/noticias\/negocios\/"},{"@type":"ListItem","position":3,"name":"Vale (VALE3) pode pagar imposto sobre lucros no exterior? STF zera placar; entenda"}]},{"@type":"WebSite","@id":"https:\/\/www.suno.com.br\/noticias\/#website","url":"https:\/\/www.suno.com.br\/noticias\/","name":"Suno Not\u00edcias","description":"Seu portal de informa\u00e7\u00e3o sobre o mundo dos investimentos","publisher":{"@id":"https:\/\/www.suno.com.br\/noticias\/#organization"},"potentialAction":[{"@type":"SearchAction","target":{"@type":"EntryPoint","urlTemplate":"https:\/\/www.suno.com.br\/noticias\/?s={search_term_string}"},"query-input":{"@type":"PropertyValueSpecification","valueRequired":true,"valueName":"search_term_string"}}],"inLanguage":"pt-BR"},{"@type":"Organization","@id":"https:\/\/www.suno.com.br\/noticias\/#organization","name":"Suno Not\u00edcias","url":"https:\/\/www.suno.com.br\/noticias\/","logo":{"@type":"ImageObject","inLanguage":"pt-BR","@id":"https:\/\/www.suno.com.br\/noticias\/#\/schema\/logo\/image\/","url":"https:\/\/files.sunoresearch.com.br\/n\/uploads\/2021\/09\/suno-logo.png","contentUrl":"https:\/\/files.sunoresearch.com.br\/n\/uploads\/2021\/09\/suno-logo.png","width":180,"height":180,"caption":"Suno Not\u00edcias"},"image":{"@id":"https:\/\/www.suno.com.br\/noticias\/#\/schema\/logo\/image\/"},"sameAs":["https:\/\/facebook.com\/sunoresearch","https:\/\/x.com\/sunoresearch","https:\/\/www.instagram.com\/suno","https:\/\/www.linkedin.com\/company\/suno-research\/","https:\/\/www.youtube.com\/c\/sunoresearch"]},{"@type":"Person","@id":"https:\/\/www.suno.com.br\/noticias\/#\/schema\/person\/0a8b51292bb96ee5f104094c0907eaef","name":"Ma\u00edra Telles","image":{"@type":"ImageObject","inLanguage":"pt-BR","@id":"https:\/\/www.suno.com.br\/noticias\/#\/schema\/person\/image\/","url":"https:\/\/secure.gravatar.com\/avatar\/8d13691eab6abc1d1050b62a4c2a6116?s=96&r=g","contentUrl":"https:\/\/secure.gravatar.com\/avatar\/8d13691eab6abc1d1050b62a4c2a6116?s=96&r=g","caption":"Ma\u00edra Telles"},"description":"Jornalista especializada em mercado financeiro, economia, neg\u00f3cios e agroneg\u00f3cio, com experi\u00eancia em reda\u00e7\u00e3o, comunica\u00e7\u00e3o estrat\u00e9gica e produ\u00e7\u00e3o de conte\u00fado para m\u00faltiplas plataformas. Com atua\u00e7\u00e3o tamb\u00e9m em marketing digital e gest\u00e3o de crise, une an\u00e1lise, apura\u00e7\u00e3o e linguagem acess\u00edvel para traduzir temas complexos em informa\u00e7\u00e3o relevante para investidores e leitores interessados no funcionamento da economia.","url":"https:\/\/www.suno.com.br\/noticias\/author\/mairaftellesgmail-com\/"}]}},"default_loop_html":"<div class=\"cardsPage__listCard__boxs\"><div class=\"cardsPage__listCard__boxs__img\"><a href=\"https:\/\/www.suno.com.br\/noticias\/vale-vale3-imposto-lucros-no-exterior-stf-mt\/\"><img class=\"mask\" src=\"https:\/\/www.suno.com.br\/noticias\/wp-content\/themes\/suno\/resources\/images\/spotlight\/spotlight1img\/bg-mask.png\" alt=\"Image Mask\"\/><img src=\"https:\/\/files.sunoresearch.com.br\/n\/uploads\/2026\/08\/3dc4f6b1-vale-400x200.webp\" alt=\"Vale (VALE3) pode pagar imposto sobre lucros no exterior? STF zera placar; entenda\"\/><\/a><span class=\"spotlightCategory\"><a href=\"https:\/\/www.suno.com.br\/noticias\/economia\/\">Economia<\/a><\/span><\/div><div class=\"cardsPage__listCard__boxs__content\"><a href=\"https:\/\/www.suno.com.br\/noticias\/vale-vale3-imposto-lucros-no-exterior-stf-mt\/\"><h2 class=\"content__title\">Vale (VALE3) pode pagar imposto sobre lucros no exterior? STF zera placar; entenda<\/h2><\/a><div class=\"newsContent__article__meta\"><div class=\"newsContent__article__meta__authorBox\"><a href=\"https:\/\/www.suno.com.br\/noticias\/author\/mairaftellesgmail-com\/\" class=\"authorBox__avatar noMobi\"><img src=\"https:\/\/secure.gravatar.com\/avatar\/8d13691eab6abc1d1050b62a4c2a6116?s=96&#038;r=g\" alt=\"Ma\u00edra Telles\"><\/a><div class=\"authorBox__name\"><span>por\n\t\t\t<a href=\"https:\/\/www.suno.com.br\/noticias\/author\/mairaftellesgmail-com\/\"><span itemprop=\"author\">Ma\u00edra Telles<\/span><\/a><\/span><time datetime=\"2026-08-31T13:45:05-03:00\" itemprop=\"datePublished\">31\/08\/2026 13:45<\/time><\/div><\/div><\/div><\/div><\/div>","single_layout":"posts","amp_enabled":true,"_links":{"self":[{"href":"https:\/\/www.suno.com.br\/noticias\/wp-json\/wp\/v2\/posts\/662999"}],"collection":[{"href":"https:\/\/www.suno.com.br\/noticias\/wp-json\/wp\/v2\/posts"}],"about":[{"href":"https:\/\/www.suno.com.br\/noticias\/wp-json\/wp\/v2\/types\/post"}],"author":[{"embeddable":true,"href":"https:\/\/www.suno.com.br\/noticias\/wp-json\/wp\/v2\/users\/402"}],"replies":[{"embeddable":true,"href":"https:\/\/www.suno.com.br\/noticias\/wp-json\/wp\/v2\/comments?post=662999"}],"version-history":[{"count":0,"href":"https:\/\/www.suno.com.br\/noticias\/wp-json\/wp\/v2\/posts\/662999\/revisions"}],"wp:featuredmedia":[{"embeddable":true,"href":"https:\/\/www.suno.com.br\/noticias\/wp-json\/wp\/v2\/media\/663000"}],"wp:attachment":[{"href":"https:\/\/www.suno.com.br\/noticias\/wp-json\/wp\/v2\/media?parent=662999"}],"wp:term":[{"taxonomy":"category","embeddable":true,"href":"https:\/\/www.suno.com.br\/noticias\/wp-json\/wp\/v2\/categories?post=662999"},{"taxonomy":"post_tag","embeddable":true,"href":"https:\/\/www.suno.com.br\/noticias\/wp-json\/wp\/v2\/tags?post=662999"},{"taxonomy":"suno_strategy","embeddable":true,"href":"https:\/\/www.suno.com.br\/noticias\/wp-json\/wp\/v2\/suno_strategy?post=662999"}],"curies":[{"name":"wp","href":"https:\/\/api.w.org\/{rel}","templated":true}]}}