{"id":66108,"date":"2020-05-26T09:47:31","date_gmt":"2020-05-26T12:47:31","guid":{"rendered":"https:\/\/www.suno.com.br\/noticias\/?p=66108"},"modified":"2021-06-14T00:27:23","modified_gmt":"2021-06-14T03:27:23","slug":"agenda-do-dia-vale-centauro-magazine-luiza-lojas-renner","status":"publish","type":"post","link":"https:\/\/www.suno.com.br\/noticias\/agenda-do-dia-vale-centauro-magazine-luiza-lojas-renner\/","title":{"rendered":"Agenda do Dia: Vale; Centauro; Magazine Luiza; Lojas Renner; Marcopolo"},"content":{"rendered":"<p>Os assuntos da <strong>Agenda<\/strong> <strong>do<\/strong> <strong>Dia<\/strong> desta ter\u00e7a-feira (26) prometem mexer com o mercado interno e o externo.<\/p>\t<div class=\"wrapper-featured-image\">\n\t\t<figure class=\"spotlightImg\">\n\n\t\t\t<picture>\n\t\t\t\t<source media=\"(max-width: 768px)\" srcset=\"https:\/\/files.sunoresearch.com.br\/n\/uploads\/2019\/05\/38588c8d-valebrumadinho-6b2bd2a39970aaa6ad1180f36ecfec89-1200x600-400x200.webp\">\n\t\t\t\t<img loading=\"lazy\" decoding=\"async\" class=\"newsContent__article__imgCapa lazyloadDisabled newsContent__article__imgCapa--noCaption\" src=\"https:\/\/files.sunoresearch.com.br\/n\/uploads\/2019\/05\/38588c8d-valebrumadinho-6b2bd2a39970aaa6ad1180f36ecfec89-1200x600-800x450.webp\" width=\"800\" height=\"450\" alt=\"Agenda do Dia: Vale; Centauro; Magazine Luiza; Lojas Renner; Marcopolo\" fetchpriority=high \/>\n\t\t\t<\/picture>\n\n\t\t\t<figcaption class=\"wp-caption-text wp-caption-text--hide\">Destaques no pagamento de dividendos, Vale (VALE3) e Petrobras (PETR4) tiveram maior contribui\u00e7\u00e3o no ano de 2021 - Foto: Divulga\u00e7\u00e3o<\/figcaption>\n\t\t<\/figure>\n\t<\/div>\n\n\n\n<p>A <b>Vale <\/b>informou que est\u00e1 negociando a venda de sua participa\u00e7\u00e3o na Vale Nouvelle-Cal\u00e9donie (VNC). A <b>Magazine Luiza <\/b>apresentou queda de 76,7% no lucro do primeiro trimestre deste ano.<\/p>\n<p>Al\u00e9m disso, a <strong>Lojas Renner<\/strong> realizou uma parceria com o Sebrae para auxiliar micro e pequenas empresas.<b><\/b><\/p>\n<p><a href=\"https:\/\/lp.suno.com.br\/suno-one\/\">Veja tamb\u00e9m: <span data-sheets-value=\"{&quot;1&quot;:2,&quot;2&quot;:&quot;Garanta acesso ao Suno One, a central de informa\u00e7\u00f5es para quem quer aprender a investir. Acesse gratuitamente clicando aqui.&quot;}\" data-sheets-userformat=\"{&quot;2&quot;:513,&quot;3&quot;:{&quot;1&quot;:0},&quot;12&quot;:0}\">Garanta acesso ao Suno One, a central de informa\u00e7\u00f5es para quem quer aprender a investir. Acesse gratuitamente clicando aqui.<\/span><\/a><\/p>\n<p>Confira os principais pontos da Agenda do Dia:<\/p>\n<h2>Magazine Luiza<\/h2>\n<p>O <a href=\"https:\/\/www.suno.com.br\/acoes\/mglu3\/\"><strong>Magazine Luiza<\/strong> (MGLU3)<\/a> registrou uma queda de 76,7% no <strong><a href=\"https:\/\/www.suno.com.br\/artigos\/lucro-liquido\/\">lucro l\u00edquido<\/a><\/strong> do primeiro trimestre deste ano, contabilizando R$ 30,8 milh\u00f5es contra R$ 132,1 milh\u00f5es registrados no mesmo per\u00edodo do ano passado. Os resultados foram divulgados na \u00faltima segunda-feira (25).<\/p>\n<p><a href=\"https:\/\/www.suno.com.br\/noticias\/magazine-luiza-mglu3-queda-lucro-liquido-767-1t20\/\">Saiba mais: Magazine Luiza (MGLU3) tem queda do lucro l\u00edquido de -76,7% no 1T20<\/a><\/p>\n<p>A <a href=\"https:\/\/www.suno.com.br\/artigos\/margem-liquida\/\">margem l\u00edquida<\/a> do Magazine Luiza foi de 0,6% no primeiro trimestre, contra 3,1% no mesmo per\u00edodo de 2019.<\/p>\n<h2>Vale<\/h2>\n<p>A <strong>Vale<\/strong> (<a href=\"https:\/\/www.suno.com.br\/acoes\/vale3\/\">VALE3<\/a>) informou na noite da \u00faltima segunda-feira (25) que, por meio de sua subsidi\u00e1ria Vale Canada Limited (VCL) e de um acordo com a australiana New Centuri Resources Limited (NCZ), est\u00e1 negociando a venda de sua participa\u00e7\u00e3o na <strong>Vale Nouvelle-Cal\u00e9donie (VNC)<\/strong>, localizada na Nova Caled\u00f4nia, territ\u00f3rio franc\u00eas no Oceano Pac\u00edfico.<\/p>\n<p>Segundo informa\u00e7\u00f5es do comunicado da Vale, as negocia\u00e7\u00f5es incluem um pacote financeiro que visa apoiar a continuidade das opera\u00e7\u00f5es da VNC e a transi\u00e7\u00e3o da VCL para a NCZ. &#8220;As partes planejam tamb\u00e9m o engajamento conjunto com o Estado franc\u00eas buscando assegurar a continuidade do suporte por meio de financiamento&#8221;, acrescentou o comunicado da mineradora.<\/p>\n<h2>Lojas Renner<\/h2>\n<p>A <strong>Lojas Renner<\/strong> (<a href=\"https:\/\/www.suno.com.br\/acoes\/lren3\/\">LREN3<\/a>) firmou uma parceria com o <strong>Sebrae<\/strong> para auxiliar micro e pequenas empresas, durante a crise provocada pelo coronav\u00edrus, que est\u00e3o inclusas no setor de moda. A ideia da varejista, junto ao Sebrae, \u00e9 oferecer consultorias gratuitas para ajudar na gest\u00e3o financeira de 220 empreendimentos de seis estados: S\u00e3o Paulo, Rio de Janeiro, Minas Gerais, Paran\u00e1, Santa Catarina e Rio Grande do Sul.<\/p>\n<p>Segundo Bruno Quick, diretor t\u00e9cnico do Sebrae, a ideia \u00e9 um atendimento que promova &#8220;clareza para esse empres\u00e1rio na tomada de decis\u00e3o, porque ele n\u00e3o pode esperar muito para redirecionar o seu neg\u00f3cio\u201d.<\/p>\n<p>A medida durar\u00e1 dois meses e, ao todo, ser\u00e3o seis consultorias remotas online que totalizar\u00e3o 12 horas de atendimento.<\/p>\n<h2>Centauro<\/h2>\n<p>O dono da <strong>Centauro<\/strong>, Grupo SBF, comunicou, nesta ter\u00e7a-feira (26), que aprovou uma oferta p\u00fablica de <a href=\"https:\/\/www.suno.com.br\/artigos\/o-que-sao-acoes-ordinarias-preferenciais-e-units\/\">a\u00e7\u00f5es ordin\u00e1rias<\/a> que pode movimentar at\u00e9 R$ 928,8 milh\u00f5es, com um lote adicional de at\u00e9 35% (8,7 milh\u00f5es de a\u00e7\u00f5es). Desconsiderando este lote, o valor ficaria em R$ 688 milh\u00f5es.<\/p>\n<p>De acordo com a empresa, 25 milh\u00f5es de a\u00e7\u00f5es ser\u00e3o ofertadas. Na \u00faltima segunda-feira (25), os pap\u00e9is da empresa fecharam o preg\u00e3o cotados a R$ 27,52.<\/p>\n<h2>Marcopolo<\/h2>\n<p>A <strong>Marcopolo<\/strong> (<a href=\"https:\/\/www.suno.com.br\/acoes\/pomo3\/\">POMO3<\/a>;<a href=\"https:\/\/www.suno.com.br\/acoes\/pomo4\/\">POMO4<\/a>) apresentou <a href=\"https:\/\/www.suno.com.br\/artigos\/lucro-liquido\/\">lucro l\u00edquido<\/a> de R$ 10,7 milh\u00f5es no primeiro trimestre deste ano. Esse valor \u00e9 equivalente a uma queda de 60% em rela\u00e7\u00e3o ao mesmo per\u00edodo de 2019, quando havia registrado R$ 27 milh\u00f5es de lucro.<\/p>\n<h2>JHSF<\/h2>\n<p>Na \u00faltima segunda, a <strong>JHSF<\/strong> (<a href=\"https:\/\/www.suno.com.br\/acoes\/jhsf3\/\">JHSF3<\/a>) comunicou ao mercado que adquiriu, por meio da JHSF Malls, a Casa Fasano pelo valor de R$ 3 milh\u00f5es. O espa\u00e7o consiste em um local de eventos de luxo.<\/p>\n<p>A <strong>Agenda<\/strong> <strong>do<\/strong> <strong>Dia<\/strong> da <a href=\"https:\/\/www.youtube.com\/channel\/UCWDeEIDAIi_oYKDiqwfGyRg\">Suno<\/a> mostra os principais acontecimentos que prometem movimentar o mercado durante o dia.<\/p>\n\n","protected":false},"excerpt":{"rendered":"<p>Os assuntos da Agenda do Dia desta ter\u00e7a-feira (26) prometem mexer com o mercado interno e o externo. Destaques no pagamento de dividendos, Vale (VALE3) e Petrobras (PETR4) tiveram maior contribui\u00e7\u00e3o no ano de 2021 &#8211; Foto: Divulga\u00e7\u00e3o A Vale informou que est\u00e1 negociando a venda de sua participa\u00e7\u00e3o na Vale Nouvelle-Cal\u00e9donie (VNC). A Magazine [&hellip;]<\/p>\n","protected":false},"author":19,"featured_media":23715,"comment_status":"closed","ping_status":"closed","sticky":false,"template":"","format":"standard","meta":[],"categories":[64],"tags":[1980,1329,548,551,676],"suno_strategy":[],"class_list":["post-66108","post","type-post","status-publish","format-standard","has-post-thumbnail","hentry","category-negocios","tag-agenda-do-dia","tag-centauro-cnto3","tag-magazine-luiza-mglu3","tag-marcopolo-pomo3-pomo4","tag-vale-vale3"],"yoast_head":"<!-- This site is optimized with the Yoast SEO plugin v24.4 - https:\/\/yoast.com\/wordpress\/plugins\/seo\/ -->\n<title>Agenda do Dia: Vale; Centauro; Magazine Luiza; Lojas Renner<\/title>\n<meta name=\"description\" content=\"Agenda do Dia: Vale e participa\u00e7\u00e3o na Vale Nouvelle-Cal\u00e9donie; oferta de a\u00e7\u00f5es da Centauro; Magazine Luiza; Lojas Renner. Saiba mais.\" \/>\n<meta name=\"robots\" content=\"index, follow, max-snippet:-1, max-image-preview:large, max-video-preview:-1\" \/>\n<link rel=\"canonical\" href=\"https:\/\/www.suno.com.br\/noticias\/agenda-do-dia-vale-centauro-magazine-luiza-lojas-renner\/\" \/>\n<meta property=\"og:locale\" content=\"pt_BR\" \/>\n<meta property=\"og:type\" content=\"article\" \/>\n<meta property=\"og:title\" content=\"Agenda do Dia: Vale; Centauro; Magazine Luiza; Lojas Renner\" \/>\n<meta property=\"og:description\" content=\"Agenda do Dia: Vale e participa\u00e7\u00e3o na Vale Nouvelle-Cal\u00e9donie; oferta de a\u00e7\u00f5es da Centauro; Magazine Luiza; Lojas Renner. Saiba mais.\" \/>\n<meta property=\"og:url\" content=\"https:\/\/www.suno.com.br\/noticias\/agenda-do-dia-vale-centauro-magazine-luiza-lojas-renner\/\" \/>\n<meta property=\"og:site_name\" content=\"Suno Not\u00edcias\" \/>\n<meta property=\"article:publisher\" content=\"https:\/\/facebook.com\/sunoresearch\" \/>\n<meta property=\"og:image\" content=\"https:\/\/files.sunoresearch.com.br\/n\/uploads\/2019\/05\/38588c8d-valebrumadinho-6b2bd2a39970aaa6ad1180f36ecfec89-1200x600.jpg\" \/>\n\t<meta property=\"og:image:width\" content=\"1200\" \/>\n\t<meta property=\"og:image:height\" content=\"600\" \/>\n\t<meta property=\"og:image:type\" content=\"image\/jpeg\" \/>\n<meta name=\"author\" content=\"Juliano Passaro\" \/>\n<meta name=\"twitter:card\" content=\"summary_large_image\" \/>\n<meta name=\"twitter:creator\" content=\"@sunoresearch\" \/>\n<meta name=\"twitter:site\" content=\"@sunoresearch\" \/>\n<meta name=\"twitter:label1\" content=\"Escrito por\" \/>\n\t<meta name=\"twitter:data1\" content=\"Juliano Passaro\" \/>\n\t<meta name=\"twitter:label2\" content=\"Est. tempo de leitura\" \/>\n\t<meta name=\"twitter:data2\" content=\"3 minutos\" \/>\n<script type=\"application\/ld+json\" class=\"yoast-schema-graph\">{\"@context\":\"https:\/\/schema.org\",\"@graph\":[{\"@type\":\"NewsArticle\",\"@id\":\"https:\/\/www.suno.com.br\/noticias\/agenda-do-dia-vale-centauro-magazine-luiza-lojas-renner\/#article\",\"isPartOf\":{\"@id\":\"https:\/\/www.suno.com.br\/noticias\/agenda-do-dia-vale-centauro-magazine-luiza-lojas-renner\/\"},\"author\":{\"name\":\"Juliano Passaro\",\"@id\":\"https:\/\/www.suno.com.br\/noticias\/#\/schema\/person\/1db762f78ffd8919a648a63e425953e3\"},\"headline\":\"Agenda do Dia: Vale; Centauro; Magazine Luiza; Lojas Renner; Marcopolo\",\"datePublished\":\"2020-05-26T12:47:31+00:00\",\"dateModified\":\"2021-06-14T03:27:23+00:00\",\"mainEntityOfPage\":{\"@id\":\"https:\/\/www.suno.com.br\/noticias\/agenda-do-dia-vale-centauro-magazine-luiza-lojas-renner\/\"},\"wordCount\":611,\"publisher\":{\"@id\":\"https:\/\/www.suno.com.br\/noticias\/#organization\"},\"image\":{\"@id\":\"https:\/\/www.suno.com.br\/noticias\/agenda-do-dia-vale-centauro-magazine-luiza-lojas-renner\/#primaryimage\"},\"thumbnailUrl\":\"https:\/\/files.sunoresearch.com.br\/n\/uploads\/2019\/05\/38588c8d-valebrumadinho-6b2bd2a39970aaa6ad1180f36ecfec89-1200x600-jpg.webp\",\"keywords\":[\"agenda do dia\",\"Centauro (CNTO3)\",\"Magazine Luiza (MGLU3)\",\"Marcopolo (POMO3\/POMO4)\",\"Vale (VALE3)\"],\"articleSection\":[\"Neg\u00f3cios\"],\"inLanguage\":\"pt-BR\"},{\"@type\":\"WebPage\",\"@id\":\"https:\/\/www.suno.com.br\/noticias\/agenda-do-dia-vale-centauro-magazine-luiza-lojas-renner\/\",\"url\":\"https:\/\/www.suno.com.br\/noticias\/agenda-do-dia-vale-centauro-magazine-luiza-lojas-renner\/\",\"name\":\"Agenda do Dia: Vale; Centauro; Magazine Luiza; Lojas Renner\",\"isPartOf\":{\"@id\":\"https:\/\/www.suno.com.br\/noticias\/#website\"},\"primaryImageOfPage\":{\"@id\":\"https:\/\/www.suno.com.br\/noticias\/agenda-do-dia-vale-centauro-magazine-luiza-lojas-renner\/#primaryimage\"},\"image\":{\"@id\":\"https:\/\/www.suno.com.br\/noticias\/agenda-do-dia-vale-centauro-magazine-luiza-lojas-renner\/#primaryimage\"},\"thumbnailUrl\":\"https:\/\/files.sunoresearch.com.br\/n\/uploads\/2019\/05\/38588c8d-valebrumadinho-6b2bd2a39970aaa6ad1180f36ecfec89-1200x600-jpg.webp\",\"datePublished\":\"2020-05-26T12:47:31+00:00\",\"dateModified\":\"2021-06-14T03:27:23+00:00\",\"description\":\"Agenda do Dia: Vale e participa\u00e7\u00e3o na Vale Nouvelle-Cal\u00e9donie; oferta de a\u00e7\u00f5es da Centauro; Magazine Luiza; Lojas Renner. Saiba mais.\",\"breadcrumb\":{\"@id\":\"https:\/\/www.suno.com.br\/noticias\/agenda-do-dia-vale-centauro-magazine-luiza-lojas-renner\/#breadcrumb\"},\"inLanguage\":\"pt-BR\",\"potentialAction\":[{\"@type\":\"ReadAction\",\"target\":[\"https:\/\/www.suno.com.br\/noticias\/agenda-do-dia-vale-centauro-magazine-luiza-lojas-renner\/\"]}]},{\"@type\":\"ImageObject\",\"inLanguage\":\"pt-BR\",\"@id\":\"https:\/\/www.suno.com.br\/noticias\/agenda-do-dia-vale-centauro-magazine-luiza-lojas-renner\/#primaryimage\",\"url\":\"https:\/\/files.sunoresearch.com.br\/n\/uploads\/2019\/05\/38588c8d-valebrumadinho-6b2bd2a39970aaa6ad1180f36ecfec89-1200x600-jpg.webp\",\"contentUrl\":\"https:\/\/files.sunoresearch.com.br\/n\/uploads\/2019\/05\/38588c8d-valebrumadinho-6b2bd2a39970aaa6ad1180f36ecfec89-1200x600-jpg.webp\",\"width\":1200,\"height\":600,\"caption\":\"Destaques no pagamento de dividendos, Vale (VALE3) e Petrobras (PETR4) tiveram maior contribui\u00e7\u00e3o no ano de 2021 - Foto: Divulga\u00e7\u00e3o\"},{\"@type\":\"BreadcrumbList\",\"@id\":\"https:\/\/www.suno.com.br\/noticias\/agenda-do-dia-vale-centauro-magazine-luiza-lojas-renner\/#breadcrumb\",\"itemListElement\":[{\"@type\":\"ListItem\",\"position\":1,\"name\":\"Not\u00edcias\",\"item\":\"https:\/\/www.suno.com.br\/noticias\/\"},{\"@type\":\"ListItem\",\"position\":2,\"name\":\"Neg\u00f3cios\",\"item\":\"https:\/\/www.suno.com.br\/noticias\/negocios\/\"},{\"@type\":\"ListItem\",\"position\":3,\"name\":\"Agenda do Dia: Vale; Centauro; Magazine Luiza; Lojas Renner; Marcopolo\"}]},{\"@type\":\"WebSite\",\"@id\":\"https:\/\/www.suno.com.br\/noticias\/#website\",\"url\":\"https:\/\/www.suno.com.br\/noticias\/\",\"name\":\"Suno Not\u00edcias\",\"description\":\"Seu portal de informa\u00e7\u00e3o sobre o mundo dos investimentos\",\"publisher\":{\"@id\":\"https:\/\/www.suno.com.br\/noticias\/#organization\"},\"potentialAction\":[{\"@type\":\"SearchAction\",\"target\":{\"@type\":\"EntryPoint\",\"urlTemplate\":\"https:\/\/www.suno.com.br\/noticias\/?s={search_term_string}\"},\"query-input\":{\"@type\":\"PropertyValueSpecification\",\"valueRequired\":true,\"valueName\":\"search_term_string\"}}],\"inLanguage\":\"pt-BR\"},{\"@type\":\"Organization\",\"@id\":\"https:\/\/www.suno.com.br\/noticias\/#organization\",\"name\":\"Suno Not\u00edcias\",\"url\":\"https:\/\/www.suno.com.br\/noticias\/\",\"logo\":{\"@type\":\"ImageObject\",\"inLanguage\":\"pt-BR\",\"@id\":\"https:\/\/www.suno.com.br\/noticias\/#\/schema\/logo\/image\/\",\"url\":\"https:\/\/files.sunoresearch.com.br\/n\/uploads\/2021\/09\/suno-logo.png\",\"contentUrl\":\"https:\/\/files.sunoresearch.com.br\/n\/uploads\/2021\/09\/suno-logo.png\",\"width\":180,\"height\":180,\"caption\":\"Suno Not\u00edcias\"},\"image\":{\"@id\":\"https:\/\/www.suno.com.br\/noticias\/#\/schema\/logo\/image\/\"},\"sameAs\":[\"https:\/\/facebook.com\/sunoresearch\",\"https:\/\/x.com\/sunoresearch\",\"https:\/\/www.instagram.com\/suno\",\"https:\/\/www.linkedin.com\/company\/suno-research\/\",\"https:\/\/www.youtube.com\/c\/sunoresearch\"]},{\"@type\":\"Person\",\"@id\":\"https:\/\/www.suno.com.br\/noticias\/#\/schema\/person\/1db762f78ffd8919a648a63e425953e3\",\"name\":\"Juliano Passaro\",\"image\":{\"@type\":\"ImageObject\",\"inLanguage\":\"pt-BR\",\"@id\":\"https:\/\/www.suno.com.br\/noticias\/#\/schema\/person\/image\/\",\"url\":\"https:\/\/secure.gravatar.com\/avatar\/743d4df28eebf6dcc46b4ad03c319e92?s=96&r=g\",\"contentUrl\":\"https:\/\/secure.gravatar.com\/avatar\/743d4df28eebf6dcc46b4ad03c319e92?s=96&r=g\",\"caption\":\"Juliano Passaro\"},\"description\":\"Juliano Passaro escreve sobre pol\u00edtica, economia e neg\u00f3cios para o portal da Suno Research. Antes da Suno, trabalhou no Portal da Band. \u00c9 formado em jornalismo pela Universidade Presbiteriana Mackenzie.\",\"url\":\"https:\/\/www.suno.com.br\/noticias\/author\/juliano\/\"}]}<\/script>\n<!-- \/ Yoast SEO plugin. -->","yoast_head_json":{"title":"Agenda do Dia: Vale; Centauro; Magazine Luiza; Lojas Renner","description":"Agenda do Dia: Vale e participa\u00e7\u00e3o na Vale Nouvelle-Cal\u00e9donie; oferta de a\u00e7\u00f5es da Centauro; Magazine Luiza; Lojas Renner. Saiba mais.","robots":{"index":"index","follow":"follow","max-snippet":"max-snippet:-1","max-image-preview":"max-image-preview:large","max-video-preview":"max-video-preview:-1"},"canonical":"https:\/\/www.suno.com.br\/noticias\/agenda-do-dia-vale-centauro-magazine-luiza-lojas-renner\/","og_locale":"pt_BR","og_type":"article","og_title":"Agenda do Dia: Vale; Centauro; Magazine Luiza; Lojas Renner","og_description":"Agenda do Dia: Vale e participa\u00e7\u00e3o na Vale Nouvelle-Cal\u00e9donie; oferta de a\u00e7\u00f5es da Centauro; Magazine Luiza; Lojas Renner. Saiba mais.","og_url":"https:\/\/www.suno.com.br\/noticias\/agenda-do-dia-vale-centauro-magazine-luiza-lojas-renner\/","og_site_name":"Suno Not\u00edcias","article_publisher":"https:\/\/facebook.com\/sunoresearch","og_image":[{"width":1200,"height":600,"url":"https:\/\/files.sunoresearch.com.br\/n\/uploads\/2019\/05\/38588c8d-valebrumadinho-6b2bd2a39970aaa6ad1180f36ecfec89-1200x600.jpg","type":"image\/jpeg"}],"author":"Juliano Passaro","twitter_card":"summary_large_image","twitter_creator":"@sunoresearch","twitter_site":"@sunoresearch","twitter_misc":{"Escrito por":"Juliano Passaro","Est. tempo de leitura":"3 minutos"},"schema":{"@context":"https:\/\/schema.org","@graph":[{"@type":"NewsArticle","@id":"https:\/\/www.suno.com.br\/noticias\/agenda-do-dia-vale-centauro-magazine-luiza-lojas-renner\/#article","isPartOf":{"@id":"https:\/\/www.suno.com.br\/noticias\/agenda-do-dia-vale-centauro-magazine-luiza-lojas-renner\/"},"author":{"name":"Juliano Passaro","@id":"https:\/\/www.suno.com.br\/noticias\/#\/schema\/person\/1db762f78ffd8919a648a63e425953e3"},"headline":"Agenda do Dia: Vale; Centauro; Magazine Luiza; Lojas Renner; Marcopolo","datePublished":"2020-05-26T12:47:31+00:00","dateModified":"2021-06-14T03:27:23+00:00","mainEntityOfPage":{"@id":"https:\/\/www.suno.com.br\/noticias\/agenda-do-dia-vale-centauro-magazine-luiza-lojas-renner\/"},"wordCount":611,"publisher":{"@id":"https:\/\/www.suno.com.br\/noticias\/#organization"},"image":{"@id":"https:\/\/www.suno.com.br\/noticias\/agenda-do-dia-vale-centauro-magazine-luiza-lojas-renner\/#primaryimage"},"thumbnailUrl":"https:\/\/files.sunoresearch.com.br\/n\/uploads\/2019\/05\/38588c8d-valebrumadinho-6b2bd2a39970aaa6ad1180f36ecfec89-1200x600-jpg.webp","keywords":["agenda do dia","Centauro (CNTO3)","Magazine Luiza (MGLU3)","Marcopolo (POMO3\/POMO4)","Vale (VALE3)"],"articleSection":["Neg\u00f3cios"],"inLanguage":"pt-BR"},{"@type":"WebPage","@id":"https:\/\/www.suno.com.br\/noticias\/agenda-do-dia-vale-centauro-magazine-luiza-lojas-renner\/","url":"https:\/\/www.suno.com.br\/noticias\/agenda-do-dia-vale-centauro-magazine-luiza-lojas-renner\/","name":"Agenda do Dia: Vale; Centauro; Magazine Luiza; Lojas Renner","isPartOf":{"@id":"https:\/\/www.suno.com.br\/noticias\/#website"},"primaryImageOfPage":{"@id":"https:\/\/www.suno.com.br\/noticias\/agenda-do-dia-vale-centauro-magazine-luiza-lojas-renner\/#primaryimage"},"image":{"@id":"https:\/\/www.suno.com.br\/noticias\/agenda-do-dia-vale-centauro-magazine-luiza-lojas-renner\/#primaryimage"},"thumbnailUrl":"https:\/\/files.sunoresearch.com.br\/n\/uploads\/2019\/05\/38588c8d-valebrumadinho-6b2bd2a39970aaa6ad1180f36ecfec89-1200x600-jpg.webp","datePublished":"2020-05-26T12:47:31+00:00","dateModified":"2021-06-14T03:27:23+00:00","description":"Agenda do Dia: Vale e participa\u00e7\u00e3o na Vale Nouvelle-Cal\u00e9donie; oferta de a\u00e7\u00f5es da Centauro; Magazine Luiza; Lojas Renner. Saiba mais.","breadcrumb":{"@id":"https:\/\/www.suno.com.br\/noticias\/agenda-do-dia-vale-centauro-magazine-luiza-lojas-renner\/#breadcrumb"},"inLanguage":"pt-BR","potentialAction":[{"@type":"ReadAction","target":["https:\/\/www.suno.com.br\/noticias\/agenda-do-dia-vale-centauro-magazine-luiza-lojas-renner\/"]}]},{"@type":"ImageObject","inLanguage":"pt-BR","@id":"https:\/\/www.suno.com.br\/noticias\/agenda-do-dia-vale-centauro-magazine-luiza-lojas-renner\/#primaryimage","url":"https:\/\/files.sunoresearch.com.br\/n\/uploads\/2019\/05\/38588c8d-valebrumadinho-6b2bd2a39970aaa6ad1180f36ecfec89-1200x600-jpg.webp","contentUrl":"https:\/\/files.sunoresearch.com.br\/n\/uploads\/2019\/05\/38588c8d-valebrumadinho-6b2bd2a39970aaa6ad1180f36ecfec89-1200x600-jpg.webp","width":1200,"height":600,"caption":"Destaques no pagamento de dividendos, Vale (VALE3) e Petrobras (PETR4) tiveram maior contribui\u00e7\u00e3o no ano de 2021 - Foto: Divulga\u00e7\u00e3o"},{"@type":"BreadcrumbList","@id":"https:\/\/www.suno.com.br\/noticias\/agenda-do-dia-vale-centauro-magazine-luiza-lojas-renner\/#breadcrumb","itemListElement":[{"@type":"ListItem","position":1,"name":"Not\u00edcias","item":"https:\/\/www.suno.com.br\/noticias\/"},{"@type":"ListItem","position":2,"name":"Neg\u00f3cios","item":"https:\/\/www.suno.com.br\/noticias\/negocios\/"},{"@type":"ListItem","position":3,"name":"Agenda do Dia: Vale; Centauro; Magazine Luiza; Lojas Renner; Marcopolo"}]},{"@type":"WebSite","@id":"https:\/\/www.suno.com.br\/noticias\/#website","url":"https:\/\/www.suno.com.br\/noticias\/","name":"Suno Not\u00edcias","description":"Seu portal de informa\u00e7\u00e3o sobre o mundo dos investimentos","publisher":{"@id":"https:\/\/www.suno.com.br\/noticias\/#organization"},"potentialAction":[{"@type":"SearchAction","target":{"@type":"EntryPoint","urlTemplate":"https:\/\/www.suno.com.br\/noticias\/?s={search_term_string}"},"query-input":{"@type":"PropertyValueSpecification","valueRequired":true,"valueName":"search_term_string"}}],"inLanguage":"pt-BR"},{"@type":"Organization","@id":"https:\/\/www.suno.com.br\/noticias\/#organization","name":"Suno Not\u00edcias","url":"https:\/\/www.suno.com.br\/noticias\/","logo":{"@type":"ImageObject","inLanguage":"pt-BR","@id":"https:\/\/www.suno.com.br\/noticias\/#\/schema\/logo\/image\/","url":"https:\/\/files.sunoresearch.com.br\/n\/uploads\/2021\/09\/suno-logo.png","contentUrl":"https:\/\/files.sunoresearch.com.br\/n\/uploads\/2021\/09\/suno-logo.png","width":180,"height":180,"caption":"Suno Not\u00edcias"},"image":{"@id":"https:\/\/www.suno.com.br\/noticias\/#\/schema\/logo\/image\/"},"sameAs":["https:\/\/facebook.com\/sunoresearch","https:\/\/x.com\/sunoresearch","https:\/\/www.instagram.com\/suno","https:\/\/www.linkedin.com\/company\/suno-research\/","https:\/\/www.youtube.com\/c\/sunoresearch"]},{"@type":"Person","@id":"https:\/\/www.suno.com.br\/noticias\/#\/schema\/person\/1db762f78ffd8919a648a63e425953e3","name":"Juliano Passaro","image":{"@type":"ImageObject","inLanguage":"pt-BR","@id":"https:\/\/www.suno.com.br\/noticias\/#\/schema\/person\/image\/","url":"https:\/\/secure.gravatar.com\/avatar\/743d4df28eebf6dcc46b4ad03c319e92?s=96&r=g","contentUrl":"https:\/\/secure.gravatar.com\/avatar\/743d4df28eebf6dcc46b4ad03c319e92?s=96&r=g","caption":"Juliano Passaro"},"description":"Juliano Passaro escreve sobre pol\u00edtica, economia e neg\u00f3cios para o portal da Suno Research. Antes da Suno, trabalhou no Portal da Band. \u00c9 formado em jornalismo pela Universidade Presbiteriana Mackenzie.","url":"https:\/\/www.suno.com.br\/noticias\/author\/juliano\/"}]}},"default_loop_html":"<div class=\"cardsPage__listCard__boxs\"><div class=\"cardsPage__listCard__boxs__img\"><a href=\"https:\/\/www.suno.com.br\/noticias\/agenda-do-dia-vale-centauro-magazine-luiza-lojas-renner\/\"><img class=\"mask\" src=\"https:\/\/www.suno.com.br\/noticias\/wp-content\/themes\/suno\/resources\/images\/spotlight\/spotlight1img\/bg-mask.png\" alt=\"Image Mask\"\/><img src=\"https:\/\/files.sunoresearch.com.br\/n\/uploads\/2019\/05\/38588c8d-valebrumadinho-6b2bd2a39970aaa6ad1180f36ecfec89-1200x600-400x200.webp\" alt=\"Agenda do Dia: Vale; Centauro; Magazine Luiza; Lojas Renner; Marcopolo\"\/><\/a><span class=\"spotlightCategory\"><a href=\"https:\/\/www.suno.com.br\/noticias\/negocios\/\">Neg\u00f3cios<\/a><\/span><\/div><div class=\"cardsPage__listCard__boxs__content\"><a href=\"https:\/\/www.suno.com.br\/noticias\/agenda-do-dia-vale-centauro-magazine-luiza-lojas-renner\/\"><h2 class=\"content__title\">Agenda do Dia: Vale; Centauro; Magazine Luiza; Lojas Renner; Marcopolo<\/h2><\/a><div class=\"newsContent__article__meta\"><div class=\"newsContent__article__meta__authorBox\"><a href=\"https:\/\/www.suno.com.br\/noticias\/author\/juliano\/\" class=\"authorBox__avatar noMobi\"><img src=\"https:\/\/files.sunoresearch.com.br\/n\/uploads\/2019\/06\/7cc3efea-whatsapp-image-2019-07-18-at-21.59.33-e1563499821209-150x150.webp\" alt=\"Juliano Passaro\"><\/a><div class=\"authorBox__name\"><span>por\n\t\t\t<a href=\"https:\/\/www.suno.com.br\/noticias\/author\/juliano\/\"><span itemprop=\"author\">Juliano Passaro<\/span><\/a><\/span><time datetime=\"2020-05-26T09:47:31-03:00\" itemprop=\"datePublished\">26\/05\/2020 09:47<\/time><\/div><\/div><\/div><\/div><\/div>","single_layout":"posts","amp_enabled":true,"_links":{"self":[{"href":"https:\/\/www.suno.com.br\/noticias\/wp-json\/wp\/v2\/posts\/66108"}],"collection":[{"href":"https:\/\/www.suno.com.br\/noticias\/wp-json\/wp\/v2\/posts"}],"about":[{"href":"https:\/\/www.suno.com.br\/noticias\/wp-json\/wp\/v2\/types\/post"}],"author":[{"embeddable":true,"href":"https:\/\/www.suno.com.br\/noticias\/wp-json\/wp\/v2\/users\/19"}],"replies":[{"embeddable":true,"href":"https:\/\/www.suno.com.br\/noticias\/wp-json\/wp\/v2\/comments?post=66108"}],"version-history":[{"count":1,"href":"https:\/\/www.suno.com.br\/noticias\/wp-json\/wp\/v2\/posts\/66108\/revisions"}],"predecessor-version":[{"id":157590,"href":"https:\/\/www.suno.com.br\/noticias\/wp-json\/wp\/v2\/posts\/66108\/revisions\/157590"}],"wp:featuredmedia":[{"embeddable":true,"href":"https:\/\/www.suno.com.br\/noticias\/wp-json\/wp\/v2\/media\/23715"}],"wp:attachment":[{"href":"https:\/\/www.suno.com.br\/noticias\/wp-json\/wp\/v2\/media?parent=66108"}],"wp:term":[{"taxonomy":"category","embeddable":true,"href":"https:\/\/www.suno.com.br\/noticias\/wp-json\/wp\/v2\/categories?post=66108"},{"taxonomy":"post_tag","embeddable":true,"href":"https:\/\/www.suno.com.br\/noticias\/wp-json\/wp\/v2\/tags?post=66108"},{"taxonomy":"suno_strategy","embeddable":true,"href":"https:\/\/www.suno.com.br\/noticias\/wp-json\/wp\/v2\/suno_strategy?post=66108"}],"curies":[{"name":"wp","href":"https:\/\/api.w.org\/{rel}","templated":true}]}}