{"id":66078,"date":"2020-05-25T20:40:48","date_gmt":"2020-05-25T23:40:48","guid":{"rendered":"https:\/\/www.suno.com.br\/noticias\/?p=66078"},"modified":"2020-05-25T20:40:48","modified_gmt":"2020-05-25T23:40:48","slug":"emprestimo-eletricas-r15bi-aneel","status":"publish","type":"post","link":"https:\/\/www.suno.com.br\/noticias\/emprestimo-eletricas-r15bi-aneel\/","title":{"rendered":"El\u00e9tricas ter\u00e3o R$ 15,6 bilh\u00f5es em socorro do governo, diz Aneel"},"content":{"rendered":"<p>O diretor-geral da Ag\u00eancia Nacional de Energia El\u00e9trica (Aneel), Andr\u00e9 Pepitone, informou nesta quinta-feira (25) que o governo federal ir\u00e1 realizar um <a href=\"https:\/\/www.suno.com.br\/artigos\/emprestimo-bancario\/\">empr\u00e9stimo<\/a> de R$ 15,6 bilh\u00f5es para socorrer <strong>companhias el\u00e9tricas<\/strong>. As informa\u00e7\u00f5es s\u00e3o do portal de not\u00edcias &#8220;G1&#8221;.<\/p>\t<div class=\"wrapper-featured-image\">\n\t\t<figure class=\"spotlightImg\">\n\n\t\t\t<picture>\n\t\t\t\t<source media=\"(max-width: 768px)\" srcset=\"https:\/\/files.sunoresearch.com.br\/n\/uploads\/2018\/12\/64b6c507-amazonas-energia3-400x200.webp\">\n\t\t\t\t<img loading=\"lazy\" decoding=\"async\" class=\"newsContent__article__imgCapa lazyloadDisabled newsContent__article__imgCapa--noCaption\" src=\"https:\/\/files.sunoresearch.com.br\/n\/uploads\/2018\/12\/64b6c507-amazonas-energia3.jpg\" width=\"800\" height=\"450\" alt=\"El\u00e9tricas ter\u00e3o R$ 15,6 bilh\u00f5es em socorro do governo, diz Aneel\" fetchpriority=high \/>\n\t\t\t<\/picture>\n\n\t\t\t<figcaption class=\"wp-caption-text wp-caption-text--hide\">Bolsonaro aprova lei que pro\u00edbe corte de energia sem aviso pr\u00e9vio<\/figcaption>\n\t\t<\/figure>\n\t<\/div>\n\n\n\n<p>O governo publicou na \u00faltima semana um decreto com as regras para realizar o empr\u00e9stimos \u00e0s el\u00e9tricas. Conforme o texto, a Aneel \u00e9 respons\u00e1vel pelo valor &#8220;com base nas necessidades decorrentes do estado de calamidade p\u00fablica&#8221;, em fun\u00e7\u00e3o da pandemia do novo coronav\u00edrus (covid-19).<\/p>\n<p><iframe loading=\"lazy\" title=\"?Preju\u00edzo da IRB (IRBR3), Petrobras quer reduzir d\u00edvidas, B3 libera apostas sobre Copom\" width=\"1080\" height=\"608\" src=\"https:\/\/www.youtube.com\/embed\/-dXC_rcmoSI?feature=oembed\" frameborder=\"0\" allow=\"accelerometer; autoplay; encrypted-media; gyroscope; picture-in-picture\" allowfullscreen><\/iframe><\/p>\n<p>Dessa forma, o montante de R$ 15,6 bilh\u00f5es ser\u00e1 pago pelo sindicato de bancos p\u00fablicos e privados, coordenado pelo <a href=\"https:\/\/www.suno.com.br\/artigos\/bancos-de-desenvolvimento\/\">Banco Nacional de Desenvolvimento Econ\u00f4mico e Social (BNDES)<\/a>. O pagamento ser\u00e1 parcelado em 60 meses e deve come\u00e7ar a ser realizado em 2021. Dessa forma, a quantia deve ser quitada em 2025.<\/p>\n<p><a href=\"https:\/\/lp.suno.com.br\/suno-one\/\">Veja tamb\u00e9m: Garanta acesso gratuito \u00e0 eBooks, Minicursos, Artigos e Video Aulas com um \u00fanico cadastro. Clique para saber mais<\/a><\/p>\n<p>Os juros, no entanto, ainda n\u00e3o foram fixados. Segundo Pepitone ser\u00e3o compostos pela soma da taxa do <a href=\"https:\/\/www.suno.com.br\/artigos\/cdi\/\">Certificados de Dep\u00f3sitos Interbanc\u00e1rios (CDIs)<\/a>, no momento na casa dos 3% ao ano, mais um adicional.<\/p>\n<p><a href=\"https:\/\/www.suno.com.br\/noticias\/bndes-estima-esmprestimos-eletricas\/\">Saiba mais: BNDES espera ficar com at\u00e9 25% do socorro \u00e0s el\u00e9tricas<\/a><\/p>\n<p>Segundo o executivo, o valor das conta de luz teriam crescido 11,5% em m\u00e9dia neste ano, sem o empr\u00e9stimo. Os reajustes dever\u00e3o ocorrer nos pr\u00f3ximos dias, entretanto, o aumento nas tarifas de energia ser\u00e1 ser\u00e1 menor, afirmou.<\/p>\n<p>\u201cOs processos tarif\u00e1rios v\u00e3o ser amortecidos pelo empr\u00e9stimo, ou seja, o empr\u00e9stimo beneficia o consumidor num momento desafiador, de queda da renda\u201d, declarou o diretor-geral da Aneel.<\/p>\n<h2>Consumo de energia el\u00e9trica registra queda de 14%<\/h2>\n<p>De acordo com a Aneel, o consumo de energia no pa\u00eds teve baixa de 14%, enquanto a inadimpl\u00eancia subiu de 3% para 13% em fun\u00e7\u00e3o da pandemia. Conforme dados do Operador Nacional do Sistema (ONS), com a crise, o consumo de energia em abril foi o menor para o m\u00eas desde 2012.<\/p>\n<p>\u201cSe n\u00e3o tivesse o socorro, as distribuidoras teriam dificuldade com <a href=\"https:\/\/www.suno.com.br\/artigos\/fluxo-de-caixa\/\">fluxo de caixa<\/a>, o que traria dificuldades tamb\u00e9m para que diversos contratos no setor el\u00e9trico fossem honrados\u201d, salientou o diretor-geral.<\/p>\n<p>Nesse sentido, os recursos para o pagamento do empr\u00e9stimos dever\u00e3o vir de cobran\u00e7as extras nas contas de energia, a partir do ano seguinte. Algumas <strong>companhias el\u00e9tricas<\/strong> ficar\u00e3o com uma parcela maior do valor, ao tempo que a parcela a ser cobrada do consumidor tamb\u00e9m ir\u00e1 variar.<\/p>\n\n","protected":false},"excerpt":{"rendered":"<p>O diretor-geral da Ag\u00eancia Nacional de Energia El\u00e9trica (Aneel), Andr\u00e9 Pepitone, informou nesta quinta-feira (25) que o governo federal ir\u00e1 realizar um empr\u00e9stimo de R$ 15,6 bilh\u00f5es para socorrer companhias el\u00e9tricas. As informa\u00e7\u00f5es s\u00e3o do portal de not\u00edcias &#8220;G1&#8221;. Bolsonaro aprova lei que pro\u00edbe corte de energia sem aviso pr\u00e9vio O governo publicou na \u00faltima [&hellip;]<\/p>\n","protected":false},"author":35,"featured_media":8369,"comment_status":"closed","ping_status":"closed","sticky":false,"template":"","format":"standard","meta":[],"categories":[64],"tags":[896,757],"suno_strategy":[],"class_list":["post-66078","post","type-post","status-publish","format-standard","has-post-thumbnail","hentry","category-negocios","tag-aneel","tag-bndes"],"yoast_head":"<!-- This site is optimized with the Yoast SEO plugin v24.4 - https:\/\/yoast.com\/wordpress\/plugins\/seo\/ -->\n<title>El\u00e9tricas ter\u00e3o R$ 15,6 bilh\u00f5es em socorro do governo, diz Aneel<\/title>\n<meta name=\"description\" content=\"O diretor-geral da Aneel informou que o governo ir\u00e1 fazer um empr\u00e9stimo de R$ 15,6 bilh\u00f5es para socorrer el\u00e9tricas. Clique para saber mais\" \/>\n<meta name=\"robots\" content=\"index, follow, max-snippet:-1, max-image-preview:large, max-video-preview:-1\" \/>\n<link rel=\"canonical\" href=\"https:\/\/www.suno.com.br\/noticias\/emprestimo-eletricas-r15bi-aneel\/\" \/>\n<meta property=\"og:locale\" content=\"pt_BR\" \/>\n<meta property=\"og:type\" content=\"article\" \/>\n<meta property=\"og:title\" content=\"El\u00e9tricas ter\u00e3o R$ 15,6 bilh\u00f5es em socorro do governo, diz Aneel\" \/>\n<meta property=\"og:description\" content=\"O diretor-geral da Aneel informou que o governo ir\u00e1 fazer um empr\u00e9stimo de R$ 15,6 bilh\u00f5es para socorrer el\u00e9tricas. Clique para saber mais\" \/>\n<meta property=\"og:url\" content=\"https:\/\/www.suno.com.br\/noticias\/emprestimo-eletricas-r15bi-aneel\/\" \/>\n<meta property=\"og:site_name\" content=\"Suno Not\u00edcias\" \/>\n<meta property=\"article:publisher\" content=\"https:\/\/facebook.com\/sunoresearch\" \/>\n<meta property=\"og:image\" content=\"https:\/\/files.sunoresearch.com.br\/n\/uploads\/2018\/12\/64b6c507-amazonas-energia3.jpg\" \/>\n\t<meta property=\"og:image:width\" content=\"610\" \/>\n\t<meta property=\"og:image:height\" content=\"406\" \/>\n\t<meta property=\"og:image:type\" content=\"image\/jpeg\" \/>\n<meta name=\"author\" content=\"Arthur Guimar\u00e3es\" \/>\n<meta name=\"twitter:card\" content=\"summary_large_image\" \/>\n<meta name=\"twitter:creator\" content=\"@sunoresearch\" \/>\n<meta name=\"twitter:site\" content=\"@sunoresearch\" \/>\n<meta name=\"twitter:label1\" content=\"Escrito por\" \/>\n\t<meta name=\"twitter:data1\" content=\"Arthur Guimar\u00e3es\" \/>\n\t<meta name=\"twitter:label2\" content=\"Est. tempo de leitura\" \/>\n\t<meta name=\"twitter:data2\" content=\"2 minutos\" \/>\n<script type=\"application\/ld+json\" class=\"yoast-schema-graph\">{\"@context\":\"https:\/\/schema.org\",\"@graph\":[{\"@type\":\"NewsArticle\",\"@id\":\"https:\/\/www.suno.com.br\/noticias\/emprestimo-eletricas-r15bi-aneel\/#article\",\"isPartOf\":{\"@id\":\"https:\/\/www.suno.com.br\/noticias\/emprestimo-eletricas-r15bi-aneel\/\"},\"author\":{\"name\":\"Arthur Guimar\u00e3es\",\"@id\":\"https:\/\/www.suno.com.br\/noticias\/#\/schema\/person\/053a750a709a263919a20f976caae91c\"},\"headline\":\"El\u00e9tricas ter\u00e3o R$ 15,6 bilh\u00f5es em socorro do governo, diz Aneel\",\"datePublished\":\"2020-05-25T23:40:48+00:00\",\"mainEntityOfPage\":{\"@id\":\"https:\/\/www.suno.com.br\/noticias\/emprestimo-eletricas-r15bi-aneel\/\"},\"wordCount\":460,\"publisher\":{\"@id\":\"https:\/\/www.suno.com.br\/noticias\/#organization\"},\"image\":{\"@id\":\"https:\/\/www.suno.com.br\/noticias\/emprestimo-eletricas-r15bi-aneel\/#primaryimage\"},\"thumbnailUrl\":\"https:\/\/files.sunoresearch.com.br\/n\/uploads\/2018\/12\/64b6c507-amazonas-energia3.jpg\",\"keywords\":[\"Aneel\",\"BNDES\"],\"articleSection\":[\"Neg\u00f3cios\"],\"inLanguage\":\"pt-BR\"},{\"@type\":\"WebPage\",\"@id\":\"https:\/\/www.suno.com.br\/noticias\/emprestimo-eletricas-r15bi-aneel\/\",\"url\":\"https:\/\/www.suno.com.br\/noticias\/emprestimo-eletricas-r15bi-aneel\/\",\"name\":\"El\u00e9tricas ter\u00e3o R$ 15,6 bilh\u00f5es em socorro do governo, diz Aneel\",\"isPartOf\":{\"@id\":\"https:\/\/www.suno.com.br\/noticias\/#website\"},\"primaryImageOfPage\":{\"@id\":\"https:\/\/www.suno.com.br\/noticias\/emprestimo-eletricas-r15bi-aneel\/#primaryimage\"},\"image\":{\"@id\":\"https:\/\/www.suno.com.br\/noticias\/emprestimo-eletricas-r15bi-aneel\/#primaryimage\"},\"thumbnailUrl\":\"https:\/\/files.sunoresearch.com.br\/n\/uploads\/2018\/12\/64b6c507-amazonas-energia3.jpg\",\"datePublished\":\"2020-05-25T23:40:48+00:00\",\"description\":\"O diretor-geral da Aneel informou que o governo ir\u00e1 fazer um empr\u00e9stimo de R$ 15,6 bilh\u00f5es para socorrer el\u00e9tricas. Clique para saber mais\",\"breadcrumb\":{\"@id\":\"https:\/\/www.suno.com.br\/noticias\/emprestimo-eletricas-r15bi-aneel\/#breadcrumb\"},\"inLanguage\":\"pt-BR\",\"potentialAction\":[{\"@type\":\"ReadAction\",\"target\":[\"https:\/\/www.suno.com.br\/noticias\/emprestimo-eletricas-r15bi-aneel\/\"]}]},{\"@type\":\"ImageObject\",\"inLanguage\":\"pt-BR\",\"@id\":\"https:\/\/www.suno.com.br\/noticias\/emprestimo-eletricas-r15bi-aneel\/#primaryimage\",\"url\":\"https:\/\/files.sunoresearch.com.br\/n\/uploads\/2018\/12\/64b6c507-amazonas-energia3.jpg\",\"contentUrl\":\"https:\/\/files.sunoresearch.com.br\/n\/uploads\/2018\/12\/64b6c507-amazonas-energia3.jpg\",\"width\":610,\"height\":406,\"caption\":\"Bolsonaro aprova lei que pro\u00edbe corte de energia sem aviso pr\u00e9vio\"},{\"@type\":\"BreadcrumbList\",\"@id\":\"https:\/\/www.suno.com.br\/noticias\/emprestimo-eletricas-r15bi-aneel\/#breadcrumb\",\"itemListElement\":[{\"@type\":\"ListItem\",\"position\":1,\"name\":\"Not\u00edcias\",\"item\":\"https:\/\/www.suno.com.br\/noticias\/\"},{\"@type\":\"ListItem\",\"position\":2,\"name\":\"Neg\u00f3cios\",\"item\":\"https:\/\/www.suno.com.br\/noticias\/negocios\/\"},{\"@type\":\"ListItem\",\"position\":3,\"name\":\"El\u00e9tricas ter\u00e3o R$ 15,6 bilh\u00f5es em socorro do governo, diz Aneel\"}]},{\"@type\":\"WebSite\",\"@id\":\"https:\/\/www.suno.com.br\/noticias\/#website\",\"url\":\"https:\/\/www.suno.com.br\/noticias\/\",\"name\":\"Suno Not\u00edcias\",\"description\":\"Seu portal de informa\u00e7\u00e3o sobre o mundo dos investimentos\",\"publisher\":{\"@id\":\"https:\/\/www.suno.com.br\/noticias\/#organization\"},\"potentialAction\":[{\"@type\":\"SearchAction\",\"target\":{\"@type\":\"EntryPoint\",\"urlTemplate\":\"https:\/\/www.suno.com.br\/noticias\/?s={search_term_string}\"},\"query-input\":{\"@type\":\"PropertyValueSpecification\",\"valueRequired\":true,\"valueName\":\"search_term_string\"}}],\"inLanguage\":\"pt-BR\"},{\"@type\":\"Organization\",\"@id\":\"https:\/\/www.suno.com.br\/noticias\/#organization\",\"name\":\"Suno Not\u00edcias\",\"url\":\"https:\/\/www.suno.com.br\/noticias\/\",\"logo\":{\"@type\":\"ImageObject\",\"inLanguage\":\"pt-BR\",\"@id\":\"https:\/\/www.suno.com.br\/noticias\/#\/schema\/logo\/image\/\",\"url\":\"https:\/\/files.sunoresearch.com.br\/n\/uploads\/2021\/09\/suno-logo.png\",\"contentUrl\":\"https:\/\/files.sunoresearch.com.br\/n\/uploads\/2021\/09\/suno-logo.png\",\"width\":180,\"height\":180,\"caption\":\"Suno Not\u00edcias\"},\"image\":{\"@id\":\"https:\/\/www.suno.com.br\/noticias\/#\/schema\/logo\/image\/\"},\"sameAs\":[\"https:\/\/facebook.com\/sunoresearch\",\"https:\/\/x.com\/sunoresearch\",\"https:\/\/www.instagram.com\/suno\",\"https:\/\/www.linkedin.com\/company\/suno-research\/\",\"https:\/\/www.youtube.com\/c\/sunoresearch\"]},{\"@type\":\"Person\",\"@id\":\"https:\/\/www.suno.com.br\/noticias\/#\/schema\/person\/053a750a709a263919a20f976caae91c\",\"name\":\"Arthur Guimar\u00e3es\",\"image\":{\"@type\":\"ImageObject\",\"inLanguage\":\"pt-BR\",\"@id\":\"https:\/\/www.suno.com.br\/noticias\/#\/schema\/person\/image\/\",\"url\":\"https:\/\/secure.gravatar.com\/avatar\/1affd86a11209ae09eb6dd3bcad3e96c?s=96&r=g\",\"contentUrl\":\"https:\/\/secure.gravatar.com\/avatar\/1affd86a11209ae09eb6dd3bcad3e96c?s=96&r=g\",\"caption\":\"Arthur Guimar\u00e3es\"},\"description\":\"Arthur Guimar\u00e3es escreve sobre pol\u00edtica, economia e neg\u00f3cios para o portal de not\u00edcias da Suno Research. Atualmente, \u00e9 estudante de jornalismo pela Faculdade C\u00e1sper L\u00edbero.\",\"url\":\"https:\/\/www.suno.com.br\/noticias\/author\/arthur-guimaraes\/\"}]}<\/script>\n<!-- \/ Yoast SEO plugin. -->","yoast_head_json":{"title":"El\u00e9tricas ter\u00e3o R$ 15,6 bilh\u00f5es em socorro do governo, diz Aneel","description":"O diretor-geral da Aneel informou que o governo ir\u00e1 fazer um empr\u00e9stimo de R$ 15,6 bilh\u00f5es para socorrer el\u00e9tricas. Clique para saber mais","robots":{"index":"index","follow":"follow","max-snippet":"max-snippet:-1","max-image-preview":"max-image-preview:large","max-video-preview":"max-video-preview:-1"},"canonical":"https:\/\/www.suno.com.br\/noticias\/emprestimo-eletricas-r15bi-aneel\/","og_locale":"pt_BR","og_type":"article","og_title":"El\u00e9tricas ter\u00e3o R$ 15,6 bilh\u00f5es em socorro do governo, diz Aneel","og_description":"O diretor-geral da Aneel informou que o governo ir\u00e1 fazer um empr\u00e9stimo de R$ 15,6 bilh\u00f5es para socorrer el\u00e9tricas. Clique para saber mais","og_url":"https:\/\/www.suno.com.br\/noticias\/emprestimo-eletricas-r15bi-aneel\/","og_site_name":"Suno Not\u00edcias","article_publisher":"https:\/\/facebook.com\/sunoresearch","og_image":[{"width":610,"height":406,"url":"https:\/\/files.sunoresearch.com.br\/n\/uploads\/2018\/12\/64b6c507-amazonas-energia3.jpg","type":"image\/jpeg"}],"author":"Arthur Guimar\u00e3es","twitter_card":"summary_large_image","twitter_creator":"@sunoresearch","twitter_site":"@sunoresearch","twitter_misc":{"Escrito por":"Arthur Guimar\u00e3es","Est. tempo de leitura":"2 minutos"},"schema":{"@context":"https:\/\/schema.org","@graph":[{"@type":"NewsArticle","@id":"https:\/\/www.suno.com.br\/noticias\/emprestimo-eletricas-r15bi-aneel\/#article","isPartOf":{"@id":"https:\/\/www.suno.com.br\/noticias\/emprestimo-eletricas-r15bi-aneel\/"},"author":{"name":"Arthur Guimar\u00e3es","@id":"https:\/\/www.suno.com.br\/noticias\/#\/schema\/person\/053a750a709a263919a20f976caae91c"},"headline":"El\u00e9tricas ter\u00e3o R$ 15,6 bilh\u00f5es em socorro do governo, diz Aneel","datePublished":"2020-05-25T23:40:48+00:00","mainEntityOfPage":{"@id":"https:\/\/www.suno.com.br\/noticias\/emprestimo-eletricas-r15bi-aneel\/"},"wordCount":460,"publisher":{"@id":"https:\/\/www.suno.com.br\/noticias\/#organization"},"image":{"@id":"https:\/\/www.suno.com.br\/noticias\/emprestimo-eletricas-r15bi-aneel\/#primaryimage"},"thumbnailUrl":"https:\/\/files.sunoresearch.com.br\/n\/uploads\/2018\/12\/64b6c507-amazonas-energia3.jpg","keywords":["Aneel","BNDES"],"articleSection":["Neg\u00f3cios"],"inLanguage":"pt-BR"},{"@type":"WebPage","@id":"https:\/\/www.suno.com.br\/noticias\/emprestimo-eletricas-r15bi-aneel\/","url":"https:\/\/www.suno.com.br\/noticias\/emprestimo-eletricas-r15bi-aneel\/","name":"El\u00e9tricas ter\u00e3o R$ 15,6 bilh\u00f5es em socorro do governo, diz Aneel","isPartOf":{"@id":"https:\/\/www.suno.com.br\/noticias\/#website"},"primaryImageOfPage":{"@id":"https:\/\/www.suno.com.br\/noticias\/emprestimo-eletricas-r15bi-aneel\/#primaryimage"},"image":{"@id":"https:\/\/www.suno.com.br\/noticias\/emprestimo-eletricas-r15bi-aneel\/#primaryimage"},"thumbnailUrl":"https:\/\/files.sunoresearch.com.br\/n\/uploads\/2018\/12\/64b6c507-amazonas-energia3.jpg","datePublished":"2020-05-25T23:40:48+00:00","description":"O diretor-geral da Aneel informou que o governo ir\u00e1 fazer um empr\u00e9stimo de R$ 15,6 bilh\u00f5es para socorrer el\u00e9tricas. Clique para saber mais","breadcrumb":{"@id":"https:\/\/www.suno.com.br\/noticias\/emprestimo-eletricas-r15bi-aneel\/#breadcrumb"},"inLanguage":"pt-BR","potentialAction":[{"@type":"ReadAction","target":["https:\/\/www.suno.com.br\/noticias\/emprestimo-eletricas-r15bi-aneel\/"]}]},{"@type":"ImageObject","inLanguage":"pt-BR","@id":"https:\/\/www.suno.com.br\/noticias\/emprestimo-eletricas-r15bi-aneel\/#primaryimage","url":"https:\/\/files.sunoresearch.com.br\/n\/uploads\/2018\/12\/64b6c507-amazonas-energia3.jpg","contentUrl":"https:\/\/files.sunoresearch.com.br\/n\/uploads\/2018\/12\/64b6c507-amazonas-energia3.jpg","width":610,"height":406,"caption":"Bolsonaro aprova lei que pro\u00edbe corte de energia sem aviso pr\u00e9vio"},{"@type":"BreadcrumbList","@id":"https:\/\/www.suno.com.br\/noticias\/emprestimo-eletricas-r15bi-aneel\/#breadcrumb","itemListElement":[{"@type":"ListItem","position":1,"name":"Not\u00edcias","item":"https:\/\/www.suno.com.br\/noticias\/"},{"@type":"ListItem","position":2,"name":"Neg\u00f3cios","item":"https:\/\/www.suno.com.br\/noticias\/negocios\/"},{"@type":"ListItem","position":3,"name":"El\u00e9tricas ter\u00e3o R$ 15,6 bilh\u00f5es em socorro do governo, diz Aneel"}]},{"@type":"WebSite","@id":"https:\/\/www.suno.com.br\/noticias\/#website","url":"https:\/\/www.suno.com.br\/noticias\/","name":"Suno Not\u00edcias","description":"Seu portal de informa\u00e7\u00e3o sobre o mundo dos investimentos","publisher":{"@id":"https:\/\/www.suno.com.br\/noticias\/#organization"},"potentialAction":[{"@type":"SearchAction","target":{"@type":"EntryPoint","urlTemplate":"https:\/\/www.suno.com.br\/noticias\/?s={search_term_string}"},"query-input":{"@type":"PropertyValueSpecification","valueRequired":true,"valueName":"search_term_string"}}],"inLanguage":"pt-BR"},{"@type":"Organization","@id":"https:\/\/www.suno.com.br\/noticias\/#organization","name":"Suno Not\u00edcias","url":"https:\/\/www.suno.com.br\/noticias\/","logo":{"@type":"ImageObject","inLanguage":"pt-BR","@id":"https:\/\/www.suno.com.br\/noticias\/#\/schema\/logo\/image\/","url":"https:\/\/files.sunoresearch.com.br\/n\/uploads\/2021\/09\/suno-logo.png","contentUrl":"https:\/\/files.sunoresearch.com.br\/n\/uploads\/2021\/09\/suno-logo.png","width":180,"height":180,"caption":"Suno Not\u00edcias"},"image":{"@id":"https:\/\/www.suno.com.br\/noticias\/#\/schema\/logo\/image\/"},"sameAs":["https:\/\/facebook.com\/sunoresearch","https:\/\/x.com\/sunoresearch","https:\/\/www.instagram.com\/suno","https:\/\/www.linkedin.com\/company\/suno-research\/","https:\/\/www.youtube.com\/c\/sunoresearch"]},{"@type":"Person","@id":"https:\/\/www.suno.com.br\/noticias\/#\/schema\/person\/053a750a709a263919a20f976caae91c","name":"Arthur Guimar\u00e3es","image":{"@type":"ImageObject","inLanguage":"pt-BR","@id":"https:\/\/www.suno.com.br\/noticias\/#\/schema\/person\/image\/","url":"https:\/\/secure.gravatar.com\/avatar\/1affd86a11209ae09eb6dd3bcad3e96c?s=96&r=g","contentUrl":"https:\/\/secure.gravatar.com\/avatar\/1affd86a11209ae09eb6dd3bcad3e96c?s=96&r=g","caption":"Arthur Guimar\u00e3es"},"description":"Arthur Guimar\u00e3es escreve sobre pol\u00edtica, economia e neg\u00f3cios para o portal de not\u00edcias da Suno Research. Atualmente, \u00e9 estudante de jornalismo pela Faculdade C\u00e1sper L\u00edbero.","url":"https:\/\/www.suno.com.br\/noticias\/author\/arthur-guimaraes\/"}]}},"default_loop_html":"<div class=\"cardsPage__listCard__boxs\"><div class=\"cardsPage__listCard__boxs__img\"><a href=\"https:\/\/www.suno.com.br\/noticias\/emprestimo-eletricas-r15bi-aneel\/\"><img class=\"mask\" src=\"https:\/\/www.suno.com.br\/noticias\/wp-content\/themes\/suno\/resources\/images\/spotlight\/spotlight1img\/bg-mask.png\" alt=\"Image Mask\"\/><img src=\"https:\/\/files.sunoresearch.com.br\/n\/uploads\/2018\/12\/64b6c507-amazonas-energia3-400x200.webp\" alt=\"El\u00e9tricas ter\u00e3o R$ 15,6 bilh\u00f5es em socorro do governo, diz Aneel\"\/><\/a><span class=\"spotlightCategory\"><a href=\"https:\/\/www.suno.com.br\/noticias\/negocios\/\">Neg\u00f3cios<\/a><\/span><\/div><div class=\"cardsPage__listCard__boxs__content\"><a href=\"https:\/\/www.suno.com.br\/noticias\/emprestimo-eletricas-r15bi-aneel\/\"><h2 class=\"content__title\">El\u00e9tricas ter\u00e3o R$ 15,6 bilh\u00f5es em socorro do governo, diz Aneel<\/h2><\/a><div class=\"newsContent__article__meta\"><div class=\"newsContent__article__meta__authorBox\"><a href=\"https:\/\/www.suno.com.br\/noticias\/author\/arthur-guimaraes\/\" class=\"authorBox__avatar noMobi\"><img src=\"https:\/\/files.sunoresearch.com.br\/n\/uploads\/2020\/02\/dfb40897-eu-150x150.webp\" alt=\"Arthur Guimar\u00e3es\"><\/a><div class=\"authorBox__name\"><span>por\n\t\t\t<a href=\"https:\/\/www.suno.com.br\/noticias\/author\/arthur-guimaraes\/\"><span itemprop=\"author\">Arthur Guimar\u00e3es<\/span><\/a><\/span><time datetime=\"2020-05-25T20:40:48-03:00\" itemprop=\"datePublished\">25\/05\/2020 20:40<\/time><\/div><\/div><\/div><\/div><\/div>","single_layout":"posts","amp_enabled":true,"_links":{"self":[{"href":"https:\/\/www.suno.com.br\/noticias\/wp-json\/wp\/v2\/posts\/66078"}],"collection":[{"href":"https:\/\/www.suno.com.br\/noticias\/wp-json\/wp\/v2\/posts"}],"about":[{"href":"https:\/\/www.suno.com.br\/noticias\/wp-json\/wp\/v2\/types\/post"}],"author":[{"embeddable":true,"href":"https:\/\/www.suno.com.br\/noticias\/wp-json\/wp\/v2\/users\/35"}],"replies":[{"embeddable":true,"href":"https:\/\/www.suno.com.br\/noticias\/wp-json\/wp\/v2\/comments?post=66078"}],"version-history":[{"count":0,"href":"https:\/\/www.suno.com.br\/noticias\/wp-json\/wp\/v2\/posts\/66078\/revisions"}],"wp:featuredmedia":[{"embeddable":true,"href":"https:\/\/www.suno.com.br\/noticias\/wp-json\/wp\/v2\/media\/8369"}],"wp:attachment":[{"href":"https:\/\/www.suno.com.br\/noticias\/wp-json\/wp\/v2\/media?parent=66078"}],"wp:term":[{"taxonomy":"category","embeddable":true,"href":"https:\/\/www.suno.com.br\/noticias\/wp-json\/wp\/v2\/categories?post=66078"},{"taxonomy":"post_tag","embeddable":true,"href":"https:\/\/www.suno.com.br\/noticias\/wp-json\/wp\/v2\/tags?post=66078"},{"taxonomy":"suno_strategy","embeddable":true,"href":"https:\/\/www.suno.com.br\/noticias\/wp-json\/wp\/v2\/suno_strategy?post=66078"}],"curies":[{"name":"wp","href":"https:\/\/api.w.org\/{rel}","templated":true}]}}