{"id":66052,"date":"2020-05-28T08:30:17","date_gmt":"2020-05-28T11:30:17","guid":{"rendered":"https:\/\/www.suno.com.br\/noticias\/?p=66052"},"modified":"2021-02-17T22:38:40","modified_gmt":"2021-02-18T01:38:40","slug":"home-office-tendencia","status":"publish","type":"post","link":"https:\/\/www.suno.com.br\/noticias\/home-office-tendencia\/","title":{"rendered":"Home office: tend\u00eancia deve afetar setor de escrit\u00f3rios ap\u00f3s pandemia"},"content":{"rendered":"<p>A pandemia causada pelo <a href=\"https:\/\/www.suno.com.br\/noticias\/coronavirus\/\">coronav\u00edrus (covid-19)<\/a> deve provocar mudan\u00e7as nas rela\u00e7\u00f5es e forma de trabalho. Uma delas \u00e9 a maior aceita\u00e7\u00e3o do <strong>home office<\/strong>, que deve virar tend\u00eancia no Brasil.<\/p>\t<div class=\"wrapper-featured-image\">\n\t\t<figure class=\"spotlightImg\">\n\n\t\t\t<picture>\n\t\t\t\t<source media=\"(max-width: 768px)\" srcset=\"https:\/\/files.sunoresearch.com.br\/n\/uploads\/2019\/11\/b4d967cd-fundos-imobiliarios-400x200.webp\">\n\t\t\t\t<img loading=\"lazy\" decoding=\"async\" class=\"newsContent__article__imgCapa lazyloadDisabled newsContent__article__imgCapa--noCaption\" src=\"https:\/\/files.sunoresearch.com.br\/n\/uploads\/2019\/11\/b4d967cd-fundos-imobiliarios-800x450.webp\" width=\"800\" height=\"450\" alt=\"Home office: tend\u00eancia deve afetar setor de escrit\u00f3rios ap\u00f3s pandemia\" fetchpriority=high \/>\n\t\t\t<\/picture>\n\n\t\t\t<figcaption class=\"wp-caption-text wp-caption-text--hide\">Sonega\u00e7\u00e3o em fundos imobili\u00e1rios? N\u00e3o \u00e9 bem assim<\/figcaption>\n\t\t<\/figure>\n\t<\/div>\n\n\n\n<p>A novo direcionamento, for\u00e7ado, j\u00e1 d\u00e1 as caras por aqui. Por redu\u00e7\u00e3o de custos e comodidade do home office, algumas companhias j\u00e1 analisam reduzir o tamanhos dos escrit\u00f3rios f\u00edsicos, geralmente localizados em pontos estrat\u00e9gicos, tradicionais (e caros) de S\u00e3o Paulo.<\/p>\n<p>Uma empresa de tecnologia que possui tr\u00eas andares em um conhecido ponto na tradicional avenida Faria Lima, em S\u00e3o Paulo, deve permanecer apenas com um, dado que a maioria dos colaboradores poder\u00e1 trabalhar de casa a partir de ent\u00e3o.<\/p>\n<p><a href=\"https:\/\/lp.suno.com.br\/suno-one\/\">Suno One: acesse gratuitamente eBooks, Minicursos, Artigos e Video Aulas sobre investimentos com um \u00fanico cadastro. Clique para saber mais!<\/a><\/p>\n<p>O custo \u00e9 o principal motivo.\u00a0&#8220;Ao todo, a empresa tem um custo de R$ 100 mil por andar onde estamos. Se eu manter apenas um, consigo ter um ganho financeiro consider\u00e1vel em dois, tr\u00eas anos&#8221;, disse uma fonte que preferiu n\u00e3o se identificar.<\/p>\n<p>A XP, por exemplo, <a href=\"https:\/\/www.suno.com.br\/noticias\/home-office-empresas-coronavirus\/\">anunciou home office para os empregados<\/a> que consigam desempenhar as fun\u00e7\u00f5es de casa, at\u00e9 o final deste ano.<\/p>\n<p>A empresa informou, contudo, que, no momento, n\u00e3o pretende abrir m\u00e3o dos escrit\u00f3rios da empresa. A companhia dever\u00e1 alterar apenas a configura\u00e7\u00e3o dos espa\u00e7os, visando mais reuni\u00f5es e momentos de trocas entre os times.<\/p>\n<h2>Lajes corporativas devem ser afetadas por home-office<\/h2>\n<p>Se a tend\u00eancia de redu\u00e7\u00e3o dos espa\u00e7os f\u00edsicos se confirmar, o setor de fundos imobili\u00e1rios (FIIs), principalmente fundos de lajes, pode ser impactado tamb\u00e9m.<\/p>\n<p>&#8220;O setor de lajes comerciais tende a ser impactado ao passo que as empresas passe a considerar o home office como parte da solu\u00e7\u00e3o de suas opera\u00e7\u00f5es, seja como uma mudan\u00e7a permanente ou mesmo algum benef\u00edcio ao colaborador&#8221;, afirmou Marcos Baroni, especialista em fundos imobili\u00e1rios da SUNO Research.<\/p>\n<p><a href=\"https:\/\/www.suno.com.br\/noticias\/fii-suno-research-indices\/\">Veja tamb\u00e9m:\u00a0Fundos Imobili\u00e1rios: Suno Research desenvolve \u00edndices para o mercado de FIIs<\/a><\/p>\n<p>H\u00e1, por\u00e9m, ativos com caracter\u00edsticas que devem sofrer menos do que outros, segundo Baroni. O investidor, portanto, deve ficar atento a qualidade dos im\u00f3veis e a localiza\u00e7\u00e3o.<\/p>\n<p>&#8220;Obviamente, ativos mais bem localizados, melhor padr\u00e3o construtivo e mais eficientes do ponto de vista operacional, devem sentir menos. Por\u00e9m, acredito que n\u00e3o h\u00e1 imunidade &#8211; todos ser\u00e3o impactados, ao menos no curto prazo por essas medidas de <strong>home office<\/strong>&#8220;, disse o especialista.<\/p>\n\n","protected":false},"excerpt":{"rendered":"<p>A pandemia causada pelo coronav\u00edrus (covid-19) deve provocar mudan\u00e7as nas rela\u00e7\u00f5es e forma de trabalho. Uma delas \u00e9 a maior aceita\u00e7\u00e3o do home office, que deve virar tend\u00eancia no Brasil. Sonega\u00e7\u00e3o em fundos imobili\u00e1rios? N\u00e3o \u00e9 bem assim A novo direcionamento, for\u00e7ado, j\u00e1 d\u00e1 as caras por aqui. Por redu\u00e7\u00e3o de custos e comodidade do [&hellip;]<\/p>\n","protected":false},"author":27,"featured_media":45629,"comment_status":"closed","ping_status":"closed","sticky":false,"template":"","format":"standard","meta":[],"categories":[64],"tags":[315,4769],"suno_strategy":[],"class_list":["post-66052","post","type-post","status-publish","format-standard","has-post-thumbnail","hentry","category-negocios","tag-fundos-imobiliarios-fiis","tag-home-office"],"yoast_head":"<!-- This site is optimized with the Yoast SEO plugin v24.4 - https:\/\/yoast.com\/wordpress\/plugins\/seo\/ -->\n<title>Home office: tend\u00eancia deve afetar setor de escrit\u00f3rios ap\u00f3s pandemia<\/title>\n<meta name=\"description\" content=\"Empresas j\u00e1 adaptam home office para o p\u00f3s-pandemia e setor de lajes corporativas deve sentir efeitos. Clique aqui para ler mais.\" \/>\n<meta name=\"robots\" content=\"index, follow, max-snippet:-1, max-image-preview:large, max-video-preview:-1\" \/>\n<link rel=\"canonical\" href=\"https:\/\/www.suno.com.br\/noticias\/home-office-tendencia\/\" \/>\n<meta property=\"og:locale\" content=\"pt_BR\" \/>\n<meta property=\"og:type\" content=\"article\" \/>\n<meta property=\"og:title\" content=\"Home office: tend\u00eancia deve afetar setor de escrit\u00f3rios ap\u00f3s pandemia\" \/>\n<meta property=\"og:description\" content=\"Empresas j\u00e1 adaptam home office para o p\u00f3s-pandemia e setor de lajes corporativas deve sentir efeitos. Clique aqui para ler mais.\" \/>\n<meta property=\"og:url\" content=\"https:\/\/www.suno.com.br\/noticias\/home-office-tendencia\/\" \/>\n<meta property=\"og:site_name\" content=\"Suno Not\u00edcias\" \/>\n<meta property=\"article:publisher\" content=\"https:\/\/facebook.com\/sunoresearch\" \/>\n<meta property=\"og:image\" content=\"https:\/\/files.sunoresearch.com.br\/n\/uploads\/2019\/11\/b4d967cd-fundos-imobiliarios-1024x681.jpg\" \/>\n\t<meta property=\"og:image:width\" content=\"1024\" \/>\n\t<meta property=\"og:image:height\" content=\"681\" \/>\n\t<meta property=\"og:image:type\" content=\"image\/jpeg\" \/>\n<meta name=\"author\" content=\"Vinicius Pereira\" \/>\n<meta name=\"twitter:card\" content=\"summary_large_image\" \/>\n<meta name=\"twitter:creator\" content=\"@https:\/\/twitter.com\/viniciuspjornal\" \/>\n<meta name=\"twitter:site\" content=\"@sunoresearch\" \/>\n<meta name=\"twitter:label1\" content=\"Escrito por\" \/>\n\t<meta name=\"twitter:data1\" content=\"Vinicius Pereira\" \/>\n\t<meta name=\"twitter:label2\" content=\"Est. tempo de leitura\" \/>\n\t<meta name=\"twitter:data2\" content=\"2 minutos\" \/>\n<script type=\"application\/ld+json\" class=\"yoast-schema-graph\">{\"@context\":\"https:\/\/schema.org\",\"@graph\":[{\"@type\":\"NewsArticle\",\"@id\":\"https:\/\/www.suno.com.br\/noticias\/home-office-tendencia\/#article\",\"isPartOf\":{\"@id\":\"https:\/\/www.suno.com.br\/noticias\/home-office-tendencia\/\"},\"author\":{\"name\":\"Vinicius Pereira\",\"@id\":\"https:\/\/www.suno.com.br\/noticias\/#\/schema\/person\/a20761b96e4df7eb57f1f9e41be1dbf3\"},\"headline\":\"Home office: tend\u00eancia deve afetar setor de escrit\u00f3rios ap\u00f3s pandemia\",\"datePublished\":\"2020-05-28T11:30:17+00:00\",\"dateModified\":\"2021-02-18T01:38:40+00:00\",\"mainEntityOfPage\":{\"@id\":\"https:\/\/www.suno.com.br\/noticias\/home-office-tendencia\/\"},\"wordCount\":454,\"publisher\":{\"@id\":\"https:\/\/www.suno.com.br\/noticias\/#organization\"},\"image\":{\"@id\":\"https:\/\/www.suno.com.br\/noticias\/home-office-tendencia\/#primaryimage\"},\"thumbnailUrl\":\"https:\/\/files.sunoresearch.com.br\/n\/uploads\/2019\/11\/b4d967cd-fundos-imobiliarios-scaled.webp\",\"keywords\":[\"Fundos Imobili\u00e1rios (FIIs)\",\"home office\"],\"articleSection\":[\"Neg\u00f3cios\"],\"inLanguage\":\"pt-BR\"},{\"@type\":\"WebPage\",\"@id\":\"https:\/\/www.suno.com.br\/noticias\/home-office-tendencia\/\",\"url\":\"https:\/\/www.suno.com.br\/noticias\/home-office-tendencia\/\",\"name\":\"Home office: tend\u00eancia deve afetar setor de escrit\u00f3rios ap\u00f3s pandemia\",\"isPartOf\":{\"@id\":\"https:\/\/www.suno.com.br\/noticias\/#website\"},\"primaryImageOfPage\":{\"@id\":\"https:\/\/www.suno.com.br\/noticias\/home-office-tendencia\/#primaryimage\"},\"image\":{\"@id\":\"https:\/\/www.suno.com.br\/noticias\/home-office-tendencia\/#primaryimage\"},\"thumbnailUrl\":\"https:\/\/files.sunoresearch.com.br\/n\/uploads\/2019\/11\/b4d967cd-fundos-imobiliarios-scaled.webp\",\"datePublished\":\"2020-05-28T11:30:17+00:00\",\"dateModified\":\"2021-02-18T01:38:40+00:00\",\"description\":\"Empresas j\u00e1 adaptam home office para o p\u00f3s-pandemia e setor de lajes corporativas deve sentir efeitos. Clique aqui para ler mais.\",\"breadcrumb\":{\"@id\":\"https:\/\/www.suno.com.br\/noticias\/home-office-tendencia\/#breadcrumb\"},\"inLanguage\":\"pt-BR\",\"potentialAction\":[{\"@type\":\"ReadAction\",\"target\":[\"https:\/\/www.suno.com.br\/noticias\/home-office-tendencia\/\"]}]},{\"@type\":\"ImageObject\",\"inLanguage\":\"pt-BR\",\"@id\":\"https:\/\/www.suno.com.br\/noticias\/home-office-tendencia\/#primaryimage\",\"url\":\"https:\/\/files.sunoresearch.com.br\/n\/uploads\/2019\/11\/b4d967cd-fundos-imobiliarios-scaled.webp\",\"contentUrl\":\"https:\/\/files.sunoresearch.com.br\/n\/uploads\/2019\/11\/b4d967cd-fundos-imobiliarios-scaled.webp\",\"width\":2560,\"height\":1703,\"caption\":\"Sonega\u00e7\u00e3o em fundos imobili\u00e1rios? N\u00e3o \u00e9 bem assim\"},{\"@type\":\"BreadcrumbList\",\"@id\":\"https:\/\/www.suno.com.br\/noticias\/home-office-tendencia\/#breadcrumb\",\"itemListElement\":[{\"@type\":\"ListItem\",\"position\":1,\"name\":\"Not\u00edcias\",\"item\":\"https:\/\/www.suno.com.br\/noticias\/\"},{\"@type\":\"ListItem\",\"position\":2,\"name\":\"Neg\u00f3cios\",\"item\":\"https:\/\/www.suno.com.br\/noticias\/negocios\/\"},{\"@type\":\"ListItem\",\"position\":3,\"name\":\"Home office: tend\u00eancia deve afetar setor de escrit\u00f3rios ap\u00f3s pandemia\"}]},{\"@type\":\"WebSite\",\"@id\":\"https:\/\/www.suno.com.br\/noticias\/#website\",\"url\":\"https:\/\/www.suno.com.br\/noticias\/\",\"name\":\"Suno Not\u00edcias\",\"description\":\"Seu portal de informa\u00e7\u00e3o sobre o mundo dos investimentos\",\"publisher\":{\"@id\":\"https:\/\/www.suno.com.br\/noticias\/#organization\"},\"potentialAction\":[{\"@type\":\"SearchAction\",\"target\":{\"@type\":\"EntryPoint\",\"urlTemplate\":\"https:\/\/www.suno.com.br\/noticias\/?s={search_term_string}\"},\"query-input\":{\"@type\":\"PropertyValueSpecification\",\"valueRequired\":true,\"valueName\":\"search_term_string\"}}],\"inLanguage\":\"pt-BR\"},{\"@type\":\"Organization\",\"@id\":\"https:\/\/www.suno.com.br\/noticias\/#organization\",\"name\":\"Suno Not\u00edcias\",\"url\":\"https:\/\/www.suno.com.br\/noticias\/\",\"logo\":{\"@type\":\"ImageObject\",\"inLanguage\":\"pt-BR\",\"@id\":\"https:\/\/www.suno.com.br\/noticias\/#\/schema\/logo\/image\/\",\"url\":\"https:\/\/files.sunoresearch.com.br\/n\/uploads\/2021\/09\/suno-logo.png\",\"contentUrl\":\"https:\/\/files.sunoresearch.com.br\/n\/uploads\/2021\/09\/suno-logo.png\",\"width\":180,\"height\":180,\"caption\":\"Suno Not\u00edcias\"},\"image\":{\"@id\":\"https:\/\/www.suno.com.br\/noticias\/#\/schema\/logo\/image\/\"},\"sameAs\":[\"https:\/\/facebook.com\/sunoresearch\",\"https:\/\/x.com\/sunoresearch\",\"https:\/\/www.instagram.com\/suno\",\"https:\/\/www.linkedin.com\/company\/suno-research\/\",\"https:\/\/www.youtube.com\/c\/sunoresearch\"]},{\"@type\":\"Person\",\"@id\":\"https:\/\/www.suno.com.br\/noticias\/#\/schema\/person\/a20761b96e4df7eb57f1f9e41be1dbf3\",\"name\":\"Vinicius Pereira\",\"image\":{\"@type\":\"ImageObject\",\"inLanguage\":\"pt-BR\",\"@id\":\"https:\/\/www.suno.com.br\/noticias\/#\/schema\/person\/image\/\",\"url\":\"https:\/\/secure.gravatar.com\/avatar\/783866b933198f5cc4c5d03fcc8b1301?s=96&r=g\",\"contentUrl\":\"https:\/\/secure.gravatar.com\/avatar\/783866b933198f5cc4c5d03fcc8b1301?s=96&r=g\",\"caption\":\"Vinicius Pereira\"},\"description\":\"Vinicius Pereira foi rep\u00f3rter de economia da Folha de S.Paulo, stringer do jornal no Canad\u00e1 e colaborador de VEJA. J\u00e1 escreveu tamb\u00e9m para BBC Brasil, The Intercept Brasil e UOL. Tem MBA em Informa\u00e7\u00f5es Econ\u00f4mico-Financeiras e Mercado de Capitais pela FIA\/B3.\",\"sameAs\":[\"https:\/\/x.com\/https:\/\/twitter.com\/viniciuspjornal\"],\"url\":\"https:\/\/www.suno.com.br\/noticias\/author\/vinicius-pereira\/\"}]}<\/script>\n<!-- \/ Yoast SEO plugin. -->","yoast_head_json":{"title":"Home office: tend\u00eancia deve afetar setor de escrit\u00f3rios ap\u00f3s pandemia","description":"Empresas j\u00e1 adaptam home office para o p\u00f3s-pandemia e setor de lajes corporativas deve sentir efeitos. Clique aqui para ler mais.","robots":{"index":"index","follow":"follow","max-snippet":"max-snippet:-1","max-image-preview":"max-image-preview:large","max-video-preview":"max-video-preview:-1"},"canonical":"https:\/\/www.suno.com.br\/noticias\/home-office-tendencia\/","og_locale":"pt_BR","og_type":"article","og_title":"Home office: tend\u00eancia deve afetar setor de escrit\u00f3rios ap\u00f3s pandemia","og_description":"Empresas j\u00e1 adaptam home office para o p\u00f3s-pandemia e setor de lajes corporativas deve sentir efeitos. Clique aqui para ler mais.","og_url":"https:\/\/www.suno.com.br\/noticias\/home-office-tendencia\/","og_site_name":"Suno Not\u00edcias","article_publisher":"https:\/\/facebook.com\/sunoresearch","og_image":[{"width":1024,"height":681,"url":"https:\/\/files.sunoresearch.com.br\/n\/uploads\/2019\/11\/b4d967cd-fundos-imobiliarios-1024x681.jpg","type":"image\/jpeg"}],"author":"Vinicius Pereira","twitter_card":"summary_large_image","twitter_creator":"@https:\/\/twitter.com\/viniciuspjornal","twitter_site":"@sunoresearch","twitter_misc":{"Escrito por":"Vinicius Pereira","Est. tempo de leitura":"2 minutos"},"schema":{"@context":"https:\/\/schema.org","@graph":[{"@type":"NewsArticle","@id":"https:\/\/www.suno.com.br\/noticias\/home-office-tendencia\/#article","isPartOf":{"@id":"https:\/\/www.suno.com.br\/noticias\/home-office-tendencia\/"},"author":{"name":"Vinicius Pereira","@id":"https:\/\/www.suno.com.br\/noticias\/#\/schema\/person\/a20761b96e4df7eb57f1f9e41be1dbf3"},"headline":"Home office: tend\u00eancia deve afetar setor de escrit\u00f3rios ap\u00f3s pandemia","datePublished":"2020-05-28T11:30:17+00:00","dateModified":"2021-02-18T01:38:40+00:00","mainEntityOfPage":{"@id":"https:\/\/www.suno.com.br\/noticias\/home-office-tendencia\/"},"wordCount":454,"publisher":{"@id":"https:\/\/www.suno.com.br\/noticias\/#organization"},"image":{"@id":"https:\/\/www.suno.com.br\/noticias\/home-office-tendencia\/#primaryimage"},"thumbnailUrl":"https:\/\/files.sunoresearch.com.br\/n\/uploads\/2019\/11\/b4d967cd-fundos-imobiliarios-scaled.webp","keywords":["Fundos Imobili\u00e1rios (FIIs)","home office"],"articleSection":["Neg\u00f3cios"],"inLanguage":"pt-BR"},{"@type":"WebPage","@id":"https:\/\/www.suno.com.br\/noticias\/home-office-tendencia\/","url":"https:\/\/www.suno.com.br\/noticias\/home-office-tendencia\/","name":"Home office: tend\u00eancia deve afetar setor de escrit\u00f3rios ap\u00f3s pandemia","isPartOf":{"@id":"https:\/\/www.suno.com.br\/noticias\/#website"},"primaryImageOfPage":{"@id":"https:\/\/www.suno.com.br\/noticias\/home-office-tendencia\/#primaryimage"},"image":{"@id":"https:\/\/www.suno.com.br\/noticias\/home-office-tendencia\/#primaryimage"},"thumbnailUrl":"https:\/\/files.sunoresearch.com.br\/n\/uploads\/2019\/11\/b4d967cd-fundos-imobiliarios-scaled.webp","datePublished":"2020-05-28T11:30:17+00:00","dateModified":"2021-02-18T01:38:40+00:00","description":"Empresas j\u00e1 adaptam home office para o p\u00f3s-pandemia e setor de lajes corporativas deve sentir efeitos. Clique aqui para ler mais.","breadcrumb":{"@id":"https:\/\/www.suno.com.br\/noticias\/home-office-tendencia\/#breadcrumb"},"inLanguage":"pt-BR","potentialAction":[{"@type":"ReadAction","target":["https:\/\/www.suno.com.br\/noticias\/home-office-tendencia\/"]}]},{"@type":"ImageObject","inLanguage":"pt-BR","@id":"https:\/\/www.suno.com.br\/noticias\/home-office-tendencia\/#primaryimage","url":"https:\/\/files.sunoresearch.com.br\/n\/uploads\/2019\/11\/b4d967cd-fundos-imobiliarios-scaled.webp","contentUrl":"https:\/\/files.sunoresearch.com.br\/n\/uploads\/2019\/11\/b4d967cd-fundos-imobiliarios-scaled.webp","width":2560,"height":1703,"caption":"Sonega\u00e7\u00e3o em fundos imobili\u00e1rios? N\u00e3o \u00e9 bem assim"},{"@type":"BreadcrumbList","@id":"https:\/\/www.suno.com.br\/noticias\/home-office-tendencia\/#breadcrumb","itemListElement":[{"@type":"ListItem","position":1,"name":"Not\u00edcias","item":"https:\/\/www.suno.com.br\/noticias\/"},{"@type":"ListItem","position":2,"name":"Neg\u00f3cios","item":"https:\/\/www.suno.com.br\/noticias\/negocios\/"},{"@type":"ListItem","position":3,"name":"Home office: tend\u00eancia deve afetar setor de escrit\u00f3rios ap\u00f3s pandemia"}]},{"@type":"WebSite","@id":"https:\/\/www.suno.com.br\/noticias\/#website","url":"https:\/\/www.suno.com.br\/noticias\/","name":"Suno Not\u00edcias","description":"Seu portal de informa\u00e7\u00e3o sobre o mundo dos investimentos","publisher":{"@id":"https:\/\/www.suno.com.br\/noticias\/#organization"},"potentialAction":[{"@type":"SearchAction","target":{"@type":"EntryPoint","urlTemplate":"https:\/\/www.suno.com.br\/noticias\/?s={search_term_string}"},"query-input":{"@type":"PropertyValueSpecification","valueRequired":true,"valueName":"search_term_string"}}],"inLanguage":"pt-BR"},{"@type":"Organization","@id":"https:\/\/www.suno.com.br\/noticias\/#organization","name":"Suno Not\u00edcias","url":"https:\/\/www.suno.com.br\/noticias\/","logo":{"@type":"ImageObject","inLanguage":"pt-BR","@id":"https:\/\/www.suno.com.br\/noticias\/#\/schema\/logo\/image\/","url":"https:\/\/files.sunoresearch.com.br\/n\/uploads\/2021\/09\/suno-logo.png","contentUrl":"https:\/\/files.sunoresearch.com.br\/n\/uploads\/2021\/09\/suno-logo.png","width":180,"height":180,"caption":"Suno Not\u00edcias"},"image":{"@id":"https:\/\/www.suno.com.br\/noticias\/#\/schema\/logo\/image\/"},"sameAs":["https:\/\/facebook.com\/sunoresearch","https:\/\/x.com\/sunoresearch","https:\/\/www.instagram.com\/suno","https:\/\/www.linkedin.com\/company\/suno-research\/","https:\/\/www.youtube.com\/c\/sunoresearch"]},{"@type":"Person","@id":"https:\/\/www.suno.com.br\/noticias\/#\/schema\/person\/a20761b96e4df7eb57f1f9e41be1dbf3","name":"Vinicius Pereira","image":{"@type":"ImageObject","inLanguage":"pt-BR","@id":"https:\/\/www.suno.com.br\/noticias\/#\/schema\/person\/image\/","url":"https:\/\/secure.gravatar.com\/avatar\/783866b933198f5cc4c5d03fcc8b1301?s=96&r=g","contentUrl":"https:\/\/secure.gravatar.com\/avatar\/783866b933198f5cc4c5d03fcc8b1301?s=96&r=g","caption":"Vinicius Pereira"},"description":"Vinicius Pereira foi rep\u00f3rter de economia da Folha de S.Paulo, stringer do jornal no Canad\u00e1 e colaborador de VEJA. J\u00e1 escreveu tamb\u00e9m para BBC Brasil, The Intercept Brasil e UOL. Tem MBA em Informa\u00e7\u00f5es Econ\u00f4mico-Financeiras e Mercado de Capitais pela FIA\/B3.","sameAs":["https:\/\/x.com\/https:\/\/twitter.com\/viniciuspjornal"],"url":"https:\/\/www.suno.com.br\/noticias\/author\/vinicius-pereira\/"}]}},"default_loop_html":"<div class=\"cardsPage__listCard__boxs\"><div class=\"cardsPage__listCard__boxs__img\"><a href=\"https:\/\/www.suno.com.br\/noticias\/home-office-tendencia\/\"><img class=\"mask\" src=\"https:\/\/www.suno.com.br\/noticias\/wp-content\/themes\/suno\/resources\/images\/spotlight\/spotlight1img\/bg-mask.png\" alt=\"Image Mask\"\/><img src=\"https:\/\/files.sunoresearch.com.br\/n\/uploads\/2019\/11\/b4d967cd-fundos-imobiliarios-400x200.webp\" alt=\"Home office: tend\u00eancia deve afetar setor de escrit\u00f3rios ap\u00f3s pandemia\"\/><\/a><span class=\"spotlightCategory\"><a href=\"https:\/\/www.suno.com.br\/noticias\/negocios\/\">Neg\u00f3cios<\/a><\/span><\/div><div class=\"cardsPage__listCard__boxs__content\"><a href=\"https:\/\/www.suno.com.br\/noticias\/home-office-tendencia\/\"><h2 class=\"content__title\">Home office: tend\u00eancia deve afetar setor de escrit\u00f3rios ap\u00f3s pandemia<\/h2><\/a><div class=\"newsContent__article__meta\"><div class=\"newsContent__article__meta__authorBox\"><a href=\"https:\/\/www.suno.com.br\/noticias\/author\/vinicius-pereira\/\" class=\"authorBox__avatar noMobi\"><img src=\"https:\/\/files.sunoresearch.com.br\/n\/uploads\/2020\/08\/77510613-whatsapp-image-2020-08-03-at-13.40.40-150x150.webp\" alt=\"Vinicius Pereira\"><\/a><div class=\"authorBox__name\"><span>por\n\t\t\t<a href=\"https:\/\/www.suno.com.br\/noticias\/author\/vinicius-pereira\/\"><span itemprop=\"author\">Vinicius Pereira<\/span><\/a><\/span><time datetime=\"2020-05-28T08:30:17-03:00\" itemprop=\"datePublished\">28\/05\/2020 08:30<\/time><\/div><\/div><\/div><\/div><\/div>","single_layout":"posts","amp_enabled":true,"_links":{"self":[{"href":"https:\/\/www.suno.com.br\/noticias\/wp-json\/wp\/v2\/posts\/66052"}],"collection":[{"href":"https:\/\/www.suno.com.br\/noticias\/wp-json\/wp\/v2\/posts"}],"about":[{"href":"https:\/\/www.suno.com.br\/noticias\/wp-json\/wp\/v2\/types\/post"}],"author":[{"embeddable":true,"href":"https:\/\/www.suno.com.br\/noticias\/wp-json\/wp\/v2\/users\/27"}],"replies":[{"embeddable":true,"href":"https:\/\/www.suno.com.br\/noticias\/wp-json\/wp\/v2\/comments?post=66052"}],"version-history":[{"count":0,"href":"https:\/\/www.suno.com.br\/noticias\/wp-json\/wp\/v2\/posts\/66052\/revisions"}],"wp:featuredmedia":[{"embeddable":true,"href":"https:\/\/www.suno.com.br\/noticias\/wp-json\/wp\/v2\/media\/45629"}],"wp:attachment":[{"href":"https:\/\/www.suno.com.br\/noticias\/wp-json\/wp\/v2\/media?parent=66052"}],"wp:term":[{"taxonomy":"category","embeddable":true,"href":"https:\/\/www.suno.com.br\/noticias\/wp-json\/wp\/v2\/categories?post=66052"},{"taxonomy":"post_tag","embeddable":true,"href":"https:\/\/www.suno.com.br\/noticias\/wp-json\/wp\/v2\/tags?post=66052"},{"taxonomy":"suno_strategy","embeddable":true,"href":"https:\/\/www.suno.com.br\/noticias\/wp-json\/wp\/v2\/suno_strategy?post=66052"}],"curies":[{"name":"wp","href":"https:\/\/api.w.org\/{rel}","templated":true}]}}